{"id":1007,"date":"2026-02-12T16:30:32","date_gmt":"2026-02-12T15:30:32","guid":{"rendered":"https:\/\/zastalowcy.pl\/?p=1007"},"modified":"2026-02-12T16:30:33","modified_gmt":"2026-02-12T15:30:33","slug":"zastal-przed-wyjazdem-do-dabrowy-gorniczej-kto-gotowy-kto-wciaz-w-niepewnosci","status":"publish","type":"post","link":"https:\/\/zastalowcy.pl\/?p=1007","title":{"rendered":"Zastal przed wyjazdem do D\u0105browy G\u00f3rniczej. Kto gotowy, kto wci\u0105\u017c w niepewno\u015bci?"},"content":{"rendered":"\n<p class=\"wp-block-paragraph\">Przed czwartkowym wyjazdowym spotkaniem 20. kolejki Orlen Basket Ligi z MKS-em D\u0105browa G\u00f3rnicza, trener ORLEN Zastalu Zielona G\u00f3ra, Arkadiusz Mi\u0142oszewski, podsumowa\u0142 sytuacj\u0119 kadrow\u0105 dru\u017cyny na media day\u2019u we wtorek 10 lutego. Zielonog\u00f3rzanie mierz\u0105 si\u0119 nie tylko z wymagaj\u0105cym rywalem, ale te\u017c z drobnymi problemami zdrowotnymi w zespole.<\/p>\n\n\n\n<p class=\"wp-block-paragraph\">Po grypie do trening\u00f3w wr\u00f3ci\u0142 Krzysztof Sulima, a Andy\u2019emu Mazurczakowi, kt\u00f3ry wcze\u015bniej zmaga\u0142 si\u0119 z urazem, lekarze dali zielone \u015bwiat\u0142o do pracy na parkiecie. \u2013 Andy zacz\u0105\u0142 normalnie trenowa\u0107. Wczoraj mia\u0142 badanie, \u017ceby wykluczy\u0107 powa\u017cniejsze kontuzje i wszystko jest w porz\u0105dku. Na treningu pracowa\u0142 ju\u017c w pe\u0142nym kontakcie, cho\u0107 prewencyjnie zszed\u0142 wcze\u015bniej, \u017ceby nie przeci\u0105\u017ca\u0107 plec\u00f3w \u2013 m\u00f3wi\u0142 trener Mi\u0142oszewski. Decyzja o jego wyst\u0119pie w meczu zapadnie dopiero w dniu spotkania, po treningu w D\u0105browie.<\/p>\n\n\n\n<p class=\"wp-block-paragraph\">Nieco trudniejsza jest sytuacja Filipa Matczaka. \u2013 Przeszed\u0142 wczoraj badanie rezonansem magnetycznym. To stara sprawa, kt\u00f3ra mu troch\u0119 dokucza\u0142a na pocz\u0105tku sezonu. Na mecz w D\u0105browie nie jest gotowy \u2013 wyja\u015bnia trener. Z kolei Patryk Cartier, kt\u00f3ry poczu\u0142 b\u00f3l w kr\u0119gos\u0142upie podczas ostatniego meczu w Gdyni, trenowa\u0142 ju\u017c z zespo\u0142em i zapewnia, \u017ce jest gotowy na gr\u0119.<\/p>\n\n\n\n<p class=\"wp-block-paragraph\">Zdaniem Mi\u0142oszewskiego najbli\u017cszy rywal prezentuje si\u0119 zupe\u0142nie inaczej ni\u017c w pierwszej rundzie. \u2013 D\u0105browa gra bardzo szybk\u0105 koszyk\u00f3wk\u0119 i chce zdobywa\u0107 punkty mo\u017cliwie jak najszybciej. Statystycznie to najlepiej zbieraj\u0105cy zesp\u00f3\u0142 w ataku w polskiej lidze, dlatego nasza praca na zbi\u00f3rce b\u0119dzie kluczowa \u2013 podkre\u015bla szkoleniowiec.<\/p>\n\n\n\n<p class=\"wp-block-paragraph\">Obrona b\u0119dzie kolejnym wyzwaniem \u2013 MKS stosuje agresywn\u0105 obron\u0119, podwaja rywali i intensywnie rotuje zawodnik\u00f3w. \u2013 To naprawd\u0119 ci\u0119\u017ckie zadanie. Patrz\u0105c na mecze z Anwilem czy Ostrowem, wida\u0107, \u017ce trzeba by\u0107 skoncentrowanym przez pe\u0142ne 40 minut \u2013 dodaje trener.<\/p>\n\n\n\n<p class=\"wp-block-paragraph\">Mimo drobnych problem\u00f3w zdrowotnych i niepewno\u015bci kadrowej, Zastal wyje\u017cd\u017ca do D\u0105browy z wiar\u0105 w ci\u0119\u017ck\u0105 prac\u0119 i zespo\u0142ow\u0105 konsekwencj\u0119. Jak podkre\u015bla trener \u2013 pomimo przeciwno\u015bci, dru\u017cyna jest gotowa do mocnej walki.<\/p>\n\n\n\n<p class=\"wp-block-paragraph\">\ud83c\udfc0 Zastalowcy.pl \u2013 o Zastalu od kibic\u00f3w \u2013 dla kibic\u00f3w<\/p>\n","protected":false},"excerpt":{"rendered":"<p>Przed czwartkowym wyjazdowym spotkaniem 20. kolejki Orlen Basket Ligi z MKS-em D\u0105browa G\u00f3rnicza, trener ORLEN Zastalu Zielona G\u00f3ra,<\/p>\n","protected":false},"author":3,"featured_media":1009,"comment_status":"open","ping_status":"open","sticky":false,"template":"","format":"standard","meta":{"om_disable_all_campaigns":false,"footnotes":""},"categories":[18,9,8],"tags":[17,26,15,65,66,13,129,12,14,42,11,10,16],"class_list":["post-1007","post","type-post","status-publish","format-standard","has-post-thumbnail","hentry","category-aktualnosci","category-sezon-2025-2026","category-wiadomosci-z-klubu","tag-basketzg","tag-druzyna","tag-koszykowka","tag-obl","tag-orlen-basket-liga","tag-orlen-zastal-zielona-gora","tag-plkpl","tag-zastal","tag-zastal-zielona-gora","tag-zastalowcy","tag-zielona-gora","tag-zielonagora","tag-zielonogorska-koszykowka"],"aioseo_notices":[],"aioseo_head":"\n\t\t<!-- All in One SEO 5.0.0.1 - aioseo.com -->\n\t<meta name=\"description\" content=\"Przed czwartkowym wyjazdowym spotkaniem 20. kolejki Orlen Basket Ligi z MKS-em D\u0105browa G\u00f3rnicza, trener ORLEN Zastalu Zielona G\u00f3ra, Arkadiusz Mi\u0142oszewski, podsumowa\u0142 sytuacj\u0119 kadrow\u0105 dru\u017cyny na media day\u2019u we wtorek 10 lutego. Zielonog\u00f3rzanie mierz\u0105 si\u0119 nie tylko z wymagaj\u0105cym rywalem, ale te\u017c z drobnymi problemami zdrowotnymi w zespole. Po grypie do trening\u00f3w wr\u00f3ci\u0142 Krzysztof Sulima, a\" \/>\n\t<meta name=\"robots\" content=\"max-image-preview:large\" \/>\n\t<meta name=\"author\" content=\"Joanna Nawlicka\"\/>\n\t<link rel=\"canonical\" href=\"https:\/\/zastalowcy.pl\/?p=1007\" \/>\n\t<meta name=\"generator\" content=\"All in One SEO (AIOSEO) 5.0.0.1\" \/>\n\t\t<meta property=\"og:locale\" content=\"pl_PL\" \/>\n\t\t<meta property=\"og:site_name\" content=\"- O Zastalu od kibic\u00f3w \u2013 dla kibic\u00f3w\" \/>\n\t\t<meta property=\"og:type\" content=\"article\" \/>\n\t\t<meta property=\"og:title\" content=\"Zastal przed wyjazdem do D\u0105browy G\u00f3rniczej. Kto gotowy, kto wci\u0105\u017c w niepewno\u015bci? -\" \/>\n\t\t<meta property=\"og:description\" content=\"Przed czwartkowym wyjazdowym spotkaniem 20. kolejki Orlen Basket Ligi z MKS-em D\u0105browa G\u00f3rnicza, trener ORLEN Zastalu Zielona G\u00f3ra, Arkadiusz Mi\u0142oszewski, podsumowa\u0142 sytuacj\u0119 kadrow\u0105 dru\u017cyny na media day\u2019u we wtorek 10 lutego. Zielonog\u00f3rzanie mierz\u0105 si\u0119 nie tylko z wymagaj\u0105cym rywalem, ale te\u017c z drobnymi problemami zdrowotnymi w zespole. Po grypie do trening\u00f3w wr\u00f3ci\u0142 Krzysztof Sulima, a\" \/>\n\t\t<meta property=\"og:url\" content=\"https:\/\/zastalowcy.pl\/?p=1007\" \/>\n\t\t<meta property=\"og:image\" content=\"https:\/\/zastalowcy.pl\/wp-content\/uploads\/2025\/09\/cropped-logo-strony-2.png\" \/>\n\t\t<meta property=\"og:image:secure_url\" content=\"https:\/\/zastalowcy.pl\/wp-content\/uploads\/2025\/09\/cropped-logo-strony-2.png\" \/>\n\t\t<meta property=\"og:image:width\" content=\"1862\" \/>\n\t\t<meta property=\"og:image:height\" content=\"384\" \/>\n\t\t<meta property=\"article:published_time\" content=\"2026-02-12T15:30:32+00:00\" \/>\n\t\t<meta property=\"article:modified_time\" content=\"2026-02-12T15:30:33+00:00\" \/>\n\t\t<meta name=\"twitter:card\" content=\"summary_large_image\" \/>\n\t\t<meta name=\"twitter:title\" content=\"Zastal przed wyjazdem do D\u0105browy G\u00f3rniczej. Kto gotowy, kto wci\u0105\u017c w niepewno\u015bci? -\" \/>\n\t\t<meta name=\"twitter:description\" content=\"Przed czwartkowym wyjazdowym spotkaniem 20. kolejki Orlen Basket Ligi z MKS-em D\u0105browa G\u00f3rnicza, trener ORLEN Zastalu Zielona G\u00f3ra, Arkadiusz Mi\u0142oszewski, podsumowa\u0142 sytuacj\u0119 kadrow\u0105 dru\u017cyny na media day\u2019u we wtorek 10 lutego. Zielonog\u00f3rzanie mierz\u0105 si\u0119 nie tylko z wymagaj\u0105cym rywalem, ale te\u017c z drobnymi problemami zdrowotnymi w zespole. Po grypie do trening\u00f3w wr\u00f3ci\u0142 Krzysztof Sulima, a\" \/>\n\t\t<meta name=\"twitter:image\" content=\"https:\/\/zastalowcy.pl\/wp-content\/uploads\/2025\/09\/cropped-logo-strony-2.png\" \/>\n\t\t<script type=\"application\/ld+json\" class=\"aioseo-schema\">\n\t\t\t{\"@context\":\"https:\\\/\\\/schema.org\",\"@graph\":[{\"@type\":\"BlogPosting\",\"@id\":\"https:\\\/\\\/zastalowcy.pl\\\/?p=1007#blogposting\",\"name\":\"Zastal przed wyjazdem do D\\u0105browy G\\u00f3rniczej. Kto gotowy, kto wci\\u0105\\u017c w niepewno\\u015bci? -\",\"headline\":\"Zastal przed wyjazdem do D\\u0105browy G\\u00f3rniczej. Kto gotowy, kto wci\\u0105\\u017c w niepewno\\u015bci?\",\"author\":{\"@id\":\"https:\\\/\\\/zastalowcy.pl\\\/?author=3#author\"},\"publisher\":{\"@id\":\"https:\\\/\\\/zastalowcy.pl\\\/#organization\"},\"image\":{\"@type\":\"ImageObject\",\"url\":\"https:\\\/\\\/zastalowcy.pl\\\/wp-content\\\/uploads\\\/2026\\\/02\\\/profilowe-17.png\",\"width\":2048,\"height\":2048},\"datePublished\":\"2026-02-12T16:30:32+01:00\",\"dateModified\":\"2026-02-12T16:30:33+01:00\",\"inLanguage\":\"pl-PL\",\"mainEntityOfPage\":{\"@id\":\"https:\\\/\\\/zastalowcy.pl\\\/?p=1007#webpage\"},\"isPartOf\":{\"@id\":\"https:\\\/\\\/zastalowcy.pl\\\/?p=1007#webpage\"},\"articleSection\":\"Aktualno\\u015bci, Sezon 2025\\\/2026, Wiadomo\\u015bci z klubu, basketzg, dru\\u017cyna, koszyk\\u00f3wka, obl, Orlen Basket Liga, orlen zastal zielona g\\u00f3ra, plkpl, zastal, zastal zielona g\\u00f3ra, zastalowcy, zielona g\\u00f3ra, zielonagora, zielonog\\u00f3rska koszyk\\u00f3wka\"},{\"@type\":\"BreadcrumbList\",\"@id\":\"https:\\\/\\\/zastalowcy.pl\\\/?p=1007#breadcrumblist\",\"itemListElement\":[{\"@type\":\"ListItem\",\"@id\":\"https:\\\/\\\/zastalowcy.pl#listItem\",\"position\":1,\"name\":\"Home\",\"item\":\"https:\\\/\\\/zastalowcy.pl\",\"nextItem\":{\"@type\":\"ListItem\",\"@id\":\"https:\\\/\\\/zastalowcy.pl\\\/?cat=8#listItem\",\"name\":\"Wiadomo\\u015bci z klubu\"}},{\"@type\":\"ListItem\",\"@id\":\"https:\\\/\\\/zastalowcy.pl\\\/?cat=8#listItem\",\"position\":2,\"name\":\"Wiadomo\\u015bci z klubu\",\"item\":\"https:\\\/\\\/zastalowcy.pl\\\/?cat=8\",\"nextItem\":{\"@type\":\"ListItem\",\"@id\":\"https:\\\/\\\/zastalowcy.pl\\\/?p=1007#listItem\",\"name\":\"Zastal przed wyjazdem do D\\u0105browy G\\u00f3rniczej. Kto gotowy, kto wci\\u0105\\u017c w niepewno\\u015bci?\"},\"previousItem\":{\"@type\":\"ListItem\",\"@id\":\"https:\\\/\\\/zastalowcy.pl#listItem\",\"name\":\"Home\"}},{\"@type\":\"ListItem\",\"@id\":\"https:\\\/\\\/zastalowcy.pl\\\/?p=1007#listItem\",\"position\":3,\"name\":\"Zastal przed wyjazdem do D\\u0105browy G\\u00f3rniczej. Kto gotowy, kto wci\\u0105\\u017c w niepewno\\u015bci?\",\"previousItem\":{\"@type\":\"ListItem\",\"@id\":\"https:\\\/\\\/zastalowcy.pl\\\/?cat=8#listItem\",\"name\":\"Wiadomo\\u015bci z klubu\"}}]},{\"@type\":\"Organization\",\"@id\":\"https:\\\/\\\/zastalowcy.pl\\\/#organization\",\"description\":\"O Zastalu od kibic\\u00f3w \\u2013 dla kibic\\u00f3w\",\"url\":\"https:\\\/\\\/zastalowcy.pl\\\/\",\"logo\":{\"@type\":\"ImageObject\",\"url\":\"https:\\\/\\\/zastalowcy.pl\\\/wp-content\\\/uploads\\\/2025\\\/09\\\/cropped-logo-strony-2.png\",\"@id\":\"https:\\\/\\\/zastalowcy.pl\\\/?p=1007\\\/#organizationLogo\",\"width\":1862,\"height\":384},\"image\":{\"@id\":\"https:\\\/\\\/zastalowcy.pl\\\/?p=1007\\\/#organizationLogo\"}},{\"@type\":\"Person\",\"@id\":\"https:\\\/\\\/zastalowcy.pl\\\/?author=3#author\",\"url\":\"https:\\\/\\\/zastalowcy.pl\\\/?author=3\",\"name\":\"Joanna Nawlicka\",\"image\":{\"@type\":\"ImageObject\",\"@id\":\"https:\\\/\\\/zastalowcy.pl\\\/?p=1007#authorImage\",\"url\":\"https:\\\/\\\/secure.gravatar.com\\\/avatar\\\/66fc557d97536ff5096b6295970275631b7a4673997738477642001957f5274c?s=96&d=mm&r=g\",\"width\":96,\"height\":96,\"caption\":\"Joanna Nawlicka\"}},{\"@type\":\"WebPage\",\"@id\":\"https:\\\/\\\/zastalowcy.pl\\\/?p=1007#webpage\",\"url\":\"https:\\\/\\\/zastalowcy.pl\\\/?p=1007\",\"name\":\"Zastal przed wyjazdem do D\\u0105browy G\\u00f3rniczej. Kto gotowy, kto wci\\u0105\\u017c w niepewno\\u015bci? -\",\"description\":\"Przed czwartkowym wyjazdowym spotkaniem 20. kolejki Orlen Basket Ligi z MKS-em D\\u0105browa G\\u00f3rnicza, trener ORLEN Zastalu Zielona G\\u00f3ra, Arkadiusz Mi\\u0142oszewski, podsumowa\\u0142 sytuacj\\u0119 kadrow\\u0105 dru\\u017cyny na media day\\u2019u we wtorek 10 lutego. Zielonog\\u00f3rzanie mierz\\u0105 si\\u0119 nie tylko z wymagaj\\u0105cym rywalem, ale te\\u017c z drobnymi problemami zdrowotnymi w zespole. Po grypie do trening\\u00f3w wr\\u00f3ci\\u0142 Krzysztof Sulima, a\",\"inLanguage\":\"pl-PL\",\"isPartOf\":{\"@id\":\"https:\\\/\\\/zastalowcy.pl\\\/#website\"},\"breadcrumb\":{\"@id\":\"https:\\\/\\\/zastalowcy.pl\\\/?p=1007#breadcrumblist\"},\"author\":{\"@id\":\"https:\\\/\\\/zastalowcy.pl\\\/?author=3#author\"},\"creator\":{\"@id\":\"https:\\\/\\\/zastalowcy.pl\\\/?author=3#author\"},\"image\":{\"@type\":\"ImageObject\",\"url\":\"https:\\\/\\\/zastalowcy.pl\\\/wp-content\\\/uploads\\\/2026\\\/02\\\/profilowe-17.png\",\"@id\":\"https:\\\/\\\/zastalowcy.pl\\\/?p=1007\\\/#mainImage\",\"width\":2048,\"height\":2048},\"primaryImageOfPage\":{\"@id\":\"https:\\\/\\\/zastalowcy.pl\\\/?p=1007#mainImage\"},\"datePublished\":\"2026-02-12T16:30:32+01:00\",\"dateModified\":\"2026-02-12T16:30:33+01:00\"},{\"@type\":\"WebSite\",\"@id\":\"https:\\\/\\\/zastalowcy.pl\\\/#website\",\"url\":\"https:\\\/\\\/zastalowcy.pl\\\/\",\"description\":\"O Zastalu od kibic\\u00f3w \\u2013 dla kibic\\u00f3w\",\"inLanguage\":\"pl-PL\",\"publisher\":{\"@id\":\"https:\\\/\\\/zastalowcy.pl\\\/#organization\"}}]}\n\t\t<\/script>\n\t\t<!-- All in One SEO -->\n\n","aioseo_head_json":{"title":"Zastal przed wyjazdem do D\u0105browy G\u00f3rniczej. Kto gotowy, kto wci\u0105\u017c w niepewno\u015bci? -","description":"Przed czwartkowym wyjazdowym spotkaniem 20. kolejki Orlen Basket Ligi z MKS-em D\u0105browa G\u00f3rnicza, trener ORLEN Zastalu Zielona G\u00f3ra, Arkadiusz Mi\u0142oszewski, podsumowa\u0142 sytuacj\u0119 kadrow\u0105 dru\u017cyny na media day\u2019u we wtorek 10 lutego. Zielonog\u00f3rzanie mierz\u0105 si\u0119 nie tylko z wymagaj\u0105cym rywalem, ale te\u017c z drobnymi problemami zdrowotnymi w zespole. Po grypie do trening\u00f3w wr\u00f3ci\u0142 Krzysztof Sulima, a","canonical_url":"https:\/\/zastalowcy.pl\/?p=1007","robots":"max-image-preview:large","keywords":"","webmasterTools":{"miscellaneous":""},"schema":{"@context":"https:\/\/schema.org","@graph":[{"@type":"BlogPosting","@id":"https:\/\/zastalowcy.pl\/?p=1007#blogposting","name":"Zastal przed wyjazdem do D\u0105browy G\u00f3rniczej. Kto gotowy, kto wci\u0105\u017c w niepewno\u015bci? -","headline":"Zastal przed wyjazdem do D\u0105browy G\u00f3rniczej. Kto gotowy, kto wci\u0105\u017c w niepewno\u015bci?","author":{"@id":"https:\/\/zastalowcy.pl\/?author=3#author"},"publisher":{"@id":"https:\/\/zastalowcy.pl\/#organization"},"image":{"@type":"ImageObject","url":"https:\/\/zastalowcy.pl\/wp-content\/uploads\/2026\/02\/profilowe-17.png","width":2048,"height":2048},"datePublished":"2026-02-12T16:30:32+01:00","dateModified":"2026-02-12T16:30:33+01:00","inLanguage":"pl-PL","mainEntityOfPage":{"@id":"https:\/\/zastalowcy.pl\/?p=1007#webpage"},"isPartOf":{"@id":"https:\/\/zastalowcy.pl\/?p=1007#webpage"},"articleSection":"Aktualno\u015bci, Sezon 2025\/2026, Wiadomo\u015bci z klubu, basketzg, dru\u017cyna, koszyk\u00f3wka, obl, Orlen Basket Liga, orlen zastal zielona g\u00f3ra, plkpl, zastal, zastal zielona g\u00f3ra, zastalowcy, zielona g\u00f3ra, zielonagora, zielonog\u00f3rska koszyk\u00f3wka"},{"@type":"BreadcrumbList","@id":"https:\/\/zastalowcy.pl\/?p=1007#breadcrumblist","itemListElement":[{"@type":"ListItem","@id":"https:\/\/zastalowcy.pl#listItem","position":1,"name":"Home","item":"https:\/\/zastalowcy.pl","nextItem":{"@type":"ListItem","@id":"https:\/\/zastalowcy.pl\/?cat=8#listItem","name":"Wiadomo\u015bci z klubu"}},{"@type":"ListItem","@id":"https:\/\/zastalowcy.pl\/?cat=8#listItem","position":2,"name":"Wiadomo\u015bci z klubu","item":"https:\/\/zastalowcy.pl\/?cat=8","nextItem":{"@type":"ListItem","@id":"https:\/\/zastalowcy.pl\/?p=1007#listItem","name":"Zastal przed wyjazdem do D\u0105browy G\u00f3rniczej. Kto gotowy, kto wci\u0105\u017c w niepewno\u015bci?"},"previousItem":{"@type":"ListItem","@id":"https:\/\/zastalowcy.pl#listItem","name":"Home"}},{"@type":"ListItem","@id":"https:\/\/zastalowcy.pl\/?p=1007#listItem","position":3,"name":"Zastal przed wyjazdem do D\u0105browy G\u00f3rniczej. Kto gotowy, kto wci\u0105\u017c w niepewno\u015bci?","previousItem":{"@type":"ListItem","@id":"https:\/\/zastalowcy.pl\/?cat=8#listItem","name":"Wiadomo\u015bci z klubu"}}]},{"@type":"Organization","@id":"https:\/\/zastalowcy.pl\/#organization","description":"O Zastalu od kibic\u00f3w \u2013 dla kibic\u00f3w","url":"https:\/\/zastalowcy.pl\/","logo":{"@type":"ImageObject","url":"https:\/\/zastalowcy.pl\/wp-content\/uploads\/2025\/09\/cropped-logo-strony-2.png","@id":"https:\/\/zastalowcy.pl\/?p=1007\/#organizationLogo","width":1862,"height":384},"image":{"@id":"https:\/\/zastalowcy.pl\/?p=1007\/#organizationLogo"}},{"@type":"Person","@id":"https:\/\/zastalowcy.pl\/?author=3#author","url":"https:\/\/zastalowcy.pl\/?author=3","name":"Joanna Nawlicka","image":{"@type":"ImageObject","@id":"https:\/\/zastalowcy.pl\/?p=1007#authorImage","url":"https:\/\/secure.gravatar.com\/avatar\/66fc557d97536ff5096b6295970275631b7a4673997738477642001957f5274c?s=96&d=mm&r=g","width":96,"height":96,"caption":"Joanna Nawlicka"}},{"@type":"WebPage","@id":"https:\/\/zastalowcy.pl\/?p=1007#webpage","url":"https:\/\/zastalowcy.pl\/?p=1007","name":"Zastal przed wyjazdem do D\u0105browy G\u00f3rniczej. Kto gotowy, kto wci\u0105\u017c w niepewno\u015bci? -","description":"Przed czwartkowym wyjazdowym spotkaniem 20. kolejki Orlen Basket Ligi z MKS-em D\u0105browa G\u00f3rnicza, trener ORLEN Zastalu Zielona G\u00f3ra, Arkadiusz Mi\u0142oszewski, podsumowa\u0142 sytuacj\u0119 kadrow\u0105 dru\u017cyny na media day\u2019u we wtorek 10 lutego. Zielonog\u00f3rzanie mierz\u0105 si\u0119 nie tylko z wymagaj\u0105cym rywalem, ale te\u017c z drobnymi problemami zdrowotnymi w zespole. Po grypie do trening\u00f3w wr\u00f3ci\u0142 Krzysztof Sulima, a","inLanguage":"pl-PL","isPartOf":{"@id":"https:\/\/zastalowcy.pl\/#website"},"breadcrumb":{"@id":"https:\/\/zastalowcy.pl\/?p=1007#breadcrumblist"},"author":{"@id":"https:\/\/zastalowcy.pl\/?author=3#author"},"creator":{"@id":"https:\/\/zastalowcy.pl\/?author=3#author"},"image":{"@type":"ImageObject","url":"https:\/\/zastalowcy.pl\/wp-content\/uploads\/2026\/02\/profilowe-17.png","@id":"https:\/\/zastalowcy.pl\/?p=1007\/#mainImage","width":2048,"height":2048},"primaryImageOfPage":{"@id":"https:\/\/zastalowcy.pl\/?p=1007#mainImage"},"datePublished":"2026-02-12T16:30:32+01:00","dateModified":"2026-02-12T16:30:33+01:00"},{"@type":"WebSite","@id":"https:\/\/zastalowcy.pl\/#website","url":"https:\/\/zastalowcy.pl\/","description":"O Zastalu od kibic\u00f3w \u2013 dla kibic\u00f3w","inLanguage":"pl-PL","publisher":{"@id":"https:\/\/zastalowcy.pl\/#organization"}}]},"og:locale":"pl_PL","og:site_name":"- O Zastalu od kibic\u00f3w \u2013 dla kibic\u00f3w","og:type":"article","og:title":"Zastal przed wyjazdem do D\u0105browy G\u00f3rniczej. Kto gotowy, kto wci\u0105\u017c w niepewno\u015bci? -","og:description":"Przed czwartkowym wyjazdowym spotkaniem 20. kolejki Orlen Basket Ligi z MKS-em D\u0105browa G\u00f3rnicza, trener ORLEN Zastalu Zielona G\u00f3ra, Arkadiusz Mi\u0142oszewski, podsumowa\u0142 sytuacj\u0119 kadrow\u0105 dru\u017cyny na media day\u2019u we wtorek 10 lutego. Zielonog\u00f3rzanie mierz\u0105 si\u0119 nie tylko z wymagaj\u0105cym rywalem, ale te\u017c z drobnymi problemami zdrowotnymi w zespole. Po grypie do trening\u00f3w wr\u00f3ci\u0142 Krzysztof Sulima, a","og:url":"https:\/\/zastalowcy.pl\/?p=1007","og:image":"https:\/\/zastalowcy.pl\/wp-content\/uploads\/2025\/09\/cropped-logo-strony-2.png","og:image:secure_url":"https:\/\/zastalowcy.pl\/wp-content\/uploads\/2025\/09\/cropped-logo-strony-2.png","og:image:width":1862,"og:image:height":384,"article:published_time":"2026-02-12T15:30:32+00:00","article:modified_time":"2026-02-12T15:30:33+00:00","twitter:card":"summary_large_image","twitter:title":"Zastal przed wyjazdem do D\u0105browy G\u00f3rniczej. Kto gotowy, kto wci\u0105\u017c w niepewno\u015bci? -","twitter:description":"Przed czwartkowym wyjazdowym spotkaniem 20. kolejki Orlen Basket Ligi z MKS-em D\u0105browa G\u00f3rnicza, trener ORLEN Zastalu Zielona G\u00f3ra, Arkadiusz Mi\u0142oszewski, podsumowa\u0142 sytuacj\u0119 kadrow\u0105 dru\u017cyny na media day\u2019u we wtorek 10 lutego. Zielonog\u00f3rzanie mierz\u0105 si\u0119 nie tylko z wymagaj\u0105cym rywalem, ale te\u017c z drobnymi problemami zdrowotnymi w zespole. Po grypie do trening\u00f3w wr\u00f3ci\u0142 Krzysztof Sulima, a","twitter:image":"https:\/\/zastalowcy.pl\/wp-content\/uploads\/2025\/09\/cropped-logo-strony-2.png"},"aioseo_meta_data":{"post_id":"1007","title":null,"description":null,"keywords":null,"keyphrases":null,"primary_term":null,"canonical_url":null,"og_title":null,"og_description":null,"og_object_type":"default","og_image_type":"default","og_image_custom_url":null,"og_image_custom_fields":null,"og_image_url":null,"og_image_width":null,"og_image_height":null,"og_video":null,"og_custom_url":null,"og_article_section":null,"og_article_tags":null,"twitter_use_og":false,"twitter_card":"default","twitter_image_type":"default","twitter_image_custom_url":null,"twitter_image_custom_fields":null,"twitter_image_url":null,"twitter_title":null,"twitter_description":null,"schema_type":"default","schema_type_options":null,"schema":{"blockGraphs":[],"customGraphs":[],"default":{"data":{"Article":[],"Course":[],"Dataset":[],"FAQPage":[],"Movie":[],"Person":[],"Product":[],"ProductReview":[],"Car":[],"Recipe":[],"Service":[],"SoftwareApplication":[],"WebPage":[]},"graphName":"","isEnabled":true},"graphs":[]},"pillar_content":false,"robots_default":true,"robots_noindex":false,"robots_noarchive":false,"robots_nosnippet":false,"robots_nofollow":false,"robots_noimageindex":false,"robots_noodp":false,"robots_notranslate":false,"robots_max_snippet":null,"robots_max_videopreview":null,"robots_max_imagepreview":"large","priority":null,"frequency":null,"local_seo":null,"limit_modified_date":false,"ai":null,"breadcrumb_settings":null,"seo_analyzer_scan_date":null,"created":"2026-07-15 16:57:18","updated":"2026-07-15 16:57:18","focus_keyword":null,"additional_keywords":null,"truseo_locale":null},"aioseo_breadcrumb":"<div class=\"aioseo-breadcrumbs\"><span class=\"aioseo-breadcrumb\">\n\t\t\t<a href=\"https:\/\/zastalowcy.pl\" title=\"Home\">Home<\/a>\n\t\t<\/span><span class=\"aioseo-breadcrumb-separator\">&raquo;<\/span><span class=\"aioseo-breadcrumb\">\n\t\t\t<a href=\"https:\/\/zastalowcy.pl\/?cat=8\" title=\"Wiadomo\u015bci z klubu\">Wiadomo\u015bci z klubu<\/a>\n\t\t<\/span><span class=\"aioseo-breadcrumb-separator\">&raquo;<\/span><span class=\"aioseo-breadcrumb\">\n\t\t\tZastal przed wyjazdem do D\u0105browy G\u00f3rniczej. Kto gotowy, kto wci\u0105\u017c w niepewno\u015bci?\n\t\t<\/span><\/div>","aioseo_breadcrumb_json":[{"label":"Home","link":"https:\/\/zastalowcy.pl"},{"label":"Wiadomo\u015bci z klubu","link":"https:\/\/zastalowcy.pl\/?cat=8"},{"label":"Zastal przed wyjazdem do D\u0105browy G\u00f3rniczej. Kto gotowy, kto wci\u0105\u017c w niepewno\u015bci?","link":"https:\/\/zastalowcy.pl\/?p=1007"}],"_links":{"self":[{"href":"https:\/\/zastalowcy.pl\/index.php?rest_route=\/wp\/v2\/posts\/1007","targetHints":{"allow":["GET"]}}],"collection":[{"href":"https:\/\/zastalowcy.pl\/index.php?rest_route=\/wp\/v2\/posts"}],"about":[{"href":"https:\/\/zastalowcy.pl\/index.php?rest_route=\/wp\/v2\/types\/post"}],"author":[{"embeddable":true,"href":"https:\/\/zastalowcy.pl\/index.php?rest_route=\/wp\/v2\/users\/3"}],"replies":[{"embeddable":true,"href":"https:\/\/zastalowcy.pl\/index.php?rest_route=%2Fwp%2Fv2%2Fcomments&post=1007"}],"version-history":[{"count":2,"href":"https:\/\/zastalowcy.pl\/index.php?rest_route=\/wp\/v2\/posts\/1007\/revisions"}],"predecessor-version":[{"id":1010,"href":"https:\/\/zastalowcy.pl\/index.php?rest_route=\/wp\/v2\/posts\/1007\/revisions\/1010"}],"wp:featuredmedia":[{"embeddable":true,"href":"https:\/\/zastalowcy.pl\/index.php?rest_route=\/wp\/v2\/media\/1009"}],"wp:attachment":[{"href":"https:\/\/zastalowcy.pl\/index.php?rest_route=%2Fwp%2Fv2%2Fmedia&parent=1007"}],"wp:term":[{"taxonomy":"category","embeddable":true,"href":"https:\/\/zastalowcy.pl\/index.php?rest_route=%2Fwp%2Fv2%2Fcategories&post=1007"},{"taxonomy":"post_tag","embeddable":true,"href":"https:\/\/zastalowcy.pl\/index.php?rest_route=%2Fwp%2Fv2%2Ftags&post=1007"}],"curies":[{"name":"wp","href":"https:\/\/api.w.org\/{rel}","templated":true}]}}