{"id":102,"date":"2025-06-27T21:55:06","date_gmt":"2025-06-27T19:55:06","guid":{"rendered":"https:\/\/zastalowcy.pl\/?p=102"},"modified":"2025-06-30T10:28:34","modified_gmt":"2025-06-30T08:28:34","slug":"michal-pluta-zegna-zielona-gore","status":"publish","type":"post","link":"https:\/\/zastalowcy.pl\/?p=102","title":{"rendered":"Micha\u0142 Pluta \u017cegna Zielon\u0105 G\u00f3r\u0119"},"content":{"rendered":"\n<p class=\"wp-block-paragraph\"><strong>Micha\u0142 Pluta nie b\u0119dzie ju\u017c reprezentowa\u0142 barw Orlen Zastalu Zielona G\u00f3ra. Po sezonie pe\u0142nym walki zawodnik opuszcza nasz\u0105 ekip\u0119. Micha\u0142 \u2013 dzi\u0119kujemy za wszystko i \u017cyczymy powodzenia na dalszej drodze kariery!<\/strong><\/p>\n\n\n\n<p class=\"wp-block-paragraph\">Pluta powr\u00f3ci\u0142 do Zielonej G\u00f3ry w lipcu 2024 roku po p\u00f3\u0142rocznej przerwie z klubem, kt\u00f3r\u0105 sp\u0119dzi\u0142 w barwach Enea Abramczyk Astorii Bydgoszcz. Do Zastalu trafi\u0142 z jasnym celem \u2013 odbudowa\u0107 swoj\u0105 pozycj\u0119 i da\u0107 zespo\u0142owi energi\u0119 z \u0142awki. 22-latek zwi\u0105za\u0142 si\u0119 z klubem dwuletni\u0105 umow\u0105, a jego deklaracje m\u00f3wi\u0142y wprost: chce udowodni\u0107, \u017ce zas\u0142uguje na minuty na parkiecie.<\/p>\n\n\n\n<h3 class=\"wp-block-heading\">Statystyki nie zawsze m\u00f3wi\u0105 wszystko<\/h3>\n\n\n\n<p class=\"wp-block-paragraph\">W sezonie 2024\/2025 Pluta rozegra\u0142 5 spotka\u0144, sp\u0119dzaj\u0105c na boisku \u015brednio niespe\u0142na 4,5 minuty. Notowa\u0142 w tym czasie 2 punkty na mecz, trafiaj\u0105c 37,5% rzut\u00f3w z gry i 50% rzut\u00f3w wolnych. Eval na poziomie +0.6 nie oddaje w pe\u0142ni jego wp\u0142ywu na dru\u017cyn\u0119 \u2013 bo cho\u0107 liczby s\u0105 skromne, Pluta dawa\u0142 z siebie wszystko, kiedy tylko pojawia\u0142 si\u0119 na parkiecie.<\/p>\n\n\n\n<p class=\"wp-block-paragraph\">Dla por\u00f3wnania, sezon wcze\u015bniej \u2013 2023\/2024 \u2013 rozegra\u0142 4 mecze, zdobywaj\u0105c \u015brednio 5,8 punktu w 11 minut gry (Eval +5.3). Jego najbardziej aktywny okres przypad\u0142 jednak na rozgrywki 2022\/2023, kiedy pojawi\u0142 si\u0119 na parkiecie w 14 meczach, notuj\u0105c \u015brednio 2,6 punktu, 0,9 zbi\u00f3rki i 1,2 asysty przy Eval +2.9.<\/p>\n\n\n\n<h3 class=\"wp-block-heading\">Czas na nowy rozdzia\u0142<\/h3>\n\n\n\n<p class=\"wp-block-paragraph\">Zielona G\u00f3ra by\u0142a dla Micha\u0142a Pluty nie tylko miejscem do grania. Przez te lata by\u0142 cz\u0119\u015bci\u0105 dru\u017cyny w r\u00f3\u017cnych uk\u0142adach personalnych i trenerskich, do\u015bwiadczaj\u0105c zar\u00f3wno wzlot\u00f3w, jak i trudniejszych moment\u00f3w.<\/p>\n\n\n\n<p class=\"wp-block-paragraph\"><strong>Dzi\u0119kujemy, Micha\u0142, za ka\u017cdy trening, ka\u017cdy rzut, ka\u017cd\u0105 sekund\u0119 gry w zielono-bia\u0142ych barwach.<\/strong><br>Trzymamy kciuki za Twoj\u0105 dalsz\u0105 drog\u0119. Do zobaczenia na parkiecie \u2013 mo\u017ce jako rywale, ale zawsze z szacunkiem!<\/p>\n\n\n\n<p class=\"wp-block-paragraph\">\ud83c\udfc0 Zastalowcy.pl \u2013 o Zastalu od kibic\u00f3w \u2013 dla kibic\u00f3w<\/p>\n","protected":false},"excerpt":{"rendered":"<p>Micha\u0142 Pluta nie b\u0119dzie ju\u017c reprezentowa\u0142 barw Orlen Zastalu Zielona G\u00f3ra. Po sezonie pe\u0142nym walki zawodnik opuszcza nasz\u0105<\/p>\n","protected":false},"author":3,"featured_media":103,"comment_status":"open","ping_status":"open","sticky":false,"template":"","format":"standard","meta":{"om_disable_all_campaigns":false,"footnotes":""},"categories":[18],"tags":[17,26,15,38,13,12,14,11,10,16],"class_list":["post-102","post","type-post","status-publish","format-standard","has-post-thumbnail","hentry","category-aktualnosci","tag-basketzg","tag-druzyna","tag-koszykowka","tag-michal-pluta","tag-orlen-zastal-zielona-gora","tag-zastal","tag-zastal-zielona-gora","tag-zielona-gora","tag-zielonagora","tag-zielonogorska-koszykowka"],"aioseo_notices":[],"aioseo_head":"\n\t\t<!-- All in One SEO 5.0.0.1 - aioseo.com -->\n\t<meta name=\"description\" content=\"Micha\u0142 Pluta nie b\u0119dzie ju\u017c reprezentowa\u0142 barw Orlen Zastalu Zielona G\u00f3ra. Po sezonie pe\u0142nym walki zawodnik opuszcza nasz\u0105 ekip\u0119. Micha\u0142 \u2013 dzi\u0119kujemy za wszystko i \u017cyczymy powodzenia na dalszej drodze kariery! Pluta powr\u00f3ci\u0142 do Zielonej G\u00f3ry w lipcu 2024 roku po p\u00f3\u0142rocznej przerwie z klubem, kt\u00f3r\u0105 sp\u0119dzi\u0142 w barwach Enea Abramczyk Astorii Bydgoszcz. Do Zastalu\" \/>\n\t<meta name=\"robots\" content=\"max-image-preview:large\" \/>\n\t<meta name=\"author\" content=\"Joanna Nawlicka\"\/>\n\t<link rel=\"canonical\" href=\"https:\/\/zastalowcy.pl\/?p=102\" \/>\n\t<meta name=\"generator\" content=\"All in One SEO (AIOSEO) 5.0.0.1\" \/>\n\t\t<meta property=\"og:locale\" content=\"pl_PL\" \/>\n\t\t<meta property=\"og:site_name\" content=\"- O Zastalu od kibic\u00f3w \u2013 dla kibic\u00f3w\" \/>\n\t\t<meta property=\"og:type\" content=\"article\" \/>\n\t\t<meta property=\"og:title\" content=\"Micha\u0142 Pluta \u017cegna Zielon\u0105 G\u00f3r\u0119 -\" \/>\n\t\t<meta property=\"og:description\" content=\"Micha\u0142 Pluta nie b\u0119dzie ju\u017c reprezentowa\u0142 barw Orlen Zastalu Zielona G\u00f3ra. Po sezonie pe\u0142nym walki zawodnik opuszcza nasz\u0105 ekip\u0119. Micha\u0142 \u2013 dzi\u0119kujemy za wszystko i \u017cyczymy powodzenia na dalszej drodze kariery! Pluta powr\u00f3ci\u0142 do Zielonej G\u00f3ry w lipcu 2024 roku po p\u00f3\u0142rocznej przerwie z klubem, kt\u00f3r\u0105 sp\u0119dzi\u0142 w barwach Enea Abramczyk Astorii Bydgoszcz. Do Zastalu\" \/>\n\t\t<meta property=\"og:url\" content=\"https:\/\/zastalowcy.pl\/?p=102\" \/>\n\t\t<meta property=\"og:image\" content=\"https:\/\/zastalowcy.pl\/wp-content\/uploads\/2025\/09\/cropped-logo-strony-2.png\" \/>\n\t\t<meta property=\"og:image:secure_url\" content=\"https:\/\/zastalowcy.pl\/wp-content\/uploads\/2025\/09\/cropped-logo-strony-2.png\" \/>\n\t\t<meta property=\"og:image:width\" content=\"1862\" \/>\n\t\t<meta property=\"og:image:height\" content=\"384\" \/>\n\t\t<meta property=\"article:published_time\" content=\"2025-06-27T19:55:06+00:00\" \/>\n\t\t<meta property=\"article:modified_time\" content=\"2025-06-30T08:28:34+00:00\" \/>\n\t\t<meta name=\"twitter:card\" content=\"summary_large_image\" \/>\n\t\t<meta name=\"twitter:title\" content=\"Micha\u0142 Pluta \u017cegna Zielon\u0105 G\u00f3r\u0119 -\" \/>\n\t\t<meta name=\"twitter:description\" content=\"Micha\u0142 Pluta nie b\u0119dzie ju\u017c reprezentowa\u0142 barw Orlen Zastalu Zielona G\u00f3ra. Po sezonie pe\u0142nym walki zawodnik opuszcza nasz\u0105 ekip\u0119. Micha\u0142 \u2013 dzi\u0119kujemy za wszystko i \u017cyczymy powodzenia na dalszej drodze kariery! Pluta powr\u00f3ci\u0142 do Zielonej G\u00f3ry w lipcu 2024 roku po p\u00f3\u0142rocznej przerwie z klubem, kt\u00f3r\u0105 sp\u0119dzi\u0142 w barwach Enea Abramczyk Astorii Bydgoszcz. Do Zastalu\" \/>\n\t\t<meta name=\"twitter:image\" content=\"https:\/\/zastalowcy.pl\/wp-content\/uploads\/2025\/09\/cropped-logo-strony-2.png\" \/>\n\t\t<script type=\"application\/ld+json\" class=\"aioseo-schema\">\n\t\t\t{\"@context\":\"https:\\\/\\\/schema.org\",\"@graph\":[{\"@type\":\"BlogPosting\",\"@id\":\"https:\\\/\\\/zastalowcy.pl\\\/?p=102#blogposting\",\"name\":\"Micha\\u0142 Pluta \\u017cegna Zielon\\u0105 G\\u00f3r\\u0119 -\",\"headline\":\"Micha\\u0142 Pluta \\u017cegna Zielon\\u0105 G\\u00f3r\\u0119\",\"author\":{\"@id\":\"https:\\\/\\\/zastalowcy.pl\\\/?author=3#author\"},\"publisher\":{\"@id\":\"https:\\\/\\\/zastalowcy.pl\\\/#organization\"},\"image\":{\"@type\":\"ImageObject\",\"url\":\"https:\\\/\\\/zastalowcy.pl\\\/wp-content\\\/uploads\\\/2025\\\/06\\\/profilowe-8.png\",\"width\":2048,\"height\":2048},\"datePublished\":\"2025-06-27T21:55:06+02:00\",\"dateModified\":\"2025-06-30T10:28:34+02:00\",\"inLanguage\":\"pl-PL\",\"mainEntityOfPage\":{\"@id\":\"https:\\\/\\\/zastalowcy.pl\\\/?p=102#webpage\"},\"isPartOf\":{\"@id\":\"https:\\\/\\\/zastalowcy.pl\\\/?p=102#webpage\"},\"articleSection\":\"Aktualno\\u015bci, basketzg, dru\\u017cyna, koszyk\\u00f3wka, micha\\u0142 pluta, orlen zastal zielona g\\u00f3ra, zastal, zastal zielona g\\u00f3ra, zielona g\\u00f3ra, zielonagora, zielonog\\u00f3rska koszyk\\u00f3wka\"},{\"@type\":\"BreadcrumbList\",\"@id\":\"https:\\\/\\\/zastalowcy.pl\\\/?p=102#breadcrumblist\",\"itemListElement\":[{\"@type\":\"ListItem\",\"@id\":\"https:\\\/\\\/zastalowcy.pl#listItem\",\"position\":1,\"name\":\"Home\",\"item\":\"https:\\\/\\\/zastalowcy.pl\",\"nextItem\":{\"@type\":\"ListItem\",\"@id\":\"https:\\\/\\\/zastalowcy.pl\\\/?cat=18#listItem\",\"name\":\"Aktualno\\u015bci\"}},{\"@type\":\"ListItem\",\"@id\":\"https:\\\/\\\/zastalowcy.pl\\\/?cat=18#listItem\",\"position\":2,\"name\":\"Aktualno\\u015bci\",\"item\":\"https:\\\/\\\/zastalowcy.pl\\\/?cat=18\",\"nextItem\":{\"@type\":\"ListItem\",\"@id\":\"https:\\\/\\\/zastalowcy.pl\\\/?p=102#listItem\",\"name\":\"Micha\\u0142 Pluta \\u017cegna Zielon\\u0105 G\\u00f3r\\u0119\"},\"previousItem\":{\"@type\":\"ListItem\",\"@id\":\"https:\\\/\\\/zastalowcy.pl#listItem\",\"name\":\"Home\"}},{\"@type\":\"ListItem\",\"@id\":\"https:\\\/\\\/zastalowcy.pl\\\/?p=102#listItem\",\"position\":3,\"name\":\"Micha\\u0142 Pluta \\u017cegna Zielon\\u0105 G\\u00f3r\\u0119\",\"previousItem\":{\"@type\":\"ListItem\",\"@id\":\"https:\\\/\\\/zastalowcy.pl\\\/?cat=18#listItem\",\"name\":\"Aktualno\\u015bci\"}}]},{\"@type\":\"Organization\",\"@id\":\"https:\\\/\\\/zastalowcy.pl\\\/#organization\",\"description\":\"O Zastalu od kibic\\u00f3w \\u2013 dla kibic\\u00f3w\",\"url\":\"https:\\\/\\\/zastalowcy.pl\\\/\",\"logo\":{\"@type\":\"ImageObject\",\"url\":\"https:\\\/\\\/zastalowcy.pl\\\/wp-content\\\/uploads\\\/2025\\\/09\\\/cropped-logo-strony-2.png\",\"@id\":\"https:\\\/\\\/zastalowcy.pl\\\/?p=102\\\/#organizationLogo\",\"width\":1862,\"height\":384},\"image\":{\"@id\":\"https:\\\/\\\/zastalowcy.pl\\\/?p=102\\\/#organizationLogo\"}},{\"@type\":\"Person\",\"@id\":\"https:\\\/\\\/zastalowcy.pl\\\/?author=3#author\",\"url\":\"https:\\\/\\\/zastalowcy.pl\\\/?author=3\",\"name\":\"Joanna Nawlicka\",\"image\":{\"@type\":\"ImageObject\",\"@id\":\"https:\\\/\\\/zastalowcy.pl\\\/?p=102#authorImage\",\"url\":\"https:\\\/\\\/secure.gravatar.com\\\/avatar\\\/66fc557d97536ff5096b6295970275631b7a4673997738477642001957f5274c?s=96&d=mm&r=g\",\"width\":96,\"height\":96,\"caption\":\"Joanna Nawlicka\"}},{\"@type\":\"WebPage\",\"@id\":\"https:\\\/\\\/zastalowcy.pl\\\/?p=102#webpage\",\"url\":\"https:\\\/\\\/zastalowcy.pl\\\/?p=102\",\"name\":\"Micha\\u0142 Pluta \\u017cegna Zielon\\u0105 G\\u00f3r\\u0119 -\",\"description\":\"Micha\\u0142 Pluta nie b\\u0119dzie ju\\u017c reprezentowa\\u0142 barw Orlen Zastalu Zielona G\\u00f3ra. Po sezonie pe\\u0142nym walki zawodnik opuszcza nasz\\u0105 ekip\\u0119. Micha\\u0142 \\u2013 dzi\\u0119kujemy za wszystko i \\u017cyczymy powodzenia na dalszej drodze kariery! Pluta powr\\u00f3ci\\u0142 do Zielonej G\\u00f3ry w lipcu 2024 roku po p\\u00f3\\u0142rocznej przerwie z klubem, kt\\u00f3r\\u0105 sp\\u0119dzi\\u0142 w barwach Enea Abramczyk Astorii Bydgoszcz. Do Zastalu\",\"inLanguage\":\"pl-PL\",\"isPartOf\":{\"@id\":\"https:\\\/\\\/zastalowcy.pl\\\/#website\"},\"breadcrumb\":{\"@id\":\"https:\\\/\\\/zastalowcy.pl\\\/?p=102#breadcrumblist\"},\"author\":{\"@id\":\"https:\\\/\\\/zastalowcy.pl\\\/?author=3#author\"},\"creator\":{\"@id\":\"https:\\\/\\\/zastalowcy.pl\\\/?author=3#author\"},\"image\":{\"@type\":\"ImageObject\",\"url\":\"https:\\\/\\\/zastalowcy.pl\\\/wp-content\\\/uploads\\\/2025\\\/06\\\/profilowe-8.png\",\"@id\":\"https:\\\/\\\/zastalowcy.pl\\\/?p=102\\\/#mainImage\",\"width\":2048,\"height\":2048},\"primaryImageOfPage\":{\"@id\":\"https:\\\/\\\/zastalowcy.pl\\\/?p=102#mainImage\"},\"datePublished\":\"2025-06-27T21:55:06+02:00\",\"dateModified\":\"2025-06-30T10:28:34+02:00\"},{\"@type\":\"WebSite\",\"@id\":\"https:\\\/\\\/zastalowcy.pl\\\/#website\",\"url\":\"https:\\\/\\\/zastalowcy.pl\\\/\",\"description\":\"O Zastalu od kibic\\u00f3w \\u2013 dla kibic\\u00f3w\",\"inLanguage\":\"pl-PL\",\"publisher\":{\"@id\":\"https:\\\/\\\/zastalowcy.pl\\\/#organization\"}}]}\n\t\t<\/script>\n\t\t<!-- All in One SEO -->\n\n","aioseo_head_json":{"title":"Micha\u0142 Pluta \u017cegna Zielon\u0105 G\u00f3r\u0119 -","description":"Micha\u0142 Pluta nie b\u0119dzie ju\u017c reprezentowa\u0142 barw Orlen Zastalu Zielona G\u00f3ra. Po sezonie pe\u0142nym walki zawodnik opuszcza nasz\u0105 ekip\u0119. Micha\u0142 \u2013 dzi\u0119kujemy za wszystko i \u017cyczymy powodzenia na dalszej drodze kariery! Pluta powr\u00f3ci\u0142 do Zielonej G\u00f3ry w lipcu 2024 roku po p\u00f3\u0142rocznej przerwie z klubem, kt\u00f3r\u0105 sp\u0119dzi\u0142 w barwach Enea Abramczyk Astorii Bydgoszcz. Do Zastalu","canonical_url":"https:\/\/zastalowcy.pl\/?p=102","robots":"max-image-preview:large","keywords":"","webmasterTools":{"miscellaneous":""},"schema":{"@context":"https:\/\/schema.org","@graph":[{"@type":"BlogPosting","@id":"https:\/\/zastalowcy.pl\/?p=102#blogposting","name":"Micha\u0142 Pluta \u017cegna Zielon\u0105 G\u00f3r\u0119 -","headline":"Micha\u0142 Pluta \u017cegna Zielon\u0105 G\u00f3r\u0119","author":{"@id":"https:\/\/zastalowcy.pl\/?author=3#author"},"publisher":{"@id":"https:\/\/zastalowcy.pl\/#organization"},"image":{"@type":"ImageObject","url":"https:\/\/zastalowcy.pl\/wp-content\/uploads\/2025\/06\/profilowe-8.png","width":2048,"height":2048},"datePublished":"2025-06-27T21:55:06+02:00","dateModified":"2025-06-30T10:28:34+02:00","inLanguage":"pl-PL","mainEntityOfPage":{"@id":"https:\/\/zastalowcy.pl\/?p=102#webpage"},"isPartOf":{"@id":"https:\/\/zastalowcy.pl\/?p=102#webpage"},"articleSection":"Aktualno\u015bci, basketzg, dru\u017cyna, koszyk\u00f3wka, micha\u0142 pluta, orlen zastal zielona g\u00f3ra, zastal, zastal zielona g\u00f3ra, zielona g\u00f3ra, zielonagora, zielonog\u00f3rska koszyk\u00f3wka"},{"@type":"BreadcrumbList","@id":"https:\/\/zastalowcy.pl\/?p=102#breadcrumblist","itemListElement":[{"@type":"ListItem","@id":"https:\/\/zastalowcy.pl#listItem","position":1,"name":"Home","item":"https:\/\/zastalowcy.pl","nextItem":{"@type":"ListItem","@id":"https:\/\/zastalowcy.pl\/?cat=18#listItem","name":"Aktualno\u015bci"}},{"@type":"ListItem","@id":"https:\/\/zastalowcy.pl\/?cat=18#listItem","position":2,"name":"Aktualno\u015bci","item":"https:\/\/zastalowcy.pl\/?cat=18","nextItem":{"@type":"ListItem","@id":"https:\/\/zastalowcy.pl\/?p=102#listItem","name":"Micha\u0142 Pluta \u017cegna Zielon\u0105 G\u00f3r\u0119"},"previousItem":{"@type":"ListItem","@id":"https:\/\/zastalowcy.pl#listItem","name":"Home"}},{"@type":"ListItem","@id":"https:\/\/zastalowcy.pl\/?p=102#listItem","position":3,"name":"Micha\u0142 Pluta \u017cegna Zielon\u0105 G\u00f3r\u0119","previousItem":{"@type":"ListItem","@id":"https:\/\/zastalowcy.pl\/?cat=18#listItem","name":"Aktualno\u015bci"}}]},{"@type":"Organization","@id":"https:\/\/zastalowcy.pl\/#organization","description":"O Zastalu od kibic\u00f3w \u2013 dla kibic\u00f3w","url":"https:\/\/zastalowcy.pl\/","logo":{"@type":"ImageObject","url":"https:\/\/zastalowcy.pl\/wp-content\/uploads\/2025\/09\/cropped-logo-strony-2.png","@id":"https:\/\/zastalowcy.pl\/?p=102\/#organizationLogo","width":1862,"height":384},"image":{"@id":"https:\/\/zastalowcy.pl\/?p=102\/#organizationLogo"}},{"@type":"Person","@id":"https:\/\/zastalowcy.pl\/?author=3#author","url":"https:\/\/zastalowcy.pl\/?author=3","name":"Joanna Nawlicka","image":{"@type":"ImageObject","@id":"https:\/\/zastalowcy.pl\/?p=102#authorImage","url":"https:\/\/secure.gravatar.com\/avatar\/66fc557d97536ff5096b6295970275631b7a4673997738477642001957f5274c?s=96&d=mm&r=g","width":96,"height":96,"caption":"Joanna Nawlicka"}},{"@type":"WebPage","@id":"https:\/\/zastalowcy.pl\/?p=102#webpage","url":"https:\/\/zastalowcy.pl\/?p=102","name":"Micha\u0142 Pluta \u017cegna Zielon\u0105 G\u00f3r\u0119 -","description":"Micha\u0142 Pluta nie b\u0119dzie ju\u017c reprezentowa\u0142 barw Orlen Zastalu Zielona G\u00f3ra. Po sezonie pe\u0142nym walki zawodnik opuszcza nasz\u0105 ekip\u0119. Micha\u0142 \u2013 dzi\u0119kujemy za wszystko i \u017cyczymy powodzenia na dalszej drodze kariery! Pluta powr\u00f3ci\u0142 do Zielonej G\u00f3ry w lipcu 2024 roku po p\u00f3\u0142rocznej przerwie z klubem, kt\u00f3r\u0105 sp\u0119dzi\u0142 w barwach Enea Abramczyk Astorii Bydgoszcz. Do Zastalu","inLanguage":"pl-PL","isPartOf":{"@id":"https:\/\/zastalowcy.pl\/#website"},"breadcrumb":{"@id":"https:\/\/zastalowcy.pl\/?p=102#breadcrumblist"},"author":{"@id":"https:\/\/zastalowcy.pl\/?author=3#author"},"creator":{"@id":"https:\/\/zastalowcy.pl\/?author=3#author"},"image":{"@type":"ImageObject","url":"https:\/\/zastalowcy.pl\/wp-content\/uploads\/2025\/06\/profilowe-8.png","@id":"https:\/\/zastalowcy.pl\/?p=102\/#mainImage","width":2048,"height":2048},"primaryImageOfPage":{"@id":"https:\/\/zastalowcy.pl\/?p=102#mainImage"},"datePublished":"2025-06-27T21:55:06+02:00","dateModified":"2025-06-30T10:28:34+02:00"},{"@type":"WebSite","@id":"https:\/\/zastalowcy.pl\/#website","url":"https:\/\/zastalowcy.pl\/","description":"O Zastalu od kibic\u00f3w \u2013 dla kibic\u00f3w","inLanguage":"pl-PL","publisher":{"@id":"https:\/\/zastalowcy.pl\/#organization"}}]},"og:locale":"pl_PL","og:site_name":"- O Zastalu od kibic\u00f3w \u2013 dla kibic\u00f3w","og:type":"article","og:title":"Micha\u0142 Pluta \u017cegna Zielon\u0105 G\u00f3r\u0119 -","og:description":"Micha\u0142 Pluta nie b\u0119dzie ju\u017c reprezentowa\u0142 barw Orlen Zastalu Zielona G\u00f3ra. Po sezonie pe\u0142nym walki zawodnik opuszcza nasz\u0105 ekip\u0119. Micha\u0142 \u2013 dzi\u0119kujemy za wszystko i \u017cyczymy powodzenia na dalszej drodze kariery! Pluta powr\u00f3ci\u0142 do Zielonej G\u00f3ry w lipcu 2024 roku po p\u00f3\u0142rocznej przerwie z klubem, kt\u00f3r\u0105 sp\u0119dzi\u0142 w barwach Enea Abramczyk Astorii Bydgoszcz. Do Zastalu","og:url":"https:\/\/zastalowcy.pl\/?p=102","og:image":"https:\/\/zastalowcy.pl\/wp-content\/uploads\/2025\/09\/cropped-logo-strony-2.png","og:image:secure_url":"https:\/\/zastalowcy.pl\/wp-content\/uploads\/2025\/09\/cropped-logo-strony-2.png","og:image:width":1862,"og:image:height":384,"article:published_time":"2025-06-27T19:55:06+00:00","article:modified_time":"2025-06-30T08:28:34+00:00","twitter:card":"summary_large_image","twitter:title":"Micha\u0142 Pluta \u017cegna Zielon\u0105 G\u00f3r\u0119 -","twitter:description":"Micha\u0142 Pluta nie b\u0119dzie ju\u017c reprezentowa\u0142 barw Orlen Zastalu Zielona G\u00f3ra. Po sezonie pe\u0142nym walki zawodnik opuszcza nasz\u0105 ekip\u0119. Micha\u0142 \u2013 dzi\u0119kujemy za wszystko i \u017cyczymy powodzenia na dalszej drodze kariery! Pluta powr\u00f3ci\u0142 do Zielonej G\u00f3ry w lipcu 2024 roku po p\u00f3\u0142rocznej przerwie z klubem, kt\u00f3r\u0105 sp\u0119dzi\u0142 w barwach Enea Abramczyk Astorii Bydgoszcz. Do Zastalu","twitter:image":"https:\/\/zastalowcy.pl\/wp-content\/uploads\/2025\/09\/cropped-logo-strony-2.png"},"aioseo_meta_data":{"post_id":"102","title":null,"description":null,"keywords":null,"keyphrases":null,"primary_term":null,"canonical_url":null,"og_title":null,"og_description":null,"og_object_type":"default","og_image_type":"default","og_image_custom_url":null,"og_image_custom_fields":null,"og_image_url":null,"og_image_width":null,"og_image_height":null,"og_video":null,"og_custom_url":null,"og_article_section":null,"og_article_tags":null,"twitter_use_og":false,"twitter_card":"default","twitter_image_type":"default","twitter_image_custom_url":null,"twitter_image_custom_fields":null,"twitter_image_url":null,"twitter_title":null,"twitter_description":null,"schema_type":"default","schema_type_options":null,"schema":{"blockGraphs":[],"customGraphs":[],"default":{"data":{"Article":[],"Course":[],"Dataset":[],"FAQPage":[],"Movie":[],"Person":[],"Product":[],"ProductReview":[],"Car":[],"Recipe":[],"Service":[],"SoftwareApplication":[],"WebPage":[]},"graphName":"","isEnabled":true},"graphs":[]},"pillar_content":false,"robots_default":true,"robots_noindex":false,"robots_noarchive":false,"robots_nosnippet":false,"robots_nofollow":false,"robots_noimageindex":false,"robots_noodp":false,"robots_notranslate":false,"robots_max_snippet":null,"robots_max_videopreview":null,"robots_max_imagepreview":"large","priority":null,"frequency":null,"local_seo":null,"limit_modified_date":false,"ai":null,"breadcrumb_settings":null,"seo_analyzer_scan_date":null,"created":"2026-07-15 16:34:29","updated":"2026-07-15 16:34:29","focus_keyword":null,"additional_keywords":null,"truseo_locale":null},"aioseo_breadcrumb":"<div class=\"aioseo-breadcrumbs\"><span class=\"aioseo-breadcrumb\">\n\t\t\t<a href=\"https:\/\/zastalowcy.pl\" title=\"Home\">Home<\/a>\n\t\t<\/span><span class=\"aioseo-breadcrumb-separator\">&raquo;<\/span><span class=\"aioseo-breadcrumb\">\n\t\t\t<a href=\"https:\/\/zastalowcy.pl\/?cat=18\" title=\"Aktualno\u015bci\">Aktualno\u015bci<\/a>\n\t\t<\/span><span class=\"aioseo-breadcrumb-separator\">&raquo;<\/span><span class=\"aioseo-breadcrumb\">\n\t\t\tMicha\u0142 Pluta \u017cegna Zielon\u0105 G\u00f3r\u0119\n\t\t<\/span><\/div>","aioseo_breadcrumb_json":[{"label":"Home","link":"https:\/\/zastalowcy.pl"},{"label":"Aktualno\u015bci","link":"https:\/\/zastalowcy.pl\/?cat=18"},{"label":"Micha\u0142 Pluta \u017cegna Zielon\u0105 G\u00f3r\u0119","link":"https:\/\/zastalowcy.pl\/?p=102"}],"_links":{"self":[{"href":"https:\/\/zastalowcy.pl\/index.php?rest_route=\/wp\/v2\/posts\/102","targetHints":{"allow":["GET"]}}],"collection":[{"href":"https:\/\/zastalowcy.pl\/index.php?rest_route=\/wp\/v2\/posts"}],"about":[{"href":"https:\/\/zastalowcy.pl\/index.php?rest_route=\/wp\/v2\/types\/post"}],"author":[{"embeddable":true,"href":"https:\/\/zastalowcy.pl\/index.php?rest_route=\/wp\/v2\/users\/3"}],"replies":[{"embeddable":true,"href":"https:\/\/zastalowcy.pl\/index.php?rest_route=%2Fwp%2Fv2%2Fcomments&post=102"}],"version-history":[{"count":2,"href":"https:\/\/zastalowcy.pl\/index.php?rest_route=\/wp\/v2\/posts\/102\/revisions"}],"predecessor-version":[{"id":107,"href":"https:\/\/zastalowcy.pl\/index.php?rest_route=\/wp\/v2\/posts\/102\/revisions\/107"}],"wp:featuredmedia":[{"embeddable":true,"href":"https:\/\/zastalowcy.pl\/index.php?rest_route=\/wp\/v2\/media\/103"}],"wp:attachment":[{"href":"https:\/\/zastalowcy.pl\/index.php?rest_route=%2Fwp%2Fv2%2Fmedia&parent=102"}],"wp:term":[{"taxonomy":"category","embeddable":true,"href":"https:\/\/zastalowcy.pl\/index.php?rest_route=%2Fwp%2Fv2%2Fcategories&post=102"},{"taxonomy":"post_tag","embeddable":true,"href":"https:\/\/zastalowcy.pl\/index.php?rest_route=%2Fwp%2Fv2%2Ftags&post=102"}],"curies":[{"name":"wp","href":"https:\/\/api.w.org\/{rel}","templated":true}]}}