{"id":1034,"date":"2026-02-17T17:38:00","date_gmt":"2026-02-17T16:38:00","guid":{"rendered":"https:\/\/zastalowcy.pl\/?p=1034"},"modified":"2026-02-21T11:27:02","modified_gmt":"2026-02-21T10:27:02","slug":"trener-miloszewski-o-sytuacji-zastalu-przed-pucharem-polski","status":"publish","type":"post","link":"https:\/\/zastalowcy.pl\/?p=1034","title":{"rendered":"Trener Mi\u0142oszewski o sytuacji Zastalu przed Pucharem Polski"},"content":{"rendered":"\n<p class=\"wp-block-paragraph\">Na kilka dni przed rozpocz\u0119ciem turnieju Pekao S.A. Pucharu Polski kibic\u00f3w ORLEN Zastalu Zielona G\u00f3ra najbardziej interesuje jedno pytanie: w jakim sk\u0142adzie Zastalowcy przyst\u0105pi\u0105 do meczu ze Szczecinem?<\/p>\n\n\n\n<p class=\"wp-block-paragraph\">Podczas wtorkowej rozmowy trener Arkadiusz Mi\u0142oszewski nie ukrywa\u0142, \u017ce sytuacja zdrowotna zespo\u0142u wci\u0105\u017c jest dynamiczna. \u2013 Zdrowotnie jest r\u00f3\u017cnie. Andy trenowa\u0142 ju\u017c normalnie, w kontakcie jest wszystko okej. Natomiast troszk\u0119 znowu narzeka na plecy Sagaba Konate i Kuba Szumert te\u017c poczu\u0142 napi\u0119cie w plecach \u2013 m\u00f3wi szkoleniowiec Zastalu.<\/p>\n\n\n\n<p class=\"wp-block-paragraph\">Jak podkre\u015bla, sprawy id\u0105 w dobr\u0105 stron\u0119 i prawdopodobne jest, \u017ce zawodnicy b\u0119d\u0105 gotowi do gry w Pucharze Polski, jednak pe\u0142en komfort przygotowa\u0144 nie jest mo\u017cliwy. \u2013 Wszystko wskazuje na to, \u017ce b\u0119d\u0105 gotowi do Pucharu Polski. Natomiast nie mo\u017cemy w pe\u0142ni trenowa\u0107 w tym tygodniu ze wszystkimi podstawowymi zawodnikami. My\u015bl\u0119 jednak, \u017ce ka\u017cdy ma swoje problemy. To nie s\u0105 powa\u017cne rzeczy, ale doskwieraj\u0105ce i czasami niepozwalaj\u0105ce w pe\u0142ni trenowa\u0107.<\/p>\n\n\n\n<p class=\"wp-block-paragraph\">Dla ORLEN Zastalu Zielona G\u00f3ra, kt\u00f3ry w Sosnowcu rozpocznie walk\u0119 o trofeum, kluczowe b\u0119dzie nie tylko przygotowanie taktyczne, ale tak\u017ce fizyczna dyspozycja lider\u00f3w.<\/p>\n\n\n\n<p class=\"wp-block-paragraph\">Czy Zastalowcy zagraj\u0105 w pe\u0142nym sk\u0142adzie? Trener nie chce sk\u0142ada\u0107 jednoznacznych deklaracji. \u2013 Nie mog\u0119 powiedzie\u0107, \u017ce kto\u015b nie zagra. Tak samo, jak nie mog\u0119 powiedzie\u0107, \u017ce zagramy w pe\u0142nym sk\u0142adzie.<\/p>\n\n\n\n<p class=\"wp-block-paragraph\">To oznacza, \u017ce ostateczne decyzje zapadn\u0105 ju\u017c w Sosnowcu. W turnieju, w kt\u00f3rym ka\u017cdy mecz jest o wszystko, zdrowie i dost\u0119pno\u015b\u0107 rotacji mog\u0105 odegra\u0107 kluczow\u0105 rol\u0119.<\/p>\n\n\n\n<p class=\"wp-block-paragraph\">Dla kibic\u00f3w Zastalu jedno jest pewne \u2013 sytuacja jest pod kontrol\u0105, ale do pi\u0105tku trzeba jeszcze poczeka\u0107 na pe\u0142n\u0105 jasno\u015b\u0107 kadrow\u0105.<\/p>\n\n\n\n<p class=\"wp-block-paragraph\">\ud83c\udfc0 Zastalowcy.pl \u2013 o Zastalu od kibic\u00f3w \u2013 dla kibic\u00f3w<\/p>\n","protected":false},"excerpt":{"rendered":"<p>Na kilka dni przed rozpocz\u0119ciem turnieju Pekao S.A. Pucharu Polski kibic\u00f3w ORLEN Zastalu Zielona G\u00f3ra najbardziej interesuje jedno<\/p>\n","protected":false},"author":3,"featured_media":1035,"comment_status":"open","ping_status":"open","sticky":false,"template":"","format":"standard","meta":{"om_disable_all_campaigns":false,"footnotes":""},"categories":[326,9],"tags":[17,26,15,13,12,14,42,11,10,16],"class_list":["post-1034","post","type-post","status-publish","format-standard","has-post-thumbnail","hentry","category-puchar-polski-2026","category-sezon-2025-2026","tag-basketzg","tag-druzyna","tag-koszykowka","tag-orlen-zastal-zielona-gora","tag-zastal","tag-zastal-zielona-gora","tag-zastalowcy","tag-zielona-gora","tag-zielonagora","tag-zielonogorska-koszykowka"],"aioseo_notices":[],"aioseo_head":"\n\t\t<!-- All in One SEO 5.0.0.1 - aioseo.com -->\n\t<meta name=\"description\" content=\"Na kilka dni przed rozpocz\u0119ciem turnieju Pekao S.A. Pucharu Polski kibic\u00f3w ORLEN Zastalu Zielona G\u00f3ra najbardziej interesuje jedno pytanie: w jakim sk\u0142adzie Zastalowcy przyst\u0105pi\u0105 do meczu ze Szczecinem? Podczas wtorkowej rozmowy trener Arkadiusz Mi\u0142oszewski nie ukrywa\u0142, \u017ce sytuacja zdrowotna zespo\u0142u wci\u0105\u017c jest dynamiczna. \u2013 Zdrowotnie jest r\u00f3\u017cnie. Andy trenowa\u0142 ju\u017c normalnie, w kontakcie jest wszystko\" \/>\n\t<meta name=\"robots\" content=\"max-image-preview:large\" \/>\n\t<meta name=\"author\" content=\"Joanna Nawlicka\"\/>\n\t<link rel=\"canonical\" href=\"https:\/\/zastalowcy.pl\/?p=1034\" \/>\n\t<meta name=\"generator\" content=\"All in One SEO (AIOSEO) 5.0.0.1\" \/>\n\t\t<meta property=\"og:locale\" content=\"pl_PL\" \/>\n\t\t<meta property=\"og:site_name\" content=\"- O Zastalu od kibic\u00f3w \u2013 dla kibic\u00f3w\" \/>\n\t\t<meta property=\"og:type\" content=\"article\" \/>\n\t\t<meta property=\"og:title\" content=\"Trener Mi\u0142oszewski o sytuacji Zastalu przed Pucharem Polski -\" \/>\n\t\t<meta property=\"og:description\" content=\"Na kilka dni przed rozpocz\u0119ciem turnieju Pekao S.A. Pucharu Polski kibic\u00f3w ORLEN Zastalu Zielona G\u00f3ra najbardziej interesuje jedno pytanie: w jakim sk\u0142adzie Zastalowcy przyst\u0105pi\u0105 do meczu ze Szczecinem? Podczas wtorkowej rozmowy trener Arkadiusz Mi\u0142oszewski nie ukrywa\u0142, \u017ce sytuacja zdrowotna zespo\u0142u wci\u0105\u017c jest dynamiczna. \u2013 Zdrowotnie jest r\u00f3\u017cnie. Andy trenowa\u0142 ju\u017c normalnie, w kontakcie jest wszystko\" \/>\n\t\t<meta property=\"og:url\" content=\"https:\/\/zastalowcy.pl\/?p=1034\" \/>\n\t\t<meta property=\"og:image\" content=\"https:\/\/zastalowcy.pl\/wp-content\/uploads\/2025\/09\/cropped-logo-strony-2.png\" \/>\n\t\t<meta property=\"og:image:secure_url\" content=\"https:\/\/zastalowcy.pl\/wp-content\/uploads\/2025\/09\/cropped-logo-strony-2.png\" \/>\n\t\t<meta property=\"og:image:width\" content=\"1862\" \/>\n\t\t<meta property=\"og:image:height\" content=\"384\" \/>\n\t\t<meta property=\"article:published_time\" content=\"2026-02-17T16:38:00+00:00\" \/>\n\t\t<meta property=\"article:modified_time\" content=\"2026-02-21T10:27:02+00:00\" \/>\n\t\t<meta name=\"twitter:card\" content=\"summary_large_image\" \/>\n\t\t<meta name=\"twitter:title\" content=\"Trener Mi\u0142oszewski o sytuacji Zastalu przed Pucharem Polski -\" \/>\n\t\t<meta name=\"twitter:description\" content=\"Na kilka dni przed rozpocz\u0119ciem turnieju Pekao S.A. Pucharu Polski kibic\u00f3w ORLEN Zastalu Zielona G\u00f3ra najbardziej interesuje jedno pytanie: w jakim sk\u0142adzie Zastalowcy przyst\u0105pi\u0105 do meczu ze Szczecinem? Podczas wtorkowej rozmowy trener Arkadiusz Mi\u0142oszewski nie ukrywa\u0142, \u017ce sytuacja zdrowotna zespo\u0142u wci\u0105\u017c jest dynamiczna. \u2013 Zdrowotnie jest r\u00f3\u017cnie. Andy trenowa\u0142 ju\u017c normalnie, w kontakcie jest wszystko\" \/>\n\t\t<meta name=\"twitter:image\" content=\"https:\/\/zastalowcy.pl\/wp-content\/uploads\/2025\/09\/cropped-logo-strony-2.png\" \/>\n\t\t<script type=\"application\/ld+json\" class=\"aioseo-schema\">\n\t\t\t{\"@context\":\"https:\\\/\\\/schema.org\",\"@graph\":[{\"@type\":\"BlogPosting\",\"@id\":\"https:\\\/\\\/zastalowcy.pl\\\/?p=1034#blogposting\",\"name\":\"Trener Mi\\u0142oszewski o sytuacji Zastalu przed Pucharem Polski -\",\"headline\":\"Trener Mi\\u0142oszewski o sytuacji Zastalu przed Pucharem Polski\",\"author\":{\"@id\":\"https:\\\/\\\/zastalowcy.pl\\\/?author=3#author\"},\"publisher\":{\"@id\":\"https:\\\/\\\/zastalowcy.pl\\\/#organization\"},\"image\":{\"@type\":\"ImageObject\",\"url\":\"https:\\\/\\\/zastalowcy.pl\\\/wp-content\\\/uploads\\\/2026\\\/02\\\/profilowe-23.png\",\"width\":2048,\"height\":2048},\"datePublished\":\"2026-02-17T17:38:00+01:00\",\"dateModified\":\"2026-02-21T11:27:02+01:00\",\"inLanguage\":\"pl-PL\",\"mainEntityOfPage\":{\"@id\":\"https:\\\/\\\/zastalowcy.pl\\\/?p=1034#webpage\"},\"isPartOf\":{\"@id\":\"https:\\\/\\\/zastalowcy.pl\\\/?p=1034#webpage\"},\"articleSection\":\"Puchar Polski 2026, Sezon 2025\\\/2026, basketzg, dru\\u017cyna, koszyk\\u00f3wka, orlen zastal zielona g\\u00f3ra, zastal, zastal zielona g\\u00f3ra, zastalowcy, zielona g\\u00f3ra, zielonagora, zielonog\\u00f3rska koszyk\\u00f3wka\"},{\"@type\":\"BreadcrumbList\",\"@id\":\"https:\\\/\\\/zastalowcy.pl\\\/?p=1034#breadcrumblist\",\"itemListElement\":[{\"@type\":\"ListItem\",\"@id\":\"https:\\\/\\\/zastalowcy.pl#listItem\",\"position\":1,\"name\":\"Home\",\"item\":\"https:\\\/\\\/zastalowcy.pl\",\"nextItem\":{\"@type\":\"ListItem\",\"@id\":\"https:\\\/\\\/zastalowcy.pl\\\/?cat=9#listItem\",\"name\":\"Sezon 2025\\\/2026\"}},{\"@type\":\"ListItem\",\"@id\":\"https:\\\/\\\/zastalowcy.pl\\\/?cat=9#listItem\",\"position\":2,\"name\":\"Sezon 2025\\\/2026\",\"item\":\"https:\\\/\\\/zastalowcy.pl\\\/?cat=9\",\"nextItem\":{\"@type\":\"ListItem\",\"@id\":\"https:\\\/\\\/zastalowcy.pl\\\/?p=1034#listItem\",\"name\":\"Trener Mi\\u0142oszewski o sytuacji Zastalu przed Pucharem Polski\"},\"previousItem\":{\"@type\":\"ListItem\",\"@id\":\"https:\\\/\\\/zastalowcy.pl#listItem\",\"name\":\"Home\"}},{\"@type\":\"ListItem\",\"@id\":\"https:\\\/\\\/zastalowcy.pl\\\/?p=1034#listItem\",\"position\":3,\"name\":\"Trener Mi\\u0142oszewski o sytuacji Zastalu przed Pucharem Polski\",\"previousItem\":{\"@type\":\"ListItem\",\"@id\":\"https:\\\/\\\/zastalowcy.pl\\\/?cat=9#listItem\",\"name\":\"Sezon 2025\\\/2026\"}}]},{\"@type\":\"Organization\",\"@id\":\"https:\\\/\\\/zastalowcy.pl\\\/#organization\",\"description\":\"O Zastalu od kibic\\u00f3w \\u2013 dla kibic\\u00f3w\",\"url\":\"https:\\\/\\\/zastalowcy.pl\\\/\",\"logo\":{\"@type\":\"ImageObject\",\"url\":\"https:\\\/\\\/zastalowcy.pl\\\/wp-content\\\/uploads\\\/2025\\\/09\\\/cropped-logo-strony-2.png\",\"@id\":\"https:\\\/\\\/zastalowcy.pl\\\/?p=1034\\\/#organizationLogo\",\"width\":1862,\"height\":384},\"image\":{\"@id\":\"https:\\\/\\\/zastalowcy.pl\\\/?p=1034\\\/#organizationLogo\"}},{\"@type\":\"Person\",\"@id\":\"https:\\\/\\\/zastalowcy.pl\\\/?author=3#author\",\"url\":\"https:\\\/\\\/zastalowcy.pl\\\/?author=3\",\"name\":\"Joanna Nawlicka\",\"image\":{\"@type\":\"ImageObject\",\"@id\":\"https:\\\/\\\/zastalowcy.pl\\\/?p=1034#authorImage\",\"url\":\"https:\\\/\\\/secure.gravatar.com\\\/avatar\\\/66fc557d97536ff5096b6295970275631b7a4673997738477642001957f5274c?s=96&d=mm&r=g\",\"width\":96,\"height\":96,\"caption\":\"Joanna Nawlicka\"}},{\"@type\":\"WebPage\",\"@id\":\"https:\\\/\\\/zastalowcy.pl\\\/?p=1034#webpage\",\"url\":\"https:\\\/\\\/zastalowcy.pl\\\/?p=1034\",\"name\":\"Trener Mi\\u0142oszewski o sytuacji Zastalu przed Pucharem Polski -\",\"description\":\"Na kilka dni przed rozpocz\\u0119ciem turnieju Pekao S.A. Pucharu Polski kibic\\u00f3w ORLEN Zastalu Zielona G\\u00f3ra najbardziej interesuje jedno pytanie: w jakim sk\\u0142adzie Zastalowcy przyst\\u0105pi\\u0105 do meczu ze Szczecinem? Podczas wtorkowej rozmowy trener Arkadiusz Mi\\u0142oszewski nie ukrywa\\u0142, \\u017ce sytuacja zdrowotna zespo\\u0142u wci\\u0105\\u017c jest dynamiczna. \\u2013 Zdrowotnie jest r\\u00f3\\u017cnie. Andy trenowa\\u0142 ju\\u017c normalnie, w kontakcie jest wszystko\",\"inLanguage\":\"pl-PL\",\"isPartOf\":{\"@id\":\"https:\\\/\\\/zastalowcy.pl\\\/#website\"},\"breadcrumb\":{\"@id\":\"https:\\\/\\\/zastalowcy.pl\\\/?p=1034#breadcrumblist\"},\"author\":{\"@id\":\"https:\\\/\\\/zastalowcy.pl\\\/?author=3#author\"},\"creator\":{\"@id\":\"https:\\\/\\\/zastalowcy.pl\\\/?author=3#author\"},\"image\":{\"@type\":\"ImageObject\",\"url\":\"https:\\\/\\\/zastalowcy.pl\\\/wp-content\\\/uploads\\\/2026\\\/02\\\/profilowe-23.png\",\"@id\":\"https:\\\/\\\/zastalowcy.pl\\\/?p=1034\\\/#mainImage\",\"width\":2048,\"height\":2048},\"primaryImageOfPage\":{\"@id\":\"https:\\\/\\\/zastalowcy.pl\\\/?p=1034#mainImage\"},\"datePublished\":\"2026-02-17T17:38:00+01:00\",\"dateModified\":\"2026-02-21T11:27:02+01:00\"},{\"@type\":\"WebSite\",\"@id\":\"https:\\\/\\\/zastalowcy.pl\\\/#website\",\"url\":\"https:\\\/\\\/zastalowcy.pl\\\/\",\"description\":\"O Zastalu od kibic\\u00f3w \\u2013 dla kibic\\u00f3w\",\"inLanguage\":\"pl-PL\",\"publisher\":{\"@id\":\"https:\\\/\\\/zastalowcy.pl\\\/#organization\"}}]}\n\t\t<\/script>\n\t\t<!-- All in One SEO -->\n\n","aioseo_head_json":{"title":"Trener Mi\u0142oszewski o sytuacji Zastalu przed Pucharem Polski -","description":"Na kilka dni przed rozpocz\u0119ciem turnieju Pekao S.A. Pucharu Polski kibic\u00f3w ORLEN Zastalu Zielona G\u00f3ra najbardziej interesuje jedno pytanie: w jakim sk\u0142adzie Zastalowcy przyst\u0105pi\u0105 do meczu ze Szczecinem? Podczas wtorkowej rozmowy trener Arkadiusz Mi\u0142oszewski nie ukrywa\u0142, \u017ce sytuacja zdrowotna zespo\u0142u wci\u0105\u017c jest dynamiczna. \u2013 Zdrowotnie jest r\u00f3\u017cnie. Andy trenowa\u0142 ju\u017c normalnie, w kontakcie jest wszystko","canonical_url":"https:\/\/zastalowcy.pl\/?p=1034","robots":"max-image-preview:large","keywords":"","webmasterTools":{"miscellaneous":""},"schema":{"@context":"https:\/\/schema.org","@graph":[{"@type":"BlogPosting","@id":"https:\/\/zastalowcy.pl\/?p=1034#blogposting","name":"Trener Mi\u0142oszewski o sytuacji Zastalu przed Pucharem Polski -","headline":"Trener Mi\u0142oszewski o sytuacji Zastalu przed Pucharem Polski","author":{"@id":"https:\/\/zastalowcy.pl\/?author=3#author"},"publisher":{"@id":"https:\/\/zastalowcy.pl\/#organization"},"image":{"@type":"ImageObject","url":"https:\/\/zastalowcy.pl\/wp-content\/uploads\/2026\/02\/profilowe-23.png","width":2048,"height":2048},"datePublished":"2026-02-17T17:38:00+01:00","dateModified":"2026-02-21T11:27:02+01:00","inLanguage":"pl-PL","mainEntityOfPage":{"@id":"https:\/\/zastalowcy.pl\/?p=1034#webpage"},"isPartOf":{"@id":"https:\/\/zastalowcy.pl\/?p=1034#webpage"},"articleSection":"Puchar Polski 2026, Sezon 2025\/2026, basketzg, dru\u017cyna, koszyk\u00f3wka, orlen zastal zielona g\u00f3ra, zastal, zastal zielona g\u00f3ra, zastalowcy, zielona g\u00f3ra, zielonagora, zielonog\u00f3rska koszyk\u00f3wka"},{"@type":"BreadcrumbList","@id":"https:\/\/zastalowcy.pl\/?p=1034#breadcrumblist","itemListElement":[{"@type":"ListItem","@id":"https:\/\/zastalowcy.pl#listItem","position":1,"name":"Home","item":"https:\/\/zastalowcy.pl","nextItem":{"@type":"ListItem","@id":"https:\/\/zastalowcy.pl\/?cat=9#listItem","name":"Sezon 2025\/2026"}},{"@type":"ListItem","@id":"https:\/\/zastalowcy.pl\/?cat=9#listItem","position":2,"name":"Sezon 2025\/2026","item":"https:\/\/zastalowcy.pl\/?cat=9","nextItem":{"@type":"ListItem","@id":"https:\/\/zastalowcy.pl\/?p=1034#listItem","name":"Trener Mi\u0142oszewski o sytuacji Zastalu przed Pucharem Polski"},"previousItem":{"@type":"ListItem","@id":"https:\/\/zastalowcy.pl#listItem","name":"Home"}},{"@type":"ListItem","@id":"https:\/\/zastalowcy.pl\/?p=1034#listItem","position":3,"name":"Trener Mi\u0142oszewski o sytuacji Zastalu przed Pucharem Polski","previousItem":{"@type":"ListItem","@id":"https:\/\/zastalowcy.pl\/?cat=9#listItem","name":"Sezon 2025\/2026"}}]},{"@type":"Organization","@id":"https:\/\/zastalowcy.pl\/#organization","description":"O Zastalu od kibic\u00f3w \u2013 dla kibic\u00f3w","url":"https:\/\/zastalowcy.pl\/","logo":{"@type":"ImageObject","url":"https:\/\/zastalowcy.pl\/wp-content\/uploads\/2025\/09\/cropped-logo-strony-2.png","@id":"https:\/\/zastalowcy.pl\/?p=1034\/#organizationLogo","width":1862,"height":384},"image":{"@id":"https:\/\/zastalowcy.pl\/?p=1034\/#organizationLogo"}},{"@type":"Person","@id":"https:\/\/zastalowcy.pl\/?author=3#author","url":"https:\/\/zastalowcy.pl\/?author=3","name":"Joanna Nawlicka","image":{"@type":"ImageObject","@id":"https:\/\/zastalowcy.pl\/?p=1034#authorImage","url":"https:\/\/secure.gravatar.com\/avatar\/66fc557d97536ff5096b6295970275631b7a4673997738477642001957f5274c?s=96&d=mm&r=g","width":96,"height":96,"caption":"Joanna Nawlicka"}},{"@type":"WebPage","@id":"https:\/\/zastalowcy.pl\/?p=1034#webpage","url":"https:\/\/zastalowcy.pl\/?p=1034","name":"Trener Mi\u0142oszewski o sytuacji Zastalu przed Pucharem Polski -","description":"Na kilka dni przed rozpocz\u0119ciem turnieju Pekao S.A. Pucharu Polski kibic\u00f3w ORLEN Zastalu Zielona G\u00f3ra najbardziej interesuje jedno pytanie: w jakim sk\u0142adzie Zastalowcy przyst\u0105pi\u0105 do meczu ze Szczecinem? Podczas wtorkowej rozmowy trener Arkadiusz Mi\u0142oszewski nie ukrywa\u0142, \u017ce sytuacja zdrowotna zespo\u0142u wci\u0105\u017c jest dynamiczna. \u2013 Zdrowotnie jest r\u00f3\u017cnie. Andy trenowa\u0142 ju\u017c normalnie, w kontakcie jest wszystko","inLanguage":"pl-PL","isPartOf":{"@id":"https:\/\/zastalowcy.pl\/#website"},"breadcrumb":{"@id":"https:\/\/zastalowcy.pl\/?p=1034#breadcrumblist"},"author":{"@id":"https:\/\/zastalowcy.pl\/?author=3#author"},"creator":{"@id":"https:\/\/zastalowcy.pl\/?author=3#author"},"image":{"@type":"ImageObject","url":"https:\/\/zastalowcy.pl\/wp-content\/uploads\/2026\/02\/profilowe-23.png","@id":"https:\/\/zastalowcy.pl\/?p=1034\/#mainImage","width":2048,"height":2048},"primaryImageOfPage":{"@id":"https:\/\/zastalowcy.pl\/?p=1034#mainImage"},"datePublished":"2026-02-17T17:38:00+01:00","dateModified":"2026-02-21T11:27:02+01:00"},{"@type":"WebSite","@id":"https:\/\/zastalowcy.pl\/#website","url":"https:\/\/zastalowcy.pl\/","description":"O Zastalu od kibic\u00f3w \u2013 dla kibic\u00f3w","inLanguage":"pl-PL","publisher":{"@id":"https:\/\/zastalowcy.pl\/#organization"}}]},"og:locale":"pl_PL","og:site_name":"- O Zastalu od kibic\u00f3w \u2013 dla kibic\u00f3w","og:type":"article","og:title":"Trener Mi\u0142oszewski o sytuacji Zastalu przed Pucharem Polski -","og:description":"Na kilka dni przed rozpocz\u0119ciem turnieju Pekao S.A. Pucharu Polski kibic\u00f3w ORLEN Zastalu Zielona G\u00f3ra najbardziej interesuje jedno pytanie: w jakim sk\u0142adzie Zastalowcy przyst\u0105pi\u0105 do meczu ze Szczecinem? Podczas wtorkowej rozmowy trener Arkadiusz Mi\u0142oszewski nie ukrywa\u0142, \u017ce sytuacja zdrowotna zespo\u0142u wci\u0105\u017c jest dynamiczna. \u2013 Zdrowotnie jest r\u00f3\u017cnie. Andy trenowa\u0142 ju\u017c normalnie, w kontakcie jest wszystko","og:url":"https:\/\/zastalowcy.pl\/?p=1034","og:image":"https:\/\/zastalowcy.pl\/wp-content\/uploads\/2025\/09\/cropped-logo-strony-2.png","og:image:secure_url":"https:\/\/zastalowcy.pl\/wp-content\/uploads\/2025\/09\/cropped-logo-strony-2.png","og:image:width":1862,"og:image:height":384,"article:published_time":"2026-02-17T16:38:00+00:00","article:modified_time":"2026-02-21T10:27:02+00:00","twitter:card":"summary_large_image","twitter:title":"Trener Mi\u0142oszewski o sytuacji Zastalu przed Pucharem Polski -","twitter:description":"Na kilka dni przed rozpocz\u0119ciem turnieju Pekao S.A. Pucharu Polski kibic\u00f3w ORLEN Zastalu Zielona G\u00f3ra najbardziej interesuje jedno pytanie: w jakim sk\u0142adzie Zastalowcy przyst\u0105pi\u0105 do meczu ze Szczecinem? Podczas wtorkowej rozmowy trener Arkadiusz Mi\u0142oszewski nie ukrywa\u0142, \u017ce sytuacja zdrowotna zespo\u0142u wci\u0105\u017c jest dynamiczna. \u2013 Zdrowotnie jest r\u00f3\u017cnie. Andy trenowa\u0142 ju\u017c normalnie, w kontakcie jest wszystko","twitter:image":"https:\/\/zastalowcy.pl\/wp-content\/uploads\/2025\/09\/cropped-logo-strony-2.png"},"aioseo_meta_data":{"post_id":"1034","title":null,"description":null,"keywords":null,"keyphrases":null,"primary_term":null,"canonical_url":null,"og_title":null,"og_description":null,"og_object_type":"default","og_image_type":"default","og_image_custom_url":null,"og_image_custom_fields":null,"og_image_url":null,"og_image_width":null,"og_image_height":null,"og_video":null,"og_custom_url":null,"og_article_section":null,"og_article_tags":null,"twitter_use_og":false,"twitter_card":"default","twitter_image_type":"default","twitter_image_custom_url":null,"twitter_image_custom_fields":null,"twitter_image_url":null,"twitter_title":null,"twitter_description":null,"schema_type":"default","schema_type_options":null,"schema":{"blockGraphs":[],"customGraphs":[],"default":{"data":{"Article":[],"Course":[],"Dataset":[],"FAQPage":[],"Movie":[],"Person":[],"Product":[],"ProductReview":[],"Car":[],"Recipe":[],"Service":[],"SoftwareApplication":[],"WebPage":[]},"graphName":"","isEnabled":true},"graphs":[]},"pillar_content":false,"robots_default":true,"robots_noindex":false,"robots_noarchive":false,"robots_nosnippet":false,"robots_nofollow":false,"robots_noimageindex":false,"robots_noodp":false,"robots_notranslate":false,"robots_max_snippet":null,"robots_max_videopreview":null,"robots_max_imagepreview":"large","priority":null,"frequency":null,"local_seo":null,"limit_modified_date":false,"ai":null,"breadcrumb_settings":null,"seo_analyzer_scan_date":null,"created":"2026-07-15 16:59:36","updated":"2026-07-15 16:59:36","focus_keyword":null,"additional_keywords":null,"truseo_locale":null},"aioseo_breadcrumb":"<div class=\"aioseo-breadcrumbs\"><span class=\"aioseo-breadcrumb\">\n\t\t\t<a href=\"https:\/\/zastalowcy.pl\" title=\"Home\">Home<\/a>\n\t\t<\/span><span class=\"aioseo-breadcrumb-separator\">&raquo;<\/span><span class=\"aioseo-breadcrumb\">\n\t\t\t<a href=\"https:\/\/zastalowcy.pl\/?cat=9\" title=\"Sezon 2025\/2026\">Sezon 2025\/2026<\/a>\n\t\t<\/span><span class=\"aioseo-breadcrumb-separator\">&raquo;<\/span><span class=\"aioseo-breadcrumb\">\n\t\t\tTrener Mi\u0142oszewski o sytuacji Zastalu przed Pucharem Polski\n\t\t<\/span><\/div>","aioseo_breadcrumb_json":[{"label":"Home","link":"https:\/\/zastalowcy.pl"},{"label":"Sezon 2025\/2026","link":"https:\/\/zastalowcy.pl\/?cat=9"},{"label":"Trener Mi\u0142oszewski o sytuacji Zastalu przed Pucharem Polski","link":"https:\/\/zastalowcy.pl\/?p=1034"}],"_links":{"self":[{"href":"https:\/\/zastalowcy.pl\/index.php?rest_route=\/wp\/v2\/posts\/1034","targetHints":{"allow":["GET"]}}],"collection":[{"href":"https:\/\/zastalowcy.pl\/index.php?rest_route=\/wp\/v2\/posts"}],"about":[{"href":"https:\/\/zastalowcy.pl\/index.php?rest_route=\/wp\/v2\/types\/post"}],"author":[{"embeddable":true,"href":"https:\/\/zastalowcy.pl\/index.php?rest_route=\/wp\/v2\/users\/3"}],"replies":[{"embeddable":true,"href":"https:\/\/zastalowcy.pl\/index.php?rest_route=%2Fwp%2Fv2%2Fcomments&post=1034"}],"version-history":[{"count":1,"href":"https:\/\/zastalowcy.pl\/index.php?rest_route=\/wp\/v2\/posts\/1034\/revisions"}],"predecessor-version":[{"id":1036,"href":"https:\/\/zastalowcy.pl\/index.php?rest_route=\/wp\/v2\/posts\/1034\/revisions\/1036"}],"wp:featuredmedia":[{"embeddable":true,"href":"https:\/\/zastalowcy.pl\/index.php?rest_route=\/wp\/v2\/media\/1035"}],"wp:attachment":[{"href":"https:\/\/zastalowcy.pl\/index.php?rest_route=%2Fwp%2Fv2%2Fmedia&parent=1034"}],"wp:term":[{"taxonomy":"category","embeddable":true,"href":"https:\/\/zastalowcy.pl\/index.php?rest_route=%2Fwp%2Fv2%2Fcategories&post=1034"},{"taxonomy":"post_tag","embeddable":true,"href":"https:\/\/zastalowcy.pl\/index.php?rest_route=%2Fwp%2Fv2%2Ftags&post=1034"}],"curies":[{"name":"wp","href":"https:\/\/api.w.org\/{rel}","templated":true}]}}