{"id":1063,"date":"2026-02-21T10:37:52","date_gmt":"2026-02-21T09:37:52","guid":{"rendered":"https:\/\/zastalowcy.pl\/?p=1063"},"modified":"2026-02-21T11:25:58","modified_gmt":"2026-02-21T10:25:58","slug":"up-and-down-trener-miloszewski-o-sytuacji-zdrowotnej-szumerta","status":"publish","type":"post","link":"https:\/\/zastalowcy.pl\/?p=1063","title":{"rendered":"\u201eUp and down\u201d. Trener Mi\u0142oszewski o sytuacji zdrowotnej Szumerta"},"content":{"rendered":"\n<p class=\"wp-block-paragraph\">Cho\u0107 ORLEN Zastal Zielona G\u00f3ra awansowa\u0142 do p\u00f3\u0142fina\u0142u Pekao S.A. Pucharu Polski, jednym z g\u0142\u00f3wnych temat\u00f3w konferencji prasowej by\u0142a sytuacja zdrowotna zespo\u0142u. Trener Arkadiusz Mi\u0142oszewski szczeg\u00f3\u0142owo odni\u00f3s\u0142 si\u0119 do problem\u00f3w Jakuba Szumerta oraz ogranicze\u0144 w rotacji.<\/p>\n\n\n\n<h4 class=\"wp-block-heading\">Problemy trwaj\u0105 od Gdyni<\/h4>\n\n\n\n<p class=\"wp-block-paragraph\">Szkoleniowiec przyzna\u0142, \u017ce k\u0142opoty z plecami Jakuba Szumerta nie zacz\u0119\u0142y si\u0119 tu\u017c przed turniejem. \u2013 To by\u0142o ju\u017c od meczu w Gdyni. Poczu\u0142 gdzie\u015b cios w plecy. P\u00f3\u017aniej przesta\u0142o bole\u0107, by\u0142o lepiej. A potem nagle to wr\u00f3ci\u0142o ze zdwojon\u0105 si\u0142\u0105 \u2013 m\u00f3wi\u0142 trener.<\/p>\n\n\n\n<p class=\"wp-block-paragraph\">Przez d\u0142ugi czas sytuacja nie wygl\u0105da\u0142a gro\u017anie. \u2013 Zwlekali\u015bmy z badaniami, bo z dnia na dzie\u0144 by\u0142o coraz lepiej. Kogo\u015b bol\u0105 plecy \u2013 mnie te\u017c bol\u0105 plecy \u2013 wi\u0119c nie wygl\u0105da\u0142o to powa\u017cnie. Ale dwa dni przed przyjazdem tutaj pogorszy\u0142o si\u0119 i troch\u0119 si\u0119 przestraszyli\u015bmy.<\/p>\n\n\n\n<h4 class=\"wp-block-heading\">\u201eRano m\u00f3wi\u0142, \u017ce jest okej\u201d<\/h4>\n\n\n\n<p class=\"wp-block-paragraph\">Najbardziej niepokoj\u0105cy by\u0142 przebieg dnia meczowego. \u2013 Rano Kuba wsta\u0142 i m\u00f3wi\u0142, \u017ce jest wszystko okej. Przychodzimy na trening i nagle \u2013 z powrotem. Takie \u201eup and down\u201d. On to bardzo prze\u017cywa\u0142, bardzo chcia\u0142 zagra\u0107.<\/p>\n\n\n\n<p class=\"wp-block-paragraph\">Zawodnik przeszed\u0142 szczeg\u00f3\u0142ow\u0105 diagnostyk\u0119. \u2013 Dzisiaj zosta\u0142 zrobiony tomograf komputerowy i rezonans. Na tomografie nie wysz\u0142o nic. Czekam na opini\u0119 rezonansu.<\/p>\n\n\n\n<p class=\"wp-block-paragraph\">Mi\u0142oszewski nie ukrywa\u0142 nadziei. \u2013 Mam nadziej\u0119, \u017ce jutro wstanie i powie: \u201eTrenerze, mog\u0119\u201d. Oczywi\u015bcie m\u00f3wi\u0119 o cudach, ale to jest m\u0142ody organizm.<\/p>\n\n\n\n<p class=\"wp-block-paragraph\">Trener podkre\u015bli\u0142 r\u00f3wnie\u017c wsparcie ze strony reprezentacji Polski i ligi przy organizacji bada\u0144. Najprawdopodobniej decyzja o tym, czy Szumert zagra w meczu p\u00f3\u0142fina\u0142owym Pucharu Polski przeciwko WKS \u015al\u0105skowi Wroc\u0142aw zostanie ponownie podj\u0119ta po treningu lub przed samym meczem.<\/p>\n\n\n\n<p class=\"wp-block-paragraph\">\ud83c\udfc0 Zastalowcy.pl \u2013 o Zastalu od kibic\u00f3w \u2013 dla kibic\u00f3w<\/p>\n","protected":false},"excerpt":{"rendered":"<p>Cho\u0107 ORLEN Zastal Zielona G\u00f3ra awansowa\u0142 do p\u00f3\u0142fina\u0142u Pekao S.A. Pucharu Polski, jednym z g\u0142\u00f3wnych temat\u00f3w konferencji prasowej<\/p>\n","protected":false},"author":3,"featured_media":1064,"comment_status":"open","ping_status":"open","sticky":false,"template":"","format":"standard","meta":{"om_disable_all_campaigns":false,"footnotes":""},"categories":[326,9],"tags":[17,26,75,325,15,304,13,244,255,12,14,42,11,10,16],"class_list":["post-1063","post","type-post","status-publish","format-standard","has-post-thumbnail","hentry","category-puchar-polski-2026","category-sezon-2025-2026","tag-basketzg","tag-druzyna","tag-jakub-szumert","tag-jakub-szumert-plecy","tag-koszykowka","tag-kuba-szumert","tag-orlen-zastal-zielona-gora","tag-puchar-polski","tag-puchar-polski-2026","tag-zastal","tag-zastal-zielona-gora","tag-zastalowcy","tag-zielona-gora","tag-zielonagora","tag-zielonogorska-koszykowka"],"aioseo_notices":[],"aioseo_head":"\n\t\t<!-- All in One SEO 5.0.0.1 - aioseo.com -->\n\t<meta name=\"description\" content=\"Cho\u0107 ORLEN Zastal Zielona G\u00f3ra awansowa\u0142 do p\u00f3\u0142fina\u0142u Pekao S.A. Pucharu Polski, jednym z g\u0142\u00f3wnych temat\u00f3w konferencji prasowej by\u0142a sytuacja zdrowotna zespo\u0142u. Trener Arkadiusz Mi\u0142oszewski szczeg\u00f3\u0142owo odni\u00f3s\u0142 si\u0119 do problem\u00f3w Jakuba Szumerta oraz ogranicze\u0144 w rotacji. Problemy trwaj\u0105 od Gdyni Szkoleniowiec przyzna\u0142, \u017ce k\u0142opoty z plecami Jakuba Szumerta nie zacz\u0119\u0142y si\u0119 tu\u017c przed turniejem. \u2013\" \/>\n\t<meta name=\"robots\" content=\"max-image-preview:large\" \/>\n\t<meta name=\"author\" content=\"Joanna Nawlicka\"\/>\n\t<link rel=\"canonical\" href=\"https:\/\/zastalowcy.pl\/?p=1063\" \/>\n\t<meta name=\"generator\" content=\"All in One SEO (AIOSEO) 5.0.0.1\" \/>\n\t\t<meta property=\"og:locale\" content=\"pl_PL\" \/>\n\t\t<meta property=\"og:site_name\" content=\"- O Zastalu od kibic\u00f3w \u2013 dla kibic\u00f3w\" \/>\n\t\t<meta property=\"og:type\" content=\"article\" \/>\n\t\t<meta property=\"og:title\" content=\"\u201eUp and down\u201d. Trener Mi\u0142oszewski o sytuacji zdrowotnej Szumerta -\" \/>\n\t\t<meta property=\"og:description\" content=\"Cho\u0107 ORLEN Zastal Zielona G\u00f3ra awansowa\u0142 do p\u00f3\u0142fina\u0142u Pekao S.A. Pucharu Polski, jednym z g\u0142\u00f3wnych temat\u00f3w konferencji prasowej by\u0142a sytuacja zdrowotna zespo\u0142u. Trener Arkadiusz Mi\u0142oszewski szczeg\u00f3\u0142owo odni\u00f3s\u0142 si\u0119 do problem\u00f3w Jakuba Szumerta oraz ogranicze\u0144 w rotacji. Problemy trwaj\u0105 od Gdyni Szkoleniowiec przyzna\u0142, \u017ce k\u0142opoty z plecami Jakuba Szumerta nie zacz\u0119\u0142y si\u0119 tu\u017c przed turniejem. \u2013\" \/>\n\t\t<meta property=\"og:url\" content=\"https:\/\/zastalowcy.pl\/?p=1063\" \/>\n\t\t<meta property=\"og:image\" content=\"https:\/\/zastalowcy.pl\/wp-content\/uploads\/2025\/09\/cropped-logo-strony-2.png\" \/>\n\t\t<meta property=\"og:image:secure_url\" content=\"https:\/\/zastalowcy.pl\/wp-content\/uploads\/2025\/09\/cropped-logo-strony-2.png\" \/>\n\t\t<meta property=\"og:image:width\" content=\"1862\" \/>\n\t\t<meta property=\"og:image:height\" content=\"384\" \/>\n\t\t<meta property=\"article:published_time\" content=\"2026-02-21T09:37:52+00:00\" \/>\n\t\t<meta property=\"article:modified_time\" content=\"2026-02-21T10:25:58+00:00\" \/>\n\t\t<meta name=\"twitter:card\" content=\"summary_large_image\" \/>\n\t\t<meta name=\"twitter:title\" content=\"\u201eUp and down\u201d. Trener Mi\u0142oszewski o sytuacji zdrowotnej Szumerta -\" \/>\n\t\t<meta name=\"twitter:description\" content=\"Cho\u0107 ORLEN Zastal Zielona G\u00f3ra awansowa\u0142 do p\u00f3\u0142fina\u0142u Pekao S.A. Pucharu Polski, jednym z g\u0142\u00f3wnych temat\u00f3w konferencji prasowej by\u0142a sytuacja zdrowotna zespo\u0142u. Trener Arkadiusz Mi\u0142oszewski szczeg\u00f3\u0142owo odni\u00f3s\u0142 si\u0119 do problem\u00f3w Jakuba Szumerta oraz ogranicze\u0144 w rotacji. Problemy trwaj\u0105 od Gdyni Szkoleniowiec przyzna\u0142, \u017ce k\u0142opoty z plecami Jakuba Szumerta nie zacz\u0119\u0142y si\u0119 tu\u017c przed turniejem. \u2013\" \/>\n\t\t<meta name=\"twitter:image\" content=\"https:\/\/zastalowcy.pl\/wp-content\/uploads\/2025\/09\/cropped-logo-strony-2.png\" \/>\n\t\t<script type=\"application\/ld+json\" class=\"aioseo-schema\">\n\t\t\t{\"@context\":\"https:\\\/\\\/schema.org\",\"@graph\":[{\"@type\":\"BlogPosting\",\"@id\":\"https:\\\/\\\/zastalowcy.pl\\\/?p=1063#blogposting\",\"name\":\"\\u201eUp and down\\u201d. Trener Mi\\u0142oszewski o sytuacji zdrowotnej Szumerta -\",\"headline\":\"\\u201eUp and down\\u201d. Trener Mi\\u0142oszewski o sytuacji zdrowotnej Szumerta\",\"author\":{\"@id\":\"https:\\\/\\\/zastalowcy.pl\\\/?author=3#author\"},\"publisher\":{\"@id\":\"https:\\\/\\\/zastalowcy.pl\\\/#organization\"},\"image\":{\"@type\":\"ImageObject\",\"url\":\"https:\\\/\\\/zastalowcy.pl\\\/wp-content\\\/uploads\\\/2026\\\/02\\\/profilowe-1.png\",\"width\":2048,\"height\":2048},\"datePublished\":\"2026-02-21T10:37:52+01:00\",\"dateModified\":\"2026-02-21T11:25:58+01:00\",\"inLanguage\":\"pl-PL\",\"mainEntityOfPage\":{\"@id\":\"https:\\\/\\\/zastalowcy.pl\\\/?p=1063#webpage\"},\"isPartOf\":{\"@id\":\"https:\\\/\\\/zastalowcy.pl\\\/?p=1063#webpage\"},\"articleSection\":\"Puchar Polski 2026, Sezon 2025\\\/2026, basketzg, dru\\u017cyna, jakub szumert, jakub szumert plecy, koszyk\\u00f3wka, kuba szumert, orlen zastal zielona g\\u00f3ra, puchar polski, puchar polski 2026, zastal, zastal zielona g\\u00f3ra, zastalowcy, zielona g\\u00f3ra, zielonagora, zielonog\\u00f3rska koszyk\\u00f3wka\"},{\"@type\":\"BreadcrumbList\",\"@id\":\"https:\\\/\\\/zastalowcy.pl\\\/?p=1063#breadcrumblist\",\"itemListElement\":[{\"@type\":\"ListItem\",\"@id\":\"https:\\\/\\\/zastalowcy.pl#listItem\",\"position\":1,\"name\":\"Home\",\"item\":\"https:\\\/\\\/zastalowcy.pl\",\"nextItem\":{\"@type\":\"ListItem\",\"@id\":\"https:\\\/\\\/zastalowcy.pl\\\/?cat=9#listItem\",\"name\":\"Sezon 2025\\\/2026\"}},{\"@type\":\"ListItem\",\"@id\":\"https:\\\/\\\/zastalowcy.pl\\\/?cat=9#listItem\",\"position\":2,\"name\":\"Sezon 2025\\\/2026\",\"item\":\"https:\\\/\\\/zastalowcy.pl\\\/?cat=9\",\"nextItem\":{\"@type\":\"ListItem\",\"@id\":\"https:\\\/\\\/zastalowcy.pl\\\/?p=1063#listItem\",\"name\":\"\\u201eUp and down\\u201d. Trener Mi\\u0142oszewski o sytuacji zdrowotnej Szumerta\"},\"previousItem\":{\"@type\":\"ListItem\",\"@id\":\"https:\\\/\\\/zastalowcy.pl#listItem\",\"name\":\"Home\"}},{\"@type\":\"ListItem\",\"@id\":\"https:\\\/\\\/zastalowcy.pl\\\/?p=1063#listItem\",\"position\":3,\"name\":\"\\u201eUp and down\\u201d. Trener Mi\\u0142oszewski o sytuacji zdrowotnej Szumerta\",\"previousItem\":{\"@type\":\"ListItem\",\"@id\":\"https:\\\/\\\/zastalowcy.pl\\\/?cat=9#listItem\",\"name\":\"Sezon 2025\\\/2026\"}}]},{\"@type\":\"Organization\",\"@id\":\"https:\\\/\\\/zastalowcy.pl\\\/#organization\",\"description\":\"O Zastalu od kibic\\u00f3w \\u2013 dla kibic\\u00f3w\",\"url\":\"https:\\\/\\\/zastalowcy.pl\\\/\",\"logo\":{\"@type\":\"ImageObject\",\"url\":\"https:\\\/\\\/zastalowcy.pl\\\/wp-content\\\/uploads\\\/2025\\\/09\\\/cropped-logo-strony-2.png\",\"@id\":\"https:\\\/\\\/zastalowcy.pl\\\/?p=1063\\\/#organizationLogo\",\"width\":1862,\"height\":384},\"image\":{\"@id\":\"https:\\\/\\\/zastalowcy.pl\\\/?p=1063\\\/#organizationLogo\"}},{\"@type\":\"Person\",\"@id\":\"https:\\\/\\\/zastalowcy.pl\\\/?author=3#author\",\"url\":\"https:\\\/\\\/zastalowcy.pl\\\/?author=3\",\"name\":\"Joanna Nawlicka\",\"image\":{\"@type\":\"ImageObject\",\"@id\":\"https:\\\/\\\/zastalowcy.pl\\\/?p=1063#authorImage\",\"url\":\"https:\\\/\\\/secure.gravatar.com\\\/avatar\\\/66fc557d97536ff5096b6295970275631b7a4673997738477642001957f5274c?s=96&d=mm&r=g\",\"width\":96,\"height\":96,\"caption\":\"Joanna Nawlicka\"}},{\"@type\":\"WebPage\",\"@id\":\"https:\\\/\\\/zastalowcy.pl\\\/?p=1063#webpage\",\"url\":\"https:\\\/\\\/zastalowcy.pl\\\/?p=1063\",\"name\":\"\\u201eUp and down\\u201d. Trener Mi\\u0142oszewski o sytuacji zdrowotnej Szumerta -\",\"description\":\"Cho\\u0107 ORLEN Zastal Zielona G\\u00f3ra awansowa\\u0142 do p\\u00f3\\u0142fina\\u0142u Pekao S.A. Pucharu Polski, jednym z g\\u0142\\u00f3wnych temat\\u00f3w konferencji prasowej by\\u0142a sytuacja zdrowotna zespo\\u0142u. Trener Arkadiusz Mi\\u0142oszewski szczeg\\u00f3\\u0142owo odni\\u00f3s\\u0142 si\\u0119 do problem\\u00f3w Jakuba Szumerta oraz ogranicze\\u0144 w rotacji. Problemy trwaj\\u0105 od Gdyni Szkoleniowiec przyzna\\u0142, \\u017ce k\\u0142opoty z plecami Jakuba Szumerta nie zacz\\u0119\\u0142y si\\u0119 tu\\u017c przed turniejem. \\u2013\",\"inLanguage\":\"pl-PL\",\"isPartOf\":{\"@id\":\"https:\\\/\\\/zastalowcy.pl\\\/#website\"},\"breadcrumb\":{\"@id\":\"https:\\\/\\\/zastalowcy.pl\\\/?p=1063#breadcrumblist\"},\"author\":{\"@id\":\"https:\\\/\\\/zastalowcy.pl\\\/?author=3#author\"},\"creator\":{\"@id\":\"https:\\\/\\\/zastalowcy.pl\\\/?author=3#author\"},\"image\":{\"@type\":\"ImageObject\",\"url\":\"https:\\\/\\\/zastalowcy.pl\\\/wp-content\\\/uploads\\\/2026\\\/02\\\/profilowe-1.png\",\"@id\":\"https:\\\/\\\/zastalowcy.pl\\\/?p=1063\\\/#mainImage\",\"width\":2048,\"height\":2048},\"primaryImageOfPage\":{\"@id\":\"https:\\\/\\\/zastalowcy.pl\\\/?p=1063#mainImage\"},\"datePublished\":\"2026-02-21T10:37:52+01:00\",\"dateModified\":\"2026-02-21T11:25:58+01:00\"},{\"@type\":\"WebSite\",\"@id\":\"https:\\\/\\\/zastalowcy.pl\\\/#website\",\"url\":\"https:\\\/\\\/zastalowcy.pl\\\/\",\"description\":\"O Zastalu od kibic\\u00f3w \\u2013 dla kibic\\u00f3w\",\"inLanguage\":\"pl-PL\",\"publisher\":{\"@id\":\"https:\\\/\\\/zastalowcy.pl\\\/#organization\"}}]}\n\t\t<\/script>\n\t\t<!-- All in One SEO -->\n\n","aioseo_head_json":{"title":"\u201eUp and down\u201d. Trener Mi\u0142oszewski o sytuacji zdrowotnej Szumerta -","description":"Cho\u0107 ORLEN Zastal Zielona G\u00f3ra awansowa\u0142 do p\u00f3\u0142fina\u0142u Pekao S.A. Pucharu Polski, jednym z g\u0142\u00f3wnych temat\u00f3w konferencji prasowej by\u0142a sytuacja zdrowotna zespo\u0142u. Trener Arkadiusz Mi\u0142oszewski szczeg\u00f3\u0142owo odni\u00f3s\u0142 si\u0119 do problem\u00f3w Jakuba Szumerta oraz ogranicze\u0144 w rotacji. Problemy trwaj\u0105 od Gdyni Szkoleniowiec przyzna\u0142, \u017ce k\u0142opoty z plecami Jakuba Szumerta nie zacz\u0119\u0142y si\u0119 tu\u017c przed turniejem. \u2013","canonical_url":"https:\/\/zastalowcy.pl\/?p=1063","robots":"max-image-preview:large","keywords":"","webmasterTools":{"miscellaneous":""},"schema":{"@context":"https:\/\/schema.org","@graph":[{"@type":"BlogPosting","@id":"https:\/\/zastalowcy.pl\/?p=1063#blogposting","name":"\u201eUp and down\u201d. Trener Mi\u0142oszewski o sytuacji zdrowotnej Szumerta -","headline":"\u201eUp and down\u201d. Trener Mi\u0142oszewski o sytuacji zdrowotnej Szumerta","author":{"@id":"https:\/\/zastalowcy.pl\/?author=3#author"},"publisher":{"@id":"https:\/\/zastalowcy.pl\/#organization"},"image":{"@type":"ImageObject","url":"https:\/\/zastalowcy.pl\/wp-content\/uploads\/2026\/02\/profilowe-1.png","width":2048,"height":2048},"datePublished":"2026-02-21T10:37:52+01:00","dateModified":"2026-02-21T11:25:58+01:00","inLanguage":"pl-PL","mainEntityOfPage":{"@id":"https:\/\/zastalowcy.pl\/?p=1063#webpage"},"isPartOf":{"@id":"https:\/\/zastalowcy.pl\/?p=1063#webpage"},"articleSection":"Puchar Polski 2026, Sezon 2025\/2026, basketzg, dru\u017cyna, jakub szumert, jakub szumert plecy, koszyk\u00f3wka, kuba szumert, orlen zastal zielona g\u00f3ra, puchar polski, puchar polski 2026, zastal, zastal zielona g\u00f3ra, zastalowcy, zielona g\u00f3ra, zielonagora, zielonog\u00f3rska koszyk\u00f3wka"},{"@type":"BreadcrumbList","@id":"https:\/\/zastalowcy.pl\/?p=1063#breadcrumblist","itemListElement":[{"@type":"ListItem","@id":"https:\/\/zastalowcy.pl#listItem","position":1,"name":"Home","item":"https:\/\/zastalowcy.pl","nextItem":{"@type":"ListItem","@id":"https:\/\/zastalowcy.pl\/?cat=9#listItem","name":"Sezon 2025\/2026"}},{"@type":"ListItem","@id":"https:\/\/zastalowcy.pl\/?cat=9#listItem","position":2,"name":"Sezon 2025\/2026","item":"https:\/\/zastalowcy.pl\/?cat=9","nextItem":{"@type":"ListItem","@id":"https:\/\/zastalowcy.pl\/?p=1063#listItem","name":"\u201eUp and down\u201d. Trener Mi\u0142oszewski o sytuacji zdrowotnej Szumerta"},"previousItem":{"@type":"ListItem","@id":"https:\/\/zastalowcy.pl#listItem","name":"Home"}},{"@type":"ListItem","@id":"https:\/\/zastalowcy.pl\/?p=1063#listItem","position":3,"name":"\u201eUp and down\u201d. Trener Mi\u0142oszewski o sytuacji zdrowotnej Szumerta","previousItem":{"@type":"ListItem","@id":"https:\/\/zastalowcy.pl\/?cat=9#listItem","name":"Sezon 2025\/2026"}}]},{"@type":"Organization","@id":"https:\/\/zastalowcy.pl\/#organization","description":"O Zastalu od kibic\u00f3w \u2013 dla kibic\u00f3w","url":"https:\/\/zastalowcy.pl\/","logo":{"@type":"ImageObject","url":"https:\/\/zastalowcy.pl\/wp-content\/uploads\/2025\/09\/cropped-logo-strony-2.png","@id":"https:\/\/zastalowcy.pl\/?p=1063\/#organizationLogo","width":1862,"height":384},"image":{"@id":"https:\/\/zastalowcy.pl\/?p=1063\/#organizationLogo"}},{"@type":"Person","@id":"https:\/\/zastalowcy.pl\/?author=3#author","url":"https:\/\/zastalowcy.pl\/?author=3","name":"Joanna Nawlicka","image":{"@type":"ImageObject","@id":"https:\/\/zastalowcy.pl\/?p=1063#authorImage","url":"https:\/\/secure.gravatar.com\/avatar\/66fc557d97536ff5096b6295970275631b7a4673997738477642001957f5274c?s=96&d=mm&r=g","width":96,"height":96,"caption":"Joanna Nawlicka"}},{"@type":"WebPage","@id":"https:\/\/zastalowcy.pl\/?p=1063#webpage","url":"https:\/\/zastalowcy.pl\/?p=1063","name":"\u201eUp and down\u201d. Trener Mi\u0142oszewski o sytuacji zdrowotnej Szumerta -","description":"Cho\u0107 ORLEN Zastal Zielona G\u00f3ra awansowa\u0142 do p\u00f3\u0142fina\u0142u Pekao S.A. Pucharu Polski, jednym z g\u0142\u00f3wnych temat\u00f3w konferencji prasowej by\u0142a sytuacja zdrowotna zespo\u0142u. Trener Arkadiusz Mi\u0142oszewski szczeg\u00f3\u0142owo odni\u00f3s\u0142 si\u0119 do problem\u00f3w Jakuba Szumerta oraz ogranicze\u0144 w rotacji. Problemy trwaj\u0105 od Gdyni Szkoleniowiec przyzna\u0142, \u017ce k\u0142opoty z plecami Jakuba Szumerta nie zacz\u0119\u0142y si\u0119 tu\u017c przed turniejem. \u2013","inLanguage":"pl-PL","isPartOf":{"@id":"https:\/\/zastalowcy.pl\/#website"},"breadcrumb":{"@id":"https:\/\/zastalowcy.pl\/?p=1063#breadcrumblist"},"author":{"@id":"https:\/\/zastalowcy.pl\/?author=3#author"},"creator":{"@id":"https:\/\/zastalowcy.pl\/?author=3#author"},"image":{"@type":"ImageObject","url":"https:\/\/zastalowcy.pl\/wp-content\/uploads\/2026\/02\/profilowe-1.png","@id":"https:\/\/zastalowcy.pl\/?p=1063\/#mainImage","width":2048,"height":2048},"primaryImageOfPage":{"@id":"https:\/\/zastalowcy.pl\/?p=1063#mainImage"},"datePublished":"2026-02-21T10:37:52+01:00","dateModified":"2026-02-21T11:25:58+01:00"},{"@type":"WebSite","@id":"https:\/\/zastalowcy.pl\/#website","url":"https:\/\/zastalowcy.pl\/","description":"O Zastalu od kibic\u00f3w \u2013 dla kibic\u00f3w","inLanguage":"pl-PL","publisher":{"@id":"https:\/\/zastalowcy.pl\/#organization"}}]},"og:locale":"pl_PL","og:site_name":"- O Zastalu od kibic\u00f3w \u2013 dla kibic\u00f3w","og:type":"article","og:title":"\u201eUp and down\u201d. Trener Mi\u0142oszewski o sytuacji zdrowotnej Szumerta -","og:description":"Cho\u0107 ORLEN Zastal Zielona G\u00f3ra awansowa\u0142 do p\u00f3\u0142fina\u0142u Pekao S.A. Pucharu Polski, jednym z g\u0142\u00f3wnych temat\u00f3w konferencji prasowej by\u0142a sytuacja zdrowotna zespo\u0142u. Trener Arkadiusz Mi\u0142oszewski szczeg\u00f3\u0142owo odni\u00f3s\u0142 si\u0119 do problem\u00f3w Jakuba Szumerta oraz ogranicze\u0144 w rotacji. Problemy trwaj\u0105 od Gdyni Szkoleniowiec przyzna\u0142, \u017ce k\u0142opoty z plecami Jakuba Szumerta nie zacz\u0119\u0142y si\u0119 tu\u017c przed turniejem. \u2013","og:url":"https:\/\/zastalowcy.pl\/?p=1063","og:image":"https:\/\/zastalowcy.pl\/wp-content\/uploads\/2025\/09\/cropped-logo-strony-2.png","og:image:secure_url":"https:\/\/zastalowcy.pl\/wp-content\/uploads\/2025\/09\/cropped-logo-strony-2.png","og:image:width":1862,"og:image:height":384,"article:published_time":"2026-02-21T09:37:52+00:00","article:modified_time":"2026-02-21T10:25:58+00:00","twitter:card":"summary_large_image","twitter:title":"\u201eUp and down\u201d. Trener Mi\u0142oszewski o sytuacji zdrowotnej Szumerta -","twitter:description":"Cho\u0107 ORLEN Zastal Zielona G\u00f3ra awansowa\u0142 do p\u00f3\u0142fina\u0142u Pekao S.A. Pucharu Polski, jednym z g\u0142\u00f3wnych temat\u00f3w konferencji prasowej by\u0142a sytuacja zdrowotna zespo\u0142u. Trener Arkadiusz Mi\u0142oszewski szczeg\u00f3\u0142owo odni\u00f3s\u0142 si\u0119 do problem\u00f3w Jakuba Szumerta oraz ogranicze\u0144 w rotacji. Problemy trwaj\u0105 od Gdyni Szkoleniowiec przyzna\u0142, \u017ce k\u0142opoty z plecami Jakuba Szumerta nie zacz\u0119\u0142y si\u0119 tu\u017c przed turniejem. \u2013","twitter:image":"https:\/\/zastalowcy.pl\/wp-content\/uploads\/2025\/09\/cropped-logo-strony-2.png"},"aioseo_meta_data":{"post_id":"1063","title":null,"description":null,"keywords":null,"keyphrases":null,"primary_term":null,"canonical_url":null,"og_title":null,"og_description":null,"og_object_type":"default","og_image_type":"default","og_image_custom_url":null,"og_image_custom_fields":null,"og_image_url":null,"og_image_width":null,"og_image_height":null,"og_video":null,"og_custom_url":null,"og_article_section":null,"og_article_tags":null,"twitter_use_og":false,"twitter_card":"default","twitter_image_type":"default","twitter_image_custom_url":null,"twitter_image_custom_fields":null,"twitter_image_url":null,"twitter_title":null,"twitter_description":null,"schema_type":"default","schema_type_options":null,"schema":{"blockGraphs":[],"customGraphs":[],"default":{"data":{"Article":[],"Course":[],"Dataset":[],"FAQPage":[],"Movie":[],"Person":[],"Product":[],"ProductReview":[],"Car":[],"Recipe":[],"Service":[],"SoftwareApplication":[],"WebPage":[]},"graphName":"","isEnabled":true},"graphs":[]},"pillar_content":false,"robots_default":true,"robots_noindex":false,"robots_noarchive":false,"robots_nosnippet":false,"robots_nofollow":false,"robots_noimageindex":false,"robots_noodp":false,"robots_notranslate":false,"robots_max_snippet":null,"robots_max_videopreview":null,"robots_max_imagepreview":"large","priority":null,"frequency":null,"local_seo":null,"limit_modified_date":false,"ai":null,"breadcrumb_settings":null,"seo_analyzer_scan_date":null,"created":"2026-07-15 17:03:39","updated":"2026-07-15 17:03:39","focus_keyword":null,"additional_keywords":null,"truseo_locale":null},"aioseo_breadcrumb":"<div class=\"aioseo-breadcrumbs\"><span class=\"aioseo-breadcrumb\">\n\t\t\t<a href=\"https:\/\/zastalowcy.pl\" title=\"Home\">Home<\/a>\n\t\t<\/span><span class=\"aioseo-breadcrumb-separator\">&raquo;<\/span><span class=\"aioseo-breadcrumb\">\n\t\t\t<a href=\"https:\/\/zastalowcy.pl\/?cat=9\" title=\"Sezon 2025\/2026\">Sezon 2025\/2026<\/a>\n\t\t<\/span><span class=\"aioseo-breadcrumb-separator\">&raquo;<\/span><span class=\"aioseo-breadcrumb\">\n\t\t\t\u201eUp and down\u201d. Trener Mi\u0142oszewski o sytuacji zdrowotnej Szumerta\n\t\t<\/span><\/div>","aioseo_breadcrumb_json":[{"label":"Home","link":"https:\/\/zastalowcy.pl"},{"label":"Sezon 2025\/2026","link":"https:\/\/zastalowcy.pl\/?cat=9"},{"label":"\u201eUp and down\u201d. Trener Mi\u0142oszewski o sytuacji zdrowotnej Szumerta","link":"https:\/\/zastalowcy.pl\/?p=1063"}],"_links":{"self":[{"href":"https:\/\/zastalowcy.pl\/index.php?rest_route=\/wp\/v2\/posts\/1063","targetHints":{"allow":["GET"]}}],"collection":[{"href":"https:\/\/zastalowcy.pl\/index.php?rest_route=\/wp\/v2\/posts"}],"about":[{"href":"https:\/\/zastalowcy.pl\/index.php?rest_route=\/wp\/v2\/types\/post"}],"author":[{"embeddable":true,"href":"https:\/\/zastalowcy.pl\/index.php?rest_route=\/wp\/v2\/users\/3"}],"replies":[{"embeddable":true,"href":"https:\/\/zastalowcy.pl\/index.php?rest_route=%2Fwp%2Fv2%2Fcomments&post=1063"}],"version-history":[{"count":1,"href":"https:\/\/zastalowcy.pl\/index.php?rest_route=\/wp\/v2\/posts\/1063\/revisions"}],"predecessor-version":[{"id":1065,"href":"https:\/\/zastalowcy.pl\/index.php?rest_route=\/wp\/v2\/posts\/1063\/revisions\/1065"}],"wp:featuredmedia":[{"embeddable":true,"href":"https:\/\/zastalowcy.pl\/index.php?rest_route=\/wp\/v2\/media\/1064"}],"wp:attachment":[{"href":"https:\/\/zastalowcy.pl\/index.php?rest_route=%2Fwp%2Fv2%2Fmedia&parent=1063"}],"wp:term":[{"taxonomy":"category","embeddable":true,"href":"https:\/\/zastalowcy.pl\/index.php?rest_route=%2Fwp%2Fv2%2Fcategories&post=1063"},{"taxonomy":"post_tag","embeddable":true,"href":"https:\/\/zastalowcy.pl\/index.php?rest_route=%2Fwp%2Fv2%2Ftags&post=1063"}],"curies":[{"name":"wp","href":"https:\/\/api.w.org\/{rel}","templated":true}]}}