{"id":1100,"date":"2026-02-22T13:06:02","date_gmt":"2026-02-22T12:06:02","guid":{"rendered":"https:\/\/zastalowcy.pl\/?p=1100"},"modified":"2026-02-22T13:06:02","modified_gmt":"2026-02-22T12:06:02","slug":"miloszewski-o-treflu-jestem-pelen-podziwu-to-inna-koszykowka","status":"publish","type":"post","link":"https:\/\/zastalowcy.pl\/?p=1100","title":{"rendered":"Mi\u0142oszewski o Treflu: \u201eJestem pe\u0142en podziwu. To inna koszyk\u00f3wka\u201d"},"content":{"rendered":"\n<p class=\"wp-block-paragraph\">Przed fina\u0142em Pekao S.A. Pucharu Polski trener ORLEN Zastalu Zielona G\u00f3ra Arkadiusz Mi\u0142oszewski nie ukrywa szacunku dla Energi Trefla Sopot i pracy trenera \u017bana Larkasa. Jednocze\u015bnie przyznaje, \u017ce to rywal zupe\u0142nie inny ni\u017c WKS \u015al\u0105sk Wroc\u0142aw \u2013 i w\u0142a\u015bnie ta \u201einno\u015b\u0107\u201d mo\u017ce by\u0107 najwi\u0119kszym wyzwaniem.<\/p>\n\n\n\n<p class=\"wp-block-paragraph\">\u2013 Znam bardzo dobrze trenera Larkasa, bo byli\u015bmy razem w EFICC w starych czasach. Patrz\u0105c na zespo\u0142y, kt\u00f3re graj\u0105 w naszej koszyk\u00f3wce, naprawd\u0119 jestem pe\u0142en podziwu dla jego pracy i tego, jak graj\u0105 \u2013 m\u00f3wi szkoleniowiec Zastalu.<\/p>\n\n\n\n<h4 class=\"wp-block-heading\">Tempo, energia i zespo\u0142owo\u015b\u0107<\/h4>\n\n\n\n<p class=\"wp-block-paragraph\">Mi\u0142oszewski podkre\u015bla, \u017ce Trefl to dru\u017cyna graj\u0105ca szybko, zespo\u0142owo i z ogromn\u0105 energi\u0105. \u2013 Graj\u0105 szybk\u0105 koszyk\u00f3wk\u0119, graj\u0105 koszyk\u00f3wk\u0119 zespo\u0142ow\u0105. Rotacji jest du\u017co, ale przez to, \u017ce potrzebuj\u0105 bardzo, bardzo du\u017co energii \u2013 zaznacza.<\/p>\n\n\n\n<p class=\"wp-block-paragraph\">To w\u0142a\u015bnie tempo gry sopocian budzi najwi\u0119ksze obawy trenera Zastalu. \u2013 Boj\u0119 si\u0119 troszk\u0119 ich tempa. Mam nadziej\u0119, \u017ce po dw\u00f3ch meczach\u2026 Dzisiaj tego meczu przeciwko G\u00f3rnikowi nie widzia\u0142em i nie wiem, czy graj\u0105 tak samo szybko i skutecznie. Tego si\u0119 obawiam \u2013 przyznaje.<\/p>\n\n\n\n<h4 class=\"wp-block-heading\">Lepsze match-upy? To mo\u017ce by\u0107 pu\u0142apka<\/h4>\n\n\n\n<p class=\"wp-block-paragraph\">Zastal mierzy\u0142 si\u0119 w p\u00f3\u0142finale z bardzo fizycznym \u015al\u0105skiem. Trefl prezentuje zupe\u0142nie inny profil. \u2013 Patrz\u0105c na match-upy, wydaje mi si\u0119, \u017ce s\u0105 dla mnie lepsze, bo nie ma takich silnych zawodnik\u00f3w jak tu w \u015al\u0105sku \u2013 ocenia Mi\u0142oszewski.<\/p>\n\n\n\n<p class=\"wp-block-paragraph\">Jednocze\u015bnie dodaje, \u017ce w\u0142a\u015bnie mobilno\u015b\u0107 i dynamika rywala mog\u0105 okaza\u0107 si\u0119 problemem. \u2013 Z drugiej strony mo\u017ce by\u0107 to naszym przekle\u0144stwem. S\u0105 bardzo mobilni, graj\u0105 du\u017co tzw. ghost screen\u00f3w. Na to musimy by\u0107 przygotowani, bo to jest co\u015b innego w naszej lidze. Jeste\u015bmy czasami przewidywalni jako trenerzy, a trener Larkas wprowadzi\u0142 co\u015b innego \u2013 t\u0142umaczy\u0142 szkoleniowiec Zastalowc\u00f3w.<\/p>\n\n\n\n<h4 class=\"wp-block-heading\">Szacunek i realizm<\/h4>\n\n\n\n<p class=\"wp-block-paragraph\">W s\u0142owach trenera Zastalu wyra\u017anie wybrzmiewa uznanie dla sopockiego projektu. \u2013 Naprawd\u0119 jestem pe\u0142en podziwu. Sam chcia\u0142bym takie rzeczy powprowadza\u0107. Pr\u00f3buj\u0119 to robi\u0107, ale nie mog\u0119 w trakcie ca\u0142ego sezonu nagle wszystkiego zmieni\u0107. To jest fajna koszyk\u00f3wka \u2013 m\u00f3wi.<\/p>\n\n\n\n<p class=\"wp-block-paragraph\">Obie dru\u017cyny znaj\u0105 si\u0119 z ligowych parkiet\u00f3w. \u2013 Mamy jeden jeden w lidze. My\u015bl\u0119, \u017ce mogli\u015bmy pokusi\u0107 si\u0119 te\u017c o zwyci\u0119stwo w Sopocie. Mamy swoje problemy. Z tego, co wiem, to trener Larkas i Trefl te\u017c maj\u0105 problemy. Zobaczymy. Dyspozycja dnia pewnie zadecyduje.<\/p>\n\n\n\n<p class=\"wp-block-paragraph\">Fina\u0142 zapowiada si\u0119 wi\u0119c jako starcie dw\u00f3ch odmiennych filozofii: tempa i energii kontra do\u015bwiadczenie i kontrola. O tym, kto podniesie Puchar Polski, zdecyduje nie tylko taktyka \u2013 ale tak\u017ce forma i konsekwencja.<\/p>\n\n\n\n<p class=\"wp-block-paragraph\">\ud83c\udfc0 Zastalowcy.pl \u2013 o Zastalu od kibic\u00f3w \u2013 dla kibic\u00f3w<\/p>\n\n\n\n<p class=\"wp-block-paragraph\"><\/p>\n","protected":false},"excerpt":{"rendered":"<p>Przed fina\u0142em Pekao S.A. Pucharu Polski trener ORLEN Zastalu Zielona G\u00f3ra Arkadiusz Mi\u0142oszewski nie ukrywa szacunku dla Energi<\/p>\n","protected":false},"author":3,"featured_media":1101,"comment_status":"open","ping_status":"open","sticky":false,"template":"","format":"standard","meta":{"om_disable_all_campaigns":false,"footnotes":""},"categories":[18,326,9],"tags":[17,26,15,13,244,255,245,148,12,14,42,11,10,16],"class_list":["post-1100","post","type-post","status-publish","format-standard","has-post-thumbnail","hentry","category-aktualnosci","category-puchar-polski-2026","category-sezon-2025-2026","tag-basketzg","tag-druzyna","tag-koszykowka","tag-orlen-zastal-zielona-gora","tag-puchar-polski","tag-puchar-polski-2026","tag-puchar-polski-sosnowiec","tag-trefl-sopot","tag-zastal","tag-zastal-zielona-gora","tag-zastalowcy","tag-zielona-gora","tag-zielonagora","tag-zielonogorska-koszykowka"],"aioseo_notices":[],"aioseo_head":"\n\t\t<!-- All in One SEO 5.0.0.1 - aioseo.com -->\n\t<meta name=\"description\" content=\"Przed fina\u0142em Pekao S.A. Pucharu Polski trener ORLEN Zastalu Zielona G\u00f3ra Arkadiusz Mi\u0142oszewski nie ukrywa szacunku dla Energi Trefla Sopot i pracy trenera \u017bana Larkasa. Jednocze\u015bnie przyznaje, \u017ce to rywal zupe\u0142nie inny ni\u017c WKS \u015al\u0105sk Wroc\u0142aw \u2013 i w\u0142a\u015bnie ta \u201einno\u015b\u0107\u201d mo\u017ce by\u0107 najwi\u0119kszym wyzwaniem. \u2013 Znam bardzo dobrze trenera Larkasa, bo byli\u015bmy razem w\" \/>\n\t<meta name=\"robots\" content=\"max-image-preview:large\" \/>\n\t<meta name=\"author\" content=\"Joanna Nawlicka\"\/>\n\t<link rel=\"canonical\" href=\"https:\/\/zastalowcy.pl\/?p=1100\" \/>\n\t<meta name=\"generator\" content=\"All in One SEO (AIOSEO) 5.0.0.1\" \/>\n\t\t<meta property=\"og:locale\" content=\"pl_PL\" \/>\n\t\t<meta property=\"og:site_name\" content=\"- O Zastalu od kibic\u00f3w \u2013 dla kibic\u00f3w\" \/>\n\t\t<meta property=\"og:type\" content=\"article\" \/>\n\t\t<meta property=\"og:title\" content=\"Mi\u0142oszewski o Treflu: \u201eJestem pe\u0142en podziwu. To inna koszyk\u00f3wka\u201d -\" \/>\n\t\t<meta property=\"og:description\" content=\"Przed fina\u0142em Pekao S.A. Pucharu Polski trener ORLEN Zastalu Zielona G\u00f3ra Arkadiusz Mi\u0142oszewski nie ukrywa szacunku dla Energi Trefla Sopot i pracy trenera \u017bana Larkasa. Jednocze\u015bnie przyznaje, \u017ce to rywal zupe\u0142nie inny ni\u017c WKS \u015al\u0105sk Wroc\u0142aw \u2013 i w\u0142a\u015bnie ta \u201einno\u015b\u0107\u201d mo\u017ce by\u0107 najwi\u0119kszym wyzwaniem. \u2013 Znam bardzo dobrze trenera Larkasa, bo byli\u015bmy razem w\" \/>\n\t\t<meta property=\"og:url\" content=\"https:\/\/zastalowcy.pl\/?p=1100\" \/>\n\t\t<meta property=\"og:image\" content=\"https:\/\/zastalowcy.pl\/wp-content\/uploads\/2025\/09\/cropped-logo-strony-2.png\" \/>\n\t\t<meta property=\"og:image:secure_url\" content=\"https:\/\/zastalowcy.pl\/wp-content\/uploads\/2025\/09\/cropped-logo-strony-2.png\" \/>\n\t\t<meta property=\"og:image:width\" content=\"1862\" \/>\n\t\t<meta property=\"og:image:height\" content=\"384\" \/>\n\t\t<meta property=\"article:published_time\" content=\"2026-02-22T12:06:02+00:00\" \/>\n\t\t<meta property=\"article:modified_time\" content=\"2026-02-22T12:06:02+00:00\" \/>\n\t\t<meta name=\"twitter:card\" content=\"summary_large_image\" \/>\n\t\t<meta name=\"twitter:title\" content=\"Mi\u0142oszewski o Treflu: \u201eJestem pe\u0142en podziwu. To inna koszyk\u00f3wka\u201d -\" \/>\n\t\t<meta name=\"twitter:description\" content=\"Przed fina\u0142em Pekao S.A. Pucharu Polski trener ORLEN Zastalu Zielona G\u00f3ra Arkadiusz Mi\u0142oszewski nie ukrywa szacunku dla Energi Trefla Sopot i pracy trenera \u017bana Larkasa. Jednocze\u015bnie przyznaje, \u017ce to rywal zupe\u0142nie inny ni\u017c WKS \u015al\u0105sk Wroc\u0142aw \u2013 i w\u0142a\u015bnie ta \u201einno\u015b\u0107\u201d mo\u017ce by\u0107 najwi\u0119kszym wyzwaniem. \u2013 Znam bardzo dobrze trenera Larkasa, bo byli\u015bmy razem w\" \/>\n\t\t<meta name=\"twitter:image\" content=\"https:\/\/zastalowcy.pl\/wp-content\/uploads\/2025\/09\/cropped-logo-strony-2.png\" \/>\n\t\t<script type=\"application\/ld+json\" class=\"aioseo-schema\">\n\t\t\t{\"@context\":\"https:\\\/\\\/schema.org\",\"@graph\":[{\"@type\":\"BlogPosting\",\"@id\":\"https:\\\/\\\/zastalowcy.pl\\\/?p=1100#blogposting\",\"name\":\"Mi\\u0142oszewski o Treflu: \\u201eJestem pe\\u0142en podziwu. To inna koszyk\\u00f3wka\\u201d -\",\"headline\":\"Mi\\u0142oszewski o Treflu: \\u201eJestem pe\\u0142en podziwu. To inna koszyk\\u00f3wka\\u201d\",\"author\":{\"@id\":\"https:\\\/\\\/zastalowcy.pl\\\/?author=3#author\"},\"publisher\":{\"@id\":\"https:\\\/\\\/zastalowcy.pl\\\/#organization\"},\"image\":{\"@type\":\"ImageObject\",\"url\":\"https:\\\/\\\/zastalowcy.pl\\\/wp-content\\\/uploads\\\/2026\\\/02\\\/profilowe-7-1.png\",\"width\":2048,\"height\":2048},\"datePublished\":\"2026-02-22T13:06:02+01:00\",\"dateModified\":\"2026-02-22T13:06:02+01:00\",\"inLanguage\":\"pl-PL\",\"mainEntityOfPage\":{\"@id\":\"https:\\\/\\\/zastalowcy.pl\\\/?p=1100#webpage\"},\"isPartOf\":{\"@id\":\"https:\\\/\\\/zastalowcy.pl\\\/?p=1100#webpage\"},\"articleSection\":\"Aktualno\\u015bci, Puchar Polski 2026, Sezon 2025\\\/2026, basketzg, dru\\u017cyna, koszyk\\u00f3wka, orlen zastal zielona g\\u00f3ra, puchar polski, puchar polski 2026, puchar polski sosnowiec, trefl sopot, zastal, zastal zielona g\\u00f3ra, zastalowcy, zielona g\\u00f3ra, zielonagora, zielonog\\u00f3rska koszyk\\u00f3wka\"},{\"@type\":\"BreadcrumbList\",\"@id\":\"https:\\\/\\\/zastalowcy.pl\\\/?p=1100#breadcrumblist\",\"itemListElement\":[{\"@type\":\"ListItem\",\"@id\":\"https:\\\/\\\/zastalowcy.pl#listItem\",\"position\":1,\"name\":\"Home\",\"item\":\"https:\\\/\\\/zastalowcy.pl\",\"nextItem\":{\"@type\":\"ListItem\",\"@id\":\"https:\\\/\\\/zastalowcy.pl\\\/?cat=9#listItem\",\"name\":\"Sezon 2025\\\/2026\"}},{\"@type\":\"ListItem\",\"@id\":\"https:\\\/\\\/zastalowcy.pl\\\/?cat=9#listItem\",\"position\":2,\"name\":\"Sezon 2025\\\/2026\",\"item\":\"https:\\\/\\\/zastalowcy.pl\\\/?cat=9\",\"nextItem\":{\"@type\":\"ListItem\",\"@id\":\"https:\\\/\\\/zastalowcy.pl\\\/?p=1100#listItem\",\"name\":\"Mi\\u0142oszewski o Treflu: \\u201eJestem pe\\u0142en podziwu. To inna koszyk\\u00f3wka\\u201d\"},\"previousItem\":{\"@type\":\"ListItem\",\"@id\":\"https:\\\/\\\/zastalowcy.pl#listItem\",\"name\":\"Home\"}},{\"@type\":\"ListItem\",\"@id\":\"https:\\\/\\\/zastalowcy.pl\\\/?p=1100#listItem\",\"position\":3,\"name\":\"Mi\\u0142oszewski o Treflu: \\u201eJestem pe\\u0142en podziwu. To inna koszyk\\u00f3wka\\u201d\",\"previousItem\":{\"@type\":\"ListItem\",\"@id\":\"https:\\\/\\\/zastalowcy.pl\\\/?cat=9#listItem\",\"name\":\"Sezon 2025\\\/2026\"}}]},{\"@type\":\"Organization\",\"@id\":\"https:\\\/\\\/zastalowcy.pl\\\/#organization\",\"description\":\"O Zastalu od kibic\\u00f3w \\u2013 dla kibic\\u00f3w\",\"url\":\"https:\\\/\\\/zastalowcy.pl\\\/\",\"logo\":{\"@type\":\"ImageObject\",\"url\":\"https:\\\/\\\/zastalowcy.pl\\\/wp-content\\\/uploads\\\/2025\\\/09\\\/cropped-logo-strony-2.png\",\"@id\":\"https:\\\/\\\/zastalowcy.pl\\\/?p=1100\\\/#organizationLogo\",\"width\":1862,\"height\":384},\"image\":{\"@id\":\"https:\\\/\\\/zastalowcy.pl\\\/?p=1100\\\/#organizationLogo\"}},{\"@type\":\"Person\",\"@id\":\"https:\\\/\\\/zastalowcy.pl\\\/?author=3#author\",\"url\":\"https:\\\/\\\/zastalowcy.pl\\\/?author=3\",\"name\":\"Joanna Nawlicka\",\"image\":{\"@type\":\"ImageObject\",\"@id\":\"https:\\\/\\\/zastalowcy.pl\\\/?p=1100#authorImage\",\"url\":\"https:\\\/\\\/secure.gravatar.com\\\/avatar\\\/66fc557d97536ff5096b6295970275631b7a4673997738477642001957f5274c?s=96&d=mm&r=g\",\"width\":96,\"height\":96,\"caption\":\"Joanna Nawlicka\"}},{\"@type\":\"WebPage\",\"@id\":\"https:\\\/\\\/zastalowcy.pl\\\/?p=1100#webpage\",\"url\":\"https:\\\/\\\/zastalowcy.pl\\\/?p=1100\",\"name\":\"Mi\\u0142oszewski o Treflu: \\u201eJestem pe\\u0142en podziwu. To inna koszyk\\u00f3wka\\u201d -\",\"description\":\"Przed fina\\u0142em Pekao S.A. Pucharu Polski trener ORLEN Zastalu Zielona G\\u00f3ra Arkadiusz Mi\\u0142oszewski nie ukrywa szacunku dla Energi Trefla Sopot i pracy trenera \\u017bana Larkasa. Jednocze\\u015bnie przyznaje, \\u017ce to rywal zupe\\u0142nie inny ni\\u017c WKS \\u015al\\u0105sk Wroc\\u0142aw \\u2013 i w\\u0142a\\u015bnie ta \\u201einno\\u015b\\u0107\\u201d mo\\u017ce by\\u0107 najwi\\u0119kszym wyzwaniem. \\u2013 Znam bardzo dobrze trenera Larkasa, bo byli\\u015bmy razem w\",\"inLanguage\":\"pl-PL\",\"isPartOf\":{\"@id\":\"https:\\\/\\\/zastalowcy.pl\\\/#website\"},\"breadcrumb\":{\"@id\":\"https:\\\/\\\/zastalowcy.pl\\\/?p=1100#breadcrumblist\"},\"author\":{\"@id\":\"https:\\\/\\\/zastalowcy.pl\\\/?author=3#author\"},\"creator\":{\"@id\":\"https:\\\/\\\/zastalowcy.pl\\\/?author=3#author\"},\"image\":{\"@type\":\"ImageObject\",\"url\":\"https:\\\/\\\/zastalowcy.pl\\\/wp-content\\\/uploads\\\/2026\\\/02\\\/profilowe-7-1.png\",\"@id\":\"https:\\\/\\\/zastalowcy.pl\\\/?p=1100\\\/#mainImage\",\"width\":2048,\"height\":2048},\"primaryImageOfPage\":{\"@id\":\"https:\\\/\\\/zastalowcy.pl\\\/?p=1100#mainImage\"},\"datePublished\":\"2026-02-22T13:06:02+01:00\",\"dateModified\":\"2026-02-22T13:06:02+01:00\"},{\"@type\":\"WebSite\",\"@id\":\"https:\\\/\\\/zastalowcy.pl\\\/#website\",\"url\":\"https:\\\/\\\/zastalowcy.pl\\\/\",\"description\":\"O Zastalu od kibic\\u00f3w \\u2013 dla kibic\\u00f3w\",\"inLanguage\":\"pl-PL\",\"publisher\":{\"@id\":\"https:\\\/\\\/zastalowcy.pl\\\/#organization\"}}]}\n\t\t<\/script>\n\t\t<!-- All in One SEO -->\n\n","aioseo_head_json":{"title":"Mi\u0142oszewski o Treflu: \u201eJestem pe\u0142en podziwu. To inna koszyk\u00f3wka\u201d -","description":"Przed fina\u0142em Pekao S.A. Pucharu Polski trener ORLEN Zastalu Zielona G\u00f3ra Arkadiusz Mi\u0142oszewski nie ukrywa szacunku dla Energi Trefla Sopot i pracy trenera \u017bana Larkasa. Jednocze\u015bnie przyznaje, \u017ce to rywal zupe\u0142nie inny ni\u017c WKS \u015al\u0105sk Wroc\u0142aw \u2013 i w\u0142a\u015bnie ta \u201einno\u015b\u0107\u201d mo\u017ce by\u0107 najwi\u0119kszym wyzwaniem. \u2013 Znam bardzo dobrze trenera Larkasa, bo byli\u015bmy razem w","canonical_url":"https:\/\/zastalowcy.pl\/?p=1100","robots":"max-image-preview:large","keywords":"","webmasterTools":{"miscellaneous":""},"schema":{"@context":"https:\/\/schema.org","@graph":[{"@type":"BlogPosting","@id":"https:\/\/zastalowcy.pl\/?p=1100#blogposting","name":"Mi\u0142oszewski o Treflu: \u201eJestem pe\u0142en podziwu. To inna koszyk\u00f3wka\u201d -","headline":"Mi\u0142oszewski o Treflu: \u201eJestem pe\u0142en podziwu. To inna koszyk\u00f3wka\u201d","author":{"@id":"https:\/\/zastalowcy.pl\/?author=3#author"},"publisher":{"@id":"https:\/\/zastalowcy.pl\/#organization"},"image":{"@type":"ImageObject","url":"https:\/\/zastalowcy.pl\/wp-content\/uploads\/2026\/02\/profilowe-7-1.png","width":2048,"height":2048},"datePublished":"2026-02-22T13:06:02+01:00","dateModified":"2026-02-22T13:06:02+01:00","inLanguage":"pl-PL","mainEntityOfPage":{"@id":"https:\/\/zastalowcy.pl\/?p=1100#webpage"},"isPartOf":{"@id":"https:\/\/zastalowcy.pl\/?p=1100#webpage"},"articleSection":"Aktualno\u015bci, Puchar Polski 2026, Sezon 2025\/2026, basketzg, dru\u017cyna, koszyk\u00f3wka, orlen zastal zielona g\u00f3ra, puchar polski, puchar polski 2026, puchar polski sosnowiec, trefl sopot, zastal, zastal zielona g\u00f3ra, zastalowcy, zielona g\u00f3ra, zielonagora, zielonog\u00f3rska koszyk\u00f3wka"},{"@type":"BreadcrumbList","@id":"https:\/\/zastalowcy.pl\/?p=1100#breadcrumblist","itemListElement":[{"@type":"ListItem","@id":"https:\/\/zastalowcy.pl#listItem","position":1,"name":"Home","item":"https:\/\/zastalowcy.pl","nextItem":{"@type":"ListItem","@id":"https:\/\/zastalowcy.pl\/?cat=9#listItem","name":"Sezon 2025\/2026"}},{"@type":"ListItem","@id":"https:\/\/zastalowcy.pl\/?cat=9#listItem","position":2,"name":"Sezon 2025\/2026","item":"https:\/\/zastalowcy.pl\/?cat=9","nextItem":{"@type":"ListItem","@id":"https:\/\/zastalowcy.pl\/?p=1100#listItem","name":"Mi\u0142oszewski o Treflu: \u201eJestem pe\u0142en podziwu. To inna koszyk\u00f3wka\u201d"},"previousItem":{"@type":"ListItem","@id":"https:\/\/zastalowcy.pl#listItem","name":"Home"}},{"@type":"ListItem","@id":"https:\/\/zastalowcy.pl\/?p=1100#listItem","position":3,"name":"Mi\u0142oszewski o Treflu: \u201eJestem pe\u0142en podziwu. To inna koszyk\u00f3wka\u201d","previousItem":{"@type":"ListItem","@id":"https:\/\/zastalowcy.pl\/?cat=9#listItem","name":"Sezon 2025\/2026"}}]},{"@type":"Organization","@id":"https:\/\/zastalowcy.pl\/#organization","description":"O Zastalu od kibic\u00f3w \u2013 dla kibic\u00f3w","url":"https:\/\/zastalowcy.pl\/","logo":{"@type":"ImageObject","url":"https:\/\/zastalowcy.pl\/wp-content\/uploads\/2025\/09\/cropped-logo-strony-2.png","@id":"https:\/\/zastalowcy.pl\/?p=1100\/#organizationLogo","width":1862,"height":384},"image":{"@id":"https:\/\/zastalowcy.pl\/?p=1100\/#organizationLogo"}},{"@type":"Person","@id":"https:\/\/zastalowcy.pl\/?author=3#author","url":"https:\/\/zastalowcy.pl\/?author=3","name":"Joanna Nawlicka","image":{"@type":"ImageObject","@id":"https:\/\/zastalowcy.pl\/?p=1100#authorImage","url":"https:\/\/secure.gravatar.com\/avatar\/66fc557d97536ff5096b6295970275631b7a4673997738477642001957f5274c?s=96&d=mm&r=g","width":96,"height":96,"caption":"Joanna Nawlicka"}},{"@type":"WebPage","@id":"https:\/\/zastalowcy.pl\/?p=1100#webpage","url":"https:\/\/zastalowcy.pl\/?p=1100","name":"Mi\u0142oszewski o Treflu: \u201eJestem pe\u0142en podziwu. To inna koszyk\u00f3wka\u201d -","description":"Przed fina\u0142em Pekao S.A. Pucharu Polski trener ORLEN Zastalu Zielona G\u00f3ra Arkadiusz Mi\u0142oszewski nie ukrywa szacunku dla Energi Trefla Sopot i pracy trenera \u017bana Larkasa. Jednocze\u015bnie przyznaje, \u017ce to rywal zupe\u0142nie inny ni\u017c WKS \u015al\u0105sk Wroc\u0142aw \u2013 i w\u0142a\u015bnie ta \u201einno\u015b\u0107\u201d mo\u017ce by\u0107 najwi\u0119kszym wyzwaniem. \u2013 Znam bardzo dobrze trenera Larkasa, bo byli\u015bmy razem w","inLanguage":"pl-PL","isPartOf":{"@id":"https:\/\/zastalowcy.pl\/#website"},"breadcrumb":{"@id":"https:\/\/zastalowcy.pl\/?p=1100#breadcrumblist"},"author":{"@id":"https:\/\/zastalowcy.pl\/?author=3#author"},"creator":{"@id":"https:\/\/zastalowcy.pl\/?author=3#author"},"image":{"@type":"ImageObject","url":"https:\/\/zastalowcy.pl\/wp-content\/uploads\/2026\/02\/profilowe-7-1.png","@id":"https:\/\/zastalowcy.pl\/?p=1100\/#mainImage","width":2048,"height":2048},"primaryImageOfPage":{"@id":"https:\/\/zastalowcy.pl\/?p=1100#mainImage"},"datePublished":"2026-02-22T13:06:02+01:00","dateModified":"2026-02-22T13:06:02+01:00"},{"@type":"WebSite","@id":"https:\/\/zastalowcy.pl\/#website","url":"https:\/\/zastalowcy.pl\/","description":"O Zastalu od kibic\u00f3w \u2013 dla kibic\u00f3w","inLanguage":"pl-PL","publisher":{"@id":"https:\/\/zastalowcy.pl\/#organization"}}]},"og:locale":"pl_PL","og:site_name":"- O Zastalu od kibic\u00f3w \u2013 dla kibic\u00f3w","og:type":"article","og:title":"Mi\u0142oszewski o Treflu: \u201eJestem pe\u0142en podziwu. To inna koszyk\u00f3wka\u201d -","og:description":"Przed fina\u0142em Pekao S.A. Pucharu Polski trener ORLEN Zastalu Zielona G\u00f3ra Arkadiusz Mi\u0142oszewski nie ukrywa szacunku dla Energi Trefla Sopot i pracy trenera \u017bana Larkasa. Jednocze\u015bnie przyznaje, \u017ce to rywal zupe\u0142nie inny ni\u017c WKS \u015al\u0105sk Wroc\u0142aw \u2013 i w\u0142a\u015bnie ta \u201einno\u015b\u0107\u201d mo\u017ce by\u0107 najwi\u0119kszym wyzwaniem. \u2013 Znam bardzo dobrze trenera Larkasa, bo byli\u015bmy razem w","og:url":"https:\/\/zastalowcy.pl\/?p=1100","og:image":"https:\/\/zastalowcy.pl\/wp-content\/uploads\/2025\/09\/cropped-logo-strony-2.png","og:image:secure_url":"https:\/\/zastalowcy.pl\/wp-content\/uploads\/2025\/09\/cropped-logo-strony-2.png","og:image:width":1862,"og:image:height":384,"article:published_time":"2026-02-22T12:06:02+00:00","article:modified_time":"2026-02-22T12:06:02+00:00","twitter:card":"summary_large_image","twitter:title":"Mi\u0142oszewski o Treflu: \u201eJestem pe\u0142en podziwu. To inna koszyk\u00f3wka\u201d -","twitter:description":"Przed fina\u0142em Pekao S.A. Pucharu Polski trener ORLEN Zastalu Zielona G\u00f3ra Arkadiusz Mi\u0142oszewski nie ukrywa szacunku dla Energi Trefla Sopot i pracy trenera \u017bana Larkasa. Jednocze\u015bnie przyznaje, \u017ce to rywal zupe\u0142nie inny ni\u017c WKS \u015al\u0105sk Wroc\u0142aw \u2013 i w\u0142a\u015bnie ta \u201einno\u015b\u0107\u201d mo\u017ce by\u0107 najwi\u0119kszym wyzwaniem. \u2013 Znam bardzo dobrze trenera Larkasa, bo byli\u015bmy razem w","twitter:image":"https:\/\/zastalowcy.pl\/wp-content\/uploads\/2025\/09\/cropped-logo-strony-2.png"},"aioseo_meta_data":{"post_id":"1100","title":null,"description":null,"keywords":null,"keyphrases":null,"primary_term":null,"canonical_url":null,"og_title":null,"og_description":null,"og_object_type":"default","og_image_type":"default","og_image_custom_url":null,"og_image_custom_fields":null,"og_image_url":null,"og_image_width":null,"og_image_height":null,"og_video":null,"og_custom_url":null,"og_article_section":null,"og_article_tags":null,"twitter_use_og":false,"twitter_card":"default","twitter_image_type":"default","twitter_image_custom_url":null,"twitter_image_custom_fields":null,"twitter_image_url":null,"twitter_title":null,"twitter_description":null,"schema_type":"default","schema_type_options":null,"schema":{"blockGraphs":[],"customGraphs":[],"default":{"data":{"Article":[],"Course":[],"Dataset":[],"FAQPage":[],"Movie":[],"Person":[],"Product":[],"ProductReview":[],"Car":[],"Recipe":[],"Service":[],"SoftwareApplication":[],"WebPage":[]},"graphName":"","isEnabled":true},"graphs":[]},"pillar_content":false,"robots_default":true,"robots_noindex":false,"robots_noarchive":false,"robots_nosnippet":false,"robots_nofollow":false,"robots_noimageindex":false,"robots_noodp":false,"robots_notranslate":false,"robots_max_snippet":null,"robots_max_videopreview":null,"robots_max_imagepreview":"large","priority":null,"frequency":null,"local_seo":null,"limit_modified_date":false,"ai":null,"breadcrumb_settings":null,"seo_analyzer_scan_date":null,"created":"2026-07-15 17:05:24","updated":"2026-07-15 17:05:24","focus_keyword":null,"additional_keywords":null,"truseo_locale":null},"aioseo_breadcrumb":"<div class=\"aioseo-breadcrumbs\"><span class=\"aioseo-breadcrumb\">\n\t\t\t<a href=\"https:\/\/zastalowcy.pl\" title=\"Home\">Home<\/a>\n\t\t<\/span><span class=\"aioseo-breadcrumb-separator\">&raquo;<\/span><span class=\"aioseo-breadcrumb\">\n\t\t\t<a href=\"https:\/\/zastalowcy.pl\/?cat=9\" title=\"Sezon 2025\/2026\">Sezon 2025\/2026<\/a>\n\t\t<\/span><span class=\"aioseo-breadcrumb-separator\">&raquo;<\/span><span class=\"aioseo-breadcrumb\">\n\t\t\tMi\u0142oszewski o Treflu: \u201eJestem pe\u0142en podziwu. To inna koszyk\u00f3wka\u201d\n\t\t<\/span><\/div>","aioseo_breadcrumb_json":[{"label":"Home","link":"https:\/\/zastalowcy.pl"},{"label":"Sezon 2025\/2026","link":"https:\/\/zastalowcy.pl\/?cat=9"},{"label":"Mi\u0142oszewski o Treflu: \u201eJestem pe\u0142en podziwu. To inna koszyk\u00f3wka\u201d","link":"https:\/\/zastalowcy.pl\/?p=1100"}],"_links":{"self":[{"href":"https:\/\/zastalowcy.pl\/index.php?rest_route=\/wp\/v2\/posts\/1100","targetHints":{"allow":["GET"]}}],"collection":[{"href":"https:\/\/zastalowcy.pl\/index.php?rest_route=\/wp\/v2\/posts"}],"about":[{"href":"https:\/\/zastalowcy.pl\/index.php?rest_route=\/wp\/v2\/types\/post"}],"author":[{"embeddable":true,"href":"https:\/\/zastalowcy.pl\/index.php?rest_route=\/wp\/v2\/users\/3"}],"replies":[{"embeddable":true,"href":"https:\/\/zastalowcy.pl\/index.php?rest_route=%2Fwp%2Fv2%2Fcomments&post=1100"}],"version-history":[{"count":1,"href":"https:\/\/zastalowcy.pl\/index.php?rest_route=\/wp\/v2\/posts\/1100\/revisions"}],"predecessor-version":[{"id":1102,"href":"https:\/\/zastalowcy.pl\/index.php?rest_route=\/wp\/v2\/posts\/1100\/revisions\/1102"}],"wp:featuredmedia":[{"embeddable":true,"href":"https:\/\/zastalowcy.pl\/index.php?rest_route=\/wp\/v2\/media\/1101"}],"wp:attachment":[{"href":"https:\/\/zastalowcy.pl\/index.php?rest_route=%2Fwp%2Fv2%2Fmedia&parent=1100"}],"wp:term":[{"taxonomy":"category","embeddable":true,"href":"https:\/\/zastalowcy.pl\/index.php?rest_route=%2Fwp%2Fv2%2Fcategories&post=1100"},{"taxonomy":"post_tag","embeddable":true,"href":"https:\/\/zastalowcy.pl\/index.php?rest_route=%2Fwp%2Fv2%2Ftags&post=1100"}],"curies":[{"name":"wp","href":"https:\/\/api.w.org\/{rel}","templated":true}]}}