{"id":1109,"date":"2026-03-01T11:10:28","date_gmt":"2026-03-01T10:10:28","guid":{"rendered":"https:\/\/zastalowcy.pl\/?p=1109"},"modified":"2026-03-01T11:11:00","modified_gmt":"2026-03-01T10:11:00","slug":"koniec-sezonu-dla-sagaby-konate-potwierdzono-powazna-kontuzje-nadgarstka","status":"publish","type":"post","link":"https:\/\/zastalowcy.pl\/?p=1109","title":{"rendered":"Koniec sezonu dla Sagaby Konate. Potwierdzono powa\u017cn\u0105 kontuzj\u0119 nadgarstka"},"content":{"rendered":"\n<p class=\"wp-block-paragraph\">Niestety, potwierdzi\u0142y si\u0119 wst\u0119pne diagnozy dotycz\u0105ce stanu zdrowia Sagaby Konate. \u015arodkowy ORLEN Zastalu Zielona G\u00f3ra nie wr\u00f3ci ju\u017c na parkiet w tym sezonie.<\/p>\n\n\n\n<p class=\"wp-block-paragraph\">Do urazu dosz\u0142o podczas \u0107wier\u0107fian\u0142owego meczu Pucharu Polski z Kingiem Szczecin. Jak poinformowa\u0142 klub, zawodnik dozna\u0142 awulsyjnego uszkodzenia wi\u0119zad\u0142a SL nadgarstka. Badania nie wykaza\u0142y cech z\u0142ama\u0144, jednak charakter kontuzji jest na tyle powa\u017cny, \u017ce oznacza dla zawodnika koniec rozgrywek 2025\/2026.<\/p>\n\n\n\n<p class=\"wp-block-paragraph\">To ogromny cios zar\u00f3wno dla samego zawodnika, jak i dla zespo\u0142u. Konate w ostatnich tygodniach dawa\u0142 dru\u017cynie energi\u0119, fizyczno\u015b\u0107 pod koszem i obecno\u015b\u0107 w defensywie, kt\u00f3ra cz\u0119sto nie znajduje pe\u0142nego odzwierciedlenia w statystykach, ale ma ogromne znaczenie dla funkcjonowania ca\u0142ego systemu gry.<\/p>\n\n\n\n<p class=\"wp-block-paragraph\">Teraz przed Konate d\u0142uga droga powrotu do pe\u0142nej sprawno\u015bci.<\/p>\n\n\n\n<p class=\"wp-block-paragraph\">\ud83c\udfc0 Zastalowcy.pl \u2013 o Zastalu od kibic\u00f3w \u2013 dla kibic\u00f3w<\/p>\n","protected":false},"excerpt":{"rendered":"<p>Niestety, potwierdzi\u0142y si\u0119 wst\u0119pne diagnozy dotycz\u0105ce stanu zdrowia Sagaby Konate. \u015arodkowy ORLEN Zastalu Zielona G\u00f3ra nie wr\u00f3ci ju\u017c<\/p>\n","protected":false},"author":3,"featured_media":1110,"comment_status":"open","ping_status":"open","sticky":false,"template":"","format":"standard","meta":{"om_disable_all_campaigns":false,"footnotes":""},"categories":[18,9,8],"tags":[17,26,336,337,15,13,235,12,14,42,11,10,16],"class_list":["post-1109","post","type-post","status-publish","format-standard","has-post-thumbnail","hentry","category-aktualnosci","category-sezon-2025-2026","category-wiadomosci-z-klubu","tag-basketzg","tag-druzyna","tag-konate","tag-kontuzja","tag-koszykowka","tag-orlen-zastal-zielona-gora","tag-sagaba-konate","tag-zastal","tag-zastal-zielona-gora","tag-zastalowcy","tag-zielona-gora","tag-zielonagora","tag-zielonogorska-koszykowka"],"aioseo_notices":[],"aioseo_head":"\n\t\t<!-- All in One SEO 5.0.0.1 - aioseo.com -->\n\t<meta name=\"description\" content=\"Niestety, potwierdzi\u0142y si\u0119 wst\u0119pne diagnozy dotycz\u0105ce stanu zdrowia Sagaby Konate. \u015arodkowy ORLEN Zastalu Zielona G\u00f3ra nie wr\u00f3ci ju\u017c na parkiet w tym sezonie. Do urazu dosz\u0142o podczas \u0107wier\u0107fian\u0142owego meczu Pucharu Polski z Kingiem Szczecin. Jak poinformowa\u0142 klub, zawodnik dozna\u0142 awulsyjnego uszkodzenia wi\u0119zad\u0142a SL nadgarstka. Badania nie wykaza\u0142y cech z\u0142ama\u0144, jednak charakter kontuzji jest na tyle\" \/>\n\t<meta name=\"robots\" content=\"max-image-preview:large\" \/>\n\t<meta name=\"author\" content=\"Joanna Nawlicka\"\/>\n\t<link rel=\"canonical\" href=\"https:\/\/zastalowcy.pl\/?p=1109\" \/>\n\t<meta name=\"generator\" content=\"All in One SEO (AIOSEO) 5.0.0.1\" \/>\n\t\t<meta property=\"og:locale\" content=\"pl_PL\" \/>\n\t\t<meta property=\"og:site_name\" content=\"- O Zastalu od kibic\u00f3w \u2013 dla kibic\u00f3w\" \/>\n\t\t<meta property=\"og:type\" content=\"article\" \/>\n\t\t<meta property=\"og:title\" content=\"Koniec sezonu dla Sagaby Konate. Potwierdzono powa\u017cn\u0105 kontuzj\u0119 nadgarstka -\" \/>\n\t\t<meta property=\"og:description\" content=\"Niestety, potwierdzi\u0142y si\u0119 wst\u0119pne diagnozy dotycz\u0105ce stanu zdrowia Sagaby Konate. \u015arodkowy ORLEN Zastalu Zielona G\u00f3ra nie wr\u00f3ci ju\u017c na parkiet w tym sezonie. Do urazu dosz\u0142o podczas \u0107wier\u0107fian\u0142owego meczu Pucharu Polski z Kingiem Szczecin. Jak poinformowa\u0142 klub, zawodnik dozna\u0142 awulsyjnego uszkodzenia wi\u0119zad\u0142a SL nadgarstka. Badania nie wykaza\u0142y cech z\u0142ama\u0144, jednak charakter kontuzji jest na tyle\" \/>\n\t\t<meta property=\"og:url\" content=\"https:\/\/zastalowcy.pl\/?p=1109\" \/>\n\t\t<meta property=\"og:image\" content=\"https:\/\/zastalowcy.pl\/wp-content\/uploads\/2025\/09\/cropped-logo-strony-2.png\" \/>\n\t\t<meta property=\"og:image:secure_url\" content=\"https:\/\/zastalowcy.pl\/wp-content\/uploads\/2025\/09\/cropped-logo-strony-2.png\" \/>\n\t\t<meta property=\"og:image:width\" content=\"1862\" \/>\n\t\t<meta property=\"og:image:height\" content=\"384\" \/>\n\t\t<meta property=\"article:published_time\" content=\"2026-03-01T10:10:28+00:00\" \/>\n\t\t<meta property=\"article:modified_time\" content=\"2026-03-01T10:11:00+00:00\" \/>\n\t\t<meta name=\"twitter:card\" content=\"summary_large_image\" \/>\n\t\t<meta name=\"twitter:title\" content=\"Koniec sezonu dla Sagaby Konate. Potwierdzono powa\u017cn\u0105 kontuzj\u0119 nadgarstka -\" \/>\n\t\t<meta name=\"twitter:description\" content=\"Niestety, potwierdzi\u0142y si\u0119 wst\u0119pne diagnozy dotycz\u0105ce stanu zdrowia Sagaby Konate. \u015arodkowy ORLEN Zastalu Zielona G\u00f3ra nie wr\u00f3ci ju\u017c na parkiet w tym sezonie. Do urazu dosz\u0142o podczas \u0107wier\u0107fian\u0142owego meczu Pucharu Polski z Kingiem Szczecin. Jak poinformowa\u0142 klub, zawodnik dozna\u0142 awulsyjnego uszkodzenia wi\u0119zad\u0142a SL nadgarstka. Badania nie wykaza\u0142y cech z\u0142ama\u0144, jednak charakter kontuzji jest na tyle\" \/>\n\t\t<meta name=\"twitter:image\" content=\"https:\/\/zastalowcy.pl\/wp-content\/uploads\/2025\/09\/cropped-logo-strony-2.png\" \/>\n\t\t<script type=\"application\/ld+json\" class=\"aioseo-schema\">\n\t\t\t{\"@context\":\"https:\\\/\\\/schema.org\",\"@graph\":[{\"@type\":\"BlogPosting\",\"@id\":\"https:\\\/\\\/zastalowcy.pl\\\/?p=1109#blogposting\",\"name\":\"Koniec sezonu dla Sagaby Konate. Potwierdzono powa\\u017cn\\u0105 kontuzj\\u0119 nadgarstka -\",\"headline\":\"Koniec sezonu dla Sagaby Konate. Potwierdzono powa\\u017cn\\u0105 kontuzj\\u0119 nadgarstka\",\"author\":{\"@id\":\"https:\\\/\\\/zastalowcy.pl\\\/?author=3#author\"},\"publisher\":{\"@id\":\"https:\\\/\\\/zastalowcy.pl\\\/#organization\"},\"image\":{\"@type\":\"ImageObject\",\"url\":\"https:\\\/\\\/zastalowcy.pl\\\/wp-content\\\/uploads\\\/2026\\\/03\\\/profilowe-1.png\",\"width\":2048,\"height\":2048},\"datePublished\":\"2026-03-01T11:10:28+01:00\",\"dateModified\":\"2026-03-01T11:11:00+01:00\",\"inLanguage\":\"pl-PL\",\"mainEntityOfPage\":{\"@id\":\"https:\\\/\\\/zastalowcy.pl\\\/?p=1109#webpage\"},\"isPartOf\":{\"@id\":\"https:\\\/\\\/zastalowcy.pl\\\/?p=1109#webpage\"},\"articleSection\":\"Aktualno\\u015bci, Sezon 2025\\\/2026, Wiadomo\\u015bci z klubu, basketzg, dru\\u017cyna, konate, kontuzja, koszyk\\u00f3wka, orlen zastal zielona g\\u00f3ra, Sagaba Konate, zastal, zastal zielona g\\u00f3ra, zastalowcy, zielona g\\u00f3ra, zielonagora, zielonog\\u00f3rska koszyk\\u00f3wka\"},{\"@type\":\"BreadcrumbList\",\"@id\":\"https:\\\/\\\/zastalowcy.pl\\\/?p=1109#breadcrumblist\",\"itemListElement\":[{\"@type\":\"ListItem\",\"@id\":\"https:\\\/\\\/zastalowcy.pl#listItem\",\"position\":1,\"name\":\"Home\",\"item\":\"https:\\\/\\\/zastalowcy.pl\",\"nextItem\":{\"@type\":\"ListItem\",\"@id\":\"https:\\\/\\\/zastalowcy.pl\\\/?cat=8#listItem\",\"name\":\"Wiadomo\\u015bci z klubu\"}},{\"@type\":\"ListItem\",\"@id\":\"https:\\\/\\\/zastalowcy.pl\\\/?cat=8#listItem\",\"position\":2,\"name\":\"Wiadomo\\u015bci z klubu\",\"item\":\"https:\\\/\\\/zastalowcy.pl\\\/?cat=8\",\"nextItem\":{\"@type\":\"ListItem\",\"@id\":\"https:\\\/\\\/zastalowcy.pl\\\/?p=1109#listItem\",\"name\":\"Koniec sezonu dla Sagaby Konate. Potwierdzono powa\\u017cn\\u0105 kontuzj\\u0119 nadgarstka\"},\"previousItem\":{\"@type\":\"ListItem\",\"@id\":\"https:\\\/\\\/zastalowcy.pl#listItem\",\"name\":\"Home\"}},{\"@type\":\"ListItem\",\"@id\":\"https:\\\/\\\/zastalowcy.pl\\\/?p=1109#listItem\",\"position\":3,\"name\":\"Koniec sezonu dla Sagaby Konate. Potwierdzono powa\\u017cn\\u0105 kontuzj\\u0119 nadgarstka\",\"previousItem\":{\"@type\":\"ListItem\",\"@id\":\"https:\\\/\\\/zastalowcy.pl\\\/?cat=8#listItem\",\"name\":\"Wiadomo\\u015bci z klubu\"}}]},{\"@type\":\"Organization\",\"@id\":\"https:\\\/\\\/zastalowcy.pl\\\/#organization\",\"description\":\"O Zastalu od kibic\\u00f3w \\u2013 dla kibic\\u00f3w\",\"url\":\"https:\\\/\\\/zastalowcy.pl\\\/\",\"logo\":{\"@type\":\"ImageObject\",\"url\":\"https:\\\/\\\/zastalowcy.pl\\\/wp-content\\\/uploads\\\/2025\\\/09\\\/cropped-logo-strony-2.png\",\"@id\":\"https:\\\/\\\/zastalowcy.pl\\\/?p=1109\\\/#organizationLogo\",\"width\":1862,\"height\":384},\"image\":{\"@id\":\"https:\\\/\\\/zastalowcy.pl\\\/?p=1109\\\/#organizationLogo\"}},{\"@type\":\"Person\",\"@id\":\"https:\\\/\\\/zastalowcy.pl\\\/?author=3#author\",\"url\":\"https:\\\/\\\/zastalowcy.pl\\\/?author=3\",\"name\":\"Joanna Nawlicka\",\"image\":{\"@type\":\"ImageObject\",\"@id\":\"https:\\\/\\\/zastalowcy.pl\\\/?p=1109#authorImage\",\"url\":\"https:\\\/\\\/secure.gravatar.com\\\/avatar\\\/66fc557d97536ff5096b6295970275631b7a4673997738477642001957f5274c?s=96&d=mm&r=g\",\"width\":96,\"height\":96,\"caption\":\"Joanna Nawlicka\"}},{\"@type\":\"WebPage\",\"@id\":\"https:\\\/\\\/zastalowcy.pl\\\/?p=1109#webpage\",\"url\":\"https:\\\/\\\/zastalowcy.pl\\\/?p=1109\",\"name\":\"Koniec sezonu dla Sagaby Konate. Potwierdzono powa\\u017cn\\u0105 kontuzj\\u0119 nadgarstka -\",\"description\":\"Niestety, potwierdzi\\u0142y si\\u0119 wst\\u0119pne diagnozy dotycz\\u0105ce stanu zdrowia Sagaby Konate. \\u015arodkowy ORLEN Zastalu Zielona G\\u00f3ra nie wr\\u00f3ci ju\\u017c na parkiet w tym sezonie. Do urazu dosz\\u0142o podczas \\u0107wier\\u0107fian\\u0142owego meczu Pucharu Polski z Kingiem Szczecin. Jak poinformowa\\u0142 klub, zawodnik dozna\\u0142 awulsyjnego uszkodzenia wi\\u0119zad\\u0142a SL nadgarstka. Badania nie wykaza\\u0142y cech z\\u0142ama\\u0144, jednak charakter kontuzji jest na tyle\",\"inLanguage\":\"pl-PL\",\"isPartOf\":{\"@id\":\"https:\\\/\\\/zastalowcy.pl\\\/#website\"},\"breadcrumb\":{\"@id\":\"https:\\\/\\\/zastalowcy.pl\\\/?p=1109#breadcrumblist\"},\"author\":{\"@id\":\"https:\\\/\\\/zastalowcy.pl\\\/?author=3#author\"},\"creator\":{\"@id\":\"https:\\\/\\\/zastalowcy.pl\\\/?author=3#author\"},\"image\":{\"@type\":\"ImageObject\",\"url\":\"https:\\\/\\\/zastalowcy.pl\\\/wp-content\\\/uploads\\\/2026\\\/03\\\/profilowe-1.png\",\"@id\":\"https:\\\/\\\/zastalowcy.pl\\\/?p=1109\\\/#mainImage\",\"width\":2048,\"height\":2048},\"primaryImageOfPage\":{\"@id\":\"https:\\\/\\\/zastalowcy.pl\\\/?p=1109#mainImage\"},\"datePublished\":\"2026-03-01T11:10:28+01:00\",\"dateModified\":\"2026-03-01T11:11:00+01:00\"},{\"@type\":\"WebSite\",\"@id\":\"https:\\\/\\\/zastalowcy.pl\\\/#website\",\"url\":\"https:\\\/\\\/zastalowcy.pl\\\/\",\"description\":\"O Zastalu od kibic\\u00f3w \\u2013 dla kibic\\u00f3w\",\"inLanguage\":\"pl-PL\",\"publisher\":{\"@id\":\"https:\\\/\\\/zastalowcy.pl\\\/#organization\"}}]}\n\t\t<\/script>\n\t\t<!-- All in One SEO -->\n\n","aioseo_head_json":{"title":"Koniec sezonu dla Sagaby Konate. Potwierdzono powa\u017cn\u0105 kontuzj\u0119 nadgarstka -","description":"Niestety, potwierdzi\u0142y si\u0119 wst\u0119pne diagnozy dotycz\u0105ce stanu zdrowia Sagaby Konate. \u015arodkowy ORLEN Zastalu Zielona G\u00f3ra nie wr\u00f3ci ju\u017c na parkiet w tym sezonie. Do urazu dosz\u0142o podczas \u0107wier\u0107fian\u0142owego meczu Pucharu Polski z Kingiem Szczecin. Jak poinformowa\u0142 klub, zawodnik dozna\u0142 awulsyjnego uszkodzenia wi\u0119zad\u0142a SL nadgarstka. Badania nie wykaza\u0142y cech z\u0142ama\u0144, jednak charakter kontuzji jest na tyle","canonical_url":"https:\/\/zastalowcy.pl\/?p=1109","robots":"max-image-preview:large","keywords":"","webmasterTools":{"miscellaneous":""},"schema":{"@context":"https:\/\/schema.org","@graph":[{"@type":"BlogPosting","@id":"https:\/\/zastalowcy.pl\/?p=1109#blogposting","name":"Koniec sezonu dla Sagaby Konate. Potwierdzono powa\u017cn\u0105 kontuzj\u0119 nadgarstka -","headline":"Koniec sezonu dla Sagaby Konate. Potwierdzono powa\u017cn\u0105 kontuzj\u0119 nadgarstka","author":{"@id":"https:\/\/zastalowcy.pl\/?author=3#author"},"publisher":{"@id":"https:\/\/zastalowcy.pl\/#organization"},"image":{"@type":"ImageObject","url":"https:\/\/zastalowcy.pl\/wp-content\/uploads\/2026\/03\/profilowe-1.png","width":2048,"height":2048},"datePublished":"2026-03-01T11:10:28+01:00","dateModified":"2026-03-01T11:11:00+01:00","inLanguage":"pl-PL","mainEntityOfPage":{"@id":"https:\/\/zastalowcy.pl\/?p=1109#webpage"},"isPartOf":{"@id":"https:\/\/zastalowcy.pl\/?p=1109#webpage"},"articleSection":"Aktualno\u015bci, Sezon 2025\/2026, Wiadomo\u015bci z klubu, basketzg, dru\u017cyna, konate, kontuzja, koszyk\u00f3wka, orlen zastal zielona g\u00f3ra, Sagaba Konate, zastal, zastal zielona g\u00f3ra, zastalowcy, zielona g\u00f3ra, zielonagora, zielonog\u00f3rska koszyk\u00f3wka"},{"@type":"BreadcrumbList","@id":"https:\/\/zastalowcy.pl\/?p=1109#breadcrumblist","itemListElement":[{"@type":"ListItem","@id":"https:\/\/zastalowcy.pl#listItem","position":1,"name":"Home","item":"https:\/\/zastalowcy.pl","nextItem":{"@type":"ListItem","@id":"https:\/\/zastalowcy.pl\/?cat=8#listItem","name":"Wiadomo\u015bci z klubu"}},{"@type":"ListItem","@id":"https:\/\/zastalowcy.pl\/?cat=8#listItem","position":2,"name":"Wiadomo\u015bci z klubu","item":"https:\/\/zastalowcy.pl\/?cat=8","nextItem":{"@type":"ListItem","@id":"https:\/\/zastalowcy.pl\/?p=1109#listItem","name":"Koniec sezonu dla Sagaby Konate. Potwierdzono powa\u017cn\u0105 kontuzj\u0119 nadgarstka"},"previousItem":{"@type":"ListItem","@id":"https:\/\/zastalowcy.pl#listItem","name":"Home"}},{"@type":"ListItem","@id":"https:\/\/zastalowcy.pl\/?p=1109#listItem","position":3,"name":"Koniec sezonu dla Sagaby Konate. Potwierdzono powa\u017cn\u0105 kontuzj\u0119 nadgarstka","previousItem":{"@type":"ListItem","@id":"https:\/\/zastalowcy.pl\/?cat=8#listItem","name":"Wiadomo\u015bci z klubu"}}]},{"@type":"Organization","@id":"https:\/\/zastalowcy.pl\/#organization","description":"O Zastalu od kibic\u00f3w \u2013 dla kibic\u00f3w","url":"https:\/\/zastalowcy.pl\/","logo":{"@type":"ImageObject","url":"https:\/\/zastalowcy.pl\/wp-content\/uploads\/2025\/09\/cropped-logo-strony-2.png","@id":"https:\/\/zastalowcy.pl\/?p=1109\/#organizationLogo","width":1862,"height":384},"image":{"@id":"https:\/\/zastalowcy.pl\/?p=1109\/#organizationLogo"}},{"@type":"Person","@id":"https:\/\/zastalowcy.pl\/?author=3#author","url":"https:\/\/zastalowcy.pl\/?author=3","name":"Joanna Nawlicka","image":{"@type":"ImageObject","@id":"https:\/\/zastalowcy.pl\/?p=1109#authorImage","url":"https:\/\/secure.gravatar.com\/avatar\/66fc557d97536ff5096b6295970275631b7a4673997738477642001957f5274c?s=96&d=mm&r=g","width":96,"height":96,"caption":"Joanna Nawlicka"}},{"@type":"WebPage","@id":"https:\/\/zastalowcy.pl\/?p=1109#webpage","url":"https:\/\/zastalowcy.pl\/?p=1109","name":"Koniec sezonu dla Sagaby Konate. Potwierdzono powa\u017cn\u0105 kontuzj\u0119 nadgarstka -","description":"Niestety, potwierdzi\u0142y si\u0119 wst\u0119pne diagnozy dotycz\u0105ce stanu zdrowia Sagaby Konate. \u015arodkowy ORLEN Zastalu Zielona G\u00f3ra nie wr\u00f3ci ju\u017c na parkiet w tym sezonie. Do urazu dosz\u0142o podczas \u0107wier\u0107fian\u0142owego meczu Pucharu Polski z Kingiem Szczecin. Jak poinformowa\u0142 klub, zawodnik dozna\u0142 awulsyjnego uszkodzenia wi\u0119zad\u0142a SL nadgarstka. Badania nie wykaza\u0142y cech z\u0142ama\u0144, jednak charakter kontuzji jest na tyle","inLanguage":"pl-PL","isPartOf":{"@id":"https:\/\/zastalowcy.pl\/#website"},"breadcrumb":{"@id":"https:\/\/zastalowcy.pl\/?p=1109#breadcrumblist"},"author":{"@id":"https:\/\/zastalowcy.pl\/?author=3#author"},"creator":{"@id":"https:\/\/zastalowcy.pl\/?author=3#author"},"image":{"@type":"ImageObject","url":"https:\/\/zastalowcy.pl\/wp-content\/uploads\/2026\/03\/profilowe-1.png","@id":"https:\/\/zastalowcy.pl\/?p=1109\/#mainImage","width":2048,"height":2048},"primaryImageOfPage":{"@id":"https:\/\/zastalowcy.pl\/?p=1109#mainImage"},"datePublished":"2026-03-01T11:10:28+01:00","dateModified":"2026-03-01T11:11:00+01:00"},{"@type":"WebSite","@id":"https:\/\/zastalowcy.pl\/#website","url":"https:\/\/zastalowcy.pl\/","description":"O Zastalu od kibic\u00f3w \u2013 dla kibic\u00f3w","inLanguage":"pl-PL","publisher":{"@id":"https:\/\/zastalowcy.pl\/#organization"}}]},"og:locale":"pl_PL","og:site_name":"- O Zastalu od kibic\u00f3w \u2013 dla kibic\u00f3w","og:type":"article","og:title":"Koniec sezonu dla Sagaby Konate. Potwierdzono powa\u017cn\u0105 kontuzj\u0119 nadgarstka -","og:description":"Niestety, potwierdzi\u0142y si\u0119 wst\u0119pne diagnozy dotycz\u0105ce stanu zdrowia Sagaby Konate. \u015arodkowy ORLEN Zastalu Zielona G\u00f3ra nie wr\u00f3ci ju\u017c na parkiet w tym sezonie. Do urazu dosz\u0142o podczas \u0107wier\u0107fian\u0142owego meczu Pucharu Polski z Kingiem Szczecin. Jak poinformowa\u0142 klub, zawodnik dozna\u0142 awulsyjnego uszkodzenia wi\u0119zad\u0142a SL nadgarstka. Badania nie wykaza\u0142y cech z\u0142ama\u0144, jednak charakter kontuzji jest na tyle","og:url":"https:\/\/zastalowcy.pl\/?p=1109","og:image":"https:\/\/zastalowcy.pl\/wp-content\/uploads\/2025\/09\/cropped-logo-strony-2.png","og:image:secure_url":"https:\/\/zastalowcy.pl\/wp-content\/uploads\/2025\/09\/cropped-logo-strony-2.png","og:image:width":1862,"og:image:height":384,"article:published_time":"2026-03-01T10:10:28+00:00","article:modified_time":"2026-03-01T10:11:00+00:00","twitter:card":"summary_large_image","twitter:title":"Koniec sezonu dla Sagaby Konate. Potwierdzono powa\u017cn\u0105 kontuzj\u0119 nadgarstka -","twitter:description":"Niestety, potwierdzi\u0142y si\u0119 wst\u0119pne diagnozy dotycz\u0105ce stanu zdrowia Sagaby Konate. \u015arodkowy ORLEN Zastalu Zielona G\u00f3ra nie wr\u00f3ci ju\u017c na parkiet w tym sezonie. Do urazu dosz\u0142o podczas \u0107wier\u0107fian\u0142owego meczu Pucharu Polski z Kingiem Szczecin. Jak poinformowa\u0142 klub, zawodnik dozna\u0142 awulsyjnego uszkodzenia wi\u0119zad\u0142a SL nadgarstka. Badania nie wykaza\u0142y cech z\u0142ama\u0144, jednak charakter kontuzji jest na tyle","twitter:image":"https:\/\/zastalowcy.pl\/wp-content\/uploads\/2025\/09\/cropped-logo-strony-2.png"},"aioseo_meta_data":{"post_id":"1109","title":null,"description":null,"keywords":null,"keyphrases":null,"primary_term":null,"canonical_url":null,"og_title":null,"og_description":null,"og_object_type":"default","og_image_type":"default","og_image_custom_url":null,"og_image_custom_fields":null,"og_image_url":null,"og_image_width":null,"og_image_height":null,"og_video":null,"og_custom_url":null,"og_article_section":null,"og_article_tags":null,"twitter_use_og":false,"twitter_card":"default","twitter_image_type":"default","twitter_image_custom_url":null,"twitter_image_custom_fields":null,"twitter_image_url":null,"twitter_title":null,"twitter_description":null,"schema_type":"default","schema_type_options":null,"schema":{"blockGraphs":[],"customGraphs":[],"default":{"data":{"Article":[],"Course":[],"Dataset":[],"FAQPage":[],"Movie":[],"Person":[],"Product":[],"ProductReview":[],"Car":[],"Recipe":[],"Service":[],"SoftwareApplication":[],"WebPage":[]},"graphName":"","isEnabled":true},"graphs":[]},"pillar_content":false,"robots_default":true,"robots_noindex":false,"robots_noarchive":false,"robots_nosnippet":false,"robots_nofollow":false,"robots_noimageindex":false,"robots_noodp":false,"robots_notranslate":false,"robots_max_snippet":null,"robots_max_videopreview":null,"robots_max_imagepreview":"large","priority":null,"frequency":null,"local_seo":null,"limit_modified_date":false,"ai":null,"breadcrumb_settings":null,"seo_analyzer_scan_date":null,"created":"2026-07-15 17:05:24","updated":"2026-07-15 17:05:24","focus_keyword":null,"additional_keywords":null,"truseo_locale":null},"aioseo_breadcrumb":"<div class=\"aioseo-breadcrumbs\"><span class=\"aioseo-breadcrumb\">\n\t\t\t<a href=\"https:\/\/zastalowcy.pl\" title=\"Home\">Home<\/a>\n\t\t<\/span><span class=\"aioseo-breadcrumb-separator\">&raquo;<\/span><span class=\"aioseo-breadcrumb\">\n\t\t\t<a href=\"https:\/\/zastalowcy.pl\/?cat=8\" title=\"Wiadomo\u015bci z klubu\">Wiadomo\u015bci z klubu<\/a>\n\t\t<\/span><span class=\"aioseo-breadcrumb-separator\">&raquo;<\/span><span class=\"aioseo-breadcrumb\">\n\t\t\tKoniec sezonu dla Sagaby Konate. Potwierdzono powa\u017cn\u0105 kontuzj\u0119 nadgarstka\n\t\t<\/span><\/div>","aioseo_breadcrumb_json":[{"label":"Home","link":"https:\/\/zastalowcy.pl"},{"label":"Wiadomo\u015bci z klubu","link":"https:\/\/zastalowcy.pl\/?cat=8"},{"label":"Koniec sezonu dla Sagaby Konate. Potwierdzono powa\u017cn\u0105 kontuzj\u0119 nadgarstka","link":"https:\/\/zastalowcy.pl\/?p=1109"}],"_links":{"self":[{"href":"https:\/\/zastalowcy.pl\/index.php?rest_route=\/wp\/v2\/posts\/1109","targetHints":{"allow":["GET"]}}],"collection":[{"href":"https:\/\/zastalowcy.pl\/index.php?rest_route=\/wp\/v2\/posts"}],"about":[{"href":"https:\/\/zastalowcy.pl\/index.php?rest_route=\/wp\/v2\/types\/post"}],"author":[{"embeddable":true,"href":"https:\/\/zastalowcy.pl\/index.php?rest_route=\/wp\/v2\/users\/3"}],"replies":[{"embeddable":true,"href":"https:\/\/zastalowcy.pl\/index.php?rest_route=%2Fwp%2Fv2%2Fcomments&post=1109"}],"version-history":[{"count":1,"href":"https:\/\/zastalowcy.pl\/index.php?rest_route=\/wp\/v2\/posts\/1109\/revisions"}],"predecessor-version":[{"id":1111,"href":"https:\/\/zastalowcy.pl\/index.php?rest_route=\/wp\/v2\/posts\/1109\/revisions\/1111"}],"wp:featuredmedia":[{"embeddable":true,"href":"https:\/\/zastalowcy.pl\/index.php?rest_route=\/wp\/v2\/media\/1110"}],"wp:attachment":[{"href":"https:\/\/zastalowcy.pl\/index.php?rest_route=%2Fwp%2Fv2%2Fmedia&parent=1109"}],"wp:term":[{"taxonomy":"category","embeddable":true,"href":"https:\/\/zastalowcy.pl\/index.php?rest_route=%2Fwp%2Fv2%2Fcategories&post=1109"},{"taxonomy":"post_tag","embeddable":true,"href":"https:\/\/zastalowcy.pl\/index.php?rest_route=%2Fwp%2Fv2%2Ftags&post=1109"}],"curies":[{"name":"wp","href":"https:\/\/api.w.org\/{rel}","templated":true}]}}