{"id":1113,"date":"2026-02-24T11:19:28","date_gmt":"2026-02-24T10:19:28","guid":{"rendered":"https:\/\/zastalowcy.pl\/?p=1113"},"modified":"2026-03-01T11:25:04","modified_gmt":"2026-03-01T10:25:04","slug":"miloszewski-po-finale-duzy-bol-chcielismy-zdobyc-puchar-marzen","status":"publish","type":"post","link":"https:\/\/zastalowcy.pl\/?p=1113","title":{"rendered":"Mi\u0142oszewski po finale: \u201eDu\u017cy b\u00f3l. Chcieli\u015bmy zdoby\u0107 puchar marze\u0144\u201d"},"content":{"rendered":"\n<p class=\"wp-block-paragraph\">To nie by\u0142 wiecz\u00f3r marze\u0144 dla ORLEN Zastalu Zielona G\u00f3ra. Po pora\u017cce w finale Pekao S.A. Pucharu Polski trener Arkadiusz Mi\u0142oszewski nie ukrywa\u0142 emocji.<\/p>\n\n\n\n<p class=\"wp-block-paragraph\">\u2013 Bardzo, bardzo du\u017ca szkoda. Du\u017cy b\u00f3l, \u017ce nie uda\u0142o nam si\u0119 zdoby\u0107 pucharu marze\u0144. Jechali\u015bmy do Sosnowca po marzenia. W pierwszych dw\u00f3ch dniach zesp\u00f3\u0142 funkcjonowa\u0142 rewelacyjnie i mogli\u015bmy mie\u0107 bardzo du\u017c\u0105 nadziej\u0119, \u017ce w trzecim meczu te\u017c b\u0119dziemy grali tak dobrze. Niestety nie uda\u0142o si\u0119 \u2013 m\u00f3wi\u0142 szkoleniowiec.<\/p>\n\n\n\n<h4 class=\"wp-block-heading\">\u201eTo by\u0142 nasz najs\u0142abszy mecz w turnieju\u201d<\/h4>\n\n\n\n<p class=\"wp-block-paragraph\">Trener Zastalu wskaza\u0142 kilka powod\u00f3w fina\u0142owej pora\u017cki. Jego zdaniem by\u0142 to najs\u0142abszy wyst\u0119p dru\u017cyny podczas ca\u0142ego turnieju. \u2013 Zagrali\u015bmy s\u0142abszy mecz, najs\u0142abszy w tym turnieju. My\u015bl\u0119, \u017ce zawiod\u0142a skuteczno\u015b\u0107. Zawiod\u0142a walka podkoszowa, bo zesp\u00f3\u0142 Trefla nas zdominowa\u0142 mocno fizycznie i to nam bardzo przeszkadza\u0142o \u2013 podkre\u015bli\u0142.<\/p>\n\n\n\n<p class=\"wp-block-paragraph\">Brak skuteczno\u015bci z obwodu, kt\u00f3ra wcze\u015bniej by\u0142a jednym z atut\u00f3w Zielonog\u00f3rzan, prze\u0142o\u017cy\u0142 si\u0119 na trudno\u015bci w budowaniu rytmu gry. \u2013 Mecz ze \u015al\u0105skiem pokaza\u0142, \u017ce je\u015bli jeste\u015bmy bardzo skuteczni z obwodu, gra si\u0119 nam \u0142atwiej. W finale tego nie by\u0142o.<\/p>\n\n\n\n<h4 class=\"wp-block-heading\">Koszt energii i kr\u00f3tsza rotacja<\/h4>\n\n\n\n<p class=\"wp-block-paragraph\">Mi\u0142oszewski zwr\u00f3ci\u0142 uwag\u0119 na du\u017cy koszt energetyczny p\u00f3\u0142fina\u0142u ze \u015al\u0105skiem Wroc\u0142aw oraz kr\u00f3tszy czas odpoczynku. \u2013 My\u015bl\u0119, \u017ce mecz ze \u015al\u0105skiem kosztowa\u0142 nas bardzo du\u017co. To zesp\u00f3\u0142 mocny i fizyczny. Trefl gra\u0142 wcze\u015bniej, mia\u0142 te\u017c dzie\u0144 przerwy po czwartkowym meczu. To mog\u0142o mie\u0107 znaczenie \u2013 przyzna\u0142.<\/p>\n\n\n\n<p class=\"wp-block-paragraph\">Dodatkowym problemem by\u0142y kontuzje. Poza wcze\u015bniejszymi urazami Jakuba Szumerta i Filipa Matczaka w trakcie turnieju z gry wypad\u0142 tak\u017ce Sagaba Konate. \u2013 Nasza si\u0142a podkoszowa zosta\u0142a bardzo mocno os\u0142abiona. I tu bym szuka\u0142 przyczyny tej pora\u017cki \u2013 zaznaczy\u0142 trener.<\/p>\n\n\n\n<h4 class=\"wp-block-heading\">\u201eTurniej by\u0142 bardzo udany\u201d<\/h4>\n\n\n\n<p class=\"wp-block-paragraph\">Mimo rozczarowania, szkoleniowiec Zastalu podsumowa\u0142 ca\u0142y wyst\u0119p w Pucharze Polski jako warto\u015bciowy i buduj\u0105cy. \u2013 Og\u00f3lnie uwa\u017cam, \u017ce turniej jest bardzo udany. Pokazali liderzy, \u017ce potrafi\u0105 wzi\u0105\u0107 na siebie odpowiedzialno\u015b\u0107. Zawodnicy pokazali, \u017ce potrafi\u0105 gra\u0107 na najwy\u017cszym poziomie i z najsilniejszymi zespo\u0142ami naszej ligi \u2013 m\u00f3wi\u0142.<\/p>\n\n\n\n<p class=\"wp-block-paragraph\">Doda\u0142, \u017ce wyst\u0119p w Sosnowcu to dobry prognostyk przed kluczow\u0105 cz\u0119\u015bci\u0105 sezonu i walk\u0105 o play-offy.<\/p>\n\n\n\n<h4 class=\"wp-block-heading\">Podzi\u0119kowania dla kibic\u00f3w<\/h4>\n\n\n\n<p class=\"wp-block-paragraph\">Szczeg\u00f3lne s\u0142owa pad\u0142y pod adresem kibic\u00f3w, kt\u00f3rzy licznie przyjechali do Sosnowca. \u2013 Ciesz\u0119 si\u0119, \u017ce tylu kibic\u00f3w przyjecha\u0142o z Zielonej G\u00f3ry. By\u0142 sza\u0142, wszyscy chcieli by\u0107 cz\u0119\u015bci\u0105 tego wydarzenia. Dzi\u0119kuj\u0119 im bardzo za to \u2013 powiedzia\u0142 trener Mi\u0142oszewski.<\/p>\n\n\n\n<p class=\"wp-block-paragraph\">Po powrocie do Zielonej G\u00f3ry dru\u017cyna otrzyma\u0142a wiele s\u0142\u00f3w wsparcia i podzi\u0119kowa\u0144 za emocje, kt\u00f3re towarzyszy\u0142y turniejowi. \u2013 Je\u015bli nie w tym roku, to wr\u00f3cimy. Wr\u00f3cimy do tych gier i b\u0119dziemy m\u0105drzejsi, silniejsi. Mam nadziej\u0119, \u017ce troch\u0119 szcz\u0119\u015bcia przy losowaniu te\u017c by si\u0119 przyda\u0142o \u2013 zako\u0144czy\u0142 szkoleniowiec Zastalowc\u00f3w.<\/p>\n\n\n\n<p class=\"wp-block-paragraph\">\ud83c\udfc0 Zastalowcy.pl \u2013 o Zastalu od kibic\u00f3w \u2013 dla kibic\u00f3w<\/p>\n","protected":false},"excerpt":{"rendered":"<p>To nie by\u0142 wiecz\u00f3r marze\u0144 dla ORLEN Zastalu Zielona G\u00f3ra. Po pora\u017cce w finale Pekao S.A. Pucharu Polski<\/p>\n","protected":false},"author":3,"featured_media":1114,"comment_status":"open","ping_status":"open","sticky":false,"template":"","format":"standard","meta":{"om_disable_all_campaigns":false,"footnotes":""},"categories":[18,326,9],"tags":[17,26,15,13,12,14,42,11,10,16],"class_list":["post-1113","post","type-post","status-publish","format-standard","has-post-thumbnail","hentry","category-aktualnosci","category-puchar-polski-2026","category-sezon-2025-2026","tag-basketzg","tag-druzyna","tag-koszykowka","tag-orlen-zastal-zielona-gora","tag-zastal","tag-zastal-zielona-gora","tag-zastalowcy","tag-zielona-gora","tag-zielonagora","tag-zielonogorska-koszykowka"],"aioseo_notices":[],"aioseo_head":"\n\t\t<!-- All in One SEO 5.0.0.1 - aioseo.com -->\n\t<meta name=\"description\" content=\"To nie by\u0142 wiecz\u00f3r marze\u0144 dla ORLEN Zastalu Zielona G\u00f3ra. Po pora\u017cce w finale Pekao S.A. Pucharu Polski trener Arkadiusz Mi\u0142oszewski nie ukrywa\u0142 emocji. \u2013 Bardzo, bardzo du\u017ca szkoda. Du\u017cy b\u00f3l, \u017ce nie uda\u0142o nam si\u0119 zdoby\u0107 pucharu marze\u0144. Jechali\u015bmy do Sosnowca po marzenia. W pierwszych dw\u00f3ch dniach zesp\u00f3\u0142 funkcjonowa\u0142 rewelacyjnie i mogli\u015bmy mie\u0107 bardzo\" \/>\n\t<meta name=\"robots\" content=\"max-image-preview:large\" \/>\n\t<meta name=\"author\" content=\"Joanna Nawlicka\"\/>\n\t<link rel=\"canonical\" href=\"https:\/\/zastalowcy.pl\/?p=1113\" \/>\n\t<meta name=\"generator\" content=\"All in One SEO (AIOSEO) 5.0.0.1\" \/>\n\t\t<meta property=\"og:locale\" content=\"pl_PL\" \/>\n\t\t<meta property=\"og:site_name\" content=\"- O Zastalu od kibic\u00f3w \u2013 dla kibic\u00f3w\" \/>\n\t\t<meta property=\"og:type\" content=\"article\" \/>\n\t\t<meta property=\"og:title\" content=\"Mi\u0142oszewski po finale: \u201eDu\u017cy b\u00f3l. Chcieli\u015bmy zdoby\u0107 puchar marze\u0144\u201d -\" \/>\n\t\t<meta property=\"og:description\" content=\"To nie by\u0142 wiecz\u00f3r marze\u0144 dla ORLEN Zastalu Zielona G\u00f3ra. Po pora\u017cce w finale Pekao S.A. Pucharu Polski trener Arkadiusz Mi\u0142oszewski nie ukrywa\u0142 emocji. \u2013 Bardzo, bardzo du\u017ca szkoda. Du\u017cy b\u00f3l, \u017ce nie uda\u0142o nam si\u0119 zdoby\u0107 pucharu marze\u0144. Jechali\u015bmy do Sosnowca po marzenia. W pierwszych dw\u00f3ch dniach zesp\u00f3\u0142 funkcjonowa\u0142 rewelacyjnie i mogli\u015bmy mie\u0107 bardzo\" \/>\n\t\t<meta property=\"og:url\" content=\"https:\/\/zastalowcy.pl\/?p=1113\" \/>\n\t\t<meta property=\"og:image\" content=\"https:\/\/zastalowcy.pl\/wp-content\/uploads\/2025\/09\/cropped-logo-strony-2.png\" \/>\n\t\t<meta property=\"og:image:secure_url\" content=\"https:\/\/zastalowcy.pl\/wp-content\/uploads\/2025\/09\/cropped-logo-strony-2.png\" \/>\n\t\t<meta property=\"og:image:width\" content=\"1862\" \/>\n\t\t<meta property=\"og:image:height\" content=\"384\" \/>\n\t\t<meta property=\"article:published_time\" content=\"2026-02-24T10:19:28+00:00\" \/>\n\t\t<meta property=\"article:modified_time\" content=\"2026-03-01T10:25:04+00:00\" \/>\n\t\t<meta name=\"twitter:card\" content=\"summary_large_image\" \/>\n\t\t<meta name=\"twitter:title\" content=\"Mi\u0142oszewski po finale: \u201eDu\u017cy b\u00f3l. Chcieli\u015bmy zdoby\u0107 puchar marze\u0144\u201d -\" \/>\n\t\t<meta name=\"twitter:description\" content=\"To nie by\u0142 wiecz\u00f3r marze\u0144 dla ORLEN Zastalu Zielona G\u00f3ra. Po pora\u017cce w finale Pekao S.A. Pucharu Polski trener Arkadiusz Mi\u0142oszewski nie ukrywa\u0142 emocji. \u2013 Bardzo, bardzo du\u017ca szkoda. Du\u017cy b\u00f3l, \u017ce nie uda\u0142o nam si\u0119 zdoby\u0107 pucharu marze\u0144. Jechali\u015bmy do Sosnowca po marzenia. W pierwszych dw\u00f3ch dniach zesp\u00f3\u0142 funkcjonowa\u0142 rewelacyjnie i mogli\u015bmy mie\u0107 bardzo\" \/>\n\t\t<meta name=\"twitter:image\" content=\"https:\/\/zastalowcy.pl\/wp-content\/uploads\/2025\/09\/cropped-logo-strony-2.png\" \/>\n\t\t<script type=\"application\/ld+json\" class=\"aioseo-schema\">\n\t\t\t{\"@context\":\"https:\\\/\\\/schema.org\",\"@graph\":[{\"@type\":\"BlogPosting\",\"@id\":\"https:\\\/\\\/zastalowcy.pl\\\/?p=1113#blogposting\",\"name\":\"Mi\\u0142oszewski po finale: \\u201eDu\\u017cy b\\u00f3l. Chcieli\\u015bmy zdoby\\u0107 puchar marze\\u0144\\u201d -\",\"headline\":\"Mi\\u0142oszewski po finale: \\u201eDu\\u017cy b\\u00f3l. Chcieli\\u015bmy zdoby\\u0107 puchar marze\\u0144\\u201d\",\"author\":{\"@id\":\"https:\\\/\\\/zastalowcy.pl\\\/?author=3#author\"},\"publisher\":{\"@id\":\"https:\\\/\\\/zastalowcy.pl\\\/#organization\"},\"image\":{\"@type\":\"ImageObject\",\"url\":\"https:\\\/\\\/zastalowcy.pl\\\/wp-content\\\/uploads\\\/2026\\\/03\\\/profilowe-2.png\",\"width\":2048,\"height\":2048},\"datePublished\":\"2026-02-24T11:19:28+01:00\",\"dateModified\":\"2026-03-01T11:25:04+01:00\",\"inLanguage\":\"pl-PL\",\"mainEntityOfPage\":{\"@id\":\"https:\\\/\\\/zastalowcy.pl\\\/?p=1113#webpage\"},\"isPartOf\":{\"@id\":\"https:\\\/\\\/zastalowcy.pl\\\/?p=1113#webpage\"},\"articleSection\":\"Aktualno\\u015bci, Puchar Polski 2026, Sezon 2025\\\/2026, basketzg, dru\\u017cyna, koszyk\\u00f3wka, orlen zastal zielona g\\u00f3ra, zastal, zastal zielona g\\u00f3ra, zastalowcy, zielona g\\u00f3ra, zielonagora, zielonog\\u00f3rska koszyk\\u00f3wka\"},{\"@type\":\"BreadcrumbList\",\"@id\":\"https:\\\/\\\/zastalowcy.pl\\\/?p=1113#breadcrumblist\",\"itemListElement\":[{\"@type\":\"ListItem\",\"@id\":\"https:\\\/\\\/zastalowcy.pl#listItem\",\"position\":1,\"name\":\"Home\",\"item\":\"https:\\\/\\\/zastalowcy.pl\",\"nextItem\":{\"@type\":\"ListItem\",\"@id\":\"https:\\\/\\\/zastalowcy.pl\\\/?cat=9#listItem\",\"name\":\"Sezon 2025\\\/2026\"}},{\"@type\":\"ListItem\",\"@id\":\"https:\\\/\\\/zastalowcy.pl\\\/?cat=9#listItem\",\"position\":2,\"name\":\"Sezon 2025\\\/2026\",\"item\":\"https:\\\/\\\/zastalowcy.pl\\\/?cat=9\",\"nextItem\":{\"@type\":\"ListItem\",\"@id\":\"https:\\\/\\\/zastalowcy.pl\\\/?p=1113#listItem\",\"name\":\"Mi\\u0142oszewski po finale: \\u201eDu\\u017cy b\\u00f3l. Chcieli\\u015bmy zdoby\\u0107 puchar marze\\u0144\\u201d\"},\"previousItem\":{\"@type\":\"ListItem\",\"@id\":\"https:\\\/\\\/zastalowcy.pl#listItem\",\"name\":\"Home\"}},{\"@type\":\"ListItem\",\"@id\":\"https:\\\/\\\/zastalowcy.pl\\\/?p=1113#listItem\",\"position\":3,\"name\":\"Mi\\u0142oszewski po finale: \\u201eDu\\u017cy b\\u00f3l. Chcieli\\u015bmy zdoby\\u0107 puchar marze\\u0144\\u201d\",\"previousItem\":{\"@type\":\"ListItem\",\"@id\":\"https:\\\/\\\/zastalowcy.pl\\\/?cat=9#listItem\",\"name\":\"Sezon 2025\\\/2026\"}}]},{\"@type\":\"Organization\",\"@id\":\"https:\\\/\\\/zastalowcy.pl\\\/#organization\",\"description\":\"O Zastalu od kibic\\u00f3w \\u2013 dla kibic\\u00f3w\",\"url\":\"https:\\\/\\\/zastalowcy.pl\\\/\",\"logo\":{\"@type\":\"ImageObject\",\"url\":\"https:\\\/\\\/zastalowcy.pl\\\/wp-content\\\/uploads\\\/2025\\\/09\\\/cropped-logo-strony-2.png\",\"@id\":\"https:\\\/\\\/zastalowcy.pl\\\/?p=1113\\\/#organizationLogo\",\"width\":1862,\"height\":384},\"image\":{\"@id\":\"https:\\\/\\\/zastalowcy.pl\\\/?p=1113\\\/#organizationLogo\"}},{\"@type\":\"Person\",\"@id\":\"https:\\\/\\\/zastalowcy.pl\\\/?author=3#author\",\"url\":\"https:\\\/\\\/zastalowcy.pl\\\/?author=3\",\"name\":\"Joanna Nawlicka\",\"image\":{\"@type\":\"ImageObject\",\"@id\":\"https:\\\/\\\/zastalowcy.pl\\\/?p=1113#authorImage\",\"url\":\"https:\\\/\\\/secure.gravatar.com\\\/avatar\\\/66fc557d97536ff5096b6295970275631b7a4673997738477642001957f5274c?s=96&d=mm&r=g\",\"width\":96,\"height\":96,\"caption\":\"Joanna Nawlicka\"}},{\"@type\":\"WebPage\",\"@id\":\"https:\\\/\\\/zastalowcy.pl\\\/?p=1113#webpage\",\"url\":\"https:\\\/\\\/zastalowcy.pl\\\/?p=1113\",\"name\":\"Mi\\u0142oszewski po finale: \\u201eDu\\u017cy b\\u00f3l. Chcieli\\u015bmy zdoby\\u0107 puchar marze\\u0144\\u201d -\",\"description\":\"To nie by\\u0142 wiecz\\u00f3r marze\\u0144 dla ORLEN Zastalu Zielona G\\u00f3ra. Po pora\\u017cce w finale Pekao S.A. Pucharu Polski trener Arkadiusz Mi\\u0142oszewski nie ukrywa\\u0142 emocji. \\u2013 Bardzo, bardzo du\\u017ca szkoda. Du\\u017cy b\\u00f3l, \\u017ce nie uda\\u0142o nam si\\u0119 zdoby\\u0107 pucharu marze\\u0144. Jechali\\u015bmy do Sosnowca po marzenia. W pierwszych dw\\u00f3ch dniach zesp\\u00f3\\u0142 funkcjonowa\\u0142 rewelacyjnie i mogli\\u015bmy mie\\u0107 bardzo\",\"inLanguage\":\"pl-PL\",\"isPartOf\":{\"@id\":\"https:\\\/\\\/zastalowcy.pl\\\/#website\"},\"breadcrumb\":{\"@id\":\"https:\\\/\\\/zastalowcy.pl\\\/?p=1113#breadcrumblist\"},\"author\":{\"@id\":\"https:\\\/\\\/zastalowcy.pl\\\/?author=3#author\"},\"creator\":{\"@id\":\"https:\\\/\\\/zastalowcy.pl\\\/?author=3#author\"},\"image\":{\"@type\":\"ImageObject\",\"url\":\"https:\\\/\\\/zastalowcy.pl\\\/wp-content\\\/uploads\\\/2026\\\/03\\\/profilowe-2.png\",\"@id\":\"https:\\\/\\\/zastalowcy.pl\\\/?p=1113\\\/#mainImage\",\"width\":2048,\"height\":2048},\"primaryImageOfPage\":{\"@id\":\"https:\\\/\\\/zastalowcy.pl\\\/?p=1113#mainImage\"},\"datePublished\":\"2026-02-24T11:19:28+01:00\",\"dateModified\":\"2026-03-01T11:25:04+01:00\"},{\"@type\":\"WebSite\",\"@id\":\"https:\\\/\\\/zastalowcy.pl\\\/#website\",\"url\":\"https:\\\/\\\/zastalowcy.pl\\\/\",\"description\":\"O Zastalu od kibic\\u00f3w \\u2013 dla kibic\\u00f3w\",\"inLanguage\":\"pl-PL\",\"publisher\":{\"@id\":\"https:\\\/\\\/zastalowcy.pl\\\/#organization\"}}]}\n\t\t<\/script>\n\t\t<!-- All in One SEO -->\n\n","aioseo_head_json":{"title":"Mi\u0142oszewski po finale: \u201eDu\u017cy b\u00f3l. Chcieli\u015bmy zdoby\u0107 puchar marze\u0144\u201d -","description":"To nie by\u0142 wiecz\u00f3r marze\u0144 dla ORLEN Zastalu Zielona G\u00f3ra. Po pora\u017cce w finale Pekao S.A. Pucharu Polski trener Arkadiusz Mi\u0142oszewski nie ukrywa\u0142 emocji. \u2013 Bardzo, bardzo du\u017ca szkoda. Du\u017cy b\u00f3l, \u017ce nie uda\u0142o nam si\u0119 zdoby\u0107 pucharu marze\u0144. Jechali\u015bmy do Sosnowca po marzenia. W pierwszych dw\u00f3ch dniach zesp\u00f3\u0142 funkcjonowa\u0142 rewelacyjnie i mogli\u015bmy mie\u0107 bardzo","canonical_url":"https:\/\/zastalowcy.pl\/?p=1113","robots":"max-image-preview:large","keywords":"","webmasterTools":{"miscellaneous":""},"schema":{"@context":"https:\/\/schema.org","@graph":[{"@type":"BlogPosting","@id":"https:\/\/zastalowcy.pl\/?p=1113#blogposting","name":"Mi\u0142oszewski po finale: \u201eDu\u017cy b\u00f3l. Chcieli\u015bmy zdoby\u0107 puchar marze\u0144\u201d -","headline":"Mi\u0142oszewski po finale: \u201eDu\u017cy b\u00f3l. Chcieli\u015bmy zdoby\u0107 puchar marze\u0144\u201d","author":{"@id":"https:\/\/zastalowcy.pl\/?author=3#author"},"publisher":{"@id":"https:\/\/zastalowcy.pl\/#organization"},"image":{"@type":"ImageObject","url":"https:\/\/zastalowcy.pl\/wp-content\/uploads\/2026\/03\/profilowe-2.png","width":2048,"height":2048},"datePublished":"2026-02-24T11:19:28+01:00","dateModified":"2026-03-01T11:25:04+01:00","inLanguage":"pl-PL","mainEntityOfPage":{"@id":"https:\/\/zastalowcy.pl\/?p=1113#webpage"},"isPartOf":{"@id":"https:\/\/zastalowcy.pl\/?p=1113#webpage"},"articleSection":"Aktualno\u015bci, Puchar Polski 2026, Sezon 2025\/2026, basketzg, dru\u017cyna, koszyk\u00f3wka, orlen zastal zielona g\u00f3ra, zastal, zastal zielona g\u00f3ra, zastalowcy, zielona g\u00f3ra, zielonagora, zielonog\u00f3rska koszyk\u00f3wka"},{"@type":"BreadcrumbList","@id":"https:\/\/zastalowcy.pl\/?p=1113#breadcrumblist","itemListElement":[{"@type":"ListItem","@id":"https:\/\/zastalowcy.pl#listItem","position":1,"name":"Home","item":"https:\/\/zastalowcy.pl","nextItem":{"@type":"ListItem","@id":"https:\/\/zastalowcy.pl\/?cat=9#listItem","name":"Sezon 2025\/2026"}},{"@type":"ListItem","@id":"https:\/\/zastalowcy.pl\/?cat=9#listItem","position":2,"name":"Sezon 2025\/2026","item":"https:\/\/zastalowcy.pl\/?cat=9","nextItem":{"@type":"ListItem","@id":"https:\/\/zastalowcy.pl\/?p=1113#listItem","name":"Mi\u0142oszewski po finale: \u201eDu\u017cy b\u00f3l. Chcieli\u015bmy zdoby\u0107 puchar marze\u0144\u201d"},"previousItem":{"@type":"ListItem","@id":"https:\/\/zastalowcy.pl#listItem","name":"Home"}},{"@type":"ListItem","@id":"https:\/\/zastalowcy.pl\/?p=1113#listItem","position":3,"name":"Mi\u0142oszewski po finale: \u201eDu\u017cy b\u00f3l. Chcieli\u015bmy zdoby\u0107 puchar marze\u0144\u201d","previousItem":{"@type":"ListItem","@id":"https:\/\/zastalowcy.pl\/?cat=9#listItem","name":"Sezon 2025\/2026"}}]},{"@type":"Organization","@id":"https:\/\/zastalowcy.pl\/#organization","description":"O Zastalu od kibic\u00f3w \u2013 dla kibic\u00f3w","url":"https:\/\/zastalowcy.pl\/","logo":{"@type":"ImageObject","url":"https:\/\/zastalowcy.pl\/wp-content\/uploads\/2025\/09\/cropped-logo-strony-2.png","@id":"https:\/\/zastalowcy.pl\/?p=1113\/#organizationLogo","width":1862,"height":384},"image":{"@id":"https:\/\/zastalowcy.pl\/?p=1113\/#organizationLogo"}},{"@type":"Person","@id":"https:\/\/zastalowcy.pl\/?author=3#author","url":"https:\/\/zastalowcy.pl\/?author=3","name":"Joanna Nawlicka","image":{"@type":"ImageObject","@id":"https:\/\/zastalowcy.pl\/?p=1113#authorImage","url":"https:\/\/secure.gravatar.com\/avatar\/66fc557d97536ff5096b6295970275631b7a4673997738477642001957f5274c?s=96&d=mm&r=g","width":96,"height":96,"caption":"Joanna Nawlicka"}},{"@type":"WebPage","@id":"https:\/\/zastalowcy.pl\/?p=1113#webpage","url":"https:\/\/zastalowcy.pl\/?p=1113","name":"Mi\u0142oszewski po finale: \u201eDu\u017cy b\u00f3l. Chcieli\u015bmy zdoby\u0107 puchar marze\u0144\u201d -","description":"To nie by\u0142 wiecz\u00f3r marze\u0144 dla ORLEN Zastalu Zielona G\u00f3ra. Po pora\u017cce w finale Pekao S.A. Pucharu Polski trener Arkadiusz Mi\u0142oszewski nie ukrywa\u0142 emocji. \u2013 Bardzo, bardzo du\u017ca szkoda. Du\u017cy b\u00f3l, \u017ce nie uda\u0142o nam si\u0119 zdoby\u0107 pucharu marze\u0144. Jechali\u015bmy do Sosnowca po marzenia. W pierwszych dw\u00f3ch dniach zesp\u00f3\u0142 funkcjonowa\u0142 rewelacyjnie i mogli\u015bmy mie\u0107 bardzo","inLanguage":"pl-PL","isPartOf":{"@id":"https:\/\/zastalowcy.pl\/#website"},"breadcrumb":{"@id":"https:\/\/zastalowcy.pl\/?p=1113#breadcrumblist"},"author":{"@id":"https:\/\/zastalowcy.pl\/?author=3#author"},"creator":{"@id":"https:\/\/zastalowcy.pl\/?author=3#author"},"image":{"@type":"ImageObject","url":"https:\/\/zastalowcy.pl\/wp-content\/uploads\/2026\/03\/profilowe-2.png","@id":"https:\/\/zastalowcy.pl\/?p=1113\/#mainImage","width":2048,"height":2048},"primaryImageOfPage":{"@id":"https:\/\/zastalowcy.pl\/?p=1113#mainImage"},"datePublished":"2026-02-24T11:19:28+01:00","dateModified":"2026-03-01T11:25:04+01:00"},{"@type":"WebSite","@id":"https:\/\/zastalowcy.pl\/#website","url":"https:\/\/zastalowcy.pl\/","description":"O Zastalu od kibic\u00f3w \u2013 dla kibic\u00f3w","inLanguage":"pl-PL","publisher":{"@id":"https:\/\/zastalowcy.pl\/#organization"}}]},"og:locale":"pl_PL","og:site_name":"- O Zastalu od kibic\u00f3w \u2013 dla kibic\u00f3w","og:type":"article","og:title":"Mi\u0142oszewski po finale: \u201eDu\u017cy b\u00f3l. Chcieli\u015bmy zdoby\u0107 puchar marze\u0144\u201d -","og:description":"To nie by\u0142 wiecz\u00f3r marze\u0144 dla ORLEN Zastalu Zielona G\u00f3ra. Po pora\u017cce w finale Pekao S.A. Pucharu Polski trener Arkadiusz Mi\u0142oszewski nie ukrywa\u0142 emocji. \u2013 Bardzo, bardzo du\u017ca szkoda. Du\u017cy b\u00f3l, \u017ce nie uda\u0142o nam si\u0119 zdoby\u0107 pucharu marze\u0144. Jechali\u015bmy do Sosnowca po marzenia. W pierwszych dw\u00f3ch dniach zesp\u00f3\u0142 funkcjonowa\u0142 rewelacyjnie i mogli\u015bmy mie\u0107 bardzo","og:url":"https:\/\/zastalowcy.pl\/?p=1113","og:image":"https:\/\/zastalowcy.pl\/wp-content\/uploads\/2025\/09\/cropped-logo-strony-2.png","og:image:secure_url":"https:\/\/zastalowcy.pl\/wp-content\/uploads\/2025\/09\/cropped-logo-strony-2.png","og:image:width":1862,"og:image:height":384,"article:published_time":"2026-02-24T10:19:28+00:00","article:modified_time":"2026-03-01T10:25:04+00:00","twitter:card":"summary_large_image","twitter:title":"Mi\u0142oszewski po finale: \u201eDu\u017cy b\u00f3l. Chcieli\u015bmy zdoby\u0107 puchar marze\u0144\u201d -","twitter:description":"To nie by\u0142 wiecz\u00f3r marze\u0144 dla ORLEN Zastalu Zielona G\u00f3ra. Po pora\u017cce w finale Pekao S.A. Pucharu Polski trener Arkadiusz Mi\u0142oszewski nie ukrywa\u0142 emocji. \u2013 Bardzo, bardzo du\u017ca szkoda. Du\u017cy b\u00f3l, \u017ce nie uda\u0142o nam si\u0119 zdoby\u0107 pucharu marze\u0144. Jechali\u015bmy do Sosnowca po marzenia. W pierwszych dw\u00f3ch dniach zesp\u00f3\u0142 funkcjonowa\u0142 rewelacyjnie i mogli\u015bmy mie\u0107 bardzo","twitter:image":"https:\/\/zastalowcy.pl\/wp-content\/uploads\/2025\/09\/cropped-logo-strony-2.png"},"aioseo_meta_data":{"post_id":"1113","title":null,"description":null,"keywords":null,"keyphrases":null,"primary_term":null,"canonical_url":null,"og_title":null,"og_description":null,"og_object_type":"default","og_image_type":"default","og_image_custom_url":null,"og_image_custom_fields":null,"og_image_url":null,"og_image_width":null,"og_image_height":null,"og_video":null,"og_custom_url":null,"og_article_section":null,"og_article_tags":null,"twitter_use_og":false,"twitter_card":"default","twitter_image_type":"default","twitter_image_custom_url":null,"twitter_image_custom_fields":null,"twitter_image_url":null,"twitter_title":null,"twitter_description":null,"schema_type":"default","schema_type_options":null,"schema":{"blockGraphs":[],"customGraphs":[],"default":{"data":{"Article":[],"Course":[],"Dataset":[],"FAQPage":[],"Movie":[],"Person":[],"Product":[],"ProductReview":[],"Car":[],"Recipe":[],"Service":[],"SoftwareApplication":[],"WebPage":[]},"graphName":"","isEnabled":true},"graphs":[]},"pillar_content":false,"robots_default":true,"robots_noindex":false,"robots_noarchive":false,"robots_nosnippet":false,"robots_nofollow":false,"robots_noimageindex":false,"robots_noodp":false,"robots_notranslate":false,"robots_max_snippet":null,"robots_max_videopreview":null,"robots_max_imagepreview":"large","priority":null,"frequency":null,"local_seo":null,"limit_modified_date":false,"ai":null,"breadcrumb_settings":null,"seo_analyzer_scan_date":null,"created":"2026-07-15 17:05:24","updated":"2026-07-15 17:05:24","focus_keyword":null,"additional_keywords":null,"truseo_locale":null},"aioseo_breadcrumb":"<div class=\"aioseo-breadcrumbs\"><span class=\"aioseo-breadcrumb\">\n\t\t\t<a href=\"https:\/\/zastalowcy.pl\" title=\"Home\">Home<\/a>\n\t\t<\/span><span class=\"aioseo-breadcrumb-separator\">&raquo;<\/span><span class=\"aioseo-breadcrumb\">\n\t\t\t<a href=\"https:\/\/zastalowcy.pl\/?cat=9\" title=\"Sezon 2025\/2026\">Sezon 2025\/2026<\/a>\n\t\t<\/span><span class=\"aioseo-breadcrumb-separator\">&raquo;<\/span><span class=\"aioseo-breadcrumb\">\n\t\t\tMi\u0142oszewski po finale: \u201eDu\u017cy b\u00f3l. Chcieli\u015bmy zdoby\u0107 puchar marze\u0144\u201d\n\t\t<\/span><\/div>","aioseo_breadcrumb_json":[{"label":"Home","link":"https:\/\/zastalowcy.pl"},{"label":"Sezon 2025\/2026","link":"https:\/\/zastalowcy.pl\/?cat=9"},{"label":"Mi\u0142oszewski po finale: \u201eDu\u017cy b\u00f3l. Chcieli\u015bmy zdoby\u0107 puchar marze\u0144\u201d","link":"https:\/\/zastalowcy.pl\/?p=1113"}],"_links":{"self":[{"href":"https:\/\/zastalowcy.pl\/index.php?rest_route=\/wp\/v2\/posts\/1113","targetHints":{"allow":["GET"]}}],"collection":[{"href":"https:\/\/zastalowcy.pl\/index.php?rest_route=\/wp\/v2\/posts"}],"about":[{"href":"https:\/\/zastalowcy.pl\/index.php?rest_route=\/wp\/v2\/types\/post"}],"author":[{"embeddable":true,"href":"https:\/\/zastalowcy.pl\/index.php?rest_route=\/wp\/v2\/users\/3"}],"replies":[{"embeddable":true,"href":"https:\/\/zastalowcy.pl\/index.php?rest_route=%2Fwp%2Fv2%2Fcomments&post=1113"}],"version-history":[{"count":1,"href":"https:\/\/zastalowcy.pl\/index.php?rest_route=\/wp\/v2\/posts\/1113\/revisions"}],"predecessor-version":[{"id":1115,"href":"https:\/\/zastalowcy.pl\/index.php?rest_route=\/wp\/v2\/posts\/1113\/revisions\/1115"}],"wp:featuredmedia":[{"embeddable":true,"href":"https:\/\/zastalowcy.pl\/index.php?rest_route=\/wp\/v2\/media\/1114"}],"wp:attachment":[{"href":"https:\/\/zastalowcy.pl\/index.php?rest_route=%2Fwp%2Fv2%2Fmedia&parent=1113"}],"wp:term":[{"taxonomy":"category","embeddable":true,"href":"https:\/\/zastalowcy.pl\/index.php?rest_route=%2Fwp%2Fv2%2Fcategories&post=1113"},{"taxonomy":"post_tag","embeddable":true,"href":"https:\/\/zastalowcy.pl\/index.php?rest_route=%2Fwp%2Fv2%2Ftags&post=1113"}],"curies":[{"name":"wp","href":"https:\/\/api.w.org\/{rel}","templated":true}]}}