{"id":1126,"date":"2026-03-04T20:01:22","date_gmt":"2026-03-04T19:01:22","guid":{"rendered":"https:\/\/zastalowcy.pl\/?p=1126"},"modified":"2026-03-04T20:01:22","modified_gmt":"2026-03-04T19:01:22","slug":"zastal-wraca-do-ligowej-rzeczywistosci-w-czwartek-mecz-z-liderem","status":"publish","type":"post","link":"https:\/\/zastalowcy.pl\/?p=1126","title":{"rendered":"Zastal wraca do ligowej rzeczywisto\u015bci. W czwartek mecz z liderem"},"content":{"rendered":"\n<p class=\"wp-block-paragraph\">Po emocjach zwi\u0105zanych z Pekao S.A. Pucharem Polski ORLEN Zastal Zielona G\u00f3ra wraca do ligowej rywalizacji. Ju\u017c w czwartek, 5 marca o godzinie 20:15 w hali CRS Zielonog\u00f3rzanie zmierz\u0105 si\u0119 z liderem ORLEN Basket Ligi \u2013 Kingiem Szczecin.<\/p>\n\n\n\n<p class=\"wp-block-paragraph\">Cho\u0107 oba zespo\u0142y spotka\u0142y si\u0119 niedawno w \u0107wier\u0107finale turnieju pucharowego w Sosnowcu, gdzie Zastal okaza\u0142 si\u0119 lepszy, trener Arkadiusz Mi\u0142oszewski podkre\u015bla, \u017ce tamto zwyci\u0119stwo nie ma wi\u0119kszego znaczenia przed kolejnym starciem. \u2013 Grali\u015bmy z nimi w Pucharze Polski i wygrali\u015bmy, ale to jest nic nieznacz\u0105ce zwyci\u0119stwo w kontek\u015bcie najbli\u017cszego meczu. Na pewno przyjedzie do nas zesp\u00f3\u0142 bardziej zdeterminowany i zmotywowany, \u017ceby wzi\u0105\u0107 rewan\u017c za tamto spotkanie \u2013 powiedzia\u0142 szkoleniowiec.<\/p>\n\n\n\n<p class=\"wp-block-paragraph\">Zdaniem trenera Zastalu czwartkowy mecz mo\u017ce wygl\u0105da\u0107 zupe\u0142nie inaczej ni\u017c ten rozegrany w Sosnowcu. King to dru\u017cyna o du\u017cym potencjale ofensywnym i szerokim wachlarzu atut\u00f3w. \u2013 To naprawd\u0119 du\u017co lepszy zesp\u00f3\u0142 ni\u017c ten, kt\u00f3ry zagra\u0142 przeciwko nam w Pucharze Polski. Maj\u0105 gro\u017anych strzelc\u00f3w, zawodnik\u00f3w dobrze graj\u0105cych pod koszem i bardzo dobrych rozgrywaj\u0105cych. Zar\u00f3wno Novak, jak i Roach to klasowi zawodnicy \u2013 podkre\u015bli\u0142 Mi\u0142oszewski.<\/p>\n\n\n\n<p class=\"wp-block-paragraph\">Szkoleniowiec spodziewa si\u0119 tak\u017ce zupe\u0142nie innego nastawienia szczeci\u0144skiego zespo\u0142u. Po pora\u017cce w turnieju pucharowym lider ligi z pewno\u015bci\u0105 b\u0119dzie chcia\u0142 udowodni\u0107 swoj\u0105 warto\u015b\u0107. \u2013 Zawsze tak jest w sporcie. Kiedy si\u0119 przegrywa, pojawia si\u0119 ch\u0119\u0107 rewan\u017cu i udowodnienia, \u017ce to by\u0142 wypadek przy pracy. Spodziewam si\u0119, \u017ce przyjad\u0105 do Zielonej G\u00f3ry bardzo zmotywowani, \u017ceby pokaza\u0107, \u017ce s\u0105 lepsi \u2013 doda\u0142 trener.<\/p>\n\n\n\n<p class=\"wp-block-paragraph\">King Szczecin dysponuje tak\u017ce zawodnikami z do\u015bwiadczeniem reprezentacyjnym. W ostatnich dniach kilku koszykarzy tej dru\u017cyny wyst\u0119powa\u0142o w meczach swoich kadr narodowych. \u2013 Maj\u0105 dw\u00f3ch reprezentant\u00f3w Polski \u2013 Przemka \u017bo\u0142nierewicza i Tomka Gielo, kt\u00f3rzy grali w spotkaniach z \u0141otw\u0105. Jest te\u017c reprezentant Serbii Jovan Novak, kt\u00f3ry by\u0142 na zgrupowaniu i wyst\u0119powa\u0142 w meczach przeciwko Turcji. To pokazuje klas\u0119 tego zespo\u0142u \u2013 zaznaczy\u0142 trener Mi\u0142oszewski.<\/p>\n\n\n\n<p class=\"wp-block-paragraph\">Zastal przed czwartkowym spotkaniem ma jednak r\u00f3wnie\u017c dobre wiadomo\u015bci kadrowe. Do trening\u00f3w wr\u00f3ci\u0142 Jakub Szumert, kt\u00f3ry przez ostatni czas zmaga\u0142 si\u0119 z problemami zdrowotnymi. \u2013 Kuba Szumert wraca do gry, trenowa\u0142 ju\u017c normalnie i nie czuje \u017cadnych dolegliwo\u015bci. Stracili\u015bmy jednego wysokiego, bo <a href=\"https:\/\/zastalowcy.pl\/?p=1119\">Sagaba Konate<\/a> dozna\u0142 kontuzji, kt\u00f3ra wyklucza go z gry do ko\u0144ca sezonu, ale powr\u00f3t Kuby to dla nas bardzo dobra wiadomo\u015b\u0107 \u2013 powiedzia\u0142 trener.<\/p>\n\n\n\n<p class=\"wp-block-paragraph\">Jedynym nieobecnym zawodnikiem pozostaje obecnie <a href=\"https:\/\/zastalowcy.pl\/?p=1123\">Filip Matczak<\/a>, kt\u00f3ry wci\u0105\u017c przechodzi leczenie i rehabilitacj\u0119.<\/p>\n\n\n\n<p class=\"wp-block-paragraph\">Czwartkowe spotkanie zapowiada si\u0119 wi\u0119c jako jedno z najciekawszych star\u0107 najbli\u017cszej kolejki. Zastal b\u0119dzie chcia\u0142 potwierdzi\u0107 dobr\u0105 form\u0119 z turnieju pucharowego, a lider z Szczecina z pewno\u015bci\u0105 zrobi wszystko, by wzi\u0105\u0107 rewan\u017c za niedawn\u0105 pora\u017ck\u0119.<\/p>\n\n\n\n<p class=\"wp-block-paragraph\">\ud83c\udfc0 Zastalowcy.pl \u2013 o Zastalu od kibic\u00f3w \u2013 dla kibic\u00f3w<\/p>\n","protected":false},"excerpt":{"rendered":"<p>Po emocjach zwi\u0105zanych z Pekao S.A. Pucharem Polski ORLEN Zastal Zielona G\u00f3ra wraca do ligowej rywalizacji. Ju\u017c w<\/p>\n","protected":false},"author":3,"featured_media":1127,"comment_status":"open","ping_status":"open","sticky":false,"template":"","format":"standard","meta":{"om_disable_all_campaigns":false,"footnotes":""},"categories":[18,9],"tags":[63,17,26,90,75,111,15,13,129,235,339,340,12,14,42,45,11,10,16],"class_list":["post-1126","post","type-post","status-publish","format-standard","has-post-thumbnail","hentry","category-aktualnosci","category-sezon-2025-2026","tag-arkadiusz-miloszewski","tag-basketzg","tag-druzyna","tag-filip-matczak","tag-jakub-szumert","tag-king-szczecin","tag-koszykowka","tag-orlen-zastal-zielona-gora","tag-plkpl","tag-sagaba-konate","tag-wilki-morskie","tag-wilki-morskie-king-szczecin","tag-zastal","tag-zastal-zielona-gora","tag-zastalowcy","tag-zastalowcy-pl","tag-zielona-gora","tag-zielonagora","tag-zielonogorska-koszykowka"],"aioseo_notices":[],"aioseo_head":"\n\t\t<!-- All in One SEO 5.0.0.1 - aioseo.com -->\n\t<meta name=\"description\" content=\"Po emocjach zwi\u0105zanych z Pekao S.A. Pucharem Polski ORLEN Zastal Zielona G\u00f3ra wraca do ligowej rywalizacji. Ju\u017c w czwartek, 5 marca o godzinie 20:15 w hali CRS Zielonog\u00f3rzanie zmierz\u0105 si\u0119 z liderem ORLEN Basket Ligi \u2013 Kingiem Szczecin. Cho\u0107 oba zespo\u0142y spotka\u0142y si\u0119 niedawno w \u0107wier\u0107finale turnieju pucharowego w Sosnowcu, gdzie Zastal okaza\u0142 si\u0119 lepszy,\" \/>\n\t<meta name=\"robots\" content=\"max-image-preview:large\" \/>\n\t<meta name=\"author\" content=\"Joanna Nawlicka\"\/>\n\t<link rel=\"canonical\" href=\"https:\/\/zastalowcy.pl\/?p=1126\" \/>\n\t<meta name=\"generator\" content=\"All in One SEO (AIOSEO) 5.0.0.1\" \/>\n\t\t<meta property=\"og:locale\" content=\"pl_PL\" \/>\n\t\t<meta property=\"og:site_name\" content=\"- O Zastalu od kibic\u00f3w \u2013 dla kibic\u00f3w\" \/>\n\t\t<meta property=\"og:type\" content=\"article\" \/>\n\t\t<meta property=\"og:title\" content=\"Zastal wraca do ligowej rzeczywisto\u015bci. W czwartek mecz z liderem -\" \/>\n\t\t<meta property=\"og:description\" content=\"Po emocjach zwi\u0105zanych z Pekao S.A. Pucharem Polski ORLEN Zastal Zielona G\u00f3ra wraca do ligowej rywalizacji. Ju\u017c w czwartek, 5 marca o godzinie 20:15 w hali CRS Zielonog\u00f3rzanie zmierz\u0105 si\u0119 z liderem ORLEN Basket Ligi \u2013 Kingiem Szczecin. Cho\u0107 oba zespo\u0142y spotka\u0142y si\u0119 niedawno w \u0107wier\u0107finale turnieju pucharowego w Sosnowcu, gdzie Zastal okaza\u0142 si\u0119 lepszy,\" \/>\n\t\t<meta property=\"og:url\" content=\"https:\/\/zastalowcy.pl\/?p=1126\" \/>\n\t\t<meta property=\"og:image\" content=\"https:\/\/zastalowcy.pl\/wp-content\/uploads\/2025\/09\/cropped-logo-strony-2.png\" \/>\n\t\t<meta property=\"og:image:secure_url\" content=\"https:\/\/zastalowcy.pl\/wp-content\/uploads\/2025\/09\/cropped-logo-strony-2.png\" \/>\n\t\t<meta property=\"og:image:width\" content=\"1862\" \/>\n\t\t<meta property=\"og:image:height\" content=\"384\" \/>\n\t\t<meta property=\"article:published_time\" content=\"2026-03-04T19:01:22+00:00\" \/>\n\t\t<meta property=\"article:modified_time\" content=\"2026-03-04T19:01:22+00:00\" \/>\n\t\t<meta name=\"twitter:card\" content=\"summary_large_image\" \/>\n\t\t<meta name=\"twitter:title\" content=\"Zastal wraca do ligowej rzeczywisto\u015bci. W czwartek mecz z liderem -\" \/>\n\t\t<meta name=\"twitter:description\" content=\"Po emocjach zwi\u0105zanych z Pekao S.A. Pucharem Polski ORLEN Zastal Zielona G\u00f3ra wraca do ligowej rywalizacji. Ju\u017c w czwartek, 5 marca o godzinie 20:15 w hali CRS Zielonog\u00f3rzanie zmierz\u0105 si\u0119 z liderem ORLEN Basket Ligi \u2013 Kingiem Szczecin. Cho\u0107 oba zespo\u0142y spotka\u0142y si\u0119 niedawno w \u0107wier\u0107finale turnieju pucharowego w Sosnowcu, gdzie Zastal okaza\u0142 si\u0119 lepszy,\" \/>\n\t\t<meta name=\"twitter:image\" content=\"https:\/\/zastalowcy.pl\/wp-content\/uploads\/2025\/09\/cropped-logo-strony-2.png\" \/>\n\t\t<script type=\"application\/ld+json\" class=\"aioseo-schema\">\n\t\t\t{\"@context\":\"https:\\\/\\\/schema.org\",\"@graph\":[{\"@type\":\"BlogPosting\",\"@id\":\"https:\\\/\\\/zastalowcy.pl\\\/?p=1126#blogposting\",\"name\":\"Zastal wraca do ligowej rzeczywisto\\u015bci. W czwartek mecz z liderem -\",\"headline\":\"Zastal wraca do ligowej rzeczywisto\\u015bci. W czwartek mecz z liderem\",\"author\":{\"@id\":\"https:\\\/\\\/zastalowcy.pl\\\/?author=3#author\"},\"publisher\":{\"@id\":\"https:\\\/\\\/zastalowcy.pl\\\/#organization\"},\"image\":{\"@type\":\"ImageObject\",\"url\":\"https:\\\/\\\/zastalowcy.pl\\\/wp-content\\\/uploads\\\/2026\\\/03\\\/profilowe-6.png\",\"width\":2048,\"height\":2048},\"datePublished\":\"2026-03-04T20:01:22+01:00\",\"dateModified\":\"2026-03-04T20:01:22+01:00\",\"inLanguage\":\"pl-PL\",\"mainEntityOfPage\":{\"@id\":\"https:\\\/\\\/zastalowcy.pl\\\/?p=1126#webpage\"},\"isPartOf\":{\"@id\":\"https:\\\/\\\/zastalowcy.pl\\\/?p=1126#webpage\"},\"articleSection\":\"Aktualno\\u015bci, Sezon 2025\\\/2026, arkadiusz mi\\u0142oszewski, basketzg, dru\\u017cyna, filip matczak, jakub szumert, King Szczecin, koszyk\\u00f3wka, orlen zastal zielona g\\u00f3ra, plkpl, Sagaba Konate, wilki morskie, wilki morskie king szczecin, zastal, zastal zielona g\\u00f3ra, zastalowcy, zastalowcy.pl, zielona g\\u00f3ra, zielonagora, zielonog\\u00f3rska koszyk\\u00f3wka\"},{\"@type\":\"BreadcrumbList\",\"@id\":\"https:\\\/\\\/zastalowcy.pl\\\/?p=1126#breadcrumblist\",\"itemListElement\":[{\"@type\":\"ListItem\",\"@id\":\"https:\\\/\\\/zastalowcy.pl#listItem\",\"position\":1,\"name\":\"Home\",\"item\":\"https:\\\/\\\/zastalowcy.pl\",\"nextItem\":{\"@type\":\"ListItem\",\"@id\":\"https:\\\/\\\/zastalowcy.pl\\\/?cat=9#listItem\",\"name\":\"Sezon 2025\\\/2026\"}},{\"@type\":\"ListItem\",\"@id\":\"https:\\\/\\\/zastalowcy.pl\\\/?cat=9#listItem\",\"position\":2,\"name\":\"Sezon 2025\\\/2026\",\"item\":\"https:\\\/\\\/zastalowcy.pl\\\/?cat=9\",\"nextItem\":{\"@type\":\"ListItem\",\"@id\":\"https:\\\/\\\/zastalowcy.pl\\\/?p=1126#listItem\",\"name\":\"Zastal wraca do ligowej rzeczywisto\\u015bci. W czwartek mecz z liderem\"},\"previousItem\":{\"@type\":\"ListItem\",\"@id\":\"https:\\\/\\\/zastalowcy.pl#listItem\",\"name\":\"Home\"}},{\"@type\":\"ListItem\",\"@id\":\"https:\\\/\\\/zastalowcy.pl\\\/?p=1126#listItem\",\"position\":3,\"name\":\"Zastal wraca do ligowej rzeczywisto\\u015bci. W czwartek mecz z liderem\",\"previousItem\":{\"@type\":\"ListItem\",\"@id\":\"https:\\\/\\\/zastalowcy.pl\\\/?cat=9#listItem\",\"name\":\"Sezon 2025\\\/2026\"}}]},{\"@type\":\"Organization\",\"@id\":\"https:\\\/\\\/zastalowcy.pl\\\/#organization\",\"description\":\"O Zastalu od kibic\\u00f3w \\u2013 dla kibic\\u00f3w\",\"url\":\"https:\\\/\\\/zastalowcy.pl\\\/\",\"logo\":{\"@type\":\"ImageObject\",\"url\":\"https:\\\/\\\/zastalowcy.pl\\\/wp-content\\\/uploads\\\/2025\\\/09\\\/cropped-logo-strony-2.png\",\"@id\":\"https:\\\/\\\/zastalowcy.pl\\\/?p=1126\\\/#organizationLogo\",\"width\":1862,\"height\":384},\"image\":{\"@id\":\"https:\\\/\\\/zastalowcy.pl\\\/?p=1126\\\/#organizationLogo\"}},{\"@type\":\"Person\",\"@id\":\"https:\\\/\\\/zastalowcy.pl\\\/?author=3#author\",\"url\":\"https:\\\/\\\/zastalowcy.pl\\\/?author=3\",\"name\":\"Joanna Nawlicka\",\"image\":{\"@type\":\"ImageObject\",\"@id\":\"https:\\\/\\\/zastalowcy.pl\\\/?p=1126#authorImage\",\"url\":\"https:\\\/\\\/secure.gravatar.com\\\/avatar\\\/66fc557d97536ff5096b6295970275631b7a4673997738477642001957f5274c?s=96&d=mm&r=g\",\"width\":96,\"height\":96,\"caption\":\"Joanna Nawlicka\"}},{\"@type\":\"WebPage\",\"@id\":\"https:\\\/\\\/zastalowcy.pl\\\/?p=1126#webpage\",\"url\":\"https:\\\/\\\/zastalowcy.pl\\\/?p=1126\",\"name\":\"Zastal wraca do ligowej rzeczywisto\\u015bci. W czwartek mecz z liderem -\",\"description\":\"Po emocjach zwi\\u0105zanych z Pekao S.A. Pucharem Polski ORLEN Zastal Zielona G\\u00f3ra wraca do ligowej rywalizacji. Ju\\u017c w czwartek, 5 marca o godzinie 20:15 w hali CRS Zielonog\\u00f3rzanie zmierz\\u0105 si\\u0119 z liderem ORLEN Basket Ligi \\u2013 Kingiem Szczecin. Cho\\u0107 oba zespo\\u0142y spotka\\u0142y si\\u0119 niedawno w \\u0107wier\\u0107finale turnieju pucharowego w Sosnowcu, gdzie Zastal okaza\\u0142 si\\u0119 lepszy,\",\"inLanguage\":\"pl-PL\",\"isPartOf\":{\"@id\":\"https:\\\/\\\/zastalowcy.pl\\\/#website\"},\"breadcrumb\":{\"@id\":\"https:\\\/\\\/zastalowcy.pl\\\/?p=1126#breadcrumblist\"},\"author\":{\"@id\":\"https:\\\/\\\/zastalowcy.pl\\\/?author=3#author\"},\"creator\":{\"@id\":\"https:\\\/\\\/zastalowcy.pl\\\/?author=3#author\"},\"image\":{\"@type\":\"ImageObject\",\"url\":\"https:\\\/\\\/zastalowcy.pl\\\/wp-content\\\/uploads\\\/2026\\\/03\\\/profilowe-6.png\",\"@id\":\"https:\\\/\\\/zastalowcy.pl\\\/?p=1126\\\/#mainImage\",\"width\":2048,\"height\":2048},\"primaryImageOfPage\":{\"@id\":\"https:\\\/\\\/zastalowcy.pl\\\/?p=1126#mainImage\"},\"datePublished\":\"2026-03-04T20:01:22+01:00\",\"dateModified\":\"2026-03-04T20:01:22+01:00\"},{\"@type\":\"WebSite\",\"@id\":\"https:\\\/\\\/zastalowcy.pl\\\/#website\",\"url\":\"https:\\\/\\\/zastalowcy.pl\\\/\",\"description\":\"O Zastalu od kibic\\u00f3w \\u2013 dla kibic\\u00f3w\",\"inLanguage\":\"pl-PL\",\"publisher\":{\"@id\":\"https:\\\/\\\/zastalowcy.pl\\\/#organization\"}}]}\n\t\t<\/script>\n\t\t<!-- All in One SEO -->\n\n","aioseo_head_json":{"title":"Zastal wraca do ligowej rzeczywisto\u015bci. W czwartek mecz z liderem -","description":"Po emocjach zwi\u0105zanych z Pekao S.A. Pucharem Polski ORLEN Zastal Zielona G\u00f3ra wraca do ligowej rywalizacji. Ju\u017c w czwartek, 5 marca o godzinie 20:15 w hali CRS Zielonog\u00f3rzanie zmierz\u0105 si\u0119 z liderem ORLEN Basket Ligi \u2013 Kingiem Szczecin. Cho\u0107 oba zespo\u0142y spotka\u0142y si\u0119 niedawno w \u0107wier\u0107finale turnieju pucharowego w Sosnowcu, gdzie Zastal okaza\u0142 si\u0119 lepszy,","canonical_url":"https:\/\/zastalowcy.pl\/?p=1126","robots":"max-image-preview:large","keywords":"","webmasterTools":{"miscellaneous":""},"schema":{"@context":"https:\/\/schema.org","@graph":[{"@type":"BlogPosting","@id":"https:\/\/zastalowcy.pl\/?p=1126#blogposting","name":"Zastal wraca do ligowej rzeczywisto\u015bci. W czwartek mecz z liderem -","headline":"Zastal wraca do ligowej rzeczywisto\u015bci. W czwartek mecz z liderem","author":{"@id":"https:\/\/zastalowcy.pl\/?author=3#author"},"publisher":{"@id":"https:\/\/zastalowcy.pl\/#organization"},"image":{"@type":"ImageObject","url":"https:\/\/zastalowcy.pl\/wp-content\/uploads\/2026\/03\/profilowe-6.png","width":2048,"height":2048},"datePublished":"2026-03-04T20:01:22+01:00","dateModified":"2026-03-04T20:01:22+01:00","inLanguage":"pl-PL","mainEntityOfPage":{"@id":"https:\/\/zastalowcy.pl\/?p=1126#webpage"},"isPartOf":{"@id":"https:\/\/zastalowcy.pl\/?p=1126#webpage"},"articleSection":"Aktualno\u015bci, Sezon 2025\/2026, arkadiusz mi\u0142oszewski, basketzg, dru\u017cyna, filip matczak, jakub szumert, King Szczecin, koszyk\u00f3wka, orlen zastal zielona g\u00f3ra, plkpl, Sagaba Konate, wilki morskie, wilki morskie king szczecin, zastal, zastal zielona g\u00f3ra, zastalowcy, zastalowcy.pl, zielona g\u00f3ra, zielonagora, zielonog\u00f3rska koszyk\u00f3wka"},{"@type":"BreadcrumbList","@id":"https:\/\/zastalowcy.pl\/?p=1126#breadcrumblist","itemListElement":[{"@type":"ListItem","@id":"https:\/\/zastalowcy.pl#listItem","position":1,"name":"Home","item":"https:\/\/zastalowcy.pl","nextItem":{"@type":"ListItem","@id":"https:\/\/zastalowcy.pl\/?cat=9#listItem","name":"Sezon 2025\/2026"}},{"@type":"ListItem","@id":"https:\/\/zastalowcy.pl\/?cat=9#listItem","position":2,"name":"Sezon 2025\/2026","item":"https:\/\/zastalowcy.pl\/?cat=9","nextItem":{"@type":"ListItem","@id":"https:\/\/zastalowcy.pl\/?p=1126#listItem","name":"Zastal wraca do ligowej rzeczywisto\u015bci. W czwartek mecz z liderem"},"previousItem":{"@type":"ListItem","@id":"https:\/\/zastalowcy.pl#listItem","name":"Home"}},{"@type":"ListItem","@id":"https:\/\/zastalowcy.pl\/?p=1126#listItem","position":3,"name":"Zastal wraca do ligowej rzeczywisto\u015bci. W czwartek mecz z liderem","previousItem":{"@type":"ListItem","@id":"https:\/\/zastalowcy.pl\/?cat=9#listItem","name":"Sezon 2025\/2026"}}]},{"@type":"Organization","@id":"https:\/\/zastalowcy.pl\/#organization","description":"O Zastalu od kibic\u00f3w \u2013 dla kibic\u00f3w","url":"https:\/\/zastalowcy.pl\/","logo":{"@type":"ImageObject","url":"https:\/\/zastalowcy.pl\/wp-content\/uploads\/2025\/09\/cropped-logo-strony-2.png","@id":"https:\/\/zastalowcy.pl\/?p=1126\/#organizationLogo","width":1862,"height":384},"image":{"@id":"https:\/\/zastalowcy.pl\/?p=1126\/#organizationLogo"}},{"@type":"Person","@id":"https:\/\/zastalowcy.pl\/?author=3#author","url":"https:\/\/zastalowcy.pl\/?author=3","name":"Joanna Nawlicka","image":{"@type":"ImageObject","@id":"https:\/\/zastalowcy.pl\/?p=1126#authorImage","url":"https:\/\/secure.gravatar.com\/avatar\/66fc557d97536ff5096b6295970275631b7a4673997738477642001957f5274c?s=96&d=mm&r=g","width":96,"height":96,"caption":"Joanna Nawlicka"}},{"@type":"WebPage","@id":"https:\/\/zastalowcy.pl\/?p=1126#webpage","url":"https:\/\/zastalowcy.pl\/?p=1126","name":"Zastal wraca do ligowej rzeczywisto\u015bci. W czwartek mecz z liderem -","description":"Po emocjach zwi\u0105zanych z Pekao S.A. Pucharem Polski ORLEN Zastal Zielona G\u00f3ra wraca do ligowej rywalizacji. Ju\u017c w czwartek, 5 marca o godzinie 20:15 w hali CRS Zielonog\u00f3rzanie zmierz\u0105 si\u0119 z liderem ORLEN Basket Ligi \u2013 Kingiem Szczecin. Cho\u0107 oba zespo\u0142y spotka\u0142y si\u0119 niedawno w \u0107wier\u0107finale turnieju pucharowego w Sosnowcu, gdzie Zastal okaza\u0142 si\u0119 lepszy,","inLanguage":"pl-PL","isPartOf":{"@id":"https:\/\/zastalowcy.pl\/#website"},"breadcrumb":{"@id":"https:\/\/zastalowcy.pl\/?p=1126#breadcrumblist"},"author":{"@id":"https:\/\/zastalowcy.pl\/?author=3#author"},"creator":{"@id":"https:\/\/zastalowcy.pl\/?author=3#author"},"image":{"@type":"ImageObject","url":"https:\/\/zastalowcy.pl\/wp-content\/uploads\/2026\/03\/profilowe-6.png","@id":"https:\/\/zastalowcy.pl\/?p=1126\/#mainImage","width":2048,"height":2048},"primaryImageOfPage":{"@id":"https:\/\/zastalowcy.pl\/?p=1126#mainImage"},"datePublished":"2026-03-04T20:01:22+01:00","dateModified":"2026-03-04T20:01:22+01:00"},{"@type":"WebSite","@id":"https:\/\/zastalowcy.pl\/#website","url":"https:\/\/zastalowcy.pl\/","description":"O Zastalu od kibic\u00f3w \u2013 dla kibic\u00f3w","inLanguage":"pl-PL","publisher":{"@id":"https:\/\/zastalowcy.pl\/#organization"}}]},"og:locale":"pl_PL","og:site_name":"- O Zastalu od kibic\u00f3w \u2013 dla kibic\u00f3w","og:type":"article","og:title":"Zastal wraca do ligowej rzeczywisto\u015bci. W czwartek mecz z liderem -","og:description":"Po emocjach zwi\u0105zanych z Pekao S.A. Pucharem Polski ORLEN Zastal Zielona G\u00f3ra wraca do ligowej rywalizacji. Ju\u017c w czwartek, 5 marca o godzinie 20:15 w hali CRS Zielonog\u00f3rzanie zmierz\u0105 si\u0119 z liderem ORLEN Basket Ligi \u2013 Kingiem Szczecin. Cho\u0107 oba zespo\u0142y spotka\u0142y si\u0119 niedawno w \u0107wier\u0107finale turnieju pucharowego w Sosnowcu, gdzie Zastal okaza\u0142 si\u0119 lepszy,","og:url":"https:\/\/zastalowcy.pl\/?p=1126","og:image":"https:\/\/zastalowcy.pl\/wp-content\/uploads\/2025\/09\/cropped-logo-strony-2.png","og:image:secure_url":"https:\/\/zastalowcy.pl\/wp-content\/uploads\/2025\/09\/cropped-logo-strony-2.png","og:image:width":1862,"og:image:height":384,"article:published_time":"2026-03-04T19:01:22+00:00","article:modified_time":"2026-03-04T19:01:22+00:00","twitter:card":"summary_large_image","twitter:title":"Zastal wraca do ligowej rzeczywisto\u015bci. W czwartek mecz z liderem -","twitter:description":"Po emocjach zwi\u0105zanych z Pekao S.A. Pucharem Polski ORLEN Zastal Zielona G\u00f3ra wraca do ligowej rywalizacji. Ju\u017c w czwartek, 5 marca o godzinie 20:15 w hali CRS Zielonog\u00f3rzanie zmierz\u0105 si\u0119 z liderem ORLEN Basket Ligi \u2013 Kingiem Szczecin. Cho\u0107 oba zespo\u0142y spotka\u0142y si\u0119 niedawno w \u0107wier\u0107finale turnieju pucharowego w Sosnowcu, gdzie Zastal okaza\u0142 si\u0119 lepszy,","twitter:image":"https:\/\/zastalowcy.pl\/wp-content\/uploads\/2025\/09\/cropped-logo-strony-2.png"},"aioseo_meta_data":{"post_id":"1126","title":null,"description":null,"keywords":null,"keyphrases":null,"primary_term":null,"canonical_url":null,"og_title":null,"og_description":null,"og_object_type":"default","og_image_type":"default","og_image_custom_url":null,"og_image_custom_fields":null,"og_image_url":null,"og_image_width":null,"og_image_height":null,"og_video":null,"og_custom_url":null,"og_article_section":null,"og_article_tags":null,"twitter_use_og":false,"twitter_card":"default","twitter_image_type":"default","twitter_image_custom_url":null,"twitter_image_custom_fields":null,"twitter_image_url":null,"twitter_title":null,"twitter_description":null,"schema_type":"default","schema_type_options":null,"schema":{"blockGraphs":[],"customGraphs":[],"default":{"data":{"Article":[],"Course":[],"Dataset":[],"FAQPage":[],"Movie":[],"Person":[],"Product":[],"ProductReview":[],"Car":[],"Recipe":[],"Service":[],"SoftwareApplication":[],"WebPage":[]},"graphName":"","isEnabled":true},"graphs":[]},"pillar_content":false,"robots_default":true,"robots_noindex":false,"robots_noarchive":false,"robots_nosnippet":false,"robots_nofollow":false,"robots_noimageindex":false,"robots_noodp":false,"robots_notranslate":false,"robots_max_snippet":null,"robots_max_videopreview":null,"robots_max_imagepreview":"large","priority":null,"frequency":null,"local_seo":null,"limit_modified_date":false,"ai":null,"breadcrumb_settings":null,"seo_analyzer_scan_date":null,"created":"2026-07-15 17:05:24","updated":"2026-07-15 17:05:24","focus_keyword":null,"additional_keywords":null,"truseo_locale":null},"aioseo_breadcrumb":"<div class=\"aioseo-breadcrumbs\"><span class=\"aioseo-breadcrumb\">\n\t\t\t<a href=\"https:\/\/zastalowcy.pl\" title=\"Home\">Home<\/a>\n\t\t<\/span><span class=\"aioseo-breadcrumb-separator\">&raquo;<\/span><span class=\"aioseo-breadcrumb\">\n\t\t\t<a href=\"https:\/\/zastalowcy.pl\/?cat=9\" title=\"Sezon 2025\/2026\">Sezon 2025\/2026<\/a>\n\t\t<\/span><span class=\"aioseo-breadcrumb-separator\">&raquo;<\/span><span class=\"aioseo-breadcrumb\">\n\t\t\tZastal wraca do ligowej rzeczywisto\u015bci. W czwartek mecz z liderem\n\t\t<\/span><\/div>","aioseo_breadcrumb_json":[{"label":"Home","link":"https:\/\/zastalowcy.pl"},{"label":"Sezon 2025\/2026","link":"https:\/\/zastalowcy.pl\/?cat=9"},{"label":"Zastal wraca do ligowej rzeczywisto\u015bci. W czwartek mecz z liderem","link":"https:\/\/zastalowcy.pl\/?p=1126"}],"_links":{"self":[{"href":"https:\/\/zastalowcy.pl\/index.php?rest_route=\/wp\/v2\/posts\/1126","targetHints":{"allow":["GET"]}}],"collection":[{"href":"https:\/\/zastalowcy.pl\/index.php?rest_route=\/wp\/v2\/posts"}],"about":[{"href":"https:\/\/zastalowcy.pl\/index.php?rest_route=\/wp\/v2\/types\/post"}],"author":[{"embeddable":true,"href":"https:\/\/zastalowcy.pl\/index.php?rest_route=\/wp\/v2\/users\/3"}],"replies":[{"embeddable":true,"href":"https:\/\/zastalowcy.pl\/index.php?rest_route=%2Fwp%2Fv2%2Fcomments&post=1126"}],"version-history":[{"count":1,"href":"https:\/\/zastalowcy.pl\/index.php?rest_route=\/wp\/v2\/posts\/1126\/revisions"}],"predecessor-version":[{"id":1128,"href":"https:\/\/zastalowcy.pl\/index.php?rest_route=\/wp\/v2\/posts\/1126\/revisions\/1128"}],"wp:featuredmedia":[{"embeddable":true,"href":"https:\/\/zastalowcy.pl\/index.php?rest_route=\/wp\/v2\/media\/1127"}],"wp:attachment":[{"href":"https:\/\/zastalowcy.pl\/index.php?rest_route=%2Fwp%2Fv2%2Fmedia&parent=1126"}],"wp:term":[{"taxonomy":"category","embeddable":true,"href":"https:\/\/zastalowcy.pl\/index.php?rest_route=%2Fwp%2Fv2%2Fcategories&post=1126"},{"taxonomy":"post_tag","embeddable":true,"href":"https:\/\/zastalowcy.pl\/index.php?rest_route=%2Fwp%2Fv2%2Ftags&post=1126"}],"curies":[{"name":"wp","href":"https:\/\/api.w.org\/{rel}","templated":true}]}}