{"id":1144,"date":"2026-04-01T09:31:00","date_gmt":"2026-04-01T07:31:00","guid":{"rendered":"https:\/\/zastalowcy.pl\/?p=1144"},"modified":"2026-04-01T21:35:35","modified_gmt":"2026-04-01T19:35:35","slug":"mamy-kolejnego-zastalowca-w-reprezentacji-polski-milosz-majewski-z-powolaniem-do-kadry-u20","status":"publish","type":"post","link":"https:\/\/zastalowcy.pl\/?p=1144","title":{"rendered":"Mamy kolejnego Zastalowca w reprezentacji Polski! Mi\u0142osz Majewski z powo\u0142aniem do kadry U20"},"content":{"rendered":"\n<p class=\"wp-block-paragraph\">To kolejna dobra wiadomo\u015b\u0107 dla kibic\u00f3w zielonog\u00f3rskiej koszyk\u00f3wki. Mi\u0142osz Majewski zosta\u0142 powo\u0142any na najbli\u017csze zgrupowanie M\u0142odzie\u017cowej Reprezentacji Polski m\u0119\u017cczyzn do lat 20. Zawodnik ORLEN Zastalu Zielona G\u00f3ra znajdzie si\u0119 w gronie 25 koszykarzy, kt\u00f3rzy spotkaj\u0105 si\u0119 w Pruszkowie w dniach 12-13 kwietnia.<\/p>\n\n\n\n<p class=\"wp-block-paragraph\">Powo\u0142anie dla Majewskiego to nie tylko indywidualne wyr\u00f3\u017cnienie, ale r\u00f3wnie\u017c sygna\u0142, \u017ce praca wykonywana w Zielonej G\u00f3rze przynosi efekty tak\u017ce na poziomie szkolenia m\u0142odych zawodnik\u00f3w. Obecno\u015b\u0107 w szerokiej kadrze prowadzonej przez trenera Andrzeja Adamka daje szans\u0119 na dalszy rozw\u00f3j oraz walk\u0119 o miejsce w docelowym sk\u0142adzie reprezentacji.<\/p>\n\n\n\n<p class=\"wp-block-paragraph\">Warto podkre\u015bli\u0107, \u017ce Majewski w ostatnim czasie zbiera pierwsze do\u015bwiadczenia na parkietach ORLEN Basket Ligi. Cho\u0107 jego minuty s\u0105 jeszcze ograniczone, pojawia si\u0119 w rotacji zespo\u0142u i dok\u0142ada swoje cegie\u0142ki. W trzech rozegranych spotkaniach ligowych notuje \u015brednio 1 punkt na mecz, sp\u0119dzaj\u0105c na parkiecie niespe\u0142na cztery minuty. Skuteczno\u015b\u0107 rzutowa (33,3% z gry, 50% z rzut\u00f3w wolnych) pokazuje, \u017ce m\u0142ody zawodnik buduje swoj\u0105 pozycj\u0119 na nowym poziomie rozgrywkowym.<\/p>\n\n\n\n<p class=\"wp-block-paragraph\">Nieco lepiej prezentuj\u0105 si\u0119 jego liczby w Pucharze Polski, gdzie r\u00f3wnie\u017c wyst\u0105pi\u0142 w trzech meczach. Tam zdobywa \u015brednio 1,7 punktu, trafiaj\u0105c wszystkie pr\u00f3by rzut\u00f3w za dwa punkty oraz notuj\u0105c 50% skuteczno\u015bci z gry. Do tego dok\u0142ada zbi\u00f3rki i asysty, co pokazuje jego wszechstronno\u015b\u0107 oraz gotowo\u015b\u0107 do wnoszenia energii z \u0142awki.<\/p>\n\n\n\n<p class=\"wp-block-paragraph\">\ud83c\udfc0 Zastalowcy.pl \u2013 o Zastalu od kibic\u00f3w \u2013 dla kibic\u00f3w<\/p>\n","protected":false},"excerpt":{"rendered":"<p>To kolejna dobra wiadomo\u015b\u0107 dla kibic\u00f3w zielonog\u00f3rskiej koszyk\u00f3wki. Mi\u0142osz Majewski zosta\u0142 powo\u0142any na najbli\u017csze zgrupowanie M\u0142odzie\u017cowej Reprezentacji Polski<\/p>\n","protected":false},"author":3,"featured_media":1145,"comment_status":"open","ping_status":"open","sticky":false,"template":"","format":"standard","meta":{"om_disable_all_campaigns":false,"footnotes":""},"categories":[18,9],"tags":[17,26,15,297,13,343,12,14,42,11,10,16],"class_list":["post-1144","post","type-post","status-publish","format-standard","has-post-thumbnail","hentry","category-aktualnosci","category-sezon-2025-2026","tag-basketzg","tag-druzyna","tag-koszykowka","tag-milosz-majewski","tag-orlen-zastal-zielona-gora","tag-reprezentacja-polski-u20","tag-zastal","tag-zastal-zielona-gora","tag-zastalowcy","tag-zielona-gora","tag-zielonagora","tag-zielonogorska-koszykowka"],"aioseo_notices":[],"aioseo_head":"\n\t\t<!-- All in One SEO 5.0.0.1 - aioseo.com -->\n\t<meta name=\"description\" content=\"To kolejna dobra wiadomo\u015b\u0107 dla kibic\u00f3w zielonog\u00f3rskiej koszyk\u00f3wki. Mi\u0142osz Majewski zosta\u0142 powo\u0142any na najbli\u017csze zgrupowanie M\u0142odzie\u017cowej Reprezentacji Polski m\u0119\u017cczyzn do lat 20. Zawodnik ORLEN Zastalu Zielona G\u00f3ra znajdzie si\u0119 w gronie 25 koszykarzy, kt\u00f3rzy spotkaj\u0105 si\u0119 w Pruszkowie w dniach 12-13 kwietnia. Powo\u0142anie dla Majewskiego to nie tylko indywidualne wyr\u00f3\u017cnienie, ale r\u00f3wnie\u017c sygna\u0142, \u017ce praca\" \/>\n\t<meta name=\"robots\" content=\"max-image-preview:large\" \/>\n\t<meta name=\"author\" content=\"Joanna Nawlicka\"\/>\n\t<link rel=\"canonical\" href=\"https:\/\/zastalowcy.pl\/?p=1144\" \/>\n\t<meta name=\"generator\" content=\"All in One SEO (AIOSEO) 5.0.0.1\" \/>\n\t\t<meta property=\"og:locale\" content=\"pl_PL\" \/>\n\t\t<meta property=\"og:site_name\" content=\"- O Zastalu od kibic\u00f3w \u2013 dla kibic\u00f3w\" \/>\n\t\t<meta property=\"og:type\" content=\"article\" \/>\n\t\t<meta property=\"og:title\" content=\"Mamy kolejnego Zastalowca w reprezentacji Polski! Mi\u0142osz Majewski z powo\u0142aniem do kadry U20 -\" \/>\n\t\t<meta property=\"og:description\" content=\"To kolejna dobra wiadomo\u015b\u0107 dla kibic\u00f3w zielonog\u00f3rskiej koszyk\u00f3wki. Mi\u0142osz Majewski zosta\u0142 powo\u0142any na najbli\u017csze zgrupowanie M\u0142odzie\u017cowej Reprezentacji Polski m\u0119\u017cczyzn do lat 20. Zawodnik ORLEN Zastalu Zielona G\u00f3ra znajdzie si\u0119 w gronie 25 koszykarzy, kt\u00f3rzy spotkaj\u0105 si\u0119 w Pruszkowie w dniach 12-13 kwietnia. Powo\u0142anie dla Majewskiego to nie tylko indywidualne wyr\u00f3\u017cnienie, ale r\u00f3wnie\u017c sygna\u0142, \u017ce praca\" \/>\n\t\t<meta property=\"og:url\" content=\"https:\/\/zastalowcy.pl\/?p=1144\" \/>\n\t\t<meta property=\"og:image\" content=\"https:\/\/zastalowcy.pl\/wp-content\/uploads\/2025\/09\/cropped-logo-strony-2.png\" \/>\n\t\t<meta property=\"og:image:secure_url\" content=\"https:\/\/zastalowcy.pl\/wp-content\/uploads\/2025\/09\/cropped-logo-strony-2.png\" \/>\n\t\t<meta property=\"og:image:width\" content=\"1862\" \/>\n\t\t<meta property=\"og:image:height\" content=\"384\" \/>\n\t\t<meta property=\"article:published_time\" content=\"2026-04-01T07:31:00+00:00\" \/>\n\t\t<meta property=\"article:modified_time\" content=\"2026-04-01T19:35:35+00:00\" \/>\n\t\t<meta name=\"twitter:card\" content=\"summary_large_image\" \/>\n\t\t<meta name=\"twitter:title\" content=\"Mamy kolejnego Zastalowca w reprezentacji Polski! Mi\u0142osz Majewski z powo\u0142aniem do kadry U20 -\" \/>\n\t\t<meta name=\"twitter:description\" content=\"To kolejna dobra wiadomo\u015b\u0107 dla kibic\u00f3w zielonog\u00f3rskiej koszyk\u00f3wki. Mi\u0142osz Majewski zosta\u0142 powo\u0142any na najbli\u017csze zgrupowanie M\u0142odzie\u017cowej Reprezentacji Polski m\u0119\u017cczyzn do lat 20. Zawodnik ORLEN Zastalu Zielona G\u00f3ra znajdzie si\u0119 w gronie 25 koszykarzy, kt\u00f3rzy spotkaj\u0105 si\u0119 w Pruszkowie w dniach 12-13 kwietnia. Powo\u0142anie dla Majewskiego to nie tylko indywidualne wyr\u00f3\u017cnienie, ale r\u00f3wnie\u017c sygna\u0142, \u017ce praca\" \/>\n\t\t<meta name=\"twitter:image\" content=\"https:\/\/zastalowcy.pl\/wp-content\/uploads\/2025\/09\/cropped-logo-strony-2.png\" \/>\n\t\t<script type=\"application\/ld+json\" class=\"aioseo-schema\">\n\t\t\t{\"@context\":\"https:\\\/\\\/schema.org\",\"@graph\":[{\"@type\":\"BlogPosting\",\"@id\":\"https:\\\/\\\/zastalowcy.pl\\\/?p=1144#blogposting\",\"name\":\"Mamy kolejnego Zastalowca w reprezentacji Polski! Mi\\u0142osz Majewski z powo\\u0142aniem do kadry U20 -\",\"headline\":\"Mamy kolejnego Zastalowca w reprezentacji Polski! Mi\\u0142osz Majewski z powo\\u0142aniem do kadry U20\",\"author\":{\"@id\":\"https:\\\/\\\/zastalowcy.pl\\\/?author=3#author\"},\"publisher\":{\"@id\":\"https:\\\/\\\/zastalowcy.pl\\\/#organization\"},\"image\":{\"@type\":\"ImageObject\",\"url\":\"https:\\\/\\\/zastalowcy.pl\\\/wp-content\\\/uploads\\\/2026\\\/04\\\/profilowe-9.png\",\"width\":2048,\"height\":2048},\"datePublished\":\"2026-04-01T09:31:00+02:00\",\"dateModified\":\"2026-04-01T21:35:35+02:00\",\"inLanguage\":\"pl-PL\",\"mainEntityOfPage\":{\"@id\":\"https:\\\/\\\/zastalowcy.pl\\\/?p=1144#webpage\"},\"isPartOf\":{\"@id\":\"https:\\\/\\\/zastalowcy.pl\\\/?p=1144#webpage\"},\"articleSection\":\"Aktualno\\u015bci, Sezon 2025\\\/2026, basketzg, dru\\u017cyna, koszyk\\u00f3wka, mi\\u0142osz majewski, orlen zastal zielona g\\u00f3ra, reprezentacja polski u20, zastal, zastal zielona g\\u00f3ra, zastalowcy, zielona g\\u00f3ra, zielonagora, zielonog\\u00f3rska koszyk\\u00f3wka\"},{\"@type\":\"BreadcrumbList\",\"@id\":\"https:\\\/\\\/zastalowcy.pl\\\/?p=1144#breadcrumblist\",\"itemListElement\":[{\"@type\":\"ListItem\",\"@id\":\"https:\\\/\\\/zastalowcy.pl#listItem\",\"position\":1,\"name\":\"Home\",\"item\":\"https:\\\/\\\/zastalowcy.pl\",\"nextItem\":{\"@type\":\"ListItem\",\"@id\":\"https:\\\/\\\/zastalowcy.pl\\\/?cat=9#listItem\",\"name\":\"Sezon 2025\\\/2026\"}},{\"@type\":\"ListItem\",\"@id\":\"https:\\\/\\\/zastalowcy.pl\\\/?cat=9#listItem\",\"position\":2,\"name\":\"Sezon 2025\\\/2026\",\"item\":\"https:\\\/\\\/zastalowcy.pl\\\/?cat=9\",\"nextItem\":{\"@type\":\"ListItem\",\"@id\":\"https:\\\/\\\/zastalowcy.pl\\\/?p=1144#listItem\",\"name\":\"Mamy kolejnego Zastalowca w reprezentacji Polski! Mi\\u0142osz Majewski z powo\\u0142aniem do kadry U20\"},\"previousItem\":{\"@type\":\"ListItem\",\"@id\":\"https:\\\/\\\/zastalowcy.pl#listItem\",\"name\":\"Home\"}},{\"@type\":\"ListItem\",\"@id\":\"https:\\\/\\\/zastalowcy.pl\\\/?p=1144#listItem\",\"position\":3,\"name\":\"Mamy kolejnego Zastalowca w reprezentacji Polski! Mi\\u0142osz Majewski z powo\\u0142aniem do kadry U20\",\"previousItem\":{\"@type\":\"ListItem\",\"@id\":\"https:\\\/\\\/zastalowcy.pl\\\/?cat=9#listItem\",\"name\":\"Sezon 2025\\\/2026\"}}]},{\"@type\":\"Organization\",\"@id\":\"https:\\\/\\\/zastalowcy.pl\\\/#organization\",\"description\":\"O Zastalu od kibic\\u00f3w \\u2013 dla kibic\\u00f3w\",\"url\":\"https:\\\/\\\/zastalowcy.pl\\\/\",\"logo\":{\"@type\":\"ImageObject\",\"url\":\"https:\\\/\\\/zastalowcy.pl\\\/wp-content\\\/uploads\\\/2025\\\/09\\\/cropped-logo-strony-2.png\",\"@id\":\"https:\\\/\\\/zastalowcy.pl\\\/?p=1144\\\/#organizationLogo\",\"width\":1862,\"height\":384},\"image\":{\"@id\":\"https:\\\/\\\/zastalowcy.pl\\\/?p=1144\\\/#organizationLogo\"}},{\"@type\":\"Person\",\"@id\":\"https:\\\/\\\/zastalowcy.pl\\\/?author=3#author\",\"url\":\"https:\\\/\\\/zastalowcy.pl\\\/?author=3\",\"name\":\"Joanna Nawlicka\",\"image\":{\"@type\":\"ImageObject\",\"@id\":\"https:\\\/\\\/zastalowcy.pl\\\/?p=1144#authorImage\",\"url\":\"https:\\\/\\\/secure.gravatar.com\\\/avatar\\\/66fc557d97536ff5096b6295970275631b7a4673997738477642001957f5274c?s=96&d=mm&r=g\",\"width\":96,\"height\":96,\"caption\":\"Joanna Nawlicka\"}},{\"@type\":\"WebPage\",\"@id\":\"https:\\\/\\\/zastalowcy.pl\\\/?p=1144#webpage\",\"url\":\"https:\\\/\\\/zastalowcy.pl\\\/?p=1144\",\"name\":\"Mamy kolejnego Zastalowca w reprezentacji Polski! Mi\\u0142osz Majewski z powo\\u0142aniem do kadry U20 -\",\"description\":\"To kolejna dobra wiadomo\\u015b\\u0107 dla kibic\\u00f3w zielonog\\u00f3rskiej koszyk\\u00f3wki. Mi\\u0142osz Majewski zosta\\u0142 powo\\u0142any na najbli\\u017csze zgrupowanie M\\u0142odzie\\u017cowej Reprezentacji Polski m\\u0119\\u017cczyzn do lat 20. Zawodnik ORLEN Zastalu Zielona G\\u00f3ra znajdzie si\\u0119 w gronie 25 koszykarzy, kt\\u00f3rzy spotkaj\\u0105 si\\u0119 w Pruszkowie w dniach 12-13 kwietnia. Powo\\u0142anie dla Majewskiego to nie tylko indywidualne wyr\\u00f3\\u017cnienie, ale r\\u00f3wnie\\u017c sygna\\u0142, \\u017ce praca\",\"inLanguage\":\"pl-PL\",\"isPartOf\":{\"@id\":\"https:\\\/\\\/zastalowcy.pl\\\/#website\"},\"breadcrumb\":{\"@id\":\"https:\\\/\\\/zastalowcy.pl\\\/?p=1144#breadcrumblist\"},\"author\":{\"@id\":\"https:\\\/\\\/zastalowcy.pl\\\/?author=3#author\"},\"creator\":{\"@id\":\"https:\\\/\\\/zastalowcy.pl\\\/?author=3#author\"},\"image\":{\"@type\":\"ImageObject\",\"url\":\"https:\\\/\\\/zastalowcy.pl\\\/wp-content\\\/uploads\\\/2026\\\/04\\\/profilowe-9.png\",\"@id\":\"https:\\\/\\\/zastalowcy.pl\\\/?p=1144\\\/#mainImage\",\"width\":2048,\"height\":2048},\"primaryImageOfPage\":{\"@id\":\"https:\\\/\\\/zastalowcy.pl\\\/?p=1144#mainImage\"},\"datePublished\":\"2026-04-01T09:31:00+02:00\",\"dateModified\":\"2026-04-01T21:35:35+02:00\"},{\"@type\":\"WebSite\",\"@id\":\"https:\\\/\\\/zastalowcy.pl\\\/#website\",\"url\":\"https:\\\/\\\/zastalowcy.pl\\\/\",\"description\":\"O Zastalu od kibic\\u00f3w \\u2013 dla kibic\\u00f3w\",\"inLanguage\":\"pl-PL\",\"publisher\":{\"@id\":\"https:\\\/\\\/zastalowcy.pl\\\/#organization\"}}]}\n\t\t<\/script>\n\t\t<!-- All in One SEO -->\n\n","aioseo_head_json":{"title":"Mamy kolejnego Zastalowca w reprezentacji Polski! Mi\u0142osz Majewski z powo\u0142aniem do kadry U20 -","description":"To kolejna dobra wiadomo\u015b\u0107 dla kibic\u00f3w zielonog\u00f3rskiej koszyk\u00f3wki. Mi\u0142osz Majewski zosta\u0142 powo\u0142any na najbli\u017csze zgrupowanie M\u0142odzie\u017cowej Reprezentacji Polski m\u0119\u017cczyzn do lat 20. Zawodnik ORLEN Zastalu Zielona G\u00f3ra znajdzie si\u0119 w gronie 25 koszykarzy, kt\u00f3rzy spotkaj\u0105 si\u0119 w Pruszkowie w dniach 12-13 kwietnia. Powo\u0142anie dla Majewskiego to nie tylko indywidualne wyr\u00f3\u017cnienie, ale r\u00f3wnie\u017c sygna\u0142, \u017ce praca","canonical_url":"https:\/\/zastalowcy.pl\/?p=1144","robots":"max-image-preview:large","keywords":"","webmasterTools":{"miscellaneous":""},"schema":{"@context":"https:\/\/schema.org","@graph":[{"@type":"BlogPosting","@id":"https:\/\/zastalowcy.pl\/?p=1144#blogposting","name":"Mamy kolejnego Zastalowca w reprezentacji Polski! Mi\u0142osz Majewski z powo\u0142aniem do kadry U20 -","headline":"Mamy kolejnego Zastalowca w reprezentacji Polski! Mi\u0142osz Majewski z powo\u0142aniem do kadry U20","author":{"@id":"https:\/\/zastalowcy.pl\/?author=3#author"},"publisher":{"@id":"https:\/\/zastalowcy.pl\/#organization"},"image":{"@type":"ImageObject","url":"https:\/\/zastalowcy.pl\/wp-content\/uploads\/2026\/04\/profilowe-9.png","width":2048,"height":2048},"datePublished":"2026-04-01T09:31:00+02:00","dateModified":"2026-04-01T21:35:35+02:00","inLanguage":"pl-PL","mainEntityOfPage":{"@id":"https:\/\/zastalowcy.pl\/?p=1144#webpage"},"isPartOf":{"@id":"https:\/\/zastalowcy.pl\/?p=1144#webpage"},"articleSection":"Aktualno\u015bci, Sezon 2025\/2026, basketzg, dru\u017cyna, koszyk\u00f3wka, mi\u0142osz majewski, orlen zastal zielona g\u00f3ra, reprezentacja polski u20, zastal, zastal zielona g\u00f3ra, zastalowcy, zielona g\u00f3ra, zielonagora, zielonog\u00f3rska koszyk\u00f3wka"},{"@type":"BreadcrumbList","@id":"https:\/\/zastalowcy.pl\/?p=1144#breadcrumblist","itemListElement":[{"@type":"ListItem","@id":"https:\/\/zastalowcy.pl#listItem","position":1,"name":"Home","item":"https:\/\/zastalowcy.pl","nextItem":{"@type":"ListItem","@id":"https:\/\/zastalowcy.pl\/?cat=9#listItem","name":"Sezon 2025\/2026"}},{"@type":"ListItem","@id":"https:\/\/zastalowcy.pl\/?cat=9#listItem","position":2,"name":"Sezon 2025\/2026","item":"https:\/\/zastalowcy.pl\/?cat=9","nextItem":{"@type":"ListItem","@id":"https:\/\/zastalowcy.pl\/?p=1144#listItem","name":"Mamy kolejnego Zastalowca w reprezentacji Polski! Mi\u0142osz Majewski z powo\u0142aniem do kadry U20"},"previousItem":{"@type":"ListItem","@id":"https:\/\/zastalowcy.pl#listItem","name":"Home"}},{"@type":"ListItem","@id":"https:\/\/zastalowcy.pl\/?p=1144#listItem","position":3,"name":"Mamy kolejnego Zastalowca w reprezentacji Polski! Mi\u0142osz Majewski z powo\u0142aniem do kadry U20","previousItem":{"@type":"ListItem","@id":"https:\/\/zastalowcy.pl\/?cat=9#listItem","name":"Sezon 2025\/2026"}}]},{"@type":"Organization","@id":"https:\/\/zastalowcy.pl\/#organization","description":"O Zastalu od kibic\u00f3w \u2013 dla kibic\u00f3w","url":"https:\/\/zastalowcy.pl\/","logo":{"@type":"ImageObject","url":"https:\/\/zastalowcy.pl\/wp-content\/uploads\/2025\/09\/cropped-logo-strony-2.png","@id":"https:\/\/zastalowcy.pl\/?p=1144\/#organizationLogo","width":1862,"height":384},"image":{"@id":"https:\/\/zastalowcy.pl\/?p=1144\/#organizationLogo"}},{"@type":"Person","@id":"https:\/\/zastalowcy.pl\/?author=3#author","url":"https:\/\/zastalowcy.pl\/?author=3","name":"Joanna Nawlicka","image":{"@type":"ImageObject","@id":"https:\/\/zastalowcy.pl\/?p=1144#authorImage","url":"https:\/\/secure.gravatar.com\/avatar\/66fc557d97536ff5096b6295970275631b7a4673997738477642001957f5274c?s=96&d=mm&r=g","width":96,"height":96,"caption":"Joanna Nawlicka"}},{"@type":"WebPage","@id":"https:\/\/zastalowcy.pl\/?p=1144#webpage","url":"https:\/\/zastalowcy.pl\/?p=1144","name":"Mamy kolejnego Zastalowca w reprezentacji Polski! Mi\u0142osz Majewski z powo\u0142aniem do kadry U20 -","description":"To kolejna dobra wiadomo\u015b\u0107 dla kibic\u00f3w zielonog\u00f3rskiej koszyk\u00f3wki. Mi\u0142osz Majewski zosta\u0142 powo\u0142any na najbli\u017csze zgrupowanie M\u0142odzie\u017cowej Reprezentacji Polski m\u0119\u017cczyzn do lat 20. Zawodnik ORLEN Zastalu Zielona G\u00f3ra znajdzie si\u0119 w gronie 25 koszykarzy, kt\u00f3rzy spotkaj\u0105 si\u0119 w Pruszkowie w dniach 12-13 kwietnia. Powo\u0142anie dla Majewskiego to nie tylko indywidualne wyr\u00f3\u017cnienie, ale r\u00f3wnie\u017c sygna\u0142, \u017ce praca","inLanguage":"pl-PL","isPartOf":{"@id":"https:\/\/zastalowcy.pl\/#website"},"breadcrumb":{"@id":"https:\/\/zastalowcy.pl\/?p=1144#breadcrumblist"},"author":{"@id":"https:\/\/zastalowcy.pl\/?author=3#author"},"creator":{"@id":"https:\/\/zastalowcy.pl\/?author=3#author"},"image":{"@type":"ImageObject","url":"https:\/\/zastalowcy.pl\/wp-content\/uploads\/2026\/04\/profilowe-9.png","@id":"https:\/\/zastalowcy.pl\/?p=1144\/#mainImage","width":2048,"height":2048},"primaryImageOfPage":{"@id":"https:\/\/zastalowcy.pl\/?p=1144#mainImage"},"datePublished":"2026-04-01T09:31:00+02:00","dateModified":"2026-04-01T21:35:35+02:00"},{"@type":"WebSite","@id":"https:\/\/zastalowcy.pl\/#website","url":"https:\/\/zastalowcy.pl\/","description":"O Zastalu od kibic\u00f3w \u2013 dla kibic\u00f3w","inLanguage":"pl-PL","publisher":{"@id":"https:\/\/zastalowcy.pl\/#organization"}}]},"og:locale":"pl_PL","og:site_name":"- O Zastalu od kibic\u00f3w \u2013 dla kibic\u00f3w","og:type":"article","og:title":"Mamy kolejnego Zastalowca w reprezentacji Polski! Mi\u0142osz Majewski z powo\u0142aniem do kadry U20 -","og:description":"To kolejna dobra wiadomo\u015b\u0107 dla kibic\u00f3w zielonog\u00f3rskiej koszyk\u00f3wki. Mi\u0142osz Majewski zosta\u0142 powo\u0142any na najbli\u017csze zgrupowanie M\u0142odzie\u017cowej Reprezentacji Polski m\u0119\u017cczyzn do lat 20. Zawodnik ORLEN Zastalu Zielona G\u00f3ra znajdzie si\u0119 w gronie 25 koszykarzy, kt\u00f3rzy spotkaj\u0105 si\u0119 w Pruszkowie w dniach 12-13 kwietnia. Powo\u0142anie dla Majewskiego to nie tylko indywidualne wyr\u00f3\u017cnienie, ale r\u00f3wnie\u017c sygna\u0142, \u017ce praca","og:url":"https:\/\/zastalowcy.pl\/?p=1144","og:image":"https:\/\/zastalowcy.pl\/wp-content\/uploads\/2025\/09\/cropped-logo-strony-2.png","og:image:secure_url":"https:\/\/zastalowcy.pl\/wp-content\/uploads\/2025\/09\/cropped-logo-strony-2.png","og:image:width":1862,"og:image:height":384,"article:published_time":"2026-04-01T07:31:00+00:00","article:modified_time":"2026-04-01T19:35:35+00:00","twitter:card":"summary_large_image","twitter:title":"Mamy kolejnego Zastalowca w reprezentacji Polski! Mi\u0142osz Majewski z powo\u0142aniem do kadry U20 -","twitter:description":"To kolejna dobra wiadomo\u015b\u0107 dla kibic\u00f3w zielonog\u00f3rskiej koszyk\u00f3wki. Mi\u0142osz Majewski zosta\u0142 powo\u0142any na najbli\u017csze zgrupowanie M\u0142odzie\u017cowej Reprezentacji Polski m\u0119\u017cczyzn do lat 20. Zawodnik ORLEN Zastalu Zielona G\u00f3ra znajdzie si\u0119 w gronie 25 koszykarzy, kt\u00f3rzy spotkaj\u0105 si\u0119 w Pruszkowie w dniach 12-13 kwietnia. Powo\u0142anie dla Majewskiego to nie tylko indywidualne wyr\u00f3\u017cnienie, ale r\u00f3wnie\u017c sygna\u0142, \u017ce praca","twitter:image":"https:\/\/zastalowcy.pl\/wp-content\/uploads\/2025\/09\/cropped-logo-strony-2.png"},"aioseo_meta_data":{"post_id":"1144","title":null,"description":null,"keywords":null,"keyphrases":null,"primary_term":null,"canonical_url":null,"og_title":null,"og_description":null,"og_object_type":"default","og_image_type":"default","og_image_custom_url":null,"og_image_custom_fields":null,"og_image_url":null,"og_image_width":null,"og_image_height":null,"og_video":null,"og_custom_url":null,"og_article_section":null,"og_article_tags":null,"twitter_use_og":false,"twitter_card":"default","twitter_image_type":"default","twitter_image_custom_url":null,"twitter_image_custom_fields":null,"twitter_image_url":null,"twitter_title":null,"twitter_description":null,"schema_type":"default","schema_type_options":null,"schema":{"blockGraphs":[],"customGraphs":[],"default":{"data":{"Article":[],"Course":[],"Dataset":[],"FAQPage":[],"Movie":[],"Person":[],"Product":[],"ProductReview":[],"Car":[],"Recipe":[],"Service":[],"SoftwareApplication":[],"WebPage":[]},"graphName":"","isEnabled":true},"graphs":[]},"pillar_content":false,"robots_default":true,"robots_noindex":false,"robots_noarchive":false,"robots_nosnippet":false,"robots_nofollow":false,"robots_noimageindex":false,"robots_noodp":false,"robots_notranslate":false,"robots_max_snippet":null,"robots_max_videopreview":null,"robots_max_imagepreview":"large","priority":null,"frequency":null,"local_seo":null,"limit_modified_date":false,"ai":null,"breadcrumb_settings":null,"seo_analyzer_scan_date":null,"created":"2026-07-15 17:06:34","updated":"2026-07-15 17:06:34","focus_keyword":null,"additional_keywords":null,"truseo_locale":null},"aioseo_breadcrumb":"<div class=\"aioseo-breadcrumbs\"><span class=\"aioseo-breadcrumb\">\n\t\t\t<a href=\"https:\/\/zastalowcy.pl\" title=\"Home\">Home<\/a>\n\t\t<\/span><span class=\"aioseo-breadcrumb-separator\">&raquo;<\/span><span class=\"aioseo-breadcrumb\">\n\t\t\t<a href=\"https:\/\/zastalowcy.pl\/?cat=9\" title=\"Sezon 2025\/2026\">Sezon 2025\/2026<\/a>\n\t\t<\/span><span class=\"aioseo-breadcrumb-separator\">&raquo;<\/span><span class=\"aioseo-breadcrumb\">\n\t\t\tMamy kolejnego Zastalowca w reprezentacji Polski! Mi\u0142osz Majewski z powo\u0142aniem do kadry U20\n\t\t<\/span><\/div>","aioseo_breadcrumb_json":[{"label":"Home","link":"https:\/\/zastalowcy.pl"},{"label":"Sezon 2025\/2026","link":"https:\/\/zastalowcy.pl\/?cat=9"},{"label":"Mamy kolejnego Zastalowca w reprezentacji Polski! Mi\u0142osz Majewski z powo\u0142aniem do kadry U20","link":"https:\/\/zastalowcy.pl\/?p=1144"}],"_links":{"self":[{"href":"https:\/\/zastalowcy.pl\/index.php?rest_route=\/wp\/v2\/posts\/1144","targetHints":{"allow":["GET"]}}],"collection":[{"href":"https:\/\/zastalowcy.pl\/index.php?rest_route=\/wp\/v2\/posts"}],"about":[{"href":"https:\/\/zastalowcy.pl\/index.php?rest_route=\/wp\/v2\/types\/post"}],"author":[{"embeddable":true,"href":"https:\/\/zastalowcy.pl\/index.php?rest_route=\/wp\/v2\/users\/3"}],"replies":[{"embeddable":true,"href":"https:\/\/zastalowcy.pl\/index.php?rest_route=%2Fwp%2Fv2%2Fcomments&post=1144"}],"version-history":[{"count":1,"href":"https:\/\/zastalowcy.pl\/index.php?rest_route=\/wp\/v2\/posts\/1144\/revisions"}],"predecessor-version":[{"id":1146,"href":"https:\/\/zastalowcy.pl\/index.php?rest_route=\/wp\/v2\/posts\/1144\/revisions\/1146"}],"wp:featuredmedia":[{"embeddable":true,"href":"https:\/\/zastalowcy.pl\/index.php?rest_route=\/wp\/v2\/media\/1145"}],"wp:attachment":[{"href":"https:\/\/zastalowcy.pl\/index.php?rest_route=%2Fwp%2Fv2%2Fmedia&parent=1144"}],"wp:term":[{"taxonomy":"category","embeddable":true,"href":"https:\/\/zastalowcy.pl\/index.php?rest_route=%2Fwp%2Fv2%2Fcategories&post=1144"},{"taxonomy":"post_tag","embeddable":true,"href":"https:\/\/zastalowcy.pl\/index.php?rest_route=%2Fwp%2Fv2%2Ftags&post=1144"}],"curies":[{"name":"wp","href":"https:\/\/api.w.org\/{rel}","templated":true}]}}