{"id":117,"date":"2025-06-30T12:01:17","date_gmt":"2025-06-30T10:01:17","guid":{"rendered":"https:\/\/zastalowcy.pl\/?p=117"},"modified":"2025-07-01T12:40:58","modified_gmt":"2025-07-01T10:40:58","slug":"trzeci-sezon-woro-w-barwach-zastalu","status":"publish","type":"post","link":"https:\/\/zastalowcy.pl\/?p=117","title":{"rendered":"Trzeci sezon \u201eWoro\u201d w barwach Zastalu"},"content":{"rendered":"\n<p class=\"wp-block-paragraph\">Czas na nowe wie\u015bci z Zastalu! <strong>Marcin Woroniecki wci\u0105\u017c b\u0119dzie reprezentowa\u0142 zielonog\u00f3rsk\u0105 dru\u017cyn\u0119!<\/strong> Obwodowy podpisa\u0142 z klubem dwuletni kontrakt w 2024 roku, a sezon 2025\/26 b\u0119dzie ju\u017c jego <strong>trzecim z rz\u0119du w zielono-bia\u0142ych barwach<\/strong>. To zawodnik, kt\u00f3ry krok po kroku buduje swoj\u0105 pozycj\u0119 w dru\u017cynie i wci\u0105\u017c ma ogromny potencja\u0142 do rozwijania swojej roli na parkiecie.<\/p>\n\n\n\n<h3 class=\"wp-block-heading\">Pewny punkt rotacji<\/h3>\n\n\n\n<p class=\"wp-block-paragraph\">W poprzednim sezonie Marcin zagra\u0142 w 25 meczach ligowych. Sp\u0119dza\u0142 na boisku \u015brednio ponad 13 minut na spotkanie i zdobywa\u0142 <strong>2,8 punktu<\/strong>. Cho\u0107 liczby mog\u0105 wydawa\u0107 si\u0119 skromne, to warto zaznaczy\u0107, \u017ce <strong>Woroniecki poprawi\u0142 swoj\u0105 skuteczno\u015b\u0107 z gry<\/strong> \u2013 trafia\u0142 a\u017c <strong>60% rzut\u00f3w za dwa<\/strong> oraz <strong>32% zza \u0142uku<\/strong>, co prze\u0142o\u017cy\u0142o si\u0119 na wska\u017anik EVAL na poziomie <strong>+3.0<\/strong>. W nowym sezonie z pewno\u015bci\u0105 powalczy o wi\u0119ksz\u0105 rol\u0119 i powr\u00f3t do takiej w\u0142a\u015bnie produktywno\u015bci.<\/p>\n\n\n\n<h3 class=\"wp-block-heading\">M\u0142ody, ambitny i ju\u017c zas\u0142u\u017cony<\/h3>\n\n\n\n<p class=\"wp-block-paragraph\">Marcin ma zaledwie 25 lat i najlepsze lata koszykarskiej kariery s\u0105 dopiero przed nim. Dla kibic\u00f3w ju\u017c wa\u017cna jest jego lojalno\u015b\u0107 i waleczno\u015b\u0107. Cho\u0107 nie jest zawodnikiem pierwszego planu, to <strong>\u201eWoro\u201d zaskarbi\u0142 sobie sympati\u0119 trybun<\/strong> dzi\u0119ki zaanga\u017cowaniu, walce o ka\u017cd\u0105 pi\u0142k\u0119 i pokorze. To taki gracz, kt\u00f3rego chce si\u0119 mie\u0107 w dru\u017cynie \u2013 zawsze gotowy, zawsze z dru\u017cyn\u0105.<\/p>\n\n\n\n<p class=\"wp-block-paragraph\"><strong>Marcin, cieszymy si\u0119, \u017ce zostajesz!<\/strong>  Czas na trzeci sezon, nowe wyzwania i, miejmy nadziej\u0119, jeszcze wi\u0119cej minut, trafie\u0144 i zwyci\u0119stw.<\/p>\n\n\n\n<p class=\"wp-block-paragraph\">\ud83c\udfc0 Zastalowcy.pl \u2013 o Zastalu od kibic\u00f3w \u2013 dla kibic\u00f3w<\/p>\n","protected":false},"excerpt":{"rendered":"<p>Czas na nowe wie\u015bci z Zastalu! Marcin Woroniecki wci\u0105\u017c b\u0119dzie reprezentowa\u0142 zielonog\u00f3rsk\u0105 dru\u017cyn\u0119! Obwodowy podpisa\u0142 z klubem dwuletni<\/p>\n","protected":false},"author":3,"featured_media":119,"comment_status":"open","ping_status":"open","sticky":false,"template":"","format":"standard","meta":{"om_disable_all_campaigns":false,"footnotes":""},"categories":[18,8],"tags":[17,26,15,44,13,25,43,12,14,42,11,10,16],"class_list":["post-117","post","type-post","status-publish","format-standard","has-post-thumbnail","hentry","category-aktualnosci","category-wiadomosci-z-klubu","tag-basketzg","tag-druzyna","tag-koszykowka","tag-marcin-woroniecki","tag-orlen-zastal-zielona-gora","tag-sklad","tag-woroniecki","tag-zastal","tag-zastal-zielona-gora","tag-zastalowcy","tag-zielona-gora","tag-zielonagora","tag-zielonogorska-koszykowka"],"aioseo_notices":[],"aioseo_head":"\n\t\t<!-- All in One SEO 5.0.0.1 - aioseo.com -->\n\t<meta name=\"description\" content=\"Czas na nowe wie\u015bci z Zastalu! Marcin Woroniecki wci\u0105\u017c b\u0119dzie reprezentowa\u0142 zielonog\u00f3rsk\u0105 dru\u017cyn\u0119! Obwodowy podpisa\u0142 z klubem dwuletni kontrakt w 2024 roku, a sezon 2025\/26 b\u0119dzie ju\u017c jego trzecim z rz\u0119du w zielono-bia\u0142ych barwach. To zawodnik, kt\u00f3ry krok po kroku buduje swoj\u0105 pozycj\u0119 w dru\u017cynie i wci\u0105\u017c ma ogromny potencja\u0142 do rozwijania swojej roli na\" \/>\n\t<meta name=\"robots\" content=\"max-image-preview:large\" \/>\n\t<meta name=\"author\" content=\"Joanna Nawlicka\"\/>\n\t<link rel=\"canonical\" href=\"https:\/\/zastalowcy.pl\/?p=117\" \/>\n\t<meta name=\"generator\" content=\"All in One SEO (AIOSEO) 5.0.0.1\" \/>\n\t\t<meta property=\"og:locale\" content=\"pl_PL\" \/>\n\t\t<meta property=\"og:site_name\" content=\"- O Zastalu od kibic\u00f3w \u2013 dla kibic\u00f3w\" \/>\n\t\t<meta property=\"og:type\" content=\"article\" \/>\n\t\t<meta property=\"og:title\" content=\"Trzeci sezon \u201eWoro\u201d w barwach Zastalu -\" \/>\n\t\t<meta property=\"og:description\" content=\"Czas na nowe wie\u015bci z Zastalu! Marcin Woroniecki wci\u0105\u017c b\u0119dzie reprezentowa\u0142 zielonog\u00f3rsk\u0105 dru\u017cyn\u0119! Obwodowy podpisa\u0142 z klubem dwuletni kontrakt w 2024 roku, a sezon 2025\/26 b\u0119dzie ju\u017c jego trzecim z rz\u0119du w zielono-bia\u0142ych barwach. To zawodnik, kt\u00f3ry krok po kroku buduje swoj\u0105 pozycj\u0119 w dru\u017cynie i wci\u0105\u017c ma ogromny potencja\u0142 do rozwijania swojej roli na\" \/>\n\t\t<meta property=\"og:url\" content=\"https:\/\/zastalowcy.pl\/?p=117\" \/>\n\t\t<meta property=\"og:image\" content=\"https:\/\/zastalowcy.pl\/wp-content\/uploads\/2025\/09\/cropped-logo-strony-2.png\" \/>\n\t\t<meta property=\"og:image:secure_url\" content=\"https:\/\/zastalowcy.pl\/wp-content\/uploads\/2025\/09\/cropped-logo-strony-2.png\" \/>\n\t\t<meta property=\"og:image:width\" content=\"1862\" \/>\n\t\t<meta property=\"og:image:height\" content=\"384\" \/>\n\t\t<meta property=\"article:published_time\" content=\"2025-06-30T10:01:17+00:00\" \/>\n\t\t<meta property=\"article:modified_time\" content=\"2025-07-01T10:40:58+00:00\" \/>\n\t\t<meta name=\"twitter:card\" content=\"summary_large_image\" \/>\n\t\t<meta name=\"twitter:title\" content=\"Trzeci sezon \u201eWoro\u201d w barwach Zastalu -\" \/>\n\t\t<meta name=\"twitter:description\" content=\"Czas na nowe wie\u015bci z Zastalu! Marcin Woroniecki wci\u0105\u017c b\u0119dzie reprezentowa\u0142 zielonog\u00f3rsk\u0105 dru\u017cyn\u0119! Obwodowy podpisa\u0142 z klubem dwuletni kontrakt w 2024 roku, a sezon 2025\/26 b\u0119dzie ju\u017c jego trzecim z rz\u0119du w zielono-bia\u0142ych barwach. To zawodnik, kt\u00f3ry krok po kroku buduje swoj\u0105 pozycj\u0119 w dru\u017cynie i wci\u0105\u017c ma ogromny potencja\u0142 do rozwijania swojej roli na\" \/>\n\t\t<meta name=\"twitter:image\" content=\"https:\/\/zastalowcy.pl\/wp-content\/uploads\/2025\/09\/cropped-logo-strony-2.png\" \/>\n\t\t<script type=\"application\/ld+json\" class=\"aioseo-schema\">\n\t\t\t{\"@context\":\"https:\\\/\\\/schema.org\",\"@graph\":[{\"@type\":\"BlogPosting\",\"@id\":\"https:\\\/\\\/zastalowcy.pl\\\/?p=117#blogposting\",\"name\":\"Trzeci sezon \\u201eWoro\\u201d w barwach Zastalu -\",\"headline\":\"Trzeci sezon \\u201eWoro\\u201d w barwach Zastalu\",\"author\":{\"@id\":\"https:\\\/\\\/zastalowcy.pl\\\/?author=3#author\"},\"publisher\":{\"@id\":\"https:\\\/\\\/zastalowcy.pl\\\/#organization\"},\"image\":{\"@type\":\"ImageObject\",\"url\":\"https:\\\/\\\/zastalowcy.pl\\\/wp-content\\\/uploads\\\/2025\\\/06\\\/profilowe-9.png\",\"width\":2048,\"height\":2048,\"caption\":\"Do grafiki wykorzystano zdj\\u0119cie z instagrama @cinek_0\"},\"datePublished\":\"2025-06-30T12:01:17+02:00\",\"dateModified\":\"2025-07-01T12:40:58+02:00\",\"inLanguage\":\"pl-PL\",\"mainEntityOfPage\":{\"@id\":\"https:\\\/\\\/zastalowcy.pl\\\/?p=117#webpage\"},\"isPartOf\":{\"@id\":\"https:\\\/\\\/zastalowcy.pl\\\/?p=117#webpage\"},\"articleSection\":\"Aktualno\\u015bci, Wiadomo\\u015bci z klubu, basketzg, dru\\u017cyna, koszyk\\u00f3wka, marcin woroniecki, orlen zastal zielona g\\u00f3ra, sk\\u0142ad, woroniecki, zastal, zastal zielona g\\u00f3ra, zastalowcy, zielona g\\u00f3ra, zielonagora, zielonog\\u00f3rska koszyk\\u00f3wka\"},{\"@type\":\"BreadcrumbList\",\"@id\":\"https:\\\/\\\/zastalowcy.pl\\\/?p=117#breadcrumblist\",\"itemListElement\":[{\"@type\":\"ListItem\",\"@id\":\"https:\\\/\\\/zastalowcy.pl#listItem\",\"position\":1,\"name\":\"Home\",\"item\":\"https:\\\/\\\/zastalowcy.pl\",\"nextItem\":{\"@type\":\"ListItem\",\"@id\":\"https:\\\/\\\/zastalowcy.pl\\\/?cat=8#listItem\",\"name\":\"Wiadomo\\u015bci z klubu\"}},{\"@type\":\"ListItem\",\"@id\":\"https:\\\/\\\/zastalowcy.pl\\\/?cat=8#listItem\",\"position\":2,\"name\":\"Wiadomo\\u015bci z klubu\",\"item\":\"https:\\\/\\\/zastalowcy.pl\\\/?cat=8\",\"nextItem\":{\"@type\":\"ListItem\",\"@id\":\"https:\\\/\\\/zastalowcy.pl\\\/?p=117#listItem\",\"name\":\"Trzeci sezon \\u201eWoro\\u201d w barwach Zastalu\"},\"previousItem\":{\"@type\":\"ListItem\",\"@id\":\"https:\\\/\\\/zastalowcy.pl#listItem\",\"name\":\"Home\"}},{\"@type\":\"ListItem\",\"@id\":\"https:\\\/\\\/zastalowcy.pl\\\/?p=117#listItem\",\"position\":3,\"name\":\"Trzeci sezon \\u201eWoro\\u201d w barwach Zastalu\",\"previousItem\":{\"@type\":\"ListItem\",\"@id\":\"https:\\\/\\\/zastalowcy.pl\\\/?cat=8#listItem\",\"name\":\"Wiadomo\\u015bci z klubu\"}}]},{\"@type\":\"Organization\",\"@id\":\"https:\\\/\\\/zastalowcy.pl\\\/#organization\",\"description\":\"O Zastalu od kibic\\u00f3w \\u2013 dla kibic\\u00f3w\",\"url\":\"https:\\\/\\\/zastalowcy.pl\\\/\",\"logo\":{\"@type\":\"ImageObject\",\"url\":\"https:\\\/\\\/zastalowcy.pl\\\/wp-content\\\/uploads\\\/2025\\\/09\\\/cropped-logo-strony-2.png\",\"@id\":\"https:\\\/\\\/zastalowcy.pl\\\/?p=117\\\/#organizationLogo\",\"width\":1862,\"height\":384},\"image\":{\"@id\":\"https:\\\/\\\/zastalowcy.pl\\\/?p=117\\\/#organizationLogo\"}},{\"@type\":\"Person\",\"@id\":\"https:\\\/\\\/zastalowcy.pl\\\/?author=3#author\",\"url\":\"https:\\\/\\\/zastalowcy.pl\\\/?author=3\",\"name\":\"Joanna Nawlicka\",\"image\":{\"@type\":\"ImageObject\",\"@id\":\"https:\\\/\\\/zastalowcy.pl\\\/?p=117#authorImage\",\"url\":\"https:\\\/\\\/secure.gravatar.com\\\/avatar\\\/66fc557d97536ff5096b6295970275631b7a4673997738477642001957f5274c?s=96&d=mm&r=g\",\"width\":96,\"height\":96,\"caption\":\"Joanna Nawlicka\"}},{\"@type\":\"WebPage\",\"@id\":\"https:\\\/\\\/zastalowcy.pl\\\/?p=117#webpage\",\"url\":\"https:\\\/\\\/zastalowcy.pl\\\/?p=117\",\"name\":\"Trzeci sezon \\u201eWoro\\u201d w barwach Zastalu -\",\"description\":\"Czas na nowe wie\\u015bci z Zastalu! Marcin Woroniecki wci\\u0105\\u017c b\\u0119dzie reprezentowa\\u0142 zielonog\\u00f3rsk\\u0105 dru\\u017cyn\\u0119! Obwodowy podpisa\\u0142 z klubem dwuletni kontrakt w 2024 roku, a sezon 2025\\\/26 b\\u0119dzie ju\\u017c jego trzecim z rz\\u0119du w zielono-bia\\u0142ych barwach. To zawodnik, kt\\u00f3ry krok po kroku buduje swoj\\u0105 pozycj\\u0119 w dru\\u017cynie i wci\\u0105\\u017c ma ogromny potencja\\u0142 do rozwijania swojej roli na\",\"inLanguage\":\"pl-PL\",\"isPartOf\":{\"@id\":\"https:\\\/\\\/zastalowcy.pl\\\/#website\"},\"breadcrumb\":{\"@id\":\"https:\\\/\\\/zastalowcy.pl\\\/?p=117#breadcrumblist\"},\"author\":{\"@id\":\"https:\\\/\\\/zastalowcy.pl\\\/?author=3#author\"},\"creator\":{\"@id\":\"https:\\\/\\\/zastalowcy.pl\\\/?author=3#author\"},\"image\":{\"@type\":\"ImageObject\",\"url\":\"https:\\\/\\\/zastalowcy.pl\\\/wp-content\\\/uploads\\\/2025\\\/06\\\/profilowe-9.png\",\"@id\":\"https:\\\/\\\/zastalowcy.pl\\\/?p=117\\\/#mainImage\",\"width\":2048,\"height\":2048,\"caption\":\"Do grafiki wykorzystano zdj\\u0119cie z instagrama @cinek_0\"},\"primaryImageOfPage\":{\"@id\":\"https:\\\/\\\/zastalowcy.pl\\\/?p=117#mainImage\"},\"datePublished\":\"2025-06-30T12:01:17+02:00\",\"dateModified\":\"2025-07-01T12:40:58+02:00\"},{\"@type\":\"WebSite\",\"@id\":\"https:\\\/\\\/zastalowcy.pl\\\/#website\",\"url\":\"https:\\\/\\\/zastalowcy.pl\\\/\",\"description\":\"O Zastalu od kibic\\u00f3w \\u2013 dla kibic\\u00f3w\",\"inLanguage\":\"pl-PL\",\"publisher\":{\"@id\":\"https:\\\/\\\/zastalowcy.pl\\\/#organization\"}}]}\n\t\t<\/script>\n\t\t<!-- All in One SEO -->\n\n","aioseo_head_json":{"title":"Trzeci sezon \u201eWoro\u201d w barwach Zastalu -","description":"Czas na nowe wie\u015bci z Zastalu! Marcin Woroniecki wci\u0105\u017c b\u0119dzie reprezentowa\u0142 zielonog\u00f3rsk\u0105 dru\u017cyn\u0119! Obwodowy podpisa\u0142 z klubem dwuletni kontrakt w 2024 roku, a sezon 2025\/26 b\u0119dzie ju\u017c jego trzecim z rz\u0119du w zielono-bia\u0142ych barwach. To zawodnik, kt\u00f3ry krok po kroku buduje swoj\u0105 pozycj\u0119 w dru\u017cynie i wci\u0105\u017c ma ogromny potencja\u0142 do rozwijania swojej roli na","canonical_url":"https:\/\/zastalowcy.pl\/?p=117","robots":"max-image-preview:large","keywords":"","webmasterTools":{"miscellaneous":""},"schema":{"@context":"https:\/\/schema.org","@graph":[{"@type":"BlogPosting","@id":"https:\/\/zastalowcy.pl\/?p=117#blogposting","name":"Trzeci sezon \u201eWoro\u201d w barwach Zastalu -","headline":"Trzeci sezon \u201eWoro\u201d w barwach Zastalu","author":{"@id":"https:\/\/zastalowcy.pl\/?author=3#author"},"publisher":{"@id":"https:\/\/zastalowcy.pl\/#organization"},"image":{"@type":"ImageObject","url":"https:\/\/zastalowcy.pl\/wp-content\/uploads\/2025\/06\/profilowe-9.png","width":2048,"height":2048,"caption":"Do grafiki wykorzystano zdj\u0119cie z instagrama @cinek_0"},"datePublished":"2025-06-30T12:01:17+02:00","dateModified":"2025-07-01T12:40:58+02:00","inLanguage":"pl-PL","mainEntityOfPage":{"@id":"https:\/\/zastalowcy.pl\/?p=117#webpage"},"isPartOf":{"@id":"https:\/\/zastalowcy.pl\/?p=117#webpage"},"articleSection":"Aktualno\u015bci, Wiadomo\u015bci z klubu, basketzg, dru\u017cyna, koszyk\u00f3wka, marcin woroniecki, orlen zastal zielona g\u00f3ra, sk\u0142ad, woroniecki, zastal, zastal zielona g\u00f3ra, zastalowcy, zielona g\u00f3ra, zielonagora, zielonog\u00f3rska koszyk\u00f3wka"},{"@type":"BreadcrumbList","@id":"https:\/\/zastalowcy.pl\/?p=117#breadcrumblist","itemListElement":[{"@type":"ListItem","@id":"https:\/\/zastalowcy.pl#listItem","position":1,"name":"Home","item":"https:\/\/zastalowcy.pl","nextItem":{"@type":"ListItem","@id":"https:\/\/zastalowcy.pl\/?cat=8#listItem","name":"Wiadomo\u015bci z klubu"}},{"@type":"ListItem","@id":"https:\/\/zastalowcy.pl\/?cat=8#listItem","position":2,"name":"Wiadomo\u015bci z klubu","item":"https:\/\/zastalowcy.pl\/?cat=8","nextItem":{"@type":"ListItem","@id":"https:\/\/zastalowcy.pl\/?p=117#listItem","name":"Trzeci sezon \u201eWoro\u201d w barwach Zastalu"},"previousItem":{"@type":"ListItem","@id":"https:\/\/zastalowcy.pl#listItem","name":"Home"}},{"@type":"ListItem","@id":"https:\/\/zastalowcy.pl\/?p=117#listItem","position":3,"name":"Trzeci sezon \u201eWoro\u201d w barwach Zastalu","previousItem":{"@type":"ListItem","@id":"https:\/\/zastalowcy.pl\/?cat=8#listItem","name":"Wiadomo\u015bci z klubu"}}]},{"@type":"Organization","@id":"https:\/\/zastalowcy.pl\/#organization","description":"O Zastalu od kibic\u00f3w \u2013 dla kibic\u00f3w","url":"https:\/\/zastalowcy.pl\/","logo":{"@type":"ImageObject","url":"https:\/\/zastalowcy.pl\/wp-content\/uploads\/2025\/09\/cropped-logo-strony-2.png","@id":"https:\/\/zastalowcy.pl\/?p=117\/#organizationLogo","width":1862,"height":384},"image":{"@id":"https:\/\/zastalowcy.pl\/?p=117\/#organizationLogo"}},{"@type":"Person","@id":"https:\/\/zastalowcy.pl\/?author=3#author","url":"https:\/\/zastalowcy.pl\/?author=3","name":"Joanna Nawlicka","image":{"@type":"ImageObject","@id":"https:\/\/zastalowcy.pl\/?p=117#authorImage","url":"https:\/\/secure.gravatar.com\/avatar\/66fc557d97536ff5096b6295970275631b7a4673997738477642001957f5274c?s=96&d=mm&r=g","width":96,"height":96,"caption":"Joanna Nawlicka"}},{"@type":"WebPage","@id":"https:\/\/zastalowcy.pl\/?p=117#webpage","url":"https:\/\/zastalowcy.pl\/?p=117","name":"Trzeci sezon \u201eWoro\u201d w barwach Zastalu -","description":"Czas na nowe wie\u015bci z Zastalu! Marcin Woroniecki wci\u0105\u017c b\u0119dzie reprezentowa\u0142 zielonog\u00f3rsk\u0105 dru\u017cyn\u0119! Obwodowy podpisa\u0142 z klubem dwuletni kontrakt w 2024 roku, a sezon 2025\/26 b\u0119dzie ju\u017c jego trzecim z rz\u0119du w zielono-bia\u0142ych barwach. To zawodnik, kt\u00f3ry krok po kroku buduje swoj\u0105 pozycj\u0119 w dru\u017cynie i wci\u0105\u017c ma ogromny potencja\u0142 do rozwijania swojej roli na","inLanguage":"pl-PL","isPartOf":{"@id":"https:\/\/zastalowcy.pl\/#website"},"breadcrumb":{"@id":"https:\/\/zastalowcy.pl\/?p=117#breadcrumblist"},"author":{"@id":"https:\/\/zastalowcy.pl\/?author=3#author"},"creator":{"@id":"https:\/\/zastalowcy.pl\/?author=3#author"},"image":{"@type":"ImageObject","url":"https:\/\/zastalowcy.pl\/wp-content\/uploads\/2025\/06\/profilowe-9.png","@id":"https:\/\/zastalowcy.pl\/?p=117\/#mainImage","width":2048,"height":2048,"caption":"Do grafiki wykorzystano zdj\u0119cie z instagrama @cinek_0"},"primaryImageOfPage":{"@id":"https:\/\/zastalowcy.pl\/?p=117#mainImage"},"datePublished":"2025-06-30T12:01:17+02:00","dateModified":"2025-07-01T12:40:58+02:00"},{"@type":"WebSite","@id":"https:\/\/zastalowcy.pl\/#website","url":"https:\/\/zastalowcy.pl\/","description":"O Zastalu od kibic\u00f3w \u2013 dla kibic\u00f3w","inLanguage":"pl-PL","publisher":{"@id":"https:\/\/zastalowcy.pl\/#organization"}}]},"og:locale":"pl_PL","og:site_name":"- O Zastalu od kibic\u00f3w \u2013 dla kibic\u00f3w","og:type":"article","og:title":"Trzeci sezon \u201eWoro\u201d w barwach Zastalu -","og:description":"Czas na nowe wie\u015bci z Zastalu! Marcin Woroniecki wci\u0105\u017c b\u0119dzie reprezentowa\u0142 zielonog\u00f3rsk\u0105 dru\u017cyn\u0119! Obwodowy podpisa\u0142 z klubem dwuletni kontrakt w 2024 roku, a sezon 2025\/26 b\u0119dzie ju\u017c jego trzecim z rz\u0119du w zielono-bia\u0142ych barwach. To zawodnik, kt\u00f3ry krok po kroku buduje swoj\u0105 pozycj\u0119 w dru\u017cynie i wci\u0105\u017c ma ogromny potencja\u0142 do rozwijania swojej roli na","og:url":"https:\/\/zastalowcy.pl\/?p=117","og:image":"https:\/\/zastalowcy.pl\/wp-content\/uploads\/2025\/09\/cropped-logo-strony-2.png","og:image:secure_url":"https:\/\/zastalowcy.pl\/wp-content\/uploads\/2025\/09\/cropped-logo-strony-2.png","og:image:width":1862,"og:image:height":384,"article:published_time":"2025-06-30T10:01:17+00:00","article:modified_time":"2025-07-01T10:40:58+00:00","twitter:card":"summary_large_image","twitter:title":"Trzeci sezon \u201eWoro\u201d w barwach Zastalu -","twitter:description":"Czas na nowe wie\u015bci z Zastalu! Marcin Woroniecki wci\u0105\u017c b\u0119dzie reprezentowa\u0142 zielonog\u00f3rsk\u0105 dru\u017cyn\u0119! Obwodowy podpisa\u0142 z klubem dwuletni kontrakt w 2024 roku, a sezon 2025\/26 b\u0119dzie ju\u017c jego trzecim z rz\u0119du w zielono-bia\u0142ych barwach. To zawodnik, kt\u00f3ry krok po kroku buduje swoj\u0105 pozycj\u0119 w dru\u017cynie i wci\u0105\u017c ma ogromny potencja\u0142 do rozwijania swojej roli na","twitter:image":"https:\/\/zastalowcy.pl\/wp-content\/uploads\/2025\/09\/cropped-logo-strony-2.png"},"aioseo_meta_data":{"post_id":"117","title":null,"description":null,"keywords":null,"keyphrases":null,"primary_term":null,"canonical_url":null,"og_title":null,"og_description":null,"og_object_type":"default","og_image_type":"default","og_image_custom_url":null,"og_image_custom_fields":null,"og_image_url":null,"og_image_width":null,"og_image_height":null,"og_video":null,"og_custom_url":null,"og_article_section":null,"og_article_tags":null,"twitter_use_og":false,"twitter_card":"default","twitter_image_type":"default","twitter_image_custom_url":null,"twitter_image_custom_fields":null,"twitter_image_url":null,"twitter_title":null,"twitter_description":null,"schema_type":"default","schema_type_options":null,"schema":{"blockGraphs":[],"customGraphs":[],"default":{"data":{"Article":[],"Course":[],"Dataset":[],"FAQPage":[],"Movie":[],"Person":[],"Product":[],"ProductReview":[],"Car":[],"Recipe":[],"Service":[],"SoftwareApplication":[],"WebPage":[]},"graphName":"","isEnabled":true},"graphs":[]},"pillar_content":false,"robots_default":true,"robots_noindex":false,"robots_noarchive":false,"robots_nosnippet":false,"robots_nofollow":false,"robots_noimageindex":false,"robots_noodp":false,"robots_notranslate":false,"robots_max_snippet":null,"robots_max_videopreview":null,"robots_max_imagepreview":"large","priority":null,"frequency":null,"local_seo":null,"limit_modified_date":false,"ai":null,"breadcrumb_settings":null,"seo_analyzer_scan_date":null,"created":"2026-07-15 16:34:29","updated":"2026-07-15 16:34:29","focus_keyword":null,"additional_keywords":null,"truseo_locale":null},"aioseo_breadcrumb":"<div class=\"aioseo-breadcrumbs\"><span class=\"aioseo-breadcrumb\">\n\t\t\t<a href=\"https:\/\/zastalowcy.pl\" title=\"Home\">Home<\/a>\n\t\t<\/span><span class=\"aioseo-breadcrumb-separator\">&raquo;<\/span><span class=\"aioseo-breadcrumb\">\n\t\t\t<a href=\"https:\/\/zastalowcy.pl\/?cat=8\" title=\"Wiadomo\u015bci z klubu\">Wiadomo\u015bci z klubu<\/a>\n\t\t<\/span><span class=\"aioseo-breadcrumb-separator\">&raquo;<\/span><span class=\"aioseo-breadcrumb\">\n\t\t\tTrzeci sezon \u201eWoro\u201d w barwach Zastalu\n\t\t<\/span><\/div>","aioseo_breadcrumb_json":[{"label":"Home","link":"https:\/\/zastalowcy.pl"},{"label":"Wiadomo\u015bci z klubu","link":"https:\/\/zastalowcy.pl\/?cat=8"},{"label":"Trzeci sezon \u201eWoro\u201d w barwach Zastalu","link":"https:\/\/zastalowcy.pl\/?p=117"}],"_links":{"self":[{"href":"https:\/\/zastalowcy.pl\/index.php?rest_route=\/wp\/v2\/posts\/117","targetHints":{"allow":["GET"]}}],"collection":[{"href":"https:\/\/zastalowcy.pl\/index.php?rest_route=\/wp\/v2\/posts"}],"about":[{"href":"https:\/\/zastalowcy.pl\/index.php?rest_route=\/wp\/v2\/types\/post"}],"author":[{"embeddable":true,"href":"https:\/\/zastalowcy.pl\/index.php?rest_route=\/wp\/v2\/users\/3"}],"replies":[{"embeddable":true,"href":"https:\/\/zastalowcy.pl\/index.php?rest_route=%2Fwp%2Fv2%2Fcomments&post=117"}],"version-history":[{"count":2,"href":"https:\/\/zastalowcy.pl\/index.php?rest_route=\/wp\/v2\/posts\/117\/revisions"}],"predecessor-version":[{"id":120,"href":"https:\/\/zastalowcy.pl\/index.php?rest_route=\/wp\/v2\/posts\/117\/revisions\/120"}],"wp:featuredmedia":[{"embeddable":true,"href":"https:\/\/zastalowcy.pl\/index.php?rest_route=\/wp\/v2\/media\/119"}],"wp:attachment":[{"href":"https:\/\/zastalowcy.pl\/index.php?rest_route=%2Fwp%2Fv2%2Fmedia&parent=117"}],"wp:term":[{"taxonomy":"category","embeddable":true,"href":"https:\/\/zastalowcy.pl\/index.php?rest_route=%2Fwp%2Fv2%2Fcategories&post=117"},{"taxonomy":"post_tag","embeddable":true,"href":"https:\/\/zastalowcy.pl\/index.php?rest_route=%2Fwp%2Fv2%2Ftags&post=117"}],"curies":[{"name":"wp","href":"https:\/\/api.w.org\/{rel}","templated":true}]}}