{"id":1181,"date":"2026-04-17T12:34:14","date_gmt":"2026-04-17T10:34:14","guid":{"rendered":"https:\/\/zastalowcy.pl\/?p=1181"},"modified":"2026-04-17T12:34:15","modified_gmt":"2026-04-17T10:34:15","slug":"zielonogorscy-kibice-ruszaja-na-wloclawek-sold-out-coraz-blizej","status":"publish","type":"post","link":"https:\/\/zastalowcy.pl\/?p=1181","title":{"rendered":"Zielonog\u00f3rscy kibice ruszaj\u0105 na W\u0142oc\u0142awek. \u201eSold out\u201d coraz bli\u017cej"},"content":{"rendered":"\n<p class=\"wp-block-paragraph\">Przed wyjazdowym starciem z Anwilem W\u0142oc\u0142awek mobilizacja w Zielonej G\u00f3rze nie dotyczy wy\u0142\u0105cznie zawodnik\u00f3w. R\u00f3wnie intensywnie do meczu przygotowuj\u0105 si\u0119 kibice Zastalu, kt\u00f3rzy chc\u0105 licznie wesprze\u0107 dru\u017cyn\u0119 na jednym z najtrudniejszych teren\u00f3w w lidze.<\/p>\n\n\n\n<p class=\"wp-block-paragraph\">Z informacji przekazanych przez Klub Kibica Zastal wynika, \u017ce zainteresowanie wyjazdem jest bardzo du\u017ce. Ju\u017c po pierwszych dniach zapis\u00f3w liczba wolnych miejsc w autokarze znacz\u0105co si\u0119 skurczy\u0142a, a obecnie zosta\u0142o ich zaledwie kilka. Organizatorzy nie maj\u0105 w\u0105tpliwo\u015bci \u2013 wszystko wskazuje na to, \u017ce sektor go\u015bci we W\u0142oc\u0142awku r\u00f3wnie\u017c mo\u017ce si\u0119 wype\u0142ni\u0107.<\/p>\n\n\n\n<p class=\"wp-block-paragraph\">\u2013 We W\u0142oc\u0142awku szykuje si\u0119 \u201esold out\u201d. Mamy nadziej\u0119, \u017ce tak\u017ce nasz sektor zostanie wyprzedany \u2013 podkre\u015blaj\u0105 cz\u0142onkowie KK Zastal.<\/p>\n\n\n\n<p class=\"wp-block-paragraph\">Wyjazd autokarowy zaplanowano na niedzielny poranek \u2013 zbi\u00f3rka odb\u0119dzie si\u0119 o godzinie 6:00 pod hal\u0105 CRS. Koszt transportu wynosi 60 z\u0142otych, natomiast bilet na mecz to dodatkowe 40 z\u0142otych. Istnieje r\u00f3wnie\u017c mo\u017cliwo\u015b\u0107 zakupu samego wej\u015bcia na spotkanie i dotarcia do W\u0142oc\u0142awka we w\u0142asnym zakresie.<\/p>\n\n\n\n<p class=\"wp-block-paragraph\">Organizatorzy przypominaj\u0105, \u017ce zapisy prowadzone s\u0105 drog\u0105 mailow\u0105, a przy zg\u0142oszeniu nale\u017cy poda\u0107 podstawowe dane, takie jak imi\u0119 i nazwisko, liczba bilet\u00f3w, numer kontaktowy oraz wybrana forma transportu. Co istotne, wyjazd zosta\u0142 cz\u0119\u015bciowo dofinansowany ze zbi\u00f3rek meczowych, co jest efektem zaanga\u017cowania ca\u0142ej zielonog\u00f3rskiej spo\u0142eczno\u015bci.<\/p>\n\n\n\n<p class=\"wp-block-paragraph\">Atmosfera wok\u00f3\u0142 spotkania z Anwilem zapowiada si\u0119 wyj\u0105tkowo gor\u0105co \u2013 zar\u00f3wno na parkiecie, jak i na trybunach. W\u0142oc\u0142awek od lat s\u0142ynie z \u017cywio\u0142owego dopingu, jednak Zielonog\u00f3rzanie nie zamierzaj\u0105 pozosta\u0107 d\u0142u\u017cni. Has\u0142o \u201eDawaj Zastal po play-offy\u201d wybrzmi wi\u0119c nie tylko w hali CRS, ale r\u00f3wnie\u017c w Hali Mistrz\u00f3w.<\/p>\n\n\n\n<p class=\"wp-block-paragraph\">\ud83c\udfc0 Zastalowcy.pl \u2013 o Zastalu od kibic\u00f3w \u2013 dla kibic\u00f3w<\/p>\n\n\n\n<p class=\"wp-block-paragraph\"><\/p>\n","protected":false},"excerpt":{"rendered":"<p>Przed wyjazdowym starciem z Anwilem W\u0142oc\u0142awek mobilizacja w Zielonej G\u00f3rze nie dotyczy wy\u0142\u0105cznie zawodnik\u00f3w. R\u00f3wnie intensywnie do meczu<\/p>\n","protected":false},"author":3,"featured_media":1182,"comment_status":"open","ping_status":"open","sticky":false,"template":"","format":"standard","meta":{"om_disable_all_campaigns":false,"footnotes":""},"categories":[18,9],"tags":[226,17,26,131,15,13,348,12,14,42,45,11,10,16],"class_list":["post-1181","post","type-post","status-publish","format-standard","has-post-thumbnail","hentry","category-aktualnosci","category-sezon-2025-2026","tag-anwil-wloclawek","tag-basketzg","tag-druzyna","tag-klub-kibica-zastal","tag-koszykowka","tag-orlen-zastal-zielona-gora","tag-wyjazd-na-mecz","tag-zastal","tag-zastal-zielona-gora","tag-zastalowcy","tag-zastalowcy-pl","tag-zielona-gora","tag-zielonagora","tag-zielonogorska-koszykowka"],"aioseo_notices":[],"aioseo_head":"\n\t\t<!-- All in One SEO 5.0.0.1 - aioseo.com -->\n\t<meta name=\"description\" content=\"Przed wyjazdowym starciem z Anwilem W\u0142oc\u0142awek mobilizacja w Zielonej G\u00f3rze nie dotyczy wy\u0142\u0105cznie zawodnik\u00f3w. R\u00f3wnie intensywnie do meczu przygotowuj\u0105 si\u0119 kibice Zastalu, kt\u00f3rzy chc\u0105 licznie wesprze\u0107 dru\u017cyn\u0119 na jednym z najtrudniejszych teren\u00f3w w lidze. Z informacji przekazanych przez Klub Kibica Zastal wynika, \u017ce zainteresowanie wyjazdem jest bardzo du\u017ce. Ju\u017c po pierwszych dniach zapis\u00f3w liczba wolnych\" \/>\n\t<meta name=\"robots\" content=\"max-image-preview:large\" \/>\n\t<meta name=\"author\" content=\"Joanna Nawlicka\"\/>\n\t<link rel=\"canonical\" href=\"https:\/\/zastalowcy.pl\/?p=1181\" \/>\n\t<meta name=\"generator\" content=\"All in One SEO (AIOSEO) 5.0.0.1\" \/>\n\t\t<meta property=\"og:locale\" content=\"pl_PL\" \/>\n\t\t<meta property=\"og:site_name\" content=\"- O Zastalu od kibic\u00f3w \u2013 dla kibic\u00f3w\" \/>\n\t\t<meta property=\"og:type\" content=\"article\" \/>\n\t\t<meta property=\"og:title\" content=\"Zielonog\u00f3rscy kibice ruszaj\u0105 na W\u0142oc\u0142awek. \u201eSold out\u201d coraz bli\u017cej -\" \/>\n\t\t<meta property=\"og:description\" content=\"Przed wyjazdowym starciem z Anwilem W\u0142oc\u0142awek mobilizacja w Zielonej G\u00f3rze nie dotyczy wy\u0142\u0105cznie zawodnik\u00f3w. R\u00f3wnie intensywnie do meczu przygotowuj\u0105 si\u0119 kibice Zastalu, kt\u00f3rzy chc\u0105 licznie wesprze\u0107 dru\u017cyn\u0119 na jednym z najtrudniejszych teren\u00f3w w lidze. Z informacji przekazanych przez Klub Kibica Zastal wynika, \u017ce zainteresowanie wyjazdem jest bardzo du\u017ce. Ju\u017c po pierwszych dniach zapis\u00f3w liczba wolnych\" \/>\n\t\t<meta property=\"og:url\" content=\"https:\/\/zastalowcy.pl\/?p=1181\" \/>\n\t\t<meta property=\"og:image\" content=\"https:\/\/zastalowcy.pl\/wp-content\/uploads\/2025\/09\/cropped-logo-strony-2.png\" \/>\n\t\t<meta property=\"og:image:secure_url\" content=\"https:\/\/zastalowcy.pl\/wp-content\/uploads\/2025\/09\/cropped-logo-strony-2.png\" \/>\n\t\t<meta property=\"og:image:width\" content=\"1862\" \/>\n\t\t<meta property=\"og:image:height\" content=\"384\" \/>\n\t\t<meta property=\"article:published_time\" content=\"2026-04-17T10:34:14+00:00\" \/>\n\t\t<meta property=\"article:modified_time\" content=\"2026-04-17T10:34:15+00:00\" \/>\n\t\t<meta name=\"twitter:card\" content=\"summary_large_image\" \/>\n\t\t<meta name=\"twitter:title\" content=\"Zielonog\u00f3rscy kibice ruszaj\u0105 na W\u0142oc\u0142awek. \u201eSold out\u201d coraz bli\u017cej -\" \/>\n\t\t<meta name=\"twitter:description\" content=\"Przed wyjazdowym starciem z Anwilem W\u0142oc\u0142awek mobilizacja w Zielonej G\u00f3rze nie dotyczy wy\u0142\u0105cznie zawodnik\u00f3w. R\u00f3wnie intensywnie do meczu przygotowuj\u0105 si\u0119 kibice Zastalu, kt\u00f3rzy chc\u0105 licznie wesprze\u0107 dru\u017cyn\u0119 na jednym z najtrudniejszych teren\u00f3w w lidze. Z informacji przekazanych przez Klub Kibica Zastal wynika, \u017ce zainteresowanie wyjazdem jest bardzo du\u017ce. Ju\u017c po pierwszych dniach zapis\u00f3w liczba wolnych\" \/>\n\t\t<meta name=\"twitter:image\" content=\"https:\/\/zastalowcy.pl\/wp-content\/uploads\/2025\/09\/cropped-logo-strony-2.png\" \/>\n\t\t<script type=\"application\/ld+json\" class=\"aioseo-schema\">\n\t\t\t{\"@context\":\"https:\\\/\\\/schema.org\",\"@graph\":[{\"@type\":\"BlogPosting\",\"@id\":\"https:\\\/\\\/zastalowcy.pl\\\/?p=1181#blogposting\",\"name\":\"Zielonog\\u00f3rscy kibice ruszaj\\u0105 na W\\u0142oc\\u0142awek. \\u201eSold out\\u201d coraz bli\\u017cej -\",\"headline\":\"Zielonog\\u00f3rscy kibice ruszaj\\u0105 na W\\u0142oc\\u0142awek. \\u201eSold out\\u201d coraz bli\\u017cej\",\"author\":{\"@id\":\"https:\\\/\\\/zastalowcy.pl\\\/?author=3#author\"},\"publisher\":{\"@id\":\"https:\\\/\\\/zastalowcy.pl\\\/#organization\"},\"image\":{\"@type\":\"ImageObject\",\"url\":\"https:\\\/\\\/zastalowcy.pl\\\/wp-content\\\/uploads\\\/2026\\\/04\\\/profilowe-16.png\",\"width\":2048,\"height\":2048},\"datePublished\":\"2026-04-17T12:34:14+02:00\",\"dateModified\":\"2026-04-17T12:34:15+02:00\",\"inLanguage\":\"pl-PL\",\"mainEntityOfPage\":{\"@id\":\"https:\\\/\\\/zastalowcy.pl\\\/?p=1181#webpage\"},\"isPartOf\":{\"@id\":\"https:\\\/\\\/zastalowcy.pl\\\/?p=1181#webpage\"},\"articleSection\":\"Aktualno\\u015bci, Sezon 2025\\\/2026, anwil w\\u0142oc\\u0142awek, basketzg, dru\\u017cyna, klub kibica zastal, koszyk\\u00f3wka, orlen zastal zielona g\\u00f3ra, wyjazd na mecz, zastal, zastal zielona g\\u00f3ra, zastalowcy, zastalowcy.pl, zielona g\\u00f3ra, zielonagora, zielonog\\u00f3rska koszyk\\u00f3wka\"},{\"@type\":\"BreadcrumbList\",\"@id\":\"https:\\\/\\\/zastalowcy.pl\\\/?p=1181#breadcrumblist\",\"itemListElement\":[{\"@type\":\"ListItem\",\"@id\":\"https:\\\/\\\/zastalowcy.pl#listItem\",\"position\":1,\"name\":\"Home\",\"item\":\"https:\\\/\\\/zastalowcy.pl\",\"nextItem\":{\"@type\":\"ListItem\",\"@id\":\"https:\\\/\\\/zastalowcy.pl\\\/?cat=9#listItem\",\"name\":\"Sezon 2025\\\/2026\"}},{\"@type\":\"ListItem\",\"@id\":\"https:\\\/\\\/zastalowcy.pl\\\/?cat=9#listItem\",\"position\":2,\"name\":\"Sezon 2025\\\/2026\",\"item\":\"https:\\\/\\\/zastalowcy.pl\\\/?cat=9\",\"nextItem\":{\"@type\":\"ListItem\",\"@id\":\"https:\\\/\\\/zastalowcy.pl\\\/?p=1181#listItem\",\"name\":\"Zielonog\\u00f3rscy kibice ruszaj\\u0105 na W\\u0142oc\\u0142awek. \\u201eSold out\\u201d coraz bli\\u017cej\"},\"previousItem\":{\"@type\":\"ListItem\",\"@id\":\"https:\\\/\\\/zastalowcy.pl#listItem\",\"name\":\"Home\"}},{\"@type\":\"ListItem\",\"@id\":\"https:\\\/\\\/zastalowcy.pl\\\/?p=1181#listItem\",\"position\":3,\"name\":\"Zielonog\\u00f3rscy kibice ruszaj\\u0105 na W\\u0142oc\\u0142awek. \\u201eSold out\\u201d coraz bli\\u017cej\",\"previousItem\":{\"@type\":\"ListItem\",\"@id\":\"https:\\\/\\\/zastalowcy.pl\\\/?cat=9#listItem\",\"name\":\"Sezon 2025\\\/2026\"}}]},{\"@type\":\"Organization\",\"@id\":\"https:\\\/\\\/zastalowcy.pl\\\/#organization\",\"description\":\"O Zastalu od kibic\\u00f3w \\u2013 dla kibic\\u00f3w\",\"url\":\"https:\\\/\\\/zastalowcy.pl\\\/\",\"logo\":{\"@type\":\"ImageObject\",\"url\":\"https:\\\/\\\/zastalowcy.pl\\\/wp-content\\\/uploads\\\/2025\\\/09\\\/cropped-logo-strony-2.png\",\"@id\":\"https:\\\/\\\/zastalowcy.pl\\\/?p=1181\\\/#organizationLogo\",\"width\":1862,\"height\":384},\"image\":{\"@id\":\"https:\\\/\\\/zastalowcy.pl\\\/?p=1181\\\/#organizationLogo\"}},{\"@type\":\"Person\",\"@id\":\"https:\\\/\\\/zastalowcy.pl\\\/?author=3#author\",\"url\":\"https:\\\/\\\/zastalowcy.pl\\\/?author=3\",\"name\":\"Joanna Nawlicka\",\"image\":{\"@type\":\"ImageObject\",\"@id\":\"https:\\\/\\\/zastalowcy.pl\\\/?p=1181#authorImage\",\"url\":\"https:\\\/\\\/secure.gravatar.com\\\/avatar\\\/66fc557d97536ff5096b6295970275631b7a4673997738477642001957f5274c?s=96&d=mm&r=g\",\"width\":96,\"height\":96,\"caption\":\"Joanna Nawlicka\"}},{\"@type\":\"WebPage\",\"@id\":\"https:\\\/\\\/zastalowcy.pl\\\/?p=1181#webpage\",\"url\":\"https:\\\/\\\/zastalowcy.pl\\\/?p=1181\",\"name\":\"Zielonog\\u00f3rscy kibice ruszaj\\u0105 na W\\u0142oc\\u0142awek. \\u201eSold out\\u201d coraz bli\\u017cej -\",\"description\":\"Przed wyjazdowym starciem z Anwilem W\\u0142oc\\u0142awek mobilizacja w Zielonej G\\u00f3rze nie dotyczy wy\\u0142\\u0105cznie zawodnik\\u00f3w. R\\u00f3wnie intensywnie do meczu przygotowuj\\u0105 si\\u0119 kibice Zastalu, kt\\u00f3rzy chc\\u0105 licznie wesprze\\u0107 dru\\u017cyn\\u0119 na jednym z najtrudniejszych teren\\u00f3w w lidze. Z informacji przekazanych przez Klub Kibica Zastal wynika, \\u017ce zainteresowanie wyjazdem jest bardzo du\\u017ce. Ju\\u017c po pierwszych dniach zapis\\u00f3w liczba wolnych\",\"inLanguage\":\"pl-PL\",\"isPartOf\":{\"@id\":\"https:\\\/\\\/zastalowcy.pl\\\/#website\"},\"breadcrumb\":{\"@id\":\"https:\\\/\\\/zastalowcy.pl\\\/?p=1181#breadcrumblist\"},\"author\":{\"@id\":\"https:\\\/\\\/zastalowcy.pl\\\/?author=3#author\"},\"creator\":{\"@id\":\"https:\\\/\\\/zastalowcy.pl\\\/?author=3#author\"},\"image\":{\"@type\":\"ImageObject\",\"url\":\"https:\\\/\\\/zastalowcy.pl\\\/wp-content\\\/uploads\\\/2026\\\/04\\\/profilowe-16.png\",\"@id\":\"https:\\\/\\\/zastalowcy.pl\\\/?p=1181\\\/#mainImage\",\"width\":2048,\"height\":2048},\"primaryImageOfPage\":{\"@id\":\"https:\\\/\\\/zastalowcy.pl\\\/?p=1181#mainImage\"},\"datePublished\":\"2026-04-17T12:34:14+02:00\",\"dateModified\":\"2026-04-17T12:34:15+02:00\"},{\"@type\":\"WebSite\",\"@id\":\"https:\\\/\\\/zastalowcy.pl\\\/#website\",\"url\":\"https:\\\/\\\/zastalowcy.pl\\\/\",\"description\":\"O Zastalu od kibic\\u00f3w \\u2013 dla kibic\\u00f3w\",\"inLanguage\":\"pl-PL\",\"publisher\":{\"@id\":\"https:\\\/\\\/zastalowcy.pl\\\/#organization\"}}]}\n\t\t<\/script>\n\t\t<!-- All in One SEO -->\n\n","aioseo_head_json":{"title":"Zielonog\u00f3rscy kibice ruszaj\u0105 na W\u0142oc\u0142awek. \u201eSold out\u201d coraz bli\u017cej -","description":"Przed wyjazdowym starciem z Anwilem W\u0142oc\u0142awek mobilizacja w Zielonej G\u00f3rze nie dotyczy wy\u0142\u0105cznie zawodnik\u00f3w. R\u00f3wnie intensywnie do meczu przygotowuj\u0105 si\u0119 kibice Zastalu, kt\u00f3rzy chc\u0105 licznie wesprze\u0107 dru\u017cyn\u0119 na jednym z najtrudniejszych teren\u00f3w w lidze. Z informacji przekazanych przez Klub Kibica Zastal wynika, \u017ce zainteresowanie wyjazdem jest bardzo du\u017ce. Ju\u017c po pierwszych dniach zapis\u00f3w liczba wolnych","canonical_url":"https:\/\/zastalowcy.pl\/?p=1181","robots":"max-image-preview:large","keywords":"","webmasterTools":{"miscellaneous":""},"schema":{"@context":"https:\/\/schema.org","@graph":[{"@type":"BlogPosting","@id":"https:\/\/zastalowcy.pl\/?p=1181#blogposting","name":"Zielonog\u00f3rscy kibice ruszaj\u0105 na W\u0142oc\u0142awek. \u201eSold out\u201d coraz bli\u017cej -","headline":"Zielonog\u00f3rscy kibice ruszaj\u0105 na W\u0142oc\u0142awek. \u201eSold out\u201d coraz bli\u017cej","author":{"@id":"https:\/\/zastalowcy.pl\/?author=3#author"},"publisher":{"@id":"https:\/\/zastalowcy.pl\/#organization"},"image":{"@type":"ImageObject","url":"https:\/\/zastalowcy.pl\/wp-content\/uploads\/2026\/04\/profilowe-16.png","width":2048,"height":2048},"datePublished":"2026-04-17T12:34:14+02:00","dateModified":"2026-04-17T12:34:15+02:00","inLanguage":"pl-PL","mainEntityOfPage":{"@id":"https:\/\/zastalowcy.pl\/?p=1181#webpage"},"isPartOf":{"@id":"https:\/\/zastalowcy.pl\/?p=1181#webpage"},"articleSection":"Aktualno\u015bci, Sezon 2025\/2026, anwil w\u0142oc\u0142awek, basketzg, dru\u017cyna, klub kibica zastal, koszyk\u00f3wka, orlen zastal zielona g\u00f3ra, wyjazd na mecz, zastal, zastal zielona g\u00f3ra, zastalowcy, zastalowcy.pl, zielona g\u00f3ra, zielonagora, zielonog\u00f3rska koszyk\u00f3wka"},{"@type":"BreadcrumbList","@id":"https:\/\/zastalowcy.pl\/?p=1181#breadcrumblist","itemListElement":[{"@type":"ListItem","@id":"https:\/\/zastalowcy.pl#listItem","position":1,"name":"Home","item":"https:\/\/zastalowcy.pl","nextItem":{"@type":"ListItem","@id":"https:\/\/zastalowcy.pl\/?cat=9#listItem","name":"Sezon 2025\/2026"}},{"@type":"ListItem","@id":"https:\/\/zastalowcy.pl\/?cat=9#listItem","position":2,"name":"Sezon 2025\/2026","item":"https:\/\/zastalowcy.pl\/?cat=9","nextItem":{"@type":"ListItem","@id":"https:\/\/zastalowcy.pl\/?p=1181#listItem","name":"Zielonog\u00f3rscy kibice ruszaj\u0105 na W\u0142oc\u0142awek. \u201eSold out\u201d coraz bli\u017cej"},"previousItem":{"@type":"ListItem","@id":"https:\/\/zastalowcy.pl#listItem","name":"Home"}},{"@type":"ListItem","@id":"https:\/\/zastalowcy.pl\/?p=1181#listItem","position":3,"name":"Zielonog\u00f3rscy kibice ruszaj\u0105 na W\u0142oc\u0142awek. \u201eSold out\u201d coraz bli\u017cej","previousItem":{"@type":"ListItem","@id":"https:\/\/zastalowcy.pl\/?cat=9#listItem","name":"Sezon 2025\/2026"}}]},{"@type":"Organization","@id":"https:\/\/zastalowcy.pl\/#organization","description":"O Zastalu od kibic\u00f3w \u2013 dla kibic\u00f3w","url":"https:\/\/zastalowcy.pl\/","logo":{"@type":"ImageObject","url":"https:\/\/zastalowcy.pl\/wp-content\/uploads\/2025\/09\/cropped-logo-strony-2.png","@id":"https:\/\/zastalowcy.pl\/?p=1181\/#organizationLogo","width":1862,"height":384},"image":{"@id":"https:\/\/zastalowcy.pl\/?p=1181\/#organizationLogo"}},{"@type":"Person","@id":"https:\/\/zastalowcy.pl\/?author=3#author","url":"https:\/\/zastalowcy.pl\/?author=3","name":"Joanna Nawlicka","image":{"@type":"ImageObject","@id":"https:\/\/zastalowcy.pl\/?p=1181#authorImage","url":"https:\/\/secure.gravatar.com\/avatar\/66fc557d97536ff5096b6295970275631b7a4673997738477642001957f5274c?s=96&d=mm&r=g","width":96,"height":96,"caption":"Joanna Nawlicka"}},{"@type":"WebPage","@id":"https:\/\/zastalowcy.pl\/?p=1181#webpage","url":"https:\/\/zastalowcy.pl\/?p=1181","name":"Zielonog\u00f3rscy kibice ruszaj\u0105 na W\u0142oc\u0142awek. \u201eSold out\u201d coraz bli\u017cej -","description":"Przed wyjazdowym starciem z Anwilem W\u0142oc\u0142awek mobilizacja w Zielonej G\u00f3rze nie dotyczy wy\u0142\u0105cznie zawodnik\u00f3w. R\u00f3wnie intensywnie do meczu przygotowuj\u0105 si\u0119 kibice Zastalu, kt\u00f3rzy chc\u0105 licznie wesprze\u0107 dru\u017cyn\u0119 na jednym z najtrudniejszych teren\u00f3w w lidze. Z informacji przekazanych przez Klub Kibica Zastal wynika, \u017ce zainteresowanie wyjazdem jest bardzo du\u017ce. Ju\u017c po pierwszych dniach zapis\u00f3w liczba wolnych","inLanguage":"pl-PL","isPartOf":{"@id":"https:\/\/zastalowcy.pl\/#website"},"breadcrumb":{"@id":"https:\/\/zastalowcy.pl\/?p=1181#breadcrumblist"},"author":{"@id":"https:\/\/zastalowcy.pl\/?author=3#author"},"creator":{"@id":"https:\/\/zastalowcy.pl\/?author=3#author"},"image":{"@type":"ImageObject","url":"https:\/\/zastalowcy.pl\/wp-content\/uploads\/2026\/04\/profilowe-16.png","@id":"https:\/\/zastalowcy.pl\/?p=1181\/#mainImage","width":2048,"height":2048},"primaryImageOfPage":{"@id":"https:\/\/zastalowcy.pl\/?p=1181#mainImage"},"datePublished":"2026-04-17T12:34:14+02:00","dateModified":"2026-04-17T12:34:15+02:00"},{"@type":"WebSite","@id":"https:\/\/zastalowcy.pl\/#website","url":"https:\/\/zastalowcy.pl\/","description":"O Zastalu od kibic\u00f3w \u2013 dla kibic\u00f3w","inLanguage":"pl-PL","publisher":{"@id":"https:\/\/zastalowcy.pl\/#organization"}}]},"og:locale":"pl_PL","og:site_name":"- O Zastalu od kibic\u00f3w \u2013 dla kibic\u00f3w","og:type":"article","og:title":"Zielonog\u00f3rscy kibice ruszaj\u0105 na W\u0142oc\u0142awek. \u201eSold out\u201d coraz bli\u017cej -","og:description":"Przed wyjazdowym starciem z Anwilem W\u0142oc\u0142awek mobilizacja w Zielonej G\u00f3rze nie dotyczy wy\u0142\u0105cznie zawodnik\u00f3w. R\u00f3wnie intensywnie do meczu przygotowuj\u0105 si\u0119 kibice Zastalu, kt\u00f3rzy chc\u0105 licznie wesprze\u0107 dru\u017cyn\u0119 na jednym z najtrudniejszych teren\u00f3w w lidze. Z informacji przekazanych przez Klub Kibica Zastal wynika, \u017ce zainteresowanie wyjazdem jest bardzo du\u017ce. Ju\u017c po pierwszych dniach zapis\u00f3w liczba wolnych","og:url":"https:\/\/zastalowcy.pl\/?p=1181","og:image":"https:\/\/zastalowcy.pl\/wp-content\/uploads\/2025\/09\/cropped-logo-strony-2.png","og:image:secure_url":"https:\/\/zastalowcy.pl\/wp-content\/uploads\/2025\/09\/cropped-logo-strony-2.png","og:image:width":1862,"og:image:height":384,"article:published_time":"2026-04-17T10:34:14+00:00","article:modified_time":"2026-04-17T10:34:15+00:00","twitter:card":"summary_large_image","twitter:title":"Zielonog\u00f3rscy kibice ruszaj\u0105 na W\u0142oc\u0142awek. \u201eSold out\u201d coraz bli\u017cej -","twitter:description":"Przed wyjazdowym starciem z Anwilem W\u0142oc\u0142awek mobilizacja w Zielonej G\u00f3rze nie dotyczy wy\u0142\u0105cznie zawodnik\u00f3w. R\u00f3wnie intensywnie do meczu przygotowuj\u0105 si\u0119 kibice Zastalu, kt\u00f3rzy chc\u0105 licznie wesprze\u0107 dru\u017cyn\u0119 na jednym z najtrudniejszych teren\u00f3w w lidze. Z informacji przekazanych przez Klub Kibica Zastal wynika, \u017ce zainteresowanie wyjazdem jest bardzo du\u017ce. Ju\u017c po pierwszych dniach zapis\u00f3w liczba wolnych","twitter:image":"https:\/\/zastalowcy.pl\/wp-content\/uploads\/2025\/09\/cropped-logo-strony-2.png"},"aioseo_meta_data":{"post_id":"1181","title":null,"description":null,"keywords":null,"keyphrases":null,"primary_term":null,"canonical_url":null,"og_title":null,"og_description":null,"og_object_type":"default","og_image_type":"default","og_image_custom_url":null,"og_image_custom_fields":null,"og_image_url":null,"og_image_width":null,"og_image_height":null,"og_video":null,"og_custom_url":null,"og_article_section":null,"og_article_tags":null,"twitter_use_og":false,"twitter_card":"default","twitter_image_type":"default","twitter_image_custom_url":null,"twitter_image_custom_fields":null,"twitter_image_url":null,"twitter_title":null,"twitter_description":null,"schema_type":"default","schema_type_options":null,"schema":{"blockGraphs":[],"customGraphs":[],"default":{"data":{"Article":[],"Course":[],"Dataset":[],"FAQPage":[],"Movie":[],"Person":[],"Product":[],"ProductReview":[],"Car":[],"Recipe":[],"Service":[],"SoftwareApplication":[],"WebPage":[]},"graphName":"","isEnabled":true},"graphs":[]},"pillar_content":false,"robots_default":true,"robots_noindex":false,"robots_noarchive":false,"robots_nosnippet":false,"robots_nofollow":false,"robots_noimageindex":false,"robots_noodp":false,"robots_notranslate":false,"robots_max_snippet":null,"robots_max_videopreview":null,"robots_max_imagepreview":"large","priority":null,"frequency":null,"local_seo":null,"limit_modified_date":false,"ai":null,"breadcrumb_settings":null,"seo_analyzer_scan_date":null,"created":"2026-07-15 17:07:41","updated":"2026-07-15 17:07:41","focus_keyword":null,"additional_keywords":null,"truseo_locale":null},"aioseo_breadcrumb":"<div class=\"aioseo-breadcrumbs\"><span class=\"aioseo-breadcrumb\">\n\t\t\t<a href=\"https:\/\/zastalowcy.pl\" title=\"Home\">Home<\/a>\n\t\t<\/span><span class=\"aioseo-breadcrumb-separator\">&raquo;<\/span><span class=\"aioseo-breadcrumb\">\n\t\t\t<a href=\"https:\/\/zastalowcy.pl\/?cat=9\" title=\"Sezon 2025\/2026\">Sezon 2025\/2026<\/a>\n\t\t<\/span><span class=\"aioseo-breadcrumb-separator\">&raquo;<\/span><span class=\"aioseo-breadcrumb\">\n\t\t\tZielonog\u00f3rscy kibice ruszaj\u0105 na W\u0142oc\u0142awek. \u201eSold out\u201d coraz bli\u017cej\n\t\t<\/span><\/div>","aioseo_breadcrumb_json":[{"label":"Home","link":"https:\/\/zastalowcy.pl"},{"label":"Sezon 2025\/2026","link":"https:\/\/zastalowcy.pl\/?cat=9"},{"label":"Zielonog\u00f3rscy kibice ruszaj\u0105 na W\u0142oc\u0142awek. \u201eSold out\u201d coraz bli\u017cej","link":"https:\/\/zastalowcy.pl\/?p=1181"}],"_links":{"self":[{"href":"https:\/\/zastalowcy.pl\/index.php?rest_route=\/wp\/v2\/posts\/1181","targetHints":{"allow":["GET"]}}],"collection":[{"href":"https:\/\/zastalowcy.pl\/index.php?rest_route=\/wp\/v2\/posts"}],"about":[{"href":"https:\/\/zastalowcy.pl\/index.php?rest_route=\/wp\/v2\/types\/post"}],"author":[{"embeddable":true,"href":"https:\/\/zastalowcy.pl\/index.php?rest_route=\/wp\/v2\/users\/3"}],"replies":[{"embeddable":true,"href":"https:\/\/zastalowcy.pl\/index.php?rest_route=%2Fwp%2Fv2%2Fcomments&post=1181"}],"version-history":[{"count":1,"href":"https:\/\/zastalowcy.pl\/index.php?rest_route=\/wp\/v2\/posts\/1181\/revisions"}],"predecessor-version":[{"id":1183,"href":"https:\/\/zastalowcy.pl\/index.php?rest_route=\/wp\/v2\/posts\/1181\/revisions\/1183"}],"wp:featuredmedia":[{"embeddable":true,"href":"https:\/\/zastalowcy.pl\/index.php?rest_route=\/wp\/v2\/media\/1182"}],"wp:attachment":[{"href":"https:\/\/zastalowcy.pl\/index.php?rest_route=%2Fwp%2Fv2%2Fmedia&parent=1181"}],"wp:term":[{"taxonomy":"category","embeddable":true,"href":"https:\/\/zastalowcy.pl\/index.php?rest_route=%2Fwp%2Fv2%2Fcategories&post=1181"},{"taxonomy":"post_tag","embeddable":true,"href":"https:\/\/zastalowcy.pl\/index.php?rest_route=%2Fwp%2Fv2%2Ftags&post=1181"}],"curies":[{"name":"wp","href":"https:\/\/api.w.org\/{rel}","templated":true}]}}