{"id":1218,"date":"2026-06-29T20:34:00","date_gmt":"2026-06-29T18:34:00","guid":{"rendered":"https:\/\/zastalowcy.pl\/?p=1218"},"modified":"2026-06-29T20:34:00","modified_gmt":"2026-06-29T18:34:00","slug":"veljko-brkic-ponownie-w-zastalu-serbski-skrzydlowy-wraca-do-zielonej-gory","status":"publish","type":"post","link":"https:\/\/zastalowcy.pl\/?p=1218","title":{"rendered":"Veljko Brki\u0107 ponownie w Zastalu! Serbski skrzyd\u0142owy wraca do Zielonej G\u00f3ry"},"content":{"rendered":"\n<p class=\"wp-block-paragraph\">Veljko Brki\u0107 ponownie za\u0142o\u017cy koszulk\u0119 Zastalu Zielona G\u00f3ra. Serbski skrzyd\u0142owy wraca do klubu po sezonie przerwy i ponownie b\u0119dzie reprezentowa\u0142 zielonog\u00f3rskie barwy w nadchodz\u0105cym sezonie.<\/p>\n\n\n\n<p class=\"wp-block-paragraph\">Brki\u0107 po raz pierwszy do\u0142\u0105czy\u0142 do Zastalu pod koniec stycznia 2025 roku. W kr\u00f3tkim czasie da\u0142 si\u0119 pozna\u0107 jako zawodnik niezwykle waleczny, dobrze odnajduj\u0105cy si\u0119 w grze pod koszem i gotowy do wykonywania ci\u0119\u017ckiej pracy po obu stronach parkietu. W 14 ligowych spotkaniach zdobywa\u0142 \u015brednio <strong>11,6 punktu<\/strong>,<strong> 5,4 zbi\u00f3rki <\/strong>i<strong> 1,6 asysty<\/strong>, trafiaj\u0105c <strong>57,7% rzut\u00f3w z gry<\/strong>.<\/p>\n\n\n\n<p class=\"wp-block-paragraph\">Po zako\u0144czeniu sezonu przeni\u00f3s\u0142 si\u0119 do rumu\u0144skiego CSM Petrolul Ploie\u0219ti, gdzie zanotowa\u0142 kolejny bardzo udany rok. W 27 meczach notowa\u0142 \u015brednio <strong>17,7 punktu<\/strong>,<strong> 5,4 zbi\u00f3rki <\/strong>i <strong>2,1 asysty<\/strong>, b\u0119d\u0105c liderem swojego zespo\u0142u.<\/p>\n\n\n\n<p class=\"wp-block-paragraph\">31-letni skrzyd\u0142owy profesjonaln\u0105 karier\u0119 rozpocz\u0105\u0142 w 2015 roku w Mladost MaxBet, a nast\u0119pnie reprezentowa\u0142 barwy Vr\u0161aca, s\u0142owe\u0144skiego GGD \u0160en\u010dur, w\u0119gierskiego PVSK-Veolia, rumu\u0144skiego CSM Petrolul Ploie\u0219ti oraz serbskiego Jokera Sombor.<\/p>\n\n\n\n<p class=\"wp-block-paragraph\">Powr\u00f3t Brkicia oznacza, \u017ce do Zielonej G\u00f3ry wraca zawodnik doskonale znaj\u0105cy klub, kibic\u00f3w i realia ORLEN Basket Ligi. Zastal zyskuje tym samym sprawdzonego gracza, kt\u00f3ry w ostatnich sezonach regularnie potwierdza\u0142 swoj\u0105 warto\u015b\u0107 w kilku europejskich ligach.<\/p>\n\n\n\n<p class=\"wp-block-paragraph\">\ud83c\udfc0 Zastalowcy.pl \u2013 o Zastalu od kibic\u00f3w \u2013 dla kibic\u00f3w<\/p>\n","protected":false},"excerpt":{"rendered":"<p>Veljko Brki\u0107 ponownie za\u0142o\u017cy koszulk\u0119 Zastalu Zielona G\u00f3ra. Serbski skrzyd\u0142owy wraca do klubu po sezonie przerwy i ponownie<\/p>\n","protected":false},"author":3,"featured_media":1219,"comment_status":"open","ping_status":"open","sticky":false,"template":"","format":"standard","meta":{"om_disable_all_campaigns":false,"footnotes":""},"categories":[18,367,8],"tags":[17,26,15,13,368,12,14,42,11,10,16],"class_list":["post-1218","post","type-post","status-publish","format-standard","has-post-thumbnail","hentry","category-aktualnosci","category-sezon-2026-2027","category-wiadomosci-z-klubu","tag-basketzg","tag-druzyna","tag-koszykowka","tag-orlen-zastal-zielona-gora","tag-veljko-brkic","tag-zastal","tag-zastal-zielona-gora","tag-zastalowcy","tag-zielona-gora","tag-zielonagora","tag-zielonogorska-koszykowka"],"aioseo_notices":[],"aioseo_head":"\n\t\t<!-- All in One SEO 5.0.0.1 - aioseo.com -->\n\t<meta name=\"description\" content=\"Veljko Brki\u0107 ponownie za\u0142o\u017cy koszulk\u0119 Zastalu Zielona G\u00f3ra. Serbski skrzyd\u0142owy wraca do klubu po sezonie przerwy i ponownie b\u0119dzie reprezentowa\u0142 zielonog\u00f3rskie barwy w nadchodz\u0105cym sezonie. Brki\u0107 po raz pierwszy do\u0142\u0105czy\u0142 do Zastalu pod koniec stycznia 2025 roku. W kr\u00f3tkim czasie da\u0142 si\u0119 pozna\u0107 jako zawodnik niezwykle waleczny, dobrze odnajduj\u0105cy si\u0119 w grze pod koszem i\" \/>\n\t<meta name=\"robots\" content=\"max-image-preview:large\" \/>\n\t<meta name=\"author\" content=\"Joanna Nawlicka\"\/>\n\t<link rel=\"canonical\" href=\"https:\/\/zastalowcy.pl\/?p=1218\" \/>\n\t<meta name=\"generator\" content=\"All in One SEO (AIOSEO) 5.0.0.1\" \/>\n\t\t<meta property=\"og:locale\" content=\"pl_PL\" \/>\n\t\t<meta property=\"og:site_name\" content=\"- O Zastalu od kibic\u00f3w \u2013 dla kibic\u00f3w\" \/>\n\t\t<meta property=\"og:type\" content=\"article\" \/>\n\t\t<meta property=\"og:title\" content=\"Veljko Brki\u0107 ponownie w Zastalu! Serbski skrzyd\u0142owy wraca do Zielonej G\u00f3ry -\" \/>\n\t\t<meta property=\"og:description\" content=\"Veljko Brki\u0107 ponownie za\u0142o\u017cy koszulk\u0119 Zastalu Zielona G\u00f3ra. Serbski skrzyd\u0142owy wraca do klubu po sezonie przerwy i ponownie b\u0119dzie reprezentowa\u0142 zielonog\u00f3rskie barwy w nadchodz\u0105cym sezonie. Brki\u0107 po raz pierwszy do\u0142\u0105czy\u0142 do Zastalu pod koniec stycznia 2025 roku. W kr\u00f3tkim czasie da\u0142 si\u0119 pozna\u0107 jako zawodnik niezwykle waleczny, dobrze odnajduj\u0105cy si\u0119 w grze pod koszem i\" \/>\n\t\t<meta property=\"og:url\" content=\"https:\/\/zastalowcy.pl\/?p=1218\" \/>\n\t\t<meta property=\"og:image\" content=\"https:\/\/zastalowcy.pl\/wp-content\/uploads\/2025\/09\/cropped-logo-strony-2.png\" \/>\n\t\t<meta property=\"og:image:secure_url\" content=\"https:\/\/zastalowcy.pl\/wp-content\/uploads\/2025\/09\/cropped-logo-strony-2.png\" \/>\n\t\t<meta property=\"og:image:width\" content=\"1862\" \/>\n\t\t<meta property=\"og:image:height\" content=\"384\" \/>\n\t\t<meta property=\"article:published_time\" content=\"2026-06-29T18:34:00+00:00\" \/>\n\t\t<meta property=\"article:modified_time\" content=\"2026-06-29T18:34:00+00:00\" \/>\n\t\t<meta name=\"twitter:card\" content=\"summary_large_image\" \/>\n\t\t<meta name=\"twitter:title\" content=\"Veljko Brki\u0107 ponownie w Zastalu! Serbski skrzyd\u0142owy wraca do Zielonej G\u00f3ry -\" \/>\n\t\t<meta name=\"twitter:description\" content=\"Veljko Brki\u0107 ponownie za\u0142o\u017cy koszulk\u0119 Zastalu Zielona G\u00f3ra. Serbski skrzyd\u0142owy wraca do klubu po sezonie przerwy i ponownie b\u0119dzie reprezentowa\u0142 zielonog\u00f3rskie barwy w nadchodz\u0105cym sezonie. Brki\u0107 po raz pierwszy do\u0142\u0105czy\u0142 do Zastalu pod koniec stycznia 2025 roku. W kr\u00f3tkim czasie da\u0142 si\u0119 pozna\u0107 jako zawodnik niezwykle waleczny, dobrze odnajduj\u0105cy si\u0119 w grze pod koszem i\" \/>\n\t\t<meta name=\"twitter:image\" content=\"https:\/\/zastalowcy.pl\/wp-content\/uploads\/2025\/09\/cropped-logo-strony-2.png\" \/>\n\t\t<script type=\"application\/ld+json\" class=\"aioseo-schema\">\n\t\t\t{\"@context\":\"https:\\\/\\\/schema.org\",\"@graph\":[{\"@type\":\"BlogPosting\",\"@id\":\"https:\\\/\\\/zastalowcy.pl\\\/?p=1218#blogposting\",\"name\":\"Veljko Brki\\u0107 ponownie w Zastalu! Serbski skrzyd\\u0142owy wraca do Zielonej G\\u00f3ry -\",\"headline\":\"Veljko Brki\\u0107 ponownie w Zastalu! Serbski skrzyd\\u0142owy wraca do Zielonej G\\u00f3ry\",\"author\":{\"@id\":\"https:\\\/\\\/zastalowcy.pl\\\/?author=3#author\"},\"publisher\":{\"@id\":\"https:\\\/\\\/zastalowcy.pl\\\/#organization\"},\"image\":{\"@type\":\"ImageObject\",\"url\":\"https:\\\/\\\/zastalowcy.pl\\\/wp-content\\\/uploads\\\/2026\\\/06\\\/profilowe-2.png\",\"width\":2048,\"height\":2048},\"datePublished\":\"2026-06-29T20:34:00+02:00\",\"dateModified\":\"2026-06-29T20:34:00+02:00\",\"inLanguage\":\"pl-PL\",\"commentCount\":1,\"mainEntityOfPage\":{\"@id\":\"https:\\\/\\\/zastalowcy.pl\\\/?p=1218#webpage\"},\"isPartOf\":{\"@id\":\"https:\\\/\\\/zastalowcy.pl\\\/?p=1218#webpage\"},\"articleSection\":\"Aktualno\\u015bci, Sezon 2026\\\/2027, Wiadomo\\u015bci z klubu, basketzg, dru\\u017cyna, koszyk\\u00f3wka, orlen zastal zielona g\\u00f3ra, veljko brki\\u0107, zastal, zastal zielona g\\u00f3ra, zastalowcy, zielona g\\u00f3ra, zielonagora, zielonog\\u00f3rska koszyk\\u00f3wka\"},{\"@type\":\"BreadcrumbList\",\"@id\":\"https:\\\/\\\/zastalowcy.pl\\\/?p=1218#breadcrumblist\",\"itemListElement\":[{\"@type\":\"ListItem\",\"@id\":\"https:\\\/\\\/zastalowcy.pl#listItem\",\"position\":1,\"name\":\"Home\",\"item\":\"https:\\\/\\\/zastalowcy.pl\",\"nextItem\":{\"@type\":\"ListItem\",\"@id\":\"https:\\\/\\\/zastalowcy.pl\\\/?cat=8#listItem\",\"name\":\"Wiadomo\\u015bci z klubu\"}},{\"@type\":\"ListItem\",\"@id\":\"https:\\\/\\\/zastalowcy.pl\\\/?cat=8#listItem\",\"position\":2,\"name\":\"Wiadomo\\u015bci z klubu\",\"item\":\"https:\\\/\\\/zastalowcy.pl\\\/?cat=8\",\"nextItem\":{\"@type\":\"ListItem\",\"@id\":\"https:\\\/\\\/zastalowcy.pl\\\/?p=1218#listItem\",\"name\":\"Veljko Brki\\u0107 ponownie w Zastalu! Serbski skrzyd\\u0142owy wraca do Zielonej G\\u00f3ry\"},\"previousItem\":{\"@type\":\"ListItem\",\"@id\":\"https:\\\/\\\/zastalowcy.pl#listItem\",\"name\":\"Home\"}},{\"@type\":\"ListItem\",\"@id\":\"https:\\\/\\\/zastalowcy.pl\\\/?p=1218#listItem\",\"position\":3,\"name\":\"Veljko Brki\\u0107 ponownie w Zastalu! Serbski skrzyd\\u0142owy wraca do Zielonej G\\u00f3ry\",\"previousItem\":{\"@type\":\"ListItem\",\"@id\":\"https:\\\/\\\/zastalowcy.pl\\\/?cat=8#listItem\",\"name\":\"Wiadomo\\u015bci z klubu\"}}]},{\"@type\":\"Organization\",\"@id\":\"https:\\\/\\\/zastalowcy.pl\\\/#organization\",\"description\":\"O Zastalu od kibic\\u00f3w \\u2013 dla kibic\\u00f3w\",\"url\":\"https:\\\/\\\/zastalowcy.pl\\\/\",\"logo\":{\"@type\":\"ImageObject\",\"url\":\"https:\\\/\\\/zastalowcy.pl\\\/wp-content\\\/uploads\\\/2025\\\/09\\\/cropped-logo-strony-2.png\",\"@id\":\"https:\\\/\\\/zastalowcy.pl\\\/?p=1218\\\/#organizationLogo\",\"width\":1862,\"height\":384},\"image\":{\"@id\":\"https:\\\/\\\/zastalowcy.pl\\\/?p=1218\\\/#organizationLogo\"}},{\"@type\":\"Person\",\"@id\":\"https:\\\/\\\/zastalowcy.pl\\\/?author=3#author\",\"url\":\"https:\\\/\\\/zastalowcy.pl\\\/?author=3\",\"name\":\"Joanna Nawlicka\",\"image\":{\"@type\":\"ImageObject\",\"@id\":\"https:\\\/\\\/zastalowcy.pl\\\/?p=1218#authorImage\",\"url\":\"https:\\\/\\\/secure.gravatar.com\\\/avatar\\\/66fc557d97536ff5096b6295970275631b7a4673997738477642001957f5274c?s=96&d=mm&r=g\",\"width\":96,\"height\":96,\"caption\":\"Joanna Nawlicka\"}},{\"@type\":\"WebPage\",\"@id\":\"https:\\\/\\\/zastalowcy.pl\\\/?p=1218#webpage\",\"url\":\"https:\\\/\\\/zastalowcy.pl\\\/?p=1218\",\"name\":\"Veljko Brki\\u0107 ponownie w Zastalu! Serbski skrzyd\\u0142owy wraca do Zielonej G\\u00f3ry -\",\"description\":\"Veljko Brki\\u0107 ponownie za\\u0142o\\u017cy koszulk\\u0119 Zastalu Zielona G\\u00f3ra. Serbski skrzyd\\u0142owy wraca do klubu po sezonie przerwy i ponownie b\\u0119dzie reprezentowa\\u0142 zielonog\\u00f3rskie barwy w nadchodz\\u0105cym sezonie. Brki\\u0107 po raz pierwszy do\\u0142\\u0105czy\\u0142 do Zastalu pod koniec stycznia 2025 roku. W kr\\u00f3tkim czasie da\\u0142 si\\u0119 pozna\\u0107 jako zawodnik niezwykle waleczny, dobrze odnajduj\\u0105cy si\\u0119 w grze pod koszem i\",\"inLanguage\":\"pl-PL\",\"isPartOf\":{\"@id\":\"https:\\\/\\\/zastalowcy.pl\\\/#website\"},\"breadcrumb\":{\"@id\":\"https:\\\/\\\/zastalowcy.pl\\\/?p=1218#breadcrumblist\"},\"author\":{\"@id\":\"https:\\\/\\\/zastalowcy.pl\\\/?author=3#author\"},\"creator\":{\"@id\":\"https:\\\/\\\/zastalowcy.pl\\\/?author=3#author\"},\"image\":{\"@type\":\"ImageObject\",\"url\":\"https:\\\/\\\/zastalowcy.pl\\\/wp-content\\\/uploads\\\/2026\\\/06\\\/profilowe-2.png\",\"@id\":\"https:\\\/\\\/zastalowcy.pl\\\/?p=1218\\\/#mainImage\",\"width\":2048,\"height\":2048},\"primaryImageOfPage\":{\"@id\":\"https:\\\/\\\/zastalowcy.pl\\\/?p=1218#mainImage\"},\"datePublished\":\"2026-06-29T20:34:00+02:00\",\"dateModified\":\"2026-06-29T20:34:00+02:00\"},{\"@type\":\"WebSite\",\"@id\":\"https:\\\/\\\/zastalowcy.pl\\\/#website\",\"url\":\"https:\\\/\\\/zastalowcy.pl\\\/\",\"description\":\"O Zastalu od kibic\\u00f3w \\u2013 dla kibic\\u00f3w\",\"inLanguage\":\"pl-PL\",\"publisher\":{\"@id\":\"https:\\\/\\\/zastalowcy.pl\\\/#organization\"}}]}\n\t\t<\/script>\n\t\t<!-- All in One SEO -->\n\n","aioseo_head_json":{"title":"Veljko Brki\u0107 ponownie w Zastalu! Serbski skrzyd\u0142owy wraca do Zielonej G\u00f3ry -","description":"Veljko Brki\u0107 ponownie za\u0142o\u017cy koszulk\u0119 Zastalu Zielona G\u00f3ra. Serbski skrzyd\u0142owy wraca do klubu po sezonie przerwy i ponownie b\u0119dzie reprezentowa\u0142 zielonog\u00f3rskie barwy w nadchodz\u0105cym sezonie. Brki\u0107 po raz pierwszy do\u0142\u0105czy\u0142 do Zastalu pod koniec stycznia 2025 roku. W kr\u00f3tkim czasie da\u0142 si\u0119 pozna\u0107 jako zawodnik niezwykle waleczny, dobrze odnajduj\u0105cy si\u0119 w grze pod koszem i","canonical_url":"https:\/\/zastalowcy.pl\/?p=1218","robots":"max-image-preview:large","keywords":"","webmasterTools":{"miscellaneous":""},"schema":{"@context":"https:\/\/schema.org","@graph":[{"@type":"BlogPosting","@id":"https:\/\/zastalowcy.pl\/?p=1218#blogposting","name":"Veljko Brki\u0107 ponownie w Zastalu! Serbski skrzyd\u0142owy wraca do Zielonej G\u00f3ry -","headline":"Veljko Brki\u0107 ponownie w Zastalu! Serbski skrzyd\u0142owy wraca do Zielonej G\u00f3ry","author":{"@id":"https:\/\/zastalowcy.pl\/?author=3#author"},"publisher":{"@id":"https:\/\/zastalowcy.pl\/#organization"},"image":{"@type":"ImageObject","url":"https:\/\/zastalowcy.pl\/wp-content\/uploads\/2026\/06\/profilowe-2.png","width":2048,"height":2048},"datePublished":"2026-06-29T20:34:00+02:00","dateModified":"2026-06-29T20:34:00+02:00","inLanguage":"pl-PL","commentCount":1,"mainEntityOfPage":{"@id":"https:\/\/zastalowcy.pl\/?p=1218#webpage"},"isPartOf":{"@id":"https:\/\/zastalowcy.pl\/?p=1218#webpage"},"articleSection":"Aktualno\u015bci, Sezon 2026\/2027, Wiadomo\u015bci z klubu, basketzg, dru\u017cyna, koszyk\u00f3wka, orlen zastal zielona g\u00f3ra, veljko brki\u0107, zastal, zastal zielona g\u00f3ra, zastalowcy, zielona g\u00f3ra, zielonagora, zielonog\u00f3rska koszyk\u00f3wka"},{"@type":"BreadcrumbList","@id":"https:\/\/zastalowcy.pl\/?p=1218#breadcrumblist","itemListElement":[{"@type":"ListItem","@id":"https:\/\/zastalowcy.pl#listItem","position":1,"name":"Home","item":"https:\/\/zastalowcy.pl","nextItem":{"@type":"ListItem","@id":"https:\/\/zastalowcy.pl\/?cat=8#listItem","name":"Wiadomo\u015bci z klubu"}},{"@type":"ListItem","@id":"https:\/\/zastalowcy.pl\/?cat=8#listItem","position":2,"name":"Wiadomo\u015bci z klubu","item":"https:\/\/zastalowcy.pl\/?cat=8","nextItem":{"@type":"ListItem","@id":"https:\/\/zastalowcy.pl\/?p=1218#listItem","name":"Veljko Brki\u0107 ponownie w Zastalu! Serbski skrzyd\u0142owy wraca do Zielonej G\u00f3ry"},"previousItem":{"@type":"ListItem","@id":"https:\/\/zastalowcy.pl#listItem","name":"Home"}},{"@type":"ListItem","@id":"https:\/\/zastalowcy.pl\/?p=1218#listItem","position":3,"name":"Veljko Brki\u0107 ponownie w Zastalu! Serbski skrzyd\u0142owy wraca do Zielonej G\u00f3ry","previousItem":{"@type":"ListItem","@id":"https:\/\/zastalowcy.pl\/?cat=8#listItem","name":"Wiadomo\u015bci z klubu"}}]},{"@type":"Organization","@id":"https:\/\/zastalowcy.pl\/#organization","description":"O Zastalu od kibic\u00f3w \u2013 dla kibic\u00f3w","url":"https:\/\/zastalowcy.pl\/","logo":{"@type":"ImageObject","url":"https:\/\/zastalowcy.pl\/wp-content\/uploads\/2025\/09\/cropped-logo-strony-2.png","@id":"https:\/\/zastalowcy.pl\/?p=1218\/#organizationLogo","width":1862,"height":384},"image":{"@id":"https:\/\/zastalowcy.pl\/?p=1218\/#organizationLogo"}},{"@type":"Person","@id":"https:\/\/zastalowcy.pl\/?author=3#author","url":"https:\/\/zastalowcy.pl\/?author=3","name":"Joanna Nawlicka","image":{"@type":"ImageObject","@id":"https:\/\/zastalowcy.pl\/?p=1218#authorImage","url":"https:\/\/secure.gravatar.com\/avatar\/66fc557d97536ff5096b6295970275631b7a4673997738477642001957f5274c?s=96&d=mm&r=g","width":96,"height":96,"caption":"Joanna Nawlicka"}},{"@type":"WebPage","@id":"https:\/\/zastalowcy.pl\/?p=1218#webpage","url":"https:\/\/zastalowcy.pl\/?p=1218","name":"Veljko Brki\u0107 ponownie w Zastalu! Serbski skrzyd\u0142owy wraca do Zielonej G\u00f3ry -","description":"Veljko Brki\u0107 ponownie za\u0142o\u017cy koszulk\u0119 Zastalu Zielona G\u00f3ra. Serbski skrzyd\u0142owy wraca do klubu po sezonie przerwy i ponownie b\u0119dzie reprezentowa\u0142 zielonog\u00f3rskie barwy w nadchodz\u0105cym sezonie. Brki\u0107 po raz pierwszy do\u0142\u0105czy\u0142 do Zastalu pod koniec stycznia 2025 roku. W kr\u00f3tkim czasie da\u0142 si\u0119 pozna\u0107 jako zawodnik niezwykle waleczny, dobrze odnajduj\u0105cy si\u0119 w grze pod koszem i","inLanguage":"pl-PL","isPartOf":{"@id":"https:\/\/zastalowcy.pl\/#website"},"breadcrumb":{"@id":"https:\/\/zastalowcy.pl\/?p=1218#breadcrumblist"},"author":{"@id":"https:\/\/zastalowcy.pl\/?author=3#author"},"creator":{"@id":"https:\/\/zastalowcy.pl\/?author=3#author"},"image":{"@type":"ImageObject","url":"https:\/\/zastalowcy.pl\/wp-content\/uploads\/2026\/06\/profilowe-2.png","@id":"https:\/\/zastalowcy.pl\/?p=1218\/#mainImage","width":2048,"height":2048},"primaryImageOfPage":{"@id":"https:\/\/zastalowcy.pl\/?p=1218#mainImage"},"datePublished":"2026-06-29T20:34:00+02:00","dateModified":"2026-06-29T20:34:00+02:00"},{"@type":"WebSite","@id":"https:\/\/zastalowcy.pl\/#website","url":"https:\/\/zastalowcy.pl\/","description":"O Zastalu od kibic\u00f3w \u2013 dla kibic\u00f3w","inLanguage":"pl-PL","publisher":{"@id":"https:\/\/zastalowcy.pl\/#organization"}}]},"og:locale":"pl_PL","og:site_name":"- O Zastalu od kibic\u00f3w \u2013 dla kibic\u00f3w","og:type":"article","og:title":"Veljko Brki\u0107 ponownie w Zastalu! Serbski skrzyd\u0142owy wraca do Zielonej G\u00f3ry -","og:description":"Veljko Brki\u0107 ponownie za\u0142o\u017cy koszulk\u0119 Zastalu Zielona G\u00f3ra. Serbski skrzyd\u0142owy wraca do klubu po sezonie przerwy i ponownie b\u0119dzie reprezentowa\u0142 zielonog\u00f3rskie barwy w nadchodz\u0105cym sezonie. Brki\u0107 po raz pierwszy do\u0142\u0105czy\u0142 do Zastalu pod koniec stycznia 2025 roku. W kr\u00f3tkim czasie da\u0142 si\u0119 pozna\u0107 jako zawodnik niezwykle waleczny, dobrze odnajduj\u0105cy si\u0119 w grze pod koszem i","og:url":"https:\/\/zastalowcy.pl\/?p=1218","og:image":"https:\/\/zastalowcy.pl\/wp-content\/uploads\/2025\/09\/cropped-logo-strony-2.png","og:image:secure_url":"https:\/\/zastalowcy.pl\/wp-content\/uploads\/2025\/09\/cropped-logo-strony-2.png","og:image:width":1862,"og:image:height":384,"article:published_time":"2026-06-29T18:34:00+00:00","article:modified_time":"2026-06-29T18:34:00+00:00","twitter:card":"summary_large_image","twitter:title":"Veljko Brki\u0107 ponownie w Zastalu! Serbski skrzyd\u0142owy wraca do Zielonej G\u00f3ry -","twitter:description":"Veljko Brki\u0107 ponownie za\u0142o\u017cy koszulk\u0119 Zastalu Zielona G\u00f3ra. Serbski skrzyd\u0142owy wraca do klubu po sezonie przerwy i ponownie b\u0119dzie reprezentowa\u0142 zielonog\u00f3rskie barwy w nadchodz\u0105cym sezonie. Brki\u0107 po raz pierwszy do\u0142\u0105czy\u0142 do Zastalu pod koniec stycznia 2025 roku. W kr\u00f3tkim czasie da\u0142 si\u0119 pozna\u0107 jako zawodnik niezwykle waleczny, dobrze odnajduj\u0105cy si\u0119 w grze pod koszem i","twitter:image":"https:\/\/zastalowcy.pl\/wp-content\/uploads\/2025\/09\/cropped-logo-strony-2.png"},"aioseo_meta_data":{"post_id":"1218","title":null,"description":null,"keywords":null,"keyphrases":null,"primary_term":null,"canonical_url":null,"og_title":null,"og_description":null,"og_object_type":"default","og_image_type":"default","og_image_custom_url":null,"og_image_custom_fields":null,"og_image_url":null,"og_image_width":null,"og_image_height":null,"og_video":null,"og_custom_url":null,"og_article_section":null,"og_article_tags":null,"twitter_use_og":false,"twitter_card":"default","twitter_image_type":"default","twitter_image_custom_url":null,"twitter_image_custom_fields":null,"twitter_image_url":null,"twitter_title":null,"twitter_description":null,"schema_type":"default","schema_type_options":null,"schema":{"blockGraphs":[],"customGraphs":[],"default":{"data":{"Article":[],"Course":[],"Dataset":[],"FAQPage":[],"Movie":[],"Person":[],"Product":[],"ProductReview":[],"Car":[],"Recipe":[],"Service":[],"SoftwareApplication":[],"WebPage":[]},"graphName":"","isEnabled":true},"graphs":[]},"pillar_content":false,"robots_default":true,"robots_noindex":false,"robots_noarchive":false,"robots_nosnippet":false,"robots_nofollow":false,"robots_noimageindex":false,"robots_noodp":false,"robots_notranslate":false,"robots_max_snippet":null,"robots_max_videopreview":null,"robots_max_imagepreview":"large","priority":null,"frequency":null,"local_seo":null,"limit_modified_date":false,"ai":null,"breadcrumb_settings":null,"seo_analyzer_scan_date":null,"created":"2026-07-15 17:09:19","updated":"2026-07-15 17:09:19","focus_keyword":null,"additional_keywords":null,"truseo_locale":null},"aioseo_breadcrumb":"<div class=\"aioseo-breadcrumbs\"><span class=\"aioseo-breadcrumb\">\n\t\t\t<a href=\"https:\/\/zastalowcy.pl\" title=\"Home\">Home<\/a>\n\t\t<\/span><span class=\"aioseo-breadcrumb-separator\">&raquo;<\/span><span class=\"aioseo-breadcrumb\">\n\t\t\t<a href=\"https:\/\/zastalowcy.pl\/?cat=8\" title=\"Wiadomo\u015bci z klubu\">Wiadomo\u015bci z klubu<\/a>\n\t\t<\/span><span class=\"aioseo-breadcrumb-separator\">&raquo;<\/span><span class=\"aioseo-breadcrumb\">\n\t\t\tVeljko Brki\u0107 ponownie w Zastalu! Serbski skrzyd\u0142owy wraca do Zielonej G\u00f3ry\n\t\t<\/span><\/div>","aioseo_breadcrumb_json":[{"label":"Home","link":"https:\/\/zastalowcy.pl"},{"label":"Wiadomo\u015bci z klubu","link":"https:\/\/zastalowcy.pl\/?cat=8"},{"label":"Veljko Brki\u0107 ponownie w Zastalu! Serbski skrzyd\u0142owy wraca do Zielonej G\u00f3ry","link":"https:\/\/zastalowcy.pl\/?p=1218"}],"_links":{"self":[{"href":"https:\/\/zastalowcy.pl\/index.php?rest_route=\/wp\/v2\/posts\/1218","targetHints":{"allow":["GET"]}}],"collection":[{"href":"https:\/\/zastalowcy.pl\/index.php?rest_route=\/wp\/v2\/posts"}],"about":[{"href":"https:\/\/zastalowcy.pl\/index.php?rest_route=\/wp\/v2\/types\/post"}],"author":[{"embeddable":true,"href":"https:\/\/zastalowcy.pl\/index.php?rest_route=\/wp\/v2\/users\/3"}],"replies":[{"embeddable":true,"href":"https:\/\/zastalowcy.pl\/index.php?rest_route=%2Fwp%2Fv2%2Fcomments&post=1218"}],"version-history":[{"count":1,"href":"https:\/\/zastalowcy.pl\/index.php?rest_route=\/wp\/v2\/posts\/1218\/revisions"}],"predecessor-version":[{"id":1220,"href":"https:\/\/zastalowcy.pl\/index.php?rest_route=\/wp\/v2\/posts\/1218\/revisions\/1220"}],"wp:featuredmedia":[{"embeddable":true,"href":"https:\/\/zastalowcy.pl\/index.php?rest_route=\/wp\/v2\/media\/1219"}],"wp:attachment":[{"href":"https:\/\/zastalowcy.pl\/index.php?rest_route=%2Fwp%2Fv2%2Fmedia&parent=1218"}],"wp:term":[{"taxonomy":"category","embeddable":true,"href":"https:\/\/zastalowcy.pl\/index.php?rest_route=%2Fwp%2Fv2%2Fcategories&post=1218"},{"taxonomy":"post_tag","embeddable":true,"href":"https:\/\/zastalowcy.pl\/index.php?rest_route=%2Fwp%2Fv2%2Ftags&post=1218"}],"curies":[{"name":"wp","href":"https:\/\/api.w.org\/{rel}","templated":true}]}}