{"id":1222,"date":"2026-07-01T15:01:00","date_gmt":"2026-07-01T13:01:00","guid":{"rendered":"https:\/\/zastalowcy.pl\/?p=1222"},"modified":"2026-07-02T20:07:07","modified_gmt":"2026-07-02T18:07:07","slug":"patrick-cartier-odchodzi-z-zastalu-amerykanin-zagra-w-bundeslidze","status":"publish","type":"post","link":"https:\/\/zastalowcy.pl\/?p=1222","title":{"rendered":"Patrick Cartier odchodzi z Zastalu. Amerykanin zagra w Bundeslidze"},"content":{"rendered":"\n<p class=\"wp-block-paragraph\">Patrick Cartier nie b\u0119dzie reprezentowa\u0142 barw ORLEN Zastalu Zielona G\u00f3ra w nadchodz\u0105cym sezonie. Ameryka\u0144ski skrzyd\u0142owy zosta\u0142 nowym zawodnikiem niemieckiego MHP Riesen Ludwigsburg, a zielonog\u00f3rski klub oficjalnie po\u017cegna\u0142 jednego z ulubie\u0144c\u00f3w kibic\u00f3w.<\/p>\n\n\n\n<p class=\"wp-block-paragraph\">Cartier do\u0142\u0105czy\u0142 do Zastalu przed sezonem 2025\/2026 i bardzo szybko sta\u0142 si\u0119 jedn\u0105 z kluczowych postaci zespo\u0142u. W 44 spotkaniach ORLEN Basket Ligi notowa\u0142 \u015brednio 9,4 punktu, 3,0 zbi\u00f3rki i 1,3 asysty w niespe\u0142na 20 minut sp\u0119dzanych na parkiecie. Imponowa\u0142 przede wszystkim skuteczno\u015bci\u0105 \u2013 trafia\u0142 66,7% rzut\u00f3w za dwa, 41,8% za trzy oraz 76,4% rzut\u00f3w wolnych.<\/p>\n\n\n\n<p class=\"wp-block-paragraph\">Jeszcze lepiej prezentowa\u0142 si\u0119 w rozgrywkach Pekao S.A. Pucharu Polski, gdzie w trzech meczach osi\u0105ga\u0142 \u015brednio 12,3 punktu, 7,7 zbi\u00f3rki i 3,3 asysty, potwierdzaj\u0105c tym swoj\u0105 wszechstronno\u015b\u0107.<\/p>\n\n\n\n<p class=\"wp-block-paragraph\">Cho\u0107 liczby robi\u0105 wra\u017cenie, Patrick Cartier zapad\u0142 kibicom w pami\u0119\u0107 nie tylko dzi\u0119ki skutecznej grze. Efektowne rzuty z dystansu, ogromna energia i charakterystyczne reakcje po udanych akcjach sprawi\u0142y, \u017ce szybko zyska\u0142 sympati\u0119 zielonog\u00f3rskiej publiczno\u015bci.<\/p>\n\n\n\n<p class=\"wp-block-paragraph\">Klub nie ukrywa, \u017ce rozstaje si\u0119 z zawodnikiem z du\u017cym sentymentem: \u201eChcieliby\u015bmy bardzo podzi\u0119kowa\u0107 Patowi za ka\u017cd\u0105 sekund\u0119, podczas kt\u00f3rej reprezentowa\u0142 barwy naszego klubu! By\u0142 zdecydowanym ulubie\u0144cem publiczno\u015bci \u2013 zar\u00f3wno na boisku, jak i poza nim! B\u0119dzie nam brakowa\u0142o jego zab\u00f3jczych tr\u00f3jek oraz cieszynek po udanych akcjach. Chcieliby\u015bmy \u017cyczy\u0107 Patrickowi powodzenia w nowym klubie oraz (mamy nadziej\u0119) do zobaczenia w przysz\u0142o\u015bci!\u201d \u2013 przekaza\u0142 ORLEN Zastal Zielona G\u00f3ra.<\/p>\n\n\n\n<p class=\"wp-block-paragraph\">Nowym klubem 26-latka b\u0119dzie MHP Riesen Ludwigsburg, wyst\u0119puj\u0105cy w niemieckiej Bundeslidze. W komunikacie niemiecki klub przypomnia\u0142, \u017ce Cartier zosta\u0142 wicemistrzem Polski z Zastalem i podkre\u015bli\u0142, \u017ce b\u0119dzie wyst\u0119powa\u0142 w lidze swoich przodk\u00f3w. Amerykanin ma bowiem niemieckie obywatelstwo!<\/p>\n\n\n\n<p class=\"wp-block-paragraph\"><em>PS Ju\u017c za oko\u0142o dwa tygodnie na naszym kanale YouTube czeka\u0107 na Was b\u0119dzie oko\u0142o godzinny wywiad z Patrickiem Cartierem! Opr\u00f3cz standardowej wersji pyta\u0144 zrobili\u015bmy Patrickowi m.in. test na Polaka. \ud83d\udc40<\/em><\/p>\n\n\n\n<p class=\"wp-block-paragraph\">\ud83c\udfc0 Zastalowcy.pl \u2013 o Zastalu od kibic\u00f3w \u2013 dla kibic\u00f3w<\/p>\n","protected":false},"excerpt":{"rendered":"<p>Patrick Cartier nie b\u0119dzie reprezentowa\u0142 barw ORLEN Zastalu Zielona G\u00f3ra w nadchodz\u0105cym sezonie. Ameryka\u0144ski skrzyd\u0142owy zosta\u0142 nowym zawodnikiem<\/p>\n","protected":false},"author":3,"featured_media":1223,"comment_status":"open","ping_status":"open","sticky":false,"template":"","format":"standard","meta":{"om_disable_all_campaigns":false,"footnotes":""},"categories":[18,9],"tags":[17,176,369,26,15,370,13,84,12,14,42,11,10,16],"class_list":["post-1222","post","type-post","status-publish","format-standard","has-post-thumbnail","hentry","category-aktualnosci","category-sezon-2025-2026","tag-basketzg","tag-cartier","tag-cartier-patrick","tag-druzyna","tag-koszykowka","tag-mhp-riesen-ludwigsburg","tag-orlen-zastal-zielona-gora","tag-patrick-cartier","tag-zastal","tag-zastal-zielona-gora","tag-zastalowcy","tag-zielona-gora","tag-zielonagora","tag-zielonogorska-koszykowka"],"aioseo_notices":[],"aioseo_head":"\n\t\t<!-- All in One SEO 5.0.0.1 - aioseo.com -->\n\t<meta name=\"description\" content=\"Patrick Cartier nie b\u0119dzie reprezentowa\u0142 barw ORLEN Zastalu Zielona G\u00f3ra w nadchodz\u0105cym sezonie. Ameryka\u0144ski skrzyd\u0142owy zosta\u0142 nowym zawodnikiem niemieckiego MHP Riesen Ludwigsburg, a zielonog\u00f3rski klub oficjalnie po\u017cegna\u0142 jednego z ulubie\u0144c\u00f3w kibic\u00f3w. Cartier do\u0142\u0105czy\u0142 do Zastalu przed sezonem 2025\/2026 i bardzo szybko sta\u0142 si\u0119 jedn\u0105 z kluczowych postaci zespo\u0142u. W 44 spotkaniach ORLEN Basket Ligi notowa\u0142\" \/>\n\t<meta name=\"robots\" content=\"max-image-preview:large\" \/>\n\t<meta name=\"author\" content=\"Joanna Nawlicka\"\/>\n\t<link rel=\"canonical\" href=\"https:\/\/zastalowcy.pl\/?p=1222\" \/>\n\t<meta name=\"generator\" content=\"All in One SEO (AIOSEO) 5.0.0.1\" \/>\n\t\t<meta property=\"og:locale\" content=\"pl_PL\" \/>\n\t\t<meta property=\"og:site_name\" content=\"- O Zastalu od kibic\u00f3w \u2013 dla kibic\u00f3w\" \/>\n\t\t<meta property=\"og:type\" content=\"article\" \/>\n\t\t<meta property=\"og:title\" content=\"Patrick Cartier odchodzi z Zastalu. Amerykanin zagra w Bundeslidze -\" \/>\n\t\t<meta property=\"og:description\" content=\"Patrick Cartier nie b\u0119dzie reprezentowa\u0142 barw ORLEN Zastalu Zielona G\u00f3ra w nadchodz\u0105cym sezonie. Ameryka\u0144ski skrzyd\u0142owy zosta\u0142 nowym zawodnikiem niemieckiego MHP Riesen Ludwigsburg, a zielonog\u00f3rski klub oficjalnie po\u017cegna\u0142 jednego z ulubie\u0144c\u00f3w kibic\u00f3w. Cartier do\u0142\u0105czy\u0142 do Zastalu przed sezonem 2025\/2026 i bardzo szybko sta\u0142 si\u0119 jedn\u0105 z kluczowych postaci zespo\u0142u. W 44 spotkaniach ORLEN Basket Ligi notowa\u0142\" \/>\n\t\t<meta property=\"og:url\" content=\"https:\/\/zastalowcy.pl\/?p=1222\" \/>\n\t\t<meta property=\"og:image\" content=\"https:\/\/zastalowcy.pl\/wp-content\/uploads\/2025\/09\/cropped-logo-strony-2.png\" \/>\n\t\t<meta property=\"og:image:secure_url\" content=\"https:\/\/zastalowcy.pl\/wp-content\/uploads\/2025\/09\/cropped-logo-strony-2.png\" \/>\n\t\t<meta property=\"og:image:width\" content=\"1862\" \/>\n\t\t<meta property=\"og:image:height\" content=\"384\" \/>\n\t\t<meta property=\"article:published_time\" content=\"2026-07-01T13:01:00+00:00\" \/>\n\t\t<meta property=\"article:modified_time\" content=\"2026-07-02T18:07:07+00:00\" \/>\n\t\t<meta name=\"twitter:card\" content=\"summary_large_image\" \/>\n\t\t<meta name=\"twitter:title\" content=\"Patrick Cartier odchodzi z Zastalu. Amerykanin zagra w Bundeslidze -\" \/>\n\t\t<meta name=\"twitter:description\" content=\"Patrick Cartier nie b\u0119dzie reprezentowa\u0142 barw ORLEN Zastalu Zielona G\u00f3ra w nadchodz\u0105cym sezonie. Ameryka\u0144ski skrzyd\u0142owy zosta\u0142 nowym zawodnikiem niemieckiego MHP Riesen Ludwigsburg, a zielonog\u00f3rski klub oficjalnie po\u017cegna\u0142 jednego z ulubie\u0144c\u00f3w kibic\u00f3w. Cartier do\u0142\u0105czy\u0142 do Zastalu przed sezonem 2025\/2026 i bardzo szybko sta\u0142 si\u0119 jedn\u0105 z kluczowych postaci zespo\u0142u. W 44 spotkaniach ORLEN Basket Ligi notowa\u0142\" \/>\n\t\t<meta name=\"twitter:image\" content=\"https:\/\/zastalowcy.pl\/wp-content\/uploads\/2025\/09\/cropped-logo-strony-2.png\" \/>\n\t\t<script type=\"application\/ld+json\" class=\"aioseo-schema\">\n\t\t\t{\"@context\":\"https:\\\/\\\/schema.org\",\"@graph\":[{\"@type\":\"BlogPosting\",\"@id\":\"https:\\\/\\\/zastalowcy.pl\\\/?p=1222#blogposting\",\"name\":\"Patrick Cartier odchodzi z Zastalu. Amerykanin zagra w Bundeslidze -\",\"headline\":\"Patrick Cartier odchodzi z Zastalu. Amerykanin zagra w Bundeslidze\",\"author\":{\"@id\":\"https:\\\/\\\/zastalowcy.pl\\\/?author=3#author\"},\"publisher\":{\"@id\":\"https:\\\/\\\/zastalowcy.pl\\\/#organization\"},\"image\":{\"@type\":\"ImageObject\",\"url\":\"https:\\\/\\\/zastalowcy.pl\\\/wp-content\\\/uploads\\\/2026\\\/07\\\/profilowe-4.png\",\"width\":2048,\"height\":2048},\"datePublished\":\"2026-07-01T15:01:00+02:00\",\"dateModified\":\"2026-07-02T20:07:07+02:00\",\"inLanguage\":\"pl-PL\",\"mainEntityOfPage\":{\"@id\":\"https:\\\/\\\/zastalowcy.pl\\\/?p=1222#webpage\"},\"isPartOf\":{\"@id\":\"https:\\\/\\\/zastalowcy.pl\\\/?p=1222#webpage\"},\"articleSection\":\"Aktualno\\u015bci, Sezon 2025\\\/2026, basketzg, cartier, cartier patrick, dru\\u017cyna, koszyk\\u00f3wka, mhp riesen ludwigsburg, orlen zastal zielona g\\u00f3ra, Patrick Cartier, zastal, zastal zielona g\\u00f3ra, zastalowcy, zielona g\\u00f3ra, zielonagora, zielonog\\u00f3rska koszyk\\u00f3wka\"},{\"@type\":\"BreadcrumbList\",\"@id\":\"https:\\\/\\\/zastalowcy.pl\\\/?p=1222#breadcrumblist\",\"itemListElement\":[{\"@type\":\"ListItem\",\"@id\":\"https:\\\/\\\/zastalowcy.pl#listItem\",\"position\":1,\"name\":\"Home\",\"item\":\"https:\\\/\\\/zastalowcy.pl\",\"nextItem\":{\"@type\":\"ListItem\",\"@id\":\"https:\\\/\\\/zastalowcy.pl\\\/?cat=9#listItem\",\"name\":\"Sezon 2025\\\/2026\"}},{\"@type\":\"ListItem\",\"@id\":\"https:\\\/\\\/zastalowcy.pl\\\/?cat=9#listItem\",\"position\":2,\"name\":\"Sezon 2025\\\/2026\",\"item\":\"https:\\\/\\\/zastalowcy.pl\\\/?cat=9\",\"nextItem\":{\"@type\":\"ListItem\",\"@id\":\"https:\\\/\\\/zastalowcy.pl\\\/?p=1222#listItem\",\"name\":\"Patrick Cartier odchodzi z Zastalu. Amerykanin zagra w Bundeslidze\"},\"previousItem\":{\"@type\":\"ListItem\",\"@id\":\"https:\\\/\\\/zastalowcy.pl#listItem\",\"name\":\"Home\"}},{\"@type\":\"ListItem\",\"@id\":\"https:\\\/\\\/zastalowcy.pl\\\/?p=1222#listItem\",\"position\":3,\"name\":\"Patrick Cartier odchodzi z Zastalu. Amerykanin zagra w Bundeslidze\",\"previousItem\":{\"@type\":\"ListItem\",\"@id\":\"https:\\\/\\\/zastalowcy.pl\\\/?cat=9#listItem\",\"name\":\"Sezon 2025\\\/2026\"}}]},{\"@type\":\"Organization\",\"@id\":\"https:\\\/\\\/zastalowcy.pl\\\/#organization\",\"description\":\"O Zastalu od kibic\\u00f3w \\u2013 dla kibic\\u00f3w\",\"url\":\"https:\\\/\\\/zastalowcy.pl\\\/\",\"logo\":{\"@type\":\"ImageObject\",\"url\":\"https:\\\/\\\/zastalowcy.pl\\\/wp-content\\\/uploads\\\/2025\\\/09\\\/cropped-logo-strony-2.png\",\"@id\":\"https:\\\/\\\/zastalowcy.pl\\\/?p=1222\\\/#organizationLogo\",\"width\":1862,\"height\":384},\"image\":{\"@id\":\"https:\\\/\\\/zastalowcy.pl\\\/?p=1222\\\/#organizationLogo\"}},{\"@type\":\"Person\",\"@id\":\"https:\\\/\\\/zastalowcy.pl\\\/?author=3#author\",\"url\":\"https:\\\/\\\/zastalowcy.pl\\\/?author=3\",\"name\":\"Joanna Nawlicka\",\"image\":{\"@type\":\"ImageObject\",\"@id\":\"https:\\\/\\\/zastalowcy.pl\\\/?p=1222#authorImage\",\"url\":\"https:\\\/\\\/secure.gravatar.com\\\/avatar\\\/66fc557d97536ff5096b6295970275631b7a4673997738477642001957f5274c?s=96&d=mm&r=g\",\"width\":96,\"height\":96,\"caption\":\"Joanna Nawlicka\"}},{\"@type\":\"WebPage\",\"@id\":\"https:\\\/\\\/zastalowcy.pl\\\/?p=1222#webpage\",\"url\":\"https:\\\/\\\/zastalowcy.pl\\\/?p=1222\",\"name\":\"Patrick Cartier odchodzi z Zastalu. Amerykanin zagra w Bundeslidze -\",\"description\":\"Patrick Cartier nie b\\u0119dzie reprezentowa\\u0142 barw ORLEN Zastalu Zielona G\\u00f3ra w nadchodz\\u0105cym sezonie. Ameryka\\u0144ski skrzyd\\u0142owy zosta\\u0142 nowym zawodnikiem niemieckiego MHP Riesen Ludwigsburg, a zielonog\\u00f3rski klub oficjalnie po\\u017cegna\\u0142 jednego z ulubie\\u0144c\\u00f3w kibic\\u00f3w. Cartier do\\u0142\\u0105czy\\u0142 do Zastalu przed sezonem 2025\\\/2026 i bardzo szybko sta\\u0142 si\\u0119 jedn\\u0105 z kluczowych postaci zespo\\u0142u. W 44 spotkaniach ORLEN Basket Ligi notowa\\u0142\",\"inLanguage\":\"pl-PL\",\"isPartOf\":{\"@id\":\"https:\\\/\\\/zastalowcy.pl\\\/#website\"},\"breadcrumb\":{\"@id\":\"https:\\\/\\\/zastalowcy.pl\\\/?p=1222#breadcrumblist\"},\"author\":{\"@id\":\"https:\\\/\\\/zastalowcy.pl\\\/?author=3#author\"},\"creator\":{\"@id\":\"https:\\\/\\\/zastalowcy.pl\\\/?author=3#author\"},\"image\":{\"@type\":\"ImageObject\",\"url\":\"https:\\\/\\\/zastalowcy.pl\\\/wp-content\\\/uploads\\\/2026\\\/07\\\/profilowe-4.png\",\"@id\":\"https:\\\/\\\/zastalowcy.pl\\\/?p=1222\\\/#mainImage\",\"width\":2048,\"height\":2048},\"primaryImageOfPage\":{\"@id\":\"https:\\\/\\\/zastalowcy.pl\\\/?p=1222#mainImage\"},\"datePublished\":\"2026-07-01T15:01:00+02:00\",\"dateModified\":\"2026-07-02T20:07:07+02:00\"},{\"@type\":\"WebSite\",\"@id\":\"https:\\\/\\\/zastalowcy.pl\\\/#website\",\"url\":\"https:\\\/\\\/zastalowcy.pl\\\/\",\"description\":\"O Zastalu od kibic\\u00f3w \\u2013 dla kibic\\u00f3w\",\"inLanguage\":\"pl-PL\",\"publisher\":{\"@id\":\"https:\\\/\\\/zastalowcy.pl\\\/#organization\"}}]}\n\t\t<\/script>\n\t\t<!-- All in One SEO -->\n\n","aioseo_head_json":{"title":"Patrick Cartier odchodzi z Zastalu. Amerykanin zagra w Bundeslidze -","description":"Patrick Cartier nie b\u0119dzie reprezentowa\u0142 barw ORLEN Zastalu Zielona G\u00f3ra w nadchodz\u0105cym sezonie. Ameryka\u0144ski skrzyd\u0142owy zosta\u0142 nowym zawodnikiem niemieckiego MHP Riesen Ludwigsburg, a zielonog\u00f3rski klub oficjalnie po\u017cegna\u0142 jednego z ulubie\u0144c\u00f3w kibic\u00f3w. Cartier do\u0142\u0105czy\u0142 do Zastalu przed sezonem 2025\/2026 i bardzo szybko sta\u0142 si\u0119 jedn\u0105 z kluczowych postaci zespo\u0142u. W 44 spotkaniach ORLEN Basket Ligi notowa\u0142","canonical_url":"https:\/\/zastalowcy.pl\/?p=1222","robots":"max-image-preview:large","keywords":"","webmasterTools":{"miscellaneous":""},"schema":{"@context":"https:\/\/schema.org","@graph":[{"@type":"BlogPosting","@id":"https:\/\/zastalowcy.pl\/?p=1222#blogposting","name":"Patrick Cartier odchodzi z Zastalu. Amerykanin zagra w Bundeslidze -","headline":"Patrick Cartier odchodzi z Zastalu. Amerykanin zagra w Bundeslidze","author":{"@id":"https:\/\/zastalowcy.pl\/?author=3#author"},"publisher":{"@id":"https:\/\/zastalowcy.pl\/#organization"},"image":{"@type":"ImageObject","url":"https:\/\/zastalowcy.pl\/wp-content\/uploads\/2026\/07\/profilowe-4.png","width":2048,"height":2048},"datePublished":"2026-07-01T15:01:00+02:00","dateModified":"2026-07-02T20:07:07+02:00","inLanguage":"pl-PL","mainEntityOfPage":{"@id":"https:\/\/zastalowcy.pl\/?p=1222#webpage"},"isPartOf":{"@id":"https:\/\/zastalowcy.pl\/?p=1222#webpage"},"articleSection":"Aktualno\u015bci, Sezon 2025\/2026, basketzg, cartier, cartier patrick, dru\u017cyna, koszyk\u00f3wka, mhp riesen ludwigsburg, orlen zastal zielona g\u00f3ra, Patrick Cartier, zastal, zastal zielona g\u00f3ra, zastalowcy, zielona g\u00f3ra, zielonagora, zielonog\u00f3rska koszyk\u00f3wka"},{"@type":"BreadcrumbList","@id":"https:\/\/zastalowcy.pl\/?p=1222#breadcrumblist","itemListElement":[{"@type":"ListItem","@id":"https:\/\/zastalowcy.pl#listItem","position":1,"name":"Home","item":"https:\/\/zastalowcy.pl","nextItem":{"@type":"ListItem","@id":"https:\/\/zastalowcy.pl\/?cat=9#listItem","name":"Sezon 2025\/2026"}},{"@type":"ListItem","@id":"https:\/\/zastalowcy.pl\/?cat=9#listItem","position":2,"name":"Sezon 2025\/2026","item":"https:\/\/zastalowcy.pl\/?cat=9","nextItem":{"@type":"ListItem","@id":"https:\/\/zastalowcy.pl\/?p=1222#listItem","name":"Patrick Cartier odchodzi z Zastalu. Amerykanin zagra w Bundeslidze"},"previousItem":{"@type":"ListItem","@id":"https:\/\/zastalowcy.pl#listItem","name":"Home"}},{"@type":"ListItem","@id":"https:\/\/zastalowcy.pl\/?p=1222#listItem","position":3,"name":"Patrick Cartier odchodzi z Zastalu. Amerykanin zagra w Bundeslidze","previousItem":{"@type":"ListItem","@id":"https:\/\/zastalowcy.pl\/?cat=9#listItem","name":"Sezon 2025\/2026"}}]},{"@type":"Organization","@id":"https:\/\/zastalowcy.pl\/#organization","description":"O Zastalu od kibic\u00f3w \u2013 dla kibic\u00f3w","url":"https:\/\/zastalowcy.pl\/","logo":{"@type":"ImageObject","url":"https:\/\/zastalowcy.pl\/wp-content\/uploads\/2025\/09\/cropped-logo-strony-2.png","@id":"https:\/\/zastalowcy.pl\/?p=1222\/#organizationLogo","width":1862,"height":384},"image":{"@id":"https:\/\/zastalowcy.pl\/?p=1222\/#organizationLogo"}},{"@type":"Person","@id":"https:\/\/zastalowcy.pl\/?author=3#author","url":"https:\/\/zastalowcy.pl\/?author=3","name":"Joanna Nawlicka","image":{"@type":"ImageObject","@id":"https:\/\/zastalowcy.pl\/?p=1222#authorImage","url":"https:\/\/secure.gravatar.com\/avatar\/66fc557d97536ff5096b6295970275631b7a4673997738477642001957f5274c?s=96&d=mm&r=g","width":96,"height":96,"caption":"Joanna Nawlicka"}},{"@type":"WebPage","@id":"https:\/\/zastalowcy.pl\/?p=1222#webpage","url":"https:\/\/zastalowcy.pl\/?p=1222","name":"Patrick Cartier odchodzi z Zastalu. Amerykanin zagra w Bundeslidze -","description":"Patrick Cartier nie b\u0119dzie reprezentowa\u0142 barw ORLEN Zastalu Zielona G\u00f3ra w nadchodz\u0105cym sezonie. Ameryka\u0144ski skrzyd\u0142owy zosta\u0142 nowym zawodnikiem niemieckiego MHP Riesen Ludwigsburg, a zielonog\u00f3rski klub oficjalnie po\u017cegna\u0142 jednego z ulubie\u0144c\u00f3w kibic\u00f3w. Cartier do\u0142\u0105czy\u0142 do Zastalu przed sezonem 2025\/2026 i bardzo szybko sta\u0142 si\u0119 jedn\u0105 z kluczowych postaci zespo\u0142u. W 44 spotkaniach ORLEN Basket Ligi notowa\u0142","inLanguage":"pl-PL","isPartOf":{"@id":"https:\/\/zastalowcy.pl\/#website"},"breadcrumb":{"@id":"https:\/\/zastalowcy.pl\/?p=1222#breadcrumblist"},"author":{"@id":"https:\/\/zastalowcy.pl\/?author=3#author"},"creator":{"@id":"https:\/\/zastalowcy.pl\/?author=3#author"},"image":{"@type":"ImageObject","url":"https:\/\/zastalowcy.pl\/wp-content\/uploads\/2026\/07\/profilowe-4.png","@id":"https:\/\/zastalowcy.pl\/?p=1222\/#mainImage","width":2048,"height":2048},"primaryImageOfPage":{"@id":"https:\/\/zastalowcy.pl\/?p=1222#mainImage"},"datePublished":"2026-07-01T15:01:00+02:00","dateModified":"2026-07-02T20:07:07+02:00"},{"@type":"WebSite","@id":"https:\/\/zastalowcy.pl\/#website","url":"https:\/\/zastalowcy.pl\/","description":"O Zastalu od kibic\u00f3w \u2013 dla kibic\u00f3w","inLanguage":"pl-PL","publisher":{"@id":"https:\/\/zastalowcy.pl\/#organization"}}]},"og:locale":"pl_PL","og:site_name":"- O Zastalu od kibic\u00f3w \u2013 dla kibic\u00f3w","og:type":"article","og:title":"Patrick Cartier odchodzi z Zastalu. Amerykanin zagra w Bundeslidze -","og:description":"Patrick Cartier nie b\u0119dzie reprezentowa\u0142 barw ORLEN Zastalu Zielona G\u00f3ra w nadchodz\u0105cym sezonie. Ameryka\u0144ski skrzyd\u0142owy zosta\u0142 nowym zawodnikiem niemieckiego MHP Riesen Ludwigsburg, a zielonog\u00f3rski klub oficjalnie po\u017cegna\u0142 jednego z ulubie\u0144c\u00f3w kibic\u00f3w. Cartier do\u0142\u0105czy\u0142 do Zastalu przed sezonem 2025\/2026 i bardzo szybko sta\u0142 si\u0119 jedn\u0105 z kluczowych postaci zespo\u0142u. W 44 spotkaniach ORLEN Basket Ligi notowa\u0142","og:url":"https:\/\/zastalowcy.pl\/?p=1222","og:image":"https:\/\/zastalowcy.pl\/wp-content\/uploads\/2025\/09\/cropped-logo-strony-2.png","og:image:secure_url":"https:\/\/zastalowcy.pl\/wp-content\/uploads\/2025\/09\/cropped-logo-strony-2.png","og:image:width":1862,"og:image:height":384,"article:published_time":"2026-07-01T13:01:00+00:00","article:modified_time":"2026-07-02T18:07:07+00:00","twitter:card":"summary_large_image","twitter:title":"Patrick Cartier odchodzi z Zastalu. Amerykanin zagra w Bundeslidze -","twitter:description":"Patrick Cartier nie b\u0119dzie reprezentowa\u0142 barw ORLEN Zastalu Zielona G\u00f3ra w nadchodz\u0105cym sezonie. Ameryka\u0144ski skrzyd\u0142owy zosta\u0142 nowym zawodnikiem niemieckiego MHP Riesen Ludwigsburg, a zielonog\u00f3rski klub oficjalnie po\u017cegna\u0142 jednego z ulubie\u0144c\u00f3w kibic\u00f3w. Cartier do\u0142\u0105czy\u0142 do Zastalu przed sezonem 2025\/2026 i bardzo szybko sta\u0142 si\u0119 jedn\u0105 z kluczowych postaci zespo\u0142u. W 44 spotkaniach ORLEN Basket Ligi notowa\u0142","twitter:image":"https:\/\/zastalowcy.pl\/wp-content\/uploads\/2025\/09\/cropped-logo-strony-2.png"},"aioseo_meta_data":{"post_id":"1222","title":null,"description":null,"keywords":null,"keyphrases":null,"primary_term":null,"canonical_url":null,"og_title":null,"og_description":null,"og_object_type":"default","og_image_type":"default","og_image_custom_url":null,"og_image_custom_fields":null,"og_image_url":null,"og_image_width":null,"og_image_height":null,"og_video":null,"og_custom_url":null,"og_article_section":null,"og_article_tags":null,"twitter_use_og":false,"twitter_card":"default","twitter_image_type":"default","twitter_image_custom_url":null,"twitter_image_custom_fields":null,"twitter_image_url":null,"twitter_title":null,"twitter_description":null,"schema_type":"default","schema_type_options":null,"schema":{"blockGraphs":[],"customGraphs":[],"default":{"data":{"Article":[],"Course":[],"Dataset":[],"FAQPage":[],"Movie":[],"Person":[],"Product":[],"ProductReview":[],"Car":[],"Recipe":[],"Service":[],"SoftwareApplication":[],"WebPage":[]},"graphName":"","isEnabled":true},"graphs":[]},"pillar_content":false,"robots_default":true,"robots_noindex":false,"robots_noarchive":false,"robots_nosnippet":false,"robots_nofollow":false,"robots_noimageindex":false,"robots_noodp":false,"robots_notranslate":false,"robots_max_snippet":null,"robots_max_videopreview":null,"robots_max_imagepreview":"large","priority":null,"frequency":null,"local_seo":null,"limit_modified_date":false,"ai":null,"breadcrumb_settings":null,"seo_analyzer_scan_date":null,"created":"2026-07-15 17:09:19","updated":"2026-07-15 17:09:19","focus_keyword":null,"additional_keywords":null,"truseo_locale":null},"aioseo_breadcrumb":"<div class=\"aioseo-breadcrumbs\"><span class=\"aioseo-breadcrumb\">\n\t\t\t<a href=\"https:\/\/zastalowcy.pl\" title=\"Home\">Home<\/a>\n\t\t<\/span><span class=\"aioseo-breadcrumb-separator\">&raquo;<\/span><span class=\"aioseo-breadcrumb\">\n\t\t\t<a href=\"https:\/\/zastalowcy.pl\/?cat=9\" title=\"Sezon 2025\/2026\">Sezon 2025\/2026<\/a>\n\t\t<\/span><span class=\"aioseo-breadcrumb-separator\">&raquo;<\/span><span class=\"aioseo-breadcrumb\">\n\t\t\tPatrick Cartier odchodzi z Zastalu. Amerykanin zagra w Bundeslidze\n\t\t<\/span><\/div>","aioseo_breadcrumb_json":[{"label":"Home","link":"https:\/\/zastalowcy.pl"},{"label":"Sezon 2025\/2026","link":"https:\/\/zastalowcy.pl\/?cat=9"},{"label":"Patrick Cartier odchodzi z Zastalu. Amerykanin zagra w Bundeslidze","link":"https:\/\/zastalowcy.pl\/?p=1222"}],"_links":{"self":[{"href":"https:\/\/zastalowcy.pl\/index.php?rest_route=\/wp\/v2\/posts\/1222","targetHints":{"allow":["GET"]}}],"collection":[{"href":"https:\/\/zastalowcy.pl\/index.php?rest_route=\/wp\/v2\/posts"}],"about":[{"href":"https:\/\/zastalowcy.pl\/index.php?rest_route=\/wp\/v2\/types\/post"}],"author":[{"embeddable":true,"href":"https:\/\/zastalowcy.pl\/index.php?rest_route=\/wp\/v2\/users\/3"}],"replies":[{"embeddable":true,"href":"https:\/\/zastalowcy.pl\/index.php?rest_route=%2Fwp%2Fv2%2Fcomments&post=1222"}],"version-history":[{"count":1,"href":"https:\/\/zastalowcy.pl\/index.php?rest_route=\/wp\/v2\/posts\/1222\/revisions"}],"predecessor-version":[{"id":1224,"href":"https:\/\/zastalowcy.pl\/index.php?rest_route=\/wp\/v2\/posts\/1222\/revisions\/1224"}],"wp:featuredmedia":[{"embeddable":true,"href":"https:\/\/zastalowcy.pl\/index.php?rest_route=\/wp\/v2\/media\/1223"}],"wp:attachment":[{"href":"https:\/\/zastalowcy.pl\/index.php?rest_route=%2Fwp%2Fv2%2Fmedia&parent=1222"}],"wp:term":[{"taxonomy":"category","embeddable":true,"href":"https:\/\/zastalowcy.pl\/index.php?rest_route=%2Fwp%2Fv2%2Fcategories&post=1222"},{"taxonomy":"post_tag","embeddable":true,"href":"https:\/\/zastalowcy.pl\/index.php?rest_route=%2Fwp%2Fv2%2Ftags&post=1222"}],"curies":[{"name":"wp","href":"https:\/\/api.w.org\/{rel}","templated":true}]}}