{"id":1225,"date":"2026-07-02T09:30:00","date_gmt":"2026-07-02T07:30:00","guid":{"rendered":"https:\/\/zastalowcy.pl\/?p=1225"},"modified":"2026-07-02T20:15:13","modified_gmt":"2026-07-02T18:15:13","slug":"kolejny-zawodnik-odchodzi-z-zastalu-ten-skrzydlowy-zagra-w-kotwicy-kolobrzeg","status":"publish","type":"post","link":"https:\/\/zastalowcy.pl\/?p=1225","title":{"rendered":"Kolejny zawodnik odchodzi z Zastalu. Ten skrzyd\u0142owy zagra w Kotwicy Ko\u0142obrzeg"},"content":{"rendered":"\n<p class=\"wp-block-paragraph\">Kolejny zawodnik srebrnego ORLEN Zastalu Zielona G\u00f3ra zmienia klub. Mi\u0142osz G\u00f3re\u0144czyk w sezonie 2026\/2027 b\u0119dzie reprezentowa\u0142 barwy Kotwicy Port Morski Ko\u0142obrzeg, wyst\u0119puj\u0105cej na zapleczu ORLEN Basket Ligi.<\/p>\n\n\n\n<p class=\"wp-block-paragraph\">24-letni niski skrzyd\u0142owy do\u0142\u0105czy\u0142 do zielonog\u00f3rskiego zespo\u0142u przed sezonem 2025\/2026. Cho\u0107 jego wyst\u0119py ograniczy\u0142y problemy zdrowotne, by\u0142 wa\u017cn\u0105 cz\u0119\u015bci\u0105 dru\u017cyny, kt\u00f3ra zako\u0144czy\u0142a rozgrywki z tytu\u0142em wicemistrza Polski.<\/p>\n\n\n\n<p class=\"wp-block-paragraph\">W barwach Zastalu rozegra\u0142 cztery spotkania ligowe oraz jeden mecz Pucharu Polski. Wcze\u015bniej by\u0142 jednym z lider\u00f3w G\u00f3rnika Wa\u0142brzych, z kt\u00f3rym w sezonie 2023\/2024 wywalczy\u0142 awans do ORLEN Basket Ligi. Kibice pierwszoligowych rozgrywek pami\u0119taj\u0105 go r\u00f3wnie\u017c z wyst\u0119p\u00f3w w Opolu, gdzie notowa\u0142 ponad 11 punkt\u00f3w na mecz.<\/p>\n\n\n\n<p class=\"wp-block-paragraph\">Zastal po\u017cegna\u0142 zawodnika kr\u00f3tkim, ale ciep\u0142ym komunikatem: \u201eDzi\u0119kujemy Ci, Mi\u0142osz, za zaanga\u017cowanie na boisku, podczas trening\u00f3w oraz przez ca\u0142y okres, gdy by\u0142e\u015b cz\u0119\u015bci\u0105 naszej dru\u017cyny w poprzednim sezonie. Trzymamy mocno kciuki za udane wyst\u0119py w Ko\u0142obrzegu. B\u0119dziemy \u015bledzi\u0107 poczynania Twojego zespo\u0142u!\u201d \u2013 przekaza\u0142 klub.<\/p>\n\n\n\n<p class=\"wp-block-paragraph\">Nowy klub G\u00f3re\u0144czyka nie ukrywa z kolei, \u017ce wi\u0105\u017ce z nim spore nadzieje. W komunikacie Kotwicy podkre\u015blono, \u017ce zawodnik wraca do gry w pe\u0142ni si\u0142 po urazie, a jego najwi\u0119kszymi atutami s\u0105 dynamika, skoczno\u015b\u0107 i solidna gra w defensywie. \u201eTo zawodnik, kt\u00f3rego pokochacie za dynamik\u0119, skoczno\u015b\u0107 i solidn\u0105 obron\u0119. Cieszymy si\u0119, \u017ce do\u0142\u0105czy\u0142 do naszej rodziny. Do zobaczenia na parkiecie!\u201d \u2013 napisano w oficjalnym komunikacie klubu z Ko\u0142obrzegu.<\/p>\n\n\n\n<p class=\"wp-block-paragraph\">Transfer do Kotwicy mo\u017ce by\u0107 dla Mi\u0142osza G\u00f3re\u0144czyka szans\u0105 na regularn\u0105 gr\u0119 i odbudowanie pozycji po sezonie, w kt\u00f3rym z powodu kontuzji nie m\u00f3g\u0142 w pe\u0142ni zaprezentowa\u0107 swoich mo\u017cliwo\u015bci.<\/p>\n\n\n\n<p class=\"wp-block-paragraph\">Powodzenia, Mi\u0142osz! \ud83d\udc9a<\/p>\n\n\n\n<p class=\"wp-block-paragraph\">\ud83c\udfc0 Zastalowcy.pl \u2013 o Zastalu od kibic\u00f3w \u2013 dla kibic\u00f3w<\/p>\n","protected":false},"excerpt":{"rendered":"<p>Kolejny zawodnik srebrnego ORLEN Zastalu Zielona G\u00f3ra zmienia klub. Mi\u0142osz G\u00f3re\u0144czyk w sezonie 2026\/2027 b\u0119dzie reprezentowa\u0142 barwy Kotwicy<\/p>\n","protected":false},"author":3,"featured_media":1226,"comment_status":"open","ping_status":"open","sticky":false,"template":"","format":"standard","meta":{"om_disable_all_campaigns":false,"footnotes":""},"categories":[18,9],"tags":[372,17,26,199,15,371,76,13,12,14,42,11,10,16],"class_list":["post-1225","post","type-post","status-publish","format-standard","has-post-thumbnail","hentry","category-aktualnosci","category-sezon-2025-2026","tag-1-liga-koszykowki","tag-basketzg","tag-druzyna","tag-gorenczyk","tag-koszykowka","tag-kotwica-port-morski-kolobrzeg","tag-milosz-gorenczyk","tag-orlen-zastal-zielona-gora","tag-zastal","tag-zastal-zielona-gora","tag-zastalowcy","tag-zielona-gora","tag-zielonagora","tag-zielonogorska-koszykowka"],"aioseo_notices":[],"aioseo_head":"\n\t\t<!-- All in One SEO 5.0.0.1 - aioseo.com -->\n\t<meta name=\"description\" content=\"Kolejny zawodnik srebrnego ORLEN Zastalu Zielona G\u00f3ra zmienia klub. Mi\u0142osz G\u00f3re\u0144czyk w sezonie 2026\/2027 b\u0119dzie reprezentowa\u0142 barwy Kotwicy Port Morski Ko\u0142obrzeg, wyst\u0119puj\u0105cej na zapleczu ORLEN Basket Ligi. 24-letni niski skrzyd\u0142owy do\u0142\u0105czy\u0142 do zielonog\u00f3rskiego zespo\u0142u przed sezonem 2025\/2026. Cho\u0107 jego wyst\u0119py ograniczy\u0142y problemy zdrowotne, by\u0142 wa\u017cn\u0105 cz\u0119\u015bci\u0105 dru\u017cyny, kt\u00f3ra zako\u0144czy\u0142a rozgrywki z tytu\u0142em wicemistrza Polski. W\" \/>\n\t<meta name=\"robots\" content=\"max-image-preview:large\" \/>\n\t<meta name=\"author\" content=\"Joanna Nawlicka\"\/>\n\t<link rel=\"canonical\" href=\"https:\/\/zastalowcy.pl\/?p=1225\" \/>\n\t<meta name=\"generator\" content=\"All in One SEO (AIOSEO) 5.0.0.1\" \/>\n\t\t<meta property=\"og:locale\" content=\"pl_PL\" \/>\n\t\t<meta property=\"og:site_name\" content=\"- O Zastalu od kibic\u00f3w \u2013 dla kibic\u00f3w\" \/>\n\t\t<meta property=\"og:type\" content=\"article\" \/>\n\t\t<meta property=\"og:title\" content=\"Kolejny zawodnik odchodzi z Zastalu. Ten skrzyd\u0142owy zagra w Kotwicy Ko\u0142obrzeg -\" \/>\n\t\t<meta property=\"og:description\" content=\"Kolejny zawodnik srebrnego ORLEN Zastalu Zielona G\u00f3ra zmienia klub. Mi\u0142osz G\u00f3re\u0144czyk w sezonie 2026\/2027 b\u0119dzie reprezentowa\u0142 barwy Kotwicy Port Morski Ko\u0142obrzeg, wyst\u0119puj\u0105cej na zapleczu ORLEN Basket Ligi. 24-letni niski skrzyd\u0142owy do\u0142\u0105czy\u0142 do zielonog\u00f3rskiego zespo\u0142u przed sezonem 2025\/2026. Cho\u0107 jego wyst\u0119py ograniczy\u0142y problemy zdrowotne, by\u0142 wa\u017cn\u0105 cz\u0119\u015bci\u0105 dru\u017cyny, kt\u00f3ra zako\u0144czy\u0142a rozgrywki z tytu\u0142em wicemistrza Polski. W\" \/>\n\t\t<meta property=\"og:url\" content=\"https:\/\/zastalowcy.pl\/?p=1225\" \/>\n\t\t<meta property=\"og:image\" content=\"https:\/\/zastalowcy.pl\/wp-content\/uploads\/2025\/09\/cropped-logo-strony-2.png\" \/>\n\t\t<meta property=\"og:image:secure_url\" content=\"https:\/\/zastalowcy.pl\/wp-content\/uploads\/2025\/09\/cropped-logo-strony-2.png\" \/>\n\t\t<meta property=\"og:image:width\" content=\"1862\" \/>\n\t\t<meta property=\"og:image:height\" content=\"384\" \/>\n\t\t<meta property=\"article:published_time\" content=\"2026-07-02T07:30:00+00:00\" \/>\n\t\t<meta property=\"article:modified_time\" content=\"2026-07-02T18:15:13+00:00\" \/>\n\t\t<meta name=\"twitter:card\" content=\"summary_large_image\" \/>\n\t\t<meta name=\"twitter:title\" content=\"Kolejny zawodnik odchodzi z Zastalu. Ten skrzyd\u0142owy zagra w Kotwicy Ko\u0142obrzeg -\" \/>\n\t\t<meta name=\"twitter:description\" content=\"Kolejny zawodnik srebrnego ORLEN Zastalu Zielona G\u00f3ra zmienia klub. Mi\u0142osz G\u00f3re\u0144czyk w sezonie 2026\/2027 b\u0119dzie reprezentowa\u0142 barwy Kotwicy Port Morski Ko\u0142obrzeg, wyst\u0119puj\u0105cej na zapleczu ORLEN Basket Ligi. 24-letni niski skrzyd\u0142owy do\u0142\u0105czy\u0142 do zielonog\u00f3rskiego zespo\u0142u przed sezonem 2025\/2026. Cho\u0107 jego wyst\u0119py ograniczy\u0142y problemy zdrowotne, by\u0142 wa\u017cn\u0105 cz\u0119\u015bci\u0105 dru\u017cyny, kt\u00f3ra zako\u0144czy\u0142a rozgrywki z tytu\u0142em wicemistrza Polski. W\" \/>\n\t\t<meta name=\"twitter:image\" content=\"https:\/\/zastalowcy.pl\/wp-content\/uploads\/2025\/09\/cropped-logo-strony-2.png\" \/>\n\t\t<script type=\"application\/ld+json\" class=\"aioseo-schema\">\n\t\t\t{\"@context\":\"https:\\\/\\\/schema.org\",\"@graph\":[{\"@type\":\"BlogPosting\",\"@id\":\"https:\\\/\\\/zastalowcy.pl\\\/?p=1225#blogposting\",\"name\":\"Kolejny zawodnik odchodzi z Zastalu. Ten skrzyd\\u0142owy zagra w Kotwicy Ko\\u0142obrzeg -\",\"headline\":\"Kolejny zawodnik odchodzi z Zastalu. Ten skrzyd\\u0142owy zagra w Kotwicy Ko\\u0142obrzeg\",\"author\":{\"@id\":\"https:\\\/\\\/zastalowcy.pl\\\/?author=3#author\"},\"publisher\":{\"@id\":\"https:\\\/\\\/zastalowcy.pl\\\/#organization\"},\"image\":{\"@type\":\"ImageObject\",\"url\":\"https:\\\/\\\/zastalowcy.pl\\\/wp-content\\\/uploads\\\/2026\\\/07\\\/profilowe-5.png\",\"width\":2048,\"height\":2048},\"datePublished\":\"2026-07-02T09:30:00+02:00\",\"dateModified\":\"2026-07-02T20:15:13+02:00\",\"inLanguage\":\"pl-PL\",\"mainEntityOfPage\":{\"@id\":\"https:\\\/\\\/zastalowcy.pl\\\/?p=1225#webpage\"},\"isPartOf\":{\"@id\":\"https:\\\/\\\/zastalowcy.pl\\\/?p=1225#webpage\"},\"articleSection\":\"Aktualno\\u015bci, Sezon 2025\\\/2026, 1. liga koszyk\\u00f3wki, basketzg, dru\\u017cyna, g\\u00f3re\\u0144czyk, koszyk\\u00f3wka, kotwica port morski ko\\u0142obrzeg, mi\\u0142osz g\\u00f3re\\u0144czyk, orlen zastal zielona g\\u00f3ra, zastal, zastal zielona g\\u00f3ra, zastalowcy, zielona g\\u00f3ra, zielonagora, zielonog\\u00f3rska koszyk\\u00f3wka\"},{\"@type\":\"BreadcrumbList\",\"@id\":\"https:\\\/\\\/zastalowcy.pl\\\/?p=1225#breadcrumblist\",\"itemListElement\":[{\"@type\":\"ListItem\",\"@id\":\"https:\\\/\\\/zastalowcy.pl#listItem\",\"position\":1,\"name\":\"Home\",\"item\":\"https:\\\/\\\/zastalowcy.pl\",\"nextItem\":{\"@type\":\"ListItem\",\"@id\":\"https:\\\/\\\/zastalowcy.pl\\\/?cat=9#listItem\",\"name\":\"Sezon 2025\\\/2026\"}},{\"@type\":\"ListItem\",\"@id\":\"https:\\\/\\\/zastalowcy.pl\\\/?cat=9#listItem\",\"position\":2,\"name\":\"Sezon 2025\\\/2026\",\"item\":\"https:\\\/\\\/zastalowcy.pl\\\/?cat=9\",\"nextItem\":{\"@type\":\"ListItem\",\"@id\":\"https:\\\/\\\/zastalowcy.pl\\\/?p=1225#listItem\",\"name\":\"Kolejny zawodnik odchodzi z Zastalu. Ten skrzyd\\u0142owy zagra w Kotwicy Ko\\u0142obrzeg\"},\"previousItem\":{\"@type\":\"ListItem\",\"@id\":\"https:\\\/\\\/zastalowcy.pl#listItem\",\"name\":\"Home\"}},{\"@type\":\"ListItem\",\"@id\":\"https:\\\/\\\/zastalowcy.pl\\\/?p=1225#listItem\",\"position\":3,\"name\":\"Kolejny zawodnik odchodzi z Zastalu. Ten skrzyd\\u0142owy zagra w Kotwicy Ko\\u0142obrzeg\",\"previousItem\":{\"@type\":\"ListItem\",\"@id\":\"https:\\\/\\\/zastalowcy.pl\\\/?cat=9#listItem\",\"name\":\"Sezon 2025\\\/2026\"}}]},{\"@type\":\"Organization\",\"@id\":\"https:\\\/\\\/zastalowcy.pl\\\/#organization\",\"description\":\"O Zastalu od kibic\\u00f3w \\u2013 dla kibic\\u00f3w\",\"url\":\"https:\\\/\\\/zastalowcy.pl\\\/\",\"logo\":{\"@type\":\"ImageObject\",\"url\":\"https:\\\/\\\/zastalowcy.pl\\\/wp-content\\\/uploads\\\/2025\\\/09\\\/cropped-logo-strony-2.png\",\"@id\":\"https:\\\/\\\/zastalowcy.pl\\\/?p=1225\\\/#organizationLogo\",\"width\":1862,\"height\":384},\"image\":{\"@id\":\"https:\\\/\\\/zastalowcy.pl\\\/?p=1225\\\/#organizationLogo\"}},{\"@type\":\"Person\",\"@id\":\"https:\\\/\\\/zastalowcy.pl\\\/?author=3#author\",\"url\":\"https:\\\/\\\/zastalowcy.pl\\\/?author=3\",\"name\":\"Joanna Nawlicka\",\"image\":{\"@type\":\"ImageObject\",\"@id\":\"https:\\\/\\\/zastalowcy.pl\\\/?p=1225#authorImage\",\"url\":\"https:\\\/\\\/secure.gravatar.com\\\/avatar\\\/66fc557d97536ff5096b6295970275631b7a4673997738477642001957f5274c?s=96&d=mm&r=g\",\"width\":96,\"height\":96,\"caption\":\"Joanna Nawlicka\"}},{\"@type\":\"WebPage\",\"@id\":\"https:\\\/\\\/zastalowcy.pl\\\/?p=1225#webpage\",\"url\":\"https:\\\/\\\/zastalowcy.pl\\\/?p=1225\",\"name\":\"Kolejny zawodnik odchodzi z Zastalu. Ten skrzyd\\u0142owy zagra w Kotwicy Ko\\u0142obrzeg -\",\"description\":\"Kolejny zawodnik srebrnego ORLEN Zastalu Zielona G\\u00f3ra zmienia klub. Mi\\u0142osz G\\u00f3re\\u0144czyk w sezonie 2026\\\/2027 b\\u0119dzie reprezentowa\\u0142 barwy Kotwicy Port Morski Ko\\u0142obrzeg, wyst\\u0119puj\\u0105cej na zapleczu ORLEN Basket Ligi. 24-letni niski skrzyd\\u0142owy do\\u0142\\u0105czy\\u0142 do zielonog\\u00f3rskiego zespo\\u0142u przed sezonem 2025\\\/2026. Cho\\u0107 jego wyst\\u0119py ograniczy\\u0142y problemy zdrowotne, by\\u0142 wa\\u017cn\\u0105 cz\\u0119\\u015bci\\u0105 dru\\u017cyny, kt\\u00f3ra zako\\u0144czy\\u0142a rozgrywki z tytu\\u0142em wicemistrza Polski. W\",\"inLanguage\":\"pl-PL\",\"isPartOf\":{\"@id\":\"https:\\\/\\\/zastalowcy.pl\\\/#website\"},\"breadcrumb\":{\"@id\":\"https:\\\/\\\/zastalowcy.pl\\\/?p=1225#breadcrumblist\"},\"author\":{\"@id\":\"https:\\\/\\\/zastalowcy.pl\\\/?author=3#author\"},\"creator\":{\"@id\":\"https:\\\/\\\/zastalowcy.pl\\\/?author=3#author\"},\"image\":{\"@type\":\"ImageObject\",\"url\":\"https:\\\/\\\/zastalowcy.pl\\\/wp-content\\\/uploads\\\/2026\\\/07\\\/profilowe-5.png\",\"@id\":\"https:\\\/\\\/zastalowcy.pl\\\/?p=1225\\\/#mainImage\",\"width\":2048,\"height\":2048},\"primaryImageOfPage\":{\"@id\":\"https:\\\/\\\/zastalowcy.pl\\\/?p=1225#mainImage\"},\"datePublished\":\"2026-07-02T09:30:00+02:00\",\"dateModified\":\"2026-07-02T20:15:13+02:00\"},{\"@type\":\"WebSite\",\"@id\":\"https:\\\/\\\/zastalowcy.pl\\\/#website\",\"url\":\"https:\\\/\\\/zastalowcy.pl\\\/\",\"description\":\"O Zastalu od kibic\\u00f3w \\u2013 dla kibic\\u00f3w\",\"inLanguage\":\"pl-PL\",\"publisher\":{\"@id\":\"https:\\\/\\\/zastalowcy.pl\\\/#organization\"}}]}\n\t\t<\/script>\n\t\t<!-- All in One SEO -->\n\n","aioseo_head_json":{"title":"Kolejny zawodnik odchodzi z Zastalu. Ten skrzyd\u0142owy zagra w Kotwicy Ko\u0142obrzeg -","description":"Kolejny zawodnik srebrnego ORLEN Zastalu Zielona G\u00f3ra zmienia klub. Mi\u0142osz G\u00f3re\u0144czyk w sezonie 2026\/2027 b\u0119dzie reprezentowa\u0142 barwy Kotwicy Port Morski Ko\u0142obrzeg, wyst\u0119puj\u0105cej na zapleczu ORLEN Basket Ligi. 24-letni niski skrzyd\u0142owy do\u0142\u0105czy\u0142 do zielonog\u00f3rskiego zespo\u0142u przed sezonem 2025\/2026. Cho\u0107 jego wyst\u0119py ograniczy\u0142y problemy zdrowotne, by\u0142 wa\u017cn\u0105 cz\u0119\u015bci\u0105 dru\u017cyny, kt\u00f3ra zako\u0144czy\u0142a rozgrywki z tytu\u0142em wicemistrza Polski. W","canonical_url":"https:\/\/zastalowcy.pl\/?p=1225","robots":"max-image-preview:large","keywords":"","webmasterTools":{"miscellaneous":""},"schema":{"@context":"https:\/\/schema.org","@graph":[{"@type":"BlogPosting","@id":"https:\/\/zastalowcy.pl\/?p=1225#blogposting","name":"Kolejny zawodnik odchodzi z Zastalu. Ten skrzyd\u0142owy zagra w Kotwicy Ko\u0142obrzeg -","headline":"Kolejny zawodnik odchodzi z Zastalu. Ten skrzyd\u0142owy zagra w Kotwicy Ko\u0142obrzeg","author":{"@id":"https:\/\/zastalowcy.pl\/?author=3#author"},"publisher":{"@id":"https:\/\/zastalowcy.pl\/#organization"},"image":{"@type":"ImageObject","url":"https:\/\/zastalowcy.pl\/wp-content\/uploads\/2026\/07\/profilowe-5.png","width":2048,"height":2048},"datePublished":"2026-07-02T09:30:00+02:00","dateModified":"2026-07-02T20:15:13+02:00","inLanguage":"pl-PL","mainEntityOfPage":{"@id":"https:\/\/zastalowcy.pl\/?p=1225#webpage"},"isPartOf":{"@id":"https:\/\/zastalowcy.pl\/?p=1225#webpage"},"articleSection":"Aktualno\u015bci, Sezon 2025\/2026, 1. liga koszyk\u00f3wki, basketzg, dru\u017cyna, g\u00f3re\u0144czyk, koszyk\u00f3wka, kotwica port morski ko\u0142obrzeg, mi\u0142osz g\u00f3re\u0144czyk, orlen zastal zielona g\u00f3ra, zastal, zastal zielona g\u00f3ra, zastalowcy, zielona g\u00f3ra, zielonagora, zielonog\u00f3rska koszyk\u00f3wka"},{"@type":"BreadcrumbList","@id":"https:\/\/zastalowcy.pl\/?p=1225#breadcrumblist","itemListElement":[{"@type":"ListItem","@id":"https:\/\/zastalowcy.pl#listItem","position":1,"name":"Home","item":"https:\/\/zastalowcy.pl","nextItem":{"@type":"ListItem","@id":"https:\/\/zastalowcy.pl\/?cat=9#listItem","name":"Sezon 2025\/2026"}},{"@type":"ListItem","@id":"https:\/\/zastalowcy.pl\/?cat=9#listItem","position":2,"name":"Sezon 2025\/2026","item":"https:\/\/zastalowcy.pl\/?cat=9","nextItem":{"@type":"ListItem","@id":"https:\/\/zastalowcy.pl\/?p=1225#listItem","name":"Kolejny zawodnik odchodzi z Zastalu. Ten skrzyd\u0142owy zagra w Kotwicy Ko\u0142obrzeg"},"previousItem":{"@type":"ListItem","@id":"https:\/\/zastalowcy.pl#listItem","name":"Home"}},{"@type":"ListItem","@id":"https:\/\/zastalowcy.pl\/?p=1225#listItem","position":3,"name":"Kolejny zawodnik odchodzi z Zastalu. Ten skrzyd\u0142owy zagra w Kotwicy Ko\u0142obrzeg","previousItem":{"@type":"ListItem","@id":"https:\/\/zastalowcy.pl\/?cat=9#listItem","name":"Sezon 2025\/2026"}}]},{"@type":"Organization","@id":"https:\/\/zastalowcy.pl\/#organization","description":"O Zastalu od kibic\u00f3w \u2013 dla kibic\u00f3w","url":"https:\/\/zastalowcy.pl\/","logo":{"@type":"ImageObject","url":"https:\/\/zastalowcy.pl\/wp-content\/uploads\/2025\/09\/cropped-logo-strony-2.png","@id":"https:\/\/zastalowcy.pl\/?p=1225\/#organizationLogo","width":1862,"height":384},"image":{"@id":"https:\/\/zastalowcy.pl\/?p=1225\/#organizationLogo"}},{"@type":"Person","@id":"https:\/\/zastalowcy.pl\/?author=3#author","url":"https:\/\/zastalowcy.pl\/?author=3","name":"Joanna Nawlicka","image":{"@type":"ImageObject","@id":"https:\/\/zastalowcy.pl\/?p=1225#authorImage","url":"https:\/\/secure.gravatar.com\/avatar\/66fc557d97536ff5096b6295970275631b7a4673997738477642001957f5274c?s=96&d=mm&r=g","width":96,"height":96,"caption":"Joanna Nawlicka"}},{"@type":"WebPage","@id":"https:\/\/zastalowcy.pl\/?p=1225#webpage","url":"https:\/\/zastalowcy.pl\/?p=1225","name":"Kolejny zawodnik odchodzi z Zastalu. Ten skrzyd\u0142owy zagra w Kotwicy Ko\u0142obrzeg -","description":"Kolejny zawodnik srebrnego ORLEN Zastalu Zielona G\u00f3ra zmienia klub. Mi\u0142osz G\u00f3re\u0144czyk w sezonie 2026\/2027 b\u0119dzie reprezentowa\u0142 barwy Kotwicy Port Morski Ko\u0142obrzeg, wyst\u0119puj\u0105cej na zapleczu ORLEN Basket Ligi. 24-letni niski skrzyd\u0142owy do\u0142\u0105czy\u0142 do zielonog\u00f3rskiego zespo\u0142u przed sezonem 2025\/2026. Cho\u0107 jego wyst\u0119py ograniczy\u0142y problemy zdrowotne, by\u0142 wa\u017cn\u0105 cz\u0119\u015bci\u0105 dru\u017cyny, kt\u00f3ra zako\u0144czy\u0142a rozgrywki z tytu\u0142em wicemistrza Polski. W","inLanguage":"pl-PL","isPartOf":{"@id":"https:\/\/zastalowcy.pl\/#website"},"breadcrumb":{"@id":"https:\/\/zastalowcy.pl\/?p=1225#breadcrumblist"},"author":{"@id":"https:\/\/zastalowcy.pl\/?author=3#author"},"creator":{"@id":"https:\/\/zastalowcy.pl\/?author=3#author"},"image":{"@type":"ImageObject","url":"https:\/\/zastalowcy.pl\/wp-content\/uploads\/2026\/07\/profilowe-5.png","@id":"https:\/\/zastalowcy.pl\/?p=1225\/#mainImage","width":2048,"height":2048},"primaryImageOfPage":{"@id":"https:\/\/zastalowcy.pl\/?p=1225#mainImage"},"datePublished":"2026-07-02T09:30:00+02:00","dateModified":"2026-07-02T20:15:13+02:00"},{"@type":"WebSite","@id":"https:\/\/zastalowcy.pl\/#website","url":"https:\/\/zastalowcy.pl\/","description":"O Zastalu od kibic\u00f3w \u2013 dla kibic\u00f3w","inLanguage":"pl-PL","publisher":{"@id":"https:\/\/zastalowcy.pl\/#organization"}}]},"og:locale":"pl_PL","og:site_name":"- O Zastalu od kibic\u00f3w \u2013 dla kibic\u00f3w","og:type":"article","og:title":"Kolejny zawodnik odchodzi z Zastalu. Ten skrzyd\u0142owy zagra w Kotwicy Ko\u0142obrzeg -","og:description":"Kolejny zawodnik srebrnego ORLEN Zastalu Zielona G\u00f3ra zmienia klub. Mi\u0142osz G\u00f3re\u0144czyk w sezonie 2026\/2027 b\u0119dzie reprezentowa\u0142 barwy Kotwicy Port Morski Ko\u0142obrzeg, wyst\u0119puj\u0105cej na zapleczu ORLEN Basket Ligi. 24-letni niski skrzyd\u0142owy do\u0142\u0105czy\u0142 do zielonog\u00f3rskiego zespo\u0142u przed sezonem 2025\/2026. Cho\u0107 jego wyst\u0119py ograniczy\u0142y problemy zdrowotne, by\u0142 wa\u017cn\u0105 cz\u0119\u015bci\u0105 dru\u017cyny, kt\u00f3ra zako\u0144czy\u0142a rozgrywki z tytu\u0142em wicemistrza Polski. W","og:url":"https:\/\/zastalowcy.pl\/?p=1225","og:image":"https:\/\/zastalowcy.pl\/wp-content\/uploads\/2025\/09\/cropped-logo-strony-2.png","og:image:secure_url":"https:\/\/zastalowcy.pl\/wp-content\/uploads\/2025\/09\/cropped-logo-strony-2.png","og:image:width":1862,"og:image:height":384,"article:published_time":"2026-07-02T07:30:00+00:00","article:modified_time":"2026-07-02T18:15:13+00:00","twitter:card":"summary_large_image","twitter:title":"Kolejny zawodnik odchodzi z Zastalu. Ten skrzyd\u0142owy zagra w Kotwicy Ko\u0142obrzeg -","twitter:description":"Kolejny zawodnik srebrnego ORLEN Zastalu Zielona G\u00f3ra zmienia klub. Mi\u0142osz G\u00f3re\u0144czyk w sezonie 2026\/2027 b\u0119dzie reprezentowa\u0142 barwy Kotwicy Port Morski Ko\u0142obrzeg, wyst\u0119puj\u0105cej na zapleczu ORLEN Basket Ligi. 24-letni niski skrzyd\u0142owy do\u0142\u0105czy\u0142 do zielonog\u00f3rskiego zespo\u0142u przed sezonem 2025\/2026. Cho\u0107 jego wyst\u0119py ograniczy\u0142y problemy zdrowotne, by\u0142 wa\u017cn\u0105 cz\u0119\u015bci\u0105 dru\u017cyny, kt\u00f3ra zako\u0144czy\u0142a rozgrywki z tytu\u0142em wicemistrza Polski. W","twitter:image":"https:\/\/zastalowcy.pl\/wp-content\/uploads\/2025\/09\/cropped-logo-strony-2.png"},"aioseo_meta_data":{"post_id":"1225","title":null,"description":null,"keywords":null,"keyphrases":null,"primary_term":null,"canonical_url":null,"og_title":null,"og_description":null,"og_object_type":"default","og_image_type":"default","og_image_custom_url":null,"og_image_custom_fields":null,"og_image_url":null,"og_image_width":null,"og_image_height":null,"og_video":null,"og_custom_url":null,"og_article_section":null,"og_article_tags":null,"twitter_use_og":false,"twitter_card":"default","twitter_image_type":"default","twitter_image_custom_url":null,"twitter_image_custom_fields":null,"twitter_image_url":null,"twitter_title":null,"twitter_description":null,"schema_type":"default","schema_type_options":null,"schema":{"blockGraphs":[],"customGraphs":[],"default":{"data":{"Article":[],"Course":[],"Dataset":[],"FAQPage":[],"Movie":[],"Person":[],"Product":[],"ProductReview":[],"Car":[],"Recipe":[],"Service":[],"SoftwareApplication":[],"WebPage":[]},"graphName":"","isEnabled":true},"graphs":[]},"pillar_content":false,"robots_default":true,"robots_noindex":false,"robots_noarchive":false,"robots_nosnippet":false,"robots_nofollow":false,"robots_noimageindex":false,"robots_noodp":false,"robots_notranslate":false,"robots_max_snippet":null,"robots_max_videopreview":null,"robots_max_imagepreview":"large","priority":null,"frequency":null,"local_seo":null,"limit_modified_date":false,"ai":null,"breadcrumb_settings":null,"seo_analyzer_scan_date":null,"created":"2026-07-15 17:09:19","updated":"2026-07-15 17:09:19","focus_keyword":null,"additional_keywords":null,"truseo_locale":null},"aioseo_breadcrumb":"<div class=\"aioseo-breadcrumbs\"><span class=\"aioseo-breadcrumb\">\n\t\t\t<a href=\"https:\/\/zastalowcy.pl\" title=\"Home\">Home<\/a>\n\t\t<\/span><span class=\"aioseo-breadcrumb-separator\">&raquo;<\/span><span class=\"aioseo-breadcrumb\">\n\t\t\t<a href=\"https:\/\/zastalowcy.pl\/?cat=9\" title=\"Sezon 2025\/2026\">Sezon 2025\/2026<\/a>\n\t\t<\/span><span class=\"aioseo-breadcrumb-separator\">&raquo;<\/span><span class=\"aioseo-breadcrumb\">\n\t\t\tKolejny zawodnik odchodzi z Zastalu. Ten skrzyd\u0142owy zagra w Kotwicy Ko\u0142obrzeg\n\t\t<\/span><\/div>","aioseo_breadcrumb_json":[{"label":"Home","link":"https:\/\/zastalowcy.pl"},{"label":"Sezon 2025\/2026","link":"https:\/\/zastalowcy.pl\/?cat=9"},{"label":"Kolejny zawodnik odchodzi z Zastalu. Ten skrzyd\u0142owy zagra w Kotwicy Ko\u0142obrzeg","link":"https:\/\/zastalowcy.pl\/?p=1225"}],"_links":{"self":[{"href":"https:\/\/zastalowcy.pl\/index.php?rest_route=\/wp\/v2\/posts\/1225","targetHints":{"allow":["GET"]}}],"collection":[{"href":"https:\/\/zastalowcy.pl\/index.php?rest_route=\/wp\/v2\/posts"}],"about":[{"href":"https:\/\/zastalowcy.pl\/index.php?rest_route=\/wp\/v2\/types\/post"}],"author":[{"embeddable":true,"href":"https:\/\/zastalowcy.pl\/index.php?rest_route=\/wp\/v2\/users\/3"}],"replies":[{"embeddable":true,"href":"https:\/\/zastalowcy.pl\/index.php?rest_route=%2Fwp%2Fv2%2Fcomments&post=1225"}],"version-history":[{"count":1,"href":"https:\/\/zastalowcy.pl\/index.php?rest_route=\/wp\/v2\/posts\/1225\/revisions"}],"predecessor-version":[{"id":1227,"href":"https:\/\/zastalowcy.pl\/index.php?rest_route=\/wp\/v2\/posts\/1225\/revisions\/1227"}],"wp:featuredmedia":[{"embeddable":true,"href":"https:\/\/zastalowcy.pl\/index.php?rest_route=\/wp\/v2\/media\/1226"}],"wp:attachment":[{"href":"https:\/\/zastalowcy.pl\/index.php?rest_route=%2Fwp%2Fv2%2Fmedia&parent=1225"}],"wp:term":[{"taxonomy":"category","embeddable":true,"href":"https:\/\/zastalowcy.pl\/index.php?rest_route=%2Fwp%2Fv2%2Fcategories&post=1225"},{"taxonomy":"post_tag","embeddable":true,"href":"https:\/\/zastalowcy.pl\/index.php?rest_route=%2Fwp%2Fv2%2Ftags&post=1225"}],"curies":[{"name":"wp","href":"https:\/\/api.w.org\/{rel}","templated":true}]}}