{"id":1228,"date":"2026-07-07T20:33:12","date_gmt":"2026-07-07T18:33:12","guid":{"rendered":"https:\/\/zastalowcy.pl\/?p=1228"},"modified":"2026-07-07T20:33:13","modified_gmt":"2026-07-07T18:33:13","slug":"zastal-wraca-do-europy-klub-z-zielonej-gory-zagra-w-fiba-europe-cup","status":"publish","type":"post","link":"https:\/\/zastalowcy.pl\/?p=1228","title":{"rendered":"Zastal wraca do Europy. Klub z Zielonej G\u00f3ry zagra w FIBA Europe Cup"},"content":{"rendered":"\n<p class=\"wp-block-paragraph\">Po dw\u00f3ch sezonach przerwy europejska koszyk\u00f3wka ponownie zawita do hali CRS. Zastal Zielona G\u00f3ra oficjalnie potwierdzi\u0142, \u017ce w sezonie 2026\/2027 wyst\u0105pi w rozgrywkach FIBA Europe Cup, wracaj\u0105c na mi\u0119dzynarodow\u0105 aren\u0119 jako wicemistrz Polski.<\/p>\n\n\n\n<h3 class=\"wp-block-heading\">Wicemistrzostwo otworzy\u0142o drzwi do Europy<\/h3>\n\n\n\n<p class=\"wp-block-paragraph\">Jeszcze kilka miesi\u0119cy temu g\u0142\u00f3wnym celem zielonog\u00f3rskiego klubu by\u0142 awans do fazy play-off ORLEN Basket Ligi. Dru\u017cyna Arkadiusza Mi\u0142oszewskiego napisa\u0142a jednak scenariusz, kt\u00f3rego nikt si\u0119 nie spodziewa\u0142, ko\u0144cz\u0105c sezon srebrnym medalem mistrzostw Polski. To w\u0142a\u015bnie wynik sportowy otworzy\u0142 przed Zastalem mo\u017cliwo\u015b\u0107 ponownego wyst\u0119pu w europejskich pucharach.<\/p>\n\n\n\n<p class=\"wp-block-paragraph\">W oficjalnym komunikacie klub przyzna\u0142, \u017ce decyzja nie nale\u017ca\u0142a do naj\u0142atwiejszych, ale po wielu analizach i rozmowach zapad\u0142a ostateczna decyzja o przyj\u0119ciu zaproszenia do FIBA Europe Cup. \u2013 Nie zawsze naj\u0142atwiejsze decyzje s\u0105 tymi w\u0142a\u015bciwymi. Czasami jednak nie wypada odm\u00f3wi\u0107, zw\u0142aszcza gdy chodzi o odpowiedzialno\u015b\u0107 za rozw\u00f3j polskiej koszyk\u00f3wki. Dlatego informujemy, \u017ce Zastal Zielona G\u00f3ra przyst\u0105pi do rozgrywek FIBA Europe Cup w sezonie 2026\/2027 \u2013 napisa\u0142 klub w komunikacie na swojej stronie.<\/p>\n\n\n\n<h3 class=\"wp-block-heading\">Powr\u00f3t po kr\u00f3tkiej przerwie<\/h3>\n\n\n\n<p class=\"wp-block-paragraph\">Przerwa od europejskich rozgrywek nie trwa\u0142a d\u0142ugo. Jeszcze w sezonie 2023\/2024 Zielonog\u00f3rzanie reprezentowali Polsk\u0119 w ENBL, a wcze\u015bniej przez lata regularnie wyst\u0119powali w Eurolidze, EuroCupie i Basketball Champions League.<\/p>\n\n\n\n<p class=\"wp-block-paragraph\">Tym razem Zastal zagra w FIBA Europe Cup, kt\u00f3rego format zosta\u0142 rozszerzony do 48 dru\u017cyn. W\u015br\u00f3d zespo\u0142\u00f3w, kt\u00f3re maj\u0105 ju\u017c pewny udzia\u0142 w fazie grupowej, znalaz\u0142y si\u0119 dwa polskie kluby \u2013 Zastal Zielona G\u00f3ra oraz King Szczecin. O miejsce w rozgrywkach poprzez kwalifikacje Basketball Champions League b\u0119dzie walczy\u0142a r\u00f3wnie\u017c ekipa Dzik\u00f3w Warszawa, a zapewnione miejsce ma Legia Warszawa.<\/p>\n\n\n\n<h3 class=\"wp-block-heading\">Znani rywale z ca\u0142ej Europy<\/h3>\n\n\n\n<p class=\"wp-block-paragraph\">W fazie grupowej FIBA Europe Cup wyst\u0105pi\u0105 m.in. takie kluby jak Filou Oostende, Basquet Girona, Elan Chalon, SLUC Nancy, KK Split czy Sporting CP.<\/p>\n\n\n\n<p class=\"wp-block-paragraph\">Losowanie grup odb\u0119dzie si\u0119 16 lipca w Monachium, gdzie poznamy pierwszych rywali Zielonog\u00f3rzan w europejskich rozgrywkach.<\/p>\n\n\n\n<h3 class=\"wp-block-heading\">Kibice pytaj\u0105 o finanse. Klub odpowiada<\/h3>\n\n\n\n<p class=\"wp-block-paragraph\">Jednym z najwa\u017cniejszych temat\u00f3w po og\u0142oszeniu decyzji by\u0142y koszty udzia\u0142u w europejskich pucharach. W\u0142adze Zastalu podkre\u015blaj\u0105 jednak, \u017ce start w FIBA Europe Cup nie oznacza odej\u015bcia od procesu stabilizacji finansowej. \u2013 Decyzja o udziale w FIBA Europe Cup zosta\u0142a podj\u0119ta odpowiedzialnie. Nie oznacza ona odej\u015bcia od prowadzonego procesu porz\u0105dkowania finans\u00f3w klubu ani zmiany obranej strategii. Wr\u0119cz przeciwnie \u2013 jest elementem dalszego rozwoju organizacji i budowania jej warto\u015bci \u2013 czytamy w komunikacie klubu.<\/p>\n\n\n\n<p class=\"wp-block-paragraph\">W\u0142adze Zastalu Zielona G\u00f3ra zwracaj\u0105 uwag\u0119, \u017ce europejskie rozgrywki to nie tylko dodatkowe wydatki, ale r\u00f3wnie\u017c promocja Zielonej G\u00f3ry i wojew\u00f3dztwa lubuskiego, wi\u0119ksza warto\u015b\u0107 dla sponsor\u00f3w, rozw\u00f3j sportowy zawodnik\u00f3w oraz kolejne du\u017ce wydarzenia w hali CRS.<\/p>\n\n\n\n<h3 class=\"wp-block-heading\">Podzi\u0119kowania dla kibic\u00f3w<\/h3>\n\n\n\n<p class=\"wp-block-paragraph\">Szczeg\u00f3lne miejsce w komunikacie zaj\u0119li kibice. Zastal podkre\u015bli\u0142, \u017ce rekordowa frekwencja i atmosfera tworzona przez tysi\u0105ce fan\u00f3w by\u0142y jednym z kluczowych argument\u00f3w przy podejmowaniu decyzji o powrocie do Europy. \u2013 Nie by\u0142oby tej decyzji bez Was. Gdyby nie Wasza obecno\u015b\u0107 na trybunach, lojalno\u015b\u0107 i wiara w Zastal, nie rozwa\u017caliby\u015bmy dzi\u015b udzia\u0142u w europejskich pucharach \u2013 napisa\u0142 klub.<\/p>\n\n\n\n<h3 class=\"wp-block-heading\">Nowy rozdzia\u0142<\/h3>\n\n\n\n<p class=\"wp-block-paragraph\">Dla Zastalu sezon 2026\/2027 zapowiada si\u0119 wyj\u0105tkowo intensywnie. Wicemistrzowie Polski b\u0119d\u0105 rywalizowa\u0107 jednocze\u015bnie w ORLEN Basket Lidze i FIBA Europe Cup, wracaj\u0105c do grona klub\u00f3w regularnie wyst\u0119puj\u0105cych na mi\u0119dzynarodowej scenie.<\/p>\n\n\n\n<p class=\"wp-block-paragraph\">Jak podsumowano w oficjalnym komunikacie: \u2013 Przed nami kolejny rozdzia\u0142. Przed nami kolejne wyzwanie. Wi\u0119ksze ni\u017c dotychczas. Ale wiemy jedno \u2013 nie podejmujemy go sami. Do zobaczenia w hali. Do zobaczenia w Europie. Dawaj Zastal!<\/p>\n\n\n\n<p class=\"wp-block-paragraph\">Po dw\u00f3ch latach przerwy europejska koszyk\u00f3wka zn\u00f3w wraca do Zielonej G\u00f3ry!<\/p>\n\n\n\n<p class=\"wp-block-paragraph\">\ud83c\udfc0 Zastalowcy.pl \u2013 o Zastalu od kibic\u00f3w \u2013 dla kibic\u00f3w<\/p>\n","protected":false},"excerpt":{"rendered":"<p>Po dw\u00f3ch sezonach przerwy europejska koszyk\u00f3wka ponownie zawita do hali CRS. Zastal Zielona G\u00f3ra oficjalnie potwierdzi\u0142, \u017ce w<\/p>\n","protected":false},"author":3,"featured_media":1229,"comment_status":"open","ping_status":"open","sticky":false,"template":"","format":"standard","meta":{"om_disable_all_campaigns":false,"footnotes":""},"categories":[18,373,367],"tags":[17,26,375,378,377,374,15,13,376,12,14,42,11,10,16],"class_list":["post-1228","post","type-post","status-publish","format-standard","has-post-thumbnail","hentry","category-aktualnosci","category-fiba-europe-cup","category-sezon-2026-2027","tag-basketzg","tag-druzyna","tag-europe-cup","tag-europejska-koszykowka","tag-europejskie-puchary","tag-fiba-europe-cup","tag-koszykowka","tag-orlen-zastal-zielona-gora","tag-rozgrywki-europejskie","tag-zastal","tag-zastal-zielona-gora","tag-zastalowcy","tag-zielona-gora","tag-zielonagora","tag-zielonogorska-koszykowka"],"aioseo_notices":[],"aioseo_head":"\n\t\t<!-- All in One SEO 5.0.0.1 - aioseo.com -->\n\t<meta name=\"description\" content=\"Po dw\u00f3ch sezonach przerwy europejska koszyk\u00f3wka ponownie zawita do hali CRS. Zastal Zielona G\u00f3ra oficjalnie potwierdzi\u0142, \u017ce w sezonie 2026\/2027 wyst\u0105pi w rozgrywkach FIBA Europe Cup, wracaj\u0105c na mi\u0119dzynarodow\u0105 aren\u0119 jako wicemistrz Polski. Wicemistrzostwo otworzy\u0142o drzwi do Europy Jeszcze kilka miesi\u0119cy temu g\u0142\u00f3wnym celem zielonog\u00f3rskiego klubu by\u0142 awans do fazy play-off ORLEN Basket Ligi. Dru\u017cyna\" \/>\n\t<meta name=\"robots\" content=\"max-image-preview:large\" \/>\n\t<meta name=\"author\" content=\"Joanna Nawlicka\"\/>\n\t<link rel=\"canonical\" href=\"https:\/\/zastalowcy.pl\/?p=1228\" \/>\n\t<meta name=\"generator\" content=\"All in One SEO (AIOSEO) 5.0.0.1\" \/>\n\t\t<meta property=\"og:locale\" content=\"pl_PL\" \/>\n\t\t<meta property=\"og:site_name\" content=\"- O Zastalu od kibic\u00f3w \u2013 dla kibic\u00f3w\" \/>\n\t\t<meta property=\"og:type\" content=\"article\" \/>\n\t\t<meta property=\"og:title\" content=\"Zastal wraca do Europy. Klub z Zielonej G\u00f3ry zagra w FIBA Europe Cup -\" \/>\n\t\t<meta property=\"og:description\" content=\"Po dw\u00f3ch sezonach przerwy europejska koszyk\u00f3wka ponownie zawita do hali CRS. Zastal Zielona G\u00f3ra oficjalnie potwierdzi\u0142, \u017ce w sezonie 2026\/2027 wyst\u0105pi w rozgrywkach FIBA Europe Cup, wracaj\u0105c na mi\u0119dzynarodow\u0105 aren\u0119 jako wicemistrz Polski. Wicemistrzostwo otworzy\u0142o drzwi do Europy Jeszcze kilka miesi\u0119cy temu g\u0142\u00f3wnym celem zielonog\u00f3rskiego klubu by\u0142 awans do fazy play-off ORLEN Basket Ligi. Dru\u017cyna\" \/>\n\t\t<meta property=\"og:url\" content=\"https:\/\/zastalowcy.pl\/?p=1228\" \/>\n\t\t<meta property=\"og:image\" content=\"https:\/\/zastalowcy.pl\/wp-content\/uploads\/2025\/09\/cropped-logo-strony-2.png\" \/>\n\t\t<meta property=\"og:image:secure_url\" content=\"https:\/\/zastalowcy.pl\/wp-content\/uploads\/2025\/09\/cropped-logo-strony-2.png\" \/>\n\t\t<meta property=\"og:image:width\" content=\"1862\" \/>\n\t\t<meta property=\"og:image:height\" content=\"384\" \/>\n\t\t<meta property=\"article:published_time\" content=\"2026-07-07T18:33:12+00:00\" \/>\n\t\t<meta property=\"article:modified_time\" content=\"2026-07-07T18:33:13+00:00\" \/>\n\t\t<meta name=\"twitter:card\" content=\"summary_large_image\" \/>\n\t\t<meta name=\"twitter:title\" content=\"Zastal wraca do Europy. Klub z Zielonej G\u00f3ry zagra w FIBA Europe Cup -\" \/>\n\t\t<meta name=\"twitter:description\" content=\"Po dw\u00f3ch sezonach przerwy europejska koszyk\u00f3wka ponownie zawita do hali CRS. Zastal Zielona G\u00f3ra oficjalnie potwierdzi\u0142, \u017ce w sezonie 2026\/2027 wyst\u0105pi w rozgrywkach FIBA Europe Cup, wracaj\u0105c na mi\u0119dzynarodow\u0105 aren\u0119 jako wicemistrz Polski. Wicemistrzostwo otworzy\u0142o drzwi do Europy Jeszcze kilka miesi\u0119cy temu g\u0142\u00f3wnym celem zielonog\u00f3rskiego klubu by\u0142 awans do fazy play-off ORLEN Basket Ligi. Dru\u017cyna\" \/>\n\t\t<meta name=\"twitter:image\" content=\"https:\/\/zastalowcy.pl\/wp-content\/uploads\/2025\/09\/cropped-logo-strony-2.png\" \/>\n\t\t<script type=\"application\/ld+json\" class=\"aioseo-schema\">\n\t\t\t{\"@context\":\"https:\\\/\\\/schema.org\",\"@graph\":[{\"@type\":\"BlogPosting\",\"@id\":\"https:\\\/\\\/zastalowcy.pl\\\/?p=1228#blogposting\",\"name\":\"Zastal wraca do Europy. Klub z Zielonej G\\u00f3ry zagra w FIBA Europe Cup -\",\"headline\":\"Zastal wraca do Europy. Klub z Zielonej G\\u00f3ry zagra w FIBA Europe Cup\",\"author\":{\"@id\":\"https:\\\/\\\/zastalowcy.pl\\\/?author=3#author\"},\"publisher\":{\"@id\":\"https:\\\/\\\/zastalowcy.pl\\\/#organization\"},\"image\":{\"@type\":\"ImageObject\",\"url\":\"https:\\\/\\\/zastalowcy.pl\\\/wp-content\\\/uploads\\\/2026\\\/07\\\/profilowe-6.png\",\"width\":2048,\"height\":2048},\"datePublished\":\"2026-07-07T20:33:12+02:00\",\"dateModified\":\"2026-07-07T20:33:13+02:00\",\"inLanguage\":\"pl-PL\",\"commentCount\":2,\"mainEntityOfPage\":{\"@id\":\"https:\\\/\\\/zastalowcy.pl\\\/?p=1228#webpage\"},\"isPartOf\":{\"@id\":\"https:\\\/\\\/zastalowcy.pl\\\/?p=1228#webpage\"},\"articleSection\":\"Aktualno\\u015bci, FIBA Europe Cup, Sezon 2026\\\/2027, basketzg, dru\\u017cyna, europe cup, europejska koszyk\\u00f3wka, europejskie puchary, fiba europe cup, koszyk\\u00f3wka, orlen zastal zielona g\\u00f3ra, rozgrywki europejskie, zastal, zastal zielona g\\u00f3ra, zastalowcy, zielona g\\u00f3ra, zielonagora, zielonog\\u00f3rska koszyk\\u00f3wka\"},{\"@type\":\"BreadcrumbList\",\"@id\":\"https:\\\/\\\/zastalowcy.pl\\\/?p=1228#breadcrumblist\",\"itemListElement\":[{\"@type\":\"ListItem\",\"@id\":\"https:\\\/\\\/zastalowcy.pl#listItem\",\"position\":1,\"name\":\"Home\",\"item\":\"https:\\\/\\\/zastalowcy.pl\",\"nextItem\":{\"@type\":\"ListItem\",\"@id\":\"https:\\\/\\\/zastalowcy.pl\\\/?cat=18#listItem\",\"name\":\"Aktualno\\u015bci\"}},{\"@type\":\"ListItem\",\"@id\":\"https:\\\/\\\/zastalowcy.pl\\\/?cat=18#listItem\",\"position\":2,\"name\":\"Aktualno\\u015bci\",\"item\":\"https:\\\/\\\/zastalowcy.pl\\\/?cat=18\",\"nextItem\":{\"@type\":\"ListItem\",\"@id\":\"https:\\\/\\\/zastalowcy.pl\\\/?p=1228#listItem\",\"name\":\"Zastal wraca do Europy. Klub z Zielonej G\\u00f3ry zagra w FIBA Europe Cup\"},\"previousItem\":{\"@type\":\"ListItem\",\"@id\":\"https:\\\/\\\/zastalowcy.pl#listItem\",\"name\":\"Home\"}},{\"@type\":\"ListItem\",\"@id\":\"https:\\\/\\\/zastalowcy.pl\\\/?p=1228#listItem\",\"position\":3,\"name\":\"Zastal wraca do Europy. Klub z Zielonej G\\u00f3ry zagra w FIBA Europe Cup\",\"previousItem\":{\"@type\":\"ListItem\",\"@id\":\"https:\\\/\\\/zastalowcy.pl\\\/?cat=18#listItem\",\"name\":\"Aktualno\\u015bci\"}}]},{\"@type\":\"Organization\",\"@id\":\"https:\\\/\\\/zastalowcy.pl\\\/#organization\",\"description\":\"O Zastalu od kibic\\u00f3w \\u2013 dla kibic\\u00f3w\",\"url\":\"https:\\\/\\\/zastalowcy.pl\\\/\",\"logo\":{\"@type\":\"ImageObject\",\"url\":\"https:\\\/\\\/zastalowcy.pl\\\/wp-content\\\/uploads\\\/2025\\\/09\\\/cropped-logo-strony-2.png\",\"@id\":\"https:\\\/\\\/zastalowcy.pl\\\/?p=1228\\\/#organizationLogo\",\"width\":1862,\"height\":384},\"image\":{\"@id\":\"https:\\\/\\\/zastalowcy.pl\\\/?p=1228\\\/#organizationLogo\"}},{\"@type\":\"Person\",\"@id\":\"https:\\\/\\\/zastalowcy.pl\\\/?author=3#author\",\"url\":\"https:\\\/\\\/zastalowcy.pl\\\/?author=3\",\"name\":\"Joanna Nawlicka\",\"image\":{\"@type\":\"ImageObject\",\"@id\":\"https:\\\/\\\/zastalowcy.pl\\\/?p=1228#authorImage\",\"url\":\"https:\\\/\\\/secure.gravatar.com\\\/avatar\\\/66fc557d97536ff5096b6295970275631b7a4673997738477642001957f5274c?s=96&d=mm&r=g\",\"width\":96,\"height\":96,\"caption\":\"Joanna Nawlicka\"}},{\"@type\":\"WebPage\",\"@id\":\"https:\\\/\\\/zastalowcy.pl\\\/?p=1228#webpage\",\"url\":\"https:\\\/\\\/zastalowcy.pl\\\/?p=1228\",\"name\":\"Zastal wraca do Europy. Klub z Zielonej G\\u00f3ry zagra w FIBA Europe Cup -\",\"description\":\"Po dw\\u00f3ch sezonach przerwy europejska koszyk\\u00f3wka ponownie zawita do hali CRS. Zastal Zielona G\\u00f3ra oficjalnie potwierdzi\\u0142, \\u017ce w sezonie 2026\\\/2027 wyst\\u0105pi w rozgrywkach FIBA Europe Cup, wracaj\\u0105c na mi\\u0119dzynarodow\\u0105 aren\\u0119 jako wicemistrz Polski. Wicemistrzostwo otworzy\\u0142o drzwi do Europy Jeszcze kilka miesi\\u0119cy temu g\\u0142\\u00f3wnym celem zielonog\\u00f3rskiego klubu by\\u0142 awans do fazy play-off ORLEN Basket Ligi. Dru\\u017cyna\",\"inLanguage\":\"pl-PL\",\"isPartOf\":{\"@id\":\"https:\\\/\\\/zastalowcy.pl\\\/#website\"},\"breadcrumb\":{\"@id\":\"https:\\\/\\\/zastalowcy.pl\\\/?p=1228#breadcrumblist\"},\"author\":{\"@id\":\"https:\\\/\\\/zastalowcy.pl\\\/?author=3#author\"},\"creator\":{\"@id\":\"https:\\\/\\\/zastalowcy.pl\\\/?author=3#author\"},\"image\":{\"@type\":\"ImageObject\",\"url\":\"https:\\\/\\\/zastalowcy.pl\\\/wp-content\\\/uploads\\\/2026\\\/07\\\/profilowe-6.png\",\"@id\":\"https:\\\/\\\/zastalowcy.pl\\\/?p=1228\\\/#mainImage\",\"width\":2048,\"height\":2048},\"primaryImageOfPage\":{\"@id\":\"https:\\\/\\\/zastalowcy.pl\\\/?p=1228#mainImage\"},\"datePublished\":\"2026-07-07T20:33:12+02:00\",\"dateModified\":\"2026-07-07T20:33:13+02:00\"},{\"@type\":\"WebSite\",\"@id\":\"https:\\\/\\\/zastalowcy.pl\\\/#website\",\"url\":\"https:\\\/\\\/zastalowcy.pl\\\/\",\"description\":\"O Zastalu od kibic\\u00f3w \\u2013 dla kibic\\u00f3w\",\"inLanguage\":\"pl-PL\",\"publisher\":{\"@id\":\"https:\\\/\\\/zastalowcy.pl\\\/#organization\"}}]}\n\t\t<\/script>\n\t\t<!-- All in One SEO -->\n\n","aioseo_head_json":{"title":"Zastal wraca do Europy. Klub z Zielonej G\u00f3ry zagra w FIBA Europe Cup -","description":"Po dw\u00f3ch sezonach przerwy europejska koszyk\u00f3wka ponownie zawita do hali CRS. Zastal Zielona G\u00f3ra oficjalnie potwierdzi\u0142, \u017ce w sezonie 2026\/2027 wyst\u0105pi w rozgrywkach FIBA Europe Cup, wracaj\u0105c na mi\u0119dzynarodow\u0105 aren\u0119 jako wicemistrz Polski. Wicemistrzostwo otworzy\u0142o drzwi do Europy Jeszcze kilka miesi\u0119cy temu g\u0142\u00f3wnym celem zielonog\u00f3rskiego klubu by\u0142 awans do fazy play-off ORLEN Basket Ligi. Dru\u017cyna","canonical_url":"https:\/\/zastalowcy.pl\/?p=1228","robots":"max-image-preview:large","keywords":"","webmasterTools":{"miscellaneous":""},"schema":{"@context":"https:\/\/schema.org","@graph":[{"@type":"BlogPosting","@id":"https:\/\/zastalowcy.pl\/?p=1228#blogposting","name":"Zastal wraca do Europy. Klub z Zielonej G\u00f3ry zagra w FIBA Europe Cup -","headline":"Zastal wraca do Europy. Klub z Zielonej G\u00f3ry zagra w FIBA Europe Cup","author":{"@id":"https:\/\/zastalowcy.pl\/?author=3#author"},"publisher":{"@id":"https:\/\/zastalowcy.pl\/#organization"},"image":{"@type":"ImageObject","url":"https:\/\/zastalowcy.pl\/wp-content\/uploads\/2026\/07\/profilowe-6.png","width":2048,"height":2048},"datePublished":"2026-07-07T20:33:12+02:00","dateModified":"2026-07-07T20:33:13+02:00","inLanguage":"pl-PL","commentCount":2,"mainEntityOfPage":{"@id":"https:\/\/zastalowcy.pl\/?p=1228#webpage"},"isPartOf":{"@id":"https:\/\/zastalowcy.pl\/?p=1228#webpage"},"articleSection":"Aktualno\u015bci, FIBA Europe Cup, Sezon 2026\/2027, basketzg, dru\u017cyna, europe cup, europejska koszyk\u00f3wka, europejskie puchary, fiba europe cup, koszyk\u00f3wka, orlen zastal zielona g\u00f3ra, rozgrywki europejskie, zastal, zastal zielona g\u00f3ra, zastalowcy, zielona g\u00f3ra, zielonagora, zielonog\u00f3rska koszyk\u00f3wka"},{"@type":"BreadcrumbList","@id":"https:\/\/zastalowcy.pl\/?p=1228#breadcrumblist","itemListElement":[{"@type":"ListItem","@id":"https:\/\/zastalowcy.pl#listItem","position":1,"name":"Home","item":"https:\/\/zastalowcy.pl","nextItem":{"@type":"ListItem","@id":"https:\/\/zastalowcy.pl\/?cat=18#listItem","name":"Aktualno\u015bci"}},{"@type":"ListItem","@id":"https:\/\/zastalowcy.pl\/?cat=18#listItem","position":2,"name":"Aktualno\u015bci","item":"https:\/\/zastalowcy.pl\/?cat=18","nextItem":{"@type":"ListItem","@id":"https:\/\/zastalowcy.pl\/?p=1228#listItem","name":"Zastal wraca do Europy. Klub z Zielonej G\u00f3ry zagra w FIBA Europe Cup"},"previousItem":{"@type":"ListItem","@id":"https:\/\/zastalowcy.pl#listItem","name":"Home"}},{"@type":"ListItem","@id":"https:\/\/zastalowcy.pl\/?p=1228#listItem","position":3,"name":"Zastal wraca do Europy. Klub z Zielonej G\u00f3ry zagra w FIBA Europe Cup","previousItem":{"@type":"ListItem","@id":"https:\/\/zastalowcy.pl\/?cat=18#listItem","name":"Aktualno\u015bci"}}]},{"@type":"Organization","@id":"https:\/\/zastalowcy.pl\/#organization","description":"O Zastalu od kibic\u00f3w \u2013 dla kibic\u00f3w","url":"https:\/\/zastalowcy.pl\/","logo":{"@type":"ImageObject","url":"https:\/\/zastalowcy.pl\/wp-content\/uploads\/2025\/09\/cropped-logo-strony-2.png","@id":"https:\/\/zastalowcy.pl\/?p=1228\/#organizationLogo","width":1862,"height":384},"image":{"@id":"https:\/\/zastalowcy.pl\/?p=1228\/#organizationLogo"}},{"@type":"Person","@id":"https:\/\/zastalowcy.pl\/?author=3#author","url":"https:\/\/zastalowcy.pl\/?author=3","name":"Joanna Nawlicka","image":{"@type":"ImageObject","@id":"https:\/\/zastalowcy.pl\/?p=1228#authorImage","url":"https:\/\/secure.gravatar.com\/avatar\/66fc557d97536ff5096b6295970275631b7a4673997738477642001957f5274c?s=96&d=mm&r=g","width":96,"height":96,"caption":"Joanna Nawlicka"}},{"@type":"WebPage","@id":"https:\/\/zastalowcy.pl\/?p=1228#webpage","url":"https:\/\/zastalowcy.pl\/?p=1228","name":"Zastal wraca do Europy. Klub z Zielonej G\u00f3ry zagra w FIBA Europe Cup -","description":"Po dw\u00f3ch sezonach przerwy europejska koszyk\u00f3wka ponownie zawita do hali CRS. Zastal Zielona G\u00f3ra oficjalnie potwierdzi\u0142, \u017ce w sezonie 2026\/2027 wyst\u0105pi w rozgrywkach FIBA Europe Cup, wracaj\u0105c na mi\u0119dzynarodow\u0105 aren\u0119 jako wicemistrz Polski. Wicemistrzostwo otworzy\u0142o drzwi do Europy Jeszcze kilka miesi\u0119cy temu g\u0142\u00f3wnym celem zielonog\u00f3rskiego klubu by\u0142 awans do fazy play-off ORLEN Basket Ligi. Dru\u017cyna","inLanguage":"pl-PL","isPartOf":{"@id":"https:\/\/zastalowcy.pl\/#website"},"breadcrumb":{"@id":"https:\/\/zastalowcy.pl\/?p=1228#breadcrumblist"},"author":{"@id":"https:\/\/zastalowcy.pl\/?author=3#author"},"creator":{"@id":"https:\/\/zastalowcy.pl\/?author=3#author"},"image":{"@type":"ImageObject","url":"https:\/\/zastalowcy.pl\/wp-content\/uploads\/2026\/07\/profilowe-6.png","@id":"https:\/\/zastalowcy.pl\/?p=1228\/#mainImage","width":2048,"height":2048},"primaryImageOfPage":{"@id":"https:\/\/zastalowcy.pl\/?p=1228#mainImage"},"datePublished":"2026-07-07T20:33:12+02:00","dateModified":"2026-07-07T20:33:13+02:00"},{"@type":"WebSite","@id":"https:\/\/zastalowcy.pl\/#website","url":"https:\/\/zastalowcy.pl\/","description":"O Zastalu od kibic\u00f3w \u2013 dla kibic\u00f3w","inLanguage":"pl-PL","publisher":{"@id":"https:\/\/zastalowcy.pl\/#organization"}}]},"og:locale":"pl_PL","og:site_name":"- O Zastalu od kibic\u00f3w \u2013 dla kibic\u00f3w","og:type":"article","og:title":"Zastal wraca do Europy. Klub z Zielonej G\u00f3ry zagra w FIBA Europe Cup -","og:description":"Po dw\u00f3ch sezonach przerwy europejska koszyk\u00f3wka ponownie zawita do hali CRS. Zastal Zielona G\u00f3ra oficjalnie potwierdzi\u0142, \u017ce w sezonie 2026\/2027 wyst\u0105pi w rozgrywkach FIBA Europe Cup, wracaj\u0105c na mi\u0119dzynarodow\u0105 aren\u0119 jako wicemistrz Polski. Wicemistrzostwo otworzy\u0142o drzwi do Europy Jeszcze kilka miesi\u0119cy temu g\u0142\u00f3wnym celem zielonog\u00f3rskiego klubu by\u0142 awans do fazy play-off ORLEN Basket Ligi. Dru\u017cyna","og:url":"https:\/\/zastalowcy.pl\/?p=1228","og:image":"https:\/\/zastalowcy.pl\/wp-content\/uploads\/2025\/09\/cropped-logo-strony-2.png","og:image:secure_url":"https:\/\/zastalowcy.pl\/wp-content\/uploads\/2025\/09\/cropped-logo-strony-2.png","og:image:width":1862,"og:image:height":384,"article:published_time":"2026-07-07T18:33:12+00:00","article:modified_time":"2026-07-07T18:33:13+00:00","twitter:card":"summary_large_image","twitter:title":"Zastal wraca do Europy. Klub z Zielonej G\u00f3ry zagra w FIBA Europe Cup -","twitter:description":"Po dw\u00f3ch sezonach przerwy europejska koszyk\u00f3wka ponownie zawita do hali CRS. Zastal Zielona G\u00f3ra oficjalnie potwierdzi\u0142, \u017ce w sezonie 2026\/2027 wyst\u0105pi w rozgrywkach FIBA Europe Cup, wracaj\u0105c na mi\u0119dzynarodow\u0105 aren\u0119 jako wicemistrz Polski. Wicemistrzostwo otworzy\u0142o drzwi do Europy Jeszcze kilka miesi\u0119cy temu g\u0142\u00f3wnym celem zielonog\u00f3rskiego klubu by\u0142 awans do fazy play-off ORLEN Basket Ligi. Dru\u017cyna","twitter:image":"https:\/\/zastalowcy.pl\/wp-content\/uploads\/2025\/09\/cropped-logo-strony-2.png"},"aioseo_meta_data":{"post_id":"1228","title":null,"description":null,"keywords":null,"keyphrases":null,"primary_term":null,"canonical_url":null,"og_title":null,"og_description":null,"og_object_type":"default","og_image_type":"default","og_image_custom_url":null,"og_image_custom_fields":null,"og_image_url":null,"og_image_width":null,"og_image_height":null,"og_video":null,"og_custom_url":null,"og_article_section":null,"og_article_tags":null,"twitter_use_og":false,"twitter_card":"default","twitter_image_type":"default","twitter_image_custom_url":null,"twitter_image_custom_fields":null,"twitter_image_url":null,"twitter_title":null,"twitter_description":null,"schema_type":"default","schema_type_options":null,"schema":{"blockGraphs":[],"customGraphs":[],"default":{"data":{"Article":[],"Course":[],"Dataset":[],"FAQPage":[],"Movie":[],"Person":[],"Product":[],"ProductReview":[],"Car":[],"Recipe":[],"Service":[],"SoftwareApplication":[],"WebPage":[]},"graphName":"","isEnabled":true},"graphs":[]},"pillar_content":false,"robots_default":true,"robots_noindex":false,"robots_noarchive":false,"robots_nosnippet":false,"robots_nofollow":false,"robots_noimageindex":false,"robots_noodp":false,"robots_notranslate":false,"robots_max_snippet":null,"robots_max_videopreview":null,"robots_max_imagepreview":"large","priority":null,"frequency":null,"local_seo":null,"limit_modified_date":false,"ai":null,"breadcrumb_settings":null,"seo_analyzer_scan_date":null,"created":"2026-07-15 17:09:19","updated":"2026-07-15 17:09:19","focus_keyword":null,"additional_keywords":null,"truseo_locale":null},"aioseo_breadcrumb":"<div class=\"aioseo-breadcrumbs\"><span class=\"aioseo-breadcrumb\">\n\t\t\t<a href=\"https:\/\/zastalowcy.pl\" title=\"Home\">Home<\/a>\n\t\t<\/span><span class=\"aioseo-breadcrumb-separator\">&raquo;<\/span><span class=\"aioseo-breadcrumb\">\n\t\t\t<a href=\"https:\/\/zastalowcy.pl\/?cat=18\" title=\"Aktualno\u015bci\">Aktualno\u015bci<\/a>\n\t\t<\/span><span class=\"aioseo-breadcrumb-separator\">&raquo;<\/span><span class=\"aioseo-breadcrumb\">\n\t\t\tZastal wraca do Europy. Klub z Zielonej G\u00f3ry zagra w FIBA Europe Cup\n\t\t<\/span><\/div>","aioseo_breadcrumb_json":[{"label":"Home","link":"https:\/\/zastalowcy.pl"},{"label":"Aktualno\u015bci","link":"https:\/\/zastalowcy.pl\/?cat=18"},{"label":"Zastal wraca do Europy. Klub z Zielonej G\u00f3ry zagra w FIBA Europe Cup","link":"https:\/\/zastalowcy.pl\/?p=1228"}],"_links":{"self":[{"href":"https:\/\/zastalowcy.pl\/index.php?rest_route=\/wp\/v2\/posts\/1228","targetHints":{"allow":["GET"]}}],"collection":[{"href":"https:\/\/zastalowcy.pl\/index.php?rest_route=\/wp\/v2\/posts"}],"about":[{"href":"https:\/\/zastalowcy.pl\/index.php?rest_route=\/wp\/v2\/types\/post"}],"author":[{"embeddable":true,"href":"https:\/\/zastalowcy.pl\/index.php?rest_route=\/wp\/v2\/users\/3"}],"replies":[{"embeddable":true,"href":"https:\/\/zastalowcy.pl\/index.php?rest_route=%2Fwp%2Fv2%2Fcomments&post=1228"}],"version-history":[{"count":1,"href":"https:\/\/zastalowcy.pl\/index.php?rest_route=\/wp\/v2\/posts\/1228\/revisions"}],"predecessor-version":[{"id":1230,"href":"https:\/\/zastalowcy.pl\/index.php?rest_route=\/wp\/v2\/posts\/1228\/revisions\/1230"}],"wp:featuredmedia":[{"embeddable":true,"href":"https:\/\/zastalowcy.pl\/index.php?rest_route=\/wp\/v2\/media\/1229"}],"wp:attachment":[{"href":"https:\/\/zastalowcy.pl\/index.php?rest_route=%2Fwp%2Fv2%2Fmedia&parent=1228"}],"wp:term":[{"taxonomy":"category","embeddable":true,"href":"https:\/\/zastalowcy.pl\/index.php?rest_route=%2Fwp%2Fv2%2Fcategories&post=1228"},{"taxonomy":"post_tag","embeddable":true,"href":"https:\/\/zastalowcy.pl\/index.php?rest_route=%2Fwp%2Fv2%2Ftags&post=1228"}],"curies":[{"name":"wp","href":"https:\/\/api.w.org\/{rel}","templated":true}]}}