{"id":1235,"date":"2026-07-08T12:27:40","date_gmt":"2026-07-08T10:27:40","guid":{"rendered":"https:\/\/zastalowcy.pl\/?p=1235"},"modified":"2026-07-08T12:27:40","modified_gmt":"2026-07-08T10:27:40","slug":"znamy-terminarz-nowego-sezonu-plk-zastal-rozpocznie-rozgrywki-od-wyjazdu-do-bydgoszczy","status":"publish","type":"post","link":"https:\/\/zastalowcy.pl\/?p=1235","title":{"rendered":"Znamy terminarz nowego sezonu PLK! Zastal rozpocznie rozgrywki od wyjazdu do Bydgoszczy"},"content":{"rendered":"\n<p class=\"wp-block-paragraph\">Polska Liga Koszyk\u00f3wki opublikowa\u0142a terminarz sezonu 2026\/2027. ORLEN Zastal Zielona G\u00f3ra walk\u0119 o kolejne ligowe punkty rozpocznie 3 pa\u017adziernika wyjazdowym spotkaniem z beniaminkiem rozgrywek \u2013 Ene\u0105 Abramczyk Astori\u0105 Bydgoszcz.<\/p>\n\n\n\n<p class=\"wp-block-paragraph\">Nowy sezon po raz kolejny zainauguruje Superpuchar Polski im. Adama W\u00f3jcika, kt\u00f3ry odb\u0119dzie si\u0119 26 i 27 wrze\u015bnia. O trofeum powalcz\u0105 cztery zespo\u0142y: mistrz Polski Legia Warszawa, wicemistrz ORLEN Zastal Zielona G\u00f3ra, zdobywca br\u0105zowego medalu Dziki Warszawa oraz triumfator Pucharu Polski Energa Trefl Sopot.<\/p>\n\n\n\n<p class=\"wp-block-paragraph\">A tydzie\u0144 p\u00f3\u017aniej wystartuj\u0105 ligowe rozgrywki. Pierwszy mecz sezonu odb\u0119dzie si\u0119 2 pa\u017adziernika, kiedy Energa Trefl Sopot zmierzy si\u0119 z Dzikami Warszawa. Zastal sw\u00f3j inauguracyjny mecz rozegra dzie\u0144 p\u00f3\u017aniej.<\/p>\n\n\n\n<h3 class=\"wp-block-heading\">Na pocz\u0105tek beniaminek<\/h3>\n\n\n\n<p class=\"wp-block-paragraph\">Pierwszym rywalem zielonog\u00f3rzan b\u0119dzie Enea Abramczyk Astoria Bydgoszcz, kt\u00f3ra po roku przerwy wraca do ORLEN Basket Ligi. Spotkanie zostanie rozegrane 3 pa\u017adziernika w Bydgoszczy.<\/p>\n\n\n\n<h3 class=\"wp-block-heading\">D\u0142uga droga do mistrzostwa<\/h3>\n\n\n\n<p class=\"wp-block-paragraph\">Sezon zasadniczy zako\u0144czy si\u0119 wiosn\u0105 2027 roku. Podobnie jak w poprzednich rozgrywkach, zespo\u0142y z miejsc 7-10 powalcz\u0105 o awans do fazy play-off w turnieju play-in, kt\u00f3ry odb\u0119dzie si\u0119 8 i 10 maja 2027 roku.<\/p>\n\n\n\n<p class=\"wp-block-paragraph\">Faza play-off wystartuje 13 maja, natomiast nowego mistrza Polski poznamy najp\u00f3\u017aniej 21 czerwca 2027 roku.<\/p>\n\n\n\n<h3 class=\"wp-block-heading\">Terminarz spotka\u0144 Zastalu Zielona G\u00f3ra w sezonie 2026\/27<\/h3>\n\n\n\n<p class=\"wp-block-paragraph\">Kolejka 1 \u2013 3 pa\u017adziernika 2026 \u2013 Enea Abramczyk Astoria Bydgoszcz \u2013 Zastal Zielona G\u00f3ra<\/p>\n\n\n\n<p class=\"wp-block-paragraph\">Kolejka 2 \u2013 9 pa\u017adziernika 2026 \u2013 Zastal Zielona G\u00f3ra \u2013 Legia Warszawa<\/p>\n\n\n\n<p class=\"wp-block-paragraph\">Kolejka 3 \u2013 17 pa\u017adziernika 2026 \u2013 Tauron GTK Gliwice \u2013 Zastal Zielona G\u00f3ra<\/p>\n\n\n\n<p class=\"wp-block-paragraph\">Kolejka 4 \u2013 24 pa\u017adziernika 2026 \u2013  Zastal Zielona G\u00f3ra \u2013 Anwil W\u0142oc\u0142awek<\/p>\n\n\n\n<p class=\"wp-block-paragraph\">Kolejka 5 \u2013 31 pa\u017adziernika 2026 \u2013 Arriva LOTTO Twarde Pierniki Toru\u0144 \u2013 Zastal Zielona G\u00f3ra<\/p>\n\n\n\n<p class=\"wp-block-paragraph\">Kolejka 6 \u2013 8 listopada 2026 \u2013 Tasomix Rosiek Stal Ostr\u00f3w Wielkopolski \u2013 Zastal Zielona G\u00f3ra<\/p>\n\n\n\n<p class=\"wp-block-paragraph\">Kolejka 7 \u2013 14 listopada 2026 \u2013 WKS \u015al\u0105sk Wroc\u0142aw \u2013 Zastal Zielona G\u00f3ra<\/p>\n\n\n\n<p class=\"wp-block-paragraph\">Kolejka 8 \u2013 21 listopada 2026 \u2013 Zastal Zielona G\u00f3ra \u2013 Dziki Warszawa<\/p>\n\n\n\n<p class=\"wp-block-paragraph\">Kolejka 9 \u2013 6 grudnia 2026 \u2013 Energa trefl Sopot \u2013 Zastal Zielona G\u00f3ra<\/p>\n\n\n\n<p class=\"wp-block-paragraph\">Kolejka 10 \u2013 13 grudnia 2026 \u2013 Zastal Zielona G\u00f3ra \u2013 AMW Arka Gdynia<\/p>\n\n\n\n<p class=\"wp-block-paragraph\">Kolejka 11 \u2013 20 grudnia 2026 \u2013 Zastal Zielona G\u00f3ra \u2013 PGE Start Lublin<\/p>\n\n\n\n<p class=\"wp-block-paragraph\">Kolejka 12 \u2013 26 grudnia 2026 \u2013 Zastal Zielona G\u00f3ra \u2013 King Szczecin<\/p>\n\n\n\n<p class=\"wp-block-paragraph\">Kolejka 13 \u2013 30 grudnia 2026 \u2013 G\u00f3rnik Zamek Ksi\u0105\u017c Wa\u0142brzych \u2013 Zastal Zielona G\u00f3ra<\/p>\n\n\n\n<p class=\"wp-block-paragraph\">Kolejka 14 \u2013 2 stycznia 2027 \u2013 Zastal Zielona G\u00f3ra \u2013 MKS D\u0105browa G\u00f3rnicza<\/p>\n\n\n\n<p class=\"wp-block-paragraph\">Kolejka 15 \u2013 10 stycznia 2027 \u2013 Energa Czarni S\u0142upsk \u2013 Zastal Zielona G\u00f3ra<\/p>\n\n\n\n<p class=\"wp-block-paragraph\">Kolejka 16 \u2013 17 stycznia 2027 \u2013 Zastal Zielona G\u00f3ra \u2013 WKS \u015al\u0105sk Wroc\u0142aw<\/p>\n\n\n\n<p class=\"wp-block-paragraph\">Kolejka 17 \u2013 22 stycznia 2027 \u2013 Zastal Zielona G\u00f3ra \u2013 Energa Czarni S\u0142upsk<\/p>\n\n\n\n<p class=\"wp-block-paragraph\">Kolejka 18 \u2013 30 stycznia 2027 \u2013 Anwil W\u0142oc\u0142awek \u2013 Zastal Zielona G\u00f3ra<\/p>\n\n\n\n<p class=\"wp-block-paragraph\">Kolejka 19 \u2013 6 lutego 2027 \u2013 AMW Arka Gdynia \u2013 Zastal Zielona G\u00f3ra<\/p>\n\n\n\n<p class=\"wp-block-paragraph\">Kolejka 20 \u2013 14 lutego 2027 \u2013 Zastal Zielona G\u00f3ra \u2013 Tauron GTK Gliwice<\/p>\n\n\n\n<p class=\"wp-block-paragraph\">Kolejka 21 \u2013 7 marca 2027 \u2013 Zastal Zielona G\u00f3ra \u2013 G\u00f3rnik Zamek Ksi\u0105\u017c Wa\u0142brzych<\/p>\n\n\n\n<p class=\"wp-block-paragraph\">Kolejka 22 \u2013 14 marca 2027 \u2013 MKS D\u0105browa G\u00f3rnicza \u2013 Zastal Zielona G\u00f3ra<\/p>\n\n\n\n<p class=\"wp-block-paragraph\">Kolejka 23 \u2013 22 marca 2027 \u2013 Zastal Zielona G\u00f3ra \u2013 Energa Trefl Sopot<\/p>\n\n\n\n<p class=\"wp-block-paragraph\">Kolejka 24 \u2013 26 marca 2027 \u2013 Zastal Zielona G\u00f3ra \u2013 Tasomix Rosiek Stal Ostr\u00f3w Wielkopolski<\/p>\n\n\n\n<p class=\"wp-block-paragraph\">Kolejka 25 \u2013 5 kwietnia 2027 \u2013 Zastal Zielona G\u00f3ra \u2013 Enea Abramczyk Astoria Bydgoszcz<\/p>\n\n\n\n<p class=\"wp-block-paragraph\">Kolejka 26 \u2013 11 kwietnia 2027 \u2013 Legia Warszawa \u2013 Zastal Zielona G\u00f3ra<\/p>\n\n\n\n<p class=\"wp-block-paragraph\">Kolejka 27 \u2013 18 kwietnia 2027 \u2013 Dziki Warszawa \u2013 Zastal Zielona G\u00f3ra<\/p>\n\n\n\n<p class=\"wp-block-paragraph\">Kolejka 28 \u2013 23 kwietnia 2027 \u2013 PGE Start Lublin \u2013 Zastal Zielona G\u00f3ra<\/p>\n\n\n\n<p class=\"wp-block-paragraph\">Kolejka 29 \u2013 2 maja 2027 \u2013 Zastal Zielona G\u00f3ra \u2013 Arriva LOTTO Twarde Pierniki Toru\u0144<\/p>\n\n\n\n<p class=\"wp-block-paragraph\">Kolejka 30 \u2013 6 maja 2027 \u2013 King Szczecin \u2013 Zastal Zielona G\u00f3ra<\/p>\n","protected":false},"excerpt":{"rendered":"<p>Polska Liga Koszyk\u00f3wki opublikowa\u0142a terminarz sezonu 2026\/2027. ORLEN Zastal Zielona G\u00f3ra walk\u0119 o kolejne ligowe punkty rozpocznie 3<\/p>\n","protected":false},"author":3,"featured_media":1236,"comment_status":"open","ping_status":"open","sticky":false,"template":"","format":"standard","meta":{"om_disable_all_campaigns":false,"footnotes":""},"categories":[18,380,367],"tags":[17,26,15,13,64,383,129,273,385,118,382,12,381,14,42,11,10,16],"class_list":["post-1235","post","type-post","status-publish","format-standard","has-post-thumbnail","hentry","category-aktualnosci","category-polska-liga-koszykowki","category-sezon-2026-2027","tag-basketzg","tag-druzyna","tag-koszykowka","tag-orlen-zastal-zielona-gora","tag-plk","tag-plk-terminarz","tag-plkpl","tag-polska-koszykowka","tag-polska-liga-kosz","tag-polska-liga-koszykowki","tag-terminarz-meczow-plk","tag-zastal","tag-zastal-terminarz","tag-zastal-zielona-gora","tag-zastalowcy","tag-zielona-gora","tag-zielonagora","tag-zielonogorska-koszykowka"],"aioseo_notices":[],"aioseo_head":"\n\t\t<!-- All in One SEO 5.0.0.1 - aioseo.com -->\n\t<meta name=\"description\" content=\"Polska Liga Koszyk\u00f3wki opublikowa\u0142a terminarz sezonu 2026\/2027. ORLEN Zastal Zielona G\u00f3ra walk\u0119 o kolejne ligowe punkty rozpocznie 3 pa\u017adziernika wyjazdowym spotkaniem z beniaminkiem rozgrywek \u2013 Ene\u0105 Abramczyk Astori\u0105 Bydgoszcz. Nowy sezon po raz kolejny zainauguruje Superpuchar Polski im. Adama W\u00f3jcika, kt\u00f3ry odb\u0119dzie si\u0119 26 i 27 wrze\u015bnia. O trofeum powalcz\u0105 cztery zespo\u0142y: mistrz Polski Legia\" \/>\n\t<meta name=\"robots\" content=\"max-image-preview:large\" \/>\n\t<meta name=\"author\" content=\"Joanna Nawlicka\"\/>\n\t<link rel=\"canonical\" href=\"https:\/\/zastalowcy.pl\/?p=1235\" \/>\n\t<meta name=\"generator\" content=\"All in One SEO (AIOSEO) 5.0.0.1\" \/>\n\t\t<meta property=\"og:locale\" content=\"pl_PL\" \/>\n\t\t<meta property=\"og:site_name\" content=\"- O Zastalu od kibic\u00f3w \u2013 dla kibic\u00f3w\" \/>\n\t\t<meta property=\"og:type\" content=\"article\" \/>\n\t\t<meta property=\"og:title\" content=\"Znamy terminarz nowego sezonu PLK! Zastal rozpocznie rozgrywki od wyjazdu do Bydgoszczy -\" \/>\n\t\t<meta property=\"og:description\" content=\"Polska Liga Koszyk\u00f3wki opublikowa\u0142a terminarz sezonu 2026\/2027. ORLEN Zastal Zielona G\u00f3ra walk\u0119 o kolejne ligowe punkty rozpocznie 3 pa\u017adziernika wyjazdowym spotkaniem z beniaminkiem rozgrywek \u2013 Ene\u0105 Abramczyk Astori\u0105 Bydgoszcz. Nowy sezon po raz kolejny zainauguruje Superpuchar Polski im. Adama W\u00f3jcika, kt\u00f3ry odb\u0119dzie si\u0119 26 i 27 wrze\u015bnia. O trofeum powalcz\u0105 cztery zespo\u0142y: mistrz Polski Legia\" \/>\n\t\t<meta property=\"og:url\" content=\"https:\/\/zastalowcy.pl\/?p=1235\" \/>\n\t\t<meta property=\"og:image\" content=\"https:\/\/zastalowcy.pl\/wp-content\/uploads\/2025\/09\/cropped-logo-strony-2.png\" \/>\n\t\t<meta property=\"og:image:secure_url\" content=\"https:\/\/zastalowcy.pl\/wp-content\/uploads\/2025\/09\/cropped-logo-strony-2.png\" \/>\n\t\t<meta property=\"og:image:width\" content=\"1862\" \/>\n\t\t<meta property=\"og:image:height\" content=\"384\" \/>\n\t\t<meta property=\"article:published_time\" content=\"2026-07-08T10:27:40+00:00\" \/>\n\t\t<meta property=\"article:modified_time\" content=\"2026-07-08T10:27:40+00:00\" \/>\n\t\t<meta name=\"twitter:card\" content=\"summary_large_image\" \/>\n\t\t<meta name=\"twitter:title\" content=\"Znamy terminarz nowego sezonu PLK! Zastal rozpocznie rozgrywki od wyjazdu do Bydgoszczy -\" \/>\n\t\t<meta name=\"twitter:description\" content=\"Polska Liga Koszyk\u00f3wki opublikowa\u0142a terminarz sezonu 2026\/2027. ORLEN Zastal Zielona G\u00f3ra walk\u0119 o kolejne ligowe punkty rozpocznie 3 pa\u017adziernika wyjazdowym spotkaniem z beniaminkiem rozgrywek \u2013 Ene\u0105 Abramczyk Astori\u0105 Bydgoszcz. Nowy sezon po raz kolejny zainauguruje Superpuchar Polski im. Adama W\u00f3jcika, kt\u00f3ry odb\u0119dzie si\u0119 26 i 27 wrze\u015bnia. O trofeum powalcz\u0105 cztery zespo\u0142y: mistrz Polski Legia\" \/>\n\t\t<meta name=\"twitter:image\" content=\"https:\/\/zastalowcy.pl\/wp-content\/uploads\/2025\/09\/cropped-logo-strony-2.png\" \/>\n\t\t<script type=\"application\/ld+json\" class=\"aioseo-schema\">\n\t\t\t{\"@context\":\"https:\\\/\\\/schema.org\",\"@graph\":[{\"@type\":\"BlogPosting\",\"@id\":\"https:\\\/\\\/zastalowcy.pl\\\/?p=1235#blogposting\",\"name\":\"Znamy terminarz nowego sezonu PLK! Zastal rozpocznie rozgrywki od wyjazdu do Bydgoszczy -\",\"headline\":\"Znamy terminarz nowego sezonu PLK! Zastal rozpocznie rozgrywki od wyjazdu do Bydgoszczy\",\"author\":{\"@id\":\"https:\\\/\\\/zastalowcy.pl\\\/?author=3#author\"},\"publisher\":{\"@id\":\"https:\\\/\\\/zastalowcy.pl\\\/#organization\"},\"image\":{\"@type\":\"ImageObject\",\"url\":\"https:\\\/\\\/zastalowcy.pl\\\/wp-content\\\/uploads\\\/2026\\\/07\\\/profilowe-7.png\",\"width\":2048,\"height\":2048},\"datePublished\":\"2026-07-08T12:27:40+02:00\",\"dateModified\":\"2026-07-08T12:27:40+02:00\",\"inLanguage\":\"pl-PL\",\"commentCount\":3,\"mainEntityOfPage\":{\"@id\":\"https:\\\/\\\/zastalowcy.pl\\\/?p=1235#webpage\"},\"isPartOf\":{\"@id\":\"https:\\\/\\\/zastalowcy.pl\\\/?p=1235#webpage\"},\"articleSection\":\"Aktualno\\u015bci, Polska Liga Koszyk\\u00f3wki, Sezon 2026\\\/2027, basketzg, dru\\u017cyna, koszyk\\u00f3wka, orlen zastal zielona g\\u00f3ra, plk, plk terminarz, plkpl, polska koszyk\\u00f3wka, polska liga kosz, Polska Liga Koszyk\\u00f3wki, terminarz mecz\\u00f3w plk, zastal, zastal terminarz, zastal zielona g\\u00f3ra, zastalowcy, zielona g\\u00f3ra, zielonagora, zielonog\\u00f3rska koszyk\\u00f3wka\"},{\"@type\":\"BreadcrumbList\",\"@id\":\"https:\\\/\\\/zastalowcy.pl\\\/?p=1235#breadcrumblist\",\"itemListElement\":[{\"@type\":\"ListItem\",\"@id\":\"https:\\\/\\\/zastalowcy.pl#listItem\",\"position\":1,\"name\":\"Home\",\"item\":\"https:\\\/\\\/zastalowcy.pl\",\"nextItem\":{\"@type\":\"ListItem\",\"@id\":\"https:\\\/\\\/zastalowcy.pl\\\/?cat=18#listItem\",\"name\":\"Aktualno\\u015bci\"}},{\"@type\":\"ListItem\",\"@id\":\"https:\\\/\\\/zastalowcy.pl\\\/?cat=18#listItem\",\"position\":2,\"name\":\"Aktualno\\u015bci\",\"item\":\"https:\\\/\\\/zastalowcy.pl\\\/?cat=18\",\"nextItem\":{\"@type\":\"ListItem\",\"@id\":\"https:\\\/\\\/zastalowcy.pl\\\/?p=1235#listItem\",\"name\":\"Znamy terminarz nowego sezonu PLK! Zastal rozpocznie rozgrywki od wyjazdu do Bydgoszczy\"},\"previousItem\":{\"@type\":\"ListItem\",\"@id\":\"https:\\\/\\\/zastalowcy.pl#listItem\",\"name\":\"Home\"}},{\"@type\":\"ListItem\",\"@id\":\"https:\\\/\\\/zastalowcy.pl\\\/?p=1235#listItem\",\"position\":3,\"name\":\"Znamy terminarz nowego sezonu PLK! Zastal rozpocznie rozgrywki od wyjazdu do Bydgoszczy\",\"previousItem\":{\"@type\":\"ListItem\",\"@id\":\"https:\\\/\\\/zastalowcy.pl\\\/?cat=18#listItem\",\"name\":\"Aktualno\\u015bci\"}}]},{\"@type\":\"Organization\",\"@id\":\"https:\\\/\\\/zastalowcy.pl\\\/#organization\",\"description\":\"O Zastalu od kibic\\u00f3w \\u2013 dla kibic\\u00f3w\",\"url\":\"https:\\\/\\\/zastalowcy.pl\\\/\",\"logo\":{\"@type\":\"ImageObject\",\"url\":\"https:\\\/\\\/zastalowcy.pl\\\/wp-content\\\/uploads\\\/2025\\\/09\\\/cropped-logo-strony-2.png\",\"@id\":\"https:\\\/\\\/zastalowcy.pl\\\/?p=1235\\\/#organizationLogo\",\"width\":1862,\"height\":384},\"image\":{\"@id\":\"https:\\\/\\\/zastalowcy.pl\\\/?p=1235\\\/#organizationLogo\"}},{\"@type\":\"Person\",\"@id\":\"https:\\\/\\\/zastalowcy.pl\\\/?author=3#author\",\"url\":\"https:\\\/\\\/zastalowcy.pl\\\/?author=3\",\"name\":\"Joanna Nawlicka\",\"image\":{\"@type\":\"ImageObject\",\"@id\":\"https:\\\/\\\/zastalowcy.pl\\\/?p=1235#authorImage\",\"url\":\"https:\\\/\\\/secure.gravatar.com\\\/avatar\\\/66fc557d97536ff5096b6295970275631b7a4673997738477642001957f5274c?s=96&d=mm&r=g\",\"width\":96,\"height\":96,\"caption\":\"Joanna Nawlicka\"}},{\"@type\":\"WebPage\",\"@id\":\"https:\\\/\\\/zastalowcy.pl\\\/?p=1235#webpage\",\"url\":\"https:\\\/\\\/zastalowcy.pl\\\/?p=1235\",\"name\":\"Znamy terminarz nowego sezonu PLK! Zastal rozpocznie rozgrywki od wyjazdu do Bydgoszczy -\",\"description\":\"Polska Liga Koszyk\\u00f3wki opublikowa\\u0142a terminarz sezonu 2026\\\/2027. ORLEN Zastal Zielona G\\u00f3ra walk\\u0119 o kolejne ligowe punkty rozpocznie 3 pa\\u017adziernika wyjazdowym spotkaniem z beniaminkiem rozgrywek \\u2013 Ene\\u0105 Abramczyk Astori\\u0105 Bydgoszcz. Nowy sezon po raz kolejny zainauguruje Superpuchar Polski im. Adama W\\u00f3jcika, kt\\u00f3ry odb\\u0119dzie si\\u0119 26 i 27 wrze\\u015bnia. O trofeum powalcz\\u0105 cztery zespo\\u0142y: mistrz Polski Legia\",\"inLanguage\":\"pl-PL\",\"isPartOf\":{\"@id\":\"https:\\\/\\\/zastalowcy.pl\\\/#website\"},\"breadcrumb\":{\"@id\":\"https:\\\/\\\/zastalowcy.pl\\\/?p=1235#breadcrumblist\"},\"author\":{\"@id\":\"https:\\\/\\\/zastalowcy.pl\\\/?author=3#author\"},\"creator\":{\"@id\":\"https:\\\/\\\/zastalowcy.pl\\\/?author=3#author\"},\"image\":{\"@type\":\"ImageObject\",\"url\":\"https:\\\/\\\/zastalowcy.pl\\\/wp-content\\\/uploads\\\/2026\\\/07\\\/profilowe-7.png\",\"@id\":\"https:\\\/\\\/zastalowcy.pl\\\/?p=1235\\\/#mainImage\",\"width\":2048,\"height\":2048},\"primaryImageOfPage\":{\"@id\":\"https:\\\/\\\/zastalowcy.pl\\\/?p=1235#mainImage\"},\"datePublished\":\"2026-07-08T12:27:40+02:00\",\"dateModified\":\"2026-07-08T12:27:40+02:00\"},{\"@type\":\"WebSite\",\"@id\":\"https:\\\/\\\/zastalowcy.pl\\\/#website\",\"url\":\"https:\\\/\\\/zastalowcy.pl\\\/\",\"description\":\"O Zastalu od kibic\\u00f3w \\u2013 dla kibic\\u00f3w\",\"inLanguage\":\"pl-PL\",\"publisher\":{\"@id\":\"https:\\\/\\\/zastalowcy.pl\\\/#organization\"}}]}\n\t\t<\/script>\n\t\t<!-- All in One SEO -->\n\n","aioseo_head_json":{"title":"Znamy terminarz nowego sezonu PLK! Zastal rozpocznie rozgrywki od wyjazdu do Bydgoszczy -","description":"Polska Liga Koszyk\u00f3wki opublikowa\u0142a terminarz sezonu 2026\/2027. ORLEN Zastal Zielona G\u00f3ra walk\u0119 o kolejne ligowe punkty rozpocznie 3 pa\u017adziernika wyjazdowym spotkaniem z beniaminkiem rozgrywek \u2013 Ene\u0105 Abramczyk Astori\u0105 Bydgoszcz. Nowy sezon po raz kolejny zainauguruje Superpuchar Polski im. Adama W\u00f3jcika, kt\u00f3ry odb\u0119dzie si\u0119 26 i 27 wrze\u015bnia. O trofeum powalcz\u0105 cztery zespo\u0142y: mistrz Polski Legia","canonical_url":"https:\/\/zastalowcy.pl\/?p=1235","robots":"max-image-preview:large","keywords":"","webmasterTools":{"miscellaneous":""},"schema":{"@context":"https:\/\/schema.org","@graph":[{"@type":"BlogPosting","@id":"https:\/\/zastalowcy.pl\/?p=1235#blogposting","name":"Znamy terminarz nowego sezonu PLK! Zastal rozpocznie rozgrywki od wyjazdu do Bydgoszczy -","headline":"Znamy terminarz nowego sezonu PLK! Zastal rozpocznie rozgrywki od wyjazdu do Bydgoszczy","author":{"@id":"https:\/\/zastalowcy.pl\/?author=3#author"},"publisher":{"@id":"https:\/\/zastalowcy.pl\/#organization"},"image":{"@type":"ImageObject","url":"https:\/\/zastalowcy.pl\/wp-content\/uploads\/2026\/07\/profilowe-7.png","width":2048,"height":2048},"datePublished":"2026-07-08T12:27:40+02:00","dateModified":"2026-07-08T12:27:40+02:00","inLanguage":"pl-PL","commentCount":3,"mainEntityOfPage":{"@id":"https:\/\/zastalowcy.pl\/?p=1235#webpage"},"isPartOf":{"@id":"https:\/\/zastalowcy.pl\/?p=1235#webpage"},"articleSection":"Aktualno\u015bci, Polska Liga Koszyk\u00f3wki, Sezon 2026\/2027, basketzg, dru\u017cyna, koszyk\u00f3wka, orlen zastal zielona g\u00f3ra, plk, plk terminarz, plkpl, polska koszyk\u00f3wka, polska liga kosz, Polska Liga Koszyk\u00f3wki, terminarz mecz\u00f3w plk, zastal, zastal terminarz, zastal zielona g\u00f3ra, zastalowcy, zielona g\u00f3ra, zielonagora, zielonog\u00f3rska koszyk\u00f3wka"},{"@type":"BreadcrumbList","@id":"https:\/\/zastalowcy.pl\/?p=1235#breadcrumblist","itemListElement":[{"@type":"ListItem","@id":"https:\/\/zastalowcy.pl#listItem","position":1,"name":"Home","item":"https:\/\/zastalowcy.pl","nextItem":{"@type":"ListItem","@id":"https:\/\/zastalowcy.pl\/?cat=18#listItem","name":"Aktualno\u015bci"}},{"@type":"ListItem","@id":"https:\/\/zastalowcy.pl\/?cat=18#listItem","position":2,"name":"Aktualno\u015bci","item":"https:\/\/zastalowcy.pl\/?cat=18","nextItem":{"@type":"ListItem","@id":"https:\/\/zastalowcy.pl\/?p=1235#listItem","name":"Znamy terminarz nowego sezonu PLK! Zastal rozpocznie rozgrywki od wyjazdu do Bydgoszczy"},"previousItem":{"@type":"ListItem","@id":"https:\/\/zastalowcy.pl#listItem","name":"Home"}},{"@type":"ListItem","@id":"https:\/\/zastalowcy.pl\/?p=1235#listItem","position":3,"name":"Znamy terminarz nowego sezonu PLK! Zastal rozpocznie rozgrywki od wyjazdu do Bydgoszczy","previousItem":{"@type":"ListItem","@id":"https:\/\/zastalowcy.pl\/?cat=18#listItem","name":"Aktualno\u015bci"}}]},{"@type":"Organization","@id":"https:\/\/zastalowcy.pl\/#organization","description":"O Zastalu od kibic\u00f3w \u2013 dla kibic\u00f3w","url":"https:\/\/zastalowcy.pl\/","logo":{"@type":"ImageObject","url":"https:\/\/zastalowcy.pl\/wp-content\/uploads\/2025\/09\/cropped-logo-strony-2.png","@id":"https:\/\/zastalowcy.pl\/?p=1235\/#organizationLogo","width":1862,"height":384},"image":{"@id":"https:\/\/zastalowcy.pl\/?p=1235\/#organizationLogo"}},{"@type":"Person","@id":"https:\/\/zastalowcy.pl\/?author=3#author","url":"https:\/\/zastalowcy.pl\/?author=3","name":"Joanna Nawlicka","image":{"@type":"ImageObject","@id":"https:\/\/zastalowcy.pl\/?p=1235#authorImage","url":"https:\/\/secure.gravatar.com\/avatar\/66fc557d97536ff5096b6295970275631b7a4673997738477642001957f5274c?s=96&d=mm&r=g","width":96,"height":96,"caption":"Joanna Nawlicka"}},{"@type":"WebPage","@id":"https:\/\/zastalowcy.pl\/?p=1235#webpage","url":"https:\/\/zastalowcy.pl\/?p=1235","name":"Znamy terminarz nowego sezonu PLK! Zastal rozpocznie rozgrywki od wyjazdu do Bydgoszczy -","description":"Polska Liga Koszyk\u00f3wki opublikowa\u0142a terminarz sezonu 2026\/2027. ORLEN Zastal Zielona G\u00f3ra walk\u0119 o kolejne ligowe punkty rozpocznie 3 pa\u017adziernika wyjazdowym spotkaniem z beniaminkiem rozgrywek \u2013 Ene\u0105 Abramczyk Astori\u0105 Bydgoszcz. Nowy sezon po raz kolejny zainauguruje Superpuchar Polski im. Adama W\u00f3jcika, kt\u00f3ry odb\u0119dzie si\u0119 26 i 27 wrze\u015bnia. O trofeum powalcz\u0105 cztery zespo\u0142y: mistrz Polski Legia","inLanguage":"pl-PL","isPartOf":{"@id":"https:\/\/zastalowcy.pl\/#website"},"breadcrumb":{"@id":"https:\/\/zastalowcy.pl\/?p=1235#breadcrumblist"},"author":{"@id":"https:\/\/zastalowcy.pl\/?author=3#author"},"creator":{"@id":"https:\/\/zastalowcy.pl\/?author=3#author"},"image":{"@type":"ImageObject","url":"https:\/\/zastalowcy.pl\/wp-content\/uploads\/2026\/07\/profilowe-7.png","@id":"https:\/\/zastalowcy.pl\/?p=1235\/#mainImage","width":2048,"height":2048},"primaryImageOfPage":{"@id":"https:\/\/zastalowcy.pl\/?p=1235#mainImage"},"datePublished":"2026-07-08T12:27:40+02:00","dateModified":"2026-07-08T12:27:40+02:00"},{"@type":"WebSite","@id":"https:\/\/zastalowcy.pl\/#website","url":"https:\/\/zastalowcy.pl\/","description":"O Zastalu od kibic\u00f3w \u2013 dla kibic\u00f3w","inLanguage":"pl-PL","publisher":{"@id":"https:\/\/zastalowcy.pl\/#organization"}}]},"og:locale":"pl_PL","og:site_name":"- O Zastalu od kibic\u00f3w \u2013 dla kibic\u00f3w","og:type":"article","og:title":"Znamy terminarz nowego sezonu PLK! Zastal rozpocznie rozgrywki od wyjazdu do Bydgoszczy -","og:description":"Polska Liga Koszyk\u00f3wki opublikowa\u0142a terminarz sezonu 2026\/2027. ORLEN Zastal Zielona G\u00f3ra walk\u0119 o kolejne ligowe punkty rozpocznie 3 pa\u017adziernika wyjazdowym spotkaniem z beniaminkiem rozgrywek \u2013 Ene\u0105 Abramczyk Astori\u0105 Bydgoszcz. Nowy sezon po raz kolejny zainauguruje Superpuchar Polski im. Adama W\u00f3jcika, kt\u00f3ry odb\u0119dzie si\u0119 26 i 27 wrze\u015bnia. O trofeum powalcz\u0105 cztery zespo\u0142y: mistrz Polski Legia","og:url":"https:\/\/zastalowcy.pl\/?p=1235","og:image":"https:\/\/zastalowcy.pl\/wp-content\/uploads\/2025\/09\/cropped-logo-strony-2.png","og:image:secure_url":"https:\/\/zastalowcy.pl\/wp-content\/uploads\/2025\/09\/cropped-logo-strony-2.png","og:image:width":1862,"og:image:height":384,"article:published_time":"2026-07-08T10:27:40+00:00","article:modified_time":"2026-07-08T10:27:40+00:00","twitter:card":"summary_large_image","twitter:title":"Znamy terminarz nowego sezonu PLK! Zastal rozpocznie rozgrywki od wyjazdu do Bydgoszczy -","twitter:description":"Polska Liga Koszyk\u00f3wki opublikowa\u0142a terminarz sezonu 2026\/2027. ORLEN Zastal Zielona G\u00f3ra walk\u0119 o kolejne ligowe punkty rozpocznie 3 pa\u017adziernika wyjazdowym spotkaniem z beniaminkiem rozgrywek \u2013 Ene\u0105 Abramczyk Astori\u0105 Bydgoszcz. Nowy sezon po raz kolejny zainauguruje Superpuchar Polski im. Adama W\u00f3jcika, kt\u00f3ry odb\u0119dzie si\u0119 26 i 27 wrze\u015bnia. O trofeum powalcz\u0105 cztery zespo\u0142y: mistrz Polski Legia","twitter:image":"https:\/\/zastalowcy.pl\/wp-content\/uploads\/2025\/09\/cropped-logo-strony-2.png"},"aioseo_meta_data":{"post_id":"1235","title":null,"description":null,"keywords":null,"keyphrases":null,"primary_term":null,"canonical_url":null,"og_title":null,"og_description":null,"og_object_type":"default","og_image_type":"default","og_image_custom_url":null,"og_image_custom_fields":null,"og_image_url":null,"og_image_width":null,"og_image_height":null,"og_video":null,"og_custom_url":null,"og_article_section":null,"og_article_tags":null,"twitter_use_og":false,"twitter_card":"default","twitter_image_type":"default","twitter_image_custom_url":null,"twitter_image_custom_fields":null,"twitter_image_url":null,"twitter_title":null,"twitter_description":null,"schema_type":"default","schema_type_options":null,"schema":{"blockGraphs":[],"customGraphs":[],"default":{"data":{"Article":[],"Course":[],"Dataset":[],"FAQPage":[],"Movie":[],"Person":[],"Product":[],"ProductReview":[],"Car":[],"Recipe":[],"Service":[],"SoftwareApplication":[],"WebPage":[]},"graphName":"","isEnabled":true},"graphs":[]},"pillar_content":false,"robots_default":true,"robots_noindex":false,"robots_noarchive":false,"robots_nosnippet":false,"robots_nofollow":false,"robots_noimageindex":false,"robots_noodp":false,"robots_notranslate":false,"robots_max_snippet":null,"robots_max_videopreview":null,"robots_max_imagepreview":"large","priority":null,"frequency":null,"local_seo":null,"limit_modified_date":false,"ai":null,"breadcrumb_settings":null,"seo_analyzer_scan_date":null,"created":"2026-07-15 17:09:19","updated":"2026-07-15 17:09:19","focus_keyword":null,"additional_keywords":null,"truseo_locale":null},"aioseo_breadcrumb":"<div class=\"aioseo-breadcrumbs\"><span class=\"aioseo-breadcrumb\">\n\t\t\t<a href=\"https:\/\/zastalowcy.pl\" title=\"Home\">Home<\/a>\n\t\t<\/span><span class=\"aioseo-breadcrumb-separator\">&raquo;<\/span><span class=\"aioseo-breadcrumb\">\n\t\t\t<a href=\"https:\/\/zastalowcy.pl\/?cat=18\" title=\"Aktualno\u015bci\">Aktualno\u015bci<\/a>\n\t\t<\/span><span class=\"aioseo-breadcrumb-separator\">&raquo;<\/span><span class=\"aioseo-breadcrumb\">\n\t\t\tZnamy terminarz nowego sezonu PLK! Zastal rozpocznie rozgrywki od wyjazdu do Bydgoszczy\n\t\t<\/span><\/div>","aioseo_breadcrumb_json":[{"label":"Home","link":"https:\/\/zastalowcy.pl"},{"label":"Aktualno\u015bci","link":"https:\/\/zastalowcy.pl\/?cat=18"},{"label":"Znamy terminarz nowego sezonu PLK! Zastal rozpocznie rozgrywki od wyjazdu do Bydgoszczy","link":"https:\/\/zastalowcy.pl\/?p=1235"}],"_links":{"self":[{"href":"https:\/\/zastalowcy.pl\/index.php?rest_route=\/wp\/v2\/posts\/1235","targetHints":{"allow":["GET"]}}],"collection":[{"href":"https:\/\/zastalowcy.pl\/index.php?rest_route=\/wp\/v2\/posts"}],"about":[{"href":"https:\/\/zastalowcy.pl\/index.php?rest_route=\/wp\/v2\/types\/post"}],"author":[{"embeddable":true,"href":"https:\/\/zastalowcy.pl\/index.php?rest_route=\/wp\/v2\/users\/3"}],"replies":[{"embeddable":true,"href":"https:\/\/zastalowcy.pl\/index.php?rest_route=%2Fwp%2Fv2%2Fcomments&post=1235"}],"version-history":[{"count":1,"href":"https:\/\/zastalowcy.pl\/index.php?rest_route=\/wp\/v2\/posts\/1235\/revisions"}],"predecessor-version":[{"id":1237,"href":"https:\/\/zastalowcy.pl\/index.php?rest_route=\/wp\/v2\/posts\/1235\/revisions\/1237"}],"wp:featuredmedia":[{"embeddable":true,"href":"https:\/\/zastalowcy.pl\/index.php?rest_route=\/wp\/v2\/media\/1236"}],"wp:attachment":[{"href":"https:\/\/zastalowcy.pl\/index.php?rest_route=%2Fwp%2Fv2%2Fmedia&parent=1235"}],"wp:term":[{"taxonomy":"category","embeddable":true,"href":"https:\/\/zastalowcy.pl\/index.php?rest_route=%2Fwp%2Fv2%2Fcategories&post=1235"},{"taxonomy":"post_tag","embeddable":true,"href":"https:\/\/zastalowcy.pl\/index.php?rest_route=%2Fwp%2Fv2%2Ftags&post=1235"}],"curies":[{"name":"wp","href":"https:\/\/api.w.org\/{rel}","templated":true}]}}