{"id":1256,"date":"2026-07-14T21:09:00","date_gmt":"2026-07-14T19:09:00","guid":{"rendered":"https:\/\/zastalowcy.pl\/?p=1256"},"modified":"2026-07-15T18:31:18","modified_gmt":"2026-07-15T16:31:18","slug":"zastal-traci-trenera-zmiany-w-sztabie-szkoleniowcow","status":"publish","type":"post","link":"https:\/\/zastalowcy.pl\/?p=1256","title":{"rendered":"Zastal traci trenera. Zmiany w sztabie szkoleniowc\u00f3w"},"content":{"rendered":"\n<p class=\"wp-block-paragraph\">ORLEN Zastal Zielona G\u00f3ra poinformowa\u0142 o kolejnej zmianie przed rozpocz\u0119ciem sezonu 2026\/2027. Z klubem \u017cegna si\u0119 Kendall Chones, kt\u00f3ry w minionych rozgrywkach pe\u0142ni\u0142 funkcj\u0119 asystenta trenera Arkadiusza Mi\u0142oszewskiego.<\/p>\n\n\n\n<p class=\"wp-block-paragraph\">Amerykanin by\u0142 cz\u0119\u015bci\u0105 sztabu szkoleniowego zespo\u0142u, kt\u00f3ry zako\u0144czy\u0142 sezon zdobyciem wicemistrzostwa Polski. Wsp\u00f3lnie z trenerem Arkadiuszem Mi\u0142oszewskim oraz pozosta\u0142ymi cz\u0142onkami sztabu mia\u0142 sw\u00f3j udzia\u0142 w jednym z najwi\u0119kszych sukces\u00f3w Zastalu w ostatnich latach.<\/p>\n\n\n\n<p class=\"wp-block-paragraph\">Klub poinformowa\u0142 o rozstaniu m.in. za po\u015brednictwem medi\u00f3w spo\u0142eczno\u015bciowych: <em>Kendall Chones nie b\u0119dzie ju\u017c asystentem Arkadiusza Mi\u0142oszewskiego. Chcieliby\u015bmy podzi\u0119kowa\u0107 Kendallowi za ka\u017cdy dzie\u0144 pracy w roli asystenta trenera naszego klubu. \u017byczymy powodzenia zar\u00f3wno w dalszej karierze sportowej, jak i w \u017cyciu prywatnym! Thank you, Kendall! Once green, always green!<\/em> \u2013 przekaza\u0142 ORLEN Zastal Zielona G\u00f3ra.<\/p>\n\n\n\n<p class=\"wp-block-paragraph\">Na ten moment klub nie poinformowa\u0142 jeszcze, kto zajmie miejsce Kendalla Chonesa w sztabie szkoleniowym.<\/p>\n\n\n\n<p class=\"wp-block-paragraph\">Przed Zastalem intensywny sezon 2026\/2027. Zielonog\u00f3rzanie b\u0119d\u0105 rywalizowa\u0107 nie tylko w <a href=\"https:\/\/zastalowcy.pl\/?p=1235\" title=\"\">ORLEN Basket Lidze<\/a>, ale tak\u017ce wr\u00f3c\u0105 na europejskie parkiety, bior\u0105c udzia\u0142 w rozgrywkach <a href=\"https:\/\/zastalowcy.pl\/?p=1228\" title=\"\">FIBA Europe Cup<\/a>. W najbli\u017cszych tygodniach mo\u017cna spodziewa\u0107 si\u0119 kolejnych informacji dotycz\u0105cych kompletowania zar\u00f3wno sk\u0142adu zawodnik\u00f3w, jak i sztabu szkoleniowego.<\/p>\n\n\n\n<p class=\"wp-block-paragraph\">\ud83c\udfc0 Zastalowcy.pl \u2013 o Zastalu od kibic\u00f3w \u2013 dla kibic\u00f3w<\/p>\n\n\n\n<p class=\"wp-block-paragraph\"><\/p>\n","protected":false},"excerpt":{"rendered":"<p>ORLEN Zastal Zielona G\u00f3ra poinformowa\u0142 o kolejnej zmianie przed rozpocz\u0119ciem sezonu 2026\/2027. Z klubem \u017cegna si\u0119 Kendall Chones,<\/p>\n","protected":false},"author":3,"featured_media":1258,"comment_status":"open","ping_status":"open","sticky":false,"template":"","format":"standard","meta":{"om_disable_all_campaigns":false,"footnotes":""},"categories":[18,367,8],"tags":[17,26,85,15,13,12,265,14,42,11,10,16],"class_list":["post-1256","post","type-post","status-publish","format-standard","has-post-thumbnail","hentry","category-aktualnosci","category-sezon-2026-2027","category-wiadomosci-z-klubu","tag-basketzg","tag-druzyna","tag-kendall-chones","tag-koszykowka","tag-orlen-zastal-zielona-gora","tag-zastal","tag-zastal-trener","tag-zastal-zielona-gora","tag-zastalowcy","tag-zielona-gora","tag-zielonagora","tag-zielonogorska-koszykowka"],"aioseo_notices":[],"aioseo_head":"\n\t\t<!-- All in One SEO 5.0.0.1 - aioseo.com -->\n\t<meta name=\"description\" content=\"ORLEN Zastal Zielona G\u00f3ra poinformowa\u0142 o kolejnej zmianie przed rozpocz\u0119ciem sezonu 2026\/2027. Z klubem \u017cegna si\u0119 Kendall Chones, kt\u00f3ry w minionych rozgrywkach pe\u0142ni\u0142 funkcj\u0119 asystenta trenera Arkadiusza Mi\u0142oszewskiego. Amerykanin by\u0142 cz\u0119\u015bci\u0105 sztabu szkoleniowego zespo\u0142u, kt\u00f3ry zako\u0144czy\u0142 sezon zdobyciem wicemistrzostwa Polski. Wsp\u00f3lnie z trenerem Arkadiuszem Mi\u0142oszewskim oraz pozosta\u0142ymi cz\u0142onkami sztabu mia\u0142 sw\u00f3j udzia\u0142 w jednym z\" \/>\n\t<meta name=\"robots\" content=\"max-image-preview:large\" \/>\n\t<meta name=\"author\" content=\"Joanna Nawlicka\"\/>\n\t<link rel=\"canonical\" href=\"https:\/\/zastalowcy.pl\/?p=1256\" \/>\n\t<meta name=\"generator\" content=\"All in One SEO (AIOSEO) 5.0.0.1\" \/>\n\t\t<meta property=\"og:locale\" content=\"pl_PL\" \/>\n\t\t<meta property=\"og:site_name\" content=\"- O Zastalu od kibic\u00f3w \u2013 dla kibic\u00f3w\" \/>\n\t\t<meta property=\"og:type\" content=\"article\" \/>\n\t\t<meta property=\"og:title\" content=\"Zastal traci trenera. Zmiany w sztabie szkoleniowc\u00f3w -\" \/>\n\t\t<meta property=\"og:description\" content=\"ORLEN Zastal Zielona G\u00f3ra poinformowa\u0142 o kolejnej zmianie przed rozpocz\u0119ciem sezonu 2026\/2027. Z klubem \u017cegna si\u0119 Kendall Chones, kt\u00f3ry w minionych rozgrywkach pe\u0142ni\u0142 funkcj\u0119 asystenta trenera Arkadiusza Mi\u0142oszewskiego. Amerykanin by\u0142 cz\u0119\u015bci\u0105 sztabu szkoleniowego zespo\u0142u, kt\u00f3ry zako\u0144czy\u0142 sezon zdobyciem wicemistrzostwa Polski. Wsp\u00f3lnie z trenerem Arkadiuszem Mi\u0142oszewskim oraz pozosta\u0142ymi cz\u0142onkami sztabu mia\u0142 sw\u00f3j udzia\u0142 w jednym z\" \/>\n\t\t<meta property=\"og:url\" content=\"https:\/\/zastalowcy.pl\/?p=1256\" \/>\n\t\t<meta property=\"og:image\" content=\"https:\/\/zastalowcy.pl\/wp-content\/uploads\/2025\/09\/cropped-logo-strony-2.png\" \/>\n\t\t<meta property=\"og:image:secure_url\" content=\"https:\/\/zastalowcy.pl\/wp-content\/uploads\/2025\/09\/cropped-logo-strony-2.png\" \/>\n\t\t<meta property=\"og:image:width\" content=\"1862\" \/>\n\t\t<meta property=\"og:image:height\" content=\"384\" \/>\n\t\t<meta property=\"article:published_time\" content=\"2026-07-14T19:09:00+00:00\" \/>\n\t\t<meta property=\"article:modified_time\" content=\"2026-07-15T16:31:18+00:00\" \/>\n\t\t<meta name=\"twitter:card\" content=\"summary_large_image\" \/>\n\t\t<meta name=\"twitter:title\" content=\"Zastal traci trenera. Zmiany w sztabie szkoleniowc\u00f3w -\" \/>\n\t\t<meta name=\"twitter:description\" content=\"ORLEN Zastal Zielona G\u00f3ra poinformowa\u0142 o kolejnej zmianie przed rozpocz\u0119ciem sezonu 2026\/2027. Z klubem \u017cegna si\u0119 Kendall Chones, kt\u00f3ry w minionych rozgrywkach pe\u0142ni\u0142 funkcj\u0119 asystenta trenera Arkadiusza Mi\u0142oszewskiego. Amerykanin by\u0142 cz\u0119\u015bci\u0105 sztabu szkoleniowego zespo\u0142u, kt\u00f3ry zako\u0144czy\u0142 sezon zdobyciem wicemistrzostwa Polski. Wsp\u00f3lnie z trenerem Arkadiuszem Mi\u0142oszewskim oraz pozosta\u0142ymi cz\u0142onkami sztabu mia\u0142 sw\u00f3j udzia\u0142 w jednym z\" \/>\n\t\t<meta name=\"twitter:image\" content=\"https:\/\/zastalowcy.pl\/wp-content\/uploads\/2025\/09\/cropped-logo-strony-2.png\" \/>\n\t\t<script type=\"application\/ld+json\" class=\"aioseo-schema\">\n\t\t\t{\"@context\":\"https:\\\/\\\/schema.org\",\"@graph\":[{\"@type\":\"BlogPosting\",\"@id\":\"https:\\\/\\\/zastalowcy.pl\\\/?p=1256#blogposting\",\"name\":\"Zastal traci trenera. Zmiany w sztabie szkoleniowc\\u00f3w -\",\"headline\":\"Zastal traci trenera. Zmiany w sztabie szkoleniowc\\u00f3w\",\"author\":{\"@id\":\"https:\\\/\\\/zastalowcy.pl\\\/?author=3#author\"},\"publisher\":{\"@id\":\"https:\\\/\\\/zastalowcy.pl\\\/#organization\"},\"image\":{\"@type\":\"ImageObject\",\"url\":\"https:\\\/\\\/zastalowcy.pl\\\/wp-content\\\/uploads\\\/2026\\\/07\\\/profilowe-8.png\",\"width\":2048,\"height\":2048},\"datePublished\":\"2026-07-14T21:09:00+02:00\",\"dateModified\":\"2026-07-15T18:31:18+02:00\",\"inLanguage\":\"pl-PL\",\"commentCount\":1,\"mainEntityOfPage\":{\"@id\":\"https:\\\/\\\/zastalowcy.pl\\\/?p=1256#webpage\"},\"isPartOf\":{\"@id\":\"https:\\\/\\\/zastalowcy.pl\\\/?p=1256#webpage\"},\"articleSection\":\"Aktualno\\u015bci, Sezon 2026\\\/2027, Wiadomo\\u015bci z klubu, basketzg, dru\\u017cyna, Kendall Chones, koszyk\\u00f3wka, orlen zastal zielona g\\u00f3ra, zastal, zastal trener, zastal zielona g\\u00f3ra, zastalowcy, zielona g\\u00f3ra, zielonagora, zielonog\\u00f3rska koszyk\\u00f3wka\"},{\"@type\":\"BreadcrumbList\",\"@id\":\"https:\\\/\\\/zastalowcy.pl\\\/?p=1256#breadcrumblist\",\"itemListElement\":[{\"@type\":\"ListItem\",\"@id\":\"https:\\\/\\\/zastalowcy.pl#listItem\",\"position\":1,\"name\":\"Home\",\"item\":\"https:\\\/\\\/zastalowcy.pl\",\"nextItem\":{\"@type\":\"ListItem\",\"@id\":\"https:\\\/\\\/zastalowcy.pl\\\/?cat=8#listItem\",\"name\":\"Wiadomo\\u015bci z klubu\"}},{\"@type\":\"ListItem\",\"@id\":\"https:\\\/\\\/zastalowcy.pl\\\/?cat=8#listItem\",\"position\":2,\"name\":\"Wiadomo\\u015bci z klubu\",\"item\":\"https:\\\/\\\/zastalowcy.pl\\\/?cat=8\",\"nextItem\":{\"@type\":\"ListItem\",\"@id\":\"https:\\\/\\\/zastalowcy.pl\\\/?p=1256#listItem\",\"name\":\"Zastal traci trenera. Zmiany w sztabie szkoleniowc\\u00f3w\"},\"previousItem\":{\"@type\":\"ListItem\",\"@id\":\"https:\\\/\\\/zastalowcy.pl#listItem\",\"name\":\"Home\"}},{\"@type\":\"ListItem\",\"@id\":\"https:\\\/\\\/zastalowcy.pl\\\/?p=1256#listItem\",\"position\":3,\"name\":\"Zastal traci trenera. Zmiany w sztabie szkoleniowc\\u00f3w\",\"previousItem\":{\"@type\":\"ListItem\",\"@id\":\"https:\\\/\\\/zastalowcy.pl\\\/?cat=8#listItem\",\"name\":\"Wiadomo\\u015bci z klubu\"}}]},{\"@type\":\"Organization\",\"@id\":\"https:\\\/\\\/zastalowcy.pl\\\/#organization\",\"description\":\"O Zastalu od kibic\\u00f3w \\u2013 dla kibic\\u00f3w\",\"url\":\"https:\\\/\\\/zastalowcy.pl\\\/\",\"logo\":{\"@type\":\"ImageObject\",\"url\":\"https:\\\/\\\/zastalowcy.pl\\\/wp-content\\\/uploads\\\/2025\\\/09\\\/cropped-logo-strony-2.png\",\"@id\":\"https:\\\/\\\/zastalowcy.pl\\\/?p=1256\\\/#organizationLogo\",\"width\":1862,\"height\":384},\"image\":{\"@id\":\"https:\\\/\\\/zastalowcy.pl\\\/?p=1256\\\/#organizationLogo\"}},{\"@type\":\"Person\",\"@id\":\"https:\\\/\\\/zastalowcy.pl\\\/?author=3#author\",\"url\":\"https:\\\/\\\/zastalowcy.pl\\\/?author=3\",\"name\":\"Joanna Nawlicka\",\"image\":{\"@type\":\"ImageObject\",\"@id\":\"https:\\\/\\\/zastalowcy.pl\\\/?p=1256#authorImage\",\"url\":\"https:\\\/\\\/secure.gravatar.com\\\/avatar\\\/66fc557d97536ff5096b6295970275631b7a4673997738477642001957f5274c?s=96&d=mm&r=g\",\"width\":96,\"height\":96,\"caption\":\"Joanna Nawlicka\"}},{\"@type\":\"WebPage\",\"@id\":\"https:\\\/\\\/zastalowcy.pl\\\/?p=1256#webpage\",\"url\":\"https:\\\/\\\/zastalowcy.pl\\\/?p=1256\",\"name\":\"Zastal traci trenera. Zmiany w sztabie szkoleniowc\\u00f3w -\",\"description\":\"ORLEN Zastal Zielona G\\u00f3ra poinformowa\\u0142 o kolejnej zmianie przed rozpocz\\u0119ciem sezonu 2026\\\/2027. Z klubem \\u017cegna si\\u0119 Kendall Chones, kt\\u00f3ry w minionych rozgrywkach pe\\u0142ni\\u0142 funkcj\\u0119 asystenta trenera Arkadiusza Mi\\u0142oszewskiego. Amerykanin by\\u0142 cz\\u0119\\u015bci\\u0105 sztabu szkoleniowego zespo\\u0142u, kt\\u00f3ry zako\\u0144czy\\u0142 sezon zdobyciem wicemistrzostwa Polski. Wsp\\u00f3lnie z trenerem Arkadiuszem Mi\\u0142oszewskim oraz pozosta\\u0142ymi cz\\u0142onkami sztabu mia\\u0142 sw\\u00f3j udzia\\u0142 w jednym z\",\"inLanguage\":\"pl-PL\",\"isPartOf\":{\"@id\":\"https:\\\/\\\/zastalowcy.pl\\\/#website\"},\"breadcrumb\":{\"@id\":\"https:\\\/\\\/zastalowcy.pl\\\/?p=1256#breadcrumblist\"},\"author\":{\"@id\":\"https:\\\/\\\/zastalowcy.pl\\\/?author=3#author\"},\"creator\":{\"@id\":\"https:\\\/\\\/zastalowcy.pl\\\/?author=3#author\"},\"image\":{\"@type\":\"ImageObject\",\"url\":\"https:\\\/\\\/zastalowcy.pl\\\/wp-content\\\/uploads\\\/2026\\\/07\\\/profilowe-8.png\",\"@id\":\"https:\\\/\\\/zastalowcy.pl\\\/?p=1256\\\/#mainImage\",\"width\":2048,\"height\":2048},\"primaryImageOfPage\":{\"@id\":\"https:\\\/\\\/zastalowcy.pl\\\/?p=1256#mainImage\"},\"datePublished\":\"2026-07-14T21:09:00+02:00\",\"dateModified\":\"2026-07-15T18:31:18+02:00\"},{\"@type\":\"WebSite\",\"@id\":\"https:\\\/\\\/zastalowcy.pl\\\/#website\",\"url\":\"https:\\\/\\\/zastalowcy.pl\\\/\",\"description\":\"O Zastalu od kibic\\u00f3w \\u2013 dla kibic\\u00f3w\",\"inLanguage\":\"pl-PL\",\"publisher\":{\"@id\":\"https:\\\/\\\/zastalowcy.pl\\\/#organization\"}}]}\n\t\t<\/script>\n\t\t<!-- All in One SEO -->\n\n","aioseo_head_json":{"title":"Zastal traci trenera. Zmiany w sztabie szkoleniowc\u00f3w -","description":"ORLEN Zastal Zielona G\u00f3ra poinformowa\u0142 o kolejnej zmianie przed rozpocz\u0119ciem sezonu 2026\/2027. Z klubem \u017cegna si\u0119 Kendall Chones, kt\u00f3ry w minionych rozgrywkach pe\u0142ni\u0142 funkcj\u0119 asystenta trenera Arkadiusza Mi\u0142oszewskiego. Amerykanin by\u0142 cz\u0119\u015bci\u0105 sztabu szkoleniowego zespo\u0142u, kt\u00f3ry zako\u0144czy\u0142 sezon zdobyciem wicemistrzostwa Polski. Wsp\u00f3lnie z trenerem Arkadiuszem Mi\u0142oszewskim oraz pozosta\u0142ymi cz\u0142onkami sztabu mia\u0142 sw\u00f3j udzia\u0142 w jednym z","canonical_url":"https:\/\/zastalowcy.pl\/?p=1256","robots":"max-image-preview:large","keywords":"","webmasterTools":{"miscellaneous":""},"schema":{"@context":"https:\/\/schema.org","@graph":[{"@type":"BlogPosting","@id":"https:\/\/zastalowcy.pl\/?p=1256#blogposting","name":"Zastal traci trenera. Zmiany w sztabie szkoleniowc\u00f3w -","headline":"Zastal traci trenera. Zmiany w sztabie szkoleniowc\u00f3w","author":{"@id":"https:\/\/zastalowcy.pl\/?author=3#author"},"publisher":{"@id":"https:\/\/zastalowcy.pl\/#organization"},"image":{"@type":"ImageObject","url":"https:\/\/zastalowcy.pl\/wp-content\/uploads\/2026\/07\/profilowe-8.png","width":2048,"height":2048},"datePublished":"2026-07-14T21:09:00+02:00","dateModified":"2026-07-15T18:31:18+02:00","inLanguage":"pl-PL","commentCount":1,"mainEntityOfPage":{"@id":"https:\/\/zastalowcy.pl\/?p=1256#webpage"},"isPartOf":{"@id":"https:\/\/zastalowcy.pl\/?p=1256#webpage"},"articleSection":"Aktualno\u015bci, Sezon 2026\/2027, Wiadomo\u015bci z klubu, basketzg, dru\u017cyna, Kendall Chones, koszyk\u00f3wka, orlen zastal zielona g\u00f3ra, zastal, zastal trener, zastal zielona g\u00f3ra, zastalowcy, zielona g\u00f3ra, zielonagora, zielonog\u00f3rska koszyk\u00f3wka"},{"@type":"BreadcrumbList","@id":"https:\/\/zastalowcy.pl\/?p=1256#breadcrumblist","itemListElement":[{"@type":"ListItem","@id":"https:\/\/zastalowcy.pl#listItem","position":1,"name":"Home","item":"https:\/\/zastalowcy.pl","nextItem":{"@type":"ListItem","@id":"https:\/\/zastalowcy.pl\/?cat=8#listItem","name":"Wiadomo\u015bci z klubu"}},{"@type":"ListItem","@id":"https:\/\/zastalowcy.pl\/?cat=8#listItem","position":2,"name":"Wiadomo\u015bci z klubu","item":"https:\/\/zastalowcy.pl\/?cat=8","nextItem":{"@type":"ListItem","@id":"https:\/\/zastalowcy.pl\/?p=1256#listItem","name":"Zastal traci trenera. Zmiany w sztabie szkoleniowc\u00f3w"},"previousItem":{"@type":"ListItem","@id":"https:\/\/zastalowcy.pl#listItem","name":"Home"}},{"@type":"ListItem","@id":"https:\/\/zastalowcy.pl\/?p=1256#listItem","position":3,"name":"Zastal traci trenera. Zmiany w sztabie szkoleniowc\u00f3w","previousItem":{"@type":"ListItem","@id":"https:\/\/zastalowcy.pl\/?cat=8#listItem","name":"Wiadomo\u015bci z klubu"}}]},{"@type":"Organization","@id":"https:\/\/zastalowcy.pl\/#organization","description":"O Zastalu od kibic\u00f3w \u2013 dla kibic\u00f3w","url":"https:\/\/zastalowcy.pl\/","logo":{"@type":"ImageObject","url":"https:\/\/zastalowcy.pl\/wp-content\/uploads\/2025\/09\/cropped-logo-strony-2.png","@id":"https:\/\/zastalowcy.pl\/?p=1256\/#organizationLogo","width":1862,"height":384},"image":{"@id":"https:\/\/zastalowcy.pl\/?p=1256\/#organizationLogo"}},{"@type":"Person","@id":"https:\/\/zastalowcy.pl\/?author=3#author","url":"https:\/\/zastalowcy.pl\/?author=3","name":"Joanna Nawlicka","image":{"@type":"ImageObject","@id":"https:\/\/zastalowcy.pl\/?p=1256#authorImage","url":"https:\/\/secure.gravatar.com\/avatar\/66fc557d97536ff5096b6295970275631b7a4673997738477642001957f5274c?s=96&d=mm&r=g","width":96,"height":96,"caption":"Joanna Nawlicka"}},{"@type":"WebPage","@id":"https:\/\/zastalowcy.pl\/?p=1256#webpage","url":"https:\/\/zastalowcy.pl\/?p=1256","name":"Zastal traci trenera. Zmiany w sztabie szkoleniowc\u00f3w -","description":"ORLEN Zastal Zielona G\u00f3ra poinformowa\u0142 o kolejnej zmianie przed rozpocz\u0119ciem sezonu 2026\/2027. Z klubem \u017cegna si\u0119 Kendall Chones, kt\u00f3ry w minionych rozgrywkach pe\u0142ni\u0142 funkcj\u0119 asystenta trenera Arkadiusza Mi\u0142oszewskiego. Amerykanin by\u0142 cz\u0119\u015bci\u0105 sztabu szkoleniowego zespo\u0142u, kt\u00f3ry zako\u0144czy\u0142 sezon zdobyciem wicemistrzostwa Polski. Wsp\u00f3lnie z trenerem Arkadiuszem Mi\u0142oszewskim oraz pozosta\u0142ymi cz\u0142onkami sztabu mia\u0142 sw\u00f3j udzia\u0142 w jednym z","inLanguage":"pl-PL","isPartOf":{"@id":"https:\/\/zastalowcy.pl\/#website"},"breadcrumb":{"@id":"https:\/\/zastalowcy.pl\/?p=1256#breadcrumblist"},"author":{"@id":"https:\/\/zastalowcy.pl\/?author=3#author"},"creator":{"@id":"https:\/\/zastalowcy.pl\/?author=3#author"},"image":{"@type":"ImageObject","url":"https:\/\/zastalowcy.pl\/wp-content\/uploads\/2026\/07\/profilowe-8.png","@id":"https:\/\/zastalowcy.pl\/?p=1256\/#mainImage","width":2048,"height":2048},"primaryImageOfPage":{"@id":"https:\/\/zastalowcy.pl\/?p=1256#mainImage"},"datePublished":"2026-07-14T21:09:00+02:00","dateModified":"2026-07-15T18:31:18+02:00"},{"@type":"WebSite","@id":"https:\/\/zastalowcy.pl\/#website","url":"https:\/\/zastalowcy.pl\/","description":"O Zastalu od kibic\u00f3w \u2013 dla kibic\u00f3w","inLanguage":"pl-PL","publisher":{"@id":"https:\/\/zastalowcy.pl\/#organization"}}]},"og:locale":"pl_PL","og:site_name":"- O Zastalu od kibic\u00f3w \u2013 dla kibic\u00f3w","og:type":"article","og:title":"Zastal traci trenera. Zmiany w sztabie szkoleniowc\u00f3w -","og:description":"ORLEN Zastal Zielona G\u00f3ra poinformowa\u0142 o kolejnej zmianie przed rozpocz\u0119ciem sezonu 2026\/2027. Z klubem \u017cegna si\u0119 Kendall Chones, kt\u00f3ry w minionych rozgrywkach pe\u0142ni\u0142 funkcj\u0119 asystenta trenera Arkadiusza Mi\u0142oszewskiego. Amerykanin by\u0142 cz\u0119\u015bci\u0105 sztabu szkoleniowego zespo\u0142u, kt\u00f3ry zako\u0144czy\u0142 sezon zdobyciem wicemistrzostwa Polski. Wsp\u00f3lnie z trenerem Arkadiuszem Mi\u0142oszewskim oraz pozosta\u0142ymi cz\u0142onkami sztabu mia\u0142 sw\u00f3j udzia\u0142 w jednym z","og:url":"https:\/\/zastalowcy.pl\/?p=1256","og:image":"https:\/\/zastalowcy.pl\/wp-content\/uploads\/2025\/09\/cropped-logo-strony-2.png","og:image:secure_url":"https:\/\/zastalowcy.pl\/wp-content\/uploads\/2025\/09\/cropped-logo-strony-2.png","og:image:width":1862,"og:image:height":384,"article:published_time":"2026-07-14T19:09:00+00:00","article:modified_time":"2026-07-15T16:31:18+00:00","twitter:card":"summary_large_image","twitter:title":"Zastal traci trenera. Zmiany w sztabie szkoleniowc\u00f3w -","twitter:description":"ORLEN Zastal Zielona G\u00f3ra poinformowa\u0142 o kolejnej zmianie przed rozpocz\u0119ciem sezonu 2026\/2027. Z klubem \u017cegna si\u0119 Kendall Chones, kt\u00f3ry w minionych rozgrywkach pe\u0142ni\u0142 funkcj\u0119 asystenta trenera Arkadiusza Mi\u0142oszewskiego. Amerykanin by\u0142 cz\u0119\u015bci\u0105 sztabu szkoleniowego zespo\u0142u, kt\u00f3ry zako\u0144czy\u0142 sezon zdobyciem wicemistrzostwa Polski. Wsp\u00f3lnie z trenerem Arkadiuszem Mi\u0142oszewskim oraz pozosta\u0142ymi cz\u0142onkami sztabu mia\u0142 sw\u00f3j udzia\u0142 w jednym z","twitter:image":"https:\/\/zastalowcy.pl\/wp-content\/uploads\/2025\/09\/cropped-logo-strony-2.png"},"aioseo_meta_data":{"post_id":"1256","title":null,"description":null,"keywords":null,"keyphrases":{"focus":{"keyphrase":"","score":0,"analysis":{"keyphraseInTitle":{"score":0,"maxScore":9,"error":1}}},"additional":[]},"primary_term":null,"canonical_url":null,"og_title":null,"og_description":null,"og_object_type":"default","og_image_type":"default","og_image_custom_url":null,"og_image_custom_fields":null,"og_image_url":null,"og_image_width":null,"og_image_height":null,"og_video":"","og_custom_url":null,"og_article_section":null,"og_article_tags":null,"twitter_use_og":false,"twitter_card":"default","twitter_image_type":"default","twitter_image_custom_url":null,"twitter_image_custom_fields":null,"twitter_image_url":null,"twitter_title":null,"twitter_description":null,"schema_type":"default","schema_type_options":null,"schema":{"blockGraphs":[],"customGraphs":[],"default":{"data":{"Article":[],"Course":[],"Dataset":[],"FAQPage":[],"Movie":[],"Person":[],"Product":[],"ProductReview":[],"Car":[],"Recipe":[],"Service":[],"SoftwareApplication":[],"WebPage":[]},"graphName":"BlogPosting","isEnabled":true},"graphs":[]},"pillar_content":false,"robots_default":true,"robots_noindex":false,"robots_noarchive":false,"robots_nosnippet":false,"robots_nofollow":false,"robots_noimageindex":false,"robots_noodp":false,"robots_notranslate":false,"robots_max_snippet":"-1","robots_max_videopreview":"-1","robots_max_imagepreview":"large","priority":null,"frequency":"default","local_seo":null,"limit_modified_date":false,"ai":{"faqs":[],"keyPoints":[],"schemas":[],"titles":[],"descriptions":[],"socialPosts":{"email":{"subject":"","preview":"","content":""},"linkedin":[],"twitter":[],"facebook":[],"instagram":[]}},"breadcrumb_settings":null,"seo_analyzer_scan_date":null,"created":"2026-07-15 16:28:34","updated":"2026-07-15 17:09:19","focus_keyword":null,"additional_keywords":null,"truseo_locale":null},"aioseo_breadcrumb":"<div class=\"aioseo-breadcrumbs\"><span class=\"aioseo-breadcrumb\">\n\t\t\t<a href=\"https:\/\/zastalowcy.pl\" title=\"Home\">Home<\/a>\n\t\t<\/span><span class=\"aioseo-breadcrumb-separator\">&raquo;<\/span><span class=\"aioseo-breadcrumb\">\n\t\t\t<a href=\"https:\/\/zastalowcy.pl\/?cat=8\" title=\"Wiadomo\u015bci z klubu\">Wiadomo\u015bci z klubu<\/a>\n\t\t<\/span><span class=\"aioseo-breadcrumb-separator\">&raquo;<\/span><span class=\"aioseo-breadcrumb\">\n\t\t\tZastal traci trenera. Zmiany w sztabie szkoleniowc\u00f3w\n\t\t<\/span><\/div>","aioseo_breadcrumb_json":[{"label":"Home","link":"https:\/\/zastalowcy.pl"},{"label":"Wiadomo\u015bci z klubu","link":"https:\/\/zastalowcy.pl\/?cat=8"},{"label":"Zastal traci trenera. Zmiany w sztabie szkoleniowc\u00f3w","link":"https:\/\/zastalowcy.pl\/?p=1256"}],"_links":{"self":[{"href":"https:\/\/zastalowcy.pl\/index.php?rest_route=\/wp\/v2\/posts\/1256","targetHints":{"allow":["GET"]}}],"collection":[{"href":"https:\/\/zastalowcy.pl\/index.php?rest_route=\/wp\/v2\/posts"}],"about":[{"href":"https:\/\/zastalowcy.pl\/index.php?rest_route=\/wp\/v2\/types\/post"}],"author":[{"embeddable":true,"href":"https:\/\/zastalowcy.pl\/index.php?rest_route=\/wp\/v2\/users\/3"}],"replies":[{"embeddable":true,"href":"https:\/\/zastalowcy.pl\/index.php?rest_route=%2Fwp%2Fv2%2Fcomments&post=1256"}],"version-history":[{"count":2,"href":"https:\/\/zastalowcy.pl\/index.php?rest_route=\/wp\/v2\/posts\/1256\/revisions"}],"predecessor-version":[{"id":1259,"href":"https:\/\/zastalowcy.pl\/index.php?rest_route=\/wp\/v2\/posts\/1256\/revisions\/1259"}],"wp:featuredmedia":[{"embeddable":true,"href":"https:\/\/zastalowcy.pl\/index.php?rest_route=\/wp\/v2\/media\/1258"}],"wp:attachment":[{"href":"https:\/\/zastalowcy.pl\/index.php?rest_route=%2Fwp%2Fv2%2Fmedia&parent=1256"}],"wp:term":[{"taxonomy":"category","embeddable":true,"href":"https:\/\/zastalowcy.pl\/index.php?rest_route=%2Fwp%2Fv2%2Fcategories&post=1256"},{"taxonomy":"post_tag","embeddable":true,"href":"https:\/\/zastalowcy.pl\/index.php?rest_route=%2Fwp%2Fv2%2Ftags&post=1256"}],"curies":[{"name":"wp","href":"https:\/\/api.w.org\/{rel}","templated":true}]}}