{"id":1263,"date":"2026-07-15T19:11:32","date_gmt":"2026-07-15T17:11:32","guid":{"rendered":"https:\/\/zastalowcy.pl\/?p=1263"},"modified":"2026-07-15T19:11:33","modified_gmt":"2026-07-15T17:11:33","slug":"powrot-po-dwoch-latach-jan-wojcik-ponownie-zawodnikiem-zastalu-zielona-gora","status":"publish","type":"post","link":"https:\/\/zastalowcy.pl\/?p=1263","title":{"rendered":"Powr\u00f3t po dw\u00f3ch latach! Jan W\u00f3jcik ponownie zawodnikiem Zastalu Zielona G\u00f3ra"},"content":{"rendered":"\n<p class=\"wp-block-paragraph\">To kolejny transfer, kt\u00f3ry z pewno\u015bci\u0105 ucieszy zielonog\u00f3rskich kibic\u00f3w. Po dw\u00f3ch sezonach przerwy do Zastalu Zielona G\u00f3ra wraca Jan W\u00f3jcik. Polski podkoszowy ponownie b\u0119dzie reprezentowa\u0142 bia\u0142o-zielone barwy w sezonie 2026\/2027.<\/p>\n\n\n\n<p class=\"wp-block-paragraph\">26-letni zawodnik mierzy 210 cm i mo\u017ce wyst\u0119powa\u0107 zar\u00f3wno na pozycji silnego skrzyd\u0142owego, jak i \u015brodkowego. Dla W\u00f3jcika b\u0119dzie to ju\u017c drugi rozdzia\u0142 kariery w Zielonej G\u00f3rze. Wcze\u015bniej do Zastalu trafi\u0142 przed sezonem 2022\/2023 i sp\u0119dzi\u0142 tutaj dwa lata. Nast\u0119pnie przeni\u00f3s\u0142 si\u0119 do MKS D\u0105browa G\u00f3rnicza, a rozgrywki 2024\/2025 zako\u0144czy\u0142 w Tasomix Rosiek Stali Ostr\u00f3w Wielkopolski. Miniony sezon sp\u0119dzi\u0142 natomiast w Mie\u015bcie Szk\u0142a Krosno, gdzie by\u0142 jedn\u0105 z wa\u017cniejszych postaci pierwszoligowej dru\u017cyny.<\/p>\n\n\n\n<p class=\"wp-block-paragraph\">W sezonie 2025\/2026 na parkietach Pekao 1. Ligi rozegra\u0142 30 spotka\u0144, notuj\u0105c \u015brednio: 6,1 punktu, 3,8 zbi\u00f3rki w trakcie ponad 17 minut na mecz na parkiecie.<\/p>\n\n\n\n<p class=\"wp-block-paragraph\">W trakcie swojej dotychczasowej kariery W\u00f3jcik wyst\u0119powa\u0142 r\u00f3wnie\u017c w barwach WKS \u015al\u0105ska Wroc\u0142aw, z kt\u00f3rym zdobywa\u0142 do\u015bwiadczenie na poziomie ORLEN Basket Ligi.<\/p>\n\n\n\n<p class=\"wp-block-paragraph\">Powr\u00f3t dobrze znanego w Zielonej G\u00f3rze zawodnika oznacza kolejne wzmocnienie polskiego trzonu zespo\u0142u Arkadiusza Mi\u0142oszewskiego. W\u00f3jcik zna specyfik\u0119 klubu, atmosfer\u0119 hali CRS oraz oczekiwania zielonog\u00f3rskich kibic\u00f3w, co z pewno\u015bci\u0105 u\u0142atwi mu ponown\u0105 aklimatyzacj\u0119.<\/p>\n\n\n\n<p class=\"wp-block-paragraph\">Po dw\u00f3ch latach Jan W\u00f3jcik ponownie zak\u0142ada bia\u0142o-zielony str\u00f3j. Pozostaje mie\u0107 nadziej\u0119, \u017ce jego drugi pobyt w Zielonej G\u00f3rze oka\u017ce si\u0119 jeszcze bardziej udany ni\u017c pierwszy.<\/p>\n\n\n\n<p class=\"wp-block-paragraph\">\ud83c\udfc0 Zastalowcy.pl \u2013 o Zastalu od kibic\u00f3w \u2013 dla kibic\u00f3w<\/p>\n","protected":false},"excerpt":{"rendered":"<p>To kolejny transfer, kt\u00f3ry z pewno\u015bci\u0105 ucieszy zielonog\u00f3rskich kibic\u00f3w. Po dw\u00f3ch sezonach przerwy do Zastalu Zielona G\u00f3ra wraca<\/p>\n","protected":false},"author":3,"featured_media":1264,"comment_status":"open","ping_status":"open","sticky":false,"template":"","format":"standard","meta":{"om_disable_all_campaigns":false,"footnotes":""},"categories":[18,367,8],"tags":[17,26,389,390,15,13,129,118,12,14,42,268,11,10,16],"class_list":["post-1263","post","type-post","status-publish","format-standard","has-post-thumbnail","hentry","category-aktualnosci","category-sezon-2026-2027","category-wiadomosci-z-klubu","tag-basketzg","tag-druzyna","tag-jan-wojcik","tag-jan-wojcik-zastal","tag-koszykowka","tag-orlen-zastal-zielona-gora","tag-plkpl","tag-polska-liga-koszykowki","tag-zastal","tag-zastal-zielona-gora","tag-zastalowcy","tag-zastalowcypl","tag-zielona-gora","tag-zielonagora","tag-zielonogorska-koszykowka"],"aioseo_notices":[],"aioseo_head":"\n\t\t<!-- All in One SEO 5.0.0.1 - aioseo.com -->\n\t<meta name=\"description\" content=\"To kolejny transfer, kt\u00f3ry z pewno\u015bci\u0105 ucieszy zielonog\u00f3rskich kibic\u00f3w. Po dw\u00f3ch sezonach przerwy do Zastalu Zielona G\u00f3ra wraca Jan W\u00f3jcik. Polski podkoszowy ponownie b\u0119dzie reprezentowa\u0142 bia\u0142o-zielone barwy w sezonie 2026\/2027. 26-letni zawodnik mierzy 210 cm i mo\u017ce wyst\u0119powa\u0107 zar\u00f3wno na pozycji silnego skrzyd\u0142owego, jak i \u015brodkowego. Dla W\u00f3jcika b\u0119dzie to ju\u017c drugi rozdzia\u0142 kariery w\" \/>\n\t<meta name=\"robots\" content=\"max-image-preview:large\" \/>\n\t<meta name=\"author\" content=\"Joanna Nawlicka\"\/>\n\t<link rel=\"canonical\" href=\"https:\/\/zastalowcy.pl\/?p=1263\" \/>\n\t<meta name=\"generator\" content=\"All in One SEO (AIOSEO) 5.0.0.1\" \/>\n\t\t<meta property=\"og:locale\" content=\"pl_PL\" \/>\n\t\t<meta property=\"og:site_name\" content=\"- O Zastalu od kibic\u00f3w \u2013 dla kibic\u00f3w\" \/>\n\t\t<meta property=\"og:type\" content=\"article\" \/>\n\t\t<meta property=\"og:title\" content=\"Powr\u00f3t po dw\u00f3ch latach! Jan W\u00f3jcik ponownie zawodnikiem Zastalu Zielona G\u00f3ra -\" \/>\n\t\t<meta property=\"og:description\" content=\"To kolejny transfer, kt\u00f3ry z pewno\u015bci\u0105 ucieszy zielonog\u00f3rskich kibic\u00f3w. Po dw\u00f3ch sezonach przerwy do Zastalu Zielona G\u00f3ra wraca Jan W\u00f3jcik. Polski podkoszowy ponownie b\u0119dzie reprezentowa\u0142 bia\u0142o-zielone barwy w sezonie 2026\/2027. 26-letni zawodnik mierzy 210 cm i mo\u017ce wyst\u0119powa\u0107 zar\u00f3wno na pozycji silnego skrzyd\u0142owego, jak i \u015brodkowego. Dla W\u00f3jcika b\u0119dzie to ju\u017c drugi rozdzia\u0142 kariery w\" \/>\n\t\t<meta property=\"og:url\" content=\"https:\/\/zastalowcy.pl\/?p=1263\" \/>\n\t\t<meta property=\"og:image\" content=\"https:\/\/zastalowcy.pl\/wp-content\/uploads\/2025\/09\/cropped-logo-strony-2.png\" \/>\n\t\t<meta property=\"og:image:secure_url\" content=\"https:\/\/zastalowcy.pl\/wp-content\/uploads\/2025\/09\/cropped-logo-strony-2.png\" \/>\n\t\t<meta property=\"og:image:width\" content=\"1862\" \/>\n\t\t<meta property=\"og:image:height\" content=\"384\" \/>\n\t\t<meta property=\"article:published_time\" content=\"2026-07-15T17:11:32+00:00\" \/>\n\t\t<meta property=\"article:modified_time\" content=\"2026-07-15T17:11:33+00:00\" \/>\n\t\t<meta name=\"twitter:card\" content=\"summary_large_image\" \/>\n\t\t<meta name=\"twitter:title\" content=\"Powr\u00f3t po dw\u00f3ch latach! Jan W\u00f3jcik ponownie zawodnikiem Zastalu Zielona G\u00f3ra -\" \/>\n\t\t<meta name=\"twitter:description\" content=\"To kolejny transfer, kt\u00f3ry z pewno\u015bci\u0105 ucieszy zielonog\u00f3rskich kibic\u00f3w. Po dw\u00f3ch sezonach przerwy do Zastalu Zielona G\u00f3ra wraca Jan W\u00f3jcik. Polski podkoszowy ponownie b\u0119dzie reprezentowa\u0142 bia\u0142o-zielone barwy w sezonie 2026\/2027. 26-letni zawodnik mierzy 210 cm i mo\u017ce wyst\u0119powa\u0107 zar\u00f3wno na pozycji silnego skrzyd\u0142owego, jak i \u015brodkowego. Dla W\u00f3jcika b\u0119dzie to ju\u017c drugi rozdzia\u0142 kariery w\" \/>\n\t\t<meta name=\"twitter:image\" content=\"https:\/\/zastalowcy.pl\/wp-content\/uploads\/2025\/09\/cropped-logo-strony-2.png\" \/>\n\t\t<script type=\"application\/ld+json\" class=\"aioseo-schema\">\n\t\t\t{\"@context\":\"https:\\\/\\\/schema.org\",\"@graph\":[{\"@type\":\"BlogPosting\",\"@id\":\"https:\\\/\\\/zastalowcy.pl\\\/?p=1263#blogposting\",\"name\":\"Powr\\u00f3t po dw\\u00f3ch latach! Jan W\\u00f3jcik ponownie zawodnikiem Zastalu Zielona G\\u00f3ra -\",\"headline\":\"Powr\\u00f3t po dw\\u00f3ch latach! Jan W\\u00f3jcik ponownie zawodnikiem Zastalu Zielona G\\u00f3ra\",\"author\":{\"@id\":\"https:\\\/\\\/zastalowcy.pl\\\/?author=3#author\"},\"publisher\":{\"@id\":\"https:\\\/\\\/zastalowcy.pl\\\/#organization\"},\"image\":{\"@type\":\"ImageObject\",\"url\":\"https:\\\/\\\/zastalowcy.pl\\\/wp-content\\\/uploads\\\/2026\\\/07\\\/profilowe-10.png\",\"width\":2048,\"height\":2048},\"datePublished\":\"2026-07-15T19:11:32+02:00\",\"dateModified\":\"2026-07-15T19:11:33+02:00\",\"inLanguage\":\"pl-PL\",\"commentCount\":1,\"mainEntityOfPage\":{\"@id\":\"https:\\\/\\\/zastalowcy.pl\\\/?p=1263#webpage\"},\"isPartOf\":{\"@id\":\"https:\\\/\\\/zastalowcy.pl\\\/?p=1263#webpage\"},\"articleSection\":\"Aktualno\\u015bci, Sezon 2026\\\/2027, Wiadomo\\u015bci z klubu, basketzg, dru\\u017cyna, jan w\\u00f3jcik, jan w\\u00f3jcik zastal, koszyk\\u00f3wka, orlen zastal zielona g\\u00f3ra, plkpl, Polska Liga Koszyk\\u00f3wki, zastal, zastal zielona g\\u00f3ra, zastalowcy, zastalowcypl, zielona g\\u00f3ra, zielonagora, zielonog\\u00f3rska koszyk\\u00f3wka\"},{\"@type\":\"BreadcrumbList\",\"@id\":\"https:\\\/\\\/zastalowcy.pl\\\/?p=1263#breadcrumblist\",\"itemListElement\":[{\"@type\":\"ListItem\",\"@id\":\"https:\\\/\\\/zastalowcy.pl#listItem\",\"position\":1,\"name\":\"Home\",\"item\":\"https:\\\/\\\/zastalowcy.pl\",\"nextItem\":{\"@type\":\"ListItem\",\"@id\":\"https:\\\/\\\/zastalowcy.pl\\\/?cat=8#listItem\",\"name\":\"Wiadomo\\u015bci z klubu\"}},{\"@type\":\"ListItem\",\"@id\":\"https:\\\/\\\/zastalowcy.pl\\\/?cat=8#listItem\",\"position\":2,\"name\":\"Wiadomo\\u015bci z klubu\",\"item\":\"https:\\\/\\\/zastalowcy.pl\\\/?cat=8\",\"nextItem\":{\"@type\":\"ListItem\",\"@id\":\"https:\\\/\\\/zastalowcy.pl\\\/?p=1263#listItem\",\"name\":\"Powr\\u00f3t po dw\\u00f3ch latach! Jan W\\u00f3jcik ponownie zawodnikiem Zastalu Zielona G\\u00f3ra\"},\"previousItem\":{\"@type\":\"ListItem\",\"@id\":\"https:\\\/\\\/zastalowcy.pl#listItem\",\"name\":\"Home\"}},{\"@type\":\"ListItem\",\"@id\":\"https:\\\/\\\/zastalowcy.pl\\\/?p=1263#listItem\",\"position\":3,\"name\":\"Powr\\u00f3t po dw\\u00f3ch latach! Jan W\\u00f3jcik ponownie zawodnikiem Zastalu Zielona G\\u00f3ra\",\"previousItem\":{\"@type\":\"ListItem\",\"@id\":\"https:\\\/\\\/zastalowcy.pl\\\/?cat=8#listItem\",\"name\":\"Wiadomo\\u015bci z klubu\"}}]},{\"@type\":\"Organization\",\"@id\":\"https:\\\/\\\/zastalowcy.pl\\\/#organization\",\"description\":\"O Zastalu od kibic\\u00f3w \\u2013 dla kibic\\u00f3w\",\"url\":\"https:\\\/\\\/zastalowcy.pl\\\/\",\"logo\":{\"@type\":\"ImageObject\",\"url\":\"https:\\\/\\\/zastalowcy.pl\\\/wp-content\\\/uploads\\\/2025\\\/09\\\/cropped-logo-strony-2.png\",\"@id\":\"https:\\\/\\\/zastalowcy.pl\\\/?p=1263\\\/#organizationLogo\",\"width\":1862,\"height\":384},\"image\":{\"@id\":\"https:\\\/\\\/zastalowcy.pl\\\/?p=1263\\\/#organizationLogo\"}},{\"@type\":\"Person\",\"@id\":\"https:\\\/\\\/zastalowcy.pl\\\/?author=3#author\",\"url\":\"https:\\\/\\\/zastalowcy.pl\\\/?author=3\",\"name\":\"Joanna Nawlicka\",\"image\":{\"@type\":\"ImageObject\",\"@id\":\"https:\\\/\\\/zastalowcy.pl\\\/?p=1263#authorImage\",\"url\":\"https:\\\/\\\/secure.gravatar.com\\\/avatar\\\/66fc557d97536ff5096b6295970275631b7a4673997738477642001957f5274c?s=96&d=mm&r=g\",\"width\":96,\"height\":96,\"caption\":\"Joanna Nawlicka\"}},{\"@type\":\"WebPage\",\"@id\":\"https:\\\/\\\/zastalowcy.pl\\\/?p=1263#webpage\",\"url\":\"https:\\\/\\\/zastalowcy.pl\\\/?p=1263\",\"name\":\"Powr\\u00f3t po dw\\u00f3ch latach! Jan W\\u00f3jcik ponownie zawodnikiem Zastalu Zielona G\\u00f3ra -\",\"description\":\"To kolejny transfer, kt\\u00f3ry z pewno\\u015bci\\u0105 ucieszy zielonog\\u00f3rskich kibic\\u00f3w. Po dw\\u00f3ch sezonach przerwy do Zastalu Zielona G\\u00f3ra wraca Jan W\\u00f3jcik. Polski podkoszowy ponownie b\\u0119dzie reprezentowa\\u0142 bia\\u0142o-zielone barwy w sezonie 2026\\\/2027. 26-letni zawodnik mierzy 210 cm i mo\\u017ce wyst\\u0119powa\\u0107 zar\\u00f3wno na pozycji silnego skrzyd\\u0142owego, jak i \\u015brodkowego. Dla W\\u00f3jcika b\\u0119dzie to ju\\u017c drugi rozdzia\\u0142 kariery w\",\"inLanguage\":\"pl-PL\",\"isPartOf\":{\"@id\":\"https:\\\/\\\/zastalowcy.pl\\\/#website\"},\"breadcrumb\":{\"@id\":\"https:\\\/\\\/zastalowcy.pl\\\/?p=1263#breadcrumblist\"},\"author\":{\"@id\":\"https:\\\/\\\/zastalowcy.pl\\\/?author=3#author\"},\"creator\":{\"@id\":\"https:\\\/\\\/zastalowcy.pl\\\/?author=3#author\"},\"image\":{\"@type\":\"ImageObject\",\"url\":\"https:\\\/\\\/zastalowcy.pl\\\/wp-content\\\/uploads\\\/2026\\\/07\\\/profilowe-10.png\",\"@id\":\"https:\\\/\\\/zastalowcy.pl\\\/?p=1263\\\/#mainImage\",\"width\":2048,\"height\":2048},\"primaryImageOfPage\":{\"@id\":\"https:\\\/\\\/zastalowcy.pl\\\/?p=1263#mainImage\"},\"datePublished\":\"2026-07-15T19:11:32+02:00\",\"dateModified\":\"2026-07-15T19:11:33+02:00\"},{\"@type\":\"WebSite\",\"@id\":\"https:\\\/\\\/zastalowcy.pl\\\/#website\",\"url\":\"https:\\\/\\\/zastalowcy.pl\\\/\",\"description\":\"O Zastalu od kibic\\u00f3w \\u2013 dla kibic\\u00f3w\",\"inLanguage\":\"pl-PL\",\"publisher\":{\"@id\":\"https:\\\/\\\/zastalowcy.pl\\\/#organization\"}}]}\n\t\t<\/script>\n\t\t<!-- All in One SEO -->\n\n","aioseo_head_json":{"title":"Powr\u00f3t po dw\u00f3ch latach! Jan W\u00f3jcik ponownie zawodnikiem Zastalu Zielona G\u00f3ra -","description":"To kolejny transfer, kt\u00f3ry z pewno\u015bci\u0105 ucieszy zielonog\u00f3rskich kibic\u00f3w. Po dw\u00f3ch sezonach przerwy do Zastalu Zielona G\u00f3ra wraca Jan W\u00f3jcik. Polski podkoszowy ponownie b\u0119dzie reprezentowa\u0142 bia\u0142o-zielone barwy w sezonie 2026\/2027. 26-letni zawodnik mierzy 210 cm i mo\u017ce wyst\u0119powa\u0107 zar\u00f3wno na pozycji silnego skrzyd\u0142owego, jak i \u015brodkowego. Dla W\u00f3jcika b\u0119dzie to ju\u017c drugi rozdzia\u0142 kariery w","canonical_url":"https:\/\/zastalowcy.pl\/?p=1263","robots":"max-image-preview:large","keywords":"","webmasterTools":{"miscellaneous":""},"schema":{"@context":"https:\/\/schema.org","@graph":[{"@type":"BlogPosting","@id":"https:\/\/zastalowcy.pl\/?p=1263#blogposting","name":"Powr\u00f3t po dw\u00f3ch latach! Jan W\u00f3jcik ponownie zawodnikiem Zastalu Zielona G\u00f3ra -","headline":"Powr\u00f3t po dw\u00f3ch latach! Jan W\u00f3jcik ponownie zawodnikiem Zastalu Zielona G\u00f3ra","author":{"@id":"https:\/\/zastalowcy.pl\/?author=3#author"},"publisher":{"@id":"https:\/\/zastalowcy.pl\/#organization"},"image":{"@type":"ImageObject","url":"https:\/\/zastalowcy.pl\/wp-content\/uploads\/2026\/07\/profilowe-10.png","width":2048,"height":2048},"datePublished":"2026-07-15T19:11:32+02:00","dateModified":"2026-07-15T19:11:33+02:00","inLanguage":"pl-PL","commentCount":1,"mainEntityOfPage":{"@id":"https:\/\/zastalowcy.pl\/?p=1263#webpage"},"isPartOf":{"@id":"https:\/\/zastalowcy.pl\/?p=1263#webpage"},"articleSection":"Aktualno\u015bci, Sezon 2026\/2027, Wiadomo\u015bci z klubu, basketzg, dru\u017cyna, jan w\u00f3jcik, jan w\u00f3jcik zastal, koszyk\u00f3wka, orlen zastal zielona g\u00f3ra, plkpl, Polska Liga Koszyk\u00f3wki, zastal, zastal zielona g\u00f3ra, zastalowcy, zastalowcypl, zielona g\u00f3ra, zielonagora, zielonog\u00f3rska koszyk\u00f3wka"},{"@type":"BreadcrumbList","@id":"https:\/\/zastalowcy.pl\/?p=1263#breadcrumblist","itemListElement":[{"@type":"ListItem","@id":"https:\/\/zastalowcy.pl#listItem","position":1,"name":"Home","item":"https:\/\/zastalowcy.pl","nextItem":{"@type":"ListItem","@id":"https:\/\/zastalowcy.pl\/?cat=8#listItem","name":"Wiadomo\u015bci z klubu"}},{"@type":"ListItem","@id":"https:\/\/zastalowcy.pl\/?cat=8#listItem","position":2,"name":"Wiadomo\u015bci z klubu","item":"https:\/\/zastalowcy.pl\/?cat=8","nextItem":{"@type":"ListItem","@id":"https:\/\/zastalowcy.pl\/?p=1263#listItem","name":"Powr\u00f3t po dw\u00f3ch latach! Jan W\u00f3jcik ponownie zawodnikiem Zastalu Zielona G\u00f3ra"},"previousItem":{"@type":"ListItem","@id":"https:\/\/zastalowcy.pl#listItem","name":"Home"}},{"@type":"ListItem","@id":"https:\/\/zastalowcy.pl\/?p=1263#listItem","position":3,"name":"Powr\u00f3t po dw\u00f3ch latach! Jan W\u00f3jcik ponownie zawodnikiem Zastalu Zielona G\u00f3ra","previousItem":{"@type":"ListItem","@id":"https:\/\/zastalowcy.pl\/?cat=8#listItem","name":"Wiadomo\u015bci z klubu"}}]},{"@type":"Organization","@id":"https:\/\/zastalowcy.pl\/#organization","description":"O Zastalu od kibic\u00f3w \u2013 dla kibic\u00f3w","url":"https:\/\/zastalowcy.pl\/","logo":{"@type":"ImageObject","url":"https:\/\/zastalowcy.pl\/wp-content\/uploads\/2025\/09\/cropped-logo-strony-2.png","@id":"https:\/\/zastalowcy.pl\/?p=1263\/#organizationLogo","width":1862,"height":384},"image":{"@id":"https:\/\/zastalowcy.pl\/?p=1263\/#organizationLogo"}},{"@type":"Person","@id":"https:\/\/zastalowcy.pl\/?author=3#author","url":"https:\/\/zastalowcy.pl\/?author=3","name":"Joanna Nawlicka","image":{"@type":"ImageObject","@id":"https:\/\/zastalowcy.pl\/?p=1263#authorImage","url":"https:\/\/secure.gravatar.com\/avatar\/66fc557d97536ff5096b6295970275631b7a4673997738477642001957f5274c?s=96&d=mm&r=g","width":96,"height":96,"caption":"Joanna Nawlicka"}},{"@type":"WebPage","@id":"https:\/\/zastalowcy.pl\/?p=1263#webpage","url":"https:\/\/zastalowcy.pl\/?p=1263","name":"Powr\u00f3t po dw\u00f3ch latach! Jan W\u00f3jcik ponownie zawodnikiem Zastalu Zielona G\u00f3ra -","description":"To kolejny transfer, kt\u00f3ry z pewno\u015bci\u0105 ucieszy zielonog\u00f3rskich kibic\u00f3w. Po dw\u00f3ch sezonach przerwy do Zastalu Zielona G\u00f3ra wraca Jan W\u00f3jcik. Polski podkoszowy ponownie b\u0119dzie reprezentowa\u0142 bia\u0142o-zielone barwy w sezonie 2026\/2027. 26-letni zawodnik mierzy 210 cm i mo\u017ce wyst\u0119powa\u0107 zar\u00f3wno na pozycji silnego skrzyd\u0142owego, jak i \u015brodkowego. Dla W\u00f3jcika b\u0119dzie to ju\u017c drugi rozdzia\u0142 kariery w","inLanguage":"pl-PL","isPartOf":{"@id":"https:\/\/zastalowcy.pl\/#website"},"breadcrumb":{"@id":"https:\/\/zastalowcy.pl\/?p=1263#breadcrumblist"},"author":{"@id":"https:\/\/zastalowcy.pl\/?author=3#author"},"creator":{"@id":"https:\/\/zastalowcy.pl\/?author=3#author"},"image":{"@type":"ImageObject","url":"https:\/\/zastalowcy.pl\/wp-content\/uploads\/2026\/07\/profilowe-10.png","@id":"https:\/\/zastalowcy.pl\/?p=1263\/#mainImage","width":2048,"height":2048},"primaryImageOfPage":{"@id":"https:\/\/zastalowcy.pl\/?p=1263#mainImage"},"datePublished":"2026-07-15T19:11:32+02:00","dateModified":"2026-07-15T19:11:33+02:00"},{"@type":"WebSite","@id":"https:\/\/zastalowcy.pl\/#website","url":"https:\/\/zastalowcy.pl\/","description":"O Zastalu od kibic\u00f3w \u2013 dla kibic\u00f3w","inLanguage":"pl-PL","publisher":{"@id":"https:\/\/zastalowcy.pl\/#organization"}}]},"og:locale":"pl_PL","og:site_name":"- O Zastalu od kibic\u00f3w \u2013 dla kibic\u00f3w","og:type":"article","og:title":"Powr\u00f3t po dw\u00f3ch latach! Jan W\u00f3jcik ponownie zawodnikiem Zastalu Zielona G\u00f3ra -","og:description":"To kolejny transfer, kt\u00f3ry z pewno\u015bci\u0105 ucieszy zielonog\u00f3rskich kibic\u00f3w. Po dw\u00f3ch sezonach przerwy do Zastalu Zielona G\u00f3ra wraca Jan W\u00f3jcik. Polski podkoszowy ponownie b\u0119dzie reprezentowa\u0142 bia\u0142o-zielone barwy w sezonie 2026\/2027. 26-letni zawodnik mierzy 210 cm i mo\u017ce wyst\u0119powa\u0107 zar\u00f3wno na pozycji silnego skrzyd\u0142owego, jak i \u015brodkowego. Dla W\u00f3jcika b\u0119dzie to ju\u017c drugi rozdzia\u0142 kariery w","og:url":"https:\/\/zastalowcy.pl\/?p=1263","og:image":"https:\/\/zastalowcy.pl\/wp-content\/uploads\/2025\/09\/cropped-logo-strony-2.png","og:image:secure_url":"https:\/\/zastalowcy.pl\/wp-content\/uploads\/2025\/09\/cropped-logo-strony-2.png","og:image:width":1862,"og:image:height":384,"article:published_time":"2026-07-15T17:11:32+00:00","article:modified_time":"2026-07-15T17:11:33+00:00","twitter:card":"summary_large_image","twitter:title":"Powr\u00f3t po dw\u00f3ch latach! Jan W\u00f3jcik ponownie zawodnikiem Zastalu Zielona G\u00f3ra -","twitter:description":"To kolejny transfer, kt\u00f3ry z pewno\u015bci\u0105 ucieszy zielonog\u00f3rskich kibic\u00f3w. Po dw\u00f3ch sezonach przerwy do Zastalu Zielona G\u00f3ra wraca Jan W\u00f3jcik. Polski podkoszowy ponownie b\u0119dzie reprezentowa\u0142 bia\u0142o-zielone barwy w sezonie 2026\/2027. 26-letni zawodnik mierzy 210 cm i mo\u017ce wyst\u0119powa\u0107 zar\u00f3wno na pozycji silnego skrzyd\u0142owego, jak i \u015brodkowego. Dla W\u00f3jcika b\u0119dzie to ju\u017c drugi rozdzia\u0142 kariery w","twitter:image":"https:\/\/zastalowcy.pl\/wp-content\/uploads\/2025\/09\/cropped-logo-strony-2.png"},"aioseo_meta_data":{"post_id":"1263","title":null,"description":null,"keywords":null,"keyphrases":{"focus":{"keyphrase":"","score":0,"analysis":{"keyphraseInTitle":{"score":0,"maxScore":9,"error":1}}},"additional":[]},"primary_term":null,"canonical_url":null,"og_title":null,"og_description":null,"og_object_type":"default","og_image_type":"default","og_image_custom_url":null,"og_image_custom_fields":null,"og_image_url":null,"og_image_width":null,"og_image_height":null,"og_video":"","og_custom_url":null,"og_article_section":null,"og_article_tags":null,"twitter_use_og":false,"twitter_card":"default","twitter_image_type":"default","twitter_image_custom_url":null,"twitter_image_custom_fields":null,"twitter_image_url":null,"twitter_title":null,"twitter_description":null,"schema_type":"default","schema_type_options":null,"schema":{"blockGraphs":[],"customGraphs":[],"default":{"data":{"Article":[],"Course":[],"Dataset":[],"FAQPage":[],"Movie":[],"Person":[],"Product":[],"ProductReview":[],"Car":[],"Recipe":[],"Service":[],"SoftwareApplication":[],"WebPage":[]},"graphName":"BlogPosting","isEnabled":true},"graphs":[]},"pillar_content":false,"robots_default":true,"robots_noindex":false,"robots_noarchive":false,"robots_nosnippet":false,"robots_nofollow":false,"robots_noimageindex":false,"robots_noodp":false,"robots_notranslate":false,"robots_max_snippet":"-1","robots_max_videopreview":"-1","robots_max_imagepreview":"large","priority":null,"frequency":"default","local_seo":null,"limit_modified_date":false,"ai":{"faqs":[],"keyPoints":[],"schemas":[],"titles":[],"descriptions":[],"socialPosts":{"email":{"subject":"","preview":"","content":""},"linkedin":[],"twitter":[],"facebook":[],"instagram":[]}},"breadcrumb_settings":null,"seo_analyzer_scan_date":null,"created":"2026-07-15 17:11:33","updated":"2026-07-16 06:35:25","focus_keyword":null,"additional_keywords":null,"truseo_locale":null},"aioseo_breadcrumb":"<div class=\"aioseo-breadcrumbs\"><span class=\"aioseo-breadcrumb\">\n\t\t\t<a href=\"https:\/\/zastalowcy.pl\" title=\"Home\">Home<\/a>\n\t\t<\/span><span class=\"aioseo-breadcrumb-separator\">&raquo;<\/span><span class=\"aioseo-breadcrumb\">\n\t\t\t<a href=\"https:\/\/zastalowcy.pl\/?cat=8\" title=\"Wiadomo\u015bci z klubu\">Wiadomo\u015bci z klubu<\/a>\n\t\t<\/span><span class=\"aioseo-breadcrumb-separator\">&raquo;<\/span><span class=\"aioseo-breadcrumb\">\n\t\t\tPowr\u00f3t po dw\u00f3ch latach! Jan W\u00f3jcik ponownie zawodnikiem Zastalu Zielona G\u00f3ra\n\t\t<\/span><\/div>","aioseo_breadcrumb_json":[{"label":"Home","link":"https:\/\/zastalowcy.pl"},{"label":"Wiadomo\u015bci z klubu","link":"https:\/\/zastalowcy.pl\/?cat=8"},{"label":"Powr\u00f3t po dw\u00f3ch latach! Jan W\u00f3jcik ponownie zawodnikiem Zastalu Zielona G\u00f3ra","link":"https:\/\/zastalowcy.pl\/?p=1263"}],"_links":{"self":[{"href":"https:\/\/zastalowcy.pl\/index.php?rest_route=\/wp\/v2\/posts\/1263","targetHints":{"allow":["GET"]}}],"collection":[{"href":"https:\/\/zastalowcy.pl\/index.php?rest_route=\/wp\/v2\/posts"}],"about":[{"href":"https:\/\/zastalowcy.pl\/index.php?rest_route=\/wp\/v2\/types\/post"}],"author":[{"embeddable":true,"href":"https:\/\/zastalowcy.pl\/index.php?rest_route=\/wp\/v2\/users\/3"}],"replies":[{"embeddable":true,"href":"https:\/\/zastalowcy.pl\/index.php?rest_route=%2Fwp%2Fv2%2Fcomments&post=1263"}],"version-history":[{"count":1,"href":"https:\/\/zastalowcy.pl\/index.php?rest_route=\/wp\/v2\/posts\/1263\/revisions"}],"predecessor-version":[{"id":1265,"href":"https:\/\/zastalowcy.pl\/index.php?rest_route=\/wp\/v2\/posts\/1263\/revisions\/1265"}],"wp:featuredmedia":[{"embeddable":true,"href":"https:\/\/zastalowcy.pl\/index.php?rest_route=\/wp\/v2\/media\/1264"}],"wp:attachment":[{"href":"https:\/\/zastalowcy.pl\/index.php?rest_route=%2Fwp%2Fv2%2Fmedia&parent=1263"}],"wp:term":[{"taxonomy":"category","embeddable":true,"href":"https:\/\/zastalowcy.pl\/index.php?rest_route=%2Fwp%2Fv2%2Fcategories&post=1263"},{"taxonomy":"post_tag","embeddable":true,"href":"https:\/\/zastalowcy.pl\/index.php?rest_route=%2Fwp%2Fv2%2Ftags&post=1263"}],"curies":[{"name":"wp","href":"https:\/\/api.w.org\/{rel}","templated":true}]}}