{"id":1272,"date":"2026-07-16T12:15:02","date_gmt":"2026-07-16T10:15:02","guid":{"rendered":"https:\/\/zastalowcy.pl\/?p=1272"},"modified":"2026-07-16T12:15:03","modified_gmt":"2026-07-16T10:15:03","slug":"kacper-traczyk-nowym-asystentem-arkadiusza-miloszewskiego-wraca-do-zastalu-w-nowej-roli","status":"publish","type":"post","link":"https:\/\/zastalowcy.pl\/?p=1272","title":{"rendered":"Kacper Traczyk nowym asystentem Arkadiusza Mi\u0142oszewskiego. Wraca do Zastalu w nowej roli"},"content":{"rendered":"\n<p class=\"wp-block-paragraph\">ORLEN Zastal Zielona G\u00f3ra odkry\u0142 kolejn\u0105 kart\u0119 przed sezonem 2026\/2027. Nowym asystentem pierwszego trenera Arkadiusza Mi\u0142oszewskiego zosta\u0142 Kacper Traczyk, doskonale znany zielonog\u00f3rskim kibicom zawodnik, kt\u00f3ry w przesz\u0142o\u015bci reprezentowa\u0142 bia\u0142o-zielone barwy na parkiecie.<\/p>\n\n\n\n<p class=\"wp-block-paragraph\">28-letni szkoleniowiec urodzi\u0142 si\u0119 25 marca 1998 roku i przez wiele lat rozwija\u0142 swoj\u0105 koszykarsk\u0105 karier\u0119 w\u0142a\u015bnie w Zielonej G\u00f3rze. Wyst\u0119powa\u0142 na pozycji rozgrywaj\u0105cego, a z Zastalem si\u0119gn\u0105\u0142 po najwi\u0119ksze sukcesy w swojej dotychczasowej karierze.<\/p>\n\n\n\n<p class=\"wp-block-paragraph\">W barwach zielonog\u00f3rskiego klubu zdoby\u0142 dwa mistrzostwa Polski (2020 i 2021), Puchar Polski (2021) oraz Superpuchar Polski (2021). By\u0142 r\u00f3wnie\u017c cz\u0142onkiem zespo\u0142u rywalizuj\u0105cego w rozgrywkach ligi VTB. Jesieni\u0105 2021 roku zosta\u0142 wypo\u017cyczony do PGE Turowa Zgorzelec, gdzie kontynuowa\u0142 swoj\u0105 zawodnicz\u0105 karier\u0119.<\/p>\n\n\n\n<p class=\"wp-block-paragraph\">Cho\u0107 w ostatnich sezonach wyst\u0119powa\u0142 poza Zielon\u0105 G\u00f3r\u0105, Traczyk pozostawa\u0142 blisko Zastalu. W minionych rozgrywkach regularnie pojawia\u0142 si\u0119 w hali CRS, uczestniczy\u0142 mi\u0119dzy innymi w treningach pierwszego zespo\u0142u. Teraz ta wsp\u00f3\u0142praca wchodzi na zupe\u0142nie nowy poziom.<\/p>\n\n\n\n<p class=\"wp-block-paragraph\">\ud83c\udfc0 Zastalowcy.pl \u2013 o Zastalu od kibic\u00f3w \u2013 dla kibic\u00f3w<\/p>\n","protected":false},"excerpt":{"rendered":"<p>ORLEN Zastal Zielona G\u00f3ra odkry\u0142 kolejn\u0105 kart\u0119 przed sezonem 2026\/2027. Nowym asystentem pierwszego trenera Arkadiusza Mi\u0142oszewskiego zosta\u0142 Kacper<\/p>\n","protected":false},"author":3,"featured_media":1273,"comment_status":"open","ping_status":"open","sticky":false,"template":"","format":"standard","meta":{"om_disable_all_campaigns":false,"footnotes":""},"categories":[18,367,8],"tags":[63,87,17,26,374,393,15,13,129,118,394,30,12,14,42,11,10,16],"class_list":["post-1272","post","type-post","status-publish","format-standard","has-post-thumbnail","hentry","category-aktualnosci","category-sezon-2026-2027","category-wiadomosci-z-klubu","tag-arkadiusz-miloszewski","tag-asystent-trenera","tag-basketzg","tag-druzyna","tag-fiba-europe-cup","tag-kacper-traczyk","tag-koszykowka","tag-orlen-zastal-zielona-gora","tag-plkpl","tag-polska-liga-koszykowki","tag-traczyk","tag-transfery","tag-zastal","tag-zastal-zielona-gora","tag-zastalowcy","tag-zielona-gora","tag-zielonagora","tag-zielonogorska-koszykowka"],"aioseo_notices":[],"aioseo_head":"\n\t\t<!-- All in One SEO 5.0.0.1 - aioseo.com -->\n\t<meta name=\"description\" content=\"ORLEN Zastal Zielona G\u00f3ra odkry\u0142 kolejn\u0105 kart\u0119 przed sezonem 2026\/2027. Nowym asystentem pierwszego trenera Arkadiusza Mi\u0142oszewskiego zosta\u0142 Kacper Traczyk, doskonale znany zielonog\u00f3rskim kibicom zawodnik, kt\u00f3ry w przesz\u0142o\u015bci reprezentowa\u0142 bia\u0142o-zielone barwy na parkiecie. 28-letni szkoleniowiec urodzi\u0142 si\u0119 25 marca 1998 roku i przez wiele lat rozwija\u0142 swoj\u0105 koszykarsk\u0105 karier\u0119 w\u0142a\u015bnie w Zielonej G\u00f3rze. Wyst\u0119powa\u0142 na pozycji\" \/>\n\t<meta name=\"robots\" content=\"max-image-preview:large\" \/>\n\t<meta name=\"author\" content=\"Joanna Nawlicka\"\/>\n\t<link rel=\"canonical\" href=\"https:\/\/zastalowcy.pl\/?p=1272\" \/>\n\t<meta name=\"generator\" content=\"All in One SEO (AIOSEO) 5.0.0.1\" \/>\n\t\t<meta property=\"og:locale\" content=\"pl_PL\" \/>\n\t\t<meta property=\"og:site_name\" content=\"- O Zastalu od kibic\u00f3w \u2013 dla kibic\u00f3w\" \/>\n\t\t<meta property=\"og:type\" content=\"article\" \/>\n\t\t<meta property=\"og:title\" content=\"Kacper Traczyk nowym asystentem Arkadiusza Mi\u0142oszewskiego. Wraca do Zastalu w nowej roli -\" \/>\n\t\t<meta property=\"og:description\" content=\"ORLEN Zastal Zielona G\u00f3ra odkry\u0142 kolejn\u0105 kart\u0119 przed sezonem 2026\/2027. Nowym asystentem pierwszego trenera Arkadiusza Mi\u0142oszewskiego zosta\u0142 Kacper Traczyk, doskonale znany zielonog\u00f3rskim kibicom zawodnik, kt\u00f3ry w przesz\u0142o\u015bci reprezentowa\u0142 bia\u0142o-zielone barwy na parkiecie. 28-letni szkoleniowiec urodzi\u0142 si\u0119 25 marca 1998 roku i przez wiele lat rozwija\u0142 swoj\u0105 koszykarsk\u0105 karier\u0119 w\u0142a\u015bnie w Zielonej G\u00f3rze. Wyst\u0119powa\u0142 na pozycji\" \/>\n\t\t<meta property=\"og:url\" content=\"https:\/\/zastalowcy.pl\/?p=1272\" \/>\n\t\t<meta property=\"og:image\" content=\"https:\/\/zastalowcy.pl\/wp-content\/uploads\/2025\/09\/cropped-logo-strony-2.png\" \/>\n\t\t<meta property=\"og:image:secure_url\" content=\"https:\/\/zastalowcy.pl\/wp-content\/uploads\/2025\/09\/cropped-logo-strony-2.png\" \/>\n\t\t<meta property=\"og:image:width\" content=\"1862\" \/>\n\t\t<meta property=\"og:image:height\" content=\"384\" \/>\n\t\t<meta property=\"article:published_time\" content=\"2026-07-16T10:15:02+00:00\" \/>\n\t\t<meta property=\"article:modified_time\" content=\"2026-07-16T10:15:03+00:00\" \/>\n\t\t<meta name=\"twitter:card\" content=\"summary_large_image\" \/>\n\t\t<meta name=\"twitter:title\" content=\"Kacper Traczyk nowym asystentem Arkadiusza Mi\u0142oszewskiego. Wraca do Zastalu w nowej roli -\" \/>\n\t\t<meta name=\"twitter:description\" content=\"ORLEN Zastal Zielona G\u00f3ra odkry\u0142 kolejn\u0105 kart\u0119 przed sezonem 2026\/2027. Nowym asystentem pierwszego trenera Arkadiusza Mi\u0142oszewskiego zosta\u0142 Kacper Traczyk, doskonale znany zielonog\u00f3rskim kibicom zawodnik, kt\u00f3ry w przesz\u0142o\u015bci reprezentowa\u0142 bia\u0142o-zielone barwy na parkiecie. 28-letni szkoleniowiec urodzi\u0142 si\u0119 25 marca 1998 roku i przez wiele lat rozwija\u0142 swoj\u0105 koszykarsk\u0105 karier\u0119 w\u0142a\u015bnie w Zielonej G\u00f3rze. Wyst\u0119powa\u0142 na pozycji\" \/>\n\t\t<meta name=\"twitter:image\" content=\"https:\/\/zastalowcy.pl\/wp-content\/uploads\/2025\/09\/cropped-logo-strony-2.png\" \/>\n\t\t<script type=\"application\/ld+json\" class=\"aioseo-schema\">\n\t\t\t{\"@context\":\"https:\\\/\\\/schema.org\",\"@graph\":[{\"@type\":\"BlogPosting\",\"@id\":\"https:\\\/\\\/zastalowcy.pl\\\/?p=1272#blogposting\",\"name\":\"Kacper Traczyk nowym asystentem Arkadiusza Mi\\u0142oszewskiego. Wraca do Zastalu w nowej roli -\",\"headline\":\"Kacper Traczyk nowym asystentem Arkadiusza Mi\\u0142oszewskiego. Wraca do Zastalu w nowej roli\",\"author\":{\"@id\":\"https:\\\/\\\/zastalowcy.pl\\\/?author=3#author\"},\"publisher\":{\"@id\":\"https:\\\/\\\/zastalowcy.pl\\\/#organization\"},\"image\":{\"@type\":\"ImageObject\",\"url\":\"https:\\\/\\\/zastalowcy.pl\\\/wp-content\\\/uploads\\\/2026\\\/07\\\/profilowe-13.png\",\"width\":2048,\"height\":2048},\"datePublished\":\"2026-07-16T12:15:02+02:00\",\"dateModified\":\"2026-07-16T12:15:03+02:00\",\"inLanguage\":\"pl-PL\",\"commentCount\":1,\"mainEntityOfPage\":{\"@id\":\"https:\\\/\\\/zastalowcy.pl\\\/?p=1272#webpage\"},\"isPartOf\":{\"@id\":\"https:\\\/\\\/zastalowcy.pl\\\/?p=1272#webpage\"},\"articleSection\":\"Aktualno\\u015bci, Sezon 2026\\\/2027, Wiadomo\\u015bci z klubu, arkadiusz mi\\u0142oszewski, asystent trenera, basketzg, dru\\u017cyna, fiba europe cup, kacper traczyk, koszyk\\u00f3wka, orlen zastal zielona g\\u00f3ra, plkpl, Polska Liga Koszyk\\u00f3wki, traczyk, transfery, zastal, zastal zielona g\\u00f3ra, zastalowcy, zielona g\\u00f3ra, zielonagora, zielonog\\u00f3rska koszyk\\u00f3wka\"},{\"@type\":\"BreadcrumbList\",\"@id\":\"https:\\\/\\\/zastalowcy.pl\\\/?p=1272#breadcrumblist\",\"itemListElement\":[{\"@type\":\"ListItem\",\"@id\":\"https:\\\/\\\/zastalowcy.pl#listItem\",\"position\":1,\"name\":\"Home\",\"item\":\"https:\\\/\\\/zastalowcy.pl\",\"nextItem\":{\"@type\":\"ListItem\",\"@id\":\"https:\\\/\\\/zastalowcy.pl\\\/?cat=8#listItem\",\"name\":\"Wiadomo\\u015bci z klubu\"}},{\"@type\":\"ListItem\",\"@id\":\"https:\\\/\\\/zastalowcy.pl\\\/?cat=8#listItem\",\"position\":2,\"name\":\"Wiadomo\\u015bci z klubu\",\"item\":\"https:\\\/\\\/zastalowcy.pl\\\/?cat=8\",\"nextItem\":{\"@type\":\"ListItem\",\"@id\":\"https:\\\/\\\/zastalowcy.pl\\\/?p=1272#listItem\",\"name\":\"Kacper Traczyk nowym asystentem Arkadiusza Mi\\u0142oszewskiego. Wraca do Zastalu w nowej roli\"},\"previousItem\":{\"@type\":\"ListItem\",\"@id\":\"https:\\\/\\\/zastalowcy.pl#listItem\",\"name\":\"Home\"}},{\"@type\":\"ListItem\",\"@id\":\"https:\\\/\\\/zastalowcy.pl\\\/?p=1272#listItem\",\"position\":3,\"name\":\"Kacper Traczyk nowym asystentem Arkadiusza Mi\\u0142oszewskiego. Wraca do Zastalu w nowej roli\",\"previousItem\":{\"@type\":\"ListItem\",\"@id\":\"https:\\\/\\\/zastalowcy.pl\\\/?cat=8#listItem\",\"name\":\"Wiadomo\\u015bci z klubu\"}}]},{\"@type\":\"Organization\",\"@id\":\"https:\\\/\\\/zastalowcy.pl\\\/#organization\",\"description\":\"O Zastalu od kibic\\u00f3w \\u2013 dla kibic\\u00f3w\",\"url\":\"https:\\\/\\\/zastalowcy.pl\\\/\",\"logo\":{\"@type\":\"ImageObject\",\"url\":\"https:\\\/\\\/zastalowcy.pl\\\/wp-content\\\/uploads\\\/2025\\\/09\\\/cropped-logo-strony-2.png\",\"@id\":\"https:\\\/\\\/zastalowcy.pl\\\/?p=1272\\\/#organizationLogo\",\"width\":1862,\"height\":384},\"image\":{\"@id\":\"https:\\\/\\\/zastalowcy.pl\\\/?p=1272\\\/#organizationLogo\"}},{\"@type\":\"Person\",\"@id\":\"https:\\\/\\\/zastalowcy.pl\\\/?author=3#author\",\"url\":\"https:\\\/\\\/zastalowcy.pl\\\/?author=3\",\"name\":\"Joanna Nawlicka\",\"image\":{\"@type\":\"ImageObject\",\"@id\":\"https:\\\/\\\/zastalowcy.pl\\\/?p=1272#authorImage\",\"url\":\"https:\\\/\\\/secure.gravatar.com\\\/avatar\\\/66fc557d97536ff5096b6295970275631b7a4673997738477642001957f5274c?s=96&d=mm&r=g\",\"width\":96,\"height\":96,\"caption\":\"Joanna Nawlicka\"}},{\"@type\":\"WebPage\",\"@id\":\"https:\\\/\\\/zastalowcy.pl\\\/?p=1272#webpage\",\"url\":\"https:\\\/\\\/zastalowcy.pl\\\/?p=1272\",\"name\":\"Kacper Traczyk nowym asystentem Arkadiusza Mi\\u0142oszewskiego. Wraca do Zastalu w nowej roli -\",\"description\":\"ORLEN Zastal Zielona G\\u00f3ra odkry\\u0142 kolejn\\u0105 kart\\u0119 przed sezonem 2026\\\/2027. Nowym asystentem pierwszego trenera Arkadiusza Mi\\u0142oszewskiego zosta\\u0142 Kacper Traczyk, doskonale znany zielonog\\u00f3rskim kibicom zawodnik, kt\\u00f3ry w przesz\\u0142o\\u015bci reprezentowa\\u0142 bia\\u0142o-zielone barwy na parkiecie. 28-letni szkoleniowiec urodzi\\u0142 si\\u0119 25 marca 1998 roku i przez wiele lat rozwija\\u0142 swoj\\u0105 koszykarsk\\u0105 karier\\u0119 w\\u0142a\\u015bnie w Zielonej G\\u00f3rze. Wyst\\u0119powa\\u0142 na pozycji\",\"inLanguage\":\"pl-PL\",\"isPartOf\":{\"@id\":\"https:\\\/\\\/zastalowcy.pl\\\/#website\"},\"breadcrumb\":{\"@id\":\"https:\\\/\\\/zastalowcy.pl\\\/?p=1272#breadcrumblist\"},\"author\":{\"@id\":\"https:\\\/\\\/zastalowcy.pl\\\/?author=3#author\"},\"creator\":{\"@id\":\"https:\\\/\\\/zastalowcy.pl\\\/?author=3#author\"},\"image\":{\"@type\":\"ImageObject\",\"url\":\"https:\\\/\\\/zastalowcy.pl\\\/wp-content\\\/uploads\\\/2026\\\/07\\\/profilowe-13.png\",\"@id\":\"https:\\\/\\\/zastalowcy.pl\\\/?p=1272\\\/#mainImage\",\"width\":2048,\"height\":2048},\"primaryImageOfPage\":{\"@id\":\"https:\\\/\\\/zastalowcy.pl\\\/?p=1272#mainImage\"},\"datePublished\":\"2026-07-16T12:15:02+02:00\",\"dateModified\":\"2026-07-16T12:15:03+02:00\"},{\"@type\":\"WebSite\",\"@id\":\"https:\\\/\\\/zastalowcy.pl\\\/#website\",\"url\":\"https:\\\/\\\/zastalowcy.pl\\\/\",\"description\":\"O Zastalu od kibic\\u00f3w \\u2013 dla kibic\\u00f3w\",\"inLanguage\":\"pl-PL\",\"publisher\":{\"@id\":\"https:\\\/\\\/zastalowcy.pl\\\/#organization\"}}]}\n\t\t<\/script>\n\t\t<!-- All in One SEO -->\n\n","aioseo_head_json":{"title":"Kacper Traczyk nowym asystentem Arkadiusza Mi\u0142oszewskiego. Wraca do Zastalu w nowej roli -","description":"ORLEN Zastal Zielona G\u00f3ra odkry\u0142 kolejn\u0105 kart\u0119 przed sezonem 2026\/2027. Nowym asystentem pierwszego trenera Arkadiusza Mi\u0142oszewskiego zosta\u0142 Kacper Traczyk, doskonale znany zielonog\u00f3rskim kibicom zawodnik, kt\u00f3ry w przesz\u0142o\u015bci reprezentowa\u0142 bia\u0142o-zielone barwy na parkiecie. 28-letni szkoleniowiec urodzi\u0142 si\u0119 25 marca 1998 roku i przez wiele lat rozwija\u0142 swoj\u0105 koszykarsk\u0105 karier\u0119 w\u0142a\u015bnie w Zielonej G\u00f3rze. Wyst\u0119powa\u0142 na pozycji","canonical_url":"https:\/\/zastalowcy.pl\/?p=1272","robots":"max-image-preview:large","keywords":"","webmasterTools":{"miscellaneous":""},"schema":{"@context":"https:\/\/schema.org","@graph":[{"@type":"BlogPosting","@id":"https:\/\/zastalowcy.pl\/?p=1272#blogposting","name":"Kacper Traczyk nowym asystentem Arkadiusza Mi\u0142oszewskiego. Wraca do Zastalu w nowej roli -","headline":"Kacper Traczyk nowym asystentem Arkadiusza Mi\u0142oszewskiego. Wraca do Zastalu w nowej roli","author":{"@id":"https:\/\/zastalowcy.pl\/?author=3#author"},"publisher":{"@id":"https:\/\/zastalowcy.pl\/#organization"},"image":{"@type":"ImageObject","url":"https:\/\/zastalowcy.pl\/wp-content\/uploads\/2026\/07\/profilowe-13.png","width":2048,"height":2048},"datePublished":"2026-07-16T12:15:02+02:00","dateModified":"2026-07-16T12:15:03+02:00","inLanguage":"pl-PL","commentCount":1,"mainEntityOfPage":{"@id":"https:\/\/zastalowcy.pl\/?p=1272#webpage"},"isPartOf":{"@id":"https:\/\/zastalowcy.pl\/?p=1272#webpage"},"articleSection":"Aktualno\u015bci, Sezon 2026\/2027, Wiadomo\u015bci z klubu, arkadiusz mi\u0142oszewski, asystent trenera, basketzg, dru\u017cyna, fiba europe cup, kacper traczyk, koszyk\u00f3wka, orlen zastal zielona g\u00f3ra, plkpl, Polska Liga Koszyk\u00f3wki, traczyk, transfery, zastal, zastal zielona g\u00f3ra, zastalowcy, zielona g\u00f3ra, zielonagora, zielonog\u00f3rska koszyk\u00f3wka"},{"@type":"BreadcrumbList","@id":"https:\/\/zastalowcy.pl\/?p=1272#breadcrumblist","itemListElement":[{"@type":"ListItem","@id":"https:\/\/zastalowcy.pl#listItem","position":1,"name":"Home","item":"https:\/\/zastalowcy.pl","nextItem":{"@type":"ListItem","@id":"https:\/\/zastalowcy.pl\/?cat=8#listItem","name":"Wiadomo\u015bci z klubu"}},{"@type":"ListItem","@id":"https:\/\/zastalowcy.pl\/?cat=8#listItem","position":2,"name":"Wiadomo\u015bci z klubu","item":"https:\/\/zastalowcy.pl\/?cat=8","nextItem":{"@type":"ListItem","@id":"https:\/\/zastalowcy.pl\/?p=1272#listItem","name":"Kacper Traczyk nowym asystentem Arkadiusza Mi\u0142oszewskiego. Wraca do Zastalu w nowej roli"},"previousItem":{"@type":"ListItem","@id":"https:\/\/zastalowcy.pl#listItem","name":"Home"}},{"@type":"ListItem","@id":"https:\/\/zastalowcy.pl\/?p=1272#listItem","position":3,"name":"Kacper Traczyk nowym asystentem Arkadiusza Mi\u0142oszewskiego. Wraca do Zastalu w nowej roli","previousItem":{"@type":"ListItem","@id":"https:\/\/zastalowcy.pl\/?cat=8#listItem","name":"Wiadomo\u015bci z klubu"}}]},{"@type":"Organization","@id":"https:\/\/zastalowcy.pl\/#organization","description":"O Zastalu od kibic\u00f3w \u2013 dla kibic\u00f3w","url":"https:\/\/zastalowcy.pl\/","logo":{"@type":"ImageObject","url":"https:\/\/zastalowcy.pl\/wp-content\/uploads\/2025\/09\/cropped-logo-strony-2.png","@id":"https:\/\/zastalowcy.pl\/?p=1272\/#organizationLogo","width":1862,"height":384},"image":{"@id":"https:\/\/zastalowcy.pl\/?p=1272\/#organizationLogo"}},{"@type":"Person","@id":"https:\/\/zastalowcy.pl\/?author=3#author","url":"https:\/\/zastalowcy.pl\/?author=3","name":"Joanna Nawlicka","image":{"@type":"ImageObject","@id":"https:\/\/zastalowcy.pl\/?p=1272#authorImage","url":"https:\/\/secure.gravatar.com\/avatar\/66fc557d97536ff5096b6295970275631b7a4673997738477642001957f5274c?s=96&d=mm&r=g","width":96,"height":96,"caption":"Joanna Nawlicka"}},{"@type":"WebPage","@id":"https:\/\/zastalowcy.pl\/?p=1272#webpage","url":"https:\/\/zastalowcy.pl\/?p=1272","name":"Kacper Traczyk nowym asystentem Arkadiusza Mi\u0142oszewskiego. Wraca do Zastalu w nowej roli -","description":"ORLEN Zastal Zielona G\u00f3ra odkry\u0142 kolejn\u0105 kart\u0119 przed sezonem 2026\/2027. Nowym asystentem pierwszego trenera Arkadiusza Mi\u0142oszewskiego zosta\u0142 Kacper Traczyk, doskonale znany zielonog\u00f3rskim kibicom zawodnik, kt\u00f3ry w przesz\u0142o\u015bci reprezentowa\u0142 bia\u0142o-zielone barwy na parkiecie. 28-letni szkoleniowiec urodzi\u0142 si\u0119 25 marca 1998 roku i przez wiele lat rozwija\u0142 swoj\u0105 koszykarsk\u0105 karier\u0119 w\u0142a\u015bnie w Zielonej G\u00f3rze. Wyst\u0119powa\u0142 na pozycji","inLanguage":"pl-PL","isPartOf":{"@id":"https:\/\/zastalowcy.pl\/#website"},"breadcrumb":{"@id":"https:\/\/zastalowcy.pl\/?p=1272#breadcrumblist"},"author":{"@id":"https:\/\/zastalowcy.pl\/?author=3#author"},"creator":{"@id":"https:\/\/zastalowcy.pl\/?author=3#author"},"image":{"@type":"ImageObject","url":"https:\/\/zastalowcy.pl\/wp-content\/uploads\/2026\/07\/profilowe-13.png","@id":"https:\/\/zastalowcy.pl\/?p=1272\/#mainImage","width":2048,"height":2048},"primaryImageOfPage":{"@id":"https:\/\/zastalowcy.pl\/?p=1272#mainImage"},"datePublished":"2026-07-16T12:15:02+02:00","dateModified":"2026-07-16T12:15:03+02:00"},{"@type":"WebSite","@id":"https:\/\/zastalowcy.pl\/#website","url":"https:\/\/zastalowcy.pl\/","description":"O Zastalu od kibic\u00f3w \u2013 dla kibic\u00f3w","inLanguage":"pl-PL","publisher":{"@id":"https:\/\/zastalowcy.pl\/#organization"}}]},"og:locale":"pl_PL","og:site_name":"- O Zastalu od kibic\u00f3w \u2013 dla kibic\u00f3w","og:type":"article","og:title":"Kacper Traczyk nowym asystentem Arkadiusza Mi\u0142oszewskiego. Wraca do Zastalu w nowej roli -","og:description":"ORLEN Zastal Zielona G\u00f3ra odkry\u0142 kolejn\u0105 kart\u0119 przed sezonem 2026\/2027. Nowym asystentem pierwszego trenera Arkadiusza Mi\u0142oszewskiego zosta\u0142 Kacper Traczyk, doskonale znany zielonog\u00f3rskim kibicom zawodnik, kt\u00f3ry w przesz\u0142o\u015bci reprezentowa\u0142 bia\u0142o-zielone barwy na parkiecie. 28-letni szkoleniowiec urodzi\u0142 si\u0119 25 marca 1998 roku i przez wiele lat rozwija\u0142 swoj\u0105 koszykarsk\u0105 karier\u0119 w\u0142a\u015bnie w Zielonej G\u00f3rze. Wyst\u0119powa\u0142 na pozycji","og:url":"https:\/\/zastalowcy.pl\/?p=1272","og:image":"https:\/\/zastalowcy.pl\/wp-content\/uploads\/2025\/09\/cropped-logo-strony-2.png","og:image:secure_url":"https:\/\/zastalowcy.pl\/wp-content\/uploads\/2025\/09\/cropped-logo-strony-2.png","og:image:width":1862,"og:image:height":384,"article:published_time":"2026-07-16T10:15:02+00:00","article:modified_time":"2026-07-16T10:15:03+00:00","twitter:card":"summary_large_image","twitter:title":"Kacper Traczyk nowym asystentem Arkadiusza Mi\u0142oszewskiego. Wraca do Zastalu w nowej roli -","twitter:description":"ORLEN Zastal Zielona G\u00f3ra odkry\u0142 kolejn\u0105 kart\u0119 przed sezonem 2026\/2027. Nowym asystentem pierwszego trenera Arkadiusza Mi\u0142oszewskiego zosta\u0142 Kacper Traczyk, doskonale znany zielonog\u00f3rskim kibicom zawodnik, kt\u00f3ry w przesz\u0142o\u015bci reprezentowa\u0142 bia\u0142o-zielone barwy na parkiecie. 28-letni szkoleniowiec urodzi\u0142 si\u0119 25 marca 1998 roku i przez wiele lat rozwija\u0142 swoj\u0105 koszykarsk\u0105 karier\u0119 w\u0142a\u015bnie w Zielonej G\u00f3rze. Wyst\u0119powa\u0142 na pozycji","twitter:image":"https:\/\/zastalowcy.pl\/wp-content\/uploads\/2025\/09\/cropped-logo-strony-2.png"},"aioseo_meta_data":{"post_id":"1272","title":null,"description":null,"keywords":null,"keyphrases":{"focus":{"keyphrase":"","score":0,"analysis":{"keyphraseInTitle":{"score":0,"maxScore":9,"error":1}}},"additional":[]},"primary_term":null,"canonical_url":null,"og_title":null,"og_description":null,"og_object_type":"default","og_image_type":"default","og_image_custom_url":null,"og_image_custom_fields":null,"og_image_url":null,"og_image_width":null,"og_image_height":null,"og_video":"","og_custom_url":null,"og_article_section":null,"og_article_tags":null,"twitter_use_og":false,"twitter_card":"default","twitter_image_type":"default","twitter_image_custom_url":null,"twitter_image_custom_fields":null,"twitter_image_url":null,"twitter_title":null,"twitter_description":null,"schema_type":"default","schema_type_options":null,"schema":{"blockGraphs":[],"customGraphs":[],"default":{"data":{"Article":[],"Course":[],"Dataset":[],"FAQPage":[],"Movie":[],"Person":[],"Product":[],"ProductReview":[],"Car":[],"Recipe":[],"Service":[],"SoftwareApplication":[],"WebPage":[]},"graphName":"BlogPosting","isEnabled":true},"graphs":[]},"pillar_content":false,"robots_default":true,"robots_noindex":false,"robots_noarchive":false,"robots_nosnippet":false,"robots_nofollow":false,"robots_noimageindex":false,"robots_noodp":false,"robots_notranslate":false,"robots_max_snippet":"-1","robots_max_videopreview":"-1","robots_max_imagepreview":"large","priority":null,"frequency":"default","local_seo":null,"limit_modified_date":false,"ai":{"faqs":[],"keyPoints":[],"schemas":[],"titles":[],"descriptions":[],"socialPosts":{"email":{"subject":"","preview":"","content":""},"linkedin":[],"twitter":[],"facebook":[],"instagram":[]}},"breadcrumb_settings":null,"seo_analyzer_scan_date":null,"created":"2026-07-16 10:15:03","updated":"2026-07-16 10:23:08","focus_keyword":null,"additional_keywords":null,"truseo_locale":null},"aioseo_breadcrumb":"<div class=\"aioseo-breadcrumbs\"><span class=\"aioseo-breadcrumb\">\n\t\t\t<a href=\"https:\/\/zastalowcy.pl\" title=\"Home\">Home<\/a>\n\t\t<\/span><span class=\"aioseo-breadcrumb-separator\">&raquo;<\/span><span class=\"aioseo-breadcrumb\">\n\t\t\t<a href=\"https:\/\/zastalowcy.pl\/?cat=8\" title=\"Wiadomo\u015bci z klubu\">Wiadomo\u015bci z klubu<\/a>\n\t\t<\/span><span class=\"aioseo-breadcrumb-separator\">&raquo;<\/span><span class=\"aioseo-breadcrumb\">\n\t\t\tKacper Traczyk nowym asystentem Arkadiusza Mi\u0142oszewskiego. Wraca do Zastalu w nowej roli\n\t\t<\/span><\/div>","aioseo_breadcrumb_json":[{"label":"Home","link":"https:\/\/zastalowcy.pl"},{"label":"Wiadomo\u015bci z klubu","link":"https:\/\/zastalowcy.pl\/?cat=8"},{"label":"Kacper Traczyk nowym asystentem Arkadiusza Mi\u0142oszewskiego. Wraca do Zastalu w nowej roli","link":"https:\/\/zastalowcy.pl\/?p=1272"}],"_links":{"self":[{"href":"https:\/\/zastalowcy.pl\/index.php?rest_route=\/wp\/v2\/posts\/1272","targetHints":{"allow":["GET"]}}],"collection":[{"href":"https:\/\/zastalowcy.pl\/index.php?rest_route=\/wp\/v2\/posts"}],"about":[{"href":"https:\/\/zastalowcy.pl\/index.php?rest_route=\/wp\/v2\/types\/post"}],"author":[{"embeddable":true,"href":"https:\/\/zastalowcy.pl\/index.php?rest_route=\/wp\/v2\/users\/3"}],"replies":[{"embeddable":true,"href":"https:\/\/zastalowcy.pl\/index.php?rest_route=%2Fwp%2Fv2%2Fcomments&post=1272"}],"version-history":[{"count":1,"href":"https:\/\/zastalowcy.pl\/index.php?rest_route=\/wp\/v2\/posts\/1272\/revisions"}],"predecessor-version":[{"id":1274,"href":"https:\/\/zastalowcy.pl\/index.php?rest_route=\/wp\/v2\/posts\/1272\/revisions\/1274"}],"wp:featuredmedia":[{"embeddable":true,"href":"https:\/\/zastalowcy.pl\/index.php?rest_route=\/wp\/v2\/media\/1273"}],"wp:attachment":[{"href":"https:\/\/zastalowcy.pl\/index.php?rest_route=%2Fwp%2Fv2%2Fmedia&parent=1272"}],"wp:term":[{"taxonomy":"category","embeddable":true,"href":"https:\/\/zastalowcy.pl\/index.php?rest_route=%2Fwp%2Fv2%2Fcategories&post=1272"},{"taxonomy":"post_tag","embeddable":true,"href":"https:\/\/zastalowcy.pl\/index.php?rest_route=%2Fwp%2Fv2%2Ftags&post=1272"}],"curies":[{"name":"wp","href":"https:\/\/api.w.org\/{rel}","templated":true}]}}