{"id":1277,"date":"2026-07-18T10:38:00","date_gmt":"2026-07-18T08:38:00","guid":{"rendered":"https:\/\/zastalowcy.pl\/?p=1277"},"modified":"2026-07-18T19:45:13","modified_gmt":"2026-07-18T17:45:13","slug":"zastal-stawia-na-jednego-z-najwiekszych-talentow-w-polsce","status":"publish","type":"post","link":"https:\/\/zastalowcy.pl\/?p=1277","title":{"rendered":"Zastal stawia na jednego z najwi\u0119kszych talent\u00f3w w Polsce"},"content":{"rendered":"\n<p class=\"wp-block-paragraph\">ORLEN Zastal Zielona G\u00f3ra konsekwentnie realizuje strategi\u0119 opart\u0105 na rozwoju m\u0142odych polskich zawodnik\u00f3w. Nowym koszykarzem wicemistrz\u00f3w Polski zosta\u0142 Jakub Galewski, jeden z najbardziej utalentowanych rozgrywaj\u0105cych m\u0142odego pokolenia. 19-latek podpisa\u0142 z zielonog\u00f3rskim klubem kontrakt obowi\u0105zuj\u0105cy do ko\u0144ca sezonu 2028\/2029.<\/p>\n\n\n\n<h3 class=\"wp-block-heading\">Wyr\u00f3\u017cniaj\u0105cy si\u0119 rozgrywaj\u0105cy z Wroc\u0142awia<\/h3>\n\n\n\n<p class=\"wp-block-paragraph\">Galewski od pocz\u0105tku swojej kariery zwi\u0105zany by\u0142 z WKK Wroc\u0142aw, gdzie przeszed\u0142 wszystkie etapy szkolenia. Ju\u017c jako nastolatek zacz\u0105\u0142 wyst\u0119powa\u0107 w seniorskiej koszyk\u00f3wce, a jego rozw\u00f3j przebiega\u0142 w bardzo szybkim tempie.<\/p>\n\n\n\n<p class=\"wp-block-paragraph\">W sezonie 2023\/24, maj\u0105c zaledwie 17 lat, zosta\u0142 podstawowym rozgrywaj\u0105cym pierwszoligowego WKK Active Hotel Wroc\u0142aw. Ju\u017c wtedy notowa\u0142 \u015brednio 9,6 punktu i 3,9 asysty na mecz. W kolejnych rozgrywkach zrobi\u0142 kolejny krok naprz\u00f3d, zdobywaj\u0105c \u015brednio 11 punkt\u00f3w oraz 4,7 asysty, co uczyni\u0142o go najlepszym podaj\u0105cym swojej dru\u017cyny.<\/p>\n\n\n\n<h3 class=\"wp-block-heading\">MVP i reprezentant Polski<\/h3>\n\n\n\n<p class=\"wp-block-paragraph\">M\u0142ody rozgrywaj\u0105cy ma na swoim koncie r\u00f3wnie\u017c znacz\u0105ce sukcesy indywidualne. W 2025 roku zosta\u0142 wybrany MVP Mistrzostw Polski U19, a kilka miesi\u0119cy p\u00f3\u017aniej poprowadzi\u0142 WKK do triumfu w M\u0142odzie\u017cowym Pucharze Polski, odbieraj\u0105c tak\u017ce statuetk\u0119 dla najbardziej warto\u015bciowego zawodnika turnieju.<\/p>\n\n\n\n<p class=\"wp-block-paragraph\">Galewski od kilku lat regularnie reprezentuje r\u00f3wnie\u017c Polsk\u0119 w m\u0142odzie\u017cowych kadrach narodowych, a obecnie bierze udzia\u0142 w EuroBaskecie U20 Dywizji A, rozgrywanym w s\u0142owe\u0144skiej Lublanie. Do tej pory wyst\u0105pi\u0142 w czterech spotkaniach reprezentacji Polski, sp\u0119dzaj\u0105c na parkiecie \u015brednio ponad 15 minut. Notuje 5,5 punktu, 2,5 asysty oraz 1,3 zbi\u00f3rki na mecz, a z linii rzut\u00f3w wolnych trafia z imponuj\u0105c\u0105 skuteczno\u015bci\u0105 92,9 procent.<\/p>\n\n\n\n<p class=\"wp-block-paragraph\">Bia\u0142o-Czerwoni zako\u0144czyli ju\u017c rywalizacj\u0119 o medale, jednak wci\u0105\u017c walcz\u0105 o jak najwy\u017csz\u0105 lokat\u0119. Po zwyci\u0119stwie 90:83 nad Czechami awansowali do meczu o 9. miejsce, w kt\u00f3rym zmierz\u0105 si\u0119 z Litw\u0105.<\/p>\n\n\n\n<h3 class=\"wp-block-heading\">Mi\u0142oszewski: To zawodnik z bardzo wysokim koszykarskim IQ<\/h3>\n\n\n\n<p class=\"wp-block-paragraph\">Du\u017ce nadzieje z pozyskaniem m\u0142odego rozgrywaj\u0105cego wi\u0105\u017ce trener Arkadiusz Mi\u0142oszewski.<\/p>\n\n\n\n<p class=\"wp-block-paragraph\">Jak czytamy w komunikacie opublikowanym na oficjalnej stronie ORLEN Zastalu Zielona G\u00f3ra, szkoleniowiec bardzo wysoko ocenia potencja\u0142 nowego zawodnika. \u2013 Kuba to rozgrywaj\u0105cy m\u0142odego pokolenia, kt\u00f3ry obecnie reprezentuje nasz kraj na mistrzostwach Europy U20 Dywizji A w Lublanie, w S\u0142owenii. To zawodnik z du\u017cym potencja\u0142em i bardzo wysokim koszykarskim IQ. Bardzo si\u0119 ciesz\u0119, \u017ce trafia do naszej zielonog\u00f3rskiej dru\u017cyny i b\u0119dzie pracowa\u0142 pod skrzyd\u0142ami Andy&#8217;ego Mazurczaka, kt\u00f3ry wed\u0142ug mnie jest jednym z najlepszych rozgrywaj\u0105cych w Polsce. Dzi\u0119ki temu b\u0119dzie mia\u0142 od kogo si\u0119 uczy\u0107. Mam nadziej\u0119, \u017ce otrzyma wiele szans, cho\u0107 oczywi\u015bcie b\u0119dzie musia\u0142 sobie na nie zapracowa\u0107. Wiemy, \u017ce m\u0142odzi zawodnicy to przysz\u0142o\u015b\u0107 nie tylko zielonog\u00f3rskiej, ale i polskiej koszyk\u00f3wki. Praca, praca i jeszcze raz praca \u2013 wierz\u0119 jednak, \u017ce dzi\u0119ki temu wysi\u0142kowi Kuba ju\u017c w tym sezonie wywalczy sobie minuty na parkiecie i b\u0119dzie nam dawa\u0142 wiele powod\u00f3w do rado\u015bci \u2013 powiedzia\u0142 trener Zastalu w klubowym komunikacie.<\/p>\n\n\n\n<h3 class=\"wp-block-heading\">Inwestycja w przysz\u0142o\u015b\u0107<\/h3>\n\n\n\n<p class=\"wp-block-paragraph\">Podpisanie umowy z Galewskim to kolejny sygna\u0142, \u017ce Zastal chce budowa\u0107 silny polski trzon zespo\u0142u r\u00f3wnie\u017c z my\u015bl\u0105 o przysz\u0142o\u015bci. Przed 19-latkiem otwiera si\u0119 szansa na treningi i rywalizacj\u0119 z do\u015bwiadczonymi zawodnikami ORLEN Basket Ligi, a przede wszystkim na codzienn\u0105 prac\u0119 z kapitanem zespo\u0142u Andrzejem Mazurczakiem, od kt\u00f3rego b\u0119dzie m\u00f3g\u0142 czerpa\u0107 do\u015bwiadczenie.<\/p>\n\n\n\n<p class=\"wp-block-paragraph\">\ud83c\udfc0 Zastalowcy.pl \u2013 o Zastalu od kibic\u00f3w \u2013 dla kibic\u00f3w<\/p>\n","protected":false},"excerpt":{"rendered":"<p>ORLEN Zastal Zielona G\u00f3ra konsekwentnie realizuje strategi\u0119 opart\u0105 na rozwoju m\u0142odych polskich zawodnik\u00f3w. Nowym koszykarzem wicemistrz\u00f3w Polski zosta\u0142<\/p>\n","protected":false},"author":3,"featured_media":1278,"comment_status":"open","ping_status":"open","sticky":false,"template":"","format":"standard","meta":{"om_disable_all_campaigns":false,"footnotes":""},"categories":[18,367,8],"tags":[17,26,396,395,15,397,13,12,14,42,11,10,16],"class_list":["post-1277","post","type-post","status-publish","format-standard","has-post-thumbnail","hentry","category-aktualnosci","category-sezon-2026-2027","category-wiadomosci-z-klubu","tag-basketzg","tag-druzyna","tag-jakub-galewski","tag-jakub-h","tag-koszykowka","tag-kuba-galewski","tag-orlen-zastal-zielona-gora","tag-zastal","tag-zastal-zielona-gora","tag-zastalowcy","tag-zielona-gora","tag-zielonagora","tag-zielonogorska-koszykowka"],"aioseo_notices":[],"aioseo_head":"\n\t\t<!-- All in One SEO 5.0.0.1 - aioseo.com -->\n\t<meta name=\"description\" content=\"ORLEN Zastal Zielona G\u00f3ra konsekwentnie realizuje strategi\u0119 opart\u0105 na rozwoju m\u0142odych polskich zawodnik\u00f3w. Nowym koszykarzem wicemistrz\u00f3w Polski zosta\u0142 Jakub Galewski, jeden z najbardziej utalentowanych rozgrywaj\u0105cych m\u0142odego pokolenia. 19-latek podpisa\u0142 z zielonog\u00f3rskim klubem kontrakt obowi\u0105zuj\u0105cy do ko\u0144ca sezonu 2028\/2029. Wyr\u00f3\u017cniaj\u0105cy si\u0119 rozgrywaj\u0105cy z Wroc\u0142awia Galewski od pocz\u0105tku swojej kariery zwi\u0105zany by\u0142 z WKK Wroc\u0142aw, gdzie przeszed\u0142\" \/>\n\t<meta name=\"robots\" content=\"max-image-preview:large\" \/>\n\t<meta name=\"author\" content=\"Joanna Nawlicka\"\/>\n\t<link rel=\"canonical\" href=\"https:\/\/zastalowcy.pl\/?p=1277\" \/>\n\t<meta name=\"generator\" content=\"All in One SEO (AIOSEO) 5.0.0.1\" \/>\n\t\t<meta property=\"og:locale\" content=\"pl_PL\" \/>\n\t\t<meta property=\"og:site_name\" content=\"- O Zastalu od kibic\u00f3w \u2013 dla kibic\u00f3w\" \/>\n\t\t<meta property=\"og:type\" content=\"article\" \/>\n\t\t<meta property=\"og:title\" content=\"Zastal stawia na jednego z najwi\u0119kszych talent\u00f3w w Polsce -\" \/>\n\t\t<meta property=\"og:description\" content=\"ORLEN Zastal Zielona G\u00f3ra konsekwentnie realizuje strategi\u0119 opart\u0105 na rozwoju m\u0142odych polskich zawodnik\u00f3w. Nowym koszykarzem wicemistrz\u00f3w Polski zosta\u0142 Jakub Galewski, jeden z najbardziej utalentowanych rozgrywaj\u0105cych m\u0142odego pokolenia. 19-latek podpisa\u0142 z zielonog\u00f3rskim klubem kontrakt obowi\u0105zuj\u0105cy do ko\u0144ca sezonu 2028\/2029. Wyr\u00f3\u017cniaj\u0105cy si\u0119 rozgrywaj\u0105cy z Wroc\u0142awia Galewski od pocz\u0105tku swojej kariery zwi\u0105zany by\u0142 z WKK Wroc\u0142aw, gdzie przeszed\u0142\" \/>\n\t\t<meta property=\"og:url\" content=\"https:\/\/zastalowcy.pl\/?p=1277\" \/>\n\t\t<meta property=\"og:image\" content=\"https:\/\/zastalowcy.pl\/wp-content\/uploads\/2025\/09\/cropped-logo-strony-2.png\" \/>\n\t\t<meta property=\"og:image:secure_url\" content=\"https:\/\/zastalowcy.pl\/wp-content\/uploads\/2025\/09\/cropped-logo-strony-2.png\" \/>\n\t\t<meta property=\"og:image:width\" content=\"1862\" \/>\n\t\t<meta property=\"og:image:height\" content=\"384\" \/>\n\t\t<meta property=\"article:published_time\" content=\"2026-07-18T08:38:00+00:00\" \/>\n\t\t<meta property=\"article:modified_time\" content=\"2026-07-18T17:45:13+00:00\" \/>\n\t\t<meta name=\"twitter:card\" content=\"summary_large_image\" \/>\n\t\t<meta name=\"twitter:title\" content=\"Zastal stawia na jednego z najwi\u0119kszych talent\u00f3w w Polsce -\" \/>\n\t\t<meta name=\"twitter:description\" content=\"ORLEN Zastal Zielona G\u00f3ra konsekwentnie realizuje strategi\u0119 opart\u0105 na rozwoju m\u0142odych polskich zawodnik\u00f3w. Nowym koszykarzem wicemistrz\u00f3w Polski zosta\u0142 Jakub Galewski, jeden z najbardziej utalentowanych rozgrywaj\u0105cych m\u0142odego pokolenia. 19-latek podpisa\u0142 z zielonog\u00f3rskim klubem kontrakt obowi\u0105zuj\u0105cy do ko\u0144ca sezonu 2028\/2029. Wyr\u00f3\u017cniaj\u0105cy si\u0119 rozgrywaj\u0105cy z Wroc\u0142awia Galewski od pocz\u0105tku swojej kariery zwi\u0105zany by\u0142 z WKK Wroc\u0142aw, gdzie przeszed\u0142\" \/>\n\t\t<meta name=\"twitter:image\" content=\"https:\/\/zastalowcy.pl\/wp-content\/uploads\/2025\/09\/cropped-logo-strony-2.png\" \/>\n\t\t<script type=\"application\/ld+json\" class=\"aioseo-schema\">\n\t\t\t{\"@context\":\"https:\\\/\\\/schema.org\",\"@graph\":[{\"@type\":\"BlogPosting\",\"@id\":\"https:\\\/\\\/zastalowcy.pl\\\/?p=1277#blogposting\",\"name\":\"Zastal stawia na jednego z najwi\\u0119kszych talent\\u00f3w w Polsce -\",\"headline\":\"Zastal stawia na jednego z najwi\\u0119kszych talent\\u00f3w w Polsce\",\"author\":{\"@id\":\"https:\\\/\\\/zastalowcy.pl\\\/?author=3#author\"},\"publisher\":{\"@id\":\"https:\\\/\\\/zastalowcy.pl\\\/#organization\"},\"image\":{\"@type\":\"ImageObject\",\"url\":\"https:\\\/\\\/zastalowcy.pl\\\/wp-content\\\/uploads\\\/2026\\\/07\\\/profilowe-14.png\",\"width\":2048,\"height\":2048},\"datePublished\":\"2026-07-18T10:38:00+02:00\",\"dateModified\":\"2026-07-18T19:45:13+02:00\",\"inLanguage\":\"pl-PL\",\"commentCount\":1,\"mainEntityOfPage\":{\"@id\":\"https:\\\/\\\/zastalowcy.pl\\\/?p=1277#webpage\"},\"isPartOf\":{\"@id\":\"https:\\\/\\\/zastalowcy.pl\\\/?p=1277#webpage\"},\"articleSection\":\"Aktualno\\u015bci, Sezon 2026\\\/2027, Wiadomo\\u015bci z klubu, basketzg, dru\\u017cyna, jakub galewski, jakub h, koszyk\\u00f3wka, kuba galewski, orlen zastal zielona g\\u00f3ra, zastal, zastal zielona g\\u00f3ra, zastalowcy, zielona g\\u00f3ra, zielonagora, zielonog\\u00f3rska koszyk\\u00f3wka\"},{\"@type\":\"BreadcrumbList\",\"@id\":\"https:\\\/\\\/zastalowcy.pl\\\/?p=1277#breadcrumblist\",\"itemListElement\":[{\"@type\":\"ListItem\",\"@id\":\"https:\\\/\\\/zastalowcy.pl#listItem\",\"position\":1,\"name\":\"Home\",\"item\":\"https:\\\/\\\/zastalowcy.pl\",\"nextItem\":{\"@type\":\"ListItem\",\"@id\":\"https:\\\/\\\/zastalowcy.pl\\\/?cat=8#listItem\",\"name\":\"Wiadomo\\u015bci z klubu\"}},{\"@type\":\"ListItem\",\"@id\":\"https:\\\/\\\/zastalowcy.pl\\\/?cat=8#listItem\",\"position\":2,\"name\":\"Wiadomo\\u015bci z klubu\",\"item\":\"https:\\\/\\\/zastalowcy.pl\\\/?cat=8\",\"nextItem\":{\"@type\":\"ListItem\",\"@id\":\"https:\\\/\\\/zastalowcy.pl\\\/?p=1277#listItem\",\"name\":\"Zastal stawia na jednego z najwi\\u0119kszych talent\\u00f3w w Polsce\"},\"previousItem\":{\"@type\":\"ListItem\",\"@id\":\"https:\\\/\\\/zastalowcy.pl#listItem\",\"name\":\"Home\"}},{\"@type\":\"ListItem\",\"@id\":\"https:\\\/\\\/zastalowcy.pl\\\/?p=1277#listItem\",\"position\":3,\"name\":\"Zastal stawia na jednego z najwi\\u0119kszych talent\\u00f3w w Polsce\",\"previousItem\":{\"@type\":\"ListItem\",\"@id\":\"https:\\\/\\\/zastalowcy.pl\\\/?cat=8#listItem\",\"name\":\"Wiadomo\\u015bci z klubu\"}}]},{\"@type\":\"Organization\",\"@id\":\"https:\\\/\\\/zastalowcy.pl\\\/#organization\",\"description\":\"O Zastalu od kibic\\u00f3w \\u2013 dla kibic\\u00f3w\",\"url\":\"https:\\\/\\\/zastalowcy.pl\\\/\",\"logo\":{\"@type\":\"ImageObject\",\"url\":\"https:\\\/\\\/zastalowcy.pl\\\/wp-content\\\/uploads\\\/2025\\\/09\\\/cropped-logo-strony-2.png\",\"@id\":\"https:\\\/\\\/zastalowcy.pl\\\/?p=1277\\\/#organizationLogo\",\"width\":1862,\"height\":384},\"image\":{\"@id\":\"https:\\\/\\\/zastalowcy.pl\\\/?p=1277\\\/#organizationLogo\"}},{\"@type\":\"Person\",\"@id\":\"https:\\\/\\\/zastalowcy.pl\\\/?author=3#author\",\"url\":\"https:\\\/\\\/zastalowcy.pl\\\/?author=3\",\"name\":\"Joanna Nawlicka\",\"image\":{\"@type\":\"ImageObject\",\"@id\":\"https:\\\/\\\/zastalowcy.pl\\\/?p=1277#authorImage\",\"url\":\"https:\\\/\\\/secure.gravatar.com\\\/avatar\\\/66fc557d97536ff5096b6295970275631b7a4673997738477642001957f5274c?s=96&d=mm&r=g\",\"width\":96,\"height\":96,\"caption\":\"Joanna Nawlicka\"}},{\"@type\":\"WebPage\",\"@id\":\"https:\\\/\\\/zastalowcy.pl\\\/?p=1277#webpage\",\"url\":\"https:\\\/\\\/zastalowcy.pl\\\/?p=1277\",\"name\":\"Zastal stawia na jednego z najwi\\u0119kszych talent\\u00f3w w Polsce -\",\"description\":\"ORLEN Zastal Zielona G\\u00f3ra konsekwentnie realizuje strategi\\u0119 opart\\u0105 na rozwoju m\\u0142odych polskich zawodnik\\u00f3w. Nowym koszykarzem wicemistrz\\u00f3w Polski zosta\\u0142 Jakub Galewski, jeden z najbardziej utalentowanych rozgrywaj\\u0105cych m\\u0142odego pokolenia. 19-latek podpisa\\u0142 z zielonog\\u00f3rskim klubem kontrakt obowi\\u0105zuj\\u0105cy do ko\\u0144ca sezonu 2028\\\/2029. Wyr\\u00f3\\u017cniaj\\u0105cy si\\u0119 rozgrywaj\\u0105cy z Wroc\\u0142awia Galewski od pocz\\u0105tku swojej kariery zwi\\u0105zany by\\u0142 z WKK Wroc\\u0142aw, gdzie przeszed\\u0142\",\"inLanguage\":\"pl-PL\",\"isPartOf\":{\"@id\":\"https:\\\/\\\/zastalowcy.pl\\\/#website\"},\"breadcrumb\":{\"@id\":\"https:\\\/\\\/zastalowcy.pl\\\/?p=1277#breadcrumblist\"},\"author\":{\"@id\":\"https:\\\/\\\/zastalowcy.pl\\\/?author=3#author\"},\"creator\":{\"@id\":\"https:\\\/\\\/zastalowcy.pl\\\/?author=3#author\"},\"image\":{\"@type\":\"ImageObject\",\"url\":\"https:\\\/\\\/zastalowcy.pl\\\/wp-content\\\/uploads\\\/2026\\\/07\\\/profilowe-14.png\",\"@id\":\"https:\\\/\\\/zastalowcy.pl\\\/?p=1277\\\/#mainImage\",\"width\":2048,\"height\":2048},\"primaryImageOfPage\":{\"@id\":\"https:\\\/\\\/zastalowcy.pl\\\/?p=1277#mainImage\"},\"datePublished\":\"2026-07-18T10:38:00+02:00\",\"dateModified\":\"2026-07-18T19:45:13+02:00\"},{\"@type\":\"WebSite\",\"@id\":\"https:\\\/\\\/zastalowcy.pl\\\/#website\",\"url\":\"https:\\\/\\\/zastalowcy.pl\\\/\",\"description\":\"O Zastalu od kibic\\u00f3w \\u2013 dla kibic\\u00f3w\",\"inLanguage\":\"pl-PL\",\"publisher\":{\"@id\":\"https:\\\/\\\/zastalowcy.pl\\\/#organization\"}}]}\n\t\t<\/script>\n\t\t<!-- All in One SEO -->\n\n","aioseo_head_json":{"title":"Zastal stawia na jednego z najwi\u0119kszych talent\u00f3w w Polsce -","description":"ORLEN Zastal Zielona G\u00f3ra konsekwentnie realizuje strategi\u0119 opart\u0105 na rozwoju m\u0142odych polskich zawodnik\u00f3w. Nowym koszykarzem wicemistrz\u00f3w Polski zosta\u0142 Jakub Galewski, jeden z najbardziej utalentowanych rozgrywaj\u0105cych m\u0142odego pokolenia. 19-latek podpisa\u0142 z zielonog\u00f3rskim klubem kontrakt obowi\u0105zuj\u0105cy do ko\u0144ca sezonu 2028\/2029. Wyr\u00f3\u017cniaj\u0105cy si\u0119 rozgrywaj\u0105cy z Wroc\u0142awia Galewski od pocz\u0105tku swojej kariery zwi\u0105zany by\u0142 z WKK Wroc\u0142aw, gdzie przeszed\u0142","canonical_url":"https:\/\/zastalowcy.pl\/?p=1277","robots":"max-image-preview:large","keywords":"","webmasterTools":{"miscellaneous":""},"schema":{"@context":"https:\/\/schema.org","@graph":[{"@type":"BlogPosting","@id":"https:\/\/zastalowcy.pl\/?p=1277#blogposting","name":"Zastal stawia na jednego z najwi\u0119kszych talent\u00f3w w Polsce -","headline":"Zastal stawia na jednego z najwi\u0119kszych talent\u00f3w w Polsce","author":{"@id":"https:\/\/zastalowcy.pl\/?author=3#author"},"publisher":{"@id":"https:\/\/zastalowcy.pl\/#organization"},"image":{"@type":"ImageObject","url":"https:\/\/zastalowcy.pl\/wp-content\/uploads\/2026\/07\/profilowe-14.png","width":2048,"height":2048},"datePublished":"2026-07-18T10:38:00+02:00","dateModified":"2026-07-18T19:45:13+02:00","inLanguage":"pl-PL","commentCount":1,"mainEntityOfPage":{"@id":"https:\/\/zastalowcy.pl\/?p=1277#webpage"},"isPartOf":{"@id":"https:\/\/zastalowcy.pl\/?p=1277#webpage"},"articleSection":"Aktualno\u015bci, Sezon 2026\/2027, Wiadomo\u015bci z klubu, basketzg, dru\u017cyna, jakub galewski, jakub h, koszyk\u00f3wka, kuba galewski, orlen zastal zielona g\u00f3ra, zastal, zastal zielona g\u00f3ra, zastalowcy, zielona g\u00f3ra, zielonagora, zielonog\u00f3rska koszyk\u00f3wka"},{"@type":"BreadcrumbList","@id":"https:\/\/zastalowcy.pl\/?p=1277#breadcrumblist","itemListElement":[{"@type":"ListItem","@id":"https:\/\/zastalowcy.pl#listItem","position":1,"name":"Home","item":"https:\/\/zastalowcy.pl","nextItem":{"@type":"ListItem","@id":"https:\/\/zastalowcy.pl\/?cat=8#listItem","name":"Wiadomo\u015bci z klubu"}},{"@type":"ListItem","@id":"https:\/\/zastalowcy.pl\/?cat=8#listItem","position":2,"name":"Wiadomo\u015bci z klubu","item":"https:\/\/zastalowcy.pl\/?cat=8","nextItem":{"@type":"ListItem","@id":"https:\/\/zastalowcy.pl\/?p=1277#listItem","name":"Zastal stawia na jednego z najwi\u0119kszych talent\u00f3w w Polsce"},"previousItem":{"@type":"ListItem","@id":"https:\/\/zastalowcy.pl#listItem","name":"Home"}},{"@type":"ListItem","@id":"https:\/\/zastalowcy.pl\/?p=1277#listItem","position":3,"name":"Zastal stawia na jednego z najwi\u0119kszych talent\u00f3w w Polsce","previousItem":{"@type":"ListItem","@id":"https:\/\/zastalowcy.pl\/?cat=8#listItem","name":"Wiadomo\u015bci z klubu"}}]},{"@type":"Organization","@id":"https:\/\/zastalowcy.pl\/#organization","description":"O Zastalu od kibic\u00f3w \u2013 dla kibic\u00f3w","url":"https:\/\/zastalowcy.pl\/","logo":{"@type":"ImageObject","url":"https:\/\/zastalowcy.pl\/wp-content\/uploads\/2025\/09\/cropped-logo-strony-2.png","@id":"https:\/\/zastalowcy.pl\/?p=1277\/#organizationLogo","width":1862,"height":384},"image":{"@id":"https:\/\/zastalowcy.pl\/?p=1277\/#organizationLogo"}},{"@type":"Person","@id":"https:\/\/zastalowcy.pl\/?author=3#author","url":"https:\/\/zastalowcy.pl\/?author=3","name":"Joanna Nawlicka","image":{"@type":"ImageObject","@id":"https:\/\/zastalowcy.pl\/?p=1277#authorImage","url":"https:\/\/secure.gravatar.com\/avatar\/66fc557d97536ff5096b6295970275631b7a4673997738477642001957f5274c?s=96&d=mm&r=g","width":96,"height":96,"caption":"Joanna Nawlicka"}},{"@type":"WebPage","@id":"https:\/\/zastalowcy.pl\/?p=1277#webpage","url":"https:\/\/zastalowcy.pl\/?p=1277","name":"Zastal stawia na jednego z najwi\u0119kszych talent\u00f3w w Polsce -","description":"ORLEN Zastal Zielona G\u00f3ra konsekwentnie realizuje strategi\u0119 opart\u0105 na rozwoju m\u0142odych polskich zawodnik\u00f3w. Nowym koszykarzem wicemistrz\u00f3w Polski zosta\u0142 Jakub Galewski, jeden z najbardziej utalentowanych rozgrywaj\u0105cych m\u0142odego pokolenia. 19-latek podpisa\u0142 z zielonog\u00f3rskim klubem kontrakt obowi\u0105zuj\u0105cy do ko\u0144ca sezonu 2028\/2029. Wyr\u00f3\u017cniaj\u0105cy si\u0119 rozgrywaj\u0105cy z Wroc\u0142awia Galewski od pocz\u0105tku swojej kariery zwi\u0105zany by\u0142 z WKK Wroc\u0142aw, gdzie przeszed\u0142","inLanguage":"pl-PL","isPartOf":{"@id":"https:\/\/zastalowcy.pl\/#website"},"breadcrumb":{"@id":"https:\/\/zastalowcy.pl\/?p=1277#breadcrumblist"},"author":{"@id":"https:\/\/zastalowcy.pl\/?author=3#author"},"creator":{"@id":"https:\/\/zastalowcy.pl\/?author=3#author"},"image":{"@type":"ImageObject","url":"https:\/\/zastalowcy.pl\/wp-content\/uploads\/2026\/07\/profilowe-14.png","@id":"https:\/\/zastalowcy.pl\/?p=1277\/#mainImage","width":2048,"height":2048},"primaryImageOfPage":{"@id":"https:\/\/zastalowcy.pl\/?p=1277#mainImage"},"datePublished":"2026-07-18T10:38:00+02:00","dateModified":"2026-07-18T19:45:13+02:00"},{"@type":"WebSite","@id":"https:\/\/zastalowcy.pl\/#website","url":"https:\/\/zastalowcy.pl\/","description":"O Zastalu od kibic\u00f3w \u2013 dla kibic\u00f3w","inLanguage":"pl-PL","publisher":{"@id":"https:\/\/zastalowcy.pl\/#organization"}}]},"og:locale":"pl_PL","og:site_name":"- O Zastalu od kibic\u00f3w \u2013 dla kibic\u00f3w","og:type":"article","og:title":"Zastal stawia na jednego z najwi\u0119kszych talent\u00f3w w Polsce -","og:description":"ORLEN Zastal Zielona G\u00f3ra konsekwentnie realizuje strategi\u0119 opart\u0105 na rozwoju m\u0142odych polskich zawodnik\u00f3w. Nowym koszykarzem wicemistrz\u00f3w Polski zosta\u0142 Jakub Galewski, jeden z najbardziej utalentowanych rozgrywaj\u0105cych m\u0142odego pokolenia. 19-latek podpisa\u0142 z zielonog\u00f3rskim klubem kontrakt obowi\u0105zuj\u0105cy do ko\u0144ca sezonu 2028\/2029. Wyr\u00f3\u017cniaj\u0105cy si\u0119 rozgrywaj\u0105cy z Wroc\u0142awia Galewski od pocz\u0105tku swojej kariery zwi\u0105zany by\u0142 z WKK Wroc\u0142aw, gdzie przeszed\u0142","og:url":"https:\/\/zastalowcy.pl\/?p=1277","og:image":"https:\/\/zastalowcy.pl\/wp-content\/uploads\/2025\/09\/cropped-logo-strony-2.png","og:image:secure_url":"https:\/\/zastalowcy.pl\/wp-content\/uploads\/2025\/09\/cropped-logo-strony-2.png","og:image:width":1862,"og:image:height":384,"article:published_time":"2026-07-18T08:38:00+00:00","article:modified_time":"2026-07-18T17:45:13+00:00","twitter:card":"summary_large_image","twitter:title":"Zastal stawia na jednego z najwi\u0119kszych talent\u00f3w w Polsce -","twitter:description":"ORLEN Zastal Zielona G\u00f3ra konsekwentnie realizuje strategi\u0119 opart\u0105 na rozwoju m\u0142odych polskich zawodnik\u00f3w. Nowym koszykarzem wicemistrz\u00f3w Polski zosta\u0142 Jakub Galewski, jeden z najbardziej utalentowanych rozgrywaj\u0105cych m\u0142odego pokolenia. 19-latek podpisa\u0142 z zielonog\u00f3rskim klubem kontrakt obowi\u0105zuj\u0105cy do ko\u0144ca sezonu 2028\/2029. Wyr\u00f3\u017cniaj\u0105cy si\u0119 rozgrywaj\u0105cy z Wroc\u0142awia Galewski od pocz\u0105tku swojej kariery zwi\u0105zany by\u0142 z WKK Wroc\u0142aw, gdzie przeszed\u0142","twitter:image":"https:\/\/zastalowcy.pl\/wp-content\/uploads\/2025\/09\/cropped-logo-strony-2.png"},"aioseo_meta_data":{"post_id":"1277","title":null,"description":null,"keywords":null,"keyphrases":{"focus":{"keyphrase":"","score":0,"analysis":{"keyphraseInTitle":{"score":0,"maxScore":9,"error":1}}},"additional":[]},"primary_term":null,"canonical_url":null,"og_title":null,"og_description":null,"og_object_type":"default","og_image_type":"default","og_image_custom_url":null,"og_image_custom_fields":null,"og_image_url":null,"og_image_width":null,"og_image_height":null,"og_video":"","og_custom_url":null,"og_article_section":null,"og_article_tags":null,"twitter_use_og":false,"twitter_card":"default","twitter_image_type":"default","twitter_image_custom_url":null,"twitter_image_custom_fields":null,"twitter_image_url":null,"twitter_title":null,"twitter_description":null,"schema_type":"default","schema_type_options":null,"schema":{"blockGraphs":[],"customGraphs":[],"default":{"data":{"Article":[],"Course":[],"Dataset":[],"FAQPage":[],"Movie":[],"Person":[],"Product":[],"ProductReview":[],"Car":[],"Recipe":[],"Service":[],"SoftwareApplication":[],"WebPage":[]},"graphName":"BlogPosting","isEnabled":true},"graphs":[]},"pillar_content":false,"robots_default":true,"robots_noindex":false,"robots_noarchive":false,"robots_nosnippet":false,"robots_nofollow":false,"robots_noimageindex":false,"robots_noodp":false,"robots_notranslate":false,"robots_max_snippet":"-1","robots_max_videopreview":"-1","robots_max_imagepreview":"large","priority":null,"frequency":"default","local_seo":null,"limit_modified_date":false,"ai":{"faqs":[],"keyPoints":[],"schemas":[],"titles":[],"descriptions":[],"socialPosts":{"email":{"subject":"","preview":"","content":""},"linkedin":[],"twitter":[],"facebook":[],"instagram":[]}},"breadcrumb_settings":null,"seo_analyzer_scan_date":null,"created":"2026-07-18 17:45:13","updated":"2026-07-21 13:58:39","focus_keyword":null,"additional_keywords":null,"truseo_locale":null},"aioseo_breadcrumb":"<div class=\"aioseo-breadcrumbs\"><span class=\"aioseo-breadcrumb\">\n\t\t\t<a href=\"https:\/\/zastalowcy.pl\" title=\"Home\">Home<\/a>\n\t\t<\/span><span class=\"aioseo-breadcrumb-separator\">&raquo;<\/span><span class=\"aioseo-breadcrumb\">\n\t\t\t<a href=\"https:\/\/zastalowcy.pl\/?cat=8\" title=\"Wiadomo\u015bci z klubu\">Wiadomo\u015bci z klubu<\/a>\n\t\t<\/span><span class=\"aioseo-breadcrumb-separator\">&raquo;<\/span><span class=\"aioseo-breadcrumb\">\n\t\t\tZastal stawia na jednego z najwi\u0119kszych talent\u00f3w w Polsce\n\t\t<\/span><\/div>","aioseo_breadcrumb_json":[{"label":"Home","link":"https:\/\/zastalowcy.pl"},{"label":"Wiadomo\u015bci z klubu","link":"https:\/\/zastalowcy.pl\/?cat=8"},{"label":"Zastal stawia na jednego z najwi\u0119kszych talent\u00f3w w Polsce","link":"https:\/\/zastalowcy.pl\/?p=1277"}],"_links":{"self":[{"href":"https:\/\/zastalowcy.pl\/index.php?rest_route=\/wp\/v2\/posts\/1277","targetHints":{"allow":["GET"]}}],"collection":[{"href":"https:\/\/zastalowcy.pl\/index.php?rest_route=\/wp\/v2\/posts"}],"about":[{"href":"https:\/\/zastalowcy.pl\/index.php?rest_route=\/wp\/v2\/types\/post"}],"author":[{"embeddable":true,"href":"https:\/\/zastalowcy.pl\/index.php?rest_route=\/wp\/v2\/users\/3"}],"replies":[{"embeddable":true,"href":"https:\/\/zastalowcy.pl\/index.php?rest_route=%2Fwp%2Fv2%2Fcomments&post=1277"}],"version-history":[{"count":1,"href":"https:\/\/zastalowcy.pl\/index.php?rest_route=\/wp\/v2\/posts\/1277\/revisions"}],"predecessor-version":[{"id":1279,"href":"https:\/\/zastalowcy.pl\/index.php?rest_route=\/wp\/v2\/posts\/1277\/revisions\/1279"}],"wp:featuredmedia":[{"embeddable":true,"href":"https:\/\/zastalowcy.pl\/index.php?rest_route=\/wp\/v2\/media\/1278"}],"wp:attachment":[{"href":"https:\/\/zastalowcy.pl\/index.php?rest_route=%2Fwp%2Fv2%2Fmedia&parent=1277"}],"wp:term":[{"taxonomy":"category","embeddable":true,"href":"https:\/\/zastalowcy.pl\/index.php?rest_route=%2Fwp%2Fv2%2Fcategories&post=1277"},{"taxonomy":"post_tag","embeddable":true,"href":"https:\/\/zastalowcy.pl\/index.php?rest_route=%2Fwp%2Fv2%2Ftags&post=1277"}],"curies":[{"name":"wp","href":"https:\/\/api.w.org\/{rel}","templated":true}]}}