{"id":1288,"date":"2026-07-24T18:05:00","date_gmt":"2026-07-24T16:05:00","guid":{"rendered":"https:\/\/zastalowcy.pl\/?p=1288"},"modified":"2026-07-26T12:14:50","modified_gmt":"2026-07-26T10:14:50","slug":"kolejny-zawodnik-opuszcza-zastal-bedzie-gral-we-francji","status":"publish","type":"post","link":"https:\/\/zastalowcy.pl\/?p=1288","title":{"rendered":"Kolejny zawodnik opuszcza Zastal. B\u0119dzie gra\u0142 we Francji"},"content":{"rendered":"\n<p class=\"wp-block-paragraph\">Zastal Zielona G\u00f3ra traci kolejnego zawodnika z wicemistrzowskiego sk\u0142adu. Jayvon Maughmer w sezonie 2026\/2027 b\u0119dzie wyst\u0119powa\u0142 we francuskim \u00c9lan B\u00e9arnais Pau-Lacq-Orthez, o czym oficjalnie poinformowa\u0142 nowy klub ameryka\u0144skiego skrzyd\u0142owego.<\/p>\n\n\n\n<p class=\"wp-block-paragraph\">Dla 24-letniego koszykarza by\u0142 to pierwszy sezon na europejskich parkietach. Po zako\u0144czeniu kariery akademickiej trafi\u0142 do Zielonej G\u00f3ry, gdzie szybko wywalczy\u0142 sobie miejsce w rotacji Arkadiusza Mi\u0142oszewskiego. W barwach Zastalu rozegra\u0142 udany sezon, notuj\u0105c \u015brednio 10 punkt\u00f3w,  3,6 zbi\u00f3rki oraz 1,8 asysty na mecz.<\/p>\n\n\n\n<figure class=\"wp-block-image size-large\"><img loading=\"lazy\" decoding=\"async\" width=\"1024\" height=\"683\" src=\"https:\/\/zastalowcy.pl\/wp-content\/uploads\/2026\/07\/IMG_8118-1024x683.jpg\" alt=\"\" class=\"wp-image-1289\" srcset=\"https:\/\/zastalowcy.pl\/wp-content\/uploads\/2026\/07\/IMG_8118-1024x683.jpg 1024w, https:\/\/zastalowcy.pl\/wp-content\/uploads\/2026\/07\/IMG_8118-300x200.jpg 300w, https:\/\/zastalowcy.pl\/wp-content\/uploads\/2026\/07\/IMG_8118-768x512.jpg 768w, https:\/\/zastalowcy.pl\/wp-content\/uploads\/2026\/07\/IMG_8118-1536x1024.jpg 1536w, https:\/\/zastalowcy.pl\/wp-content\/uploads\/2026\/07\/IMG_8118-2048x1365.jpg 2048w\" sizes=\"auto, (max-width: 1024px) 100vw, 1024px\" \/><figcaption class=\"wp-element-caption\">fot. Joanna Nawlicka<\/figcaption><\/figure>\n\n\n\n<h3 class=\"wp-block-heading\">Po udanym debiucie w Europie czas na Francj\u0119<\/h3>\n\n\n\n<p class=\"wp-block-paragraph\">\u00c9lan B\u00e9arnais przedstawia Maughmera jako wszechstronnego zawodnika mog\u0105cego wyst\u0119powa\u0107 na pozycjach rzucaj\u0105cego obro\u0144cy i niskiego skrzyd\u0142owego. Francuzi zwracaj\u0105 uwag\u0119 na jego warunki fizyczne, zaanga\u017cowanie w obronie, aktywno\u015b\u0107 na tablicach oraz skuteczno\u015b\u0107 w rzutach z dystansu. Podkre\u015blono r\u00f3wnie\u017c jego etyk\u0119 pracy i charakter, kt\u00f3re maj\u0105 pom\u00f3c mu zrobi\u0107 kolejny krok w rozwoju.<\/p>\n\n\n\n<p class=\"wp-block-paragraph\">Trener Mickael Hay zaznaczy\u0142, \u017ce Amerykanin jest koszykarzem, kt\u00f3ry z roku na rok robi wyra\u017ane post\u0119py i wierzy, \u017ce podobnie b\u0119dzie r\u00f3wnie\u017c we francuskiej Betclic \u00c9lite.<\/p>\n\n\n\n<p class=\"wp-block-paragraph\">Good luck, Jayvon! \ud83d\udc9a<\/p>\n\n\n\n<p class=\"wp-block-paragraph\">\ud83c\udfc0 Zastalowcy.pl \u2013 o Zastalu od kibic\u00f3w \u2013 dla kibic\u00f3w<\/p>\n","protected":false},"excerpt":{"rendered":"<p>Zastal Zielona G\u00f3ra traci kolejnego zawodnika z wicemistrzowskiego sk\u0142adu. Jayvon Maughmer w sezonie 2026\/2027 b\u0119dzie wyst\u0119powa\u0142 we francuskim<\/p>\n","protected":false},"author":3,"featured_media":1290,"comment_status":"open","ping_status":"open","sticky":false,"template":"","format":"standard","meta":{"om_disable_all_campaigns":false,"footnotes":""},"categories":[18,8],"tags":[17,26,306,69,15,129,12,14,42,11,10,16],"class_list":["post-1288","post","type-post","status-publish","format-standard","has-post-thumbnail","hentry","category-aktualnosci","category-wiadomosci-z-klubu","tag-basketzg","tag-druzyna","tag-jay-maughmer","tag-jayvon-maughmer","tag-koszykowka","tag-plkpl","tag-zastal","tag-zastal-zielona-gora","tag-zastalowcy","tag-zielona-gora","tag-zielonagora","tag-zielonogorska-koszykowka"],"aioseo_notices":[],"aioseo_head":"\n\t\t<!-- All in One SEO 5.0.0.1 - aioseo.com -->\n\t<meta name=\"description\" content=\"Zastal Zielona G\u00f3ra traci kolejnego zawodnika z wicemistrzowskiego sk\u0142adu. Jayvon Maughmer w sezonie 2026\/2027 b\u0119dzie wyst\u0119powa\u0142 we francuskim \u00c9lan B\u00e9arnais Pau-Lacq-Orthez, o czym oficjalnie poinformowa\u0142 nowy klub ameryka\u0144skiego skrzyd\u0142owego. Dla 24-letniego koszykarza by\u0142 to pierwszy sezon na europejskich parkietach. Po zako\u0144czeniu kariery akademickiej trafi\u0142 do Zielonej G\u00f3ry, gdzie szybko wywalczy\u0142 sobie miejsce w rotacji Arkadiusza\" \/>\n\t<meta name=\"robots\" content=\"max-image-preview:large\" \/>\n\t<meta name=\"author\" content=\"Joanna Nawlicka\"\/>\n\t<link rel=\"canonical\" href=\"https:\/\/zastalowcy.pl\/?p=1288\" \/>\n\t<meta name=\"generator\" content=\"All in One SEO (AIOSEO) 5.0.0.1\" \/>\n\t\t<meta property=\"og:locale\" content=\"pl_PL\" \/>\n\t\t<meta property=\"og:site_name\" content=\"- O Zastalu od kibic\u00f3w \u2013 dla kibic\u00f3w\" \/>\n\t\t<meta property=\"og:type\" content=\"article\" \/>\n\t\t<meta property=\"og:title\" content=\"Kolejny zawodnik opuszcza Zastal. B\u0119dzie gra\u0142 we Francji -\" \/>\n\t\t<meta property=\"og:description\" content=\"Zastal Zielona G\u00f3ra traci kolejnego zawodnika z wicemistrzowskiego sk\u0142adu. Jayvon Maughmer w sezonie 2026\/2027 b\u0119dzie wyst\u0119powa\u0142 we francuskim \u00c9lan B\u00e9arnais Pau-Lacq-Orthez, o czym oficjalnie poinformowa\u0142 nowy klub ameryka\u0144skiego skrzyd\u0142owego. Dla 24-letniego koszykarza by\u0142 to pierwszy sezon na europejskich parkietach. Po zako\u0144czeniu kariery akademickiej trafi\u0142 do Zielonej G\u00f3ry, gdzie szybko wywalczy\u0142 sobie miejsce w rotacji Arkadiusza\" \/>\n\t\t<meta property=\"og:url\" content=\"https:\/\/zastalowcy.pl\/?p=1288\" \/>\n\t\t<meta property=\"og:image\" content=\"https:\/\/zastalowcy.pl\/wp-content\/uploads\/2025\/09\/cropped-logo-strony-2.png\" \/>\n\t\t<meta property=\"og:image:secure_url\" content=\"https:\/\/zastalowcy.pl\/wp-content\/uploads\/2025\/09\/cropped-logo-strony-2.png\" \/>\n\t\t<meta property=\"og:image:width\" content=\"1862\" \/>\n\t\t<meta property=\"og:image:height\" content=\"384\" \/>\n\t\t<meta property=\"article:published_time\" content=\"2026-07-24T16:05:00+00:00\" \/>\n\t\t<meta property=\"article:modified_time\" content=\"2026-07-26T10:14:50+00:00\" \/>\n\t\t<meta name=\"twitter:card\" content=\"summary_large_image\" \/>\n\t\t<meta name=\"twitter:title\" content=\"Kolejny zawodnik opuszcza Zastal. B\u0119dzie gra\u0142 we Francji -\" \/>\n\t\t<meta name=\"twitter:description\" content=\"Zastal Zielona G\u00f3ra traci kolejnego zawodnika z wicemistrzowskiego sk\u0142adu. Jayvon Maughmer w sezonie 2026\/2027 b\u0119dzie wyst\u0119powa\u0142 we francuskim \u00c9lan B\u00e9arnais Pau-Lacq-Orthez, o czym oficjalnie poinformowa\u0142 nowy klub ameryka\u0144skiego skrzyd\u0142owego. Dla 24-letniego koszykarza by\u0142 to pierwszy sezon na europejskich parkietach. Po zako\u0144czeniu kariery akademickiej trafi\u0142 do Zielonej G\u00f3ry, gdzie szybko wywalczy\u0142 sobie miejsce w rotacji Arkadiusza\" \/>\n\t\t<meta name=\"twitter:image\" content=\"https:\/\/zastalowcy.pl\/wp-content\/uploads\/2025\/09\/cropped-logo-strony-2.png\" \/>\n\t\t<script type=\"application\/ld+json\" class=\"aioseo-schema\">\n\t\t\t{\"@context\":\"https:\\\/\\\/schema.org\",\"@graph\":[{\"@type\":\"BlogPosting\",\"@id\":\"https:\\\/\\\/zastalowcy.pl\\\/?p=1288#blogposting\",\"name\":\"Kolejny zawodnik opuszcza Zastal. B\\u0119dzie gra\\u0142 we Francji -\",\"headline\":\"Kolejny zawodnik opuszcza Zastal. B\\u0119dzie gra\\u0142 we Francji\",\"author\":{\"@id\":\"https:\\\/\\\/zastalowcy.pl\\\/?author=3#author\"},\"publisher\":{\"@id\":\"https:\\\/\\\/zastalowcy.pl\\\/#organization\"},\"image\":{\"@type\":\"ImageObject\",\"url\":\"https:\\\/\\\/zastalowcy.pl\\\/wp-content\\\/uploads\\\/2026\\\/07\\\/profilowe-16.png\",\"width\":2048,\"height\":2048},\"datePublished\":\"2026-07-24T18:05:00+02:00\",\"dateModified\":\"2026-07-26T12:14:50+02:00\",\"inLanguage\":\"pl-PL\",\"mainEntityOfPage\":{\"@id\":\"https:\\\/\\\/zastalowcy.pl\\\/?p=1288#webpage\"},\"isPartOf\":{\"@id\":\"https:\\\/\\\/zastalowcy.pl\\\/?p=1288#webpage\"},\"articleSection\":\"Aktualno\\u015bci, Wiadomo\\u015bci z klubu, basketzg, dru\\u017cyna, jay maughmer, Jayvon Maughmer, koszyk\\u00f3wka, plkpl, zastal, zastal zielona g\\u00f3ra, zastalowcy, zielona g\\u00f3ra, zielonagora, zielonog\\u00f3rska koszyk\\u00f3wka\"},{\"@type\":\"BreadcrumbList\",\"@id\":\"https:\\\/\\\/zastalowcy.pl\\\/?p=1288#breadcrumblist\",\"itemListElement\":[{\"@type\":\"ListItem\",\"@id\":\"https:\\\/\\\/zastalowcy.pl#listItem\",\"position\":1,\"name\":\"Home\",\"item\":\"https:\\\/\\\/zastalowcy.pl\",\"nextItem\":{\"@type\":\"ListItem\",\"@id\":\"https:\\\/\\\/zastalowcy.pl\\\/?cat=8#listItem\",\"name\":\"Wiadomo\\u015bci z klubu\"}},{\"@type\":\"ListItem\",\"@id\":\"https:\\\/\\\/zastalowcy.pl\\\/?cat=8#listItem\",\"position\":2,\"name\":\"Wiadomo\\u015bci z klubu\",\"item\":\"https:\\\/\\\/zastalowcy.pl\\\/?cat=8\",\"nextItem\":{\"@type\":\"ListItem\",\"@id\":\"https:\\\/\\\/zastalowcy.pl\\\/?p=1288#listItem\",\"name\":\"Kolejny zawodnik opuszcza Zastal. B\\u0119dzie gra\\u0142 we Francji\"},\"previousItem\":{\"@type\":\"ListItem\",\"@id\":\"https:\\\/\\\/zastalowcy.pl#listItem\",\"name\":\"Home\"}},{\"@type\":\"ListItem\",\"@id\":\"https:\\\/\\\/zastalowcy.pl\\\/?p=1288#listItem\",\"position\":3,\"name\":\"Kolejny zawodnik opuszcza Zastal. B\\u0119dzie gra\\u0142 we Francji\",\"previousItem\":{\"@type\":\"ListItem\",\"@id\":\"https:\\\/\\\/zastalowcy.pl\\\/?cat=8#listItem\",\"name\":\"Wiadomo\\u015bci z klubu\"}}]},{\"@type\":\"Organization\",\"@id\":\"https:\\\/\\\/zastalowcy.pl\\\/#organization\",\"description\":\"O Zastalu od kibic\\u00f3w \\u2013 dla kibic\\u00f3w\",\"url\":\"https:\\\/\\\/zastalowcy.pl\\\/\",\"logo\":{\"@type\":\"ImageObject\",\"url\":\"https:\\\/\\\/zastalowcy.pl\\\/wp-content\\\/uploads\\\/2025\\\/09\\\/cropped-logo-strony-2.png\",\"@id\":\"https:\\\/\\\/zastalowcy.pl\\\/?p=1288\\\/#organizationLogo\",\"width\":1862,\"height\":384},\"image\":{\"@id\":\"https:\\\/\\\/zastalowcy.pl\\\/?p=1288\\\/#organizationLogo\"}},{\"@type\":\"Person\",\"@id\":\"https:\\\/\\\/zastalowcy.pl\\\/?author=3#author\",\"url\":\"https:\\\/\\\/zastalowcy.pl\\\/?author=3\",\"name\":\"Joanna Nawlicka\",\"image\":{\"@type\":\"ImageObject\",\"@id\":\"https:\\\/\\\/zastalowcy.pl\\\/?p=1288#authorImage\",\"url\":\"https:\\\/\\\/secure.gravatar.com\\\/avatar\\\/66fc557d97536ff5096b6295970275631b7a4673997738477642001957f5274c?s=96&d=mm&r=g\",\"width\":96,\"height\":96,\"caption\":\"Joanna Nawlicka\"}},{\"@type\":\"WebPage\",\"@id\":\"https:\\\/\\\/zastalowcy.pl\\\/?p=1288#webpage\",\"url\":\"https:\\\/\\\/zastalowcy.pl\\\/?p=1288\",\"name\":\"Kolejny zawodnik opuszcza Zastal. B\\u0119dzie gra\\u0142 we Francji -\",\"description\":\"Zastal Zielona G\\u00f3ra traci kolejnego zawodnika z wicemistrzowskiego sk\\u0142adu. Jayvon Maughmer w sezonie 2026\\\/2027 b\\u0119dzie wyst\\u0119powa\\u0142 we francuskim \\u00c9lan B\\u00e9arnais Pau-Lacq-Orthez, o czym oficjalnie poinformowa\\u0142 nowy klub ameryka\\u0144skiego skrzyd\\u0142owego. Dla 24-letniego koszykarza by\\u0142 to pierwszy sezon na europejskich parkietach. Po zako\\u0144czeniu kariery akademickiej trafi\\u0142 do Zielonej G\\u00f3ry, gdzie szybko wywalczy\\u0142 sobie miejsce w rotacji Arkadiusza\",\"inLanguage\":\"pl-PL\",\"isPartOf\":{\"@id\":\"https:\\\/\\\/zastalowcy.pl\\\/#website\"},\"breadcrumb\":{\"@id\":\"https:\\\/\\\/zastalowcy.pl\\\/?p=1288#breadcrumblist\"},\"author\":{\"@id\":\"https:\\\/\\\/zastalowcy.pl\\\/?author=3#author\"},\"creator\":{\"@id\":\"https:\\\/\\\/zastalowcy.pl\\\/?author=3#author\"},\"image\":{\"@type\":\"ImageObject\",\"url\":\"https:\\\/\\\/zastalowcy.pl\\\/wp-content\\\/uploads\\\/2026\\\/07\\\/profilowe-16.png\",\"@id\":\"https:\\\/\\\/zastalowcy.pl\\\/?p=1288\\\/#mainImage\",\"width\":2048,\"height\":2048},\"primaryImageOfPage\":{\"@id\":\"https:\\\/\\\/zastalowcy.pl\\\/?p=1288#mainImage\"},\"datePublished\":\"2026-07-24T18:05:00+02:00\",\"dateModified\":\"2026-07-26T12:14:50+02:00\"},{\"@type\":\"WebSite\",\"@id\":\"https:\\\/\\\/zastalowcy.pl\\\/#website\",\"url\":\"https:\\\/\\\/zastalowcy.pl\\\/\",\"description\":\"O Zastalu od kibic\\u00f3w \\u2013 dla kibic\\u00f3w\",\"inLanguage\":\"pl-PL\",\"publisher\":{\"@id\":\"https:\\\/\\\/zastalowcy.pl\\\/#organization\"}}]}\n\t\t<\/script>\n\t\t<!-- All in One SEO -->\n\n","aioseo_head_json":{"title":"Kolejny zawodnik opuszcza Zastal. B\u0119dzie gra\u0142 we Francji -","description":"Zastal Zielona G\u00f3ra traci kolejnego zawodnika z wicemistrzowskiego sk\u0142adu. Jayvon Maughmer w sezonie 2026\/2027 b\u0119dzie wyst\u0119powa\u0142 we francuskim \u00c9lan B\u00e9arnais Pau-Lacq-Orthez, o czym oficjalnie poinformowa\u0142 nowy klub ameryka\u0144skiego skrzyd\u0142owego. Dla 24-letniego koszykarza by\u0142 to pierwszy sezon na europejskich parkietach. Po zako\u0144czeniu kariery akademickiej trafi\u0142 do Zielonej G\u00f3ry, gdzie szybko wywalczy\u0142 sobie miejsce w rotacji Arkadiusza","canonical_url":"https:\/\/zastalowcy.pl\/?p=1288","robots":"max-image-preview:large","keywords":"","webmasterTools":{"miscellaneous":""},"schema":{"@context":"https:\/\/schema.org","@graph":[{"@type":"BlogPosting","@id":"https:\/\/zastalowcy.pl\/?p=1288#blogposting","name":"Kolejny zawodnik opuszcza Zastal. B\u0119dzie gra\u0142 we Francji -","headline":"Kolejny zawodnik opuszcza Zastal. B\u0119dzie gra\u0142 we Francji","author":{"@id":"https:\/\/zastalowcy.pl\/?author=3#author"},"publisher":{"@id":"https:\/\/zastalowcy.pl\/#organization"},"image":{"@type":"ImageObject","url":"https:\/\/zastalowcy.pl\/wp-content\/uploads\/2026\/07\/profilowe-16.png","width":2048,"height":2048},"datePublished":"2026-07-24T18:05:00+02:00","dateModified":"2026-07-26T12:14:50+02:00","inLanguage":"pl-PL","mainEntityOfPage":{"@id":"https:\/\/zastalowcy.pl\/?p=1288#webpage"},"isPartOf":{"@id":"https:\/\/zastalowcy.pl\/?p=1288#webpage"},"articleSection":"Aktualno\u015bci, Wiadomo\u015bci z klubu, basketzg, dru\u017cyna, jay maughmer, Jayvon Maughmer, koszyk\u00f3wka, plkpl, zastal, zastal zielona g\u00f3ra, zastalowcy, zielona g\u00f3ra, zielonagora, zielonog\u00f3rska koszyk\u00f3wka"},{"@type":"BreadcrumbList","@id":"https:\/\/zastalowcy.pl\/?p=1288#breadcrumblist","itemListElement":[{"@type":"ListItem","@id":"https:\/\/zastalowcy.pl#listItem","position":1,"name":"Home","item":"https:\/\/zastalowcy.pl","nextItem":{"@type":"ListItem","@id":"https:\/\/zastalowcy.pl\/?cat=8#listItem","name":"Wiadomo\u015bci z klubu"}},{"@type":"ListItem","@id":"https:\/\/zastalowcy.pl\/?cat=8#listItem","position":2,"name":"Wiadomo\u015bci z klubu","item":"https:\/\/zastalowcy.pl\/?cat=8","nextItem":{"@type":"ListItem","@id":"https:\/\/zastalowcy.pl\/?p=1288#listItem","name":"Kolejny zawodnik opuszcza Zastal. B\u0119dzie gra\u0142 we Francji"},"previousItem":{"@type":"ListItem","@id":"https:\/\/zastalowcy.pl#listItem","name":"Home"}},{"@type":"ListItem","@id":"https:\/\/zastalowcy.pl\/?p=1288#listItem","position":3,"name":"Kolejny zawodnik opuszcza Zastal. B\u0119dzie gra\u0142 we Francji","previousItem":{"@type":"ListItem","@id":"https:\/\/zastalowcy.pl\/?cat=8#listItem","name":"Wiadomo\u015bci z klubu"}}]},{"@type":"Organization","@id":"https:\/\/zastalowcy.pl\/#organization","description":"O Zastalu od kibic\u00f3w \u2013 dla kibic\u00f3w","url":"https:\/\/zastalowcy.pl\/","logo":{"@type":"ImageObject","url":"https:\/\/zastalowcy.pl\/wp-content\/uploads\/2025\/09\/cropped-logo-strony-2.png","@id":"https:\/\/zastalowcy.pl\/?p=1288\/#organizationLogo","width":1862,"height":384},"image":{"@id":"https:\/\/zastalowcy.pl\/?p=1288\/#organizationLogo"}},{"@type":"Person","@id":"https:\/\/zastalowcy.pl\/?author=3#author","url":"https:\/\/zastalowcy.pl\/?author=3","name":"Joanna Nawlicka","image":{"@type":"ImageObject","@id":"https:\/\/zastalowcy.pl\/?p=1288#authorImage","url":"https:\/\/secure.gravatar.com\/avatar\/66fc557d97536ff5096b6295970275631b7a4673997738477642001957f5274c?s=96&d=mm&r=g","width":96,"height":96,"caption":"Joanna Nawlicka"}},{"@type":"WebPage","@id":"https:\/\/zastalowcy.pl\/?p=1288#webpage","url":"https:\/\/zastalowcy.pl\/?p=1288","name":"Kolejny zawodnik opuszcza Zastal. B\u0119dzie gra\u0142 we Francji -","description":"Zastal Zielona G\u00f3ra traci kolejnego zawodnika z wicemistrzowskiego sk\u0142adu. Jayvon Maughmer w sezonie 2026\/2027 b\u0119dzie wyst\u0119powa\u0142 we francuskim \u00c9lan B\u00e9arnais Pau-Lacq-Orthez, o czym oficjalnie poinformowa\u0142 nowy klub ameryka\u0144skiego skrzyd\u0142owego. Dla 24-letniego koszykarza by\u0142 to pierwszy sezon na europejskich parkietach. Po zako\u0144czeniu kariery akademickiej trafi\u0142 do Zielonej G\u00f3ry, gdzie szybko wywalczy\u0142 sobie miejsce w rotacji Arkadiusza","inLanguage":"pl-PL","isPartOf":{"@id":"https:\/\/zastalowcy.pl\/#website"},"breadcrumb":{"@id":"https:\/\/zastalowcy.pl\/?p=1288#breadcrumblist"},"author":{"@id":"https:\/\/zastalowcy.pl\/?author=3#author"},"creator":{"@id":"https:\/\/zastalowcy.pl\/?author=3#author"},"image":{"@type":"ImageObject","url":"https:\/\/zastalowcy.pl\/wp-content\/uploads\/2026\/07\/profilowe-16.png","@id":"https:\/\/zastalowcy.pl\/?p=1288\/#mainImage","width":2048,"height":2048},"primaryImageOfPage":{"@id":"https:\/\/zastalowcy.pl\/?p=1288#mainImage"},"datePublished":"2026-07-24T18:05:00+02:00","dateModified":"2026-07-26T12:14:50+02:00"},{"@type":"WebSite","@id":"https:\/\/zastalowcy.pl\/#website","url":"https:\/\/zastalowcy.pl\/","description":"O Zastalu od kibic\u00f3w \u2013 dla kibic\u00f3w","inLanguage":"pl-PL","publisher":{"@id":"https:\/\/zastalowcy.pl\/#organization"}}]},"og:locale":"pl_PL","og:site_name":"- O Zastalu od kibic\u00f3w \u2013 dla kibic\u00f3w","og:type":"article","og:title":"Kolejny zawodnik opuszcza Zastal. B\u0119dzie gra\u0142 we Francji -","og:description":"Zastal Zielona G\u00f3ra traci kolejnego zawodnika z wicemistrzowskiego sk\u0142adu. Jayvon Maughmer w sezonie 2026\/2027 b\u0119dzie wyst\u0119powa\u0142 we francuskim \u00c9lan B\u00e9arnais Pau-Lacq-Orthez, o czym oficjalnie poinformowa\u0142 nowy klub ameryka\u0144skiego skrzyd\u0142owego. Dla 24-letniego koszykarza by\u0142 to pierwszy sezon na europejskich parkietach. Po zako\u0144czeniu kariery akademickiej trafi\u0142 do Zielonej G\u00f3ry, gdzie szybko wywalczy\u0142 sobie miejsce w rotacji Arkadiusza","og:url":"https:\/\/zastalowcy.pl\/?p=1288","og:image":"https:\/\/zastalowcy.pl\/wp-content\/uploads\/2025\/09\/cropped-logo-strony-2.png","og:image:secure_url":"https:\/\/zastalowcy.pl\/wp-content\/uploads\/2025\/09\/cropped-logo-strony-2.png","og:image:width":1862,"og:image:height":384,"article:published_time":"2026-07-24T16:05:00+00:00","article:modified_time":"2026-07-26T10:14:50+00:00","twitter:card":"summary_large_image","twitter:title":"Kolejny zawodnik opuszcza Zastal. B\u0119dzie gra\u0142 we Francji -","twitter:description":"Zastal Zielona G\u00f3ra traci kolejnego zawodnika z wicemistrzowskiego sk\u0142adu. Jayvon Maughmer w sezonie 2026\/2027 b\u0119dzie wyst\u0119powa\u0142 we francuskim \u00c9lan B\u00e9arnais Pau-Lacq-Orthez, o czym oficjalnie poinformowa\u0142 nowy klub ameryka\u0144skiego skrzyd\u0142owego. Dla 24-letniego koszykarza by\u0142 to pierwszy sezon na europejskich parkietach. Po zako\u0144czeniu kariery akademickiej trafi\u0142 do Zielonej G\u00f3ry, gdzie szybko wywalczy\u0142 sobie miejsce w rotacji Arkadiusza","twitter:image":"https:\/\/zastalowcy.pl\/wp-content\/uploads\/2025\/09\/cropped-logo-strony-2.png"},"aioseo_meta_data":{"post_id":"1288","title":null,"description":null,"keywords":null,"keyphrases":{"focus":{"keyphrase":"","score":0,"analysis":{"keyphraseInTitle":{"score":0,"maxScore":9,"error":1}}},"additional":[]},"primary_term":null,"canonical_url":null,"og_title":null,"og_description":null,"og_object_type":"default","og_image_type":"default","og_image_custom_url":null,"og_image_custom_fields":null,"og_image_url":null,"og_image_width":null,"og_image_height":null,"og_video":"","og_custom_url":null,"og_article_section":null,"og_article_tags":null,"twitter_use_og":false,"twitter_card":"default","twitter_image_type":"default","twitter_image_custom_url":null,"twitter_image_custom_fields":null,"twitter_image_url":null,"twitter_title":null,"twitter_description":null,"schema_type":"default","schema_type_options":null,"schema":{"blockGraphs":[],"customGraphs":[],"default":{"data":{"Article":[],"Course":[],"Dataset":[],"FAQPage":[],"Movie":[],"Person":[],"Product":[],"ProductReview":[],"Car":[],"Recipe":[],"Service":[],"SoftwareApplication":[],"WebPage":[]},"graphName":"BlogPosting","isEnabled":true},"graphs":[]},"pillar_content":false,"robots_default":true,"robots_noindex":false,"robots_noarchive":false,"robots_nosnippet":false,"robots_nofollow":false,"robots_noimageindex":false,"robots_noodp":false,"robots_notranslate":false,"robots_max_snippet":"-1","robots_max_videopreview":"-1","robots_max_imagepreview":"large","priority":null,"frequency":"default","local_seo":null,"limit_modified_date":false,"ai":{"faqs":[],"keyPoints":[],"schemas":[],"titles":[],"descriptions":[],"socialPosts":{"email":{"subject":"","preview":"","content":""},"linkedin":[],"twitter":[],"facebook":[],"instagram":[]}},"breadcrumb_settings":null,"seo_analyzer_scan_date":null,"created":"2026-07-26 10:14:50","updated":"2026-07-26 13:40:23","focus_keyword":null,"additional_keywords":null,"truseo_locale":null},"aioseo_breadcrumb":"<div class=\"aioseo-breadcrumbs\"><span class=\"aioseo-breadcrumb\">\n\t\t\t<a href=\"https:\/\/zastalowcy.pl\" title=\"Home\">Home<\/a>\n\t\t<\/span><span class=\"aioseo-breadcrumb-separator\">&raquo;<\/span><span class=\"aioseo-breadcrumb\">\n\t\t\t<a href=\"https:\/\/zastalowcy.pl\/?cat=8\" title=\"Wiadomo\u015bci z klubu\">Wiadomo\u015bci z klubu<\/a>\n\t\t<\/span><span class=\"aioseo-breadcrumb-separator\">&raquo;<\/span><span class=\"aioseo-breadcrumb\">\n\t\t\tKolejny zawodnik opuszcza Zastal. B\u0119dzie gra\u0142 we Francji\n\t\t<\/span><\/div>","aioseo_breadcrumb_json":[{"label":"Home","link":"https:\/\/zastalowcy.pl"},{"label":"Wiadomo\u015bci z klubu","link":"https:\/\/zastalowcy.pl\/?cat=8"},{"label":"Kolejny zawodnik opuszcza Zastal. B\u0119dzie gra\u0142 we Francji","link":"https:\/\/zastalowcy.pl\/?p=1288"}],"_links":{"self":[{"href":"https:\/\/zastalowcy.pl\/index.php?rest_route=\/wp\/v2\/posts\/1288","targetHints":{"allow":["GET"]}}],"collection":[{"href":"https:\/\/zastalowcy.pl\/index.php?rest_route=\/wp\/v2\/posts"}],"about":[{"href":"https:\/\/zastalowcy.pl\/index.php?rest_route=\/wp\/v2\/types\/post"}],"author":[{"embeddable":true,"href":"https:\/\/zastalowcy.pl\/index.php?rest_route=\/wp\/v2\/users\/3"}],"replies":[{"embeddable":true,"href":"https:\/\/zastalowcy.pl\/index.php?rest_route=%2Fwp%2Fv2%2Fcomments&post=1288"}],"version-history":[{"count":1,"href":"https:\/\/zastalowcy.pl\/index.php?rest_route=\/wp\/v2\/posts\/1288\/revisions"}],"predecessor-version":[{"id":1291,"href":"https:\/\/zastalowcy.pl\/index.php?rest_route=\/wp\/v2\/posts\/1288\/revisions\/1291"}],"wp:featuredmedia":[{"embeddable":true,"href":"https:\/\/zastalowcy.pl\/index.php?rest_route=\/wp\/v2\/media\/1290"}],"wp:attachment":[{"href":"https:\/\/zastalowcy.pl\/index.php?rest_route=%2Fwp%2Fv2%2Fmedia&parent=1288"}],"wp:term":[{"taxonomy":"category","embeddable":true,"href":"https:\/\/zastalowcy.pl\/index.php?rest_route=%2Fwp%2Fv2%2Fcategories&post=1288"},{"taxonomy":"post_tag","embeddable":true,"href":"https:\/\/zastalowcy.pl\/index.php?rest_route=%2Fwp%2Fv2%2Ftags&post=1288"}],"curies":[{"name":"wp","href":"https:\/\/api.w.org\/{rel}","templated":true}]}}