{"id":1292,"date":"2026-07-26T12:48:39","date_gmt":"2026-07-26T10:48:39","guid":{"rendered":"https:\/\/zastalowcy.pl\/?p=1292"},"modified":"2026-07-26T12:48:40","modified_gmt":"2026-07-26T10:48:40","slug":"quinton-hosley-kiedy-slysze-zastal-mysle-o-kibicach","status":"publish","type":"post","link":"https:\/\/zastalowcy.pl\/?p=1292","title":{"rendered":"Quinton Hosley: \u201eKiedy s\u0142ysz\u0119 Zastal, my\u015bl\u0119 o kibicach\u201d"},"content":{"rendered":"\n<p class=\"wp-block-paragraph\">Dwukrotny mistrz Polski, dwukrotny MVP fina\u0142\u00f3w i jeden z najwybitniejszych zagranicznych zawodnik\u00f3w w historii Zastalu Zielona G\u00f3ra. Od zako\u0144czenia jego kariery min\u0119\u0142o ju\u017c kilka lat, ale Quinton Hosley wci\u0105\u017c z ogromnym sentymentem wspomina Zielon\u0105 G\u00f3r\u0119. W rozmowie ze mn\u0105 opowiedzia\u0142 o swoich najpi\u0119kniejszych wspomnieniach i \u017cyciu po zako\u0144czeniu kariery oraz przekaza\u0142 wiadomo\u015b\u0107 dla kibic\u00f3w.<\/p>\n\n\n\n<p class=\"wp-block-paragraph\"><strong>Asia Nawlicka:<\/strong> Min\u0119\u0142o ju\u017c kilka lat od Twojego ostatniego meczu w Zielonej G\u00f3rze. Co jako pierwsze przychodzi Ci do g\u0142owy, gdy s\u0142yszysz \u201eZastal\u201d?<\/p>\n\n\n\n<p class=\"wp-block-paragraph\"><strong>Quinton Hosley:<\/strong> Kibice s\u0105 pierwsz\u0105 rzecz\u0105, o kt\u00f3rej my\u015bl\u0119, kiedy s\u0142ysz\u0119 nazw\u0119 Zastal. Wspierali nas zar\u00f3wno w dobrych, jak i trudnych momentach. Je\u017adzili za nami r\u00f3wnie\u017c na mecze wyjazdowe.<\/p>\n\n\n\n<p class=\"wp-block-paragraph\"><strong>AN:<\/strong> Zdoby\u0142e\u015b z Zastalem dwa mistrzostwa Polski i dwukrotnie zosta\u0142e\u015b MVP fina\u0142\u00f3w. Kt\u00f3ry z tych tytu\u0142\u00f3w znaczy dla Ciebie wi\u0119cej?<\/p>\n\n\n\n<p class=\"wp-block-paragraph\"><strong>QH:<\/strong> Oba by\u0142y wyj\u0105tkowe, ale gdybym mia\u0142 wybra\u0107 jeden, by\u0142oby to pierwsze mistrzostwo. By\u0142o ono wyj\u0105tkowe nie tylko dla mnie, ale tak\u017ce dla ca\u0142ego klubu, poniewa\u017c by\u0142o to pierwsze mistrzostwo Polski w historii Zastalu. Przegrywali\u015bmy w finale ju\u017c 0:2, a p\u00f3\u017aniej wygrali\u015bmy cztery mecze z rz\u0119du.<\/p>\n\n\n\n<p class=\"wp-block-paragraph\"><strong>AN:<\/strong> W trakcie tych dw\u00f3ch sezonu w Zastalu gra\u0142e\u015b z wieloma znakomitymi zawodnikami. Z kim najlepiej wsp\u00f3\u0142pracowa\u0142o Ci si\u0119 na parkiecie?<\/p>\n\n\n\n<p class=\"wp-block-paragraph\"><strong>QH:<\/strong> \u0141ukasz Koszarek i Walter Hodge byli niezwykle inteligentnymi zawodnikami. Gra u ich boku by\u0142a prawdziw\u0105 przyjemno\u015bci\u0105 i bardzo u\u0142atwia\u0142a mi zadanie.<\/p>\n\n\n\n<p class=\"wp-block-paragraph\"><strong>AN:<\/strong> A czy jest jaki\u015b jeden mecz w barwach Zastalu, kt\u00f3rego nigdy nie zapomnisz?<\/p>\n\n\n\n<p class=\"wp-block-paragraph\"><strong>QH:<\/strong> Zdecydowanie pi\u0105ty mecz fina\u0142\u00f3w w Zgorzelcu przeciwko Turowowi. W serii by\u0142 wtedy remis 2:2 i jako dru\u017cyna czuli\u015bmy, \u017ce je\u015bli wygramy jedno spotkanie na wyje\u017adzie, to wr\u00f3cimy do Zielonej G\u00f3ry i doko\u0144czymy dzie\u0142a przed naszymi kibicami.<\/p>\n\n\n\n<p class=\"wp-block-paragraph\"><strong>AN:<\/strong> Kibice Zastalu wielokrotnie tworzyli niesamowit\u0105 atmosfer\u0119 w hali CRS. Czy pami\u0119tasz moment, kiedy naprawd\u0119 ponie\u015bli Was do zwyci\u0119stwa?<\/p>\n\n\n\n<p class=\"wp-block-paragraph\"><strong>QH:<\/strong> Takich mecz\u00f3w by\u0142o naprawd\u0119 wiele. Za ka\u017cdym razem, gdy potrzebowali\u015bmy mocnej obrony albo serii punkt\u00f3w, energia p\u0142yn\u0105ca z trybun dodawa\u0142a si\u0142 nie tylko mnie, ale ca\u0142ej dru\u017cynie. Dzi\u0119ki niej ka\u017cdy dawa\u0142 z siebie jeszcze wi\u0119cej.<\/p>\n\n\n\n<p class=\"wp-block-paragraph\"><strong>AN:<\/strong> A czy nadal utrzymujesz kontakt z kim\u015b z Zielonej G\u00f3ry?<\/p>\n\n\n\n<p class=\"wp-block-paragraph\"><strong>QH:<\/strong> Jestem w kontakcie z niekt\u00f3rymi kibicami i by\u0142ymi kolegami z dru\u017cyny za po\u015brednictwem medi\u00f3w spo\u0142eczno\u015bciowych \u2013 Kamilem Chanasem, Walterem Hodgem czy Aaronem Celem. Staram si\u0119 te\u017c \u015bledzi\u0107 to, co dzieje si\u0119 w klubie. Widzia\u0142em, \u017ce w minionym sezonie w Zastalu gra\u0142 Chavaughn Lewis. Pochodzi z Nowego Jorku, wi\u0119c wiele razy grali\u015bmy przeciwko sobie.<\/p>\n\n\n\n<p class=\"wp-block-paragraph\"><strong>AN:<\/strong> Czyli mia\u0142e\u015b okazj\u0119 zobaczy\u0107 obecny Zastal. Jak oceniasz to, co dzieje si\u0119 w klubie?<\/p>\n\n\n\n<p class=\"wp-block-paragraph\"><strong>QH:<\/strong> Widzia\u0142em g\u0142\u00f3wnie to, co pojawia\u0142o si\u0119 w mediach spo\u0142eczno\u015bciowych. Wydaje mi si\u0119, \u017ce klub jest w dobrych r\u0119kach. Dru\u017cyna by\u0142a blisko sukcesu, teraz trzeba dokona\u0107 kilku zmian i spr\u00f3bowa\u0107 ponownie w kolejnym sezonie.<\/p>\n\n\n\n<figure class=\"wp-block-image size-large\"><img loading=\"lazy\" decoding=\"async\" width=\"1024\" height=\"576\" src=\"https:\/\/zastalowcy.pl\/wp-content\/uploads\/2026\/07\/HOW-POLISH-ARE-YOU-1024x576.jpg\" alt=\"\" class=\"wp-image-1295\" srcset=\"https:\/\/zastalowcy.pl\/wp-content\/uploads\/2026\/07\/HOW-POLISH-ARE-YOU-1024x576.jpg 1024w, https:\/\/zastalowcy.pl\/wp-content\/uploads\/2026\/07\/HOW-POLISH-ARE-YOU-300x169.jpg 300w, https:\/\/zastalowcy.pl\/wp-content\/uploads\/2026\/07\/HOW-POLISH-ARE-YOU-768x432.jpg 768w, https:\/\/zastalowcy.pl\/wp-content\/uploads\/2026\/07\/HOW-POLISH-ARE-YOU-1536x864.jpg 1536w, https:\/\/zastalowcy.pl\/wp-content\/uploads\/2026\/07\/HOW-POLISH-ARE-YOU.jpg 1920w\" sizes=\"auto, (max-width: 1024px) 100vw, 1024px\" \/><figcaption class=\"wp-element-caption\">Zdj\u0119cie z meczu Zastalu przeciwko Polfarmex Kutno (13.12.2014)<br>fot. Joanna Nawlicka<\/figcaption><\/figure>\n\n\n\n<p class=\"wp-block-paragraph\"><strong>AN:<\/strong> No dobrze, w takim razie co s\u0142ycha\u0107 dzi\u015b u Quintona Hosleya?<\/p>\n\n\n\n<p class=\"wp-block-paragraph\"><strong>QH:<\/strong> Po zako\u0144czeniu kariery pracuj\u0119 w liceum w Denver i jednocze\u015bnie trenuj\u0119 m\u0142odych zawodnik\u00f3w. Staram si\u0119 pomaga\u0107 im osi\u0105ga\u0107 cele i rozwija\u0107 si\u0119 zar\u00f3wno jako koszykarze, jak i ludzie. Mia\u0142em szcz\u0119\u015bcie pom\u00f3c kilku z nich dosta\u0107 si\u0119 na du\u017ce uniwersytety i kontynuowa\u0107 tam karier\u0119 sportow\u0105.<\/p>\n\n\n\n<p class=\"wp-block-paragraph\"><strong>AN:<\/strong> Czyli koszyk\u00f3wka nadal jest wa\u017cn\u0105 cz\u0119\u015bci\u0105 Twojego \u017cycia?<\/p>\n\n\n\n<p class=\"wp-block-paragraph\"><strong>QH:<\/strong> Zdecydowanie. Praktycznie ca\u0142y czas jestem na hali. Trenuj\u0119 z m\u0142odymi zawodnikami, pomagam im rozwija\u0107 umiej\u0119tno\u015bci, oceniam ich potencja\u0142. Sam r\u00f3wnie\u017c regularnie \u0107wicz\u0119, \u017ceby utrzyma\u0107 form\u0119.<\/p>\n\n\n\n<p class=\"wp-block-paragraph\"><strong>AN:<\/strong> A co by\u0142o najtrudniejsze po zako\u0144czeniu zawodowej kariery?<\/p>\n\n\n\n<p class=\"wp-block-paragraph\"><strong>QH:<\/strong> Najbardziej brakowa\u0142o mi podr\u00f3\u017cowania. Przez wiele lat niemal ca\u0142y czas by\u0142em poza domem. Po zako\u0144czeniu kariery nagle mog\u0142em by\u0107 z rodzin\u0105 ka\u017cdego dnia. To jednocze\u015bnie b\u0142ogos\u0142awie\u0144stwo i przekle\u0144stwo. Bardzo t\u0119skni\u0142em za rodzin\u0105, kiedy gra\u0142em, a p\u00f3\u017aniej&#8230; zacz\u0105\u0142em t\u0119skni\u0107 za podr\u00f3\u017cami. To \u015bmieszne, jak to dzia\u0142a.<\/p>\n\n\n\n<p class=\"wp-block-paragraph\"><strong>AN:<\/strong> Kiedy patrzysz dzi\u015b na swoj\u0105 karier\u0119, z czego jeste\u015b najbardziej dumny?<\/p>\n\n\n\n<p class=\"wp-block-paragraph\"><strong>QH:<\/strong> Szczerze m\u00f3wi\u0105c, to z ca\u0142ej mojej kariery. Gra\u0142em zawodowo przez czterna\u015bcie lat i dzi\u0119ki koszyk\u00f3wce zwiedzi\u0142em \u015bwiat. Wszystko zacz\u0119\u0142o si\u0119 od sportu, kt\u00f3ry pokaza\u0142a mi moja mama, gdy mia\u0142em pi\u0119\u0107 lat. Oczywi\u015bcie zawsze mo\u017cna pomy\u015ble\u0107, \u017ce co\u015b zrobi\u0142oby si\u0119 inaczej, ale takie jest \u017cycie.<\/p>\n\n\n\n<p class=\"wp-block-paragraph\"><strong>AN:<\/strong> To jak\u0105 rad\u0119 da\u0142by\u015b m\u0142odszemu sobie, kt\u00f3ry dopiero rozpoczyna\u0142 zawodow\u0105 karier\u0119?<\/p>\n\n\n\n<p class=\"wp-block-paragraph\"><strong>QH:<\/strong> B\u0105d\u017a cierpliwy!<\/p>\n\n\n\n<p class=\"wp-block-paragraph\"><strong>AN:<\/strong> Na koniec zapytam ci\u0119 jeszcze o tych kibic\u00f3w \u2013 czy chcia\u0142by\u015b im co\u015b przekaza\u0107? Do dzi\u015b wspominaj\u0105 Ci\u0119 w Zielonej G\u00f3rze jako jedn\u0105 z najwi\u0119kszych legend klubu.<\/p>\n\n\n\n<p class=\"wp-block-paragraph\"><strong>QH:<\/strong> Mam nadziej\u0119, \u017ce sprawi\u0142em, \u017ce byli\u015bcie ze mnie dumni.<\/p>\n\n\n\n<figure class=\"wp-block-image aligncenter size-large\"><img loading=\"lazy\" decoding=\"async\" width=\"680\" height=\"1024\" src=\"https:\/\/zastalowcy.pl\/wp-content\/uploads\/2026\/07\/DSC00510-680x1024.jpg\" alt=\"\" class=\"wp-image-1296\" srcset=\"https:\/\/zastalowcy.pl\/wp-content\/uploads\/2026\/07\/DSC00510-680x1024.jpg 680w, https:\/\/zastalowcy.pl\/wp-content\/uploads\/2026\/07\/DSC00510-199x300.jpg 199w, https:\/\/zastalowcy.pl\/wp-content\/uploads\/2026\/07\/DSC00510-768x1157.jpg 768w, https:\/\/zastalowcy.pl\/wp-content\/uploads\/2026\/07\/DSC00510-1019x1536.jpg 1019w, https:\/\/zastalowcy.pl\/wp-content\/uploads\/2026\/07\/DSC00510-1359x2048.jpg 1359w, https:\/\/zastalowcy.pl\/wp-content\/uploads\/2026\/07\/DSC00510-scaled.jpg 1699w\" sizes=\"auto, (max-width: 680px) 100vw, 680px\" \/><figcaption class=\"wp-element-caption\">Ja z Quintonem Hosley&#8217;em w czerwcu 2015 roku.<\/figcaption><\/figure>\n\n\n\n<p class=\"wp-block-paragraph\">\ud83c\udfc0 Zastalowcy.pl \u2013 o Zastalu od kibic\u00f3w \u2013 dla kibic\u00f3w<\/p>\n","protected":false},"excerpt":{"rendered":"<p>Dwukrotny mistrz Polski, dwukrotny MVP fina\u0142\u00f3w i jeden z najwybitniejszych zagranicznych zawodnik\u00f3w w historii Zastalu Zielona G\u00f3ra. Od<\/p>\n","protected":false},"author":3,"featured_media":1293,"comment_status":"open","ping_status":"open","sticky":false,"template":"","format":"standard","meta":{"om_disable_all_campaigns":false,"footnotes":""},"categories":[18,407],"tags":[17,26,409,15,408,411,410,412,12,14,42,11,10,16],"class_list":["post-1292","post","type-post","status-publish","format-standard","has-post-thumbnail","hentry","category-aktualnosci","category-wywiady","tag-basketzg","tag-druzyna","tag-hosley","tag-koszykowka","tag-quinton-hosley","tag-quinton-t2-hosley","tag-t2","tag-wywiad","tag-zastal","tag-zastal-zielona-gora","tag-zastalowcy","tag-zielona-gora","tag-zielonagora","tag-zielonogorska-koszykowka"],"aioseo_notices":[],"aioseo_head":"\n\t\t<!-- All in One SEO 5.0.0.1 - aioseo.com -->\n\t<meta name=\"description\" content=\"Dwukrotny mistrz Polski, dwukrotny MVP fina\u0142\u00f3w i jeden z najwybitniejszych zagranicznych zawodnik\u00f3w w historii Zastalu Zielona G\u00f3ra. Od zako\u0144czenia jego kariery min\u0119\u0142o ju\u017c kilka lat, ale Quinton Hosley wci\u0105\u017c z ogromnym sentymentem wspomina Zielon\u0105 G\u00f3r\u0119. W rozmowie ze mn\u0105 opowiedzia\u0142 o swoich najpi\u0119kniejszych wspomnieniach i \u017cyciu po zako\u0144czeniu kariery oraz przekaza\u0142 wiadomo\u015b\u0107 dla kibic\u00f3w. Asia\" \/>\n\t<meta name=\"robots\" content=\"max-image-preview:large\" \/>\n\t<meta name=\"author\" content=\"Joanna Nawlicka\"\/>\n\t<link rel=\"canonical\" href=\"https:\/\/zastalowcy.pl\/?p=1292\" \/>\n\t<meta name=\"generator\" content=\"All in One SEO (AIOSEO) 5.0.0.1\" \/>\n\t\t<meta property=\"og:locale\" content=\"pl_PL\" \/>\n\t\t<meta property=\"og:site_name\" content=\"- O Zastalu od kibic\u00f3w \u2013 dla kibic\u00f3w\" \/>\n\t\t<meta property=\"og:type\" content=\"article\" \/>\n\t\t<meta property=\"og:title\" content=\"Quinton Hosley: \u201eKiedy s\u0142ysz\u0119 Zastal, my\u015bl\u0119 o kibicach\u201d -\" \/>\n\t\t<meta property=\"og:description\" content=\"Dwukrotny mistrz Polski, dwukrotny MVP fina\u0142\u00f3w i jeden z najwybitniejszych zagranicznych zawodnik\u00f3w w historii Zastalu Zielona G\u00f3ra. Od zako\u0144czenia jego kariery min\u0119\u0142o ju\u017c kilka lat, ale Quinton Hosley wci\u0105\u017c z ogromnym sentymentem wspomina Zielon\u0105 G\u00f3r\u0119. W rozmowie ze mn\u0105 opowiedzia\u0142 o swoich najpi\u0119kniejszych wspomnieniach i \u017cyciu po zako\u0144czeniu kariery oraz przekaza\u0142 wiadomo\u015b\u0107 dla kibic\u00f3w. Asia\" \/>\n\t\t<meta property=\"og:url\" content=\"https:\/\/zastalowcy.pl\/?p=1292\" \/>\n\t\t<meta property=\"og:image\" content=\"https:\/\/zastalowcy.pl\/wp-content\/uploads\/2025\/09\/cropped-logo-strony-2.png\" \/>\n\t\t<meta property=\"og:image:secure_url\" content=\"https:\/\/zastalowcy.pl\/wp-content\/uploads\/2025\/09\/cropped-logo-strony-2.png\" \/>\n\t\t<meta property=\"og:image:width\" content=\"1862\" \/>\n\t\t<meta property=\"og:image:height\" content=\"384\" \/>\n\t\t<meta property=\"article:published_time\" content=\"2026-07-26T10:48:39+00:00\" \/>\n\t\t<meta property=\"article:modified_time\" content=\"2026-07-26T10:48:40+00:00\" \/>\n\t\t<meta name=\"twitter:card\" content=\"summary_large_image\" \/>\n\t\t<meta name=\"twitter:title\" content=\"Quinton Hosley: \u201eKiedy s\u0142ysz\u0119 Zastal, my\u015bl\u0119 o kibicach\u201d -\" \/>\n\t\t<meta name=\"twitter:description\" content=\"Dwukrotny mistrz Polski, dwukrotny MVP fina\u0142\u00f3w i jeden z najwybitniejszych zagranicznych zawodnik\u00f3w w historii Zastalu Zielona G\u00f3ra. Od zako\u0144czenia jego kariery min\u0119\u0142o ju\u017c kilka lat, ale Quinton Hosley wci\u0105\u017c z ogromnym sentymentem wspomina Zielon\u0105 G\u00f3r\u0119. W rozmowie ze mn\u0105 opowiedzia\u0142 o swoich najpi\u0119kniejszych wspomnieniach i \u017cyciu po zako\u0144czeniu kariery oraz przekaza\u0142 wiadomo\u015b\u0107 dla kibic\u00f3w. Asia\" \/>\n\t\t<meta name=\"twitter:image\" content=\"https:\/\/zastalowcy.pl\/wp-content\/uploads\/2025\/09\/cropped-logo-strony-2.png\" \/>\n\t\t<script type=\"application\/ld+json\" class=\"aioseo-schema\">\n\t\t\t{\"@context\":\"https:\\\/\\\/schema.org\",\"@graph\":[{\"@type\":\"BlogPosting\",\"@id\":\"https:\\\/\\\/zastalowcy.pl\\\/?p=1292#blogposting\",\"name\":\"Quinton Hosley: \\u201eKiedy s\\u0142ysz\\u0119 Zastal, my\\u015bl\\u0119 o kibicach\\u201d -\",\"headline\":\"Quinton Hosley: \\u201eKiedy s\\u0142ysz\\u0119 Zastal, my\\u015bl\\u0119 o kibicach\\u201d\",\"author\":{\"@id\":\"https:\\\/\\\/zastalowcy.pl\\\/?author=3#author\"},\"publisher\":{\"@id\":\"https:\\\/\\\/zastalowcy.pl\\\/#organization\"},\"image\":{\"@type\":\"ImageObject\",\"url\":\"https:\\\/\\\/zastalowcy.pl\\\/wp-content\\\/uploads\\\/2026\\\/07\\\/profilowe-17.png\",\"width\":2048,\"height\":2048,\"caption\":\"fot. Instagram\\\/qt2hosley\"},\"datePublished\":\"2026-07-26T12:48:39+02:00\",\"dateModified\":\"2026-07-26T12:48:40+02:00\",\"inLanguage\":\"pl-PL\",\"commentCount\":2,\"mainEntityOfPage\":{\"@id\":\"https:\\\/\\\/zastalowcy.pl\\\/?p=1292#webpage\"},\"isPartOf\":{\"@id\":\"https:\\\/\\\/zastalowcy.pl\\\/?p=1292#webpage\"},\"articleSection\":\"Aktualno\\u015bci, Wywiady, basketzg, dru\\u017cyna, hosley, koszyk\\u00f3wka, quinton hosley, quinton t2 hosley, t2, wywiad, zastal, zastal zielona g\\u00f3ra, zastalowcy, zielona g\\u00f3ra, zielonagora, zielonog\\u00f3rska koszyk\\u00f3wka\"},{\"@type\":\"BreadcrumbList\",\"@id\":\"https:\\\/\\\/zastalowcy.pl\\\/?p=1292#breadcrumblist\",\"itemListElement\":[{\"@type\":\"ListItem\",\"@id\":\"https:\\\/\\\/zastalowcy.pl#listItem\",\"position\":1,\"name\":\"Home\",\"item\":\"https:\\\/\\\/zastalowcy.pl\",\"nextItem\":{\"@type\":\"ListItem\",\"@id\":\"https:\\\/\\\/zastalowcy.pl\\\/?cat=18#listItem\",\"name\":\"Aktualno\\u015bci\"}},{\"@type\":\"ListItem\",\"@id\":\"https:\\\/\\\/zastalowcy.pl\\\/?cat=18#listItem\",\"position\":2,\"name\":\"Aktualno\\u015bci\",\"item\":\"https:\\\/\\\/zastalowcy.pl\\\/?cat=18\",\"nextItem\":{\"@type\":\"ListItem\",\"@id\":\"https:\\\/\\\/zastalowcy.pl\\\/?p=1292#listItem\",\"name\":\"Quinton Hosley: \\u201eKiedy s\\u0142ysz\\u0119 Zastal, my\\u015bl\\u0119 o kibicach\\u201d\"},\"previousItem\":{\"@type\":\"ListItem\",\"@id\":\"https:\\\/\\\/zastalowcy.pl#listItem\",\"name\":\"Home\"}},{\"@type\":\"ListItem\",\"@id\":\"https:\\\/\\\/zastalowcy.pl\\\/?p=1292#listItem\",\"position\":3,\"name\":\"Quinton Hosley: \\u201eKiedy s\\u0142ysz\\u0119 Zastal, my\\u015bl\\u0119 o kibicach\\u201d\",\"previousItem\":{\"@type\":\"ListItem\",\"@id\":\"https:\\\/\\\/zastalowcy.pl\\\/?cat=18#listItem\",\"name\":\"Aktualno\\u015bci\"}}]},{\"@type\":\"Organization\",\"@id\":\"https:\\\/\\\/zastalowcy.pl\\\/#organization\",\"description\":\"O Zastalu od kibic\\u00f3w \\u2013 dla kibic\\u00f3w\",\"url\":\"https:\\\/\\\/zastalowcy.pl\\\/\",\"logo\":{\"@type\":\"ImageObject\",\"url\":\"https:\\\/\\\/zastalowcy.pl\\\/wp-content\\\/uploads\\\/2025\\\/09\\\/cropped-logo-strony-2.png\",\"@id\":\"https:\\\/\\\/zastalowcy.pl\\\/?p=1292\\\/#organizationLogo\",\"width\":1862,\"height\":384},\"image\":{\"@id\":\"https:\\\/\\\/zastalowcy.pl\\\/?p=1292\\\/#organizationLogo\"}},{\"@type\":\"Person\",\"@id\":\"https:\\\/\\\/zastalowcy.pl\\\/?author=3#author\",\"url\":\"https:\\\/\\\/zastalowcy.pl\\\/?author=3\",\"name\":\"Joanna Nawlicka\",\"image\":{\"@type\":\"ImageObject\",\"@id\":\"https:\\\/\\\/zastalowcy.pl\\\/?p=1292#authorImage\",\"url\":\"https:\\\/\\\/secure.gravatar.com\\\/avatar\\\/66fc557d97536ff5096b6295970275631b7a4673997738477642001957f5274c?s=96&d=mm&r=g\",\"width\":96,\"height\":96,\"caption\":\"Joanna Nawlicka\"}},{\"@type\":\"WebPage\",\"@id\":\"https:\\\/\\\/zastalowcy.pl\\\/?p=1292#webpage\",\"url\":\"https:\\\/\\\/zastalowcy.pl\\\/?p=1292\",\"name\":\"Quinton Hosley: \\u201eKiedy s\\u0142ysz\\u0119 Zastal, my\\u015bl\\u0119 o kibicach\\u201d -\",\"description\":\"Dwukrotny mistrz Polski, dwukrotny MVP fina\\u0142\\u00f3w i jeden z najwybitniejszych zagranicznych zawodnik\\u00f3w w historii Zastalu Zielona G\\u00f3ra. Od zako\\u0144czenia jego kariery min\\u0119\\u0142o ju\\u017c kilka lat, ale Quinton Hosley wci\\u0105\\u017c z ogromnym sentymentem wspomina Zielon\\u0105 G\\u00f3r\\u0119. W rozmowie ze mn\\u0105 opowiedzia\\u0142 o swoich najpi\\u0119kniejszych wspomnieniach i \\u017cyciu po zako\\u0144czeniu kariery oraz przekaza\\u0142 wiadomo\\u015b\\u0107 dla kibic\\u00f3w. Asia\",\"inLanguage\":\"pl-PL\",\"isPartOf\":{\"@id\":\"https:\\\/\\\/zastalowcy.pl\\\/#website\"},\"breadcrumb\":{\"@id\":\"https:\\\/\\\/zastalowcy.pl\\\/?p=1292#breadcrumblist\"},\"author\":{\"@id\":\"https:\\\/\\\/zastalowcy.pl\\\/?author=3#author\"},\"creator\":{\"@id\":\"https:\\\/\\\/zastalowcy.pl\\\/?author=3#author\"},\"image\":{\"@type\":\"ImageObject\",\"url\":\"https:\\\/\\\/zastalowcy.pl\\\/wp-content\\\/uploads\\\/2026\\\/07\\\/profilowe-17.png\",\"@id\":\"https:\\\/\\\/zastalowcy.pl\\\/?p=1292\\\/#mainImage\",\"width\":2048,\"height\":2048,\"caption\":\"fot. Instagram\\\/qt2hosley\"},\"primaryImageOfPage\":{\"@id\":\"https:\\\/\\\/zastalowcy.pl\\\/?p=1292#mainImage\"},\"datePublished\":\"2026-07-26T12:48:39+02:00\",\"dateModified\":\"2026-07-26T12:48:40+02:00\"},{\"@type\":\"WebSite\",\"@id\":\"https:\\\/\\\/zastalowcy.pl\\\/#website\",\"url\":\"https:\\\/\\\/zastalowcy.pl\\\/\",\"description\":\"O Zastalu od kibic\\u00f3w \\u2013 dla kibic\\u00f3w\",\"inLanguage\":\"pl-PL\",\"publisher\":{\"@id\":\"https:\\\/\\\/zastalowcy.pl\\\/#organization\"}}]}\n\t\t<\/script>\n\t\t<!-- All in One SEO -->\n\n","aioseo_head_json":{"title":"Quinton Hosley: \u201eKiedy s\u0142ysz\u0119 Zastal, my\u015bl\u0119 o kibicach\u201d -","description":"Dwukrotny mistrz Polski, dwukrotny MVP fina\u0142\u00f3w i jeden z najwybitniejszych zagranicznych zawodnik\u00f3w w historii Zastalu Zielona G\u00f3ra. Od zako\u0144czenia jego kariery min\u0119\u0142o ju\u017c kilka lat, ale Quinton Hosley wci\u0105\u017c z ogromnym sentymentem wspomina Zielon\u0105 G\u00f3r\u0119. W rozmowie ze mn\u0105 opowiedzia\u0142 o swoich najpi\u0119kniejszych wspomnieniach i \u017cyciu po zako\u0144czeniu kariery oraz przekaza\u0142 wiadomo\u015b\u0107 dla kibic\u00f3w. Asia","canonical_url":"https:\/\/zastalowcy.pl\/?p=1292","robots":"max-image-preview:large","keywords":"","webmasterTools":{"miscellaneous":""},"schema":{"@context":"https:\/\/schema.org","@graph":[{"@type":"BlogPosting","@id":"https:\/\/zastalowcy.pl\/?p=1292#blogposting","name":"Quinton Hosley: \u201eKiedy s\u0142ysz\u0119 Zastal, my\u015bl\u0119 o kibicach\u201d -","headline":"Quinton Hosley: \u201eKiedy s\u0142ysz\u0119 Zastal, my\u015bl\u0119 o kibicach\u201d","author":{"@id":"https:\/\/zastalowcy.pl\/?author=3#author"},"publisher":{"@id":"https:\/\/zastalowcy.pl\/#organization"},"image":{"@type":"ImageObject","url":"https:\/\/zastalowcy.pl\/wp-content\/uploads\/2026\/07\/profilowe-17.png","width":2048,"height":2048,"caption":"fot. Instagram\/qt2hosley"},"datePublished":"2026-07-26T12:48:39+02:00","dateModified":"2026-07-26T12:48:40+02:00","inLanguage":"pl-PL","commentCount":2,"mainEntityOfPage":{"@id":"https:\/\/zastalowcy.pl\/?p=1292#webpage"},"isPartOf":{"@id":"https:\/\/zastalowcy.pl\/?p=1292#webpage"},"articleSection":"Aktualno\u015bci, Wywiady, basketzg, dru\u017cyna, hosley, koszyk\u00f3wka, quinton hosley, quinton t2 hosley, t2, wywiad, zastal, zastal zielona g\u00f3ra, zastalowcy, zielona g\u00f3ra, zielonagora, zielonog\u00f3rska koszyk\u00f3wka"},{"@type":"BreadcrumbList","@id":"https:\/\/zastalowcy.pl\/?p=1292#breadcrumblist","itemListElement":[{"@type":"ListItem","@id":"https:\/\/zastalowcy.pl#listItem","position":1,"name":"Home","item":"https:\/\/zastalowcy.pl","nextItem":{"@type":"ListItem","@id":"https:\/\/zastalowcy.pl\/?cat=18#listItem","name":"Aktualno\u015bci"}},{"@type":"ListItem","@id":"https:\/\/zastalowcy.pl\/?cat=18#listItem","position":2,"name":"Aktualno\u015bci","item":"https:\/\/zastalowcy.pl\/?cat=18","nextItem":{"@type":"ListItem","@id":"https:\/\/zastalowcy.pl\/?p=1292#listItem","name":"Quinton Hosley: \u201eKiedy s\u0142ysz\u0119 Zastal, my\u015bl\u0119 o kibicach\u201d"},"previousItem":{"@type":"ListItem","@id":"https:\/\/zastalowcy.pl#listItem","name":"Home"}},{"@type":"ListItem","@id":"https:\/\/zastalowcy.pl\/?p=1292#listItem","position":3,"name":"Quinton Hosley: \u201eKiedy s\u0142ysz\u0119 Zastal, my\u015bl\u0119 o kibicach\u201d","previousItem":{"@type":"ListItem","@id":"https:\/\/zastalowcy.pl\/?cat=18#listItem","name":"Aktualno\u015bci"}}]},{"@type":"Organization","@id":"https:\/\/zastalowcy.pl\/#organization","description":"O Zastalu od kibic\u00f3w \u2013 dla kibic\u00f3w","url":"https:\/\/zastalowcy.pl\/","logo":{"@type":"ImageObject","url":"https:\/\/zastalowcy.pl\/wp-content\/uploads\/2025\/09\/cropped-logo-strony-2.png","@id":"https:\/\/zastalowcy.pl\/?p=1292\/#organizationLogo","width":1862,"height":384},"image":{"@id":"https:\/\/zastalowcy.pl\/?p=1292\/#organizationLogo"}},{"@type":"Person","@id":"https:\/\/zastalowcy.pl\/?author=3#author","url":"https:\/\/zastalowcy.pl\/?author=3","name":"Joanna Nawlicka","image":{"@type":"ImageObject","@id":"https:\/\/zastalowcy.pl\/?p=1292#authorImage","url":"https:\/\/secure.gravatar.com\/avatar\/66fc557d97536ff5096b6295970275631b7a4673997738477642001957f5274c?s=96&d=mm&r=g","width":96,"height":96,"caption":"Joanna Nawlicka"}},{"@type":"WebPage","@id":"https:\/\/zastalowcy.pl\/?p=1292#webpage","url":"https:\/\/zastalowcy.pl\/?p=1292","name":"Quinton Hosley: \u201eKiedy s\u0142ysz\u0119 Zastal, my\u015bl\u0119 o kibicach\u201d -","description":"Dwukrotny mistrz Polski, dwukrotny MVP fina\u0142\u00f3w i jeden z najwybitniejszych zagranicznych zawodnik\u00f3w w historii Zastalu Zielona G\u00f3ra. Od zako\u0144czenia jego kariery min\u0119\u0142o ju\u017c kilka lat, ale Quinton Hosley wci\u0105\u017c z ogromnym sentymentem wspomina Zielon\u0105 G\u00f3r\u0119. W rozmowie ze mn\u0105 opowiedzia\u0142 o swoich najpi\u0119kniejszych wspomnieniach i \u017cyciu po zako\u0144czeniu kariery oraz przekaza\u0142 wiadomo\u015b\u0107 dla kibic\u00f3w. Asia","inLanguage":"pl-PL","isPartOf":{"@id":"https:\/\/zastalowcy.pl\/#website"},"breadcrumb":{"@id":"https:\/\/zastalowcy.pl\/?p=1292#breadcrumblist"},"author":{"@id":"https:\/\/zastalowcy.pl\/?author=3#author"},"creator":{"@id":"https:\/\/zastalowcy.pl\/?author=3#author"},"image":{"@type":"ImageObject","url":"https:\/\/zastalowcy.pl\/wp-content\/uploads\/2026\/07\/profilowe-17.png","@id":"https:\/\/zastalowcy.pl\/?p=1292\/#mainImage","width":2048,"height":2048,"caption":"fot. Instagram\/qt2hosley"},"primaryImageOfPage":{"@id":"https:\/\/zastalowcy.pl\/?p=1292#mainImage"},"datePublished":"2026-07-26T12:48:39+02:00","dateModified":"2026-07-26T12:48:40+02:00"},{"@type":"WebSite","@id":"https:\/\/zastalowcy.pl\/#website","url":"https:\/\/zastalowcy.pl\/","description":"O Zastalu od kibic\u00f3w \u2013 dla kibic\u00f3w","inLanguage":"pl-PL","publisher":{"@id":"https:\/\/zastalowcy.pl\/#organization"}}]},"og:locale":"pl_PL","og:site_name":"- O Zastalu od kibic\u00f3w \u2013 dla kibic\u00f3w","og:type":"article","og:title":"Quinton Hosley: \u201eKiedy s\u0142ysz\u0119 Zastal, my\u015bl\u0119 o kibicach\u201d -","og:description":"Dwukrotny mistrz Polski, dwukrotny MVP fina\u0142\u00f3w i jeden z najwybitniejszych zagranicznych zawodnik\u00f3w w historii Zastalu Zielona G\u00f3ra. Od zako\u0144czenia jego kariery min\u0119\u0142o ju\u017c kilka lat, ale Quinton Hosley wci\u0105\u017c z ogromnym sentymentem wspomina Zielon\u0105 G\u00f3r\u0119. W rozmowie ze mn\u0105 opowiedzia\u0142 o swoich najpi\u0119kniejszych wspomnieniach i \u017cyciu po zako\u0144czeniu kariery oraz przekaza\u0142 wiadomo\u015b\u0107 dla kibic\u00f3w. Asia","og:url":"https:\/\/zastalowcy.pl\/?p=1292","og:image":"https:\/\/zastalowcy.pl\/wp-content\/uploads\/2025\/09\/cropped-logo-strony-2.png","og:image:secure_url":"https:\/\/zastalowcy.pl\/wp-content\/uploads\/2025\/09\/cropped-logo-strony-2.png","og:image:width":1862,"og:image:height":384,"article:published_time":"2026-07-26T10:48:39+00:00","article:modified_time":"2026-07-26T10:48:40+00:00","twitter:card":"summary_large_image","twitter:title":"Quinton Hosley: \u201eKiedy s\u0142ysz\u0119 Zastal, my\u015bl\u0119 o kibicach\u201d -","twitter:description":"Dwukrotny mistrz Polski, dwukrotny MVP fina\u0142\u00f3w i jeden z najwybitniejszych zagranicznych zawodnik\u00f3w w historii Zastalu Zielona G\u00f3ra. Od zako\u0144czenia jego kariery min\u0119\u0142o ju\u017c kilka lat, ale Quinton Hosley wci\u0105\u017c z ogromnym sentymentem wspomina Zielon\u0105 G\u00f3r\u0119. W rozmowie ze mn\u0105 opowiedzia\u0142 o swoich najpi\u0119kniejszych wspomnieniach i \u017cyciu po zako\u0144czeniu kariery oraz przekaza\u0142 wiadomo\u015b\u0107 dla kibic\u00f3w. Asia","twitter:image":"https:\/\/zastalowcy.pl\/wp-content\/uploads\/2025\/09\/cropped-logo-strony-2.png"},"aioseo_meta_data":{"post_id":"1292","title":null,"description":null,"keywords":null,"keyphrases":{"focus":[],"additional":[]},"primary_term":null,"canonical_url":null,"og_title":null,"og_description":null,"og_object_type":"default","og_image_type":"default","og_image_custom_url":null,"og_image_custom_fields":null,"og_image_url":null,"og_image_width":null,"og_image_height":null,"og_video":"","og_custom_url":null,"og_article_section":null,"og_article_tags":null,"twitter_use_og":false,"twitter_card":"default","twitter_image_type":"default","twitter_image_custom_url":null,"twitter_image_custom_fields":null,"twitter_image_url":null,"twitter_title":null,"twitter_description":null,"schema_type":"default","schema_type_options":null,"schema":{"blockGraphs":[],"customGraphs":[],"default":{"data":{"Article":[],"Course":[],"Dataset":[],"FAQPage":[],"Movie":[],"Person":[],"Product":[],"ProductReview":[],"Car":[],"Recipe":[],"Service":[],"SoftwareApplication":[],"WebPage":[]},"graphName":"BlogPosting","isEnabled":true},"graphs":[]},"pillar_content":false,"robots_default":true,"robots_noindex":false,"robots_noarchive":false,"robots_nosnippet":false,"robots_nofollow":false,"robots_noimageindex":false,"robots_noodp":false,"robots_notranslate":false,"robots_max_snippet":"-1","robots_max_videopreview":"-1","robots_max_imagepreview":"large","priority":null,"frequency":"default","local_seo":null,"limit_modified_date":false,"ai":{"faqs":[],"keyPoints":[],"schemas":[],"titles":[],"descriptions":[],"socialPosts":{"email":{"subject":"","preview":"","content":""},"linkedin":[],"twitter":[],"facebook":[],"instagram":[]}},"breadcrumb_settings":null,"seo_analyzer_scan_date":null,"created":"2026-07-26 10:48:40","updated":"2026-08-22 18:01:31","focus_keyword":null,"additional_keywords":null,"truseo_locale":null},"aioseo_breadcrumb":"<div class=\"aioseo-breadcrumbs\"><span class=\"aioseo-breadcrumb\">\n\t\t\t<a href=\"https:\/\/zastalowcy.pl\" title=\"Home\">Home<\/a>\n\t\t<\/span><span class=\"aioseo-breadcrumb-separator\">&raquo;<\/span><span class=\"aioseo-breadcrumb\">\n\t\t\t<a href=\"https:\/\/zastalowcy.pl\/?cat=18\" title=\"Aktualno\u015bci\">Aktualno\u015bci<\/a>\n\t\t<\/span><span class=\"aioseo-breadcrumb-separator\">&raquo;<\/span><span class=\"aioseo-breadcrumb\">\n\t\t\tQuinton Hosley: \u201eKiedy s\u0142ysz\u0119 Zastal, my\u015bl\u0119 o kibicach\u201d\n\t\t<\/span><\/div>","aioseo_breadcrumb_json":[{"label":"Home","link":"https:\/\/zastalowcy.pl"},{"label":"Aktualno\u015bci","link":"https:\/\/zastalowcy.pl\/?cat=18"},{"label":"Quinton Hosley: \u201eKiedy s\u0142ysz\u0119 Zastal, my\u015bl\u0119 o kibicach\u201d","link":"https:\/\/zastalowcy.pl\/?p=1292"}],"_links":{"self":[{"href":"https:\/\/zastalowcy.pl\/index.php?rest_route=\/wp\/v2\/posts\/1292","targetHints":{"allow":["GET"]}}],"collection":[{"href":"https:\/\/zastalowcy.pl\/index.php?rest_route=\/wp\/v2\/posts"}],"about":[{"href":"https:\/\/zastalowcy.pl\/index.php?rest_route=\/wp\/v2\/types\/post"}],"author":[{"embeddable":true,"href":"https:\/\/zastalowcy.pl\/index.php?rest_route=\/wp\/v2\/users\/3"}],"replies":[{"embeddable":true,"href":"https:\/\/zastalowcy.pl\/index.php?rest_route=%2Fwp%2Fv2%2Fcomments&post=1292"}],"version-history":[{"count":1,"href":"https:\/\/zastalowcy.pl\/index.php?rest_route=\/wp\/v2\/posts\/1292\/revisions"}],"predecessor-version":[{"id":1297,"href":"https:\/\/zastalowcy.pl\/index.php?rest_route=\/wp\/v2\/posts\/1292\/revisions\/1297"}],"wp:featuredmedia":[{"embeddable":true,"href":"https:\/\/zastalowcy.pl\/index.php?rest_route=\/wp\/v2\/media\/1293"}],"wp:attachment":[{"href":"https:\/\/zastalowcy.pl\/index.php?rest_route=%2Fwp%2Fv2%2Fmedia&parent=1292"}],"wp:term":[{"taxonomy":"category","embeddable":true,"href":"https:\/\/zastalowcy.pl\/index.php?rest_route=%2Fwp%2Fv2%2Fcategories&post=1292"},{"taxonomy":"post_tag","embeddable":true,"href":"https:\/\/zastalowcy.pl\/index.php?rest_route=%2Fwp%2Fv2%2Ftags&post=1292"}],"curies":[{"name":"wp","href":"https:\/\/api.w.org\/{rel}","templated":true}]}}