{"id":1298,"date":"2026-07-25T10:11:06","date_gmt":"2026-07-25T08:11:06","guid":{"rendered":"https:\/\/zastalowcy.pl\/?p=1298"},"modified":"2026-07-27T10:25:59","modified_gmt":"2026-07-27T08:25:59","slug":"mazurczak-i-majewski-w-szerokiej-kadrze-reprezentacji-polski","status":"publish","type":"post","link":"https:\/\/zastalowcy.pl\/?p=1298","title":{"rendered":"Mazurczak i Majewski w szerokiej kadrze reprezentacji Polski"},"content":{"rendered":"\n<p class=\"wp-block-paragraph\">Selekcjoner reprezentacji Polski Igor Milici\u0107 og\u0142osi\u0142 szeroki sk\u0142ad na sierpniowe zgrupowanie przed kolejnymi meczami kwalifikacji do mistrzostw \u015bwiata. W gronie 33 powo\u0142anych koszykarzy znalaz\u0142o si\u0119 a\u017c trzech zawodnik\u00f3w zwi\u0105zanych z Zastalem Zielona G\u00f3ra \u2013 Andrzej Mazurczak, Mi\u0142osz Majewski oraz Jakub Szumert, kt\u00f3ry od nowego sezonu b\u0119dzie wyst\u0119powa\u0142 w NCAA.<\/p>\n\n\n\n<p class=\"wp-block-paragraph\">Bia\u0142o-czerwonych czeka niezwykle wa\u017cny etap walki o awans na mistrzostwa \u015bwiata. Przygotowania do spotka\u0144 z Izraelem i Niemcami rozpoczn\u0105 si\u0119 13 sierpnia, a dopiero po zgrupowaniu trener Igor Milici\u0107 wybierze ostateczny sk\u0142ad reprezentacji.<\/p>\n\n\n\n<p class=\"wp-block-paragraph\">Najbardziej do\u015bwiadczonym z zielonog\u00f3rskiego grona jest oczywi\u015bcie Andrzej Mazurczak. Kapitan Zastalu od lat nale\u017cy do czo\u0142owych polskich rozgrywaj\u0105cych i regularnie otrzymuje powo\u0142ania do reprezentacji. Ostatnio jednak sytuacja wygl\u0105da\u0142a troch\u0119 inaczej, poniewa\u017c Andy pauzowa\u0142 z powodu kontuzji. Jednak po \u015bwietnym sezonie zako\u0144czonym zdobyciem wicemistrzostwa Polski ponownie stanie przed szans\u0105 gry z orze\u0142kiem na piersi.<\/p>\n\n\n\n<p class=\"wp-block-paragraph\">W szerokiej kadrze znalaz\u0142 si\u0119 r\u00f3wnie\u017c Mi\u0142osz Majewski. Dla m\u0142odego skrzyd\u0142owego to kolejne wyr\u00f3\u017cnienie i potwierdzenie, \u017ce jego rozw\u00f3j nie umyka uwadze sztabu szkoleniowego reprezentacji. Mi\u0142osz pokaza\u0142 si\u0119 z bardzo dobrej strony na tegorocznym Eurobaskecie, podczas kt\u00f3rego zdobywa\u0142 \u015brednio 7.5 punkt\u00f3w na mecz i zbiera\u0142 oko\u0142o 3.3 na spotkanie.<\/p>\n\n\n\n<p class=\"wp-block-paragraph\">Jednym z powo\u0142anych zawodnik\u00f3w jest r\u00f3wnie\u017c <a href=\"https:\/\/zastalowcy.pl\/?p=1215\" title=\"\">Jakub Szumert<\/a>, kt\u00f3ry jeszcze niedawno reprezentowa\u0142 barwy Zastalu, a od sezonu 2026\/27 b\u0119dzie wyst\u0119powa\u0142 w barwach SMU Mustangs w NCAA. Mimo wyjazdu do Stan\u00f3w Zjednoczonych nadal pozostaje jednym z najbardziej perspektywicznych polskich zawodnik\u00f3w m\u0142odego pokolenia.<\/p>\n\n\n\n<p class=\"wp-block-paragraph\">Przy okazji zach\u0119cam Was do obejrzenia wywiadu z Kub\u0105 przed zako\u0144czeniem jego przygody w Zielonej G\u00f3rze!<\/p>\n\n\n\n<figure class=\"wp-block-embed is-type-video is-provider-youtube wp-block-embed-youtube wp-embed-aspect-16-9 wp-has-aspect-ratio\"><div class=\"wp-block-embed__wrapper\">\n<iframe loading=\"lazy\" title=\"Jakub Szumert podsumowuje sw\u00f3j sezon w Zastalu Zielona G\u00f3ra!\" width=\"640\" height=\"360\" src=\"https:\/\/www.youtube.com\/embed\/RFYctz3dplU?start=21&amp;feature=oembed\" frameborder=\"0\" allow=\"accelerometer; autoplay; clipboard-write; encrypted-media; gyroscope; picture-in-picture; web-share\" referrerpolicy=\"strict-origin-when-cross-origin\" allowfullscreen><\/iframe>\n<\/div><\/figure>\n\n\n\n<h3 class=\"wp-block-heading\">Przed Polakami wa\u017cne mecze<\/h3>\n\n\n\n<p class=\"wp-block-paragraph\">Reprezentacja Polski rozpocznie przygotowania 13 sierpnia. Pod koniec miesi\u0105ca bia\u0142o-czerwoni rozegraj\u0105 dwa spotkania kwalifikacyjne do mistrzostw \u015bwiata. Najpierw 27 sierpnia zmierz\u0105 si\u0119 z Izraelem w Rydze, a trzy dni p\u00f3\u017aniej podejm\u0105 Niemc\u00f3w w ERGO Arenie.<\/p>\n\n\n\n<p class=\"wp-block-paragraph\">Terminarz reprezentacji Polski:<br>27 sierpnia \u2013 Izrael \u2013 Polska (Ryga)<br>30 sierpnia \u2013 Polska \u2013 Niemcy (ERGO Arena Gda\u0144sk\/Sopot)<br>27 listopada \u2013 Polska \u2013 Chorwacja<br>30 listopada \u2013 Niemcy \u2013 Polska<br>25 lutego \u2013 Polska \u2013 Izrael<br>28 lutego \u2013 Chorwacja \u2013 Polska<\/p>\n\n\n\n<p class=\"wp-block-paragraph\">\ud83c\udfc0 Zastalowcy.pl \u2013 o Zastalu od kibic\u00f3w \u2013 dla kibic\u00f3w<\/p>\n","protected":false},"excerpt":{"rendered":"<p>Selekcjoner reprezentacji Polski Igor Milici\u0107 og\u0142osi\u0142 szeroki sk\u0142ad na sierpniowe zgrupowanie przed kolejnymi meczami kwalifikacji do mistrzostw \u015bwiata.<\/p>\n","protected":false},"author":3,"featured_media":1299,"comment_status":"open","ping_status":"open","sticky":false,"template":"","format":"standard","meta":{"om_disable_all_campaigns":false,"footnotes":""},"categories":[18],"tags":[126,125,17,26,75,15,413,297,99,203,12,14,42,11,10,16],"class_list":["post-1298","post","type-post","status-publish","format-standard","has-post-thumbnail","hentry","category-aktualnosci","tag-andrzej-mazurczak","tag-andy-mazurczak","tag-basketzg","tag-druzyna","tag-jakub-szumert","tag-koszykowka","tag-majewski-milosz","tag-milosz-majewski","tag-reprezentacja-polski","tag-reprezentacja-polski-w-koszykowce","tag-zastal","tag-zastal-zielona-gora","tag-zastalowcy","tag-zielona-gora","tag-zielonagora","tag-zielonogorska-koszykowka"],"aioseo_notices":[],"aioseo_head":"\n\t\t<!-- All in One SEO 5.0.0.1 - aioseo.com -->\n\t<meta name=\"description\" content=\"Selekcjoner reprezentacji Polski Igor Milici\u0107 og\u0142osi\u0142 szeroki sk\u0142ad na sierpniowe zgrupowanie przed kolejnymi meczami kwalifikacji do mistrzostw \u015bwiata. W gronie 33 powo\u0142anych koszykarzy znalaz\u0142o si\u0119 a\u017c trzech zawodnik\u00f3w zwi\u0105zanych z Zastalem Zielona G\u00f3ra \u2013 Andrzej Mazurczak, Mi\u0142osz Majewski oraz Jakub Szumert, kt\u00f3ry od nowego sezonu b\u0119dzie wyst\u0119powa\u0142 w NCAA. Bia\u0142o-czerwonych czeka niezwykle wa\u017cny etap walki\" \/>\n\t<meta name=\"robots\" content=\"max-image-preview:large\" \/>\n\t<meta name=\"author\" content=\"Joanna Nawlicka\"\/>\n\t<link rel=\"canonical\" href=\"https:\/\/zastalowcy.pl\/?p=1298\" \/>\n\t<meta name=\"generator\" content=\"All in One SEO (AIOSEO) 5.0.0.1\" \/>\n\t\t<meta property=\"og:locale\" content=\"pl_PL\" \/>\n\t\t<meta property=\"og:site_name\" content=\"- O Zastalu od kibic\u00f3w \u2013 dla kibic\u00f3w\" \/>\n\t\t<meta property=\"og:type\" content=\"article\" \/>\n\t\t<meta property=\"og:title\" content=\"Mazurczak i Majewski w szerokiej kadrze reprezentacji Polski -\" \/>\n\t\t<meta property=\"og:description\" content=\"Selekcjoner reprezentacji Polski Igor Milici\u0107 og\u0142osi\u0142 szeroki sk\u0142ad na sierpniowe zgrupowanie przed kolejnymi meczami kwalifikacji do mistrzostw \u015bwiata. W gronie 33 powo\u0142anych koszykarzy znalaz\u0142o si\u0119 a\u017c trzech zawodnik\u00f3w zwi\u0105zanych z Zastalem Zielona G\u00f3ra \u2013 Andrzej Mazurczak, Mi\u0142osz Majewski oraz Jakub Szumert, kt\u00f3ry od nowego sezonu b\u0119dzie wyst\u0119powa\u0142 w NCAA. Bia\u0142o-czerwonych czeka niezwykle wa\u017cny etap walki\" \/>\n\t\t<meta property=\"og:url\" content=\"https:\/\/zastalowcy.pl\/?p=1298\" \/>\n\t\t<meta property=\"og:image\" content=\"https:\/\/zastalowcy.pl\/wp-content\/uploads\/2025\/09\/cropped-logo-strony-2.png\" \/>\n\t\t<meta property=\"og:image:secure_url\" content=\"https:\/\/zastalowcy.pl\/wp-content\/uploads\/2025\/09\/cropped-logo-strony-2.png\" \/>\n\t\t<meta property=\"og:image:width\" content=\"1862\" \/>\n\t\t<meta property=\"og:image:height\" content=\"384\" \/>\n\t\t<meta property=\"article:published_time\" content=\"2026-07-25T08:11:06+00:00\" \/>\n\t\t<meta property=\"article:modified_time\" content=\"2026-07-27T08:25:59+00:00\" \/>\n\t\t<meta name=\"twitter:card\" content=\"summary_large_image\" \/>\n\t\t<meta name=\"twitter:title\" content=\"Mazurczak i Majewski w szerokiej kadrze reprezentacji Polski -\" \/>\n\t\t<meta name=\"twitter:description\" content=\"Selekcjoner reprezentacji Polski Igor Milici\u0107 og\u0142osi\u0142 szeroki sk\u0142ad na sierpniowe zgrupowanie przed kolejnymi meczami kwalifikacji do mistrzostw \u015bwiata. W gronie 33 powo\u0142anych koszykarzy znalaz\u0142o si\u0119 a\u017c trzech zawodnik\u00f3w zwi\u0105zanych z Zastalem Zielona G\u00f3ra \u2013 Andrzej Mazurczak, Mi\u0142osz Majewski oraz Jakub Szumert, kt\u00f3ry od nowego sezonu b\u0119dzie wyst\u0119powa\u0142 w NCAA. Bia\u0142o-czerwonych czeka niezwykle wa\u017cny etap walki\" \/>\n\t\t<meta name=\"twitter:image\" content=\"https:\/\/zastalowcy.pl\/wp-content\/uploads\/2025\/09\/cropped-logo-strony-2.png\" \/>\n\t\t<script type=\"application\/ld+json\" class=\"aioseo-schema\">\n\t\t\t{\"@context\":\"https:\\\/\\\/schema.org\",\"@graph\":[{\"@type\":\"BlogPosting\",\"@id\":\"https:\\\/\\\/zastalowcy.pl\\\/?p=1298#blogposting\",\"name\":\"Mazurczak i Majewski w szerokiej kadrze reprezentacji Polski -\",\"headline\":\"Mazurczak i Majewski w szerokiej kadrze reprezentacji Polski\",\"author\":{\"@id\":\"https:\\\/\\\/zastalowcy.pl\\\/?author=3#author\"},\"publisher\":{\"@id\":\"https:\\\/\\\/zastalowcy.pl\\\/#organization\"},\"image\":{\"@type\":\"ImageObject\",\"url\":\"https:\\\/\\\/zastalowcy.pl\\\/wp-content\\\/uploads\\\/2026\\\/07\\\/profilowe-18.png\",\"width\":2048,\"height\":2048},\"datePublished\":\"2026-07-25T10:11:06+02:00\",\"dateModified\":\"2026-07-27T10:25:59+02:00\",\"inLanguage\":\"pl-PL\",\"commentCount\":1,\"mainEntityOfPage\":{\"@id\":\"https:\\\/\\\/zastalowcy.pl\\\/?p=1298#webpage\"},\"isPartOf\":{\"@id\":\"https:\\\/\\\/zastalowcy.pl\\\/?p=1298#webpage\"},\"articleSection\":\"Aktualno\\u015bci, andrzej mazurczak, andy mazurczak, basketzg, dru\\u017cyna, jakub szumert, koszyk\\u00f3wka, majewski mi\\u0142osz, mi\\u0142osz majewski, reprezentacja polski, reprezentacja polski w koszyk\\u00f3wce, zastal, zastal zielona g\\u00f3ra, zastalowcy, zielona g\\u00f3ra, zielonagora, zielonog\\u00f3rska koszyk\\u00f3wka\"},{\"@type\":\"BreadcrumbList\",\"@id\":\"https:\\\/\\\/zastalowcy.pl\\\/?p=1298#breadcrumblist\",\"itemListElement\":[{\"@type\":\"ListItem\",\"@id\":\"https:\\\/\\\/zastalowcy.pl#listItem\",\"position\":1,\"name\":\"Home\",\"item\":\"https:\\\/\\\/zastalowcy.pl\",\"nextItem\":{\"@type\":\"ListItem\",\"@id\":\"https:\\\/\\\/zastalowcy.pl\\\/?cat=18#listItem\",\"name\":\"Aktualno\\u015bci\"}},{\"@type\":\"ListItem\",\"@id\":\"https:\\\/\\\/zastalowcy.pl\\\/?cat=18#listItem\",\"position\":2,\"name\":\"Aktualno\\u015bci\",\"item\":\"https:\\\/\\\/zastalowcy.pl\\\/?cat=18\",\"nextItem\":{\"@type\":\"ListItem\",\"@id\":\"https:\\\/\\\/zastalowcy.pl\\\/?p=1298#listItem\",\"name\":\"Mazurczak i Majewski w szerokiej kadrze reprezentacji Polski\"},\"previousItem\":{\"@type\":\"ListItem\",\"@id\":\"https:\\\/\\\/zastalowcy.pl#listItem\",\"name\":\"Home\"}},{\"@type\":\"ListItem\",\"@id\":\"https:\\\/\\\/zastalowcy.pl\\\/?p=1298#listItem\",\"position\":3,\"name\":\"Mazurczak i Majewski w szerokiej kadrze reprezentacji Polski\",\"previousItem\":{\"@type\":\"ListItem\",\"@id\":\"https:\\\/\\\/zastalowcy.pl\\\/?cat=18#listItem\",\"name\":\"Aktualno\\u015bci\"}}]},{\"@type\":\"Organization\",\"@id\":\"https:\\\/\\\/zastalowcy.pl\\\/#organization\",\"description\":\"O Zastalu od kibic\\u00f3w \\u2013 dla kibic\\u00f3w\",\"url\":\"https:\\\/\\\/zastalowcy.pl\\\/\",\"logo\":{\"@type\":\"ImageObject\",\"url\":\"https:\\\/\\\/zastalowcy.pl\\\/wp-content\\\/uploads\\\/2025\\\/09\\\/cropped-logo-strony-2.png\",\"@id\":\"https:\\\/\\\/zastalowcy.pl\\\/?p=1298\\\/#organizationLogo\",\"width\":1862,\"height\":384},\"image\":{\"@id\":\"https:\\\/\\\/zastalowcy.pl\\\/?p=1298\\\/#organizationLogo\"}},{\"@type\":\"Person\",\"@id\":\"https:\\\/\\\/zastalowcy.pl\\\/?author=3#author\",\"url\":\"https:\\\/\\\/zastalowcy.pl\\\/?author=3\",\"name\":\"Joanna Nawlicka\",\"image\":{\"@type\":\"ImageObject\",\"@id\":\"https:\\\/\\\/zastalowcy.pl\\\/?p=1298#authorImage\",\"url\":\"https:\\\/\\\/secure.gravatar.com\\\/avatar\\\/66fc557d97536ff5096b6295970275631b7a4673997738477642001957f5274c?s=96&d=mm&r=g\",\"width\":96,\"height\":96,\"caption\":\"Joanna Nawlicka\"}},{\"@type\":\"WebPage\",\"@id\":\"https:\\\/\\\/zastalowcy.pl\\\/?p=1298#webpage\",\"url\":\"https:\\\/\\\/zastalowcy.pl\\\/?p=1298\",\"name\":\"Mazurczak i Majewski w szerokiej kadrze reprezentacji Polski -\",\"description\":\"Selekcjoner reprezentacji Polski Igor Milici\\u0107 og\\u0142osi\\u0142 szeroki sk\\u0142ad na sierpniowe zgrupowanie przed kolejnymi meczami kwalifikacji do mistrzostw \\u015bwiata. W gronie 33 powo\\u0142anych koszykarzy znalaz\\u0142o si\\u0119 a\\u017c trzech zawodnik\\u00f3w zwi\\u0105zanych z Zastalem Zielona G\\u00f3ra \\u2013 Andrzej Mazurczak, Mi\\u0142osz Majewski oraz Jakub Szumert, kt\\u00f3ry od nowego sezonu b\\u0119dzie wyst\\u0119powa\\u0142 w NCAA. Bia\\u0142o-czerwonych czeka niezwykle wa\\u017cny etap walki\",\"inLanguage\":\"pl-PL\",\"isPartOf\":{\"@id\":\"https:\\\/\\\/zastalowcy.pl\\\/#website\"},\"breadcrumb\":{\"@id\":\"https:\\\/\\\/zastalowcy.pl\\\/?p=1298#breadcrumblist\"},\"author\":{\"@id\":\"https:\\\/\\\/zastalowcy.pl\\\/?author=3#author\"},\"creator\":{\"@id\":\"https:\\\/\\\/zastalowcy.pl\\\/?author=3#author\"},\"image\":{\"@type\":\"ImageObject\",\"url\":\"https:\\\/\\\/zastalowcy.pl\\\/wp-content\\\/uploads\\\/2026\\\/07\\\/profilowe-18.png\",\"@id\":\"https:\\\/\\\/zastalowcy.pl\\\/?p=1298\\\/#mainImage\",\"width\":2048,\"height\":2048},\"primaryImageOfPage\":{\"@id\":\"https:\\\/\\\/zastalowcy.pl\\\/?p=1298#mainImage\"},\"datePublished\":\"2026-07-25T10:11:06+02:00\",\"dateModified\":\"2026-07-27T10:25:59+02:00\"},{\"@type\":\"WebSite\",\"@id\":\"https:\\\/\\\/zastalowcy.pl\\\/#website\",\"url\":\"https:\\\/\\\/zastalowcy.pl\\\/\",\"description\":\"O Zastalu od kibic\\u00f3w \\u2013 dla kibic\\u00f3w\",\"inLanguage\":\"pl-PL\",\"publisher\":{\"@id\":\"https:\\\/\\\/zastalowcy.pl\\\/#organization\"}}]}\n\t\t<\/script>\n\t\t<!-- All in One SEO -->\n\n","aioseo_head_json":{"title":"Mazurczak i Majewski w szerokiej kadrze reprezentacji Polski -","description":"Selekcjoner reprezentacji Polski Igor Milici\u0107 og\u0142osi\u0142 szeroki sk\u0142ad na sierpniowe zgrupowanie przed kolejnymi meczami kwalifikacji do mistrzostw \u015bwiata. W gronie 33 powo\u0142anych koszykarzy znalaz\u0142o si\u0119 a\u017c trzech zawodnik\u00f3w zwi\u0105zanych z Zastalem Zielona G\u00f3ra \u2013 Andrzej Mazurczak, Mi\u0142osz Majewski oraz Jakub Szumert, kt\u00f3ry od nowego sezonu b\u0119dzie wyst\u0119powa\u0142 w NCAA. Bia\u0142o-czerwonych czeka niezwykle wa\u017cny etap walki","canonical_url":"https:\/\/zastalowcy.pl\/?p=1298","robots":"max-image-preview:large","keywords":"","webmasterTools":{"miscellaneous":""},"schema":{"@context":"https:\/\/schema.org","@graph":[{"@type":"BlogPosting","@id":"https:\/\/zastalowcy.pl\/?p=1298#blogposting","name":"Mazurczak i Majewski w szerokiej kadrze reprezentacji Polski -","headline":"Mazurczak i Majewski w szerokiej kadrze reprezentacji Polski","author":{"@id":"https:\/\/zastalowcy.pl\/?author=3#author"},"publisher":{"@id":"https:\/\/zastalowcy.pl\/#organization"},"image":{"@type":"ImageObject","url":"https:\/\/zastalowcy.pl\/wp-content\/uploads\/2026\/07\/profilowe-18.png","width":2048,"height":2048},"datePublished":"2026-07-25T10:11:06+02:00","dateModified":"2026-07-27T10:25:59+02:00","inLanguage":"pl-PL","commentCount":1,"mainEntityOfPage":{"@id":"https:\/\/zastalowcy.pl\/?p=1298#webpage"},"isPartOf":{"@id":"https:\/\/zastalowcy.pl\/?p=1298#webpage"},"articleSection":"Aktualno\u015bci, andrzej mazurczak, andy mazurczak, basketzg, dru\u017cyna, jakub szumert, koszyk\u00f3wka, majewski mi\u0142osz, mi\u0142osz majewski, reprezentacja polski, reprezentacja polski w koszyk\u00f3wce, zastal, zastal zielona g\u00f3ra, zastalowcy, zielona g\u00f3ra, zielonagora, zielonog\u00f3rska koszyk\u00f3wka"},{"@type":"BreadcrumbList","@id":"https:\/\/zastalowcy.pl\/?p=1298#breadcrumblist","itemListElement":[{"@type":"ListItem","@id":"https:\/\/zastalowcy.pl#listItem","position":1,"name":"Home","item":"https:\/\/zastalowcy.pl","nextItem":{"@type":"ListItem","@id":"https:\/\/zastalowcy.pl\/?cat=18#listItem","name":"Aktualno\u015bci"}},{"@type":"ListItem","@id":"https:\/\/zastalowcy.pl\/?cat=18#listItem","position":2,"name":"Aktualno\u015bci","item":"https:\/\/zastalowcy.pl\/?cat=18","nextItem":{"@type":"ListItem","@id":"https:\/\/zastalowcy.pl\/?p=1298#listItem","name":"Mazurczak i Majewski w szerokiej kadrze reprezentacji Polski"},"previousItem":{"@type":"ListItem","@id":"https:\/\/zastalowcy.pl#listItem","name":"Home"}},{"@type":"ListItem","@id":"https:\/\/zastalowcy.pl\/?p=1298#listItem","position":3,"name":"Mazurczak i Majewski w szerokiej kadrze reprezentacji Polski","previousItem":{"@type":"ListItem","@id":"https:\/\/zastalowcy.pl\/?cat=18#listItem","name":"Aktualno\u015bci"}}]},{"@type":"Organization","@id":"https:\/\/zastalowcy.pl\/#organization","description":"O Zastalu od kibic\u00f3w \u2013 dla kibic\u00f3w","url":"https:\/\/zastalowcy.pl\/","logo":{"@type":"ImageObject","url":"https:\/\/zastalowcy.pl\/wp-content\/uploads\/2025\/09\/cropped-logo-strony-2.png","@id":"https:\/\/zastalowcy.pl\/?p=1298\/#organizationLogo","width":1862,"height":384},"image":{"@id":"https:\/\/zastalowcy.pl\/?p=1298\/#organizationLogo"}},{"@type":"Person","@id":"https:\/\/zastalowcy.pl\/?author=3#author","url":"https:\/\/zastalowcy.pl\/?author=3","name":"Joanna Nawlicka","image":{"@type":"ImageObject","@id":"https:\/\/zastalowcy.pl\/?p=1298#authorImage","url":"https:\/\/secure.gravatar.com\/avatar\/66fc557d97536ff5096b6295970275631b7a4673997738477642001957f5274c?s=96&d=mm&r=g","width":96,"height":96,"caption":"Joanna Nawlicka"}},{"@type":"WebPage","@id":"https:\/\/zastalowcy.pl\/?p=1298#webpage","url":"https:\/\/zastalowcy.pl\/?p=1298","name":"Mazurczak i Majewski w szerokiej kadrze reprezentacji Polski -","description":"Selekcjoner reprezentacji Polski Igor Milici\u0107 og\u0142osi\u0142 szeroki sk\u0142ad na sierpniowe zgrupowanie przed kolejnymi meczami kwalifikacji do mistrzostw \u015bwiata. W gronie 33 powo\u0142anych koszykarzy znalaz\u0142o si\u0119 a\u017c trzech zawodnik\u00f3w zwi\u0105zanych z Zastalem Zielona G\u00f3ra \u2013 Andrzej Mazurczak, Mi\u0142osz Majewski oraz Jakub Szumert, kt\u00f3ry od nowego sezonu b\u0119dzie wyst\u0119powa\u0142 w NCAA. Bia\u0142o-czerwonych czeka niezwykle wa\u017cny etap walki","inLanguage":"pl-PL","isPartOf":{"@id":"https:\/\/zastalowcy.pl\/#website"},"breadcrumb":{"@id":"https:\/\/zastalowcy.pl\/?p=1298#breadcrumblist"},"author":{"@id":"https:\/\/zastalowcy.pl\/?author=3#author"},"creator":{"@id":"https:\/\/zastalowcy.pl\/?author=3#author"},"image":{"@type":"ImageObject","url":"https:\/\/zastalowcy.pl\/wp-content\/uploads\/2026\/07\/profilowe-18.png","@id":"https:\/\/zastalowcy.pl\/?p=1298\/#mainImage","width":2048,"height":2048},"primaryImageOfPage":{"@id":"https:\/\/zastalowcy.pl\/?p=1298#mainImage"},"datePublished":"2026-07-25T10:11:06+02:00","dateModified":"2026-07-27T10:25:59+02:00"},{"@type":"WebSite","@id":"https:\/\/zastalowcy.pl\/#website","url":"https:\/\/zastalowcy.pl\/","description":"O Zastalu od kibic\u00f3w \u2013 dla kibic\u00f3w","inLanguage":"pl-PL","publisher":{"@id":"https:\/\/zastalowcy.pl\/#organization"}}]},"og:locale":"pl_PL","og:site_name":"- O Zastalu od kibic\u00f3w \u2013 dla kibic\u00f3w","og:type":"article","og:title":"Mazurczak i Majewski w szerokiej kadrze reprezentacji Polski -","og:description":"Selekcjoner reprezentacji Polski Igor Milici\u0107 og\u0142osi\u0142 szeroki sk\u0142ad na sierpniowe zgrupowanie przed kolejnymi meczami kwalifikacji do mistrzostw \u015bwiata. W gronie 33 powo\u0142anych koszykarzy znalaz\u0142o si\u0119 a\u017c trzech zawodnik\u00f3w zwi\u0105zanych z Zastalem Zielona G\u00f3ra \u2013 Andrzej Mazurczak, Mi\u0142osz Majewski oraz Jakub Szumert, kt\u00f3ry od nowego sezonu b\u0119dzie wyst\u0119powa\u0142 w NCAA. Bia\u0142o-czerwonych czeka niezwykle wa\u017cny etap walki","og:url":"https:\/\/zastalowcy.pl\/?p=1298","og:image":"https:\/\/zastalowcy.pl\/wp-content\/uploads\/2025\/09\/cropped-logo-strony-2.png","og:image:secure_url":"https:\/\/zastalowcy.pl\/wp-content\/uploads\/2025\/09\/cropped-logo-strony-2.png","og:image:width":1862,"og:image:height":384,"article:published_time":"2026-07-25T08:11:06+00:00","article:modified_time":"2026-07-27T08:25:59+00:00","twitter:card":"summary_large_image","twitter:title":"Mazurczak i Majewski w szerokiej kadrze reprezentacji Polski -","twitter:description":"Selekcjoner reprezentacji Polski Igor Milici\u0107 og\u0142osi\u0142 szeroki sk\u0142ad na sierpniowe zgrupowanie przed kolejnymi meczami kwalifikacji do mistrzostw \u015bwiata. W gronie 33 powo\u0142anych koszykarzy znalaz\u0142o si\u0119 a\u017c trzech zawodnik\u00f3w zwi\u0105zanych z Zastalem Zielona G\u00f3ra \u2013 Andrzej Mazurczak, Mi\u0142osz Majewski oraz Jakub Szumert, kt\u00f3ry od nowego sezonu b\u0119dzie wyst\u0119powa\u0142 w NCAA. Bia\u0142o-czerwonych czeka niezwykle wa\u017cny etap walki","twitter:image":"https:\/\/zastalowcy.pl\/wp-content\/uploads\/2025\/09\/cropped-logo-strony-2.png"},"aioseo_meta_data":{"post_id":"1298","title":null,"description":null,"keywords":null,"keyphrases":{"focus":{"keyphrase":"","score":0,"analysis":{"keyphraseInTitle":{"score":0,"maxScore":9,"error":1}}},"additional":[]},"primary_term":null,"canonical_url":null,"og_title":null,"og_description":null,"og_object_type":"default","og_image_type":"default","og_image_custom_url":null,"og_image_custom_fields":null,"og_image_url":null,"og_image_width":null,"og_image_height":null,"og_video":"","og_custom_url":null,"og_article_section":null,"og_article_tags":null,"twitter_use_og":false,"twitter_card":"default","twitter_image_type":"default","twitter_image_custom_url":null,"twitter_image_custom_fields":null,"twitter_image_url":null,"twitter_title":null,"twitter_description":null,"schema_type":"default","schema_type_options":null,"schema":{"blockGraphs":[],"customGraphs":[],"default":{"data":{"Article":[],"Course":[],"Dataset":[],"FAQPage":[],"Movie":[],"Person":[],"Product":[],"ProductReview":[],"Car":[],"Recipe":[],"Service":[],"SoftwareApplication":[],"WebPage":[]},"graphName":"BlogPosting","isEnabled":true},"graphs":[]},"pillar_content":false,"robots_default":true,"robots_noindex":false,"robots_noarchive":false,"robots_nosnippet":false,"robots_nofollow":false,"robots_noimageindex":false,"robots_noodp":false,"robots_notranslate":false,"robots_max_snippet":"-1","robots_max_videopreview":"-1","robots_max_imagepreview":"large","priority":null,"frequency":"default","local_seo":null,"limit_modified_date":false,"ai":{"faqs":[],"keyPoints":[],"schemas":[],"titles":[],"descriptions":[],"socialPosts":{"email":{"subject":"","preview":"","content":""},"linkedin":[],"twitter":[],"facebook":[],"instagram":[]}},"breadcrumb_settings":null,"seo_analyzer_scan_date":null,"created":"2026-07-27 08:25:59","updated":"2026-07-27 10:11:21","focus_keyword":null,"additional_keywords":null,"truseo_locale":null},"aioseo_breadcrumb":"<div class=\"aioseo-breadcrumbs\"><span class=\"aioseo-breadcrumb\">\n\t\t\t<a href=\"https:\/\/zastalowcy.pl\" title=\"Home\">Home<\/a>\n\t\t<\/span><span class=\"aioseo-breadcrumb-separator\">&raquo;<\/span><span class=\"aioseo-breadcrumb\">\n\t\t\t<a href=\"https:\/\/zastalowcy.pl\/?cat=18\" title=\"Aktualno\u015bci\">Aktualno\u015bci<\/a>\n\t\t<\/span><span class=\"aioseo-breadcrumb-separator\">&raquo;<\/span><span class=\"aioseo-breadcrumb\">\n\t\t\tMazurczak i Majewski w szerokiej kadrze reprezentacji Polski\n\t\t<\/span><\/div>","aioseo_breadcrumb_json":[{"label":"Home","link":"https:\/\/zastalowcy.pl"},{"label":"Aktualno\u015bci","link":"https:\/\/zastalowcy.pl\/?cat=18"},{"label":"Mazurczak i Majewski w szerokiej kadrze reprezentacji Polski","link":"https:\/\/zastalowcy.pl\/?p=1298"}],"_links":{"self":[{"href":"https:\/\/zastalowcy.pl\/index.php?rest_route=\/wp\/v2\/posts\/1298","targetHints":{"allow":["GET"]}}],"collection":[{"href":"https:\/\/zastalowcy.pl\/index.php?rest_route=\/wp\/v2\/posts"}],"about":[{"href":"https:\/\/zastalowcy.pl\/index.php?rest_route=\/wp\/v2\/types\/post"}],"author":[{"embeddable":true,"href":"https:\/\/zastalowcy.pl\/index.php?rest_route=\/wp\/v2\/users\/3"}],"replies":[{"embeddable":true,"href":"https:\/\/zastalowcy.pl\/index.php?rest_route=%2Fwp%2Fv2%2Fcomments&post=1298"}],"version-history":[{"count":1,"href":"https:\/\/zastalowcy.pl\/index.php?rest_route=\/wp\/v2\/posts\/1298\/revisions"}],"predecessor-version":[{"id":1300,"href":"https:\/\/zastalowcy.pl\/index.php?rest_route=\/wp\/v2\/posts\/1298\/revisions\/1300"}],"wp:featuredmedia":[{"embeddable":true,"href":"https:\/\/zastalowcy.pl\/index.php?rest_route=\/wp\/v2\/media\/1299"}],"wp:attachment":[{"href":"https:\/\/zastalowcy.pl\/index.php?rest_route=%2Fwp%2Fv2%2Fmedia&parent=1298"}],"wp:term":[{"taxonomy":"category","embeddable":true,"href":"https:\/\/zastalowcy.pl\/index.php?rest_route=%2Fwp%2Fv2%2Fcategories&post=1298"},{"taxonomy":"post_tag","embeddable":true,"href":"https:\/\/zastalowcy.pl\/index.php?rest_route=%2Fwp%2Fv2%2Ftags&post=1298"}],"curies":[{"name":"wp","href":"https:\/\/api.w.org\/{rel}","templated":true}]}}