{"id":1301,"date":"2026-07-27T10:47:13","date_gmt":"2026-07-27T08:47:13","guid":{"rendered":"https:\/\/zastalowcy.pl\/?p=1301"},"modified":"2026-07-27T12:59:33","modified_gmt":"2026-07-27T10:59:33","slug":"zastal-buduje-sklad-na-nowy-sezon-ci-zawodnicy-sa-juz-pewni-gry","status":"publish","type":"post","link":"https:\/\/zastalowcy.pl\/?p=1301","title":{"rendered":"Zastal buduje sk\u0142ad na nowy sezon. Ci zawodnicy s\u0105 ju\u017c pewni gry"},"content":{"rendered":"\n<p class=\"wp-block-paragraph\">Zastal Zielona G\u00f3ra ma ju\u017c za sob\u0105 sporo letnich og\u0142osze\u0144 transferowych. Klub skompletowa\u0142 trzon zespo\u0142u, kt\u00f3ry w sezonie 2026\/2027 b\u0119dzie rywalizowa\u0142 zar\u00f3wno w <a href=\"https:\/\/zastalowcy.pl\/?p=1235\" title=\"\">Polskiej Lidze Koszyk\u00f3wki<\/a>, jak i <a href=\"https:\/\/zastalowcy.pl\/?p=1228\" title=\"\">FIBA Europe Cup<\/a>. Cho\u0107 do zamkni\u0119cia kadry pozosta\u0142o jeszcze kilka ruch\u00f3w, kibice mog\u0105 ju\u017c zobaczy\u0107, jak wygl\u0105da dru\u017cyna budowana przez trenera Arkadiusza Mi\u0142oszewskiego.<\/p>\n\n\n\n<h3 class=\"wp-block-heading\">Na razie dw\u00f3ch rozgrywaj\u0105cych<\/h3>\n\n\n\n<p class=\"wp-block-paragraph\">Za prowadzenie gry ponownie odpowiada\u0107 b\u0119dzie kapitan zespo\u0142u Andrzej Mazurczak, kt\u00f3ry po znakomitym poprzednim sezonie pozostaje jednym z lider\u00f3w zielonog\u00f3rskiej dru\u017cyny.<\/p>\n\n\n\n<p class=\"wp-block-paragraph\">Jego zmiennikiem i jednocze\u015bnie zawodnikiem, kt\u00f3ry ma rozwija\u0107 si\u0119 pod okiem sztabu szkoleniowego, b\u0119dzie <a href=\"https:\/\/zastalowcy.pl\/?p=1277\" title=\"\">Jakub Galewski<\/a>. 19-letni reprezentant Polski U20 podpisa\u0142 kontrakt obowi\u0105zuj\u0105cy do ko\u0144ca sezonu 2028\/2029 i uchodzi za jednego z najbardziej utalentowanych rozgrywaj\u0105cych m\u0142odego pokolenia.<\/p>\n\n\n\n<h3 class=\"wp-block-heading\">Znane twarze i nowe nazwiska na obwodzie<\/h3>\n\n\n\n<p class=\"wp-block-paragraph\">Na pozycji rzucaj\u0105cego obro\u0144cy kibice ponownie zobacz\u0105 Filipa Matczaka, jednego z najbardziej do\u015bwiadczonych polskich zawodnik\u00f3w w zespole. Do\u0142\u0105czy do niego po raz kolejny Conley Garrison, kt\u00f3ry po rewelacyjnym sezonie w Zielonej G\u00f3rze zdecydowa\u0142 si\u0119 przed\u0142u\u017cy\u0107 kontrakt z Zastalem.<\/p>\n\n\n\n<p class=\"wp-block-paragraph\">Na skrzyd\u0142ach trener Arkadiusz Mi\u0142oszewski b\u0119dzie mia\u0142 do dyspozycji Mi\u0142osza Majewskiego oraz <a href=\"https:\/\/zastalowcy.pl\/?p=1232\" title=\"\">Trazariena White&#8217;a<\/a>. Dla tego drugiego b\u0119dzie to pierwszy sezon w europejskiej koszyk\u00f3wce. Amerykanin trafi\u0142 do Zielonej G\u00f3ry po wyst\u0119pach w NCAA, a obecnie imponuje form\u0105 w australijskiej lidze NBL1 South.<\/p>\n\n\n\n<figure class=\"wp-block-image aligncenter size-large\"><img loading=\"lazy\" decoding=\"async\" width=\"1024\" height=\"683\" src=\"https:\/\/zastalowcy.pl\/wp-content\/uploads\/2026\/07\/IMG_5553-1024x683.jpg\" alt=\"\" class=\"wp-image-1303\" srcset=\"https:\/\/zastalowcy.pl\/wp-content\/uploads\/2026\/07\/IMG_5553-1024x683.jpg 1024w, https:\/\/zastalowcy.pl\/wp-content\/uploads\/2026\/07\/IMG_5553-300x200.jpg 300w, https:\/\/zastalowcy.pl\/wp-content\/uploads\/2026\/07\/IMG_5553-768x512.jpg 768w, https:\/\/zastalowcy.pl\/wp-content\/uploads\/2026\/07\/IMG_5553-1536x1024.jpg 1536w, https:\/\/zastalowcy.pl\/wp-content\/uploads\/2026\/07\/IMG_5553-2048x1365.jpg 2048w\" sizes=\"auto, (max-width: 1024px) 100vw, 1024px\" \/><figcaption class=\"wp-element-caption\">fot. Joanna Nawlicka<\/figcaption><\/figure>\n\n\n\n<h3 class=\"wp-block-heading\">Solidna si\u0142a pod koszem<\/h3>\n\n\n\n<p class=\"wp-block-paragraph\">Najwi\u0119ksze zmiany wida\u0107 pod koszem. Do Zielonej G\u00f3ry wr\u00f3ci\u0142 <a href=\"https:\/\/zastalowcy.pl\/?p=1263\" title=\"\">Jan W\u00f3jcik<\/a>, kt\u00f3ry po kilku sezonach ponownie za\u0142o\u017cy koszulk\u0119 Zastalu. W poprzednich rozgrywkach reprezentowa\u0142 Miasto Szk\u0142a Krosno, gdzie zdobywa\u0142 \u015brednio 6,1 pkt na mecz.<\/p>\n\n\n\n<p class=\"wp-block-paragraph\">Nowym zawodnikiem zosta\u0142 r\u00f3wnie\u017c <a href=\"https:\/\/zastalowcy.pl\/?p=1283\" title=\"\">Toyaz &#8222;Tay&#8221; Solomon<\/a>. Amerykanin rozpocznie w Zielonej G\u00f3rze swoj\u0105 zawodow\u0105 karier\u0119 w Europie i ma wnie\u015b\u0107 do dru\u017cyny przede wszystkim atletyzm, energi\u0119 oraz dobr\u0105 gr\u0119 w defensywie.<\/p>\n\n\n\n<p class=\"wp-block-paragraph\">W sk\u0142adzie zobaczymy tak\u017ce <a href=\"https:\/\/zastalowcy.pl\/?p=1218\" title=\"\">Veljko Brki\u0107a<\/a>, kt\u00f3ry wraca do Zastalu po sezonie przerwy. Zielonog\u00f3rscy kibice z pewno\u015bci\u0105 zapami\u0119tali go z dobrej strony. W rozgrywkach 2024\/25 zdobywa\u0142 dla bia\u0142o-zielonych \u015brednio 11,6 pkt na mecz.<\/p>\n\n\n\n<p class=\"wp-block-paragraph\">Rotacj\u0119 pod koszem uzupe\u0142ni do\u015bwiadczony Krzysztof Sulima, kt\u00f3ry dalej ma wa\u017cny kontrakt z zielonog\u00f3rskim klubem.<\/p>\n\n\n\n<figure class=\"wp-block-image aligncenter size-large\"><img loading=\"lazy\" decoding=\"async\" width=\"1024\" height=\"683\" src=\"https:\/\/zastalowcy.pl\/wp-content\/uploads\/2026\/07\/IMG_5492-1024x683.jpg\" alt=\"\" class=\"wp-image-1304\" srcset=\"https:\/\/zastalowcy.pl\/wp-content\/uploads\/2026\/07\/IMG_5492-1024x683.jpg 1024w, https:\/\/zastalowcy.pl\/wp-content\/uploads\/2026\/07\/IMG_5492-300x200.jpg 300w, https:\/\/zastalowcy.pl\/wp-content\/uploads\/2026\/07\/IMG_5492-768x512.jpg 768w, https:\/\/zastalowcy.pl\/wp-content\/uploads\/2026\/07\/IMG_5492-1536x1024.jpg 1536w, https:\/\/zastalowcy.pl\/wp-content\/uploads\/2026\/07\/IMG_5492-2048x1365.jpg 2048w\" sizes=\"auto, (max-width: 1024px) 100vw, 1024px\" \/><figcaption class=\"wp-element-caption\">fot. Joanna Nawlicka<\/figcaption><\/figure>\n\n\n\n<h3 class=\"wp-block-heading\">Zmiany r\u00f3wnie\u017c na \u0142awce trenerskiej<\/h3>\n\n\n\n<p class=\"wp-block-paragraph\">Za wyniki zespo\u0142u nadal odpowiada\u0107 b\u0119dzie Arkadiusz Mi\u0142oszewski, kt\u00f3ry poprowadzi Zastal ju\u017c w kolejnym sezonie. W sztabie szkoleniowym dosz\u0142o jednak do zmiany na stanowisku asystenta. Po odej\u015bciu Kendalla Chonesa funkcj\u0119 t\u0119 obj\u0105\u0142 <a href=\"https:\/\/zastalowcy.pl\/?p=1272\" title=\"\">Kacper Traczyk<\/a>, kt\u00f3ry w poprzednich rozgrywkach by\u0142 blisko dru\u017cyny i uczestniczy\u0142 mi\u0119dzy innymi w treningach pierwszego zespo\u0142u.<\/p>\n\n\n\n<h3 class=\"wp-block-heading\">To jeszcze nie koniec<\/h3>\n\n\n\n<p class=\"wp-block-paragraph\">Obecnie kadra Zastalu liczy dziesi\u0119ciu zawodnik\u00f3w, dlatego wszystko wskazuje na to, \u017ce przed startem sezonu klub og\u0142osi jeszcze kolejne transfery!<\/p>\n\n\n\n<p class=\"wp-block-paragraph\">Cho\u0107 do rozpocz\u0119cia sezonu pozosta\u0142o jeszcze troch\u0119 czasu, coraz wyra\u017aniej wida\u0107 kierunek, w jakim pod\u0105\u017ca Zastal. Dru\u017cyna \u0142\u0105czy do\u015bwiadczenie z m\u0142odo\u015bci\u0105, a obok zawodnik\u00f3w dobrze znanych zielonog\u00f3rskim kibicom pojawili si\u0119 koszykarze, kt\u00f3rzy dopiero rozpoczynaj\u0105 swoj\u0105 europejsk\u0105 przygod\u0119.<\/p>\n\n\n\n<p class=\"wp-block-paragraph\">Podobnie by\u0142o przed poprzednimi rozgrywkami, gdy do zespo\u0142u do\u0142\u0105czy\u0142 m.in. Jayvon Maughmer (pierwszy sezon w Europie) czy gdy trener Mi\u0142oszewski postawi\u0142 na m\u0142odych polskich graczy (Jakub Szumert, Mi\u0142osz Majewski), a w dru\u017cynie byli obecni bardziej do\u015bwiadczeni zawodnicy (Andy Mazurczak, Filip Matczak, Krzysztof Sulima).<\/p>\n\n\n\n<p class=\"wp-block-paragraph\">\ud83c\udfc0 Zastalowcy.pl \u2013 o Zastalu od kibic\u00f3w \u2013 dla kibic\u00f3w<\/p>\n","protected":false},"excerpt":{"rendered":"<p>Zastal Zielona G\u00f3ra ma ju\u017c za sob\u0105 sporo letnich og\u0142osze\u0144 transferowych. Klub skompletowa\u0142 trzon zespo\u0142u, kt\u00f3ry w sezonie<\/p>\n","protected":false},"author":3,"featured_media":1302,"comment_status":"open","ping_status":"open","sticky":false,"template":"","format":"standard","meta":{"om_disable_all_campaigns":false,"footnotes":""},"categories":[18,7,367],"tags":[126,17,122,26,374,90,396,389,15,83,297,129,402,379,368,12,14,42,11,10,16],"class_list":["post-1301","post","type-post","status-publish","format-standard","has-post-thumbnail","hentry","category-aktualnosci","category-felietony","category-sezon-2026-2027","tag-andrzej-mazurczak","tag-basketzg","tag-conley-garrison","tag-druzyna","tag-fiba-europe-cup","tag-filip-matczak","tag-jakub-galewski","tag-jan-wojcik","tag-koszykowka","tag-krzysztof-sulima","tag-milosz-majewski","tag-plkpl","tag-toyaz-solomon","tag-trazarien-white","tag-veljko-brkic","tag-zastal","tag-zastal-zielona-gora","tag-zastalowcy","tag-zielona-gora","tag-zielonagora","tag-zielonogorska-koszykowka"],"aioseo_notices":[],"aioseo_head":"\n\t\t<!-- All in One SEO 5.0.0.1 - aioseo.com -->\n\t<meta name=\"description\" content=\"Zastal Zielona G\u00f3ra ma ju\u017c za sob\u0105 sporo letnich og\u0142osze\u0144 transferowych. Klub skompletowa\u0142 trzon zespo\u0142u, kt\u00f3ry w sezonie 2026\/2027 b\u0119dzie rywalizowa\u0142 zar\u00f3wno w Polskiej Lidze Koszyk\u00f3wki, jak i FIBA Europe Cup. Cho\u0107 do zamkni\u0119cia kadry pozosta\u0142o jeszcze kilka ruch\u00f3w, kibice mog\u0105 ju\u017c zobaczy\u0107, jak wygl\u0105da dru\u017cyna budowana przez trenera Arkadiusza Mi\u0142oszewskiego. Na razie dw\u00f3ch rozgrywaj\u0105cych\" \/>\n\t<meta name=\"robots\" content=\"max-image-preview:large\" \/>\n\t<meta name=\"author\" content=\"Joanna Nawlicka\"\/>\n\t<link rel=\"canonical\" href=\"https:\/\/zastalowcy.pl\/?p=1301\" \/>\n\t<meta name=\"generator\" content=\"All in One SEO (AIOSEO) 5.0.0.1\" \/>\n\t\t<meta property=\"og:locale\" content=\"pl_PL\" \/>\n\t\t<meta property=\"og:site_name\" content=\"- O Zastalu od kibic\u00f3w \u2013 dla kibic\u00f3w\" \/>\n\t\t<meta property=\"og:type\" content=\"article\" \/>\n\t\t<meta property=\"og:title\" content=\"Zastal buduje sk\u0142ad na nowy sezon. Ci zawodnicy s\u0105 ju\u017c pewni gry -\" \/>\n\t\t<meta property=\"og:description\" content=\"Zastal Zielona G\u00f3ra ma ju\u017c za sob\u0105 sporo letnich og\u0142osze\u0144 transferowych. Klub skompletowa\u0142 trzon zespo\u0142u, kt\u00f3ry w sezonie 2026\/2027 b\u0119dzie rywalizowa\u0142 zar\u00f3wno w Polskiej Lidze Koszyk\u00f3wki, jak i FIBA Europe Cup. Cho\u0107 do zamkni\u0119cia kadry pozosta\u0142o jeszcze kilka ruch\u00f3w, kibice mog\u0105 ju\u017c zobaczy\u0107, jak wygl\u0105da dru\u017cyna budowana przez trenera Arkadiusza Mi\u0142oszewskiego. Na razie dw\u00f3ch rozgrywaj\u0105cych\" \/>\n\t\t<meta property=\"og:url\" content=\"https:\/\/zastalowcy.pl\/?p=1301\" \/>\n\t\t<meta property=\"og:image\" content=\"https:\/\/zastalowcy.pl\/wp-content\/uploads\/2025\/09\/cropped-logo-strony-2.png\" \/>\n\t\t<meta property=\"og:image:secure_url\" content=\"https:\/\/zastalowcy.pl\/wp-content\/uploads\/2025\/09\/cropped-logo-strony-2.png\" \/>\n\t\t<meta property=\"og:image:width\" content=\"1862\" \/>\n\t\t<meta property=\"og:image:height\" content=\"384\" \/>\n\t\t<meta property=\"article:published_time\" content=\"2026-07-27T08:47:13+00:00\" \/>\n\t\t<meta property=\"article:modified_time\" content=\"2026-07-27T10:59:33+00:00\" \/>\n\t\t<meta name=\"twitter:card\" content=\"summary_large_image\" \/>\n\t\t<meta name=\"twitter:title\" content=\"Zastal buduje sk\u0142ad na nowy sezon. Ci zawodnicy s\u0105 ju\u017c pewni gry -\" \/>\n\t\t<meta name=\"twitter:description\" content=\"Zastal Zielona G\u00f3ra ma ju\u017c za sob\u0105 sporo letnich og\u0142osze\u0144 transferowych. Klub skompletowa\u0142 trzon zespo\u0142u, kt\u00f3ry w sezonie 2026\/2027 b\u0119dzie rywalizowa\u0142 zar\u00f3wno w Polskiej Lidze Koszyk\u00f3wki, jak i FIBA Europe Cup. Cho\u0107 do zamkni\u0119cia kadry pozosta\u0142o jeszcze kilka ruch\u00f3w, kibice mog\u0105 ju\u017c zobaczy\u0107, jak wygl\u0105da dru\u017cyna budowana przez trenera Arkadiusza Mi\u0142oszewskiego. Na razie dw\u00f3ch rozgrywaj\u0105cych\" \/>\n\t\t<meta name=\"twitter:image\" content=\"https:\/\/zastalowcy.pl\/wp-content\/uploads\/2025\/09\/cropped-logo-strony-2.png\" \/>\n\t\t<script type=\"application\/ld+json\" class=\"aioseo-schema\">\n\t\t\t{\"@context\":\"https:\\\/\\\/schema.org\",\"@graph\":[{\"@type\":\"BlogPosting\",\"@id\":\"https:\\\/\\\/zastalowcy.pl\\\/?p=1301#blogposting\",\"name\":\"Zastal buduje sk\\u0142ad na nowy sezon. Ci zawodnicy s\\u0105 ju\\u017c pewni gry -\",\"headline\":\"Zastal buduje sk\\u0142ad na nowy sezon. Ci zawodnicy s\\u0105 ju\\u017c pewni gry\",\"author\":{\"@id\":\"https:\\\/\\\/zastalowcy.pl\\\/?author=3#author\"},\"publisher\":{\"@id\":\"https:\\\/\\\/zastalowcy.pl\\\/#organization\"},\"image\":{\"@type\":\"ImageObject\",\"url\":\"https:\\\/\\\/zastalowcy.pl\\\/wp-content\\\/uploads\\\/2026\\\/07\\\/profilowe-19.png\",\"width\":2048,\"height\":2048},\"datePublished\":\"2026-07-27T10:47:13+02:00\",\"dateModified\":\"2026-07-27T12:59:33+02:00\",\"inLanguage\":\"pl-PL\",\"commentCount\":2,\"mainEntityOfPage\":{\"@id\":\"https:\\\/\\\/zastalowcy.pl\\\/?p=1301#webpage\"},\"isPartOf\":{\"@id\":\"https:\\\/\\\/zastalowcy.pl\\\/?p=1301#webpage\"},\"articleSection\":\"Aktualno\\u015bci, Felietony, Sezon 2026\\\/2027, andrzej mazurczak, basketzg, Conley Garrison, dru\\u017cyna, fiba europe cup, filip matczak, jakub galewski, jan w\\u00f3jcik, koszyk\\u00f3wka, krzysztof sulima, mi\\u0142osz majewski, plkpl, Toyaz solomon, trazarien white, veljko brki\\u0107, zastal, zastal zielona g\\u00f3ra, zastalowcy, zielona g\\u00f3ra, zielonagora, zielonog\\u00f3rska koszyk\\u00f3wka\"},{\"@type\":\"BreadcrumbList\",\"@id\":\"https:\\\/\\\/zastalowcy.pl\\\/?p=1301#breadcrumblist\",\"itemListElement\":[{\"@type\":\"ListItem\",\"@id\":\"https:\\\/\\\/zastalowcy.pl#listItem\",\"position\":1,\"name\":\"Home\",\"item\":\"https:\\\/\\\/zastalowcy.pl\",\"nextItem\":{\"@type\":\"ListItem\",\"@id\":\"https:\\\/\\\/zastalowcy.pl\\\/?cat=7#listItem\",\"name\":\"Felietony\"}},{\"@type\":\"ListItem\",\"@id\":\"https:\\\/\\\/zastalowcy.pl\\\/?cat=7#listItem\",\"position\":2,\"name\":\"Felietony\",\"item\":\"https:\\\/\\\/zastalowcy.pl\\\/?cat=7\",\"nextItem\":{\"@type\":\"ListItem\",\"@id\":\"https:\\\/\\\/zastalowcy.pl\\\/?p=1301#listItem\",\"name\":\"Zastal buduje sk\\u0142ad na nowy sezon. Ci zawodnicy s\\u0105 ju\\u017c pewni gry\"},\"previousItem\":{\"@type\":\"ListItem\",\"@id\":\"https:\\\/\\\/zastalowcy.pl#listItem\",\"name\":\"Home\"}},{\"@type\":\"ListItem\",\"@id\":\"https:\\\/\\\/zastalowcy.pl\\\/?p=1301#listItem\",\"position\":3,\"name\":\"Zastal buduje sk\\u0142ad na nowy sezon. Ci zawodnicy s\\u0105 ju\\u017c pewni gry\",\"previousItem\":{\"@type\":\"ListItem\",\"@id\":\"https:\\\/\\\/zastalowcy.pl\\\/?cat=7#listItem\",\"name\":\"Felietony\"}}]},{\"@type\":\"Organization\",\"@id\":\"https:\\\/\\\/zastalowcy.pl\\\/#organization\",\"description\":\"O Zastalu od kibic\\u00f3w \\u2013 dla kibic\\u00f3w\",\"url\":\"https:\\\/\\\/zastalowcy.pl\\\/\",\"logo\":{\"@type\":\"ImageObject\",\"url\":\"https:\\\/\\\/zastalowcy.pl\\\/wp-content\\\/uploads\\\/2025\\\/09\\\/cropped-logo-strony-2.png\",\"@id\":\"https:\\\/\\\/zastalowcy.pl\\\/?p=1301\\\/#organizationLogo\",\"width\":1862,\"height\":384},\"image\":{\"@id\":\"https:\\\/\\\/zastalowcy.pl\\\/?p=1301\\\/#organizationLogo\"}},{\"@type\":\"Person\",\"@id\":\"https:\\\/\\\/zastalowcy.pl\\\/?author=3#author\",\"url\":\"https:\\\/\\\/zastalowcy.pl\\\/?author=3\",\"name\":\"Joanna Nawlicka\",\"image\":{\"@type\":\"ImageObject\",\"@id\":\"https:\\\/\\\/zastalowcy.pl\\\/?p=1301#authorImage\",\"url\":\"https:\\\/\\\/secure.gravatar.com\\\/avatar\\\/66fc557d97536ff5096b6295970275631b7a4673997738477642001957f5274c?s=96&d=mm&r=g\",\"width\":96,\"height\":96,\"caption\":\"Joanna Nawlicka\"}},{\"@type\":\"WebPage\",\"@id\":\"https:\\\/\\\/zastalowcy.pl\\\/?p=1301#webpage\",\"url\":\"https:\\\/\\\/zastalowcy.pl\\\/?p=1301\",\"name\":\"Zastal buduje sk\\u0142ad na nowy sezon. Ci zawodnicy s\\u0105 ju\\u017c pewni gry -\",\"description\":\"Zastal Zielona G\\u00f3ra ma ju\\u017c za sob\\u0105 sporo letnich og\\u0142osze\\u0144 transferowych. Klub skompletowa\\u0142 trzon zespo\\u0142u, kt\\u00f3ry w sezonie 2026\\\/2027 b\\u0119dzie rywalizowa\\u0142 zar\\u00f3wno w Polskiej Lidze Koszyk\\u00f3wki, jak i FIBA Europe Cup. Cho\\u0107 do zamkni\\u0119cia kadry pozosta\\u0142o jeszcze kilka ruch\\u00f3w, kibice mog\\u0105 ju\\u017c zobaczy\\u0107, jak wygl\\u0105da dru\\u017cyna budowana przez trenera Arkadiusza Mi\\u0142oszewskiego. Na razie dw\\u00f3ch rozgrywaj\\u0105cych\",\"inLanguage\":\"pl-PL\",\"isPartOf\":{\"@id\":\"https:\\\/\\\/zastalowcy.pl\\\/#website\"},\"breadcrumb\":{\"@id\":\"https:\\\/\\\/zastalowcy.pl\\\/?p=1301#breadcrumblist\"},\"author\":{\"@id\":\"https:\\\/\\\/zastalowcy.pl\\\/?author=3#author\"},\"creator\":{\"@id\":\"https:\\\/\\\/zastalowcy.pl\\\/?author=3#author\"},\"image\":{\"@type\":\"ImageObject\",\"url\":\"https:\\\/\\\/zastalowcy.pl\\\/wp-content\\\/uploads\\\/2026\\\/07\\\/profilowe-19.png\",\"@id\":\"https:\\\/\\\/zastalowcy.pl\\\/?p=1301\\\/#mainImage\",\"width\":2048,\"height\":2048},\"primaryImageOfPage\":{\"@id\":\"https:\\\/\\\/zastalowcy.pl\\\/?p=1301#mainImage\"},\"datePublished\":\"2026-07-27T10:47:13+02:00\",\"dateModified\":\"2026-07-27T12:59:33+02:00\"},{\"@type\":\"WebSite\",\"@id\":\"https:\\\/\\\/zastalowcy.pl\\\/#website\",\"url\":\"https:\\\/\\\/zastalowcy.pl\\\/\",\"description\":\"O Zastalu od kibic\\u00f3w \\u2013 dla kibic\\u00f3w\",\"inLanguage\":\"pl-PL\",\"publisher\":{\"@id\":\"https:\\\/\\\/zastalowcy.pl\\\/#organization\"}}]}\n\t\t<\/script>\n\t\t<!-- All in One SEO -->\n\n","aioseo_head_json":{"title":"Zastal buduje sk\u0142ad na nowy sezon. Ci zawodnicy s\u0105 ju\u017c pewni gry -","description":"Zastal Zielona G\u00f3ra ma ju\u017c za sob\u0105 sporo letnich og\u0142osze\u0144 transferowych. Klub skompletowa\u0142 trzon zespo\u0142u, kt\u00f3ry w sezonie 2026\/2027 b\u0119dzie rywalizowa\u0142 zar\u00f3wno w Polskiej Lidze Koszyk\u00f3wki, jak i FIBA Europe Cup. Cho\u0107 do zamkni\u0119cia kadry pozosta\u0142o jeszcze kilka ruch\u00f3w, kibice mog\u0105 ju\u017c zobaczy\u0107, jak wygl\u0105da dru\u017cyna budowana przez trenera Arkadiusza Mi\u0142oszewskiego. Na razie dw\u00f3ch rozgrywaj\u0105cych","canonical_url":"https:\/\/zastalowcy.pl\/?p=1301","robots":"max-image-preview:large","keywords":"","webmasterTools":{"miscellaneous":""},"schema":{"@context":"https:\/\/schema.org","@graph":[{"@type":"BlogPosting","@id":"https:\/\/zastalowcy.pl\/?p=1301#blogposting","name":"Zastal buduje sk\u0142ad na nowy sezon. Ci zawodnicy s\u0105 ju\u017c pewni gry -","headline":"Zastal buduje sk\u0142ad na nowy sezon. Ci zawodnicy s\u0105 ju\u017c pewni gry","author":{"@id":"https:\/\/zastalowcy.pl\/?author=3#author"},"publisher":{"@id":"https:\/\/zastalowcy.pl\/#organization"},"image":{"@type":"ImageObject","url":"https:\/\/zastalowcy.pl\/wp-content\/uploads\/2026\/07\/profilowe-19.png","width":2048,"height":2048},"datePublished":"2026-07-27T10:47:13+02:00","dateModified":"2026-07-27T12:59:33+02:00","inLanguage":"pl-PL","commentCount":2,"mainEntityOfPage":{"@id":"https:\/\/zastalowcy.pl\/?p=1301#webpage"},"isPartOf":{"@id":"https:\/\/zastalowcy.pl\/?p=1301#webpage"},"articleSection":"Aktualno\u015bci, Felietony, Sezon 2026\/2027, andrzej mazurczak, basketzg, Conley Garrison, dru\u017cyna, fiba europe cup, filip matczak, jakub galewski, jan w\u00f3jcik, koszyk\u00f3wka, krzysztof sulima, mi\u0142osz majewski, plkpl, Toyaz solomon, trazarien white, veljko brki\u0107, zastal, zastal zielona g\u00f3ra, zastalowcy, zielona g\u00f3ra, zielonagora, zielonog\u00f3rska koszyk\u00f3wka"},{"@type":"BreadcrumbList","@id":"https:\/\/zastalowcy.pl\/?p=1301#breadcrumblist","itemListElement":[{"@type":"ListItem","@id":"https:\/\/zastalowcy.pl#listItem","position":1,"name":"Home","item":"https:\/\/zastalowcy.pl","nextItem":{"@type":"ListItem","@id":"https:\/\/zastalowcy.pl\/?cat=7#listItem","name":"Felietony"}},{"@type":"ListItem","@id":"https:\/\/zastalowcy.pl\/?cat=7#listItem","position":2,"name":"Felietony","item":"https:\/\/zastalowcy.pl\/?cat=7","nextItem":{"@type":"ListItem","@id":"https:\/\/zastalowcy.pl\/?p=1301#listItem","name":"Zastal buduje sk\u0142ad na nowy sezon. Ci zawodnicy s\u0105 ju\u017c pewni gry"},"previousItem":{"@type":"ListItem","@id":"https:\/\/zastalowcy.pl#listItem","name":"Home"}},{"@type":"ListItem","@id":"https:\/\/zastalowcy.pl\/?p=1301#listItem","position":3,"name":"Zastal buduje sk\u0142ad na nowy sezon. Ci zawodnicy s\u0105 ju\u017c pewni gry","previousItem":{"@type":"ListItem","@id":"https:\/\/zastalowcy.pl\/?cat=7#listItem","name":"Felietony"}}]},{"@type":"Organization","@id":"https:\/\/zastalowcy.pl\/#organization","description":"O Zastalu od kibic\u00f3w \u2013 dla kibic\u00f3w","url":"https:\/\/zastalowcy.pl\/","logo":{"@type":"ImageObject","url":"https:\/\/zastalowcy.pl\/wp-content\/uploads\/2025\/09\/cropped-logo-strony-2.png","@id":"https:\/\/zastalowcy.pl\/?p=1301\/#organizationLogo","width":1862,"height":384},"image":{"@id":"https:\/\/zastalowcy.pl\/?p=1301\/#organizationLogo"}},{"@type":"Person","@id":"https:\/\/zastalowcy.pl\/?author=3#author","url":"https:\/\/zastalowcy.pl\/?author=3","name":"Joanna Nawlicka","image":{"@type":"ImageObject","@id":"https:\/\/zastalowcy.pl\/?p=1301#authorImage","url":"https:\/\/secure.gravatar.com\/avatar\/66fc557d97536ff5096b6295970275631b7a4673997738477642001957f5274c?s=96&d=mm&r=g","width":96,"height":96,"caption":"Joanna Nawlicka"}},{"@type":"WebPage","@id":"https:\/\/zastalowcy.pl\/?p=1301#webpage","url":"https:\/\/zastalowcy.pl\/?p=1301","name":"Zastal buduje sk\u0142ad na nowy sezon. Ci zawodnicy s\u0105 ju\u017c pewni gry -","description":"Zastal Zielona G\u00f3ra ma ju\u017c za sob\u0105 sporo letnich og\u0142osze\u0144 transferowych. Klub skompletowa\u0142 trzon zespo\u0142u, kt\u00f3ry w sezonie 2026\/2027 b\u0119dzie rywalizowa\u0142 zar\u00f3wno w Polskiej Lidze Koszyk\u00f3wki, jak i FIBA Europe Cup. Cho\u0107 do zamkni\u0119cia kadry pozosta\u0142o jeszcze kilka ruch\u00f3w, kibice mog\u0105 ju\u017c zobaczy\u0107, jak wygl\u0105da dru\u017cyna budowana przez trenera Arkadiusza Mi\u0142oszewskiego. Na razie dw\u00f3ch rozgrywaj\u0105cych","inLanguage":"pl-PL","isPartOf":{"@id":"https:\/\/zastalowcy.pl\/#website"},"breadcrumb":{"@id":"https:\/\/zastalowcy.pl\/?p=1301#breadcrumblist"},"author":{"@id":"https:\/\/zastalowcy.pl\/?author=3#author"},"creator":{"@id":"https:\/\/zastalowcy.pl\/?author=3#author"},"image":{"@type":"ImageObject","url":"https:\/\/zastalowcy.pl\/wp-content\/uploads\/2026\/07\/profilowe-19.png","@id":"https:\/\/zastalowcy.pl\/?p=1301\/#mainImage","width":2048,"height":2048},"primaryImageOfPage":{"@id":"https:\/\/zastalowcy.pl\/?p=1301#mainImage"},"datePublished":"2026-07-27T10:47:13+02:00","dateModified":"2026-07-27T12:59:33+02:00"},{"@type":"WebSite","@id":"https:\/\/zastalowcy.pl\/#website","url":"https:\/\/zastalowcy.pl\/","description":"O Zastalu od kibic\u00f3w \u2013 dla kibic\u00f3w","inLanguage":"pl-PL","publisher":{"@id":"https:\/\/zastalowcy.pl\/#organization"}}]},"og:locale":"pl_PL","og:site_name":"- O Zastalu od kibic\u00f3w \u2013 dla kibic\u00f3w","og:type":"article","og:title":"Zastal buduje sk\u0142ad na nowy sezon. Ci zawodnicy s\u0105 ju\u017c pewni gry -","og:description":"Zastal Zielona G\u00f3ra ma ju\u017c za sob\u0105 sporo letnich og\u0142osze\u0144 transferowych. Klub skompletowa\u0142 trzon zespo\u0142u, kt\u00f3ry w sezonie 2026\/2027 b\u0119dzie rywalizowa\u0142 zar\u00f3wno w Polskiej Lidze Koszyk\u00f3wki, jak i FIBA Europe Cup. Cho\u0107 do zamkni\u0119cia kadry pozosta\u0142o jeszcze kilka ruch\u00f3w, kibice mog\u0105 ju\u017c zobaczy\u0107, jak wygl\u0105da dru\u017cyna budowana przez trenera Arkadiusza Mi\u0142oszewskiego. Na razie dw\u00f3ch rozgrywaj\u0105cych","og:url":"https:\/\/zastalowcy.pl\/?p=1301","og:image":"https:\/\/zastalowcy.pl\/wp-content\/uploads\/2025\/09\/cropped-logo-strony-2.png","og:image:secure_url":"https:\/\/zastalowcy.pl\/wp-content\/uploads\/2025\/09\/cropped-logo-strony-2.png","og:image:width":1862,"og:image:height":384,"article:published_time":"2026-07-27T08:47:13+00:00","article:modified_time":"2026-07-27T10:59:33+00:00","twitter:card":"summary_large_image","twitter:title":"Zastal buduje sk\u0142ad na nowy sezon. Ci zawodnicy s\u0105 ju\u017c pewni gry -","twitter:description":"Zastal Zielona G\u00f3ra ma ju\u017c za sob\u0105 sporo letnich og\u0142osze\u0144 transferowych. Klub skompletowa\u0142 trzon zespo\u0142u, kt\u00f3ry w sezonie 2026\/2027 b\u0119dzie rywalizowa\u0142 zar\u00f3wno w Polskiej Lidze Koszyk\u00f3wki, jak i FIBA Europe Cup. Cho\u0107 do zamkni\u0119cia kadry pozosta\u0142o jeszcze kilka ruch\u00f3w, kibice mog\u0105 ju\u017c zobaczy\u0107, jak wygl\u0105da dru\u017cyna budowana przez trenera Arkadiusza Mi\u0142oszewskiego. Na razie dw\u00f3ch rozgrywaj\u0105cych","twitter:image":"https:\/\/zastalowcy.pl\/wp-content\/uploads\/2025\/09\/cropped-logo-strony-2.png"},"aioseo_meta_data":{"post_id":"1301","title":null,"description":null,"keywords":null,"keyphrases":{"focus":[],"additional":[]},"primary_term":null,"canonical_url":null,"og_title":null,"og_description":null,"og_object_type":"default","og_image_type":"default","og_image_custom_url":null,"og_image_custom_fields":null,"og_image_url":null,"og_image_width":null,"og_image_height":null,"og_video":"","og_custom_url":null,"og_article_section":null,"og_article_tags":null,"twitter_use_og":false,"twitter_card":"default","twitter_image_type":"default","twitter_image_custom_url":null,"twitter_image_custom_fields":null,"twitter_image_url":null,"twitter_title":null,"twitter_description":null,"schema_type":"default","schema_type_options":null,"schema":{"blockGraphs":[],"customGraphs":[],"default":{"data":{"Article":[],"Course":[],"Dataset":[],"FAQPage":[],"Movie":[],"Person":[],"Product":[],"ProductReview":[],"Car":[],"Recipe":[],"Service":[],"SoftwareApplication":[],"WebPage":[]},"graphName":"BlogPosting","isEnabled":true},"graphs":[]},"pillar_content":false,"robots_default":true,"robots_noindex":false,"robots_noarchive":false,"robots_nosnippet":false,"robots_nofollow":false,"robots_noimageindex":false,"robots_noodp":false,"robots_notranslate":false,"robots_max_snippet":"-1","robots_max_videopreview":"-1","robots_max_imagepreview":"large","priority":null,"frequency":"default","local_seo":null,"limit_modified_date":false,"ai":{"faqs":[],"keyPoints":[],"schemas":[],"titles":[],"descriptions":[],"socialPosts":{"email":{"subject":"","preview":"","content":""},"linkedin":[],"twitter":[],"facebook":[],"instagram":[]}},"breadcrumb_settings":null,"seo_analyzer_scan_date":null,"created":"2026-07-27 08:47:14","updated":"2026-08-22 18:01:31","focus_keyword":null,"additional_keywords":null,"truseo_locale":null},"aioseo_breadcrumb":"<div class=\"aioseo-breadcrumbs\"><span class=\"aioseo-breadcrumb\">\n\t\t\t<a href=\"https:\/\/zastalowcy.pl\" title=\"Home\">Home<\/a>\n\t\t<\/span><span class=\"aioseo-breadcrumb-separator\">&raquo;<\/span><span class=\"aioseo-breadcrumb\">\n\t\t\t<a href=\"https:\/\/zastalowcy.pl\/?cat=7\" title=\"Felietony\">Felietony<\/a>\n\t\t<\/span><span class=\"aioseo-breadcrumb-separator\">&raquo;<\/span><span class=\"aioseo-breadcrumb\">\n\t\t\tZastal buduje sk\u0142ad na nowy sezon. Ci zawodnicy s\u0105 ju\u017c pewni gry\n\t\t<\/span><\/div>","aioseo_breadcrumb_json":[{"label":"Home","link":"https:\/\/zastalowcy.pl"},{"label":"Felietony","link":"https:\/\/zastalowcy.pl\/?cat=7"},{"label":"Zastal buduje sk\u0142ad na nowy sezon. Ci zawodnicy s\u0105 ju\u017c pewni gry","link":"https:\/\/zastalowcy.pl\/?p=1301"}],"_links":{"self":[{"href":"https:\/\/zastalowcy.pl\/index.php?rest_route=\/wp\/v2\/posts\/1301","targetHints":{"allow":["GET"]}}],"collection":[{"href":"https:\/\/zastalowcy.pl\/index.php?rest_route=\/wp\/v2\/posts"}],"about":[{"href":"https:\/\/zastalowcy.pl\/index.php?rest_route=\/wp\/v2\/types\/post"}],"author":[{"embeddable":true,"href":"https:\/\/zastalowcy.pl\/index.php?rest_route=\/wp\/v2\/users\/3"}],"replies":[{"embeddable":true,"href":"https:\/\/zastalowcy.pl\/index.php?rest_route=%2Fwp%2Fv2%2Fcomments&post=1301"}],"version-history":[{"count":4,"href":"https:\/\/zastalowcy.pl\/index.php?rest_route=\/wp\/v2\/posts\/1301\/revisions"}],"predecessor-version":[{"id":1310,"href":"https:\/\/zastalowcy.pl\/index.php?rest_route=\/wp\/v2\/posts\/1301\/revisions\/1310"}],"wp:featuredmedia":[{"embeddable":true,"href":"https:\/\/zastalowcy.pl\/index.php?rest_route=\/wp\/v2\/media\/1302"}],"wp:attachment":[{"href":"https:\/\/zastalowcy.pl\/index.php?rest_route=%2Fwp%2Fv2%2Fmedia&parent=1301"}],"wp:term":[{"taxonomy":"category","embeddable":true,"href":"https:\/\/zastalowcy.pl\/index.php?rest_route=%2Fwp%2Fv2%2Fcategories&post=1301"},{"taxonomy":"post_tag","embeddable":true,"href":"https:\/\/zastalowcy.pl\/index.php?rest_route=%2Fwp%2Fv2%2Ftags&post=1301"}],"curies":[{"name":"wp","href":"https:\/\/api.w.org\/{rel}","templated":true}]}}