{"id":1311,"date":"2026-07-28T11:22:08","date_gmt":"2026-07-28T09:22:08","guid":{"rendered":"https:\/\/zastalowcy.pl\/?p=1311"},"modified":"2026-07-28T11:29:31","modified_gmt":"2026-07-28T09:29:31","slug":"mistrzowie-po-latach-co-dzis-robia-bohaterowie-pierwszego-mistrzostwa-zastalu","status":"publish","type":"post","link":"https:\/\/zastalowcy.pl\/?p=1311","title":{"rendered":"Mistrzowie po latach. Co dzi\u015b robi\u0105 bohaterowie pierwszego mistrzostwa Zastalu?"},"content":{"rendered":"\n<p class=\"wp-block-paragraph\">2 czerwca 2013\u00a0roku\u00a0zielonog\u00f3rski zesp\u00f3\u0142 po raz pierwszy w historii si\u0119gn\u0105\u0142 po mistrzostwo Polski. Dru\u017cyna w tamtym sk\u0142adzie na zawsze zapisa\u0142a si\u0119 w historii klubu, a wielu zawodnik\u00f3w sta\u0142o si\u0119 prawdziwymi legendami zielonog\u00f3rskiej koszyk\u00f3wki. Co dzi\u015b robi\u0105 bohaterowie tamtego zespo\u0142u?<\/p>\n\n\n\n<h3 class=\"wp-block-heading\">Nie wszyscy zostali przy koszyk\u00f3wce<\/h3>\n\n\n\n<p class=\"wp-block-paragraph\">Od historycznego sukcesu min\u0119\u0142o ju\u017c kilkana\u015bcie lat. Cz\u0119\u015b\u0107 zawodnik\u00f3w nadal pracuje w \u015bwiecie koszyk\u00f3wki \u2013 jako trenerzy, dzia\u0142acze czy zawodnicy. Inni postanowili ca\u0142kowicie zmieni\u0107 swoje \u017cycie zawodowe.<\/p>\n\n\n\n<h4 class=\"wp-block-heading\">Zbigniew Bia\u0142ek #33<\/h4>\n\n\n\n<p class=\"wp-block-paragraph\">Polski silny skrzyd\u0142owy po mistrzostwie w Zielonej G\u00f3rze zagra\u0142 jeszcze dwa sezony w Polskiej Lidze Koszyk\u00f3wki w Polpharmie Starogard Gda\u0144ski i AZS-ie Koszalin, a potem jeden sezon w 1. Lidze M\u0119\u017cczyzn w barwach Kinga Wilk\u00f3w Morskich Szczecin. Po zako\u0144czeniu kariery odsun\u0105\u0142 si\u0119 od zawodowej koszyk\u00f3wki. Obecnie nie jest zwi\u0105zany ze sportem.<\/p>\n\n\n\n<h4 class=\"wp-block-heading\">Dejan Borovnjak #41<\/h4>\n\n\n\n<p class=\"wp-block-paragraph\">Serbski podkoszowy zako\u0144czy\u0142 profesjonaln\u0105 karier\u0119 po ostatnich wyst\u0119pach w 2022 roku. Do tego roku reprezentowa\u0142 zespo\u0142y z Turcji, Rumunii, Serbii. Ostatni raz gra\u0142 w barwach Antalya Gunesi w maju 2022 roku. Dzi\u015b pracuje jako agent nieruchomo\u015bci.<\/p>\n\n\n\n<h4 class=\"wp-block-heading\">Mantas Cesnauskis #22<\/h4>\n\n\n\n<p class=\"wp-block-paragraph\">Rzucaj\u0105cy zosta\u0142 w Zielonej G\u00f3rze na jeszcze jeden sezon, a p\u00f3\u017aniej przeni\u00f3s\u0142 si\u0119 do zespo\u0142u z S\u0142upska. Po zako\u0144czeniu kariery koszykarskiej pozosta\u0142 jednak przy koszyk\u00f3wce. Litwin rozpocz\u0105\u0142 karier\u0119 trenersk\u0105, a w sezonie 2025\/2026 by\u0142 pierwszym trenerem AMW Arki Gdynia w ORLEN Basket Lidze.<\/p>\n\n\n\n<h4 class=\"wp-block-heading\">Kamil Chanas #13<\/h4>\n\n\n\n<p class=\"wp-block-paragraph\">Cho\u0107 oficjalnie zako\u0144czy\u0142 zawodow\u0105 karier\u0119, w 2025 roku wr\u00f3ci\u0142 jeszcze na parkiet i rozegra\u0142 pi\u0119\u0107 spotka\u0144 dla Novimex Polonii 1912 Leszno. Obecnie prowadzi r\u00f3wnie\u017c popularny podcast \u201eStrefa Chanasa\u201d, w kt\u00f3rym rozmawia o koszyk\u00f3wce z zawodnikami i trenerami.<\/p>\n\n\n\n<h4 class=\"wp-block-heading\">Walter Hodge #15<\/h4>\n\n\n\n<p class=\"wp-block-paragraph\">Legenda Zastalu wci\u0105\u017c gra zawodowo. W sezonie 2025\/2026 reprezentowa\u0142 Astros de Jalisco, z kt\u00f3rym zdoby\u0142 mistrzostwo Meksyku (wsp\u00f3lnie z Chavaughnem Lewisem). Latem wyst\u0119powa\u0142 r\u00f3wnie\u017c w portoryka\u0144skiej lidze BSN w barwach Cangrejeros de Santurce.<\/p>\n\n\n\n<h4 class=\"wp-block-heading\">Quinton Hosley #14<\/h4>\n\n\n\n<p class=\"wp-block-paragraph\">Najpierw przeni\u00f3s\u0142 si\u0119 do W\u0142och, p\u00f3\u017aniej wr\u00f3ci\u0142 do Zielonej G\u00f3ry i znowu wyjecha\u0142, ale tym razem do Turcji. W sezonie 2017\/2018 ponownie widzieli\u015bmy go w PLK, gdzie reprezentowa\u0142 Anwil W\u0142oc\u0142awek, a nast\u0119pnie Zielon\u0105 G\u00f3r\u0119. Po tych rozgrywkach zako\u0144czy\u0142 karier\u0119 koszykarsk\u0105 i zosta\u0142 trenerem. Obecnie prowadzi szkoln\u0105 dru\u017cyn\u0119 Smoky Hill Boys Basketball w Stanach Zjednoczonych. Wi\u0119cej o tym, co obecnie s\u0142ycha\u0107 u Quintona mo\u017cecie przeczyta\u0107 tutaj: Quinton Hosley: <a href=\"https:\/\/zastalowcy.pl\/?p=1292\" title=\"\">\u201eKiedy s\u0142ysz\u0119 Zastal, my\u015bl\u0119 o kibicach\u201d<\/a>.<\/p>\n\n\n\n<h4 class=\"wp-block-heading\">Pawe\u0142 Jasnos #21<\/h4>\n\n\n\n<p class=\"wp-block-paragraph\">Po sezonie w Zielonej G\u00f3rze gra\u0142 jeszcze w Muszkieterach Nowa S\u00f3l, a nast\u0119pnie przeni\u00f3s\u0142 si\u0119 do Stan\u00f3w Zjednoczonych, gdzie by\u0142 zawodnikiem Miles Golden Bears. Obecnie pracuje jako trener przygotowania motorycznego na Long Island University (LIU Brooklyn).<\/p>\n\n\n\n<h4 class=\"wp-block-heading\">\u0141ukasz Koszarek #55<\/h4>\n\n\n\n<p class=\"wp-block-paragraph\">Po zdobyciu mistrzostwa pozosta\u0142 w Zielonej G\u00f3rze a\u017c do 2021 roku, staj\u0105c si\u0119 jednym z symboli najwi\u0119kszych sukces\u00f3w klubu. P\u00f3\u017aniej przeni\u00f3s\u0142 si\u0119 na dwa lata do Legii Warszawa. By\u0142y kapitan Zastalu dzi\u015b pe\u0142ni funkcj\u0119 prezesa Polskiej Ligi Koszyk\u00f3wki.<\/p>\n\n\n\n<h4 class=\"wp-block-heading\">Milo\u0161 Lopi\u010di\u0107 #12<\/h4>\n\n\n\n<p class=\"wp-block-paragraph\">Czarnog\u00f3rski \u015brodkowy nadal wyst\u0119puje na parkietach. Od sezonu 2023\/24 reprezentuje Lov\u0107en Cetinje, z kt\u00f3rym w tym roku dotar\u0142 do \u0107wier\u0107fina\u0142u czarnog\u00f3rskiej Prva A Ligi.<\/p>\n\n\n\n<h4 class=\"wp-block-heading\">Filip Matczak #8<\/h4>\n\n\n\n<p class=\"wp-block-paragraph\">Jako jedyny z mistrzowskiego sk\u0142adu nadal reprezentuje barwy Zastalu Zielona G\u00f3ra. W sezonie 2025\/2026 wywalczy\u0142 z klubem srebrny medal mistrzostw Polski, a przed nim kolejny sezon w bia\u0142o-zielonych barwach.<\/p>\n\n\n\n<h4 class=\"wp-block-heading\">\u0141ukasz Seweryn #30<\/h4>\n\n\n\n<p class=\"wp-block-paragraph\">Z Zielonej G\u00f3ry wyjecha\u0142 do Arki Gdynia, a w kolejnych latach zwi\u0105za\u0142 si\u0119 z Czarnymi S\u0142upsk. Po zako\u0144czeniu kariery rozpocz\u0105\u0142 prac\u0119 szkoleniow\u0105. W sezonie 2025\/2026 by\u0142 asystentem trenera Energa Czarnych S\u0142upsk.<\/p>\n\n\n\n<h4 class=\"wp-block-heading\">Marcin Sroka #31<\/h4>\n\n\n\n<p class=\"wp-block-paragraph\">By\u0142 w Zastalu jeszcze przez jeden sezon po zdobyciu mistrzostwa, a p\u00f3\u017aniej gra\u0142 w m.in. Kingu Wilkach Morskich Szczecin, Polskim Cukrze Toru\u0144 czy Stali Ostr\u00f3w Wielkopolski. Ostatnie mecze rozegra\u0142 w sezonie 2020\/2021 w Prudniku i Rybniku. Obecnie pracuje poza zawodow\u0105 koszyk\u00f3wk\u0105 \u2013 jest zwi\u0105zany z bran\u017c\u0105 po\u015brednictwa finansowego.<\/p>\n\n\n\n<h4 class=\"wp-block-heading\">Oliver Stevi\u0107 #7<\/h4>\n\n\n\n<p class=\"wp-block-paragraph\">Po sezonie w Zielonej G\u00f3rze opu\u015bci\u0142 polsk\u0105 lig\u0119 na dobre. Gra\u0142 w m.in. Turcji, Hiszpanii czy Bo\u015bni i Hercegowinie. Mimo up\u0142ywu lat d\u0142ugo nie powiedzia\u0142 ostatniego s\u0142owa. W sezonie 2024\/2025 wyst\u0119powa\u0142 w hiszpa\u0144skim Obradoiro CAB na zapleczu ligi ACB.<\/p>\n\n\n\n<h4 class=\"wp-block-heading\">Rados\u0142aw Trubacz #9<\/h4>\n\n\n\n<p class=\"wp-block-paragraph\">D\u0142ugo by\u0142 zwi\u0105zany z Zielon\u0105 G\u00f3r\u0105 i Now\u0105 Sol\u0105. P\u00f3\u017aniej reprezentowa\u0142 zespo\u0142y z Leszna i Tych\u00f3w w 1. Lidze M\u0119\u017cczyzn. Wr\u00f3ci\u0142 na moment do Zastalu w sezonie 2022\/23. Wci\u0105\u017c jest aktywnym zawodnikiem. W sezonie 2025\/2026 reprezentowa\u0142 pierwszoligow\u0105 KSK Qemetic\u0119 Note\u0107 Inowroc\u0142aw.<\/p>\n\n\n\n<p class=\"wp-block-paragraph\">\ud83c\udfc0 Zastalowcy.pl \u2013 o Zastalu od kibic\u00f3w \u2013 dla kibic\u00f3w<\/p>\n","protected":false},"excerpt":{"rendered":"<p>2 czerwca 2013\u00a0roku\u00a0zielonog\u00f3rski zesp\u00f3\u0142 po raz pierwszy w historii si\u0119gn\u0105\u0142 po mistrzostwo Polski. Dru\u017cyna w tamtym sk\u0142adzie na<\/p>\n","protected":false},"author":3,"featured_media":1312,"comment_status":"open","ping_status":"open","sticky":false,"template":"","format":"standard","meta":{"om_disable_all_campaigns":false,"footnotes":""},"categories":[18,7,380],"tags":[426,17,417,26,90,419,15,248,422,418,423,421,428,427,424,420,129,118,408,425,414,62,12,415,14,42,416,11,10,16],"class_list":["post-1311","post","type-post","status-publish","format-standard","has-post-thumbnail","hentry","category-aktualnosci","category-felietony","category-polska-liga-koszykowki","tag-archiwum","tag-basketzg","tag-dejan-borovnjak","tag-druzyna","tag-filip-matczak","tag-kamil-chanas","tag-koszykowka","tag-lukasz-koszarek-2","tag-lukasz-seweryn","tag-mantas-cesnauskis-2","tag-marcin-sroka","tag-milos-lopicic","tag-mistrz-polski-2013","tag-mistrzowie","tag-oliver-stevic","tag-pawel-jasnos","tag-plkpl","tag-polska-liga-koszykowki","tag-quinton-hosley","tag-radoslaw-trubacz","tag-stelmet-zielona-gora","tag-walter-hodge","tag-zastal","tag-zastal-2012-2013","tag-zastal-zielona-gora","tag-zastalowcy","tag-zbigniew-bialek","tag-zielona-gora","tag-zielonagora","tag-zielonogorska-koszykowka"],"aioseo_notices":[],"aioseo_head":"\n\t\t<!-- All in One SEO 5.0.0.1 - aioseo.com -->\n\t<meta name=\"description\" content=\"2 czerwca 2013 roku zielonog\u00f3rski zesp\u00f3\u0142 po raz pierwszy w historii si\u0119gn\u0105\u0142 po mistrzostwo Polski. Dru\u017cyna w tamtym sk\u0142adzie na zawsze zapisa\u0142a si\u0119 w historii klubu, a wielu zawodnik\u00f3w sta\u0142o si\u0119 prawdziwymi legendami zielonog\u00f3rskiej koszyk\u00f3wki. Co dzi\u015b robi\u0105 bohaterowie tamtego zespo\u0142u? Nie wszyscy zostali przy koszyk\u00f3wce Od historycznego sukcesu min\u0119\u0142o ju\u017c kilkana\u015bcie lat. Cz\u0119\u015b\u0107 zawodnik\u00f3w nadal pracuje\" \/>\n\t<meta name=\"robots\" content=\"max-image-preview:large\" \/>\n\t<meta name=\"author\" content=\"Joanna Nawlicka\"\/>\n\t<link rel=\"canonical\" href=\"https:\/\/zastalowcy.pl\/?p=1311\" \/>\n\t<meta name=\"generator\" content=\"All in One SEO (AIOSEO) 5.0.0.1\" \/>\n\t\t<meta property=\"og:locale\" content=\"pl_PL\" \/>\n\t\t<meta property=\"og:site_name\" content=\"- O Zastalu od kibic\u00f3w \u2013 dla kibic\u00f3w\" \/>\n\t\t<meta property=\"og:type\" content=\"article\" \/>\n\t\t<meta property=\"og:title\" content=\"Mistrzowie po latach. Co dzi\u015b robi\u0105 bohaterowie pierwszego mistrzostwa Zastalu? -\" \/>\n\t\t<meta property=\"og:description\" content=\"2 czerwca 2013 roku zielonog\u00f3rski zesp\u00f3\u0142 po raz pierwszy w historii si\u0119gn\u0105\u0142 po mistrzostwo Polski. Dru\u017cyna w tamtym sk\u0142adzie na zawsze zapisa\u0142a si\u0119 w historii klubu, a wielu zawodnik\u00f3w sta\u0142o si\u0119 prawdziwymi legendami zielonog\u00f3rskiej koszyk\u00f3wki. Co dzi\u015b robi\u0105 bohaterowie tamtego zespo\u0142u? Nie wszyscy zostali przy koszyk\u00f3wce Od historycznego sukcesu min\u0119\u0142o ju\u017c kilkana\u015bcie lat. Cz\u0119\u015b\u0107 zawodnik\u00f3w nadal pracuje\" \/>\n\t\t<meta property=\"og:url\" content=\"https:\/\/zastalowcy.pl\/?p=1311\" \/>\n\t\t<meta property=\"og:image\" content=\"https:\/\/zastalowcy.pl\/wp-content\/uploads\/2025\/09\/cropped-logo-strony-2.png\" \/>\n\t\t<meta property=\"og:image:secure_url\" content=\"https:\/\/zastalowcy.pl\/wp-content\/uploads\/2025\/09\/cropped-logo-strony-2.png\" \/>\n\t\t<meta property=\"og:image:width\" content=\"1862\" \/>\n\t\t<meta property=\"og:image:height\" content=\"384\" \/>\n\t\t<meta property=\"article:published_time\" content=\"2026-07-28T09:22:08+00:00\" \/>\n\t\t<meta property=\"article:modified_time\" content=\"2026-07-28T09:29:31+00:00\" \/>\n\t\t<meta name=\"twitter:card\" content=\"summary_large_image\" \/>\n\t\t<meta name=\"twitter:title\" content=\"Mistrzowie po latach. Co dzi\u015b robi\u0105 bohaterowie pierwszego mistrzostwa Zastalu? -\" \/>\n\t\t<meta name=\"twitter:description\" content=\"2 czerwca 2013 roku zielonog\u00f3rski zesp\u00f3\u0142 po raz pierwszy w historii si\u0119gn\u0105\u0142 po mistrzostwo Polski. Dru\u017cyna w tamtym sk\u0142adzie na zawsze zapisa\u0142a si\u0119 w historii klubu, a wielu zawodnik\u00f3w sta\u0142o si\u0119 prawdziwymi legendami zielonog\u00f3rskiej koszyk\u00f3wki. Co dzi\u015b robi\u0105 bohaterowie tamtego zespo\u0142u? Nie wszyscy zostali przy koszyk\u00f3wce Od historycznego sukcesu min\u0119\u0142o ju\u017c kilkana\u015bcie lat. Cz\u0119\u015b\u0107 zawodnik\u00f3w nadal pracuje\" \/>\n\t\t<meta name=\"twitter:image\" content=\"https:\/\/zastalowcy.pl\/wp-content\/uploads\/2025\/09\/cropped-logo-strony-2.png\" \/>\n\t\t<script type=\"application\/ld+json\" class=\"aioseo-schema\">\n\t\t\t{\"@context\":\"https:\\\/\\\/schema.org\",\"@graph\":[{\"@type\":\"BlogPosting\",\"@id\":\"https:\\\/\\\/zastalowcy.pl\\\/?p=1311#blogposting\",\"name\":\"Mistrzowie po latach. Co dzi\\u015b robi\\u0105 bohaterowie pierwszego mistrzostwa Zastalu? -\",\"headline\":\"Mistrzowie po latach. Co dzi\\u015b robi\\u0105 bohaterowie pierwszego mistrzostwa Zastalu?\",\"author\":{\"@id\":\"https:\\\/\\\/zastalowcy.pl\\\/?author=3#author\"},\"publisher\":{\"@id\":\"https:\\\/\\\/zastalowcy.pl\\\/#organization\"},\"image\":{\"@type\":\"ImageObject\",\"url\":\"https:\\\/\\\/zastalowcy.pl\\\/wp-content\\\/uploads\\\/2026\\\/07\\\/profilowe-20.png\",\"width\":2048,\"height\":2048},\"datePublished\":\"2026-07-28T11:22:08+02:00\",\"dateModified\":\"2026-07-28T11:29:31+02:00\",\"inLanguage\":\"pl-PL\",\"commentCount\":1,\"mainEntityOfPage\":{\"@id\":\"https:\\\/\\\/zastalowcy.pl\\\/?p=1311#webpage\"},\"isPartOf\":{\"@id\":\"https:\\\/\\\/zastalowcy.pl\\\/?p=1311#webpage\"},\"articleSection\":\"Aktualno\\u015bci, Felietony, Polska Liga Koszyk\\u00f3wki, archiwum, basketzg, dejan borovnjak, dru\\u017cyna, filip matczak, kamil chanas, koszyk\\u00f3wka, \\u0142ukasz koszarek, \\u0142ukasz seweryn, mantas cesnauskis, marcin sroka, Milo\\u0161 Lopi\\u010di\\u0107, mistrz polski 2013, mistrzowie, Oliver Stevi\\u0107, pawe\\u0142 jasnos, plkpl, Polska Liga Koszyk\\u00f3wki, quinton hosley, Rados\\u0142aw Trubacz, stelmet zielona g\\u00f3ra, walter hodge, zastal, zastal 2012\\\/2013, zastal zielona g\\u00f3ra, zastalowcy, zbigniew bia\\u0142ek, zielona g\\u00f3ra, zielonagora, zielonog\\u00f3rska koszyk\\u00f3wka\"},{\"@type\":\"BreadcrumbList\",\"@id\":\"https:\\\/\\\/zastalowcy.pl\\\/?p=1311#breadcrumblist\",\"itemListElement\":[{\"@type\":\"ListItem\",\"@id\":\"https:\\\/\\\/zastalowcy.pl#listItem\",\"position\":1,\"name\":\"Home\",\"item\":\"https:\\\/\\\/zastalowcy.pl\",\"nextItem\":{\"@type\":\"ListItem\",\"@id\":\"https:\\\/\\\/zastalowcy.pl\\\/?cat=7#listItem\",\"name\":\"Felietony\"}},{\"@type\":\"ListItem\",\"@id\":\"https:\\\/\\\/zastalowcy.pl\\\/?cat=7#listItem\",\"position\":2,\"name\":\"Felietony\",\"item\":\"https:\\\/\\\/zastalowcy.pl\\\/?cat=7\",\"nextItem\":{\"@type\":\"ListItem\",\"@id\":\"https:\\\/\\\/zastalowcy.pl\\\/?p=1311#listItem\",\"name\":\"Mistrzowie po latach. Co dzi\\u015b robi\\u0105 bohaterowie pierwszego mistrzostwa Zastalu?\"},\"previousItem\":{\"@type\":\"ListItem\",\"@id\":\"https:\\\/\\\/zastalowcy.pl#listItem\",\"name\":\"Home\"}},{\"@type\":\"ListItem\",\"@id\":\"https:\\\/\\\/zastalowcy.pl\\\/?p=1311#listItem\",\"position\":3,\"name\":\"Mistrzowie po latach. Co dzi\\u015b robi\\u0105 bohaterowie pierwszego mistrzostwa Zastalu?\",\"previousItem\":{\"@type\":\"ListItem\",\"@id\":\"https:\\\/\\\/zastalowcy.pl\\\/?cat=7#listItem\",\"name\":\"Felietony\"}}]},{\"@type\":\"Organization\",\"@id\":\"https:\\\/\\\/zastalowcy.pl\\\/#organization\",\"description\":\"O Zastalu od kibic\\u00f3w \\u2013 dla kibic\\u00f3w\",\"url\":\"https:\\\/\\\/zastalowcy.pl\\\/\",\"logo\":{\"@type\":\"ImageObject\",\"url\":\"https:\\\/\\\/zastalowcy.pl\\\/wp-content\\\/uploads\\\/2025\\\/09\\\/cropped-logo-strony-2.png\",\"@id\":\"https:\\\/\\\/zastalowcy.pl\\\/?p=1311\\\/#organizationLogo\",\"width\":1862,\"height\":384},\"image\":{\"@id\":\"https:\\\/\\\/zastalowcy.pl\\\/?p=1311\\\/#organizationLogo\"}},{\"@type\":\"Person\",\"@id\":\"https:\\\/\\\/zastalowcy.pl\\\/?author=3#author\",\"url\":\"https:\\\/\\\/zastalowcy.pl\\\/?author=3\",\"name\":\"Joanna Nawlicka\",\"image\":{\"@type\":\"ImageObject\",\"@id\":\"https:\\\/\\\/zastalowcy.pl\\\/?p=1311#authorImage\",\"url\":\"https:\\\/\\\/secure.gravatar.com\\\/avatar\\\/66fc557d97536ff5096b6295970275631b7a4673997738477642001957f5274c?s=96&d=mm&r=g\",\"width\":96,\"height\":96,\"caption\":\"Joanna Nawlicka\"}},{\"@type\":\"WebPage\",\"@id\":\"https:\\\/\\\/zastalowcy.pl\\\/?p=1311#webpage\",\"url\":\"https:\\\/\\\/zastalowcy.pl\\\/?p=1311\",\"name\":\"Mistrzowie po latach. Co dzi\\u015b robi\\u0105 bohaterowie pierwszego mistrzostwa Zastalu? -\",\"description\":\"2 czerwca 2013 roku zielonog\\u00f3rski zesp\\u00f3\\u0142 po raz pierwszy w historii si\\u0119gn\\u0105\\u0142 po mistrzostwo Polski. Dru\\u017cyna w tamtym sk\\u0142adzie na zawsze zapisa\\u0142a si\\u0119 w historii klubu, a wielu zawodnik\\u00f3w sta\\u0142o si\\u0119 prawdziwymi legendami zielonog\\u00f3rskiej koszyk\\u00f3wki. Co dzi\\u015b robi\\u0105 bohaterowie tamtego zespo\\u0142u? Nie wszyscy zostali przy koszyk\\u00f3wce Od historycznego sukcesu min\\u0119\\u0142o ju\\u017c kilkana\\u015bcie lat. Cz\\u0119\\u015b\\u0107 zawodnik\\u00f3w nadal pracuje\",\"inLanguage\":\"pl-PL\",\"isPartOf\":{\"@id\":\"https:\\\/\\\/zastalowcy.pl\\\/#website\"},\"breadcrumb\":{\"@id\":\"https:\\\/\\\/zastalowcy.pl\\\/?p=1311#breadcrumblist\"},\"author\":{\"@id\":\"https:\\\/\\\/zastalowcy.pl\\\/?author=3#author\"},\"creator\":{\"@id\":\"https:\\\/\\\/zastalowcy.pl\\\/?author=3#author\"},\"image\":{\"@type\":\"ImageObject\",\"url\":\"https:\\\/\\\/zastalowcy.pl\\\/wp-content\\\/uploads\\\/2026\\\/07\\\/profilowe-20.png\",\"@id\":\"https:\\\/\\\/zastalowcy.pl\\\/?p=1311\\\/#mainImage\",\"width\":2048,\"height\":2048},\"primaryImageOfPage\":{\"@id\":\"https:\\\/\\\/zastalowcy.pl\\\/?p=1311#mainImage\"},\"datePublished\":\"2026-07-28T11:22:08+02:00\",\"dateModified\":\"2026-07-28T11:29:31+02:00\"},{\"@type\":\"WebSite\",\"@id\":\"https:\\\/\\\/zastalowcy.pl\\\/#website\",\"url\":\"https:\\\/\\\/zastalowcy.pl\\\/\",\"description\":\"O Zastalu od kibic\\u00f3w \\u2013 dla kibic\\u00f3w\",\"inLanguage\":\"pl-PL\",\"publisher\":{\"@id\":\"https:\\\/\\\/zastalowcy.pl\\\/#organization\"}}]}\n\t\t<\/script>\n\t\t<!-- All in One SEO -->\n\n","aioseo_head_json":{"title":"Mistrzowie po latach. Co dzi\u015b robi\u0105 bohaterowie pierwszego mistrzostwa Zastalu? -","description":"2 czerwca 2013 roku zielonog\u00f3rski zesp\u00f3\u0142 po raz pierwszy w historii si\u0119gn\u0105\u0142 po mistrzostwo Polski. Dru\u017cyna w tamtym sk\u0142adzie na zawsze zapisa\u0142a si\u0119 w historii klubu, a wielu zawodnik\u00f3w sta\u0142o si\u0119 prawdziwymi legendami zielonog\u00f3rskiej koszyk\u00f3wki. Co dzi\u015b robi\u0105 bohaterowie tamtego zespo\u0142u? Nie wszyscy zostali przy koszyk\u00f3wce Od historycznego sukcesu min\u0119\u0142o ju\u017c kilkana\u015bcie lat. Cz\u0119\u015b\u0107 zawodnik\u00f3w nadal pracuje","canonical_url":"https:\/\/zastalowcy.pl\/?p=1311","robots":"max-image-preview:large","keywords":"","webmasterTools":{"miscellaneous":""},"schema":{"@context":"https:\/\/schema.org","@graph":[{"@type":"BlogPosting","@id":"https:\/\/zastalowcy.pl\/?p=1311#blogposting","name":"Mistrzowie po latach. Co dzi\u015b robi\u0105 bohaterowie pierwszego mistrzostwa Zastalu? -","headline":"Mistrzowie po latach. Co dzi\u015b robi\u0105 bohaterowie pierwszego mistrzostwa Zastalu?","author":{"@id":"https:\/\/zastalowcy.pl\/?author=3#author"},"publisher":{"@id":"https:\/\/zastalowcy.pl\/#organization"},"image":{"@type":"ImageObject","url":"https:\/\/zastalowcy.pl\/wp-content\/uploads\/2026\/07\/profilowe-20.png","width":2048,"height":2048},"datePublished":"2026-07-28T11:22:08+02:00","dateModified":"2026-07-28T11:29:31+02:00","inLanguage":"pl-PL","commentCount":1,"mainEntityOfPage":{"@id":"https:\/\/zastalowcy.pl\/?p=1311#webpage"},"isPartOf":{"@id":"https:\/\/zastalowcy.pl\/?p=1311#webpage"},"articleSection":"Aktualno\u015bci, Felietony, Polska Liga Koszyk\u00f3wki, archiwum, basketzg, dejan borovnjak, dru\u017cyna, filip matczak, kamil chanas, koszyk\u00f3wka, \u0142ukasz koszarek, \u0142ukasz seweryn, mantas cesnauskis, marcin sroka, Milo\u0161 Lopi\u010di\u0107, mistrz polski 2013, mistrzowie, Oliver Stevi\u0107, pawe\u0142 jasnos, plkpl, Polska Liga Koszyk\u00f3wki, quinton hosley, Rados\u0142aw Trubacz, stelmet zielona g\u00f3ra, walter hodge, zastal, zastal 2012\/2013, zastal zielona g\u00f3ra, zastalowcy, zbigniew bia\u0142ek, zielona g\u00f3ra, zielonagora, zielonog\u00f3rska koszyk\u00f3wka"},{"@type":"BreadcrumbList","@id":"https:\/\/zastalowcy.pl\/?p=1311#breadcrumblist","itemListElement":[{"@type":"ListItem","@id":"https:\/\/zastalowcy.pl#listItem","position":1,"name":"Home","item":"https:\/\/zastalowcy.pl","nextItem":{"@type":"ListItem","@id":"https:\/\/zastalowcy.pl\/?cat=7#listItem","name":"Felietony"}},{"@type":"ListItem","@id":"https:\/\/zastalowcy.pl\/?cat=7#listItem","position":2,"name":"Felietony","item":"https:\/\/zastalowcy.pl\/?cat=7","nextItem":{"@type":"ListItem","@id":"https:\/\/zastalowcy.pl\/?p=1311#listItem","name":"Mistrzowie po latach. Co dzi\u015b robi\u0105 bohaterowie pierwszego mistrzostwa Zastalu?"},"previousItem":{"@type":"ListItem","@id":"https:\/\/zastalowcy.pl#listItem","name":"Home"}},{"@type":"ListItem","@id":"https:\/\/zastalowcy.pl\/?p=1311#listItem","position":3,"name":"Mistrzowie po latach. Co dzi\u015b robi\u0105 bohaterowie pierwszego mistrzostwa Zastalu?","previousItem":{"@type":"ListItem","@id":"https:\/\/zastalowcy.pl\/?cat=7#listItem","name":"Felietony"}}]},{"@type":"Organization","@id":"https:\/\/zastalowcy.pl\/#organization","description":"O Zastalu od kibic\u00f3w \u2013 dla kibic\u00f3w","url":"https:\/\/zastalowcy.pl\/","logo":{"@type":"ImageObject","url":"https:\/\/zastalowcy.pl\/wp-content\/uploads\/2025\/09\/cropped-logo-strony-2.png","@id":"https:\/\/zastalowcy.pl\/?p=1311\/#organizationLogo","width":1862,"height":384},"image":{"@id":"https:\/\/zastalowcy.pl\/?p=1311\/#organizationLogo"}},{"@type":"Person","@id":"https:\/\/zastalowcy.pl\/?author=3#author","url":"https:\/\/zastalowcy.pl\/?author=3","name":"Joanna Nawlicka","image":{"@type":"ImageObject","@id":"https:\/\/zastalowcy.pl\/?p=1311#authorImage","url":"https:\/\/secure.gravatar.com\/avatar\/66fc557d97536ff5096b6295970275631b7a4673997738477642001957f5274c?s=96&d=mm&r=g","width":96,"height":96,"caption":"Joanna Nawlicka"}},{"@type":"WebPage","@id":"https:\/\/zastalowcy.pl\/?p=1311#webpage","url":"https:\/\/zastalowcy.pl\/?p=1311","name":"Mistrzowie po latach. Co dzi\u015b robi\u0105 bohaterowie pierwszego mistrzostwa Zastalu? -","description":"2 czerwca 2013 roku zielonog\u00f3rski zesp\u00f3\u0142 po raz pierwszy w historii si\u0119gn\u0105\u0142 po mistrzostwo Polski. Dru\u017cyna w tamtym sk\u0142adzie na zawsze zapisa\u0142a si\u0119 w historii klubu, a wielu zawodnik\u00f3w sta\u0142o si\u0119 prawdziwymi legendami zielonog\u00f3rskiej koszyk\u00f3wki. Co dzi\u015b robi\u0105 bohaterowie tamtego zespo\u0142u? Nie wszyscy zostali przy koszyk\u00f3wce Od historycznego sukcesu min\u0119\u0142o ju\u017c kilkana\u015bcie lat. Cz\u0119\u015b\u0107 zawodnik\u00f3w nadal pracuje","inLanguage":"pl-PL","isPartOf":{"@id":"https:\/\/zastalowcy.pl\/#website"},"breadcrumb":{"@id":"https:\/\/zastalowcy.pl\/?p=1311#breadcrumblist"},"author":{"@id":"https:\/\/zastalowcy.pl\/?author=3#author"},"creator":{"@id":"https:\/\/zastalowcy.pl\/?author=3#author"},"image":{"@type":"ImageObject","url":"https:\/\/zastalowcy.pl\/wp-content\/uploads\/2026\/07\/profilowe-20.png","@id":"https:\/\/zastalowcy.pl\/?p=1311\/#mainImage","width":2048,"height":2048},"primaryImageOfPage":{"@id":"https:\/\/zastalowcy.pl\/?p=1311#mainImage"},"datePublished":"2026-07-28T11:22:08+02:00","dateModified":"2026-07-28T11:29:31+02:00"},{"@type":"WebSite","@id":"https:\/\/zastalowcy.pl\/#website","url":"https:\/\/zastalowcy.pl\/","description":"O Zastalu od kibic\u00f3w \u2013 dla kibic\u00f3w","inLanguage":"pl-PL","publisher":{"@id":"https:\/\/zastalowcy.pl\/#organization"}}]},"og:locale":"pl_PL","og:site_name":"- O Zastalu od kibic\u00f3w \u2013 dla kibic\u00f3w","og:type":"article","og:title":"Mistrzowie po latach. Co dzi\u015b robi\u0105 bohaterowie pierwszego mistrzostwa Zastalu? -","og:description":"2 czerwca 2013 roku zielonog\u00f3rski zesp\u00f3\u0142 po raz pierwszy w historii si\u0119gn\u0105\u0142 po mistrzostwo Polski. Dru\u017cyna w tamtym sk\u0142adzie na zawsze zapisa\u0142a si\u0119 w historii klubu, a wielu zawodnik\u00f3w sta\u0142o si\u0119 prawdziwymi legendami zielonog\u00f3rskiej koszyk\u00f3wki. Co dzi\u015b robi\u0105 bohaterowie tamtego zespo\u0142u? Nie wszyscy zostali przy koszyk\u00f3wce Od historycznego sukcesu min\u0119\u0142o ju\u017c kilkana\u015bcie lat. Cz\u0119\u015b\u0107 zawodnik\u00f3w nadal pracuje","og:url":"https:\/\/zastalowcy.pl\/?p=1311","og:image":"https:\/\/zastalowcy.pl\/wp-content\/uploads\/2025\/09\/cropped-logo-strony-2.png","og:image:secure_url":"https:\/\/zastalowcy.pl\/wp-content\/uploads\/2025\/09\/cropped-logo-strony-2.png","og:image:width":1862,"og:image:height":384,"article:published_time":"2026-07-28T09:22:08+00:00","article:modified_time":"2026-07-28T09:29:31+00:00","twitter:card":"summary_large_image","twitter:title":"Mistrzowie po latach. Co dzi\u015b robi\u0105 bohaterowie pierwszego mistrzostwa Zastalu? -","twitter:description":"2 czerwca 2013 roku zielonog\u00f3rski zesp\u00f3\u0142 po raz pierwszy w historii si\u0119gn\u0105\u0142 po mistrzostwo Polski. Dru\u017cyna w tamtym sk\u0142adzie na zawsze zapisa\u0142a si\u0119 w historii klubu, a wielu zawodnik\u00f3w sta\u0142o si\u0119 prawdziwymi legendami zielonog\u00f3rskiej koszyk\u00f3wki. Co dzi\u015b robi\u0105 bohaterowie tamtego zespo\u0142u? Nie wszyscy zostali przy koszyk\u00f3wce Od historycznego sukcesu min\u0119\u0142o ju\u017c kilkana\u015bcie lat. Cz\u0119\u015b\u0107 zawodnik\u00f3w nadal pracuje","twitter:image":"https:\/\/zastalowcy.pl\/wp-content\/uploads\/2025\/09\/cropped-logo-strony-2.png"},"aioseo_meta_data":{"post_id":"1311","title":null,"description":null,"keywords":null,"keyphrases":{"focus":[],"additional":[]},"primary_term":null,"canonical_url":null,"og_title":null,"og_description":null,"og_object_type":"default","og_image_type":"default","og_image_custom_url":null,"og_image_custom_fields":null,"og_image_url":null,"og_image_width":null,"og_image_height":null,"og_video":"","og_custom_url":null,"og_article_section":null,"og_article_tags":null,"twitter_use_og":false,"twitter_card":"default","twitter_image_type":"default","twitter_image_custom_url":null,"twitter_image_custom_fields":null,"twitter_image_url":null,"twitter_title":null,"twitter_description":null,"schema_type":"default","schema_type_options":null,"schema":{"blockGraphs":[],"customGraphs":[],"default":{"data":{"Article":[],"Course":[],"Dataset":[],"FAQPage":[],"Movie":[],"Person":[],"Product":[],"ProductReview":[],"Car":[],"Recipe":[],"Service":[],"SoftwareApplication":[],"WebPage":[]},"graphName":"BlogPosting","isEnabled":true},"graphs":[]},"pillar_content":false,"robots_default":true,"robots_noindex":false,"robots_noarchive":false,"robots_nosnippet":false,"robots_nofollow":false,"robots_noimageindex":false,"robots_noodp":false,"robots_notranslate":false,"robots_max_snippet":"-1","robots_max_videopreview":"-1","robots_max_imagepreview":"large","priority":null,"frequency":"default","local_seo":null,"limit_modified_date":false,"ai":{"faqs":[],"keyPoints":[],"schemas":[],"titles":[],"descriptions":[],"socialPosts":{"email":{"subject":"","preview":"","content":""},"linkedin":[],"twitter":[],"facebook":[],"instagram":[]}},"breadcrumb_settings":null,"seo_analyzer_scan_date":null,"created":"2026-07-28 09:22:09","updated":"2026-08-22 18:01:31","focus_keyword":null,"additional_keywords":null,"truseo_locale":null},"aioseo_breadcrumb":"<div class=\"aioseo-breadcrumbs\"><span class=\"aioseo-breadcrumb\">\n\t\t\t<a href=\"https:\/\/zastalowcy.pl\" title=\"Home\">Home<\/a>\n\t\t<\/span><span class=\"aioseo-breadcrumb-separator\">&raquo;<\/span><span class=\"aioseo-breadcrumb\">\n\t\t\t<a href=\"https:\/\/zastalowcy.pl\/?cat=7\" title=\"Felietony\">Felietony<\/a>\n\t\t<\/span><span class=\"aioseo-breadcrumb-separator\">&raquo;<\/span><span class=\"aioseo-breadcrumb\">\n\t\t\tMistrzowie po latach. Co dzi\u015b robi\u0105 bohaterowie pierwszego mistrzostwa Zastalu?\n\t\t<\/span><\/div>","aioseo_breadcrumb_json":[{"label":"Home","link":"https:\/\/zastalowcy.pl"},{"label":"Felietony","link":"https:\/\/zastalowcy.pl\/?cat=7"},{"label":"Mistrzowie po latach. Co dzi\u015b robi\u0105 bohaterowie pierwszego mistrzostwa Zastalu?","link":"https:\/\/zastalowcy.pl\/?p=1311"}],"_links":{"self":[{"href":"https:\/\/zastalowcy.pl\/index.php?rest_route=\/wp\/v2\/posts\/1311","targetHints":{"allow":["GET"]}}],"collection":[{"href":"https:\/\/zastalowcy.pl\/index.php?rest_route=\/wp\/v2\/posts"}],"about":[{"href":"https:\/\/zastalowcy.pl\/index.php?rest_route=\/wp\/v2\/types\/post"}],"author":[{"embeddable":true,"href":"https:\/\/zastalowcy.pl\/index.php?rest_route=\/wp\/v2\/users\/3"}],"replies":[{"embeddable":true,"href":"https:\/\/zastalowcy.pl\/index.php?rest_route=%2Fwp%2Fv2%2Fcomments&post=1311"}],"version-history":[{"count":5,"href":"https:\/\/zastalowcy.pl\/index.php?rest_route=\/wp\/v2\/posts\/1311\/revisions"}],"predecessor-version":[{"id":1317,"href":"https:\/\/zastalowcy.pl\/index.php?rest_route=\/wp\/v2\/posts\/1311\/revisions\/1317"}],"wp:featuredmedia":[{"embeddable":true,"href":"https:\/\/zastalowcy.pl\/index.php?rest_route=\/wp\/v2\/media\/1312"}],"wp:attachment":[{"href":"https:\/\/zastalowcy.pl\/index.php?rest_route=%2Fwp%2Fv2%2Fmedia&parent=1311"}],"wp:term":[{"taxonomy":"category","embeddable":true,"href":"https:\/\/zastalowcy.pl\/index.php?rest_route=%2Fwp%2Fv2%2Fcategories&post=1311"},{"taxonomy":"post_tag","embeddable":true,"href":"https:\/\/zastalowcy.pl\/index.php?rest_route=%2Fwp%2Fv2%2Ftags&post=1311"}],"curies":[{"name":"wp","href":"https:\/\/api.w.org\/{rel}","templated":true}]}}