{"id":1318,"date":"2026-07-29T13:49:13","date_gmt":"2026-07-29T11:49:13","guid":{"rendered":"https:\/\/zastalowcy.pl\/?p=1318"},"modified":"2026-07-29T13:49:14","modified_gmt":"2026-07-29T11:49:14","slug":"zastal-siega-po-mistrza-eurocup-gauthier-denis-nowym-zawodnikiem-zielonogorzan","status":"publish","type":"post","link":"https:\/\/zastalowcy.pl\/?p=1318","title":{"rendered":"Zastal si\u0119ga po mistrza EuroCup! Gauthier Denis nowym zawodnikiem zielonog\u00f3rzan"},"content":{"rendered":"\n<p class=\"wp-block-paragraph\">Zastal Zielona G\u00f3ra odkry\u0142 kolejn\u0105 kart\u0119 przed sezonem 2026\/2027. Nowym zawodnikiem bia\u0142o-zielonych zosta\u0142 Gauthier Denis \u2013 29-letni francuski skrzyd\u0142owy, kt\u00f3ry ma za sob\u0105 wyst\u0119py w jednej z najmocniejszych lig Europy oraz triumf w rozgrywkach EuroCup z Paris Basketball.<\/p>\n\n\n\n<p class=\"wp-block-paragraph\">Denis mierzy 201 centymetr\u00f3w wzrostu i mo\u017ce wyst\u0119powa\u0107 zar\u00f3wno na pozycji niskiego, jak i silnego skrzyd\u0142owego. To zawodnik, kt\u00f3ry przez ostatnie lata regularnie rywalizowa\u0142 z czo\u0142owymi francuskimi klubami, a teraz po raz pierwszy spr\u00f3buje swoich si\u0142 poza ojczyzn\u0105.<\/p>\n\n\n\n<h3 class=\"wp-block-heading\">Sze\u015b\u0107 lat w Paris Basketball<\/h3>\n\n\n\n<p class=\"wp-block-paragraph\">Najwa\u017cniejszy etap dotychczasowej kariery Francuza zwi\u0105zany by\u0142 z Paris Basketball. Do klubu do\u0142\u0105czy\u0142 w 2018 roku i przez kolejne sze\u015b\u0107 sezon\u00f3w by\u0142 cz\u0119\u015bci\u0105 projektu, kt\u00f3ry z roku na rok stawa\u0142 si\u0119 jedn\u0105 z najwi\u0119kszych si\u0142 francuskiej koszyk\u00f3wki.<\/p>\n\n\n\n<p class=\"wp-block-paragraph\">W tym czasie paryski zesp\u00f3\u0142 wywalczy\u0142 awans do najwy\u017cszej klasy rozgrywkowej, si\u0119gn\u0105\u0142 po wicemistrzostwo Francji oraz zdoby\u0142 Puchar Francji. Najwi\u0119kszym sukcesem okaza\u0142 si\u0119 jednak sezon 2023\/2024, zako\u0144czony triumfem w rozgrywkach EuroCup. Cho\u0107 Denis nie nale\u017ca\u0142 do pierwszoplanowych postaci dru\u017cyny, by\u0142 cz\u0119\u015bci\u0105 zespo\u0142u, kt\u00f3ry zapisa\u0142 si\u0119 w historii francuskiego klubu.<\/p>\n\n\n\n<h3 class=\"wp-block-heading\">Sprawdzi\u0142 si\u0119 w Betclic \u00c9lite<\/h3>\n\n\n\n<p class=\"wp-block-paragraph\">Po odej\u015bciu z Paris Basketball skrzyd\u0142owy pozosta\u0142 na parkietach francuskiej ekstraklasy. Najpierw reprezentowa\u0142 Bourg-en-Bresse, z kt\u00f3rym dotar\u0142 do p\u00f3\u0142fina\u0142u ligi, a ostatni sezon sp\u0119dzi\u0142 w barwach BCM Gravelines-Dunkerque.<\/p>\n\n\n\n<p class=\"wp-block-paragraph\">W rozgrywkach 2025\/2026 wyst\u0105pi\u0142 w 29 meczach, notuj\u0105c \u015brednio 8,3 punktu, 2,3 zbi\u00f3rki oraz 1,7 asysty na spotkanie.<\/p>\n\n\n\n<h3 class=\"wp-block-heading\">Gro\u017any zza \u0142uku<\/h3>\n\n\n\n<p class=\"wp-block-paragraph\">Jednym z najwi\u0119kszych atut\u00f3w nowego zawodnika Zastalu jest rzut z dystansu. Denis od lat uchodzi za skrzyd\u0142owego, kt\u00f3ry potrafi rozci\u0105ga\u0107 gr\u0119 i skutecznie wykorzystywa\u0107 sytuacje na obwodzie. Dla trenera Arkadiusza Mi\u0142oszewskiego mo\u017ce by\u0107 wi\u0119c kolejnym wa\u017cnym elementem uk\u0142adanki, szczeg\u00f3lnie w kontek\u015bcie gry zar\u00f3wno w PLK, jak i FIBA Europe Cup.<\/p>\n\n\n\n<p class=\"wp-block-paragraph\">\ud83c\udfc0 Zastalowcy.pl \u2013 o Zastalu od kibic\u00f3w \u2013 dla kibic\u00f3w<\/p>\n","protected":false},"excerpt":{"rendered":"<p>Zastal Zielona G\u00f3ra odkry\u0142 kolejn\u0105 kart\u0119 przed sezonem 2026\/2027. Nowym zawodnikiem bia\u0142o-zielonych zosta\u0142 Gauthier Denis \u2013 29-letni francuski<\/p>\n","protected":false},"author":3,"featured_media":1319,"comment_status":"open","ping_status":"open","sticky":false,"template":"","format":"standard","meta":{"om_disable_all_campaigns":false,"footnotes":""},"categories":[18,373,380,367],"tags":[17,26,429,15,12,14,42,11,10,16],"class_list":["post-1318","post","type-post","status-publish","format-standard","has-post-thumbnail","hentry","category-aktualnosci","category-fiba-europe-cup","category-polska-liga-koszykowki","category-sezon-2026-2027","tag-basketzg","tag-druzyna","tag-gauthier-denis","tag-koszykowka","tag-zastal","tag-zastal-zielona-gora","tag-zastalowcy","tag-zielona-gora","tag-zielonagora","tag-zielonogorska-koszykowka"],"aioseo_notices":[],"aioseo_head":"\n\t\t<!-- All in One SEO 5.0.0.1 - aioseo.com -->\n\t<meta name=\"description\" content=\"Zastal Zielona G\u00f3ra odkry\u0142 kolejn\u0105 kart\u0119 przed sezonem 2026\/2027. Nowym zawodnikiem bia\u0142o-zielonych zosta\u0142 Gauthier Denis \u2013 29-letni francuski skrzyd\u0142owy, kt\u00f3ry ma za sob\u0105 wyst\u0119py w jednej z najmocniejszych lig Europy oraz triumf w rozgrywkach EuroCup z Paris Basketball. Denis mierzy 201 centymetr\u00f3w wzrostu i mo\u017ce wyst\u0119powa\u0107 zar\u00f3wno na pozycji niskiego, jak i silnego skrzyd\u0142owego. To\" \/>\n\t<meta name=\"robots\" content=\"max-image-preview:large\" \/>\n\t<meta name=\"author\" content=\"Joanna Nawlicka\"\/>\n\t<link rel=\"canonical\" href=\"https:\/\/zastalowcy.pl\/?p=1318\" \/>\n\t<meta name=\"generator\" content=\"All in One SEO (AIOSEO) 5.0.0.1\" \/>\n\t\t<meta property=\"og:locale\" content=\"pl_PL\" \/>\n\t\t<meta property=\"og:site_name\" content=\"- O Zastalu od kibic\u00f3w \u2013 dla kibic\u00f3w\" \/>\n\t\t<meta property=\"og:type\" content=\"article\" \/>\n\t\t<meta property=\"og:title\" content=\"Zastal si\u0119ga po mistrza EuroCup! Gauthier Denis nowym zawodnikiem zielonog\u00f3rzan -\" \/>\n\t\t<meta property=\"og:description\" content=\"Zastal Zielona G\u00f3ra odkry\u0142 kolejn\u0105 kart\u0119 przed sezonem 2026\/2027. Nowym zawodnikiem bia\u0142o-zielonych zosta\u0142 Gauthier Denis \u2013 29-letni francuski skrzyd\u0142owy, kt\u00f3ry ma za sob\u0105 wyst\u0119py w jednej z najmocniejszych lig Europy oraz triumf w rozgrywkach EuroCup z Paris Basketball. Denis mierzy 201 centymetr\u00f3w wzrostu i mo\u017ce wyst\u0119powa\u0107 zar\u00f3wno na pozycji niskiego, jak i silnego skrzyd\u0142owego. To\" \/>\n\t\t<meta property=\"og:url\" content=\"https:\/\/zastalowcy.pl\/?p=1318\" \/>\n\t\t<meta property=\"og:image\" content=\"https:\/\/zastalowcy.pl\/wp-content\/uploads\/2025\/09\/cropped-logo-strony-2.png\" \/>\n\t\t<meta property=\"og:image:secure_url\" content=\"https:\/\/zastalowcy.pl\/wp-content\/uploads\/2025\/09\/cropped-logo-strony-2.png\" \/>\n\t\t<meta property=\"og:image:width\" content=\"1862\" \/>\n\t\t<meta property=\"og:image:height\" content=\"384\" \/>\n\t\t<meta property=\"article:published_time\" content=\"2026-07-29T11:49:13+00:00\" \/>\n\t\t<meta property=\"article:modified_time\" content=\"2026-07-29T11:49:14+00:00\" \/>\n\t\t<meta name=\"twitter:card\" content=\"summary_large_image\" \/>\n\t\t<meta name=\"twitter:title\" content=\"Zastal si\u0119ga po mistrza EuroCup! Gauthier Denis nowym zawodnikiem zielonog\u00f3rzan -\" \/>\n\t\t<meta name=\"twitter:description\" content=\"Zastal Zielona G\u00f3ra odkry\u0142 kolejn\u0105 kart\u0119 przed sezonem 2026\/2027. Nowym zawodnikiem bia\u0142o-zielonych zosta\u0142 Gauthier Denis \u2013 29-letni francuski skrzyd\u0142owy, kt\u00f3ry ma za sob\u0105 wyst\u0119py w jednej z najmocniejszych lig Europy oraz triumf w rozgrywkach EuroCup z Paris Basketball. Denis mierzy 201 centymetr\u00f3w wzrostu i mo\u017ce wyst\u0119powa\u0107 zar\u00f3wno na pozycji niskiego, jak i silnego skrzyd\u0142owego. To\" \/>\n\t\t<meta name=\"twitter:image\" content=\"https:\/\/zastalowcy.pl\/wp-content\/uploads\/2025\/09\/cropped-logo-strony-2.png\" \/>\n\t\t<script type=\"application\/ld+json\" class=\"aioseo-schema\">\n\t\t\t{\"@context\":\"https:\\\/\\\/schema.org\",\"@graph\":[{\"@type\":\"BlogPosting\",\"@id\":\"https:\\\/\\\/zastalowcy.pl\\\/?p=1318#blogposting\",\"name\":\"Zastal si\\u0119ga po mistrza EuroCup! Gauthier Denis nowym zawodnikiem zielonog\\u00f3rzan -\",\"headline\":\"Zastal si\\u0119ga po mistrza EuroCup! Gauthier Denis nowym zawodnikiem zielonog\\u00f3rzan\",\"author\":{\"@id\":\"https:\\\/\\\/zastalowcy.pl\\\/?author=3#author\"},\"publisher\":{\"@id\":\"https:\\\/\\\/zastalowcy.pl\\\/#organization\"},\"image\":{\"@type\":\"ImageObject\",\"url\":\"https:\\\/\\\/zastalowcy.pl\\\/wp-content\\\/uploads\\\/2026\\\/07\\\/profilowe-21.png\",\"width\":2048,\"height\":2048},\"datePublished\":\"2026-07-29T13:49:13+02:00\",\"dateModified\":\"2026-07-29T13:49:14+02:00\",\"inLanguage\":\"pl-PL\",\"mainEntityOfPage\":{\"@id\":\"https:\\\/\\\/zastalowcy.pl\\\/?p=1318#webpage\"},\"isPartOf\":{\"@id\":\"https:\\\/\\\/zastalowcy.pl\\\/?p=1318#webpage\"},\"articleSection\":\"Aktualno\\u015bci, FIBA Europe Cup, Polska Liga Koszyk\\u00f3wki, Sezon 2026\\\/2027, basketzg, dru\\u017cyna, Gauthier Denis, koszyk\\u00f3wka, zastal, zastal zielona g\\u00f3ra, zastalowcy, zielona g\\u00f3ra, zielonagora, zielonog\\u00f3rska koszyk\\u00f3wka\"},{\"@type\":\"BreadcrumbList\",\"@id\":\"https:\\\/\\\/zastalowcy.pl\\\/?p=1318#breadcrumblist\",\"itemListElement\":[{\"@type\":\"ListItem\",\"@id\":\"https:\\\/\\\/zastalowcy.pl#listItem\",\"position\":1,\"name\":\"Home\",\"item\":\"https:\\\/\\\/zastalowcy.pl\",\"nextItem\":{\"@type\":\"ListItem\",\"@id\":\"https:\\\/\\\/zastalowcy.pl\\\/?cat=18#listItem\",\"name\":\"Aktualno\\u015bci\"}},{\"@type\":\"ListItem\",\"@id\":\"https:\\\/\\\/zastalowcy.pl\\\/?cat=18#listItem\",\"position\":2,\"name\":\"Aktualno\\u015bci\",\"item\":\"https:\\\/\\\/zastalowcy.pl\\\/?cat=18\",\"nextItem\":{\"@type\":\"ListItem\",\"@id\":\"https:\\\/\\\/zastalowcy.pl\\\/?p=1318#listItem\",\"name\":\"Zastal si\\u0119ga po mistrza EuroCup! Gauthier Denis nowym zawodnikiem zielonog\\u00f3rzan\"},\"previousItem\":{\"@type\":\"ListItem\",\"@id\":\"https:\\\/\\\/zastalowcy.pl#listItem\",\"name\":\"Home\"}},{\"@type\":\"ListItem\",\"@id\":\"https:\\\/\\\/zastalowcy.pl\\\/?p=1318#listItem\",\"position\":3,\"name\":\"Zastal si\\u0119ga po mistrza EuroCup! Gauthier Denis nowym zawodnikiem zielonog\\u00f3rzan\",\"previousItem\":{\"@type\":\"ListItem\",\"@id\":\"https:\\\/\\\/zastalowcy.pl\\\/?cat=18#listItem\",\"name\":\"Aktualno\\u015bci\"}}]},{\"@type\":\"Organization\",\"@id\":\"https:\\\/\\\/zastalowcy.pl\\\/#organization\",\"description\":\"O Zastalu od kibic\\u00f3w \\u2013 dla kibic\\u00f3w\",\"url\":\"https:\\\/\\\/zastalowcy.pl\\\/\",\"logo\":{\"@type\":\"ImageObject\",\"url\":\"https:\\\/\\\/zastalowcy.pl\\\/wp-content\\\/uploads\\\/2025\\\/09\\\/cropped-logo-strony-2.png\",\"@id\":\"https:\\\/\\\/zastalowcy.pl\\\/?p=1318\\\/#organizationLogo\",\"width\":1862,\"height\":384},\"image\":{\"@id\":\"https:\\\/\\\/zastalowcy.pl\\\/?p=1318\\\/#organizationLogo\"}},{\"@type\":\"Person\",\"@id\":\"https:\\\/\\\/zastalowcy.pl\\\/?author=3#author\",\"url\":\"https:\\\/\\\/zastalowcy.pl\\\/?author=3\",\"name\":\"Joanna Nawlicka\",\"image\":{\"@type\":\"ImageObject\",\"@id\":\"https:\\\/\\\/zastalowcy.pl\\\/?p=1318#authorImage\",\"url\":\"https:\\\/\\\/secure.gravatar.com\\\/avatar\\\/66fc557d97536ff5096b6295970275631b7a4673997738477642001957f5274c?s=96&d=mm&r=g\",\"width\":96,\"height\":96,\"caption\":\"Joanna Nawlicka\"}},{\"@type\":\"WebPage\",\"@id\":\"https:\\\/\\\/zastalowcy.pl\\\/?p=1318#webpage\",\"url\":\"https:\\\/\\\/zastalowcy.pl\\\/?p=1318\",\"name\":\"Zastal si\\u0119ga po mistrza EuroCup! Gauthier Denis nowym zawodnikiem zielonog\\u00f3rzan -\",\"description\":\"Zastal Zielona G\\u00f3ra odkry\\u0142 kolejn\\u0105 kart\\u0119 przed sezonem 2026\\\/2027. Nowym zawodnikiem bia\\u0142o-zielonych zosta\\u0142 Gauthier Denis \\u2013 29-letni francuski skrzyd\\u0142owy, kt\\u00f3ry ma za sob\\u0105 wyst\\u0119py w jednej z najmocniejszych lig Europy oraz triumf w rozgrywkach EuroCup z Paris Basketball. Denis mierzy 201 centymetr\\u00f3w wzrostu i mo\\u017ce wyst\\u0119powa\\u0107 zar\\u00f3wno na pozycji niskiego, jak i silnego skrzyd\\u0142owego. To\",\"inLanguage\":\"pl-PL\",\"isPartOf\":{\"@id\":\"https:\\\/\\\/zastalowcy.pl\\\/#website\"},\"breadcrumb\":{\"@id\":\"https:\\\/\\\/zastalowcy.pl\\\/?p=1318#breadcrumblist\"},\"author\":{\"@id\":\"https:\\\/\\\/zastalowcy.pl\\\/?author=3#author\"},\"creator\":{\"@id\":\"https:\\\/\\\/zastalowcy.pl\\\/?author=3#author\"},\"image\":{\"@type\":\"ImageObject\",\"url\":\"https:\\\/\\\/zastalowcy.pl\\\/wp-content\\\/uploads\\\/2026\\\/07\\\/profilowe-21.png\",\"@id\":\"https:\\\/\\\/zastalowcy.pl\\\/?p=1318\\\/#mainImage\",\"width\":2048,\"height\":2048},\"primaryImageOfPage\":{\"@id\":\"https:\\\/\\\/zastalowcy.pl\\\/?p=1318#mainImage\"},\"datePublished\":\"2026-07-29T13:49:13+02:00\",\"dateModified\":\"2026-07-29T13:49:14+02:00\"},{\"@type\":\"WebSite\",\"@id\":\"https:\\\/\\\/zastalowcy.pl\\\/#website\",\"url\":\"https:\\\/\\\/zastalowcy.pl\\\/\",\"description\":\"O Zastalu od kibic\\u00f3w \\u2013 dla kibic\\u00f3w\",\"inLanguage\":\"pl-PL\",\"publisher\":{\"@id\":\"https:\\\/\\\/zastalowcy.pl\\\/#organization\"}}]}\n\t\t<\/script>\n\t\t<!-- All in One SEO -->\n\n","aioseo_head_json":{"title":"Zastal si\u0119ga po mistrza EuroCup! Gauthier Denis nowym zawodnikiem zielonog\u00f3rzan -","description":"Zastal Zielona G\u00f3ra odkry\u0142 kolejn\u0105 kart\u0119 przed sezonem 2026\/2027. Nowym zawodnikiem bia\u0142o-zielonych zosta\u0142 Gauthier Denis \u2013 29-letni francuski skrzyd\u0142owy, kt\u00f3ry ma za sob\u0105 wyst\u0119py w jednej z najmocniejszych lig Europy oraz triumf w rozgrywkach EuroCup z Paris Basketball. Denis mierzy 201 centymetr\u00f3w wzrostu i mo\u017ce wyst\u0119powa\u0107 zar\u00f3wno na pozycji niskiego, jak i silnego skrzyd\u0142owego. To","canonical_url":"https:\/\/zastalowcy.pl\/?p=1318","robots":"max-image-preview:large","keywords":"","webmasterTools":{"miscellaneous":""},"schema":{"@context":"https:\/\/schema.org","@graph":[{"@type":"BlogPosting","@id":"https:\/\/zastalowcy.pl\/?p=1318#blogposting","name":"Zastal si\u0119ga po mistrza EuroCup! Gauthier Denis nowym zawodnikiem zielonog\u00f3rzan -","headline":"Zastal si\u0119ga po mistrza EuroCup! Gauthier Denis nowym zawodnikiem zielonog\u00f3rzan","author":{"@id":"https:\/\/zastalowcy.pl\/?author=3#author"},"publisher":{"@id":"https:\/\/zastalowcy.pl\/#organization"},"image":{"@type":"ImageObject","url":"https:\/\/zastalowcy.pl\/wp-content\/uploads\/2026\/07\/profilowe-21.png","width":2048,"height":2048},"datePublished":"2026-07-29T13:49:13+02:00","dateModified":"2026-07-29T13:49:14+02:00","inLanguage":"pl-PL","mainEntityOfPage":{"@id":"https:\/\/zastalowcy.pl\/?p=1318#webpage"},"isPartOf":{"@id":"https:\/\/zastalowcy.pl\/?p=1318#webpage"},"articleSection":"Aktualno\u015bci, FIBA Europe Cup, Polska Liga Koszyk\u00f3wki, Sezon 2026\/2027, basketzg, dru\u017cyna, Gauthier Denis, koszyk\u00f3wka, zastal, zastal zielona g\u00f3ra, zastalowcy, zielona g\u00f3ra, zielonagora, zielonog\u00f3rska koszyk\u00f3wka"},{"@type":"BreadcrumbList","@id":"https:\/\/zastalowcy.pl\/?p=1318#breadcrumblist","itemListElement":[{"@type":"ListItem","@id":"https:\/\/zastalowcy.pl#listItem","position":1,"name":"Home","item":"https:\/\/zastalowcy.pl","nextItem":{"@type":"ListItem","@id":"https:\/\/zastalowcy.pl\/?cat=18#listItem","name":"Aktualno\u015bci"}},{"@type":"ListItem","@id":"https:\/\/zastalowcy.pl\/?cat=18#listItem","position":2,"name":"Aktualno\u015bci","item":"https:\/\/zastalowcy.pl\/?cat=18","nextItem":{"@type":"ListItem","@id":"https:\/\/zastalowcy.pl\/?p=1318#listItem","name":"Zastal si\u0119ga po mistrza EuroCup! Gauthier Denis nowym zawodnikiem zielonog\u00f3rzan"},"previousItem":{"@type":"ListItem","@id":"https:\/\/zastalowcy.pl#listItem","name":"Home"}},{"@type":"ListItem","@id":"https:\/\/zastalowcy.pl\/?p=1318#listItem","position":3,"name":"Zastal si\u0119ga po mistrza EuroCup! Gauthier Denis nowym zawodnikiem zielonog\u00f3rzan","previousItem":{"@type":"ListItem","@id":"https:\/\/zastalowcy.pl\/?cat=18#listItem","name":"Aktualno\u015bci"}}]},{"@type":"Organization","@id":"https:\/\/zastalowcy.pl\/#organization","description":"O Zastalu od kibic\u00f3w \u2013 dla kibic\u00f3w","url":"https:\/\/zastalowcy.pl\/","logo":{"@type":"ImageObject","url":"https:\/\/zastalowcy.pl\/wp-content\/uploads\/2025\/09\/cropped-logo-strony-2.png","@id":"https:\/\/zastalowcy.pl\/?p=1318\/#organizationLogo","width":1862,"height":384},"image":{"@id":"https:\/\/zastalowcy.pl\/?p=1318\/#organizationLogo"}},{"@type":"Person","@id":"https:\/\/zastalowcy.pl\/?author=3#author","url":"https:\/\/zastalowcy.pl\/?author=3","name":"Joanna Nawlicka","image":{"@type":"ImageObject","@id":"https:\/\/zastalowcy.pl\/?p=1318#authorImage","url":"https:\/\/secure.gravatar.com\/avatar\/66fc557d97536ff5096b6295970275631b7a4673997738477642001957f5274c?s=96&d=mm&r=g","width":96,"height":96,"caption":"Joanna Nawlicka"}},{"@type":"WebPage","@id":"https:\/\/zastalowcy.pl\/?p=1318#webpage","url":"https:\/\/zastalowcy.pl\/?p=1318","name":"Zastal si\u0119ga po mistrza EuroCup! Gauthier Denis nowym zawodnikiem zielonog\u00f3rzan -","description":"Zastal Zielona G\u00f3ra odkry\u0142 kolejn\u0105 kart\u0119 przed sezonem 2026\/2027. Nowym zawodnikiem bia\u0142o-zielonych zosta\u0142 Gauthier Denis \u2013 29-letni francuski skrzyd\u0142owy, kt\u00f3ry ma za sob\u0105 wyst\u0119py w jednej z najmocniejszych lig Europy oraz triumf w rozgrywkach EuroCup z Paris Basketball. Denis mierzy 201 centymetr\u00f3w wzrostu i mo\u017ce wyst\u0119powa\u0107 zar\u00f3wno na pozycji niskiego, jak i silnego skrzyd\u0142owego. To","inLanguage":"pl-PL","isPartOf":{"@id":"https:\/\/zastalowcy.pl\/#website"},"breadcrumb":{"@id":"https:\/\/zastalowcy.pl\/?p=1318#breadcrumblist"},"author":{"@id":"https:\/\/zastalowcy.pl\/?author=3#author"},"creator":{"@id":"https:\/\/zastalowcy.pl\/?author=3#author"},"image":{"@type":"ImageObject","url":"https:\/\/zastalowcy.pl\/wp-content\/uploads\/2026\/07\/profilowe-21.png","@id":"https:\/\/zastalowcy.pl\/?p=1318\/#mainImage","width":2048,"height":2048},"primaryImageOfPage":{"@id":"https:\/\/zastalowcy.pl\/?p=1318#mainImage"},"datePublished":"2026-07-29T13:49:13+02:00","dateModified":"2026-07-29T13:49:14+02:00"},{"@type":"WebSite","@id":"https:\/\/zastalowcy.pl\/#website","url":"https:\/\/zastalowcy.pl\/","description":"O Zastalu od kibic\u00f3w \u2013 dla kibic\u00f3w","inLanguage":"pl-PL","publisher":{"@id":"https:\/\/zastalowcy.pl\/#organization"}}]},"og:locale":"pl_PL","og:site_name":"- O Zastalu od kibic\u00f3w \u2013 dla kibic\u00f3w","og:type":"article","og:title":"Zastal si\u0119ga po mistrza EuroCup! Gauthier Denis nowym zawodnikiem zielonog\u00f3rzan -","og:description":"Zastal Zielona G\u00f3ra odkry\u0142 kolejn\u0105 kart\u0119 przed sezonem 2026\/2027. Nowym zawodnikiem bia\u0142o-zielonych zosta\u0142 Gauthier Denis \u2013 29-letni francuski skrzyd\u0142owy, kt\u00f3ry ma za sob\u0105 wyst\u0119py w jednej z najmocniejszych lig Europy oraz triumf w rozgrywkach EuroCup z Paris Basketball. Denis mierzy 201 centymetr\u00f3w wzrostu i mo\u017ce wyst\u0119powa\u0107 zar\u00f3wno na pozycji niskiego, jak i silnego skrzyd\u0142owego. To","og:url":"https:\/\/zastalowcy.pl\/?p=1318","og:image":"https:\/\/zastalowcy.pl\/wp-content\/uploads\/2025\/09\/cropped-logo-strony-2.png","og:image:secure_url":"https:\/\/zastalowcy.pl\/wp-content\/uploads\/2025\/09\/cropped-logo-strony-2.png","og:image:width":1862,"og:image:height":384,"article:published_time":"2026-07-29T11:49:13+00:00","article:modified_time":"2026-07-29T11:49:14+00:00","twitter:card":"summary_large_image","twitter:title":"Zastal si\u0119ga po mistrza EuroCup! Gauthier Denis nowym zawodnikiem zielonog\u00f3rzan -","twitter:description":"Zastal Zielona G\u00f3ra odkry\u0142 kolejn\u0105 kart\u0119 przed sezonem 2026\/2027. Nowym zawodnikiem bia\u0142o-zielonych zosta\u0142 Gauthier Denis \u2013 29-letni francuski skrzyd\u0142owy, kt\u00f3ry ma za sob\u0105 wyst\u0119py w jednej z najmocniejszych lig Europy oraz triumf w rozgrywkach EuroCup z Paris Basketball. Denis mierzy 201 centymetr\u00f3w wzrostu i mo\u017ce wyst\u0119powa\u0107 zar\u00f3wno na pozycji niskiego, jak i silnego skrzyd\u0142owego. To","twitter:image":"https:\/\/zastalowcy.pl\/wp-content\/uploads\/2025\/09\/cropped-logo-strony-2.png"},"aioseo_meta_data":{"post_id":"1318","title":null,"description":null,"keywords":null,"keyphrases":{"focus":[],"additional":[]},"primary_term":null,"canonical_url":null,"og_title":null,"og_description":null,"og_object_type":"default","og_image_type":"default","og_image_custom_url":null,"og_image_custom_fields":null,"og_image_url":null,"og_image_width":null,"og_image_height":null,"og_video":"","og_custom_url":null,"og_article_section":null,"og_article_tags":null,"twitter_use_og":false,"twitter_card":"default","twitter_image_type":"default","twitter_image_custom_url":null,"twitter_image_custom_fields":null,"twitter_image_url":null,"twitter_title":null,"twitter_description":null,"schema_type":"default","schema_type_options":null,"schema":{"blockGraphs":[],"customGraphs":[],"default":{"data":{"Article":[],"Course":[],"Dataset":[],"FAQPage":[],"Movie":[],"Person":[],"Product":[],"ProductReview":[],"Car":[],"Recipe":[],"Service":[],"SoftwareApplication":[],"WebPage":[]},"graphName":"BlogPosting","isEnabled":true},"graphs":[]},"pillar_content":false,"robots_default":true,"robots_noindex":false,"robots_noarchive":false,"robots_nosnippet":false,"robots_nofollow":false,"robots_noimageindex":false,"robots_noodp":false,"robots_notranslate":false,"robots_max_snippet":"-1","robots_max_videopreview":"-1","robots_max_imagepreview":"large","priority":null,"frequency":"default","local_seo":null,"limit_modified_date":false,"ai":{"faqs":[],"keyPoints":[],"schemas":[],"titles":[],"descriptions":[],"socialPosts":{"email":{"subject":"","preview":"","content":""},"linkedin":[],"twitter":[],"facebook":[],"instagram":[]}},"breadcrumb_settings":null,"seo_analyzer_scan_date":null,"created":"2026-07-29 11:49:14","updated":"2026-08-22 18:01:31","focus_keyword":null,"additional_keywords":null,"truseo_locale":null},"aioseo_breadcrumb":"<div class=\"aioseo-breadcrumbs\"><span class=\"aioseo-breadcrumb\">\n\t\t\t<a href=\"https:\/\/zastalowcy.pl\" title=\"Home\">Home<\/a>\n\t\t<\/span><span class=\"aioseo-breadcrumb-separator\">&raquo;<\/span><span class=\"aioseo-breadcrumb\">\n\t\t\t<a href=\"https:\/\/zastalowcy.pl\/?cat=18\" title=\"Aktualno\u015bci\">Aktualno\u015bci<\/a>\n\t\t<\/span><span class=\"aioseo-breadcrumb-separator\">&raquo;<\/span><span class=\"aioseo-breadcrumb\">\n\t\t\tZastal si\u0119ga po mistrza EuroCup! Gauthier Denis nowym zawodnikiem zielonog\u00f3rzan\n\t\t<\/span><\/div>","aioseo_breadcrumb_json":[{"label":"Home","link":"https:\/\/zastalowcy.pl"},{"label":"Aktualno\u015bci","link":"https:\/\/zastalowcy.pl\/?cat=18"},{"label":"Zastal si\u0119ga po mistrza EuroCup! Gauthier Denis nowym zawodnikiem zielonog\u00f3rzan","link":"https:\/\/zastalowcy.pl\/?p=1318"}],"_links":{"self":[{"href":"https:\/\/zastalowcy.pl\/index.php?rest_route=\/wp\/v2\/posts\/1318","targetHints":{"allow":["GET"]}}],"collection":[{"href":"https:\/\/zastalowcy.pl\/index.php?rest_route=\/wp\/v2\/posts"}],"about":[{"href":"https:\/\/zastalowcy.pl\/index.php?rest_route=\/wp\/v2\/types\/post"}],"author":[{"embeddable":true,"href":"https:\/\/zastalowcy.pl\/index.php?rest_route=\/wp\/v2\/users\/3"}],"replies":[{"embeddable":true,"href":"https:\/\/zastalowcy.pl\/index.php?rest_route=%2Fwp%2Fv2%2Fcomments&post=1318"}],"version-history":[{"count":1,"href":"https:\/\/zastalowcy.pl\/index.php?rest_route=\/wp\/v2\/posts\/1318\/revisions"}],"predecessor-version":[{"id":1320,"href":"https:\/\/zastalowcy.pl\/index.php?rest_route=\/wp\/v2\/posts\/1318\/revisions\/1320"}],"wp:featuredmedia":[{"embeddable":true,"href":"https:\/\/zastalowcy.pl\/index.php?rest_route=\/wp\/v2\/media\/1319"}],"wp:attachment":[{"href":"https:\/\/zastalowcy.pl\/index.php?rest_route=%2Fwp%2Fv2%2Fmedia&parent=1318"}],"wp:term":[{"taxonomy":"category","embeddable":true,"href":"https:\/\/zastalowcy.pl\/index.php?rest_route=%2Fwp%2Fv2%2Fcategories&post=1318"},{"taxonomy":"post_tag","embeddable":true,"href":"https:\/\/zastalowcy.pl\/index.php?rest_route=%2Fwp%2Fv2%2Ftags&post=1318"}],"curies":[{"name":"wp","href":"https:\/\/api.w.org\/{rel}","templated":true}]}}