{"id":1321,"date":"2026-07-30T08:14:44","date_gmt":"2026-07-30T06:14:44","guid":{"rendered":"https:\/\/zastalowcy.pl\/?p=1321"},"modified":"2026-07-30T08:17:14","modified_gmt":"2026-07-30T06:17:14","slug":"pieciu-bylych-zawodnikow-zastalu-wciaz-bez-klubow","status":"publish","type":"post","link":"https:\/\/zastalowcy.pl\/?p=1321","title":{"rendered":"Pi\u0119ciu by\u0142ych zawodnik\u00f3w Zastalu wci\u0105\u017c bez klub\u00f3w"},"content":{"rendered":"\n<p class=\"wp-block-paragraph\">Cho\u0107 przygotowania do sezonu 2026\/2027 rusz\u0105 ju\u017c za kilka tygodni, kilku zawodnik\u00f3w, kt\u00f3rzy w poprzednich rozgrywkach reprezentowali ORLEN Zastal Zielona G\u00f3ra, nadal pozostaje bez nowego pracodawcy. Cz\u0119\u015b\u0107 z nich ma za sob\u0105 bardzo udane rozgrywki, inni z kolei z r\u00f3\u017cnych powod\u00f3w nie zdo\u0142ali pokaza\u0107 pe\u0142ni swoich mo\u017cliwo\u015bci. Sprawdzamy, jaka jest ich obecna sytuacja.<\/p>\n\n\n\n<h3 class=\"wp-block-heading\">Marcin Woroniecki czeka na kolejn\u0105 szans\u0119<\/h3>\n\n\n\n<p class=\"wp-block-paragraph\">Spo\u015br\u00f3d polskich zawodnik\u00f3w najciekawiej wygl\u0105da sytuacja Marcina Woronieckiego. W ostatnich tygodniach pojawia\u0142y si\u0119 informacje o jego mo\u017cliwych przenosinach do \u0141KS-u \u0141\u00f3d\u017a, jednak do podpisania kontraktu ostatecznie nie dosz\u0142o.<\/p>\n\n\n\n<p class=\"wp-block-paragraph\">Nie oznacza to jednak, \u017ce skrzyd\u0142owy b\u0119dzie zmuszony zej\u015b\u0107 poziom ni\u017cej. S\u0142ycha\u0107, \u017ce temat jego dalszej gry najwy\u017cszej lidze w Polsce pozostaje otwarty, a jeden z klub\u00f3w PLK bardzo powa\u017cnie rozwa\u017ca jego zatrudnienie.<\/p>\n\n\n\n<p class=\"wp-block-paragraph\">W zako\u0144czonym sezonie Woroniecki rozegra\u0142 35 spotka\u0144 w barwach Zastalu. \u015arednio zdobywa\u0142 4,2 punktu, dok\u0142ada\u0142 1,1 zbi\u00f3rki i 0,5 asysty, sp\u0119dzaj\u0105c na parkiecie niespe\u0142na 12 minut na mecz. Trafia\u0142 r\u00f3wnie\u017c ponad 53 procent rzut\u00f3w za dwa punkty.<\/p>\n\n\n\n<figure class=\"wp-block-image size-large\"><img loading=\"lazy\" decoding=\"async\" width=\"1024\" height=\"683\" src=\"https:\/\/zastalowcy.pl\/wp-content\/uploads\/2026\/07\/IMG_4453-1024x683.jpg\" alt=\"\" class=\"wp-image-1323\" srcset=\"https:\/\/zastalowcy.pl\/wp-content\/uploads\/2026\/07\/IMG_4453-1024x683.jpg 1024w, https:\/\/zastalowcy.pl\/wp-content\/uploads\/2026\/07\/IMG_4453-300x200.jpg 300w, https:\/\/zastalowcy.pl\/wp-content\/uploads\/2026\/07\/IMG_4453-768x512.jpg 768w, https:\/\/zastalowcy.pl\/wp-content\/uploads\/2026\/07\/IMG_4453-1536x1024.jpg 1536w, https:\/\/zastalowcy.pl\/wp-content\/uploads\/2026\/07\/IMG_4453-2048x1365.jpg 2048w\" sizes=\"auto, (max-width: 1024px) 100vw, 1024px\" \/><figcaption class=\"wp-element-caption\">fot. Joanna Nawlicka<\/figcaption><\/figure>\n\n\n\n<h3 class=\"wp-block-heading\">Phil Fayne nadal wolnym zawodnikiem<\/h3>\n\n\n\n<p class=\"wp-block-paragraph\">Najwi\u0119cej mecz\u00f3w spo\u015br\u00f3d ca\u0142ej pi\u0105tki rozegra\u0142 Phil Fayne. Ameryka\u0144ski podkoszowy by\u0142 obecny w zespole praktycznie przez ca\u0142y sezon i wyst\u0105pi\u0142 w 43 spotkaniach PLK.<\/p>\n\n\n\n<p class=\"wp-block-paragraph\">\u015arednio notowa\u0142 6,6 punktu oraz 3,7 zbi\u00f3rki, a jego skuteczno\u015b\u0107 rzut\u00f3w za dwa wynios\u0142a a\u017c 57 procent. Fayne by\u0142 jednym z zawodnik\u00f3w odpowiadaj\u0105cych za rotacj\u0119 pod koszem i cz\u0119sto dostarcza\u0142 dru\u017cynie energii po wej\u015bciu z \u0142awki.<\/p>\n\n\n\n<p class=\"wp-block-paragraph\">Na razie jednak jego nazwisko nie pojawi\u0142o si\u0119 przy \u017cadnym oficjalnym transferze.<\/p>\n\n\n\n<figure class=\"wp-block-image size-large\"><img loading=\"lazy\" decoding=\"async\" width=\"1024\" height=\"683\" src=\"https:\/\/zastalowcy.pl\/wp-content\/uploads\/2026\/07\/IMG_2269-1024x683.jpg\" alt=\"\" class=\"wp-image-1324\" srcset=\"https:\/\/zastalowcy.pl\/wp-content\/uploads\/2026\/07\/IMG_2269-1024x683.jpg 1024w, https:\/\/zastalowcy.pl\/wp-content\/uploads\/2026\/07\/IMG_2269-300x200.jpg 300w, https:\/\/zastalowcy.pl\/wp-content\/uploads\/2026\/07\/IMG_2269-768x512.jpg 768w, https:\/\/zastalowcy.pl\/wp-content\/uploads\/2026\/07\/IMG_2269-1536x1024.jpg 1536w, https:\/\/zastalowcy.pl\/wp-content\/uploads\/2026\/07\/IMG_2269-2048x1365.jpg 2048w\" sizes=\"auto, (max-width: 1024px) 100vw, 1024px\" \/><figcaption class=\"wp-element-caption\">fot. Joanna Nawlicka<\/figcaption><\/figure>\n\n\n\n<h3 class=\"wp-block-heading\">Kontuzja pokrzy\u017cowa\u0142a plany Sagaby Konate<\/h3>\n\n\n\n<p class=\"wp-block-paragraph\">Najkr\u00f3cej w Zielonej G\u00f3rze ogl\u0105dali\u015bmy Sagab\u0119 Konate. Reprezentant Mali do\u0142\u0105czy\u0142 do Zastalu na pocz\u0105tku stycznia 2026 roku i zd\u0105\u017cy\u0142 rozegra\u0107 zaledwie pi\u0119\u0107 ligowych spotka\u0144.<\/p>\n\n\n\n<p class=\"wp-block-paragraph\">Jego pobyt w klubie brutalnie przerwa\u0142a <a href=\"https:\/\/zastalowcy.pl\/?p=1088\" title=\"\">kontuzja nadgarstka<\/a>, kt\u00f3rej dozna\u0142 podczas \u0107wier\u0107fina\u0142u Pucharu Polski. Uraz okaza\u0142 si\u0119 na tyle powa\u017cny, \u017ce konieczna by\u0142a operacja. Przez kolejne miesi\u0105ce Konate przechodzi\u0142 rehabilitacj\u0119 w Zielonej G\u00f3rze, jednak nie wr\u00f3ci\u0142 ju\u017c do gry.<\/p>\n\n\n\n<p class=\"wp-block-paragraph\">W pi\u0119ciu wyst\u0119pach w ORLEN Basket Lidze notowa\u0142 \u015brednio 3,6 punktu oraz 2,8 zbi\u00f3rki.<\/p>\n\n\n\n<figure class=\"wp-block-image size-large\"><img loading=\"lazy\" decoding=\"async\" width=\"1024\" height=\"683\" src=\"https:\/\/zastalowcy.pl\/wp-content\/uploads\/2026\/07\/IMG_1640-1024x683.jpg\" alt=\"\" class=\"wp-image-1327\" srcset=\"https:\/\/zastalowcy.pl\/wp-content\/uploads\/2026\/07\/IMG_1640-1024x683.jpg 1024w, https:\/\/zastalowcy.pl\/wp-content\/uploads\/2026\/07\/IMG_1640-300x200.jpg 300w, https:\/\/zastalowcy.pl\/wp-content\/uploads\/2026\/07\/IMG_1640-768x512.jpg 768w, https:\/\/zastalowcy.pl\/wp-content\/uploads\/2026\/07\/IMG_1640-1536x1024.jpg 1536w, https:\/\/zastalowcy.pl\/wp-content\/uploads\/2026\/07\/IMG_1640-2048x1365.jpg 2048w\" sizes=\"auto, (max-width: 1024px) 100vw, 1024px\" \/><figcaption class=\"wp-element-caption\">fot. Joanna Nawlicka<\/figcaption><\/figure>\n\n\n\n<h3 class=\"wp-block-heading\">Chavaughn Lewis by\u0142 liderem Zastalu<\/h3>\n\n\n\n<p class=\"wp-block-paragraph\">Bez w\u0105tpienia najwi\u0119kszym nazwiskiem w tym gronie pozostaje Chavaughn Lewis. Amerykanin trafi\u0142 do Zielonej G\u00f3ry pod koniec listopada, maj\u0105c za sob\u0105 bardzo udany okres w meksyka\u0144skim Astros de Jalisco.<\/p>\n\n\n\n<p class=\"wp-block-paragraph\">Do Zastalu wszed\u0142 niemal z marszu i szybko sta\u0142 si\u0119 najwa\u017cniejsz\u0105 postaci\u0105 ofensywy. W 31 spotkaniach sezonu zasadniczego zdobywa\u0142 \u015brednio 15,8 punktu \u2013 najwi\u0119cej spo\u015br\u00f3d wszystkich zawodnik\u00f3w zielonog\u00f3rskiej dru\u017cyny. Do tego dok\u0142ada\u0142 3,2 zbi\u00f3rki, 2,4 asysty i wska\u017anik efektywno\u015bci na poziomie 13,4 EVAL.<\/p>\n\n\n\n<p class=\"wp-block-paragraph\">Mimo bardzo dobrego sezonu Lewis nadal pozostaje bez og\u0142oszonego klubu na rozgrywki 2026\/2027.<\/p>\n\n\n\n<p class=\"wp-block-paragraph\">Przy okazji przypominamy, \u017ce mo\u017cecie obejrze\u0107 wywiad z Chavaughnem Lewisem, klikaj\u0105c <a href=\"https:\/\/www.youtube.com\/watch?v=azldZwY_m94&amp;t=3254s\" title=\"\">TUTAJ.<\/a><\/p>\n\n\n\n<figure class=\"wp-block-image size-large\"><img loading=\"lazy\" decoding=\"async\" width=\"1024\" height=\"683\" src=\"https:\/\/zastalowcy.pl\/wp-content\/uploads\/2026\/07\/IMG_0701-1024x683.jpg\" alt=\"\" class=\"wp-image-1326\" srcset=\"https:\/\/zastalowcy.pl\/wp-content\/uploads\/2026\/07\/IMG_0701-1024x683.jpg 1024w, https:\/\/zastalowcy.pl\/wp-content\/uploads\/2026\/07\/IMG_0701-300x200.jpg 300w, https:\/\/zastalowcy.pl\/wp-content\/uploads\/2026\/07\/IMG_0701-768x512.jpg 768w, https:\/\/zastalowcy.pl\/wp-content\/uploads\/2026\/07\/IMG_0701-1536x1024.jpg 1536w, https:\/\/zastalowcy.pl\/wp-content\/uploads\/2026\/07\/IMG_0701-2048x1365.jpg 2048w\" sizes=\"auto, (max-width: 1024px) 100vw, 1024px\" \/><figcaption class=\"wp-element-caption\">fot. Joanna Nawlicka<\/figcaption><\/figure>\n\n\n\n<h3 class=\"wp-block-heading\">Dwight Wilson III r\u00f3wnie\u017c czeka na nowy klub<\/h3>\n\n\n\n<p class=\"wp-block-paragraph\">Ostatnim z wolnych jeszcze zawodnik\u00f3w jest Dwight Wilson III. Do Zielonej G\u00f3ry trafi\u0142 dopiero w po\u0142owie marca, przenosz\u0105c si\u0119 z ligi izraelskiej i wzmacniaj\u0105c rotacj\u0119 podkoszow\u0105 przed decyduj\u0105c\u0105 cz\u0119\u015bci\u0105 sezonu.<\/p>\n\n\n\n<p class=\"wp-block-paragraph\">W 20 meczach ORLEN Basket Ligi zdobywa\u0142 \u015brednio 5,2 punktu i 2,2 zbi\u00f3rki, sp\u0119dzaj\u0105c na parkiecie nieco ponad osiem minut na spotkanie.<\/p>\n\n\n\n<p class=\"wp-block-paragraph\">Tak samo jak pozostali zawodnicy z tego zestawienia, do dzi\u015b nie zosta\u0142 oficjalnie zaprezentowany przez \u017caden klub.<\/p>\n\n\n\n<figure class=\"wp-block-image size-large\"><img loading=\"lazy\" decoding=\"async\" width=\"1024\" height=\"683\" src=\"https:\/\/zastalowcy.pl\/wp-content\/uploads\/2026\/07\/IMG_3933-1024x683.jpg\" alt=\"\" class=\"wp-image-1325\" srcset=\"https:\/\/zastalowcy.pl\/wp-content\/uploads\/2026\/07\/IMG_3933-1024x683.jpg 1024w, https:\/\/zastalowcy.pl\/wp-content\/uploads\/2026\/07\/IMG_3933-300x200.jpg 300w, https:\/\/zastalowcy.pl\/wp-content\/uploads\/2026\/07\/IMG_3933-768x512.jpg 768w, https:\/\/zastalowcy.pl\/wp-content\/uploads\/2026\/07\/IMG_3933-1536x1024.jpg 1536w, https:\/\/zastalowcy.pl\/wp-content\/uploads\/2026\/07\/IMG_3933-2048x1365.jpg 2048w\" sizes=\"auto, (max-width: 1024px) 100vw, 1024px\" \/><figcaption class=\"wp-element-caption\">fot. Joanna Nawlicka<\/figcaption><\/figure>\n\n\n\n<h3 class=\"wp-block-heading\">Kto najszybciej wr\u00f3ci na parkiet?<\/h3>\n\n\n\n<p class=\"wp-block-paragraph\">Do rozpocz\u0119cia nowego sezonu pozosta\u0142o jeszcze troch\u0119 czasu, dlatego sytuacja ka\u017cdego z tych koszykarzy mo\u017ce zmieni\u0107 si\u0119 w najbli\u017cszych tygodniach. Najbli\u017cej podpisania kontraktu wydaje si\u0119 obecnie Marcin Woroniecki.<\/p>\n\n\n\n<p class=\"wp-block-paragraph\">Niewykluczone jednak, \u017ce r\u00f3wnie\u017c pozostali byli zawodnicy Zastalu ju\u017c wkr\u00f3tce znajd\u0105 nowych pracodawc\u00f3w i ponownie zobaczymy ich na europejskich parkietach, a by\u0107 mo\u017ce nawet w polskich klubach.<\/p>\n\n\n\n<p class=\"wp-block-paragraph\">\ud83c\udfc0 Zastalowcy.pl \u2013 o Zastalu od kibic\u00f3w \u2013 dla kibic\u00f3w<\/p>\n","protected":false},"excerpt":{"rendered":"<p>Cho\u0107 przygotowania do sezonu 2026\/2027 rusz\u0105 ju\u017c za kilka tygodni, kilku zawodnik\u00f3w, kt\u00f3rzy w poprzednich rozgrywkach reprezentowali ORLEN<\/p>\n","protected":false},"author":3,"featured_media":1329,"comment_status":"open","ping_status":"open","sticky":false,"template":"","format":"standard","meta":{"om_disable_all_campaigns":false,"footnotes":""},"categories":[18,7],"tags":[17,200,26,342,15,44,66,68,129,118,235,12,14,42,11,10,16],"class_list":["post-1321","post","type-post","status-publish","format-standard","has-post-thumbnail","hentry","category-aktualnosci","category-felietony","tag-basketzg","tag-chavaughn-lewis","tag-druzyna","tag-dwight-wilson-iii","tag-koszykowka","tag-marcin-woroniecki","tag-orlen-basket-liga","tag-phil-fayne","tag-plkpl","tag-polska-liga-koszykowki","tag-sagaba-konate","tag-zastal","tag-zastal-zielona-gora","tag-zastalowcy","tag-zielona-gora","tag-zielonagora","tag-zielonogorska-koszykowka"],"aioseo_notices":[],"aioseo_head":"\n\t\t<!-- All in One SEO 5.0.0.1 - aioseo.com -->\n\t<meta name=\"description\" content=\"Cho\u0107 przygotowania do sezonu 2026\/2027 rusz\u0105 ju\u017c za kilka tygodni, kilku zawodnik\u00f3w, kt\u00f3rzy w poprzednich rozgrywkach reprezentowali ORLEN Zastal Zielona G\u00f3ra, nadal pozostaje bez nowego pracodawcy. Cz\u0119\u015b\u0107 z nich ma za sob\u0105 bardzo udane rozgrywki, inni z kolei z r\u00f3\u017cnych powod\u00f3w nie zdo\u0142ali pokaza\u0107 pe\u0142ni swoich mo\u017cliwo\u015bci. Sprawdzamy, jaka jest ich obecna sytuacja. Marcin Woroniecki\" \/>\n\t<meta name=\"robots\" content=\"max-image-preview:large\" \/>\n\t<meta name=\"author\" content=\"Joanna Nawlicka\"\/>\n\t<link rel=\"canonical\" href=\"https:\/\/zastalowcy.pl\/?p=1321\" \/>\n\t<meta name=\"generator\" content=\"All in One SEO (AIOSEO) 5.0.0.1\" \/>\n\t\t<meta property=\"og:locale\" content=\"pl_PL\" \/>\n\t\t<meta property=\"og:site_name\" content=\"- O Zastalu od kibic\u00f3w \u2013 dla kibic\u00f3w\" \/>\n\t\t<meta property=\"og:type\" content=\"article\" \/>\n\t\t<meta property=\"og:title\" content=\"Pi\u0119ciu by\u0142ych zawodnik\u00f3w Zastalu wci\u0105\u017c bez klub\u00f3w -\" \/>\n\t\t<meta property=\"og:description\" content=\"Cho\u0107 przygotowania do sezonu 2026\/2027 rusz\u0105 ju\u017c za kilka tygodni, kilku zawodnik\u00f3w, kt\u00f3rzy w poprzednich rozgrywkach reprezentowali ORLEN Zastal Zielona G\u00f3ra, nadal pozostaje bez nowego pracodawcy. Cz\u0119\u015b\u0107 z nich ma za sob\u0105 bardzo udane rozgrywki, inni z kolei z r\u00f3\u017cnych powod\u00f3w nie zdo\u0142ali pokaza\u0107 pe\u0142ni swoich mo\u017cliwo\u015bci. Sprawdzamy, jaka jest ich obecna sytuacja. Marcin Woroniecki\" \/>\n\t\t<meta property=\"og:url\" content=\"https:\/\/zastalowcy.pl\/?p=1321\" \/>\n\t\t<meta property=\"og:image\" content=\"https:\/\/zastalowcy.pl\/wp-content\/uploads\/2025\/09\/cropped-logo-strony-2.png\" \/>\n\t\t<meta property=\"og:image:secure_url\" content=\"https:\/\/zastalowcy.pl\/wp-content\/uploads\/2025\/09\/cropped-logo-strony-2.png\" \/>\n\t\t<meta property=\"og:image:width\" content=\"1862\" \/>\n\t\t<meta property=\"og:image:height\" content=\"384\" \/>\n\t\t<meta property=\"article:published_time\" content=\"2026-07-30T06:14:44+00:00\" \/>\n\t\t<meta property=\"article:modified_time\" content=\"2026-07-30T06:17:14+00:00\" \/>\n\t\t<meta name=\"twitter:card\" content=\"summary_large_image\" \/>\n\t\t<meta name=\"twitter:title\" content=\"Pi\u0119ciu by\u0142ych zawodnik\u00f3w Zastalu wci\u0105\u017c bez klub\u00f3w -\" \/>\n\t\t<meta name=\"twitter:description\" content=\"Cho\u0107 przygotowania do sezonu 2026\/2027 rusz\u0105 ju\u017c za kilka tygodni, kilku zawodnik\u00f3w, kt\u00f3rzy w poprzednich rozgrywkach reprezentowali ORLEN Zastal Zielona G\u00f3ra, nadal pozostaje bez nowego pracodawcy. Cz\u0119\u015b\u0107 z nich ma za sob\u0105 bardzo udane rozgrywki, inni z kolei z r\u00f3\u017cnych powod\u00f3w nie zdo\u0142ali pokaza\u0107 pe\u0142ni swoich mo\u017cliwo\u015bci. Sprawdzamy, jaka jest ich obecna sytuacja. Marcin Woroniecki\" \/>\n\t\t<meta name=\"twitter:image\" content=\"https:\/\/zastalowcy.pl\/wp-content\/uploads\/2025\/09\/cropped-logo-strony-2.png\" \/>\n\t\t<script type=\"application\/ld+json\" class=\"aioseo-schema\">\n\t\t\t{\"@context\":\"https:\\\/\\\/schema.org\",\"@graph\":[{\"@type\":\"BlogPosting\",\"@id\":\"https:\\\/\\\/zastalowcy.pl\\\/?p=1321#blogposting\",\"name\":\"Pi\\u0119ciu by\\u0142ych zawodnik\\u00f3w Zastalu wci\\u0105\\u017c bez klub\\u00f3w -\",\"headline\":\"Pi\\u0119ciu by\\u0142ych zawodnik\\u00f3w Zastalu wci\\u0105\\u017c bez klub\\u00f3w\",\"author\":{\"@id\":\"https:\\\/\\\/zastalowcy.pl\\\/?author=3#author\"},\"publisher\":{\"@id\":\"https:\\\/\\\/zastalowcy.pl\\\/#organization\"},\"image\":{\"@type\":\"ImageObject\",\"url\":\"https:\\\/\\\/zastalowcy.pl\\\/wp-content\\\/uploads\\\/2026\\\/07\\\/profilowe-2.png\",\"width\":2048,\"height\":2048},\"datePublished\":\"2026-07-30T08:14:44+02:00\",\"dateModified\":\"2026-07-30T08:17:14+02:00\",\"inLanguage\":\"pl-PL\",\"commentCount\":2,\"mainEntityOfPage\":{\"@id\":\"https:\\\/\\\/zastalowcy.pl\\\/?p=1321#webpage\"},\"isPartOf\":{\"@id\":\"https:\\\/\\\/zastalowcy.pl\\\/?p=1321#webpage\"},\"articleSection\":\"Aktualno\\u015bci, Felietony, basketzg, Chavaughn Lewis, dru\\u017cyna, Dwight Wilson III, koszyk\\u00f3wka, marcin woroniecki, Orlen Basket Liga, phil fayne, plkpl, Polska Liga Koszyk\\u00f3wki, Sagaba Konate, zastal, zastal zielona g\\u00f3ra, zastalowcy, zielona g\\u00f3ra, zielonagora, zielonog\\u00f3rska koszyk\\u00f3wka\"},{\"@type\":\"BreadcrumbList\",\"@id\":\"https:\\\/\\\/zastalowcy.pl\\\/?p=1321#breadcrumblist\",\"itemListElement\":[{\"@type\":\"ListItem\",\"@id\":\"https:\\\/\\\/zastalowcy.pl#listItem\",\"position\":1,\"name\":\"Home\",\"item\":\"https:\\\/\\\/zastalowcy.pl\",\"nextItem\":{\"@type\":\"ListItem\",\"@id\":\"https:\\\/\\\/zastalowcy.pl\\\/?cat=7#listItem\",\"name\":\"Felietony\"}},{\"@type\":\"ListItem\",\"@id\":\"https:\\\/\\\/zastalowcy.pl\\\/?cat=7#listItem\",\"position\":2,\"name\":\"Felietony\",\"item\":\"https:\\\/\\\/zastalowcy.pl\\\/?cat=7\",\"nextItem\":{\"@type\":\"ListItem\",\"@id\":\"https:\\\/\\\/zastalowcy.pl\\\/?p=1321#listItem\",\"name\":\"Pi\\u0119ciu by\\u0142ych zawodnik\\u00f3w Zastalu wci\\u0105\\u017c bez klub\\u00f3w\"},\"previousItem\":{\"@type\":\"ListItem\",\"@id\":\"https:\\\/\\\/zastalowcy.pl#listItem\",\"name\":\"Home\"}},{\"@type\":\"ListItem\",\"@id\":\"https:\\\/\\\/zastalowcy.pl\\\/?p=1321#listItem\",\"position\":3,\"name\":\"Pi\\u0119ciu by\\u0142ych zawodnik\\u00f3w Zastalu wci\\u0105\\u017c bez klub\\u00f3w\",\"previousItem\":{\"@type\":\"ListItem\",\"@id\":\"https:\\\/\\\/zastalowcy.pl\\\/?cat=7#listItem\",\"name\":\"Felietony\"}}]},{\"@type\":\"Organization\",\"@id\":\"https:\\\/\\\/zastalowcy.pl\\\/#organization\",\"description\":\"O Zastalu od kibic\\u00f3w \\u2013 dla kibic\\u00f3w\",\"url\":\"https:\\\/\\\/zastalowcy.pl\\\/\",\"logo\":{\"@type\":\"ImageObject\",\"url\":\"https:\\\/\\\/zastalowcy.pl\\\/wp-content\\\/uploads\\\/2025\\\/09\\\/cropped-logo-strony-2.png\",\"@id\":\"https:\\\/\\\/zastalowcy.pl\\\/?p=1321\\\/#organizationLogo\",\"width\":1862,\"height\":384},\"image\":{\"@id\":\"https:\\\/\\\/zastalowcy.pl\\\/?p=1321\\\/#organizationLogo\"}},{\"@type\":\"Person\",\"@id\":\"https:\\\/\\\/zastalowcy.pl\\\/?author=3#author\",\"url\":\"https:\\\/\\\/zastalowcy.pl\\\/?author=3\",\"name\":\"Joanna Nawlicka\",\"image\":{\"@type\":\"ImageObject\",\"@id\":\"https:\\\/\\\/zastalowcy.pl\\\/?p=1321#authorImage\",\"url\":\"https:\\\/\\\/secure.gravatar.com\\\/avatar\\\/66fc557d97536ff5096b6295970275631b7a4673997738477642001957f5274c?s=96&d=mm&r=g\",\"width\":96,\"height\":96,\"caption\":\"Joanna Nawlicka\"}},{\"@type\":\"WebPage\",\"@id\":\"https:\\\/\\\/zastalowcy.pl\\\/?p=1321#webpage\",\"url\":\"https:\\\/\\\/zastalowcy.pl\\\/?p=1321\",\"name\":\"Pi\\u0119ciu by\\u0142ych zawodnik\\u00f3w Zastalu wci\\u0105\\u017c bez klub\\u00f3w -\",\"description\":\"Cho\\u0107 przygotowania do sezonu 2026\\\/2027 rusz\\u0105 ju\\u017c za kilka tygodni, kilku zawodnik\\u00f3w, kt\\u00f3rzy w poprzednich rozgrywkach reprezentowali ORLEN Zastal Zielona G\\u00f3ra, nadal pozostaje bez nowego pracodawcy. Cz\\u0119\\u015b\\u0107 z nich ma za sob\\u0105 bardzo udane rozgrywki, inni z kolei z r\\u00f3\\u017cnych powod\\u00f3w nie zdo\\u0142ali pokaza\\u0107 pe\\u0142ni swoich mo\\u017cliwo\\u015bci. Sprawdzamy, jaka jest ich obecna sytuacja. Marcin Woroniecki\",\"inLanguage\":\"pl-PL\",\"isPartOf\":{\"@id\":\"https:\\\/\\\/zastalowcy.pl\\\/#website\"},\"breadcrumb\":{\"@id\":\"https:\\\/\\\/zastalowcy.pl\\\/?p=1321#breadcrumblist\"},\"author\":{\"@id\":\"https:\\\/\\\/zastalowcy.pl\\\/?author=3#author\"},\"creator\":{\"@id\":\"https:\\\/\\\/zastalowcy.pl\\\/?author=3#author\"},\"image\":{\"@type\":\"ImageObject\",\"url\":\"https:\\\/\\\/zastalowcy.pl\\\/wp-content\\\/uploads\\\/2026\\\/07\\\/profilowe-2.png\",\"@id\":\"https:\\\/\\\/zastalowcy.pl\\\/?p=1321\\\/#mainImage\",\"width\":2048,\"height\":2048},\"primaryImageOfPage\":{\"@id\":\"https:\\\/\\\/zastalowcy.pl\\\/?p=1321#mainImage\"},\"datePublished\":\"2026-07-30T08:14:44+02:00\",\"dateModified\":\"2026-07-30T08:17:14+02:00\"},{\"@type\":\"WebSite\",\"@id\":\"https:\\\/\\\/zastalowcy.pl\\\/#website\",\"url\":\"https:\\\/\\\/zastalowcy.pl\\\/\",\"description\":\"O Zastalu od kibic\\u00f3w \\u2013 dla kibic\\u00f3w\",\"inLanguage\":\"pl-PL\",\"publisher\":{\"@id\":\"https:\\\/\\\/zastalowcy.pl\\\/#organization\"}}]}\n\t\t<\/script>\n\t\t<!-- All in One SEO -->\n\n","aioseo_head_json":{"title":"Pi\u0119ciu by\u0142ych zawodnik\u00f3w Zastalu wci\u0105\u017c bez klub\u00f3w -","description":"Cho\u0107 przygotowania do sezonu 2026\/2027 rusz\u0105 ju\u017c za kilka tygodni, kilku zawodnik\u00f3w, kt\u00f3rzy w poprzednich rozgrywkach reprezentowali ORLEN Zastal Zielona G\u00f3ra, nadal pozostaje bez nowego pracodawcy. Cz\u0119\u015b\u0107 z nich ma za sob\u0105 bardzo udane rozgrywki, inni z kolei z r\u00f3\u017cnych powod\u00f3w nie zdo\u0142ali pokaza\u0107 pe\u0142ni swoich mo\u017cliwo\u015bci. Sprawdzamy, jaka jest ich obecna sytuacja. Marcin Woroniecki","canonical_url":"https:\/\/zastalowcy.pl\/?p=1321","robots":"max-image-preview:large","keywords":"","webmasterTools":{"miscellaneous":""},"schema":{"@context":"https:\/\/schema.org","@graph":[{"@type":"BlogPosting","@id":"https:\/\/zastalowcy.pl\/?p=1321#blogposting","name":"Pi\u0119ciu by\u0142ych zawodnik\u00f3w Zastalu wci\u0105\u017c bez klub\u00f3w -","headline":"Pi\u0119ciu by\u0142ych zawodnik\u00f3w Zastalu wci\u0105\u017c bez klub\u00f3w","author":{"@id":"https:\/\/zastalowcy.pl\/?author=3#author"},"publisher":{"@id":"https:\/\/zastalowcy.pl\/#organization"},"image":{"@type":"ImageObject","url":"https:\/\/zastalowcy.pl\/wp-content\/uploads\/2026\/07\/profilowe-2.png","width":2048,"height":2048},"datePublished":"2026-07-30T08:14:44+02:00","dateModified":"2026-07-30T08:17:14+02:00","inLanguage":"pl-PL","commentCount":2,"mainEntityOfPage":{"@id":"https:\/\/zastalowcy.pl\/?p=1321#webpage"},"isPartOf":{"@id":"https:\/\/zastalowcy.pl\/?p=1321#webpage"},"articleSection":"Aktualno\u015bci, Felietony, basketzg, Chavaughn Lewis, dru\u017cyna, Dwight Wilson III, koszyk\u00f3wka, marcin woroniecki, Orlen Basket Liga, phil fayne, plkpl, Polska Liga Koszyk\u00f3wki, Sagaba Konate, zastal, zastal zielona g\u00f3ra, zastalowcy, zielona g\u00f3ra, zielonagora, zielonog\u00f3rska koszyk\u00f3wka"},{"@type":"BreadcrumbList","@id":"https:\/\/zastalowcy.pl\/?p=1321#breadcrumblist","itemListElement":[{"@type":"ListItem","@id":"https:\/\/zastalowcy.pl#listItem","position":1,"name":"Home","item":"https:\/\/zastalowcy.pl","nextItem":{"@type":"ListItem","@id":"https:\/\/zastalowcy.pl\/?cat=7#listItem","name":"Felietony"}},{"@type":"ListItem","@id":"https:\/\/zastalowcy.pl\/?cat=7#listItem","position":2,"name":"Felietony","item":"https:\/\/zastalowcy.pl\/?cat=7","nextItem":{"@type":"ListItem","@id":"https:\/\/zastalowcy.pl\/?p=1321#listItem","name":"Pi\u0119ciu by\u0142ych zawodnik\u00f3w Zastalu wci\u0105\u017c bez klub\u00f3w"},"previousItem":{"@type":"ListItem","@id":"https:\/\/zastalowcy.pl#listItem","name":"Home"}},{"@type":"ListItem","@id":"https:\/\/zastalowcy.pl\/?p=1321#listItem","position":3,"name":"Pi\u0119ciu by\u0142ych zawodnik\u00f3w Zastalu wci\u0105\u017c bez klub\u00f3w","previousItem":{"@type":"ListItem","@id":"https:\/\/zastalowcy.pl\/?cat=7#listItem","name":"Felietony"}}]},{"@type":"Organization","@id":"https:\/\/zastalowcy.pl\/#organization","description":"O Zastalu od kibic\u00f3w \u2013 dla kibic\u00f3w","url":"https:\/\/zastalowcy.pl\/","logo":{"@type":"ImageObject","url":"https:\/\/zastalowcy.pl\/wp-content\/uploads\/2025\/09\/cropped-logo-strony-2.png","@id":"https:\/\/zastalowcy.pl\/?p=1321\/#organizationLogo","width":1862,"height":384},"image":{"@id":"https:\/\/zastalowcy.pl\/?p=1321\/#organizationLogo"}},{"@type":"Person","@id":"https:\/\/zastalowcy.pl\/?author=3#author","url":"https:\/\/zastalowcy.pl\/?author=3","name":"Joanna Nawlicka","image":{"@type":"ImageObject","@id":"https:\/\/zastalowcy.pl\/?p=1321#authorImage","url":"https:\/\/secure.gravatar.com\/avatar\/66fc557d97536ff5096b6295970275631b7a4673997738477642001957f5274c?s=96&d=mm&r=g","width":96,"height":96,"caption":"Joanna Nawlicka"}},{"@type":"WebPage","@id":"https:\/\/zastalowcy.pl\/?p=1321#webpage","url":"https:\/\/zastalowcy.pl\/?p=1321","name":"Pi\u0119ciu by\u0142ych zawodnik\u00f3w Zastalu wci\u0105\u017c bez klub\u00f3w -","description":"Cho\u0107 przygotowania do sezonu 2026\/2027 rusz\u0105 ju\u017c za kilka tygodni, kilku zawodnik\u00f3w, kt\u00f3rzy w poprzednich rozgrywkach reprezentowali ORLEN Zastal Zielona G\u00f3ra, nadal pozostaje bez nowego pracodawcy. Cz\u0119\u015b\u0107 z nich ma za sob\u0105 bardzo udane rozgrywki, inni z kolei z r\u00f3\u017cnych powod\u00f3w nie zdo\u0142ali pokaza\u0107 pe\u0142ni swoich mo\u017cliwo\u015bci. Sprawdzamy, jaka jest ich obecna sytuacja. Marcin Woroniecki","inLanguage":"pl-PL","isPartOf":{"@id":"https:\/\/zastalowcy.pl\/#website"},"breadcrumb":{"@id":"https:\/\/zastalowcy.pl\/?p=1321#breadcrumblist"},"author":{"@id":"https:\/\/zastalowcy.pl\/?author=3#author"},"creator":{"@id":"https:\/\/zastalowcy.pl\/?author=3#author"},"image":{"@type":"ImageObject","url":"https:\/\/zastalowcy.pl\/wp-content\/uploads\/2026\/07\/profilowe-2.png","@id":"https:\/\/zastalowcy.pl\/?p=1321\/#mainImage","width":2048,"height":2048},"primaryImageOfPage":{"@id":"https:\/\/zastalowcy.pl\/?p=1321#mainImage"},"datePublished":"2026-07-30T08:14:44+02:00","dateModified":"2026-07-30T08:17:14+02:00"},{"@type":"WebSite","@id":"https:\/\/zastalowcy.pl\/#website","url":"https:\/\/zastalowcy.pl\/","description":"O Zastalu od kibic\u00f3w \u2013 dla kibic\u00f3w","inLanguage":"pl-PL","publisher":{"@id":"https:\/\/zastalowcy.pl\/#organization"}}]},"og:locale":"pl_PL","og:site_name":"- O Zastalu od kibic\u00f3w \u2013 dla kibic\u00f3w","og:type":"article","og:title":"Pi\u0119ciu by\u0142ych zawodnik\u00f3w Zastalu wci\u0105\u017c bez klub\u00f3w -","og:description":"Cho\u0107 przygotowania do sezonu 2026\/2027 rusz\u0105 ju\u017c za kilka tygodni, kilku zawodnik\u00f3w, kt\u00f3rzy w poprzednich rozgrywkach reprezentowali ORLEN Zastal Zielona G\u00f3ra, nadal pozostaje bez nowego pracodawcy. Cz\u0119\u015b\u0107 z nich ma za sob\u0105 bardzo udane rozgrywki, inni z kolei z r\u00f3\u017cnych powod\u00f3w nie zdo\u0142ali pokaza\u0107 pe\u0142ni swoich mo\u017cliwo\u015bci. Sprawdzamy, jaka jest ich obecna sytuacja. Marcin Woroniecki","og:url":"https:\/\/zastalowcy.pl\/?p=1321","og:image":"https:\/\/zastalowcy.pl\/wp-content\/uploads\/2025\/09\/cropped-logo-strony-2.png","og:image:secure_url":"https:\/\/zastalowcy.pl\/wp-content\/uploads\/2025\/09\/cropped-logo-strony-2.png","og:image:width":1862,"og:image:height":384,"article:published_time":"2026-07-30T06:14:44+00:00","article:modified_time":"2026-07-30T06:17:14+00:00","twitter:card":"summary_large_image","twitter:title":"Pi\u0119ciu by\u0142ych zawodnik\u00f3w Zastalu wci\u0105\u017c bez klub\u00f3w -","twitter:description":"Cho\u0107 przygotowania do sezonu 2026\/2027 rusz\u0105 ju\u017c za kilka tygodni, kilku zawodnik\u00f3w, kt\u00f3rzy w poprzednich rozgrywkach reprezentowali ORLEN Zastal Zielona G\u00f3ra, nadal pozostaje bez nowego pracodawcy. Cz\u0119\u015b\u0107 z nich ma za sob\u0105 bardzo udane rozgrywki, inni z kolei z r\u00f3\u017cnych powod\u00f3w nie zdo\u0142ali pokaza\u0107 pe\u0142ni swoich mo\u017cliwo\u015bci. Sprawdzamy, jaka jest ich obecna sytuacja. Marcin Woroniecki","twitter:image":"https:\/\/zastalowcy.pl\/wp-content\/uploads\/2025\/09\/cropped-logo-strony-2.png"},"aioseo_meta_data":{"post_id":"1321","title":null,"description":null,"keywords":null,"keyphrases":{"focus":[],"additional":[]},"primary_term":null,"canonical_url":null,"og_title":null,"og_description":null,"og_object_type":"default","og_image_type":"default","og_image_custom_url":null,"og_image_custom_fields":null,"og_image_url":null,"og_image_width":null,"og_image_height":null,"og_video":"","og_custom_url":null,"og_article_section":null,"og_article_tags":null,"twitter_use_og":false,"twitter_card":"default","twitter_image_type":"default","twitter_image_custom_url":null,"twitter_image_custom_fields":null,"twitter_image_url":null,"twitter_title":null,"twitter_description":null,"schema_type":"default","schema_type_options":null,"schema":{"blockGraphs":[],"customGraphs":[],"default":{"data":{"Article":[],"Course":[],"Dataset":[],"FAQPage":[],"Movie":[],"Person":[],"Product":[],"ProductReview":[],"Car":[],"Recipe":[],"Service":[],"SoftwareApplication":[],"WebPage":[]},"graphName":"BlogPosting","isEnabled":true},"graphs":[]},"pillar_content":false,"robots_default":true,"robots_noindex":false,"robots_noarchive":false,"robots_nosnippet":false,"robots_nofollow":false,"robots_noimageindex":false,"robots_noodp":false,"robots_notranslate":false,"robots_max_snippet":"-1","robots_max_videopreview":"-1","robots_max_imagepreview":"large","priority":null,"frequency":"default","local_seo":null,"limit_modified_date":false,"ai":{"faqs":[],"keyPoints":[],"schemas":[],"titles":[],"descriptions":[],"socialPosts":{"email":{"subject":"","preview":"","content":""},"linkedin":[],"twitter":[],"facebook":[],"instagram":[]}},"breadcrumb_settings":null,"seo_analyzer_scan_date":null,"created":"2026-07-30 06:14:45","updated":"2026-08-22 18:01:31","focus_keyword":null,"additional_keywords":null,"truseo_locale":null},"aioseo_breadcrumb":"<div class=\"aioseo-breadcrumbs\"><span class=\"aioseo-breadcrumb\">\n\t\t\t<a href=\"https:\/\/zastalowcy.pl\" title=\"Home\">Home<\/a>\n\t\t<\/span><span class=\"aioseo-breadcrumb-separator\">&raquo;<\/span><span class=\"aioseo-breadcrumb\">\n\t\t\t<a href=\"https:\/\/zastalowcy.pl\/?cat=7\" title=\"Felietony\">Felietony<\/a>\n\t\t<\/span><span class=\"aioseo-breadcrumb-separator\">&raquo;<\/span><span class=\"aioseo-breadcrumb\">\n\t\t\tPi\u0119ciu by\u0142ych zawodnik\u00f3w Zastalu wci\u0105\u017c bez klub\u00f3w\n\t\t<\/span><\/div>","aioseo_breadcrumb_json":[{"label":"Home","link":"https:\/\/zastalowcy.pl"},{"label":"Felietony","link":"https:\/\/zastalowcy.pl\/?cat=7"},{"label":"Pi\u0119ciu by\u0142ych zawodnik\u00f3w Zastalu wci\u0105\u017c bez klub\u00f3w","link":"https:\/\/zastalowcy.pl\/?p=1321"}],"_links":{"self":[{"href":"https:\/\/zastalowcy.pl\/index.php?rest_route=\/wp\/v2\/posts\/1321","targetHints":{"allow":["GET"]}}],"collection":[{"href":"https:\/\/zastalowcy.pl\/index.php?rest_route=\/wp\/v2\/posts"}],"about":[{"href":"https:\/\/zastalowcy.pl\/index.php?rest_route=\/wp\/v2\/types\/post"}],"author":[{"embeddable":true,"href":"https:\/\/zastalowcy.pl\/index.php?rest_route=\/wp\/v2\/users\/3"}],"replies":[{"embeddable":true,"href":"https:\/\/zastalowcy.pl\/index.php?rest_route=%2Fwp%2Fv2%2Fcomments&post=1321"}],"version-history":[{"count":1,"href":"https:\/\/zastalowcy.pl\/index.php?rest_route=\/wp\/v2\/posts\/1321\/revisions"}],"predecessor-version":[{"id":1328,"href":"https:\/\/zastalowcy.pl\/index.php?rest_route=\/wp\/v2\/posts\/1321\/revisions\/1328"}],"wp:featuredmedia":[{"embeddable":true,"href":"https:\/\/zastalowcy.pl\/index.php?rest_route=\/wp\/v2\/media\/1329"}],"wp:attachment":[{"href":"https:\/\/zastalowcy.pl\/index.php?rest_route=%2Fwp%2Fv2%2Fmedia&parent=1321"}],"wp:term":[{"taxonomy":"category","embeddable":true,"href":"https:\/\/zastalowcy.pl\/index.php?rest_route=%2Fwp%2Fv2%2Fcategories&post=1321"},{"taxonomy":"post_tag","embeddable":true,"href":"https:\/\/zastalowcy.pl\/index.php?rest_route=%2Fwp%2Fv2%2Ftags&post=1321"}],"curies":[{"name":"wp","href":"https:\/\/api.w.org\/{rel}","templated":true}]}}