{"id":1330,"date":"2026-08-03T13:39:33","date_gmt":"2026-08-03T11:39:33","guid":{"rendered":"https:\/\/zastalowcy.pl\/?p=1330"},"modified":"2026-08-04T19:36:04","modified_gmt":"2026-08-04T17:36:04","slug":"od-herkta-do-jovanovicia-co-dzis-robia-byli-trenerzy-zastalu","status":"publish","type":"post","link":"https:\/\/zastalowcy.pl\/?p=1330","title":{"rendered":"Od Herkta do Jovanovicia. Co dzi\u015b robi\u0105 byli trenerzy Zastalu?"},"content":{"rendered":"\n<p class=\"wp-block-paragraph\">Od awansu do Polskiej Ligi Koszyk\u00f3wki w 2010 roku Zastal Zielona G\u00f3ra prowadzi\u0142o wielu szkoleniowc\u00f3w, kt\u00f3rzy zapisali si\u0119 w historii klubu. Jedni zdobywali mistrzostwa Polski, inni odbudowywali dru\u017cyn\u0119 w trudniejszych momentach, a jeszcze inni rozpoczynali w Zielonej G\u00f3rze nowy etap swojej kariery. Sprawdzili\u015bmy, czym dzi\u015b zajmuj\u0105 si\u0119 trenerzy, kt\u00f3rzy od awansu do ekstraklasy prowadzili zielonog\u00f3rski zesp\u00f3\u0142.<\/p>\n\n\n\n<h3 class=\"wp-block-heading\">Tomasz Herkt (sezony 2008\/2009, 2009\/2010, 2010\/2011)<\/h3>\n\n\n\n<p class=\"wp-block-paragraph\">To w\u0142a\u015bnie pod jego wodz\u0105 Zastal wywalczy\u0142 historyczny awans do Polskiej Ligi Koszyk\u00f3wki w 2010 roku. Zielonog\u00f3rski klub prowadzi\u0142 do lutego 2011 roku, a nast\u0119pnie przez kilka miesi\u0119cy pracowa\u0142 w AZS-ie Koszalin.<\/p>\n\n\n\n<p class=\"wp-block-paragraph\">Najwi\u0119ksze sukcesy po odej\u015bciu z Zielonej G\u00f3ry odnosi\u0142 z Artego Bydgoszcz. W ci\u0105gu o\u015bmiu sezon\u00f3w dwukrotnie zdoby\u0142 z zespo\u0142em kobiet br\u0105zowy medal mistrzostw Polski, si\u0119gn\u0105\u0142 po wicemistrzostwo kraju, a w sezonie 2015\/2016 zosta\u0142 wybrany najlepszym trenerem sezonu zasadniczego. Ostatnim klubem w jego karierze by\u0142a Energa Toru\u0144 w sezonie 2020\/2021.<\/p>\n\n\n\n<p class=\"wp-block-paragraph\">Cho\u0107 nie prowadzi ju\u017c zawodowego zespo\u0142u, nadal pozostaje aktywny w koszyk\u00f3wce. W tym roku znalaz\u0142 si\u0119 w sztabie reprezentacji Polski U20 kobiet jako trener wspieraj\u0105cy.<\/p>\n\n\n\n<h3 class=\"wp-block-heading\">Mihailo Uvalin (sezony 2010\/2011, 2011\/2012, 2012\/2013, 2013\/2014)<\/h3>\n\n\n\n<p class=\"wp-block-paragraph\">Za kadencji Serba rozpocz\u0119\u0142a si\u0119 z\u0142ota era zielonog\u00f3rskiej koszyk\u00f3wki. Uvalin poprowadzi\u0142 Zastal do zdobycia pierwszego Pucharu Polski oraz pierwszego mistrzostwa Polski, staj\u0105c si\u0119 jedn\u0105 z najwa\u017cniejszych postaci w historii klubu.<\/p>\n\n\n\n<p class=\"wp-block-paragraph\">Po odej\u015bciu z Zielonej G\u00f3ry prowadzi\u0142 Kinga Wilki Morskie Szczecin, \u015al\u0105sk Wroc\u0142aw, turecki Ye\u015filgiresun Belediye oraz HydroTruck Radom.<\/p>\n\n\n\n<p class=\"wp-block-paragraph\">W listopadzie 2024 roku wr\u00f3ci\u0142 jednak na troch\u0119 do klubu z Zielonej G\u00f3ry. Tym razem obj\u0105\u0142 stanowisko mened\u017cera do spraw sportowych i odpowiada\u0142 za kwestie zwi\u0105zane z pionem sportowym. R\u00f3wnolegle wci\u0105\u017c rozwija za\u0142o\u017con\u0105 przez siebie Fundacj\u0119 Green Star, kt\u00f3ra szkoli m\u0142odych koszykarzy.<\/p>\n\n\n\n<h3 class=\"wp-block-heading\">Andrzej Adamek (sezon 2014\/2015)<\/h3>\n\n\n\n<p class=\"wp-block-paragraph\">Po zdobyciu mistrzostwa Polski przez Mihailo Uvalina klub postawi\u0142 na jego dotychczasowego asystenta. Andrzej Adamek obj\u0105\u0142 funkcj\u0119 pierwszego trenera w czerwcu 2014 roku, podpisuj\u0105c dwuletni kontrakt. Jego przygoda w roli pierwszego trenera trwa\u0142a jednak zaledwie kilka miesi\u0119cy. W listopadzie 2014 roku klub zdecydowa\u0142 si\u0119 na zmian\u0119 szkoleniowca, powierzaj\u0105c dru\u017cyn\u0119 Sa\u0161o Filipovskiemu.<\/p>\n\n\n\n<p class=\"wp-block-paragraph\">Adamek nie rozsta\u0142 si\u0119 jednak z Zielon\u0105 G\u00f3r\u0105. Pozosta\u0142 w sztabie szkoleniowym jako asystent nowego trenera i pracowa\u0142 w klubie do 2018 roku, dok\u0142adaj\u0105c do swojego dorobku kolejne mistrzostwa Polski oraz krajowe trofea.<\/p>\n\n\n\n<p class=\"wp-block-paragraph\">Po odej\u015bciu z Zastalu prowadzi\u0142 \u015al\u0105sk Wroc\u0142aw, p\u00f3\u017aniej ponownie pe\u0142ni\u0142 tam rol\u0119 asystenta, a od 2023 roku jest pierwszym trenerem G\u00f3rnika Zamek Ksi\u0105\u017c Wa\u0142brzych. Z wa\u0142brzyskim klubem wywalczy\u0142 awans do ORLEN Basket Ligi i nadal prowadzi zesp\u00f3\u0142 na najwy\u017cszym poziomie rozgrywkowym.<\/p>\n\n\n\n<h3 class=\"wp-block-heading\">Sa\u0161o Filipovski (sezony 2014\/2015, 2015\/2016)<\/h3>\n\n\n\n<p class=\"wp-block-paragraph\">S\u0142oweniec przej\u0105\u0142 dru\u017cyn\u0119 po Uvalinie i kontynuowa\u0142 pasmo sukces\u00f3w. Ju\u017c w swoim pierwszym sezonie doprowadzi\u0142 Zastal do kolejnego mistrzostwa Polski, a rok p\u00f3\u017aniej zdoby\u0142 r\u00f3wnie\u017c Superpuchar Polski.<\/p>\n\n\n\n<p class=\"wp-block-paragraph\">Po opuszczeniu Zielonej G\u00f3ry pracowa\u0142 w tureckim Banvicie, francuskim AS Monaco oraz serbskim Partizanie Belgrad. Od 2021 roku jest trenerem niemieckiego W\u00fcrzburg Baskets. W dw\u00f3ch ostatnich sezonach doprowadzi\u0142 zesp\u00f3\u0142 do p\u00f3\u0142fina\u0142u Bundesligi, mimo jednego z najni\u017cszych bud\u017cet\u00f3w w ca\u0142ych rozgrywkach.<\/p>\n\n\n\n<h3 class=\"wp-block-heading\">Artur Gronek (sezon 2016\/2017)<\/h3>\n\n\n\n<p class=\"wp-block-paragraph\">We wcze\u015bniejszych latach przez trzy sezony pe\u0142ni\u0142 rol\u0119 asystenta trenera w Zielonej G\u00f3rze, a po odej\u015bciu Filipovskiego sam obj\u0105\u0142 funkcj\u0119 pierwszego szkoleniowca.<\/p>\n\n\n\n<p class=\"wp-block-paragraph\">Ju\u017c w swoim pierwszym sezonie zdoby\u0142 z Zastalem mistrzostwo Polski oraz Puchar Polski. P\u00f3\u017aniej prowadzi\u0142 Polpharm\u0119 Starogard Gda\u0144ski, Astori\u0119 Bydgoszcz, Start Lublin, a w sezonie 2025\/2026 by\u0142 trenerem MKS-u D\u0105browa G\u00f3rnicza.<\/p>\n\n\n\n<h3 class=\"wp-block-heading\">Andrej Urlep (sezon 2017\/2018)<\/h3>\n\n\n\n<p class=\"wp-block-paragraph\">Jeden z bardzo utytu\u0142owanych trener\u00f3w w historii polskiej koszyk\u00f3wki prowadzi\u0142 Zastal w sezonie 2017\/2018.<\/p>\n\n\n\n<p class=\"wp-block-paragraph\">Po zako\u0144czeniu pracy w Zielonej G\u00f3rze trenowa\u0142 litewsk\u0105 D\u017cukij\u0119 Olita, tajlandzki Mono Vampire, \u015al\u0105sk Wroc\u0142aw oraz PGE Sp\u00f3jni\u0119 Stargard. W marcu 2025 roku zosta\u0142 odsuni\u0119ty od prowadzenia stargardzkiego zespo\u0142u i od tamtej pory nie ma informacji o obj\u0119ciu przez niego kolejnego klubu.<\/p>\n\n\n\n<h3 class=\"wp-block-heading\">Igor Jovovi\u0107 (sezon 2018\/2019)<\/h3>\n\n\n\n<p class=\"wp-block-paragraph\">Czarnog\u00f3rski szkoleniowiec prowadzi\u0142 Zastal przez jeden sezon, po czym do\u0142\u0105czy\u0142 do sztabu Bayernu Monachium jako asystent trenera. Nast\u0119pnie by\u0142 pierwszym trenerem niemieckie Telekom Baskets Bonn oraz Mitteldeutscher BC, gdzie pracowa\u0142 przez cztery sezony. Od 2025 roku prowadzi kosowski zesp\u00f3\u0142 Bashkimi.<\/p>\n\n\n\n<h3 class=\"wp-block-heading\">\u017dan Tabak (sezony 2019\/2020 i 2020\/2021)<\/h3>\n\n\n\n<p class=\"wp-block-paragraph\">Pod wodz\u0105 chorwackiego szkoleniowca Zastal stworzy\u0142 jedn\u0105 z najmocniejszych dru\u017cyn w swojej historii. W sezonie 2020\/2021 zielonog\u00f3rzanie zdobyli mistrzostwo Polski, Puchar Polski oraz Superpuchar Polski, a wcze\u015bniej z powodzeniem rywalizowali r\u00f3wnie\u017c w rozgrywkach VTB United League.<\/p>\n\n\n\n<p class=\"wp-block-paragraph\">Po odej\u015bciu z Zielonej G\u00f3ry Tabak prowadzi\u0142 hiszpa\u0144ski San Pablo Burgos, nast\u0119pnie przez trzy sezony by\u0142 trenerem Trefla Sopot, z kt\u00f3rym ponownie si\u0119gn\u0105\u0142 po mistrzostwo Polski. Obecnie pracuje w hiszpa\u0144skim MoraBanc Andorra.<\/p>\n\n\n\n<h3 class=\"wp-block-heading\">Oliver Vidin (sezony 2021\/2022 i 2022\/2023)<\/h3>\n\n\n\n<p class=\"wp-block-paragraph\">Serbski szkoleniowiec przej\u0105\u0142 dru\u017cyn\u0119 w niezwykle trudnym momencie dla klubu. Mimo problem\u00f3w organizacyjnych przez dwa sezony walczy\u0142 o utrzymanie konkurencyjno\u015bci zespo\u0142u i rozw\u00f3j m\u0142odych zawodnik\u00f3w.<\/p>\n\n\n\n<p class=\"wp-block-paragraph\">Po odej\u015bciu z Zielonej G\u00f3ry wr\u00f3ci\u0142 do \u015al\u0105ska Wroc\u0142aw, nast\u0119pnie prowadzi\u0142 w\u0119gierski Szolnoki Olajb\u00e1ny\u00e1sz. Pod koniec 2025 roku ponownie trafi\u0142 na W\u0119gry, obejmuj\u0105c stanowisko pierwszego trenera Alba Feh\u00e9rv\u00e1r. R\u00f3wnolegle pe\u0142ni funkcj\u0119 selekcjonera reprezentacji S\u0142owacji. W kwalifikacjach wst\u0119pnych do EuroBasketu 2029 jego zesp\u00f3\u0142 wygra\u0142 komplet czterech spotka\u0144 pierwszej rundy i obecnie rywalizuje w kolejnym etapie eliminacji z reprezentacjami Szwajcarii oraz Wielkiej Brytanii.<\/p>\n\n\n\n<h3 class=\"wp-block-heading\">David Dedek (sezon 2023\/2024)<\/h3>\n\n\n\n<p class=\"wp-block-paragraph\">S\u0142oweniec rozpocz\u0105\u0142 sezon 2023\/2024 jako trener Zastalu. Po odej\u015bciu z Zielonej G\u00f3ry wr\u00f3ci\u0142 do ojczyzny i obj\u0105\u0142 zesp\u00f3\u0142 LTH Castings \u0160kofja Loka. Przej\u0105\u0142 dru\u017cyn\u0119 w trakcie sezonu 2024\/2025, pomagaj\u0105c jej wyj\u015b\u0107 z trudnej sytuacji, a nast\u0119pnie pozosta\u0142 na stanowisku r\u00f3wnie\u017c w rozgrywkach 2025\/2026.<\/p>\n\n\n\n<p class=\"wp-block-paragraph\">W maju 2026 roku s\u0142owe\u0144ski klub poinformowa\u0142 o zako\u0144czeniu wsp\u00f3\u0142pracy z trenerem.<\/p>\n\n\n\n<h3 class=\"wp-block-heading\">Virginijus Sirvydis (sezon 2023\/2024 i 2024\/2025)<\/h3>\n\n\n\n<p class=\"wp-block-paragraph\">Litwin przej\u0105\u0142 Zastal pod koniec lutego 2024 roku i poprowadzi\u0142 dru\u017cyn\u0119 do ko\u0144ca sezonu. W siedmiu spotkaniach odni\u00f3s\u0142 trzy zwyci\u0119stwa \u2013 nad Anwilem W\u0142oc\u0142awek, Dzikami Warszawa oraz Czarnymi S\u0142upsk.<\/p>\n\n\n\n<p class=\"wp-block-paragraph\">Po zako\u0144czeniu pracy w Zielonej G\u00f3rze kontynuowa\u0142 karier\u0119 na W\u0119grzech, gdzie wiosn\u0105 2025 roku przej\u0105\u0142 OSE Lions Basketball i pom\u00f3g\u0142 dru\u017cynie utrzyma\u0107 si\u0119 w najwy\u017cszej klasie rozgrywkowej. Latem tego samego roku wr\u00f3ci\u0142 na Litw\u0119 i do\u0142\u0105czy\u0142 do sztabu BC \u0160iauliai jako asystent trenera Dariusa Songaili.<\/p>\n\n\n\n<h3 class=\"wp-block-heading\">Vladimir Jovanovi\u0107 (sezon 2024\/2025)<\/h3>\n\n\n\n<p class=\"wp-block-paragraph\">Serbski szkoleniowiec przyszed\u0142 do Zastalu w listopadzie 2024 roku, zast\u0119puj\u0105c Virginijusa Sirvydisa. Przejmowa\u0142 dru\u017cyn\u0119 z bilansem 2-5, a zako\u0144czy\u0142 sezon z 12 zwyci\u0119stwami.<\/p>\n\n\n\n<p class=\"wp-block-paragraph\">Po zako\u0144czeniu rozgrywek jego kontrakt wygas\u0142 i nie zosta\u0142 przed\u0142u\u017cony. Wtedy wr\u00f3ci\u0142 do pracy w Serbskim Zwi\u0105zku Koszyk\u00f3wki jako asystent reprezentacji narodowej. W maju 2026 roku zosta\u0142 og\u0142oszony nowym trenerem niemieckiego SYNTAINICS MBC, wyst\u0119puj\u0105cego w Bundeslidze.<\/p>\n\n\n\n<p class=\"wp-block-paragraph\">Sprawd\u017a, co s\u0142ycha\u0107 u zawodnik\u00f3w z pierwszego mistrzowskiego sk\u0142adu: <a href=\"https:\/\/zastalowcy.pl\/?p=1311\" title=\"\">Mistrzowie po latach. Co dzi\u015b robi\u0105 bohaterowie pierwszego mistrzostwa Zastalu?<\/a><\/p>\n\n\n\n<p class=\"wp-block-paragraph\">\ud83c\udfc0 Zastalowcy.pl \u2013 o Zastalu od kibic\u00f3w \u2013 dla kibic\u00f3w<\/p>\n","protected":false},"excerpt":{"rendered":"<p>Od awansu do Polskiej Ligi Koszyk\u00f3wki w 2010 roku Zastal Zielona G\u00f3ra prowadzi\u0142o wielu szkoleniowc\u00f3w, kt\u00f3rzy zapisali si\u0119<\/p>\n","protected":false},"author":3,"featured_media":1334,"comment_status":"open","ping_status":"open","sticky":false,"template":"","format":"standard","meta":{"om_disable_all_campaigns":false,"footnotes":""},"categories":[18,7],"tags":[434,271,433,17,439,26,435,15,431,437,13,432,430,440,441,436,14,42,11,10,16],"class_list":["post-1330","post","type-post","status-publish","format-standard","has-post-thumbnail","hentry","category-aktualnosci","category-felietony","tag-andrej-urlep","tag-andrzej-adamek","tag-artur-gronek","tag-basketzg","tag-david-dedek-2","tag-druzyna","tag-igor-jovanoic","tag-koszykowka","tag-mihailo-uvalin","tag-oliver-vidin","tag-orlen-zastal-zielona-gora","tag-saso-filipovski","tag-tomasz-herkt","tag-virginijus-sirvydis","tag-vladimir-jovanovic","tag-zan-tabak","tag-zastal-zielona-gora","tag-zastalowcy","tag-zielona-gora","tag-zielonagora","tag-zielonogorska-koszykowka"],"aioseo_notices":[],"aioseo_head":"\n\t\t<!-- All in One SEO 5.0.0.1 - aioseo.com -->\n\t<meta name=\"description\" content=\"Od awansu do Polskiej Ligi Koszyk\u00f3wki w 2010 roku Zastal Zielona G\u00f3ra prowadzi\u0142o wielu szkoleniowc\u00f3w, kt\u00f3rzy zapisali si\u0119 w historii klubu. Jedni zdobywali mistrzostwa Polski, inni odbudowywali dru\u017cyn\u0119 w trudniejszych momentach, a jeszcze inni rozpoczynali w Zielonej G\u00f3rze nowy etap swojej kariery. Sprawdzili\u015bmy, czym dzi\u015b zajmuj\u0105 si\u0119 trenerzy, kt\u00f3rzy od awansu do ekstraklasy prowadzili zielonog\u00f3rski\" \/>\n\t<meta name=\"robots\" content=\"max-image-preview:large\" \/>\n\t<meta name=\"author\" content=\"Joanna Nawlicka\"\/>\n\t<link rel=\"canonical\" href=\"https:\/\/zastalowcy.pl\/?p=1330\" \/>\n\t<meta name=\"generator\" content=\"All in One SEO (AIOSEO) 5.0.0.1\" \/>\n\t\t<meta property=\"og:locale\" content=\"pl_PL\" \/>\n\t\t<meta property=\"og:site_name\" content=\"- O Zastalu od kibic\u00f3w \u2013 dla kibic\u00f3w\" \/>\n\t\t<meta property=\"og:type\" content=\"article\" \/>\n\t\t<meta property=\"og:title\" content=\"Od Herkta do Jovanovicia. Co dzi\u015b robi\u0105 byli trenerzy Zastalu? -\" \/>\n\t\t<meta property=\"og:description\" content=\"Od awansu do Polskiej Ligi Koszyk\u00f3wki w 2010 roku Zastal Zielona G\u00f3ra prowadzi\u0142o wielu szkoleniowc\u00f3w, kt\u00f3rzy zapisali si\u0119 w historii klubu. Jedni zdobywali mistrzostwa Polski, inni odbudowywali dru\u017cyn\u0119 w trudniejszych momentach, a jeszcze inni rozpoczynali w Zielonej G\u00f3rze nowy etap swojej kariery. Sprawdzili\u015bmy, czym dzi\u015b zajmuj\u0105 si\u0119 trenerzy, kt\u00f3rzy od awansu do ekstraklasy prowadzili zielonog\u00f3rski\" \/>\n\t\t<meta property=\"og:url\" content=\"https:\/\/zastalowcy.pl\/?p=1330\" \/>\n\t\t<meta property=\"og:image\" content=\"https:\/\/zastalowcy.pl\/wp-content\/uploads\/2025\/09\/cropped-logo-strony-2.png\" \/>\n\t\t<meta property=\"og:image:secure_url\" content=\"https:\/\/zastalowcy.pl\/wp-content\/uploads\/2025\/09\/cropped-logo-strony-2.png\" \/>\n\t\t<meta property=\"og:image:width\" content=\"1862\" \/>\n\t\t<meta property=\"og:image:height\" content=\"384\" \/>\n\t\t<meta property=\"article:published_time\" content=\"2026-08-03T11:39:33+00:00\" \/>\n\t\t<meta property=\"article:modified_time\" content=\"2026-08-04T17:36:04+00:00\" \/>\n\t\t<meta name=\"twitter:card\" content=\"summary_large_image\" \/>\n\t\t<meta name=\"twitter:title\" content=\"Od Herkta do Jovanovicia. Co dzi\u015b robi\u0105 byli trenerzy Zastalu? -\" \/>\n\t\t<meta name=\"twitter:description\" content=\"Od awansu do Polskiej Ligi Koszyk\u00f3wki w 2010 roku Zastal Zielona G\u00f3ra prowadzi\u0142o wielu szkoleniowc\u00f3w, kt\u00f3rzy zapisali si\u0119 w historii klubu. Jedni zdobywali mistrzostwa Polski, inni odbudowywali dru\u017cyn\u0119 w trudniejszych momentach, a jeszcze inni rozpoczynali w Zielonej G\u00f3rze nowy etap swojej kariery. Sprawdzili\u015bmy, czym dzi\u015b zajmuj\u0105 si\u0119 trenerzy, kt\u00f3rzy od awansu do ekstraklasy prowadzili zielonog\u00f3rski\" \/>\n\t\t<meta name=\"twitter:image\" content=\"https:\/\/zastalowcy.pl\/wp-content\/uploads\/2025\/09\/cropped-logo-strony-2.png\" \/>\n\t\t<script type=\"application\/ld+json\" class=\"aioseo-schema\">\n\t\t\t{\"@context\":\"https:\\\/\\\/schema.org\",\"@graph\":[{\"@type\":\"BlogPosting\",\"@id\":\"https:\\\/\\\/zastalowcy.pl\\\/?p=1330#blogposting\",\"name\":\"Od Herkta do Jovanovicia. Co dzi\\u015b robi\\u0105 byli trenerzy Zastalu? -\",\"headline\":\"Od Herkta do Jovanovicia. Co dzi\\u015b robi\\u0105 byli trenerzy Zastalu?\",\"author\":{\"@id\":\"https:\\\/\\\/zastalowcy.pl\\\/?author=3#author\"},\"publisher\":{\"@id\":\"https:\\\/\\\/zastalowcy.pl\\\/#organization\"},\"image\":{\"@type\":\"ImageObject\",\"url\":\"https:\\\/\\\/zastalowcy.pl\\\/wp-content\\\/uploads\\\/2026\\\/08\\\/profilowe-3.png\",\"width\":2048,\"height\":2048},\"datePublished\":\"2026-08-03T13:39:33+02:00\",\"dateModified\":\"2026-08-04T19:36:04+02:00\",\"inLanguage\":\"pl-PL\",\"mainEntityOfPage\":{\"@id\":\"https:\\\/\\\/zastalowcy.pl\\\/?p=1330#webpage\"},\"isPartOf\":{\"@id\":\"https:\\\/\\\/zastalowcy.pl\\\/?p=1330#webpage\"},\"articleSection\":\"Aktualno\\u015bci, Felietony, andrej urlep, andrzej adamek, artur gronek, basketzg, david dedek, dru\\u017cyna, igor jovanoi\\u0107, koszyk\\u00f3wka, Mihailo Uvalin, oliver vidin, orlen zastal zielona g\\u00f3ra, saso filipovski, tomasz herkt, Virginijus Sirvydis, Vladimir Jovanovi\\u0107, \\u017can tabak, zastal zielona g\\u00f3ra, zastalowcy, zielona g\\u00f3ra, zielonagora, zielonog\\u00f3rska koszyk\\u00f3wka\"},{\"@type\":\"BreadcrumbList\",\"@id\":\"https:\\\/\\\/zastalowcy.pl\\\/?p=1330#breadcrumblist\",\"itemListElement\":[{\"@type\":\"ListItem\",\"@id\":\"https:\\\/\\\/zastalowcy.pl#listItem\",\"position\":1,\"name\":\"Home\",\"item\":\"https:\\\/\\\/zastalowcy.pl\",\"nextItem\":{\"@type\":\"ListItem\",\"@id\":\"https:\\\/\\\/zastalowcy.pl\\\/?cat=7#listItem\",\"name\":\"Felietony\"}},{\"@type\":\"ListItem\",\"@id\":\"https:\\\/\\\/zastalowcy.pl\\\/?cat=7#listItem\",\"position\":2,\"name\":\"Felietony\",\"item\":\"https:\\\/\\\/zastalowcy.pl\\\/?cat=7\",\"nextItem\":{\"@type\":\"ListItem\",\"@id\":\"https:\\\/\\\/zastalowcy.pl\\\/?p=1330#listItem\",\"name\":\"Od Herkta do Jovanovicia. Co dzi\\u015b robi\\u0105 byli trenerzy Zastalu?\"},\"previousItem\":{\"@type\":\"ListItem\",\"@id\":\"https:\\\/\\\/zastalowcy.pl#listItem\",\"name\":\"Home\"}},{\"@type\":\"ListItem\",\"@id\":\"https:\\\/\\\/zastalowcy.pl\\\/?p=1330#listItem\",\"position\":3,\"name\":\"Od Herkta do Jovanovicia. Co dzi\\u015b robi\\u0105 byli trenerzy Zastalu?\",\"previousItem\":{\"@type\":\"ListItem\",\"@id\":\"https:\\\/\\\/zastalowcy.pl\\\/?cat=7#listItem\",\"name\":\"Felietony\"}}]},{\"@type\":\"Organization\",\"@id\":\"https:\\\/\\\/zastalowcy.pl\\\/#organization\",\"description\":\"O Zastalu od kibic\\u00f3w \\u2013 dla kibic\\u00f3w\",\"url\":\"https:\\\/\\\/zastalowcy.pl\\\/\",\"logo\":{\"@type\":\"ImageObject\",\"url\":\"https:\\\/\\\/zastalowcy.pl\\\/wp-content\\\/uploads\\\/2025\\\/09\\\/cropped-logo-strony-2.png\",\"@id\":\"https:\\\/\\\/zastalowcy.pl\\\/?p=1330\\\/#organizationLogo\",\"width\":1862,\"height\":384},\"image\":{\"@id\":\"https:\\\/\\\/zastalowcy.pl\\\/?p=1330\\\/#organizationLogo\"}},{\"@type\":\"Person\",\"@id\":\"https:\\\/\\\/zastalowcy.pl\\\/?author=3#author\",\"url\":\"https:\\\/\\\/zastalowcy.pl\\\/?author=3\",\"name\":\"Joanna Nawlicka\",\"image\":{\"@type\":\"ImageObject\",\"@id\":\"https:\\\/\\\/zastalowcy.pl\\\/?p=1330#authorImage\",\"url\":\"https:\\\/\\\/secure.gravatar.com\\\/avatar\\\/66fc557d97536ff5096b6295970275631b7a4673997738477642001957f5274c?s=96&d=mm&r=g\",\"width\":96,\"height\":96,\"caption\":\"Joanna Nawlicka\"}},{\"@type\":\"WebPage\",\"@id\":\"https:\\\/\\\/zastalowcy.pl\\\/?p=1330#webpage\",\"url\":\"https:\\\/\\\/zastalowcy.pl\\\/?p=1330\",\"name\":\"Od Herkta do Jovanovicia. Co dzi\\u015b robi\\u0105 byli trenerzy Zastalu? -\",\"description\":\"Od awansu do Polskiej Ligi Koszyk\\u00f3wki w 2010 roku Zastal Zielona G\\u00f3ra prowadzi\\u0142o wielu szkoleniowc\\u00f3w, kt\\u00f3rzy zapisali si\\u0119 w historii klubu. Jedni zdobywali mistrzostwa Polski, inni odbudowywali dru\\u017cyn\\u0119 w trudniejszych momentach, a jeszcze inni rozpoczynali w Zielonej G\\u00f3rze nowy etap swojej kariery. Sprawdzili\\u015bmy, czym dzi\\u015b zajmuj\\u0105 si\\u0119 trenerzy, kt\\u00f3rzy od awansu do ekstraklasy prowadzili zielonog\\u00f3rski\",\"inLanguage\":\"pl-PL\",\"isPartOf\":{\"@id\":\"https:\\\/\\\/zastalowcy.pl\\\/#website\"},\"breadcrumb\":{\"@id\":\"https:\\\/\\\/zastalowcy.pl\\\/?p=1330#breadcrumblist\"},\"author\":{\"@id\":\"https:\\\/\\\/zastalowcy.pl\\\/?author=3#author\"},\"creator\":{\"@id\":\"https:\\\/\\\/zastalowcy.pl\\\/?author=3#author\"},\"image\":{\"@type\":\"ImageObject\",\"url\":\"https:\\\/\\\/zastalowcy.pl\\\/wp-content\\\/uploads\\\/2026\\\/08\\\/profilowe-3.png\",\"@id\":\"https:\\\/\\\/zastalowcy.pl\\\/?p=1330\\\/#mainImage\",\"width\":2048,\"height\":2048},\"primaryImageOfPage\":{\"@id\":\"https:\\\/\\\/zastalowcy.pl\\\/?p=1330#mainImage\"},\"datePublished\":\"2026-08-03T13:39:33+02:00\",\"dateModified\":\"2026-08-04T19:36:04+02:00\"},{\"@type\":\"WebSite\",\"@id\":\"https:\\\/\\\/zastalowcy.pl\\\/#website\",\"url\":\"https:\\\/\\\/zastalowcy.pl\\\/\",\"description\":\"O Zastalu od kibic\\u00f3w \\u2013 dla kibic\\u00f3w\",\"inLanguage\":\"pl-PL\",\"publisher\":{\"@id\":\"https:\\\/\\\/zastalowcy.pl\\\/#organization\"}}]}\n\t\t<\/script>\n\t\t<!-- All in One SEO -->\n\n","aioseo_head_json":{"title":"Od Herkta do Jovanovicia. Co dzi\u015b robi\u0105 byli trenerzy Zastalu? -","description":"Od awansu do Polskiej Ligi Koszyk\u00f3wki w 2010 roku Zastal Zielona G\u00f3ra prowadzi\u0142o wielu szkoleniowc\u00f3w, kt\u00f3rzy zapisali si\u0119 w historii klubu. Jedni zdobywali mistrzostwa Polski, inni odbudowywali dru\u017cyn\u0119 w trudniejszych momentach, a jeszcze inni rozpoczynali w Zielonej G\u00f3rze nowy etap swojej kariery. Sprawdzili\u015bmy, czym dzi\u015b zajmuj\u0105 si\u0119 trenerzy, kt\u00f3rzy od awansu do ekstraklasy prowadzili zielonog\u00f3rski","canonical_url":"https:\/\/zastalowcy.pl\/?p=1330","robots":"max-image-preview:large","keywords":"","webmasterTools":{"miscellaneous":""},"schema":{"@context":"https:\/\/schema.org","@graph":[{"@type":"BlogPosting","@id":"https:\/\/zastalowcy.pl\/?p=1330#blogposting","name":"Od Herkta do Jovanovicia. Co dzi\u015b robi\u0105 byli trenerzy Zastalu? -","headline":"Od Herkta do Jovanovicia. Co dzi\u015b robi\u0105 byli trenerzy Zastalu?","author":{"@id":"https:\/\/zastalowcy.pl\/?author=3#author"},"publisher":{"@id":"https:\/\/zastalowcy.pl\/#organization"},"image":{"@type":"ImageObject","url":"https:\/\/zastalowcy.pl\/wp-content\/uploads\/2026\/08\/profilowe-3.png","width":2048,"height":2048},"datePublished":"2026-08-03T13:39:33+02:00","dateModified":"2026-08-04T19:36:04+02:00","inLanguage":"pl-PL","mainEntityOfPage":{"@id":"https:\/\/zastalowcy.pl\/?p=1330#webpage"},"isPartOf":{"@id":"https:\/\/zastalowcy.pl\/?p=1330#webpage"},"articleSection":"Aktualno\u015bci, Felietony, andrej urlep, andrzej adamek, artur gronek, basketzg, david dedek, dru\u017cyna, igor jovanoi\u0107, koszyk\u00f3wka, Mihailo Uvalin, oliver vidin, orlen zastal zielona g\u00f3ra, saso filipovski, tomasz herkt, Virginijus Sirvydis, Vladimir Jovanovi\u0107, \u017can tabak, zastal zielona g\u00f3ra, zastalowcy, zielona g\u00f3ra, zielonagora, zielonog\u00f3rska koszyk\u00f3wka"},{"@type":"BreadcrumbList","@id":"https:\/\/zastalowcy.pl\/?p=1330#breadcrumblist","itemListElement":[{"@type":"ListItem","@id":"https:\/\/zastalowcy.pl#listItem","position":1,"name":"Home","item":"https:\/\/zastalowcy.pl","nextItem":{"@type":"ListItem","@id":"https:\/\/zastalowcy.pl\/?cat=7#listItem","name":"Felietony"}},{"@type":"ListItem","@id":"https:\/\/zastalowcy.pl\/?cat=7#listItem","position":2,"name":"Felietony","item":"https:\/\/zastalowcy.pl\/?cat=7","nextItem":{"@type":"ListItem","@id":"https:\/\/zastalowcy.pl\/?p=1330#listItem","name":"Od Herkta do Jovanovicia. Co dzi\u015b robi\u0105 byli trenerzy Zastalu?"},"previousItem":{"@type":"ListItem","@id":"https:\/\/zastalowcy.pl#listItem","name":"Home"}},{"@type":"ListItem","@id":"https:\/\/zastalowcy.pl\/?p=1330#listItem","position":3,"name":"Od Herkta do Jovanovicia. Co dzi\u015b robi\u0105 byli trenerzy Zastalu?","previousItem":{"@type":"ListItem","@id":"https:\/\/zastalowcy.pl\/?cat=7#listItem","name":"Felietony"}}]},{"@type":"Organization","@id":"https:\/\/zastalowcy.pl\/#organization","description":"O Zastalu od kibic\u00f3w \u2013 dla kibic\u00f3w","url":"https:\/\/zastalowcy.pl\/","logo":{"@type":"ImageObject","url":"https:\/\/zastalowcy.pl\/wp-content\/uploads\/2025\/09\/cropped-logo-strony-2.png","@id":"https:\/\/zastalowcy.pl\/?p=1330\/#organizationLogo","width":1862,"height":384},"image":{"@id":"https:\/\/zastalowcy.pl\/?p=1330\/#organizationLogo"}},{"@type":"Person","@id":"https:\/\/zastalowcy.pl\/?author=3#author","url":"https:\/\/zastalowcy.pl\/?author=3","name":"Joanna Nawlicka","image":{"@type":"ImageObject","@id":"https:\/\/zastalowcy.pl\/?p=1330#authorImage","url":"https:\/\/secure.gravatar.com\/avatar\/66fc557d97536ff5096b6295970275631b7a4673997738477642001957f5274c?s=96&d=mm&r=g","width":96,"height":96,"caption":"Joanna Nawlicka"}},{"@type":"WebPage","@id":"https:\/\/zastalowcy.pl\/?p=1330#webpage","url":"https:\/\/zastalowcy.pl\/?p=1330","name":"Od Herkta do Jovanovicia. Co dzi\u015b robi\u0105 byli trenerzy Zastalu? -","description":"Od awansu do Polskiej Ligi Koszyk\u00f3wki w 2010 roku Zastal Zielona G\u00f3ra prowadzi\u0142o wielu szkoleniowc\u00f3w, kt\u00f3rzy zapisali si\u0119 w historii klubu. Jedni zdobywali mistrzostwa Polski, inni odbudowywali dru\u017cyn\u0119 w trudniejszych momentach, a jeszcze inni rozpoczynali w Zielonej G\u00f3rze nowy etap swojej kariery. Sprawdzili\u015bmy, czym dzi\u015b zajmuj\u0105 si\u0119 trenerzy, kt\u00f3rzy od awansu do ekstraklasy prowadzili zielonog\u00f3rski","inLanguage":"pl-PL","isPartOf":{"@id":"https:\/\/zastalowcy.pl\/#website"},"breadcrumb":{"@id":"https:\/\/zastalowcy.pl\/?p=1330#breadcrumblist"},"author":{"@id":"https:\/\/zastalowcy.pl\/?author=3#author"},"creator":{"@id":"https:\/\/zastalowcy.pl\/?author=3#author"},"image":{"@type":"ImageObject","url":"https:\/\/zastalowcy.pl\/wp-content\/uploads\/2026\/08\/profilowe-3.png","@id":"https:\/\/zastalowcy.pl\/?p=1330\/#mainImage","width":2048,"height":2048},"primaryImageOfPage":{"@id":"https:\/\/zastalowcy.pl\/?p=1330#mainImage"},"datePublished":"2026-08-03T13:39:33+02:00","dateModified":"2026-08-04T19:36:04+02:00"},{"@type":"WebSite","@id":"https:\/\/zastalowcy.pl\/#website","url":"https:\/\/zastalowcy.pl\/","description":"O Zastalu od kibic\u00f3w \u2013 dla kibic\u00f3w","inLanguage":"pl-PL","publisher":{"@id":"https:\/\/zastalowcy.pl\/#organization"}}]},"og:locale":"pl_PL","og:site_name":"- O Zastalu od kibic\u00f3w \u2013 dla kibic\u00f3w","og:type":"article","og:title":"Od Herkta do Jovanovicia. Co dzi\u015b robi\u0105 byli trenerzy Zastalu? -","og:description":"Od awansu do Polskiej Ligi Koszyk\u00f3wki w 2010 roku Zastal Zielona G\u00f3ra prowadzi\u0142o wielu szkoleniowc\u00f3w, kt\u00f3rzy zapisali si\u0119 w historii klubu. Jedni zdobywali mistrzostwa Polski, inni odbudowywali dru\u017cyn\u0119 w trudniejszych momentach, a jeszcze inni rozpoczynali w Zielonej G\u00f3rze nowy etap swojej kariery. Sprawdzili\u015bmy, czym dzi\u015b zajmuj\u0105 si\u0119 trenerzy, kt\u00f3rzy od awansu do ekstraklasy prowadzili zielonog\u00f3rski","og:url":"https:\/\/zastalowcy.pl\/?p=1330","og:image":"https:\/\/zastalowcy.pl\/wp-content\/uploads\/2025\/09\/cropped-logo-strony-2.png","og:image:secure_url":"https:\/\/zastalowcy.pl\/wp-content\/uploads\/2025\/09\/cropped-logo-strony-2.png","og:image:width":1862,"og:image:height":384,"article:published_time":"2026-08-03T11:39:33+00:00","article:modified_time":"2026-08-04T17:36:04+00:00","twitter:card":"summary_large_image","twitter:title":"Od Herkta do Jovanovicia. Co dzi\u015b robi\u0105 byli trenerzy Zastalu? -","twitter:description":"Od awansu do Polskiej Ligi Koszyk\u00f3wki w 2010 roku Zastal Zielona G\u00f3ra prowadzi\u0142o wielu szkoleniowc\u00f3w, kt\u00f3rzy zapisali si\u0119 w historii klubu. Jedni zdobywali mistrzostwa Polski, inni odbudowywali dru\u017cyn\u0119 w trudniejszych momentach, a jeszcze inni rozpoczynali w Zielonej G\u00f3rze nowy etap swojej kariery. Sprawdzili\u015bmy, czym dzi\u015b zajmuj\u0105 si\u0119 trenerzy, kt\u00f3rzy od awansu do ekstraklasy prowadzili zielonog\u00f3rski","twitter:image":"https:\/\/zastalowcy.pl\/wp-content\/uploads\/2025\/09\/cropped-logo-strony-2.png"},"aioseo_meta_data":{"post_id":"1330","title":null,"description":null,"keywords":null,"keyphrases":{"focus":[],"additional":[]},"primary_term":null,"canonical_url":null,"og_title":null,"og_description":null,"og_object_type":"default","og_image_type":"default","og_image_custom_url":null,"og_image_custom_fields":null,"og_image_url":null,"og_image_width":null,"og_image_height":null,"og_video":"","og_custom_url":null,"og_article_section":null,"og_article_tags":null,"twitter_use_og":false,"twitter_card":"default","twitter_image_type":"default","twitter_image_custom_url":null,"twitter_image_custom_fields":null,"twitter_image_url":null,"twitter_title":null,"twitter_description":null,"schema_type":"default","schema_type_options":null,"schema":{"blockGraphs":[],"customGraphs":[],"default":{"data":{"Article":[],"Course":[],"Dataset":[],"FAQPage":[],"Movie":[],"Person":[],"Product":[],"ProductReview":[],"Car":[],"Recipe":[],"Service":[],"SoftwareApplication":[],"WebPage":[]},"graphName":"BlogPosting","isEnabled":true},"graphs":[]},"pillar_content":false,"robots_default":true,"robots_noindex":false,"robots_noarchive":false,"robots_nosnippet":false,"robots_nofollow":false,"robots_noimageindex":false,"robots_noodp":false,"robots_notranslate":false,"robots_max_snippet":"-1","robots_max_videopreview":"-1","robots_max_imagepreview":"large","priority":null,"frequency":"default","local_seo":null,"limit_modified_date":false,"ai":{"faqs":[],"keyPoints":[],"schemas":[],"titles":[],"descriptions":[],"socialPosts":{"email":{"subject":"","preview":"","content":""},"linkedin":[],"twitter":[],"facebook":[],"instagram":[]}},"breadcrumb_settings":null,"seo_analyzer_scan_date":null,"created":"2026-07-31 12:52:19","updated":"2026-08-22 18:01:30","focus_keyword":null,"additional_keywords":null,"truseo_locale":null},"aioseo_breadcrumb":"<div class=\"aioseo-breadcrumbs\"><span class=\"aioseo-breadcrumb\">\n\t\t\t<a href=\"https:\/\/zastalowcy.pl\" title=\"Home\">Home<\/a>\n\t\t<\/span><span class=\"aioseo-breadcrumb-separator\">&raquo;<\/span><span class=\"aioseo-breadcrumb\">\n\t\t\t<a href=\"https:\/\/zastalowcy.pl\/?cat=7\" title=\"Felietony\">Felietony<\/a>\n\t\t<\/span><span class=\"aioseo-breadcrumb-separator\">&raquo;<\/span><span class=\"aioseo-breadcrumb\">\n\t\t\tOd Herkta do Jovanovicia. Co dzi\u015b robi\u0105 byli trenerzy Zastalu?\n\t\t<\/span><\/div>","aioseo_breadcrumb_json":[{"label":"Home","link":"https:\/\/zastalowcy.pl"},{"label":"Felietony","link":"https:\/\/zastalowcy.pl\/?cat=7"},{"label":"Od Herkta do Jovanovicia. Co dzi\u015b robi\u0105 byli trenerzy Zastalu?","link":"https:\/\/zastalowcy.pl\/?p=1330"}],"_links":{"self":[{"href":"https:\/\/zastalowcy.pl\/index.php?rest_route=\/wp\/v2\/posts\/1330","targetHints":{"allow":["GET"]}}],"collection":[{"href":"https:\/\/zastalowcy.pl\/index.php?rest_route=\/wp\/v2\/posts"}],"about":[{"href":"https:\/\/zastalowcy.pl\/index.php?rest_route=\/wp\/v2\/types\/post"}],"author":[{"embeddable":true,"href":"https:\/\/zastalowcy.pl\/index.php?rest_route=\/wp\/v2\/users\/3"}],"replies":[{"embeddable":true,"href":"https:\/\/zastalowcy.pl\/index.php?rest_route=%2Fwp%2Fv2%2Fcomments&post=1330"}],"version-history":[{"count":6,"href":"https:\/\/zastalowcy.pl\/index.php?rest_route=\/wp\/v2\/posts\/1330\/revisions"}],"predecessor-version":[{"id":1349,"href":"https:\/\/zastalowcy.pl\/index.php?rest_route=\/wp\/v2\/posts\/1330\/revisions\/1349"}],"wp:featuredmedia":[{"embeddable":true,"href":"https:\/\/zastalowcy.pl\/index.php?rest_route=\/wp\/v2\/media\/1334"}],"wp:attachment":[{"href":"https:\/\/zastalowcy.pl\/index.php?rest_route=%2Fwp%2Fv2%2Fmedia&parent=1330"}],"wp:term":[{"taxonomy":"category","embeddable":true,"href":"https:\/\/zastalowcy.pl\/index.php?rest_route=%2Fwp%2Fv2%2Fcategories&post=1330"},{"taxonomy":"post_tag","embeddable":true,"href":"https:\/\/zastalowcy.pl\/index.php?rest_route=%2Fwp%2Fv2%2Ftags&post=1330"}],"curies":[{"name":"wp","href":"https:\/\/api.w.org\/{rel}","templated":true}]}}