{"id":1343,"date":"2026-08-02T16:59:00","date_gmt":"2026-08-02T14:59:00","guid":{"rendered":"https:\/\/zastalowcy.pl\/?p=1343"},"modified":"2026-08-03T14:05:19","modified_gmt":"2026-08-03T12:05:19","slug":"milosz-majewski-w-kadrze-polski-skrzydlowy-zastalu-powalczy-o-gre-w-kwalifikacjach-do-mistrzostw-swiata","status":"publish","type":"post","link":"https:\/\/zastalowcy.pl\/?p=1343","title":{"rendered":"Mi\u0142osz Majewski w kadrze Polski! Skrzyd\u0142owy Zastalu powalczy o gr\u0119 w kwalifikacjach do mistrzostw \u015bwiata"},"content":{"rendered":"\n<p class=\"wp-block-paragraph\">Mi\u0142osz Majewski otrzyma\u0142 kolejne wyr\u00f3\u017cnienie w swojej karierze. Skrzyd\u0142owy ORLEN Zastalu Zielona G\u00f3ra znalaz\u0142 si\u0119 w sk\u0142adzie reprezentacji Polski na sierpniowe zgrupowanie przed meczami kwalifikacyjnymi do mistrzostw \u015bwiata.<\/p>\n\n\n\n<p class=\"wp-block-paragraph\">Jeszcze kilka dni temu informowali\u015bmy, \u017ce <a href=\"https:\/\/zastalowcy.pl\/?p=1298\" title=\"\">wychowanek zielonog\u00f3rskiego klubu znalaz\u0142 si\u0119 w szerokiej kadrze<\/a> powo\u0142anej przez trenera Igora Milicicia. Teraz wiadomo ju\u017c, \u017ce Majewski rozpocznie przygotowania z reprezentacj\u0105 i b\u0119dzie walczy\u0142 o miejsce w sk\u0142adzie na najbli\u017csze spotkania eliminacyjne.<\/p>\n\n\n\n<figure class=\"wp-block-image size-large\"><img loading=\"lazy\" decoding=\"async\" width=\"1024\" height=\"683\" src=\"https:\/\/zastalowcy.pl\/wp-content\/uploads\/2026\/08\/IMG_4731-1024x683.jpg\" alt=\"\" class=\"wp-image-1344\" srcset=\"https:\/\/zastalowcy.pl\/wp-content\/uploads\/2026\/08\/IMG_4731-1024x683.jpg 1024w, https:\/\/zastalowcy.pl\/wp-content\/uploads\/2026\/08\/IMG_4731-300x200.jpg 300w, https:\/\/zastalowcy.pl\/wp-content\/uploads\/2026\/08\/IMG_4731-768x512.jpg 768w, https:\/\/zastalowcy.pl\/wp-content\/uploads\/2026\/08\/IMG_4731-1536x1024.jpg 1536w, https:\/\/zastalowcy.pl\/wp-content\/uploads\/2026\/08\/IMG_4731-2048x1365.jpg 2048w\" sizes=\"auto, (max-width: 1024px) 100vw, 1024px\" \/><figcaption class=\"wp-element-caption\">fot. Joanna Nawlicka<\/figcaption><\/figure>\n\n\n\n<p class=\"wp-block-paragraph\">Zgrupowanie bia\u0142o-czerwonych rozpocznie si\u0119 w Krakowie. Polacy rozegraj\u0105 tam mecz kontrolny z Bu\u0142gari\u0105, a nast\u0119pnie zmierz\u0105 si\u0119 towarzysko z Bo\u015bni\u0105 i Hercegowin\u0105 oraz Grecj\u0105. Po zako\u0144czeniu przygotowa\u0144 reprezentacja uda si\u0119 do Rygi, gdzie 27 sierpnia zagra z Izraelem w kwalifikacjach do mistrzostw \u015bwiata. Trzy dni p\u00f3\u017aniej Polacy podejm\u0105 Niemc\u00f3w w ERGO Arenie w Gda\u0144sku.<\/p>\n\n\n\n<p class=\"wp-block-paragraph\">Dla Majewskiego to kolejny wa\u017cny etap reprezentacyjnej kariery. Zaledwie kilka tygodni temu skrzyd\u0142owy Zastalu wyst\u0119powa\u0142 z reprezentacj\u0105 Polski do lat 20 podczas mistrzostw Europy Dywizji A w s\u0142owe\u0144skiej Lublanie. Dobra postawa w m\u0142odzie\u017cowej kadrze zaowocowa\u0142a powo\u0142aniem do seniorskiej reprezentacji.<\/p>\n\n\n\n<p class=\"wp-block-paragraph\">\ud83c\udfc0 Zastalowcy.pl \u2013 o Zastalu od kibic\u00f3w \u2013 dla kibic\u00f3w<\/p>\n","protected":false},"excerpt":{"rendered":"<p>Mi\u0142osz Majewski otrzyma\u0142 kolejne wyr\u00f3\u017cnienie w swojej karierze. Skrzyd\u0142owy ORLEN Zastalu Zielona G\u00f3ra znalaz\u0142 si\u0119 w sk\u0142adzie reprezentacji<\/p>\n","protected":false},"author":3,"featured_media":1345,"comment_status":"open","ping_status":"open","sticky":false,"template":"","format":"standard","meta":{"om_disable_all_campaigns":false,"footnotes":""},"categories":[18],"tags":[17,26,297,12,14,42,11,10,16],"class_list":["post-1343","post","type-post","status-publish","format-standard","has-post-thumbnail","hentry","category-aktualnosci","tag-basketzg","tag-druzyna","tag-milosz-majewski","tag-zastal","tag-zastal-zielona-gora","tag-zastalowcy","tag-zielona-gora","tag-zielonagora","tag-zielonogorska-koszykowka"],"aioseo_notices":[],"aioseo_head":"\n\t\t<!-- All in One SEO 5.0.0.1 - aioseo.com -->\n\t<meta name=\"description\" content=\"Mi\u0142osz Majewski otrzyma\u0142 kolejne wyr\u00f3\u017cnienie w swojej karierze. Skrzyd\u0142owy ORLEN Zastalu Zielona G\u00f3ra znalaz\u0142 si\u0119 w sk\u0142adzie reprezentacji Polski na sierpniowe zgrupowanie przed meczami kwalifikacyjnymi do mistrzostw \u015bwiata. Jeszcze kilka dni temu informowali\u015bmy, \u017ce wychowanek zielonog\u00f3rskiego klubu znalaz\u0142 si\u0119 w szerokiej kadrze powo\u0142anej przez trenera Igora Milicicia. Teraz wiadomo ju\u017c, \u017ce Majewski rozpocznie przygotowania z\" \/>\n\t<meta name=\"robots\" content=\"max-image-preview:large\" \/>\n\t<meta name=\"author\" content=\"Joanna Nawlicka\"\/>\n\t<link rel=\"canonical\" href=\"https:\/\/zastalowcy.pl\/?p=1343\" \/>\n\t<meta name=\"generator\" content=\"All in One SEO (AIOSEO) 5.0.0.1\" \/>\n\t\t<meta property=\"og:locale\" content=\"pl_PL\" \/>\n\t\t<meta property=\"og:site_name\" content=\"- O Zastalu od kibic\u00f3w \u2013 dla kibic\u00f3w\" \/>\n\t\t<meta property=\"og:type\" content=\"article\" \/>\n\t\t<meta property=\"og:title\" content=\"Mi\u0142osz Majewski w kadrze Polski! Skrzyd\u0142owy Zastalu powalczy o gr\u0119 w kwalifikacjach do mistrzostw \u015bwiata -\" \/>\n\t\t<meta property=\"og:description\" content=\"Mi\u0142osz Majewski otrzyma\u0142 kolejne wyr\u00f3\u017cnienie w swojej karierze. Skrzyd\u0142owy ORLEN Zastalu Zielona G\u00f3ra znalaz\u0142 si\u0119 w sk\u0142adzie reprezentacji Polski na sierpniowe zgrupowanie przed meczami kwalifikacyjnymi do mistrzostw \u015bwiata. Jeszcze kilka dni temu informowali\u015bmy, \u017ce wychowanek zielonog\u00f3rskiego klubu znalaz\u0142 si\u0119 w szerokiej kadrze powo\u0142anej przez trenera Igora Milicicia. Teraz wiadomo ju\u017c, \u017ce Majewski rozpocznie przygotowania z\" \/>\n\t\t<meta property=\"og:url\" content=\"https:\/\/zastalowcy.pl\/?p=1343\" \/>\n\t\t<meta property=\"og:image\" content=\"https:\/\/zastalowcy.pl\/wp-content\/uploads\/2025\/09\/cropped-logo-strony-2.png\" \/>\n\t\t<meta property=\"og:image:secure_url\" content=\"https:\/\/zastalowcy.pl\/wp-content\/uploads\/2025\/09\/cropped-logo-strony-2.png\" \/>\n\t\t<meta property=\"og:image:width\" content=\"1862\" \/>\n\t\t<meta property=\"og:image:height\" content=\"384\" \/>\n\t\t<meta property=\"article:published_time\" content=\"2026-08-02T14:59:00+00:00\" \/>\n\t\t<meta property=\"article:modified_time\" content=\"2026-08-03T12:05:19+00:00\" \/>\n\t\t<meta name=\"twitter:card\" content=\"summary_large_image\" \/>\n\t\t<meta name=\"twitter:title\" content=\"Mi\u0142osz Majewski w kadrze Polski! Skrzyd\u0142owy Zastalu powalczy o gr\u0119 w kwalifikacjach do mistrzostw \u015bwiata -\" \/>\n\t\t<meta name=\"twitter:description\" content=\"Mi\u0142osz Majewski otrzyma\u0142 kolejne wyr\u00f3\u017cnienie w swojej karierze. Skrzyd\u0142owy ORLEN Zastalu Zielona G\u00f3ra znalaz\u0142 si\u0119 w sk\u0142adzie reprezentacji Polski na sierpniowe zgrupowanie przed meczami kwalifikacyjnymi do mistrzostw \u015bwiata. Jeszcze kilka dni temu informowali\u015bmy, \u017ce wychowanek zielonog\u00f3rskiego klubu znalaz\u0142 si\u0119 w szerokiej kadrze powo\u0142anej przez trenera Igora Milicicia. Teraz wiadomo ju\u017c, \u017ce Majewski rozpocznie przygotowania z\" \/>\n\t\t<meta name=\"twitter:image\" content=\"https:\/\/zastalowcy.pl\/wp-content\/uploads\/2025\/09\/cropped-logo-strony-2.png\" \/>\n\t\t<script type=\"application\/ld+json\" class=\"aioseo-schema\">\n\t\t\t{\"@context\":\"https:\\\/\\\/schema.org\",\"@graph\":[{\"@type\":\"BlogPosting\",\"@id\":\"https:\\\/\\\/zastalowcy.pl\\\/?p=1343#blogposting\",\"name\":\"Mi\\u0142osz Majewski w kadrze Polski! Skrzyd\\u0142owy Zastalu powalczy o gr\\u0119 w kwalifikacjach do mistrzostw \\u015bwiata -\",\"headline\":\"Mi\\u0142osz Majewski w kadrze Polski! Skrzyd\\u0142owy Zastalu powalczy o gr\\u0119 w kwalifikacjach do mistrzostw \\u015bwiata\",\"author\":{\"@id\":\"https:\\\/\\\/zastalowcy.pl\\\/?author=3#author\"},\"publisher\":{\"@id\":\"https:\\\/\\\/zastalowcy.pl\\\/#organization\"},\"image\":{\"@type\":\"ImageObject\",\"url\":\"https:\\\/\\\/zastalowcy.pl\\\/wp-content\\\/uploads\\\/2026\\\/08\\\/profilowe-4.png\",\"width\":2048,\"height\":2048},\"datePublished\":\"2026-08-02T16:59:00+02:00\",\"dateModified\":\"2026-08-03T14:05:19+02:00\",\"inLanguage\":\"pl-PL\",\"mainEntityOfPage\":{\"@id\":\"https:\\\/\\\/zastalowcy.pl\\\/?p=1343#webpage\"},\"isPartOf\":{\"@id\":\"https:\\\/\\\/zastalowcy.pl\\\/?p=1343#webpage\"},\"articleSection\":\"Aktualno\\u015bci, basketzg, dru\\u017cyna, mi\\u0142osz majewski, zastal, zastal zielona g\\u00f3ra, zastalowcy, zielona g\\u00f3ra, zielonagora, zielonog\\u00f3rska koszyk\\u00f3wka\"},{\"@type\":\"BreadcrumbList\",\"@id\":\"https:\\\/\\\/zastalowcy.pl\\\/?p=1343#breadcrumblist\",\"itemListElement\":[{\"@type\":\"ListItem\",\"@id\":\"https:\\\/\\\/zastalowcy.pl#listItem\",\"position\":1,\"name\":\"Home\",\"item\":\"https:\\\/\\\/zastalowcy.pl\",\"nextItem\":{\"@type\":\"ListItem\",\"@id\":\"https:\\\/\\\/zastalowcy.pl\\\/?cat=18#listItem\",\"name\":\"Aktualno\\u015bci\"}},{\"@type\":\"ListItem\",\"@id\":\"https:\\\/\\\/zastalowcy.pl\\\/?cat=18#listItem\",\"position\":2,\"name\":\"Aktualno\\u015bci\",\"item\":\"https:\\\/\\\/zastalowcy.pl\\\/?cat=18\",\"nextItem\":{\"@type\":\"ListItem\",\"@id\":\"https:\\\/\\\/zastalowcy.pl\\\/?p=1343#listItem\",\"name\":\"Mi\\u0142osz Majewski w kadrze Polski! Skrzyd\\u0142owy Zastalu powalczy o gr\\u0119 w kwalifikacjach do mistrzostw \\u015bwiata\"},\"previousItem\":{\"@type\":\"ListItem\",\"@id\":\"https:\\\/\\\/zastalowcy.pl#listItem\",\"name\":\"Home\"}},{\"@type\":\"ListItem\",\"@id\":\"https:\\\/\\\/zastalowcy.pl\\\/?p=1343#listItem\",\"position\":3,\"name\":\"Mi\\u0142osz Majewski w kadrze Polski! Skrzyd\\u0142owy Zastalu powalczy o gr\\u0119 w kwalifikacjach do mistrzostw \\u015bwiata\",\"previousItem\":{\"@type\":\"ListItem\",\"@id\":\"https:\\\/\\\/zastalowcy.pl\\\/?cat=18#listItem\",\"name\":\"Aktualno\\u015bci\"}}]},{\"@type\":\"Organization\",\"@id\":\"https:\\\/\\\/zastalowcy.pl\\\/#organization\",\"description\":\"O Zastalu od kibic\\u00f3w \\u2013 dla kibic\\u00f3w\",\"url\":\"https:\\\/\\\/zastalowcy.pl\\\/\",\"logo\":{\"@type\":\"ImageObject\",\"url\":\"https:\\\/\\\/zastalowcy.pl\\\/wp-content\\\/uploads\\\/2025\\\/09\\\/cropped-logo-strony-2.png\",\"@id\":\"https:\\\/\\\/zastalowcy.pl\\\/?p=1343\\\/#organizationLogo\",\"width\":1862,\"height\":384},\"image\":{\"@id\":\"https:\\\/\\\/zastalowcy.pl\\\/?p=1343\\\/#organizationLogo\"}},{\"@type\":\"Person\",\"@id\":\"https:\\\/\\\/zastalowcy.pl\\\/?author=3#author\",\"url\":\"https:\\\/\\\/zastalowcy.pl\\\/?author=3\",\"name\":\"Joanna Nawlicka\",\"image\":{\"@type\":\"ImageObject\",\"@id\":\"https:\\\/\\\/zastalowcy.pl\\\/?p=1343#authorImage\",\"url\":\"https:\\\/\\\/secure.gravatar.com\\\/avatar\\\/66fc557d97536ff5096b6295970275631b7a4673997738477642001957f5274c?s=96&d=mm&r=g\",\"width\":96,\"height\":96,\"caption\":\"Joanna Nawlicka\"}},{\"@type\":\"WebPage\",\"@id\":\"https:\\\/\\\/zastalowcy.pl\\\/?p=1343#webpage\",\"url\":\"https:\\\/\\\/zastalowcy.pl\\\/?p=1343\",\"name\":\"Mi\\u0142osz Majewski w kadrze Polski! Skrzyd\\u0142owy Zastalu powalczy o gr\\u0119 w kwalifikacjach do mistrzostw \\u015bwiata -\",\"description\":\"Mi\\u0142osz Majewski otrzyma\\u0142 kolejne wyr\\u00f3\\u017cnienie w swojej karierze. Skrzyd\\u0142owy ORLEN Zastalu Zielona G\\u00f3ra znalaz\\u0142 si\\u0119 w sk\\u0142adzie reprezentacji Polski na sierpniowe zgrupowanie przed meczami kwalifikacyjnymi do mistrzostw \\u015bwiata. Jeszcze kilka dni temu informowali\\u015bmy, \\u017ce wychowanek zielonog\\u00f3rskiego klubu znalaz\\u0142 si\\u0119 w szerokiej kadrze powo\\u0142anej przez trenera Igora Milicicia. Teraz wiadomo ju\\u017c, \\u017ce Majewski rozpocznie przygotowania z\",\"inLanguage\":\"pl-PL\",\"isPartOf\":{\"@id\":\"https:\\\/\\\/zastalowcy.pl\\\/#website\"},\"breadcrumb\":{\"@id\":\"https:\\\/\\\/zastalowcy.pl\\\/?p=1343#breadcrumblist\"},\"author\":{\"@id\":\"https:\\\/\\\/zastalowcy.pl\\\/?author=3#author\"},\"creator\":{\"@id\":\"https:\\\/\\\/zastalowcy.pl\\\/?author=3#author\"},\"image\":{\"@type\":\"ImageObject\",\"url\":\"https:\\\/\\\/zastalowcy.pl\\\/wp-content\\\/uploads\\\/2026\\\/08\\\/profilowe-4.png\",\"@id\":\"https:\\\/\\\/zastalowcy.pl\\\/?p=1343\\\/#mainImage\",\"width\":2048,\"height\":2048},\"primaryImageOfPage\":{\"@id\":\"https:\\\/\\\/zastalowcy.pl\\\/?p=1343#mainImage\"},\"datePublished\":\"2026-08-02T16:59:00+02:00\",\"dateModified\":\"2026-08-03T14:05:19+02:00\"},{\"@type\":\"WebSite\",\"@id\":\"https:\\\/\\\/zastalowcy.pl\\\/#website\",\"url\":\"https:\\\/\\\/zastalowcy.pl\\\/\",\"description\":\"O Zastalu od kibic\\u00f3w \\u2013 dla kibic\\u00f3w\",\"inLanguage\":\"pl-PL\",\"publisher\":{\"@id\":\"https:\\\/\\\/zastalowcy.pl\\\/#organization\"}}]}\n\t\t<\/script>\n\t\t<!-- All in One SEO -->\n\n","aioseo_head_json":{"title":"Mi\u0142osz Majewski w kadrze Polski! Skrzyd\u0142owy Zastalu powalczy o gr\u0119 w kwalifikacjach do mistrzostw \u015bwiata -","description":"Mi\u0142osz Majewski otrzyma\u0142 kolejne wyr\u00f3\u017cnienie w swojej karierze. Skrzyd\u0142owy ORLEN Zastalu Zielona G\u00f3ra znalaz\u0142 si\u0119 w sk\u0142adzie reprezentacji Polski na sierpniowe zgrupowanie przed meczami kwalifikacyjnymi do mistrzostw \u015bwiata. Jeszcze kilka dni temu informowali\u015bmy, \u017ce wychowanek zielonog\u00f3rskiego klubu znalaz\u0142 si\u0119 w szerokiej kadrze powo\u0142anej przez trenera Igora Milicicia. Teraz wiadomo ju\u017c, \u017ce Majewski rozpocznie przygotowania z","canonical_url":"https:\/\/zastalowcy.pl\/?p=1343","robots":"max-image-preview:large","keywords":"","webmasterTools":{"miscellaneous":""},"schema":{"@context":"https:\/\/schema.org","@graph":[{"@type":"BlogPosting","@id":"https:\/\/zastalowcy.pl\/?p=1343#blogposting","name":"Mi\u0142osz Majewski w kadrze Polski! Skrzyd\u0142owy Zastalu powalczy o gr\u0119 w kwalifikacjach do mistrzostw \u015bwiata -","headline":"Mi\u0142osz Majewski w kadrze Polski! Skrzyd\u0142owy Zastalu powalczy o gr\u0119 w kwalifikacjach do mistrzostw \u015bwiata","author":{"@id":"https:\/\/zastalowcy.pl\/?author=3#author"},"publisher":{"@id":"https:\/\/zastalowcy.pl\/#organization"},"image":{"@type":"ImageObject","url":"https:\/\/zastalowcy.pl\/wp-content\/uploads\/2026\/08\/profilowe-4.png","width":2048,"height":2048},"datePublished":"2026-08-02T16:59:00+02:00","dateModified":"2026-08-03T14:05:19+02:00","inLanguage":"pl-PL","mainEntityOfPage":{"@id":"https:\/\/zastalowcy.pl\/?p=1343#webpage"},"isPartOf":{"@id":"https:\/\/zastalowcy.pl\/?p=1343#webpage"},"articleSection":"Aktualno\u015bci, basketzg, dru\u017cyna, mi\u0142osz majewski, zastal, zastal zielona g\u00f3ra, zastalowcy, zielona g\u00f3ra, zielonagora, zielonog\u00f3rska koszyk\u00f3wka"},{"@type":"BreadcrumbList","@id":"https:\/\/zastalowcy.pl\/?p=1343#breadcrumblist","itemListElement":[{"@type":"ListItem","@id":"https:\/\/zastalowcy.pl#listItem","position":1,"name":"Home","item":"https:\/\/zastalowcy.pl","nextItem":{"@type":"ListItem","@id":"https:\/\/zastalowcy.pl\/?cat=18#listItem","name":"Aktualno\u015bci"}},{"@type":"ListItem","@id":"https:\/\/zastalowcy.pl\/?cat=18#listItem","position":2,"name":"Aktualno\u015bci","item":"https:\/\/zastalowcy.pl\/?cat=18","nextItem":{"@type":"ListItem","@id":"https:\/\/zastalowcy.pl\/?p=1343#listItem","name":"Mi\u0142osz Majewski w kadrze Polski! Skrzyd\u0142owy Zastalu powalczy o gr\u0119 w kwalifikacjach do mistrzostw \u015bwiata"},"previousItem":{"@type":"ListItem","@id":"https:\/\/zastalowcy.pl#listItem","name":"Home"}},{"@type":"ListItem","@id":"https:\/\/zastalowcy.pl\/?p=1343#listItem","position":3,"name":"Mi\u0142osz Majewski w kadrze Polski! Skrzyd\u0142owy Zastalu powalczy o gr\u0119 w kwalifikacjach do mistrzostw \u015bwiata","previousItem":{"@type":"ListItem","@id":"https:\/\/zastalowcy.pl\/?cat=18#listItem","name":"Aktualno\u015bci"}}]},{"@type":"Organization","@id":"https:\/\/zastalowcy.pl\/#organization","description":"O Zastalu od kibic\u00f3w \u2013 dla kibic\u00f3w","url":"https:\/\/zastalowcy.pl\/","logo":{"@type":"ImageObject","url":"https:\/\/zastalowcy.pl\/wp-content\/uploads\/2025\/09\/cropped-logo-strony-2.png","@id":"https:\/\/zastalowcy.pl\/?p=1343\/#organizationLogo","width":1862,"height":384},"image":{"@id":"https:\/\/zastalowcy.pl\/?p=1343\/#organizationLogo"}},{"@type":"Person","@id":"https:\/\/zastalowcy.pl\/?author=3#author","url":"https:\/\/zastalowcy.pl\/?author=3","name":"Joanna Nawlicka","image":{"@type":"ImageObject","@id":"https:\/\/zastalowcy.pl\/?p=1343#authorImage","url":"https:\/\/secure.gravatar.com\/avatar\/66fc557d97536ff5096b6295970275631b7a4673997738477642001957f5274c?s=96&d=mm&r=g","width":96,"height":96,"caption":"Joanna Nawlicka"}},{"@type":"WebPage","@id":"https:\/\/zastalowcy.pl\/?p=1343#webpage","url":"https:\/\/zastalowcy.pl\/?p=1343","name":"Mi\u0142osz Majewski w kadrze Polski! Skrzyd\u0142owy Zastalu powalczy o gr\u0119 w kwalifikacjach do mistrzostw \u015bwiata -","description":"Mi\u0142osz Majewski otrzyma\u0142 kolejne wyr\u00f3\u017cnienie w swojej karierze. Skrzyd\u0142owy ORLEN Zastalu Zielona G\u00f3ra znalaz\u0142 si\u0119 w sk\u0142adzie reprezentacji Polski na sierpniowe zgrupowanie przed meczami kwalifikacyjnymi do mistrzostw \u015bwiata. Jeszcze kilka dni temu informowali\u015bmy, \u017ce wychowanek zielonog\u00f3rskiego klubu znalaz\u0142 si\u0119 w szerokiej kadrze powo\u0142anej przez trenera Igora Milicicia. Teraz wiadomo ju\u017c, \u017ce Majewski rozpocznie przygotowania z","inLanguage":"pl-PL","isPartOf":{"@id":"https:\/\/zastalowcy.pl\/#website"},"breadcrumb":{"@id":"https:\/\/zastalowcy.pl\/?p=1343#breadcrumblist"},"author":{"@id":"https:\/\/zastalowcy.pl\/?author=3#author"},"creator":{"@id":"https:\/\/zastalowcy.pl\/?author=3#author"},"image":{"@type":"ImageObject","url":"https:\/\/zastalowcy.pl\/wp-content\/uploads\/2026\/08\/profilowe-4.png","@id":"https:\/\/zastalowcy.pl\/?p=1343\/#mainImage","width":2048,"height":2048},"primaryImageOfPage":{"@id":"https:\/\/zastalowcy.pl\/?p=1343#mainImage"},"datePublished":"2026-08-02T16:59:00+02:00","dateModified":"2026-08-03T14:05:19+02:00"},{"@type":"WebSite","@id":"https:\/\/zastalowcy.pl\/#website","url":"https:\/\/zastalowcy.pl\/","description":"O Zastalu od kibic\u00f3w \u2013 dla kibic\u00f3w","inLanguage":"pl-PL","publisher":{"@id":"https:\/\/zastalowcy.pl\/#organization"}}]},"og:locale":"pl_PL","og:site_name":"- O Zastalu od kibic\u00f3w \u2013 dla kibic\u00f3w","og:type":"article","og:title":"Mi\u0142osz Majewski w kadrze Polski! Skrzyd\u0142owy Zastalu powalczy o gr\u0119 w kwalifikacjach do mistrzostw \u015bwiata -","og:description":"Mi\u0142osz Majewski otrzyma\u0142 kolejne wyr\u00f3\u017cnienie w swojej karierze. Skrzyd\u0142owy ORLEN Zastalu Zielona G\u00f3ra znalaz\u0142 si\u0119 w sk\u0142adzie reprezentacji Polski na sierpniowe zgrupowanie przed meczami kwalifikacyjnymi do mistrzostw \u015bwiata. Jeszcze kilka dni temu informowali\u015bmy, \u017ce wychowanek zielonog\u00f3rskiego klubu znalaz\u0142 si\u0119 w szerokiej kadrze powo\u0142anej przez trenera Igora Milicicia. Teraz wiadomo ju\u017c, \u017ce Majewski rozpocznie przygotowania z","og:url":"https:\/\/zastalowcy.pl\/?p=1343","og:image":"https:\/\/zastalowcy.pl\/wp-content\/uploads\/2025\/09\/cropped-logo-strony-2.png","og:image:secure_url":"https:\/\/zastalowcy.pl\/wp-content\/uploads\/2025\/09\/cropped-logo-strony-2.png","og:image:width":1862,"og:image:height":384,"article:published_time":"2026-08-02T14:59:00+00:00","article:modified_time":"2026-08-03T12:05:19+00:00","twitter:card":"summary_large_image","twitter:title":"Mi\u0142osz Majewski w kadrze Polski! Skrzyd\u0142owy Zastalu powalczy o gr\u0119 w kwalifikacjach do mistrzostw \u015bwiata -","twitter:description":"Mi\u0142osz Majewski otrzyma\u0142 kolejne wyr\u00f3\u017cnienie w swojej karierze. Skrzyd\u0142owy ORLEN Zastalu Zielona G\u00f3ra znalaz\u0142 si\u0119 w sk\u0142adzie reprezentacji Polski na sierpniowe zgrupowanie przed meczami kwalifikacyjnymi do mistrzostw \u015bwiata. Jeszcze kilka dni temu informowali\u015bmy, \u017ce wychowanek zielonog\u00f3rskiego klubu znalaz\u0142 si\u0119 w szerokiej kadrze powo\u0142anej przez trenera Igora Milicicia. Teraz wiadomo ju\u017c, \u017ce Majewski rozpocznie przygotowania z","twitter:image":"https:\/\/zastalowcy.pl\/wp-content\/uploads\/2025\/09\/cropped-logo-strony-2.png"},"aioseo_meta_data":{"post_id":"1343","title":null,"description":null,"keywords":null,"keyphrases":{"focus":[],"additional":[]},"primary_term":null,"canonical_url":null,"og_title":null,"og_description":null,"og_object_type":"default","og_image_type":"default","og_image_custom_url":null,"og_image_custom_fields":null,"og_image_url":null,"og_image_width":null,"og_image_height":null,"og_video":"","og_custom_url":null,"og_article_section":null,"og_article_tags":null,"twitter_use_og":false,"twitter_card":"default","twitter_image_type":"default","twitter_image_custom_url":null,"twitter_image_custom_fields":null,"twitter_image_url":null,"twitter_title":null,"twitter_description":null,"schema_type":"default","schema_type_options":null,"schema":{"blockGraphs":[],"customGraphs":[],"default":{"data":{"Article":[],"Course":[],"Dataset":[],"FAQPage":[],"Movie":[],"Person":[],"Product":[],"ProductReview":[],"Car":[],"Recipe":[],"Service":[],"SoftwareApplication":[],"WebPage":[]},"graphName":"BlogPosting","isEnabled":true},"graphs":[]},"pillar_content":false,"robots_default":true,"robots_noindex":false,"robots_noarchive":false,"robots_nosnippet":false,"robots_nofollow":false,"robots_noimageindex":false,"robots_noodp":false,"robots_notranslate":false,"robots_max_snippet":"-1","robots_max_videopreview":"-1","robots_max_imagepreview":"large","priority":null,"frequency":"default","local_seo":null,"limit_modified_date":false,"ai":{"faqs":[],"keyPoints":[],"schemas":[],"titles":[],"descriptions":[],"socialPosts":{"email":{"subject":"","preview":"","content":""},"linkedin":[],"twitter":[],"facebook":[],"instagram":[]}},"breadcrumb_settings":null,"seo_analyzer_scan_date":null,"created":"2026-08-03 12:05:19","updated":"2026-08-22 18:01:30","focus_keyword":null,"additional_keywords":null,"truseo_locale":null},"aioseo_breadcrumb":"<div class=\"aioseo-breadcrumbs\"><span class=\"aioseo-breadcrumb\">\n\t\t\t<a href=\"https:\/\/zastalowcy.pl\" title=\"Home\">Home<\/a>\n\t\t<\/span><span class=\"aioseo-breadcrumb-separator\">&raquo;<\/span><span class=\"aioseo-breadcrumb\">\n\t\t\t<a href=\"https:\/\/zastalowcy.pl\/?cat=18\" title=\"Aktualno\u015bci\">Aktualno\u015bci<\/a>\n\t\t<\/span><span class=\"aioseo-breadcrumb-separator\">&raquo;<\/span><span class=\"aioseo-breadcrumb\">\n\t\t\tMi\u0142osz Majewski w kadrze Polski! Skrzyd\u0142owy Zastalu powalczy o gr\u0119 w kwalifikacjach do mistrzostw \u015bwiata\n\t\t<\/span><\/div>","aioseo_breadcrumb_json":[{"label":"Home","link":"https:\/\/zastalowcy.pl"},{"label":"Aktualno\u015bci","link":"https:\/\/zastalowcy.pl\/?cat=18"},{"label":"Mi\u0142osz Majewski w kadrze Polski! Skrzyd\u0142owy Zastalu powalczy o gr\u0119 w kwalifikacjach do mistrzostw \u015bwiata","link":"https:\/\/zastalowcy.pl\/?p=1343"}],"_links":{"self":[{"href":"https:\/\/zastalowcy.pl\/index.php?rest_route=\/wp\/v2\/posts\/1343","targetHints":{"allow":["GET"]}}],"collection":[{"href":"https:\/\/zastalowcy.pl\/index.php?rest_route=\/wp\/v2\/posts"}],"about":[{"href":"https:\/\/zastalowcy.pl\/index.php?rest_route=\/wp\/v2\/types\/post"}],"author":[{"embeddable":true,"href":"https:\/\/zastalowcy.pl\/index.php?rest_route=\/wp\/v2\/users\/3"}],"replies":[{"embeddable":true,"href":"https:\/\/zastalowcy.pl\/index.php?rest_route=%2Fwp%2Fv2%2Fcomments&post=1343"}],"version-history":[{"count":1,"href":"https:\/\/zastalowcy.pl\/index.php?rest_route=\/wp\/v2\/posts\/1343\/revisions"}],"predecessor-version":[{"id":1346,"href":"https:\/\/zastalowcy.pl\/index.php?rest_route=\/wp\/v2\/posts\/1343\/revisions\/1346"}],"wp:featuredmedia":[{"embeddable":true,"href":"https:\/\/zastalowcy.pl\/index.php?rest_route=\/wp\/v2\/media\/1345"}],"wp:attachment":[{"href":"https:\/\/zastalowcy.pl\/index.php?rest_route=%2Fwp%2Fv2%2Fmedia&parent=1343"}],"wp:term":[{"taxonomy":"category","embeddable":true,"href":"https:\/\/zastalowcy.pl\/index.php?rest_route=%2Fwp%2Fv2%2Fcategories&post=1343"},{"taxonomy":"post_tag","embeddable":true,"href":"https:\/\/zastalowcy.pl\/index.php?rest_route=%2Fwp%2Fv2%2Ftags&post=1343"}],"curies":[{"name":"wp","href":"https:\/\/api.w.org\/{rel}","templated":true}]}}