{"id":1372,"date":"2026-08-11T14:49:39","date_gmt":"2026-08-11T12:49:39","guid":{"rendered":"https:\/\/zastalowcy.pl\/?p=1372"},"modified":"2026-08-11T14:49:40","modified_gmt":"2026-08-11T12:49:40","slug":"zastal-zagra-o-superpuchar-polski-z-kim-zielonogorzanie-rozpoczna-walke-o-trofeum","status":"publish","type":"post","link":"https:\/\/zastalowcy.pl\/?p=1372","title":{"rendered":"Zastal zagra o Superpuchar Polski! Z kim Zielonog\u00f3rzanie rozpoczn\u0105 walk\u0119 o trofeum?"},"content":{"rendered":"\n<p class=\"wp-block-paragraph\">Nowy sezon coraz bli\u017cej, a Zastal Zielona G\u00f3ra ju\u017c we wrze\u015bniu b\u0119dzie mia\u0142 okazj\u0119 powalczy\u0107 o pierwsze trofeum. 26 i 27 wrze\u015bnia w Arenie Sosnowiec rozegrany zostanie turniej o Superpuchar Polski im. Adama W\u00f3jcika. W\u015br\u00f3d czterech uczestnik\u00f3w znalaz\u0142 si\u0119 w\u0142a\u015bnie zielonog\u00f3rski zesp\u00f3\u0142.<\/p>\n\n\n\n<p class=\"wp-block-paragraph\">O zwyci\u0119stwo w turnieju powalcz\u0105 zdobywca Pucharu Polski oraz zesz\u0142osezonowi medali\u015bci, czyli: Energa Trefl Sopot, Dziki Warszawa, Zastal Zielona G\u00f3ra oraz Legia Warszawa. Dla wszystkich dru\u017cyn b\u0119dzie to jednocze\u015bnie powa\u017cny sprawdzian przed rozpocz\u0119ciem sezonu ligowego.<\/p>\n\n\n\n<h3 class=\"wp-block-heading\">Zastal zacznie od Dzik\u00f3w<\/h3>\n\n\n\n<p class=\"wp-block-paragraph\">Zielonog\u00f3rzanie sw\u00f3j udzia\u0142 w turnieju rozpoczn\u0105 w sobot\u0119, 26 wrze\u015bnia. W drugim p\u00f3\u0142finale Zastal zmierzy si\u0119 z Dzikami Warszawa. Pocz\u0105tek spotkania zaplanowano na godzin\u0119 19:15.<\/p>\n\n\n\n<p class=\"wp-block-paragraph\">Kilka godzin wcze\u015bniej na parkiet wyjd\u0105 Legia Warszawa i Energa Trefl Sopot. Pocz\u0105tek pierwszego p\u00f3\u0142fina\u0142u zaplanowano na 16:30.<\/p>\n\n\n\n<p class=\"wp-block-paragraph\">Je\u015bli Zielonog\u00f3rzanie pokonaj\u0105 Dziki, dzie\u0144 p\u00f3\u017aniej zagraj\u0105 w wielkim finale. Ich przeciwnikiem b\u0119dzie zwyci\u0119zca drugiego p\u00f3\u0142fina\u0142u.<\/p>\n\n\n\n<h3 class=\"wp-block-heading\">Stawk\u0105 trofeum im. Adama W\u00f3jcika<\/h3>\n\n\n\n<p class=\"wp-block-paragraph\">Dla Zastalu b\u0119dzie to szansa na mocne wej\u015bcie w sezon 2026\/27. Turniej odb\u0119dzie si\u0119 zaledwie kilka dni przed rozpocz\u0119ciem rozgrywek ligowych. <a href=\"https:\/\/zastalowcy.pl\/?p=1235\" title=\"\">Sezon Polskiej Ligi Koszyk\u00f3wki<\/a> wystartuje bowiem 2 pa\u017adziernika, dlatego mecze w Sosnowcu mog\u0105 by\u0107 dla zespo\u0142u Arkadiusza Mi\u0142oszewskiego bardzo wa\u017cnym elementem przygotowa\u0144.<\/p>\n\n\n\n<p class=\"wp-block-paragraph\">To r\u00f3wnie\u017c mo\u017cliwo\u015b\u0107 sprawdzenia nowych zawodnik\u00f3w w rywalizacji z wymagaj\u0105cymi przeciwnikami. Zastal b\u0119dzie mia\u0142 okazj\u0119 zobaczy\u0107, jak prezentuje si\u0119 na tle dru\u017cyn, z kt\u00f3rymi ju\u017c wkr\u00f3tce b\u0119dzie rywalizowa\u0142 o ligowe punkty.<\/p>\n\n\n\n<h3 class=\"wp-block-heading\">Jeden bilet na dwa sobotnie mecze<\/h3>\n\n\n\n<p class=\"wp-block-paragraph\">Organizatorzy przygotowali r\u00f3wnie\u017c specjaln\u0105 ofert\u0119 dla kibic\u00f3w. Sobotni bilet obejmuje oba mecze p\u00f3\u0142fina\u0142owe, dzi\u0119ki czemu posiadacze wej\u015bci\u00f3wek b\u0119d\u0105 mogli zobaczy\u0107 dwa spotkania jednego dnia.<\/p>\n\n\n\n<p class=\"wp-block-paragraph\">Bilety s\u0105 dost\u0119pne za po\u015brednictwem <a href=\"https:\/\/www.ebilet.pl?utm_source=chatgpt.com\">eBilet<\/a>.<\/p>\n\n\n\n<h3 class=\"wp-block-heading\">Terminarz turnieju o Superpuchar Polski<\/h3>\n\n\n\n<p class=\"wp-block-paragraph\"><strong>Sobota, 26 wrze\u015bnia:<\/strong><\/p>\n\n\n\n<p class=\"wp-block-paragraph\">16:30 \u2013 Legia Warszawa \u2013 Energa Trefl Sopot<br>19:15 \u2013 Dziki Warszawa \u2013 Zastal Zielona G\u00f3ra<\/p>\n\n\n\n<p class=\"wp-block-paragraph\"><strong>Niedziela, 27 wrze\u015bnia:<\/strong><\/p>\n\n\n\n<p class=\"wp-block-paragraph\">17:30 \u2013 Fina\u0142<\/p>\n\n\n\n<p class=\"wp-block-paragraph\">\ud83c\udfc0 Zastalowcy.pl \u2013 o Zastalu od kibic\u00f3w \u2013 dla kibic\u00f3w<\/p>\n","protected":false},"excerpt":{"rendered":"<p>Nowy sezon coraz bli\u017cej, a Zastal Zielona G\u00f3ra ju\u017c we wrze\u015bniu b\u0119dzie mia\u0142 okazj\u0119 powalczy\u0107 o pierwsze trofeum.<\/p>\n","protected":false},"author":3,"featured_media":1373,"comment_status":"open","ping_status":"open","sticky":false,"template":"","format":"standard","meta":{"om_disable_all_campaigns":false,"footnotes":""},"categories":[18,380,367],"tags":[17,26,15,64,118,244,458,457,12,14,42,11,10,16],"class_list":["post-1372","post","type-post","status-publish","format-standard","has-post-thumbnail","hentry","category-aktualnosci","category-polska-liga-koszykowki","category-sezon-2026-2027","tag-basketzg","tag-druzyna","tag-koszykowka","tag-plk","tag-polska-liga-koszykowki","tag-puchar-polski","tag-superpuchar-polski","tag-superpucharpolski","tag-zastal","tag-zastal-zielona-gora","tag-zastalowcy","tag-zielona-gora","tag-zielonagora","tag-zielonogorska-koszykowka"],"aioseo_notices":[],"aioseo_head":"\n\t\t<!-- All in One SEO 5.0.0.1 - aioseo.com -->\n\t<meta name=\"description\" content=\"Nowy sezon coraz bli\u017cej, a Zastal Zielona G\u00f3ra ju\u017c we wrze\u015bniu b\u0119dzie mia\u0142 okazj\u0119 powalczy\u0107 o pierwsze trofeum. 26 i 27 wrze\u015bnia w Arenie Sosnowiec rozegrany zostanie turniej o Superpuchar Polski im. Adama W\u00f3jcika. W\u015br\u00f3d czterech uczestnik\u00f3w znalaz\u0142 si\u0119 w\u0142a\u015bnie zielonog\u00f3rski zesp\u00f3\u0142. O zwyci\u0119stwo w turnieju powalcz\u0105 zdobywca Pucharu Polski oraz zesz\u0142osezonowi medali\u015bci, czyli: Energa\" \/>\n\t<meta name=\"robots\" content=\"max-image-preview:large\" \/>\n\t<meta name=\"author\" content=\"Joanna Nawlicka\"\/>\n\t<link rel=\"canonical\" href=\"https:\/\/zastalowcy.pl\/?p=1372\" \/>\n\t<meta name=\"generator\" content=\"All in One SEO (AIOSEO) 5.0.0.1\" \/>\n\t\t<meta property=\"og:locale\" content=\"pl_PL\" \/>\n\t\t<meta property=\"og:site_name\" content=\"- O Zastalu od kibic\u00f3w \u2013 dla kibic\u00f3w\" \/>\n\t\t<meta property=\"og:type\" content=\"article\" \/>\n\t\t<meta property=\"og:title\" content=\"Zastal zagra o Superpuchar Polski! Z kim Zielonog\u00f3rzanie rozpoczn\u0105 walk\u0119 o trofeum? -\" \/>\n\t\t<meta property=\"og:description\" content=\"Nowy sezon coraz bli\u017cej, a Zastal Zielona G\u00f3ra ju\u017c we wrze\u015bniu b\u0119dzie mia\u0142 okazj\u0119 powalczy\u0107 o pierwsze trofeum. 26 i 27 wrze\u015bnia w Arenie Sosnowiec rozegrany zostanie turniej o Superpuchar Polski im. Adama W\u00f3jcika. W\u015br\u00f3d czterech uczestnik\u00f3w znalaz\u0142 si\u0119 w\u0142a\u015bnie zielonog\u00f3rski zesp\u00f3\u0142. O zwyci\u0119stwo w turnieju powalcz\u0105 zdobywca Pucharu Polski oraz zesz\u0142osezonowi medali\u015bci, czyli: Energa\" \/>\n\t\t<meta property=\"og:url\" content=\"https:\/\/zastalowcy.pl\/?p=1372\" \/>\n\t\t<meta property=\"og:image\" content=\"https:\/\/zastalowcy.pl\/wp-content\/uploads\/2025\/09\/cropped-logo-strony-2.png\" \/>\n\t\t<meta property=\"og:image:secure_url\" content=\"https:\/\/zastalowcy.pl\/wp-content\/uploads\/2025\/09\/cropped-logo-strony-2.png\" \/>\n\t\t<meta property=\"og:image:width\" content=\"1862\" \/>\n\t\t<meta property=\"og:image:height\" content=\"384\" \/>\n\t\t<meta property=\"article:published_time\" content=\"2026-08-11T12:49:39+00:00\" \/>\n\t\t<meta property=\"article:modified_time\" content=\"2026-08-11T12:49:40+00:00\" \/>\n\t\t<meta name=\"twitter:card\" content=\"summary_large_image\" \/>\n\t\t<meta name=\"twitter:title\" content=\"Zastal zagra o Superpuchar Polski! Z kim Zielonog\u00f3rzanie rozpoczn\u0105 walk\u0119 o trofeum? -\" \/>\n\t\t<meta name=\"twitter:description\" content=\"Nowy sezon coraz bli\u017cej, a Zastal Zielona G\u00f3ra ju\u017c we wrze\u015bniu b\u0119dzie mia\u0142 okazj\u0119 powalczy\u0107 o pierwsze trofeum. 26 i 27 wrze\u015bnia w Arenie Sosnowiec rozegrany zostanie turniej o Superpuchar Polski im. Adama W\u00f3jcika. W\u015br\u00f3d czterech uczestnik\u00f3w znalaz\u0142 si\u0119 w\u0142a\u015bnie zielonog\u00f3rski zesp\u00f3\u0142. O zwyci\u0119stwo w turnieju powalcz\u0105 zdobywca Pucharu Polski oraz zesz\u0142osezonowi medali\u015bci, czyli: Energa\" \/>\n\t\t<meta name=\"twitter:image\" content=\"https:\/\/zastalowcy.pl\/wp-content\/uploads\/2025\/09\/cropped-logo-strony-2.png\" \/>\n\t\t<script type=\"application\/ld+json\" class=\"aioseo-schema\">\n\t\t\t{\"@context\":\"https:\\\/\\\/schema.org\",\"@graph\":[{\"@type\":\"BlogPosting\",\"@id\":\"https:\\\/\\\/zastalowcy.pl\\\/?p=1372#blogposting\",\"name\":\"Zastal zagra o Superpuchar Polski! Z kim Zielonog\\u00f3rzanie rozpoczn\\u0105 walk\\u0119 o trofeum? -\",\"headline\":\"Zastal zagra o Superpuchar Polski! Z kim Zielonog\\u00f3rzanie rozpoczn\\u0105 walk\\u0119 o trofeum?\",\"author\":{\"@id\":\"https:\\\/\\\/zastalowcy.pl\\\/?author=3#author\"},\"publisher\":{\"@id\":\"https:\\\/\\\/zastalowcy.pl\\\/#organization\"},\"image\":{\"@type\":\"ImageObject\",\"url\":\"https:\\\/\\\/zastalowcy.pl\\\/wp-content\\\/uploads\\\/2026\\\/08\\\/profilowe-2-1.png\",\"width\":2048,\"height\":2048},\"datePublished\":\"2026-08-11T14:49:39+02:00\",\"dateModified\":\"2026-08-11T14:49:40+02:00\",\"inLanguage\":\"pl-PL\",\"commentCount\":1,\"mainEntityOfPage\":{\"@id\":\"https:\\\/\\\/zastalowcy.pl\\\/?p=1372#webpage\"},\"isPartOf\":{\"@id\":\"https:\\\/\\\/zastalowcy.pl\\\/?p=1372#webpage\"},\"articleSection\":\"Aktualno\\u015bci, Polska Liga Koszyk\\u00f3wki, Sezon 2026\\\/2027, basketzg, dru\\u017cyna, koszyk\\u00f3wka, plk, Polska Liga Koszyk\\u00f3wki, puchar polski, superpuchar polski, superpucharpolski, zastal, zastal zielona g\\u00f3ra, zastalowcy, zielona g\\u00f3ra, zielonagora, zielonog\\u00f3rska koszyk\\u00f3wka\"},{\"@type\":\"BreadcrumbList\",\"@id\":\"https:\\\/\\\/zastalowcy.pl\\\/?p=1372#breadcrumblist\",\"itemListElement\":[{\"@type\":\"ListItem\",\"@id\":\"https:\\\/\\\/zastalowcy.pl#listItem\",\"position\":1,\"name\":\"Home\",\"item\":\"https:\\\/\\\/zastalowcy.pl\",\"nextItem\":{\"@type\":\"ListItem\",\"@id\":\"https:\\\/\\\/zastalowcy.pl\\\/?cat=18#listItem\",\"name\":\"Aktualno\\u015bci\"}},{\"@type\":\"ListItem\",\"@id\":\"https:\\\/\\\/zastalowcy.pl\\\/?cat=18#listItem\",\"position\":2,\"name\":\"Aktualno\\u015bci\",\"item\":\"https:\\\/\\\/zastalowcy.pl\\\/?cat=18\",\"nextItem\":{\"@type\":\"ListItem\",\"@id\":\"https:\\\/\\\/zastalowcy.pl\\\/?p=1372#listItem\",\"name\":\"Zastal zagra o Superpuchar Polski! Z kim Zielonog\\u00f3rzanie rozpoczn\\u0105 walk\\u0119 o trofeum?\"},\"previousItem\":{\"@type\":\"ListItem\",\"@id\":\"https:\\\/\\\/zastalowcy.pl#listItem\",\"name\":\"Home\"}},{\"@type\":\"ListItem\",\"@id\":\"https:\\\/\\\/zastalowcy.pl\\\/?p=1372#listItem\",\"position\":3,\"name\":\"Zastal zagra o Superpuchar Polski! Z kim Zielonog\\u00f3rzanie rozpoczn\\u0105 walk\\u0119 o trofeum?\",\"previousItem\":{\"@type\":\"ListItem\",\"@id\":\"https:\\\/\\\/zastalowcy.pl\\\/?cat=18#listItem\",\"name\":\"Aktualno\\u015bci\"}}]},{\"@type\":\"Organization\",\"@id\":\"https:\\\/\\\/zastalowcy.pl\\\/#organization\",\"description\":\"O Zastalu od kibic\\u00f3w \\u2013 dla kibic\\u00f3w\",\"url\":\"https:\\\/\\\/zastalowcy.pl\\\/\",\"logo\":{\"@type\":\"ImageObject\",\"url\":\"https:\\\/\\\/zastalowcy.pl\\\/wp-content\\\/uploads\\\/2025\\\/09\\\/cropped-logo-strony-2.png\",\"@id\":\"https:\\\/\\\/zastalowcy.pl\\\/?p=1372\\\/#organizationLogo\",\"width\":1862,\"height\":384},\"image\":{\"@id\":\"https:\\\/\\\/zastalowcy.pl\\\/?p=1372\\\/#organizationLogo\"}},{\"@type\":\"Person\",\"@id\":\"https:\\\/\\\/zastalowcy.pl\\\/?author=3#author\",\"url\":\"https:\\\/\\\/zastalowcy.pl\\\/?author=3\",\"name\":\"Joanna Nawlicka\",\"image\":{\"@type\":\"ImageObject\",\"@id\":\"https:\\\/\\\/zastalowcy.pl\\\/?p=1372#authorImage\",\"url\":\"https:\\\/\\\/secure.gravatar.com\\\/avatar\\\/66fc557d97536ff5096b6295970275631b7a4673997738477642001957f5274c?s=96&d=mm&r=g\",\"width\":96,\"height\":96,\"caption\":\"Joanna Nawlicka\"}},{\"@type\":\"WebPage\",\"@id\":\"https:\\\/\\\/zastalowcy.pl\\\/?p=1372#webpage\",\"url\":\"https:\\\/\\\/zastalowcy.pl\\\/?p=1372\",\"name\":\"Zastal zagra o Superpuchar Polski! Z kim Zielonog\\u00f3rzanie rozpoczn\\u0105 walk\\u0119 o trofeum? -\",\"description\":\"Nowy sezon coraz bli\\u017cej, a Zastal Zielona G\\u00f3ra ju\\u017c we wrze\\u015bniu b\\u0119dzie mia\\u0142 okazj\\u0119 powalczy\\u0107 o pierwsze trofeum. 26 i 27 wrze\\u015bnia w Arenie Sosnowiec rozegrany zostanie turniej o Superpuchar Polski im. Adama W\\u00f3jcika. W\\u015br\\u00f3d czterech uczestnik\\u00f3w znalaz\\u0142 si\\u0119 w\\u0142a\\u015bnie zielonog\\u00f3rski zesp\\u00f3\\u0142. O zwyci\\u0119stwo w turnieju powalcz\\u0105 zdobywca Pucharu Polski oraz zesz\\u0142osezonowi medali\\u015bci, czyli: Energa\",\"inLanguage\":\"pl-PL\",\"isPartOf\":{\"@id\":\"https:\\\/\\\/zastalowcy.pl\\\/#website\"},\"breadcrumb\":{\"@id\":\"https:\\\/\\\/zastalowcy.pl\\\/?p=1372#breadcrumblist\"},\"author\":{\"@id\":\"https:\\\/\\\/zastalowcy.pl\\\/?author=3#author\"},\"creator\":{\"@id\":\"https:\\\/\\\/zastalowcy.pl\\\/?author=3#author\"},\"image\":{\"@type\":\"ImageObject\",\"url\":\"https:\\\/\\\/zastalowcy.pl\\\/wp-content\\\/uploads\\\/2026\\\/08\\\/profilowe-2-1.png\",\"@id\":\"https:\\\/\\\/zastalowcy.pl\\\/?p=1372\\\/#mainImage\",\"width\":2048,\"height\":2048},\"primaryImageOfPage\":{\"@id\":\"https:\\\/\\\/zastalowcy.pl\\\/?p=1372#mainImage\"},\"datePublished\":\"2026-08-11T14:49:39+02:00\",\"dateModified\":\"2026-08-11T14:49:40+02:00\"},{\"@type\":\"WebSite\",\"@id\":\"https:\\\/\\\/zastalowcy.pl\\\/#website\",\"url\":\"https:\\\/\\\/zastalowcy.pl\\\/\",\"description\":\"O Zastalu od kibic\\u00f3w \\u2013 dla kibic\\u00f3w\",\"inLanguage\":\"pl-PL\",\"publisher\":{\"@id\":\"https:\\\/\\\/zastalowcy.pl\\\/#organization\"}}]}\n\t\t<\/script>\n\t\t<!-- All in One SEO -->\n\n","aioseo_head_json":{"title":"Zastal zagra o Superpuchar Polski! Z kim Zielonog\u00f3rzanie rozpoczn\u0105 walk\u0119 o trofeum? -","description":"Nowy sezon coraz bli\u017cej, a Zastal Zielona G\u00f3ra ju\u017c we wrze\u015bniu b\u0119dzie mia\u0142 okazj\u0119 powalczy\u0107 o pierwsze trofeum. 26 i 27 wrze\u015bnia w Arenie Sosnowiec rozegrany zostanie turniej o Superpuchar Polski im. Adama W\u00f3jcika. W\u015br\u00f3d czterech uczestnik\u00f3w znalaz\u0142 si\u0119 w\u0142a\u015bnie zielonog\u00f3rski zesp\u00f3\u0142. O zwyci\u0119stwo w turnieju powalcz\u0105 zdobywca Pucharu Polski oraz zesz\u0142osezonowi medali\u015bci, czyli: Energa","canonical_url":"https:\/\/zastalowcy.pl\/?p=1372","robots":"max-image-preview:large","keywords":"","webmasterTools":{"miscellaneous":""},"schema":{"@context":"https:\/\/schema.org","@graph":[{"@type":"BlogPosting","@id":"https:\/\/zastalowcy.pl\/?p=1372#blogposting","name":"Zastal zagra o Superpuchar Polski! Z kim Zielonog\u00f3rzanie rozpoczn\u0105 walk\u0119 o trofeum? -","headline":"Zastal zagra o Superpuchar Polski! Z kim Zielonog\u00f3rzanie rozpoczn\u0105 walk\u0119 o trofeum?","author":{"@id":"https:\/\/zastalowcy.pl\/?author=3#author"},"publisher":{"@id":"https:\/\/zastalowcy.pl\/#organization"},"image":{"@type":"ImageObject","url":"https:\/\/zastalowcy.pl\/wp-content\/uploads\/2026\/08\/profilowe-2-1.png","width":2048,"height":2048},"datePublished":"2026-08-11T14:49:39+02:00","dateModified":"2026-08-11T14:49:40+02:00","inLanguage":"pl-PL","commentCount":1,"mainEntityOfPage":{"@id":"https:\/\/zastalowcy.pl\/?p=1372#webpage"},"isPartOf":{"@id":"https:\/\/zastalowcy.pl\/?p=1372#webpage"},"articleSection":"Aktualno\u015bci, Polska Liga Koszyk\u00f3wki, Sezon 2026\/2027, basketzg, dru\u017cyna, koszyk\u00f3wka, plk, Polska Liga Koszyk\u00f3wki, puchar polski, superpuchar polski, superpucharpolski, zastal, zastal zielona g\u00f3ra, zastalowcy, zielona g\u00f3ra, zielonagora, zielonog\u00f3rska koszyk\u00f3wka"},{"@type":"BreadcrumbList","@id":"https:\/\/zastalowcy.pl\/?p=1372#breadcrumblist","itemListElement":[{"@type":"ListItem","@id":"https:\/\/zastalowcy.pl#listItem","position":1,"name":"Home","item":"https:\/\/zastalowcy.pl","nextItem":{"@type":"ListItem","@id":"https:\/\/zastalowcy.pl\/?cat=18#listItem","name":"Aktualno\u015bci"}},{"@type":"ListItem","@id":"https:\/\/zastalowcy.pl\/?cat=18#listItem","position":2,"name":"Aktualno\u015bci","item":"https:\/\/zastalowcy.pl\/?cat=18","nextItem":{"@type":"ListItem","@id":"https:\/\/zastalowcy.pl\/?p=1372#listItem","name":"Zastal zagra o Superpuchar Polski! Z kim Zielonog\u00f3rzanie rozpoczn\u0105 walk\u0119 o trofeum?"},"previousItem":{"@type":"ListItem","@id":"https:\/\/zastalowcy.pl#listItem","name":"Home"}},{"@type":"ListItem","@id":"https:\/\/zastalowcy.pl\/?p=1372#listItem","position":3,"name":"Zastal zagra o Superpuchar Polski! Z kim Zielonog\u00f3rzanie rozpoczn\u0105 walk\u0119 o trofeum?","previousItem":{"@type":"ListItem","@id":"https:\/\/zastalowcy.pl\/?cat=18#listItem","name":"Aktualno\u015bci"}}]},{"@type":"Organization","@id":"https:\/\/zastalowcy.pl\/#organization","description":"O Zastalu od kibic\u00f3w \u2013 dla kibic\u00f3w","url":"https:\/\/zastalowcy.pl\/","logo":{"@type":"ImageObject","url":"https:\/\/zastalowcy.pl\/wp-content\/uploads\/2025\/09\/cropped-logo-strony-2.png","@id":"https:\/\/zastalowcy.pl\/?p=1372\/#organizationLogo","width":1862,"height":384},"image":{"@id":"https:\/\/zastalowcy.pl\/?p=1372\/#organizationLogo"}},{"@type":"Person","@id":"https:\/\/zastalowcy.pl\/?author=3#author","url":"https:\/\/zastalowcy.pl\/?author=3","name":"Joanna Nawlicka","image":{"@type":"ImageObject","@id":"https:\/\/zastalowcy.pl\/?p=1372#authorImage","url":"https:\/\/secure.gravatar.com\/avatar\/66fc557d97536ff5096b6295970275631b7a4673997738477642001957f5274c?s=96&d=mm&r=g","width":96,"height":96,"caption":"Joanna Nawlicka"}},{"@type":"WebPage","@id":"https:\/\/zastalowcy.pl\/?p=1372#webpage","url":"https:\/\/zastalowcy.pl\/?p=1372","name":"Zastal zagra o Superpuchar Polski! Z kim Zielonog\u00f3rzanie rozpoczn\u0105 walk\u0119 o trofeum? -","description":"Nowy sezon coraz bli\u017cej, a Zastal Zielona G\u00f3ra ju\u017c we wrze\u015bniu b\u0119dzie mia\u0142 okazj\u0119 powalczy\u0107 o pierwsze trofeum. 26 i 27 wrze\u015bnia w Arenie Sosnowiec rozegrany zostanie turniej o Superpuchar Polski im. Adama W\u00f3jcika. W\u015br\u00f3d czterech uczestnik\u00f3w znalaz\u0142 si\u0119 w\u0142a\u015bnie zielonog\u00f3rski zesp\u00f3\u0142. O zwyci\u0119stwo w turnieju powalcz\u0105 zdobywca Pucharu Polski oraz zesz\u0142osezonowi medali\u015bci, czyli: Energa","inLanguage":"pl-PL","isPartOf":{"@id":"https:\/\/zastalowcy.pl\/#website"},"breadcrumb":{"@id":"https:\/\/zastalowcy.pl\/?p=1372#breadcrumblist"},"author":{"@id":"https:\/\/zastalowcy.pl\/?author=3#author"},"creator":{"@id":"https:\/\/zastalowcy.pl\/?author=3#author"},"image":{"@type":"ImageObject","url":"https:\/\/zastalowcy.pl\/wp-content\/uploads\/2026\/08\/profilowe-2-1.png","@id":"https:\/\/zastalowcy.pl\/?p=1372\/#mainImage","width":2048,"height":2048},"primaryImageOfPage":{"@id":"https:\/\/zastalowcy.pl\/?p=1372#mainImage"},"datePublished":"2026-08-11T14:49:39+02:00","dateModified":"2026-08-11T14:49:40+02:00"},{"@type":"WebSite","@id":"https:\/\/zastalowcy.pl\/#website","url":"https:\/\/zastalowcy.pl\/","description":"O Zastalu od kibic\u00f3w \u2013 dla kibic\u00f3w","inLanguage":"pl-PL","publisher":{"@id":"https:\/\/zastalowcy.pl\/#organization"}}]},"og:locale":"pl_PL","og:site_name":"- O Zastalu od kibic\u00f3w \u2013 dla kibic\u00f3w","og:type":"article","og:title":"Zastal zagra o Superpuchar Polski! Z kim Zielonog\u00f3rzanie rozpoczn\u0105 walk\u0119 o trofeum? -","og:description":"Nowy sezon coraz bli\u017cej, a Zastal Zielona G\u00f3ra ju\u017c we wrze\u015bniu b\u0119dzie mia\u0142 okazj\u0119 powalczy\u0107 o pierwsze trofeum. 26 i 27 wrze\u015bnia w Arenie Sosnowiec rozegrany zostanie turniej o Superpuchar Polski im. Adama W\u00f3jcika. W\u015br\u00f3d czterech uczestnik\u00f3w znalaz\u0142 si\u0119 w\u0142a\u015bnie zielonog\u00f3rski zesp\u00f3\u0142. O zwyci\u0119stwo w turnieju powalcz\u0105 zdobywca Pucharu Polski oraz zesz\u0142osezonowi medali\u015bci, czyli: Energa","og:url":"https:\/\/zastalowcy.pl\/?p=1372","og:image":"https:\/\/zastalowcy.pl\/wp-content\/uploads\/2025\/09\/cropped-logo-strony-2.png","og:image:secure_url":"https:\/\/zastalowcy.pl\/wp-content\/uploads\/2025\/09\/cropped-logo-strony-2.png","og:image:width":1862,"og:image:height":384,"article:published_time":"2026-08-11T12:49:39+00:00","article:modified_time":"2026-08-11T12:49:40+00:00","twitter:card":"summary_large_image","twitter:title":"Zastal zagra o Superpuchar Polski! Z kim Zielonog\u00f3rzanie rozpoczn\u0105 walk\u0119 o trofeum? -","twitter:description":"Nowy sezon coraz bli\u017cej, a Zastal Zielona G\u00f3ra ju\u017c we wrze\u015bniu b\u0119dzie mia\u0142 okazj\u0119 powalczy\u0107 o pierwsze trofeum. 26 i 27 wrze\u015bnia w Arenie Sosnowiec rozegrany zostanie turniej o Superpuchar Polski im. Adama W\u00f3jcika. W\u015br\u00f3d czterech uczestnik\u00f3w znalaz\u0142 si\u0119 w\u0142a\u015bnie zielonog\u00f3rski zesp\u00f3\u0142. O zwyci\u0119stwo w turnieju powalcz\u0105 zdobywca Pucharu Polski oraz zesz\u0142osezonowi medali\u015bci, czyli: Energa","twitter:image":"https:\/\/zastalowcy.pl\/wp-content\/uploads\/2025\/09\/cropped-logo-strony-2.png"},"aioseo_meta_data":{"post_id":"1372","title":null,"description":null,"keywords":null,"keyphrases":{"focus":{"keyphrase":"","score":0,"analysis":{"keyphraseInTitle":{"score":0,"maxScore":9,"error":1}}},"additional":[]},"primary_term":null,"canonical_url":null,"og_title":null,"og_description":null,"og_object_type":"default","og_image_type":"default","og_image_custom_url":null,"og_image_custom_fields":null,"og_image_url":null,"og_image_width":null,"og_image_height":null,"og_video":"","og_custom_url":null,"og_article_section":null,"og_article_tags":null,"twitter_use_og":false,"twitter_card":"default","twitter_image_type":"default","twitter_image_custom_url":null,"twitter_image_custom_fields":null,"twitter_image_url":null,"twitter_title":null,"twitter_description":null,"schema_type":"default","schema_type_options":null,"schema":{"blockGraphs":[],"customGraphs":[],"default":{"data":{"Article":[],"Course":[],"Dataset":[],"FAQPage":[],"Movie":[],"Person":[],"Product":[],"ProductReview":[],"Car":[],"Recipe":[],"Service":[],"SoftwareApplication":[],"WebPage":[]},"graphName":"BlogPosting","isEnabled":true},"graphs":[]},"pillar_content":false,"robots_default":true,"robots_noindex":false,"robots_noarchive":false,"robots_nosnippet":false,"robots_nofollow":false,"robots_noimageindex":false,"robots_noodp":false,"robots_notranslate":false,"robots_max_snippet":"-1","robots_max_videopreview":"-1","robots_max_imagepreview":"large","priority":null,"frequency":"default","local_seo":null,"limit_modified_date":false,"ai":{"faqs":[],"keyPoints":[],"schemas":[],"titles":[],"descriptions":[],"socialPosts":{"email":{"subject":"","preview":"","content":""},"linkedin":[],"twitter":[],"facebook":[],"instagram":[]}},"breadcrumb_settings":null,"seo_analyzer_scan_date":null,"created":"2026-08-11 12:49:40","updated":"2026-08-11 15:27:19","focus_keyword":null,"additional_keywords":null,"truseo_locale":null},"aioseo_breadcrumb":"<div class=\"aioseo-breadcrumbs\"><span class=\"aioseo-breadcrumb\">\n\t\t\t<a href=\"https:\/\/zastalowcy.pl\" title=\"Home\">Home<\/a>\n\t\t<\/span><span class=\"aioseo-breadcrumb-separator\">&raquo;<\/span><span class=\"aioseo-breadcrumb\">\n\t\t\t<a href=\"https:\/\/zastalowcy.pl\/?cat=18\" title=\"Aktualno\u015bci\">Aktualno\u015bci<\/a>\n\t\t<\/span><span class=\"aioseo-breadcrumb-separator\">&raquo;<\/span><span class=\"aioseo-breadcrumb\">\n\t\t\tZastal zagra o Superpuchar Polski! Z kim Zielonog\u00f3rzanie rozpoczn\u0105 walk\u0119 o trofeum?\n\t\t<\/span><\/div>","aioseo_breadcrumb_json":[{"label":"Home","link":"https:\/\/zastalowcy.pl"},{"label":"Aktualno\u015bci","link":"https:\/\/zastalowcy.pl\/?cat=18"},{"label":"Zastal zagra o Superpuchar Polski! Z kim Zielonog\u00f3rzanie rozpoczn\u0105 walk\u0119 o trofeum?","link":"https:\/\/zastalowcy.pl\/?p=1372"}],"_links":{"self":[{"href":"https:\/\/zastalowcy.pl\/index.php?rest_route=\/wp\/v2\/posts\/1372","targetHints":{"allow":["GET"]}}],"collection":[{"href":"https:\/\/zastalowcy.pl\/index.php?rest_route=\/wp\/v2\/posts"}],"about":[{"href":"https:\/\/zastalowcy.pl\/index.php?rest_route=\/wp\/v2\/types\/post"}],"author":[{"embeddable":true,"href":"https:\/\/zastalowcy.pl\/index.php?rest_route=\/wp\/v2\/users\/3"}],"replies":[{"embeddable":true,"href":"https:\/\/zastalowcy.pl\/index.php?rest_route=%2Fwp%2Fv2%2Fcomments&post=1372"}],"version-history":[{"count":1,"href":"https:\/\/zastalowcy.pl\/index.php?rest_route=\/wp\/v2\/posts\/1372\/revisions"}],"predecessor-version":[{"id":1374,"href":"https:\/\/zastalowcy.pl\/index.php?rest_route=\/wp\/v2\/posts\/1372\/revisions\/1374"}],"wp:featuredmedia":[{"embeddable":true,"href":"https:\/\/zastalowcy.pl\/index.php?rest_route=\/wp\/v2\/media\/1373"}],"wp:attachment":[{"href":"https:\/\/zastalowcy.pl\/index.php?rest_route=%2Fwp%2Fv2%2Fmedia&parent=1372"}],"wp:term":[{"taxonomy":"category","embeddable":true,"href":"https:\/\/zastalowcy.pl\/index.php?rest_route=%2Fwp%2Fv2%2Fcategories&post=1372"},{"taxonomy":"post_tag","embeddable":true,"href":"https:\/\/zastalowcy.pl\/index.php?rest_route=%2Fwp%2Fv2%2Ftags&post=1372"}],"curies":[{"name":"wp","href":"https:\/\/api.w.org\/{rel}","templated":true}]}}