{"id":1398,"date":"2026-08-18T22:10:00","date_gmt":"2026-08-18T20:10:00","guid":{"rendered":"https:\/\/zastalowcy.pl\/?p=1398"},"modified":"2026-08-21T09:40:19","modified_gmt":"2026-08-21T07:40:19","slug":"marcin-woroniecki-opuszcza-zastal-woro-zagra-w-mks-ie-dabrowa-gornicza","status":"publish","type":"post","link":"https:\/\/zastalowcy.pl\/?p=1398","title":{"rendered":"Marcin Woroniecki opuszcza Zastal. \u201eWoro\u201d zagra w MKS-ie D\u0105browa G\u00f3rnicza"},"content":{"rendered":"\n<p class=\"wp-block-paragraph\">Marcin Woroniecki oficjalnie nie jest ju\u017c zawodnikiem Zastalu Zielona G\u00f3ra. Po trzech sezonach sp\u0119dzonych w zielonog\u00f3rskim klubie 26-letni obwodowy przenosi si\u0119 do MKS-u D\u0105browa G\u00f3rnicza, z kt\u00f3rym b\u0119dzie wyst\u0119powa\u0142 w sezonie 2026\/27 w Polskiej Lidze Koszyk\u00f3wki.<\/p>\n\n\n\n<h3 class=\"wp-block-heading\">Trzy sezony w Zielonej G\u00f3rze<\/h3>\n\n\n\n<p class=\"wp-block-paragraph\">Woroniecki trafi\u0142 do Zastalu trzy lata temu i od tego czasu by\u0142 cz\u0119\u015bci\u0105 zielonog\u00f3rskiej rotacji. W poprzednich rozgrywkach mia\u0142 okazj\u0119 prze\u017cy\u0107 z zespo\u0142em jeden z najlepszych moment\u00f3w ostatnich lat \u2013 zdobycie wicemistrzostwa Polski. W sezonie 2025\/26 wyst\u0105pi\u0142 w 35 spotkaniach, zdobywaj\u0105c \u015brednio 4,2 punktu i 1,1 zbi\u00f3rki na mecz.<\/p>\n\n\n\n<p class=\"wp-block-paragraph\">Cho\u0107 jego rola w zespole nie zawsze by\u0142a pierwszoplanowa, przez trzy sezony sta\u0142 si\u0119 jednym z zawodnik\u00f3w dobrze znanych zielonog\u00f3rskim kibicom.<\/p>\n\n\n\n<figure class=\"wp-block-image size-large\"><img loading=\"lazy\" decoding=\"async\" width=\"1024\" height=\"683\" src=\"https:\/\/zastalowcy.pl\/wp-content\/uploads\/2026\/08\/IMG_4382-1024x683.jpg\" alt=\"\" class=\"wp-image-1400\" srcset=\"https:\/\/zastalowcy.pl\/wp-content\/uploads\/2026\/08\/IMG_4382-1024x683.jpg 1024w, https:\/\/zastalowcy.pl\/wp-content\/uploads\/2026\/08\/IMG_4382-300x200.jpg 300w, https:\/\/zastalowcy.pl\/wp-content\/uploads\/2026\/08\/IMG_4382-768x512.jpg 768w, https:\/\/zastalowcy.pl\/wp-content\/uploads\/2026\/08\/IMG_4382-1536x1024.jpg 1536w, https:\/\/zastalowcy.pl\/wp-content\/uploads\/2026\/08\/IMG_4382-2048x1365.jpg 2048w\" sizes=\"auto, (max-width: 1024px) 100vw, 1024px\" \/><figcaption class=\"wp-element-caption\">fot. Joanna Nawlicka<\/figcaption><\/figure>\n\n\n\n<p class=\"wp-block-paragraph\">Tym samym skraca si\u0119 lista Zastalowc\u00f3w z poprzedniego sezonu, kt\u00f3rzy nie maj\u0105 jeszcze kontrakt\u00f3w. Wi\u0119cej przeczytasz w artykule: <a href=\"https:\/\/zastalowcy.pl\/?p=1321\" title=\"\">Pi\u0119ciu by\u0142ych zawodnik\u00f3w Zastalu wci\u0105\u017c bez klub\u00f3w<\/a>.<\/p>\n\n\n\n<h3 class=\"wp-block-heading\">Kolejny przystanek \u2013 D\u0105browa G\u00f3rnicza<\/h3>\n\n\n\n<p class=\"wp-block-paragraph\">W sezonie 2026\/27 Woroniecki b\u0119dzie reprezentowa\u0142 barwy MKS-u D\u0105browa G\u00f3rnicza. Dla zawodnika oznacza to pozostanie na poziomie najwy\u017cszej klasy rozgrywkowej w Polsce. W D\u0105browie G\u00f3rniczej \u201eWoro\u201d b\u0119dzie kolejnym zawodnikiem, kt\u00f3ry mo\u017ce wzmocni\u0107 rotacj\u0119 na obwodzie. Klub oficjalnie potwierdzi\u0142 jego do\u0142\u0105czenie do zespo\u0142u na sezon 2026\/27.<\/p>\n\n\n\n<p class=\"wp-block-paragraph\">Pozostaje nam tylko podzi\u0119kowa\u0107 Marcinowi Woronieckiemu za trzy sezony sp\u0119dzone w Zielonej G\u00f3rze i \u017cyczy\u0107 powodzenia w nowym klubie!<\/p>\n\n\n\n<p class=\"wp-block-paragraph\">\ud83c\udfc0 Zastalowcy.pl \u2013 o Zastalu od kibic\u00f3w \u2013 dla kibic\u00f3w<\/p>\n","protected":false},"excerpt":{"rendered":"<p>Marcin Woroniecki oficjalnie nie jest ju\u017c zawodnikiem Zastalu Zielona G\u00f3ra. Po trzech sezonach sp\u0119dzonych w zielonog\u00f3rskim klubie 26-letni<\/p>\n","protected":false},"author":3,"featured_media":1401,"comment_status":"open","ping_status":"open","sticky":false,"template":"","format":"standard","meta":{"om_disable_all_campaigns":false,"footnotes":""},"categories":[1,367,8],"tags":[17,26,15,471,44,161,334,12,14,42,11,10,16],"class_list":["post-1398","post","type-post","status-publish","format-standard","has-post-thumbnail","hentry","category-bez-kategorii","category-sezon-2026-2027","category-wiadomosci-z-klubu","tag-basketzg","tag-druzyna","tag-koszykowka","tag-marcin-woro-woroniecki","tag-marcin-woroniecki","tag-mks-dabrowa-gornicza","tag-woro","tag-zastal","tag-zastal-zielona-gora","tag-zastalowcy","tag-zielona-gora","tag-zielonagora","tag-zielonogorska-koszykowka"],"aioseo_notices":[],"aioseo_head":"\n\t\t<!-- All in One SEO 5.0.0.1 - aioseo.com -->\n\t<meta name=\"description\" content=\"Marcin Woroniecki oficjalnie nie jest ju\u017c zawodnikiem Zastalu Zielona G\u00f3ra. Po trzech sezonach sp\u0119dzonych w zielonog\u00f3rskim klubie 26-letni obwodowy przenosi si\u0119 do MKS-u D\u0105browa G\u00f3rnicza, z kt\u00f3rym b\u0119dzie wyst\u0119powa\u0142 w sezonie 2026\/27 w Polskiej Lidze Koszyk\u00f3wki. Trzy sezony w Zielonej G\u00f3rze Woroniecki trafi\u0142 do Zastalu trzy lata temu i od tego czasu by\u0142 cz\u0119\u015bci\u0105 zielonog\u00f3rskiej\" \/>\n\t<meta name=\"robots\" content=\"max-image-preview:large\" \/>\n\t<meta name=\"author\" content=\"Joanna Nawlicka\"\/>\n\t<link rel=\"canonical\" href=\"https:\/\/zastalowcy.pl\/?p=1398\" \/>\n\t<meta name=\"generator\" content=\"All in One SEO (AIOSEO) 5.0.0.1\" \/>\n\t\t<meta property=\"og:locale\" content=\"pl_PL\" \/>\n\t\t<meta property=\"og:site_name\" content=\"- O Zastalu od kibic\u00f3w \u2013 dla kibic\u00f3w\" \/>\n\t\t<meta property=\"og:type\" content=\"article\" \/>\n\t\t<meta property=\"og:title\" content=\"Marcin Woroniecki opuszcza Zastal. \u201eWoro\u201d zagra w MKS-ie D\u0105browa G\u00f3rnicza -\" \/>\n\t\t<meta property=\"og:description\" content=\"Marcin Woroniecki oficjalnie nie jest ju\u017c zawodnikiem Zastalu Zielona G\u00f3ra. Po trzech sezonach sp\u0119dzonych w zielonog\u00f3rskim klubie 26-letni obwodowy przenosi si\u0119 do MKS-u D\u0105browa G\u00f3rnicza, z kt\u00f3rym b\u0119dzie wyst\u0119powa\u0142 w sezonie 2026\/27 w Polskiej Lidze Koszyk\u00f3wki. Trzy sezony w Zielonej G\u00f3rze Woroniecki trafi\u0142 do Zastalu trzy lata temu i od tego czasu by\u0142 cz\u0119\u015bci\u0105 zielonog\u00f3rskiej\" \/>\n\t\t<meta property=\"og:url\" content=\"https:\/\/zastalowcy.pl\/?p=1398\" \/>\n\t\t<meta property=\"og:image\" content=\"https:\/\/zastalowcy.pl\/wp-content\/uploads\/2025\/09\/cropped-logo-strony-2.png\" \/>\n\t\t<meta property=\"og:image:secure_url\" content=\"https:\/\/zastalowcy.pl\/wp-content\/uploads\/2025\/09\/cropped-logo-strony-2.png\" \/>\n\t\t<meta property=\"og:image:width\" content=\"1862\" \/>\n\t\t<meta property=\"og:image:height\" content=\"384\" \/>\n\t\t<meta property=\"article:published_time\" content=\"2026-08-18T20:10:00+00:00\" \/>\n\t\t<meta property=\"article:modified_time\" content=\"2026-08-21T07:40:19+00:00\" \/>\n\t\t<meta name=\"twitter:card\" content=\"summary_large_image\" \/>\n\t\t<meta name=\"twitter:title\" content=\"Marcin Woroniecki opuszcza Zastal. \u201eWoro\u201d zagra w MKS-ie D\u0105browa G\u00f3rnicza -\" \/>\n\t\t<meta name=\"twitter:description\" content=\"Marcin Woroniecki oficjalnie nie jest ju\u017c zawodnikiem Zastalu Zielona G\u00f3ra. Po trzech sezonach sp\u0119dzonych w zielonog\u00f3rskim klubie 26-letni obwodowy przenosi si\u0119 do MKS-u D\u0105browa G\u00f3rnicza, z kt\u00f3rym b\u0119dzie wyst\u0119powa\u0142 w sezonie 2026\/27 w Polskiej Lidze Koszyk\u00f3wki. Trzy sezony w Zielonej G\u00f3rze Woroniecki trafi\u0142 do Zastalu trzy lata temu i od tego czasu by\u0142 cz\u0119\u015bci\u0105 zielonog\u00f3rskiej\" \/>\n\t\t<meta name=\"twitter:image\" content=\"https:\/\/zastalowcy.pl\/wp-content\/uploads\/2025\/09\/cropped-logo-strony-2.png\" \/>\n\t\t<script type=\"application\/ld+json\" class=\"aioseo-schema\">\n\t\t\t{\"@context\":\"https:\\\/\\\/schema.org\",\"@graph\":[{\"@type\":\"BlogPosting\",\"@id\":\"https:\\\/\\\/zastalowcy.pl\\\/?p=1398#blogposting\",\"name\":\"Marcin Woroniecki opuszcza Zastal. \\u201eWoro\\u201d zagra w MKS-ie D\\u0105browa G\\u00f3rnicza -\",\"headline\":\"Marcin Woroniecki opuszcza Zastal. \\u201eWoro\\u201d zagra w MKS-ie D\\u0105browa G\\u00f3rnicza\",\"author\":{\"@id\":\"https:\\\/\\\/zastalowcy.pl\\\/?author=3#author\"},\"publisher\":{\"@id\":\"https:\\\/\\\/zastalowcy.pl\\\/#organization\"},\"image\":{\"@type\":\"ImageObject\",\"url\":\"https:\\\/\\\/zastalowcy.pl\\\/wp-content\\\/uploads\\\/2026\\\/08\\\/profilowe-1-3.png\",\"width\":2048,\"height\":2048},\"datePublished\":\"2026-08-18T22:10:00+02:00\",\"dateModified\":\"2026-08-21T09:40:19+02:00\",\"inLanguage\":\"pl-PL\",\"mainEntityOfPage\":{\"@id\":\"https:\\\/\\\/zastalowcy.pl\\\/?p=1398#webpage\"},\"isPartOf\":{\"@id\":\"https:\\\/\\\/zastalowcy.pl\\\/?p=1398#webpage\"},\"articleSection\":\"Bez kategorii, Sezon 2026\\\/2027, Wiadomo\\u015bci z klubu, basketzg, dru\\u017cyna, koszyk\\u00f3wka, marcin woro woroniecki, marcin woroniecki, mks d\\u0105browa g\\u00f3rnicza, woro, zastal, zastal zielona g\\u00f3ra, zastalowcy, zielona g\\u00f3ra, zielonagora, zielonog\\u00f3rska koszyk\\u00f3wka\"},{\"@type\":\"BreadcrumbList\",\"@id\":\"https:\\\/\\\/zastalowcy.pl\\\/?p=1398#breadcrumblist\",\"itemListElement\":[{\"@type\":\"ListItem\",\"@id\":\"https:\\\/\\\/zastalowcy.pl#listItem\",\"position\":1,\"name\":\"Home\",\"item\":\"https:\\\/\\\/zastalowcy.pl\",\"nextItem\":{\"@type\":\"ListItem\",\"@id\":\"https:\\\/\\\/zastalowcy.pl\\\/?cat=1#listItem\",\"name\":\"Bez kategorii\"}},{\"@type\":\"ListItem\",\"@id\":\"https:\\\/\\\/zastalowcy.pl\\\/?cat=1#listItem\",\"position\":2,\"name\":\"Bez kategorii\",\"item\":\"https:\\\/\\\/zastalowcy.pl\\\/?cat=1\",\"nextItem\":{\"@type\":\"ListItem\",\"@id\":\"https:\\\/\\\/zastalowcy.pl\\\/?p=1398#listItem\",\"name\":\"Marcin Woroniecki opuszcza Zastal. \\u201eWoro\\u201d zagra w MKS-ie D\\u0105browa G\\u00f3rnicza\"},\"previousItem\":{\"@type\":\"ListItem\",\"@id\":\"https:\\\/\\\/zastalowcy.pl#listItem\",\"name\":\"Home\"}},{\"@type\":\"ListItem\",\"@id\":\"https:\\\/\\\/zastalowcy.pl\\\/?p=1398#listItem\",\"position\":3,\"name\":\"Marcin Woroniecki opuszcza Zastal. \\u201eWoro\\u201d zagra w MKS-ie D\\u0105browa G\\u00f3rnicza\",\"previousItem\":{\"@type\":\"ListItem\",\"@id\":\"https:\\\/\\\/zastalowcy.pl\\\/?cat=1#listItem\",\"name\":\"Bez kategorii\"}}]},{\"@type\":\"Organization\",\"@id\":\"https:\\\/\\\/zastalowcy.pl\\\/#organization\",\"description\":\"O Zastalu od kibic\\u00f3w \\u2013 dla kibic\\u00f3w\",\"url\":\"https:\\\/\\\/zastalowcy.pl\\\/\",\"logo\":{\"@type\":\"ImageObject\",\"url\":\"https:\\\/\\\/zastalowcy.pl\\\/wp-content\\\/uploads\\\/2025\\\/09\\\/cropped-logo-strony-2.png\",\"@id\":\"https:\\\/\\\/zastalowcy.pl\\\/?p=1398\\\/#organizationLogo\",\"width\":1862,\"height\":384},\"image\":{\"@id\":\"https:\\\/\\\/zastalowcy.pl\\\/?p=1398\\\/#organizationLogo\"}},{\"@type\":\"Person\",\"@id\":\"https:\\\/\\\/zastalowcy.pl\\\/?author=3#author\",\"url\":\"https:\\\/\\\/zastalowcy.pl\\\/?author=3\",\"name\":\"Joanna Nawlicka\",\"image\":{\"@type\":\"ImageObject\",\"@id\":\"https:\\\/\\\/zastalowcy.pl\\\/?p=1398#authorImage\",\"url\":\"https:\\\/\\\/secure.gravatar.com\\\/avatar\\\/66fc557d97536ff5096b6295970275631b7a4673997738477642001957f5274c?s=96&d=mm&r=g\",\"width\":96,\"height\":96,\"caption\":\"Joanna Nawlicka\"}},{\"@type\":\"WebPage\",\"@id\":\"https:\\\/\\\/zastalowcy.pl\\\/?p=1398#webpage\",\"url\":\"https:\\\/\\\/zastalowcy.pl\\\/?p=1398\",\"name\":\"Marcin Woroniecki opuszcza Zastal. \\u201eWoro\\u201d zagra w MKS-ie D\\u0105browa G\\u00f3rnicza -\",\"description\":\"Marcin Woroniecki oficjalnie nie jest ju\\u017c zawodnikiem Zastalu Zielona G\\u00f3ra. Po trzech sezonach sp\\u0119dzonych w zielonog\\u00f3rskim klubie 26-letni obwodowy przenosi si\\u0119 do MKS-u D\\u0105browa G\\u00f3rnicza, z kt\\u00f3rym b\\u0119dzie wyst\\u0119powa\\u0142 w sezonie 2026\\\/27 w Polskiej Lidze Koszyk\\u00f3wki. Trzy sezony w Zielonej G\\u00f3rze Woroniecki trafi\\u0142 do Zastalu trzy lata temu i od tego czasu by\\u0142 cz\\u0119\\u015bci\\u0105 zielonog\\u00f3rskiej\",\"inLanguage\":\"pl-PL\",\"isPartOf\":{\"@id\":\"https:\\\/\\\/zastalowcy.pl\\\/#website\"},\"breadcrumb\":{\"@id\":\"https:\\\/\\\/zastalowcy.pl\\\/?p=1398#breadcrumblist\"},\"author\":{\"@id\":\"https:\\\/\\\/zastalowcy.pl\\\/?author=3#author\"},\"creator\":{\"@id\":\"https:\\\/\\\/zastalowcy.pl\\\/?author=3#author\"},\"image\":{\"@type\":\"ImageObject\",\"url\":\"https:\\\/\\\/zastalowcy.pl\\\/wp-content\\\/uploads\\\/2026\\\/08\\\/profilowe-1-3.png\",\"@id\":\"https:\\\/\\\/zastalowcy.pl\\\/?p=1398\\\/#mainImage\",\"width\":2048,\"height\":2048},\"primaryImageOfPage\":{\"@id\":\"https:\\\/\\\/zastalowcy.pl\\\/?p=1398#mainImage\"},\"datePublished\":\"2026-08-18T22:10:00+02:00\",\"dateModified\":\"2026-08-21T09:40:19+02:00\"},{\"@type\":\"WebSite\",\"@id\":\"https:\\\/\\\/zastalowcy.pl\\\/#website\",\"url\":\"https:\\\/\\\/zastalowcy.pl\\\/\",\"description\":\"O Zastalu od kibic\\u00f3w \\u2013 dla kibic\\u00f3w\",\"inLanguage\":\"pl-PL\",\"publisher\":{\"@id\":\"https:\\\/\\\/zastalowcy.pl\\\/#organization\"}}]}\n\t\t<\/script>\n\t\t<!-- All in One SEO -->\n\n","aioseo_head_json":{"title":"Marcin Woroniecki opuszcza Zastal. \u201eWoro\u201d zagra w MKS-ie D\u0105browa G\u00f3rnicza -","description":"Marcin Woroniecki oficjalnie nie jest ju\u017c zawodnikiem Zastalu Zielona G\u00f3ra. Po trzech sezonach sp\u0119dzonych w zielonog\u00f3rskim klubie 26-letni obwodowy przenosi si\u0119 do MKS-u D\u0105browa G\u00f3rnicza, z kt\u00f3rym b\u0119dzie wyst\u0119powa\u0142 w sezonie 2026\/27 w Polskiej Lidze Koszyk\u00f3wki. Trzy sezony w Zielonej G\u00f3rze Woroniecki trafi\u0142 do Zastalu trzy lata temu i od tego czasu by\u0142 cz\u0119\u015bci\u0105 zielonog\u00f3rskiej","canonical_url":"https:\/\/zastalowcy.pl\/?p=1398","robots":"max-image-preview:large","keywords":"","webmasterTools":{"miscellaneous":""},"schema":{"@context":"https:\/\/schema.org","@graph":[{"@type":"BlogPosting","@id":"https:\/\/zastalowcy.pl\/?p=1398#blogposting","name":"Marcin Woroniecki opuszcza Zastal. \u201eWoro\u201d zagra w MKS-ie D\u0105browa G\u00f3rnicza -","headline":"Marcin Woroniecki opuszcza Zastal. \u201eWoro\u201d zagra w MKS-ie D\u0105browa G\u00f3rnicza","author":{"@id":"https:\/\/zastalowcy.pl\/?author=3#author"},"publisher":{"@id":"https:\/\/zastalowcy.pl\/#organization"},"image":{"@type":"ImageObject","url":"https:\/\/zastalowcy.pl\/wp-content\/uploads\/2026\/08\/profilowe-1-3.png","width":2048,"height":2048},"datePublished":"2026-08-18T22:10:00+02:00","dateModified":"2026-08-21T09:40:19+02:00","inLanguage":"pl-PL","mainEntityOfPage":{"@id":"https:\/\/zastalowcy.pl\/?p=1398#webpage"},"isPartOf":{"@id":"https:\/\/zastalowcy.pl\/?p=1398#webpage"},"articleSection":"Bez kategorii, Sezon 2026\/2027, Wiadomo\u015bci z klubu, basketzg, dru\u017cyna, koszyk\u00f3wka, marcin woro woroniecki, marcin woroniecki, mks d\u0105browa g\u00f3rnicza, woro, zastal, zastal zielona g\u00f3ra, zastalowcy, zielona g\u00f3ra, zielonagora, zielonog\u00f3rska koszyk\u00f3wka"},{"@type":"BreadcrumbList","@id":"https:\/\/zastalowcy.pl\/?p=1398#breadcrumblist","itemListElement":[{"@type":"ListItem","@id":"https:\/\/zastalowcy.pl#listItem","position":1,"name":"Home","item":"https:\/\/zastalowcy.pl","nextItem":{"@type":"ListItem","@id":"https:\/\/zastalowcy.pl\/?cat=1#listItem","name":"Bez kategorii"}},{"@type":"ListItem","@id":"https:\/\/zastalowcy.pl\/?cat=1#listItem","position":2,"name":"Bez kategorii","item":"https:\/\/zastalowcy.pl\/?cat=1","nextItem":{"@type":"ListItem","@id":"https:\/\/zastalowcy.pl\/?p=1398#listItem","name":"Marcin Woroniecki opuszcza Zastal. \u201eWoro\u201d zagra w MKS-ie D\u0105browa G\u00f3rnicza"},"previousItem":{"@type":"ListItem","@id":"https:\/\/zastalowcy.pl#listItem","name":"Home"}},{"@type":"ListItem","@id":"https:\/\/zastalowcy.pl\/?p=1398#listItem","position":3,"name":"Marcin Woroniecki opuszcza Zastal. \u201eWoro\u201d zagra w MKS-ie D\u0105browa G\u00f3rnicza","previousItem":{"@type":"ListItem","@id":"https:\/\/zastalowcy.pl\/?cat=1#listItem","name":"Bez kategorii"}}]},{"@type":"Organization","@id":"https:\/\/zastalowcy.pl\/#organization","description":"O Zastalu od kibic\u00f3w \u2013 dla kibic\u00f3w","url":"https:\/\/zastalowcy.pl\/","logo":{"@type":"ImageObject","url":"https:\/\/zastalowcy.pl\/wp-content\/uploads\/2025\/09\/cropped-logo-strony-2.png","@id":"https:\/\/zastalowcy.pl\/?p=1398\/#organizationLogo","width":1862,"height":384},"image":{"@id":"https:\/\/zastalowcy.pl\/?p=1398\/#organizationLogo"}},{"@type":"Person","@id":"https:\/\/zastalowcy.pl\/?author=3#author","url":"https:\/\/zastalowcy.pl\/?author=3","name":"Joanna Nawlicka","image":{"@type":"ImageObject","@id":"https:\/\/zastalowcy.pl\/?p=1398#authorImage","url":"https:\/\/secure.gravatar.com\/avatar\/66fc557d97536ff5096b6295970275631b7a4673997738477642001957f5274c?s=96&d=mm&r=g","width":96,"height":96,"caption":"Joanna Nawlicka"}},{"@type":"WebPage","@id":"https:\/\/zastalowcy.pl\/?p=1398#webpage","url":"https:\/\/zastalowcy.pl\/?p=1398","name":"Marcin Woroniecki opuszcza Zastal. \u201eWoro\u201d zagra w MKS-ie D\u0105browa G\u00f3rnicza -","description":"Marcin Woroniecki oficjalnie nie jest ju\u017c zawodnikiem Zastalu Zielona G\u00f3ra. Po trzech sezonach sp\u0119dzonych w zielonog\u00f3rskim klubie 26-letni obwodowy przenosi si\u0119 do MKS-u D\u0105browa G\u00f3rnicza, z kt\u00f3rym b\u0119dzie wyst\u0119powa\u0142 w sezonie 2026\/27 w Polskiej Lidze Koszyk\u00f3wki. Trzy sezony w Zielonej G\u00f3rze Woroniecki trafi\u0142 do Zastalu trzy lata temu i od tego czasu by\u0142 cz\u0119\u015bci\u0105 zielonog\u00f3rskiej","inLanguage":"pl-PL","isPartOf":{"@id":"https:\/\/zastalowcy.pl\/#website"},"breadcrumb":{"@id":"https:\/\/zastalowcy.pl\/?p=1398#breadcrumblist"},"author":{"@id":"https:\/\/zastalowcy.pl\/?author=3#author"},"creator":{"@id":"https:\/\/zastalowcy.pl\/?author=3#author"},"image":{"@type":"ImageObject","url":"https:\/\/zastalowcy.pl\/wp-content\/uploads\/2026\/08\/profilowe-1-3.png","@id":"https:\/\/zastalowcy.pl\/?p=1398\/#mainImage","width":2048,"height":2048},"primaryImageOfPage":{"@id":"https:\/\/zastalowcy.pl\/?p=1398#mainImage"},"datePublished":"2026-08-18T22:10:00+02:00","dateModified":"2026-08-21T09:40:19+02:00"},{"@type":"WebSite","@id":"https:\/\/zastalowcy.pl\/#website","url":"https:\/\/zastalowcy.pl\/","description":"O Zastalu od kibic\u00f3w \u2013 dla kibic\u00f3w","inLanguage":"pl-PL","publisher":{"@id":"https:\/\/zastalowcy.pl\/#organization"}}]},"og:locale":"pl_PL","og:site_name":"- O Zastalu od kibic\u00f3w \u2013 dla kibic\u00f3w","og:type":"article","og:title":"Marcin Woroniecki opuszcza Zastal. \u201eWoro\u201d zagra w MKS-ie D\u0105browa G\u00f3rnicza -","og:description":"Marcin Woroniecki oficjalnie nie jest ju\u017c zawodnikiem Zastalu Zielona G\u00f3ra. Po trzech sezonach sp\u0119dzonych w zielonog\u00f3rskim klubie 26-letni obwodowy przenosi si\u0119 do MKS-u D\u0105browa G\u00f3rnicza, z kt\u00f3rym b\u0119dzie wyst\u0119powa\u0142 w sezonie 2026\/27 w Polskiej Lidze Koszyk\u00f3wki. Trzy sezony w Zielonej G\u00f3rze Woroniecki trafi\u0142 do Zastalu trzy lata temu i od tego czasu by\u0142 cz\u0119\u015bci\u0105 zielonog\u00f3rskiej","og:url":"https:\/\/zastalowcy.pl\/?p=1398","og:image":"https:\/\/zastalowcy.pl\/wp-content\/uploads\/2025\/09\/cropped-logo-strony-2.png","og:image:secure_url":"https:\/\/zastalowcy.pl\/wp-content\/uploads\/2025\/09\/cropped-logo-strony-2.png","og:image:width":1862,"og:image:height":384,"article:published_time":"2026-08-18T20:10:00+00:00","article:modified_time":"2026-08-21T07:40:19+00:00","twitter:card":"summary_large_image","twitter:title":"Marcin Woroniecki opuszcza Zastal. \u201eWoro\u201d zagra w MKS-ie D\u0105browa G\u00f3rnicza -","twitter:description":"Marcin Woroniecki oficjalnie nie jest ju\u017c zawodnikiem Zastalu Zielona G\u00f3ra. Po trzech sezonach sp\u0119dzonych w zielonog\u00f3rskim klubie 26-letni obwodowy przenosi si\u0119 do MKS-u D\u0105browa G\u00f3rnicza, z kt\u00f3rym b\u0119dzie wyst\u0119powa\u0142 w sezonie 2026\/27 w Polskiej Lidze Koszyk\u00f3wki. Trzy sezony w Zielonej G\u00f3rze Woroniecki trafi\u0142 do Zastalu trzy lata temu i od tego czasu by\u0142 cz\u0119\u015bci\u0105 zielonog\u00f3rskiej","twitter:image":"https:\/\/zastalowcy.pl\/wp-content\/uploads\/2025\/09\/cropped-logo-strony-2.png"},"aioseo_meta_data":{"post_id":"1398","title":null,"description":null,"keywords":null,"keyphrases":{"focus":{"keyphrase":"","score":0,"analysis":{"keyphraseInTitle":{"score":0,"maxScore":9,"error":1}}},"additional":[]},"primary_term":null,"canonical_url":null,"og_title":null,"og_description":null,"og_object_type":"default","og_image_type":"default","og_image_custom_url":null,"og_image_custom_fields":null,"og_image_url":null,"og_image_width":null,"og_image_height":null,"og_video":"","og_custom_url":null,"og_article_section":null,"og_article_tags":null,"twitter_use_og":false,"twitter_card":"default","twitter_image_type":"default","twitter_image_custom_url":null,"twitter_image_custom_fields":null,"twitter_image_url":null,"twitter_title":null,"twitter_description":null,"schema_type":"default","schema_type_options":null,"schema":{"blockGraphs":[],"customGraphs":[],"default":{"data":{"Article":[],"Course":[],"Dataset":[],"FAQPage":[],"Movie":[],"Person":[],"Product":[],"ProductReview":[],"Car":[],"Recipe":[],"Service":[],"SoftwareApplication":[],"WebPage":[]},"graphName":"BlogPosting","isEnabled":true},"graphs":[]},"pillar_content":false,"robots_default":true,"robots_noindex":false,"robots_noarchive":false,"robots_nosnippet":false,"robots_nofollow":false,"robots_noimageindex":false,"robots_noodp":false,"robots_notranslate":false,"robots_max_snippet":"-1","robots_max_videopreview":"-1","robots_max_imagepreview":"large","priority":null,"frequency":"default","local_seo":null,"limit_modified_date":false,"ai":{"faqs":[],"keyPoints":[],"schemas":[],"titles":[],"descriptions":[],"socialPosts":{"email":{"subject":"","preview":"","content":""},"linkedin":[],"twitter":[],"facebook":[],"instagram":[]}},"breadcrumb_settings":null,"seo_analyzer_scan_date":null,"created":"2026-08-21 07:21:16","updated":"2026-08-21 08:11:20","focus_keyword":null,"additional_keywords":null,"truseo_locale":null},"aioseo_breadcrumb":"<div class=\"aioseo-breadcrumbs\"><span class=\"aioseo-breadcrumb\">\n\t\t\t<a href=\"https:\/\/zastalowcy.pl\" title=\"Home\">Home<\/a>\n\t\t<\/span><span class=\"aioseo-breadcrumb-separator\">&raquo;<\/span><span class=\"aioseo-breadcrumb\">\n\t\t\t<a href=\"https:\/\/zastalowcy.pl\/?cat=1\" title=\"Bez kategorii\">Bez kategorii<\/a>\n\t\t<\/span><span class=\"aioseo-breadcrumb-separator\">&raquo;<\/span><span class=\"aioseo-breadcrumb\">\n\t\t\tMarcin Woroniecki opuszcza Zastal. \u201eWoro\u201d zagra w MKS-ie D\u0105browa G\u00f3rnicza\n\t\t<\/span><\/div>","aioseo_breadcrumb_json":[{"label":"Home","link":"https:\/\/zastalowcy.pl"},{"label":"Bez kategorii","link":"https:\/\/zastalowcy.pl\/?cat=1"},{"label":"Marcin Woroniecki opuszcza Zastal. \u201eWoro\u201d zagra w MKS-ie D\u0105browa G\u00f3rnicza","link":"https:\/\/zastalowcy.pl\/?p=1398"}],"_links":{"self":[{"href":"https:\/\/zastalowcy.pl\/index.php?rest_route=\/wp\/v2\/posts\/1398","targetHints":{"allow":["GET"]}}],"collection":[{"href":"https:\/\/zastalowcy.pl\/index.php?rest_route=\/wp\/v2\/posts"}],"about":[{"href":"https:\/\/zastalowcy.pl\/index.php?rest_route=\/wp\/v2\/types\/post"}],"author":[{"embeddable":true,"href":"https:\/\/zastalowcy.pl\/index.php?rest_route=\/wp\/v2\/users\/3"}],"replies":[{"embeddable":true,"href":"https:\/\/zastalowcy.pl\/index.php?rest_route=%2Fwp%2Fv2%2Fcomments&post=1398"}],"version-history":[{"count":1,"href":"https:\/\/zastalowcy.pl\/index.php?rest_route=\/wp\/v2\/posts\/1398\/revisions"}],"predecessor-version":[{"id":1402,"href":"https:\/\/zastalowcy.pl\/index.php?rest_route=\/wp\/v2\/posts\/1398\/revisions\/1402"}],"wp:featuredmedia":[{"embeddable":true,"href":"https:\/\/zastalowcy.pl\/index.php?rest_route=\/wp\/v2\/media\/1401"}],"wp:attachment":[{"href":"https:\/\/zastalowcy.pl\/index.php?rest_route=%2Fwp%2Fv2%2Fmedia&parent=1398"}],"wp:term":[{"taxonomy":"category","embeddable":true,"href":"https:\/\/zastalowcy.pl\/index.php?rest_route=%2Fwp%2Fv2%2Fcategories&post=1398"},{"taxonomy":"post_tag","embeddable":true,"href":"https:\/\/zastalowcy.pl\/index.php?rest_route=%2Fwp%2Fv2%2Ftags&post=1398"}],"curies":[{"name":"wp","href":"https:\/\/api.w.org\/{rel}","templated":true}]}}