{"id":1403,"date":"2026-08-21T09:29:56","date_gmt":"2026-08-21T07:29:56","guid":{"rendered":"https:\/\/zastalowcy.pl\/?p=1403"},"modified":"2026-08-21T09:39:13","modified_gmt":"2026-08-21T07:39:13","slug":"zastal-zagra-w-szczecinie-przedsezonowy-sprawdzian-w-memoriale-im-romana-wysockiego","status":"publish","type":"post","link":"https:\/\/zastalowcy.pl\/?p=1403","title":{"rendered":"Zastal zagra w Szczecinie! Przedsezonowy sprawdzian w Memoriale im. Romana Wysockiego"},"content":{"rendered":"\n<p class=\"wp-block-paragraph\">Sezon 2026\/27 zbli\u017ca si\u0119 wielkimi krokami, a Zastal Zielona G\u00f3ra ma ju\u017c zaplanowany kolejny przedsezonowy sprawdzian. W dniach 10-12 wrze\u015bnia Zielonog\u00f3rzanie wyst\u0105pi\u0105 w XIV Memoriale im. Romana Wysockiego w Szczecinie.<\/p>\n\n\n\n<h3 class=\"wp-block-heading\">Zastal sprawdzi si\u0119 przed startem sezonu<\/h3>\n\n\n\n<p class=\"wp-block-paragraph\">Dla zespo\u0142u Arkadiusza Mi\u0142oszewskiego b\u0119dzie to sprawdzian efekt\u00f3w przygotowa\u0144 do nowych rozgrywek. Przedsezonowe spotkania pozwalaj\u0105 nie tylko oceni\u0107 aktualn\u0105 form\u0119 zespo\u0142u, ale przede wszystkim sprawdzi\u0107 nowych zawodnik\u00f3w oraz rozwi\u0105zania wypracowane podczas trening\u00f3w.<\/p>\n\n\n\n<p class=\"wp-block-paragraph\">W przypadku Zastalu b\u0119dzie to szczeg\u00f3lnie interesuj\u0105ce ze wzgl\u0119du na <a href=\"https:\/\/zastalowcy.pl\/?p=1301\" title=\"\">przebudowany sk\u0142ad<\/a>. Zielonog\u00f3rzanie przed sezonem 2026\/27 postawili na kilka nowych nazwisk, dlatego ka\u017cdy mecz kontrolny b\u0119dzie okazj\u0105 do obserwowania, jak poszczeg\u00f3lni zawodnicy odnajduj\u0105 si\u0119 w nowym zespole.<\/p>\n\n\n\n<p class=\"wp-block-paragraph\">Rywalizacja w Szczecinie b\u0119dzie r\u00f3wnie\u017c dobrym sprawdzianem na tle r\u00f3\u017cnych przeciwnik\u00f3w. King Szczecin to dobrze znany Zastalowi ligowy rywal, natomiast USK Praga pozwoli Zielonog\u00f3rzanom zmierzy\u0107 si\u0119 z zespo\u0142em spoza Polski.<\/p>\n\n\n\n<figure class=\"wp-block-image size-large\"><img loading=\"lazy\" decoding=\"async\" width=\"1024\" height=\"683\" src=\"https:\/\/zastalowcy.pl\/wp-content\/uploads\/2026\/08\/IMG_6671-1024x683.jpg\" alt=\"\" class=\"wp-image-1405\" srcset=\"https:\/\/zastalowcy.pl\/wp-content\/uploads\/2026\/08\/IMG_6671-1024x683.jpg 1024w, https:\/\/zastalowcy.pl\/wp-content\/uploads\/2026\/08\/IMG_6671-300x200.jpg 300w, https:\/\/zastalowcy.pl\/wp-content\/uploads\/2026\/08\/IMG_6671-768x512.jpg 768w, https:\/\/zastalowcy.pl\/wp-content\/uploads\/2026\/08\/IMG_6671-1536x1024.jpg 1536w, https:\/\/zastalowcy.pl\/wp-content\/uploads\/2026\/08\/IMG_6671-2048x1365.jpg 2048w\" sizes=\"auto, (max-width: 1024px) 100vw, 1024px\" \/><figcaption class=\"wp-element-caption\">fot. Joanna Nawlicka<\/figcaption><\/figure>\n\n\n\n<h3 class=\"wp-block-heading\">Trzy zespo\u0142y, trzy dni koszyk\u00f3wki<\/h3>\n\n\n\n<p class=\"wp-block-paragraph\">Tegoroczny Memoria\u0142 im. Romana Wysockiego odb\u0119dzie si\u0119 w dniach 10-12 wrze\u015bnia 2026 roku w Enea Arena Szczecin. Dla uczestnik\u00f3w b\u0119dzie to kolejny etap przygotowa\u0144 do sezonu 2026\/27. Z kolei dla kibic\u00f3w b\u0119dzie to jedna z pierwszych okazji, aby po wakacyjnej przerwie ponownie zobaczy\u0107 koszyk\u00f3wk\u0119 na wysokim poziomie.<\/p>\n\n\n\n<p class=\"wp-block-paragraph\">Terminarz memoria\u0142u wygl\u0105da nast\u0119puj\u0105co:<\/p>\n\n\n\n<p class=\"wp-block-paragraph\">10 wrze\u015bnia, godz. 19:00 \u2013 King Szczecin &#8211; USK Praga<br>11 wrze\u015bnia, godz. 19:00 \u2013 USK Praga &#8211; Zastal Zielona G\u00f3ra<br>12 wrze\u015bnia, godz. 16:00 \u2013 King Szczecin &#8211; Zastal Zielona G\u00f3ra<\/p>\n\n\n\n<h3 class=\"wp-block-heading\">Bilety ju\u017c w sprzeda\u017cy<\/h3>\n\n\n\n<p class=\"wp-block-paragraph\">Kibice, kt\u00f3rzy chc\u0105 zobaczy\u0107 turniej na \u017cywo, mog\u0105 ju\u017c kupowa\u0107 bilety. Wej\u015bci\u00f3wki na XIV Memoria\u0142 im. Romana Wysockiego s\u0105 dost\u0119pne w serwisie <a href=\"https:\/\/abilet.pl\/wydarzenie\/xiv-memorial-im-romana-wysockiego-17085\" target=\"_blank\" rel=\"noopener\" title=\"\">aBilet.pl<\/a>.<\/p>\n\n\n\n<p class=\"wp-block-paragraph\">\ud83c\udfc0 Zastalowcy.pl \u2013 o Zastalu od kibic\u00f3w \u2013 dla kibic\u00f3w<\/p>\n","protected":false},"excerpt":{"rendered":"<p>Sezon 2026\/27 zbli\u017ca si\u0119 wielkimi krokami, a Zastal Zielona G\u00f3ra ma ju\u017c zaplanowany kolejny przedsezonowy sprawdzian. W dniach<\/p>\n","protected":false},"author":3,"featured_media":1404,"comment_status":"open","ping_status":"open","sticky":false,"template":"","format":"standard","meta":{"om_disable_all_campaigns":false,"footnotes":""},"categories":[18,367],"tags":[17,26,15,468,470,469,12,14,42,45,11,10,16],"class_list":["post-1403","post","type-post","status-publish","format-standard","has-post-thumbnail","hentry","category-aktualnosci","category-sezon-2026-2027","tag-basketzg","tag-druzyna","tag-koszykowka","tag-memorial-im-romana-wysockiego","tag-memorial-romana-wysockiego-bilety","tag-roman-wysocki-memorial","tag-zastal","tag-zastal-zielona-gora","tag-zastalowcy","tag-zastalowcy-pl","tag-zielona-gora","tag-zielonagora","tag-zielonogorska-koszykowka"],"aioseo_notices":[],"aioseo_head":"\n\t\t<!-- All in One SEO 5.0.0.1 - aioseo.com -->\n\t<meta name=\"description\" content=\"Sezon 2026\/27 zbli\u017ca si\u0119 wielkimi krokami, a Zastal Zielona G\u00f3ra ma ju\u017c zaplanowany kolejny przedsezonowy sprawdzian. W dniach 10-12 wrze\u015bnia Zielonog\u00f3rzanie wyst\u0105pi\u0105 w XIV Memoriale im. Romana Wysockiego w Szczecinie. Zastal sprawdzi si\u0119 przed startem sezonu Dla zespo\u0142u Arkadiusza Mi\u0142oszewskiego b\u0119dzie to sprawdzian efekt\u00f3w przygotowa\u0144 do nowych rozgrywek. Przedsezonowe spotkania pozwalaj\u0105 nie tylko oceni\u0107 aktualn\u0105\" \/>\n\t<meta name=\"robots\" content=\"max-image-preview:large\" \/>\n\t<meta name=\"author\" content=\"Joanna Nawlicka\"\/>\n\t<link rel=\"canonical\" href=\"https:\/\/zastalowcy.pl\/?p=1403\" \/>\n\t<meta name=\"generator\" content=\"All in One SEO (AIOSEO) 5.0.0.1\" \/>\n\t\t<meta property=\"og:locale\" content=\"pl_PL\" \/>\n\t\t<meta property=\"og:site_name\" content=\"- O Zastalu od kibic\u00f3w \u2013 dla kibic\u00f3w\" \/>\n\t\t<meta property=\"og:type\" content=\"article\" \/>\n\t\t<meta property=\"og:title\" content=\"Zastal zagra w Szczecinie! Przedsezonowy sprawdzian w Memoriale im. Romana Wysockiego -\" \/>\n\t\t<meta property=\"og:description\" content=\"Sezon 2026\/27 zbli\u017ca si\u0119 wielkimi krokami, a Zastal Zielona G\u00f3ra ma ju\u017c zaplanowany kolejny przedsezonowy sprawdzian. W dniach 10-12 wrze\u015bnia Zielonog\u00f3rzanie wyst\u0105pi\u0105 w XIV Memoriale im. Romana Wysockiego w Szczecinie. Zastal sprawdzi si\u0119 przed startem sezonu Dla zespo\u0142u Arkadiusza Mi\u0142oszewskiego b\u0119dzie to sprawdzian efekt\u00f3w przygotowa\u0144 do nowych rozgrywek. Przedsezonowe spotkania pozwalaj\u0105 nie tylko oceni\u0107 aktualn\u0105\" \/>\n\t\t<meta property=\"og:url\" content=\"https:\/\/zastalowcy.pl\/?p=1403\" \/>\n\t\t<meta property=\"og:image\" content=\"https:\/\/zastalowcy.pl\/wp-content\/uploads\/2025\/09\/cropped-logo-strony-2.png\" \/>\n\t\t<meta property=\"og:image:secure_url\" content=\"https:\/\/zastalowcy.pl\/wp-content\/uploads\/2025\/09\/cropped-logo-strony-2.png\" \/>\n\t\t<meta property=\"og:image:width\" content=\"1862\" \/>\n\t\t<meta property=\"og:image:height\" content=\"384\" \/>\n\t\t<meta property=\"article:published_time\" content=\"2026-08-21T07:29:56+00:00\" \/>\n\t\t<meta property=\"article:modified_time\" content=\"2026-08-21T07:39:13+00:00\" \/>\n\t\t<meta name=\"twitter:card\" content=\"summary_large_image\" \/>\n\t\t<meta name=\"twitter:title\" content=\"Zastal zagra w Szczecinie! Przedsezonowy sprawdzian w Memoriale im. Romana Wysockiego -\" \/>\n\t\t<meta name=\"twitter:description\" content=\"Sezon 2026\/27 zbli\u017ca si\u0119 wielkimi krokami, a Zastal Zielona G\u00f3ra ma ju\u017c zaplanowany kolejny przedsezonowy sprawdzian. W dniach 10-12 wrze\u015bnia Zielonog\u00f3rzanie wyst\u0105pi\u0105 w XIV Memoriale im. Romana Wysockiego w Szczecinie. Zastal sprawdzi si\u0119 przed startem sezonu Dla zespo\u0142u Arkadiusza Mi\u0142oszewskiego b\u0119dzie to sprawdzian efekt\u00f3w przygotowa\u0144 do nowych rozgrywek. Przedsezonowe spotkania pozwalaj\u0105 nie tylko oceni\u0107 aktualn\u0105\" \/>\n\t\t<meta name=\"twitter:image\" content=\"https:\/\/zastalowcy.pl\/wp-content\/uploads\/2025\/09\/cropped-logo-strony-2.png\" \/>\n\t\t<script type=\"application\/ld+json\" class=\"aioseo-schema\">\n\t\t\t{\"@context\":\"https:\\\/\\\/schema.org\",\"@graph\":[{\"@type\":\"BlogPosting\",\"@id\":\"https:\\\/\\\/zastalowcy.pl\\\/?p=1403#blogposting\",\"name\":\"Zastal zagra w Szczecinie! Przedsezonowy sprawdzian w Memoriale im. Romana Wysockiego -\",\"headline\":\"Zastal zagra w Szczecinie! Przedsezonowy sprawdzian w Memoriale im. Romana Wysockiego\",\"author\":{\"@id\":\"https:\\\/\\\/zastalowcy.pl\\\/?author=3#author\"},\"publisher\":{\"@id\":\"https:\\\/\\\/zastalowcy.pl\\\/#organization\"},\"image\":{\"@type\":\"ImageObject\",\"url\":\"https:\\\/\\\/zastalowcy.pl\\\/wp-content\\\/uploads\\\/2026\\\/08\\\/profilowe-2-2.png\",\"width\":2048,\"height\":2048},\"datePublished\":\"2026-08-21T09:29:56+02:00\",\"dateModified\":\"2026-08-21T09:39:13+02:00\",\"inLanguage\":\"pl-PL\",\"commentCount\":1,\"mainEntityOfPage\":{\"@id\":\"https:\\\/\\\/zastalowcy.pl\\\/?p=1403#webpage\"},\"isPartOf\":{\"@id\":\"https:\\\/\\\/zastalowcy.pl\\\/?p=1403#webpage\"},\"articleSection\":\"Aktualno\\u015bci, Sezon 2026\\\/2027, basketzg, dru\\u017cyna, koszyk\\u00f3wka, memoria\\u0142 im. romana wysockiego, memoria\\u0142 romana wysockiego bilety, roman wysocki memoria\\u0142, zastal, zastal zielona g\\u00f3ra, zastalowcy, zastalowcy.pl, zielona g\\u00f3ra, zielonagora, zielonog\\u00f3rska koszyk\\u00f3wka\"},{\"@type\":\"BreadcrumbList\",\"@id\":\"https:\\\/\\\/zastalowcy.pl\\\/?p=1403#breadcrumblist\",\"itemListElement\":[{\"@type\":\"ListItem\",\"@id\":\"https:\\\/\\\/zastalowcy.pl#listItem\",\"position\":1,\"name\":\"Home\",\"item\":\"https:\\\/\\\/zastalowcy.pl\",\"nextItem\":{\"@type\":\"ListItem\",\"@id\":\"https:\\\/\\\/zastalowcy.pl\\\/?cat=18#listItem\",\"name\":\"Aktualno\\u015bci\"}},{\"@type\":\"ListItem\",\"@id\":\"https:\\\/\\\/zastalowcy.pl\\\/?cat=18#listItem\",\"position\":2,\"name\":\"Aktualno\\u015bci\",\"item\":\"https:\\\/\\\/zastalowcy.pl\\\/?cat=18\",\"nextItem\":{\"@type\":\"ListItem\",\"@id\":\"https:\\\/\\\/zastalowcy.pl\\\/?p=1403#listItem\",\"name\":\"Zastal zagra w Szczecinie! Przedsezonowy sprawdzian w Memoriale im. Romana Wysockiego\"},\"previousItem\":{\"@type\":\"ListItem\",\"@id\":\"https:\\\/\\\/zastalowcy.pl#listItem\",\"name\":\"Home\"}},{\"@type\":\"ListItem\",\"@id\":\"https:\\\/\\\/zastalowcy.pl\\\/?p=1403#listItem\",\"position\":3,\"name\":\"Zastal zagra w Szczecinie! Przedsezonowy sprawdzian w Memoriale im. Romana Wysockiego\",\"previousItem\":{\"@type\":\"ListItem\",\"@id\":\"https:\\\/\\\/zastalowcy.pl\\\/?cat=18#listItem\",\"name\":\"Aktualno\\u015bci\"}}]},{\"@type\":\"Organization\",\"@id\":\"https:\\\/\\\/zastalowcy.pl\\\/#organization\",\"description\":\"O Zastalu od kibic\\u00f3w \\u2013 dla kibic\\u00f3w\",\"url\":\"https:\\\/\\\/zastalowcy.pl\\\/\",\"logo\":{\"@type\":\"ImageObject\",\"url\":\"https:\\\/\\\/zastalowcy.pl\\\/wp-content\\\/uploads\\\/2025\\\/09\\\/cropped-logo-strony-2.png\",\"@id\":\"https:\\\/\\\/zastalowcy.pl\\\/?p=1403\\\/#organizationLogo\",\"width\":1862,\"height\":384},\"image\":{\"@id\":\"https:\\\/\\\/zastalowcy.pl\\\/?p=1403\\\/#organizationLogo\"}},{\"@type\":\"Person\",\"@id\":\"https:\\\/\\\/zastalowcy.pl\\\/?author=3#author\",\"url\":\"https:\\\/\\\/zastalowcy.pl\\\/?author=3\",\"name\":\"Joanna Nawlicka\",\"image\":{\"@type\":\"ImageObject\",\"@id\":\"https:\\\/\\\/zastalowcy.pl\\\/?p=1403#authorImage\",\"url\":\"https:\\\/\\\/secure.gravatar.com\\\/avatar\\\/66fc557d97536ff5096b6295970275631b7a4673997738477642001957f5274c?s=96&d=mm&r=g\",\"width\":96,\"height\":96,\"caption\":\"Joanna Nawlicka\"}},{\"@type\":\"WebPage\",\"@id\":\"https:\\\/\\\/zastalowcy.pl\\\/?p=1403#webpage\",\"url\":\"https:\\\/\\\/zastalowcy.pl\\\/?p=1403\",\"name\":\"Zastal zagra w Szczecinie! Przedsezonowy sprawdzian w Memoriale im. Romana Wysockiego -\",\"description\":\"Sezon 2026\\\/27 zbli\\u017ca si\\u0119 wielkimi krokami, a Zastal Zielona G\\u00f3ra ma ju\\u017c zaplanowany kolejny przedsezonowy sprawdzian. W dniach 10-12 wrze\\u015bnia Zielonog\\u00f3rzanie wyst\\u0105pi\\u0105 w XIV Memoriale im. Romana Wysockiego w Szczecinie. Zastal sprawdzi si\\u0119 przed startem sezonu Dla zespo\\u0142u Arkadiusza Mi\\u0142oszewskiego b\\u0119dzie to sprawdzian efekt\\u00f3w przygotowa\\u0144 do nowych rozgrywek. Przedsezonowe spotkania pozwalaj\\u0105 nie tylko oceni\\u0107 aktualn\\u0105\",\"inLanguage\":\"pl-PL\",\"isPartOf\":{\"@id\":\"https:\\\/\\\/zastalowcy.pl\\\/#website\"},\"breadcrumb\":{\"@id\":\"https:\\\/\\\/zastalowcy.pl\\\/?p=1403#breadcrumblist\"},\"author\":{\"@id\":\"https:\\\/\\\/zastalowcy.pl\\\/?author=3#author\"},\"creator\":{\"@id\":\"https:\\\/\\\/zastalowcy.pl\\\/?author=3#author\"},\"image\":{\"@type\":\"ImageObject\",\"url\":\"https:\\\/\\\/zastalowcy.pl\\\/wp-content\\\/uploads\\\/2026\\\/08\\\/profilowe-2-2.png\",\"@id\":\"https:\\\/\\\/zastalowcy.pl\\\/?p=1403\\\/#mainImage\",\"width\":2048,\"height\":2048},\"primaryImageOfPage\":{\"@id\":\"https:\\\/\\\/zastalowcy.pl\\\/?p=1403#mainImage\"},\"datePublished\":\"2026-08-21T09:29:56+02:00\",\"dateModified\":\"2026-08-21T09:39:13+02:00\"},{\"@type\":\"WebSite\",\"@id\":\"https:\\\/\\\/zastalowcy.pl\\\/#website\",\"url\":\"https:\\\/\\\/zastalowcy.pl\\\/\",\"description\":\"O Zastalu od kibic\\u00f3w \\u2013 dla kibic\\u00f3w\",\"inLanguage\":\"pl-PL\",\"publisher\":{\"@id\":\"https:\\\/\\\/zastalowcy.pl\\\/#organization\"}}]}\n\t\t<\/script>\n\t\t<!-- All in One SEO -->\n\n","aioseo_head_json":{"title":"Zastal zagra w Szczecinie! Przedsezonowy sprawdzian w Memoriale im. Romana Wysockiego -","description":"Sezon 2026\/27 zbli\u017ca si\u0119 wielkimi krokami, a Zastal Zielona G\u00f3ra ma ju\u017c zaplanowany kolejny przedsezonowy sprawdzian. W dniach 10-12 wrze\u015bnia Zielonog\u00f3rzanie wyst\u0105pi\u0105 w XIV Memoriale im. Romana Wysockiego w Szczecinie. Zastal sprawdzi si\u0119 przed startem sezonu Dla zespo\u0142u Arkadiusza Mi\u0142oszewskiego b\u0119dzie to sprawdzian efekt\u00f3w przygotowa\u0144 do nowych rozgrywek. Przedsezonowe spotkania pozwalaj\u0105 nie tylko oceni\u0107 aktualn\u0105","canonical_url":"https:\/\/zastalowcy.pl\/?p=1403","robots":"max-image-preview:large","keywords":"","webmasterTools":{"miscellaneous":""},"schema":{"@context":"https:\/\/schema.org","@graph":[{"@type":"BlogPosting","@id":"https:\/\/zastalowcy.pl\/?p=1403#blogposting","name":"Zastal zagra w Szczecinie! Przedsezonowy sprawdzian w Memoriale im. Romana Wysockiego -","headline":"Zastal zagra w Szczecinie! Przedsezonowy sprawdzian w Memoriale im. Romana Wysockiego","author":{"@id":"https:\/\/zastalowcy.pl\/?author=3#author"},"publisher":{"@id":"https:\/\/zastalowcy.pl\/#organization"},"image":{"@type":"ImageObject","url":"https:\/\/zastalowcy.pl\/wp-content\/uploads\/2026\/08\/profilowe-2-2.png","width":2048,"height":2048},"datePublished":"2026-08-21T09:29:56+02:00","dateModified":"2026-08-21T09:39:13+02:00","inLanguage":"pl-PL","commentCount":1,"mainEntityOfPage":{"@id":"https:\/\/zastalowcy.pl\/?p=1403#webpage"},"isPartOf":{"@id":"https:\/\/zastalowcy.pl\/?p=1403#webpage"},"articleSection":"Aktualno\u015bci, Sezon 2026\/2027, basketzg, dru\u017cyna, koszyk\u00f3wka, memoria\u0142 im. romana wysockiego, memoria\u0142 romana wysockiego bilety, roman wysocki memoria\u0142, zastal, zastal zielona g\u00f3ra, zastalowcy, zastalowcy.pl, zielona g\u00f3ra, zielonagora, zielonog\u00f3rska koszyk\u00f3wka"},{"@type":"BreadcrumbList","@id":"https:\/\/zastalowcy.pl\/?p=1403#breadcrumblist","itemListElement":[{"@type":"ListItem","@id":"https:\/\/zastalowcy.pl#listItem","position":1,"name":"Home","item":"https:\/\/zastalowcy.pl","nextItem":{"@type":"ListItem","@id":"https:\/\/zastalowcy.pl\/?cat=18#listItem","name":"Aktualno\u015bci"}},{"@type":"ListItem","@id":"https:\/\/zastalowcy.pl\/?cat=18#listItem","position":2,"name":"Aktualno\u015bci","item":"https:\/\/zastalowcy.pl\/?cat=18","nextItem":{"@type":"ListItem","@id":"https:\/\/zastalowcy.pl\/?p=1403#listItem","name":"Zastal zagra w Szczecinie! Przedsezonowy sprawdzian w Memoriale im. Romana Wysockiego"},"previousItem":{"@type":"ListItem","@id":"https:\/\/zastalowcy.pl#listItem","name":"Home"}},{"@type":"ListItem","@id":"https:\/\/zastalowcy.pl\/?p=1403#listItem","position":3,"name":"Zastal zagra w Szczecinie! Przedsezonowy sprawdzian w Memoriale im. Romana Wysockiego","previousItem":{"@type":"ListItem","@id":"https:\/\/zastalowcy.pl\/?cat=18#listItem","name":"Aktualno\u015bci"}}]},{"@type":"Organization","@id":"https:\/\/zastalowcy.pl\/#organization","description":"O Zastalu od kibic\u00f3w \u2013 dla kibic\u00f3w","url":"https:\/\/zastalowcy.pl\/","logo":{"@type":"ImageObject","url":"https:\/\/zastalowcy.pl\/wp-content\/uploads\/2025\/09\/cropped-logo-strony-2.png","@id":"https:\/\/zastalowcy.pl\/?p=1403\/#organizationLogo","width":1862,"height":384},"image":{"@id":"https:\/\/zastalowcy.pl\/?p=1403\/#organizationLogo"}},{"@type":"Person","@id":"https:\/\/zastalowcy.pl\/?author=3#author","url":"https:\/\/zastalowcy.pl\/?author=3","name":"Joanna Nawlicka","image":{"@type":"ImageObject","@id":"https:\/\/zastalowcy.pl\/?p=1403#authorImage","url":"https:\/\/secure.gravatar.com\/avatar\/66fc557d97536ff5096b6295970275631b7a4673997738477642001957f5274c?s=96&d=mm&r=g","width":96,"height":96,"caption":"Joanna Nawlicka"}},{"@type":"WebPage","@id":"https:\/\/zastalowcy.pl\/?p=1403#webpage","url":"https:\/\/zastalowcy.pl\/?p=1403","name":"Zastal zagra w Szczecinie! Przedsezonowy sprawdzian w Memoriale im. Romana Wysockiego -","description":"Sezon 2026\/27 zbli\u017ca si\u0119 wielkimi krokami, a Zastal Zielona G\u00f3ra ma ju\u017c zaplanowany kolejny przedsezonowy sprawdzian. W dniach 10-12 wrze\u015bnia Zielonog\u00f3rzanie wyst\u0105pi\u0105 w XIV Memoriale im. Romana Wysockiego w Szczecinie. Zastal sprawdzi si\u0119 przed startem sezonu Dla zespo\u0142u Arkadiusza Mi\u0142oszewskiego b\u0119dzie to sprawdzian efekt\u00f3w przygotowa\u0144 do nowych rozgrywek. Przedsezonowe spotkania pozwalaj\u0105 nie tylko oceni\u0107 aktualn\u0105","inLanguage":"pl-PL","isPartOf":{"@id":"https:\/\/zastalowcy.pl\/#website"},"breadcrumb":{"@id":"https:\/\/zastalowcy.pl\/?p=1403#breadcrumblist"},"author":{"@id":"https:\/\/zastalowcy.pl\/?author=3#author"},"creator":{"@id":"https:\/\/zastalowcy.pl\/?author=3#author"},"image":{"@type":"ImageObject","url":"https:\/\/zastalowcy.pl\/wp-content\/uploads\/2026\/08\/profilowe-2-2.png","@id":"https:\/\/zastalowcy.pl\/?p=1403\/#mainImage","width":2048,"height":2048},"primaryImageOfPage":{"@id":"https:\/\/zastalowcy.pl\/?p=1403#mainImage"},"datePublished":"2026-08-21T09:29:56+02:00","dateModified":"2026-08-21T09:39:13+02:00"},{"@type":"WebSite","@id":"https:\/\/zastalowcy.pl\/#website","url":"https:\/\/zastalowcy.pl\/","description":"O Zastalu od kibic\u00f3w \u2013 dla kibic\u00f3w","inLanguage":"pl-PL","publisher":{"@id":"https:\/\/zastalowcy.pl\/#organization"}}]},"og:locale":"pl_PL","og:site_name":"- O Zastalu od kibic\u00f3w \u2013 dla kibic\u00f3w","og:type":"article","og:title":"Zastal zagra w Szczecinie! Przedsezonowy sprawdzian w Memoriale im. Romana Wysockiego -","og:description":"Sezon 2026\/27 zbli\u017ca si\u0119 wielkimi krokami, a Zastal Zielona G\u00f3ra ma ju\u017c zaplanowany kolejny przedsezonowy sprawdzian. W dniach 10-12 wrze\u015bnia Zielonog\u00f3rzanie wyst\u0105pi\u0105 w XIV Memoriale im. Romana Wysockiego w Szczecinie. Zastal sprawdzi si\u0119 przed startem sezonu Dla zespo\u0142u Arkadiusza Mi\u0142oszewskiego b\u0119dzie to sprawdzian efekt\u00f3w przygotowa\u0144 do nowych rozgrywek. Przedsezonowe spotkania pozwalaj\u0105 nie tylko oceni\u0107 aktualn\u0105","og:url":"https:\/\/zastalowcy.pl\/?p=1403","og:image":"https:\/\/zastalowcy.pl\/wp-content\/uploads\/2025\/09\/cropped-logo-strony-2.png","og:image:secure_url":"https:\/\/zastalowcy.pl\/wp-content\/uploads\/2025\/09\/cropped-logo-strony-2.png","og:image:width":1862,"og:image:height":384,"article:published_time":"2026-08-21T07:29:56+00:00","article:modified_time":"2026-08-21T07:39:13+00:00","twitter:card":"summary_large_image","twitter:title":"Zastal zagra w Szczecinie! Przedsezonowy sprawdzian w Memoriale im. Romana Wysockiego -","twitter:description":"Sezon 2026\/27 zbli\u017ca si\u0119 wielkimi krokami, a Zastal Zielona G\u00f3ra ma ju\u017c zaplanowany kolejny przedsezonowy sprawdzian. W dniach 10-12 wrze\u015bnia Zielonog\u00f3rzanie wyst\u0105pi\u0105 w XIV Memoriale im. Romana Wysockiego w Szczecinie. Zastal sprawdzi si\u0119 przed startem sezonu Dla zespo\u0142u Arkadiusza Mi\u0142oszewskiego b\u0119dzie to sprawdzian efekt\u00f3w przygotowa\u0144 do nowych rozgrywek. Przedsezonowe spotkania pozwalaj\u0105 nie tylko oceni\u0107 aktualn\u0105","twitter:image":"https:\/\/zastalowcy.pl\/wp-content\/uploads\/2025\/09\/cropped-logo-strony-2.png"},"aioseo_meta_data":{"post_id":"1403","title":null,"description":null,"keywords":null,"keyphrases":{"focus":{"keyphrase":"","score":0,"analysis":{"keyphraseInTitle":{"score":0,"maxScore":9,"error":1}}},"additional":[]},"primary_term":null,"canonical_url":null,"og_title":null,"og_description":null,"og_object_type":"default","og_image_type":"default","og_image_custom_url":null,"og_image_custom_fields":null,"og_image_url":null,"og_image_width":null,"og_image_height":null,"og_video":"","og_custom_url":null,"og_article_section":null,"og_article_tags":null,"twitter_use_og":false,"twitter_card":"default","twitter_image_type":"default","twitter_image_custom_url":null,"twitter_image_custom_fields":null,"twitter_image_url":null,"twitter_title":null,"twitter_description":null,"schema_type":"default","schema_type_options":null,"schema":{"blockGraphs":[],"customGraphs":[],"default":{"data":{"Article":[],"Course":[],"Dataset":[],"FAQPage":[],"Movie":[],"Person":[],"Product":[],"ProductReview":[],"Car":[],"Recipe":[],"Service":[],"SoftwareApplication":[],"WebPage":[]},"graphName":"BlogPosting","isEnabled":true},"graphs":[]},"pillar_content":false,"robots_default":true,"robots_noindex":false,"robots_noarchive":false,"robots_nosnippet":false,"robots_nofollow":false,"robots_noimageindex":false,"robots_noodp":false,"robots_notranslate":false,"robots_max_snippet":"-1","robots_max_videopreview":"-1","robots_max_imagepreview":"large","priority":null,"frequency":"default","local_seo":null,"limit_modified_date":false,"ai":{"faqs":[],"keyPoints":[],"schemas":[],"titles":[],"descriptions":[],"socialPosts":{"email":{"subject":"","preview":"","content":""},"linkedin":[],"twitter":[],"facebook":[],"instagram":[]}},"breadcrumb_settings":null,"seo_analyzer_scan_date":null,"created":"2026-08-21 07:29:57","updated":"2026-08-21 08:11:20","focus_keyword":null,"additional_keywords":null,"truseo_locale":null},"aioseo_breadcrumb":"<div class=\"aioseo-breadcrumbs\"><span class=\"aioseo-breadcrumb\">\n\t\t\t<a href=\"https:\/\/zastalowcy.pl\" title=\"Home\">Home<\/a>\n\t\t<\/span><span class=\"aioseo-breadcrumb-separator\">&raquo;<\/span><span class=\"aioseo-breadcrumb\">\n\t\t\t<a href=\"https:\/\/zastalowcy.pl\/?cat=18\" title=\"Aktualno\u015bci\">Aktualno\u015bci<\/a>\n\t\t<\/span><span class=\"aioseo-breadcrumb-separator\">&raquo;<\/span><span class=\"aioseo-breadcrumb\">\n\t\t\tZastal zagra w Szczecinie! Przedsezonowy sprawdzian w Memoriale im. Romana Wysockiego\n\t\t<\/span><\/div>","aioseo_breadcrumb_json":[{"label":"Home","link":"https:\/\/zastalowcy.pl"},{"label":"Aktualno\u015bci","link":"https:\/\/zastalowcy.pl\/?cat=18"},{"label":"Zastal zagra w Szczecinie! Przedsezonowy sprawdzian w Memoriale im. Romana Wysockiego","link":"https:\/\/zastalowcy.pl\/?p=1403"}],"_links":{"self":[{"href":"https:\/\/zastalowcy.pl\/index.php?rest_route=\/wp\/v2\/posts\/1403","targetHints":{"allow":["GET"]}}],"collection":[{"href":"https:\/\/zastalowcy.pl\/index.php?rest_route=\/wp\/v2\/posts"}],"about":[{"href":"https:\/\/zastalowcy.pl\/index.php?rest_route=\/wp\/v2\/types\/post"}],"author":[{"embeddable":true,"href":"https:\/\/zastalowcy.pl\/index.php?rest_route=\/wp\/v2\/users\/3"}],"replies":[{"embeddable":true,"href":"https:\/\/zastalowcy.pl\/index.php?rest_route=%2Fwp%2Fv2%2Fcomments&post=1403"}],"version-history":[{"count":1,"href":"https:\/\/zastalowcy.pl\/index.php?rest_route=\/wp\/v2\/posts\/1403\/revisions"}],"predecessor-version":[{"id":1406,"href":"https:\/\/zastalowcy.pl\/index.php?rest_route=\/wp\/v2\/posts\/1403\/revisions\/1406"}],"wp:featuredmedia":[{"embeddable":true,"href":"https:\/\/zastalowcy.pl\/index.php?rest_route=\/wp\/v2\/media\/1404"}],"wp:attachment":[{"href":"https:\/\/zastalowcy.pl\/index.php?rest_route=%2Fwp%2Fv2%2Fmedia&parent=1403"}],"wp:term":[{"taxonomy":"category","embeddable":true,"href":"https:\/\/zastalowcy.pl\/index.php?rest_route=%2Fwp%2Fv2%2Fcategories&post=1403"},{"taxonomy":"post_tag","embeddable":true,"href":"https:\/\/zastalowcy.pl\/index.php?rest_route=%2Fwp%2Fv2%2Ftags&post=1403"}],"curies":[{"name":"wp","href":"https:\/\/api.w.org\/{rel}","templated":true}]}}