{"id":1407,"date":"2026-08-20T14:35:00","date_gmt":"2026-08-20T12:35:00","guid":{"rendered":"https:\/\/zastalowcy.pl\/?p=1407"},"modified":"2026-08-21T09:57:32","modified_gmt":"2026-08-21T07:57:32","slug":"zastal-rozpoczal-przygotowania-do-sezonu-zawodnicy-juz-w-zielonej-gorze","status":"publish","type":"post","link":"https:\/\/zastalowcy.pl\/?p=1407","title":{"rendered":"Zastal rozpocz\u0105\u0142 przygotowania do sezonu! Zawodnicy ju\u017c w Zielonej G\u00f3rze"},"content":{"rendered":"\n<p class=\"wp-block-paragraph\">Sezon 2026\/27 coraz bli\u017cej, a Zastal Zielona G\u00f3ra rozpocz\u0105\u0142 przygotowania do nowych rozgrywek. Zawodnicy pojawili si\u0119 ju\u017c w Zielonej G\u00f3rze, gdzie w ostatnich dniach przechodzili niezb\u0119dne badania. Od czwartku, 20 sierpnia, zesp\u00f3\u0142 rozpocz\u0105\u0142 r\u00f3wnie\u017c treningi na hali i stadionie.<\/p>\n\n\n\n<p class=\"wp-block-paragraph\">W Zielonej G\u00f3rze s\u0105 ju\u017c mi\u0119dzy innymi zawodnicy, kt\u00f3rzy b\u0119d\u0105 reprezentowa\u0107 Zastal w nadchodz\u0105cym sezonie. W\u015br\u00f3d nich znale\u017ali si\u0119 Andy Mazurczak, Conley Garrison, Filip Matczak, Krzysztof Sulima, Tay Solomon, Jan W\u00f3jcik, Kuba Galewski, Gauthier Denis oraz Veljko Brki\u0107.<\/p>\n\n\n\n<h3 class=\"wp-block-heading\">Najpierw badania, teraz czas na treningi<\/h3>\n\n\n\n<p class=\"wp-block-paragraph\">Zanim koszykarze rozpocz\u0119li w\u0142a\u015bciw\u0105 prac\u0119 na parkiecie, przeszli badania przygotowuj\u0105ce ich do rozpocz\u0119cia okresu treningowego. Badania odbywa\u0142y si\u0119 w dw\u00f3ch miejscach \u2013 na Uniwersytecie Zielonog\u00f3rskim oraz w HMS Clinic. Na UZ zawodnicy mieli sprawdzane m.in. zachowania mi\u0119\u015bni podczas poszczeg\u00f3lnych obci\u0105\u017ce\u0144 oraz analizowane r\u00f3\u017cnego rodzaju skoki czy wydolno\u015b\u0107 tlenow\u0105. Natomiast w HMS Clinic odby\u0142y si\u0119 badania pod k\u0105tem ewentualnych uraz\u00f3w.<\/p>\n\n\n\n<p class=\"wp-block-paragraph\">To standardowy, ale bardzo wa\u017cny element przygotowa\u0144 do sezonu, kt\u00f3ry pozwala sztabowi oceni\u0107 aktualny stan zawodnik\u00f3w i odpowiednio zaplanowa\u0107 dalsz\u0105 prac\u0119 przed pierwszymi meczami. A ju\u017c teraz przyszed\u0142 czas na zdecydowanie bardziej intensywn\u0105 cz\u0119\u015b\u0107 przygotowa\u0144. 20 sierpnia zawodnicy wraz ze sztabem trenerskim rozpocz\u0119li treningi zar\u00f3wno na hali, jak i na stadionie.<\/p>\n\n\n\n<h3 class=\"wp-block-heading\">Nowy Zastal zaczyna prac\u0119<\/h3>\n\n\n\n<p class=\"wp-block-paragraph\">Dla zespo\u0142u Arkadiusza Mi\u0142oszewskiego b\u0119dzie to pocz\u0105tek wsp\u00f3lnej pracy przed sezonem 2026\/27. W sk\u0142adzie Zielonog\u00f3rzan pojawi\u0142o si\u0119 kilka nowych nazwisk, dlatego pierwsze tygodnie przygotowa\u0144 b\u0119d\u0105 szczeg\u00f3lnie istotne dla budowania zespo\u0142u i zgrania zawodnik\u00f3w.<\/p>\n\n\n\n<p class=\"wp-block-paragraph\">Przed Zastalem intensywny okres. 29 sierpnia zagraj\u0105 pierwszy sparing ze Sp\u00f3jni\u0105 Stargad, natomiast we wrze\u015bniu Zielonog\u00f3rzanie maj\u0105 zaplanowany sprawdzian w Szczecinie, czyli udzia\u0142 w <a href=\"https:\/\/zastalowcy.pl\/?p=1403\" title=\"\">XIV Memoriale im. Romana Wysockiego<\/a>. Z kolei 26 wrze\u015bnia Zastal rozpocznie walk\u0119 o <a href=\"https:\/\/zastalowcy.pl\/?p=1372\" title=\"\">Superpuchar Polski<\/a>, mierz\u0105c si\u0119 w p\u00f3\u0142finale z Dzikami Warszawa.<\/p>\n\n\n\n<p class=\"wp-block-paragraph\">\ud83c\udfc0 Zastalowcy.pl \u2013 o Zastalu od kibic\u00f3w \u2013 dla kibic\u00f3w<\/p>\n","protected":false},"excerpt":{"rendered":"<p>Sezon 2026\/27 coraz bli\u017cej, a Zastal Zielona G\u00f3ra rozpocz\u0105\u0142 przygotowania do nowych rozgrywek. Zawodnicy pojawili si\u0119 ju\u017c w<\/p>\n","protected":false},"author":3,"featured_media":1408,"comment_status":"open","ping_status":"open","sticky":false,"template":"","format":"standard","meta":{"om_disable_all_campaigns":false,"footnotes":""},"categories":[18,367,8],"tags":[17,26,15,472,474,473,12,14,42,11,10,16],"class_list":["post-1407","post","type-post","status-publish","format-standard","has-post-thumbnail","hentry","category-aktualnosci","category-sezon-2026-2027","category-wiadomosci-z-klubu","tag-basketzg","tag-druzyna","tag-koszykowka","tag-przygotowania-do-sezonu","tag-uniwersytet-zielonogorski","tag-uz","tag-zastal","tag-zastal-zielona-gora","tag-zastalowcy","tag-zielona-gora","tag-zielonagora","tag-zielonogorska-koszykowka"],"aioseo_notices":[],"aioseo_head":"\n\t\t<!-- All in One SEO 5.0.0.1 - aioseo.com -->\n\t<meta name=\"description\" content=\"Sezon 2026\/27 coraz bli\u017cej, a Zastal Zielona G\u00f3ra rozpocz\u0105\u0142 przygotowania do nowych rozgrywek. Zawodnicy pojawili si\u0119 ju\u017c w Zielonej G\u00f3rze, gdzie w ostatnich dniach przechodzili niezb\u0119dne badania. Od czwartku, 20 sierpnia, zesp\u00f3\u0142 rozpocz\u0105\u0142 r\u00f3wnie\u017c treningi na hali i stadionie. W Zielonej G\u00f3rze s\u0105 ju\u017c mi\u0119dzy innymi zawodnicy, kt\u00f3rzy b\u0119d\u0105 reprezentowa\u0107 Zastal w nadchodz\u0105cym sezonie. W\u015br\u00f3d\" \/>\n\t<meta name=\"robots\" content=\"max-image-preview:large\" \/>\n\t<meta name=\"author\" content=\"Joanna Nawlicka\"\/>\n\t<link rel=\"canonical\" href=\"https:\/\/zastalowcy.pl\/?p=1407\" \/>\n\t<meta name=\"generator\" content=\"All in One SEO (AIOSEO) 5.0.0.1\" \/>\n\t\t<meta property=\"og:locale\" content=\"pl_PL\" \/>\n\t\t<meta property=\"og:site_name\" content=\"- O Zastalu od kibic\u00f3w \u2013 dla kibic\u00f3w\" \/>\n\t\t<meta property=\"og:type\" content=\"article\" \/>\n\t\t<meta property=\"og:title\" content=\"Zastal rozpocz\u0105\u0142 przygotowania do sezonu! Zawodnicy ju\u017c w Zielonej G\u00f3rze -\" \/>\n\t\t<meta property=\"og:description\" content=\"Sezon 2026\/27 coraz bli\u017cej, a Zastal Zielona G\u00f3ra rozpocz\u0105\u0142 przygotowania do nowych rozgrywek. Zawodnicy pojawili si\u0119 ju\u017c w Zielonej G\u00f3rze, gdzie w ostatnich dniach przechodzili niezb\u0119dne badania. Od czwartku, 20 sierpnia, zesp\u00f3\u0142 rozpocz\u0105\u0142 r\u00f3wnie\u017c treningi na hali i stadionie. W Zielonej G\u00f3rze s\u0105 ju\u017c mi\u0119dzy innymi zawodnicy, kt\u00f3rzy b\u0119d\u0105 reprezentowa\u0107 Zastal w nadchodz\u0105cym sezonie. W\u015br\u00f3d\" \/>\n\t\t<meta property=\"og:url\" content=\"https:\/\/zastalowcy.pl\/?p=1407\" \/>\n\t\t<meta property=\"og:image\" content=\"https:\/\/zastalowcy.pl\/wp-content\/uploads\/2025\/09\/cropped-logo-strony-2.png\" \/>\n\t\t<meta property=\"og:image:secure_url\" content=\"https:\/\/zastalowcy.pl\/wp-content\/uploads\/2025\/09\/cropped-logo-strony-2.png\" \/>\n\t\t<meta property=\"og:image:width\" content=\"1862\" \/>\n\t\t<meta property=\"og:image:height\" content=\"384\" \/>\n\t\t<meta property=\"article:published_time\" content=\"2026-08-20T12:35:00+00:00\" \/>\n\t\t<meta property=\"article:modified_time\" content=\"2026-08-21T07:57:32+00:00\" \/>\n\t\t<meta name=\"twitter:card\" content=\"summary_large_image\" \/>\n\t\t<meta name=\"twitter:title\" content=\"Zastal rozpocz\u0105\u0142 przygotowania do sezonu! Zawodnicy ju\u017c w Zielonej G\u00f3rze -\" \/>\n\t\t<meta name=\"twitter:description\" content=\"Sezon 2026\/27 coraz bli\u017cej, a Zastal Zielona G\u00f3ra rozpocz\u0105\u0142 przygotowania do nowych rozgrywek. Zawodnicy pojawili si\u0119 ju\u017c w Zielonej G\u00f3rze, gdzie w ostatnich dniach przechodzili niezb\u0119dne badania. Od czwartku, 20 sierpnia, zesp\u00f3\u0142 rozpocz\u0105\u0142 r\u00f3wnie\u017c treningi na hali i stadionie. W Zielonej G\u00f3rze s\u0105 ju\u017c mi\u0119dzy innymi zawodnicy, kt\u00f3rzy b\u0119d\u0105 reprezentowa\u0107 Zastal w nadchodz\u0105cym sezonie. W\u015br\u00f3d\" \/>\n\t\t<meta name=\"twitter:image\" content=\"https:\/\/zastalowcy.pl\/wp-content\/uploads\/2025\/09\/cropped-logo-strony-2.png\" \/>\n\t\t<script type=\"application\/ld+json\" class=\"aioseo-schema\">\n\t\t\t{\"@context\":\"https:\\\/\\\/schema.org\",\"@graph\":[{\"@type\":\"BlogPosting\",\"@id\":\"https:\\\/\\\/zastalowcy.pl\\\/?p=1407#blogposting\",\"name\":\"Zastal rozpocz\\u0105\\u0142 przygotowania do sezonu! Zawodnicy ju\\u017c w Zielonej G\\u00f3rze -\",\"headline\":\"Zastal rozpocz\\u0105\\u0142 przygotowania do sezonu! Zawodnicy ju\\u017c w Zielonej G\\u00f3rze\",\"author\":{\"@id\":\"https:\\\/\\\/zastalowcy.pl\\\/?author=3#author\"},\"publisher\":{\"@id\":\"https:\\\/\\\/zastalowcy.pl\\\/#organization\"},\"image\":{\"@type\":\"ImageObject\",\"url\":\"https:\\\/\\\/zastalowcy.pl\\\/wp-content\\\/uploads\\\/2026\\\/08\\\/profilowe-3-2.png\",\"width\":2048,\"height\":2048},\"datePublished\":\"2026-08-20T14:35:00+02:00\",\"dateModified\":\"2026-08-21T09:57:32+02:00\",\"inLanguage\":\"pl-PL\",\"mainEntityOfPage\":{\"@id\":\"https:\\\/\\\/zastalowcy.pl\\\/?p=1407#webpage\"},\"isPartOf\":{\"@id\":\"https:\\\/\\\/zastalowcy.pl\\\/?p=1407#webpage\"},\"articleSection\":\"Aktualno\\u015bci, Sezon 2026\\\/2027, Wiadomo\\u015bci z klubu, basketzg, dru\\u017cyna, koszyk\\u00f3wka, przygotowania do sezonu, uniwersytet zielonog\\u00f3rski, uz, zastal, zastal zielona g\\u00f3ra, zastalowcy, zielona g\\u00f3ra, zielonagora, zielonog\\u00f3rska koszyk\\u00f3wka\"},{\"@type\":\"BreadcrumbList\",\"@id\":\"https:\\\/\\\/zastalowcy.pl\\\/?p=1407#breadcrumblist\",\"itemListElement\":[{\"@type\":\"ListItem\",\"@id\":\"https:\\\/\\\/zastalowcy.pl#listItem\",\"position\":1,\"name\":\"Home\",\"item\":\"https:\\\/\\\/zastalowcy.pl\",\"nextItem\":{\"@type\":\"ListItem\",\"@id\":\"https:\\\/\\\/zastalowcy.pl\\\/?cat=8#listItem\",\"name\":\"Wiadomo\\u015bci z klubu\"}},{\"@type\":\"ListItem\",\"@id\":\"https:\\\/\\\/zastalowcy.pl\\\/?cat=8#listItem\",\"position\":2,\"name\":\"Wiadomo\\u015bci z klubu\",\"item\":\"https:\\\/\\\/zastalowcy.pl\\\/?cat=8\",\"nextItem\":{\"@type\":\"ListItem\",\"@id\":\"https:\\\/\\\/zastalowcy.pl\\\/?p=1407#listItem\",\"name\":\"Zastal rozpocz\\u0105\\u0142 przygotowania do sezonu! Zawodnicy ju\\u017c w Zielonej G\\u00f3rze\"},\"previousItem\":{\"@type\":\"ListItem\",\"@id\":\"https:\\\/\\\/zastalowcy.pl#listItem\",\"name\":\"Home\"}},{\"@type\":\"ListItem\",\"@id\":\"https:\\\/\\\/zastalowcy.pl\\\/?p=1407#listItem\",\"position\":3,\"name\":\"Zastal rozpocz\\u0105\\u0142 przygotowania do sezonu! Zawodnicy ju\\u017c w Zielonej G\\u00f3rze\",\"previousItem\":{\"@type\":\"ListItem\",\"@id\":\"https:\\\/\\\/zastalowcy.pl\\\/?cat=8#listItem\",\"name\":\"Wiadomo\\u015bci z klubu\"}}]},{\"@type\":\"Organization\",\"@id\":\"https:\\\/\\\/zastalowcy.pl\\\/#organization\",\"description\":\"O Zastalu od kibic\\u00f3w \\u2013 dla kibic\\u00f3w\",\"url\":\"https:\\\/\\\/zastalowcy.pl\\\/\",\"logo\":{\"@type\":\"ImageObject\",\"url\":\"https:\\\/\\\/zastalowcy.pl\\\/wp-content\\\/uploads\\\/2025\\\/09\\\/cropped-logo-strony-2.png\",\"@id\":\"https:\\\/\\\/zastalowcy.pl\\\/?p=1407\\\/#organizationLogo\",\"width\":1862,\"height\":384},\"image\":{\"@id\":\"https:\\\/\\\/zastalowcy.pl\\\/?p=1407\\\/#organizationLogo\"}},{\"@type\":\"Person\",\"@id\":\"https:\\\/\\\/zastalowcy.pl\\\/?author=3#author\",\"url\":\"https:\\\/\\\/zastalowcy.pl\\\/?author=3\",\"name\":\"Joanna Nawlicka\",\"image\":{\"@type\":\"ImageObject\",\"@id\":\"https:\\\/\\\/zastalowcy.pl\\\/?p=1407#authorImage\",\"url\":\"https:\\\/\\\/secure.gravatar.com\\\/avatar\\\/66fc557d97536ff5096b6295970275631b7a4673997738477642001957f5274c?s=96&d=mm&r=g\",\"width\":96,\"height\":96,\"caption\":\"Joanna Nawlicka\"}},{\"@type\":\"WebPage\",\"@id\":\"https:\\\/\\\/zastalowcy.pl\\\/?p=1407#webpage\",\"url\":\"https:\\\/\\\/zastalowcy.pl\\\/?p=1407\",\"name\":\"Zastal rozpocz\\u0105\\u0142 przygotowania do sezonu! Zawodnicy ju\\u017c w Zielonej G\\u00f3rze -\",\"description\":\"Sezon 2026\\\/27 coraz bli\\u017cej, a Zastal Zielona G\\u00f3ra rozpocz\\u0105\\u0142 przygotowania do nowych rozgrywek. Zawodnicy pojawili si\\u0119 ju\\u017c w Zielonej G\\u00f3rze, gdzie w ostatnich dniach przechodzili niezb\\u0119dne badania. Od czwartku, 20 sierpnia, zesp\\u00f3\\u0142 rozpocz\\u0105\\u0142 r\\u00f3wnie\\u017c treningi na hali i stadionie. W Zielonej G\\u00f3rze s\\u0105 ju\\u017c mi\\u0119dzy innymi zawodnicy, kt\\u00f3rzy b\\u0119d\\u0105 reprezentowa\\u0107 Zastal w nadchodz\\u0105cym sezonie. W\\u015br\\u00f3d\",\"inLanguage\":\"pl-PL\",\"isPartOf\":{\"@id\":\"https:\\\/\\\/zastalowcy.pl\\\/#website\"},\"breadcrumb\":{\"@id\":\"https:\\\/\\\/zastalowcy.pl\\\/?p=1407#breadcrumblist\"},\"author\":{\"@id\":\"https:\\\/\\\/zastalowcy.pl\\\/?author=3#author\"},\"creator\":{\"@id\":\"https:\\\/\\\/zastalowcy.pl\\\/?author=3#author\"},\"image\":{\"@type\":\"ImageObject\",\"url\":\"https:\\\/\\\/zastalowcy.pl\\\/wp-content\\\/uploads\\\/2026\\\/08\\\/profilowe-3-2.png\",\"@id\":\"https:\\\/\\\/zastalowcy.pl\\\/?p=1407\\\/#mainImage\",\"width\":2048,\"height\":2048},\"primaryImageOfPage\":{\"@id\":\"https:\\\/\\\/zastalowcy.pl\\\/?p=1407#mainImage\"},\"datePublished\":\"2026-08-20T14:35:00+02:00\",\"dateModified\":\"2026-08-21T09:57:32+02:00\"},{\"@type\":\"WebSite\",\"@id\":\"https:\\\/\\\/zastalowcy.pl\\\/#website\",\"url\":\"https:\\\/\\\/zastalowcy.pl\\\/\",\"description\":\"O Zastalu od kibic\\u00f3w \\u2013 dla kibic\\u00f3w\",\"inLanguage\":\"pl-PL\",\"publisher\":{\"@id\":\"https:\\\/\\\/zastalowcy.pl\\\/#organization\"}}]}\n\t\t<\/script>\n\t\t<!-- All in One SEO -->\n\n","aioseo_head_json":{"title":"Zastal rozpocz\u0105\u0142 przygotowania do sezonu! Zawodnicy ju\u017c w Zielonej G\u00f3rze -","description":"Sezon 2026\/27 coraz bli\u017cej, a Zastal Zielona G\u00f3ra rozpocz\u0105\u0142 przygotowania do nowych rozgrywek. Zawodnicy pojawili si\u0119 ju\u017c w Zielonej G\u00f3rze, gdzie w ostatnich dniach przechodzili niezb\u0119dne badania. Od czwartku, 20 sierpnia, zesp\u00f3\u0142 rozpocz\u0105\u0142 r\u00f3wnie\u017c treningi na hali i stadionie. W Zielonej G\u00f3rze s\u0105 ju\u017c mi\u0119dzy innymi zawodnicy, kt\u00f3rzy b\u0119d\u0105 reprezentowa\u0107 Zastal w nadchodz\u0105cym sezonie. W\u015br\u00f3d","canonical_url":"https:\/\/zastalowcy.pl\/?p=1407","robots":"max-image-preview:large","keywords":"","webmasterTools":{"miscellaneous":""},"schema":{"@context":"https:\/\/schema.org","@graph":[{"@type":"BlogPosting","@id":"https:\/\/zastalowcy.pl\/?p=1407#blogposting","name":"Zastal rozpocz\u0105\u0142 przygotowania do sezonu! Zawodnicy ju\u017c w Zielonej G\u00f3rze -","headline":"Zastal rozpocz\u0105\u0142 przygotowania do sezonu! Zawodnicy ju\u017c w Zielonej G\u00f3rze","author":{"@id":"https:\/\/zastalowcy.pl\/?author=3#author"},"publisher":{"@id":"https:\/\/zastalowcy.pl\/#organization"},"image":{"@type":"ImageObject","url":"https:\/\/zastalowcy.pl\/wp-content\/uploads\/2026\/08\/profilowe-3-2.png","width":2048,"height":2048},"datePublished":"2026-08-20T14:35:00+02:00","dateModified":"2026-08-21T09:57:32+02:00","inLanguage":"pl-PL","mainEntityOfPage":{"@id":"https:\/\/zastalowcy.pl\/?p=1407#webpage"},"isPartOf":{"@id":"https:\/\/zastalowcy.pl\/?p=1407#webpage"},"articleSection":"Aktualno\u015bci, Sezon 2026\/2027, Wiadomo\u015bci z klubu, basketzg, dru\u017cyna, koszyk\u00f3wka, przygotowania do sezonu, uniwersytet zielonog\u00f3rski, uz, zastal, zastal zielona g\u00f3ra, zastalowcy, zielona g\u00f3ra, zielonagora, zielonog\u00f3rska koszyk\u00f3wka"},{"@type":"BreadcrumbList","@id":"https:\/\/zastalowcy.pl\/?p=1407#breadcrumblist","itemListElement":[{"@type":"ListItem","@id":"https:\/\/zastalowcy.pl#listItem","position":1,"name":"Home","item":"https:\/\/zastalowcy.pl","nextItem":{"@type":"ListItem","@id":"https:\/\/zastalowcy.pl\/?cat=8#listItem","name":"Wiadomo\u015bci z klubu"}},{"@type":"ListItem","@id":"https:\/\/zastalowcy.pl\/?cat=8#listItem","position":2,"name":"Wiadomo\u015bci z klubu","item":"https:\/\/zastalowcy.pl\/?cat=8","nextItem":{"@type":"ListItem","@id":"https:\/\/zastalowcy.pl\/?p=1407#listItem","name":"Zastal rozpocz\u0105\u0142 przygotowania do sezonu! Zawodnicy ju\u017c w Zielonej G\u00f3rze"},"previousItem":{"@type":"ListItem","@id":"https:\/\/zastalowcy.pl#listItem","name":"Home"}},{"@type":"ListItem","@id":"https:\/\/zastalowcy.pl\/?p=1407#listItem","position":3,"name":"Zastal rozpocz\u0105\u0142 przygotowania do sezonu! Zawodnicy ju\u017c w Zielonej G\u00f3rze","previousItem":{"@type":"ListItem","@id":"https:\/\/zastalowcy.pl\/?cat=8#listItem","name":"Wiadomo\u015bci z klubu"}}]},{"@type":"Organization","@id":"https:\/\/zastalowcy.pl\/#organization","description":"O Zastalu od kibic\u00f3w \u2013 dla kibic\u00f3w","url":"https:\/\/zastalowcy.pl\/","logo":{"@type":"ImageObject","url":"https:\/\/zastalowcy.pl\/wp-content\/uploads\/2025\/09\/cropped-logo-strony-2.png","@id":"https:\/\/zastalowcy.pl\/?p=1407\/#organizationLogo","width":1862,"height":384},"image":{"@id":"https:\/\/zastalowcy.pl\/?p=1407\/#organizationLogo"}},{"@type":"Person","@id":"https:\/\/zastalowcy.pl\/?author=3#author","url":"https:\/\/zastalowcy.pl\/?author=3","name":"Joanna Nawlicka","image":{"@type":"ImageObject","@id":"https:\/\/zastalowcy.pl\/?p=1407#authorImage","url":"https:\/\/secure.gravatar.com\/avatar\/66fc557d97536ff5096b6295970275631b7a4673997738477642001957f5274c?s=96&d=mm&r=g","width":96,"height":96,"caption":"Joanna Nawlicka"}},{"@type":"WebPage","@id":"https:\/\/zastalowcy.pl\/?p=1407#webpage","url":"https:\/\/zastalowcy.pl\/?p=1407","name":"Zastal rozpocz\u0105\u0142 przygotowania do sezonu! Zawodnicy ju\u017c w Zielonej G\u00f3rze -","description":"Sezon 2026\/27 coraz bli\u017cej, a Zastal Zielona G\u00f3ra rozpocz\u0105\u0142 przygotowania do nowych rozgrywek. Zawodnicy pojawili si\u0119 ju\u017c w Zielonej G\u00f3rze, gdzie w ostatnich dniach przechodzili niezb\u0119dne badania. Od czwartku, 20 sierpnia, zesp\u00f3\u0142 rozpocz\u0105\u0142 r\u00f3wnie\u017c treningi na hali i stadionie. W Zielonej G\u00f3rze s\u0105 ju\u017c mi\u0119dzy innymi zawodnicy, kt\u00f3rzy b\u0119d\u0105 reprezentowa\u0107 Zastal w nadchodz\u0105cym sezonie. W\u015br\u00f3d","inLanguage":"pl-PL","isPartOf":{"@id":"https:\/\/zastalowcy.pl\/#website"},"breadcrumb":{"@id":"https:\/\/zastalowcy.pl\/?p=1407#breadcrumblist"},"author":{"@id":"https:\/\/zastalowcy.pl\/?author=3#author"},"creator":{"@id":"https:\/\/zastalowcy.pl\/?author=3#author"},"image":{"@type":"ImageObject","url":"https:\/\/zastalowcy.pl\/wp-content\/uploads\/2026\/08\/profilowe-3-2.png","@id":"https:\/\/zastalowcy.pl\/?p=1407\/#mainImage","width":2048,"height":2048},"primaryImageOfPage":{"@id":"https:\/\/zastalowcy.pl\/?p=1407#mainImage"},"datePublished":"2026-08-20T14:35:00+02:00","dateModified":"2026-08-21T09:57:32+02:00"},{"@type":"WebSite","@id":"https:\/\/zastalowcy.pl\/#website","url":"https:\/\/zastalowcy.pl\/","description":"O Zastalu od kibic\u00f3w \u2013 dla kibic\u00f3w","inLanguage":"pl-PL","publisher":{"@id":"https:\/\/zastalowcy.pl\/#organization"}}]},"og:locale":"pl_PL","og:site_name":"- O Zastalu od kibic\u00f3w \u2013 dla kibic\u00f3w","og:type":"article","og:title":"Zastal rozpocz\u0105\u0142 przygotowania do sezonu! Zawodnicy ju\u017c w Zielonej G\u00f3rze -","og:description":"Sezon 2026\/27 coraz bli\u017cej, a Zastal Zielona G\u00f3ra rozpocz\u0105\u0142 przygotowania do nowych rozgrywek. Zawodnicy pojawili si\u0119 ju\u017c w Zielonej G\u00f3rze, gdzie w ostatnich dniach przechodzili niezb\u0119dne badania. Od czwartku, 20 sierpnia, zesp\u00f3\u0142 rozpocz\u0105\u0142 r\u00f3wnie\u017c treningi na hali i stadionie. W Zielonej G\u00f3rze s\u0105 ju\u017c mi\u0119dzy innymi zawodnicy, kt\u00f3rzy b\u0119d\u0105 reprezentowa\u0107 Zastal w nadchodz\u0105cym sezonie. W\u015br\u00f3d","og:url":"https:\/\/zastalowcy.pl\/?p=1407","og:image":"https:\/\/zastalowcy.pl\/wp-content\/uploads\/2025\/09\/cropped-logo-strony-2.png","og:image:secure_url":"https:\/\/zastalowcy.pl\/wp-content\/uploads\/2025\/09\/cropped-logo-strony-2.png","og:image:width":1862,"og:image:height":384,"article:published_time":"2026-08-20T12:35:00+00:00","article:modified_time":"2026-08-21T07:57:32+00:00","twitter:card":"summary_large_image","twitter:title":"Zastal rozpocz\u0105\u0142 przygotowania do sezonu! Zawodnicy ju\u017c w Zielonej G\u00f3rze -","twitter:description":"Sezon 2026\/27 coraz bli\u017cej, a Zastal Zielona G\u00f3ra rozpocz\u0105\u0142 przygotowania do nowych rozgrywek. Zawodnicy pojawili si\u0119 ju\u017c w Zielonej G\u00f3rze, gdzie w ostatnich dniach przechodzili niezb\u0119dne badania. Od czwartku, 20 sierpnia, zesp\u00f3\u0142 rozpocz\u0105\u0142 r\u00f3wnie\u017c treningi na hali i stadionie. W Zielonej G\u00f3rze s\u0105 ju\u017c mi\u0119dzy innymi zawodnicy, kt\u00f3rzy b\u0119d\u0105 reprezentowa\u0107 Zastal w nadchodz\u0105cym sezonie. W\u015br\u00f3d","twitter:image":"https:\/\/zastalowcy.pl\/wp-content\/uploads\/2025\/09\/cropped-logo-strony-2.png"},"aioseo_meta_data":{"post_id":"1407","title":null,"description":null,"keywords":null,"keyphrases":{"focus":{"keyphrase":"","score":0,"analysis":{"keyphraseInTitle":{"score":0,"maxScore":9,"error":1}}},"additional":[]},"primary_term":null,"canonical_url":null,"og_title":null,"og_description":null,"og_object_type":"default","og_image_type":"default","og_image_custom_url":null,"og_image_custom_fields":null,"og_image_url":null,"og_image_width":null,"og_image_height":null,"og_video":"","og_custom_url":null,"og_article_section":null,"og_article_tags":null,"twitter_use_og":false,"twitter_card":"default","twitter_image_type":"default","twitter_image_custom_url":null,"twitter_image_custom_fields":null,"twitter_image_url":null,"twitter_title":null,"twitter_description":null,"schema_type":"default","schema_type_options":null,"schema":{"blockGraphs":[],"customGraphs":[],"default":{"data":{"Article":[],"Course":[],"Dataset":[],"FAQPage":[],"Movie":[],"Person":[],"Product":[],"ProductReview":[],"Car":[],"Recipe":[],"Service":[],"SoftwareApplication":[],"WebPage":[]},"graphName":"BlogPosting","isEnabled":true},"graphs":[]},"pillar_content":false,"robots_default":true,"robots_noindex":false,"robots_noarchive":false,"robots_nosnippet":false,"robots_nofollow":false,"robots_noimageindex":false,"robots_noodp":false,"robots_notranslate":false,"robots_max_snippet":"-1","robots_max_videopreview":"-1","robots_max_imagepreview":"large","priority":null,"frequency":"default","local_seo":null,"limit_modified_date":false,"ai":{"faqs":[],"keyPoints":[],"schemas":[],"titles":[],"descriptions":[],"socialPosts":{"email":{"subject":"","preview":"","content":""},"linkedin":[],"twitter":[],"facebook":[],"instagram":[]}},"breadcrumb_settings":null,"seo_analyzer_scan_date":null,"created":"2026-08-21 07:57:32","updated":"2026-08-21 08:11:20","focus_keyword":null,"additional_keywords":null,"truseo_locale":null},"aioseo_breadcrumb":"<div class=\"aioseo-breadcrumbs\"><span class=\"aioseo-breadcrumb\">\n\t\t\t<a href=\"https:\/\/zastalowcy.pl\" title=\"Home\">Home<\/a>\n\t\t<\/span><span class=\"aioseo-breadcrumb-separator\">&raquo;<\/span><span class=\"aioseo-breadcrumb\">\n\t\t\t<a href=\"https:\/\/zastalowcy.pl\/?cat=8\" title=\"Wiadomo\u015bci z klubu\">Wiadomo\u015bci z klubu<\/a>\n\t\t<\/span><span class=\"aioseo-breadcrumb-separator\">&raquo;<\/span><span class=\"aioseo-breadcrumb\">\n\t\t\tZastal rozpocz\u0105\u0142 przygotowania do sezonu! Zawodnicy ju\u017c w Zielonej G\u00f3rze\n\t\t<\/span><\/div>","aioseo_breadcrumb_json":[{"label":"Home","link":"https:\/\/zastalowcy.pl"},{"label":"Wiadomo\u015bci z klubu","link":"https:\/\/zastalowcy.pl\/?cat=8"},{"label":"Zastal rozpocz\u0105\u0142 przygotowania do sezonu! Zawodnicy ju\u017c w Zielonej G\u00f3rze","link":"https:\/\/zastalowcy.pl\/?p=1407"}],"_links":{"self":[{"href":"https:\/\/zastalowcy.pl\/index.php?rest_route=\/wp\/v2\/posts\/1407","targetHints":{"allow":["GET"]}}],"collection":[{"href":"https:\/\/zastalowcy.pl\/index.php?rest_route=\/wp\/v2\/posts"}],"about":[{"href":"https:\/\/zastalowcy.pl\/index.php?rest_route=\/wp\/v2\/types\/post"}],"author":[{"embeddable":true,"href":"https:\/\/zastalowcy.pl\/index.php?rest_route=\/wp\/v2\/users\/3"}],"replies":[{"embeddable":true,"href":"https:\/\/zastalowcy.pl\/index.php?rest_route=%2Fwp%2Fv2%2Fcomments&post=1407"}],"version-history":[{"count":1,"href":"https:\/\/zastalowcy.pl\/index.php?rest_route=\/wp\/v2\/posts\/1407\/revisions"}],"predecessor-version":[{"id":1409,"href":"https:\/\/zastalowcy.pl\/index.php?rest_route=\/wp\/v2\/posts\/1407\/revisions\/1409"}],"wp:featuredmedia":[{"embeddable":true,"href":"https:\/\/zastalowcy.pl\/index.php?rest_route=\/wp\/v2\/media\/1408"}],"wp:attachment":[{"href":"https:\/\/zastalowcy.pl\/index.php?rest_route=%2Fwp%2Fv2%2Fmedia&parent=1407"}],"wp:term":[{"taxonomy":"category","embeddable":true,"href":"https:\/\/zastalowcy.pl\/index.php?rest_route=%2Fwp%2Fv2%2Fcategories&post=1407"},{"taxonomy":"post_tag","embeddable":true,"href":"https:\/\/zastalowcy.pl\/index.php?rest_route=%2Fwp%2Fv2%2Ftags&post=1407"}],"curies":[{"name":"wp","href":"https:\/\/api.w.org\/{rel}","templated":true}]}}