{"id":1410,"date":"2026-08-19T09:05:00","date_gmt":"2026-08-19T07:05:00","guid":{"rendered":"https:\/\/zastalowcy.pl\/?p=1410"},"modified":"2026-08-21T10:11:35","modified_gmt":"2026-08-21T08:11:35","slug":"zastal-zaprezentuje-druzyne-podczas-winobrania","status":"publish","type":"post","link":"https:\/\/zastalowcy.pl\/?p=1410","title":{"rendered":"Zastal zaprezentuje dru\u017cyn\u0119 podczas Winobrania"},"content":{"rendered":"\n<p class=\"wp-block-paragraph\">Zielonog\u00f3rzanie zaprezentuj\u0105 si\u0119 kibicom podczas Winobrania! W niedziel\u0119, 6 wrze\u015bnia, odb\u0119dzie si\u0119 oficjalna prezentacja dru\u017cyny Zastalu Zielona G\u00f3ra na sezon 2026\/27.<\/p>\n\n\n\n<h3 class=\"wp-block-heading\">Prezentacja podczas pierwszej niedzieli Winobrania<\/h3>\n\n\n\n<p class=\"wp-block-paragraph\">Zastal wraca tym samym do tradycji prezentowania zespo\u0142u mieszka\u0144com Zielonej G\u00f3ry. B\u0119dzie to jedna z pierwszych okazji, aby kibice mogli zobaczy\u0107 na \u017cywo zawodnik\u00f3w, kt\u00f3rzy w nadchodz\u0105cym sezonie b\u0119d\u0105 reprezentowa\u0107 zielonog\u00f3rskie barwy.<\/p>\n\n\n\n<p class=\"wp-block-paragraph\">Przed sezonem 2026\/27 <a href=\"https:\/\/zastalowcy.pl\/?p=1301\" title=\"\">w sk\u0142adzie Zastalu dosz\u0142o do wielu zmian<\/a>, dlatego prezentacja b\u0119dzie szczeg\u00f3ln\u0105 okazj\u0105 do poznania nowych twarzy zespo\u0142u. Na scenie pojawi\u0105 si\u0119 zar\u00f3wno zawodnicy dobrze znani zielonog\u00f3rskim kibicom, jak i koszykarze, kt\u00f3rzy dopiero rozpoczynaj\u0105 swoj\u0105 przygod\u0119 z klubem.<\/p>\n\n\n\n<p class=\"wp-block-paragraph\">Wydarzenie rozpocznie si\u0119 o godzinie 19:30 na Placu Powsta\u0144c\u00f3w Wielkopolskich.<\/p>\n\n\n\n<p class=\"wp-block-paragraph\">\ud83c\udfc0 Zastalowcy.pl \u2013 o Zastalu od kibic\u00f3w \u2013 dla kibic\u00f3w<\/p>\n","protected":false},"excerpt":{"rendered":"<p>Zielonog\u00f3rzanie zaprezentuj\u0105 si\u0119 kibicom podczas Winobrania! W niedziel\u0119, 6 wrze\u015bnia, odb\u0119dzie si\u0119 oficjalna prezentacja dru\u017cyny Zastalu Zielona G\u00f3ra<\/p>\n","protected":false},"author":3,"featured_media":1411,"comment_status":"open","ping_status":"open","sticky":false,"template":"","format":"standard","meta":{"om_disable_all_campaigns":false,"footnotes":""},"categories":[18,367,8],"tags":[17,26,15,476,475,12,477,478,14,42,11,10,16],"class_list":["post-1410","post","type-post","status-publish","format-standard","has-post-thumbnail","hentry","category-aktualnosci","category-sezon-2026-2027","category-wiadomosci-z-klubu","tag-basketzg","tag-druzyna","tag-koszykowka","tag-prezentacja-druzyny","tag-winobranie-2026","tag-zastal","tag-zastal-prezentacja-druzyny","tag-zastal-winobranie","tag-zastal-zielona-gora","tag-zastalowcy","tag-zielona-gora","tag-zielonagora","tag-zielonogorska-koszykowka"],"aioseo_notices":[],"aioseo_head":"\n\t\t<!-- All in One SEO 5.0.0.1 - aioseo.com -->\n\t<meta name=\"description\" content=\"Zielonog\u00f3rzanie zaprezentuj\u0105 si\u0119 kibicom podczas Winobrania! W niedziel\u0119, 6 wrze\u015bnia, odb\u0119dzie si\u0119 oficjalna prezentacja dru\u017cyny Zastalu Zielona G\u00f3ra na sezon 2026\/27. Prezentacja podczas pierwszej niedzieli Winobrania Zastal wraca tym samym do tradycji prezentowania zespo\u0142u mieszka\u0144com Zielonej G\u00f3ry. B\u0119dzie to jedna z pierwszych okazji, aby kibice mogli zobaczy\u0107 na \u017cywo zawodnik\u00f3w, kt\u00f3rzy w nadchodz\u0105cym sezonie b\u0119d\u0105\" \/>\n\t<meta name=\"robots\" content=\"max-image-preview:large\" \/>\n\t<meta name=\"author\" content=\"Joanna Nawlicka\"\/>\n\t<link rel=\"canonical\" href=\"https:\/\/zastalowcy.pl\/?p=1410\" \/>\n\t<meta name=\"generator\" content=\"All in One SEO (AIOSEO) 5.0.0.1\" \/>\n\t\t<meta property=\"og:locale\" content=\"pl_PL\" \/>\n\t\t<meta property=\"og:site_name\" content=\"- O Zastalu od kibic\u00f3w \u2013 dla kibic\u00f3w\" \/>\n\t\t<meta property=\"og:type\" content=\"article\" \/>\n\t\t<meta property=\"og:title\" content=\"Zastal zaprezentuje dru\u017cyn\u0119 podczas Winobrania -\" \/>\n\t\t<meta property=\"og:description\" content=\"Zielonog\u00f3rzanie zaprezentuj\u0105 si\u0119 kibicom podczas Winobrania! W niedziel\u0119, 6 wrze\u015bnia, odb\u0119dzie si\u0119 oficjalna prezentacja dru\u017cyny Zastalu Zielona G\u00f3ra na sezon 2026\/27. Prezentacja podczas pierwszej niedzieli Winobrania Zastal wraca tym samym do tradycji prezentowania zespo\u0142u mieszka\u0144com Zielonej G\u00f3ry. B\u0119dzie to jedna z pierwszych okazji, aby kibice mogli zobaczy\u0107 na \u017cywo zawodnik\u00f3w, kt\u00f3rzy w nadchodz\u0105cym sezonie b\u0119d\u0105\" \/>\n\t\t<meta property=\"og:url\" content=\"https:\/\/zastalowcy.pl\/?p=1410\" \/>\n\t\t<meta property=\"og:image\" content=\"https:\/\/zastalowcy.pl\/wp-content\/uploads\/2025\/09\/cropped-logo-strony-2.png\" \/>\n\t\t<meta property=\"og:image:secure_url\" content=\"https:\/\/zastalowcy.pl\/wp-content\/uploads\/2025\/09\/cropped-logo-strony-2.png\" \/>\n\t\t<meta property=\"og:image:width\" content=\"1862\" \/>\n\t\t<meta property=\"og:image:height\" content=\"384\" \/>\n\t\t<meta property=\"article:published_time\" content=\"2026-08-19T07:05:00+00:00\" \/>\n\t\t<meta property=\"article:modified_time\" content=\"2026-08-21T08:11:35+00:00\" \/>\n\t\t<meta name=\"twitter:card\" content=\"summary_large_image\" \/>\n\t\t<meta name=\"twitter:title\" content=\"Zastal zaprezentuje dru\u017cyn\u0119 podczas Winobrania -\" \/>\n\t\t<meta name=\"twitter:description\" content=\"Zielonog\u00f3rzanie zaprezentuj\u0105 si\u0119 kibicom podczas Winobrania! W niedziel\u0119, 6 wrze\u015bnia, odb\u0119dzie si\u0119 oficjalna prezentacja dru\u017cyny Zastalu Zielona G\u00f3ra na sezon 2026\/27. Prezentacja podczas pierwszej niedzieli Winobrania Zastal wraca tym samym do tradycji prezentowania zespo\u0142u mieszka\u0144com Zielonej G\u00f3ry. B\u0119dzie to jedna z pierwszych okazji, aby kibice mogli zobaczy\u0107 na \u017cywo zawodnik\u00f3w, kt\u00f3rzy w nadchodz\u0105cym sezonie b\u0119d\u0105\" \/>\n\t\t<meta name=\"twitter:image\" content=\"https:\/\/zastalowcy.pl\/wp-content\/uploads\/2025\/09\/cropped-logo-strony-2.png\" \/>\n\t\t<script type=\"application\/ld+json\" class=\"aioseo-schema\">\n\t\t\t{\"@context\":\"https:\\\/\\\/schema.org\",\"@graph\":[{\"@type\":\"BlogPosting\",\"@id\":\"https:\\\/\\\/zastalowcy.pl\\\/?p=1410#blogposting\",\"name\":\"Zastal zaprezentuje dru\\u017cyn\\u0119 podczas Winobrania -\",\"headline\":\"Zastal zaprezentuje dru\\u017cyn\\u0119 podczas Winobrania\",\"author\":{\"@id\":\"https:\\\/\\\/zastalowcy.pl\\\/?author=3#author\"},\"publisher\":{\"@id\":\"https:\\\/\\\/zastalowcy.pl\\\/#organization\"},\"image\":{\"@type\":\"ImageObject\",\"url\":\"https:\\\/\\\/zastalowcy.pl\\\/wp-content\\\/uploads\\\/2026\\\/08\\\/profilowe-4-2.png\",\"width\":2048,\"height\":2048},\"datePublished\":\"2026-08-19T09:05:00+02:00\",\"dateModified\":\"2026-08-21T10:11:35+02:00\",\"inLanguage\":\"pl-PL\",\"mainEntityOfPage\":{\"@id\":\"https:\\\/\\\/zastalowcy.pl\\\/?p=1410#webpage\"},\"isPartOf\":{\"@id\":\"https:\\\/\\\/zastalowcy.pl\\\/?p=1410#webpage\"},\"articleSection\":\"Aktualno\\u015bci, Sezon 2026\\\/2027, Wiadomo\\u015bci z klubu, basketzg, dru\\u017cyna, koszyk\\u00f3wka, prezentacja dru\\u017cyny, winobranie 2026, zastal, zastal prezentacja dru\\u017cyny, zastal winobranie, zastal zielona g\\u00f3ra, zastalowcy, zielona g\\u00f3ra, zielonagora, zielonog\\u00f3rska koszyk\\u00f3wka\"},{\"@type\":\"BreadcrumbList\",\"@id\":\"https:\\\/\\\/zastalowcy.pl\\\/?p=1410#breadcrumblist\",\"itemListElement\":[{\"@type\":\"ListItem\",\"@id\":\"https:\\\/\\\/zastalowcy.pl#listItem\",\"position\":1,\"name\":\"Home\",\"item\":\"https:\\\/\\\/zastalowcy.pl\",\"nextItem\":{\"@type\":\"ListItem\",\"@id\":\"https:\\\/\\\/zastalowcy.pl\\\/?cat=8#listItem\",\"name\":\"Wiadomo\\u015bci z klubu\"}},{\"@type\":\"ListItem\",\"@id\":\"https:\\\/\\\/zastalowcy.pl\\\/?cat=8#listItem\",\"position\":2,\"name\":\"Wiadomo\\u015bci z klubu\",\"item\":\"https:\\\/\\\/zastalowcy.pl\\\/?cat=8\",\"nextItem\":{\"@type\":\"ListItem\",\"@id\":\"https:\\\/\\\/zastalowcy.pl\\\/?p=1410#listItem\",\"name\":\"Zastal zaprezentuje dru\\u017cyn\\u0119 podczas Winobrania\"},\"previousItem\":{\"@type\":\"ListItem\",\"@id\":\"https:\\\/\\\/zastalowcy.pl#listItem\",\"name\":\"Home\"}},{\"@type\":\"ListItem\",\"@id\":\"https:\\\/\\\/zastalowcy.pl\\\/?p=1410#listItem\",\"position\":3,\"name\":\"Zastal zaprezentuje dru\\u017cyn\\u0119 podczas Winobrania\",\"previousItem\":{\"@type\":\"ListItem\",\"@id\":\"https:\\\/\\\/zastalowcy.pl\\\/?cat=8#listItem\",\"name\":\"Wiadomo\\u015bci z klubu\"}}]},{\"@type\":\"Organization\",\"@id\":\"https:\\\/\\\/zastalowcy.pl\\\/#organization\",\"description\":\"O Zastalu od kibic\\u00f3w \\u2013 dla kibic\\u00f3w\",\"url\":\"https:\\\/\\\/zastalowcy.pl\\\/\",\"logo\":{\"@type\":\"ImageObject\",\"url\":\"https:\\\/\\\/zastalowcy.pl\\\/wp-content\\\/uploads\\\/2025\\\/09\\\/cropped-logo-strony-2.png\",\"@id\":\"https:\\\/\\\/zastalowcy.pl\\\/?p=1410\\\/#organizationLogo\",\"width\":1862,\"height\":384},\"image\":{\"@id\":\"https:\\\/\\\/zastalowcy.pl\\\/?p=1410\\\/#organizationLogo\"}},{\"@type\":\"Person\",\"@id\":\"https:\\\/\\\/zastalowcy.pl\\\/?author=3#author\",\"url\":\"https:\\\/\\\/zastalowcy.pl\\\/?author=3\",\"name\":\"Joanna Nawlicka\",\"image\":{\"@type\":\"ImageObject\",\"@id\":\"https:\\\/\\\/zastalowcy.pl\\\/?p=1410#authorImage\",\"url\":\"https:\\\/\\\/secure.gravatar.com\\\/avatar\\\/66fc557d97536ff5096b6295970275631b7a4673997738477642001957f5274c?s=96&d=mm&r=g\",\"width\":96,\"height\":96,\"caption\":\"Joanna Nawlicka\"}},{\"@type\":\"WebPage\",\"@id\":\"https:\\\/\\\/zastalowcy.pl\\\/?p=1410#webpage\",\"url\":\"https:\\\/\\\/zastalowcy.pl\\\/?p=1410\",\"name\":\"Zastal zaprezentuje dru\\u017cyn\\u0119 podczas Winobrania -\",\"description\":\"Zielonog\\u00f3rzanie zaprezentuj\\u0105 si\\u0119 kibicom podczas Winobrania! W niedziel\\u0119, 6 wrze\\u015bnia, odb\\u0119dzie si\\u0119 oficjalna prezentacja dru\\u017cyny Zastalu Zielona G\\u00f3ra na sezon 2026\\\/27. Prezentacja podczas pierwszej niedzieli Winobrania Zastal wraca tym samym do tradycji prezentowania zespo\\u0142u mieszka\\u0144com Zielonej G\\u00f3ry. B\\u0119dzie to jedna z pierwszych okazji, aby kibice mogli zobaczy\\u0107 na \\u017cywo zawodnik\\u00f3w, kt\\u00f3rzy w nadchodz\\u0105cym sezonie b\\u0119d\\u0105\",\"inLanguage\":\"pl-PL\",\"isPartOf\":{\"@id\":\"https:\\\/\\\/zastalowcy.pl\\\/#website\"},\"breadcrumb\":{\"@id\":\"https:\\\/\\\/zastalowcy.pl\\\/?p=1410#breadcrumblist\"},\"author\":{\"@id\":\"https:\\\/\\\/zastalowcy.pl\\\/?author=3#author\"},\"creator\":{\"@id\":\"https:\\\/\\\/zastalowcy.pl\\\/?author=3#author\"},\"image\":{\"@type\":\"ImageObject\",\"url\":\"https:\\\/\\\/zastalowcy.pl\\\/wp-content\\\/uploads\\\/2026\\\/08\\\/profilowe-4-2.png\",\"@id\":\"https:\\\/\\\/zastalowcy.pl\\\/?p=1410\\\/#mainImage\",\"width\":2048,\"height\":2048},\"primaryImageOfPage\":{\"@id\":\"https:\\\/\\\/zastalowcy.pl\\\/?p=1410#mainImage\"},\"datePublished\":\"2026-08-19T09:05:00+02:00\",\"dateModified\":\"2026-08-21T10:11:35+02:00\"},{\"@type\":\"WebSite\",\"@id\":\"https:\\\/\\\/zastalowcy.pl\\\/#website\",\"url\":\"https:\\\/\\\/zastalowcy.pl\\\/\",\"description\":\"O Zastalu od kibic\\u00f3w \\u2013 dla kibic\\u00f3w\",\"inLanguage\":\"pl-PL\",\"publisher\":{\"@id\":\"https:\\\/\\\/zastalowcy.pl\\\/#organization\"}}]}\n\t\t<\/script>\n\t\t<!-- All in One SEO -->\n\n","aioseo_head_json":{"title":"Zastal zaprezentuje dru\u017cyn\u0119 podczas Winobrania -","description":"Zielonog\u00f3rzanie zaprezentuj\u0105 si\u0119 kibicom podczas Winobrania! W niedziel\u0119, 6 wrze\u015bnia, odb\u0119dzie si\u0119 oficjalna prezentacja dru\u017cyny Zastalu Zielona G\u00f3ra na sezon 2026\/27. Prezentacja podczas pierwszej niedzieli Winobrania Zastal wraca tym samym do tradycji prezentowania zespo\u0142u mieszka\u0144com Zielonej G\u00f3ry. B\u0119dzie to jedna z pierwszych okazji, aby kibice mogli zobaczy\u0107 na \u017cywo zawodnik\u00f3w, kt\u00f3rzy w nadchodz\u0105cym sezonie b\u0119d\u0105","canonical_url":"https:\/\/zastalowcy.pl\/?p=1410","robots":"max-image-preview:large","keywords":"","webmasterTools":{"miscellaneous":""},"schema":{"@context":"https:\/\/schema.org","@graph":[{"@type":"BlogPosting","@id":"https:\/\/zastalowcy.pl\/?p=1410#blogposting","name":"Zastal zaprezentuje dru\u017cyn\u0119 podczas Winobrania -","headline":"Zastal zaprezentuje dru\u017cyn\u0119 podczas Winobrania","author":{"@id":"https:\/\/zastalowcy.pl\/?author=3#author"},"publisher":{"@id":"https:\/\/zastalowcy.pl\/#organization"},"image":{"@type":"ImageObject","url":"https:\/\/zastalowcy.pl\/wp-content\/uploads\/2026\/08\/profilowe-4-2.png","width":2048,"height":2048},"datePublished":"2026-08-19T09:05:00+02:00","dateModified":"2026-08-21T10:11:35+02:00","inLanguage":"pl-PL","mainEntityOfPage":{"@id":"https:\/\/zastalowcy.pl\/?p=1410#webpage"},"isPartOf":{"@id":"https:\/\/zastalowcy.pl\/?p=1410#webpage"},"articleSection":"Aktualno\u015bci, Sezon 2026\/2027, Wiadomo\u015bci z klubu, basketzg, dru\u017cyna, koszyk\u00f3wka, prezentacja dru\u017cyny, winobranie 2026, zastal, zastal prezentacja dru\u017cyny, zastal winobranie, zastal zielona g\u00f3ra, zastalowcy, zielona g\u00f3ra, zielonagora, zielonog\u00f3rska koszyk\u00f3wka"},{"@type":"BreadcrumbList","@id":"https:\/\/zastalowcy.pl\/?p=1410#breadcrumblist","itemListElement":[{"@type":"ListItem","@id":"https:\/\/zastalowcy.pl#listItem","position":1,"name":"Home","item":"https:\/\/zastalowcy.pl","nextItem":{"@type":"ListItem","@id":"https:\/\/zastalowcy.pl\/?cat=8#listItem","name":"Wiadomo\u015bci z klubu"}},{"@type":"ListItem","@id":"https:\/\/zastalowcy.pl\/?cat=8#listItem","position":2,"name":"Wiadomo\u015bci z klubu","item":"https:\/\/zastalowcy.pl\/?cat=8","nextItem":{"@type":"ListItem","@id":"https:\/\/zastalowcy.pl\/?p=1410#listItem","name":"Zastal zaprezentuje dru\u017cyn\u0119 podczas Winobrania"},"previousItem":{"@type":"ListItem","@id":"https:\/\/zastalowcy.pl#listItem","name":"Home"}},{"@type":"ListItem","@id":"https:\/\/zastalowcy.pl\/?p=1410#listItem","position":3,"name":"Zastal zaprezentuje dru\u017cyn\u0119 podczas Winobrania","previousItem":{"@type":"ListItem","@id":"https:\/\/zastalowcy.pl\/?cat=8#listItem","name":"Wiadomo\u015bci z klubu"}}]},{"@type":"Organization","@id":"https:\/\/zastalowcy.pl\/#organization","description":"O Zastalu od kibic\u00f3w \u2013 dla kibic\u00f3w","url":"https:\/\/zastalowcy.pl\/","logo":{"@type":"ImageObject","url":"https:\/\/zastalowcy.pl\/wp-content\/uploads\/2025\/09\/cropped-logo-strony-2.png","@id":"https:\/\/zastalowcy.pl\/?p=1410\/#organizationLogo","width":1862,"height":384},"image":{"@id":"https:\/\/zastalowcy.pl\/?p=1410\/#organizationLogo"}},{"@type":"Person","@id":"https:\/\/zastalowcy.pl\/?author=3#author","url":"https:\/\/zastalowcy.pl\/?author=3","name":"Joanna Nawlicka","image":{"@type":"ImageObject","@id":"https:\/\/zastalowcy.pl\/?p=1410#authorImage","url":"https:\/\/secure.gravatar.com\/avatar\/66fc557d97536ff5096b6295970275631b7a4673997738477642001957f5274c?s=96&d=mm&r=g","width":96,"height":96,"caption":"Joanna Nawlicka"}},{"@type":"WebPage","@id":"https:\/\/zastalowcy.pl\/?p=1410#webpage","url":"https:\/\/zastalowcy.pl\/?p=1410","name":"Zastal zaprezentuje dru\u017cyn\u0119 podczas Winobrania -","description":"Zielonog\u00f3rzanie zaprezentuj\u0105 si\u0119 kibicom podczas Winobrania! W niedziel\u0119, 6 wrze\u015bnia, odb\u0119dzie si\u0119 oficjalna prezentacja dru\u017cyny Zastalu Zielona G\u00f3ra na sezon 2026\/27. Prezentacja podczas pierwszej niedzieli Winobrania Zastal wraca tym samym do tradycji prezentowania zespo\u0142u mieszka\u0144com Zielonej G\u00f3ry. B\u0119dzie to jedna z pierwszych okazji, aby kibice mogli zobaczy\u0107 na \u017cywo zawodnik\u00f3w, kt\u00f3rzy w nadchodz\u0105cym sezonie b\u0119d\u0105","inLanguage":"pl-PL","isPartOf":{"@id":"https:\/\/zastalowcy.pl\/#website"},"breadcrumb":{"@id":"https:\/\/zastalowcy.pl\/?p=1410#breadcrumblist"},"author":{"@id":"https:\/\/zastalowcy.pl\/?author=3#author"},"creator":{"@id":"https:\/\/zastalowcy.pl\/?author=3#author"},"image":{"@type":"ImageObject","url":"https:\/\/zastalowcy.pl\/wp-content\/uploads\/2026\/08\/profilowe-4-2.png","@id":"https:\/\/zastalowcy.pl\/?p=1410\/#mainImage","width":2048,"height":2048},"primaryImageOfPage":{"@id":"https:\/\/zastalowcy.pl\/?p=1410#mainImage"},"datePublished":"2026-08-19T09:05:00+02:00","dateModified":"2026-08-21T10:11:35+02:00"},{"@type":"WebSite","@id":"https:\/\/zastalowcy.pl\/#website","url":"https:\/\/zastalowcy.pl\/","description":"O Zastalu od kibic\u00f3w \u2013 dla kibic\u00f3w","inLanguage":"pl-PL","publisher":{"@id":"https:\/\/zastalowcy.pl\/#organization"}}]},"og:locale":"pl_PL","og:site_name":"- O Zastalu od kibic\u00f3w \u2013 dla kibic\u00f3w","og:type":"article","og:title":"Zastal zaprezentuje dru\u017cyn\u0119 podczas Winobrania -","og:description":"Zielonog\u00f3rzanie zaprezentuj\u0105 si\u0119 kibicom podczas Winobrania! W niedziel\u0119, 6 wrze\u015bnia, odb\u0119dzie si\u0119 oficjalna prezentacja dru\u017cyny Zastalu Zielona G\u00f3ra na sezon 2026\/27. Prezentacja podczas pierwszej niedzieli Winobrania Zastal wraca tym samym do tradycji prezentowania zespo\u0142u mieszka\u0144com Zielonej G\u00f3ry. B\u0119dzie to jedna z pierwszych okazji, aby kibice mogli zobaczy\u0107 na \u017cywo zawodnik\u00f3w, kt\u00f3rzy w nadchodz\u0105cym sezonie b\u0119d\u0105","og:url":"https:\/\/zastalowcy.pl\/?p=1410","og:image":"https:\/\/zastalowcy.pl\/wp-content\/uploads\/2025\/09\/cropped-logo-strony-2.png","og:image:secure_url":"https:\/\/zastalowcy.pl\/wp-content\/uploads\/2025\/09\/cropped-logo-strony-2.png","og:image:width":1862,"og:image:height":384,"article:published_time":"2026-08-19T07:05:00+00:00","article:modified_time":"2026-08-21T08:11:35+00:00","twitter:card":"summary_large_image","twitter:title":"Zastal zaprezentuje dru\u017cyn\u0119 podczas Winobrania -","twitter:description":"Zielonog\u00f3rzanie zaprezentuj\u0105 si\u0119 kibicom podczas Winobrania! W niedziel\u0119, 6 wrze\u015bnia, odb\u0119dzie si\u0119 oficjalna prezentacja dru\u017cyny Zastalu Zielona G\u00f3ra na sezon 2026\/27. Prezentacja podczas pierwszej niedzieli Winobrania Zastal wraca tym samym do tradycji prezentowania zespo\u0142u mieszka\u0144com Zielonej G\u00f3ry. B\u0119dzie to jedna z pierwszych okazji, aby kibice mogli zobaczy\u0107 na \u017cywo zawodnik\u00f3w, kt\u00f3rzy w nadchodz\u0105cym sezonie b\u0119d\u0105","twitter:image":"https:\/\/zastalowcy.pl\/wp-content\/uploads\/2025\/09\/cropped-logo-strony-2.png"},"aioseo_meta_data":{"post_id":"1410","title":null,"description":null,"keywords":null,"keyphrases":{"focus":{"keyphrase":"","score":0,"analysis":{"keyphraseInTitle":{"score":0,"maxScore":9,"error":1}}},"additional":[]},"primary_term":null,"canonical_url":null,"og_title":null,"og_description":null,"og_object_type":"default","og_image_type":"default","og_image_custom_url":null,"og_image_custom_fields":null,"og_image_url":null,"og_image_width":null,"og_image_height":null,"og_video":"","og_custom_url":null,"og_article_section":null,"og_article_tags":null,"twitter_use_og":false,"twitter_card":"default","twitter_image_type":"default","twitter_image_custom_url":null,"twitter_image_custom_fields":null,"twitter_image_url":null,"twitter_title":null,"twitter_description":null,"schema_type":"default","schema_type_options":null,"schema":{"blockGraphs":[],"customGraphs":[],"default":{"data":{"Article":[],"Course":[],"Dataset":[],"FAQPage":[],"Movie":[],"Person":[],"Product":[],"ProductReview":[],"Car":[],"Recipe":[],"Service":[],"SoftwareApplication":[],"WebPage":[]},"graphName":"BlogPosting","isEnabled":true},"graphs":[]},"pillar_content":false,"robots_default":true,"robots_noindex":false,"robots_noarchive":false,"robots_nosnippet":false,"robots_nofollow":false,"robots_noimageindex":false,"robots_noodp":false,"robots_notranslate":false,"robots_max_snippet":"-1","robots_max_videopreview":"-1","robots_max_imagepreview":"large","priority":null,"frequency":"default","local_seo":null,"limit_modified_date":false,"ai":{"faqs":[],"keyPoints":[],"schemas":[],"titles":[],"descriptions":[],"socialPosts":{"email":{"subject":"","preview":"","content":""},"linkedin":[],"twitter":[],"facebook":[],"instagram":[]}},"breadcrumb_settings":null,"seo_analyzer_scan_date":null,"created":"2026-08-21 08:11:35","updated":"2026-08-21 08:12:42","focus_keyword":null,"additional_keywords":null,"truseo_locale":null},"aioseo_breadcrumb":"<div class=\"aioseo-breadcrumbs\"><span class=\"aioseo-breadcrumb\">\n\t\t\t<a href=\"https:\/\/zastalowcy.pl\" title=\"Home\">Home<\/a>\n\t\t<\/span><span class=\"aioseo-breadcrumb-separator\">&raquo;<\/span><span class=\"aioseo-breadcrumb\">\n\t\t\t<a href=\"https:\/\/zastalowcy.pl\/?cat=8\" title=\"Wiadomo\u015bci z klubu\">Wiadomo\u015bci z klubu<\/a>\n\t\t<\/span><span class=\"aioseo-breadcrumb-separator\">&raquo;<\/span><span class=\"aioseo-breadcrumb\">\n\t\t\tZastal zaprezentuje dru\u017cyn\u0119 podczas Winobrania\n\t\t<\/span><\/div>","aioseo_breadcrumb_json":[{"label":"Home","link":"https:\/\/zastalowcy.pl"},{"label":"Wiadomo\u015bci z klubu","link":"https:\/\/zastalowcy.pl\/?cat=8"},{"label":"Zastal zaprezentuje dru\u017cyn\u0119 podczas Winobrania","link":"https:\/\/zastalowcy.pl\/?p=1410"}],"_links":{"self":[{"href":"https:\/\/zastalowcy.pl\/index.php?rest_route=\/wp\/v2\/posts\/1410","targetHints":{"allow":["GET"]}}],"collection":[{"href":"https:\/\/zastalowcy.pl\/index.php?rest_route=\/wp\/v2\/posts"}],"about":[{"href":"https:\/\/zastalowcy.pl\/index.php?rest_route=\/wp\/v2\/types\/post"}],"author":[{"embeddable":true,"href":"https:\/\/zastalowcy.pl\/index.php?rest_route=\/wp\/v2\/users\/3"}],"replies":[{"embeddable":true,"href":"https:\/\/zastalowcy.pl\/index.php?rest_route=%2Fwp%2Fv2%2Fcomments&post=1410"}],"version-history":[{"count":1,"href":"https:\/\/zastalowcy.pl\/index.php?rest_route=\/wp\/v2\/posts\/1410\/revisions"}],"predecessor-version":[{"id":1412,"href":"https:\/\/zastalowcy.pl\/index.php?rest_route=\/wp\/v2\/posts\/1410\/revisions\/1412"}],"wp:featuredmedia":[{"embeddable":true,"href":"https:\/\/zastalowcy.pl\/index.php?rest_route=\/wp\/v2\/media\/1411"}],"wp:attachment":[{"href":"https:\/\/zastalowcy.pl\/index.php?rest_route=%2Fwp%2Fv2%2Fmedia&parent=1410"}],"wp:term":[{"taxonomy":"category","embeddable":true,"href":"https:\/\/zastalowcy.pl\/index.php?rest_route=%2Fwp%2Fv2%2Fcategories&post=1410"},{"taxonomy":"post_tag","embeddable":true,"href":"https:\/\/zastalowcy.pl\/index.php?rest_route=%2Fwp%2Fv2%2Ftags&post=1410"}],"curies":[{"name":"wp","href":"https:\/\/api.w.org\/{rel}","templated":true}]}}