{"id":1418,"date":"2026-08-24T14:29:39","date_gmt":"2026-08-24T12:29:39","guid":{"rendered":"https:\/\/zastalowcy.pl\/?p=1418"},"modified":"2026-08-24T14:29:40","modified_gmt":"2026-08-24T12:29:40","slug":"andy-mazurczak-chcemy-zrobic-jak-najlepsza-robote-w-pucharach-i-pokazac-sie-z-dobrej-strony","status":"publish","type":"post","link":"https:\/\/zastalowcy.pl\/?p=1418","title":{"rendered":"Andy Mazurczak: \u201eChcemy zrobi\u0107 jak najlepsz\u0105 robot\u0119 w pucharach i pokaza\u0107 si\u0119 z dobrej strony\u201d"},"content":{"rendered":"\n<p class=\"wp-block-paragraph\">Zastal Zielona G\u00f3ra w poprzednim tygodniu rozpocz\u0105\u0142 przygotowania do kolejnych rozgrywek. W poniedzia\u0142ek, 24 sierpnia odby\u0142 si\u0119 pierwszy media day, podczas kt\u00f3rego mieli\u015bmy okazj\u0119 porozmawia\u0107 z Andym Mazurczakiem. Rozgrywaj\u0105cy Zastalu opowiedzia\u0142 nam o wakacjach, nowych zawodnikach, celach zespo\u0142u, europejskich pucharach oraz o tym, co jego zdaniem by\u0142o jednym z najwi\u0119kszych sukces\u00f3w poprzedniego sezonu.<\/p>\n\n\n\n<p class=\"wp-block-paragraph\"><strong>Asia Nawlicka,<\/strong> <strong>Zastalowcy.pl:<\/strong> Andy, jak min\u0119\u0142y Ci wakacje? W Twoim \u017cyciu troch\u0119 si\u0119 zmieni\u0142o.<\/p>\n\n\n\n<p class=\"wp-block-paragraph\"><strong>Andy Mazurczak, zawodnik Zastalu Zielona G\u00f3ra:<\/strong> Wakacje by\u0142y super. Oczywi\u015bcie sp\u0119dzi\u0142em czas z rodzin\u0105 i kolegami, a tak\u017ce wyjecha\u0142em na wakacje z (obecnie \u2013 przyp. red.) narzeczon\u0105. Jeste\u015bmy bardzo szcz\u0119\u015bliwi z kolejnego kroku w naszym \u017cyciu.<\/p>\n\n\n\n<p class=\"wp-block-paragraph\"><strong><strong>Asia Nawlicka<\/strong>:<\/strong> Uda\u0142o Ci si\u0119 troch\u0119 odpocz\u0105\u0107 przed rozpocz\u0119ciem przygotowa\u0144?<\/p>\n\n\n\n<p class=\"wp-block-paragraph\"><strong>Andy Mazurczak:<\/strong> Tak, by\u0142em w domu w Chicago, gdzie sp\u0119dza\u0142em czas z rodzicami, narzeczon\u0105, a tak\u017ce uda\u0142o nam si\u0119 polecie\u0107 do Nowego Jorku. Tam mieli\u015bmy bardziej aktywny czas, bo przez tydzie\u0144 bardzo du\u017co chodzili\u015bmy. W Chicago natomiast by\u0142o spokojniej \u2013 treningi, rodzina i spotkania z kolegami, kt\u00f3rych nie widzia\u0142em przez ca\u0142y sezon.<\/p>\n\n\n\n<p class=\"wp-block-paragraph\"><strong><strong>Asia Nawlicka<\/strong><\/strong>: Przed Wami wyj\u0105tkowy sezon. Nie tylko kolejna walka w Polskiej Lidze Koszyk\u00f3wki, ale r\u00f3wnie\u017c europejskie puchary. Jakie cele stawiacie sobie jako zesp\u00f3\u0142? Czy kolejny raz czeka nas a\u017c 7 mecz\u00f3w w fina\u0142ach?<\/p>\n\n\n\n<p class=\"wp-block-paragraph\"><strong>Andy Mazurczak:<\/strong> Oby tak, oby tak! (\u015bmiech) Teraz mamy jednak du\u017ce wyzwanie. Gramy w pucharach i to nie tylko dla nas, dla zespo\u0142u i ca\u0142ego miasta czy klubu, ale r\u00f3wnie\u017c dla polskiej koszyk\u00f3wki. Wiemy, \u017ce te puchary nie zawsze wygl\u0105da\u0142y super dla polskiej koszyk\u00f3wki, wi\u0119c chcemy zrobi\u0107 jak najlepsz\u0105 robot\u0119, wygrywa\u0107 jak najwi\u0119cej mecz\u00f3w i pokaza\u0107 si\u0119 z dobrej strony. Oczywi\u015bcie, chcemy te\u017c dobrze zaprezentowa\u0107 si\u0119 w lidze i utrzyma\u0107 to, co zrobili\u015bmy w zesz\u0142ym roku, najlepiej jak najd\u0142u\u017cej. My\u015bl\u0119, \u017ce fina\u0142y i wicemistrzostwo by\u0142y du\u017cym sukcesem, ale dla ca\u0142ego klubu najwi\u0119kszym sukcesem by\u0142a te\u017c frekwencja, kt\u00f3r\u0105 mieli\u015bmy w zesz\u0142ym sezonie. Chyba sko\u0144czyli\u015bmy na pierwszym miejscu w ca\u0142ej lidze. Chcemy to utrzyma\u0107 i najlepiej ju\u017c od pierwszego meczu zape\u0142nia\u0107 ca\u0142\u0105 hal\u0119. \u017beby to zrobi\u0107, musimy gra\u0107 fajn\u0105 koszyk\u00f3wk\u0119 i na pewno b\u0119dziemy si\u0119 starali robi\u0107 to od pocz\u0105tku. Zobaczymy, co b\u0119dzie. Na pewno b\u0119dzie to d\u0142ugi proces, ale wiemy, \u017ce efekty mog\u0105 przyj\u015b\u0107 p\u00f3\u017aniej. I to te\u017c jest wa\u017cne.<\/p>\n\n\n\n<figure class=\"wp-block-image size-large\"><img loading=\"lazy\" decoding=\"async\" width=\"1024\" height=\"683\" src=\"https:\/\/zastalowcy.pl\/wp-content\/uploads\/2026\/08\/IMG_5999-1024x683.jpg\" alt=\"\" class=\"wp-image-1419\" srcset=\"https:\/\/zastalowcy.pl\/wp-content\/uploads\/2026\/08\/IMG_5999-1024x683.jpg 1024w, https:\/\/zastalowcy.pl\/wp-content\/uploads\/2026\/08\/IMG_5999-300x200.jpg 300w, https:\/\/zastalowcy.pl\/wp-content\/uploads\/2026\/08\/IMG_5999-768x512.jpg 768w, https:\/\/zastalowcy.pl\/wp-content\/uploads\/2026\/08\/IMG_5999-1536x1024.jpg 1536w, https:\/\/zastalowcy.pl\/wp-content\/uploads\/2026\/08\/IMG_5999-2048x1365.jpg 2048w\" sizes=\"auto, (max-width: 1024px) 100vw, 1024px\" \/><figcaption class=\"wp-element-caption\">fot. Joanna Nawlicka<\/figcaption><\/figure>\n\n\n\n<p class=\"wp-block-paragraph\"><strong><strong>Asia Nawlicka<\/strong>:<\/strong> W dru\u017cynie pojawi\u0142o si\u0119 kilku nowych zawodnik\u00f3w, ale s\u0105 te\u017c tacy, kt\u00f3rzy do nas wr\u00f3cili. Sp\u0119dzi\u0142e\u015b z nimi ju\u017c troch\u0119 czasu. Jak oceniasz t\u0119 now\u0105 grup\u0119?<\/p>\n\n\n\n<p class=\"wp-block-paragraph\"><strong>Andy Mazurczak:<\/strong> My\u015bl\u0119, \u017ce ka\u017cdy, kto tutaj przyjecha\u0142, zna histori\u0119 tego, co zrobili\u015bmy w zesz\u0142ym roku. Wie, do jakiego klubu i do jakiego miasta przyjecha\u0142, a tak\u017ce wie, jacy s\u0105 nasi kibice i jaka jest hala. Nie chc\u0119 m\u00f3wi\u0107 tak, jak ka\u017cda dru\u017cyna na ca\u0142ym \u015bwiecie, \u017ce mamy \u015bwietn\u0105 grup\u0119, a za kilka miesi\u0119cy mo\u017ce si\u0119 okaza\u0107, \u017ce jest inaczej, ale naprawd\u0119 my\u015bl\u0119, \u017ce wszyscy, kt\u00f3rzy tutaj przyjechali, s\u0105 pozytywnie nastawieni. Nawet ci, kt\u00f3rzy grali tutaj wcze\u015bniej, wiedz\u0105, jak tutaj jest. Gdyby im si\u0119 nie podoba\u0142o, chyba nie podpisaliby kontraktu po raz drugi. Nowi zawodnicy te\u017c od razu si\u0119 do nas do\u0142\u0105czyli. Powoli si\u0119 otwieraj\u0105, bo dla nich jest to nowa sytuacja, ale my\u015bl\u0119, \u017ce w tym roku, por\u00f3wnuj\u0105c do zesz\u0142ego, mo\u017ce by\u0107 nam troch\u0119 \u0142atwiej, skoro mamy wielu zawodnik\u00f3w, kt\u00f3rzy zostali. To jednak ca\u0142y czas jest proces. B\u0119dziemy budowa\u0107 t\u0119 chemi\u0119 i robi\u0107 wszystko, \u017ceby\u015bmy czuli si\u0119 dobrze nie tylko na parkiecie, ale r\u00f3wnie\u017c poza nim. Chcemy, \u017ceby ka\u017cdy przychodzi\u0142 na trening z u\u015bmiechem na twarzy, bo to te\u017c jest wa\u017cne. Jeste\u015bmy tutaj przez dziesi\u0119\u0107 miesi\u0119cy, wi\u0119c lepiej by\u0107 zadowolonym z siebie ni\u017c nie. To na pewno u\u0142atwia prac\u0119 na parkiecie, bo po to tutaj jeste\u015bmy \u2013 \u017ceby gra\u0107 w koszyk\u00f3wk\u0119. Ale oczywi\u015bcie wa\u017cne jest te\u017c budowanie relacji, kt\u00f3re pomog\u0105 nam osi\u0105gn\u0105\u0107 jak najwi\u0119cej sukces\u00f3w w sezonie.<\/p>\n\n\n\n<p class=\"wp-block-paragraph\"><strong><strong>Asia Nawlicka<\/strong>:<\/strong> W poprzednim sezonie kibice mogli wielokrotnie ogl\u0105da\u0107 Was razem na parkiecie z Conley&#8217;em Garrisonem. Bywa\u0142y momenty, kiedy Zastal z Wami dwoma na parkiecie by\u0142 naprawd\u0119 trudny do zatrzymania. Teraz CG zostaje w Zielonej G\u00f3rze. Macie zamiar to powt\u00f3rzy\u0107?<\/p>\n\n\n\n<p class=\"wp-block-paragraph\"><strong>Andy Mazurczak:<\/strong> Tak, mam nadziej\u0119, \u017ce oczywi\u015bcie uda nam si\u0119 to powt\u00f3rzy\u0107, a nawet zrobi\u0107 to lepiej ni\u017c w zesz\u0142ym roku. Bardzo si\u0119 ciesz\u0119 z tego, \u017ce CG i jego ca\u0142a rodzina znowu podpisali tutaj kontrakt. To \u015bwietny cz\u0142owiek i \u015bwietna rodzina. Daje du\u017co siebie nie tylko dla siebie, ale dla ca\u0142ej dru\u017cyny i klubu. Chce wygrywa\u0107 i to jest najwa\u017cniejsze. Jestem bardzo dumny z niego i z tego, jak przeszed\u0142 przez ca\u0142y poprzedni sezon. Super, \u017ce jest z nami. My\u015bl\u0119, \u017ce nie tylko ja i nie tylko klub, ale wszyscy s\u0105 zadowoleni, \u017ce zostaje. Wiemy, co mamy robi\u0107, \u017ceby wygrywa\u0107. Filip, Mi\u0142osz, Suli i inni zawodnicy te\u017c znaj\u0105 te emocje, kt\u00f3re by\u0142y jeszcze dwa miesi\u0105ce temu. Chcemy to powt\u00f3rzy\u0107, ale tak jak m\u00f3wi\u0119 \u2013 to b\u0119dzie proces. Na spokojnie. B\u0119dziemy robi\u0107 wszystko dzie\u0144 po dniu, \u017ceby wygl\u0105da\u0142o to jak najlepiej.<\/p>\n\n\n\n<p class=\"wp-block-paragraph\">\ud83c\udfc0 Zastalowcy.pl \u2013 o Zastalu od kibic\u00f3w \u2013 dla kibic\u00f3w<\/p>\n","protected":false},"excerpt":{"rendered":"<p>Zastal Zielona G\u00f3ra w poprzednim tygodniu rozpocz\u0105\u0142 przygotowania do kolejnych rozgrywek. W poniedzia\u0142ek, 24 sierpnia odby\u0142 si\u0119 pierwszy<\/p>\n","protected":false},"author":3,"featured_media":1420,"comment_status":"open","ping_status":"open","sticky":false,"template":"","format":"standard","meta":{"om_disable_all_campaigns":false,"footnotes":""},"categories":[18,373,380,367,407],"tags":[126,125,17,26,15,22,12,14,42,11,10,16],"class_list":["post-1418","post","type-post","status-publish","format-standard","has-post-thumbnail","hentry","category-aktualnosci","category-fiba-europe-cup","category-polska-liga-koszykowki","category-sezon-2026-2027","category-wywiady","tag-andrzej-mazurczak","tag-andy-mazurczak","tag-basketzg","tag-druzyna","tag-koszykowka","tag-mazurczak","tag-zastal","tag-zastal-zielona-gora","tag-zastalowcy","tag-zielona-gora","tag-zielonagora","tag-zielonogorska-koszykowka"],"aioseo_notices":[],"aioseo_head":"\n\t\t<!-- All in One SEO 5.0.0.1 - aioseo.com -->\n\t<meta name=\"description\" content=\"Zastal Zielona G\u00f3ra w poprzednim tygodniu rozpocz\u0105\u0142 przygotowania do kolejnych rozgrywek. W poniedzia\u0142ek, 24 sierpnia odby\u0142 si\u0119 pierwszy media day, podczas kt\u00f3rego mieli\u015bmy okazj\u0119 porozmawia\u0107 z Andym Mazurczakiem. Rozgrywaj\u0105cy Zastalu opowiedzia\u0142 nam o wakacjach, nowych zawodnikach, celach zespo\u0142u, europejskich pucharach oraz o tym, co jego zdaniem by\u0142o jednym z najwi\u0119kszych sukces\u00f3w poprzedniego sezonu. Asia Nawlicka,\" \/>\n\t<meta name=\"robots\" content=\"max-image-preview:large\" \/>\n\t<meta name=\"author\" content=\"Joanna Nawlicka\"\/>\n\t<link rel=\"canonical\" href=\"https:\/\/zastalowcy.pl\/?p=1418\" \/>\n\t<meta name=\"generator\" content=\"All in One SEO (AIOSEO) 5.0.0.1\" \/>\n\t\t<meta property=\"og:locale\" content=\"pl_PL\" \/>\n\t\t<meta property=\"og:site_name\" content=\"- O Zastalu od kibic\u00f3w \u2013 dla kibic\u00f3w\" \/>\n\t\t<meta property=\"og:type\" content=\"article\" \/>\n\t\t<meta property=\"og:title\" content=\"Andy Mazurczak: \u201eChcemy zrobi\u0107 jak najlepsz\u0105 robot\u0119 w pucharach i pokaza\u0107 si\u0119 z dobrej strony\u201d -\" \/>\n\t\t<meta property=\"og:description\" content=\"Zastal Zielona G\u00f3ra w poprzednim tygodniu rozpocz\u0105\u0142 przygotowania do kolejnych rozgrywek. W poniedzia\u0142ek, 24 sierpnia odby\u0142 si\u0119 pierwszy media day, podczas kt\u00f3rego mieli\u015bmy okazj\u0119 porozmawia\u0107 z Andym Mazurczakiem. Rozgrywaj\u0105cy Zastalu opowiedzia\u0142 nam o wakacjach, nowych zawodnikach, celach zespo\u0142u, europejskich pucharach oraz o tym, co jego zdaniem by\u0142o jednym z najwi\u0119kszych sukces\u00f3w poprzedniego sezonu. Asia Nawlicka,\" \/>\n\t\t<meta property=\"og:url\" content=\"https:\/\/zastalowcy.pl\/?p=1418\" \/>\n\t\t<meta property=\"og:image\" content=\"https:\/\/zastalowcy.pl\/wp-content\/uploads\/2025\/09\/cropped-logo-strony-2.png\" \/>\n\t\t<meta property=\"og:image:secure_url\" content=\"https:\/\/zastalowcy.pl\/wp-content\/uploads\/2025\/09\/cropped-logo-strony-2.png\" \/>\n\t\t<meta property=\"og:image:width\" content=\"1862\" \/>\n\t\t<meta property=\"og:image:height\" content=\"384\" \/>\n\t\t<meta property=\"article:published_time\" content=\"2026-08-24T12:29:39+00:00\" \/>\n\t\t<meta property=\"article:modified_time\" content=\"2026-08-24T12:29:40+00:00\" \/>\n\t\t<meta name=\"twitter:card\" content=\"summary_large_image\" \/>\n\t\t<meta name=\"twitter:title\" content=\"Andy Mazurczak: \u201eChcemy zrobi\u0107 jak najlepsz\u0105 robot\u0119 w pucharach i pokaza\u0107 si\u0119 z dobrej strony\u201d -\" \/>\n\t\t<meta name=\"twitter:description\" content=\"Zastal Zielona G\u00f3ra w poprzednim tygodniu rozpocz\u0105\u0142 przygotowania do kolejnych rozgrywek. W poniedzia\u0142ek, 24 sierpnia odby\u0142 si\u0119 pierwszy media day, podczas kt\u00f3rego mieli\u015bmy okazj\u0119 porozmawia\u0107 z Andym Mazurczakiem. Rozgrywaj\u0105cy Zastalu opowiedzia\u0142 nam o wakacjach, nowych zawodnikach, celach zespo\u0142u, europejskich pucharach oraz o tym, co jego zdaniem by\u0142o jednym z najwi\u0119kszych sukces\u00f3w poprzedniego sezonu. Asia Nawlicka,\" \/>\n\t\t<meta name=\"twitter:image\" content=\"https:\/\/zastalowcy.pl\/wp-content\/uploads\/2025\/09\/cropped-logo-strony-2.png\" \/>\n\t\t<script type=\"application\/ld+json\" class=\"aioseo-schema\">\n\t\t\t{\"@context\":\"https:\\\/\\\/schema.org\",\"@graph\":[{\"@type\":\"BlogPosting\",\"@id\":\"https:\\\/\\\/zastalowcy.pl\\\/?p=1418#blogposting\",\"name\":\"Andy Mazurczak: \\u201eChcemy zrobi\\u0107 jak najlepsz\\u0105 robot\\u0119 w pucharach i pokaza\\u0107 si\\u0119 z dobrej strony\\u201d -\",\"headline\":\"Andy Mazurczak: \\u201eChcemy zrobi\\u0107 jak najlepsz\\u0105 robot\\u0119 w pucharach i pokaza\\u0107 si\\u0119 z dobrej strony\\u201d\",\"author\":{\"@id\":\"https:\\\/\\\/zastalowcy.pl\\\/?author=3#author\"},\"publisher\":{\"@id\":\"https:\\\/\\\/zastalowcy.pl\\\/#organization\"},\"image\":{\"@type\":\"ImageObject\",\"url\":\"https:\\\/\\\/zastalowcy.pl\\\/wp-content\\\/uploads\\\/2026\\\/08\\\/profilowe-6.png\",\"width\":2048,\"height\":2048},\"datePublished\":\"2026-08-24T14:29:39+02:00\",\"dateModified\":\"2026-08-24T14:29:40+02:00\",\"inLanguage\":\"pl-PL\",\"mainEntityOfPage\":{\"@id\":\"https:\\\/\\\/zastalowcy.pl\\\/?p=1418#webpage\"},\"isPartOf\":{\"@id\":\"https:\\\/\\\/zastalowcy.pl\\\/?p=1418#webpage\"},\"articleSection\":\"Aktualno\\u015bci, FIBA Europe Cup, Polska Liga Koszyk\\u00f3wki, Sezon 2026\\\/2027, Wywiady, andrzej mazurczak, andy mazurczak, basketzg, dru\\u017cyna, koszyk\\u00f3wka, mazurczak, zastal, zastal zielona g\\u00f3ra, zastalowcy, zielona g\\u00f3ra, zielonagora, zielonog\\u00f3rska koszyk\\u00f3wka\"},{\"@type\":\"BreadcrumbList\",\"@id\":\"https:\\\/\\\/zastalowcy.pl\\\/?p=1418#breadcrumblist\",\"itemListElement\":[{\"@type\":\"ListItem\",\"@id\":\"https:\\\/\\\/zastalowcy.pl#listItem\",\"position\":1,\"name\":\"Home\",\"item\":\"https:\\\/\\\/zastalowcy.pl\",\"nextItem\":{\"@type\":\"ListItem\",\"@id\":\"https:\\\/\\\/zastalowcy.pl\\\/?cat=18#listItem\",\"name\":\"Aktualno\\u015bci\"}},{\"@type\":\"ListItem\",\"@id\":\"https:\\\/\\\/zastalowcy.pl\\\/?cat=18#listItem\",\"position\":2,\"name\":\"Aktualno\\u015bci\",\"item\":\"https:\\\/\\\/zastalowcy.pl\\\/?cat=18\",\"nextItem\":{\"@type\":\"ListItem\",\"@id\":\"https:\\\/\\\/zastalowcy.pl\\\/?p=1418#listItem\",\"name\":\"Andy Mazurczak: \\u201eChcemy zrobi\\u0107 jak najlepsz\\u0105 robot\\u0119 w pucharach i pokaza\\u0107 si\\u0119 z dobrej strony\\u201d\"},\"previousItem\":{\"@type\":\"ListItem\",\"@id\":\"https:\\\/\\\/zastalowcy.pl#listItem\",\"name\":\"Home\"}},{\"@type\":\"ListItem\",\"@id\":\"https:\\\/\\\/zastalowcy.pl\\\/?p=1418#listItem\",\"position\":3,\"name\":\"Andy Mazurczak: \\u201eChcemy zrobi\\u0107 jak najlepsz\\u0105 robot\\u0119 w pucharach i pokaza\\u0107 si\\u0119 z dobrej strony\\u201d\",\"previousItem\":{\"@type\":\"ListItem\",\"@id\":\"https:\\\/\\\/zastalowcy.pl\\\/?cat=18#listItem\",\"name\":\"Aktualno\\u015bci\"}}]},{\"@type\":\"Organization\",\"@id\":\"https:\\\/\\\/zastalowcy.pl\\\/#organization\",\"description\":\"O Zastalu od kibic\\u00f3w \\u2013 dla kibic\\u00f3w\",\"url\":\"https:\\\/\\\/zastalowcy.pl\\\/\",\"logo\":{\"@type\":\"ImageObject\",\"url\":\"https:\\\/\\\/zastalowcy.pl\\\/wp-content\\\/uploads\\\/2025\\\/09\\\/cropped-logo-strony-2.png\",\"@id\":\"https:\\\/\\\/zastalowcy.pl\\\/?p=1418\\\/#organizationLogo\",\"width\":1862,\"height\":384},\"image\":{\"@id\":\"https:\\\/\\\/zastalowcy.pl\\\/?p=1418\\\/#organizationLogo\"}},{\"@type\":\"Person\",\"@id\":\"https:\\\/\\\/zastalowcy.pl\\\/?author=3#author\",\"url\":\"https:\\\/\\\/zastalowcy.pl\\\/?author=3\",\"name\":\"Joanna Nawlicka\",\"image\":{\"@type\":\"ImageObject\",\"@id\":\"https:\\\/\\\/zastalowcy.pl\\\/?p=1418#authorImage\",\"url\":\"https:\\\/\\\/secure.gravatar.com\\\/avatar\\\/66fc557d97536ff5096b6295970275631b7a4673997738477642001957f5274c?s=96&d=mm&r=g\",\"width\":96,\"height\":96,\"caption\":\"Joanna Nawlicka\"}},{\"@type\":\"WebPage\",\"@id\":\"https:\\\/\\\/zastalowcy.pl\\\/?p=1418#webpage\",\"url\":\"https:\\\/\\\/zastalowcy.pl\\\/?p=1418\",\"name\":\"Andy Mazurczak: \\u201eChcemy zrobi\\u0107 jak najlepsz\\u0105 robot\\u0119 w pucharach i pokaza\\u0107 si\\u0119 z dobrej strony\\u201d -\",\"description\":\"Zastal Zielona G\\u00f3ra w poprzednim tygodniu rozpocz\\u0105\\u0142 przygotowania do kolejnych rozgrywek. W poniedzia\\u0142ek, 24 sierpnia odby\\u0142 si\\u0119 pierwszy media day, podczas kt\\u00f3rego mieli\\u015bmy okazj\\u0119 porozmawia\\u0107 z Andym Mazurczakiem. Rozgrywaj\\u0105cy Zastalu opowiedzia\\u0142 nam o wakacjach, nowych zawodnikach, celach zespo\\u0142u, europejskich pucharach oraz o tym, co jego zdaniem by\\u0142o jednym z najwi\\u0119kszych sukces\\u00f3w poprzedniego sezonu. Asia Nawlicka,\",\"inLanguage\":\"pl-PL\",\"isPartOf\":{\"@id\":\"https:\\\/\\\/zastalowcy.pl\\\/#website\"},\"breadcrumb\":{\"@id\":\"https:\\\/\\\/zastalowcy.pl\\\/?p=1418#breadcrumblist\"},\"author\":{\"@id\":\"https:\\\/\\\/zastalowcy.pl\\\/?author=3#author\"},\"creator\":{\"@id\":\"https:\\\/\\\/zastalowcy.pl\\\/?author=3#author\"},\"image\":{\"@type\":\"ImageObject\",\"url\":\"https:\\\/\\\/zastalowcy.pl\\\/wp-content\\\/uploads\\\/2026\\\/08\\\/profilowe-6.png\",\"@id\":\"https:\\\/\\\/zastalowcy.pl\\\/?p=1418\\\/#mainImage\",\"width\":2048,\"height\":2048},\"primaryImageOfPage\":{\"@id\":\"https:\\\/\\\/zastalowcy.pl\\\/?p=1418#mainImage\"},\"datePublished\":\"2026-08-24T14:29:39+02:00\",\"dateModified\":\"2026-08-24T14:29:40+02:00\"},{\"@type\":\"WebSite\",\"@id\":\"https:\\\/\\\/zastalowcy.pl\\\/#website\",\"url\":\"https:\\\/\\\/zastalowcy.pl\\\/\",\"description\":\"O Zastalu od kibic\\u00f3w \\u2013 dla kibic\\u00f3w\",\"inLanguage\":\"pl-PL\",\"publisher\":{\"@id\":\"https:\\\/\\\/zastalowcy.pl\\\/#organization\"}}]}\n\t\t<\/script>\n\t\t<!-- All in One SEO -->\n\n","aioseo_head_json":{"title":"Andy Mazurczak: \u201eChcemy zrobi\u0107 jak najlepsz\u0105 robot\u0119 w pucharach i pokaza\u0107 si\u0119 z dobrej strony\u201d -","description":"Zastal Zielona G\u00f3ra w poprzednim tygodniu rozpocz\u0105\u0142 przygotowania do kolejnych rozgrywek. W poniedzia\u0142ek, 24 sierpnia odby\u0142 si\u0119 pierwszy media day, podczas kt\u00f3rego mieli\u015bmy okazj\u0119 porozmawia\u0107 z Andym Mazurczakiem. Rozgrywaj\u0105cy Zastalu opowiedzia\u0142 nam o wakacjach, nowych zawodnikach, celach zespo\u0142u, europejskich pucharach oraz o tym, co jego zdaniem by\u0142o jednym z najwi\u0119kszych sukces\u00f3w poprzedniego sezonu. Asia Nawlicka,","canonical_url":"https:\/\/zastalowcy.pl\/?p=1418","robots":"max-image-preview:large","keywords":"","webmasterTools":{"miscellaneous":""},"schema":{"@context":"https:\/\/schema.org","@graph":[{"@type":"BlogPosting","@id":"https:\/\/zastalowcy.pl\/?p=1418#blogposting","name":"Andy Mazurczak: \u201eChcemy zrobi\u0107 jak najlepsz\u0105 robot\u0119 w pucharach i pokaza\u0107 si\u0119 z dobrej strony\u201d -","headline":"Andy Mazurczak: \u201eChcemy zrobi\u0107 jak najlepsz\u0105 robot\u0119 w pucharach i pokaza\u0107 si\u0119 z dobrej strony\u201d","author":{"@id":"https:\/\/zastalowcy.pl\/?author=3#author"},"publisher":{"@id":"https:\/\/zastalowcy.pl\/#organization"},"image":{"@type":"ImageObject","url":"https:\/\/zastalowcy.pl\/wp-content\/uploads\/2026\/08\/profilowe-6.png","width":2048,"height":2048},"datePublished":"2026-08-24T14:29:39+02:00","dateModified":"2026-08-24T14:29:40+02:00","inLanguage":"pl-PL","mainEntityOfPage":{"@id":"https:\/\/zastalowcy.pl\/?p=1418#webpage"},"isPartOf":{"@id":"https:\/\/zastalowcy.pl\/?p=1418#webpage"},"articleSection":"Aktualno\u015bci, FIBA Europe Cup, Polska Liga Koszyk\u00f3wki, Sezon 2026\/2027, Wywiady, andrzej mazurczak, andy mazurczak, basketzg, dru\u017cyna, koszyk\u00f3wka, mazurczak, zastal, zastal zielona g\u00f3ra, zastalowcy, zielona g\u00f3ra, zielonagora, zielonog\u00f3rska koszyk\u00f3wka"},{"@type":"BreadcrumbList","@id":"https:\/\/zastalowcy.pl\/?p=1418#breadcrumblist","itemListElement":[{"@type":"ListItem","@id":"https:\/\/zastalowcy.pl#listItem","position":1,"name":"Home","item":"https:\/\/zastalowcy.pl","nextItem":{"@type":"ListItem","@id":"https:\/\/zastalowcy.pl\/?cat=18#listItem","name":"Aktualno\u015bci"}},{"@type":"ListItem","@id":"https:\/\/zastalowcy.pl\/?cat=18#listItem","position":2,"name":"Aktualno\u015bci","item":"https:\/\/zastalowcy.pl\/?cat=18","nextItem":{"@type":"ListItem","@id":"https:\/\/zastalowcy.pl\/?p=1418#listItem","name":"Andy Mazurczak: \u201eChcemy zrobi\u0107 jak najlepsz\u0105 robot\u0119 w pucharach i pokaza\u0107 si\u0119 z dobrej strony\u201d"},"previousItem":{"@type":"ListItem","@id":"https:\/\/zastalowcy.pl#listItem","name":"Home"}},{"@type":"ListItem","@id":"https:\/\/zastalowcy.pl\/?p=1418#listItem","position":3,"name":"Andy Mazurczak: \u201eChcemy zrobi\u0107 jak najlepsz\u0105 robot\u0119 w pucharach i pokaza\u0107 si\u0119 z dobrej strony\u201d","previousItem":{"@type":"ListItem","@id":"https:\/\/zastalowcy.pl\/?cat=18#listItem","name":"Aktualno\u015bci"}}]},{"@type":"Organization","@id":"https:\/\/zastalowcy.pl\/#organization","description":"O Zastalu od kibic\u00f3w \u2013 dla kibic\u00f3w","url":"https:\/\/zastalowcy.pl\/","logo":{"@type":"ImageObject","url":"https:\/\/zastalowcy.pl\/wp-content\/uploads\/2025\/09\/cropped-logo-strony-2.png","@id":"https:\/\/zastalowcy.pl\/?p=1418\/#organizationLogo","width":1862,"height":384},"image":{"@id":"https:\/\/zastalowcy.pl\/?p=1418\/#organizationLogo"}},{"@type":"Person","@id":"https:\/\/zastalowcy.pl\/?author=3#author","url":"https:\/\/zastalowcy.pl\/?author=3","name":"Joanna Nawlicka","image":{"@type":"ImageObject","@id":"https:\/\/zastalowcy.pl\/?p=1418#authorImage","url":"https:\/\/secure.gravatar.com\/avatar\/66fc557d97536ff5096b6295970275631b7a4673997738477642001957f5274c?s=96&d=mm&r=g","width":96,"height":96,"caption":"Joanna Nawlicka"}},{"@type":"WebPage","@id":"https:\/\/zastalowcy.pl\/?p=1418#webpage","url":"https:\/\/zastalowcy.pl\/?p=1418","name":"Andy Mazurczak: \u201eChcemy zrobi\u0107 jak najlepsz\u0105 robot\u0119 w pucharach i pokaza\u0107 si\u0119 z dobrej strony\u201d -","description":"Zastal Zielona G\u00f3ra w poprzednim tygodniu rozpocz\u0105\u0142 przygotowania do kolejnych rozgrywek. W poniedzia\u0142ek, 24 sierpnia odby\u0142 si\u0119 pierwszy media day, podczas kt\u00f3rego mieli\u015bmy okazj\u0119 porozmawia\u0107 z Andym Mazurczakiem. Rozgrywaj\u0105cy Zastalu opowiedzia\u0142 nam o wakacjach, nowych zawodnikach, celach zespo\u0142u, europejskich pucharach oraz o tym, co jego zdaniem by\u0142o jednym z najwi\u0119kszych sukces\u00f3w poprzedniego sezonu. Asia Nawlicka,","inLanguage":"pl-PL","isPartOf":{"@id":"https:\/\/zastalowcy.pl\/#website"},"breadcrumb":{"@id":"https:\/\/zastalowcy.pl\/?p=1418#breadcrumblist"},"author":{"@id":"https:\/\/zastalowcy.pl\/?author=3#author"},"creator":{"@id":"https:\/\/zastalowcy.pl\/?author=3#author"},"image":{"@type":"ImageObject","url":"https:\/\/zastalowcy.pl\/wp-content\/uploads\/2026\/08\/profilowe-6.png","@id":"https:\/\/zastalowcy.pl\/?p=1418\/#mainImage","width":2048,"height":2048},"primaryImageOfPage":{"@id":"https:\/\/zastalowcy.pl\/?p=1418#mainImage"},"datePublished":"2026-08-24T14:29:39+02:00","dateModified":"2026-08-24T14:29:40+02:00"},{"@type":"WebSite","@id":"https:\/\/zastalowcy.pl\/#website","url":"https:\/\/zastalowcy.pl\/","description":"O Zastalu od kibic\u00f3w \u2013 dla kibic\u00f3w","inLanguage":"pl-PL","publisher":{"@id":"https:\/\/zastalowcy.pl\/#organization"}}]},"og:locale":"pl_PL","og:site_name":"- O Zastalu od kibic\u00f3w \u2013 dla kibic\u00f3w","og:type":"article","og:title":"Andy Mazurczak: \u201eChcemy zrobi\u0107 jak najlepsz\u0105 robot\u0119 w pucharach i pokaza\u0107 si\u0119 z dobrej strony\u201d -","og:description":"Zastal Zielona G\u00f3ra w poprzednim tygodniu rozpocz\u0105\u0142 przygotowania do kolejnych rozgrywek. W poniedzia\u0142ek, 24 sierpnia odby\u0142 si\u0119 pierwszy media day, podczas kt\u00f3rego mieli\u015bmy okazj\u0119 porozmawia\u0107 z Andym Mazurczakiem. Rozgrywaj\u0105cy Zastalu opowiedzia\u0142 nam o wakacjach, nowych zawodnikach, celach zespo\u0142u, europejskich pucharach oraz o tym, co jego zdaniem by\u0142o jednym z najwi\u0119kszych sukces\u00f3w poprzedniego sezonu. Asia Nawlicka,","og:url":"https:\/\/zastalowcy.pl\/?p=1418","og:image":"https:\/\/zastalowcy.pl\/wp-content\/uploads\/2025\/09\/cropped-logo-strony-2.png","og:image:secure_url":"https:\/\/zastalowcy.pl\/wp-content\/uploads\/2025\/09\/cropped-logo-strony-2.png","og:image:width":1862,"og:image:height":384,"article:published_time":"2026-08-24T12:29:39+00:00","article:modified_time":"2026-08-24T12:29:40+00:00","twitter:card":"summary_large_image","twitter:title":"Andy Mazurczak: \u201eChcemy zrobi\u0107 jak najlepsz\u0105 robot\u0119 w pucharach i pokaza\u0107 si\u0119 z dobrej strony\u201d -","twitter:description":"Zastal Zielona G\u00f3ra w poprzednim tygodniu rozpocz\u0105\u0142 przygotowania do kolejnych rozgrywek. W poniedzia\u0142ek, 24 sierpnia odby\u0142 si\u0119 pierwszy media day, podczas kt\u00f3rego mieli\u015bmy okazj\u0119 porozmawia\u0107 z Andym Mazurczakiem. Rozgrywaj\u0105cy Zastalu opowiedzia\u0142 nam o wakacjach, nowych zawodnikach, celach zespo\u0142u, europejskich pucharach oraz o tym, co jego zdaniem by\u0142o jednym z najwi\u0119kszych sukces\u00f3w poprzedniego sezonu. Asia Nawlicka,","twitter:image":"https:\/\/zastalowcy.pl\/wp-content\/uploads\/2025\/09\/cropped-logo-strony-2.png"},"aioseo_meta_data":{"post_id":"1418","title":null,"description":null,"keywords":null,"keyphrases":{"focus":{"keyphrase":"","score":0,"analysis":{"keyphraseInTitle":{"score":0,"maxScore":9,"error":1}}},"additional":[]},"primary_term":null,"canonical_url":null,"og_title":null,"og_description":null,"og_object_type":"default","og_image_type":"default","og_image_custom_url":null,"og_image_custom_fields":null,"og_image_url":null,"og_image_width":null,"og_image_height":null,"og_video":"","og_custom_url":null,"og_article_section":null,"og_article_tags":null,"twitter_use_og":false,"twitter_card":"default","twitter_image_type":"default","twitter_image_custom_url":null,"twitter_image_custom_fields":null,"twitter_image_url":null,"twitter_title":null,"twitter_description":null,"schema_type":"default","schema_type_options":null,"schema":{"blockGraphs":[],"customGraphs":[],"default":{"data":{"Article":[],"Course":[],"Dataset":[],"FAQPage":[],"Movie":[],"Person":[],"Product":[],"ProductReview":[],"Car":[],"Recipe":[],"Service":[],"SoftwareApplication":[],"WebPage":[]},"graphName":"BlogPosting","isEnabled":true},"graphs":[]},"pillar_content":false,"robots_default":true,"robots_noindex":false,"robots_noarchive":false,"robots_nosnippet":false,"robots_nofollow":false,"robots_noimageindex":false,"robots_noodp":false,"robots_notranslate":false,"robots_max_snippet":"-1","robots_max_videopreview":"-1","robots_max_imagepreview":"large","priority":null,"frequency":"default","local_seo":null,"limit_modified_date":false,"ai":{"faqs":[],"keyPoints":[],"schemas":[],"titles":[],"descriptions":[],"socialPosts":{"email":{"subject":"","preview":"","content":""},"linkedin":[],"twitter":[],"facebook":[],"instagram":[]}},"breadcrumb_settings":null,"seo_analyzer_scan_date":null,"created":"2026-08-24 12:29:40","updated":"2026-08-25 03:42:31","focus_keyword":null,"additional_keywords":null,"truseo_locale":null},"aioseo_breadcrumb":"<div class=\"aioseo-breadcrumbs\"><span class=\"aioseo-breadcrumb\">\n\t\t\t<a href=\"https:\/\/zastalowcy.pl\" title=\"Home\">Home<\/a>\n\t\t<\/span><span class=\"aioseo-breadcrumb-separator\">&raquo;<\/span><span class=\"aioseo-breadcrumb\">\n\t\t\t<a href=\"https:\/\/zastalowcy.pl\/?cat=18\" title=\"Aktualno\u015bci\">Aktualno\u015bci<\/a>\n\t\t<\/span><span class=\"aioseo-breadcrumb-separator\">&raquo;<\/span><span class=\"aioseo-breadcrumb\">\n\t\t\tAndy Mazurczak: \u201eChcemy zrobi\u0107 jak najlepsz\u0105 robot\u0119 w pucharach i pokaza\u0107 si\u0119 z dobrej strony\u201d\n\t\t<\/span><\/div>","aioseo_breadcrumb_json":[{"label":"Home","link":"https:\/\/zastalowcy.pl"},{"label":"Aktualno\u015bci","link":"https:\/\/zastalowcy.pl\/?cat=18"},{"label":"Andy Mazurczak: \u201eChcemy zrobi\u0107 jak najlepsz\u0105 robot\u0119 w pucharach i pokaza\u0107 si\u0119 z dobrej strony\u201d","link":"https:\/\/zastalowcy.pl\/?p=1418"}],"_links":{"self":[{"href":"https:\/\/zastalowcy.pl\/index.php?rest_route=\/wp\/v2\/posts\/1418","targetHints":{"allow":["GET"]}}],"collection":[{"href":"https:\/\/zastalowcy.pl\/index.php?rest_route=\/wp\/v2\/posts"}],"about":[{"href":"https:\/\/zastalowcy.pl\/index.php?rest_route=\/wp\/v2\/types\/post"}],"author":[{"embeddable":true,"href":"https:\/\/zastalowcy.pl\/index.php?rest_route=\/wp\/v2\/users\/3"}],"replies":[{"embeddable":true,"href":"https:\/\/zastalowcy.pl\/index.php?rest_route=%2Fwp%2Fv2%2Fcomments&post=1418"}],"version-history":[{"count":1,"href":"https:\/\/zastalowcy.pl\/index.php?rest_route=\/wp\/v2\/posts\/1418\/revisions"}],"predecessor-version":[{"id":1421,"href":"https:\/\/zastalowcy.pl\/index.php?rest_route=\/wp\/v2\/posts\/1418\/revisions\/1421"}],"wp:featuredmedia":[{"embeddable":true,"href":"https:\/\/zastalowcy.pl\/index.php?rest_route=\/wp\/v2\/media\/1420"}],"wp:attachment":[{"href":"https:\/\/zastalowcy.pl\/index.php?rest_route=%2Fwp%2Fv2%2Fmedia&parent=1418"}],"wp:term":[{"taxonomy":"category","embeddable":true,"href":"https:\/\/zastalowcy.pl\/index.php?rest_route=%2Fwp%2Fv2%2Fcategories&post=1418"},{"taxonomy":"post_tag","embeddable":true,"href":"https:\/\/zastalowcy.pl\/index.php?rest_route=%2Fwp%2Fv2%2Ftags&post=1418"}],"curies":[{"name":"wp","href":"https:\/\/api.w.org\/{rel}","templated":true}]}}