{"id":1422,"date":"2026-08-26T13:41:21","date_gmt":"2026-08-26T11:41:21","guid":{"rendered":"https:\/\/zastalowcy.pl\/?p=1422"},"modified":"2026-08-26T13:41:22","modified_gmt":"2026-08-26T11:41:22","slug":"arkadiusz-miloszewski-przed-nowym-sezonem-czekaja-nas-bardzo-intensywne-ciezkie-trzy-miesiace","status":"publish","type":"post","link":"https:\/\/zastalowcy.pl\/?p=1422","title":{"rendered":"Arkadiusz Mi\u0142oszewski przed nowym sezonem: \u201eCzekaj\u0105 nas bardzo intensywne, ci\u0119\u017ckie trzy miesi\u0105ce\u201d"},"content":{"rendered":"\n<p class=\"wp-block-paragraph\">Zastal Zielona G\u00f3ra rozpocz\u0105\u0142 przygotowania do nowego sezonu 2026\/27. Po wicemistrzostwie Polski Zielonog\u00f3rzan czeka teraz jeszcze wi\u0119ksze wyzwanie \u2013 opr\u00f3cz rywalizacji w Polskiej Lidze Koszyk\u00f3wki zesp\u00f3\u0142 Arkadiusza Mi\u0142oszewskiego wraca do europejskich puchar\u00f3w. Trener Zastalu w rozmowie z Zastalowcy.pl opowiedzia\u0142 o zmianach w sk\u0142adzie, przygotowaniu fizycznym zawodnik\u00f3w, przyje\u017adzie Tarza White\u2019a oraz o tym, jak wymagaj\u0105cy b\u0119dzie pocz\u0105tek sezonu.<\/p>\n\n\n\n<h3 class=\"wp-block-heading\">Trzon zespo\u0142u zosta\u0142 zachowany<\/h3>\n\n\n\n<p class=\"wp-block-paragraph\">W Zastalu tego lata dosz\u0142o do kilku zmian kadrowych, ale najwa\u017cniejsi zawodnicy z poprzedniego sezonu pozostali w Zielonej G\u00f3rze. Zdaniem Arkadiusza Mi\u0142oszewskiego to mo\u017ce by\u0107 jedna z najwi\u0119kszych przewag zespo\u0142u na pocz\u0105tku nowych rozgrywek. \u2013 Z jednej strony du\u017co tych zmian, ale z drugiej strony trzon zespo\u0142u zosta\u0142 zachowany. Jak sobie por\u00f3wnamy chocia\u017cby naszego przeciwnika w finale, Legi\u0119 Warszawa, to tam by\u0142o bardzo du\u017co zmian. My cieszymy si\u0119 z tego, \u017ce uda\u0142o si\u0119 zatrzyma\u0107 tych najwa\u017cniejszych, kt\u00f3rych chcieli\u015bmy. Nie wszystkich oczywi\u015bcie si\u0119 uda\u0142o, bo czasami \u017cycie idzie w swoj\u0105 stron\u0119 i nie uda si\u0119 wszystkich zatrzyma\u0107 \u2013 przyznaje trener.<\/p>\n\n\n\n<p class=\"wp-block-paragraph\">Do Zielonej G\u00f3ry trafili jednak nowi zawodnicy. Mi\u0142oszewski po pierwszych dniach wsp\u00f3lnej pracy jest pozytywnie nastawiony do nowych graczy nie tylko pod wzgl\u0119dem sportowym. \u2013 Ci, kt\u00f3rzy przyjechali, my\u015bl\u0119, \u017ce s\u0105 wzmocnieniem. S\u0105 te\u017c dobrani charakterologicznie. Po tych kilku dniach ju\u017c to widz\u0119 i czuj\u0119. Chocia\u017cby teraz jeste\u015bmy \u015bwiadkami tego, \u017ce zawodnicy ze sob\u0105 rozmawiaj\u0105. Nie ma tak, \u017ce kto\u015b ucieka do szatni, bo ju\u017c spieszy si\u0119 do domu \u2013 m\u00f3wi.<\/p>\n\n\n\n<p class=\"wp-block-paragraph\">Trener zwraca tak\u017ce uwag\u0119 na to, \u017ce pierwsze oznaki dobrej atmosfery pojawi\u0142y si\u0119 r\u00f3wnie\u017c poza hal\u0105. \u2013 Nawet jak by\u0142 wolny dzie\u0144, widzia\u0142em niekt\u00f3rych zawodnik\u00f3w razem ze sob\u0105 na kawie. M\u00f3wi\u0119 o tych nowych graczach. To s\u0105 takie plusy, kt\u00f3re ci\u0119\u017cko gdzie\u015b zrobi\u0107 treningiem, ale bardziej charakterami i tym, jak ch\u0142opaki zachowuj\u0105 si\u0119 na treningu i poza nim. Na razie to cieszy \u2013 dodaje Mi\u0142oszewski.<\/p>\n\n\n\n<figure class=\"wp-block-image size-large\"><img loading=\"lazy\" decoding=\"async\" width=\"1024\" height=\"683\" src=\"https:\/\/zastalowcy.pl\/wp-content\/uploads\/2026\/08\/IMG_5885-1024x683.jpg\" alt=\"\" class=\"wp-image-1423\" srcset=\"https:\/\/zastalowcy.pl\/wp-content\/uploads\/2026\/08\/IMG_5885-1024x683.jpg 1024w, https:\/\/zastalowcy.pl\/wp-content\/uploads\/2026\/08\/IMG_5885-300x200.jpg 300w, https:\/\/zastalowcy.pl\/wp-content\/uploads\/2026\/08\/IMG_5885-768x512.jpg 768w, https:\/\/zastalowcy.pl\/wp-content\/uploads\/2026\/08\/IMG_5885-1536x1024.jpg 1536w, https:\/\/zastalowcy.pl\/wp-content\/uploads\/2026\/08\/IMG_5885-2048x1365.jpg 2048w\" sizes=\"auto, (max-width: 1024px) 100vw, 1024px\" \/><figcaption class=\"wp-element-caption\">fot. Joanna Nawlicka<\/figcaption><\/figure>\n\n\n\n<h3 class=\"wp-block-heading\">Wi\u0119kszo\u015b\u0107 zawodnik\u00f3w dobrze przygotowana<\/h3>\n\n\n\n<p class=\"wp-block-paragraph\">Pierwszym etapem przygotowa\u0144 by\u0142y mi\u0119dzy innymi badania, kt\u00f3re mia\u0142y pokaza\u0107, w jakiej formie zawodnicy wr\u00f3cili po wakacjach. Trener Zastalu jest pozytywnie zaskoczony wynikami. \u2013 Mamy baz\u0119, przede wszystkim wytrzyma\u0142o\u015bci, ale te\u017c si\u0142y mi\u0119\u015bni w r\u00f3\u017cnych pozycjach. Wiemy te\u017c, czy zawodnicy s\u0105 zdrowi. My\u015bl\u0119, \u017ce po tych badaniach jeste\u015bmy w stanie stwierdzi\u0107, \u017ce wszyscy s\u0105 zdrowi i wszyscy przyst\u0105pili do trening\u00f3w \u2013 m\u00f3wi.<\/p>\n\n\n\n<p class=\"wp-block-paragraph\">Nie wszyscy przyjechali jednak w takiej oczekiwanej dyspozycji. \u2013 Mo\u017ce z tej ca\u0142ej grupy dw\u00f3ch zawodnik\u00f3w nie spe\u0142ni\u0142o naszych oczekiwa\u0144 co do przygotowania kondycyjnego, ale tutaj treningami to poprawimy. Natomiast reszt\u0105 jestem pozytywnie zaskoczony, bo by\u0142y bardzo dobre wyniki, szczeg\u00f3lnie te kondycyjne. Na ko\u0144cowy raport oczywi\u015bcie czekamy od profesora i b\u0119dziemy go analizowa\u0107 \u2013 t\u0142umaczy szkoleniowiec Zastalu.<\/p>\n\n\n\n<p class=\"wp-block-paragraph\">Mi\u0142oszewski podkre\u015bla r\u00f3wnie\u017c, \u017ce zesp\u00f3\u0142 od pocz\u0105tku pracuje bardzo intensywnie. Nie ma czasu na d\u0142ugie, spokojne wprowadzanie do sezonu.<\/p>\n\n\n\n<h3 class=\"wp-block-heading\">Trazarien White do\u0142\u0105czy do ekipy w przysz\u0142ym tygodniu<\/h3>\n\n\n\n<p class=\"wp-block-paragraph\">Do pe\u0142nego sk\u0142adu brakuje jeszcze Traza White\u2019a. Wed\u0142ug informacji przekazanych przez trenera zawodnik powinien pojawi\u0107 si\u0119 w Zielonej G\u00f3rze pod koniec tego tygodnia. \u2013 Z tego, co wiem, to pi\u0105tek albo sobota b\u0119dzie ju\u017c w Zielonej G\u00f3rze. Czyli od przysz\u0142ego poniedzia\u0142ku b\u0119dzie z nami trenowa\u0142. Ten tydzie\u0144 b\u0119dzie jeszcze bez niego \u2013 wyja\u015bnia Mi\u0142oszewski.<\/p>\n\n\n\n<p class=\"wp-block-paragraph\">P\u00f3\u017aniejszy przyjazd Amerykanina by\u0142 jednak zaplanowany i wynika\u0142 z decyzji samego szkoleniowca. \u2013 Na swoj\u0105 pro\u015bb\u0119, po rozmowie ze mn\u0105, dosta\u0142 kilka dni wi\u0119cej wolnego. Tak naprawd\u0119 sko\u0144czy\u0142 sezon na pocz\u0105tku sierpnia, nie mia\u0142 w og\u00f3le przerwy i potrzebowa\u0142 pojecha\u0107 do domu. Mam nadziej\u0119, \u017ce zrobimy te\u017c szybkie badania medyczne i ortopedyczne. Tym bardziej \u017ce gra\u0142 niedawno, a w ostatnim meczu nawet ponad trzydzie\u015bci minut, wi\u0119c o zdrowie si\u0119 nie martwi\u0119. Z charakterem te\u017c dobre rzeczy s\u0142ysza\u0142em. Zobaczymy, jak to b\u0119dzie wygl\u0105da\u0142o koszykarsko, kiedy przyjedzie \u2013 m\u00f3wi trener.<\/p>\n\n\n\n<h3 class=\"wp-block-heading\">Europa przyspieszy przygotowania<\/h3>\n\n\n\n<p class=\"wp-block-paragraph\">Nowo\u015bci\u0105 dla Zastalu w nadchodz\u0105cym sezonie b\u0119dzie <a href=\"https:\/\/zastalowcy.pl\/?p=1266\" title=\"\">rywalizacja w europejskich pucharach<\/a>. Zielonog\u00f3rzanie poznali ju\u017c swoich potencjalnych rywali, a w\u015br\u00f3d nich znajduj\u0105 si\u0119 mi\u0119dzy innymi zespo\u0142y z W\u0119gier, Hiszpanii czy Belgii.<\/p>\n\n\n\n<p class=\"wp-block-paragraph\">Mi\u0142oszewski przyznaje, \u017ce europejska rywalizacja wp\u0142yn\u0119\u0142a r\u00f3wnie\u017c na spos\u00f3b przygotowa\u0144 zespo\u0142u. \u2013 B\u0119d\u0105 inne te przygotowania, bo wszystko przyspieszamy. Tak naprawd\u0119 nie robimy ju\u017c takiego wej\u015bcia w treningi. Od razu jest taktyka ataku i obrony w tych ci\u0119\u017ckich treningach \u2013 t\u0142umaczy.<\/p>\n\n\n\n<p class=\"wp-block-paragraph\">Szkoleniowiec zwraca r\u00f3wnie\u017c uwag\u0119 na znajome twarze, kt\u00f3re Zastal mo\u017ce spotka\u0107 podczas europejskiej rywalizacji. \u2013 Pewnie spotkamy si\u0119 ze swoimi starymi znajomymi. W Szolnokach na W\u0119grzech jest trener Larkas, kt\u00f3ry by\u0142 w Sopocie. W Gironie gra Andrzej Pluta z Legii Warszawa i Aljaz Kunc z Torunia. To te\u017c s\u0105 nasi starzy znajomi. W Ostendzie nie mamy nikogo, ale z Ostend\u0105 mamy histori\u0119, bo grali\u015bmy z nimi w Lidze Mistrz\u00f3w \u2013 przypomina.<\/p>\n\n\n\n<p class=\"wp-block-paragraph\">Niewykluczone, \u017ce Zastal podczas tych rywalizacji spotka r\u00f3wnie\u017c <a href=\"https:\/\/zastalowcy.pl\/?p=1358\" title=\"\">Dwighta Wilsona<\/a>. Wszystko zale\u017cy jednak od wyniku rywalizacji jego zespo\u0142u z Bukaresztem. \u2013 Super by by\u0142o, gdyby przyjecha\u0142, bo to jest super go\u015b\u0107 z tak\u0105 fajn\u0105 energi\u0105. Bardzo bym si\u0119 cieszy\u0142, gdyby tak by\u0142o \u2013 przyznaje Mi\u0142oszewski.<\/p>\n\n\n\n<figure class=\"wp-block-image size-large\"><img loading=\"lazy\" decoding=\"async\" width=\"1024\" height=\"683\" src=\"https:\/\/zastalowcy.pl\/wp-content\/uploads\/2026\/08\/IMG_5999-1-1024x683.jpg\" alt=\"\" class=\"wp-image-1425\" srcset=\"https:\/\/zastalowcy.pl\/wp-content\/uploads\/2026\/08\/IMG_5999-1-1024x683.jpg 1024w, https:\/\/zastalowcy.pl\/wp-content\/uploads\/2026\/08\/IMG_5999-1-300x200.jpg 300w, https:\/\/zastalowcy.pl\/wp-content\/uploads\/2026\/08\/IMG_5999-1-768x512.jpg 768w, https:\/\/zastalowcy.pl\/wp-content\/uploads\/2026\/08\/IMG_5999-1-1536x1024.jpg 1536w, https:\/\/zastalowcy.pl\/wp-content\/uploads\/2026\/08\/IMG_5999-1-2048x1365.jpg 2048w\" sizes=\"auto, (max-width: 1024px) 100vw, 1024px\" \/><figcaption class=\"wp-element-caption\">fot. Joanna Nawlicka<\/figcaption><\/figure>\n\n\n\n<h3 class=\"wp-block-heading\">Trzy miesi\u0105ce grania co trzy dni<\/h3>\n\n\n\n<p class=\"wp-block-paragraph\">Europejskie puchary oznaczaj\u0105 dla Zastalu nie tylko dodatkowe mecze, ale przede wszystkim ogromne obci\u0105\u017cenie. Jak podkre\u015bla trener, kalendarz b\u0119dzie wyj\u0105tkowo wymagaj\u0105cy. \u2013 Tych mecz\u00f3w b\u0119dzie bardzo du\u017co. Co trzy dni w pa\u017adzierniku i listopadzie, praktycznie do przerwy reprezentacyjnej pod koniec listopada, gramy co trzy dni. Po przerwie znowu ca\u0142y grudzie\u0144 co trzy dni. Czekaj\u0105 nas wi\u0119c bardzo intensywne, ci\u0119\u017ckie trzy miesi\u0105ce \u2013 zapowiada trener Zastalu. Dlatego teraz to \u0142adowanie baterii jest bardzo, bardzo wa\u017cne \u2013 podsumowuje Arkadiusz Mi\u0142oszewski.<\/p>\n\n\n\n<p class=\"wp-block-paragraph\">\ud83c\udfc0 Zastalowcy.pl \u2013 o Zastalu od kibic\u00f3w \u2013 dla kibic\u00f3w<\/p>\n","protected":false},"excerpt":{"rendered":"<p>Zastal Zielona G\u00f3ra rozpocz\u0105\u0142 przygotowania do nowego sezonu 2026\/27. Po wicemistrzostwie Polski Zielonog\u00f3rzan czeka teraz jeszcze wi\u0119ksze wyzwanie<\/p>\n","protected":false},"author":3,"featured_media":1424,"comment_status":"open","ping_status":"open","sticky":false,"template":"","format":"standard","meta":{"om_disable_all_campaigns":false,"footnotes":""},"categories":[18,373,380,367],"tags":[63,17,26,374,15,21,64,129,118,472,480,479,12,14,42,11,10,16],"class_list":["post-1422","post","type-post","status-publish","format-standard","has-post-thumbnail","hentry","category-aktualnosci","category-fiba-europe-cup","category-polska-liga-koszykowki","category-sezon-2026-2027","tag-arkadiusz-miloszewski","tag-basketzg","tag-druzyna","tag-fiba-europe-cup","tag-koszykowka","tag-miloszewski","tag-plk","tag-plkpl","tag-polska-liga-koszykowki","tag-przygotowania-do-sezonu","tag-trener-zastal-zielona-gora","tag-trener-zastalu","tag-zastal","tag-zastal-zielona-gora","tag-zastalowcy","tag-zielona-gora","tag-zielonagora","tag-zielonogorska-koszykowka"],"aioseo_notices":[],"aioseo_head":"\n\t\t<!-- All in One SEO 5.0.0.1 - aioseo.com -->\n\t<meta name=\"description\" content=\"Zastal Zielona G\u00f3ra rozpocz\u0105\u0142 przygotowania do nowego sezonu 2026\/27. Po wicemistrzostwie Polski Zielonog\u00f3rzan czeka teraz jeszcze wi\u0119ksze wyzwanie \u2013 opr\u00f3cz rywalizacji w Polskiej Lidze Koszyk\u00f3wki zesp\u00f3\u0142 Arkadiusza Mi\u0142oszewskiego wraca do europejskich puchar\u00f3w. Trener Zastalu w rozmowie z Zastalowcy.pl opowiedzia\u0142 o zmianach w sk\u0142adzie, przygotowaniu fizycznym zawodnik\u00f3w, przyje\u017adzie Tarza White\u2019a oraz o tym, jak wymagaj\u0105cy b\u0119dzie\" \/>\n\t<meta name=\"robots\" content=\"max-image-preview:large\" \/>\n\t<meta name=\"author\" content=\"Joanna Nawlicka\"\/>\n\t<link rel=\"canonical\" href=\"https:\/\/zastalowcy.pl\/?p=1422\" \/>\n\t<meta name=\"generator\" content=\"All in One SEO (AIOSEO) 5.0.0.1\" \/>\n\t\t<meta property=\"og:locale\" content=\"pl_PL\" \/>\n\t\t<meta property=\"og:site_name\" content=\"- O Zastalu od kibic\u00f3w \u2013 dla kibic\u00f3w\" \/>\n\t\t<meta property=\"og:type\" content=\"article\" \/>\n\t\t<meta property=\"og:title\" content=\"Arkadiusz Mi\u0142oszewski przed nowym sezonem: \u201eCzekaj\u0105 nas bardzo intensywne, ci\u0119\u017ckie trzy miesi\u0105ce\u201d -\" \/>\n\t\t<meta property=\"og:description\" content=\"Zastal Zielona G\u00f3ra rozpocz\u0105\u0142 przygotowania do nowego sezonu 2026\/27. Po wicemistrzostwie Polski Zielonog\u00f3rzan czeka teraz jeszcze wi\u0119ksze wyzwanie \u2013 opr\u00f3cz rywalizacji w Polskiej Lidze Koszyk\u00f3wki zesp\u00f3\u0142 Arkadiusza Mi\u0142oszewskiego wraca do europejskich puchar\u00f3w. Trener Zastalu w rozmowie z Zastalowcy.pl opowiedzia\u0142 o zmianach w sk\u0142adzie, przygotowaniu fizycznym zawodnik\u00f3w, przyje\u017adzie Tarza White\u2019a oraz o tym, jak wymagaj\u0105cy b\u0119dzie\" \/>\n\t\t<meta property=\"og:url\" content=\"https:\/\/zastalowcy.pl\/?p=1422\" \/>\n\t\t<meta property=\"og:image\" content=\"https:\/\/zastalowcy.pl\/wp-content\/uploads\/2025\/09\/cropped-logo-strony-2.png\" \/>\n\t\t<meta property=\"og:image:secure_url\" content=\"https:\/\/zastalowcy.pl\/wp-content\/uploads\/2025\/09\/cropped-logo-strony-2.png\" \/>\n\t\t<meta property=\"og:image:width\" content=\"1862\" \/>\n\t\t<meta property=\"og:image:height\" content=\"384\" \/>\n\t\t<meta property=\"article:published_time\" content=\"2026-08-26T11:41:21+00:00\" \/>\n\t\t<meta property=\"article:modified_time\" content=\"2026-08-26T11:41:22+00:00\" \/>\n\t\t<meta name=\"twitter:card\" content=\"summary_large_image\" \/>\n\t\t<meta name=\"twitter:title\" content=\"Arkadiusz Mi\u0142oszewski przed nowym sezonem: \u201eCzekaj\u0105 nas bardzo intensywne, ci\u0119\u017ckie trzy miesi\u0105ce\u201d -\" \/>\n\t\t<meta name=\"twitter:description\" content=\"Zastal Zielona G\u00f3ra rozpocz\u0105\u0142 przygotowania do nowego sezonu 2026\/27. Po wicemistrzostwie Polski Zielonog\u00f3rzan czeka teraz jeszcze wi\u0119ksze wyzwanie \u2013 opr\u00f3cz rywalizacji w Polskiej Lidze Koszyk\u00f3wki zesp\u00f3\u0142 Arkadiusza Mi\u0142oszewskiego wraca do europejskich puchar\u00f3w. Trener Zastalu w rozmowie z Zastalowcy.pl opowiedzia\u0142 o zmianach w sk\u0142adzie, przygotowaniu fizycznym zawodnik\u00f3w, przyje\u017adzie Tarza White\u2019a oraz o tym, jak wymagaj\u0105cy b\u0119dzie\" \/>\n\t\t<meta name=\"twitter:image\" content=\"https:\/\/zastalowcy.pl\/wp-content\/uploads\/2025\/09\/cropped-logo-strony-2.png\" \/>\n\t\t<script type=\"application\/ld+json\" class=\"aioseo-schema\">\n\t\t\t{\"@context\":\"https:\\\/\\\/schema.org\",\"@graph\":[{\"@type\":\"BlogPosting\",\"@id\":\"https:\\\/\\\/zastalowcy.pl\\\/?p=1422#blogposting\",\"name\":\"Arkadiusz Mi\\u0142oszewski przed nowym sezonem: \\u201eCzekaj\\u0105 nas bardzo intensywne, ci\\u0119\\u017ckie trzy miesi\\u0105ce\\u201d -\",\"headline\":\"Arkadiusz Mi\\u0142oszewski przed nowym sezonem: \\u201eCzekaj\\u0105 nas bardzo intensywne, ci\\u0119\\u017ckie trzy miesi\\u0105ce\\u201d\",\"author\":{\"@id\":\"https:\\\/\\\/zastalowcy.pl\\\/?author=3#author\"},\"publisher\":{\"@id\":\"https:\\\/\\\/zastalowcy.pl\\\/#organization\"},\"image\":{\"@type\":\"ImageObject\",\"url\":\"https:\\\/\\\/zastalowcy.pl\\\/wp-content\\\/uploads\\\/2026\\\/08\\\/profilowe-7.png\",\"width\":2048,\"height\":2048},\"datePublished\":\"2026-08-26T13:41:21+02:00\",\"dateModified\":\"2026-08-26T13:41:22+02:00\",\"inLanguage\":\"pl-PL\",\"commentCount\":1,\"mainEntityOfPage\":{\"@id\":\"https:\\\/\\\/zastalowcy.pl\\\/?p=1422#webpage\"},\"isPartOf\":{\"@id\":\"https:\\\/\\\/zastalowcy.pl\\\/?p=1422#webpage\"},\"articleSection\":\"Aktualno\\u015bci, FIBA Europe Cup, Polska Liga Koszyk\\u00f3wki, Sezon 2026\\\/2027, arkadiusz mi\\u0142oszewski, basketzg, dru\\u017cyna, fiba europe cup, koszyk\\u00f3wka, mi\\u0142oszewski, plk, plkpl, Polska Liga Koszyk\\u00f3wki, przygotowania do sezonu, trener zastal zielona g\\u00f3ra, trener zastalu, zastal, zastal zielona g\\u00f3ra, zastalowcy, zielona g\\u00f3ra, zielonagora, zielonog\\u00f3rska koszyk\\u00f3wka\"},{\"@type\":\"BreadcrumbList\",\"@id\":\"https:\\\/\\\/zastalowcy.pl\\\/?p=1422#breadcrumblist\",\"itemListElement\":[{\"@type\":\"ListItem\",\"@id\":\"https:\\\/\\\/zastalowcy.pl#listItem\",\"position\":1,\"name\":\"Home\",\"item\":\"https:\\\/\\\/zastalowcy.pl\",\"nextItem\":{\"@type\":\"ListItem\",\"@id\":\"https:\\\/\\\/zastalowcy.pl\\\/?cat=18#listItem\",\"name\":\"Aktualno\\u015bci\"}},{\"@type\":\"ListItem\",\"@id\":\"https:\\\/\\\/zastalowcy.pl\\\/?cat=18#listItem\",\"position\":2,\"name\":\"Aktualno\\u015bci\",\"item\":\"https:\\\/\\\/zastalowcy.pl\\\/?cat=18\",\"nextItem\":{\"@type\":\"ListItem\",\"@id\":\"https:\\\/\\\/zastalowcy.pl\\\/?p=1422#listItem\",\"name\":\"Arkadiusz Mi\\u0142oszewski przed nowym sezonem: \\u201eCzekaj\\u0105 nas bardzo intensywne, ci\\u0119\\u017ckie trzy miesi\\u0105ce\\u201d\"},\"previousItem\":{\"@type\":\"ListItem\",\"@id\":\"https:\\\/\\\/zastalowcy.pl#listItem\",\"name\":\"Home\"}},{\"@type\":\"ListItem\",\"@id\":\"https:\\\/\\\/zastalowcy.pl\\\/?p=1422#listItem\",\"position\":3,\"name\":\"Arkadiusz Mi\\u0142oszewski przed nowym sezonem: \\u201eCzekaj\\u0105 nas bardzo intensywne, ci\\u0119\\u017ckie trzy miesi\\u0105ce\\u201d\",\"previousItem\":{\"@type\":\"ListItem\",\"@id\":\"https:\\\/\\\/zastalowcy.pl\\\/?cat=18#listItem\",\"name\":\"Aktualno\\u015bci\"}}]},{\"@type\":\"Organization\",\"@id\":\"https:\\\/\\\/zastalowcy.pl\\\/#organization\",\"description\":\"O Zastalu od kibic\\u00f3w \\u2013 dla kibic\\u00f3w\",\"url\":\"https:\\\/\\\/zastalowcy.pl\\\/\",\"logo\":{\"@type\":\"ImageObject\",\"url\":\"https:\\\/\\\/zastalowcy.pl\\\/wp-content\\\/uploads\\\/2025\\\/09\\\/cropped-logo-strony-2.png\",\"@id\":\"https:\\\/\\\/zastalowcy.pl\\\/?p=1422\\\/#organizationLogo\",\"width\":1862,\"height\":384},\"image\":{\"@id\":\"https:\\\/\\\/zastalowcy.pl\\\/?p=1422\\\/#organizationLogo\"}},{\"@type\":\"Person\",\"@id\":\"https:\\\/\\\/zastalowcy.pl\\\/?author=3#author\",\"url\":\"https:\\\/\\\/zastalowcy.pl\\\/?author=3\",\"name\":\"Joanna Nawlicka\",\"image\":{\"@type\":\"ImageObject\",\"@id\":\"https:\\\/\\\/zastalowcy.pl\\\/?p=1422#authorImage\",\"url\":\"https:\\\/\\\/secure.gravatar.com\\\/avatar\\\/66fc557d97536ff5096b6295970275631b7a4673997738477642001957f5274c?s=96&d=mm&r=g\",\"width\":96,\"height\":96,\"caption\":\"Joanna Nawlicka\"}},{\"@type\":\"WebPage\",\"@id\":\"https:\\\/\\\/zastalowcy.pl\\\/?p=1422#webpage\",\"url\":\"https:\\\/\\\/zastalowcy.pl\\\/?p=1422\",\"name\":\"Arkadiusz Mi\\u0142oszewski przed nowym sezonem: \\u201eCzekaj\\u0105 nas bardzo intensywne, ci\\u0119\\u017ckie trzy miesi\\u0105ce\\u201d -\",\"description\":\"Zastal Zielona G\\u00f3ra rozpocz\\u0105\\u0142 przygotowania do nowego sezonu 2026\\\/27. Po wicemistrzostwie Polski Zielonog\\u00f3rzan czeka teraz jeszcze wi\\u0119ksze wyzwanie \\u2013 opr\\u00f3cz rywalizacji w Polskiej Lidze Koszyk\\u00f3wki zesp\\u00f3\\u0142 Arkadiusza Mi\\u0142oszewskiego wraca do europejskich puchar\\u00f3w. Trener Zastalu w rozmowie z Zastalowcy.pl opowiedzia\\u0142 o zmianach w sk\\u0142adzie, przygotowaniu fizycznym zawodnik\\u00f3w, przyje\\u017adzie Tarza White\\u2019a oraz o tym, jak wymagaj\\u0105cy b\\u0119dzie\",\"inLanguage\":\"pl-PL\",\"isPartOf\":{\"@id\":\"https:\\\/\\\/zastalowcy.pl\\\/#website\"},\"breadcrumb\":{\"@id\":\"https:\\\/\\\/zastalowcy.pl\\\/?p=1422#breadcrumblist\"},\"author\":{\"@id\":\"https:\\\/\\\/zastalowcy.pl\\\/?author=3#author\"},\"creator\":{\"@id\":\"https:\\\/\\\/zastalowcy.pl\\\/?author=3#author\"},\"image\":{\"@type\":\"ImageObject\",\"url\":\"https:\\\/\\\/zastalowcy.pl\\\/wp-content\\\/uploads\\\/2026\\\/08\\\/profilowe-7.png\",\"@id\":\"https:\\\/\\\/zastalowcy.pl\\\/?p=1422\\\/#mainImage\",\"width\":2048,\"height\":2048},\"primaryImageOfPage\":{\"@id\":\"https:\\\/\\\/zastalowcy.pl\\\/?p=1422#mainImage\"},\"datePublished\":\"2026-08-26T13:41:21+02:00\",\"dateModified\":\"2026-08-26T13:41:22+02:00\"},{\"@type\":\"WebSite\",\"@id\":\"https:\\\/\\\/zastalowcy.pl\\\/#website\",\"url\":\"https:\\\/\\\/zastalowcy.pl\\\/\",\"description\":\"O Zastalu od kibic\\u00f3w \\u2013 dla kibic\\u00f3w\",\"inLanguage\":\"pl-PL\",\"publisher\":{\"@id\":\"https:\\\/\\\/zastalowcy.pl\\\/#organization\"}}]}\n\t\t<\/script>\n\t\t<!-- All in One SEO -->\n\n","aioseo_head_json":{"title":"Arkadiusz Mi\u0142oszewski przed nowym sezonem: \u201eCzekaj\u0105 nas bardzo intensywne, ci\u0119\u017ckie trzy miesi\u0105ce\u201d -","description":"Zastal Zielona G\u00f3ra rozpocz\u0105\u0142 przygotowania do nowego sezonu 2026\/27. Po wicemistrzostwie Polski Zielonog\u00f3rzan czeka teraz jeszcze wi\u0119ksze wyzwanie \u2013 opr\u00f3cz rywalizacji w Polskiej Lidze Koszyk\u00f3wki zesp\u00f3\u0142 Arkadiusza Mi\u0142oszewskiego wraca do europejskich puchar\u00f3w. Trener Zastalu w rozmowie z Zastalowcy.pl opowiedzia\u0142 o zmianach w sk\u0142adzie, przygotowaniu fizycznym zawodnik\u00f3w, przyje\u017adzie Tarza White\u2019a oraz o tym, jak wymagaj\u0105cy b\u0119dzie","canonical_url":"https:\/\/zastalowcy.pl\/?p=1422","robots":"max-image-preview:large","keywords":"","webmasterTools":{"miscellaneous":""},"schema":{"@context":"https:\/\/schema.org","@graph":[{"@type":"BlogPosting","@id":"https:\/\/zastalowcy.pl\/?p=1422#blogposting","name":"Arkadiusz Mi\u0142oszewski przed nowym sezonem: \u201eCzekaj\u0105 nas bardzo intensywne, ci\u0119\u017ckie trzy miesi\u0105ce\u201d -","headline":"Arkadiusz Mi\u0142oszewski przed nowym sezonem: \u201eCzekaj\u0105 nas bardzo intensywne, ci\u0119\u017ckie trzy miesi\u0105ce\u201d","author":{"@id":"https:\/\/zastalowcy.pl\/?author=3#author"},"publisher":{"@id":"https:\/\/zastalowcy.pl\/#organization"},"image":{"@type":"ImageObject","url":"https:\/\/zastalowcy.pl\/wp-content\/uploads\/2026\/08\/profilowe-7.png","width":2048,"height":2048},"datePublished":"2026-08-26T13:41:21+02:00","dateModified":"2026-08-26T13:41:22+02:00","inLanguage":"pl-PL","commentCount":1,"mainEntityOfPage":{"@id":"https:\/\/zastalowcy.pl\/?p=1422#webpage"},"isPartOf":{"@id":"https:\/\/zastalowcy.pl\/?p=1422#webpage"},"articleSection":"Aktualno\u015bci, FIBA Europe Cup, Polska Liga Koszyk\u00f3wki, Sezon 2026\/2027, arkadiusz mi\u0142oszewski, basketzg, dru\u017cyna, fiba europe cup, koszyk\u00f3wka, mi\u0142oszewski, plk, plkpl, Polska Liga Koszyk\u00f3wki, przygotowania do sezonu, trener zastal zielona g\u00f3ra, trener zastalu, zastal, zastal zielona g\u00f3ra, zastalowcy, zielona g\u00f3ra, zielonagora, zielonog\u00f3rska koszyk\u00f3wka"},{"@type":"BreadcrumbList","@id":"https:\/\/zastalowcy.pl\/?p=1422#breadcrumblist","itemListElement":[{"@type":"ListItem","@id":"https:\/\/zastalowcy.pl#listItem","position":1,"name":"Home","item":"https:\/\/zastalowcy.pl","nextItem":{"@type":"ListItem","@id":"https:\/\/zastalowcy.pl\/?cat=18#listItem","name":"Aktualno\u015bci"}},{"@type":"ListItem","@id":"https:\/\/zastalowcy.pl\/?cat=18#listItem","position":2,"name":"Aktualno\u015bci","item":"https:\/\/zastalowcy.pl\/?cat=18","nextItem":{"@type":"ListItem","@id":"https:\/\/zastalowcy.pl\/?p=1422#listItem","name":"Arkadiusz Mi\u0142oszewski przed nowym sezonem: \u201eCzekaj\u0105 nas bardzo intensywne, ci\u0119\u017ckie trzy miesi\u0105ce\u201d"},"previousItem":{"@type":"ListItem","@id":"https:\/\/zastalowcy.pl#listItem","name":"Home"}},{"@type":"ListItem","@id":"https:\/\/zastalowcy.pl\/?p=1422#listItem","position":3,"name":"Arkadiusz Mi\u0142oszewski przed nowym sezonem: \u201eCzekaj\u0105 nas bardzo intensywne, ci\u0119\u017ckie trzy miesi\u0105ce\u201d","previousItem":{"@type":"ListItem","@id":"https:\/\/zastalowcy.pl\/?cat=18#listItem","name":"Aktualno\u015bci"}}]},{"@type":"Organization","@id":"https:\/\/zastalowcy.pl\/#organization","description":"O Zastalu od kibic\u00f3w \u2013 dla kibic\u00f3w","url":"https:\/\/zastalowcy.pl\/","logo":{"@type":"ImageObject","url":"https:\/\/zastalowcy.pl\/wp-content\/uploads\/2025\/09\/cropped-logo-strony-2.png","@id":"https:\/\/zastalowcy.pl\/?p=1422\/#organizationLogo","width":1862,"height":384},"image":{"@id":"https:\/\/zastalowcy.pl\/?p=1422\/#organizationLogo"}},{"@type":"Person","@id":"https:\/\/zastalowcy.pl\/?author=3#author","url":"https:\/\/zastalowcy.pl\/?author=3","name":"Joanna Nawlicka","image":{"@type":"ImageObject","@id":"https:\/\/zastalowcy.pl\/?p=1422#authorImage","url":"https:\/\/secure.gravatar.com\/avatar\/66fc557d97536ff5096b6295970275631b7a4673997738477642001957f5274c?s=96&d=mm&r=g","width":96,"height":96,"caption":"Joanna Nawlicka"}},{"@type":"WebPage","@id":"https:\/\/zastalowcy.pl\/?p=1422#webpage","url":"https:\/\/zastalowcy.pl\/?p=1422","name":"Arkadiusz Mi\u0142oszewski przed nowym sezonem: \u201eCzekaj\u0105 nas bardzo intensywne, ci\u0119\u017ckie trzy miesi\u0105ce\u201d -","description":"Zastal Zielona G\u00f3ra rozpocz\u0105\u0142 przygotowania do nowego sezonu 2026\/27. Po wicemistrzostwie Polski Zielonog\u00f3rzan czeka teraz jeszcze wi\u0119ksze wyzwanie \u2013 opr\u00f3cz rywalizacji w Polskiej Lidze Koszyk\u00f3wki zesp\u00f3\u0142 Arkadiusza Mi\u0142oszewskiego wraca do europejskich puchar\u00f3w. Trener Zastalu w rozmowie z Zastalowcy.pl opowiedzia\u0142 o zmianach w sk\u0142adzie, przygotowaniu fizycznym zawodnik\u00f3w, przyje\u017adzie Tarza White\u2019a oraz o tym, jak wymagaj\u0105cy b\u0119dzie","inLanguage":"pl-PL","isPartOf":{"@id":"https:\/\/zastalowcy.pl\/#website"},"breadcrumb":{"@id":"https:\/\/zastalowcy.pl\/?p=1422#breadcrumblist"},"author":{"@id":"https:\/\/zastalowcy.pl\/?author=3#author"},"creator":{"@id":"https:\/\/zastalowcy.pl\/?author=3#author"},"image":{"@type":"ImageObject","url":"https:\/\/zastalowcy.pl\/wp-content\/uploads\/2026\/08\/profilowe-7.png","@id":"https:\/\/zastalowcy.pl\/?p=1422\/#mainImage","width":2048,"height":2048},"primaryImageOfPage":{"@id":"https:\/\/zastalowcy.pl\/?p=1422#mainImage"},"datePublished":"2026-08-26T13:41:21+02:00","dateModified":"2026-08-26T13:41:22+02:00"},{"@type":"WebSite","@id":"https:\/\/zastalowcy.pl\/#website","url":"https:\/\/zastalowcy.pl\/","description":"O Zastalu od kibic\u00f3w \u2013 dla kibic\u00f3w","inLanguage":"pl-PL","publisher":{"@id":"https:\/\/zastalowcy.pl\/#organization"}}]},"og:locale":"pl_PL","og:site_name":"- O Zastalu od kibic\u00f3w \u2013 dla kibic\u00f3w","og:type":"article","og:title":"Arkadiusz Mi\u0142oszewski przed nowym sezonem: \u201eCzekaj\u0105 nas bardzo intensywne, ci\u0119\u017ckie trzy miesi\u0105ce\u201d -","og:description":"Zastal Zielona G\u00f3ra rozpocz\u0105\u0142 przygotowania do nowego sezonu 2026\/27. Po wicemistrzostwie Polski Zielonog\u00f3rzan czeka teraz jeszcze wi\u0119ksze wyzwanie \u2013 opr\u00f3cz rywalizacji w Polskiej Lidze Koszyk\u00f3wki zesp\u00f3\u0142 Arkadiusza Mi\u0142oszewskiego wraca do europejskich puchar\u00f3w. Trener Zastalu w rozmowie z Zastalowcy.pl opowiedzia\u0142 o zmianach w sk\u0142adzie, przygotowaniu fizycznym zawodnik\u00f3w, przyje\u017adzie Tarza White\u2019a oraz o tym, jak wymagaj\u0105cy b\u0119dzie","og:url":"https:\/\/zastalowcy.pl\/?p=1422","og:image":"https:\/\/zastalowcy.pl\/wp-content\/uploads\/2025\/09\/cropped-logo-strony-2.png","og:image:secure_url":"https:\/\/zastalowcy.pl\/wp-content\/uploads\/2025\/09\/cropped-logo-strony-2.png","og:image:width":1862,"og:image:height":384,"article:published_time":"2026-08-26T11:41:21+00:00","article:modified_time":"2026-08-26T11:41:22+00:00","twitter:card":"summary_large_image","twitter:title":"Arkadiusz Mi\u0142oszewski przed nowym sezonem: \u201eCzekaj\u0105 nas bardzo intensywne, ci\u0119\u017ckie trzy miesi\u0105ce\u201d -","twitter:description":"Zastal Zielona G\u00f3ra rozpocz\u0105\u0142 przygotowania do nowego sezonu 2026\/27. Po wicemistrzostwie Polski Zielonog\u00f3rzan czeka teraz jeszcze wi\u0119ksze wyzwanie \u2013 opr\u00f3cz rywalizacji w Polskiej Lidze Koszyk\u00f3wki zesp\u00f3\u0142 Arkadiusza Mi\u0142oszewskiego wraca do europejskich puchar\u00f3w. Trener Zastalu w rozmowie z Zastalowcy.pl opowiedzia\u0142 o zmianach w sk\u0142adzie, przygotowaniu fizycznym zawodnik\u00f3w, przyje\u017adzie Tarza White\u2019a oraz o tym, jak wymagaj\u0105cy b\u0119dzie","twitter:image":"https:\/\/zastalowcy.pl\/wp-content\/uploads\/2025\/09\/cropped-logo-strony-2.png"},"aioseo_meta_data":{"post_id":"1422","title":null,"description":null,"keywords":null,"keyphrases":{"focus":{"keyphrase":"","score":0,"analysis":{"keyphraseInTitle":{"score":0,"maxScore":9,"error":1}}},"additional":[]},"primary_term":null,"canonical_url":null,"og_title":null,"og_description":null,"og_object_type":"default","og_image_type":"default","og_image_custom_url":null,"og_image_custom_fields":null,"og_image_url":null,"og_image_width":null,"og_image_height":null,"og_video":"","og_custom_url":null,"og_article_section":null,"og_article_tags":null,"twitter_use_og":false,"twitter_card":"default","twitter_image_type":"default","twitter_image_custom_url":null,"twitter_image_custom_fields":null,"twitter_image_url":null,"twitter_title":null,"twitter_description":null,"schema_type":"default","schema_type_options":null,"schema":{"blockGraphs":[],"customGraphs":[],"default":{"data":{"Article":[],"Course":[],"Dataset":[],"FAQPage":[],"Movie":[],"Person":[],"Product":[],"ProductReview":[],"Car":[],"Recipe":[],"Service":[],"SoftwareApplication":[],"WebPage":[]},"graphName":"BlogPosting","isEnabled":true},"graphs":[]},"pillar_content":false,"robots_default":true,"robots_noindex":false,"robots_noarchive":false,"robots_nosnippet":false,"robots_nofollow":false,"robots_noimageindex":false,"robots_noodp":false,"robots_notranslate":false,"robots_max_snippet":"-1","robots_max_videopreview":"-1","robots_max_imagepreview":"large","priority":null,"frequency":"default","local_seo":null,"limit_modified_date":false,"ai":{"faqs":[],"keyPoints":[],"schemas":[],"titles":[],"descriptions":[],"socialPosts":{"email":{"subject":"","preview":"","content":""},"linkedin":[],"twitter":[],"facebook":[],"instagram":[]}},"breadcrumb_settings":null,"seo_analyzer_scan_date":null,"created":"2026-08-26 11:41:22","updated":"2026-08-27 08:41:18","focus_keyword":null,"additional_keywords":null,"truseo_locale":null},"aioseo_breadcrumb":"<div class=\"aioseo-breadcrumbs\"><span class=\"aioseo-breadcrumb\">\n\t\t\t<a href=\"https:\/\/zastalowcy.pl\" title=\"Home\">Home<\/a>\n\t\t<\/span><span class=\"aioseo-breadcrumb-separator\">&raquo;<\/span><span class=\"aioseo-breadcrumb\">\n\t\t\t<a href=\"https:\/\/zastalowcy.pl\/?cat=18\" title=\"Aktualno\u015bci\">Aktualno\u015bci<\/a>\n\t\t<\/span><span class=\"aioseo-breadcrumb-separator\">&raquo;<\/span><span class=\"aioseo-breadcrumb\">\n\t\t\tArkadiusz Mi\u0142oszewski przed nowym sezonem: \u201eCzekaj\u0105 nas bardzo intensywne, ci\u0119\u017ckie trzy miesi\u0105ce\u201d\n\t\t<\/span><\/div>","aioseo_breadcrumb_json":[{"label":"Home","link":"https:\/\/zastalowcy.pl"},{"label":"Aktualno\u015bci","link":"https:\/\/zastalowcy.pl\/?cat=18"},{"label":"Arkadiusz Mi\u0142oszewski przed nowym sezonem: \u201eCzekaj\u0105 nas bardzo intensywne, ci\u0119\u017ckie trzy miesi\u0105ce\u201d","link":"https:\/\/zastalowcy.pl\/?p=1422"}],"_links":{"self":[{"href":"https:\/\/zastalowcy.pl\/index.php?rest_route=\/wp\/v2\/posts\/1422","targetHints":{"allow":["GET"]}}],"collection":[{"href":"https:\/\/zastalowcy.pl\/index.php?rest_route=\/wp\/v2\/posts"}],"about":[{"href":"https:\/\/zastalowcy.pl\/index.php?rest_route=\/wp\/v2\/types\/post"}],"author":[{"embeddable":true,"href":"https:\/\/zastalowcy.pl\/index.php?rest_route=\/wp\/v2\/users\/3"}],"replies":[{"embeddable":true,"href":"https:\/\/zastalowcy.pl\/index.php?rest_route=%2Fwp%2Fv2%2Fcomments&post=1422"}],"version-history":[{"count":1,"href":"https:\/\/zastalowcy.pl\/index.php?rest_route=\/wp\/v2\/posts\/1422\/revisions"}],"predecessor-version":[{"id":1426,"href":"https:\/\/zastalowcy.pl\/index.php?rest_route=\/wp\/v2\/posts\/1422\/revisions\/1426"}],"wp:featuredmedia":[{"embeddable":true,"href":"https:\/\/zastalowcy.pl\/index.php?rest_route=\/wp\/v2\/media\/1424"}],"wp:attachment":[{"href":"https:\/\/zastalowcy.pl\/index.php?rest_route=%2Fwp%2Fv2%2Fmedia&parent=1422"}],"wp:term":[{"taxonomy":"category","embeddable":true,"href":"https:\/\/zastalowcy.pl\/index.php?rest_route=%2Fwp%2Fv2%2Fcategories&post=1422"},{"taxonomy":"post_tag","embeddable":true,"href":"https:\/\/zastalowcy.pl\/index.php?rest_route=%2Fwp%2Fv2%2Ftags&post=1422"}],"curies":[{"name":"wp","href":"https:\/\/api.w.org\/{rel}","templated":true}]}}