{"id":267,"date":"2025-07-03T10:36:56","date_gmt":"2025-07-03T08:36:56","guid":{"rendered":"https:\/\/zastalowcy.pl\/?p=267"},"modified":"2025-07-03T10:37:37","modified_gmt":"2025-07-03T08:37:37","slug":"walter-hodge-ponownie-w-zastalu-to-mozliwe","status":"publish","type":"post","link":"https:\/\/zastalowcy.pl\/?p=267","title":{"rendered":"Walter Hodge ponownie w Zastalu? To mo\u017cliwe!"},"content":{"rendered":"\n<p class=\"wp-block-paragraph\">Jesieni\u0105 2024 roku hala CRS ponownie us\u0142ysza\u0142a charakterystyczne \u201eLet\u2019s go!\u201d wypowiadane z pasj\u0105 przez Waltera Hodge\u2019a \u2013 jednego z najbardziej uwielbianych graczy w historii zielonog\u00f3rskiej koszyk\u00f3wki. Ca\u0142kiem mo\u017cliwe jest to, \u017ce i w sezonie 2025\/2026 Portoryka\u0144czyk ponownie za\u0142o\u017cy koszulk\u0119 Zastalu.<\/p>\n\n\n\n<h4 class=\"wp-block-heading\">Ikona powr\u00f3ci\u0142a na ratunek<\/h4>\n\n\n\n<p class=\"wp-block-paragraph\"><strong>Walter Hodge<\/strong>, maj\u0105cy ju\u017c 38 lat, zwi\u0105za\u0142 si\u0119 z Orlen Zastalem Zielona G\u00f3ra pod koniec pa\u017adziernika 2024 roku. Po ponad dekadzie od ostatniego meczu w zielonog\u00f3rskich barwach, wr\u00f3ci\u0142 do klubu, w kt\u00f3rym \u015bwi\u0119ci\u0142 najwi\u0119ksze sukcesy \u2013 zdobywa\u0142 medale, by\u0142 dwukrotnym MVP sezonu zasadniczego i zyska\u0142 status legendy, czego symbolem by\u0142o zastrze\u017cenie numeru \u201e15\u201d.<\/p>\n\n\n\n<p class=\"wp-block-paragraph\">Cho\u0107 jego powr\u00f3t by\u0142 kr\u00f3tkoterminowy \u2013 mia\u0142 pom\u00f3c dru\u017cynie w kryzysie i zast\u0105pi\u0107 kontuzjowanych zawodnik\u00f3w \u2013 to we wszystkich 12 meczach da\u0142 z siebie wszystko. Zastal wygra\u0142 7 z tych spotka\u0144, a Hodge by\u0142 liderem nie tylko na parkiecie, ale i poza nim. Zosta\u0142 nawet wybrany <strong>MVP 14. tygodnia rozgrywek<\/strong> po meczu ze Sp\u00f3jni\u0105 Stargard, gdy zdoby\u0142 17 punkt\u00f3w (6\/6 za 2) oraz do\u0142o\u017cy\u0142 12 asyst, 2 zbi\u00f3rki i blok, osi\u0105gaj\u0105c eval 27.<\/p>\n\n\n\n<h4 class=\"wp-block-heading\">\u201eWracam do domu\u201d<\/h4>\n\n\n\n<p class=\"wp-block-paragraph\"><strong>Zielona G\u00f3ra jest dla Hodge\u2019a czym\u015b wi\u0119cej ni\u017c klubem<\/strong>. \u2013 Czeka\u0142em wiele lat, by tu wr\u00f3ci\u0107. Tu sta\u0142em si\u0119 lepszym zawodnikiem i doros\u0142em jako cz\u0142owiek \u2013 m\u00f3wi\u0142 Walter na pa\u017adziernikowej konferencji prasowej. \u2013 To m\u00f3j dom.<\/p>\n\n\n\n<p class=\"wp-block-paragraph\">Portoryka\u0144czyk nie ukrywa\u0142 te\u017c, \u017ce to powr\u00f3t z serca, a nie dla pieni\u0119dzy. Zrezygnowa\u0142 z udzia\u0142u w lukratywnym turnieju w Afryce, by wspom\u00f3c sw\u00f3j dawny klub. Dla kibic\u00f3w by\u0142 to powr\u00f3t jak z filmu \u2013 ich idol zn\u00f3w pojawi\u0142 si\u0119 na parkiecie, zn\u00f3w rozdawa\u0142 autografy i pozowa\u0142 do zdj\u0119\u0107, jak przed laty.<\/p>\n\n\n\n<h4 class=\"wp-block-heading\">Czy Hodge zagra w sezonie 2025\/2026?<\/h4>\n\n\n\n<p class=\"wp-block-paragraph\">Oficjalnie Hodge wr\u00f3ci\u0142 do Portoryko w styczniu 2025 roku, gdzie mia\u0142 podpisan\u0105 umow\u0119. Mimo to ju\u017c wtedy pojawi\u0142y si\u0119 g\u0142osy, \u017ce nie powiedzia\u0142 jeszcze ostatniego s\u0142owa w Polsce. W jednym z ostatnich wywiad\u00f3w sam przyzna\u0142, \u017ce chcia\u0142by zosta\u0107 tutaj na d\u0142u\u017cej.<\/p>\n\n\n\n<p class=\"wp-block-paragraph\">Jego fizyczna forma, do\u015bwiadczenie i charyzma wci\u0105\u017c czyni\u0105 go wa\u017cnym ogniwem ka\u017cdego zespo\u0142u. W sezonie 2024\/2025 notowa\u0142 \u015brednio 8,8 punktu i 5 asyst na mecz, przy imponuj\u0105cej skuteczno\u015bci z rzut\u00f3w wolnych \u2013 91,2%.<\/p>\n\n\n\n<p class=\"wp-block-paragraph\">W Zastalu nikt nie wyklucza, \u017ce Portoryka\u0144czyk ponownie zawita do Winnego Grodu, cho\u0107by tylko na cz\u0119\u015b\u0107 sezonu 2025\/2026. Jego obecno\u015b\u0107 to nie tylko warto\u015b\u0107 sportowa, ale i ogromne emocjonalne wsparcie dla kibic\u00f3w i dru\u017cyny.<\/p>\n\n\n\n<h4 class=\"wp-block-heading\">Co na to trener?<\/h4>\n\n\n\n<p class=\"wp-block-paragraph\">O mo\u017cliwy powr\u00f3t Waltera Hodge&#8217;a zapyta\u0142am nowego <strong>szkoleniowca Orlenu Zastalu Zielona G\u00f3ra Arkadiusza Mi\u0142oszewskiego<\/strong>. Jak si\u0119 okazuje, trener nie wyklucza takiej opcji, chocia\u017c sam nie rozmawia\u0142 jeszcze ani z Walterem, ani z jego agentem. M\u00f3wi\u0142 jednak, \u017ce taka rozmowa na pewno si\u0119 odb\u0119dzie, a du\u017co w tej kwestii b\u0119dzie zale\u017ce\u0107 od samego zawodnika.<\/p>\n\n\n\n<p class=\"wp-block-paragraph\">\u2013 My\u015bl\u0119, \u017ce sportowo mo\u017ce nie, chocia\u017c w tych ostatnich meczach Walter bardzo pom\u00f3g\u0142 dru\u017cynie, natomiast marketingowo dla kibic\u00f3w by\u0142 to strza\u0142 w dziesi\u0105tk\u0119 \u2013 podsumowywa\u0142 wyst\u0119py Portoryka\u0144czyka trener Mi\u0142oszewski. \u2013 Czy w tym sezonie tak b\u0119dzie? Zale\u017cy to od wielu czynnik\u00f3w m.in. od tego, czy Walter b\u0119dzie chcia\u0142.<\/p>\n\n\n\n<p class=\"wp-block-paragraph\">\ud83c\udfc0 Zastalowcy.pl \u2013 o Zastalu od kibic\u00f3w \u2013 dla kibic\u00f3w<\/p>\n","protected":false},"excerpt":{"rendered":"<p>Jesieni\u0105 2024 roku hala CRS ponownie us\u0142ysza\u0142a charakterystyczne \u201eLet\u2019s go!\u201d wypowiadane z pasj\u0105 przez Waltera Hodge\u2019a \u2013 jednego<\/p>\n","protected":false},"author":3,"featured_media":270,"comment_status":"open","ping_status":"open","sticky":false,"template":"","format":"standard","meta":{"om_disable_all_campaigns":false,"footnotes":""},"categories":[18],"tags":[63,17,26,15,13,62,12,14,42,45,11,10,16],"class_list":["post-267","post","type-post","status-publish","format-standard","has-post-thumbnail","hentry","category-aktualnosci","tag-arkadiusz-miloszewski","tag-basketzg","tag-druzyna","tag-koszykowka","tag-orlen-zastal-zielona-gora","tag-walter-hodge","tag-zastal","tag-zastal-zielona-gora","tag-zastalowcy","tag-zastalowcy-pl","tag-zielona-gora","tag-zielonagora","tag-zielonogorska-koszykowka"],"aioseo_notices":[],"aioseo_head":"\n\t\t<!-- All in One SEO 5.0.0.1 - aioseo.com -->\n\t<meta name=\"description\" content=\"Jesieni\u0105 2024 roku hala CRS ponownie us\u0142ysza\u0142a charakterystyczne \u201eLet\u2019s go!\u201d wypowiadane z pasj\u0105 przez Waltera Hodge\u2019a \u2013 jednego z najbardziej uwielbianych graczy w historii zielonog\u00f3rskiej koszyk\u00f3wki. Ca\u0142kiem mo\u017cliwe jest to, \u017ce i w sezonie 2025\/2026 Portoryka\u0144czyk ponownie za\u0142o\u017cy koszulk\u0119 Zastalu. Ikona powr\u00f3ci\u0142a na ratunek Walter Hodge, maj\u0105cy ju\u017c 38 lat, zwi\u0105za\u0142 si\u0119 z Orlen Zastalem\" \/>\n\t<meta name=\"robots\" content=\"max-image-preview:large\" \/>\n\t<meta name=\"author\" content=\"Joanna Nawlicka\"\/>\n\t<link rel=\"canonical\" href=\"https:\/\/zastalowcy.pl\/?p=267\" \/>\n\t<meta name=\"generator\" content=\"All in One SEO (AIOSEO) 5.0.0.1\" \/>\n\t\t<meta property=\"og:locale\" content=\"pl_PL\" \/>\n\t\t<meta property=\"og:site_name\" content=\"- O Zastalu od kibic\u00f3w \u2013 dla kibic\u00f3w\" \/>\n\t\t<meta property=\"og:type\" content=\"article\" \/>\n\t\t<meta property=\"og:title\" content=\"Walter Hodge ponownie w Zastalu? To mo\u017cliwe! -\" \/>\n\t\t<meta property=\"og:description\" content=\"Jesieni\u0105 2024 roku hala CRS ponownie us\u0142ysza\u0142a charakterystyczne \u201eLet\u2019s go!\u201d wypowiadane z pasj\u0105 przez Waltera Hodge\u2019a \u2013 jednego z najbardziej uwielbianych graczy w historii zielonog\u00f3rskiej koszyk\u00f3wki. Ca\u0142kiem mo\u017cliwe jest to, \u017ce i w sezonie 2025\/2026 Portoryka\u0144czyk ponownie za\u0142o\u017cy koszulk\u0119 Zastalu. Ikona powr\u00f3ci\u0142a na ratunek Walter Hodge, maj\u0105cy ju\u017c 38 lat, zwi\u0105za\u0142 si\u0119 z Orlen Zastalem\" \/>\n\t\t<meta property=\"og:url\" content=\"https:\/\/zastalowcy.pl\/?p=267\" \/>\n\t\t<meta property=\"og:image\" content=\"https:\/\/zastalowcy.pl\/wp-content\/uploads\/2025\/09\/cropped-logo-strony-2.png\" \/>\n\t\t<meta property=\"og:image:secure_url\" content=\"https:\/\/zastalowcy.pl\/wp-content\/uploads\/2025\/09\/cropped-logo-strony-2.png\" \/>\n\t\t<meta property=\"og:image:width\" content=\"1862\" \/>\n\t\t<meta property=\"og:image:height\" content=\"384\" \/>\n\t\t<meta property=\"article:published_time\" content=\"2025-07-03T08:36:56+00:00\" \/>\n\t\t<meta property=\"article:modified_time\" content=\"2025-07-03T08:37:37+00:00\" \/>\n\t\t<meta name=\"twitter:card\" content=\"summary_large_image\" \/>\n\t\t<meta name=\"twitter:title\" content=\"Walter Hodge ponownie w Zastalu? To mo\u017cliwe! -\" \/>\n\t\t<meta name=\"twitter:description\" content=\"Jesieni\u0105 2024 roku hala CRS ponownie us\u0142ysza\u0142a charakterystyczne \u201eLet\u2019s go!\u201d wypowiadane z pasj\u0105 przez Waltera Hodge\u2019a \u2013 jednego z najbardziej uwielbianych graczy w historii zielonog\u00f3rskiej koszyk\u00f3wki. Ca\u0142kiem mo\u017cliwe jest to, \u017ce i w sezonie 2025\/2026 Portoryka\u0144czyk ponownie za\u0142o\u017cy koszulk\u0119 Zastalu. Ikona powr\u00f3ci\u0142a na ratunek Walter Hodge, maj\u0105cy ju\u017c 38 lat, zwi\u0105za\u0142 si\u0119 z Orlen Zastalem\" \/>\n\t\t<meta name=\"twitter:image\" content=\"https:\/\/zastalowcy.pl\/wp-content\/uploads\/2025\/09\/cropped-logo-strony-2.png\" \/>\n\t\t<script type=\"application\/ld+json\" class=\"aioseo-schema\">\n\t\t\t{\"@context\":\"https:\\\/\\\/schema.org\",\"@graph\":[{\"@type\":\"BlogPosting\",\"@id\":\"https:\\\/\\\/zastalowcy.pl\\\/?p=267#blogposting\",\"name\":\"Walter Hodge ponownie w Zastalu? To mo\\u017cliwe! -\",\"headline\":\"Walter Hodge ponownie w Zastalu? To mo\\u017cliwe!\",\"author\":{\"@id\":\"https:\\\/\\\/zastalowcy.pl\\\/?author=3#author\"},\"publisher\":{\"@id\":\"https:\\\/\\\/zastalowcy.pl\\\/#organization\"},\"image\":{\"@type\":\"ImageObject\",\"url\":\"https:\\\/\\\/zastalowcy.pl\\\/wp-content\\\/uploads\\\/2025\\\/07\\\/profilowe-14.png\",\"width\":2048,\"height\":2048,\"caption\":\"Do grafiki wykorzystano zdj\\u0119cie z Instagrama @woll15\"},\"datePublished\":\"2025-07-03T10:36:56+02:00\",\"dateModified\":\"2025-07-03T10:37:37+02:00\",\"inLanguage\":\"pl-PL\",\"mainEntityOfPage\":{\"@id\":\"https:\\\/\\\/zastalowcy.pl\\\/?p=267#webpage\"},\"isPartOf\":{\"@id\":\"https:\\\/\\\/zastalowcy.pl\\\/?p=267#webpage\"},\"articleSection\":\"Aktualno\\u015bci, arkadiusz mi\\u0142oszewski, basketzg, dru\\u017cyna, koszyk\\u00f3wka, orlen zastal zielona g\\u00f3ra, walter hodge, zastal, zastal zielona g\\u00f3ra, zastalowcy, zastalowcy.pl, zielona g\\u00f3ra, zielonagora, zielonog\\u00f3rska koszyk\\u00f3wka\"},{\"@type\":\"BreadcrumbList\",\"@id\":\"https:\\\/\\\/zastalowcy.pl\\\/?p=267#breadcrumblist\",\"itemListElement\":[{\"@type\":\"ListItem\",\"@id\":\"https:\\\/\\\/zastalowcy.pl#listItem\",\"position\":1,\"name\":\"Home\",\"item\":\"https:\\\/\\\/zastalowcy.pl\",\"nextItem\":{\"@type\":\"ListItem\",\"@id\":\"https:\\\/\\\/zastalowcy.pl\\\/?cat=18#listItem\",\"name\":\"Aktualno\\u015bci\"}},{\"@type\":\"ListItem\",\"@id\":\"https:\\\/\\\/zastalowcy.pl\\\/?cat=18#listItem\",\"position\":2,\"name\":\"Aktualno\\u015bci\",\"item\":\"https:\\\/\\\/zastalowcy.pl\\\/?cat=18\",\"nextItem\":{\"@type\":\"ListItem\",\"@id\":\"https:\\\/\\\/zastalowcy.pl\\\/?p=267#listItem\",\"name\":\"Walter Hodge ponownie w Zastalu? To mo\\u017cliwe!\"},\"previousItem\":{\"@type\":\"ListItem\",\"@id\":\"https:\\\/\\\/zastalowcy.pl#listItem\",\"name\":\"Home\"}},{\"@type\":\"ListItem\",\"@id\":\"https:\\\/\\\/zastalowcy.pl\\\/?p=267#listItem\",\"position\":3,\"name\":\"Walter Hodge ponownie w Zastalu? To mo\\u017cliwe!\",\"previousItem\":{\"@type\":\"ListItem\",\"@id\":\"https:\\\/\\\/zastalowcy.pl\\\/?cat=18#listItem\",\"name\":\"Aktualno\\u015bci\"}}]},{\"@type\":\"Organization\",\"@id\":\"https:\\\/\\\/zastalowcy.pl\\\/#organization\",\"description\":\"O Zastalu od kibic\\u00f3w \\u2013 dla kibic\\u00f3w\",\"url\":\"https:\\\/\\\/zastalowcy.pl\\\/\",\"logo\":{\"@type\":\"ImageObject\",\"url\":\"https:\\\/\\\/zastalowcy.pl\\\/wp-content\\\/uploads\\\/2025\\\/09\\\/cropped-logo-strony-2.png\",\"@id\":\"https:\\\/\\\/zastalowcy.pl\\\/?p=267\\\/#organizationLogo\",\"width\":1862,\"height\":384},\"image\":{\"@id\":\"https:\\\/\\\/zastalowcy.pl\\\/?p=267\\\/#organizationLogo\"}},{\"@type\":\"Person\",\"@id\":\"https:\\\/\\\/zastalowcy.pl\\\/?author=3#author\",\"url\":\"https:\\\/\\\/zastalowcy.pl\\\/?author=3\",\"name\":\"Joanna Nawlicka\",\"image\":{\"@type\":\"ImageObject\",\"@id\":\"https:\\\/\\\/zastalowcy.pl\\\/?p=267#authorImage\",\"url\":\"https:\\\/\\\/secure.gravatar.com\\\/avatar\\\/66fc557d97536ff5096b6295970275631b7a4673997738477642001957f5274c?s=96&d=mm&r=g\",\"width\":96,\"height\":96,\"caption\":\"Joanna Nawlicka\"}},{\"@type\":\"WebPage\",\"@id\":\"https:\\\/\\\/zastalowcy.pl\\\/?p=267#webpage\",\"url\":\"https:\\\/\\\/zastalowcy.pl\\\/?p=267\",\"name\":\"Walter Hodge ponownie w Zastalu? To mo\\u017cliwe! -\",\"description\":\"Jesieni\\u0105 2024 roku hala CRS ponownie us\\u0142ysza\\u0142a charakterystyczne \\u201eLet\\u2019s go!\\u201d wypowiadane z pasj\\u0105 przez Waltera Hodge\\u2019a \\u2013 jednego z najbardziej uwielbianych graczy w historii zielonog\\u00f3rskiej koszyk\\u00f3wki. Ca\\u0142kiem mo\\u017cliwe jest to, \\u017ce i w sezonie 2025\\\/2026 Portoryka\\u0144czyk ponownie za\\u0142o\\u017cy koszulk\\u0119 Zastalu. Ikona powr\\u00f3ci\\u0142a na ratunek Walter Hodge, maj\\u0105cy ju\\u017c 38 lat, zwi\\u0105za\\u0142 si\\u0119 z Orlen Zastalem\",\"inLanguage\":\"pl-PL\",\"isPartOf\":{\"@id\":\"https:\\\/\\\/zastalowcy.pl\\\/#website\"},\"breadcrumb\":{\"@id\":\"https:\\\/\\\/zastalowcy.pl\\\/?p=267#breadcrumblist\"},\"author\":{\"@id\":\"https:\\\/\\\/zastalowcy.pl\\\/?author=3#author\"},\"creator\":{\"@id\":\"https:\\\/\\\/zastalowcy.pl\\\/?author=3#author\"},\"image\":{\"@type\":\"ImageObject\",\"url\":\"https:\\\/\\\/zastalowcy.pl\\\/wp-content\\\/uploads\\\/2025\\\/07\\\/profilowe-14.png\",\"@id\":\"https:\\\/\\\/zastalowcy.pl\\\/?p=267\\\/#mainImage\",\"width\":2048,\"height\":2048,\"caption\":\"Do grafiki wykorzystano zdj\\u0119cie z Instagrama @woll15\"},\"primaryImageOfPage\":{\"@id\":\"https:\\\/\\\/zastalowcy.pl\\\/?p=267#mainImage\"},\"datePublished\":\"2025-07-03T10:36:56+02:00\",\"dateModified\":\"2025-07-03T10:37:37+02:00\"},{\"@type\":\"WebSite\",\"@id\":\"https:\\\/\\\/zastalowcy.pl\\\/#website\",\"url\":\"https:\\\/\\\/zastalowcy.pl\\\/\",\"description\":\"O Zastalu od kibic\\u00f3w \\u2013 dla kibic\\u00f3w\",\"inLanguage\":\"pl-PL\",\"publisher\":{\"@id\":\"https:\\\/\\\/zastalowcy.pl\\\/#organization\"}}]}\n\t\t<\/script>\n\t\t<!-- All in One SEO -->\n\n","aioseo_head_json":{"title":"Walter Hodge ponownie w Zastalu? To mo\u017cliwe! -","description":"Jesieni\u0105 2024 roku hala CRS ponownie us\u0142ysza\u0142a charakterystyczne \u201eLet\u2019s go!\u201d wypowiadane z pasj\u0105 przez Waltera Hodge\u2019a \u2013 jednego z najbardziej uwielbianych graczy w historii zielonog\u00f3rskiej koszyk\u00f3wki. Ca\u0142kiem mo\u017cliwe jest to, \u017ce i w sezonie 2025\/2026 Portoryka\u0144czyk ponownie za\u0142o\u017cy koszulk\u0119 Zastalu. Ikona powr\u00f3ci\u0142a na ratunek Walter Hodge, maj\u0105cy ju\u017c 38 lat, zwi\u0105za\u0142 si\u0119 z Orlen Zastalem","canonical_url":"https:\/\/zastalowcy.pl\/?p=267","robots":"max-image-preview:large","keywords":"","webmasterTools":{"miscellaneous":""},"schema":{"@context":"https:\/\/schema.org","@graph":[{"@type":"BlogPosting","@id":"https:\/\/zastalowcy.pl\/?p=267#blogposting","name":"Walter Hodge ponownie w Zastalu? To mo\u017cliwe! -","headline":"Walter Hodge ponownie w Zastalu? To mo\u017cliwe!","author":{"@id":"https:\/\/zastalowcy.pl\/?author=3#author"},"publisher":{"@id":"https:\/\/zastalowcy.pl\/#organization"},"image":{"@type":"ImageObject","url":"https:\/\/zastalowcy.pl\/wp-content\/uploads\/2025\/07\/profilowe-14.png","width":2048,"height":2048,"caption":"Do grafiki wykorzystano zdj\u0119cie z Instagrama @woll15"},"datePublished":"2025-07-03T10:36:56+02:00","dateModified":"2025-07-03T10:37:37+02:00","inLanguage":"pl-PL","mainEntityOfPage":{"@id":"https:\/\/zastalowcy.pl\/?p=267#webpage"},"isPartOf":{"@id":"https:\/\/zastalowcy.pl\/?p=267#webpage"},"articleSection":"Aktualno\u015bci, arkadiusz mi\u0142oszewski, basketzg, dru\u017cyna, koszyk\u00f3wka, orlen zastal zielona g\u00f3ra, walter hodge, zastal, zastal zielona g\u00f3ra, zastalowcy, zastalowcy.pl, zielona g\u00f3ra, zielonagora, zielonog\u00f3rska koszyk\u00f3wka"},{"@type":"BreadcrumbList","@id":"https:\/\/zastalowcy.pl\/?p=267#breadcrumblist","itemListElement":[{"@type":"ListItem","@id":"https:\/\/zastalowcy.pl#listItem","position":1,"name":"Home","item":"https:\/\/zastalowcy.pl","nextItem":{"@type":"ListItem","@id":"https:\/\/zastalowcy.pl\/?cat=18#listItem","name":"Aktualno\u015bci"}},{"@type":"ListItem","@id":"https:\/\/zastalowcy.pl\/?cat=18#listItem","position":2,"name":"Aktualno\u015bci","item":"https:\/\/zastalowcy.pl\/?cat=18","nextItem":{"@type":"ListItem","@id":"https:\/\/zastalowcy.pl\/?p=267#listItem","name":"Walter Hodge ponownie w Zastalu? To mo\u017cliwe!"},"previousItem":{"@type":"ListItem","@id":"https:\/\/zastalowcy.pl#listItem","name":"Home"}},{"@type":"ListItem","@id":"https:\/\/zastalowcy.pl\/?p=267#listItem","position":3,"name":"Walter Hodge ponownie w Zastalu? To mo\u017cliwe!","previousItem":{"@type":"ListItem","@id":"https:\/\/zastalowcy.pl\/?cat=18#listItem","name":"Aktualno\u015bci"}}]},{"@type":"Organization","@id":"https:\/\/zastalowcy.pl\/#organization","description":"O Zastalu od kibic\u00f3w \u2013 dla kibic\u00f3w","url":"https:\/\/zastalowcy.pl\/","logo":{"@type":"ImageObject","url":"https:\/\/zastalowcy.pl\/wp-content\/uploads\/2025\/09\/cropped-logo-strony-2.png","@id":"https:\/\/zastalowcy.pl\/?p=267\/#organizationLogo","width":1862,"height":384},"image":{"@id":"https:\/\/zastalowcy.pl\/?p=267\/#organizationLogo"}},{"@type":"Person","@id":"https:\/\/zastalowcy.pl\/?author=3#author","url":"https:\/\/zastalowcy.pl\/?author=3","name":"Joanna Nawlicka","image":{"@type":"ImageObject","@id":"https:\/\/zastalowcy.pl\/?p=267#authorImage","url":"https:\/\/secure.gravatar.com\/avatar\/66fc557d97536ff5096b6295970275631b7a4673997738477642001957f5274c?s=96&d=mm&r=g","width":96,"height":96,"caption":"Joanna Nawlicka"}},{"@type":"WebPage","@id":"https:\/\/zastalowcy.pl\/?p=267#webpage","url":"https:\/\/zastalowcy.pl\/?p=267","name":"Walter Hodge ponownie w Zastalu? To mo\u017cliwe! -","description":"Jesieni\u0105 2024 roku hala CRS ponownie us\u0142ysza\u0142a charakterystyczne \u201eLet\u2019s go!\u201d wypowiadane z pasj\u0105 przez Waltera Hodge\u2019a \u2013 jednego z najbardziej uwielbianych graczy w historii zielonog\u00f3rskiej koszyk\u00f3wki. Ca\u0142kiem mo\u017cliwe jest to, \u017ce i w sezonie 2025\/2026 Portoryka\u0144czyk ponownie za\u0142o\u017cy koszulk\u0119 Zastalu. Ikona powr\u00f3ci\u0142a na ratunek Walter Hodge, maj\u0105cy ju\u017c 38 lat, zwi\u0105za\u0142 si\u0119 z Orlen Zastalem","inLanguage":"pl-PL","isPartOf":{"@id":"https:\/\/zastalowcy.pl\/#website"},"breadcrumb":{"@id":"https:\/\/zastalowcy.pl\/?p=267#breadcrumblist"},"author":{"@id":"https:\/\/zastalowcy.pl\/?author=3#author"},"creator":{"@id":"https:\/\/zastalowcy.pl\/?author=3#author"},"image":{"@type":"ImageObject","url":"https:\/\/zastalowcy.pl\/wp-content\/uploads\/2025\/07\/profilowe-14.png","@id":"https:\/\/zastalowcy.pl\/?p=267\/#mainImage","width":2048,"height":2048,"caption":"Do grafiki wykorzystano zdj\u0119cie z Instagrama @woll15"},"primaryImageOfPage":{"@id":"https:\/\/zastalowcy.pl\/?p=267#mainImage"},"datePublished":"2025-07-03T10:36:56+02:00","dateModified":"2025-07-03T10:37:37+02:00"},{"@type":"WebSite","@id":"https:\/\/zastalowcy.pl\/#website","url":"https:\/\/zastalowcy.pl\/","description":"O Zastalu od kibic\u00f3w \u2013 dla kibic\u00f3w","inLanguage":"pl-PL","publisher":{"@id":"https:\/\/zastalowcy.pl\/#organization"}}]},"og:locale":"pl_PL","og:site_name":"- O Zastalu od kibic\u00f3w \u2013 dla kibic\u00f3w","og:type":"article","og:title":"Walter Hodge ponownie w Zastalu? To mo\u017cliwe! -","og:description":"Jesieni\u0105 2024 roku hala CRS ponownie us\u0142ysza\u0142a charakterystyczne \u201eLet\u2019s go!\u201d wypowiadane z pasj\u0105 przez Waltera Hodge\u2019a \u2013 jednego z najbardziej uwielbianych graczy w historii zielonog\u00f3rskiej koszyk\u00f3wki. Ca\u0142kiem mo\u017cliwe jest to, \u017ce i w sezonie 2025\/2026 Portoryka\u0144czyk ponownie za\u0142o\u017cy koszulk\u0119 Zastalu. Ikona powr\u00f3ci\u0142a na ratunek Walter Hodge, maj\u0105cy ju\u017c 38 lat, zwi\u0105za\u0142 si\u0119 z Orlen Zastalem","og:url":"https:\/\/zastalowcy.pl\/?p=267","og:image":"https:\/\/zastalowcy.pl\/wp-content\/uploads\/2025\/09\/cropped-logo-strony-2.png","og:image:secure_url":"https:\/\/zastalowcy.pl\/wp-content\/uploads\/2025\/09\/cropped-logo-strony-2.png","og:image:width":1862,"og:image:height":384,"article:published_time":"2025-07-03T08:36:56+00:00","article:modified_time":"2025-07-03T08:37:37+00:00","twitter:card":"summary_large_image","twitter:title":"Walter Hodge ponownie w Zastalu? To mo\u017cliwe! -","twitter:description":"Jesieni\u0105 2024 roku hala CRS ponownie us\u0142ysza\u0142a charakterystyczne \u201eLet\u2019s go!\u201d wypowiadane z pasj\u0105 przez Waltera Hodge\u2019a \u2013 jednego z najbardziej uwielbianych graczy w historii zielonog\u00f3rskiej koszyk\u00f3wki. Ca\u0142kiem mo\u017cliwe jest to, \u017ce i w sezonie 2025\/2026 Portoryka\u0144czyk ponownie za\u0142o\u017cy koszulk\u0119 Zastalu. Ikona powr\u00f3ci\u0142a na ratunek Walter Hodge, maj\u0105cy ju\u017c 38 lat, zwi\u0105za\u0142 si\u0119 z Orlen Zastalem","twitter:image":"https:\/\/zastalowcy.pl\/wp-content\/uploads\/2025\/09\/cropped-logo-strony-2.png"},"aioseo_meta_data":{"post_id":"267","title":null,"description":null,"keywords":null,"keyphrases":null,"primary_term":null,"canonical_url":null,"og_title":null,"og_description":null,"og_object_type":"default","og_image_type":"default","og_image_custom_url":null,"og_image_custom_fields":null,"og_image_url":null,"og_image_width":null,"og_image_height":null,"og_video":null,"og_custom_url":null,"og_article_section":null,"og_article_tags":null,"twitter_use_og":false,"twitter_card":"default","twitter_image_type":"default","twitter_image_custom_url":null,"twitter_image_custom_fields":null,"twitter_image_url":null,"twitter_title":null,"twitter_description":null,"schema_type":"default","schema_type_options":null,"schema":{"blockGraphs":[],"customGraphs":[],"default":{"data":{"Article":[],"Course":[],"Dataset":[],"FAQPage":[],"Movie":[],"Person":[],"Product":[],"ProductReview":[],"Car":[],"Recipe":[],"Service":[],"SoftwareApplication":[],"WebPage":[]},"graphName":"","isEnabled":true},"graphs":[]},"pillar_content":false,"robots_default":true,"robots_noindex":false,"robots_noarchive":false,"robots_nosnippet":false,"robots_nofollow":false,"robots_noimageindex":false,"robots_noodp":false,"robots_notranslate":false,"robots_max_snippet":null,"robots_max_videopreview":null,"robots_max_imagepreview":"large","priority":null,"frequency":null,"local_seo":null,"limit_modified_date":false,"ai":null,"breadcrumb_settings":null,"seo_analyzer_scan_date":null,"created":"2026-07-15 16:34:29","updated":"2026-07-15 16:34:29","focus_keyword":null,"additional_keywords":null,"truseo_locale":null},"aioseo_breadcrumb":"<div class=\"aioseo-breadcrumbs\"><span class=\"aioseo-breadcrumb\">\n\t\t\t<a href=\"https:\/\/zastalowcy.pl\" title=\"Home\">Home<\/a>\n\t\t<\/span><span class=\"aioseo-breadcrumb-separator\">&raquo;<\/span><span class=\"aioseo-breadcrumb\">\n\t\t\t<a href=\"https:\/\/zastalowcy.pl\/?cat=18\" title=\"Aktualno\u015bci\">Aktualno\u015bci<\/a>\n\t\t<\/span><span class=\"aioseo-breadcrumb-separator\">&raquo;<\/span><span class=\"aioseo-breadcrumb\">\n\t\t\tWalter Hodge ponownie w Zastalu? To mo\u017cliwe!\n\t\t<\/span><\/div>","aioseo_breadcrumb_json":[{"label":"Home","link":"https:\/\/zastalowcy.pl"},{"label":"Aktualno\u015bci","link":"https:\/\/zastalowcy.pl\/?cat=18"},{"label":"Walter Hodge ponownie w Zastalu? To mo\u017cliwe!","link":"https:\/\/zastalowcy.pl\/?p=267"}],"_links":{"self":[{"href":"https:\/\/zastalowcy.pl\/index.php?rest_route=\/wp\/v2\/posts\/267","targetHints":{"allow":["GET"]}}],"collection":[{"href":"https:\/\/zastalowcy.pl\/index.php?rest_route=\/wp\/v2\/posts"}],"about":[{"href":"https:\/\/zastalowcy.pl\/index.php?rest_route=\/wp\/v2\/types\/post"}],"author":[{"embeddable":true,"href":"https:\/\/zastalowcy.pl\/index.php?rest_route=\/wp\/v2\/users\/3"}],"replies":[{"embeddable":true,"href":"https:\/\/zastalowcy.pl\/index.php?rest_route=%2Fwp%2Fv2%2Fcomments&post=267"}],"version-history":[{"count":1,"href":"https:\/\/zastalowcy.pl\/index.php?rest_route=\/wp\/v2\/posts\/267\/revisions"}],"predecessor-version":[{"id":269,"href":"https:\/\/zastalowcy.pl\/index.php?rest_route=\/wp\/v2\/posts\/267\/revisions\/269"}],"wp:featuredmedia":[{"embeddable":true,"href":"https:\/\/zastalowcy.pl\/index.php?rest_route=\/wp\/v2\/media\/270"}],"wp:attachment":[{"href":"https:\/\/zastalowcy.pl\/index.php?rest_route=%2Fwp%2Fv2%2Fmedia&parent=267"}],"wp:term":[{"taxonomy":"category","embeddable":true,"href":"https:\/\/zastalowcy.pl\/index.php?rest_route=%2Fwp%2Fv2%2Fcategories&post=267"},{"taxonomy":"post_tag","embeddable":true,"href":"https:\/\/zastalowcy.pl\/index.php?rest_route=%2Fwp%2Fv2%2Ftags&post=267"}],"curies":[{"name":"wp","href":"https:\/\/api.w.org\/{rel}","templated":true}]}}