{"id":291,"date":"2025-07-25T12:35:19","date_gmt":"2025-07-25T10:35:19","guid":{"rendered":"https:\/\/zastalowcy.pl\/?p=291"},"modified":"2025-07-25T12:35:19","modified_gmt":"2025-07-25T10:35:19","slug":"mlodosc-i-energia-w-skladzie-zastalu-gorenczyk-wraca-szumert-dolacza","status":"publish","type":"post","link":"https:\/\/zastalowcy.pl\/?p=291","title":{"rendered":"M\u0142odo\u015b\u0107 i energia w sk\u0142adzie Zastalu! G\u00f3re\u0144czyk wraca, Szumert do\u0142\u0105cza"},"content":{"rendered":"\n<p class=\"wp-block-paragraph\">W Zielonej G\u00f3rze robi si\u0119 coraz bardziej zielono \u2013 do Orlen Zastalu do\u0142\u0105czaj\u0105 kolejni gracze, kt\u00f3rzy maj\u0105 wnie\u015b\u0107 now\u0105 energi\u0119 i si\u0142\u0119 do zespo\u0142u. Kibice mog\u0105 si\u0119 cieszy\u0107 z powrotu dobrze znanego nazwiska oraz z transferu perspektywicznego zawodnika z do\u015bwiadczeniem w najwy\u017cszej lidze PLK.<\/p>\n\n\n\n<h3 class=\"wp-block-heading\">Witamy z powrotem, Mi\u0142osz!<\/h3>\n\n\n\n<p class=\"wp-block-paragraph\"><strong>Mi\u0142osz G\u00f3re\u0144czyk<\/strong> ponownie zagra w barwach Zastalu! Ostatnio m\u0142ody zawodnik reprezentowa\u0142 Weegree AZS Politechnik\u0119 Opolsk\u0105 w Pekao S.A. 1 Lidze M\u0119\u017cczyzn. W 16 meczach zdoby\u0142 180 punkt\u00f3w (\u015brednio 11,3 na spotkanie), prezentuj\u0105c si\u0119 jako dynamiczny i wszechstronny skrzyd\u0142owy. Notowa\u0142 tak\u017ce wiele zbi\u00f3rek, przechwyt\u00f3w i blok\u00f3w, a jego aktywno\u015b\u0107 po obu stronach parkietu przyci\u0105ga\u0142a uwag\u0119 rywali. Wcze\u015bniej gra\u0142 m.in. dla G\u00f3rnika Zamek Ksi\u0105\u017c Wa\u0142brzych, gdzie r\u00f3wnie\u017c wyr\u00f3\u017cnia\u0142 si\u0119 skuteczno\u015bci\u0105 i intensywno\u015bci\u0105 gry.<\/p>\n\n\n\n<p class=\"wp-block-paragraph\">Cho\u0107 w Orlen Basket Lidze G\u00f3re\u0144czyk rozegra\u0142 do tej pory zaledwie siedem spotka\u0144, jego rozw\u00f3j w 1 Lidze wskazuje na gotowo\u015b\u0107 do gry na najwy\u017cszym szczeblu rozgrywek. Powr\u00f3t do Zielonej G\u00f3ry oznacza dla niego szans\u0119 na dalszy rozw\u00f3j pod okiem trenera Arkadiusza Mi\u0142oszewskiego i przed w\u0142asn\u0105 publiczno\u015bci\u0105, kt\u00f3ra dobrze pami\u0119ta jego wcze\u015bniejsze wyst\u0119py.<\/p>\n\n\n\n<h3 class=\"wp-block-heading\">Nowa twarz w Zastalu \u2013 Jakub Szumert<\/h3>\n\n\n\n<p class=\"wp-block-paragraph\">Do sk\u0142adu Zastalu do\u0142\u0105czy\u0142 tak\u017ce <strong>Jakub Szumert<\/strong> \u2013 m\u0142ody zawodnik, kt\u00f3ry mimo m\u0142odego wieku ma ju\u017c na koncie 47 rozegranych mecz\u00f3w w Orlen Basket Lidze. Ostatnie dwa sezony sp\u0119dzi\u0142 w barwach Arki Gdynia. W Zielonej G\u00f3rze b\u0119dzie mia\u0142 okazj\u0119 dalej rozwija\u0107 sw\u00f3j potencja\u0142, korzystaj\u0105c z wi\u0119kszej odpowiedzialno\u015bci i zaufania sztabu szkoleniowego.<\/p>\n\n\n\n<p class=\"wp-block-paragraph\">Szumert to wszechstronny gracz. W sezonie 2024\/25 notowa\u0142 \u015brednio 2,4 punktu i 2,2 zbi\u00f3rki na mecz, sp\u0119dzaj\u0105c na parkiecie nieco ponad 12 minut. Jego statystyki wskazuj\u0105 na solidn\u0105 skuteczno\u015b\u0107 przy rzutach za dwa punkty i du\u017c\u0105 aktywno\u015b\u0107 w defensywie \u2013 \u015brednio 0,6 przechwytu i 0,7 bloku na spotkanie.<\/p>\n\n\n\n<p class=\"wp-block-paragraph\">Warto doda\u0107, \u017ce Jakub Szumert reprezentowa\u0142 tak\u017ce kadr\u0119 Polski U20, co \u015bwiadczy o jego potencjale i uznaniu na szczeblu m\u0142odzie\u017cowej reprezentacji. Transfer do Zastalu to kolejny krok w jego karierze i szansa na zaistnienie w nowej roli w ekstraklasowym zespole.<\/p>\n\n\n\n<p class=\"wp-block-paragraph\">\ud83c\udfc0 Zastalowcy.pl \u2013 o Zastalu od kibic\u00f3w \u2013 dla kibic\u00f3w<\/p>\n","protected":false},"excerpt":{"rendered":"<p>W Zielonej G\u00f3rze robi si\u0119 coraz bardziej zielono \u2013 do Orlen Zastalu do\u0142\u0105czaj\u0105 kolejni gracze, kt\u00f3rzy maj\u0105 wnie\u015b\u0107<\/p>\n","protected":false},"author":3,"featured_media":292,"comment_status":"open","ping_status":"open","sticky":false,"template":"","format":"standard","meta":{"om_disable_all_campaigns":false,"footnotes":""},"categories":[18,9],"tags":[17,26,75,15,76,13,30,12,14,42,11,10,16],"class_list":["post-291","post","type-post","status-publish","format-standard","has-post-thumbnail","hentry","category-aktualnosci","category-sezon-2025-2026","tag-basketzg","tag-druzyna","tag-jakub-szumert","tag-koszykowka","tag-milosz-gorenczyk","tag-orlen-zastal-zielona-gora","tag-transfery","tag-zastal","tag-zastal-zielona-gora","tag-zastalowcy","tag-zielona-gora","tag-zielonagora","tag-zielonogorska-koszykowka"],"aioseo_notices":[],"aioseo_head":"\n\t\t<!-- All in One SEO 5.0.0.1 - aioseo.com -->\n\t<meta name=\"description\" content=\"W Zielonej G\u00f3rze robi si\u0119 coraz bardziej zielono \u2013 do Orlen Zastalu do\u0142\u0105czaj\u0105 kolejni gracze, kt\u00f3rzy maj\u0105 wnie\u015b\u0107 now\u0105 energi\u0119 i si\u0142\u0119 do zespo\u0142u. Kibice mog\u0105 si\u0119 cieszy\u0107 z powrotu dobrze znanego nazwiska oraz z transferu perspektywicznego zawodnika z do\u015bwiadczeniem w najwy\u017cszej lidze PLK. Witamy z powrotem, Mi\u0142osz! Mi\u0142osz G\u00f3re\u0144czyk ponownie zagra w barwach Zastalu!\" \/>\n\t<meta name=\"robots\" content=\"max-image-preview:large\" \/>\n\t<meta name=\"author\" content=\"Joanna Nawlicka\"\/>\n\t<link rel=\"canonical\" href=\"https:\/\/zastalowcy.pl\/?p=291\" \/>\n\t<meta name=\"generator\" content=\"All in One SEO (AIOSEO) 5.0.0.1\" \/>\n\t\t<meta property=\"og:locale\" content=\"pl_PL\" \/>\n\t\t<meta property=\"og:site_name\" content=\"- O Zastalu od kibic\u00f3w \u2013 dla kibic\u00f3w\" \/>\n\t\t<meta property=\"og:type\" content=\"article\" \/>\n\t\t<meta property=\"og:title\" content=\"M\u0142odo\u015b\u0107 i energia w sk\u0142adzie Zastalu! G\u00f3re\u0144czyk wraca, Szumert do\u0142\u0105cza -\" \/>\n\t\t<meta property=\"og:description\" content=\"W Zielonej G\u00f3rze robi si\u0119 coraz bardziej zielono \u2013 do Orlen Zastalu do\u0142\u0105czaj\u0105 kolejni gracze, kt\u00f3rzy maj\u0105 wnie\u015b\u0107 now\u0105 energi\u0119 i si\u0142\u0119 do zespo\u0142u. Kibice mog\u0105 si\u0119 cieszy\u0107 z powrotu dobrze znanego nazwiska oraz z transferu perspektywicznego zawodnika z do\u015bwiadczeniem w najwy\u017cszej lidze PLK. Witamy z powrotem, Mi\u0142osz! Mi\u0142osz G\u00f3re\u0144czyk ponownie zagra w barwach Zastalu!\" \/>\n\t\t<meta property=\"og:url\" content=\"https:\/\/zastalowcy.pl\/?p=291\" \/>\n\t\t<meta property=\"og:image\" content=\"https:\/\/zastalowcy.pl\/wp-content\/uploads\/2025\/09\/cropped-logo-strony-2.png\" \/>\n\t\t<meta property=\"og:image:secure_url\" content=\"https:\/\/zastalowcy.pl\/wp-content\/uploads\/2025\/09\/cropped-logo-strony-2.png\" \/>\n\t\t<meta property=\"og:image:width\" content=\"1862\" \/>\n\t\t<meta property=\"og:image:height\" content=\"384\" \/>\n\t\t<meta property=\"article:published_time\" content=\"2025-07-25T10:35:19+00:00\" \/>\n\t\t<meta property=\"article:modified_time\" content=\"2025-07-25T10:35:19+00:00\" \/>\n\t\t<meta name=\"twitter:card\" content=\"summary_large_image\" \/>\n\t\t<meta name=\"twitter:title\" content=\"M\u0142odo\u015b\u0107 i energia w sk\u0142adzie Zastalu! G\u00f3re\u0144czyk wraca, Szumert do\u0142\u0105cza -\" \/>\n\t\t<meta name=\"twitter:description\" content=\"W Zielonej G\u00f3rze robi si\u0119 coraz bardziej zielono \u2013 do Orlen Zastalu do\u0142\u0105czaj\u0105 kolejni gracze, kt\u00f3rzy maj\u0105 wnie\u015b\u0107 now\u0105 energi\u0119 i si\u0142\u0119 do zespo\u0142u. Kibice mog\u0105 si\u0119 cieszy\u0107 z powrotu dobrze znanego nazwiska oraz z transferu perspektywicznego zawodnika z do\u015bwiadczeniem w najwy\u017cszej lidze PLK. Witamy z powrotem, Mi\u0142osz! Mi\u0142osz G\u00f3re\u0144czyk ponownie zagra w barwach Zastalu!\" \/>\n\t\t<meta name=\"twitter:image\" content=\"https:\/\/zastalowcy.pl\/wp-content\/uploads\/2025\/09\/cropped-logo-strony-2.png\" \/>\n\t\t<script type=\"application\/ld+json\" class=\"aioseo-schema\">\n\t\t\t{\"@context\":\"https:\\\/\\\/schema.org\",\"@graph\":[{\"@type\":\"BlogPosting\",\"@id\":\"https:\\\/\\\/zastalowcy.pl\\\/?p=291#blogposting\",\"name\":\"M\\u0142odo\\u015b\\u0107 i energia w sk\\u0142adzie Zastalu! G\\u00f3re\\u0144czyk wraca, Szumert do\\u0142\\u0105cza -\",\"headline\":\"M\\u0142odo\\u015b\\u0107 i energia w sk\\u0142adzie Zastalu! G\\u00f3re\\u0144czyk wraca, Szumert do\\u0142\\u0105cza\",\"author\":{\"@id\":\"https:\\\/\\\/zastalowcy.pl\\\/?author=3#author\"},\"publisher\":{\"@id\":\"https:\\\/\\\/zastalowcy.pl\\\/#organization\"},\"image\":{\"@type\":\"ImageObject\",\"url\":\"https:\\\/\\\/zastalowcy.pl\\\/wp-content\\\/uploads\\\/2025\\\/07\\\/profilowe-20.png\",\"width\":2048,\"height\":2048},\"datePublished\":\"2025-07-25T12:35:19+02:00\",\"dateModified\":\"2025-07-25T12:35:19+02:00\",\"inLanguage\":\"pl-PL\",\"mainEntityOfPage\":{\"@id\":\"https:\\\/\\\/zastalowcy.pl\\\/?p=291#webpage\"},\"isPartOf\":{\"@id\":\"https:\\\/\\\/zastalowcy.pl\\\/?p=291#webpage\"},\"articleSection\":\"Aktualno\\u015bci, Sezon 2025\\\/2026, basketzg, dru\\u017cyna, jakub szumert, koszyk\\u00f3wka, mi\\u0142osz g\\u00f3re\\u0144czyk, orlen zastal zielona g\\u00f3ra, transfery, zastal, zastal zielona g\\u00f3ra, zastalowcy, zielona g\\u00f3ra, zielonagora, zielonog\\u00f3rska koszyk\\u00f3wka\"},{\"@type\":\"BreadcrumbList\",\"@id\":\"https:\\\/\\\/zastalowcy.pl\\\/?p=291#breadcrumblist\",\"itemListElement\":[{\"@type\":\"ListItem\",\"@id\":\"https:\\\/\\\/zastalowcy.pl#listItem\",\"position\":1,\"name\":\"Home\",\"item\":\"https:\\\/\\\/zastalowcy.pl\",\"nextItem\":{\"@type\":\"ListItem\",\"@id\":\"https:\\\/\\\/zastalowcy.pl\\\/?cat=9#listItem\",\"name\":\"Sezon 2025\\\/2026\"}},{\"@type\":\"ListItem\",\"@id\":\"https:\\\/\\\/zastalowcy.pl\\\/?cat=9#listItem\",\"position\":2,\"name\":\"Sezon 2025\\\/2026\",\"item\":\"https:\\\/\\\/zastalowcy.pl\\\/?cat=9\",\"nextItem\":{\"@type\":\"ListItem\",\"@id\":\"https:\\\/\\\/zastalowcy.pl\\\/?p=291#listItem\",\"name\":\"M\\u0142odo\\u015b\\u0107 i energia w sk\\u0142adzie Zastalu! G\\u00f3re\\u0144czyk wraca, Szumert do\\u0142\\u0105cza\"},\"previousItem\":{\"@type\":\"ListItem\",\"@id\":\"https:\\\/\\\/zastalowcy.pl#listItem\",\"name\":\"Home\"}},{\"@type\":\"ListItem\",\"@id\":\"https:\\\/\\\/zastalowcy.pl\\\/?p=291#listItem\",\"position\":3,\"name\":\"M\\u0142odo\\u015b\\u0107 i energia w sk\\u0142adzie Zastalu! G\\u00f3re\\u0144czyk wraca, Szumert do\\u0142\\u0105cza\",\"previousItem\":{\"@type\":\"ListItem\",\"@id\":\"https:\\\/\\\/zastalowcy.pl\\\/?cat=9#listItem\",\"name\":\"Sezon 2025\\\/2026\"}}]},{\"@type\":\"Organization\",\"@id\":\"https:\\\/\\\/zastalowcy.pl\\\/#organization\",\"description\":\"O Zastalu od kibic\\u00f3w \\u2013 dla kibic\\u00f3w\",\"url\":\"https:\\\/\\\/zastalowcy.pl\\\/\",\"logo\":{\"@type\":\"ImageObject\",\"url\":\"https:\\\/\\\/zastalowcy.pl\\\/wp-content\\\/uploads\\\/2025\\\/09\\\/cropped-logo-strony-2.png\",\"@id\":\"https:\\\/\\\/zastalowcy.pl\\\/?p=291\\\/#organizationLogo\",\"width\":1862,\"height\":384},\"image\":{\"@id\":\"https:\\\/\\\/zastalowcy.pl\\\/?p=291\\\/#organizationLogo\"}},{\"@type\":\"Person\",\"@id\":\"https:\\\/\\\/zastalowcy.pl\\\/?author=3#author\",\"url\":\"https:\\\/\\\/zastalowcy.pl\\\/?author=3\",\"name\":\"Joanna Nawlicka\",\"image\":{\"@type\":\"ImageObject\",\"@id\":\"https:\\\/\\\/zastalowcy.pl\\\/?p=291#authorImage\",\"url\":\"https:\\\/\\\/secure.gravatar.com\\\/avatar\\\/66fc557d97536ff5096b6295970275631b7a4673997738477642001957f5274c?s=96&d=mm&r=g\",\"width\":96,\"height\":96,\"caption\":\"Joanna Nawlicka\"}},{\"@type\":\"WebPage\",\"@id\":\"https:\\\/\\\/zastalowcy.pl\\\/?p=291#webpage\",\"url\":\"https:\\\/\\\/zastalowcy.pl\\\/?p=291\",\"name\":\"M\\u0142odo\\u015b\\u0107 i energia w sk\\u0142adzie Zastalu! G\\u00f3re\\u0144czyk wraca, Szumert do\\u0142\\u0105cza -\",\"description\":\"W Zielonej G\\u00f3rze robi si\\u0119 coraz bardziej zielono \\u2013 do Orlen Zastalu do\\u0142\\u0105czaj\\u0105 kolejni gracze, kt\\u00f3rzy maj\\u0105 wnie\\u015b\\u0107 now\\u0105 energi\\u0119 i si\\u0142\\u0119 do zespo\\u0142u. Kibice mog\\u0105 si\\u0119 cieszy\\u0107 z powrotu dobrze znanego nazwiska oraz z transferu perspektywicznego zawodnika z do\\u015bwiadczeniem w najwy\\u017cszej lidze PLK. Witamy z powrotem, Mi\\u0142osz! Mi\\u0142osz G\\u00f3re\\u0144czyk ponownie zagra w barwach Zastalu!\",\"inLanguage\":\"pl-PL\",\"isPartOf\":{\"@id\":\"https:\\\/\\\/zastalowcy.pl\\\/#website\"},\"breadcrumb\":{\"@id\":\"https:\\\/\\\/zastalowcy.pl\\\/?p=291#breadcrumblist\"},\"author\":{\"@id\":\"https:\\\/\\\/zastalowcy.pl\\\/?author=3#author\"},\"creator\":{\"@id\":\"https:\\\/\\\/zastalowcy.pl\\\/?author=3#author\"},\"image\":{\"@type\":\"ImageObject\",\"url\":\"https:\\\/\\\/zastalowcy.pl\\\/wp-content\\\/uploads\\\/2025\\\/07\\\/profilowe-20.png\",\"@id\":\"https:\\\/\\\/zastalowcy.pl\\\/?p=291\\\/#mainImage\",\"width\":2048,\"height\":2048},\"primaryImageOfPage\":{\"@id\":\"https:\\\/\\\/zastalowcy.pl\\\/?p=291#mainImage\"},\"datePublished\":\"2025-07-25T12:35:19+02:00\",\"dateModified\":\"2025-07-25T12:35:19+02:00\"},{\"@type\":\"WebSite\",\"@id\":\"https:\\\/\\\/zastalowcy.pl\\\/#website\",\"url\":\"https:\\\/\\\/zastalowcy.pl\\\/\",\"description\":\"O Zastalu od kibic\\u00f3w \\u2013 dla kibic\\u00f3w\",\"inLanguage\":\"pl-PL\",\"publisher\":{\"@id\":\"https:\\\/\\\/zastalowcy.pl\\\/#organization\"}}]}\n\t\t<\/script>\n\t\t<!-- All in One SEO -->\n\n","aioseo_head_json":{"title":"M\u0142odo\u015b\u0107 i energia w sk\u0142adzie Zastalu! G\u00f3re\u0144czyk wraca, Szumert do\u0142\u0105cza -","description":"W Zielonej G\u00f3rze robi si\u0119 coraz bardziej zielono \u2013 do Orlen Zastalu do\u0142\u0105czaj\u0105 kolejni gracze, kt\u00f3rzy maj\u0105 wnie\u015b\u0107 now\u0105 energi\u0119 i si\u0142\u0119 do zespo\u0142u. Kibice mog\u0105 si\u0119 cieszy\u0107 z powrotu dobrze znanego nazwiska oraz z transferu perspektywicznego zawodnika z do\u015bwiadczeniem w najwy\u017cszej lidze PLK. Witamy z powrotem, Mi\u0142osz! Mi\u0142osz G\u00f3re\u0144czyk ponownie zagra w barwach Zastalu!","canonical_url":"https:\/\/zastalowcy.pl\/?p=291","robots":"max-image-preview:large","keywords":"","webmasterTools":{"miscellaneous":""},"schema":{"@context":"https:\/\/schema.org","@graph":[{"@type":"BlogPosting","@id":"https:\/\/zastalowcy.pl\/?p=291#blogposting","name":"M\u0142odo\u015b\u0107 i energia w sk\u0142adzie Zastalu! G\u00f3re\u0144czyk wraca, Szumert do\u0142\u0105cza -","headline":"M\u0142odo\u015b\u0107 i energia w sk\u0142adzie Zastalu! G\u00f3re\u0144czyk wraca, Szumert do\u0142\u0105cza","author":{"@id":"https:\/\/zastalowcy.pl\/?author=3#author"},"publisher":{"@id":"https:\/\/zastalowcy.pl\/#organization"},"image":{"@type":"ImageObject","url":"https:\/\/zastalowcy.pl\/wp-content\/uploads\/2025\/07\/profilowe-20.png","width":2048,"height":2048},"datePublished":"2025-07-25T12:35:19+02:00","dateModified":"2025-07-25T12:35:19+02:00","inLanguage":"pl-PL","mainEntityOfPage":{"@id":"https:\/\/zastalowcy.pl\/?p=291#webpage"},"isPartOf":{"@id":"https:\/\/zastalowcy.pl\/?p=291#webpage"},"articleSection":"Aktualno\u015bci, Sezon 2025\/2026, basketzg, dru\u017cyna, jakub szumert, koszyk\u00f3wka, mi\u0142osz g\u00f3re\u0144czyk, orlen zastal zielona g\u00f3ra, transfery, zastal, zastal zielona g\u00f3ra, zastalowcy, zielona g\u00f3ra, zielonagora, zielonog\u00f3rska koszyk\u00f3wka"},{"@type":"BreadcrumbList","@id":"https:\/\/zastalowcy.pl\/?p=291#breadcrumblist","itemListElement":[{"@type":"ListItem","@id":"https:\/\/zastalowcy.pl#listItem","position":1,"name":"Home","item":"https:\/\/zastalowcy.pl","nextItem":{"@type":"ListItem","@id":"https:\/\/zastalowcy.pl\/?cat=9#listItem","name":"Sezon 2025\/2026"}},{"@type":"ListItem","@id":"https:\/\/zastalowcy.pl\/?cat=9#listItem","position":2,"name":"Sezon 2025\/2026","item":"https:\/\/zastalowcy.pl\/?cat=9","nextItem":{"@type":"ListItem","@id":"https:\/\/zastalowcy.pl\/?p=291#listItem","name":"M\u0142odo\u015b\u0107 i energia w sk\u0142adzie Zastalu! G\u00f3re\u0144czyk wraca, Szumert do\u0142\u0105cza"},"previousItem":{"@type":"ListItem","@id":"https:\/\/zastalowcy.pl#listItem","name":"Home"}},{"@type":"ListItem","@id":"https:\/\/zastalowcy.pl\/?p=291#listItem","position":3,"name":"M\u0142odo\u015b\u0107 i energia w sk\u0142adzie Zastalu! G\u00f3re\u0144czyk wraca, Szumert do\u0142\u0105cza","previousItem":{"@type":"ListItem","@id":"https:\/\/zastalowcy.pl\/?cat=9#listItem","name":"Sezon 2025\/2026"}}]},{"@type":"Organization","@id":"https:\/\/zastalowcy.pl\/#organization","description":"O Zastalu od kibic\u00f3w \u2013 dla kibic\u00f3w","url":"https:\/\/zastalowcy.pl\/","logo":{"@type":"ImageObject","url":"https:\/\/zastalowcy.pl\/wp-content\/uploads\/2025\/09\/cropped-logo-strony-2.png","@id":"https:\/\/zastalowcy.pl\/?p=291\/#organizationLogo","width":1862,"height":384},"image":{"@id":"https:\/\/zastalowcy.pl\/?p=291\/#organizationLogo"}},{"@type":"Person","@id":"https:\/\/zastalowcy.pl\/?author=3#author","url":"https:\/\/zastalowcy.pl\/?author=3","name":"Joanna Nawlicka","image":{"@type":"ImageObject","@id":"https:\/\/zastalowcy.pl\/?p=291#authorImage","url":"https:\/\/secure.gravatar.com\/avatar\/66fc557d97536ff5096b6295970275631b7a4673997738477642001957f5274c?s=96&d=mm&r=g","width":96,"height":96,"caption":"Joanna Nawlicka"}},{"@type":"WebPage","@id":"https:\/\/zastalowcy.pl\/?p=291#webpage","url":"https:\/\/zastalowcy.pl\/?p=291","name":"M\u0142odo\u015b\u0107 i energia w sk\u0142adzie Zastalu! G\u00f3re\u0144czyk wraca, Szumert do\u0142\u0105cza -","description":"W Zielonej G\u00f3rze robi si\u0119 coraz bardziej zielono \u2013 do Orlen Zastalu do\u0142\u0105czaj\u0105 kolejni gracze, kt\u00f3rzy maj\u0105 wnie\u015b\u0107 now\u0105 energi\u0119 i si\u0142\u0119 do zespo\u0142u. Kibice mog\u0105 si\u0119 cieszy\u0107 z powrotu dobrze znanego nazwiska oraz z transferu perspektywicznego zawodnika z do\u015bwiadczeniem w najwy\u017cszej lidze PLK. Witamy z powrotem, Mi\u0142osz! Mi\u0142osz G\u00f3re\u0144czyk ponownie zagra w barwach Zastalu!","inLanguage":"pl-PL","isPartOf":{"@id":"https:\/\/zastalowcy.pl\/#website"},"breadcrumb":{"@id":"https:\/\/zastalowcy.pl\/?p=291#breadcrumblist"},"author":{"@id":"https:\/\/zastalowcy.pl\/?author=3#author"},"creator":{"@id":"https:\/\/zastalowcy.pl\/?author=3#author"},"image":{"@type":"ImageObject","url":"https:\/\/zastalowcy.pl\/wp-content\/uploads\/2025\/07\/profilowe-20.png","@id":"https:\/\/zastalowcy.pl\/?p=291\/#mainImage","width":2048,"height":2048},"primaryImageOfPage":{"@id":"https:\/\/zastalowcy.pl\/?p=291#mainImage"},"datePublished":"2025-07-25T12:35:19+02:00","dateModified":"2025-07-25T12:35:19+02:00"},{"@type":"WebSite","@id":"https:\/\/zastalowcy.pl\/#website","url":"https:\/\/zastalowcy.pl\/","description":"O Zastalu od kibic\u00f3w \u2013 dla kibic\u00f3w","inLanguage":"pl-PL","publisher":{"@id":"https:\/\/zastalowcy.pl\/#organization"}}]},"og:locale":"pl_PL","og:site_name":"- O Zastalu od kibic\u00f3w \u2013 dla kibic\u00f3w","og:type":"article","og:title":"M\u0142odo\u015b\u0107 i energia w sk\u0142adzie Zastalu! G\u00f3re\u0144czyk wraca, Szumert do\u0142\u0105cza -","og:description":"W Zielonej G\u00f3rze robi si\u0119 coraz bardziej zielono \u2013 do Orlen Zastalu do\u0142\u0105czaj\u0105 kolejni gracze, kt\u00f3rzy maj\u0105 wnie\u015b\u0107 now\u0105 energi\u0119 i si\u0142\u0119 do zespo\u0142u. Kibice mog\u0105 si\u0119 cieszy\u0107 z powrotu dobrze znanego nazwiska oraz z transferu perspektywicznego zawodnika z do\u015bwiadczeniem w najwy\u017cszej lidze PLK. Witamy z powrotem, Mi\u0142osz! Mi\u0142osz G\u00f3re\u0144czyk ponownie zagra w barwach Zastalu!","og:url":"https:\/\/zastalowcy.pl\/?p=291","og:image":"https:\/\/zastalowcy.pl\/wp-content\/uploads\/2025\/09\/cropped-logo-strony-2.png","og:image:secure_url":"https:\/\/zastalowcy.pl\/wp-content\/uploads\/2025\/09\/cropped-logo-strony-2.png","og:image:width":1862,"og:image:height":384,"article:published_time":"2025-07-25T10:35:19+00:00","article:modified_time":"2025-07-25T10:35:19+00:00","twitter:card":"summary_large_image","twitter:title":"M\u0142odo\u015b\u0107 i energia w sk\u0142adzie Zastalu! G\u00f3re\u0144czyk wraca, Szumert do\u0142\u0105cza -","twitter:description":"W Zielonej G\u00f3rze robi si\u0119 coraz bardziej zielono \u2013 do Orlen Zastalu do\u0142\u0105czaj\u0105 kolejni gracze, kt\u00f3rzy maj\u0105 wnie\u015b\u0107 now\u0105 energi\u0119 i si\u0142\u0119 do zespo\u0142u. Kibice mog\u0105 si\u0119 cieszy\u0107 z powrotu dobrze znanego nazwiska oraz z transferu perspektywicznego zawodnika z do\u015bwiadczeniem w najwy\u017cszej lidze PLK. Witamy z powrotem, Mi\u0142osz! Mi\u0142osz G\u00f3re\u0144czyk ponownie zagra w barwach Zastalu!","twitter:image":"https:\/\/zastalowcy.pl\/wp-content\/uploads\/2025\/09\/cropped-logo-strony-2.png"},"aioseo_meta_data":{"post_id":"291","title":null,"description":null,"keywords":null,"keyphrases":null,"primary_term":null,"canonical_url":null,"og_title":null,"og_description":null,"og_object_type":"default","og_image_type":"default","og_image_custom_url":null,"og_image_custom_fields":null,"og_image_url":null,"og_image_width":null,"og_image_height":null,"og_video":null,"og_custom_url":null,"og_article_section":null,"og_article_tags":null,"twitter_use_og":false,"twitter_card":"default","twitter_image_type":"default","twitter_image_custom_url":null,"twitter_image_custom_fields":null,"twitter_image_url":null,"twitter_title":null,"twitter_description":null,"schema_type":"default","schema_type_options":null,"schema":{"blockGraphs":[],"customGraphs":[],"default":{"data":{"Article":[],"Course":[],"Dataset":[],"FAQPage":[],"Movie":[],"Person":[],"Product":[],"ProductReview":[],"Car":[],"Recipe":[],"Service":[],"SoftwareApplication":[],"WebPage":[]},"graphName":"","isEnabled":true},"graphs":[]},"pillar_content":false,"robots_default":true,"robots_noindex":false,"robots_noarchive":false,"robots_nosnippet":false,"robots_nofollow":false,"robots_noimageindex":false,"robots_noodp":false,"robots_notranslate":false,"robots_max_snippet":null,"robots_max_videopreview":null,"robots_max_imagepreview":"large","priority":null,"frequency":null,"local_seo":null,"limit_modified_date":false,"ai":null,"breadcrumb_settings":null,"seo_analyzer_scan_date":null,"created":"2026-07-15 16:35:41","updated":"2026-07-15 16:35:41","focus_keyword":null,"additional_keywords":null,"truseo_locale":null},"aioseo_breadcrumb":"<div class=\"aioseo-breadcrumbs\"><span class=\"aioseo-breadcrumb\">\n\t\t\t<a href=\"https:\/\/zastalowcy.pl\" title=\"Home\">Home<\/a>\n\t\t<\/span><span class=\"aioseo-breadcrumb-separator\">&raquo;<\/span><span class=\"aioseo-breadcrumb\">\n\t\t\t<a href=\"https:\/\/zastalowcy.pl\/?cat=9\" title=\"Sezon 2025\/2026\">Sezon 2025\/2026<\/a>\n\t\t<\/span><span class=\"aioseo-breadcrumb-separator\">&raquo;<\/span><span class=\"aioseo-breadcrumb\">\n\t\t\tM\u0142odo\u015b\u0107 i energia w sk\u0142adzie Zastalu! G\u00f3re\u0144czyk wraca, Szumert do\u0142\u0105cza\n\t\t<\/span><\/div>","aioseo_breadcrumb_json":[{"label":"Home","link":"https:\/\/zastalowcy.pl"},{"label":"Sezon 2025\/2026","link":"https:\/\/zastalowcy.pl\/?cat=9"},{"label":"M\u0142odo\u015b\u0107 i energia w sk\u0142adzie Zastalu! G\u00f3re\u0144czyk wraca, Szumert do\u0142\u0105cza","link":"https:\/\/zastalowcy.pl\/?p=291"}],"_links":{"self":[{"href":"https:\/\/zastalowcy.pl\/index.php?rest_route=\/wp\/v2\/posts\/291","targetHints":{"allow":["GET"]}}],"collection":[{"href":"https:\/\/zastalowcy.pl\/index.php?rest_route=\/wp\/v2\/posts"}],"about":[{"href":"https:\/\/zastalowcy.pl\/index.php?rest_route=\/wp\/v2\/types\/post"}],"author":[{"embeddable":true,"href":"https:\/\/zastalowcy.pl\/index.php?rest_route=\/wp\/v2\/users\/3"}],"replies":[{"embeddable":true,"href":"https:\/\/zastalowcy.pl\/index.php?rest_route=%2Fwp%2Fv2%2Fcomments&post=291"}],"version-history":[{"count":1,"href":"https:\/\/zastalowcy.pl\/index.php?rest_route=\/wp\/v2\/posts\/291\/revisions"}],"predecessor-version":[{"id":293,"href":"https:\/\/zastalowcy.pl\/index.php?rest_route=\/wp\/v2\/posts\/291\/revisions\/293"}],"wp:featuredmedia":[{"embeddable":true,"href":"https:\/\/zastalowcy.pl\/index.php?rest_route=\/wp\/v2\/media\/292"}],"wp:attachment":[{"href":"https:\/\/zastalowcy.pl\/index.php?rest_route=%2Fwp%2Fv2%2Fmedia&parent=291"}],"wp:term":[{"taxonomy":"category","embeddable":true,"href":"https:\/\/zastalowcy.pl\/index.php?rest_route=%2Fwp%2Fv2%2Fcategories&post=291"},{"taxonomy":"post_tag","embeddable":true,"href":"https:\/\/zastalowcy.pl\/index.php?rest_route=%2Fwp%2Fv2%2Ftags&post=291"}],"curies":[{"name":"wp","href":"https:\/\/api.w.org\/{rel}","templated":true}]}}