{"id":302,"date":"2025-08-06T18:36:16","date_gmt":"2025-08-06T16:36:16","guid":{"rendered":"https:\/\/zastalowcy.pl\/?p=302"},"modified":"2025-08-12T12:40:33","modified_gmt":"2025-08-12T10:40:33","slug":"krzysztof-sulima-wraca-do-zielonej-gory","status":"publish","type":"post","link":"https:\/\/zastalowcy.pl\/?p=302","title":{"rendered":"Krzysztof Sulima wraca do Zielonej G\u00f3ry!"},"content":{"rendered":"\n<p class=\"wp-block-paragraph\">Po trzech sezonach przerwy Krzysztof Sulima ponownie za\u0142o\u017cy bia\u0142o-zielon\u0105 koszulk\u0119 Zastalu! Do\u015bwiadczony podkoszowy podpisa\u0142 z naszym klubem dwuletni kontrakt, dzi\u0119ki czemu kibice b\u0119d\u0105 mogli zn\u00f3w ogl\u0105da\u0107 go w akcji w hali CRS.<\/p>\n\n\n\n<p class=\"wp-block-paragraph\">Sulima mo\u017ce gra\u0107 na pozycji silny skrzyd\u0142owy\/\u015brodkowy. Kibice z Zielonej G\u00f3ry znaj\u0105 go dobrze, dzi\u0119ki jego grze w Zastalu w sezonach 2020\/21 oraz 2021\/22. Kariera \u201e\u017bubra\u201d w ostatnich latach toczy\u0142a si\u0119 dalej w klubach: PGE Sp\u00f3jnia Stargard, Arged BM Stal Ostr\u00f3w Wielkopolski oraz Anwil W\u0142oc\u0142awek. Teraz wraca do Zielonej G\u00f3ry z baga\u017cem jeszcze wi\u0119kszego do\u015bwiadczenia i gotowo\u015bci\u0105 do walki o najwy\u017csze cele.<\/p>\n\n\n\n<p class=\"wp-block-paragraph\">W minionym sezonie 2024\/2025 w barwach Anwilu W\u0142oc\u0142awek Sulima rozegra\u0142 w sumie 33 spotkania. Cho\u0107 jego \u015bredni czas gry by\u0142 ograniczony (6 minut na mecz), to imponowa\u0142 skuteczno\u015bci\u0105 \u2013 trafia\u0142 a\u017c 59,3% rzut\u00f3w za dwa punkty oraz 56,3% wszystkich rzut\u00f3w z gry. Wcze\u015bniej, graj\u0105c m.in. w Ostrowie i Stargardzie, regularnie notowa\u0142 oko\u0142o 4\u20135 punkt\u00f3w i 2\u20134 zbi\u00f3rek na mecz, wykazuj\u0105c si\u0119 solidno\u015bci\u0105 i do\u015bwiadczeniem na parkiecie.<\/p>\n\n\n\n<p class=\"wp-block-paragraph\">Powr\u00f3t Sulimy to nie tylko wzmocnienie rotacji podkoszowej, ale tak\u017ce zastrzyk boiskowej m\u0105dro\u015bci i pozytywnej energii dla m\u0142odszych graczy. Jego wszechstronno\u015b\u0107 daje trenerowi Arkadiuszowi Mi\u0142oszewskiemu nowe opcje w ustawieniach taktycznych.<\/p>\n\n\n\n<p class=\"wp-block-paragraph\">Witamy ponownie w Zielonej G\u00f3rze, Krzysztof! \ud83d\udc9a<\/p>\n\n\n\n<p class=\"wp-block-paragraph\">\ud83c\udfc0 Zastalowcy.pl \u2013 o Zastalu od kibic\u00f3w \u2013 dla kibic\u00f3w<\/p>\n","protected":false},"excerpt":{"rendered":"<p>Po trzech sezonach przerwy Krzysztof Sulima ponownie za\u0142o\u017cy bia\u0142o-zielon\u0105 koszulk\u0119 Zastalu! Do\u015bwiadczony podkoszowy podpisa\u0142 z naszym klubem dwuletni<\/p>\n","protected":false},"author":3,"featured_media":303,"comment_status":"open","ping_status":"open","sticky":false,"template":"","format":"standard","meta":{"om_disable_all_campaigns":false,"footnotes":""},"categories":[18,9],"tags":[17,26,15,83,13,82,12,14,42,11,10,16],"class_list":["post-302","post","type-post","status-publish","format-standard","has-post-thumbnail","hentry","category-aktualnosci","category-sezon-2025-2026","tag-basketzg","tag-druzyna","tag-koszykowka","tag-krzysztof-sulima","tag-orlen-zastal-zielona-gora","tag-sulima","tag-zastal","tag-zastal-zielona-gora","tag-zastalowcy","tag-zielona-gora","tag-zielonagora","tag-zielonogorska-koszykowka"],"aioseo_notices":[],"aioseo_head":"\n\t\t<!-- All in One SEO 5.0.0.1 - aioseo.com -->\n\t<meta name=\"description\" content=\"Po trzech sezonach przerwy Krzysztof Sulima ponownie za\u0142o\u017cy bia\u0142o-zielon\u0105 koszulk\u0119 Zastalu! Do\u015bwiadczony podkoszowy podpisa\u0142 z naszym klubem dwuletni kontrakt, dzi\u0119ki czemu kibice b\u0119d\u0105 mogli zn\u00f3w ogl\u0105da\u0107 go w akcji w hali CRS. Sulima mo\u017ce gra\u0107 na pozycji silny skrzyd\u0142owy\/\u015brodkowy. Kibice z Zielonej G\u00f3ry znaj\u0105 go dobrze, dzi\u0119ki jego grze w Zastalu w sezonach 2020\/21 oraz\" \/>\n\t<meta name=\"robots\" content=\"max-image-preview:large\" \/>\n\t<meta name=\"author\" content=\"Joanna Nawlicka\"\/>\n\t<link rel=\"canonical\" href=\"https:\/\/zastalowcy.pl\/?p=302\" \/>\n\t<meta name=\"generator\" content=\"All in One SEO (AIOSEO) 5.0.0.1\" \/>\n\t\t<meta property=\"og:locale\" content=\"pl_PL\" \/>\n\t\t<meta property=\"og:site_name\" content=\"- O Zastalu od kibic\u00f3w \u2013 dla kibic\u00f3w\" \/>\n\t\t<meta property=\"og:type\" content=\"article\" \/>\n\t\t<meta property=\"og:title\" content=\"Krzysztof Sulima wraca do Zielonej G\u00f3ry! -\" \/>\n\t\t<meta property=\"og:description\" content=\"Po trzech sezonach przerwy Krzysztof Sulima ponownie za\u0142o\u017cy bia\u0142o-zielon\u0105 koszulk\u0119 Zastalu! Do\u015bwiadczony podkoszowy podpisa\u0142 z naszym klubem dwuletni kontrakt, dzi\u0119ki czemu kibice b\u0119d\u0105 mogli zn\u00f3w ogl\u0105da\u0107 go w akcji w hali CRS. Sulima mo\u017ce gra\u0107 na pozycji silny skrzyd\u0142owy\/\u015brodkowy. Kibice z Zielonej G\u00f3ry znaj\u0105 go dobrze, dzi\u0119ki jego grze w Zastalu w sezonach 2020\/21 oraz\" \/>\n\t\t<meta property=\"og:url\" content=\"https:\/\/zastalowcy.pl\/?p=302\" \/>\n\t\t<meta property=\"og:image\" content=\"https:\/\/zastalowcy.pl\/wp-content\/uploads\/2025\/09\/cropped-logo-strony-2.png\" \/>\n\t\t<meta property=\"og:image:secure_url\" content=\"https:\/\/zastalowcy.pl\/wp-content\/uploads\/2025\/09\/cropped-logo-strony-2.png\" \/>\n\t\t<meta property=\"og:image:width\" content=\"1862\" \/>\n\t\t<meta property=\"og:image:height\" content=\"384\" \/>\n\t\t<meta property=\"article:published_time\" content=\"2025-08-06T16:36:16+00:00\" \/>\n\t\t<meta property=\"article:modified_time\" content=\"2025-08-12T10:40:33+00:00\" \/>\n\t\t<meta name=\"twitter:card\" content=\"summary_large_image\" \/>\n\t\t<meta name=\"twitter:title\" content=\"Krzysztof Sulima wraca do Zielonej G\u00f3ry! -\" \/>\n\t\t<meta name=\"twitter:description\" content=\"Po trzech sezonach przerwy Krzysztof Sulima ponownie za\u0142o\u017cy bia\u0142o-zielon\u0105 koszulk\u0119 Zastalu! Do\u015bwiadczony podkoszowy podpisa\u0142 z naszym klubem dwuletni kontrakt, dzi\u0119ki czemu kibice b\u0119d\u0105 mogli zn\u00f3w ogl\u0105da\u0107 go w akcji w hali CRS. Sulima mo\u017ce gra\u0107 na pozycji silny skrzyd\u0142owy\/\u015brodkowy. Kibice z Zielonej G\u00f3ry znaj\u0105 go dobrze, dzi\u0119ki jego grze w Zastalu w sezonach 2020\/21 oraz\" \/>\n\t\t<meta name=\"twitter:image\" content=\"https:\/\/zastalowcy.pl\/wp-content\/uploads\/2025\/09\/cropped-logo-strony-2.png\" \/>\n\t\t<script type=\"application\/ld+json\" class=\"aioseo-schema\">\n\t\t\t{\"@context\":\"https:\\\/\\\/schema.org\",\"@graph\":[{\"@type\":\"BlogPosting\",\"@id\":\"https:\\\/\\\/zastalowcy.pl\\\/?p=302#blogposting\",\"name\":\"Krzysztof Sulima wraca do Zielonej G\\u00f3ry! -\",\"headline\":\"Krzysztof Sulima wraca do Zielonej G\\u00f3ry!\",\"author\":{\"@id\":\"https:\\\/\\\/zastalowcy.pl\\\/?author=3#author\"},\"publisher\":{\"@id\":\"https:\\\/\\\/zastalowcy.pl\\\/#organization\"},\"image\":{\"@type\":\"ImageObject\",\"url\":\"https:\\\/\\\/zastalowcy.pl\\\/wp-content\\\/uploads\\\/2025\\\/08\\\/profilowe-23.png\",\"width\":2048,\"height\":2048,\"caption\":\"Do grafiki wykorzystano zdj\\u0119cie z Instagrama @sulimakrzysztof\"},\"datePublished\":\"2025-08-06T18:36:16+02:00\",\"dateModified\":\"2025-08-12T12:40:33+02:00\",\"inLanguage\":\"pl-PL\",\"mainEntityOfPage\":{\"@id\":\"https:\\\/\\\/zastalowcy.pl\\\/?p=302#webpage\"},\"isPartOf\":{\"@id\":\"https:\\\/\\\/zastalowcy.pl\\\/?p=302#webpage\"},\"articleSection\":\"Aktualno\\u015bci, Sezon 2025\\\/2026, basketzg, dru\\u017cyna, koszyk\\u00f3wka, krzysztof sulima, orlen zastal zielona g\\u00f3ra, sulima, zastal, zastal zielona g\\u00f3ra, zastalowcy, zielona g\\u00f3ra, zielonagora, zielonog\\u00f3rska koszyk\\u00f3wka\"},{\"@type\":\"BreadcrumbList\",\"@id\":\"https:\\\/\\\/zastalowcy.pl\\\/?p=302#breadcrumblist\",\"itemListElement\":[{\"@type\":\"ListItem\",\"@id\":\"https:\\\/\\\/zastalowcy.pl#listItem\",\"position\":1,\"name\":\"Home\",\"item\":\"https:\\\/\\\/zastalowcy.pl\",\"nextItem\":{\"@type\":\"ListItem\",\"@id\":\"https:\\\/\\\/zastalowcy.pl\\\/?cat=9#listItem\",\"name\":\"Sezon 2025\\\/2026\"}},{\"@type\":\"ListItem\",\"@id\":\"https:\\\/\\\/zastalowcy.pl\\\/?cat=9#listItem\",\"position\":2,\"name\":\"Sezon 2025\\\/2026\",\"item\":\"https:\\\/\\\/zastalowcy.pl\\\/?cat=9\",\"nextItem\":{\"@type\":\"ListItem\",\"@id\":\"https:\\\/\\\/zastalowcy.pl\\\/?p=302#listItem\",\"name\":\"Krzysztof Sulima wraca do Zielonej G\\u00f3ry!\"},\"previousItem\":{\"@type\":\"ListItem\",\"@id\":\"https:\\\/\\\/zastalowcy.pl#listItem\",\"name\":\"Home\"}},{\"@type\":\"ListItem\",\"@id\":\"https:\\\/\\\/zastalowcy.pl\\\/?p=302#listItem\",\"position\":3,\"name\":\"Krzysztof Sulima wraca do Zielonej G\\u00f3ry!\",\"previousItem\":{\"@type\":\"ListItem\",\"@id\":\"https:\\\/\\\/zastalowcy.pl\\\/?cat=9#listItem\",\"name\":\"Sezon 2025\\\/2026\"}}]},{\"@type\":\"Organization\",\"@id\":\"https:\\\/\\\/zastalowcy.pl\\\/#organization\",\"description\":\"O Zastalu od kibic\\u00f3w \\u2013 dla kibic\\u00f3w\",\"url\":\"https:\\\/\\\/zastalowcy.pl\\\/\",\"logo\":{\"@type\":\"ImageObject\",\"url\":\"https:\\\/\\\/zastalowcy.pl\\\/wp-content\\\/uploads\\\/2025\\\/09\\\/cropped-logo-strony-2.png\",\"@id\":\"https:\\\/\\\/zastalowcy.pl\\\/?p=302\\\/#organizationLogo\",\"width\":1862,\"height\":384},\"image\":{\"@id\":\"https:\\\/\\\/zastalowcy.pl\\\/?p=302\\\/#organizationLogo\"}},{\"@type\":\"Person\",\"@id\":\"https:\\\/\\\/zastalowcy.pl\\\/?author=3#author\",\"url\":\"https:\\\/\\\/zastalowcy.pl\\\/?author=3\",\"name\":\"Joanna Nawlicka\",\"image\":{\"@type\":\"ImageObject\",\"@id\":\"https:\\\/\\\/zastalowcy.pl\\\/?p=302#authorImage\",\"url\":\"https:\\\/\\\/secure.gravatar.com\\\/avatar\\\/66fc557d97536ff5096b6295970275631b7a4673997738477642001957f5274c?s=96&d=mm&r=g\",\"width\":96,\"height\":96,\"caption\":\"Joanna Nawlicka\"}},{\"@type\":\"WebPage\",\"@id\":\"https:\\\/\\\/zastalowcy.pl\\\/?p=302#webpage\",\"url\":\"https:\\\/\\\/zastalowcy.pl\\\/?p=302\",\"name\":\"Krzysztof Sulima wraca do Zielonej G\\u00f3ry! -\",\"description\":\"Po trzech sezonach przerwy Krzysztof Sulima ponownie za\\u0142o\\u017cy bia\\u0142o-zielon\\u0105 koszulk\\u0119 Zastalu! Do\\u015bwiadczony podkoszowy podpisa\\u0142 z naszym klubem dwuletni kontrakt, dzi\\u0119ki czemu kibice b\\u0119d\\u0105 mogli zn\\u00f3w ogl\\u0105da\\u0107 go w akcji w hali CRS. Sulima mo\\u017ce gra\\u0107 na pozycji silny skrzyd\\u0142owy\\\/\\u015brodkowy. Kibice z Zielonej G\\u00f3ry znaj\\u0105 go dobrze, dzi\\u0119ki jego grze w Zastalu w sezonach 2020\\\/21 oraz\",\"inLanguage\":\"pl-PL\",\"isPartOf\":{\"@id\":\"https:\\\/\\\/zastalowcy.pl\\\/#website\"},\"breadcrumb\":{\"@id\":\"https:\\\/\\\/zastalowcy.pl\\\/?p=302#breadcrumblist\"},\"author\":{\"@id\":\"https:\\\/\\\/zastalowcy.pl\\\/?author=3#author\"},\"creator\":{\"@id\":\"https:\\\/\\\/zastalowcy.pl\\\/?author=3#author\"},\"image\":{\"@type\":\"ImageObject\",\"url\":\"https:\\\/\\\/zastalowcy.pl\\\/wp-content\\\/uploads\\\/2025\\\/08\\\/profilowe-23.png\",\"@id\":\"https:\\\/\\\/zastalowcy.pl\\\/?p=302\\\/#mainImage\",\"width\":2048,\"height\":2048,\"caption\":\"Do grafiki wykorzystano zdj\\u0119cie z Instagrama @sulimakrzysztof\"},\"primaryImageOfPage\":{\"@id\":\"https:\\\/\\\/zastalowcy.pl\\\/?p=302#mainImage\"},\"datePublished\":\"2025-08-06T18:36:16+02:00\",\"dateModified\":\"2025-08-12T12:40:33+02:00\"},{\"@type\":\"WebSite\",\"@id\":\"https:\\\/\\\/zastalowcy.pl\\\/#website\",\"url\":\"https:\\\/\\\/zastalowcy.pl\\\/\",\"description\":\"O Zastalu od kibic\\u00f3w \\u2013 dla kibic\\u00f3w\",\"inLanguage\":\"pl-PL\",\"publisher\":{\"@id\":\"https:\\\/\\\/zastalowcy.pl\\\/#organization\"}}]}\n\t\t<\/script>\n\t\t<!-- All in One SEO -->\n\n","aioseo_head_json":{"title":"Krzysztof Sulima wraca do Zielonej G\u00f3ry! -","description":"Po trzech sezonach przerwy Krzysztof Sulima ponownie za\u0142o\u017cy bia\u0142o-zielon\u0105 koszulk\u0119 Zastalu! Do\u015bwiadczony podkoszowy podpisa\u0142 z naszym klubem dwuletni kontrakt, dzi\u0119ki czemu kibice b\u0119d\u0105 mogli zn\u00f3w ogl\u0105da\u0107 go w akcji w hali CRS. Sulima mo\u017ce gra\u0107 na pozycji silny skrzyd\u0142owy\/\u015brodkowy. Kibice z Zielonej G\u00f3ry znaj\u0105 go dobrze, dzi\u0119ki jego grze w Zastalu w sezonach 2020\/21 oraz","canonical_url":"https:\/\/zastalowcy.pl\/?p=302","robots":"max-image-preview:large","keywords":"","webmasterTools":{"miscellaneous":""},"schema":{"@context":"https:\/\/schema.org","@graph":[{"@type":"BlogPosting","@id":"https:\/\/zastalowcy.pl\/?p=302#blogposting","name":"Krzysztof Sulima wraca do Zielonej G\u00f3ry! -","headline":"Krzysztof Sulima wraca do Zielonej G\u00f3ry!","author":{"@id":"https:\/\/zastalowcy.pl\/?author=3#author"},"publisher":{"@id":"https:\/\/zastalowcy.pl\/#organization"},"image":{"@type":"ImageObject","url":"https:\/\/zastalowcy.pl\/wp-content\/uploads\/2025\/08\/profilowe-23.png","width":2048,"height":2048,"caption":"Do grafiki wykorzystano zdj\u0119cie z Instagrama @sulimakrzysztof"},"datePublished":"2025-08-06T18:36:16+02:00","dateModified":"2025-08-12T12:40:33+02:00","inLanguage":"pl-PL","mainEntityOfPage":{"@id":"https:\/\/zastalowcy.pl\/?p=302#webpage"},"isPartOf":{"@id":"https:\/\/zastalowcy.pl\/?p=302#webpage"},"articleSection":"Aktualno\u015bci, Sezon 2025\/2026, basketzg, dru\u017cyna, koszyk\u00f3wka, krzysztof sulima, orlen zastal zielona g\u00f3ra, sulima, zastal, zastal zielona g\u00f3ra, zastalowcy, zielona g\u00f3ra, zielonagora, zielonog\u00f3rska koszyk\u00f3wka"},{"@type":"BreadcrumbList","@id":"https:\/\/zastalowcy.pl\/?p=302#breadcrumblist","itemListElement":[{"@type":"ListItem","@id":"https:\/\/zastalowcy.pl#listItem","position":1,"name":"Home","item":"https:\/\/zastalowcy.pl","nextItem":{"@type":"ListItem","@id":"https:\/\/zastalowcy.pl\/?cat=9#listItem","name":"Sezon 2025\/2026"}},{"@type":"ListItem","@id":"https:\/\/zastalowcy.pl\/?cat=9#listItem","position":2,"name":"Sezon 2025\/2026","item":"https:\/\/zastalowcy.pl\/?cat=9","nextItem":{"@type":"ListItem","@id":"https:\/\/zastalowcy.pl\/?p=302#listItem","name":"Krzysztof Sulima wraca do Zielonej G\u00f3ry!"},"previousItem":{"@type":"ListItem","@id":"https:\/\/zastalowcy.pl#listItem","name":"Home"}},{"@type":"ListItem","@id":"https:\/\/zastalowcy.pl\/?p=302#listItem","position":3,"name":"Krzysztof Sulima wraca do Zielonej G\u00f3ry!","previousItem":{"@type":"ListItem","@id":"https:\/\/zastalowcy.pl\/?cat=9#listItem","name":"Sezon 2025\/2026"}}]},{"@type":"Organization","@id":"https:\/\/zastalowcy.pl\/#organization","description":"O Zastalu od kibic\u00f3w \u2013 dla kibic\u00f3w","url":"https:\/\/zastalowcy.pl\/","logo":{"@type":"ImageObject","url":"https:\/\/zastalowcy.pl\/wp-content\/uploads\/2025\/09\/cropped-logo-strony-2.png","@id":"https:\/\/zastalowcy.pl\/?p=302\/#organizationLogo","width":1862,"height":384},"image":{"@id":"https:\/\/zastalowcy.pl\/?p=302\/#organizationLogo"}},{"@type":"Person","@id":"https:\/\/zastalowcy.pl\/?author=3#author","url":"https:\/\/zastalowcy.pl\/?author=3","name":"Joanna Nawlicka","image":{"@type":"ImageObject","@id":"https:\/\/zastalowcy.pl\/?p=302#authorImage","url":"https:\/\/secure.gravatar.com\/avatar\/66fc557d97536ff5096b6295970275631b7a4673997738477642001957f5274c?s=96&d=mm&r=g","width":96,"height":96,"caption":"Joanna Nawlicka"}},{"@type":"WebPage","@id":"https:\/\/zastalowcy.pl\/?p=302#webpage","url":"https:\/\/zastalowcy.pl\/?p=302","name":"Krzysztof Sulima wraca do Zielonej G\u00f3ry! -","description":"Po trzech sezonach przerwy Krzysztof Sulima ponownie za\u0142o\u017cy bia\u0142o-zielon\u0105 koszulk\u0119 Zastalu! Do\u015bwiadczony podkoszowy podpisa\u0142 z naszym klubem dwuletni kontrakt, dzi\u0119ki czemu kibice b\u0119d\u0105 mogli zn\u00f3w ogl\u0105da\u0107 go w akcji w hali CRS. Sulima mo\u017ce gra\u0107 na pozycji silny skrzyd\u0142owy\/\u015brodkowy. Kibice z Zielonej G\u00f3ry znaj\u0105 go dobrze, dzi\u0119ki jego grze w Zastalu w sezonach 2020\/21 oraz","inLanguage":"pl-PL","isPartOf":{"@id":"https:\/\/zastalowcy.pl\/#website"},"breadcrumb":{"@id":"https:\/\/zastalowcy.pl\/?p=302#breadcrumblist"},"author":{"@id":"https:\/\/zastalowcy.pl\/?author=3#author"},"creator":{"@id":"https:\/\/zastalowcy.pl\/?author=3#author"},"image":{"@type":"ImageObject","url":"https:\/\/zastalowcy.pl\/wp-content\/uploads\/2025\/08\/profilowe-23.png","@id":"https:\/\/zastalowcy.pl\/?p=302\/#mainImage","width":2048,"height":2048,"caption":"Do grafiki wykorzystano zdj\u0119cie z Instagrama @sulimakrzysztof"},"primaryImageOfPage":{"@id":"https:\/\/zastalowcy.pl\/?p=302#mainImage"},"datePublished":"2025-08-06T18:36:16+02:00","dateModified":"2025-08-12T12:40:33+02:00"},{"@type":"WebSite","@id":"https:\/\/zastalowcy.pl\/#website","url":"https:\/\/zastalowcy.pl\/","description":"O Zastalu od kibic\u00f3w \u2013 dla kibic\u00f3w","inLanguage":"pl-PL","publisher":{"@id":"https:\/\/zastalowcy.pl\/#organization"}}]},"og:locale":"pl_PL","og:site_name":"- O Zastalu od kibic\u00f3w \u2013 dla kibic\u00f3w","og:type":"article","og:title":"Krzysztof Sulima wraca do Zielonej G\u00f3ry! -","og:description":"Po trzech sezonach przerwy Krzysztof Sulima ponownie za\u0142o\u017cy bia\u0142o-zielon\u0105 koszulk\u0119 Zastalu! Do\u015bwiadczony podkoszowy podpisa\u0142 z naszym klubem dwuletni kontrakt, dzi\u0119ki czemu kibice b\u0119d\u0105 mogli zn\u00f3w ogl\u0105da\u0107 go w akcji w hali CRS. Sulima mo\u017ce gra\u0107 na pozycji silny skrzyd\u0142owy\/\u015brodkowy. Kibice z Zielonej G\u00f3ry znaj\u0105 go dobrze, dzi\u0119ki jego grze w Zastalu w sezonach 2020\/21 oraz","og:url":"https:\/\/zastalowcy.pl\/?p=302","og:image":"https:\/\/zastalowcy.pl\/wp-content\/uploads\/2025\/09\/cropped-logo-strony-2.png","og:image:secure_url":"https:\/\/zastalowcy.pl\/wp-content\/uploads\/2025\/09\/cropped-logo-strony-2.png","og:image:width":1862,"og:image:height":384,"article:published_time":"2025-08-06T16:36:16+00:00","article:modified_time":"2025-08-12T10:40:33+00:00","twitter:card":"summary_large_image","twitter:title":"Krzysztof Sulima wraca do Zielonej G\u00f3ry! -","twitter:description":"Po trzech sezonach przerwy Krzysztof Sulima ponownie za\u0142o\u017cy bia\u0142o-zielon\u0105 koszulk\u0119 Zastalu! Do\u015bwiadczony podkoszowy podpisa\u0142 z naszym klubem dwuletni kontrakt, dzi\u0119ki czemu kibice b\u0119d\u0105 mogli zn\u00f3w ogl\u0105da\u0107 go w akcji w hali CRS. Sulima mo\u017ce gra\u0107 na pozycji silny skrzyd\u0142owy\/\u015brodkowy. Kibice z Zielonej G\u00f3ry znaj\u0105 go dobrze, dzi\u0119ki jego grze w Zastalu w sezonach 2020\/21 oraz","twitter:image":"https:\/\/zastalowcy.pl\/wp-content\/uploads\/2025\/09\/cropped-logo-strony-2.png"},"aioseo_meta_data":{"post_id":"302","title":null,"description":null,"keywords":null,"keyphrases":null,"primary_term":null,"canonical_url":null,"og_title":null,"og_description":null,"og_object_type":"default","og_image_type":"default","og_image_custom_url":null,"og_image_custom_fields":null,"og_image_url":null,"og_image_width":null,"og_image_height":null,"og_video":null,"og_custom_url":null,"og_article_section":null,"og_article_tags":null,"twitter_use_og":false,"twitter_card":"default","twitter_image_type":"default","twitter_image_custom_url":null,"twitter_image_custom_fields":null,"twitter_image_url":null,"twitter_title":null,"twitter_description":null,"schema_type":"default","schema_type_options":null,"schema":{"blockGraphs":[],"customGraphs":[],"default":{"data":{"Article":[],"Course":[],"Dataset":[],"FAQPage":[],"Movie":[],"Person":[],"Product":[],"ProductReview":[],"Car":[],"Recipe":[],"Service":[],"SoftwareApplication":[],"WebPage":[]},"graphName":"","isEnabled":true},"graphs":[]},"pillar_content":false,"robots_default":true,"robots_noindex":false,"robots_noarchive":false,"robots_nosnippet":false,"robots_nofollow":false,"robots_noimageindex":false,"robots_noodp":false,"robots_notranslate":false,"robots_max_snippet":null,"robots_max_videopreview":null,"robots_max_imagepreview":"large","priority":null,"frequency":null,"local_seo":null,"limit_modified_date":false,"ai":null,"breadcrumb_settings":null,"seo_analyzer_scan_date":null,"created":"2026-07-15 16:35:41","updated":"2026-07-15 16:35:41","focus_keyword":null,"additional_keywords":null,"truseo_locale":null},"aioseo_breadcrumb":"<div class=\"aioseo-breadcrumbs\"><span class=\"aioseo-breadcrumb\">\n\t\t\t<a href=\"https:\/\/zastalowcy.pl\" title=\"Home\">Home<\/a>\n\t\t<\/span><span class=\"aioseo-breadcrumb-separator\">&raquo;<\/span><span class=\"aioseo-breadcrumb\">\n\t\t\t<a href=\"https:\/\/zastalowcy.pl\/?cat=9\" title=\"Sezon 2025\/2026\">Sezon 2025\/2026<\/a>\n\t\t<\/span><span class=\"aioseo-breadcrumb-separator\">&raquo;<\/span><span class=\"aioseo-breadcrumb\">\n\t\t\tKrzysztof Sulima wraca do Zielonej G\u00f3ry!\n\t\t<\/span><\/div>","aioseo_breadcrumb_json":[{"label":"Home","link":"https:\/\/zastalowcy.pl"},{"label":"Sezon 2025\/2026","link":"https:\/\/zastalowcy.pl\/?cat=9"},{"label":"Krzysztof Sulima wraca do Zielonej G\u00f3ry!","link":"https:\/\/zastalowcy.pl\/?p=302"}],"_links":{"self":[{"href":"https:\/\/zastalowcy.pl\/index.php?rest_route=\/wp\/v2\/posts\/302","targetHints":{"allow":["GET"]}}],"collection":[{"href":"https:\/\/zastalowcy.pl\/index.php?rest_route=\/wp\/v2\/posts"}],"about":[{"href":"https:\/\/zastalowcy.pl\/index.php?rest_route=\/wp\/v2\/types\/post"}],"author":[{"embeddable":true,"href":"https:\/\/zastalowcy.pl\/index.php?rest_route=\/wp\/v2\/users\/3"}],"replies":[{"embeddable":true,"href":"https:\/\/zastalowcy.pl\/index.php?rest_route=%2Fwp%2Fv2%2Fcomments&post=302"}],"version-history":[{"count":2,"href":"https:\/\/zastalowcy.pl\/index.php?rest_route=\/wp\/v2\/posts\/302\/revisions"}],"predecessor-version":[{"id":306,"href":"https:\/\/zastalowcy.pl\/index.php?rest_route=\/wp\/v2\/posts\/302\/revisions\/306"}],"wp:featuredmedia":[{"embeddable":true,"href":"https:\/\/zastalowcy.pl\/index.php?rest_route=\/wp\/v2\/media\/303"}],"wp:attachment":[{"href":"https:\/\/zastalowcy.pl\/index.php?rest_route=%2Fwp%2Fv2%2Fmedia&parent=302"}],"wp:term":[{"taxonomy":"category","embeddable":true,"href":"https:\/\/zastalowcy.pl\/index.php?rest_route=%2Fwp%2Fv2%2Fcategories&post=302"},{"taxonomy":"post_tag","embeddable":true,"href":"https:\/\/zastalowcy.pl\/index.php?rest_route=%2Fwp%2Fv2%2Ftags&post=302"}],"curies":[{"name":"wp","href":"https:\/\/api.w.org\/{rel}","templated":true}]}}