{"id":316,"date":"2025-08-14T10:40:56","date_gmt":"2025-08-14T08:40:56","guid":{"rendered":"https:\/\/zastalowcy.pl\/?p=316"},"modified":"2025-08-14T14:21:00","modified_gmt":"2025-08-14T12:21:00","slug":"filip-matczak-zostaje-w-zastalu-kibice-doczekali-sie-dobrej-wiadomosci","status":"publish","type":"post","link":"https:\/\/zastalowcy.pl\/?p=316","title":{"rendered":"Filip Matczak zostaje w Zastalu! Kibice doczekali si\u0119 dobrej wiadomo\u015bci"},"content":{"rendered":"\n<p class=\"wp-block-paragraph\">Zielonog\u00f3rscy kibice d\u0142ugo czekali na t\u0119 informacj\u0119 \u2013 Filip Matczak nadal b\u0119dzie reprezentowa\u0142 barwy Orlen Zastalu Zielona G\u00f3ra. Decyzja o przed\u0142u\u017ceniu wsp\u00f3\u0142pracy by\u0142a jedn\u0105 z najbardziej wyczekiwanych podczas letniego okienka transferowego i spotka\u0142a si\u0119 z entuzjastycznym odbiorem w\u015br\u00f3d fan\u00f3w.<\/p>\n\n\n\n<p class=\"wp-block-paragraph\">Sezon 2024\/2025 by\u0142 dla Matczaka udanym powrotem do Zielonej G\u00f3ry. W 28 rozegranych meczach notowa\u0142 \u015brednio 9,6 punktu, 3,3 zbi\u00f3rki oraz 3,6 asysty, sp\u0119dzaj\u0105c na parkiecie ponad 23 minut na spotkanie. Jego skuteczno\u015b\u0107 z gry wynios\u0142a 45,9%, w tym 42,6% zza linii 6.75 metra oraz 47,4% za dwa punkty, co w po\u0142\u0105czeniu z solidn\u0105 prac\u0105 w obronie dawa\u0142o dru\u017cynie cenne wsparcie w kluczowych momentach.<\/p>\n\n\n\n<p class=\"wp-block-paragraph\">FIlip Matczak to zawodnik z ogromnym do\u015bwiadczeniem w polskich rozgrywkach \u2013 na najwy\u017cszym poziomie rozegra\u0142 ju\u017c ponad 400 spotka\u0144, reprezentuj\u0105c m.in. Stelmet Zielona G\u00f3ra, Asseco Gdynia, Legi\u0119 Warszawa czy Kinga Szczecin. Jego kariera w Zastalu ma jednak wyj\u0105tkowy wymiar \u2013 to tu wchodzi\u0142 w doros\u0142\u0105 koszyk\u00f3wk\u0119 i tu ponownie sta\u0142 si\u0119 jedn\u0105 z najwa\u017cniejszych postaci zespo\u0142u.<\/p>\n\n\n\n<p class=\"wp-block-paragraph\">\u2013 Bardzo si\u0119 ciesz\u0119 z obecno\u015bci tutaj i ze swojej d\u0142u\u017cszej obecno\u015bci w Zielonej G\u00f3rze po podpisaniu kontraktu \u2013 m\u00f3wi\u0142 na konferencji prasowej <strong>Filip Matczak<\/strong>. \u2013 Jestem wdzi\u0119czny, \u017ce tak ca\u0142a sytuacja si\u0119 potoczy\u0142a. Nie ukrywam, \u017ce granie w rodzinnym mie\u015bcie, w macierzystym klubie, w kt\u00f3rym si\u0119 wychowa\u0142em, w kt\u00f3rym du\u017co przeszed\u0142em, jest dla mnie czym\u015b szczeg\u00f3lnym.<\/p>\n\n\n\n<p class=\"wp-block-paragraph\">Pozostanie Filipa Matczaka w Zielonej G\u00f3rze to nie tylko wzmocnienie sk\u0142adu pod wzgl\u0119dem sportowym, ale tak\u017ce sygna\u0142 dla kibic\u00f3w, \u017ce klub stawia na stabilizacj\u0119 i kontynuacj\u0119. Z takim zawodnikiem w rotacji, Zastal mo\u017ce \u015bmia\u0142o patrze\u0107 w stron\u0119 ambitnych cel\u00f3w na sezon 2025\/2026.<\/p>\n\n\n\n<p class=\"wp-block-paragraph\"><strong>Kontrakt z Filipem Matczakiem zosta\u0142 podpisany na trzy lata.<\/strong><\/p>\n\n\n\n<p class=\"wp-block-paragraph\">\ud83c\udfc0 Zastalowcy.pl \u2013 o Zastalu od kibic\u00f3w \u2013 dla kibic\u00f3w<\/p>\n","protected":false},"excerpt":{"rendered":"<p>Zielonog\u00f3rscy kibice d\u0142ugo czekali na t\u0119 informacj\u0119 \u2013 Filip Matczak nadal b\u0119dzie reprezentowa\u0142 barwy Orlen Zastalu Zielona G\u00f3ra.<\/p>\n","protected":false},"author":3,"featured_media":317,"comment_status":"open","ping_status":"open","sticky":false,"template":"","format":"standard","meta":{"om_disable_all_campaigns":false,"footnotes":""},"categories":[18,9],"tags":[17,26,92,90,15,91,13,12,14,42,11,10,16],"class_list":["post-316","post","type-post","status-publish","format-standard","has-post-thumbnail","hentry","category-aktualnosci","category-sezon-2025-2026","tag-basketzg","tag-druzyna","tag-fifi-matczak","tag-filip-matczak","tag-koszykowka","tag-matczak","tag-orlen-zastal-zielona-gora","tag-zastal","tag-zastal-zielona-gora","tag-zastalowcy","tag-zielona-gora","tag-zielonagora","tag-zielonogorska-koszykowka"],"aioseo_notices":[],"aioseo_head":"\n\t\t<!-- All in One SEO 5.0.0.1 - aioseo.com -->\n\t<meta name=\"description\" content=\"Zielonog\u00f3rscy kibice d\u0142ugo czekali na t\u0119 informacj\u0119 \u2013 Filip Matczak nadal b\u0119dzie reprezentowa\u0142 barwy Orlen Zastalu Zielona G\u00f3ra. Decyzja o przed\u0142u\u017ceniu wsp\u00f3\u0142pracy by\u0142a jedn\u0105 z najbardziej wyczekiwanych podczas letniego okienka transferowego i spotka\u0142a si\u0119 z entuzjastycznym odbiorem w\u015br\u00f3d fan\u00f3w. Sezon 2024\/2025 by\u0142 dla Matczaka udanym powrotem do Zielonej G\u00f3ry. W 28 rozegranych meczach notowa\u0142 \u015brednio\" \/>\n\t<meta name=\"robots\" content=\"max-image-preview:large\" \/>\n\t<meta name=\"author\" content=\"Joanna Nawlicka\"\/>\n\t<link rel=\"canonical\" href=\"https:\/\/zastalowcy.pl\/?p=316\" \/>\n\t<meta name=\"generator\" content=\"All in One SEO (AIOSEO) 5.0.0.1\" \/>\n\t\t<meta property=\"og:locale\" content=\"pl_PL\" \/>\n\t\t<meta property=\"og:site_name\" content=\"- O Zastalu od kibic\u00f3w \u2013 dla kibic\u00f3w\" \/>\n\t\t<meta property=\"og:type\" content=\"article\" \/>\n\t\t<meta property=\"og:title\" content=\"Filip Matczak zostaje w Zastalu! Kibice doczekali si\u0119 dobrej wiadomo\u015bci -\" \/>\n\t\t<meta property=\"og:description\" content=\"Zielonog\u00f3rscy kibice d\u0142ugo czekali na t\u0119 informacj\u0119 \u2013 Filip Matczak nadal b\u0119dzie reprezentowa\u0142 barwy Orlen Zastalu Zielona G\u00f3ra. Decyzja o przed\u0142u\u017ceniu wsp\u00f3\u0142pracy by\u0142a jedn\u0105 z najbardziej wyczekiwanych podczas letniego okienka transferowego i spotka\u0142a si\u0119 z entuzjastycznym odbiorem w\u015br\u00f3d fan\u00f3w. Sezon 2024\/2025 by\u0142 dla Matczaka udanym powrotem do Zielonej G\u00f3ry. W 28 rozegranych meczach notowa\u0142 \u015brednio\" \/>\n\t\t<meta property=\"og:url\" content=\"https:\/\/zastalowcy.pl\/?p=316\" \/>\n\t\t<meta property=\"og:image\" content=\"https:\/\/zastalowcy.pl\/wp-content\/uploads\/2025\/09\/cropped-logo-strony-2.png\" \/>\n\t\t<meta property=\"og:image:secure_url\" content=\"https:\/\/zastalowcy.pl\/wp-content\/uploads\/2025\/09\/cropped-logo-strony-2.png\" \/>\n\t\t<meta property=\"og:image:width\" content=\"1862\" \/>\n\t\t<meta property=\"og:image:height\" content=\"384\" \/>\n\t\t<meta property=\"article:published_time\" content=\"2025-08-14T08:40:56+00:00\" \/>\n\t\t<meta property=\"article:modified_time\" content=\"2025-08-14T12:21:00+00:00\" \/>\n\t\t<meta name=\"twitter:card\" content=\"summary_large_image\" \/>\n\t\t<meta name=\"twitter:title\" content=\"Filip Matczak zostaje w Zastalu! Kibice doczekali si\u0119 dobrej wiadomo\u015bci -\" \/>\n\t\t<meta name=\"twitter:description\" content=\"Zielonog\u00f3rscy kibice d\u0142ugo czekali na t\u0119 informacj\u0119 \u2013 Filip Matczak nadal b\u0119dzie reprezentowa\u0142 barwy Orlen Zastalu Zielona G\u00f3ra. Decyzja o przed\u0142u\u017ceniu wsp\u00f3\u0142pracy by\u0142a jedn\u0105 z najbardziej wyczekiwanych podczas letniego okienka transferowego i spotka\u0142a si\u0119 z entuzjastycznym odbiorem w\u015br\u00f3d fan\u00f3w. Sezon 2024\/2025 by\u0142 dla Matczaka udanym powrotem do Zielonej G\u00f3ry. W 28 rozegranych meczach notowa\u0142 \u015brednio\" \/>\n\t\t<meta name=\"twitter:image\" content=\"https:\/\/zastalowcy.pl\/wp-content\/uploads\/2025\/09\/cropped-logo-strony-2.png\" \/>\n\t\t<script type=\"application\/ld+json\" class=\"aioseo-schema\">\n\t\t\t{\"@context\":\"https:\\\/\\\/schema.org\",\"@graph\":[{\"@type\":\"BlogPosting\",\"@id\":\"https:\\\/\\\/zastalowcy.pl\\\/?p=316#blogposting\",\"name\":\"Filip Matczak zostaje w Zastalu! Kibice doczekali si\\u0119 dobrej wiadomo\\u015bci -\",\"headline\":\"Filip Matczak zostaje w Zastalu! Kibice doczekali si\\u0119 dobrej wiadomo\\u015bci\",\"author\":{\"@id\":\"https:\\\/\\\/zastalowcy.pl\\\/?author=3#author\"},\"publisher\":{\"@id\":\"https:\\\/\\\/zastalowcy.pl\\\/#organization\"},\"image\":{\"@type\":\"ImageObject\",\"url\":\"https:\\\/\\\/zastalowcy.pl\\\/wp-content\\\/uploads\\\/2025\\\/08\\\/profilowe-23-1.png\",\"width\":2048,\"height\":2048},\"datePublished\":\"2025-08-14T10:40:56+02:00\",\"dateModified\":\"2025-08-14T14:21:00+02:00\",\"inLanguage\":\"pl-PL\",\"mainEntityOfPage\":{\"@id\":\"https:\\\/\\\/zastalowcy.pl\\\/?p=316#webpage\"},\"isPartOf\":{\"@id\":\"https:\\\/\\\/zastalowcy.pl\\\/?p=316#webpage\"},\"articleSection\":\"Aktualno\\u015bci, Sezon 2025\\\/2026, basketzg, dru\\u017cyna, fifi matczak, filip matczak, koszyk\\u00f3wka, matczak, orlen zastal zielona g\\u00f3ra, zastal, zastal zielona g\\u00f3ra, zastalowcy, zielona g\\u00f3ra, zielonagora, zielonog\\u00f3rska koszyk\\u00f3wka\"},{\"@type\":\"BreadcrumbList\",\"@id\":\"https:\\\/\\\/zastalowcy.pl\\\/?p=316#breadcrumblist\",\"itemListElement\":[{\"@type\":\"ListItem\",\"@id\":\"https:\\\/\\\/zastalowcy.pl#listItem\",\"position\":1,\"name\":\"Home\",\"item\":\"https:\\\/\\\/zastalowcy.pl\",\"nextItem\":{\"@type\":\"ListItem\",\"@id\":\"https:\\\/\\\/zastalowcy.pl\\\/?cat=9#listItem\",\"name\":\"Sezon 2025\\\/2026\"}},{\"@type\":\"ListItem\",\"@id\":\"https:\\\/\\\/zastalowcy.pl\\\/?cat=9#listItem\",\"position\":2,\"name\":\"Sezon 2025\\\/2026\",\"item\":\"https:\\\/\\\/zastalowcy.pl\\\/?cat=9\",\"nextItem\":{\"@type\":\"ListItem\",\"@id\":\"https:\\\/\\\/zastalowcy.pl\\\/?p=316#listItem\",\"name\":\"Filip Matczak zostaje w Zastalu! Kibice doczekali si\\u0119 dobrej wiadomo\\u015bci\"},\"previousItem\":{\"@type\":\"ListItem\",\"@id\":\"https:\\\/\\\/zastalowcy.pl#listItem\",\"name\":\"Home\"}},{\"@type\":\"ListItem\",\"@id\":\"https:\\\/\\\/zastalowcy.pl\\\/?p=316#listItem\",\"position\":3,\"name\":\"Filip Matczak zostaje w Zastalu! Kibice doczekali si\\u0119 dobrej wiadomo\\u015bci\",\"previousItem\":{\"@type\":\"ListItem\",\"@id\":\"https:\\\/\\\/zastalowcy.pl\\\/?cat=9#listItem\",\"name\":\"Sezon 2025\\\/2026\"}}]},{\"@type\":\"Organization\",\"@id\":\"https:\\\/\\\/zastalowcy.pl\\\/#organization\",\"description\":\"O Zastalu od kibic\\u00f3w \\u2013 dla kibic\\u00f3w\",\"url\":\"https:\\\/\\\/zastalowcy.pl\\\/\",\"logo\":{\"@type\":\"ImageObject\",\"url\":\"https:\\\/\\\/zastalowcy.pl\\\/wp-content\\\/uploads\\\/2025\\\/09\\\/cropped-logo-strony-2.png\",\"@id\":\"https:\\\/\\\/zastalowcy.pl\\\/?p=316\\\/#organizationLogo\",\"width\":1862,\"height\":384},\"image\":{\"@id\":\"https:\\\/\\\/zastalowcy.pl\\\/?p=316\\\/#organizationLogo\"}},{\"@type\":\"Person\",\"@id\":\"https:\\\/\\\/zastalowcy.pl\\\/?author=3#author\",\"url\":\"https:\\\/\\\/zastalowcy.pl\\\/?author=3\",\"name\":\"Joanna Nawlicka\",\"image\":{\"@type\":\"ImageObject\",\"@id\":\"https:\\\/\\\/zastalowcy.pl\\\/?p=316#authorImage\",\"url\":\"https:\\\/\\\/secure.gravatar.com\\\/avatar\\\/66fc557d97536ff5096b6295970275631b7a4673997738477642001957f5274c?s=96&d=mm&r=g\",\"width\":96,\"height\":96,\"caption\":\"Joanna Nawlicka\"}},{\"@type\":\"WebPage\",\"@id\":\"https:\\\/\\\/zastalowcy.pl\\\/?p=316#webpage\",\"url\":\"https:\\\/\\\/zastalowcy.pl\\\/?p=316\",\"name\":\"Filip Matczak zostaje w Zastalu! Kibice doczekali si\\u0119 dobrej wiadomo\\u015bci -\",\"description\":\"Zielonog\\u00f3rscy kibice d\\u0142ugo czekali na t\\u0119 informacj\\u0119 \\u2013 Filip Matczak nadal b\\u0119dzie reprezentowa\\u0142 barwy Orlen Zastalu Zielona G\\u00f3ra. Decyzja o przed\\u0142u\\u017ceniu wsp\\u00f3\\u0142pracy by\\u0142a jedn\\u0105 z najbardziej wyczekiwanych podczas letniego okienka transferowego i spotka\\u0142a si\\u0119 z entuzjastycznym odbiorem w\\u015br\\u00f3d fan\\u00f3w. Sezon 2024\\\/2025 by\\u0142 dla Matczaka udanym powrotem do Zielonej G\\u00f3ry. W 28 rozegranych meczach notowa\\u0142 \\u015brednio\",\"inLanguage\":\"pl-PL\",\"isPartOf\":{\"@id\":\"https:\\\/\\\/zastalowcy.pl\\\/#website\"},\"breadcrumb\":{\"@id\":\"https:\\\/\\\/zastalowcy.pl\\\/?p=316#breadcrumblist\"},\"author\":{\"@id\":\"https:\\\/\\\/zastalowcy.pl\\\/?author=3#author\"},\"creator\":{\"@id\":\"https:\\\/\\\/zastalowcy.pl\\\/?author=3#author\"},\"image\":{\"@type\":\"ImageObject\",\"url\":\"https:\\\/\\\/zastalowcy.pl\\\/wp-content\\\/uploads\\\/2025\\\/08\\\/profilowe-23-1.png\",\"@id\":\"https:\\\/\\\/zastalowcy.pl\\\/?p=316\\\/#mainImage\",\"width\":2048,\"height\":2048},\"primaryImageOfPage\":{\"@id\":\"https:\\\/\\\/zastalowcy.pl\\\/?p=316#mainImage\"},\"datePublished\":\"2025-08-14T10:40:56+02:00\",\"dateModified\":\"2025-08-14T14:21:00+02:00\"},{\"@type\":\"WebSite\",\"@id\":\"https:\\\/\\\/zastalowcy.pl\\\/#website\",\"url\":\"https:\\\/\\\/zastalowcy.pl\\\/\",\"description\":\"O Zastalu od kibic\\u00f3w \\u2013 dla kibic\\u00f3w\",\"inLanguage\":\"pl-PL\",\"publisher\":{\"@id\":\"https:\\\/\\\/zastalowcy.pl\\\/#organization\"}}]}\n\t\t<\/script>\n\t\t<!-- All in One SEO -->\n\n","aioseo_head_json":{"title":"Filip Matczak zostaje w Zastalu! Kibice doczekali si\u0119 dobrej wiadomo\u015bci -","description":"Zielonog\u00f3rscy kibice d\u0142ugo czekali na t\u0119 informacj\u0119 \u2013 Filip Matczak nadal b\u0119dzie reprezentowa\u0142 barwy Orlen Zastalu Zielona G\u00f3ra. Decyzja o przed\u0142u\u017ceniu wsp\u00f3\u0142pracy by\u0142a jedn\u0105 z najbardziej wyczekiwanych podczas letniego okienka transferowego i spotka\u0142a si\u0119 z entuzjastycznym odbiorem w\u015br\u00f3d fan\u00f3w. Sezon 2024\/2025 by\u0142 dla Matczaka udanym powrotem do Zielonej G\u00f3ry. W 28 rozegranych meczach notowa\u0142 \u015brednio","canonical_url":"https:\/\/zastalowcy.pl\/?p=316","robots":"max-image-preview:large","keywords":"","webmasterTools":{"miscellaneous":""},"schema":{"@context":"https:\/\/schema.org","@graph":[{"@type":"BlogPosting","@id":"https:\/\/zastalowcy.pl\/?p=316#blogposting","name":"Filip Matczak zostaje w Zastalu! Kibice doczekali si\u0119 dobrej wiadomo\u015bci -","headline":"Filip Matczak zostaje w Zastalu! Kibice doczekali si\u0119 dobrej wiadomo\u015bci","author":{"@id":"https:\/\/zastalowcy.pl\/?author=3#author"},"publisher":{"@id":"https:\/\/zastalowcy.pl\/#organization"},"image":{"@type":"ImageObject","url":"https:\/\/zastalowcy.pl\/wp-content\/uploads\/2025\/08\/profilowe-23-1.png","width":2048,"height":2048},"datePublished":"2025-08-14T10:40:56+02:00","dateModified":"2025-08-14T14:21:00+02:00","inLanguage":"pl-PL","mainEntityOfPage":{"@id":"https:\/\/zastalowcy.pl\/?p=316#webpage"},"isPartOf":{"@id":"https:\/\/zastalowcy.pl\/?p=316#webpage"},"articleSection":"Aktualno\u015bci, Sezon 2025\/2026, basketzg, dru\u017cyna, fifi matczak, filip matczak, koszyk\u00f3wka, matczak, orlen zastal zielona g\u00f3ra, zastal, zastal zielona g\u00f3ra, zastalowcy, zielona g\u00f3ra, zielonagora, zielonog\u00f3rska koszyk\u00f3wka"},{"@type":"BreadcrumbList","@id":"https:\/\/zastalowcy.pl\/?p=316#breadcrumblist","itemListElement":[{"@type":"ListItem","@id":"https:\/\/zastalowcy.pl#listItem","position":1,"name":"Home","item":"https:\/\/zastalowcy.pl","nextItem":{"@type":"ListItem","@id":"https:\/\/zastalowcy.pl\/?cat=9#listItem","name":"Sezon 2025\/2026"}},{"@type":"ListItem","@id":"https:\/\/zastalowcy.pl\/?cat=9#listItem","position":2,"name":"Sezon 2025\/2026","item":"https:\/\/zastalowcy.pl\/?cat=9","nextItem":{"@type":"ListItem","@id":"https:\/\/zastalowcy.pl\/?p=316#listItem","name":"Filip Matczak zostaje w Zastalu! Kibice doczekali si\u0119 dobrej wiadomo\u015bci"},"previousItem":{"@type":"ListItem","@id":"https:\/\/zastalowcy.pl#listItem","name":"Home"}},{"@type":"ListItem","@id":"https:\/\/zastalowcy.pl\/?p=316#listItem","position":3,"name":"Filip Matczak zostaje w Zastalu! Kibice doczekali si\u0119 dobrej wiadomo\u015bci","previousItem":{"@type":"ListItem","@id":"https:\/\/zastalowcy.pl\/?cat=9#listItem","name":"Sezon 2025\/2026"}}]},{"@type":"Organization","@id":"https:\/\/zastalowcy.pl\/#organization","description":"O Zastalu od kibic\u00f3w \u2013 dla kibic\u00f3w","url":"https:\/\/zastalowcy.pl\/","logo":{"@type":"ImageObject","url":"https:\/\/zastalowcy.pl\/wp-content\/uploads\/2025\/09\/cropped-logo-strony-2.png","@id":"https:\/\/zastalowcy.pl\/?p=316\/#organizationLogo","width":1862,"height":384},"image":{"@id":"https:\/\/zastalowcy.pl\/?p=316\/#organizationLogo"}},{"@type":"Person","@id":"https:\/\/zastalowcy.pl\/?author=3#author","url":"https:\/\/zastalowcy.pl\/?author=3","name":"Joanna Nawlicka","image":{"@type":"ImageObject","@id":"https:\/\/zastalowcy.pl\/?p=316#authorImage","url":"https:\/\/secure.gravatar.com\/avatar\/66fc557d97536ff5096b6295970275631b7a4673997738477642001957f5274c?s=96&d=mm&r=g","width":96,"height":96,"caption":"Joanna Nawlicka"}},{"@type":"WebPage","@id":"https:\/\/zastalowcy.pl\/?p=316#webpage","url":"https:\/\/zastalowcy.pl\/?p=316","name":"Filip Matczak zostaje w Zastalu! Kibice doczekali si\u0119 dobrej wiadomo\u015bci -","description":"Zielonog\u00f3rscy kibice d\u0142ugo czekali na t\u0119 informacj\u0119 \u2013 Filip Matczak nadal b\u0119dzie reprezentowa\u0142 barwy Orlen Zastalu Zielona G\u00f3ra. Decyzja o przed\u0142u\u017ceniu wsp\u00f3\u0142pracy by\u0142a jedn\u0105 z najbardziej wyczekiwanych podczas letniego okienka transferowego i spotka\u0142a si\u0119 z entuzjastycznym odbiorem w\u015br\u00f3d fan\u00f3w. Sezon 2024\/2025 by\u0142 dla Matczaka udanym powrotem do Zielonej G\u00f3ry. W 28 rozegranych meczach notowa\u0142 \u015brednio","inLanguage":"pl-PL","isPartOf":{"@id":"https:\/\/zastalowcy.pl\/#website"},"breadcrumb":{"@id":"https:\/\/zastalowcy.pl\/?p=316#breadcrumblist"},"author":{"@id":"https:\/\/zastalowcy.pl\/?author=3#author"},"creator":{"@id":"https:\/\/zastalowcy.pl\/?author=3#author"},"image":{"@type":"ImageObject","url":"https:\/\/zastalowcy.pl\/wp-content\/uploads\/2025\/08\/profilowe-23-1.png","@id":"https:\/\/zastalowcy.pl\/?p=316\/#mainImage","width":2048,"height":2048},"primaryImageOfPage":{"@id":"https:\/\/zastalowcy.pl\/?p=316#mainImage"},"datePublished":"2025-08-14T10:40:56+02:00","dateModified":"2025-08-14T14:21:00+02:00"},{"@type":"WebSite","@id":"https:\/\/zastalowcy.pl\/#website","url":"https:\/\/zastalowcy.pl\/","description":"O Zastalu od kibic\u00f3w \u2013 dla kibic\u00f3w","inLanguage":"pl-PL","publisher":{"@id":"https:\/\/zastalowcy.pl\/#organization"}}]},"og:locale":"pl_PL","og:site_name":"- O Zastalu od kibic\u00f3w \u2013 dla kibic\u00f3w","og:type":"article","og:title":"Filip Matczak zostaje w Zastalu! Kibice doczekali si\u0119 dobrej wiadomo\u015bci -","og:description":"Zielonog\u00f3rscy kibice d\u0142ugo czekali na t\u0119 informacj\u0119 \u2013 Filip Matczak nadal b\u0119dzie reprezentowa\u0142 barwy Orlen Zastalu Zielona G\u00f3ra. Decyzja o przed\u0142u\u017ceniu wsp\u00f3\u0142pracy by\u0142a jedn\u0105 z najbardziej wyczekiwanych podczas letniego okienka transferowego i spotka\u0142a si\u0119 z entuzjastycznym odbiorem w\u015br\u00f3d fan\u00f3w. Sezon 2024\/2025 by\u0142 dla Matczaka udanym powrotem do Zielonej G\u00f3ry. W 28 rozegranych meczach notowa\u0142 \u015brednio","og:url":"https:\/\/zastalowcy.pl\/?p=316","og:image":"https:\/\/zastalowcy.pl\/wp-content\/uploads\/2025\/09\/cropped-logo-strony-2.png","og:image:secure_url":"https:\/\/zastalowcy.pl\/wp-content\/uploads\/2025\/09\/cropped-logo-strony-2.png","og:image:width":1862,"og:image:height":384,"article:published_time":"2025-08-14T08:40:56+00:00","article:modified_time":"2025-08-14T12:21:00+00:00","twitter:card":"summary_large_image","twitter:title":"Filip Matczak zostaje w Zastalu! Kibice doczekali si\u0119 dobrej wiadomo\u015bci -","twitter:description":"Zielonog\u00f3rscy kibice d\u0142ugo czekali na t\u0119 informacj\u0119 \u2013 Filip Matczak nadal b\u0119dzie reprezentowa\u0142 barwy Orlen Zastalu Zielona G\u00f3ra. Decyzja o przed\u0142u\u017ceniu wsp\u00f3\u0142pracy by\u0142a jedn\u0105 z najbardziej wyczekiwanych podczas letniego okienka transferowego i spotka\u0142a si\u0119 z entuzjastycznym odbiorem w\u015br\u00f3d fan\u00f3w. Sezon 2024\/2025 by\u0142 dla Matczaka udanym powrotem do Zielonej G\u00f3ry. W 28 rozegranych meczach notowa\u0142 \u015brednio","twitter:image":"https:\/\/zastalowcy.pl\/wp-content\/uploads\/2025\/09\/cropped-logo-strony-2.png"},"aioseo_meta_data":{"post_id":"316","title":null,"description":null,"keywords":null,"keyphrases":null,"primary_term":null,"canonical_url":null,"og_title":null,"og_description":null,"og_object_type":"default","og_image_type":"default","og_image_custom_url":null,"og_image_custom_fields":null,"og_image_url":null,"og_image_width":null,"og_image_height":null,"og_video":null,"og_custom_url":null,"og_article_section":null,"og_article_tags":null,"twitter_use_og":false,"twitter_card":"default","twitter_image_type":"default","twitter_image_custom_url":null,"twitter_image_custom_fields":null,"twitter_image_url":null,"twitter_title":null,"twitter_description":null,"schema_type":"default","schema_type_options":null,"schema":{"blockGraphs":[],"customGraphs":[],"default":{"data":{"Article":[],"Course":[],"Dataset":[],"FAQPage":[],"Movie":[],"Person":[],"Product":[],"ProductReview":[],"Car":[],"Recipe":[],"Service":[],"SoftwareApplication":[],"WebPage":[]},"graphName":"","isEnabled":true},"graphs":[]},"pillar_content":false,"robots_default":true,"robots_noindex":false,"robots_noarchive":false,"robots_nosnippet":false,"robots_nofollow":false,"robots_noimageindex":false,"robots_noodp":false,"robots_notranslate":false,"robots_max_snippet":null,"robots_max_videopreview":null,"robots_max_imagepreview":"large","priority":null,"frequency":null,"local_seo":null,"limit_modified_date":false,"ai":null,"breadcrumb_settings":null,"seo_analyzer_scan_date":null,"created":"2026-07-15 16:36:44","updated":"2026-07-15 16:36:44","focus_keyword":null,"additional_keywords":null,"truseo_locale":null},"aioseo_breadcrumb":"<div class=\"aioseo-breadcrumbs\"><span class=\"aioseo-breadcrumb\">\n\t\t\t<a href=\"https:\/\/zastalowcy.pl\" title=\"Home\">Home<\/a>\n\t\t<\/span><span class=\"aioseo-breadcrumb-separator\">&raquo;<\/span><span class=\"aioseo-breadcrumb\">\n\t\t\t<a href=\"https:\/\/zastalowcy.pl\/?cat=9\" title=\"Sezon 2025\/2026\">Sezon 2025\/2026<\/a>\n\t\t<\/span><span class=\"aioseo-breadcrumb-separator\">&raquo;<\/span><span class=\"aioseo-breadcrumb\">\n\t\t\tFilip Matczak zostaje w Zastalu! Kibice doczekali si\u0119 dobrej wiadomo\u015bci\n\t\t<\/span><\/div>","aioseo_breadcrumb_json":[{"label":"Home","link":"https:\/\/zastalowcy.pl"},{"label":"Sezon 2025\/2026","link":"https:\/\/zastalowcy.pl\/?cat=9"},{"label":"Filip Matczak zostaje w Zastalu! Kibice doczekali si\u0119 dobrej wiadomo\u015bci","link":"https:\/\/zastalowcy.pl\/?p=316"}],"_links":{"self":[{"href":"https:\/\/zastalowcy.pl\/index.php?rest_route=\/wp\/v2\/posts\/316","targetHints":{"allow":["GET"]}}],"collection":[{"href":"https:\/\/zastalowcy.pl\/index.php?rest_route=\/wp\/v2\/posts"}],"about":[{"href":"https:\/\/zastalowcy.pl\/index.php?rest_route=\/wp\/v2\/types\/post"}],"author":[{"embeddable":true,"href":"https:\/\/zastalowcy.pl\/index.php?rest_route=\/wp\/v2\/users\/3"}],"replies":[{"embeddable":true,"href":"https:\/\/zastalowcy.pl\/index.php?rest_route=%2Fwp%2Fv2%2Fcomments&post=316"}],"version-history":[{"count":4,"href":"https:\/\/zastalowcy.pl\/index.php?rest_route=\/wp\/v2\/posts\/316\/revisions"}],"predecessor-version":[{"id":321,"href":"https:\/\/zastalowcy.pl\/index.php?rest_route=\/wp\/v2\/posts\/316\/revisions\/321"}],"wp:featuredmedia":[{"embeddable":true,"href":"https:\/\/zastalowcy.pl\/index.php?rest_route=\/wp\/v2\/media\/317"}],"wp:attachment":[{"href":"https:\/\/zastalowcy.pl\/index.php?rest_route=%2Fwp%2Fv2%2Fmedia&parent=316"}],"wp:term":[{"taxonomy":"category","embeddable":true,"href":"https:\/\/zastalowcy.pl\/index.php?rest_route=%2Fwp%2Fv2%2Fcategories&post=316"},{"taxonomy":"post_tag","embeddable":true,"href":"https:\/\/zastalowcy.pl\/index.php?rest_route=%2Fwp%2Fv2%2Ftags&post=316"}],"curies":[{"name":"wp","href":"https:\/\/api.w.org\/{rel}","templated":true}]}}