{"id":323,"date":"2025-08-27T13:14:45","date_gmt":"2025-08-27T11:14:45","guid":{"rendered":"https:\/\/zastalowcy.pl\/?p=323"},"modified":"2025-08-27T13:14:45","modified_gmt":"2025-08-27T11:14:45","slug":"grzegorz-kukielka-zostaje-w-zastalu-na-kolejny-sezon","status":"publish","type":"post","link":"https:\/\/zastalowcy.pl\/?p=323","title":{"rendered":"Grzegorz Kukie\u0142ka zostaje w Zastalu na kolejny sezon!"},"content":{"rendered":"\n<p class=\"wp-block-paragraph\">Zielona G\u00f3ra zn\u00f3w mo\u017ce liczy\u0107 na jednego ze swoich najbardziej lojalnych i oddanych ludzi koszyk\u00f3wki \u2013 Grzegorz Kukie\u0142ka przed\u0142u\u017cy\u0142 kontrakt z Orlen Zastalem Zielona G\u00f3ra i w sezonie 2025\/26 ponownie b\u0119dzie w sztabie trenerskim. To dobra wiadomo\u015b\u0107 nie tylko dla dru\u017cyny, ale te\u017c dla kibic\u00f3w, kt\u00f3rzy ceni\u0105 szkoleniowca.<\/p>\n\n\n\n<p class=\"wp-block-paragraph\">Grzegorz Kukie\u0142ka, wychowanek zielonog\u00f3rskiego basketu, od lat jest zwi\u0105zany z koszyk\u00f3wk\u0105, a po ostatnim sezonie doskonale rozumie specyfik\u0119 klubu, jego potrzeby oraz oczekiwania kibic\u00f3w. Jako asystent g\u0142\u00f3wnego trenera, nie tylko wspiera dru\u017cyn\u0119 taktycznie, ale jest tak\u017ce wa\u017cnym \u0142\u0105cznikiem mi\u0119dzy zawodnikami a sztabem. Jego znajomo\u015b\u0107 reali\u00f3w ligi, do\u015bwiadczenie zdobyte przez lata pracy oraz umiej\u0119tno\u015b\u0107 pracy z m\u0142odymi talentami sprawiaj\u0105, \u017ce jego obecno\u015b\u0107 w dru\u017cynie to ogromny atut.<\/p>\n\n\n\n<p class=\"wp-block-paragraph\">W nowym sezonie Kukie\u0142ka ponownie b\u0119dzie wspiera\u0142 trenera Arkadiusza Mi\u0142oszewskiego w przygotowaniu dru\u017cyny do rywalizacji w ORLEN Basket Lidze. Przy stale rozwijaj\u0105cym si\u0119 sk\u0142adzie i nowych wyzwaniach, rola do\u015bwiadczonego asystenta jest nie do przecenienia.<\/p>\n\n\n\n<p class=\"wp-block-paragraph\">\ud83c\udfc0 Zastalowcy.pl \u2013 o Zastalu od kibic\u00f3w \u2013 dla kibic\u00f3w<\/p>\n","protected":false},"excerpt":{"rendered":"<p>Zielona G\u00f3ra zn\u00f3w mo\u017ce liczy\u0107 na jednego ze swoich najbardziej lojalnych i oddanych ludzi koszyk\u00f3wki \u2013 Grzegorz Kukie\u0142ka<\/p>\n","protected":false},"author":3,"featured_media":324,"comment_status":"open","ping_status":"open","sticky":false,"template":"","format":"standard","meta":{"om_disable_all_campaigns":false,"footnotes":""},"categories":[18,9],"tags":[17,26,94,15,93,13,86,12,14,42,11,10,16],"class_list":["post-323","post","type-post","status-publish","format-standard","has-post-thumbnail","hentry","category-aktualnosci","category-sezon-2025-2026","tag-basketzg","tag-druzyna","tag-grzegorz-kukielka","tag-koszykowka","tag-kukielka","tag-orlen-zastal-zielona-gora","tag-sztab-szkoleniowy","tag-zastal","tag-zastal-zielona-gora","tag-zastalowcy","tag-zielona-gora","tag-zielonagora","tag-zielonogorska-koszykowka"],"aioseo_notices":[],"aioseo_head":"\n\t\t<!-- All in One SEO 5.0.0.1 - aioseo.com -->\n\t<meta name=\"description\" content=\"Zielona G\u00f3ra zn\u00f3w mo\u017ce liczy\u0107 na jednego ze swoich najbardziej lojalnych i oddanych ludzi koszyk\u00f3wki \u2013 Grzegorz Kukie\u0142ka przed\u0142u\u017cy\u0142 kontrakt z Orlen Zastalem Zielona G\u00f3ra i w sezonie 2025\/26 ponownie b\u0119dzie w sztabie trenerskim. To dobra wiadomo\u015b\u0107 nie tylko dla dru\u017cyny, ale te\u017c dla kibic\u00f3w, kt\u00f3rzy ceni\u0105 szkoleniowca. Grzegorz Kukie\u0142ka, wychowanek zielonog\u00f3rskiego basketu, od lat\" \/>\n\t<meta name=\"robots\" content=\"max-image-preview:large\" \/>\n\t<meta name=\"author\" content=\"Joanna Nawlicka\"\/>\n\t<link rel=\"canonical\" href=\"https:\/\/zastalowcy.pl\/?p=323\" \/>\n\t<meta name=\"generator\" content=\"All in One SEO (AIOSEO) 5.0.0.1\" \/>\n\t\t<meta property=\"og:locale\" content=\"pl_PL\" \/>\n\t\t<meta property=\"og:site_name\" content=\"- O Zastalu od kibic\u00f3w \u2013 dla kibic\u00f3w\" \/>\n\t\t<meta property=\"og:type\" content=\"article\" \/>\n\t\t<meta property=\"og:title\" content=\"Grzegorz Kukie\u0142ka zostaje w Zastalu na kolejny sezon! -\" \/>\n\t\t<meta property=\"og:description\" content=\"Zielona G\u00f3ra zn\u00f3w mo\u017ce liczy\u0107 na jednego ze swoich najbardziej lojalnych i oddanych ludzi koszyk\u00f3wki \u2013 Grzegorz Kukie\u0142ka przed\u0142u\u017cy\u0142 kontrakt z Orlen Zastalem Zielona G\u00f3ra i w sezonie 2025\/26 ponownie b\u0119dzie w sztabie trenerskim. To dobra wiadomo\u015b\u0107 nie tylko dla dru\u017cyny, ale te\u017c dla kibic\u00f3w, kt\u00f3rzy ceni\u0105 szkoleniowca. Grzegorz Kukie\u0142ka, wychowanek zielonog\u00f3rskiego basketu, od lat\" \/>\n\t\t<meta property=\"og:url\" content=\"https:\/\/zastalowcy.pl\/?p=323\" \/>\n\t\t<meta property=\"og:image\" content=\"https:\/\/zastalowcy.pl\/wp-content\/uploads\/2025\/09\/cropped-logo-strony-2.png\" \/>\n\t\t<meta property=\"og:image:secure_url\" content=\"https:\/\/zastalowcy.pl\/wp-content\/uploads\/2025\/09\/cropped-logo-strony-2.png\" \/>\n\t\t<meta property=\"og:image:width\" content=\"1862\" \/>\n\t\t<meta property=\"og:image:height\" content=\"384\" \/>\n\t\t<meta property=\"article:published_time\" content=\"2025-08-27T11:14:45+00:00\" \/>\n\t\t<meta property=\"article:modified_time\" content=\"2025-08-27T11:14:45+00:00\" \/>\n\t\t<meta name=\"twitter:card\" content=\"summary_large_image\" \/>\n\t\t<meta name=\"twitter:title\" content=\"Grzegorz Kukie\u0142ka zostaje w Zastalu na kolejny sezon! -\" \/>\n\t\t<meta name=\"twitter:description\" content=\"Zielona G\u00f3ra zn\u00f3w mo\u017ce liczy\u0107 na jednego ze swoich najbardziej lojalnych i oddanych ludzi koszyk\u00f3wki \u2013 Grzegorz Kukie\u0142ka przed\u0142u\u017cy\u0142 kontrakt z Orlen Zastalem Zielona G\u00f3ra i w sezonie 2025\/26 ponownie b\u0119dzie w sztabie trenerskim. To dobra wiadomo\u015b\u0107 nie tylko dla dru\u017cyny, ale te\u017c dla kibic\u00f3w, kt\u00f3rzy ceni\u0105 szkoleniowca. Grzegorz Kukie\u0142ka, wychowanek zielonog\u00f3rskiego basketu, od lat\" \/>\n\t\t<meta name=\"twitter:image\" content=\"https:\/\/zastalowcy.pl\/wp-content\/uploads\/2025\/09\/cropped-logo-strony-2.png\" \/>\n\t\t<script type=\"application\/ld+json\" class=\"aioseo-schema\">\n\t\t\t{\"@context\":\"https:\\\/\\\/schema.org\",\"@graph\":[{\"@type\":\"BlogPosting\",\"@id\":\"https:\\\/\\\/zastalowcy.pl\\\/?p=323#blogposting\",\"name\":\"Grzegorz Kukie\\u0142ka zostaje w Zastalu na kolejny sezon! -\",\"headline\":\"Grzegorz Kukie\\u0142ka zostaje w Zastalu na kolejny sezon!\",\"author\":{\"@id\":\"https:\\\/\\\/zastalowcy.pl\\\/?author=3#author\"},\"publisher\":{\"@id\":\"https:\\\/\\\/zastalowcy.pl\\\/#organization\"},\"image\":{\"@type\":\"ImageObject\",\"url\":\"https:\\\/\\\/zastalowcy.pl\\\/wp-content\\\/uploads\\\/2025\\\/08\\\/profilowe-24-1.png\",\"width\":2048,\"height\":2048,\"caption\":\"fot. FB \\\/ SKM Zastal\"},\"datePublished\":\"2025-08-27T13:14:45+02:00\",\"dateModified\":\"2025-08-27T13:14:45+02:00\",\"inLanguage\":\"pl-PL\",\"mainEntityOfPage\":{\"@id\":\"https:\\\/\\\/zastalowcy.pl\\\/?p=323#webpage\"},\"isPartOf\":{\"@id\":\"https:\\\/\\\/zastalowcy.pl\\\/?p=323#webpage\"},\"articleSection\":\"Aktualno\\u015bci, Sezon 2025\\\/2026, basketzg, dru\\u017cyna, grzegorz kukie\\u0142ka, koszyk\\u00f3wka, kukie\\u0142ka, orlen zastal zielona g\\u00f3ra, sztab szkoleniowy, zastal, zastal zielona g\\u00f3ra, zastalowcy, zielona g\\u00f3ra, zielonagora, zielonog\\u00f3rska koszyk\\u00f3wka\"},{\"@type\":\"BreadcrumbList\",\"@id\":\"https:\\\/\\\/zastalowcy.pl\\\/?p=323#breadcrumblist\",\"itemListElement\":[{\"@type\":\"ListItem\",\"@id\":\"https:\\\/\\\/zastalowcy.pl#listItem\",\"position\":1,\"name\":\"Home\",\"item\":\"https:\\\/\\\/zastalowcy.pl\",\"nextItem\":{\"@type\":\"ListItem\",\"@id\":\"https:\\\/\\\/zastalowcy.pl\\\/?cat=9#listItem\",\"name\":\"Sezon 2025\\\/2026\"}},{\"@type\":\"ListItem\",\"@id\":\"https:\\\/\\\/zastalowcy.pl\\\/?cat=9#listItem\",\"position\":2,\"name\":\"Sezon 2025\\\/2026\",\"item\":\"https:\\\/\\\/zastalowcy.pl\\\/?cat=9\",\"nextItem\":{\"@type\":\"ListItem\",\"@id\":\"https:\\\/\\\/zastalowcy.pl\\\/?p=323#listItem\",\"name\":\"Grzegorz Kukie\\u0142ka zostaje w Zastalu na kolejny sezon!\"},\"previousItem\":{\"@type\":\"ListItem\",\"@id\":\"https:\\\/\\\/zastalowcy.pl#listItem\",\"name\":\"Home\"}},{\"@type\":\"ListItem\",\"@id\":\"https:\\\/\\\/zastalowcy.pl\\\/?p=323#listItem\",\"position\":3,\"name\":\"Grzegorz Kukie\\u0142ka zostaje w Zastalu na kolejny sezon!\",\"previousItem\":{\"@type\":\"ListItem\",\"@id\":\"https:\\\/\\\/zastalowcy.pl\\\/?cat=9#listItem\",\"name\":\"Sezon 2025\\\/2026\"}}]},{\"@type\":\"Organization\",\"@id\":\"https:\\\/\\\/zastalowcy.pl\\\/#organization\",\"description\":\"O Zastalu od kibic\\u00f3w \\u2013 dla kibic\\u00f3w\",\"url\":\"https:\\\/\\\/zastalowcy.pl\\\/\",\"logo\":{\"@type\":\"ImageObject\",\"url\":\"https:\\\/\\\/zastalowcy.pl\\\/wp-content\\\/uploads\\\/2025\\\/09\\\/cropped-logo-strony-2.png\",\"@id\":\"https:\\\/\\\/zastalowcy.pl\\\/?p=323\\\/#organizationLogo\",\"width\":1862,\"height\":384},\"image\":{\"@id\":\"https:\\\/\\\/zastalowcy.pl\\\/?p=323\\\/#organizationLogo\"}},{\"@type\":\"Person\",\"@id\":\"https:\\\/\\\/zastalowcy.pl\\\/?author=3#author\",\"url\":\"https:\\\/\\\/zastalowcy.pl\\\/?author=3\",\"name\":\"Joanna Nawlicka\",\"image\":{\"@type\":\"ImageObject\",\"@id\":\"https:\\\/\\\/zastalowcy.pl\\\/?p=323#authorImage\",\"url\":\"https:\\\/\\\/secure.gravatar.com\\\/avatar\\\/66fc557d97536ff5096b6295970275631b7a4673997738477642001957f5274c?s=96&d=mm&r=g\",\"width\":96,\"height\":96,\"caption\":\"Joanna Nawlicka\"}},{\"@type\":\"WebPage\",\"@id\":\"https:\\\/\\\/zastalowcy.pl\\\/?p=323#webpage\",\"url\":\"https:\\\/\\\/zastalowcy.pl\\\/?p=323\",\"name\":\"Grzegorz Kukie\\u0142ka zostaje w Zastalu na kolejny sezon! -\",\"description\":\"Zielona G\\u00f3ra zn\\u00f3w mo\\u017ce liczy\\u0107 na jednego ze swoich najbardziej lojalnych i oddanych ludzi koszyk\\u00f3wki \\u2013 Grzegorz Kukie\\u0142ka przed\\u0142u\\u017cy\\u0142 kontrakt z Orlen Zastalem Zielona G\\u00f3ra i w sezonie 2025\\\/26 ponownie b\\u0119dzie w sztabie trenerskim. To dobra wiadomo\\u015b\\u0107 nie tylko dla dru\\u017cyny, ale te\\u017c dla kibic\\u00f3w, kt\\u00f3rzy ceni\\u0105 szkoleniowca. Grzegorz Kukie\\u0142ka, wychowanek zielonog\\u00f3rskiego basketu, od lat\",\"inLanguage\":\"pl-PL\",\"isPartOf\":{\"@id\":\"https:\\\/\\\/zastalowcy.pl\\\/#website\"},\"breadcrumb\":{\"@id\":\"https:\\\/\\\/zastalowcy.pl\\\/?p=323#breadcrumblist\"},\"author\":{\"@id\":\"https:\\\/\\\/zastalowcy.pl\\\/?author=3#author\"},\"creator\":{\"@id\":\"https:\\\/\\\/zastalowcy.pl\\\/?author=3#author\"},\"image\":{\"@type\":\"ImageObject\",\"url\":\"https:\\\/\\\/zastalowcy.pl\\\/wp-content\\\/uploads\\\/2025\\\/08\\\/profilowe-24-1.png\",\"@id\":\"https:\\\/\\\/zastalowcy.pl\\\/?p=323\\\/#mainImage\",\"width\":2048,\"height\":2048,\"caption\":\"fot. FB \\\/ SKM Zastal\"},\"primaryImageOfPage\":{\"@id\":\"https:\\\/\\\/zastalowcy.pl\\\/?p=323#mainImage\"},\"datePublished\":\"2025-08-27T13:14:45+02:00\",\"dateModified\":\"2025-08-27T13:14:45+02:00\"},{\"@type\":\"WebSite\",\"@id\":\"https:\\\/\\\/zastalowcy.pl\\\/#website\",\"url\":\"https:\\\/\\\/zastalowcy.pl\\\/\",\"description\":\"O Zastalu od kibic\\u00f3w \\u2013 dla kibic\\u00f3w\",\"inLanguage\":\"pl-PL\",\"publisher\":{\"@id\":\"https:\\\/\\\/zastalowcy.pl\\\/#organization\"}}]}\n\t\t<\/script>\n\t\t<!-- All in One SEO -->\n\n","aioseo_head_json":{"title":"Grzegorz Kukie\u0142ka zostaje w Zastalu na kolejny sezon! -","description":"Zielona G\u00f3ra zn\u00f3w mo\u017ce liczy\u0107 na jednego ze swoich najbardziej lojalnych i oddanych ludzi koszyk\u00f3wki \u2013 Grzegorz Kukie\u0142ka przed\u0142u\u017cy\u0142 kontrakt z Orlen Zastalem Zielona G\u00f3ra i w sezonie 2025\/26 ponownie b\u0119dzie w sztabie trenerskim. To dobra wiadomo\u015b\u0107 nie tylko dla dru\u017cyny, ale te\u017c dla kibic\u00f3w, kt\u00f3rzy ceni\u0105 szkoleniowca. Grzegorz Kukie\u0142ka, wychowanek zielonog\u00f3rskiego basketu, od lat","canonical_url":"https:\/\/zastalowcy.pl\/?p=323","robots":"max-image-preview:large","keywords":"","webmasterTools":{"miscellaneous":""},"schema":{"@context":"https:\/\/schema.org","@graph":[{"@type":"BlogPosting","@id":"https:\/\/zastalowcy.pl\/?p=323#blogposting","name":"Grzegorz Kukie\u0142ka zostaje w Zastalu na kolejny sezon! -","headline":"Grzegorz Kukie\u0142ka zostaje w Zastalu na kolejny sezon!","author":{"@id":"https:\/\/zastalowcy.pl\/?author=3#author"},"publisher":{"@id":"https:\/\/zastalowcy.pl\/#organization"},"image":{"@type":"ImageObject","url":"https:\/\/zastalowcy.pl\/wp-content\/uploads\/2025\/08\/profilowe-24-1.png","width":2048,"height":2048,"caption":"fot. FB \/ SKM Zastal"},"datePublished":"2025-08-27T13:14:45+02:00","dateModified":"2025-08-27T13:14:45+02:00","inLanguage":"pl-PL","mainEntityOfPage":{"@id":"https:\/\/zastalowcy.pl\/?p=323#webpage"},"isPartOf":{"@id":"https:\/\/zastalowcy.pl\/?p=323#webpage"},"articleSection":"Aktualno\u015bci, Sezon 2025\/2026, basketzg, dru\u017cyna, grzegorz kukie\u0142ka, koszyk\u00f3wka, kukie\u0142ka, orlen zastal zielona g\u00f3ra, sztab szkoleniowy, zastal, zastal zielona g\u00f3ra, zastalowcy, zielona g\u00f3ra, zielonagora, zielonog\u00f3rska koszyk\u00f3wka"},{"@type":"BreadcrumbList","@id":"https:\/\/zastalowcy.pl\/?p=323#breadcrumblist","itemListElement":[{"@type":"ListItem","@id":"https:\/\/zastalowcy.pl#listItem","position":1,"name":"Home","item":"https:\/\/zastalowcy.pl","nextItem":{"@type":"ListItem","@id":"https:\/\/zastalowcy.pl\/?cat=9#listItem","name":"Sezon 2025\/2026"}},{"@type":"ListItem","@id":"https:\/\/zastalowcy.pl\/?cat=9#listItem","position":2,"name":"Sezon 2025\/2026","item":"https:\/\/zastalowcy.pl\/?cat=9","nextItem":{"@type":"ListItem","@id":"https:\/\/zastalowcy.pl\/?p=323#listItem","name":"Grzegorz Kukie\u0142ka zostaje w Zastalu na kolejny sezon!"},"previousItem":{"@type":"ListItem","@id":"https:\/\/zastalowcy.pl#listItem","name":"Home"}},{"@type":"ListItem","@id":"https:\/\/zastalowcy.pl\/?p=323#listItem","position":3,"name":"Grzegorz Kukie\u0142ka zostaje w Zastalu na kolejny sezon!","previousItem":{"@type":"ListItem","@id":"https:\/\/zastalowcy.pl\/?cat=9#listItem","name":"Sezon 2025\/2026"}}]},{"@type":"Organization","@id":"https:\/\/zastalowcy.pl\/#organization","description":"O Zastalu od kibic\u00f3w \u2013 dla kibic\u00f3w","url":"https:\/\/zastalowcy.pl\/","logo":{"@type":"ImageObject","url":"https:\/\/zastalowcy.pl\/wp-content\/uploads\/2025\/09\/cropped-logo-strony-2.png","@id":"https:\/\/zastalowcy.pl\/?p=323\/#organizationLogo","width":1862,"height":384},"image":{"@id":"https:\/\/zastalowcy.pl\/?p=323\/#organizationLogo"}},{"@type":"Person","@id":"https:\/\/zastalowcy.pl\/?author=3#author","url":"https:\/\/zastalowcy.pl\/?author=3","name":"Joanna Nawlicka","image":{"@type":"ImageObject","@id":"https:\/\/zastalowcy.pl\/?p=323#authorImage","url":"https:\/\/secure.gravatar.com\/avatar\/66fc557d97536ff5096b6295970275631b7a4673997738477642001957f5274c?s=96&d=mm&r=g","width":96,"height":96,"caption":"Joanna Nawlicka"}},{"@type":"WebPage","@id":"https:\/\/zastalowcy.pl\/?p=323#webpage","url":"https:\/\/zastalowcy.pl\/?p=323","name":"Grzegorz Kukie\u0142ka zostaje w Zastalu na kolejny sezon! -","description":"Zielona G\u00f3ra zn\u00f3w mo\u017ce liczy\u0107 na jednego ze swoich najbardziej lojalnych i oddanych ludzi koszyk\u00f3wki \u2013 Grzegorz Kukie\u0142ka przed\u0142u\u017cy\u0142 kontrakt z Orlen Zastalem Zielona G\u00f3ra i w sezonie 2025\/26 ponownie b\u0119dzie w sztabie trenerskim. To dobra wiadomo\u015b\u0107 nie tylko dla dru\u017cyny, ale te\u017c dla kibic\u00f3w, kt\u00f3rzy ceni\u0105 szkoleniowca. Grzegorz Kukie\u0142ka, wychowanek zielonog\u00f3rskiego basketu, od lat","inLanguage":"pl-PL","isPartOf":{"@id":"https:\/\/zastalowcy.pl\/#website"},"breadcrumb":{"@id":"https:\/\/zastalowcy.pl\/?p=323#breadcrumblist"},"author":{"@id":"https:\/\/zastalowcy.pl\/?author=3#author"},"creator":{"@id":"https:\/\/zastalowcy.pl\/?author=3#author"},"image":{"@type":"ImageObject","url":"https:\/\/zastalowcy.pl\/wp-content\/uploads\/2025\/08\/profilowe-24-1.png","@id":"https:\/\/zastalowcy.pl\/?p=323\/#mainImage","width":2048,"height":2048,"caption":"fot. FB \/ SKM Zastal"},"primaryImageOfPage":{"@id":"https:\/\/zastalowcy.pl\/?p=323#mainImage"},"datePublished":"2025-08-27T13:14:45+02:00","dateModified":"2025-08-27T13:14:45+02:00"},{"@type":"WebSite","@id":"https:\/\/zastalowcy.pl\/#website","url":"https:\/\/zastalowcy.pl\/","description":"O Zastalu od kibic\u00f3w \u2013 dla kibic\u00f3w","inLanguage":"pl-PL","publisher":{"@id":"https:\/\/zastalowcy.pl\/#organization"}}]},"og:locale":"pl_PL","og:site_name":"- O Zastalu od kibic\u00f3w \u2013 dla kibic\u00f3w","og:type":"article","og:title":"Grzegorz Kukie\u0142ka zostaje w Zastalu na kolejny sezon! -","og:description":"Zielona G\u00f3ra zn\u00f3w mo\u017ce liczy\u0107 na jednego ze swoich najbardziej lojalnych i oddanych ludzi koszyk\u00f3wki \u2013 Grzegorz Kukie\u0142ka przed\u0142u\u017cy\u0142 kontrakt z Orlen Zastalem Zielona G\u00f3ra i w sezonie 2025\/26 ponownie b\u0119dzie w sztabie trenerskim. To dobra wiadomo\u015b\u0107 nie tylko dla dru\u017cyny, ale te\u017c dla kibic\u00f3w, kt\u00f3rzy ceni\u0105 szkoleniowca. Grzegorz Kukie\u0142ka, wychowanek zielonog\u00f3rskiego basketu, od lat","og:url":"https:\/\/zastalowcy.pl\/?p=323","og:image":"https:\/\/zastalowcy.pl\/wp-content\/uploads\/2025\/09\/cropped-logo-strony-2.png","og:image:secure_url":"https:\/\/zastalowcy.pl\/wp-content\/uploads\/2025\/09\/cropped-logo-strony-2.png","og:image:width":1862,"og:image:height":384,"article:published_time":"2025-08-27T11:14:45+00:00","article:modified_time":"2025-08-27T11:14:45+00:00","twitter:card":"summary_large_image","twitter:title":"Grzegorz Kukie\u0142ka zostaje w Zastalu na kolejny sezon! -","twitter:description":"Zielona G\u00f3ra zn\u00f3w mo\u017ce liczy\u0107 na jednego ze swoich najbardziej lojalnych i oddanych ludzi koszyk\u00f3wki \u2013 Grzegorz Kukie\u0142ka przed\u0142u\u017cy\u0142 kontrakt z Orlen Zastalem Zielona G\u00f3ra i w sezonie 2025\/26 ponownie b\u0119dzie w sztabie trenerskim. To dobra wiadomo\u015b\u0107 nie tylko dla dru\u017cyny, ale te\u017c dla kibic\u00f3w, kt\u00f3rzy ceni\u0105 szkoleniowca. Grzegorz Kukie\u0142ka, wychowanek zielonog\u00f3rskiego basketu, od lat","twitter:image":"https:\/\/zastalowcy.pl\/wp-content\/uploads\/2025\/09\/cropped-logo-strony-2.png"},"aioseo_meta_data":{"post_id":"323","title":null,"description":null,"keywords":null,"keyphrases":null,"primary_term":null,"canonical_url":null,"og_title":null,"og_description":null,"og_object_type":"default","og_image_type":"default","og_image_custom_url":null,"og_image_custom_fields":null,"og_image_url":null,"og_image_width":null,"og_image_height":null,"og_video":null,"og_custom_url":null,"og_article_section":null,"og_article_tags":null,"twitter_use_og":false,"twitter_card":"default","twitter_image_type":"default","twitter_image_custom_url":null,"twitter_image_custom_fields":null,"twitter_image_url":null,"twitter_title":null,"twitter_description":null,"schema_type":"default","schema_type_options":null,"schema":{"blockGraphs":[],"customGraphs":[],"default":{"data":{"Article":[],"Course":[],"Dataset":[],"FAQPage":[],"Movie":[],"Person":[],"Product":[],"ProductReview":[],"Car":[],"Recipe":[],"Service":[],"SoftwareApplication":[],"WebPage":[]},"graphName":"","isEnabled":true},"graphs":[]},"pillar_content":false,"robots_default":true,"robots_noindex":false,"robots_noarchive":false,"robots_nosnippet":false,"robots_nofollow":false,"robots_noimageindex":false,"robots_noodp":false,"robots_notranslate":false,"robots_max_snippet":null,"robots_max_videopreview":null,"robots_max_imagepreview":"large","priority":null,"frequency":null,"local_seo":null,"limit_modified_date":false,"ai":null,"breadcrumb_settings":null,"seo_analyzer_scan_date":null,"created":"2026-07-15 16:36:44","updated":"2026-07-15 16:36:44","focus_keyword":null,"additional_keywords":null,"truseo_locale":null},"aioseo_breadcrumb":"<div class=\"aioseo-breadcrumbs\"><span class=\"aioseo-breadcrumb\">\n\t\t\t<a href=\"https:\/\/zastalowcy.pl\" title=\"Home\">Home<\/a>\n\t\t<\/span><span class=\"aioseo-breadcrumb-separator\">&raquo;<\/span><span class=\"aioseo-breadcrumb\">\n\t\t\t<a href=\"https:\/\/zastalowcy.pl\/?cat=9\" title=\"Sezon 2025\/2026\">Sezon 2025\/2026<\/a>\n\t\t<\/span><span class=\"aioseo-breadcrumb-separator\">&raquo;<\/span><span class=\"aioseo-breadcrumb\">\n\t\t\tGrzegorz Kukie\u0142ka zostaje w Zastalu na kolejny sezon!\n\t\t<\/span><\/div>","aioseo_breadcrumb_json":[{"label":"Home","link":"https:\/\/zastalowcy.pl"},{"label":"Sezon 2025\/2026","link":"https:\/\/zastalowcy.pl\/?cat=9"},{"label":"Grzegorz Kukie\u0142ka zostaje w Zastalu na kolejny sezon!","link":"https:\/\/zastalowcy.pl\/?p=323"}],"_links":{"self":[{"href":"https:\/\/zastalowcy.pl\/index.php?rest_route=\/wp\/v2\/posts\/323","targetHints":{"allow":["GET"]}}],"collection":[{"href":"https:\/\/zastalowcy.pl\/index.php?rest_route=\/wp\/v2\/posts"}],"about":[{"href":"https:\/\/zastalowcy.pl\/index.php?rest_route=\/wp\/v2\/types\/post"}],"author":[{"embeddable":true,"href":"https:\/\/zastalowcy.pl\/index.php?rest_route=\/wp\/v2\/users\/3"}],"replies":[{"embeddable":true,"href":"https:\/\/zastalowcy.pl\/index.php?rest_route=%2Fwp%2Fv2%2Fcomments&post=323"}],"version-history":[{"count":1,"href":"https:\/\/zastalowcy.pl\/index.php?rest_route=\/wp\/v2\/posts\/323\/revisions"}],"predecessor-version":[{"id":325,"href":"https:\/\/zastalowcy.pl\/index.php?rest_route=\/wp\/v2\/posts\/323\/revisions\/325"}],"wp:featuredmedia":[{"embeddable":true,"href":"https:\/\/zastalowcy.pl\/index.php?rest_route=\/wp\/v2\/media\/324"}],"wp:attachment":[{"href":"https:\/\/zastalowcy.pl\/index.php?rest_route=%2Fwp%2Fv2%2Fmedia&parent=323"}],"wp:term":[{"taxonomy":"category","embeddable":true,"href":"https:\/\/zastalowcy.pl\/index.php?rest_route=%2Fwp%2Fv2%2Fcategories&post=323"},{"taxonomy":"post_tag","embeddable":true,"href":"https:\/\/zastalowcy.pl\/index.php?rest_route=%2Fwp%2Fv2%2Ftags&post=323"}],"curies":[{"name":"wp","href":"https:\/\/api.w.org\/{rel}","templated":true}]}}