{"id":329,"date":"2025-08-27T13:40:55","date_gmt":"2025-08-27T11:40:55","guid":{"rendered":"https:\/\/zastalowcy.pl\/?p=329"},"modified":"2025-08-27T13:40:55","modified_gmt":"2025-08-27T11:40:55","slug":"strefa-kibica-w-gwar-zielona-gora-wspolne-ogladanie-meczu-polska-slowenia-z-druzyna-zastalu","status":"publish","type":"post","link":"https:\/\/zastalowcy.pl\/?p=329","title":{"rendered":"Strefa Kibica w GWAR Zielona G\u00f3ra \u2013 wsp\u00f3lne ogl\u0105danie meczu Polska-S\u0142owenia z dru\u017cyn\u0105 Zastalu!"},"content":{"rendered":"\n<p class=\"wp-block-paragraph\">Zielona G\u00f3ra powoli zaczyna \u017cy\u0107 koszykarskimi emocjami przed nowym sezonem ORLEN Basket Ligi, a ju\u017c w najbli\u017cszy czwartek kibice dostan\u0105 przedsmak tego, co czeka ich w hali CRS. Klub zaprasza wszystkich fan\u00f3w basketu na wyj\u0105tkowe wydarzenie \u2013 wsp\u00f3lne ogl\u0105danie meczu reprezentacji Polski ze S\u0142oweni\u0105 w nowo otwartym koszykarskim barze GWAR! To pierwsza taka okazja, by spotka\u0107 si\u0119 z zawodnikami i sztabem Orlen Zastalu Zielona G\u00f3ra przed startem rozgrywek i poczu\u0107 atmosfer\u0119 koszyk\u00f3wki w najlepszym wydaniu.<\/p>\n\n\n\n<p class=\"wp-block-paragraph\">Wydarzenie zaplanowano na czwartek, 28 sierpnia, a transmisja na du\u017cym ekranie rozpocznie si\u0119 o godzinie 20:30. Drzwi do strefy kibica otwieraj\u0105 si\u0119 ju\u017c od 20:00, wi\u0119c warto przyj\u015b\u0107 wcze\u015bniej, zaj\u0105\u0107 dobre miejsce i z\u0142apa\u0107 chwil\u0119 na rozmow\u0119 czy zdj\u0119cie z zawodnikami. <\/p>\n\n\n\n<p class=\"wp-block-paragraph\">Jeste\u015bmy pewni, \u017ce tego wieczoru emocji nie zabraknie, bo przecie\u017c wsp\u00f3lne kibicowanie w gronie fan\u00f3w, a do tego rami\u0119 w rami\u0119 z dru\u017cyn\u0105, to zupe\u0142nie inny poziom sportowego prze\u017cywania meczu.<\/p>\n\n\n\n<p class=\"wp-block-paragraph\">Nowy bar GWAR w hali CRS to przestrze\u0144 stworzona specjalnie dla mi\u0142o\u015bnik\u00f3w koszyk\u00f3wki. Du\u017cy ekran, sportowe dekoracje i atmosfera, kt\u00f3rej nie znajdziecie nigdzie indziej w mie\u015bcie \u2013 to wszystko czeka na kibic\u00f3w ju\u017c w czwartek.<\/p>\n\n\n\n<p class=\"wp-block-paragraph\">Je\u015bli kochacie basket i chcecie zobaczy\u0107, jak wygl\u0105da nowa ods\u0142ona Zastalu Zielona G\u00f3ra, nie mo\u017ce Was zabrakn\u0105\u0107. Przyjd\u017acie, kibicujcie, poznajcie dru\u017cyn\u0119 \u2013 to dopiero pocz\u0105tek koszykarskich emocji w Zielonej G\u00f3rze!<\/p>\n\n\n\n<p class=\"wp-block-paragraph\">\ud83c\udfc0 Zastalowcy.pl \u2013 o Zastalu od kibic\u00f3w \u2013 dla kibic\u00f3w<\/p>\n","protected":false},"excerpt":{"rendered":"<p>Zielona G\u00f3ra powoli zaczyna \u017cy\u0107 koszykarskimi emocjami przed nowym sezonem ORLEN Basket Ligi, a ju\u017c w najbli\u017cszy czwartek<\/p>\n","protected":false},"author":3,"featured_media":330,"comment_status":"open","ping_status":"open","sticky":false,"template":"","format":"standard","meta":{"om_disable_all_campaigns":false,"footnotes":""},"categories":[18,8],"tags":[17,26,100,103,15,104,13,101,99,102,105,12,14,42,11,10,16],"class_list":["post-329","post","type-post","status-publish","format-standard","has-post-thumbnail","hentry","category-aktualnosci","category-wiadomosci-z-klubu","tag-basketzg","tag-druzyna","tag-eurobasket","tag-gwar","tag-koszykowka","tag-mecz","tag-orlen-zastal-zielona-gora","tag-polska-slowenia","tag-reprezentacja-polski","tag-restauracja-gwar","tag-wspolne-ogladanie","tag-zastal","tag-zastal-zielona-gora","tag-zastalowcy","tag-zielona-gora","tag-zielonagora","tag-zielonogorska-koszykowka"],"aioseo_notices":[],"aioseo_head":"\n\t\t<!-- All in One SEO 5.0.0.1 - aioseo.com -->\n\t<meta name=\"description\" content=\"Zielona G\u00f3ra powoli zaczyna \u017cy\u0107 koszykarskimi emocjami przed nowym sezonem ORLEN Basket Ligi, a ju\u017c w najbli\u017cszy czwartek kibice dostan\u0105 przedsmak tego, co czeka ich w hali CRS. Klub zaprasza wszystkich fan\u00f3w basketu na wyj\u0105tkowe wydarzenie \u2013 wsp\u00f3lne ogl\u0105danie meczu reprezentacji Polski ze S\u0142oweni\u0105 w nowo otwartym koszykarskim barze GWAR! To pierwsza taka okazja, by\" \/>\n\t<meta name=\"robots\" content=\"max-image-preview:large\" \/>\n\t<meta name=\"author\" content=\"Joanna Nawlicka\"\/>\n\t<link rel=\"canonical\" href=\"https:\/\/zastalowcy.pl\/?p=329\" \/>\n\t<meta name=\"generator\" content=\"All in One SEO (AIOSEO) 5.0.0.1\" \/>\n\t\t<meta property=\"og:locale\" content=\"pl_PL\" \/>\n\t\t<meta property=\"og:site_name\" content=\"- O Zastalu od kibic\u00f3w \u2013 dla kibic\u00f3w\" \/>\n\t\t<meta property=\"og:type\" content=\"article\" \/>\n\t\t<meta property=\"og:title\" content=\"Strefa Kibica w GWAR Zielona G\u00f3ra \u2013 wsp\u00f3lne ogl\u0105danie meczu Polska-S\u0142owenia z dru\u017cyn\u0105 Zastalu! -\" \/>\n\t\t<meta property=\"og:description\" content=\"Zielona G\u00f3ra powoli zaczyna \u017cy\u0107 koszykarskimi emocjami przed nowym sezonem ORLEN Basket Ligi, a ju\u017c w najbli\u017cszy czwartek kibice dostan\u0105 przedsmak tego, co czeka ich w hali CRS. Klub zaprasza wszystkich fan\u00f3w basketu na wyj\u0105tkowe wydarzenie \u2013 wsp\u00f3lne ogl\u0105danie meczu reprezentacji Polski ze S\u0142oweni\u0105 w nowo otwartym koszykarskim barze GWAR! To pierwsza taka okazja, by\" \/>\n\t\t<meta property=\"og:url\" content=\"https:\/\/zastalowcy.pl\/?p=329\" \/>\n\t\t<meta property=\"og:image\" content=\"https:\/\/zastalowcy.pl\/wp-content\/uploads\/2025\/09\/cropped-logo-strony-2.png\" \/>\n\t\t<meta property=\"og:image:secure_url\" content=\"https:\/\/zastalowcy.pl\/wp-content\/uploads\/2025\/09\/cropped-logo-strony-2.png\" \/>\n\t\t<meta property=\"og:image:width\" content=\"1862\" \/>\n\t\t<meta property=\"og:image:height\" content=\"384\" \/>\n\t\t<meta property=\"article:published_time\" content=\"2025-08-27T11:40:55+00:00\" \/>\n\t\t<meta property=\"article:modified_time\" content=\"2025-08-27T11:40:55+00:00\" \/>\n\t\t<meta name=\"twitter:card\" content=\"summary_large_image\" \/>\n\t\t<meta name=\"twitter:title\" content=\"Strefa Kibica w GWAR Zielona G\u00f3ra \u2013 wsp\u00f3lne ogl\u0105danie meczu Polska-S\u0142owenia z dru\u017cyn\u0105 Zastalu! -\" \/>\n\t\t<meta name=\"twitter:description\" content=\"Zielona G\u00f3ra powoli zaczyna \u017cy\u0107 koszykarskimi emocjami przed nowym sezonem ORLEN Basket Ligi, a ju\u017c w najbli\u017cszy czwartek kibice dostan\u0105 przedsmak tego, co czeka ich w hali CRS. Klub zaprasza wszystkich fan\u00f3w basketu na wyj\u0105tkowe wydarzenie \u2013 wsp\u00f3lne ogl\u0105danie meczu reprezentacji Polski ze S\u0142oweni\u0105 w nowo otwartym koszykarskim barze GWAR! To pierwsza taka okazja, by\" \/>\n\t\t<meta name=\"twitter:image\" content=\"https:\/\/zastalowcy.pl\/wp-content\/uploads\/2025\/09\/cropped-logo-strony-2.png\" \/>\n\t\t<script type=\"application\/ld+json\" class=\"aioseo-schema\">\n\t\t\t{\"@context\":\"https:\\\/\\\/schema.org\",\"@graph\":[{\"@type\":\"BlogPosting\",\"@id\":\"https:\\\/\\\/zastalowcy.pl\\\/?p=329#blogposting\",\"name\":\"Strefa Kibica w GWAR Zielona G\\u00f3ra \\u2013 wsp\\u00f3lne ogl\\u0105danie meczu Polska-S\\u0142owenia z dru\\u017cyn\\u0105 Zastalu! -\",\"headline\":\"Strefa Kibica w GWAR Zielona G\\u00f3ra \\u2013 wsp\\u00f3lne ogl\\u0105danie meczu Polska-S\\u0142owenia z dru\\u017cyn\\u0105 Zastalu!\",\"author\":{\"@id\":\"https:\\\/\\\/zastalowcy.pl\\\/?author=3#author\"},\"publisher\":{\"@id\":\"https:\\\/\\\/zastalowcy.pl\\\/#organization\"},\"image\":{\"@type\":\"ImageObject\",\"url\":\"https:\\\/\\\/zastalowcy.pl\\\/wp-content\\\/uploads\\\/2025\\\/08\\\/profilowe-26-1.png\",\"width\":2048,\"height\":2048},\"datePublished\":\"2025-08-27T13:40:55+02:00\",\"dateModified\":\"2025-08-27T13:40:55+02:00\",\"inLanguage\":\"pl-PL\",\"commentCount\":1,\"mainEntityOfPage\":{\"@id\":\"https:\\\/\\\/zastalowcy.pl\\\/?p=329#webpage\"},\"isPartOf\":{\"@id\":\"https:\\\/\\\/zastalowcy.pl\\\/?p=329#webpage\"},\"articleSection\":\"Aktualno\\u015bci, Wiadomo\\u015bci z klubu, basketzg, dru\\u017cyna, eurobasket, gwar, koszyk\\u00f3wka, mecz, orlen zastal zielona g\\u00f3ra, polska-s\\u0142owenia, reprezentacja polski, restauracja gwar, wsp\\u00f3lne ogl\\u0105danie, zastal, zastal zielona g\\u00f3ra, zastalowcy, zielona g\\u00f3ra, zielonagora, zielonog\\u00f3rska koszyk\\u00f3wka\"},{\"@type\":\"BreadcrumbList\",\"@id\":\"https:\\\/\\\/zastalowcy.pl\\\/?p=329#breadcrumblist\",\"itemListElement\":[{\"@type\":\"ListItem\",\"@id\":\"https:\\\/\\\/zastalowcy.pl#listItem\",\"position\":1,\"name\":\"Home\",\"item\":\"https:\\\/\\\/zastalowcy.pl\",\"nextItem\":{\"@type\":\"ListItem\",\"@id\":\"https:\\\/\\\/zastalowcy.pl\\\/?cat=8#listItem\",\"name\":\"Wiadomo\\u015bci z klubu\"}},{\"@type\":\"ListItem\",\"@id\":\"https:\\\/\\\/zastalowcy.pl\\\/?cat=8#listItem\",\"position\":2,\"name\":\"Wiadomo\\u015bci z klubu\",\"item\":\"https:\\\/\\\/zastalowcy.pl\\\/?cat=8\",\"nextItem\":{\"@type\":\"ListItem\",\"@id\":\"https:\\\/\\\/zastalowcy.pl\\\/?p=329#listItem\",\"name\":\"Strefa Kibica w GWAR Zielona G\\u00f3ra \\u2013 wsp\\u00f3lne ogl\\u0105danie meczu Polska-S\\u0142owenia z dru\\u017cyn\\u0105 Zastalu!\"},\"previousItem\":{\"@type\":\"ListItem\",\"@id\":\"https:\\\/\\\/zastalowcy.pl#listItem\",\"name\":\"Home\"}},{\"@type\":\"ListItem\",\"@id\":\"https:\\\/\\\/zastalowcy.pl\\\/?p=329#listItem\",\"position\":3,\"name\":\"Strefa Kibica w GWAR Zielona G\\u00f3ra \\u2013 wsp\\u00f3lne ogl\\u0105danie meczu Polska-S\\u0142owenia z dru\\u017cyn\\u0105 Zastalu!\",\"previousItem\":{\"@type\":\"ListItem\",\"@id\":\"https:\\\/\\\/zastalowcy.pl\\\/?cat=8#listItem\",\"name\":\"Wiadomo\\u015bci z klubu\"}}]},{\"@type\":\"Organization\",\"@id\":\"https:\\\/\\\/zastalowcy.pl\\\/#organization\",\"description\":\"O Zastalu od kibic\\u00f3w \\u2013 dla kibic\\u00f3w\",\"url\":\"https:\\\/\\\/zastalowcy.pl\\\/\",\"logo\":{\"@type\":\"ImageObject\",\"url\":\"https:\\\/\\\/zastalowcy.pl\\\/wp-content\\\/uploads\\\/2025\\\/09\\\/cropped-logo-strony-2.png\",\"@id\":\"https:\\\/\\\/zastalowcy.pl\\\/?p=329\\\/#organizationLogo\",\"width\":1862,\"height\":384},\"image\":{\"@id\":\"https:\\\/\\\/zastalowcy.pl\\\/?p=329\\\/#organizationLogo\"}},{\"@type\":\"Person\",\"@id\":\"https:\\\/\\\/zastalowcy.pl\\\/?author=3#author\",\"url\":\"https:\\\/\\\/zastalowcy.pl\\\/?author=3\",\"name\":\"Joanna Nawlicka\",\"image\":{\"@type\":\"ImageObject\",\"@id\":\"https:\\\/\\\/zastalowcy.pl\\\/?p=329#authorImage\",\"url\":\"https:\\\/\\\/secure.gravatar.com\\\/avatar\\\/66fc557d97536ff5096b6295970275631b7a4673997738477642001957f5274c?s=96&d=mm&r=g\",\"width\":96,\"height\":96,\"caption\":\"Joanna Nawlicka\"}},{\"@type\":\"WebPage\",\"@id\":\"https:\\\/\\\/zastalowcy.pl\\\/?p=329#webpage\",\"url\":\"https:\\\/\\\/zastalowcy.pl\\\/?p=329\",\"name\":\"Strefa Kibica w GWAR Zielona G\\u00f3ra \\u2013 wsp\\u00f3lne ogl\\u0105danie meczu Polska-S\\u0142owenia z dru\\u017cyn\\u0105 Zastalu! -\",\"description\":\"Zielona G\\u00f3ra powoli zaczyna \\u017cy\\u0107 koszykarskimi emocjami przed nowym sezonem ORLEN Basket Ligi, a ju\\u017c w najbli\\u017cszy czwartek kibice dostan\\u0105 przedsmak tego, co czeka ich w hali CRS. Klub zaprasza wszystkich fan\\u00f3w basketu na wyj\\u0105tkowe wydarzenie \\u2013 wsp\\u00f3lne ogl\\u0105danie meczu reprezentacji Polski ze S\\u0142oweni\\u0105 w nowo otwartym koszykarskim barze GWAR! To pierwsza taka okazja, by\",\"inLanguage\":\"pl-PL\",\"isPartOf\":{\"@id\":\"https:\\\/\\\/zastalowcy.pl\\\/#website\"},\"breadcrumb\":{\"@id\":\"https:\\\/\\\/zastalowcy.pl\\\/?p=329#breadcrumblist\"},\"author\":{\"@id\":\"https:\\\/\\\/zastalowcy.pl\\\/?author=3#author\"},\"creator\":{\"@id\":\"https:\\\/\\\/zastalowcy.pl\\\/?author=3#author\"},\"image\":{\"@type\":\"ImageObject\",\"url\":\"https:\\\/\\\/zastalowcy.pl\\\/wp-content\\\/uploads\\\/2025\\\/08\\\/profilowe-26-1.png\",\"@id\":\"https:\\\/\\\/zastalowcy.pl\\\/?p=329\\\/#mainImage\",\"width\":2048,\"height\":2048},\"primaryImageOfPage\":{\"@id\":\"https:\\\/\\\/zastalowcy.pl\\\/?p=329#mainImage\"},\"datePublished\":\"2025-08-27T13:40:55+02:00\",\"dateModified\":\"2025-08-27T13:40:55+02:00\"},{\"@type\":\"WebSite\",\"@id\":\"https:\\\/\\\/zastalowcy.pl\\\/#website\",\"url\":\"https:\\\/\\\/zastalowcy.pl\\\/\",\"description\":\"O Zastalu od kibic\\u00f3w \\u2013 dla kibic\\u00f3w\",\"inLanguage\":\"pl-PL\",\"publisher\":{\"@id\":\"https:\\\/\\\/zastalowcy.pl\\\/#organization\"}}]}\n\t\t<\/script>\n\t\t<!-- All in One SEO -->\n\n","aioseo_head_json":{"title":"Strefa Kibica w GWAR Zielona G\u00f3ra \u2013 wsp\u00f3lne ogl\u0105danie meczu Polska-S\u0142owenia z dru\u017cyn\u0105 Zastalu! -","description":"Zielona G\u00f3ra powoli zaczyna \u017cy\u0107 koszykarskimi emocjami przed nowym sezonem ORLEN Basket Ligi, a ju\u017c w najbli\u017cszy czwartek kibice dostan\u0105 przedsmak tego, co czeka ich w hali CRS. Klub zaprasza wszystkich fan\u00f3w basketu na wyj\u0105tkowe wydarzenie \u2013 wsp\u00f3lne ogl\u0105danie meczu reprezentacji Polski ze S\u0142oweni\u0105 w nowo otwartym koszykarskim barze GWAR! To pierwsza taka okazja, by","canonical_url":"https:\/\/zastalowcy.pl\/?p=329","robots":"max-image-preview:large","keywords":"","webmasterTools":{"miscellaneous":""},"schema":{"@context":"https:\/\/schema.org","@graph":[{"@type":"BlogPosting","@id":"https:\/\/zastalowcy.pl\/?p=329#blogposting","name":"Strefa Kibica w GWAR Zielona G\u00f3ra \u2013 wsp\u00f3lne ogl\u0105danie meczu Polska-S\u0142owenia z dru\u017cyn\u0105 Zastalu! -","headline":"Strefa Kibica w GWAR Zielona G\u00f3ra \u2013 wsp\u00f3lne ogl\u0105danie meczu Polska-S\u0142owenia z dru\u017cyn\u0105 Zastalu!","author":{"@id":"https:\/\/zastalowcy.pl\/?author=3#author"},"publisher":{"@id":"https:\/\/zastalowcy.pl\/#organization"},"image":{"@type":"ImageObject","url":"https:\/\/zastalowcy.pl\/wp-content\/uploads\/2025\/08\/profilowe-26-1.png","width":2048,"height":2048},"datePublished":"2025-08-27T13:40:55+02:00","dateModified":"2025-08-27T13:40:55+02:00","inLanguage":"pl-PL","commentCount":1,"mainEntityOfPage":{"@id":"https:\/\/zastalowcy.pl\/?p=329#webpage"},"isPartOf":{"@id":"https:\/\/zastalowcy.pl\/?p=329#webpage"},"articleSection":"Aktualno\u015bci, Wiadomo\u015bci z klubu, basketzg, dru\u017cyna, eurobasket, gwar, koszyk\u00f3wka, mecz, orlen zastal zielona g\u00f3ra, polska-s\u0142owenia, reprezentacja polski, restauracja gwar, wsp\u00f3lne ogl\u0105danie, zastal, zastal zielona g\u00f3ra, zastalowcy, zielona g\u00f3ra, zielonagora, zielonog\u00f3rska koszyk\u00f3wka"},{"@type":"BreadcrumbList","@id":"https:\/\/zastalowcy.pl\/?p=329#breadcrumblist","itemListElement":[{"@type":"ListItem","@id":"https:\/\/zastalowcy.pl#listItem","position":1,"name":"Home","item":"https:\/\/zastalowcy.pl","nextItem":{"@type":"ListItem","@id":"https:\/\/zastalowcy.pl\/?cat=8#listItem","name":"Wiadomo\u015bci z klubu"}},{"@type":"ListItem","@id":"https:\/\/zastalowcy.pl\/?cat=8#listItem","position":2,"name":"Wiadomo\u015bci z klubu","item":"https:\/\/zastalowcy.pl\/?cat=8","nextItem":{"@type":"ListItem","@id":"https:\/\/zastalowcy.pl\/?p=329#listItem","name":"Strefa Kibica w GWAR Zielona G\u00f3ra \u2013 wsp\u00f3lne ogl\u0105danie meczu Polska-S\u0142owenia z dru\u017cyn\u0105 Zastalu!"},"previousItem":{"@type":"ListItem","@id":"https:\/\/zastalowcy.pl#listItem","name":"Home"}},{"@type":"ListItem","@id":"https:\/\/zastalowcy.pl\/?p=329#listItem","position":3,"name":"Strefa Kibica w GWAR Zielona G\u00f3ra \u2013 wsp\u00f3lne ogl\u0105danie meczu Polska-S\u0142owenia z dru\u017cyn\u0105 Zastalu!","previousItem":{"@type":"ListItem","@id":"https:\/\/zastalowcy.pl\/?cat=8#listItem","name":"Wiadomo\u015bci z klubu"}}]},{"@type":"Organization","@id":"https:\/\/zastalowcy.pl\/#organization","description":"O Zastalu od kibic\u00f3w \u2013 dla kibic\u00f3w","url":"https:\/\/zastalowcy.pl\/","logo":{"@type":"ImageObject","url":"https:\/\/zastalowcy.pl\/wp-content\/uploads\/2025\/09\/cropped-logo-strony-2.png","@id":"https:\/\/zastalowcy.pl\/?p=329\/#organizationLogo","width":1862,"height":384},"image":{"@id":"https:\/\/zastalowcy.pl\/?p=329\/#organizationLogo"}},{"@type":"Person","@id":"https:\/\/zastalowcy.pl\/?author=3#author","url":"https:\/\/zastalowcy.pl\/?author=3","name":"Joanna Nawlicka","image":{"@type":"ImageObject","@id":"https:\/\/zastalowcy.pl\/?p=329#authorImage","url":"https:\/\/secure.gravatar.com\/avatar\/66fc557d97536ff5096b6295970275631b7a4673997738477642001957f5274c?s=96&d=mm&r=g","width":96,"height":96,"caption":"Joanna Nawlicka"}},{"@type":"WebPage","@id":"https:\/\/zastalowcy.pl\/?p=329#webpage","url":"https:\/\/zastalowcy.pl\/?p=329","name":"Strefa Kibica w GWAR Zielona G\u00f3ra \u2013 wsp\u00f3lne ogl\u0105danie meczu Polska-S\u0142owenia z dru\u017cyn\u0105 Zastalu! -","description":"Zielona G\u00f3ra powoli zaczyna \u017cy\u0107 koszykarskimi emocjami przed nowym sezonem ORLEN Basket Ligi, a ju\u017c w najbli\u017cszy czwartek kibice dostan\u0105 przedsmak tego, co czeka ich w hali CRS. Klub zaprasza wszystkich fan\u00f3w basketu na wyj\u0105tkowe wydarzenie \u2013 wsp\u00f3lne ogl\u0105danie meczu reprezentacji Polski ze S\u0142oweni\u0105 w nowo otwartym koszykarskim barze GWAR! To pierwsza taka okazja, by","inLanguage":"pl-PL","isPartOf":{"@id":"https:\/\/zastalowcy.pl\/#website"},"breadcrumb":{"@id":"https:\/\/zastalowcy.pl\/?p=329#breadcrumblist"},"author":{"@id":"https:\/\/zastalowcy.pl\/?author=3#author"},"creator":{"@id":"https:\/\/zastalowcy.pl\/?author=3#author"},"image":{"@type":"ImageObject","url":"https:\/\/zastalowcy.pl\/wp-content\/uploads\/2025\/08\/profilowe-26-1.png","@id":"https:\/\/zastalowcy.pl\/?p=329\/#mainImage","width":2048,"height":2048},"primaryImageOfPage":{"@id":"https:\/\/zastalowcy.pl\/?p=329#mainImage"},"datePublished":"2025-08-27T13:40:55+02:00","dateModified":"2025-08-27T13:40:55+02:00"},{"@type":"WebSite","@id":"https:\/\/zastalowcy.pl\/#website","url":"https:\/\/zastalowcy.pl\/","description":"O Zastalu od kibic\u00f3w \u2013 dla kibic\u00f3w","inLanguage":"pl-PL","publisher":{"@id":"https:\/\/zastalowcy.pl\/#organization"}}]},"og:locale":"pl_PL","og:site_name":"- O Zastalu od kibic\u00f3w \u2013 dla kibic\u00f3w","og:type":"article","og:title":"Strefa Kibica w GWAR Zielona G\u00f3ra \u2013 wsp\u00f3lne ogl\u0105danie meczu Polska-S\u0142owenia z dru\u017cyn\u0105 Zastalu! -","og:description":"Zielona G\u00f3ra powoli zaczyna \u017cy\u0107 koszykarskimi emocjami przed nowym sezonem ORLEN Basket Ligi, a ju\u017c w najbli\u017cszy czwartek kibice dostan\u0105 przedsmak tego, co czeka ich w hali CRS. Klub zaprasza wszystkich fan\u00f3w basketu na wyj\u0105tkowe wydarzenie \u2013 wsp\u00f3lne ogl\u0105danie meczu reprezentacji Polski ze S\u0142oweni\u0105 w nowo otwartym koszykarskim barze GWAR! To pierwsza taka okazja, by","og:url":"https:\/\/zastalowcy.pl\/?p=329","og:image":"https:\/\/zastalowcy.pl\/wp-content\/uploads\/2025\/09\/cropped-logo-strony-2.png","og:image:secure_url":"https:\/\/zastalowcy.pl\/wp-content\/uploads\/2025\/09\/cropped-logo-strony-2.png","og:image:width":1862,"og:image:height":384,"article:published_time":"2025-08-27T11:40:55+00:00","article:modified_time":"2025-08-27T11:40:55+00:00","twitter:card":"summary_large_image","twitter:title":"Strefa Kibica w GWAR Zielona G\u00f3ra \u2013 wsp\u00f3lne ogl\u0105danie meczu Polska-S\u0142owenia z dru\u017cyn\u0105 Zastalu! -","twitter:description":"Zielona G\u00f3ra powoli zaczyna \u017cy\u0107 koszykarskimi emocjami przed nowym sezonem ORLEN Basket Ligi, a ju\u017c w najbli\u017cszy czwartek kibice dostan\u0105 przedsmak tego, co czeka ich w hali CRS. Klub zaprasza wszystkich fan\u00f3w basketu na wyj\u0105tkowe wydarzenie \u2013 wsp\u00f3lne ogl\u0105danie meczu reprezentacji Polski ze S\u0142oweni\u0105 w nowo otwartym koszykarskim barze GWAR! To pierwsza taka okazja, by","twitter:image":"https:\/\/zastalowcy.pl\/wp-content\/uploads\/2025\/09\/cropped-logo-strony-2.png"},"aioseo_meta_data":{"post_id":"329","title":null,"description":null,"keywords":null,"keyphrases":null,"primary_term":null,"canonical_url":null,"og_title":null,"og_description":null,"og_object_type":"default","og_image_type":"default","og_image_custom_url":null,"og_image_custom_fields":null,"og_image_url":null,"og_image_width":null,"og_image_height":null,"og_video":null,"og_custom_url":null,"og_article_section":null,"og_article_tags":null,"twitter_use_og":false,"twitter_card":"default","twitter_image_type":"default","twitter_image_custom_url":null,"twitter_image_custom_fields":null,"twitter_image_url":null,"twitter_title":null,"twitter_description":null,"schema_type":"default","schema_type_options":null,"schema":{"blockGraphs":[],"customGraphs":[],"default":{"data":{"Article":[],"Course":[],"Dataset":[],"FAQPage":[],"Movie":[],"Person":[],"Product":[],"ProductReview":[],"Car":[],"Recipe":[],"Service":[],"SoftwareApplication":[],"WebPage":[]},"graphName":"","isEnabled":true},"graphs":[]},"pillar_content":false,"robots_default":true,"robots_noindex":false,"robots_noarchive":false,"robots_nosnippet":false,"robots_nofollow":false,"robots_noimageindex":false,"robots_noodp":false,"robots_notranslate":false,"robots_max_snippet":null,"robots_max_videopreview":null,"robots_max_imagepreview":"large","priority":null,"frequency":null,"local_seo":null,"limit_modified_date":false,"ai":null,"breadcrumb_settings":null,"seo_analyzer_scan_date":null,"created":"2026-07-15 16:36:44","updated":"2026-07-15 16:36:44","focus_keyword":null,"additional_keywords":null,"truseo_locale":null},"aioseo_breadcrumb":"<div class=\"aioseo-breadcrumbs\"><span class=\"aioseo-breadcrumb\">\n\t\t\t<a href=\"https:\/\/zastalowcy.pl\" title=\"Home\">Home<\/a>\n\t\t<\/span><span class=\"aioseo-breadcrumb-separator\">&raquo;<\/span><span class=\"aioseo-breadcrumb\">\n\t\t\t<a href=\"https:\/\/zastalowcy.pl\/?cat=8\" title=\"Wiadomo\u015bci z klubu\">Wiadomo\u015bci z klubu<\/a>\n\t\t<\/span><span class=\"aioseo-breadcrumb-separator\">&raquo;<\/span><span class=\"aioseo-breadcrumb\">\n\t\t\tStrefa Kibica w GWAR Zielona G\u00f3ra \u2013 wsp\u00f3lne ogl\u0105danie meczu Polska-S\u0142owenia z dru\u017cyn\u0105 Zastalu!\n\t\t<\/span><\/div>","aioseo_breadcrumb_json":[{"label":"Home","link":"https:\/\/zastalowcy.pl"},{"label":"Wiadomo\u015bci z klubu","link":"https:\/\/zastalowcy.pl\/?cat=8"},{"label":"Strefa Kibica w GWAR Zielona G\u00f3ra \u2013 wsp\u00f3lne ogl\u0105danie meczu Polska-S\u0142owenia z dru\u017cyn\u0105 Zastalu!","link":"https:\/\/zastalowcy.pl\/?p=329"}],"_links":{"self":[{"href":"https:\/\/zastalowcy.pl\/index.php?rest_route=\/wp\/v2\/posts\/329","targetHints":{"allow":["GET"]}}],"collection":[{"href":"https:\/\/zastalowcy.pl\/index.php?rest_route=\/wp\/v2\/posts"}],"about":[{"href":"https:\/\/zastalowcy.pl\/index.php?rest_route=\/wp\/v2\/types\/post"}],"author":[{"embeddable":true,"href":"https:\/\/zastalowcy.pl\/index.php?rest_route=\/wp\/v2\/users\/3"}],"replies":[{"embeddable":true,"href":"https:\/\/zastalowcy.pl\/index.php?rest_route=%2Fwp%2Fv2%2Fcomments&post=329"}],"version-history":[{"count":1,"href":"https:\/\/zastalowcy.pl\/index.php?rest_route=\/wp\/v2\/posts\/329\/revisions"}],"predecessor-version":[{"id":331,"href":"https:\/\/zastalowcy.pl\/index.php?rest_route=\/wp\/v2\/posts\/329\/revisions\/331"}],"wp:featuredmedia":[{"embeddable":true,"href":"https:\/\/zastalowcy.pl\/index.php?rest_route=\/wp\/v2\/media\/330"}],"wp:attachment":[{"href":"https:\/\/zastalowcy.pl\/index.php?rest_route=%2Fwp%2Fv2%2Fmedia&parent=329"}],"wp:term":[{"taxonomy":"category","embeddable":true,"href":"https:\/\/zastalowcy.pl\/index.php?rest_route=%2Fwp%2Fv2%2Fcategories&post=329"},{"taxonomy":"post_tag","embeddable":true,"href":"https:\/\/zastalowcy.pl\/index.php?rest_route=%2Fwp%2Fv2%2Ftags&post=329"}],"curies":[{"name":"wp","href":"https:\/\/api.w.org\/{rel}","templated":true}]}}