{"id":333,"date":"2025-08-28T18:55:43","date_gmt":"2025-08-28T16:55:43","guid":{"rendered":"https:\/\/zastalowcy.pl\/?p=333"},"modified":"2025-08-28T18:55:43","modified_gmt":"2025-08-28T16:55:43","slug":"z-boiska-3x3-do-pierwszej-druzyny-michal-pralat-nowym-kierownikiem-zastalu","status":"publish","type":"post","link":"https:\/\/zastalowcy.pl\/?p=333","title":{"rendered":"Z boiska 3&#215;3 do pierwszej dru\u017cyny \u2013 Micha\u0142 Pra\u0142at nowym kierownikiem Zastalu"},"content":{"rendered":"\n<p class=\"wp-block-paragraph\">Sezon 2025\/26 zbli\u017ca si\u0119 wielkimi krokami, a Orlen Zastal Zielona G\u00f3ra nie tylko wzmacnia sk\u0142ad zawodniczy, ale tak\u017ce buduje silne zaplecze organizacyjne. W czwartek, 28 sierpnia 2025 roku do sztabu do\u0142\u0105cza Micha\u0142 Pra\u0142at, kt\u00f3ry obejmie funkcj\u0119 kierownika dru\u017cyny.<\/p>\n\n\n\n<p class=\"wp-block-paragraph\">Micha\u0142 nie jest postaci\u0105 anonimow\u0105 dla zielonog\u00f3rskiego \u015brodowiska koszykarskiego. W poprzednim sezonie mogli\u015bmy ogl\u0105da\u0107 go w barwach AuRoom Zastalu 3&#215;3 Zielona G\u00f3ra. Teraz wraca w nowej roli \u2013 jako kierownik pierwszej dru\u017cyny. To zadanie wymagaj\u0105ce doskona\u0142ej organizacji, komunikatywno\u015bci i umiej\u0119tno\u015bci reagowania na ka\u017cd\u0105 sytuacj\u0119, zar\u00f3wno podczas codziennej pracy zespo\u0142u, jak i w trakcie mecz\u00f3w.<\/p>\n\n\n\n<p class=\"wp-block-paragraph\">Funkcja kierownika dru\u017cyny cz\u0119sto pozostaje w cieniu, ale to w\u0142a\u015bnie ona jest jednym z filar\u00f3w sprawnego dzia\u0142ania klubu. Micha\u0142 b\u0119dzie odpowiada\u0142 m.in. za logistyk\u0119, koordynacj\u0119 dzia\u0142a\u0144 sztabu i zawodnik\u00f3w, a tak\u017ce za to, by ka\u017cdy szczeg\u00f3\u0142 organizacyjny by\u0142 dopi\u0119ty na ostatni guzik. To on zadba o to, by dru\u017cyna mog\u0142a w pe\u0142ni skupi\u0107 si\u0119 na walce na parkiecie.<\/p>\n\n\n\n<p class=\"wp-block-paragraph\">Kibice Zastalu mog\u0105 by\u0107 pewni, \u017ce Pra\u0142at wniesie do zespo\u0142u energi\u0119 i zaanga\u017cowanie, kt\u00f3re pokazywa\u0142 tak\u017ce jako zawodnik. Jego sportowe do\u015bwiadczenie oraz znajomo\u015b\u0107 reali\u00f3w klubu b\u0119d\u0105 dodatkowym atutem w codziennej pracy sztabu.<\/p>\n\n\n\n<p class=\"wp-block-paragraph\">Witamy na pok\u0142adzie i \u017cyczymy powodzenia w nowej roli! \ud83d\udc9a<\/p>\n\n\n\n<p class=\"wp-block-paragraph\">\ud83c\udfc0 Zastalowcy.pl \u2013 o Zastalu od kibic\u00f3w \u2013 dla kibic\u00f3w<\/p>\n","protected":false},"excerpt":{"rendered":"<p>Sezon 2025\/26 zbli\u017ca si\u0119 wielkimi krokami, a Orlen Zastal Zielona G\u00f3ra nie tylko wzmacnia sk\u0142ad zawodniczy, ale tak\u017ce<\/p>\n","protected":false},"author":3,"featured_media":334,"comment_status":"open","ping_status":"open","sticky":false,"template":"","format":"standard","meta":{"om_disable_all_campaigns":false,"footnotes":""},"categories":[18,9],"tags":[17,26,15,13,12,14,42,11,10,16],"class_list":["post-333","post","type-post","status-publish","format-standard","has-post-thumbnail","hentry","category-aktualnosci","category-sezon-2025-2026","tag-basketzg","tag-druzyna","tag-koszykowka","tag-orlen-zastal-zielona-gora","tag-zastal","tag-zastal-zielona-gora","tag-zastalowcy","tag-zielona-gora","tag-zielonagora","tag-zielonogorska-koszykowka"],"aioseo_notices":[],"aioseo_head":"\n\t\t<!-- All in One SEO 5.0.0.1 - aioseo.com -->\n\t<meta name=\"description\" content=\"Sezon 2025\/26 zbli\u017ca si\u0119 wielkimi krokami, a Orlen Zastal Zielona G\u00f3ra nie tylko wzmacnia sk\u0142ad zawodniczy, ale tak\u017ce buduje silne zaplecze organizacyjne. W czwartek, 28 sierpnia 2025 roku do sztabu do\u0142\u0105cza Micha\u0142 Pra\u0142at, kt\u00f3ry obejmie funkcj\u0119 kierownika dru\u017cyny. Micha\u0142 nie jest postaci\u0105 anonimow\u0105 dla zielonog\u00f3rskiego \u015brodowiska koszykarskiego. W poprzednim sezonie mogli\u015bmy ogl\u0105da\u0107 go w barwach\" \/>\n\t<meta name=\"robots\" content=\"max-image-preview:large\" \/>\n\t<meta name=\"author\" content=\"Joanna Nawlicka\"\/>\n\t<link rel=\"canonical\" href=\"https:\/\/zastalowcy.pl\/?p=333\" \/>\n\t<meta name=\"generator\" content=\"All in One SEO (AIOSEO) 5.0.0.1\" \/>\n\t\t<meta property=\"og:locale\" content=\"pl_PL\" \/>\n\t\t<meta property=\"og:site_name\" content=\"- O Zastalu od kibic\u00f3w \u2013 dla kibic\u00f3w\" \/>\n\t\t<meta property=\"og:type\" content=\"article\" \/>\n\t\t<meta property=\"og:title\" content=\"Z boiska 3\u00d73 do pierwszej dru\u017cyny \u2013 Micha\u0142 Pra\u0142at nowym kierownikiem Zastalu -\" \/>\n\t\t<meta property=\"og:description\" content=\"Sezon 2025\/26 zbli\u017ca si\u0119 wielkimi krokami, a Orlen Zastal Zielona G\u00f3ra nie tylko wzmacnia sk\u0142ad zawodniczy, ale tak\u017ce buduje silne zaplecze organizacyjne. W czwartek, 28 sierpnia 2025 roku do sztabu do\u0142\u0105cza Micha\u0142 Pra\u0142at, kt\u00f3ry obejmie funkcj\u0119 kierownika dru\u017cyny. Micha\u0142 nie jest postaci\u0105 anonimow\u0105 dla zielonog\u00f3rskiego \u015brodowiska koszykarskiego. W poprzednim sezonie mogli\u015bmy ogl\u0105da\u0107 go w barwach\" \/>\n\t\t<meta property=\"og:url\" content=\"https:\/\/zastalowcy.pl\/?p=333\" \/>\n\t\t<meta property=\"og:image\" content=\"https:\/\/zastalowcy.pl\/wp-content\/uploads\/2025\/09\/cropped-logo-strony-2.png\" \/>\n\t\t<meta property=\"og:image:secure_url\" content=\"https:\/\/zastalowcy.pl\/wp-content\/uploads\/2025\/09\/cropped-logo-strony-2.png\" \/>\n\t\t<meta property=\"og:image:width\" content=\"1862\" \/>\n\t\t<meta property=\"og:image:height\" content=\"384\" \/>\n\t\t<meta property=\"article:published_time\" content=\"2025-08-28T16:55:43+00:00\" \/>\n\t\t<meta property=\"article:modified_time\" content=\"2025-08-28T16:55:43+00:00\" \/>\n\t\t<meta name=\"twitter:card\" content=\"summary_large_image\" \/>\n\t\t<meta name=\"twitter:title\" content=\"Z boiska 3\u00d73 do pierwszej dru\u017cyny \u2013 Micha\u0142 Pra\u0142at nowym kierownikiem Zastalu -\" \/>\n\t\t<meta name=\"twitter:description\" content=\"Sezon 2025\/26 zbli\u017ca si\u0119 wielkimi krokami, a Orlen Zastal Zielona G\u00f3ra nie tylko wzmacnia sk\u0142ad zawodniczy, ale tak\u017ce buduje silne zaplecze organizacyjne. W czwartek, 28 sierpnia 2025 roku do sztabu do\u0142\u0105cza Micha\u0142 Pra\u0142at, kt\u00f3ry obejmie funkcj\u0119 kierownika dru\u017cyny. Micha\u0142 nie jest postaci\u0105 anonimow\u0105 dla zielonog\u00f3rskiego \u015brodowiska koszykarskiego. W poprzednim sezonie mogli\u015bmy ogl\u0105da\u0107 go w barwach\" \/>\n\t\t<meta name=\"twitter:image\" content=\"https:\/\/zastalowcy.pl\/wp-content\/uploads\/2025\/09\/cropped-logo-strony-2.png\" \/>\n\t\t<script type=\"application\/ld+json\" class=\"aioseo-schema\">\n\t\t\t{\"@context\":\"https:\\\/\\\/schema.org\",\"@graph\":[{\"@type\":\"BlogPosting\",\"@id\":\"https:\\\/\\\/zastalowcy.pl\\\/?p=333#blogposting\",\"name\":\"Z boiska 3\\u00d73 do pierwszej dru\\u017cyny \\u2013 Micha\\u0142 Pra\\u0142at nowym kierownikiem Zastalu -\",\"headline\":\"Z boiska 3&#215;3 do pierwszej dru\\u017cyny \\u2013 Micha\\u0142 Pra\\u0142at nowym kierownikiem Zastalu\",\"author\":{\"@id\":\"https:\\\/\\\/zastalowcy.pl\\\/?author=3#author\"},\"publisher\":{\"@id\":\"https:\\\/\\\/zastalowcy.pl\\\/#organization\"},\"image\":{\"@type\":\"ImageObject\",\"url\":\"https:\\\/\\\/zastalowcy.pl\\\/wp-content\\\/uploads\\\/2025\\\/08\\\/profilowe-27.png\",\"width\":2048,\"height\":2048},\"datePublished\":\"2025-08-28T18:55:43+02:00\",\"dateModified\":\"2025-08-28T18:55:43+02:00\",\"inLanguage\":\"pl-PL\",\"mainEntityOfPage\":{\"@id\":\"https:\\\/\\\/zastalowcy.pl\\\/?p=333#webpage\"},\"isPartOf\":{\"@id\":\"https:\\\/\\\/zastalowcy.pl\\\/?p=333#webpage\"},\"articleSection\":\"Aktualno\\u015bci, Sezon 2025\\\/2026, basketzg, dru\\u017cyna, koszyk\\u00f3wka, orlen zastal zielona g\\u00f3ra, zastal, zastal zielona g\\u00f3ra, zastalowcy, zielona g\\u00f3ra, zielonagora, zielonog\\u00f3rska koszyk\\u00f3wka\"},{\"@type\":\"BreadcrumbList\",\"@id\":\"https:\\\/\\\/zastalowcy.pl\\\/?p=333#breadcrumblist\",\"itemListElement\":[{\"@type\":\"ListItem\",\"@id\":\"https:\\\/\\\/zastalowcy.pl#listItem\",\"position\":1,\"name\":\"Home\",\"item\":\"https:\\\/\\\/zastalowcy.pl\",\"nextItem\":{\"@type\":\"ListItem\",\"@id\":\"https:\\\/\\\/zastalowcy.pl\\\/?cat=9#listItem\",\"name\":\"Sezon 2025\\\/2026\"}},{\"@type\":\"ListItem\",\"@id\":\"https:\\\/\\\/zastalowcy.pl\\\/?cat=9#listItem\",\"position\":2,\"name\":\"Sezon 2025\\\/2026\",\"item\":\"https:\\\/\\\/zastalowcy.pl\\\/?cat=9\",\"nextItem\":{\"@type\":\"ListItem\",\"@id\":\"https:\\\/\\\/zastalowcy.pl\\\/?p=333#listItem\",\"name\":\"Z boiska 3&#215;3 do pierwszej dru\\u017cyny \\u2013 Micha\\u0142 Pra\\u0142at nowym kierownikiem Zastalu\"},\"previousItem\":{\"@type\":\"ListItem\",\"@id\":\"https:\\\/\\\/zastalowcy.pl#listItem\",\"name\":\"Home\"}},{\"@type\":\"ListItem\",\"@id\":\"https:\\\/\\\/zastalowcy.pl\\\/?p=333#listItem\",\"position\":3,\"name\":\"Z boiska 3&#215;3 do pierwszej dru\\u017cyny \\u2013 Micha\\u0142 Pra\\u0142at nowym kierownikiem Zastalu\",\"previousItem\":{\"@type\":\"ListItem\",\"@id\":\"https:\\\/\\\/zastalowcy.pl\\\/?cat=9#listItem\",\"name\":\"Sezon 2025\\\/2026\"}}]},{\"@type\":\"Organization\",\"@id\":\"https:\\\/\\\/zastalowcy.pl\\\/#organization\",\"description\":\"O Zastalu od kibic\\u00f3w \\u2013 dla kibic\\u00f3w\",\"url\":\"https:\\\/\\\/zastalowcy.pl\\\/\",\"logo\":{\"@type\":\"ImageObject\",\"url\":\"https:\\\/\\\/zastalowcy.pl\\\/wp-content\\\/uploads\\\/2025\\\/09\\\/cropped-logo-strony-2.png\",\"@id\":\"https:\\\/\\\/zastalowcy.pl\\\/?p=333\\\/#organizationLogo\",\"width\":1862,\"height\":384},\"image\":{\"@id\":\"https:\\\/\\\/zastalowcy.pl\\\/?p=333\\\/#organizationLogo\"}},{\"@type\":\"Person\",\"@id\":\"https:\\\/\\\/zastalowcy.pl\\\/?author=3#author\",\"url\":\"https:\\\/\\\/zastalowcy.pl\\\/?author=3\",\"name\":\"Joanna Nawlicka\",\"image\":{\"@type\":\"ImageObject\",\"@id\":\"https:\\\/\\\/zastalowcy.pl\\\/?p=333#authorImage\",\"url\":\"https:\\\/\\\/secure.gravatar.com\\\/avatar\\\/66fc557d97536ff5096b6295970275631b7a4673997738477642001957f5274c?s=96&d=mm&r=g\",\"width\":96,\"height\":96,\"caption\":\"Joanna Nawlicka\"}},{\"@type\":\"WebPage\",\"@id\":\"https:\\\/\\\/zastalowcy.pl\\\/?p=333#webpage\",\"url\":\"https:\\\/\\\/zastalowcy.pl\\\/?p=333\",\"name\":\"Z boiska 3\\u00d73 do pierwszej dru\\u017cyny \\u2013 Micha\\u0142 Pra\\u0142at nowym kierownikiem Zastalu -\",\"description\":\"Sezon 2025\\\/26 zbli\\u017ca si\\u0119 wielkimi krokami, a Orlen Zastal Zielona G\\u00f3ra nie tylko wzmacnia sk\\u0142ad zawodniczy, ale tak\\u017ce buduje silne zaplecze organizacyjne. W czwartek, 28 sierpnia 2025 roku do sztabu do\\u0142\\u0105cza Micha\\u0142 Pra\\u0142at, kt\\u00f3ry obejmie funkcj\\u0119 kierownika dru\\u017cyny. Micha\\u0142 nie jest postaci\\u0105 anonimow\\u0105 dla zielonog\\u00f3rskiego \\u015brodowiska koszykarskiego. W poprzednim sezonie mogli\\u015bmy ogl\\u0105da\\u0107 go w barwach\",\"inLanguage\":\"pl-PL\",\"isPartOf\":{\"@id\":\"https:\\\/\\\/zastalowcy.pl\\\/#website\"},\"breadcrumb\":{\"@id\":\"https:\\\/\\\/zastalowcy.pl\\\/?p=333#breadcrumblist\"},\"author\":{\"@id\":\"https:\\\/\\\/zastalowcy.pl\\\/?author=3#author\"},\"creator\":{\"@id\":\"https:\\\/\\\/zastalowcy.pl\\\/?author=3#author\"},\"image\":{\"@type\":\"ImageObject\",\"url\":\"https:\\\/\\\/zastalowcy.pl\\\/wp-content\\\/uploads\\\/2025\\\/08\\\/profilowe-27.png\",\"@id\":\"https:\\\/\\\/zastalowcy.pl\\\/?p=333\\\/#mainImage\",\"width\":2048,\"height\":2048},\"primaryImageOfPage\":{\"@id\":\"https:\\\/\\\/zastalowcy.pl\\\/?p=333#mainImage\"},\"datePublished\":\"2025-08-28T18:55:43+02:00\",\"dateModified\":\"2025-08-28T18:55:43+02:00\"},{\"@type\":\"WebSite\",\"@id\":\"https:\\\/\\\/zastalowcy.pl\\\/#website\",\"url\":\"https:\\\/\\\/zastalowcy.pl\\\/\",\"description\":\"O Zastalu od kibic\\u00f3w \\u2013 dla kibic\\u00f3w\",\"inLanguage\":\"pl-PL\",\"publisher\":{\"@id\":\"https:\\\/\\\/zastalowcy.pl\\\/#organization\"}}]}\n\t\t<\/script>\n\t\t<!-- All in One SEO -->\n\n","aioseo_head_json":{"title":"Z boiska 3\u00d73 do pierwszej dru\u017cyny \u2013 Micha\u0142 Pra\u0142at nowym kierownikiem Zastalu -","description":"Sezon 2025\/26 zbli\u017ca si\u0119 wielkimi krokami, a Orlen Zastal Zielona G\u00f3ra nie tylko wzmacnia sk\u0142ad zawodniczy, ale tak\u017ce buduje silne zaplecze organizacyjne. W czwartek, 28 sierpnia 2025 roku do sztabu do\u0142\u0105cza Micha\u0142 Pra\u0142at, kt\u00f3ry obejmie funkcj\u0119 kierownika dru\u017cyny. Micha\u0142 nie jest postaci\u0105 anonimow\u0105 dla zielonog\u00f3rskiego \u015brodowiska koszykarskiego. W poprzednim sezonie mogli\u015bmy ogl\u0105da\u0107 go w barwach","canonical_url":"https:\/\/zastalowcy.pl\/?p=333","robots":"max-image-preview:large","keywords":"","webmasterTools":{"miscellaneous":""},"schema":{"@context":"https:\/\/schema.org","@graph":[{"@type":"BlogPosting","@id":"https:\/\/zastalowcy.pl\/?p=333#blogposting","name":"Z boiska 3\u00d73 do pierwszej dru\u017cyny \u2013 Micha\u0142 Pra\u0142at nowym kierownikiem Zastalu -","headline":"Z boiska 3&#215;3 do pierwszej dru\u017cyny \u2013 Micha\u0142 Pra\u0142at nowym kierownikiem Zastalu","author":{"@id":"https:\/\/zastalowcy.pl\/?author=3#author"},"publisher":{"@id":"https:\/\/zastalowcy.pl\/#organization"},"image":{"@type":"ImageObject","url":"https:\/\/zastalowcy.pl\/wp-content\/uploads\/2025\/08\/profilowe-27.png","width":2048,"height":2048},"datePublished":"2025-08-28T18:55:43+02:00","dateModified":"2025-08-28T18:55:43+02:00","inLanguage":"pl-PL","mainEntityOfPage":{"@id":"https:\/\/zastalowcy.pl\/?p=333#webpage"},"isPartOf":{"@id":"https:\/\/zastalowcy.pl\/?p=333#webpage"},"articleSection":"Aktualno\u015bci, Sezon 2025\/2026, basketzg, dru\u017cyna, koszyk\u00f3wka, orlen zastal zielona g\u00f3ra, zastal, zastal zielona g\u00f3ra, zastalowcy, zielona g\u00f3ra, zielonagora, zielonog\u00f3rska koszyk\u00f3wka"},{"@type":"BreadcrumbList","@id":"https:\/\/zastalowcy.pl\/?p=333#breadcrumblist","itemListElement":[{"@type":"ListItem","@id":"https:\/\/zastalowcy.pl#listItem","position":1,"name":"Home","item":"https:\/\/zastalowcy.pl","nextItem":{"@type":"ListItem","@id":"https:\/\/zastalowcy.pl\/?cat=9#listItem","name":"Sezon 2025\/2026"}},{"@type":"ListItem","@id":"https:\/\/zastalowcy.pl\/?cat=9#listItem","position":2,"name":"Sezon 2025\/2026","item":"https:\/\/zastalowcy.pl\/?cat=9","nextItem":{"@type":"ListItem","@id":"https:\/\/zastalowcy.pl\/?p=333#listItem","name":"Z boiska 3&#215;3 do pierwszej dru\u017cyny \u2013 Micha\u0142 Pra\u0142at nowym kierownikiem Zastalu"},"previousItem":{"@type":"ListItem","@id":"https:\/\/zastalowcy.pl#listItem","name":"Home"}},{"@type":"ListItem","@id":"https:\/\/zastalowcy.pl\/?p=333#listItem","position":3,"name":"Z boiska 3&#215;3 do pierwszej dru\u017cyny \u2013 Micha\u0142 Pra\u0142at nowym kierownikiem Zastalu","previousItem":{"@type":"ListItem","@id":"https:\/\/zastalowcy.pl\/?cat=9#listItem","name":"Sezon 2025\/2026"}}]},{"@type":"Organization","@id":"https:\/\/zastalowcy.pl\/#organization","description":"O Zastalu od kibic\u00f3w \u2013 dla kibic\u00f3w","url":"https:\/\/zastalowcy.pl\/","logo":{"@type":"ImageObject","url":"https:\/\/zastalowcy.pl\/wp-content\/uploads\/2025\/09\/cropped-logo-strony-2.png","@id":"https:\/\/zastalowcy.pl\/?p=333\/#organizationLogo","width":1862,"height":384},"image":{"@id":"https:\/\/zastalowcy.pl\/?p=333\/#organizationLogo"}},{"@type":"Person","@id":"https:\/\/zastalowcy.pl\/?author=3#author","url":"https:\/\/zastalowcy.pl\/?author=3","name":"Joanna Nawlicka","image":{"@type":"ImageObject","@id":"https:\/\/zastalowcy.pl\/?p=333#authorImage","url":"https:\/\/secure.gravatar.com\/avatar\/66fc557d97536ff5096b6295970275631b7a4673997738477642001957f5274c?s=96&d=mm&r=g","width":96,"height":96,"caption":"Joanna Nawlicka"}},{"@type":"WebPage","@id":"https:\/\/zastalowcy.pl\/?p=333#webpage","url":"https:\/\/zastalowcy.pl\/?p=333","name":"Z boiska 3\u00d73 do pierwszej dru\u017cyny \u2013 Micha\u0142 Pra\u0142at nowym kierownikiem Zastalu -","description":"Sezon 2025\/26 zbli\u017ca si\u0119 wielkimi krokami, a Orlen Zastal Zielona G\u00f3ra nie tylko wzmacnia sk\u0142ad zawodniczy, ale tak\u017ce buduje silne zaplecze organizacyjne. W czwartek, 28 sierpnia 2025 roku do sztabu do\u0142\u0105cza Micha\u0142 Pra\u0142at, kt\u00f3ry obejmie funkcj\u0119 kierownika dru\u017cyny. Micha\u0142 nie jest postaci\u0105 anonimow\u0105 dla zielonog\u00f3rskiego \u015brodowiska koszykarskiego. W poprzednim sezonie mogli\u015bmy ogl\u0105da\u0107 go w barwach","inLanguage":"pl-PL","isPartOf":{"@id":"https:\/\/zastalowcy.pl\/#website"},"breadcrumb":{"@id":"https:\/\/zastalowcy.pl\/?p=333#breadcrumblist"},"author":{"@id":"https:\/\/zastalowcy.pl\/?author=3#author"},"creator":{"@id":"https:\/\/zastalowcy.pl\/?author=3#author"},"image":{"@type":"ImageObject","url":"https:\/\/zastalowcy.pl\/wp-content\/uploads\/2025\/08\/profilowe-27.png","@id":"https:\/\/zastalowcy.pl\/?p=333\/#mainImage","width":2048,"height":2048},"primaryImageOfPage":{"@id":"https:\/\/zastalowcy.pl\/?p=333#mainImage"},"datePublished":"2025-08-28T18:55:43+02:00","dateModified":"2025-08-28T18:55:43+02:00"},{"@type":"WebSite","@id":"https:\/\/zastalowcy.pl\/#website","url":"https:\/\/zastalowcy.pl\/","description":"O Zastalu od kibic\u00f3w \u2013 dla kibic\u00f3w","inLanguage":"pl-PL","publisher":{"@id":"https:\/\/zastalowcy.pl\/#organization"}}]},"og:locale":"pl_PL","og:site_name":"- O Zastalu od kibic\u00f3w \u2013 dla kibic\u00f3w","og:type":"article","og:title":"Z boiska 3\u00d73 do pierwszej dru\u017cyny \u2013 Micha\u0142 Pra\u0142at nowym kierownikiem Zastalu -","og:description":"Sezon 2025\/26 zbli\u017ca si\u0119 wielkimi krokami, a Orlen Zastal Zielona G\u00f3ra nie tylko wzmacnia sk\u0142ad zawodniczy, ale tak\u017ce buduje silne zaplecze organizacyjne. W czwartek, 28 sierpnia 2025 roku do sztabu do\u0142\u0105cza Micha\u0142 Pra\u0142at, kt\u00f3ry obejmie funkcj\u0119 kierownika dru\u017cyny. Micha\u0142 nie jest postaci\u0105 anonimow\u0105 dla zielonog\u00f3rskiego \u015brodowiska koszykarskiego. W poprzednim sezonie mogli\u015bmy ogl\u0105da\u0107 go w barwach","og:url":"https:\/\/zastalowcy.pl\/?p=333","og:image":"https:\/\/zastalowcy.pl\/wp-content\/uploads\/2025\/09\/cropped-logo-strony-2.png","og:image:secure_url":"https:\/\/zastalowcy.pl\/wp-content\/uploads\/2025\/09\/cropped-logo-strony-2.png","og:image:width":1862,"og:image:height":384,"article:published_time":"2025-08-28T16:55:43+00:00","article:modified_time":"2025-08-28T16:55:43+00:00","twitter:card":"summary_large_image","twitter:title":"Z boiska 3\u00d73 do pierwszej dru\u017cyny \u2013 Micha\u0142 Pra\u0142at nowym kierownikiem Zastalu -","twitter:description":"Sezon 2025\/26 zbli\u017ca si\u0119 wielkimi krokami, a Orlen Zastal Zielona G\u00f3ra nie tylko wzmacnia sk\u0142ad zawodniczy, ale tak\u017ce buduje silne zaplecze organizacyjne. W czwartek, 28 sierpnia 2025 roku do sztabu do\u0142\u0105cza Micha\u0142 Pra\u0142at, kt\u00f3ry obejmie funkcj\u0119 kierownika dru\u017cyny. Micha\u0142 nie jest postaci\u0105 anonimow\u0105 dla zielonog\u00f3rskiego \u015brodowiska koszykarskiego. W poprzednim sezonie mogli\u015bmy ogl\u0105da\u0107 go w barwach","twitter:image":"https:\/\/zastalowcy.pl\/wp-content\/uploads\/2025\/09\/cropped-logo-strony-2.png"},"aioseo_meta_data":{"post_id":"333","title":null,"description":null,"keywords":null,"keyphrases":null,"primary_term":null,"canonical_url":null,"og_title":null,"og_description":null,"og_object_type":"default","og_image_type":"default","og_image_custom_url":null,"og_image_custom_fields":null,"og_image_url":null,"og_image_width":null,"og_image_height":null,"og_video":null,"og_custom_url":null,"og_article_section":null,"og_article_tags":null,"twitter_use_og":false,"twitter_card":"default","twitter_image_type":"default","twitter_image_custom_url":null,"twitter_image_custom_fields":null,"twitter_image_url":null,"twitter_title":null,"twitter_description":null,"schema_type":"default","schema_type_options":null,"schema":{"blockGraphs":[],"customGraphs":[],"default":{"data":{"Article":[],"Course":[],"Dataset":[],"FAQPage":[],"Movie":[],"Person":[],"Product":[],"ProductReview":[],"Car":[],"Recipe":[],"Service":[],"SoftwareApplication":[],"WebPage":[]},"graphName":"","isEnabled":true},"graphs":[]},"pillar_content":false,"robots_default":true,"robots_noindex":false,"robots_noarchive":false,"robots_nosnippet":false,"robots_nofollow":false,"robots_noimageindex":false,"robots_noodp":false,"robots_notranslate":false,"robots_max_snippet":null,"robots_max_videopreview":null,"robots_max_imagepreview":"large","priority":null,"frequency":null,"local_seo":null,"limit_modified_date":false,"ai":null,"breadcrumb_settings":null,"seo_analyzer_scan_date":null,"created":"2026-07-15 16:36:44","updated":"2026-07-15 16:36:44","focus_keyword":null,"additional_keywords":null,"truseo_locale":null},"aioseo_breadcrumb":"<div class=\"aioseo-breadcrumbs\"><span class=\"aioseo-breadcrumb\">\n\t\t\t<a href=\"https:\/\/zastalowcy.pl\" title=\"Home\">Home<\/a>\n\t\t<\/span><span class=\"aioseo-breadcrumb-separator\">&raquo;<\/span><span class=\"aioseo-breadcrumb\">\n\t\t\t<a href=\"https:\/\/zastalowcy.pl\/?cat=9\" title=\"Sezon 2025\/2026\">Sezon 2025\/2026<\/a>\n\t\t<\/span><span class=\"aioseo-breadcrumb-separator\">&raquo;<\/span><span class=\"aioseo-breadcrumb\">\n\t\t\tZ boiska 3\u00d73 do pierwszej dru\u017cyny \u2013 Micha\u0142 Pra\u0142at nowym kierownikiem Zastalu\n\t\t<\/span><\/div>","aioseo_breadcrumb_json":[{"label":"Home","link":"https:\/\/zastalowcy.pl"},{"label":"Sezon 2025\/2026","link":"https:\/\/zastalowcy.pl\/?cat=9"},{"label":"Z boiska 3&#215;3 do pierwszej dru\u017cyny \u2013 Micha\u0142 Pra\u0142at nowym kierownikiem Zastalu","link":"https:\/\/zastalowcy.pl\/?p=333"}],"_links":{"self":[{"href":"https:\/\/zastalowcy.pl\/index.php?rest_route=\/wp\/v2\/posts\/333","targetHints":{"allow":["GET"]}}],"collection":[{"href":"https:\/\/zastalowcy.pl\/index.php?rest_route=\/wp\/v2\/posts"}],"about":[{"href":"https:\/\/zastalowcy.pl\/index.php?rest_route=\/wp\/v2\/types\/post"}],"author":[{"embeddable":true,"href":"https:\/\/zastalowcy.pl\/index.php?rest_route=\/wp\/v2\/users\/3"}],"replies":[{"embeddable":true,"href":"https:\/\/zastalowcy.pl\/index.php?rest_route=%2Fwp%2Fv2%2Fcomments&post=333"}],"version-history":[{"count":1,"href":"https:\/\/zastalowcy.pl\/index.php?rest_route=\/wp\/v2\/posts\/333\/revisions"}],"predecessor-version":[{"id":335,"href":"https:\/\/zastalowcy.pl\/index.php?rest_route=\/wp\/v2\/posts\/333\/revisions\/335"}],"wp:featuredmedia":[{"embeddable":true,"href":"https:\/\/zastalowcy.pl\/index.php?rest_route=\/wp\/v2\/media\/334"}],"wp:attachment":[{"href":"https:\/\/zastalowcy.pl\/index.php?rest_route=%2Fwp%2Fv2%2Fmedia&parent=333"}],"wp:term":[{"taxonomy":"category","embeddable":true,"href":"https:\/\/zastalowcy.pl\/index.php?rest_route=%2Fwp%2Fv2%2Fcategories&post=333"},{"taxonomy":"post_tag","embeddable":true,"href":"https:\/\/zastalowcy.pl\/index.php?rest_route=%2Fwp%2Fv2%2Ftags&post=333"}],"curies":[{"name":"wp","href":"https:\/\/api.w.org\/{rel}","templated":true}]}}