{"id":336,"date":"2025-09-02T10:10:30","date_gmt":"2025-09-02T08:10:30","guid":{"rendered":"https:\/\/zastalowcy.pl\/?p=336"},"modified":"2025-09-02T10:10:30","modified_gmt":"2025-09-02T08:10:30","slug":"zastal-wchodzi-w-czwarty-tydzien-przygotowan-czas-na-pierwsze-sparingi","status":"publish","type":"post","link":"https:\/\/zastalowcy.pl\/?p=336","title":{"rendered":"Zastal wchodzi w czwarty tydzie\u0144 przygotowa\u0144 \u2013 czas na pierwsze sparingi!"},"content":{"rendered":"\n<p class=\"wp-block-paragraph\">Koszykarze Orlen Zastalu Zielona G\u00f3ra rozpocz\u0119li w\u0142a\u015bnie czwarty tydzie\u0144 przygotowa\u0144 do sezonu 2025\/26. Za nimi intensywne zaj\u0119cia na hali, si\u0142owni i stadionie, a teraz nadchodzi moment, na kt\u00f3ry kibice czekaj\u0105 szczeg\u00f3lnie \u2013 mecze sparingowe. To pierwsza okazja, by sprawdzi\u0107, jak prezentuje si\u0119 nowy sk\u0142ad dru\u017cyny i w jakim kierunku zmierzaj\u0105 przygotowania do rozgrywek ORLEN Basket Ligi.<\/p>\n\n\n\n<h3 class=\"wp-block-heading\">Plan sparing\u00f3w Orlen Zastalu Zielona G\u00f3ra<\/h3>\n\n\n\n<ul class=\"wp-block-list\">\n<li><strong>4 wrze\u015bnia (czwartek)<\/strong> \u2013 G\u00f3rnik Zamek Ksi\u0105\u017c Wa\u0142brzych (sparing wyjazdowy)<\/li>\n\n\n\n<li><strong>6 wrze\u015bnia (sobota)<\/strong> \u2013 G\u00f3rnik Zamek Ksi\u0105\u017c Wa\u0142brzych (sparing domowy)<\/li>\n\n\n\n<li><strong>13 wrze\u015bnia (sobota)<\/strong> \u2013 WKS \u015al\u0105sk Wroc\u0142aw (sparing domowy)<\/li>\n\n\n\n<li><strong>17 wrze\u015bnia (\u015broda)<\/strong> \u2013 WKS \u015al\u0105sk Wroc\u0142aw (sparing wyjazdowy)<\/li>\n\n\n\n<li><strong>19 wrze\u015bnia (pi\u0105tek)<\/strong> \u2013 BK ARMEX D\u011b\u010d\u00edn (sparing domowy)<\/li>\n\n\n\n<li><strong>26 wrze\u015bnia (pi\u0105tek)<\/strong> \u2013 King Szczecin (sparing wyjazdowy)<\/li>\n<\/ul>\n\n\n\n<p class=\"wp-block-paragraph\">Na szczeg\u00f3ln\u0105 uwag\u0119 kibic\u00f3w zas\u0142uguje <strong>spotkanie z BK ARMEX D\u011b\u010d\u00edn<\/strong>, kt\u00f3re odb\u0119dzie si\u0119 w hali CRS 19 wrze\u015bnia. B\u0119dzie ono <strong>otwarte dla wszystkich kibic\u00f3w posiadaj\u0105cych karnet na sezon 2025\/26<\/strong>. To wyj\u0105tkowa okazja, by zobaczy\u0107 Zastal w akcji jeszcze przed ligow\u0105 inauguracj\u0105 i to zaledwie dwa tygodnie przed startem rozgrywek!<\/p>\n\n\n\n<p class=\"wp-block-paragraph\">\ud83c\udfc0 Zastalowcy.pl \u2013 o Zastalu od kibic\u00f3w \u2013 dla kibic\u00f3w<\/p>\n","protected":false},"excerpt":{"rendered":"<p>Koszykarze Orlen Zastalu Zielona G\u00f3ra rozpocz\u0119li w\u0142a\u015bnie czwarty tydzie\u0144 przygotowa\u0144 do sezonu 2025\/26. Za nimi intensywne zaj\u0119cia na<\/p>\n","protected":false},"author":3,"featured_media":337,"comment_status":"open","ping_status":"open","sticky":false,"template":"","format":"standard","meta":{"om_disable_all_campaigns":false,"footnotes":""},"categories":[18,9],"tags":[17,110,26,108,79,111,15,13,106,107,109,12,14,42,11,10],"class_list":["post-336","post","type-post","status-publish","format-standard","has-post-thumbnail","hentry","category-aktualnosci","category-sezon-2025-2026","tag-basketzg","tag-bk-armex-decin","tag-druzyna","tag-gornik-zamek-ksiaz-walbrzych","tag-karnety","tag-king-szczecin","tag-koszykowka","tag-orlen-zastal-zielona-gora","tag-sparing","tag-sparingi","tag-wks-slask-wroclaw","tag-zastal","tag-zastal-zielona-gora","tag-zastalowcy","tag-zielona-gora","tag-zielonagora"],"aioseo_notices":[],"aioseo_head":"\n\t\t<!-- All in One SEO 5.0.0.1 - aioseo.com -->\n\t<meta name=\"description\" content=\"Koszykarze Orlen Zastalu Zielona G\u00f3ra rozpocz\u0119li w\u0142a\u015bnie czwarty tydzie\u0144 przygotowa\u0144 do sezonu 2025\/26. Za nimi intensywne zaj\u0119cia na hali, si\u0142owni i stadionie, a teraz nadchodzi moment, na kt\u00f3ry kibice czekaj\u0105 szczeg\u00f3lnie \u2013 mecze sparingowe. To pierwsza okazja, by sprawdzi\u0107, jak prezentuje si\u0119 nowy sk\u0142ad dru\u017cyny i w jakim kierunku zmierzaj\u0105 przygotowania do rozgrywek ORLEN Basket\" \/>\n\t<meta name=\"robots\" content=\"max-image-preview:large\" \/>\n\t<meta name=\"author\" content=\"Joanna Nawlicka\"\/>\n\t<link rel=\"canonical\" href=\"https:\/\/zastalowcy.pl\/?p=336\" \/>\n\t<meta name=\"generator\" content=\"All in One SEO (AIOSEO) 5.0.0.1\" \/>\n\t\t<meta property=\"og:locale\" content=\"pl_PL\" \/>\n\t\t<meta property=\"og:site_name\" content=\"- O Zastalu od kibic\u00f3w \u2013 dla kibic\u00f3w\" \/>\n\t\t<meta property=\"og:type\" content=\"article\" \/>\n\t\t<meta property=\"og:title\" content=\"Zastal wchodzi w czwarty tydzie\u0144 przygotowa\u0144 \u2013 czas na pierwsze sparingi! -\" \/>\n\t\t<meta property=\"og:description\" content=\"Koszykarze Orlen Zastalu Zielona G\u00f3ra rozpocz\u0119li w\u0142a\u015bnie czwarty tydzie\u0144 przygotowa\u0144 do sezonu 2025\/26. Za nimi intensywne zaj\u0119cia na hali, si\u0142owni i stadionie, a teraz nadchodzi moment, na kt\u00f3ry kibice czekaj\u0105 szczeg\u00f3lnie \u2013 mecze sparingowe. To pierwsza okazja, by sprawdzi\u0107, jak prezentuje si\u0119 nowy sk\u0142ad dru\u017cyny i w jakim kierunku zmierzaj\u0105 przygotowania do rozgrywek ORLEN Basket\" \/>\n\t\t<meta property=\"og:url\" content=\"https:\/\/zastalowcy.pl\/?p=336\" \/>\n\t\t<meta property=\"og:image\" content=\"https:\/\/zastalowcy.pl\/wp-content\/uploads\/2025\/09\/cropped-logo-strony-2.png\" \/>\n\t\t<meta property=\"og:image:secure_url\" content=\"https:\/\/zastalowcy.pl\/wp-content\/uploads\/2025\/09\/cropped-logo-strony-2.png\" \/>\n\t\t<meta property=\"og:image:width\" content=\"1862\" \/>\n\t\t<meta property=\"og:image:height\" content=\"384\" \/>\n\t\t<meta property=\"article:published_time\" content=\"2025-09-02T08:10:30+00:00\" \/>\n\t\t<meta property=\"article:modified_time\" content=\"2025-09-02T08:10:30+00:00\" \/>\n\t\t<meta name=\"twitter:card\" content=\"summary_large_image\" \/>\n\t\t<meta name=\"twitter:title\" content=\"Zastal wchodzi w czwarty tydzie\u0144 przygotowa\u0144 \u2013 czas na pierwsze sparingi! -\" \/>\n\t\t<meta name=\"twitter:description\" content=\"Koszykarze Orlen Zastalu Zielona G\u00f3ra rozpocz\u0119li w\u0142a\u015bnie czwarty tydzie\u0144 przygotowa\u0144 do sezonu 2025\/26. Za nimi intensywne zaj\u0119cia na hali, si\u0142owni i stadionie, a teraz nadchodzi moment, na kt\u00f3ry kibice czekaj\u0105 szczeg\u00f3lnie \u2013 mecze sparingowe. To pierwsza okazja, by sprawdzi\u0107, jak prezentuje si\u0119 nowy sk\u0142ad dru\u017cyny i w jakim kierunku zmierzaj\u0105 przygotowania do rozgrywek ORLEN Basket\" \/>\n\t\t<meta name=\"twitter:image\" content=\"https:\/\/zastalowcy.pl\/wp-content\/uploads\/2025\/09\/cropped-logo-strony-2.png\" \/>\n\t\t<script type=\"application\/ld+json\" class=\"aioseo-schema\">\n\t\t\t{\"@context\":\"https:\\\/\\\/schema.org\",\"@graph\":[{\"@type\":\"BlogPosting\",\"@id\":\"https:\\\/\\\/zastalowcy.pl\\\/?p=336#blogposting\",\"name\":\"Zastal wchodzi w czwarty tydzie\\u0144 przygotowa\\u0144 \\u2013 czas na pierwsze sparingi! -\",\"headline\":\"Zastal wchodzi w czwarty tydzie\\u0144 przygotowa\\u0144 \\u2013 czas na pierwsze sparingi!\",\"author\":{\"@id\":\"https:\\\/\\\/zastalowcy.pl\\\/?author=3#author\"},\"publisher\":{\"@id\":\"https:\\\/\\\/zastalowcy.pl\\\/#organization\"},\"image\":{\"@type\":\"ImageObject\",\"url\":\"https:\\\/\\\/zastalowcy.pl\\\/wp-content\\\/uploads\\\/2025\\\/09\\\/profilowe-28.png\",\"width\":2048,\"height\":2048},\"datePublished\":\"2025-09-02T10:10:30+02:00\",\"dateModified\":\"2025-09-02T10:10:30+02:00\",\"inLanguage\":\"pl-PL\",\"mainEntityOfPage\":{\"@id\":\"https:\\\/\\\/zastalowcy.pl\\\/?p=336#webpage\"},\"isPartOf\":{\"@id\":\"https:\\\/\\\/zastalowcy.pl\\\/?p=336#webpage\"},\"articleSection\":\"Aktualno\\u015bci, Sezon 2025\\\/2026, basketzg, BK ARMEX D\\u011b\\u010d\\u00edn, dru\\u017cyna, G\\u00f3rnik Zamek Ksi\\u0105\\u017c Wa\\u0142brzych, karnety, King Szczecin, koszyk\\u00f3wka, orlen zastal zielona g\\u00f3ra, sparing, sparingi, WKS \\u015al\\u0105sk Wroc\\u0142aw, zastal, zastal zielona g\\u00f3ra, zastalowcy, zielona g\\u00f3ra, zielonagora\"},{\"@type\":\"BreadcrumbList\",\"@id\":\"https:\\\/\\\/zastalowcy.pl\\\/?p=336#breadcrumblist\",\"itemListElement\":[{\"@type\":\"ListItem\",\"@id\":\"https:\\\/\\\/zastalowcy.pl#listItem\",\"position\":1,\"name\":\"Home\",\"item\":\"https:\\\/\\\/zastalowcy.pl\",\"nextItem\":{\"@type\":\"ListItem\",\"@id\":\"https:\\\/\\\/zastalowcy.pl\\\/?cat=9#listItem\",\"name\":\"Sezon 2025\\\/2026\"}},{\"@type\":\"ListItem\",\"@id\":\"https:\\\/\\\/zastalowcy.pl\\\/?cat=9#listItem\",\"position\":2,\"name\":\"Sezon 2025\\\/2026\",\"item\":\"https:\\\/\\\/zastalowcy.pl\\\/?cat=9\",\"nextItem\":{\"@type\":\"ListItem\",\"@id\":\"https:\\\/\\\/zastalowcy.pl\\\/?p=336#listItem\",\"name\":\"Zastal wchodzi w czwarty tydzie\\u0144 przygotowa\\u0144 \\u2013 czas na pierwsze sparingi!\"},\"previousItem\":{\"@type\":\"ListItem\",\"@id\":\"https:\\\/\\\/zastalowcy.pl#listItem\",\"name\":\"Home\"}},{\"@type\":\"ListItem\",\"@id\":\"https:\\\/\\\/zastalowcy.pl\\\/?p=336#listItem\",\"position\":3,\"name\":\"Zastal wchodzi w czwarty tydzie\\u0144 przygotowa\\u0144 \\u2013 czas na pierwsze sparingi!\",\"previousItem\":{\"@type\":\"ListItem\",\"@id\":\"https:\\\/\\\/zastalowcy.pl\\\/?cat=9#listItem\",\"name\":\"Sezon 2025\\\/2026\"}}]},{\"@type\":\"Organization\",\"@id\":\"https:\\\/\\\/zastalowcy.pl\\\/#organization\",\"description\":\"O Zastalu od kibic\\u00f3w \\u2013 dla kibic\\u00f3w\",\"url\":\"https:\\\/\\\/zastalowcy.pl\\\/\",\"logo\":{\"@type\":\"ImageObject\",\"url\":\"https:\\\/\\\/zastalowcy.pl\\\/wp-content\\\/uploads\\\/2025\\\/09\\\/cropped-logo-strony-2.png\",\"@id\":\"https:\\\/\\\/zastalowcy.pl\\\/?p=336\\\/#organizationLogo\",\"width\":1862,\"height\":384},\"image\":{\"@id\":\"https:\\\/\\\/zastalowcy.pl\\\/?p=336\\\/#organizationLogo\"}},{\"@type\":\"Person\",\"@id\":\"https:\\\/\\\/zastalowcy.pl\\\/?author=3#author\",\"url\":\"https:\\\/\\\/zastalowcy.pl\\\/?author=3\",\"name\":\"Joanna Nawlicka\",\"image\":{\"@type\":\"ImageObject\",\"@id\":\"https:\\\/\\\/zastalowcy.pl\\\/?p=336#authorImage\",\"url\":\"https:\\\/\\\/secure.gravatar.com\\\/avatar\\\/66fc557d97536ff5096b6295970275631b7a4673997738477642001957f5274c?s=96&d=mm&r=g\",\"width\":96,\"height\":96,\"caption\":\"Joanna Nawlicka\"}},{\"@type\":\"WebPage\",\"@id\":\"https:\\\/\\\/zastalowcy.pl\\\/?p=336#webpage\",\"url\":\"https:\\\/\\\/zastalowcy.pl\\\/?p=336\",\"name\":\"Zastal wchodzi w czwarty tydzie\\u0144 przygotowa\\u0144 \\u2013 czas na pierwsze sparingi! -\",\"description\":\"Koszykarze Orlen Zastalu Zielona G\\u00f3ra rozpocz\\u0119li w\\u0142a\\u015bnie czwarty tydzie\\u0144 przygotowa\\u0144 do sezonu 2025\\\/26. Za nimi intensywne zaj\\u0119cia na hali, si\\u0142owni i stadionie, a teraz nadchodzi moment, na kt\\u00f3ry kibice czekaj\\u0105 szczeg\\u00f3lnie \\u2013 mecze sparingowe. To pierwsza okazja, by sprawdzi\\u0107, jak prezentuje si\\u0119 nowy sk\\u0142ad dru\\u017cyny i w jakim kierunku zmierzaj\\u0105 przygotowania do rozgrywek ORLEN Basket\",\"inLanguage\":\"pl-PL\",\"isPartOf\":{\"@id\":\"https:\\\/\\\/zastalowcy.pl\\\/#website\"},\"breadcrumb\":{\"@id\":\"https:\\\/\\\/zastalowcy.pl\\\/?p=336#breadcrumblist\"},\"author\":{\"@id\":\"https:\\\/\\\/zastalowcy.pl\\\/?author=3#author\"},\"creator\":{\"@id\":\"https:\\\/\\\/zastalowcy.pl\\\/?author=3#author\"},\"image\":{\"@type\":\"ImageObject\",\"url\":\"https:\\\/\\\/zastalowcy.pl\\\/wp-content\\\/uploads\\\/2025\\\/09\\\/profilowe-28.png\",\"@id\":\"https:\\\/\\\/zastalowcy.pl\\\/?p=336\\\/#mainImage\",\"width\":2048,\"height\":2048},\"primaryImageOfPage\":{\"@id\":\"https:\\\/\\\/zastalowcy.pl\\\/?p=336#mainImage\"},\"datePublished\":\"2025-09-02T10:10:30+02:00\",\"dateModified\":\"2025-09-02T10:10:30+02:00\"},{\"@type\":\"WebSite\",\"@id\":\"https:\\\/\\\/zastalowcy.pl\\\/#website\",\"url\":\"https:\\\/\\\/zastalowcy.pl\\\/\",\"description\":\"O Zastalu od kibic\\u00f3w \\u2013 dla kibic\\u00f3w\",\"inLanguage\":\"pl-PL\",\"publisher\":{\"@id\":\"https:\\\/\\\/zastalowcy.pl\\\/#organization\"}}]}\n\t\t<\/script>\n\t\t<!-- All in One SEO -->\n\n","aioseo_head_json":{"title":"Zastal wchodzi w czwarty tydzie\u0144 przygotowa\u0144 \u2013 czas na pierwsze sparingi! -","description":"Koszykarze Orlen Zastalu Zielona G\u00f3ra rozpocz\u0119li w\u0142a\u015bnie czwarty tydzie\u0144 przygotowa\u0144 do sezonu 2025\/26. Za nimi intensywne zaj\u0119cia na hali, si\u0142owni i stadionie, a teraz nadchodzi moment, na kt\u00f3ry kibice czekaj\u0105 szczeg\u00f3lnie \u2013 mecze sparingowe. To pierwsza okazja, by sprawdzi\u0107, jak prezentuje si\u0119 nowy sk\u0142ad dru\u017cyny i w jakim kierunku zmierzaj\u0105 przygotowania do rozgrywek ORLEN Basket","canonical_url":"https:\/\/zastalowcy.pl\/?p=336","robots":"max-image-preview:large","keywords":"","webmasterTools":{"miscellaneous":""},"schema":{"@context":"https:\/\/schema.org","@graph":[{"@type":"BlogPosting","@id":"https:\/\/zastalowcy.pl\/?p=336#blogposting","name":"Zastal wchodzi w czwarty tydzie\u0144 przygotowa\u0144 \u2013 czas na pierwsze sparingi! -","headline":"Zastal wchodzi w czwarty tydzie\u0144 przygotowa\u0144 \u2013 czas na pierwsze sparingi!","author":{"@id":"https:\/\/zastalowcy.pl\/?author=3#author"},"publisher":{"@id":"https:\/\/zastalowcy.pl\/#organization"},"image":{"@type":"ImageObject","url":"https:\/\/zastalowcy.pl\/wp-content\/uploads\/2025\/09\/profilowe-28.png","width":2048,"height":2048},"datePublished":"2025-09-02T10:10:30+02:00","dateModified":"2025-09-02T10:10:30+02:00","inLanguage":"pl-PL","mainEntityOfPage":{"@id":"https:\/\/zastalowcy.pl\/?p=336#webpage"},"isPartOf":{"@id":"https:\/\/zastalowcy.pl\/?p=336#webpage"},"articleSection":"Aktualno\u015bci, Sezon 2025\/2026, basketzg, BK ARMEX D\u011b\u010d\u00edn, dru\u017cyna, G\u00f3rnik Zamek Ksi\u0105\u017c Wa\u0142brzych, karnety, King Szczecin, koszyk\u00f3wka, orlen zastal zielona g\u00f3ra, sparing, sparingi, WKS \u015al\u0105sk Wroc\u0142aw, zastal, zastal zielona g\u00f3ra, zastalowcy, zielona g\u00f3ra, zielonagora"},{"@type":"BreadcrumbList","@id":"https:\/\/zastalowcy.pl\/?p=336#breadcrumblist","itemListElement":[{"@type":"ListItem","@id":"https:\/\/zastalowcy.pl#listItem","position":1,"name":"Home","item":"https:\/\/zastalowcy.pl","nextItem":{"@type":"ListItem","@id":"https:\/\/zastalowcy.pl\/?cat=9#listItem","name":"Sezon 2025\/2026"}},{"@type":"ListItem","@id":"https:\/\/zastalowcy.pl\/?cat=9#listItem","position":2,"name":"Sezon 2025\/2026","item":"https:\/\/zastalowcy.pl\/?cat=9","nextItem":{"@type":"ListItem","@id":"https:\/\/zastalowcy.pl\/?p=336#listItem","name":"Zastal wchodzi w czwarty tydzie\u0144 przygotowa\u0144 \u2013 czas na pierwsze sparingi!"},"previousItem":{"@type":"ListItem","@id":"https:\/\/zastalowcy.pl#listItem","name":"Home"}},{"@type":"ListItem","@id":"https:\/\/zastalowcy.pl\/?p=336#listItem","position":3,"name":"Zastal wchodzi w czwarty tydzie\u0144 przygotowa\u0144 \u2013 czas na pierwsze sparingi!","previousItem":{"@type":"ListItem","@id":"https:\/\/zastalowcy.pl\/?cat=9#listItem","name":"Sezon 2025\/2026"}}]},{"@type":"Organization","@id":"https:\/\/zastalowcy.pl\/#organization","description":"O Zastalu od kibic\u00f3w \u2013 dla kibic\u00f3w","url":"https:\/\/zastalowcy.pl\/","logo":{"@type":"ImageObject","url":"https:\/\/zastalowcy.pl\/wp-content\/uploads\/2025\/09\/cropped-logo-strony-2.png","@id":"https:\/\/zastalowcy.pl\/?p=336\/#organizationLogo","width":1862,"height":384},"image":{"@id":"https:\/\/zastalowcy.pl\/?p=336\/#organizationLogo"}},{"@type":"Person","@id":"https:\/\/zastalowcy.pl\/?author=3#author","url":"https:\/\/zastalowcy.pl\/?author=3","name":"Joanna Nawlicka","image":{"@type":"ImageObject","@id":"https:\/\/zastalowcy.pl\/?p=336#authorImage","url":"https:\/\/secure.gravatar.com\/avatar\/66fc557d97536ff5096b6295970275631b7a4673997738477642001957f5274c?s=96&d=mm&r=g","width":96,"height":96,"caption":"Joanna Nawlicka"}},{"@type":"WebPage","@id":"https:\/\/zastalowcy.pl\/?p=336#webpage","url":"https:\/\/zastalowcy.pl\/?p=336","name":"Zastal wchodzi w czwarty tydzie\u0144 przygotowa\u0144 \u2013 czas na pierwsze sparingi! -","description":"Koszykarze Orlen Zastalu Zielona G\u00f3ra rozpocz\u0119li w\u0142a\u015bnie czwarty tydzie\u0144 przygotowa\u0144 do sezonu 2025\/26. Za nimi intensywne zaj\u0119cia na hali, si\u0142owni i stadionie, a teraz nadchodzi moment, na kt\u00f3ry kibice czekaj\u0105 szczeg\u00f3lnie \u2013 mecze sparingowe. To pierwsza okazja, by sprawdzi\u0107, jak prezentuje si\u0119 nowy sk\u0142ad dru\u017cyny i w jakim kierunku zmierzaj\u0105 przygotowania do rozgrywek ORLEN Basket","inLanguage":"pl-PL","isPartOf":{"@id":"https:\/\/zastalowcy.pl\/#website"},"breadcrumb":{"@id":"https:\/\/zastalowcy.pl\/?p=336#breadcrumblist"},"author":{"@id":"https:\/\/zastalowcy.pl\/?author=3#author"},"creator":{"@id":"https:\/\/zastalowcy.pl\/?author=3#author"},"image":{"@type":"ImageObject","url":"https:\/\/zastalowcy.pl\/wp-content\/uploads\/2025\/09\/profilowe-28.png","@id":"https:\/\/zastalowcy.pl\/?p=336\/#mainImage","width":2048,"height":2048},"primaryImageOfPage":{"@id":"https:\/\/zastalowcy.pl\/?p=336#mainImage"},"datePublished":"2025-09-02T10:10:30+02:00","dateModified":"2025-09-02T10:10:30+02:00"},{"@type":"WebSite","@id":"https:\/\/zastalowcy.pl\/#website","url":"https:\/\/zastalowcy.pl\/","description":"O Zastalu od kibic\u00f3w \u2013 dla kibic\u00f3w","inLanguage":"pl-PL","publisher":{"@id":"https:\/\/zastalowcy.pl\/#organization"}}]},"og:locale":"pl_PL","og:site_name":"- O Zastalu od kibic\u00f3w \u2013 dla kibic\u00f3w","og:type":"article","og:title":"Zastal wchodzi w czwarty tydzie\u0144 przygotowa\u0144 \u2013 czas na pierwsze sparingi! -","og:description":"Koszykarze Orlen Zastalu Zielona G\u00f3ra rozpocz\u0119li w\u0142a\u015bnie czwarty tydzie\u0144 przygotowa\u0144 do sezonu 2025\/26. Za nimi intensywne zaj\u0119cia na hali, si\u0142owni i stadionie, a teraz nadchodzi moment, na kt\u00f3ry kibice czekaj\u0105 szczeg\u00f3lnie \u2013 mecze sparingowe. To pierwsza okazja, by sprawdzi\u0107, jak prezentuje si\u0119 nowy sk\u0142ad dru\u017cyny i w jakim kierunku zmierzaj\u0105 przygotowania do rozgrywek ORLEN Basket","og:url":"https:\/\/zastalowcy.pl\/?p=336","og:image":"https:\/\/zastalowcy.pl\/wp-content\/uploads\/2025\/09\/cropped-logo-strony-2.png","og:image:secure_url":"https:\/\/zastalowcy.pl\/wp-content\/uploads\/2025\/09\/cropped-logo-strony-2.png","og:image:width":1862,"og:image:height":384,"article:published_time":"2025-09-02T08:10:30+00:00","article:modified_time":"2025-09-02T08:10:30+00:00","twitter:card":"summary_large_image","twitter:title":"Zastal wchodzi w czwarty tydzie\u0144 przygotowa\u0144 \u2013 czas na pierwsze sparingi! -","twitter:description":"Koszykarze Orlen Zastalu Zielona G\u00f3ra rozpocz\u0119li w\u0142a\u015bnie czwarty tydzie\u0144 przygotowa\u0144 do sezonu 2025\/26. Za nimi intensywne zaj\u0119cia na hali, si\u0142owni i stadionie, a teraz nadchodzi moment, na kt\u00f3ry kibice czekaj\u0105 szczeg\u00f3lnie \u2013 mecze sparingowe. To pierwsza okazja, by sprawdzi\u0107, jak prezentuje si\u0119 nowy sk\u0142ad dru\u017cyny i w jakim kierunku zmierzaj\u0105 przygotowania do rozgrywek ORLEN Basket","twitter:image":"https:\/\/zastalowcy.pl\/wp-content\/uploads\/2025\/09\/cropped-logo-strony-2.png"},"aioseo_meta_data":{"post_id":"336","title":null,"description":null,"keywords":null,"keyphrases":null,"primary_term":null,"canonical_url":null,"og_title":null,"og_description":null,"og_object_type":"default","og_image_type":"default","og_image_custom_url":null,"og_image_custom_fields":null,"og_image_url":null,"og_image_width":null,"og_image_height":null,"og_video":null,"og_custom_url":null,"og_article_section":null,"og_article_tags":null,"twitter_use_og":false,"twitter_card":"default","twitter_image_type":"default","twitter_image_custom_url":null,"twitter_image_custom_fields":null,"twitter_image_url":null,"twitter_title":null,"twitter_description":null,"schema_type":"default","schema_type_options":null,"schema":{"blockGraphs":[],"customGraphs":[],"default":{"data":{"Article":[],"Course":[],"Dataset":[],"FAQPage":[],"Movie":[],"Person":[],"Product":[],"ProductReview":[],"Car":[],"Recipe":[],"Service":[],"SoftwareApplication":[],"WebPage":[]},"graphName":"","isEnabled":true},"graphs":[]},"pillar_content":false,"robots_default":true,"robots_noindex":false,"robots_noarchive":false,"robots_nosnippet":false,"robots_nofollow":false,"robots_noimageindex":false,"robots_noodp":false,"robots_notranslate":false,"robots_max_snippet":null,"robots_max_videopreview":null,"robots_max_imagepreview":"large","priority":null,"frequency":null,"local_seo":null,"limit_modified_date":false,"ai":null,"breadcrumb_settings":null,"seo_analyzer_scan_date":null,"created":"2026-07-15 16:36:44","updated":"2026-07-15 16:36:44","focus_keyword":null,"additional_keywords":null,"truseo_locale":null},"aioseo_breadcrumb":"<div class=\"aioseo-breadcrumbs\"><span class=\"aioseo-breadcrumb\">\n\t\t\t<a href=\"https:\/\/zastalowcy.pl\" title=\"Home\">Home<\/a>\n\t\t<\/span><span class=\"aioseo-breadcrumb-separator\">&raquo;<\/span><span class=\"aioseo-breadcrumb\">\n\t\t\t<a href=\"https:\/\/zastalowcy.pl\/?cat=9\" title=\"Sezon 2025\/2026\">Sezon 2025\/2026<\/a>\n\t\t<\/span><span class=\"aioseo-breadcrumb-separator\">&raquo;<\/span><span class=\"aioseo-breadcrumb\">\n\t\t\tZastal wchodzi w czwarty tydzie\u0144 przygotowa\u0144 \u2013 czas na pierwsze sparingi!\n\t\t<\/span><\/div>","aioseo_breadcrumb_json":[{"label":"Home","link":"https:\/\/zastalowcy.pl"},{"label":"Sezon 2025\/2026","link":"https:\/\/zastalowcy.pl\/?cat=9"},{"label":"Zastal wchodzi w czwarty tydzie\u0144 przygotowa\u0144 \u2013 czas na pierwsze sparingi!","link":"https:\/\/zastalowcy.pl\/?p=336"}],"_links":{"self":[{"href":"https:\/\/zastalowcy.pl\/index.php?rest_route=\/wp\/v2\/posts\/336","targetHints":{"allow":["GET"]}}],"collection":[{"href":"https:\/\/zastalowcy.pl\/index.php?rest_route=\/wp\/v2\/posts"}],"about":[{"href":"https:\/\/zastalowcy.pl\/index.php?rest_route=\/wp\/v2\/types\/post"}],"author":[{"embeddable":true,"href":"https:\/\/zastalowcy.pl\/index.php?rest_route=\/wp\/v2\/users\/3"}],"replies":[{"embeddable":true,"href":"https:\/\/zastalowcy.pl\/index.php?rest_route=%2Fwp%2Fv2%2Fcomments&post=336"}],"version-history":[{"count":1,"href":"https:\/\/zastalowcy.pl\/index.php?rest_route=\/wp\/v2\/posts\/336\/revisions"}],"predecessor-version":[{"id":338,"href":"https:\/\/zastalowcy.pl\/index.php?rest_route=\/wp\/v2\/posts\/336\/revisions\/338"}],"wp:featuredmedia":[{"embeddable":true,"href":"https:\/\/zastalowcy.pl\/index.php?rest_route=\/wp\/v2\/media\/337"}],"wp:attachment":[{"href":"https:\/\/zastalowcy.pl\/index.php?rest_route=%2Fwp%2Fv2%2Fmedia&parent=336"}],"wp:term":[{"taxonomy":"category","embeddable":true,"href":"https:\/\/zastalowcy.pl\/index.php?rest_route=%2Fwp%2Fv2%2Fcategories&post=336"},{"taxonomy":"post_tag","embeddable":true,"href":"https:\/\/zastalowcy.pl\/index.php?rest_route=%2Fwp%2Fv2%2Ftags&post=336"}],"curies":[{"name":"wp","href":"https:\/\/api.w.org\/{rel}","templated":true}]}}