{"id":345,"date":"2025-09-19T11:25:59","date_gmt":"2025-09-19T09:25:59","guid":{"rendered":"https:\/\/zastalowcy.pl\/?p=345"},"modified":"2025-09-19T11:26:00","modified_gmt":"2025-09-19T09:26:00","slug":"nowy-obwodowy-w-zastalu-zielona-gora-petar-rakicevic-dolacza-do-druzyny","status":"publish","type":"post","link":"https:\/\/zastalowcy.pl\/?p=345","title":{"rendered":"Nowy obwodowy w Zastalu Zielona G\u00f3ra \u2013 Petar Raki\u0107evi\u0107 do\u0142\u0105cza do dru\u017cyny!"},"content":{"rendered":"\n<p class=\"wp-block-paragraph\">Orlen Zastal Zielona G\u00f3ra wzmacnia sk\u0142ad przed sezonem 2025\/26. Do dru\u017cyny trenera Arkadiusza Mi\u0142oszewskiego do\u0142\u0105cza <strong>Petar Raki\u0107evi\u0107<\/strong>, serbski niski skrzyd\u0142owy, kt\u00f3ry podpisa\u0142 z zielonog\u00f3rskim klubem <strong>roczny kontrakt<\/strong>.<\/p>\n\n\n\n<p class=\"wp-block-paragraph\">Raki\u0107evi\u0107 urodzi\u0142 si\u0119 4 czerwca 1995 roku w Prokuplje w Serbii. Mierz\u0105cy 204 cm zawodnik jest doskonale znany kibicom europejskiej koszyk\u00f3wki \u2013 w swojej karierze reprezentowa\u0142 barwy wielu klub\u00f3w w Serbii, na Litwie, w S\u0142owenii oraz na W\u0119grzech. Ostatni sezon sp\u0119dzi\u0142 w Duna Aszfalt Kecskem\u00e9t, gdzie by\u0142 jednym z lider\u00f3w zespo\u0142u. W rozgrywkach 2024\/2025 w\u0119gierskiej ekstraklasy notowa\u0142 \u015brednio 15,3 punktu, 7 zbi\u00f3rek i 3,3 asysty na mecz, imponuj\u0105c skuteczno\u015bci\u0105 rzut\u00f3w za dwa punkty (45,9%) oraz solidn\u0105 prac\u0105 na tablicach. Minione rozgrywki by\u0142y najlepszymi w jego karierze.<\/p>\n\n\n\n<p class=\"wp-block-paragraph\">Do\u015bwiadczenie z tak wielu lig oraz fakt, \u017ce w Duna Aszfalt by\u0142 jednym z lider\u00f3w zar\u00f3wno pod wzgl\u0119dem punkt\u00f3w, jak i zbi\u00f3rek, sprawiaj\u0105, \u017ce Raki\u0107evi\u0107 mo\u017ce sta\u0107 si\u0119 bardzo wa\u017cnym elementem uk\u0142adanki trenera Mi\u0142oszewskiego. Kibice Zastalu mog\u0105 spodziewa\u0107 si\u0119 zawodnika, kt\u00f3ry potrafi zdobywa\u0107 punkty na wiele sposob\u00f3w, dobrze czuje si\u0119 w grze zespo\u0142owej i nie boi si\u0119 fizycznej rywalizacji.<\/p>\n\n\n\n<p class=\"wp-block-paragraph\">\ud83c\udfc0 Zastalowcy.pl \u2013 o Zastalu od kibic\u00f3w \u2013 dla kibic\u00f3w<\/p>\n","protected":false},"excerpt":{"rendered":"<p>Orlen Zastal Zielona G\u00f3ra wzmacnia sk\u0142ad przed sezonem 2025\/26. Do dru\u017cyny trenera Arkadiusza Mi\u0142oszewskiego do\u0142\u0105cza Petar Raki\u0107evi\u0107, serbski<\/p>\n","protected":false},"author":3,"featured_media":347,"comment_status":"open","ping_status":"open","sticky":false,"template":"","format":"standard","meta":{"om_disable_all_campaigns":false,"footnotes":""},"categories":[18,1,9],"tags":[17,26,15,117,13,115,12,14,42,11,10],"class_list":["post-345","post","type-post","status-publish","format-standard","has-post-thumbnail","hentry","category-aktualnosci","category-bez-kategorii","category-sezon-2025-2026","tag-basketzg","tag-druzyna","tag-koszykowka","tag-niski-skrzydlowy-2","tag-orlen-zastal-zielona-gora","tag-petar-rakicevic","tag-zastal","tag-zastal-zielona-gora","tag-zastalowcy","tag-zielona-gora","tag-zielonagora"],"aioseo_notices":[],"aioseo_head":"\n\t\t<!-- All in One SEO 5.0.0.1 - aioseo.com -->\n\t<meta name=\"description\" content=\"Orlen Zastal Zielona G\u00f3ra wzmacnia sk\u0142ad przed sezonem 2025\/26. Do dru\u017cyny trenera Arkadiusza Mi\u0142oszewskiego do\u0142\u0105cza Petar Raki\u0107evi\u0107, serbski niski skrzyd\u0142owy, kt\u00f3ry podpisa\u0142 z zielonog\u00f3rskim klubem roczny kontrakt. Raki\u0107evi\u0107 urodzi\u0142 si\u0119 4 czerwca 1995 roku w Prokuplje w Serbii. Mierz\u0105cy 204 cm zawodnik jest doskonale znany kibicom europejskiej koszyk\u00f3wki \u2013 w swojej karierze reprezentowa\u0142 barwy wielu\" \/>\n\t<meta name=\"robots\" content=\"max-image-preview:large\" \/>\n\t<meta name=\"author\" content=\"Joanna Nawlicka\"\/>\n\t<link rel=\"canonical\" href=\"https:\/\/zastalowcy.pl\/?p=345\" \/>\n\t<meta name=\"generator\" content=\"All in One SEO (AIOSEO) 5.0.0.1\" \/>\n\t\t<meta property=\"og:locale\" content=\"pl_PL\" \/>\n\t\t<meta property=\"og:site_name\" content=\"- O Zastalu od kibic\u00f3w \u2013 dla kibic\u00f3w\" \/>\n\t\t<meta property=\"og:type\" content=\"article\" \/>\n\t\t<meta property=\"og:title\" content=\"Nowy obwodowy w Zastalu Zielona G\u00f3ra \u2013 Petar Raki\u0107evi\u0107 do\u0142\u0105cza do dru\u017cyny! -\" \/>\n\t\t<meta property=\"og:description\" content=\"Orlen Zastal Zielona G\u00f3ra wzmacnia sk\u0142ad przed sezonem 2025\/26. Do dru\u017cyny trenera Arkadiusza Mi\u0142oszewskiego do\u0142\u0105cza Petar Raki\u0107evi\u0107, serbski niski skrzyd\u0142owy, kt\u00f3ry podpisa\u0142 z zielonog\u00f3rskim klubem roczny kontrakt. Raki\u0107evi\u0107 urodzi\u0142 si\u0119 4 czerwca 1995 roku w Prokuplje w Serbii. Mierz\u0105cy 204 cm zawodnik jest doskonale znany kibicom europejskiej koszyk\u00f3wki \u2013 w swojej karierze reprezentowa\u0142 barwy wielu\" \/>\n\t\t<meta property=\"og:url\" content=\"https:\/\/zastalowcy.pl\/?p=345\" \/>\n\t\t<meta property=\"og:image\" content=\"https:\/\/zastalowcy.pl\/wp-content\/uploads\/2025\/09\/cropped-logo-strony-2.png\" \/>\n\t\t<meta property=\"og:image:secure_url\" content=\"https:\/\/zastalowcy.pl\/wp-content\/uploads\/2025\/09\/cropped-logo-strony-2.png\" \/>\n\t\t<meta property=\"og:image:width\" content=\"1862\" \/>\n\t\t<meta property=\"og:image:height\" content=\"384\" \/>\n\t\t<meta property=\"article:published_time\" content=\"2025-09-19T09:25:59+00:00\" \/>\n\t\t<meta property=\"article:modified_time\" content=\"2025-09-19T09:26:00+00:00\" \/>\n\t\t<meta name=\"twitter:card\" content=\"summary_large_image\" \/>\n\t\t<meta name=\"twitter:title\" content=\"Nowy obwodowy w Zastalu Zielona G\u00f3ra \u2013 Petar Raki\u0107evi\u0107 do\u0142\u0105cza do dru\u017cyny! -\" \/>\n\t\t<meta name=\"twitter:description\" content=\"Orlen Zastal Zielona G\u00f3ra wzmacnia sk\u0142ad przed sezonem 2025\/26. Do dru\u017cyny trenera Arkadiusza Mi\u0142oszewskiego do\u0142\u0105cza Petar Raki\u0107evi\u0107, serbski niski skrzyd\u0142owy, kt\u00f3ry podpisa\u0142 z zielonog\u00f3rskim klubem roczny kontrakt. Raki\u0107evi\u0107 urodzi\u0142 si\u0119 4 czerwca 1995 roku w Prokuplje w Serbii. Mierz\u0105cy 204 cm zawodnik jest doskonale znany kibicom europejskiej koszyk\u00f3wki \u2013 w swojej karierze reprezentowa\u0142 barwy wielu\" \/>\n\t\t<meta name=\"twitter:image\" content=\"https:\/\/zastalowcy.pl\/wp-content\/uploads\/2025\/09\/cropped-logo-strony-2.png\" \/>\n\t\t<script type=\"application\/ld+json\" class=\"aioseo-schema\">\n\t\t\t{\"@context\":\"https:\\\/\\\/schema.org\",\"@graph\":[{\"@type\":\"BlogPosting\",\"@id\":\"https:\\\/\\\/zastalowcy.pl\\\/?p=345#blogposting\",\"name\":\"Nowy obwodowy w Zastalu Zielona G\\u00f3ra \\u2013 Petar Raki\\u0107evi\\u0107 do\\u0142\\u0105cza do dru\\u017cyny! -\",\"headline\":\"Nowy obwodowy w Zastalu Zielona G\\u00f3ra \\u2013 Petar Raki\\u0107evi\\u0107 do\\u0142\\u0105cza do dru\\u017cyny!\",\"author\":{\"@id\":\"https:\\\/\\\/zastalowcy.pl\\\/?author=3#author\"},\"publisher\":{\"@id\":\"https:\\\/\\\/zastalowcy.pl\\\/#organization\"},\"image\":{\"@type\":\"ImageObject\",\"url\":\"https:\\\/\\\/zastalowcy.pl\\\/wp-content\\\/uploads\\\/2025\\\/09\\\/profilowe-30.png\",\"width\":2048,\"height\":2048},\"datePublished\":\"2025-09-19T11:25:59+02:00\",\"dateModified\":\"2025-09-19T11:26:00+02:00\",\"inLanguage\":\"pl-PL\",\"mainEntityOfPage\":{\"@id\":\"https:\\\/\\\/zastalowcy.pl\\\/?p=345#webpage\"},\"isPartOf\":{\"@id\":\"https:\\\/\\\/zastalowcy.pl\\\/?p=345#webpage\"},\"articleSection\":\"Aktualno\\u015bci, Bez kategorii, Sezon 2025\\\/2026, basketzg, dru\\u017cyna, koszyk\\u00f3wka, niski skrzyd\\u0142owy, orlen zastal zielona g\\u00f3ra, Petar Raki\\u0107evi\\u0107, zastal, zastal zielona g\\u00f3ra, zastalowcy, zielona g\\u00f3ra, zielonagora\"},{\"@type\":\"BreadcrumbList\",\"@id\":\"https:\\\/\\\/zastalowcy.pl\\\/?p=345#breadcrumblist\",\"itemListElement\":[{\"@type\":\"ListItem\",\"@id\":\"https:\\\/\\\/zastalowcy.pl#listItem\",\"position\":1,\"name\":\"Home\",\"item\":\"https:\\\/\\\/zastalowcy.pl\",\"nextItem\":{\"@type\":\"ListItem\",\"@id\":\"https:\\\/\\\/zastalowcy.pl\\\/?cat=1#listItem\",\"name\":\"Bez kategorii\"}},{\"@type\":\"ListItem\",\"@id\":\"https:\\\/\\\/zastalowcy.pl\\\/?cat=1#listItem\",\"position\":2,\"name\":\"Bez kategorii\",\"item\":\"https:\\\/\\\/zastalowcy.pl\\\/?cat=1\",\"nextItem\":{\"@type\":\"ListItem\",\"@id\":\"https:\\\/\\\/zastalowcy.pl\\\/?p=345#listItem\",\"name\":\"Nowy obwodowy w Zastalu Zielona G\\u00f3ra \\u2013 Petar Raki\\u0107evi\\u0107 do\\u0142\\u0105cza do dru\\u017cyny!\"},\"previousItem\":{\"@type\":\"ListItem\",\"@id\":\"https:\\\/\\\/zastalowcy.pl#listItem\",\"name\":\"Home\"}},{\"@type\":\"ListItem\",\"@id\":\"https:\\\/\\\/zastalowcy.pl\\\/?p=345#listItem\",\"position\":3,\"name\":\"Nowy obwodowy w Zastalu Zielona G\\u00f3ra \\u2013 Petar Raki\\u0107evi\\u0107 do\\u0142\\u0105cza do dru\\u017cyny!\",\"previousItem\":{\"@type\":\"ListItem\",\"@id\":\"https:\\\/\\\/zastalowcy.pl\\\/?cat=1#listItem\",\"name\":\"Bez kategorii\"}}]},{\"@type\":\"Organization\",\"@id\":\"https:\\\/\\\/zastalowcy.pl\\\/#organization\",\"description\":\"O Zastalu od kibic\\u00f3w \\u2013 dla kibic\\u00f3w\",\"url\":\"https:\\\/\\\/zastalowcy.pl\\\/\",\"logo\":{\"@type\":\"ImageObject\",\"url\":\"https:\\\/\\\/zastalowcy.pl\\\/wp-content\\\/uploads\\\/2025\\\/09\\\/cropped-logo-strony-2.png\",\"@id\":\"https:\\\/\\\/zastalowcy.pl\\\/?p=345\\\/#organizationLogo\",\"width\":1862,\"height\":384},\"image\":{\"@id\":\"https:\\\/\\\/zastalowcy.pl\\\/?p=345\\\/#organizationLogo\"}},{\"@type\":\"Person\",\"@id\":\"https:\\\/\\\/zastalowcy.pl\\\/?author=3#author\",\"url\":\"https:\\\/\\\/zastalowcy.pl\\\/?author=3\",\"name\":\"Joanna Nawlicka\",\"image\":{\"@type\":\"ImageObject\",\"@id\":\"https:\\\/\\\/zastalowcy.pl\\\/?p=345#authorImage\",\"url\":\"https:\\\/\\\/secure.gravatar.com\\\/avatar\\\/66fc557d97536ff5096b6295970275631b7a4673997738477642001957f5274c?s=96&d=mm&r=g\",\"width\":96,\"height\":96,\"caption\":\"Joanna Nawlicka\"}},{\"@type\":\"WebPage\",\"@id\":\"https:\\\/\\\/zastalowcy.pl\\\/?p=345#webpage\",\"url\":\"https:\\\/\\\/zastalowcy.pl\\\/?p=345\",\"name\":\"Nowy obwodowy w Zastalu Zielona G\\u00f3ra \\u2013 Petar Raki\\u0107evi\\u0107 do\\u0142\\u0105cza do dru\\u017cyny! -\",\"description\":\"Orlen Zastal Zielona G\\u00f3ra wzmacnia sk\\u0142ad przed sezonem 2025\\\/26. Do dru\\u017cyny trenera Arkadiusza Mi\\u0142oszewskiego do\\u0142\\u0105cza Petar Raki\\u0107evi\\u0107, serbski niski skrzyd\\u0142owy, kt\\u00f3ry podpisa\\u0142 z zielonog\\u00f3rskim klubem roczny kontrakt. Raki\\u0107evi\\u0107 urodzi\\u0142 si\\u0119 4 czerwca 1995 roku w Prokuplje w Serbii. Mierz\\u0105cy 204 cm zawodnik jest doskonale znany kibicom europejskiej koszyk\\u00f3wki \\u2013 w swojej karierze reprezentowa\\u0142 barwy wielu\",\"inLanguage\":\"pl-PL\",\"isPartOf\":{\"@id\":\"https:\\\/\\\/zastalowcy.pl\\\/#website\"},\"breadcrumb\":{\"@id\":\"https:\\\/\\\/zastalowcy.pl\\\/?p=345#breadcrumblist\"},\"author\":{\"@id\":\"https:\\\/\\\/zastalowcy.pl\\\/?author=3#author\"},\"creator\":{\"@id\":\"https:\\\/\\\/zastalowcy.pl\\\/?author=3#author\"},\"image\":{\"@type\":\"ImageObject\",\"url\":\"https:\\\/\\\/zastalowcy.pl\\\/wp-content\\\/uploads\\\/2025\\\/09\\\/profilowe-30.png\",\"@id\":\"https:\\\/\\\/zastalowcy.pl\\\/?p=345\\\/#mainImage\",\"width\":2048,\"height\":2048},\"primaryImageOfPage\":{\"@id\":\"https:\\\/\\\/zastalowcy.pl\\\/?p=345#mainImage\"},\"datePublished\":\"2025-09-19T11:25:59+02:00\",\"dateModified\":\"2025-09-19T11:26:00+02:00\"},{\"@type\":\"WebSite\",\"@id\":\"https:\\\/\\\/zastalowcy.pl\\\/#website\",\"url\":\"https:\\\/\\\/zastalowcy.pl\\\/\",\"description\":\"O Zastalu od kibic\\u00f3w \\u2013 dla kibic\\u00f3w\",\"inLanguage\":\"pl-PL\",\"publisher\":{\"@id\":\"https:\\\/\\\/zastalowcy.pl\\\/#organization\"}}]}\n\t\t<\/script>\n\t\t<!-- All in One SEO -->\n\n","aioseo_head_json":{"title":"Nowy obwodowy w Zastalu Zielona G\u00f3ra \u2013 Petar Raki\u0107evi\u0107 do\u0142\u0105cza do dru\u017cyny! -","description":"Orlen Zastal Zielona G\u00f3ra wzmacnia sk\u0142ad przed sezonem 2025\/26. Do dru\u017cyny trenera Arkadiusza Mi\u0142oszewskiego do\u0142\u0105cza Petar Raki\u0107evi\u0107, serbski niski skrzyd\u0142owy, kt\u00f3ry podpisa\u0142 z zielonog\u00f3rskim klubem roczny kontrakt. Raki\u0107evi\u0107 urodzi\u0142 si\u0119 4 czerwca 1995 roku w Prokuplje w Serbii. Mierz\u0105cy 204 cm zawodnik jest doskonale znany kibicom europejskiej koszyk\u00f3wki \u2013 w swojej karierze reprezentowa\u0142 barwy wielu","canonical_url":"https:\/\/zastalowcy.pl\/?p=345","robots":"max-image-preview:large","keywords":"","webmasterTools":{"miscellaneous":""},"schema":{"@context":"https:\/\/schema.org","@graph":[{"@type":"BlogPosting","@id":"https:\/\/zastalowcy.pl\/?p=345#blogposting","name":"Nowy obwodowy w Zastalu Zielona G\u00f3ra \u2013 Petar Raki\u0107evi\u0107 do\u0142\u0105cza do dru\u017cyny! -","headline":"Nowy obwodowy w Zastalu Zielona G\u00f3ra \u2013 Petar Raki\u0107evi\u0107 do\u0142\u0105cza do dru\u017cyny!","author":{"@id":"https:\/\/zastalowcy.pl\/?author=3#author"},"publisher":{"@id":"https:\/\/zastalowcy.pl\/#organization"},"image":{"@type":"ImageObject","url":"https:\/\/zastalowcy.pl\/wp-content\/uploads\/2025\/09\/profilowe-30.png","width":2048,"height":2048},"datePublished":"2025-09-19T11:25:59+02:00","dateModified":"2025-09-19T11:26:00+02:00","inLanguage":"pl-PL","mainEntityOfPage":{"@id":"https:\/\/zastalowcy.pl\/?p=345#webpage"},"isPartOf":{"@id":"https:\/\/zastalowcy.pl\/?p=345#webpage"},"articleSection":"Aktualno\u015bci, Bez kategorii, Sezon 2025\/2026, basketzg, dru\u017cyna, koszyk\u00f3wka, niski skrzyd\u0142owy, orlen zastal zielona g\u00f3ra, Petar Raki\u0107evi\u0107, zastal, zastal zielona g\u00f3ra, zastalowcy, zielona g\u00f3ra, zielonagora"},{"@type":"BreadcrumbList","@id":"https:\/\/zastalowcy.pl\/?p=345#breadcrumblist","itemListElement":[{"@type":"ListItem","@id":"https:\/\/zastalowcy.pl#listItem","position":1,"name":"Home","item":"https:\/\/zastalowcy.pl","nextItem":{"@type":"ListItem","@id":"https:\/\/zastalowcy.pl\/?cat=1#listItem","name":"Bez kategorii"}},{"@type":"ListItem","@id":"https:\/\/zastalowcy.pl\/?cat=1#listItem","position":2,"name":"Bez kategorii","item":"https:\/\/zastalowcy.pl\/?cat=1","nextItem":{"@type":"ListItem","@id":"https:\/\/zastalowcy.pl\/?p=345#listItem","name":"Nowy obwodowy w Zastalu Zielona G\u00f3ra \u2013 Petar Raki\u0107evi\u0107 do\u0142\u0105cza do dru\u017cyny!"},"previousItem":{"@type":"ListItem","@id":"https:\/\/zastalowcy.pl#listItem","name":"Home"}},{"@type":"ListItem","@id":"https:\/\/zastalowcy.pl\/?p=345#listItem","position":3,"name":"Nowy obwodowy w Zastalu Zielona G\u00f3ra \u2013 Petar Raki\u0107evi\u0107 do\u0142\u0105cza do dru\u017cyny!","previousItem":{"@type":"ListItem","@id":"https:\/\/zastalowcy.pl\/?cat=1#listItem","name":"Bez kategorii"}}]},{"@type":"Organization","@id":"https:\/\/zastalowcy.pl\/#organization","description":"O Zastalu od kibic\u00f3w \u2013 dla kibic\u00f3w","url":"https:\/\/zastalowcy.pl\/","logo":{"@type":"ImageObject","url":"https:\/\/zastalowcy.pl\/wp-content\/uploads\/2025\/09\/cropped-logo-strony-2.png","@id":"https:\/\/zastalowcy.pl\/?p=345\/#organizationLogo","width":1862,"height":384},"image":{"@id":"https:\/\/zastalowcy.pl\/?p=345\/#organizationLogo"}},{"@type":"Person","@id":"https:\/\/zastalowcy.pl\/?author=3#author","url":"https:\/\/zastalowcy.pl\/?author=3","name":"Joanna Nawlicka","image":{"@type":"ImageObject","@id":"https:\/\/zastalowcy.pl\/?p=345#authorImage","url":"https:\/\/secure.gravatar.com\/avatar\/66fc557d97536ff5096b6295970275631b7a4673997738477642001957f5274c?s=96&d=mm&r=g","width":96,"height":96,"caption":"Joanna Nawlicka"}},{"@type":"WebPage","@id":"https:\/\/zastalowcy.pl\/?p=345#webpage","url":"https:\/\/zastalowcy.pl\/?p=345","name":"Nowy obwodowy w Zastalu Zielona G\u00f3ra \u2013 Petar Raki\u0107evi\u0107 do\u0142\u0105cza do dru\u017cyny! -","description":"Orlen Zastal Zielona G\u00f3ra wzmacnia sk\u0142ad przed sezonem 2025\/26. Do dru\u017cyny trenera Arkadiusza Mi\u0142oszewskiego do\u0142\u0105cza Petar Raki\u0107evi\u0107, serbski niski skrzyd\u0142owy, kt\u00f3ry podpisa\u0142 z zielonog\u00f3rskim klubem roczny kontrakt. Raki\u0107evi\u0107 urodzi\u0142 si\u0119 4 czerwca 1995 roku w Prokuplje w Serbii. Mierz\u0105cy 204 cm zawodnik jest doskonale znany kibicom europejskiej koszyk\u00f3wki \u2013 w swojej karierze reprezentowa\u0142 barwy wielu","inLanguage":"pl-PL","isPartOf":{"@id":"https:\/\/zastalowcy.pl\/#website"},"breadcrumb":{"@id":"https:\/\/zastalowcy.pl\/?p=345#breadcrumblist"},"author":{"@id":"https:\/\/zastalowcy.pl\/?author=3#author"},"creator":{"@id":"https:\/\/zastalowcy.pl\/?author=3#author"},"image":{"@type":"ImageObject","url":"https:\/\/zastalowcy.pl\/wp-content\/uploads\/2025\/09\/profilowe-30.png","@id":"https:\/\/zastalowcy.pl\/?p=345\/#mainImage","width":2048,"height":2048},"primaryImageOfPage":{"@id":"https:\/\/zastalowcy.pl\/?p=345#mainImage"},"datePublished":"2025-09-19T11:25:59+02:00","dateModified":"2025-09-19T11:26:00+02:00"},{"@type":"WebSite","@id":"https:\/\/zastalowcy.pl\/#website","url":"https:\/\/zastalowcy.pl\/","description":"O Zastalu od kibic\u00f3w \u2013 dla kibic\u00f3w","inLanguage":"pl-PL","publisher":{"@id":"https:\/\/zastalowcy.pl\/#organization"}}]},"og:locale":"pl_PL","og:site_name":"- O Zastalu od kibic\u00f3w \u2013 dla kibic\u00f3w","og:type":"article","og:title":"Nowy obwodowy w Zastalu Zielona G\u00f3ra \u2013 Petar Raki\u0107evi\u0107 do\u0142\u0105cza do dru\u017cyny! -","og:description":"Orlen Zastal Zielona G\u00f3ra wzmacnia sk\u0142ad przed sezonem 2025\/26. Do dru\u017cyny trenera Arkadiusza Mi\u0142oszewskiego do\u0142\u0105cza Petar Raki\u0107evi\u0107, serbski niski skrzyd\u0142owy, kt\u00f3ry podpisa\u0142 z zielonog\u00f3rskim klubem roczny kontrakt. Raki\u0107evi\u0107 urodzi\u0142 si\u0119 4 czerwca 1995 roku w Prokuplje w Serbii. Mierz\u0105cy 204 cm zawodnik jest doskonale znany kibicom europejskiej koszyk\u00f3wki \u2013 w swojej karierze reprezentowa\u0142 barwy wielu","og:url":"https:\/\/zastalowcy.pl\/?p=345","og:image":"https:\/\/zastalowcy.pl\/wp-content\/uploads\/2025\/09\/cropped-logo-strony-2.png","og:image:secure_url":"https:\/\/zastalowcy.pl\/wp-content\/uploads\/2025\/09\/cropped-logo-strony-2.png","og:image:width":1862,"og:image:height":384,"article:published_time":"2025-09-19T09:25:59+00:00","article:modified_time":"2025-09-19T09:26:00+00:00","twitter:card":"summary_large_image","twitter:title":"Nowy obwodowy w Zastalu Zielona G\u00f3ra \u2013 Petar Raki\u0107evi\u0107 do\u0142\u0105cza do dru\u017cyny! -","twitter:description":"Orlen Zastal Zielona G\u00f3ra wzmacnia sk\u0142ad przed sezonem 2025\/26. Do dru\u017cyny trenera Arkadiusza Mi\u0142oszewskiego do\u0142\u0105cza Petar Raki\u0107evi\u0107, serbski niski skrzyd\u0142owy, kt\u00f3ry podpisa\u0142 z zielonog\u00f3rskim klubem roczny kontrakt. Raki\u0107evi\u0107 urodzi\u0142 si\u0119 4 czerwca 1995 roku w Prokuplje w Serbii. Mierz\u0105cy 204 cm zawodnik jest doskonale znany kibicom europejskiej koszyk\u00f3wki \u2013 w swojej karierze reprezentowa\u0142 barwy wielu","twitter:image":"https:\/\/zastalowcy.pl\/wp-content\/uploads\/2025\/09\/cropped-logo-strony-2.png"},"aioseo_meta_data":{"post_id":"345","title":null,"description":null,"keywords":null,"keyphrases":null,"primary_term":null,"canonical_url":null,"og_title":null,"og_description":null,"og_object_type":"default","og_image_type":"default","og_image_custom_url":null,"og_image_custom_fields":null,"og_image_url":null,"og_image_width":null,"og_image_height":null,"og_video":null,"og_custom_url":null,"og_article_section":null,"og_article_tags":null,"twitter_use_og":false,"twitter_card":"default","twitter_image_type":"default","twitter_image_custom_url":null,"twitter_image_custom_fields":null,"twitter_image_url":null,"twitter_title":null,"twitter_description":null,"schema_type":"default","schema_type_options":null,"schema":{"blockGraphs":[],"customGraphs":[],"default":{"data":{"Article":[],"Course":[],"Dataset":[],"FAQPage":[],"Movie":[],"Person":[],"Product":[],"ProductReview":[],"Car":[],"Recipe":[],"Service":[],"SoftwareApplication":[],"WebPage":[]},"graphName":"","isEnabled":true},"graphs":[]},"pillar_content":false,"robots_default":true,"robots_noindex":false,"robots_noarchive":false,"robots_nosnippet":false,"robots_nofollow":false,"robots_noimageindex":false,"robots_noodp":false,"robots_notranslate":false,"robots_max_snippet":null,"robots_max_videopreview":null,"robots_max_imagepreview":"large","priority":null,"frequency":null,"local_seo":null,"limit_modified_date":false,"ai":null,"breadcrumb_settings":null,"seo_analyzer_scan_date":null,"created":"2026-07-15 16:36:44","updated":"2026-07-15 16:36:44","focus_keyword":null,"additional_keywords":null,"truseo_locale":null},"aioseo_breadcrumb":"<div class=\"aioseo-breadcrumbs\"><span class=\"aioseo-breadcrumb\">\n\t\t\t<a href=\"https:\/\/zastalowcy.pl\" title=\"Home\">Home<\/a>\n\t\t<\/span><span class=\"aioseo-breadcrumb-separator\">&raquo;<\/span><span class=\"aioseo-breadcrumb\">\n\t\t\t<a href=\"https:\/\/zastalowcy.pl\/?cat=1\" title=\"Bez kategorii\">Bez kategorii<\/a>\n\t\t<\/span><span class=\"aioseo-breadcrumb-separator\">&raquo;<\/span><span class=\"aioseo-breadcrumb\">\n\t\t\tNowy obwodowy w Zastalu Zielona G\u00f3ra \u2013 Petar Raki\u0107evi\u0107 do\u0142\u0105cza do dru\u017cyny!\n\t\t<\/span><\/div>","aioseo_breadcrumb_json":[{"label":"Home","link":"https:\/\/zastalowcy.pl"},{"label":"Bez kategorii","link":"https:\/\/zastalowcy.pl\/?cat=1"},{"label":"Nowy obwodowy w Zastalu Zielona G\u00f3ra \u2013 Petar Raki\u0107evi\u0107 do\u0142\u0105cza do dru\u017cyny!","link":"https:\/\/zastalowcy.pl\/?p=345"}],"_links":{"self":[{"href":"https:\/\/zastalowcy.pl\/index.php?rest_route=\/wp\/v2\/posts\/345","targetHints":{"allow":["GET"]}}],"collection":[{"href":"https:\/\/zastalowcy.pl\/index.php?rest_route=\/wp\/v2\/posts"}],"about":[{"href":"https:\/\/zastalowcy.pl\/index.php?rest_route=\/wp\/v2\/types\/post"}],"author":[{"embeddable":true,"href":"https:\/\/zastalowcy.pl\/index.php?rest_route=\/wp\/v2\/users\/3"}],"replies":[{"embeddable":true,"href":"https:\/\/zastalowcy.pl\/index.php?rest_route=%2Fwp%2Fv2%2Fcomments&post=345"}],"version-history":[{"count":1,"href":"https:\/\/zastalowcy.pl\/index.php?rest_route=\/wp\/v2\/posts\/345\/revisions"}],"predecessor-version":[{"id":346,"href":"https:\/\/zastalowcy.pl\/index.php?rest_route=\/wp\/v2\/posts\/345\/revisions\/346"}],"wp:featuredmedia":[{"embeddable":true,"href":"https:\/\/zastalowcy.pl\/index.php?rest_route=\/wp\/v2\/media\/347"}],"wp:attachment":[{"href":"https:\/\/zastalowcy.pl\/index.php?rest_route=%2Fwp%2Fv2%2Fmedia&parent=345"}],"wp:term":[{"taxonomy":"category","embeddable":true,"href":"https:\/\/zastalowcy.pl\/index.php?rest_route=%2Fwp%2Fv2%2Fcategories&post=345"},{"taxonomy":"post_tag","embeddable":true,"href":"https:\/\/zastalowcy.pl\/index.php?rest_route=%2Fwp%2Fv2%2Ftags&post=345"}],"curies":[{"name":"wp","href":"https:\/\/api.w.org\/{rel}","templated":true}]}}