{"id":469,"date":"2025-10-02T18:14:07","date_gmt":"2025-10-02T16:14:07","guid":{"rendered":"https:\/\/zastalowcy.pl\/?p=469"},"modified":"2025-10-02T18:14:07","modified_gmt":"2025-10-02T16:14:07","slug":"zastal-zielona-gora-ma-nowego-kapitana","status":"publish","type":"post","link":"https:\/\/zastalowcy.pl\/?p=469","title":{"rendered":"Zastal Zielona G\u00f3ra ma nowego kapitana!"},"content":{"rendered":"\n<p class=\"wp-block-paragraph\">Nowy sezon, nowe rozdanie i nowe przyw\u00f3dztwo na parkiecie! Orlen Zastal Zielona G\u00f3ra og\u0142osi\u0142, kto w rozgrywkach 2025\/26 b\u0119dzie pe\u0142ni\u0142 rol\u0119 kapitana dru\u017cyny. To niezwykle wa\u017cna funkcja \u2013 nie tylko sportowa, ale i symboliczna, bo kapitan jest przed\u0142u\u017ceniem trenera na boisku i liderem w szatni.<\/p>\n\n\n\n<p class=\"wp-block-paragraph\">Funkcj\u0119 t\u0119 obejmie <strong>Andrzej \u201eAndy\u201d Mazurczak<\/strong>, rozgrywaj\u0105cy, kt\u00f3ry latem ponownie do\u0142\u0105czy\u0142 do dru\u017cyny z Zielonej G\u00f3ry.<\/p>\n\n\n\n<p class=\"wp-block-paragraph\">Mazurczak to posta\u0107 doskonale znana zielonog\u00f3rskim kibicom. W przesz\u0142o\u015bci zdobywa\u0142 z Zastalem Superpuchar Polski, a p\u00f3\u017aniej \u015bwi\u0119ci\u0142 triumfy w Kingu Szczecin, gdzie pod wodz\u0105 Arkadiusza Mi\u0142oszewskiego si\u0119ga\u0142 po mistrzostwo kraju i tytu\u0142 MVP. Teraz wraca do Winnego Grodu, by nie tylko prowadzi\u0107 gr\u0119 dru\u017cyny, ale tak\u017ce odpowiada\u0107 za jej charakter i jedno\u015b\u0107 na parkiecie.<\/p>\n\n\n\n<p class=\"wp-block-paragraph\">Ju\u017c w najbli\u017cszych meczach przekonamy si\u0119, jak w roli lidera poprowadzi dru\u017cyn\u0119 w kolejnym etapie odbudowy klubu. Jedno jest pewne \u2013 hala CRS zn\u00f3w b\u0119dzie \u015bwiadkiem ogromnych emocji.<\/p>\n\n\n\n<p class=\"wp-block-paragraph\">Pierwszy test ju\u017c w pi\u0105tek, 3 pa\u017adziernika. Zapowied\u017a meczu znajdziecie <a href=\"https:\/\/zastalowcy.pl\/?p=464\">TUTAJ<\/a>.<\/p>\n\n\n\n<p class=\"wp-block-paragraph\">\ud83c\udfc0 Zastalowcy.pl \u2013 o Zastalu od kibic\u00f3w \u2013 dla kibic\u00f3w<\/p>\n","protected":false},"excerpt":{"rendered":"<p>Nowy sezon, nowe rozdanie i nowe przyw\u00f3dztwo na parkiecie! Orlen Zastal Zielona G\u00f3ra og\u0142osi\u0142, kto w rozgrywkach 2025\/26<\/p>\n","protected":false},"author":3,"featured_media":470,"comment_status":"open","ping_status":"open","sticky":false,"template":"","format":"standard","meta":{"om_disable_all_campaigns":false,"footnotes":""},"categories":[18,9],"tags":[126,125,17,26,52,127,15,13,12,14,42,11,10,16],"class_list":["post-469","post","type-post","status-publish","format-standard","has-post-thumbnail","hentry","category-aktualnosci","category-sezon-2025-2026","tag-andrzej-mazurczak","tag-andy-mazurczak","tag-basketzg","tag-druzyna","tag-kapitan","tag-kapitan-zastalu","tag-koszykowka","tag-orlen-zastal-zielona-gora","tag-zastal","tag-zastal-zielona-gora","tag-zastalowcy","tag-zielona-gora","tag-zielonagora","tag-zielonogorska-koszykowka"],"aioseo_notices":[],"aioseo_head":"\n\t\t<!-- All in One SEO 5.0.0.1 - aioseo.com -->\n\t<meta name=\"description\" content=\"Nowy sezon, nowe rozdanie i nowe przyw\u00f3dztwo na parkiecie! Orlen Zastal Zielona G\u00f3ra og\u0142osi\u0142, kto w rozgrywkach 2025\/26 b\u0119dzie pe\u0142ni\u0142 rol\u0119 kapitana dru\u017cyny. To niezwykle wa\u017cna funkcja \u2013 nie tylko sportowa, ale i symboliczna, bo kapitan jest przed\u0142u\u017ceniem trenera na boisku i liderem w szatni. Funkcj\u0119 t\u0119 obejmie Andrzej \u201eAndy\u201d Mazurczak, rozgrywaj\u0105cy, kt\u00f3ry latem ponownie\" \/>\n\t<meta name=\"robots\" content=\"max-image-preview:large\" \/>\n\t<meta name=\"author\" content=\"Joanna Nawlicka\"\/>\n\t<link rel=\"canonical\" href=\"https:\/\/zastalowcy.pl\/?p=469\" \/>\n\t<meta name=\"generator\" content=\"All in One SEO (AIOSEO) 5.0.0.1\" \/>\n\t\t<meta property=\"og:locale\" content=\"pl_PL\" \/>\n\t\t<meta property=\"og:site_name\" content=\"- O Zastalu od kibic\u00f3w \u2013 dla kibic\u00f3w\" \/>\n\t\t<meta property=\"og:type\" content=\"article\" \/>\n\t\t<meta property=\"og:title\" content=\"Zastal Zielona G\u00f3ra ma nowego kapitana! -\" \/>\n\t\t<meta property=\"og:description\" content=\"Nowy sezon, nowe rozdanie i nowe przyw\u00f3dztwo na parkiecie! Orlen Zastal Zielona G\u00f3ra og\u0142osi\u0142, kto w rozgrywkach 2025\/26 b\u0119dzie pe\u0142ni\u0142 rol\u0119 kapitana dru\u017cyny. To niezwykle wa\u017cna funkcja \u2013 nie tylko sportowa, ale i symboliczna, bo kapitan jest przed\u0142u\u017ceniem trenera na boisku i liderem w szatni. Funkcj\u0119 t\u0119 obejmie Andrzej \u201eAndy\u201d Mazurczak, rozgrywaj\u0105cy, kt\u00f3ry latem ponownie\" \/>\n\t\t<meta property=\"og:url\" content=\"https:\/\/zastalowcy.pl\/?p=469\" \/>\n\t\t<meta property=\"og:image\" content=\"https:\/\/zastalowcy.pl\/wp-content\/uploads\/2025\/09\/cropped-logo-strony-2.png\" \/>\n\t\t<meta property=\"og:image:secure_url\" content=\"https:\/\/zastalowcy.pl\/wp-content\/uploads\/2025\/09\/cropped-logo-strony-2.png\" \/>\n\t\t<meta property=\"og:image:width\" content=\"1862\" \/>\n\t\t<meta property=\"og:image:height\" content=\"384\" \/>\n\t\t<meta property=\"article:published_time\" content=\"2025-10-02T16:14:07+00:00\" \/>\n\t\t<meta property=\"article:modified_time\" content=\"2025-10-02T16:14:07+00:00\" \/>\n\t\t<meta name=\"twitter:card\" content=\"summary_large_image\" \/>\n\t\t<meta name=\"twitter:title\" content=\"Zastal Zielona G\u00f3ra ma nowego kapitana! -\" \/>\n\t\t<meta name=\"twitter:description\" content=\"Nowy sezon, nowe rozdanie i nowe przyw\u00f3dztwo na parkiecie! Orlen Zastal Zielona G\u00f3ra og\u0142osi\u0142, kto w rozgrywkach 2025\/26 b\u0119dzie pe\u0142ni\u0142 rol\u0119 kapitana dru\u017cyny. To niezwykle wa\u017cna funkcja \u2013 nie tylko sportowa, ale i symboliczna, bo kapitan jest przed\u0142u\u017ceniem trenera na boisku i liderem w szatni. Funkcj\u0119 t\u0119 obejmie Andrzej \u201eAndy\u201d Mazurczak, rozgrywaj\u0105cy, kt\u00f3ry latem ponownie\" \/>\n\t\t<meta name=\"twitter:image\" content=\"https:\/\/zastalowcy.pl\/wp-content\/uploads\/2025\/09\/cropped-logo-strony-2.png\" \/>\n\t\t<script type=\"application\/ld+json\" class=\"aioseo-schema\">\n\t\t\t{\"@context\":\"https:\\\/\\\/schema.org\",\"@graph\":[{\"@type\":\"BlogPosting\",\"@id\":\"https:\\\/\\\/zastalowcy.pl\\\/?p=469#blogposting\",\"name\":\"Zastal Zielona G\\u00f3ra ma nowego kapitana! -\",\"headline\":\"Zastal Zielona G\\u00f3ra ma nowego kapitana!\",\"author\":{\"@id\":\"https:\\\/\\\/zastalowcy.pl\\\/?author=3#author\"},\"publisher\":{\"@id\":\"https:\\\/\\\/zastalowcy.pl\\\/#organization\"},\"image\":{\"@type\":\"ImageObject\",\"url\":\"https:\\\/\\\/zastalowcy.pl\\\/wp-content\\\/uploads\\\/2025\\\/10\\\/profilowe-25.png\",\"width\":2048,\"height\":2048},\"datePublished\":\"2025-10-02T18:14:07+02:00\",\"dateModified\":\"2025-10-02T18:14:07+02:00\",\"inLanguage\":\"pl-PL\",\"mainEntityOfPage\":{\"@id\":\"https:\\\/\\\/zastalowcy.pl\\\/?p=469#webpage\"},\"isPartOf\":{\"@id\":\"https:\\\/\\\/zastalowcy.pl\\\/?p=469#webpage\"},\"articleSection\":\"Aktualno\\u015bci, Sezon 2025\\\/2026, andrzej mazurczak, andy mazurczak, basketzg, dru\\u017cyna, kapitan, kapitan zastalu, koszyk\\u00f3wka, orlen zastal zielona g\\u00f3ra, zastal, zastal zielona g\\u00f3ra, zastalowcy, zielona g\\u00f3ra, zielonagora, zielonog\\u00f3rska koszyk\\u00f3wka\"},{\"@type\":\"BreadcrumbList\",\"@id\":\"https:\\\/\\\/zastalowcy.pl\\\/?p=469#breadcrumblist\",\"itemListElement\":[{\"@type\":\"ListItem\",\"@id\":\"https:\\\/\\\/zastalowcy.pl#listItem\",\"position\":1,\"name\":\"Home\",\"item\":\"https:\\\/\\\/zastalowcy.pl\",\"nextItem\":{\"@type\":\"ListItem\",\"@id\":\"https:\\\/\\\/zastalowcy.pl\\\/?cat=9#listItem\",\"name\":\"Sezon 2025\\\/2026\"}},{\"@type\":\"ListItem\",\"@id\":\"https:\\\/\\\/zastalowcy.pl\\\/?cat=9#listItem\",\"position\":2,\"name\":\"Sezon 2025\\\/2026\",\"item\":\"https:\\\/\\\/zastalowcy.pl\\\/?cat=9\",\"nextItem\":{\"@type\":\"ListItem\",\"@id\":\"https:\\\/\\\/zastalowcy.pl\\\/?p=469#listItem\",\"name\":\"Zastal Zielona G\\u00f3ra ma nowego kapitana!\"},\"previousItem\":{\"@type\":\"ListItem\",\"@id\":\"https:\\\/\\\/zastalowcy.pl#listItem\",\"name\":\"Home\"}},{\"@type\":\"ListItem\",\"@id\":\"https:\\\/\\\/zastalowcy.pl\\\/?p=469#listItem\",\"position\":3,\"name\":\"Zastal Zielona G\\u00f3ra ma nowego kapitana!\",\"previousItem\":{\"@type\":\"ListItem\",\"@id\":\"https:\\\/\\\/zastalowcy.pl\\\/?cat=9#listItem\",\"name\":\"Sezon 2025\\\/2026\"}}]},{\"@type\":\"Organization\",\"@id\":\"https:\\\/\\\/zastalowcy.pl\\\/#organization\",\"description\":\"O Zastalu od kibic\\u00f3w \\u2013 dla kibic\\u00f3w\",\"url\":\"https:\\\/\\\/zastalowcy.pl\\\/\",\"logo\":{\"@type\":\"ImageObject\",\"url\":\"https:\\\/\\\/zastalowcy.pl\\\/wp-content\\\/uploads\\\/2025\\\/09\\\/cropped-logo-strony-2.png\",\"@id\":\"https:\\\/\\\/zastalowcy.pl\\\/?p=469\\\/#organizationLogo\",\"width\":1862,\"height\":384},\"image\":{\"@id\":\"https:\\\/\\\/zastalowcy.pl\\\/?p=469\\\/#organizationLogo\"}},{\"@type\":\"Person\",\"@id\":\"https:\\\/\\\/zastalowcy.pl\\\/?author=3#author\",\"url\":\"https:\\\/\\\/zastalowcy.pl\\\/?author=3\",\"name\":\"Joanna Nawlicka\",\"image\":{\"@type\":\"ImageObject\",\"@id\":\"https:\\\/\\\/zastalowcy.pl\\\/?p=469#authorImage\",\"url\":\"https:\\\/\\\/secure.gravatar.com\\\/avatar\\\/66fc557d97536ff5096b6295970275631b7a4673997738477642001957f5274c?s=96&d=mm&r=g\",\"width\":96,\"height\":96,\"caption\":\"Joanna Nawlicka\"}},{\"@type\":\"WebPage\",\"@id\":\"https:\\\/\\\/zastalowcy.pl\\\/?p=469#webpage\",\"url\":\"https:\\\/\\\/zastalowcy.pl\\\/?p=469\",\"name\":\"Zastal Zielona G\\u00f3ra ma nowego kapitana! -\",\"description\":\"Nowy sezon, nowe rozdanie i nowe przyw\\u00f3dztwo na parkiecie! Orlen Zastal Zielona G\\u00f3ra og\\u0142osi\\u0142, kto w rozgrywkach 2025\\\/26 b\\u0119dzie pe\\u0142ni\\u0142 rol\\u0119 kapitana dru\\u017cyny. To niezwykle wa\\u017cna funkcja \\u2013 nie tylko sportowa, ale i symboliczna, bo kapitan jest przed\\u0142u\\u017ceniem trenera na boisku i liderem w szatni. Funkcj\\u0119 t\\u0119 obejmie Andrzej \\u201eAndy\\u201d Mazurczak, rozgrywaj\\u0105cy, kt\\u00f3ry latem ponownie\",\"inLanguage\":\"pl-PL\",\"isPartOf\":{\"@id\":\"https:\\\/\\\/zastalowcy.pl\\\/#website\"},\"breadcrumb\":{\"@id\":\"https:\\\/\\\/zastalowcy.pl\\\/?p=469#breadcrumblist\"},\"author\":{\"@id\":\"https:\\\/\\\/zastalowcy.pl\\\/?author=3#author\"},\"creator\":{\"@id\":\"https:\\\/\\\/zastalowcy.pl\\\/?author=3#author\"},\"image\":{\"@type\":\"ImageObject\",\"url\":\"https:\\\/\\\/zastalowcy.pl\\\/wp-content\\\/uploads\\\/2025\\\/10\\\/profilowe-25.png\",\"@id\":\"https:\\\/\\\/zastalowcy.pl\\\/?p=469\\\/#mainImage\",\"width\":2048,\"height\":2048},\"primaryImageOfPage\":{\"@id\":\"https:\\\/\\\/zastalowcy.pl\\\/?p=469#mainImage\"},\"datePublished\":\"2025-10-02T18:14:07+02:00\",\"dateModified\":\"2025-10-02T18:14:07+02:00\"},{\"@type\":\"WebSite\",\"@id\":\"https:\\\/\\\/zastalowcy.pl\\\/#website\",\"url\":\"https:\\\/\\\/zastalowcy.pl\\\/\",\"description\":\"O Zastalu od kibic\\u00f3w \\u2013 dla kibic\\u00f3w\",\"inLanguage\":\"pl-PL\",\"publisher\":{\"@id\":\"https:\\\/\\\/zastalowcy.pl\\\/#organization\"}}]}\n\t\t<\/script>\n\t\t<!-- All in One SEO -->\n\n","aioseo_head_json":{"title":"Zastal Zielona G\u00f3ra ma nowego kapitana! -","description":"Nowy sezon, nowe rozdanie i nowe przyw\u00f3dztwo na parkiecie! Orlen Zastal Zielona G\u00f3ra og\u0142osi\u0142, kto w rozgrywkach 2025\/26 b\u0119dzie pe\u0142ni\u0142 rol\u0119 kapitana dru\u017cyny. To niezwykle wa\u017cna funkcja \u2013 nie tylko sportowa, ale i symboliczna, bo kapitan jest przed\u0142u\u017ceniem trenera na boisku i liderem w szatni. Funkcj\u0119 t\u0119 obejmie Andrzej \u201eAndy\u201d Mazurczak, rozgrywaj\u0105cy, kt\u00f3ry latem ponownie","canonical_url":"https:\/\/zastalowcy.pl\/?p=469","robots":"max-image-preview:large","keywords":"","webmasterTools":{"miscellaneous":""},"schema":{"@context":"https:\/\/schema.org","@graph":[{"@type":"BlogPosting","@id":"https:\/\/zastalowcy.pl\/?p=469#blogposting","name":"Zastal Zielona G\u00f3ra ma nowego kapitana! -","headline":"Zastal Zielona G\u00f3ra ma nowego kapitana!","author":{"@id":"https:\/\/zastalowcy.pl\/?author=3#author"},"publisher":{"@id":"https:\/\/zastalowcy.pl\/#organization"},"image":{"@type":"ImageObject","url":"https:\/\/zastalowcy.pl\/wp-content\/uploads\/2025\/10\/profilowe-25.png","width":2048,"height":2048},"datePublished":"2025-10-02T18:14:07+02:00","dateModified":"2025-10-02T18:14:07+02:00","inLanguage":"pl-PL","mainEntityOfPage":{"@id":"https:\/\/zastalowcy.pl\/?p=469#webpage"},"isPartOf":{"@id":"https:\/\/zastalowcy.pl\/?p=469#webpage"},"articleSection":"Aktualno\u015bci, Sezon 2025\/2026, andrzej mazurczak, andy mazurczak, basketzg, dru\u017cyna, kapitan, kapitan zastalu, koszyk\u00f3wka, orlen zastal zielona g\u00f3ra, zastal, zastal zielona g\u00f3ra, zastalowcy, zielona g\u00f3ra, zielonagora, zielonog\u00f3rska koszyk\u00f3wka"},{"@type":"BreadcrumbList","@id":"https:\/\/zastalowcy.pl\/?p=469#breadcrumblist","itemListElement":[{"@type":"ListItem","@id":"https:\/\/zastalowcy.pl#listItem","position":1,"name":"Home","item":"https:\/\/zastalowcy.pl","nextItem":{"@type":"ListItem","@id":"https:\/\/zastalowcy.pl\/?cat=9#listItem","name":"Sezon 2025\/2026"}},{"@type":"ListItem","@id":"https:\/\/zastalowcy.pl\/?cat=9#listItem","position":2,"name":"Sezon 2025\/2026","item":"https:\/\/zastalowcy.pl\/?cat=9","nextItem":{"@type":"ListItem","@id":"https:\/\/zastalowcy.pl\/?p=469#listItem","name":"Zastal Zielona G\u00f3ra ma nowego kapitana!"},"previousItem":{"@type":"ListItem","@id":"https:\/\/zastalowcy.pl#listItem","name":"Home"}},{"@type":"ListItem","@id":"https:\/\/zastalowcy.pl\/?p=469#listItem","position":3,"name":"Zastal Zielona G\u00f3ra ma nowego kapitana!","previousItem":{"@type":"ListItem","@id":"https:\/\/zastalowcy.pl\/?cat=9#listItem","name":"Sezon 2025\/2026"}}]},{"@type":"Organization","@id":"https:\/\/zastalowcy.pl\/#organization","description":"O Zastalu od kibic\u00f3w \u2013 dla kibic\u00f3w","url":"https:\/\/zastalowcy.pl\/","logo":{"@type":"ImageObject","url":"https:\/\/zastalowcy.pl\/wp-content\/uploads\/2025\/09\/cropped-logo-strony-2.png","@id":"https:\/\/zastalowcy.pl\/?p=469\/#organizationLogo","width":1862,"height":384},"image":{"@id":"https:\/\/zastalowcy.pl\/?p=469\/#organizationLogo"}},{"@type":"Person","@id":"https:\/\/zastalowcy.pl\/?author=3#author","url":"https:\/\/zastalowcy.pl\/?author=3","name":"Joanna Nawlicka","image":{"@type":"ImageObject","@id":"https:\/\/zastalowcy.pl\/?p=469#authorImage","url":"https:\/\/secure.gravatar.com\/avatar\/66fc557d97536ff5096b6295970275631b7a4673997738477642001957f5274c?s=96&d=mm&r=g","width":96,"height":96,"caption":"Joanna Nawlicka"}},{"@type":"WebPage","@id":"https:\/\/zastalowcy.pl\/?p=469#webpage","url":"https:\/\/zastalowcy.pl\/?p=469","name":"Zastal Zielona G\u00f3ra ma nowego kapitana! -","description":"Nowy sezon, nowe rozdanie i nowe przyw\u00f3dztwo na parkiecie! Orlen Zastal Zielona G\u00f3ra og\u0142osi\u0142, kto w rozgrywkach 2025\/26 b\u0119dzie pe\u0142ni\u0142 rol\u0119 kapitana dru\u017cyny. To niezwykle wa\u017cna funkcja \u2013 nie tylko sportowa, ale i symboliczna, bo kapitan jest przed\u0142u\u017ceniem trenera na boisku i liderem w szatni. Funkcj\u0119 t\u0119 obejmie Andrzej \u201eAndy\u201d Mazurczak, rozgrywaj\u0105cy, kt\u00f3ry latem ponownie","inLanguage":"pl-PL","isPartOf":{"@id":"https:\/\/zastalowcy.pl\/#website"},"breadcrumb":{"@id":"https:\/\/zastalowcy.pl\/?p=469#breadcrumblist"},"author":{"@id":"https:\/\/zastalowcy.pl\/?author=3#author"},"creator":{"@id":"https:\/\/zastalowcy.pl\/?author=3#author"},"image":{"@type":"ImageObject","url":"https:\/\/zastalowcy.pl\/wp-content\/uploads\/2025\/10\/profilowe-25.png","@id":"https:\/\/zastalowcy.pl\/?p=469\/#mainImage","width":2048,"height":2048},"primaryImageOfPage":{"@id":"https:\/\/zastalowcy.pl\/?p=469#mainImage"},"datePublished":"2025-10-02T18:14:07+02:00","dateModified":"2025-10-02T18:14:07+02:00"},{"@type":"WebSite","@id":"https:\/\/zastalowcy.pl\/#website","url":"https:\/\/zastalowcy.pl\/","description":"O Zastalu od kibic\u00f3w \u2013 dla kibic\u00f3w","inLanguage":"pl-PL","publisher":{"@id":"https:\/\/zastalowcy.pl\/#organization"}}]},"og:locale":"pl_PL","og:site_name":"- O Zastalu od kibic\u00f3w \u2013 dla kibic\u00f3w","og:type":"article","og:title":"Zastal Zielona G\u00f3ra ma nowego kapitana! -","og:description":"Nowy sezon, nowe rozdanie i nowe przyw\u00f3dztwo na parkiecie! Orlen Zastal Zielona G\u00f3ra og\u0142osi\u0142, kto w rozgrywkach 2025\/26 b\u0119dzie pe\u0142ni\u0142 rol\u0119 kapitana dru\u017cyny. To niezwykle wa\u017cna funkcja \u2013 nie tylko sportowa, ale i symboliczna, bo kapitan jest przed\u0142u\u017ceniem trenera na boisku i liderem w szatni. Funkcj\u0119 t\u0119 obejmie Andrzej \u201eAndy\u201d Mazurczak, rozgrywaj\u0105cy, kt\u00f3ry latem ponownie","og:url":"https:\/\/zastalowcy.pl\/?p=469","og:image":"https:\/\/zastalowcy.pl\/wp-content\/uploads\/2025\/09\/cropped-logo-strony-2.png","og:image:secure_url":"https:\/\/zastalowcy.pl\/wp-content\/uploads\/2025\/09\/cropped-logo-strony-2.png","og:image:width":1862,"og:image:height":384,"article:published_time":"2025-10-02T16:14:07+00:00","article:modified_time":"2025-10-02T16:14:07+00:00","twitter:card":"summary_large_image","twitter:title":"Zastal Zielona G\u00f3ra ma nowego kapitana! -","twitter:description":"Nowy sezon, nowe rozdanie i nowe przyw\u00f3dztwo na parkiecie! Orlen Zastal Zielona G\u00f3ra og\u0142osi\u0142, kto w rozgrywkach 2025\/26 b\u0119dzie pe\u0142ni\u0142 rol\u0119 kapitana dru\u017cyny. To niezwykle wa\u017cna funkcja \u2013 nie tylko sportowa, ale i symboliczna, bo kapitan jest przed\u0142u\u017ceniem trenera na boisku i liderem w szatni. Funkcj\u0119 t\u0119 obejmie Andrzej \u201eAndy\u201d Mazurczak, rozgrywaj\u0105cy, kt\u00f3ry latem ponownie","twitter:image":"https:\/\/zastalowcy.pl\/wp-content\/uploads\/2025\/09\/cropped-logo-strony-2.png"},"aioseo_meta_data":{"post_id":"469","title":null,"description":null,"keywords":null,"keyphrases":null,"primary_term":null,"canonical_url":null,"og_title":null,"og_description":null,"og_object_type":"default","og_image_type":"default","og_image_custom_url":null,"og_image_custom_fields":null,"og_image_url":null,"og_image_width":null,"og_image_height":null,"og_video":null,"og_custom_url":null,"og_article_section":null,"og_article_tags":null,"twitter_use_og":false,"twitter_card":"default","twitter_image_type":"default","twitter_image_custom_url":null,"twitter_image_custom_fields":null,"twitter_image_url":null,"twitter_title":null,"twitter_description":null,"schema_type":"default","schema_type_options":null,"schema":{"blockGraphs":[],"customGraphs":[],"default":{"data":{"Article":[],"Course":[],"Dataset":[],"FAQPage":[],"Movie":[],"Person":[],"Product":[],"ProductReview":[],"Car":[],"Recipe":[],"Service":[],"SoftwareApplication":[],"WebPage":[]},"graphName":"","isEnabled":true},"graphs":[]},"pillar_content":false,"robots_default":true,"robots_noindex":false,"robots_noarchive":false,"robots_nosnippet":false,"robots_nofollow":false,"robots_noimageindex":false,"robots_noodp":false,"robots_notranslate":false,"robots_max_snippet":null,"robots_max_videopreview":null,"robots_max_imagepreview":"large","priority":null,"frequency":null,"local_seo":null,"limit_modified_date":false,"ai":null,"breadcrumb_settings":null,"seo_analyzer_scan_date":null,"created":"2026-07-15 16:37:53","updated":"2026-07-15 16:37:53","focus_keyword":null,"additional_keywords":null,"truseo_locale":null},"aioseo_breadcrumb":"<div class=\"aioseo-breadcrumbs\"><span class=\"aioseo-breadcrumb\">\n\t\t\t<a href=\"https:\/\/zastalowcy.pl\" title=\"Home\">Home<\/a>\n\t\t<\/span><span class=\"aioseo-breadcrumb-separator\">&raquo;<\/span><span class=\"aioseo-breadcrumb\">\n\t\t\t<a href=\"https:\/\/zastalowcy.pl\/?cat=9\" title=\"Sezon 2025\/2026\">Sezon 2025\/2026<\/a>\n\t\t<\/span><span class=\"aioseo-breadcrumb-separator\">&raquo;<\/span><span class=\"aioseo-breadcrumb\">\n\t\t\tZastal Zielona G\u00f3ra ma nowego kapitana!\n\t\t<\/span><\/div>","aioseo_breadcrumb_json":[{"label":"Home","link":"https:\/\/zastalowcy.pl"},{"label":"Sezon 2025\/2026","link":"https:\/\/zastalowcy.pl\/?cat=9"},{"label":"Zastal Zielona G\u00f3ra ma nowego kapitana!","link":"https:\/\/zastalowcy.pl\/?p=469"}],"_links":{"self":[{"href":"https:\/\/zastalowcy.pl\/index.php?rest_route=\/wp\/v2\/posts\/469","targetHints":{"allow":["GET"]}}],"collection":[{"href":"https:\/\/zastalowcy.pl\/index.php?rest_route=\/wp\/v2\/posts"}],"about":[{"href":"https:\/\/zastalowcy.pl\/index.php?rest_route=\/wp\/v2\/types\/post"}],"author":[{"embeddable":true,"href":"https:\/\/zastalowcy.pl\/index.php?rest_route=\/wp\/v2\/users\/3"}],"replies":[{"embeddable":true,"href":"https:\/\/zastalowcy.pl\/index.php?rest_route=%2Fwp%2Fv2%2Fcomments&post=469"}],"version-history":[{"count":1,"href":"https:\/\/zastalowcy.pl\/index.php?rest_route=\/wp\/v2\/posts\/469\/revisions"}],"predecessor-version":[{"id":471,"href":"https:\/\/zastalowcy.pl\/index.php?rest_route=\/wp\/v2\/posts\/469\/revisions\/471"}],"wp:featuredmedia":[{"embeddable":true,"href":"https:\/\/zastalowcy.pl\/index.php?rest_route=\/wp\/v2\/media\/470"}],"wp:attachment":[{"href":"https:\/\/zastalowcy.pl\/index.php?rest_route=%2Fwp%2Fv2%2Fmedia&parent=469"}],"wp:term":[{"taxonomy":"category","embeddable":true,"href":"https:\/\/zastalowcy.pl\/index.php?rest_route=%2Fwp%2Fv2%2Fcategories&post=469"},{"taxonomy":"post_tag","embeddable":true,"href":"https:\/\/zastalowcy.pl\/index.php?rest_route=%2Fwp%2Fv2%2Ftags&post=469"}],"curies":[{"name":"wp","href":"https:\/\/api.w.org\/{rel}","templated":true}]}}