{"id":480,"date":"2025-10-12T16:31:14","date_gmt":"2025-10-12T14:31:14","guid":{"rendered":"https:\/\/zastalowcy.pl\/?p=480"},"modified":"2025-10-12T16:31:14","modified_gmt":"2025-10-12T14:31:14","slug":"zastal-rusza-do-gliwic-czas-na-drugie-starcie-w-orlen-basket-lidze","status":"publish","type":"post","link":"https:\/\/zastalowcy.pl\/?p=480","title":{"rendered":"Zastal rusza do Gliwic! Czas na drugie starcie w Orlen Basket Lidze"},"content":{"rendered":"\n<p class=\"wp-block-paragraph\">Po emocjonuj\u0105cej inauguracji sezonu w hali CRS, koszykarze Zastalu Zielona G\u00f3ra ju\u017c w poniedzia\u0142ek, 13 pa\u017adziernika o godzinie 18:00 zmierz\u0105 si\u0119 na wyje\u017adzie z Tauron GTK Gliwice. Zielonog\u00f3rzanie chc\u0105 jak najszybciej wr\u00f3ci\u0107 na zwyci\u0119sk\u0105 \u015bcie\u017ck\u0119 <a href=\"https:\/\/zastalowcy.pl\/?p=473\">po pechowej pora\u017cce z G\u00f3rnikiem Wa\u0142brzych 79:86<\/a> po dogrywce, a starcie w Gliwicach to doskona\u0142a okazja, by udowodni\u0107 swoj\u0105 warto\u015b\u0107.<\/p>\n\n\n\n<p class=\"wp-block-paragraph\">Podopieczni Arkadiusza Mi\u0142oszewskiego pokazali w pierwszym meczu sporo dobrej koszyk\u00f3wki, szczeg\u00f3lnie w defensywie i walce o zbi\u00f3rki. Liderem zespo\u0142u by\u0142 kapitan <strong>Andrzej Mazurczak<\/strong>, kt\u00f3ry zdoby\u0142 a\u017c <strong>26 punkt\u00f3w<\/strong>, dorzucaj\u0105c 6 zbi\u00f3rek i 4 asysty. Wsparli go <strong>Jayvon Maughmer <\/strong>(13 pkt) oraz <strong>Phil Fayne <\/strong>(10 pkt), a pod koszem \u015bwietnie prezentowa\u0142 si\u0119 <strong>Jakub Szumert<\/strong>, notuj\u0105c <strong>8 zbi\u00f3rek<\/strong>. Cho\u0107 Zastal nie unikn\u0105\u0142 b\u0142\u0119d\u00f3w w ko\u0144c\u00f3wce, dru\u017cyna pokaza\u0142a charakter i determinacj\u0119, co dobrze wr\u00f3\u017cy przed kolejnymi spotkaniami.<\/p>\n\n\n\n<p class=\"wp-block-paragraph\">Nast\u0119pnym rywalem zielonog\u00f3rzan b\u0119dzie <strong>Tauron GTK Gliwice<\/strong>, kt\u00f3re w drugiej kolejce przegra\u0142 na wyje\u017adzie z Anwilem W\u0142oc\u0142awek 58:93. Najskuteczniejszymi zawodnikami w zespole trenera Borisa Balibrei byli <strong>Jaiden Delaire <\/strong>(17 pkt), <strong>Andy Cleaves II <\/strong>(12 pkt) oraz <strong>Jarred Godfrey <\/strong>(9 pkt). Gliwiczanie mieli jednak spore problemy ze skuteczno\u015bci\u0105 (zaledwie 33% z gry) i b\u0119d\u0105 chcieli odbudowa\u0107 si\u0119 przed w\u0142asn\u0105 publiczno\u015bci\u0105.<\/p>\n\n\n\n<p class=\"wp-block-paragraph\">Spotkanie zapowiada si\u0119 wi\u0119c jako starcie dw\u00f3ch ekip, kt\u00f3re szukaj\u0105 pierwszego zwyci\u0119stwa w sezonie. Zastal b\u0119dzie liczy\u0142 na wi\u0119ksz\u0105 skuteczno\u015b\u0107 z dystansu (27% w meczu z G\u00f3rnikiem) i mocny pocz\u0105tek w wykonaniu rozgrywaj\u0105cego Mazurczaka, kt\u00f3ry ju\u017c w pierwszym meczu pokaza\u0142, \u017ce potrafi prowadzi\u0107 dru\u017cyn\u0119 z klas\u0105.<\/p>\n\n\n\n<p class=\"wp-block-paragraph\">Zielonog\u00f3rscy kibice r\u00f3wnie\u017c nie zawiod\u0105 \u2013 <strong>Klub Kibica Zastal<\/strong> organizuje wyjazd do Gliwic, by wspiera\u0107 dru\u017cyn\u0119 na \u017cywo. Informacje o zapisach i szczeg\u00f3\u0142ach wyjazdu znajdziecie na stronie \ud83d\udc49 <strong><a href=\"https:\/\/zastalowcy.pl\/?p=477\">Zastal zagra w Gliwicach! Kibice ruszaj\u0105 za dru\u017cyn\u0105<\/a><\/strong>.<\/p>\n\n\n\n<p class=\"wp-block-paragraph\">\ud83c\udfc0 Zastalowcy.pl \u2013 o Zastalu od kibic\u00f3w \u2013 dla kibic\u00f3w<\/p>\n","protected":false},"excerpt":{"rendered":"<p>Po emocjonuj\u0105cej inauguracji sezonu w hali CRS, koszykarze Zastalu Zielona G\u00f3ra ju\u017c w poniedzia\u0142ek, 13 pa\u017adziernika o godzinie<\/p>\n","protected":false},"author":3,"featured_media":481,"comment_status":"open","ping_status":"open","sticky":false,"template":"","format":"standard","meta":{"om_disable_all_campaigns":false,"footnotes":""},"categories":[18,9,6],"tags":[17,26,130,15,65,66,13,64,135,12,14,42,45,11,10,16],"class_list":["post-480","post","type-post","status-publish","format-standard","has-post-thumbnail","hentry","category-aktualnosci","category-sezon-2025-2026","category-zapowiedzi-przedmeczowe","tag-basketzg","tag-druzyna","tag-gtk-gliwice","tag-koszykowka","tag-obl","tag-orlen-basket-liga","tag-orlen-zastal-zielona-gora","tag-plk","tag-tauron-gtk-gliwice","tag-zastal","tag-zastal-zielona-gora","tag-zastalowcy","tag-zastalowcy-pl","tag-zielona-gora","tag-zielonagora","tag-zielonogorska-koszykowka"],"aioseo_notices":[],"aioseo_head":"\n\t\t<!-- All in One SEO 5.0.0.1 - aioseo.com -->\n\t<meta name=\"description\" content=\"Po emocjonuj\u0105cej inauguracji sezonu w hali CRS, koszykarze Zastalu Zielona G\u00f3ra ju\u017c w poniedzia\u0142ek, 13 pa\u017adziernika o godzinie 18:00 zmierz\u0105 si\u0119 na wyje\u017adzie z Tauron GTK Gliwice. Zielonog\u00f3rzanie chc\u0105 jak najszybciej wr\u00f3ci\u0107 na zwyci\u0119sk\u0105 \u015bcie\u017ck\u0119 po pechowej pora\u017cce z G\u00f3rnikiem Wa\u0142brzych 79:86 po dogrywce, a starcie w Gliwicach to doskona\u0142a okazja, by udowodni\u0107 swoj\u0105 warto\u015b\u0107.\" \/>\n\t<meta name=\"robots\" content=\"max-image-preview:large\" \/>\n\t<meta name=\"author\" content=\"Joanna Nawlicka\"\/>\n\t<link rel=\"canonical\" href=\"https:\/\/zastalowcy.pl\/?p=480\" \/>\n\t<meta name=\"generator\" content=\"All in One SEO (AIOSEO) 5.0.0.1\" \/>\n\t\t<meta property=\"og:locale\" content=\"pl_PL\" \/>\n\t\t<meta property=\"og:site_name\" content=\"- O Zastalu od kibic\u00f3w \u2013 dla kibic\u00f3w\" \/>\n\t\t<meta property=\"og:type\" content=\"article\" \/>\n\t\t<meta property=\"og:title\" content=\"Zastal rusza do Gliwic! Czas na drugie starcie w Orlen Basket Lidze -\" \/>\n\t\t<meta property=\"og:description\" content=\"Po emocjonuj\u0105cej inauguracji sezonu w hali CRS, koszykarze Zastalu Zielona G\u00f3ra ju\u017c w poniedzia\u0142ek, 13 pa\u017adziernika o godzinie 18:00 zmierz\u0105 si\u0119 na wyje\u017adzie z Tauron GTK Gliwice. Zielonog\u00f3rzanie chc\u0105 jak najszybciej wr\u00f3ci\u0107 na zwyci\u0119sk\u0105 \u015bcie\u017ck\u0119 po pechowej pora\u017cce z G\u00f3rnikiem Wa\u0142brzych 79:86 po dogrywce, a starcie w Gliwicach to doskona\u0142a okazja, by udowodni\u0107 swoj\u0105 warto\u015b\u0107.\" \/>\n\t\t<meta property=\"og:url\" content=\"https:\/\/zastalowcy.pl\/?p=480\" \/>\n\t\t<meta property=\"og:image\" content=\"https:\/\/zastalowcy.pl\/wp-content\/uploads\/2025\/09\/cropped-logo-strony-2.png\" \/>\n\t\t<meta property=\"og:image:secure_url\" content=\"https:\/\/zastalowcy.pl\/wp-content\/uploads\/2025\/09\/cropped-logo-strony-2.png\" \/>\n\t\t<meta property=\"og:image:width\" content=\"1862\" \/>\n\t\t<meta property=\"og:image:height\" content=\"384\" \/>\n\t\t<meta property=\"article:published_time\" content=\"2025-10-12T14:31:14+00:00\" \/>\n\t\t<meta property=\"article:modified_time\" content=\"2025-10-12T14:31:14+00:00\" \/>\n\t\t<meta name=\"twitter:card\" content=\"summary_large_image\" \/>\n\t\t<meta name=\"twitter:title\" content=\"Zastal rusza do Gliwic! Czas na drugie starcie w Orlen Basket Lidze -\" \/>\n\t\t<meta name=\"twitter:description\" content=\"Po emocjonuj\u0105cej inauguracji sezonu w hali CRS, koszykarze Zastalu Zielona G\u00f3ra ju\u017c w poniedzia\u0142ek, 13 pa\u017adziernika o godzinie 18:00 zmierz\u0105 si\u0119 na wyje\u017adzie z Tauron GTK Gliwice. Zielonog\u00f3rzanie chc\u0105 jak najszybciej wr\u00f3ci\u0107 na zwyci\u0119sk\u0105 \u015bcie\u017ck\u0119 po pechowej pora\u017cce z G\u00f3rnikiem Wa\u0142brzych 79:86 po dogrywce, a starcie w Gliwicach to doskona\u0142a okazja, by udowodni\u0107 swoj\u0105 warto\u015b\u0107.\" \/>\n\t\t<meta name=\"twitter:image\" content=\"https:\/\/zastalowcy.pl\/wp-content\/uploads\/2025\/09\/cropped-logo-strony-2.png\" \/>\n\t\t<script type=\"application\/ld+json\" class=\"aioseo-schema\">\n\t\t\t{\"@context\":\"https:\\\/\\\/schema.org\",\"@graph\":[{\"@type\":\"BlogPosting\",\"@id\":\"https:\\\/\\\/zastalowcy.pl\\\/?p=480#blogposting\",\"name\":\"Zastal rusza do Gliwic! Czas na drugie starcie w Orlen Basket Lidze -\",\"headline\":\"Zastal rusza do Gliwic! Czas na drugie starcie w Orlen Basket Lidze\",\"author\":{\"@id\":\"https:\\\/\\\/zastalowcy.pl\\\/?author=3#author\"},\"publisher\":{\"@id\":\"https:\\\/\\\/zastalowcy.pl\\\/#organization\"},\"image\":{\"@type\":\"ImageObject\",\"url\":\"https:\\\/\\\/zastalowcy.pl\\\/wp-content\\\/uploads\\\/2025\\\/10\\\/profilowe-25-1.png\",\"width\":2048,\"height\":2048},\"datePublished\":\"2025-10-12T16:31:14+02:00\",\"dateModified\":\"2025-10-12T16:31:14+02:00\",\"inLanguage\":\"pl-PL\",\"mainEntityOfPage\":{\"@id\":\"https:\\\/\\\/zastalowcy.pl\\\/?p=480#webpage\"},\"isPartOf\":{\"@id\":\"https:\\\/\\\/zastalowcy.pl\\\/?p=480#webpage\"},\"articleSection\":\"Aktualno\\u015bci, Sezon 2025\\\/2026, Zapowiedzi przedmeczowe, basketzg, dru\\u017cyna, gtk gliwice, koszyk\\u00f3wka, obl, Orlen Basket Liga, orlen zastal zielona g\\u00f3ra, plk, tauron gtk gliwice, zastal, zastal zielona g\\u00f3ra, zastalowcy, zastalowcy.pl, zielona g\\u00f3ra, zielonagora, zielonog\\u00f3rska koszyk\\u00f3wka\"},{\"@type\":\"BreadcrumbList\",\"@id\":\"https:\\\/\\\/zastalowcy.pl\\\/?p=480#breadcrumblist\",\"itemListElement\":[{\"@type\":\"ListItem\",\"@id\":\"https:\\\/\\\/zastalowcy.pl#listItem\",\"position\":1,\"name\":\"Home\",\"item\":\"https:\\\/\\\/zastalowcy.pl\",\"nextItem\":{\"@type\":\"ListItem\",\"@id\":\"https:\\\/\\\/zastalowcy.pl\\\/?cat=6#listItem\",\"name\":\"Zapowiedzi przedmeczowe\"}},{\"@type\":\"ListItem\",\"@id\":\"https:\\\/\\\/zastalowcy.pl\\\/?cat=6#listItem\",\"position\":2,\"name\":\"Zapowiedzi przedmeczowe\",\"item\":\"https:\\\/\\\/zastalowcy.pl\\\/?cat=6\",\"nextItem\":{\"@type\":\"ListItem\",\"@id\":\"https:\\\/\\\/zastalowcy.pl\\\/?p=480#listItem\",\"name\":\"Zastal rusza do Gliwic! Czas na drugie starcie w Orlen Basket Lidze\"},\"previousItem\":{\"@type\":\"ListItem\",\"@id\":\"https:\\\/\\\/zastalowcy.pl#listItem\",\"name\":\"Home\"}},{\"@type\":\"ListItem\",\"@id\":\"https:\\\/\\\/zastalowcy.pl\\\/?p=480#listItem\",\"position\":3,\"name\":\"Zastal rusza do Gliwic! Czas na drugie starcie w Orlen Basket Lidze\",\"previousItem\":{\"@type\":\"ListItem\",\"@id\":\"https:\\\/\\\/zastalowcy.pl\\\/?cat=6#listItem\",\"name\":\"Zapowiedzi przedmeczowe\"}}]},{\"@type\":\"Organization\",\"@id\":\"https:\\\/\\\/zastalowcy.pl\\\/#organization\",\"description\":\"O Zastalu od kibic\\u00f3w \\u2013 dla kibic\\u00f3w\",\"url\":\"https:\\\/\\\/zastalowcy.pl\\\/\",\"logo\":{\"@type\":\"ImageObject\",\"url\":\"https:\\\/\\\/zastalowcy.pl\\\/wp-content\\\/uploads\\\/2025\\\/09\\\/cropped-logo-strony-2.png\",\"@id\":\"https:\\\/\\\/zastalowcy.pl\\\/?p=480\\\/#organizationLogo\",\"width\":1862,\"height\":384},\"image\":{\"@id\":\"https:\\\/\\\/zastalowcy.pl\\\/?p=480\\\/#organizationLogo\"}},{\"@type\":\"Person\",\"@id\":\"https:\\\/\\\/zastalowcy.pl\\\/?author=3#author\",\"url\":\"https:\\\/\\\/zastalowcy.pl\\\/?author=3\",\"name\":\"Joanna Nawlicka\",\"image\":{\"@type\":\"ImageObject\",\"@id\":\"https:\\\/\\\/zastalowcy.pl\\\/?p=480#authorImage\",\"url\":\"https:\\\/\\\/secure.gravatar.com\\\/avatar\\\/66fc557d97536ff5096b6295970275631b7a4673997738477642001957f5274c?s=96&d=mm&r=g\",\"width\":96,\"height\":96,\"caption\":\"Joanna Nawlicka\"}},{\"@type\":\"WebPage\",\"@id\":\"https:\\\/\\\/zastalowcy.pl\\\/?p=480#webpage\",\"url\":\"https:\\\/\\\/zastalowcy.pl\\\/?p=480\",\"name\":\"Zastal rusza do Gliwic! Czas na drugie starcie w Orlen Basket Lidze -\",\"description\":\"Po emocjonuj\\u0105cej inauguracji sezonu w hali CRS, koszykarze Zastalu Zielona G\\u00f3ra ju\\u017c w poniedzia\\u0142ek, 13 pa\\u017adziernika o godzinie 18:00 zmierz\\u0105 si\\u0119 na wyje\\u017adzie z Tauron GTK Gliwice. Zielonog\\u00f3rzanie chc\\u0105 jak najszybciej wr\\u00f3ci\\u0107 na zwyci\\u0119sk\\u0105 \\u015bcie\\u017ck\\u0119 po pechowej pora\\u017cce z G\\u00f3rnikiem Wa\\u0142brzych 79:86 po dogrywce, a starcie w Gliwicach to doskona\\u0142a okazja, by udowodni\\u0107 swoj\\u0105 warto\\u015b\\u0107.\",\"inLanguage\":\"pl-PL\",\"isPartOf\":{\"@id\":\"https:\\\/\\\/zastalowcy.pl\\\/#website\"},\"breadcrumb\":{\"@id\":\"https:\\\/\\\/zastalowcy.pl\\\/?p=480#breadcrumblist\"},\"author\":{\"@id\":\"https:\\\/\\\/zastalowcy.pl\\\/?author=3#author\"},\"creator\":{\"@id\":\"https:\\\/\\\/zastalowcy.pl\\\/?author=3#author\"},\"image\":{\"@type\":\"ImageObject\",\"url\":\"https:\\\/\\\/zastalowcy.pl\\\/wp-content\\\/uploads\\\/2025\\\/10\\\/profilowe-25-1.png\",\"@id\":\"https:\\\/\\\/zastalowcy.pl\\\/?p=480\\\/#mainImage\",\"width\":2048,\"height\":2048},\"primaryImageOfPage\":{\"@id\":\"https:\\\/\\\/zastalowcy.pl\\\/?p=480#mainImage\"},\"datePublished\":\"2025-10-12T16:31:14+02:00\",\"dateModified\":\"2025-10-12T16:31:14+02:00\"},{\"@type\":\"WebSite\",\"@id\":\"https:\\\/\\\/zastalowcy.pl\\\/#website\",\"url\":\"https:\\\/\\\/zastalowcy.pl\\\/\",\"description\":\"O Zastalu od kibic\\u00f3w \\u2013 dla kibic\\u00f3w\",\"inLanguage\":\"pl-PL\",\"publisher\":{\"@id\":\"https:\\\/\\\/zastalowcy.pl\\\/#organization\"}}]}\n\t\t<\/script>\n\t\t<!-- All in One SEO -->\n\n","aioseo_head_json":{"title":"Zastal rusza do Gliwic! Czas na drugie starcie w Orlen Basket Lidze -","description":"Po emocjonuj\u0105cej inauguracji sezonu w hali CRS, koszykarze Zastalu Zielona G\u00f3ra ju\u017c w poniedzia\u0142ek, 13 pa\u017adziernika o godzinie 18:00 zmierz\u0105 si\u0119 na wyje\u017adzie z Tauron GTK Gliwice. Zielonog\u00f3rzanie chc\u0105 jak najszybciej wr\u00f3ci\u0107 na zwyci\u0119sk\u0105 \u015bcie\u017ck\u0119 po pechowej pora\u017cce z G\u00f3rnikiem Wa\u0142brzych 79:86 po dogrywce, a starcie w Gliwicach to doskona\u0142a okazja, by udowodni\u0107 swoj\u0105 warto\u015b\u0107.","canonical_url":"https:\/\/zastalowcy.pl\/?p=480","robots":"max-image-preview:large","keywords":"","webmasterTools":{"miscellaneous":""},"schema":{"@context":"https:\/\/schema.org","@graph":[{"@type":"BlogPosting","@id":"https:\/\/zastalowcy.pl\/?p=480#blogposting","name":"Zastal rusza do Gliwic! Czas na drugie starcie w Orlen Basket Lidze -","headline":"Zastal rusza do Gliwic! Czas na drugie starcie w Orlen Basket Lidze","author":{"@id":"https:\/\/zastalowcy.pl\/?author=3#author"},"publisher":{"@id":"https:\/\/zastalowcy.pl\/#organization"},"image":{"@type":"ImageObject","url":"https:\/\/zastalowcy.pl\/wp-content\/uploads\/2025\/10\/profilowe-25-1.png","width":2048,"height":2048},"datePublished":"2025-10-12T16:31:14+02:00","dateModified":"2025-10-12T16:31:14+02:00","inLanguage":"pl-PL","mainEntityOfPage":{"@id":"https:\/\/zastalowcy.pl\/?p=480#webpage"},"isPartOf":{"@id":"https:\/\/zastalowcy.pl\/?p=480#webpage"},"articleSection":"Aktualno\u015bci, Sezon 2025\/2026, Zapowiedzi przedmeczowe, basketzg, dru\u017cyna, gtk gliwice, koszyk\u00f3wka, obl, Orlen Basket Liga, orlen zastal zielona g\u00f3ra, plk, tauron gtk gliwice, zastal, zastal zielona g\u00f3ra, zastalowcy, zastalowcy.pl, zielona g\u00f3ra, zielonagora, zielonog\u00f3rska koszyk\u00f3wka"},{"@type":"BreadcrumbList","@id":"https:\/\/zastalowcy.pl\/?p=480#breadcrumblist","itemListElement":[{"@type":"ListItem","@id":"https:\/\/zastalowcy.pl#listItem","position":1,"name":"Home","item":"https:\/\/zastalowcy.pl","nextItem":{"@type":"ListItem","@id":"https:\/\/zastalowcy.pl\/?cat=6#listItem","name":"Zapowiedzi przedmeczowe"}},{"@type":"ListItem","@id":"https:\/\/zastalowcy.pl\/?cat=6#listItem","position":2,"name":"Zapowiedzi przedmeczowe","item":"https:\/\/zastalowcy.pl\/?cat=6","nextItem":{"@type":"ListItem","@id":"https:\/\/zastalowcy.pl\/?p=480#listItem","name":"Zastal rusza do Gliwic! Czas na drugie starcie w Orlen Basket Lidze"},"previousItem":{"@type":"ListItem","@id":"https:\/\/zastalowcy.pl#listItem","name":"Home"}},{"@type":"ListItem","@id":"https:\/\/zastalowcy.pl\/?p=480#listItem","position":3,"name":"Zastal rusza do Gliwic! Czas na drugie starcie w Orlen Basket Lidze","previousItem":{"@type":"ListItem","@id":"https:\/\/zastalowcy.pl\/?cat=6#listItem","name":"Zapowiedzi przedmeczowe"}}]},{"@type":"Organization","@id":"https:\/\/zastalowcy.pl\/#organization","description":"O Zastalu od kibic\u00f3w \u2013 dla kibic\u00f3w","url":"https:\/\/zastalowcy.pl\/","logo":{"@type":"ImageObject","url":"https:\/\/zastalowcy.pl\/wp-content\/uploads\/2025\/09\/cropped-logo-strony-2.png","@id":"https:\/\/zastalowcy.pl\/?p=480\/#organizationLogo","width":1862,"height":384},"image":{"@id":"https:\/\/zastalowcy.pl\/?p=480\/#organizationLogo"}},{"@type":"Person","@id":"https:\/\/zastalowcy.pl\/?author=3#author","url":"https:\/\/zastalowcy.pl\/?author=3","name":"Joanna Nawlicka","image":{"@type":"ImageObject","@id":"https:\/\/zastalowcy.pl\/?p=480#authorImage","url":"https:\/\/secure.gravatar.com\/avatar\/66fc557d97536ff5096b6295970275631b7a4673997738477642001957f5274c?s=96&d=mm&r=g","width":96,"height":96,"caption":"Joanna Nawlicka"}},{"@type":"WebPage","@id":"https:\/\/zastalowcy.pl\/?p=480#webpage","url":"https:\/\/zastalowcy.pl\/?p=480","name":"Zastal rusza do Gliwic! Czas na drugie starcie w Orlen Basket Lidze -","description":"Po emocjonuj\u0105cej inauguracji sezonu w hali CRS, koszykarze Zastalu Zielona G\u00f3ra ju\u017c w poniedzia\u0142ek, 13 pa\u017adziernika o godzinie 18:00 zmierz\u0105 si\u0119 na wyje\u017adzie z Tauron GTK Gliwice. Zielonog\u00f3rzanie chc\u0105 jak najszybciej wr\u00f3ci\u0107 na zwyci\u0119sk\u0105 \u015bcie\u017ck\u0119 po pechowej pora\u017cce z G\u00f3rnikiem Wa\u0142brzych 79:86 po dogrywce, a starcie w Gliwicach to doskona\u0142a okazja, by udowodni\u0107 swoj\u0105 warto\u015b\u0107.","inLanguage":"pl-PL","isPartOf":{"@id":"https:\/\/zastalowcy.pl\/#website"},"breadcrumb":{"@id":"https:\/\/zastalowcy.pl\/?p=480#breadcrumblist"},"author":{"@id":"https:\/\/zastalowcy.pl\/?author=3#author"},"creator":{"@id":"https:\/\/zastalowcy.pl\/?author=3#author"},"image":{"@type":"ImageObject","url":"https:\/\/zastalowcy.pl\/wp-content\/uploads\/2025\/10\/profilowe-25-1.png","@id":"https:\/\/zastalowcy.pl\/?p=480\/#mainImage","width":2048,"height":2048},"primaryImageOfPage":{"@id":"https:\/\/zastalowcy.pl\/?p=480#mainImage"},"datePublished":"2025-10-12T16:31:14+02:00","dateModified":"2025-10-12T16:31:14+02:00"},{"@type":"WebSite","@id":"https:\/\/zastalowcy.pl\/#website","url":"https:\/\/zastalowcy.pl\/","description":"O Zastalu od kibic\u00f3w \u2013 dla kibic\u00f3w","inLanguage":"pl-PL","publisher":{"@id":"https:\/\/zastalowcy.pl\/#organization"}}]},"og:locale":"pl_PL","og:site_name":"- O Zastalu od kibic\u00f3w \u2013 dla kibic\u00f3w","og:type":"article","og:title":"Zastal rusza do Gliwic! Czas na drugie starcie w Orlen Basket Lidze -","og:description":"Po emocjonuj\u0105cej inauguracji sezonu w hali CRS, koszykarze Zastalu Zielona G\u00f3ra ju\u017c w poniedzia\u0142ek, 13 pa\u017adziernika o godzinie 18:00 zmierz\u0105 si\u0119 na wyje\u017adzie z Tauron GTK Gliwice. Zielonog\u00f3rzanie chc\u0105 jak najszybciej wr\u00f3ci\u0107 na zwyci\u0119sk\u0105 \u015bcie\u017ck\u0119 po pechowej pora\u017cce z G\u00f3rnikiem Wa\u0142brzych 79:86 po dogrywce, a starcie w Gliwicach to doskona\u0142a okazja, by udowodni\u0107 swoj\u0105 warto\u015b\u0107.","og:url":"https:\/\/zastalowcy.pl\/?p=480","og:image":"https:\/\/zastalowcy.pl\/wp-content\/uploads\/2025\/09\/cropped-logo-strony-2.png","og:image:secure_url":"https:\/\/zastalowcy.pl\/wp-content\/uploads\/2025\/09\/cropped-logo-strony-2.png","og:image:width":1862,"og:image:height":384,"article:published_time":"2025-10-12T14:31:14+00:00","article:modified_time":"2025-10-12T14:31:14+00:00","twitter:card":"summary_large_image","twitter:title":"Zastal rusza do Gliwic! Czas na drugie starcie w Orlen Basket Lidze -","twitter:description":"Po emocjonuj\u0105cej inauguracji sezonu w hali CRS, koszykarze Zastalu Zielona G\u00f3ra ju\u017c w poniedzia\u0142ek, 13 pa\u017adziernika o godzinie 18:00 zmierz\u0105 si\u0119 na wyje\u017adzie z Tauron GTK Gliwice. Zielonog\u00f3rzanie chc\u0105 jak najszybciej wr\u00f3ci\u0107 na zwyci\u0119sk\u0105 \u015bcie\u017ck\u0119 po pechowej pora\u017cce z G\u00f3rnikiem Wa\u0142brzych 79:86 po dogrywce, a starcie w Gliwicach to doskona\u0142a okazja, by udowodni\u0107 swoj\u0105 warto\u015b\u0107.","twitter:image":"https:\/\/zastalowcy.pl\/wp-content\/uploads\/2025\/09\/cropped-logo-strony-2.png"},"aioseo_meta_data":{"post_id":"480","title":null,"description":null,"keywords":null,"keyphrases":null,"primary_term":null,"canonical_url":null,"og_title":null,"og_description":null,"og_object_type":"default","og_image_type":"default","og_image_custom_url":null,"og_image_custom_fields":null,"og_image_url":null,"og_image_width":null,"og_image_height":null,"og_video":null,"og_custom_url":null,"og_article_section":null,"og_article_tags":null,"twitter_use_og":false,"twitter_card":"default","twitter_image_type":"default","twitter_image_custom_url":null,"twitter_image_custom_fields":null,"twitter_image_url":null,"twitter_title":null,"twitter_description":null,"schema_type":"default","schema_type_options":null,"schema":{"blockGraphs":[],"customGraphs":[],"default":{"data":{"Article":[],"Course":[],"Dataset":[],"FAQPage":[],"Movie":[],"Person":[],"Product":[],"ProductReview":[],"Car":[],"Recipe":[],"Service":[],"SoftwareApplication":[],"WebPage":[]},"graphName":"","isEnabled":true},"graphs":[]},"pillar_content":false,"robots_default":true,"robots_noindex":false,"robots_noarchive":false,"robots_nosnippet":false,"robots_nofollow":false,"robots_noimageindex":false,"robots_noodp":false,"robots_notranslate":false,"robots_max_snippet":null,"robots_max_videopreview":null,"robots_max_imagepreview":"large","priority":null,"frequency":null,"local_seo":null,"limit_modified_date":false,"ai":null,"breadcrumb_settings":null,"seo_analyzer_scan_date":null,"created":"2026-07-15 16:37:53","updated":"2026-07-15 16:37:53","focus_keyword":null,"additional_keywords":null,"truseo_locale":null},"aioseo_breadcrumb":"<div class=\"aioseo-breadcrumbs\"><span class=\"aioseo-breadcrumb\">\n\t\t\t<a href=\"https:\/\/zastalowcy.pl\" title=\"Home\">Home<\/a>\n\t\t<\/span><span class=\"aioseo-breadcrumb-separator\">&raquo;<\/span><span class=\"aioseo-breadcrumb\">\n\t\t\t<a href=\"https:\/\/zastalowcy.pl\/?cat=6\" title=\"Zapowiedzi przedmeczowe\">Zapowiedzi przedmeczowe<\/a>\n\t\t<\/span><span class=\"aioseo-breadcrumb-separator\">&raquo;<\/span><span class=\"aioseo-breadcrumb\">\n\t\t\tZastal rusza do Gliwic! Czas na drugie starcie w Orlen Basket Lidze\n\t\t<\/span><\/div>","aioseo_breadcrumb_json":[{"label":"Home","link":"https:\/\/zastalowcy.pl"},{"label":"Zapowiedzi przedmeczowe","link":"https:\/\/zastalowcy.pl\/?cat=6"},{"label":"Zastal rusza do Gliwic! Czas na drugie starcie w Orlen Basket Lidze","link":"https:\/\/zastalowcy.pl\/?p=480"}],"_links":{"self":[{"href":"https:\/\/zastalowcy.pl\/index.php?rest_route=\/wp\/v2\/posts\/480","targetHints":{"allow":["GET"]}}],"collection":[{"href":"https:\/\/zastalowcy.pl\/index.php?rest_route=\/wp\/v2\/posts"}],"about":[{"href":"https:\/\/zastalowcy.pl\/index.php?rest_route=\/wp\/v2\/types\/post"}],"author":[{"embeddable":true,"href":"https:\/\/zastalowcy.pl\/index.php?rest_route=\/wp\/v2\/users\/3"}],"replies":[{"embeddable":true,"href":"https:\/\/zastalowcy.pl\/index.php?rest_route=%2Fwp%2Fv2%2Fcomments&post=480"}],"version-history":[{"count":1,"href":"https:\/\/zastalowcy.pl\/index.php?rest_route=\/wp\/v2\/posts\/480\/revisions"}],"predecessor-version":[{"id":482,"href":"https:\/\/zastalowcy.pl\/index.php?rest_route=\/wp\/v2\/posts\/480\/revisions\/482"}],"wp:featuredmedia":[{"embeddable":true,"href":"https:\/\/zastalowcy.pl\/index.php?rest_route=\/wp\/v2\/media\/481"}],"wp:attachment":[{"href":"https:\/\/zastalowcy.pl\/index.php?rest_route=%2Fwp%2Fv2%2Fmedia&parent=480"}],"wp:term":[{"taxonomy":"category","embeddable":true,"href":"https:\/\/zastalowcy.pl\/index.php?rest_route=%2Fwp%2Fv2%2Fcategories&post=480"},{"taxonomy":"post_tag","embeddable":true,"href":"https:\/\/zastalowcy.pl\/index.php?rest_route=%2Fwp%2Fv2%2Ftags&post=480"}],"curies":[{"name":"wp","href":"https:\/\/api.w.org\/{rel}","templated":true}]}}