{"id":527,"date":"2025-10-24T11:06:55","date_gmt":"2025-10-24T09:06:55","guid":{"rendered":"https:\/\/zastalowcy.pl\/?p=527"},"modified":"2025-10-26T15:16:01","modified_gmt":"2025-10-26T14:16:01","slug":"zielonogorscy-kibice-ruszaja-do-szczecina-klub-kibica-zastal-organizuje-wyjazd-na-mecz-z-kingiem","status":"publish","type":"post","link":"https:\/\/zastalowcy.pl\/?p=527","title":{"rendered":"Zielonog\u00f3rscy kibice ruszaj\u0105 do Szczecina! Klub Kibica Zastal organizuje wyjazd na mecz z Kingiem"},"content":{"rendered":"\n<p class=\"wp-block-paragraph\">Klub Kibica Zastal zn\u00f3w ruszy w tras\u0119! Ju\u017c w <strong>sobot\u0119, 1 listopada o godzinie 17:30<\/strong> koszykarze <strong>Zastalu Zielona G\u00f3ra<\/strong> zmierz\u0105 si\u0119 na wyje\u017adzie z <strong>Kingiem Szczecin<\/strong>, a razem z nimi w drog\u0119 wyrusz\u0105 najwierniejsi fani. Klub Kibica Zastal organizuje wyjazd, by wesprze\u0107 dru\u017cyn\u0119 i ponie\u015b\u0107 j\u0105 do zwyci\u0119stwa w gor\u0105cej atmosferze szczeci\u0144skiej hali.<\/p>\n\n\n\n<p class=\"wp-block-paragraph\">Wyjazd z Zielonej G\u00f3ry zaplanowano na <strong>godzin\u0119 14:00<\/strong>, a dla kibic\u00f3w przygotowano dwie opcje uczestnictwa:<\/p>\n\n\n\n<ul class=\"wp-block-list\">\n<li><strong>dojazd + bilet wst\u0119pu<\/strong> \u2013 60 z\u0142 (dla cz\u0142onk\u00f3w Klubu Kibica: 50 z\u0142),<\/li>\n\n\n\n<li><strong>bilet wst\u0119pu \u2013 dojazd w\u0142asny<\/strong> \u2013 25 z\u0142 (dla cz\u0142onk\u00f3w Klubu Kibica: 20 z\u0142).<\/li>\n<\/ul>\n\n\n\n<p class=\"wp-block-paragraph\">Zapisy prowadzi <strong>Przemys\u0142aw Tkacz<\/strong> \u2013 ch\u0119tni mog\u0105 zg\u0142asza\u0107 si\u0119 poprzez Messenger lub telefonicznie pod numerem <strong>512 692 498<\/strong>. P\u0142atno\u015bci mo\u017cna dokona\u0107 przelewem (nr konta: 24 1020 5402 0000 0002 0537 7793) lub <strong>BLIK-iem<\/strong> pod ten sam numer telefonu.<\/p>\n\n\n\n<p class=\"wp-block-paragraph\">Organizatorzy szczeg\u00f3lnie zach\u0119caj\u0105 osoby, kt\u00f3re jeszcze nigdy nie uczestniczy\u0142y w wyje\u017adzie kibicowskim. \u2013 Termin jest idealny, odleg\u0142o\u015b\u0107 niewielka, a atmosfera gwarantowana! Z kibicami z Klubu King Szczecin \u0142\u0105czy nas prawdziwa przyja\u017a\u0144 \u2013 to \u015bwietna okazja, by prze\u017cy\u0107 co\u015b wyj\u0105tkowego \u2013 zach\u0119caj\u0105 cz\u0142onkowie Klubu Kibica Zastal.<\/p>\n\n\n\n<p class=\"wp-block-paragraph\">Wyjazd wspiera finansowo <strong>radny Miasta Zielona G\u00f3ra Tomasz Sroczy\u0144ski<\/strong>, kt\u00f3ry, jak podkre\u015blaj\u0105 kibice, od lat anga\u017cuje si\u0119 w rozw\u00f3j lokalnego sportu.<\/p>\n\n\n\n<p class=\"wp-block-paragraph\"><strong>Do zobaczenia w Szczecinie!<\/strong><\/p>\n\n\n\n<p class=\"wp-block-paragraph\">\ud83c\udfc0 Zastalowcy.pl \u2013 o Zastalu od kibic\u00f3w \u2013 dla kibic\u00f3w<\/p>\n","protected":false},"excerpt":{"rendered":"<p>Klub Kibica Zastal zn\u00f3w ruszy w tras\u0119! Ju\u017c w sobot\u0119, 1 listopada o godzinie 17:30 koszykarze Zastalu Zielona<\/p>\n","protected":false},"author":3,"featured_media":528,"comment_status":"open","ping_status":"open","sticky":false,"template":"","format":"standard","meta":{"om_disable_all_campaigns":false,"footnotes":""},"categories":[18,9],"tags":[],"class_list":["post-527","post","type-post","status-publish","format-standard","has-post-thumbnail","hentry","category-aktualnosci","category-sezon-2025-2026"],"aioseo_notices":[],"aioseo_head":"\n\t\t<!-- All in One SEO 5.0.0.1 - aioseo.com -->\n\t<meta name=\"description\" content=\"Klub Kibica Zastal zn\u00f3w ruszy w tras\u0119! Ju\u017c w sobot\u0119, 1 listopada o godzinie 17:30 koszykarze Zastalu Zielona G\u00f3ra zmierz\u0105 si\u0119 na wyje\u017adzie z Kingiem Szczecin, a razem z nimi w drog\u0119 wyrusz\u0105 najwierniejsi fani. Klub Kibica Zastal organizuje wyjazd, by wesprze\u0107 dru\u017cyn\u0119 i ponie\u015b\u0107 j\u0105 do zwyci\u0119stwa w gor\u0105cej atmosferze szczeci\u0144skiej hali. Wyjazd z\" \/>\n\t<meta name=\"robots\" content=\"max-image-preview:large\" \/>\n\t<meta name=\"author\" content=\"Joanna Nawlicka\"\/>\n\t<link rel=\"canonical\" href=\"https:\/\/zastalowcy.pl\/?p=527\" \/>\n\t<meta name=\"generator\" content=\"All in One SEO (AIOSEO) 5.0.0.1\" \/>\n\t\t<meta property=\"og:locale\" content=\"pl_PL\" \/>\n\t\t<meta property=\"og:site_name\" content=\"- O Zastalu od kibic\u00f3w \u2013 dla kibic\u00f3w\" \/>\n\t\t<meta property=\"og:type\" content=\"article\" \/>\n\t\t<meta property=\"og:title\" content=\"Zielonog\u00f3rscy kibice ruszaj\u0105 do Szczecina! Klub Kibica Zastal organizuje wyjazd na mecz z Kingiem -\" \/>\n\t\t<meta property=\"og:description\" content=\"Klub Kibica Zastal zn\u00f3w ruszy w tras\u0119! Ju\u017c w sobot\u0119, 1 listopada o godzinie 17:30 koszykarze Zastalu Zielona G\u00f3ra zmierz\u0105 si\u0119 na wyje\u017adzie z Kingiem Szczecin, a razem z nimi w drog\u0119 wyrusz\u0105 najwierniejsi fani. Klub Kibica Zastal organizuje wyjazd, by wesprze\u0107 dru\u017cyn\u0119 i ponie\u015b\u0107 j\u0105 do zwyci\u0119stwa w gor\u0105cej atmosferze szczeci\u0144skiej hali. Wyjazd z\" \/>\n\t\t<meta property=\"og:url\" content=\"https:\/\/zastalowcy.pl\/?p=527\" \/>\n\t\t<meta property=\"og:image\" content=\"https:\/\/zastalowcy.pl\/wp-content\/uploads\/2025\/09\/cropped-logo-strony-2.png\" \/>\n\t\t<meta property=\"og:image:secure_url\" content=\"https:\/\/zastalowcy.pl\/wp-content\/uploads\/2025\/09\/cropped-logo-strony-2.png\" \/>\n\t\t<meta property=\"og:image:width\" content=\"1862\" \/>\n\t\t<meta property=\"og:image:height\" content=\"384\" \/>\n\t\t<meta property=\"article:published_time\" content=\"2025-10-24T09:06:55+00:00\" \/>\n\t\t<meta property=\"article:modified_time\" content=\"2025-10-26T14:16:01+00:00\" \/>\n\t\t<meta name=\"twitter:card\" content=\"summary_large_image\" \/>\n\t\t<meta name=\"twitter:title\" content=\"Zielonog\u00f3rscy kibice ruszaj\u0105 do Szczecina! Klub Kibica Zastal organizuje wyjazd na mecz z Kingiem -\" \/>\n\t\t<meta name=\"twitter:description\" content=\"Klub Kibica Zastal zn\u00f3w ruszy w tras\u0119! Ju\u017c w sobot\u0119, 1 listopada o godzinie 17:30 koszykarze Zastalu Zielona G\u00f3ra zmierz\u0105 si\u0119 na wyje\u017adzie z Kingiem Szczecin, a razem z nimi w drog\u0119 wyrusz\u0105 najwierniejsi fani. Klub Kibica Zastal organizuje wyjazd, by wesprze\u0107 dru\u017cyn\u0119 i ponie\u015b\u0107 j\u0105 do zwyci\u0119stwa w gor\u0105cej atmosferze szczeci\u0144skiej hali. Wyjazd z\" \/>\n\t\t<meta name=\"twitter:image\" content=\"https:\/\/zastalowcy.pl\/wp-content\/uploads\/2025\/09\/cropped-logo-strony-2.png\" \/>\n\t\t<script type=\"application\/ld+json\" class=\"aioseo-schema\">\n\t\t\t{\"@context\":\"https:\\\/\\\/schema.org\",\"@graph\":[{\"@type\":\"BlogPosting\",\"@id\":\"https:\\\/\\\/zastalowcy.pl\\\/?p=527#blogposting\",\"name\":\"Zielonog\\u00f3rscy kibice ruszaj\\u0105 do Szczecina! Klub Kibica Zastal organizuje wyjazd na mecz z Kingiem -\",\"headline\":\"Zielonog\\u00f3rscy kibice ruszaj\\u0105 do Szczecina! Klub Kibica Zastal organizuje wyjazd na mecz z Kingiem\",\"author\":{\"@id\":\"https:\\\/\\\/zastalowcy.pl\\\/?author=3#author\"},\"publisher\":{\"@id\":\"https:\\\/\\\/zastalowcy.pl\\\/#organization\"},\"image\":{\"@type\":\"ImageObject\",\"url\":\"https:\\\/\\\/zastalowcy.pl\\\/wp-content\\\/uploads\\\/2025\\\/10\\\/grafika-na-strone-5.png\",\"width\":1080,\"height\":1080},\"datePublished\":\"2025-10-24T11:06:55+02:00\",\"dateModified\":\"2025-10-26T15:16:01+01:00\",\"inLanguage\":\"pl-PL\",\"mainEntityOfPage\":{\"@id\":\"https:\\\/\\\/zastalowcy.pl\\\/?p=527#webpage\"},\"isPartOf\":{\"@id\":\"https:\\\/\\\/zastalowcy.pl\\\/?p=527#webpage\"},\"articleSection\":\"Aktualno\\u015bci, Sezon 2025\\\/2026\"},{\"@type\":\"BreadcrumbList\",\"@id\":\"https:\\\/\\\/zastalowcy.pl\\\/?p=527#breadcrumblist\",\"itemListElement\":[{\"@type\":\"ListItem\",\"@id\":\"https:\\\/\\\/zastalowcy.pl#listItem\",\"position\":1,\"name\":\"Home\",\"item\":\"https:\\\/\\\/zastalowcy.pl\",\"nextItem\":{\"@type\":\"ListItem\",\"@id\":\"https:\\\/\\\/zastalowcy.pl\\\/?cat=9#listItem\",\"name\":\"Sezon 2025\\\/2026\"}},{\"@type\":\"ListItem\",\"@id\":\"https:\\\/\\\/zastalowcy.pl\\\/?cat=9#listItem\",\"position\":2,\"name\":\"Sezon 2025\\\/2026\",\"item\":\"https:\\\/\\\/zastalowcy.pl\\\/?cat=9\",\"nextItem\":{\"@type\":\"ListItem\",\"@id\":\"https:\\\/\\\/zastalowcy.pl\\\/?p=527#listItem\",\"name\":\"Zielonog\\u00f3rscy kibice ruszaj\\u0105 do Szczecina! Klub Kibica Zastal organizuje wyjazd na mecz z Kingiem\"},\"previousItem\":{\"@type\":\"ListItem\",\"@id\":\"https:\\\/\\\/zastalowcy.pl#listItem\",\"name\":\"Home\"}},{\"@type\":\"ListItem\",\"@id\":\"https:\\\/\\\/zastalowcy.pl\\\/?p=527#listItem\",\"position\":3,\"name\":\"Zielonog\\u00f3rscy kibice ruszaj\\u0105 do Szczecina! Klub Kibica Zastal organizuje wyjazd na mecz z Kingiem\",\"previousItem\":{\"@type\":\"ListItem\",\"@id\":\"https:\\\/\\\/zastalowcy.pl\\\/?cat=9#listItem\",\"name\":\"Sezon 2025\\\/2026\"}}]},{\"@type\":\"Organization\",\"@id\":\"https:\\\/\\\/zastalowcy.pl\\\/#organization\",\"description\":\"O Zastalu od kibic\\u00f3w \\u2013 dla kibic\\u00f3w\",\"url\":\"https:\\\/\\\/zastalowcy.pl\\\/\",\"logo\":{\"@type\":\"ImageObject\",\"url\":\"https:\\\/\\\/zastalowcy.pl\\\/wp-content\\\/uploads\\\/2025\\\/09\\\/cropped-logo-strony-2.png\",\"@id\":\"https:\\\/\\\/zastalowcy.pl\\\/?p=527\\\/#organizationLogo\",\"width\":1862,\"height\":384},\"image\":{\"@id\":\"https:\\\/\\\/zastalowcy.pl\\\/?p=527\\\/#organizationLogo\"}},{\"@type\":\"Person\",\"@id\":\"https:\\\/\\\/zastalowcy.pl\\\/?author=3#author\",\"url\":\"https:\\\/\\\/zastalowcy.pl\\\/?author=3\",\"name\":\"Joanna Nawlicka\",\"image\":{\"@type\":\"ImageObject\",\"@id\":\"https:\\\/\\\/zastalowcy.pl\\\/?p=527#authorImage\",\"url\":\"https:\\\/\\\/secure.gravatar.com\\\/avatar\\\/66fc557d97536ff5096b6295970275631b7a4673997738477642001957f5274c?s=96&d=mm&r=g\",\"width\":96,\"height\":96,\"caption\":\"Joanna Nawlicka\"}},{\"@type\":\"WebPage\",\"@id\":\"https:\\\/\\\/zastalowcy.pl\\\/?p=527#webpage\",\"url\":\"https:\\\/\\\/zastalowcy.pl\\\/?p=527\",\"name\":\"Zielonog\\u00f3rscy kibice ruszaj\\u0105 do Szczecina! Klub Kibica Zastal organizuje wyjazd na mecz z Kingiem -\",\"description\":\"Klub Kibica Zastal zn\\u00f3w ruszy w tras\\u0119! Ju\\u017c w sobot\\u0119, 1 listopada o godzinie 17:30 koszykarze Zastalu Zielona G\\u00f3ra zmierz\\u0105 si\\u0119 na wyje\\u017adzie z Kingiem Szczecin, a razem z nimi w drog\\u0119 wyrusz\\u0105 najwierniejsi fani. Klub Kibica Zastal organizuje wyjazd, by wesprze\\u0107 dru\\u017cyn\\u0119 i ponie\\u015b\\u0107 j\\u0105 do zwyci\\u0119stwa w gor\\u0105cej atmosferze szczeci\\u0144skiej hali. Wyjazd z\",\"inLanguage\":\"pl-PL\",\"isPartOf\":{\"@id\":\"https:\\\/\\\/zastalowcy.pl\\\/#website\"},\"breadcrumb\":{\"@id\":\"https:\\\/\\\/zastalowcy.pl\\\/?p=527#breadcrumblist\"},\"author\":{\"@id\":\"https:\\\/\\\/zastalowcy.pl\\\/?author=3#author\"},\"creator\":{\"@id\":\"https:\\\/\\\/zastalowcy.pl\\\/?author=3#author\"},\"image\":{\"@type\":\"ImageObject\",\"url\":\"https:\\\/\\\/zastalowcy.pl\\\/wp-content\\\/uploads\\\/2025\\\/10\\\/grafika-na-strone-5.png\",\"@id\":\"https:\\\/\\\/zastalowcy.pl\\\/?p=527\\\/#mainImage\",\"width\":1080,\"height\":1080},\"primaryImageOfPage\":{\"@id\":\"https:\\\/\\\/zastalowcy.pl\\\/?p=527#mainImage\"},\"datePublished\":\"2025-10-24T11:06:55+02:00\",\"dateModified\":\"2025-10-26T15:16:01+01:00\"},{\"@type\":\"WebSite\",\"@id\":\"https:\\\/\\\/zastalowcy.pl\\\/#website\",\"url\":\"https:\\\/\\\/zastalowcy.pl\\\/\",\"description\":\"O Zastalu od kibic\\u00f3w \\u2013 dla kibic\\u00f3w\",\"inLanguage\":\"pl-PL\",\"publisher\":{\"@id\":\"https:\\\/\\\/zastalowcy.pl\\\/#organization\"}}]}\n\t\t<\/script>\n\t\t<!-- All in One SEO -->\n\n","aioseo_head_json":{"title":"Zielonog\u00f3rscy kibice ruszaj\u0105 do Szczecina! Klub Kibica Zastal organizuje wyjazd na mecz z Kingiem -","description":"Klub Kibica Zastal zn\u00f3w ruszy w tras\u0119! Ju\u017c w sobot\u0119, 1 listopada o godzinie 17:30 koszykarze Zastalu Zielona G\u00f3ra zmierz\u0105 si\u0119 na wyje\u017adzie z Kingiem Szczecin, a razem z nimi w drog\u0119 wyrusz\u0105 najwierniejsi fani. Klub Kibica Zastal organizuje wyjazd, by wesprze\u0107 dru\u017cyn\u0119 i ponie\u015b\u0107 j\u0105 do zwyci\u0119stwa w gor\u0105cej atmosferze szczeci\u0144skiej hali. Wyjazd z","canonical_url":"https:\/\/zastalowcy.pl\/?p=527","robots":"max-image-preview:large","keywords":"","webmasterTools":{"miscellaneous":""},"schema":{"@context":"https:\/\/schema.org","@graph":[{"@type":"BlogPosting","@id":"https:\/\/zastalowcy.pl\/?p=527#blogposting","name":"Zielonog\u00f3rscy kibice ruszaj\u0105 do Szczecina! Klub Kibica Zastal organizuje wyjazd na mecz z Kingiem -","headline":"Zielonog\u00f3rscy kibice ruszaj\u0105 do Szczecina! Klub Kibica Zastal organizuje wyjazd na mecz z Kingiem","author":{"@id":"https:\/\/zastalowcy.pl\/?author=3#author"},"publisher":{"@id":"https:\/\/zastalowcy.pl\/#organization"},"image":{"@type":"ImageObject","url":"https:\/\/zastalowcy.pl\/wp-content\/uploads\/2025\/10\/grafika-na-strone-5.png","width":1080,"height":1080},"datePublished":"2025-10-24T11:06:55+02:00","dateModified":"2025-10-26T15:16:01+01:00","inLanguage":"pl-PL","mainEntityOfPage":{"@id":"https:\/\/zastalowcy.pl\/?p=527#webpage"},"isPartOf":{"@id":"https:\/\/zastalowcy.pl\/?p=527#webpage"},"articleSection":"Aktualno\u015bci, Sezon 2025\/2026"},{"@type":"BreadcrumbList","@id":"https:\/\/zastalowcy.pl\/?p=527#breadcrumblist","itemListElement":[{"@type":"ListItem","@id":"https:\/\/zastalowcy.pl#listItem","position":1,"name":"Home","item":"https:\/\/zastalowcy.pl","nextItem":{"@type":"ListItem","@id":"https:\/\/zastalowcy.pl\/?cat=9#listItem","name":"Sezon 2025\/2026"}},{"@type":"ListItem","@id":"https:\/\/zastalowcy.pl\/?cat=9#listItem","position":2,"name":"Sezon 2025\/2026","item":"https:\/\/zastalowcy.pl\/?cat=9","nextItem":{"@type":"ListItem","@id":"https:\/\/zastalowcy.pl\/?p=527#listItem","name":"Zielonog\u00f3rscy kibice ruszaj\u0105 do Szczecina! Klub Kibica Zastal organizuje wyjazd na mecz z Kingiem"},"previousItem":{"@type":"ListItem","@id":"https:\/\/zastalowcy.pl#listItem","name":"Home"}},{"@type":"ListItem","@id":"https:\/\/zastalowcy.pl\/?p=527#listItem","position":3,"name":"Zielonog\u00f3rscy kibice ruszaj\u0105 do Szczecina! Klub Kibica Zastal organizuje wyjazd na mecz z Kingiem","previousItem":{"@type":"ListItem","@id":"https:\/\/zastalowcy.pl\/?cat=9#listItem","name":"Sezon 2025\/2026"}}]},{"@type":"Organization","@id":"https:\/\/zastalowcy.pl\/#organization","description":"O Zastalu od kibic\u00f3w \u2013 dla kibic\u00f3w","url":"https:\/\/zastalowcy.pl\/","logo":{"@type":"ImageObject","url":"https:\/\/zastalowcy.pl\/wp-content\/uploads\/2025\/09\/cropped-logo-strony-2.png","@id":"https:\/\/zastalowcy.pl\/?p=527\/#organizationLogo","width":1862,"height":384},"image":{"@id":"https:\/\/zastalowcy.pl\/?p=527\/#organizationLogo"}},{"@type":"Person","@id":"https:\/\/zastalowcy.pl\/?author=3#author","url":"https:\/\/zastalowcy.pl\/?author=3","name":"Joanna Nawlicka","image":{"@type":"ImageObject","@id":"https:\/\/zastalowcy.pl\/?p=527#authorImage","url":"https:\/\/secure.gravatar.com\/avatar\/66fc557d97536ff5096b6295970275631b7a4673997738477642001957f5274c?s=96&d=mm&r=g","width":96,"height":96,"caption":"Joanna Nawlicka"}},{"@type":"WebPage","@id":"https:\/\/zastalowcy.pl\/?p=527#webpage","url":"https:\/\/zastalowcy.pl\/?p=527","name":"Zielonog\u00f3rscy kibice ruszaj\u0105 do Szczecina! Klub Kibica Zastal organizuje wyjazd na mecz z Kingiem -","description":"Klub Kibica Zastal zn\u00f3w ruszy w tras\u0119! Ju\u017c w sobot\u0119, 1 listopada o godzinie 17:30 koszykarze Zastalu Zielona G\u00f3ra zmierz\u0105 si\u0119 na wyje\u017adzie z Kingiem Szczecin, a razem z nimi w drog\u0119 wyrusz\u0105 najwierniejsi fani. Klub Kibica Zastal organizuje wyjazd, by wesprze\u0107 dru\u017cyn\u0119 i ponie\u015b\u0107 j\u0105 do zwyci\u0119stwa w gor\u0105cej atmosferze szczeci\u0144skiej hali. Wyjazd z","inLanguage":"pl-PL","isPartOf":{"@id":"https:\/\/zastalowcy.pl\/#website"},"breadcrumb":{"@id":"https:\/\/zastalowcy.pl\/?p=527#breadcrumblist"},"author":{"@id":"https:\/\/zastalowcy.pl\/?author=3#author"},"creator":{"@id":"https:\/\/zastalowcy.pl\/?author=3#author"},"image":{"@type":"ImageObject","url":"https:\/\/zastalowcy.pl\/wp-content\/uploads\/2025\/10\/grafika-na-strone-5.png","@id":"https:\/\/zastalowcy.pl\/?p=527\/#mainImage","width":1080,"height":1080},"primaryImageOfPage":{"@id":"https:\/\/zastalowcy.pl\/?p=527#mainImage"},"datePublished":"2025-10-24T11:06:55+02:00","dateModified":"2025-10-26T15:16:01+01:00"},{"@type":"WebSite","@id":"https:\/\/zastalowcy.pl\/#website","url":"https:\/\/zastalowcy.pl\/","description":"O Zastalu od kibic\u00f3w \u2013 dla kibic\u00f3w","inLanguage":"pl-PL","publisher":{"@id":"https:\/\/zastalowcy.pl\/#organization"}}]},"og:locale":"pl_PL","og:site_name":"- O Zastalu od kibic\u00f3w \u2013 dla kibic\u00f3w","og:type":"article","og:title":"Zielonog\u00f3rscy kibice ruszaj\u0105 do Szczecina! Klub Kibica Zastal organizuje wyjazd na mecz z Kingiem -","og:description":"Klub Kibica Zastal zn\u00f3w ruszy w tras\u0119! Ju\u017c w sobot\u0119, 1 listopada o godzinie 17:30 koszykarze Zastalu Zielona G\u00f3ra zmierz\u0105 si\u0119 na wyje\u017adzie z Kingiem Szczecin, a razem z nimi w drog\u0119 wyrusz\u0105 najwierniejsi fani. Klub Kibica Zastal organizuje wyjazd, by wesprze\u0107 dru\u017cyn\u0119 i ponie\u015b\u0107 j\u0105 do zwyci\u0119stwa w gor\u0105cej atmosferze szczeci\u0144skiej hali. Wyjazd z","og:url":"https:\/\/zastalowcy.pl\/?p=527","og:image":"https:\/\/zastalowcy.pl\/wp-content\/uploads\/2025\/09\/cropped-logo-strony-2.png","og:image:secure_url":"https:\/\/zastalowcy.pl\/wp-content\/uploads\/2025\/09\/cropped-logo-strony-2.png","og:image:width":1862,"og:image:height":384,"article:published_time":"2025-10-24T09:06:55+00:00","article:modified_time":"2025-10-26T14:16:01+00:00","twitter:card":"summary_large_image","twitter:title":"Zielonog\u00f3rscy kibice ruszaj\u0105 do Szczecina! Klub Kibica Zastal organizuje wyjazd na mecz z Kingiem -","twitter:description":"Klub Kibica Zastal zn\u00f3w ruszy w tras\u0119! Ju\u017c w sobot\u0119, 1 listopada o godzinie 17:30 koszykarze Zastalu Zielona G\u00f3ra zmierz\u0105 si\u0119 na wyje\u017adzie z Kingiem Szczecin, a razem z nimi w drog\u0119 wyrusz\u0105 najwierniejsi fani. Klub Kibica Zastal organizuje wyjazd, by wesprze\u0107 dru\u017cyn\u0119 i ponie\u015b\u0107 j\u0105 do zwyci\u0119stwa w gor\u0105cej atmosferze szczeci\u0144skiej hali. Wyjazd z","twitter:image":"https:\/\/zastalowcy.pl\/wp-content\/uploads\/2025\/09\/cropped-logo-strony-2.png"},"aioseo_meta_data":{"post_id":"527","title":null,"description":null,"keywords":null,"keyphrases":null,"primary_term":null,"canonical_url":null,"og_title":null,"og_description":null,"og_object_type":"default","og_image_type":"default","og_image_custom_url":null,"og_image_custom_fields":null,"og_image_url":null,"og_image_width":null,"og_image_height":null,"og_video":null,"og_custom_url":null,"og_article_section":null,"og_article_tags":null,"twitter_use_og":false,"twitter_card":"default","twitter_image_type":"default","twitter_image_custom_url":null,"twitter_image_custom_fields":null,"twitter_image_url":null,"twitter_title":null,"twitter_description":null,"schema_type":"default","schema_type_options":null,"schema":{"blockGraphs":[],"customGraphs":[],"default":{"data":{"Article":[],"Course":[],"Dataset":[],"FAQPage":[],"Movie":[],"Person":[],"Product":[],"ProductReview":[],"Car":[],"Recipe":[],"Service":[],"SoftwareApplication":[],"WebPage":[]},"graphName":"","isEnabled":true},"graphs":[]},"pillar_content":false,"robots_default":true,"robots_noindex":false,"robots_noarchive":false,"robots_nosnippet":false,"robots_nofollow":false,"robots_noimageindex":false,"robots_noodp":false,"robots_notranslate":false,"robots_max_snippet":null,"robots_max_videopreview":null,"robots_max_imagepreview":"large","priority":null,"frequency":null,"local_seo":null,"limit_modified_date":false,"ai":null,"breadcrumb_settings":null,"seo_analyzer_scan_date":null,"created":"2026-07-15 16:39:54","updated":"2026-07-15 16:39:54","focus_keyword":null,"additional_keywords":null,"truseo_locale":null},"aioseo_breadcrumb":"<div class=\"aioseo-breadcrumbs\"><span class=\"aioseo-breadcrumb\">\n\t\t\t<a href=\"https:\/\/zastalowcy.pl\" title=\"Home\">Home<\/a>\n\t\t<\/span><span class=\"aioseo-breadcrumb-separator\">&raquo;<\/span><span class=\"aioseo-breadcrumb\">\n\t\t\t<a href=\"https:\/\/zastalowcy.pl\/?cat=9\" title=\"Sezon 2025\/2026\">Sezon 2025\/2026<\/a>\n\t\t<\/span><span class=\"aioseo-breadcrumb-separator\">&raquo;<\/span><span class=\"aioseo-breadcrumb\">\n\t\t\tZielonog\u00f3rscy kibice ruszaj\u0105 do Szczecina! Klub Kibica Zastal organizuje wyjazd na mecz z Kingiem\n\t\t<\/span><\/div>","aioseo_breadcrumb_json":[{"label":"Home","link":"https:\/\/zastalowcy.pl"},{"label":"Sezon 2025\/2026","link":"https:\/\/zastalowcy.pl\/?cat=9"},{"label":"Zielonog\u00f3rscy kibice ruszaj\u0105 do Szczecina! Klub Kibica Zastal organizuje wyjazd na mecz z Kingiem","link":"https:\/\/zastalowcy.pl\/?p=527"}],"_links":{"self":[{"href":"https:\/\/zastalowcy.pl\/index.php?rest_route=\/wp\/v2\/posts\/527","targetHints":{"allow":["GET"]}}],"collection":[{"href":"https:\/\/zastalowcy.pl\/index.php?rest_route=\/wp\/v2\/posts"}],"about":[{"href":"https:\/\/zastalowcy.pl\/index.php?rest_route=\/wp\/v2\/types\/post"}],"author":[{"embeddable":true,"href":"https:\/\/zastalowcy.pl\/index.php?rest_route=\/wp\/v2\/users\/3"}],"replies":[{"embeddable":true,"href":"https:\/\/zastalowcy.pl\/index.php?rest_route=%2Fwp%2Fv2%2Fcomments&post=527"}],"version-history":[{"count":1,"href":"https:\/\/zastalowcy.pl\/index.php?rest_route=\/wp\/v2\/posts\/527\/revisions"}],"predecessor-version":[{"id":529,"href":"https:\/\/zastalowcy.pl\/index.php?rest_route=\/wp\/v2\/posts\/527\/revisions\/529"}],"wp:featuredmedia":[{"embeddable":true,"href":"https:\/\/zastalowcy.pl\/index.php?rest_route=\/wp\/v2\/media\/528"}],"wp:attachment":[{"href":"https:\/\/zastalowcy.pl\/index.php?rest_route=%2Fwp%2Fv2%2Fmedia&parent=527"}],"wp:term":[{"taxonomy":"category","embeddable":true,"href":"https:\/\/zastalowcy.pl\/index.php?rest_route=%2Fwp%2Fv2%2Fcategories&post=527"},{"taxonomy":"post_tag","embeddable":true,"href":"https:\/\/zastalowcy.pl\/index.php?rest_route=%2Fwp%2Fv2%2Ftags&post=527"}],"curies":[{"name":"wp","href":"https:\/\/api.w.org\/{rel}","templated":true}]}}