{"id":541,"date":"2025-10-28T11:27:52","date_gmt":"2025-10-28T10:27:52","guid":{"rendered":"https:\/\/zastalowcy.pl\/?p=541"},"modified":"2025-11-01T11:35:10","modified_gmt":"2025-11-01T10:35:10","slug":"mazurczak-i-szumert-w-szerokim-skladzie-reprezentacji-polski","status":"publish","type":"post","link":"https:\/\/zastalowcy.pl\/?p=541","title":{"rendered":"Mazurczak i Szumert w szerokim sk\u0142adzie reprezentacji Polski!"},"content":{"rendered":"\n<p class=\"wp-block-paragraph\">Trener <strong>Igor Milici\u0107<\/strong> og\u0142osi\u0142 szeroki sk\u0142ad reprezentacji Polski koszykarzy na listopadowe zgrupowanie w Gdyni. To pocz\u0105tek kwalifikacji do <strong>Mistrzostw \u015awiata 2027<\/strong>, kt\u00f3re odb\u0119d\u0105 si\u0119 w Katarze. W\u015br\u00f3d powo\u0142anych zawodnik\u00f3w znalaz\u0142o si\u0119 dw\u00f3ch przedstawicieli <strong>Zastalu Zielona G\u00f3ra<\/strong> \u2013 <strong>Andrzej Mazurczak<\/strong> i <strong>Jakub Szumert<\/strong>.<\/p>\n\n\n\n<p class=\"wp-block-paragraph\">Dla kapitana Zastalu to kolejne wyr\u00f3\u017cnienie i potwierdzenie jego roli jako jednego z czo\u0142owych polskich rozgrywaj\u0105cych. Mazurczak w trwaj\u0105cym sezonie ORLEN Basket Ligi notuje \u015brednio <strong>16,7 punktu, 6,3 asysty i 4,7 zbi\u00f3rki na mecz<\/strong>, imponuj\u0105c pewno\u015bci\u0105 w prowadzeniu gry i skuteczno\u015bci\u0105 w decyduj\u0105cych momentach.<\/p>\n\n\n\n<p class=\"wp-block-paragraph\">Do reprezentacji zaproszenie otrzyma\u0142 r\u00f3wnie\u017c <strong>Jakub Szumert<\/strong>, kt\u00f3ry \u015bwietnie rozpocz\u0105\u0142 sezon w barwach zielonog\u00f3rskiego klubu. M\u0142ody skrzyd\u0142owy pokazuje, \u017ce potrafi \u0142\u0105czy\u0107 energi\u0119 pod koszem z coraz wi\u0119ksz\u0105 dojrza\u0142o\u015bci\u0105 boiskow\u0105 \u2014 jego \u015brednie <strong>12 punkt\u00f3w i 8 zbi\u00f3rek na mecz<\/strong> czyni\u0105 go jednym z najbardziej obiecuj\u0105cych graczy m\u0142odego pokolenia w Polsce.<\/p>\n\n\n\n<p class=\"wp-block-paragraph\">Zgrupowanie w Gdyni b\u0119dzie okazj\u0105 do przetestowania nowych rozwi\u0105za\u0144 taktycznych i przygotowania zespo\u0142u do pierwszych mecz\u00f3w kwalifikacyjnych. Selekcjoner Igor Milici\u0107 zapowiedzia\u0142, \u017ce chce da\u0107 szans\u0119 zawodnikom wyr\u00f3\u017cniaj\u0105cym si\u0119 w rozgrywkach ligowych \u2013 powo\u0142ania dla Mazurczaka i Szumerta s\u0105 wi\u0119c wyra\u017anym sygna\u0142em uznania dla formy ca\u0142ego zespo\u0142u Zastalu.<\/p>\n\n\n\n<p class=\"wp-block-paragraph\">Gratulujemy naszym zawodnikom! To kolejne potwierdzenie, \u017ce <strong>Zastal Zielona G\u00f3ra<\/strong> nie tylko rywalizuje na wysokim poziomie w ORLEN Basket Lidze, ale tak\u017ce konsekwentnie buduje zaplecze dla reprezentacji Polski.<\/p>\n\n\n\n<p class=\"wp-block-paragraph\">\ud83c\udfc0 Zastalowcy.pl \u2013 o Zastalu od kibic\u00f3w \u2013 dla kibic\u00f3w<\/p>\n\n\n\n<p class=\"wp-block-paragraph\"><\/p>\n","protected":false},"excerpt":{"rendered":"<p>Trener Igor Milici\u0107 og\u0142osi\u0142 szeroki sk\u0142ad reprezentacji Polski koszykarzy na listopadowe zgrupowanie w Gdyni. To pocz\u0105tek kwalifikacji do<\/p>\n","protected":false},"author":3,"featured_media":543,"comment_status":"open","ping_status":"open","sticky":false,"template":"","format":"standard","meta":{"om_disable_all_campaigns":false,"footnotes":""},"categories":[18,9],"tags":[125,17,26,165,75,168,167,15,22,166,99,164,156,12,14,42,11,10,16],"class_list":["post-541","post","type-post","status-publish","format-standard","has-post-thumbnail","hentry","category-aktualnosci","category-sezon-2025-2026","tag-andy-mazurczak","tag-basketzg","tag-druzyna","tag-igor-milicic","tag-jakub-szumert","tag-kadra-polski","tag-kosz-kadra","tag-koszykowka","tag-mazurczak","tag-polska","tag-reprezentacja-polski","tag-sklad-reprezentacji-polski","tag-szumert","tag-zastal","tag-zastal-zielona-gora","tag-zastalowcy","tag-zielona-gora","tag-zielonagora","tag-zielonogorska-koszykowka"],"aioseo_notices":[],"aioseo_head":"\n\t\t<!-- All in One SEO 5.0.0.1 - aioseo.com -->\n\t<meta name=\"description\" content=\"Trener Igor Milici\u0107 og\u0142osi\u0142 szeroki sk\u0142ad reprezentacji Polski koszykarzy na listopadowe zgrupowanie w Gdyni. To pocz\u0105tek kwalifikacji do Mistrzostw \u015awiata 2027, kt\u00f3re odb\u0119d\u0105 si\u0119 w Katarze. W\u015br\u00f3d powo\u0142anych zawodnik\u00f3w znalaz\u0142o si\u0119 dw\u00f3ch przedstawicieli Zastalu Zielona G\u00f3ra \u2013 Andrzej Mazurczak i Jakub Szumert. Dla kapitana Zastalu to kolejne wyr\u00f3\u017cnienie i potwierdzenie jego roli jako jednego z\" \/>\n\t<meta name=\"robots\" content=\"max-image-preview:large\" \/>\n\t<meta name=\"author\" content=\"Joanna Nawlicka\"\/>\n\t<link rel=\"canonical\" href=\"https:\/\/zastalowcy.pl\/?p=541\" \/>\n\t<meta name=\"generator\" content=\"All in One SEO (AIOSEO) 5.0.0.1\" \/>\n\t\t<meta property=\"og:locale\" content=\"pl_PL\" \/>\n\t\t<meta property=\"og:site_name\" content=\"- O Zastalu od kibic\u00f3w \u2013 dla kibic\u00f3w\" \/>\n\t\t<meta property=\"og:type\" content=\"article\" \/>\n\t\t<meta property=\"og:title\" content=\"Mazurczak i Szumert w szerokim sk\u0142adzie reprezentacji Polski! -\" \/>\n\t\t<meta property=\"og:description\" content=\"Trener Igor Milici\u0107 og\u0142osi\u0142 szeroki sk\u0142ad reprezentacji Polski koszykarzy na listopadowe zgrupowanie w Gdyni. To pocz\u0105tek kwalifikacji do Mistrzostw \u015awiata 2027, kt\u00f3re odb\u0119d\u0105 si\u0119 w Katarze. W\u015br\u00f3d powo\u0142anych zawodnik\u00f3w znalaz\u0142o si\u0119 dw\u00f3ch przedstawicieli Zastalu Zielona G\u00f3ra \u2013 Andrzej Mazurczak i Jakub Szumert. Dla kapitana Zastalu to kolejne wyr\u00f3\u017cnienie i potwierdzenie jego roli jako jednego z\" \/>\n\t\t<meta property=\"og:url\" content=\"https:\/\/zastalowcy.pl\/?p=541\" \/>\n\t\t<meta property=\"og:image\" content=\"https:\/\/zastalowcy.pl\/wp-content\/uploads\/2025\/09\/cropped-logo-strony-2.png\" \/>\n\t\t<meta property=\"og:image:secure_url\" content=\"https:\/\/zastalowcy.pl\/wp-content\/uploads\/2025\/09\/cropped-logo-strony-2.png\" \/>\n\t\t<meta property=\"og:image:width\" content=\"1862\" \/>\n\t\t<meta property=\"og:image:height\" content=\"384\" \/>\n\t\t<meta property=\"article:published_time\" content=\"2025-10-28T10:27:52+00:00\" \/>\n\t\t<meta property=\"article:modified_time\" content=\"2025-11-01T10:35:10+00:00\" \/>\n\t\t<meta name=\"twitter:card\" content=\"summary_large_image\" \/>\n\t\t<meta name=\"twitter:title\" content=\"Mazurczak i Szumert w szerokim sk\u0142adzie reprezentacji Polski! -\" \/>\n\t\t<meta name=\"twitter:description\" content=\"Trener Igor Milici\u0107 og\u0142osi\u0142 szeroki sk\u0142ad reprezentacji Polski koszykarzy na listopadowe zgrupowanie w Gdyni. To pocz\u0105tek kwalifikacji do Mistrzostw \u015awiata 2027, kt\u00f3re odb\u0119d\u0105 si\u0119 w Katarze. W\u015br\u00f3d powo\u0142anych zawodnik\u00f3w znalaz\u0142o si\u0119 dw\u00f3ch przedstawicieli Zastalu Zielona G\u00f3ra \u2013 Andrzej Mazurczak i Jakub Szumert. Dla kapitana Zastalu to kolejne wyr\u00f3\u017cnienie i potwierdzenie jego roli jako jednego z\" \/>\n\t\t<meta name=\"twitter:image\" content=\"https:\/\/zastalowcy.pl\/wp-content\/uploads\/2025\/09\/cropped-logo-strony-2.png\" \/>\n\t\t<script type=\"application\/ld+json\" class=\"aioseo-schema\">\n\t\t\t{\"@context\":\"https:\\\/\\\/schema.org\",\"@graph\":[{\"@type\":\"BlogPosting\",\"@id\":\"https:\\\/\\\/zastalowcy.pl\\\/?p=541#blogposting\",\"name\":\"Mazurczak i Szumert w szerokim sk\\u0142adzie reprezentacji Polski! -\",\"headline\":\"Mazurczak i Szumert w szerokim sk\\u0142adzie reprezentacji Polski!\",\"author\":{\"@id\":\"https:\\\/\\\/zastalowcy.pl\\\/?author=3#author\"},\"publisher\":{\"@id\":\"https:\\\/\\\/zastalowcy.pl\\\/#organization\"},\"image\":{\"@type\":\"ImageObject\",\"url\":\"https:\\\/\\\/zastalowcy.pl\\\/wp-content\\\/uploads\\\/2025\\\/11\\\/profilowe-28.png\",\"width\":2048,\"height\":2048},\"datePublished\":\"2025-10-28T11:27:52+01:00\",\"dateModified\":\"2025-11-01T11:35:10+01:00\",\"inLanguage\":\"pl-PL\",\"mainEntityOfPage\":{\"@id\":\"https:\\\/\\\/zastalowcy.pl\\\/?p=541#webpage\"},\"isPartOf\":{\"@id\":\"https:\\\/\\\/zastalowcy.pl\\\/?p=541#webpage\"},\"articleSection\":\"Aktualno\\u015bci, Sezon 2025\\\/2026, andy mazurczak, basketzg, dru\\u017cyna, igor milicic, jakub szumert, kadra polski, kosz kadra, koszyk\\u00f3wka, mazurczak, polska, reprezentacja polski, sk\\u0142ad reprezentacji polski, szumert, zastal, zastal zielona g\\u00f3ra, zastalowcy, zielona g\\u00f3ra, zielonagora, zielonog\\u00f3rska koszyk\\u00f3wka\"},{\"@type\":\"BreadcrumbList\",\"@id\":\"https:\\\/\\\/zastalowcy.pl\\\/?p=541#breadcrumblist\",\"itemListElement\":[{\"@type\":\"ListItem\",\"@id\":\"https:\\\/\\\/zastalowcy.pl#listItem\",\"position\":1,\"name\":\"Home\",\"item\":\"https:\\\/\\\/zastalowcy.pl\",\"nextItem\":{\"@type\":\"ListItem\",\"@id\":\"https:\\\/\\\/zastalowcy.pl\\\/?cat=9#listItem\",\"name\":\"Sezon 2025\\\/2026\"}},{\"@type\":\"ListItem\",\"@id\":\"https:\\\/\\\/zastalowcy.pl\\\/?cat=9#listItem\",\"position\":2,\"name\":\"Sezon 2025\\\/2026\",\"item\":\"https:\\\/\\\/zastalowcy.pl\\\/?cat=9\",\"nextItem\":{\"@type\":\"ListItem\",\"@id\":\"https:\\\/\\\/zastalowcy.pl\\\/?p=541#listItem\",\"name\":\"Mazurczak i Szumert w szerokim sk\\u0142adzie reprezentacji Polski!\"},\"previousItem\":{\"@type\":\"ListItem\",\"@id\":\"https:\\\/\\\/zastalowcy.pl#listItem\",\"name\":\"Home\"}},{\"@type\":\"ListItem\",\"@id\":\"https:\\\/\\\/zastalowcy.pl\\\/?p=541#listItem\",\"position\":3,\"name\":\"Mazurczak i Szumert w szerokim sk\\u0142adzie reprezentacji Polski!\",\"previousItem\":{\"@type\":\"ListItem\",\"@id\":\"https:\\\/\\\/zastalowcy.pl\\\/?cat=9#listItem\",\"name\":\"Sezon 2025\\\/2026\"}}]},{\"@type\":\"Organization\",\"@id\":\"https:\\\/\\\/zastalowcy.pl\\\/#organization\",\"description\":\"O Zastalu od kibic\\u00f3w \\u2013 dla kibic\\u00f3w\",\"url\":\"https:\\\/\\\/zastalowcy.pl\\\/\",\"logo\":{\"@type\":\"ImageObject\",\"url\":\"https:\\\/\\\/zastalowcy.pl\\\/wp-content\\\/uploads\\\/2025\\\/09\\\/cropped-logo-strony-2.png\",\"@id\":\"https:\\\/\\\/zastalowcy.pl\\\/?p=541\\\/#organizationLogo\",\"width\":1862,\"height\":384},\"image\":{\"@id\":\"https:\\\/\\\/zastalowcy.pl\\\/?p=541\\\/#organizationLogo\"}},{\"@type\":\"Person\",\"@id\":\"https:\\\/\\\/zastalowcy.pl\\\/?author=3#author\",\"url\":\"https:\\\/\\\/zastalowcy.pl\\\/?author=3\",\"name\":\"Joanna Nawlicka\",\"image\":{\"@type\":\"ImageObject\",\"@id\":\"https:\\\/\\\/zastalowcy.pl\\\/?p=541#authorImage\",\"url\":\"https:\\\/\\\/secure.gravatar.com\\\/avatar\\\/66fc557d97536ff5096b6295970275631b7a4673997738477642001957f5274c?s=96&d=mm&r=g\",\"width\":96,\"height\":96,\"caption\":\"Joanna Nawlicka\"}},{\"@type\":\"WebPage\",\"@id\":\"https:\\\/\\\/zastalowcy.pl\\\/?p=541#webpage\",\"url\":\"https:\\\/\\\/zastalowcy.pl\\\/?p=541\",\"name\":\"Mazurczak i Szumert w szerokim sk\\u0142adzie reprezentacji Polski! -\",\"description\":\"Trener Igor Milici\\u0107 og\\u0142osi\\u0142 szeroki sk\\u0142ad reprezentacji Polski koszykarzy na listopadowe zgrupowanie w Gdyni. To pocz\\u0105tek kwalifikacji do Mistrzostw \\u015awiata 2027, kt\\u00f3re odb\\u0119d\\u0105 si\\u0119 w Katarze. W\\u015br\\u00f3d powo\\u0142anych zawodnik\\u00f3w znalaz\\u0142o si\\u0119 dw\\u00f3ch przedstawicieli Zastalu Zielona G\\u00f3ra \\u2013 Andrzej Mazurczak i Jakub Szumert. Dla kapitana Zastalu to kolejne wyr\\u00f3\\u017cnienie i potwierdzenie jego roli jako jednego z\",\"inLanguage\":\"pl-PL\",\"isPartOf\":{\"@id\":\"https:\\\/\\\/zastalowcy.pl\\\/#website\"},\"breadcrumb\":{\"@id\":\"https:\\\/\\\/zastalowcy.pl\\\/?p=541#breadcrumblist\"},\"author\":{\"@id\":\"https:\\\/\\\/zastalowcy.pl\\\/?author=3#author\"},\"creator\":{\"@id\":\"https:\\\/\\\/zastalowcy.pl\\\/?author=3#author\"},\"image\":{\"@type\":\"ImageObject\",\"url\":\"https:\\\/\\\/zastalowcy.pl\\\/wp-content\\\/uploads\\\/2025\\\/11\\\/profilowe-28.png\",\"@id\":\"https:\\\/\\\/zastalowcy.pl\\\/?p=541\\\/#mainImage\",\"width\":2048,\"height\":2048},\"primaryImageOfPage\":{\"@id\":\"https:\\\/\\\/zastalowcy.pl\\\/?p=541#mainImage\"},\"datePublished\":\"2025-10-28T11:27:52+01:00\",\"dateModified\":\"2025-11-01T11:35:10+01:00\"},{\"@type\":\"WebSite\",\"@id\":\"https:\\\/\\\/zastalowcy.pl\\\/#website\",\"url\":\"https:\\\/\\\/zastalowcy.pl\\\/\",\"description\":\"O Zastalu od kibic\\u00f3w \\u2013 dla kibic\\u00f3w\",\"inLanguage\":\"pl-PL\",\"publisher\":{\"@id\":\"https:\\\/\\\/zastalowcy.pl\\\/#organization\"}}]}\n\t\t<\/script>\n\t\t<!-- All in One SEO -->\n\n","aioseo_head_json":{"title":"Mazurczak i Szumert w szerokim sk\u0142adzie reprezentacji Polski! -","description":"Trener Igor Milici\u0107 og\u0142osi\u0142 szeroki sk\u0142ad reprezentacji Polski koszykarzy na listopadowe zgrupowanie w Gdyni. To pocz\u0105tek kwalifikacji do Mistrzostw \u015awiata 2027, kt\u00f3re odb\u0119d\u0105 si\u0119 w Katarze. W\u015br\u00f3d powo\u0142anych zawodnik\u00f3w znalaz\u0142o si\u0119 dw\u00f3ch przedstawicieli Zastalu Zielona G\u00f3ra \u2013 Andrzej Mazurczak i Jakub Szumert. Dla kapitana Zastalu to kolejne wyr\u00f3\u017cnienie i potwierdzenie jego roli jako jednego z","canonical_url":"https:\/\/zastalowcy.pl\/?p=541","robots":"max-image-preview:large","keywords":"","webmasterTools":{"miscellaneous":""},"schema":{"@context":"https:\/\/schema.org","@graph":[{"@type":"BlogPosting","@id":"https:\/\/zastalowcy.pl\/?p=541#blogposting","name":"Mazurczak i Szumert w szerokim sk\u0142adzie reprezentacji Polski! -","headline":"Mazurczak i Szumert w szerokim sk\u0142adzie reprezentacji Polski!","author":{"@id":"https:\/\/zastalowcy.pl\/?author=3#author"},"publisher":{"@id":"https:\/\/zastalowcy.pl\/#organization"},"image":{"@type":"ImageObject","url":"https:\/\/zastalowcy.pl\/wp-content\/uploads\/2025\/11\/profilowe-28.png","width":2048,"height":2048},"datePublished":"2025-10-28T11:27:52+01:00","dateModified":"2025-11-01T11:35:10+01:00","inLanguage":"pl-PL","mainEntityOfPage":{"@id":"https:\/\/zastalowcy.pl\/?p=541#webpage"},"isPartOf":{"@id":"https:\/\/zastalowcy.pl\/?p=541#webpage"},"articleSection":"Aktualno\u015bci, Sezon 2025\/2026, andy mazurczak, basketzg, dru\u017cyna, igor milicic, jakub szumert, kadra polski, kosz kadra, koszyk\u00f3wka, mazurczak, polska, reprezentacja polski, sk\u0142ad reprezentacji polski, szumert, zastal, zastal zielona g\u00f3ra, zastalowcy, zielona g\u00f3ra, zielonagora, zielonog\u00f3rska koszyk\u00f3wka"},{"@type":"BreadcrumbList","@id":"https:\/\/zastalowcy.pl\/?p=541#breadcrumblist","itemListElement":[{"@type":"ListItem","@id":"https:\/\/zastalowcy.pl#listItem","position":1,"name":"Home","item":"https:\/\/zastalowcy.pl","nextItem":{"@type":"ListItem","@id":"https:\/\/zastalowcy.pl\/?cat=9#listItem","name":"Sezon 2025\/2026"}},{"@type":"ListItem","@id":"https:\/\/zastalowcy.pl\/?cat=9#listItem","position":2,"name":"Sezon 2025\/2026","item":"https:\/\/zastalowcy.pl\/?cat=9","nextItem":{"@type":"ListItem","@id":"https:\/\/zastalowcy.pl\/?p=541#listItem","name":"Mazurczak i Szumert w szerokim sk\u0142adzie reprezentacji Polski!"},"previousItem":{"@type":"ListItem","@id":"https:\/\/zastalowcy.pl#listItem","name":"Home"}},{"@type":"ListItem","@id":"https:\/\/zastalowcy.pl\/?p=541#listItem","position":3,"name":"Mazurczak i Szumert w szerokim sk\u0142adzie reprezentacji Polski!","previousItem":{"@type":"ListItem","@id":"https:\/\/zastalowcy.pl\/?cat=9#listItem","name":"Sezon 2025\/2026"}}]},{"@type":"Organization","@id":"https:\/\/zastalowcy.pl\/#organization","description":"O Zastalu od kibic\u00f3w \u2013 dla kibic\u00f3w","url":"https:\/\/zastalowcy.pl\/","logo":{"@type":"ImageObject","url":"https:\/\/zastalowcy.pl\/wp-content\/uploads\/2025\/09\/cropped-logo-strony-2.png","@id":"https:\/\/zastalowcy.pl\/?p=541\/#organizationLogo","width":1862,"height":384},"image":{"@id":"https:\/\/zastalowcy.pl\/?p=541\/#organizationLogo"}},{"@type":"Person","@id":"https:\/\/zastalowcy.pl\/?author=3#author","url":"https:\/\/zastalowcy.pl\/?author=3","name":"Joanna Nawlicka","image":{"@type":"ImageObject","@id":"https:\/\/zastalowcy.pl\/?p=541#authorImage","url":"https:\/\/secure.gravatar.com\/avatar\/66fc557d97536ff5096b6295970275631b7a4673997738477642001957f5274c?s=96&d=mm&r=g","width":96,"height":96,"caption":"Joanna Nawlicka"}},{"@type":"WebPage","@id":"https:\/\/zastalowcy.pl\/?p=541#webpage","url":"https:\/\/zastalowcy.pl\/?p=541","name":"Mazurczak i Szumert w szerokim sk\u0142adzie reprezentacji Polski! -","description":"Trener Igor Milici\u0107 og\u0142osi\u0142 szeroki sk\u0142ad reprezentacji Polski koszykarzy na listopadowe zgrupowanie w Gdyni. To pocz\u0105tek kwalifikacji do Mistrzostw \u015awiata 2027, kt\u00f3re odb\u0119d\u0105 si\u0119 w Katarze. W\u015br\u00f3d powo\u0142anych zawodnik\u00f3w znalaz\u0142o si\u0119 dw\u00f3ch przedstawicieli Zastalu Zielona G\u00f3ra \u2013 Andrzej Mazurczak i Jakub Szumert. Dla kapitana Zastalu to kolejne wyr\u00f3\u017cnienie i potwierdzenie jego roli jako jednego z","inLanguage":"pl-PL","isPartOf":{"@id":"https:\/\/zastalowcy.pl\/#website"},"breadcrumb":{"@id":"https:\/\/zastalowcy.pl\/?p=541#breadcrumblist"},"author":{"@id":"https:\/\/zastalowcy.pl\/?author=3#author"},"creator":{"@id":"https:\/\/zastalowcy.pl\/?author=3#author"},"image":{"@type":"ImageObject","url":"https:\/\/zastalowcy.pl\/wp-content\/uploads\/2025\/11\/profilowe-28.png","@id":"https:\/\/zastalowcy.pl\/?p=541\/#mainImage","width":2048,"height":2048},"primaryImageOfPage":{"@id":"https:\/\/zastalowcy.pl\/?p=541#mainImage"},"datePublished":"2025-10-28T11:27:52+01:00","dateModified":"2025-11-01T11:35:10+01:00"},{"@type":"WebSite","@id":"https:\/\/zastalowcy.pl\/#website","url":"https:\/\/zastalowcy.pl\/","description":"O Zastalu od kibic\u00f3w \u2013 dla kibic\u00f3w","inLanguage":"pl-PL","publisher":{"@id":"https:\/\/zastalowcy.pl\/#organization"}}]},"og:locale":"pl_PL","og:site_name":"- O Zastalu od kibic\u00f3w \u2013 dla kibic\u00f3w","og:type":"article","og:title":"Mazurczak i Szumert w szerokim sk\u0142adzie reprezentacji Polski! -","og:description":"Trener Igor Milici\u0107 og\u0142osi\u0142 szeroki sk\u0142ad reprezentacji Polski koszykarzy na listopadowe zgrupowanie w Gdyni. To pocz\u0105tek kwalifikacji do Mistrzostw \u015awiata 2027, kt\u00f3re odb\u0119d\u0105 si\u0119 w Katarze. W\u015br\u00f3d powo\u0142anych zawodnik\u00f3w znalaz\u0142o si\u0119 dw\u00f3ch przedstawicieli Zastalu Zielona G\u00f3ra \u2013 Andrzej Mazurczak i Jakub Szumert. Dla kapitana Zastalu to kolejne wyr\u00f3\u017cnienie i potwierdzenie jego roli jako jednego z","og:url":"https:\/\/zastalowcy.pl\/?p=541","og:image":"https:\/\/zastalowcy.pl\/wp-content\/uploads\/2025\/09\/cropped-logo-strony-2.png","og:image:secure_url":"https:\/\/zastalowcy.pl\/wp-content\/uploads\/2025\/09\/cropped-logo-strony-2.png","og:image:width":1862,"og:image:height":384,"article:published_time":"2025-10-28T10:27:52+00:00","article:modified_time":"2025-11-01T10:35:10+00:00","twitter:card":"summary_large_image","twitter:title":"Mazurczak i Szumert w szerokim sk\u0142adzie reprezentacji Polski! -","twitter:description":"Trener Igor Milici\u0107 og\u0142osi\u0142 szeroki sk\u0142ad reprezentacji Polski koszykarzy na listopadowe zgrupowanie w Gdyni. To pocz\u0105tek kwalifikacji do Mistrzostw \u015awiata 2027, kt\u00f3re odb\u0119d\u0105 si\u0119 w Katarze. W\u015br\u00f3d powo\u0142anych zawodnik\u00f3w znalaz\u0142o si\u0119 dw\u00f3ch przedstawicieli Zastalu Zielona G\u00f3ra \u2013 Andrzej Mazurczak i Jakub Szumert. Dla kapitana Zastalu to kolejne wyr\u00f3\u017cnienie i potwierdzenie jego roli jako jednego z","twitter:image":"https:\/\/zastalowcy.pl\/wp-content\/uploads\/2025\/09\/cropped-logo-strony-2.png"},"aioseo_meta_data":{"post_id":"541","title":null,"description":null,"keywords":null,"keyphrases":null,"primary_term":null,"canonical_url":null,"og_title":null,"og_description":null,"og_object_type":"default","og_image_type":"default","og_image_custom_url":null,"og_image_custom_fields":null,"og_image_url":null,"og_image_width":null,"og_image_height":null,"og_video":null,"og_custom_url":null,"og_article_section":null,"og_article_tags":null,"twitter_use_og":false,"twitter_card":"default","twitter_image_type":"default","twitter_image_custom_url":null,"twitter_image_custom_fields":null,"twitter_image_url":null,"twitter_title":null,"twitter_description":null,"schema_type":"default","schema_type_options":null,"schema":{"blockGraphs":[],"customGraphs":[],"default":{"data":{"Article":[],"Course":[],"Dataset":[],"FAQPage":[],"Movie":[],"Person":[],"Product":[],"ProductReview":[],"Car":[],"Recipe":[],"Service":[],"SoftwareApplication":[],"WebPage":[]},"graphName":"","isEnabled":true},"graphs":[]},"pillar_content":false,"robots_default":true,"robots_noindex":false,"robots_noarchive":false,"robots_nosnippet":false,"robots_nofollow":false,"robots_noimageindex":false,"robots_noodp":false,"robots_notranslate":false,"robots_max_snippet":null,"robots_max_videopreview":null,"robots_max_imagepreview":"large","priority":null,"frequency":null,"local_seo":null,"limit_modified_date":false,"ai":null,"breadcrumb_settings":null,"seo_analyzer_scan_date":null,"created":"2026-07-15 16:41:18","updated":"2026-07-15 16:41:18","focus_keyword":null,"additional_keywords":null,"truseo_locale":null},"aioseo_breadcrumb":"<div class=\"aioseo-breadcrumbs\"><span class=\"aioseo-breadcrumb\">\n\t\t\t<a href=\"https:\/\/zastalowcy.pl\" title=\"Home\">Home<\/a>\n\t\t<\/span><span class=\"aioseo-breadcrumb-separator\">&raquo;<\/span><span class=\"aioseo-breadcrumb\">\n\t\t\t<a href=\"https:\/\/zastalowcy.pl\/?cat=9\" title=\"Sezon 2025\/2026\">Sezon 2025\/2026<\/a>\n\t\t<\/span><span class=\"aioseo-breadcrumb-separator\">&raquo;<\/span><span class=\"aioseo-breadcrumb\">\n\t\t\tMazurczak i Szumert w szerokim sk\u0142adzie reprezentacji Polski!\n\t\t<\/span><\/div>","aioseo_breadcrumb_json":[{"label":"Home","link":"https:\/\/zastalowcy.pl"},{"label":"Sezon 2025\/2026","link":"https:\/\/zastalowcy.pl\/?cat=9"},{"label":"Mazurczak i Szumert w szerokim sk\u0142adzie reprezentacji Polski!","link":"https:\/\/zastalowcy.pl\/?p=541"}],"_links":{"self":[{"href":"https:\/\/zastalowcy.pl\/index.php?rest_route=\/wp\/v2\/posts\/541","targetHints":{"allow":["GET"]}}],"collection":[{"href":"https:\/\/zastalowcy.pl\/index.php?rest_route=\/wp\/v2\/posts"}],"about":[{"href":"https:\/\/zastalowcy.pl\/index.php?rest_route=\/wp\/v2\/types\/post"}],"author":[{"embeddable":true,"href":"https:\/\/zastalowcy.pl\/index.php?rest_route=\/wp\/v2\/users\/3"}],"replies":[{"embeddable":true,"href":"https:\/\/zastalowcy.pl\/index.php?rest_route=%2Fwp%2Fv2%2Fcomments&post=541"}],"version-history":[{"count":1,"href":"https:\/\/zastalowcy.pl\/index.php?rest_route=\/wp\/v2\/posts\/541\/revisions"}],"predecessor-version":[{"id":544,"href":"https:\/\/zastalowcy.pl\/index.php?rest_route=\/wp\/v2\/posts\/541\/revisions\/544"}],"wp:featuredmedia":[{"embeddable":true,"href":"https:\/\/zastalowcy.pl\/index.php?rest_route=\/wp\/v2\/media\/543"}],"wp:attachment":[{"href":"https:\/\/zastalowcy.pl\/index.php?rest_route=%2Fwp%2Fv2%2Fmedia&parent=541"}],"wp:term":[{"taxonomy":"category","embeddable":true,"href":"https:\/\/zastalowcy.pl\/index.php?rest_route=%2Fwp%2Fv2%2Fcategories&post=541"},{"taxonomy":"post_tag","embeddable":true,"href":"https:\/\/zastalowcy.pl\/index.php?rest_route=%2Fwp%2Fv2%2Ftags&post=541"}],"curies":[{"name":"wp","href":"https:\/\/api.w.org\/{rel}","templated":true}]}}