{"id":726,"date":"2025-11-09T13:13:23","date_gmt":"2025-11-09T12:13:23","guid":{"rendered":"https:\/\/zastalowcy.pl\/?p=726"},"modified":"2025-11-09T13:13:24","modified_gmt":"2025-11-09T12:13:24","slug":"wspolnota-niepodleglosc-i-walka-o-punkty-na-meczu-zastalu","status":"publish","type":"post","link":"https:\/\/zastalowcy.pl\/?p=726","title":{"rendered":"Wsp\u00f3lnota, niepodleg\u0142o\u015b\u0107 i walka o punkty na meczu Zastalu"},"content":{"rendered":"\n<p class=\"wp-block-paragraph\"><a href=\"https:\/\/zastalowcy.pl\/?p=722\">Niedzielny mecz Zastalu Zielona G\u00f3ra z Legi\u0105 Warszawa<\/a> b\u0119dzie nie tylko sportowym wydarzeniem, ale tak\u017ce okazj\u0105 do wsp\u00f3lnego \u015bwi\u0119towania i czynienia dobra. W hali CRS kibice po\u0142\u0105cz\u0105 si\u0142y, by uczci\u0107 nadchodz\u0105ce \u015awi\u0119to Niepodleg\u0142o\u015bci, wesprze\u0107 Memoria\u0142 Cieja oraz pom\u00f3c Laurze Wolniewicz w jej walce o zdrowie.<\/p>\n\n\n\n<h3 class=\"wp-block-heading\">Wsp\u00f3lne \u015bwi\u0119towanie niepodleg\u0142o\u015bci<\/h3>\n\n\n\n<p class=\"wp-block-paragraph\">Klub zaprasza wszystkich kibic\u00f3w, aby na niedzielne spotkanie zabrali ze sob\u0105 <strong>bia\u0142o-czerwone flagi<\/strong>. To prosty, ale wymowny spos\u00f3b, by pokaza\u0107 jedno\u015b\u0107, szacunek i wsp\u00f3lne warto\u015bci, kt\u00f3re \u0142\u0105cz\u0105 nas wok\u00f3\u0142 sportu i historii. Czerwono-bia\u0142y akcent na trybunach doda symbolicznej si\u0142y atmosferze meczu z aktualnym liderem ligi.<\/p>\n\n\n\n<h3 class=\"wp-block-heading\">Flagi na rzecz charytatywnej inicjatywy<\/h3>\n\n\n\n<p class=\"wp-block-paragraph\">Po zako\u0144czeniu spotkania ka\u017cdy kibic b\u0119dzie m\u00f3g\u0142 przekaza\u0107 swoj\u0105 flag\u0119, wspieraj\u0105c tym samym <strong>akcj\u0119 charytatywn\u0105 organizowan\u0105 przy okazji Memoria\u0142u Cieja<\/strong>. Je\u015bli kto\u015b b\u0119dzie chcia\u0142 zachowa\u0107 flag\u0119 \u2013 nic nie szkodzi. W\u00f3wczas zach\u0119camy, by zabra\u0142 j\u0105 ponownie na Memoria\u0142 11 listopada i uczci\u0142 pami\u0119\u0107 \u201eCieja\u201d wraz z ca\u0142\u0105 spo\u0142eczno\u015bci\u0105 sportow\u0105 Zielonej G\u00f3ry.<\/p>\n\n\n\n<h3 class=\"wp-block-heading\">Pomoc dla Laury Wolniewicz<\/h3>\n\n\n\n<p class=\"wp-block-paragraph\">Niedzielne wydarzenie to r\u00f3wnie\u017c mo\u017cliwo\u015b\u0107 wsparcia <strong>zbi\u00f3rki dla Laury Wolniewicz<\/strong>. Ka\u017cda z\u0142ot\u00f3wka, ka\u017cdy symboliczny gest czy dobrowolny datek pomog\u0105 w jej leczeniu i rehabilitacji. Klub przypomina, \u017ce si\u0142a zielonog\u00f3rskich kibic\u00f3w zawsze wykracza\u0142a poza koszykarski parkiet \u2013 i to jest kolejna okazja, by to udowodni\u0107.<\/p>\n\n\n\n<h3 class=\"wp-block-heading\">Sport, pami\u0119\u0107 i wsp\u00f3lnota<\/h3>\n\n\n\n<p class=\"wp-block-paragraph\">Zielona G\u00f3ra wielokrotnie pokazywa\u0142a, \u017ce sport jednoczy ludzi ponad podzia\u0142ami. Tym razem \u0142\u0105czy nas wszystko naraz: bia\u0142o-czerwone barwy, Zastal, pami\u0119\u0107 o Cieju oraz wsparcie dla Laury. Wsp\u00f3lne kibicowanie w CRS stanie si\u0119 czym\u015b wi\u0119cej ni\u017c dopingiem \u2013 b\u0119dzie znakiem solidarno\u015bci, zaanga\u017cowania i lokalnej wsp\u00f3lnoty.<\/p>\n\n\n\n<p class=\"wp-block-paragraph\">\ud83c\udfc0 Zastalowcy.pl \u2013 o Zastalu od kibic\u00f3w \u2013 dla kibic\u00f3w<\/p>\n","protected":false},"excerpt":{"rendered":"<p>Niedzielny mecz Zastalu Zielona G\u00f3ra z Legi\u0105 Warszawa b\u0119dzie nie tylko sportowym wydarzeniem, ale tak\u017ce okazj\u0105 do wsp\u00f3lnego<\/p>\n","protected":false},"author":3,"featured_media":727,"comment_status":"open","ping_status":"open","sticky":false,"template":"","format":"standard","meta":{"om_disable_all_campaigns":false,"footnotes":""},"categories":[18,9,8],"tags":[184,17,190,26,189,188,15,186,187,185,12,14,42,11,10,16],"class_list":["post-726","post","type-post","status-publish","format-standard","has-post-thumbnail","hentry","category-aktualnosci","category-sezon-2025-2026","category-wiadomosci-z-klubu","tag-11-listopada","tag-basketzg","tag-bialo-czerwoni","tag-druzyna","tag-flaga","tag-koszykarze","tag-koszykowka","tag-memorial-cieja","tag-pilkarze","tag-swieto-niepodleglosci","tag-zastal","tag-zastal-zielona-gora","tag-zastalowcy","tag-zielona-gora","tag-zielonagora","tag-zielonogorska-koszykowka"],"aioseo_notices":[],"aioseo_head":"\n\t\t<!-- All in One SEO 5.0.0.1 - aioseo.com -->\n\t<meta name=\"description\" content=\"Niedzielny mecz Zastalu Zielona G\u00f3ra z Legi\u0105 Warszawa b\u0119dzie nie tylko sportowym wydarzeniem, ale tak\u017ce okazj\u0105 do wsp\u00f3lnego \u015bwi\u0119towania i czynienia dobra. W hali CRS kibice po\u0142\u0105cz\u0105 si\u0142y, by uczci\u0107 nadchodz\u0105ce \u015awi\u0119to Niepodleg\u0142o\u015bci, wesprze\u0107 Memoria\u0142 Cieja oraz pom\u00f3c Laurze Wolniewicz w jej walce o zdrowie. Wsp\u00f3lne \u015bwi\u0119towanie niepodleg\u0142o\u015bci Klub zaprasza wszystkich kibic\u00f3w, aby na niedzielne\" \/>\n\t<meta name=\"robots\" content=\"max-image-preview:large\" \/>\n\t<meta name=\"author\" content=\"Joanna Nawlicka\"\/>\n\t<link rel=\"canonical\" href=\"https:\/\/zastalowcy.pl\/?p=726\" \/>\n\t<meta name=\"generator\" content=\"All in One SEO (AIOSEO) 5.0.0.1\" \/>\n\t\t<meta property=\"og:locale\" content=\"pl_PL\" \/>\n\t\t<meta property=\"og:site_name\" content=\"- O Zastalu od kibic\u00f3w \u2013 dla kibic\u00f3w\" \/>\n\t\t<meta property=\"og:type\" content=\"article\" \/>\n\t\t<meta property=\"og:title\" content=\"Wsp\u00f3lnota, niepodleg\u0142o\u015b\u0107 i walka o punkty na meczu Zastalu -\" \/>\n\t\t<meta property=\"og:description\" content=\"Niedzielny mecz Zastalu Zielona G\u00f3ra z Legi\u0105 Warszawa b\u0119dzie nie tylko sportowym wydarzeniem, ale tak\u017ce okazj\u0105 do wsp\u00f3lnego \u015bwi\u0119towania i czynienia dobra. W hali CRS kibice po\u0142\u0105cz\u0105 si\u0142y, by uczci\u0107 nadchodz\u0105ce \u015awi\u0119to Niepodleg\u0142o\u015bci, wesprze\u0107 Memoria\u0142 Cieja oraz pom\u00f3c Laurze Wolniewicz w jej walce o zdrowie. Wsp\u00f3lne \u015bwi\u0119towanie niepodleg\u0142o\u015bci Klub zaprasza wszystkich kibic\u00f3w, aby na niedzielne\" \/>\n\t\t<meta property=\"og:url\" content=\"https:\/\/zastalowcy.pl\/?p=726\" \/>\n\t\t<meta property=\"og:image\" content=\"https:\/\/zastalowcy.pl\/wp-content\/uploads\/2025\/09\/cropped-logo-strony-2.png\" \/>\n\t\t<meta property=\"og:image:secure_url\" content=\"https:\/\/zastalowcy.pl\/wp-content\/uploads\/2025\/09\/cropped-logo-strony-2.png\" \/>\n\t\t<meta property=\"og:image:width\" content=\"1862\" \/>\n\t\t<meta property=\"og:image:height\" content=\"384\" \/>\n\t\t<meta property=\"article:published_time\" content=\"2025-11-09T12:13:23+00:00\" \/>\n\t\t<meta property=\"article:modified_time\" content=\"2025-11-09T12:13:24+00:00\" \/>\n\t\t<meta name=\"twitter:card\" content=\"summary_large_image\" \/>\n\t\t<meta name=\"twitter:title\" content=\"Wsp\u00f3lnota, niepodleg\u0142o\u015b\u0107 i walka o punkty na meczu Zastalu -\" \/>\n\t\t<meta name=\"twitter:description\" content=\"Niedzielny mecz Zastalu Zielona G\u00f3ra z Legi\u0105 Warszawa b\u0119dzie nie tylko sportowym wydarzeniem, ale tak\u017ce okazj\u0105 do wsp\u00f3lnego \u015bwi\u0119towania i czynienia dobra. W hali CRS kibice po\u0142\u0105cz\u0105 si\u0142y, by uczci\u0107 nadchodz\u0105ce \u015awi\u0119to Niepodleg\u0142o\u015bci, wesprze\u0107 Memoria\u0142 Cieja oraz pom\u00f3c Laurze Wolniewicz w jej walce o zdrowie. Wsp\u00f3lne \u015bwi\u0119towanie niepodleg\u0142o\u015bci Klub zaprasza wszystkich kibic\u00f3w, aby na niedzielne\" \/>\n\t\t<meta name=\"twitter:image\" content=\"https:\/\/zastalowcy.pl\/wp-content\/uploads\/2025\/09\/cropped-logo-strony-2.png\" \/>\n\t\t<script type=\"application\/ld+json\" class=\"aioseo-schema\">\n\t\t\t{\"@context\":\"https:\\\/\\\/schema.org\",\"@graph\":[{\"@type\":\"BlogPosting\",\"@id\":\"https:\\\/\\\/zastalowcy.pl\\\/?p=726#blogposting\",\"name\":\"Wsp\\u00f3lnota, niepodleg\\u0142o\\u015b\\u0107 i walka o punkty na meczu Zastalu -\",\"headline\":\"Wsp\\u00f3lnota, niepodleg\\u0142o\\u015b\\u0107 i walka o punkty na meczu Zastalu\",\"author\":{\"@id\":\"https:\\\/\\\/zastalowcy.pl\\\/?author=3#author\"},\"publisher\":{\"@id\":\"https:\\\/\\\/zastalowcy.pl\\\/#organization\"},\"image\":{\"@type\":\"ImageObject\",\"url\":\"https:\\\/\\\/zastalowcy.pl\\\/wp-content\\\/uploads\\\/2025\\\/11\\\/profilowe-35.png\",\"width\":2048,\"height\":2048},\"datePublished\":\"2025-11-09T13:13:23+01:00\",\"dateModified\":\"2025-11-09T13:13:24+01:00\",\"inLanguage\":\"pl-PL\",\"mainEntityOfPage\":{\"@id\":\"https:\\\/\\\/zastalowcy.pl\\\/?p=726#webpage\"},\"isPartOf\":{\"@id\":\"https:\\\/\\\/zastalowcy.pl\\\/?p=726#webpage\"},\"articleSection\":\"Aktualno\\u015bci, Sezon 2025\\\/2026, Wiadomo\\u015bci z klubu, 11 listopada, basketzg, bia\\u0142o-czerwoni, dru\\u017cyna, flaga, koszykarze, koszyk\\u00f3wka, Memoria\\u0142 Cieja, pi\\u0142karze, \\u015bwi\\u0119to niepodleg\\u0142o\\u015bci, zastal, zastal zielona g\\u00f3ra, zastalowcy, zielona g\\u00f3ra, zielonagora, zielonog\\u00f3rska koszyk\\u00f3wka\"},{\"@type\":\"BreadcrumbList\",\"@id\":\"https:\\\/\\\/zastalowcy.pl\\\/?p=726#breadcrumblist\",\"itemListElement\":[{\"@type\":\"ListItem\",\"@id\":\"https:\\\/\\\/zastalowcy.pl#listItem\",\"position\":1,\"name\":\"Home\",\"item\":\"https:\\\/\\\/zastalowcy.pl\",\"nextItem\":{\"@type\":\"ListItem\",\"@id\":\"https:\\\/\\\/zastalowcy.pl\\\/?cat=8#listItem\",\"name\":\"Wiadomo\\u015bci z klubu\"}},{\"@type\":\"ListItem\",\"@id\":\"https:\\\/\\\/zastalowcy.pl\\\/?cat=8#listItem\",\"position\":2,\"name\":\"Wiadomo\\u015bci z klubu\",\"item\":\"https:\\\/\\\/zastalowcy.pl\\\/?cat=8\",\"nextItem\":{\"@type\":\"ListItem\",\"@id\":\"https:\\\/\\\/zastalowcy.pl\\\/?p=726#listItem\",\"name\":\"Wsp\\u00f3lnota, niepodleg\\u0142o\\u015b\\u0107 i walka o punkty na meczu Zastalu\"},\"previousItem\":{\"@type\":\"ListItem\",\"@id\":\"https:\\\/\\\/zastalowcy.pl#listItem\",\"name\":\"Home\"}},{\"@type\":\"ListItem\",\"@id\":\"https:\\\/\\\/zastalowcy.pl\\\/?p=726#listItem\",\"position\":3,\"name\":\"Wsp\\u00f3lnota, niepodleg\\u0142o\\u015b\\u0107 i walka o punkty na meczu Zastalu\",\"previousItem\":{\"@type\":\"ListItem\",\"@id\":\"https:\\\/\\\/zastalowcy.pl\\\/?cat=8#listItem\",\"name\":\"Wiadomo\\u015bci z klubu\"}}]},{\"@type\":\"Organization\",\"@id\":\"https:\\\/\\\/zastalowcy.pl\\\/#organization\",\"description\":\"O Zastalu od kibic\\u00f3w \\u2013 dla kibic\\u00f3w\",\"url\":\"https:\\\/\\\/zastalowcy.pl\\\/\",\"logo\":{\"@type\":\"ImageObject\",\"url\":\"https:\\\/\\\/zastalowcy.pl\\\/wp-content\\\/uploads\\\/2025\\\/09\\\/cropped-logo-strony-2.png\",\"@id\":\"https:\\\/\\\/zastalowcy.pl\\\/?p=726\\\/#organizationLogo\",\"width\":1862,\"height\":384},\"image\":{\"@id\":\"https:\\\/\\\/zastalowcy.pl\\\/?p=726\\\/#organizationLogo\"}},{\"@type\":\"Person\",\"@id\":\"https:\\\/\\\/zastalowcy.pl\\\/?author=3#author\",\"url\":\"https:\\\/\\\/zastalowcy.pl\\\/?author=3\",\"name\":\"Joanna Nawlicka\",\"image\":{\"@type\":\"ImageObject\",\"@id\":\"https:\\\/\\\/zastalowcy.pl\\\/?p=726#authorImage\",\"url\":\"https:\\\/\\\/secure.gravatar.com\\\/avatar\\\/66fc557d97536ff5096b6295970275631b7a4673997738477642001957f5274c?s=96&d=mm&r=g\",\"width\":96,\"height\":96,\"caption\":\"Joanna Nawlicka\"}},{\"@type\":\"WebPage\",\"@id\":\"https:\\\/\\\/zastalowcy.pl\\\/?p=726#webpage\",\"url\":\"https:\\\/\\\/zastalowcy.pl\\\/?p=726\",\"name\":\"Wsp\\u00f3lnota, niepodleg\\u0142o\\u015b\\u0107 i walka o punkty na meczu Zastalu -\",\"description\":\"Niedzielny mecz Zastalu Zielona G\\u00f3ra z Legi\\u0105 Warszawa b\\u0119dzie nie tylko sportowym wydarzeniem, ale tak\\u017ce okazj\\u0105 do wsp\\u00f3lnego \\u015bwi\\u0119towania i czynienia dobra. W hali CRS kibice po\\u0142\\u0105cz\\u0105 si\\u0142y, by uczci\\u0107 nadchodz\\u0105ce \\u015awi\\u0119to Niepodleg\\u0142o\\u015bci, wesprze\\u0107 Memoria\\u0142 Cieja oraz pom\\u00f3c Laurze Wolniewicz w jej walce o zdrowie. Wsp\\u00f3lne \\u015bwi\\u0119towanie niepodleg\\u0142o\\u015bci Klub zaprasza wszystkich kibic\\u00f3w, aby na niedzielne\",\"inLanguage\":\"pl-PL\",\"isPartOf\":{\"@id\":\"https:\\\/\\\/zastalowcy.pl\\\/#website\"},\"breadcrumb\":{\"@id\":\"https:\\\/\\\/zastalowcy.pl\\\/?p=726#breadcrumblist\"},\"author\":{\"@id\":\"https:\\\/\\\/zastalowcy.pl\\\/?author=3#author\"},\"creator\":{\"@id\":\"https:\\\/\\\/zastalowcy.pl\\\/?author=3#author\"},\"image\":{\"@type\":\"ImageObject\",\"url\":\"https:\\\/\\\/zastalowcy.pl\\\/wp-content\\\/uploads\\\/2025\\\/11\\\/profilowe-35.png\",\"@id\":\"https:\\\/\\\/zastalowcy.pl\\\/?p=726\\\/#mainImage\",\"width\":2048,\"height\":2048},\"primaryImageOfPage\":{\"@id\":\"https:\\\/\\\/zastalowcy.pl\\\/?p=726#mainImage\"},\"datePublished\":\"2025-11-09T13:13:23+01:00\",\"dateModified\":\"2025-11-09T13:13:24+01:00\"},{\"@type\":\"WebSite\",\"@id\":\"https:\\\/\\\/zastalowcy.pl\\\/#website\",\"url\":\"https:\\\/\\\/zastalowcy.pl\\\/\",\"description\":\"O Zastalu od kibic\\u00f3w \\u2013 dla kibic\\u00f3w\",\"inLanguage\":\"pl-PL\",\"publisher\":{\"@id\":\"https:\\\/\\\/zastalowcy.pl\\\/#organization\"}}]}\n\t\t<\/script>\n\t\t<!-- All in One SEO -->\n\n","aioseo_head_json":{"title":"Wsp\u00f3lnota, niepodleg\u0142o\u015b\u0107 i walka o punkty na meczu Zastalu -","description":"Niedzielny mecz Zastalu Zielona G\u00f3ra z Legi\u0105 Warszawa b\u0119dzie nie tylko sportowym wydarzeniem, ale tak\u017ce okazj\u0105 do wsp\u00f3lnego \u015bwi\u0119towania i czynienia dobra. W hali CRS kibice po\u0142\u0105cz\u0105 si\u0142y, by uczci\u0107 nadchodz\u0105ce \u015awi\u0119to Niepodleg\u0142o\u015bci, wesprze\u0107 Memoria\u0142 Cieja oraz pom\u00f3c Laurze Wolniewicz w jej walce o zdrowie. Wsp\u00f3lne \u015bwi\u0119towanie niepodleg\u0142o\u015bci Klub zaprasza wszystkich kibic\u00f3w, aby na niedzielne","canonical_url":"https:\/\/zastalowcy.pl\/?p=726","robots":"max-image-preview:large","keywords":"","webmasterTools":{"miscellaneous":""},"schema":{"@context":"https:\/\/schema.org","@graph":[{"@type":"BlogPosting","@id":"https:\/\/zastalowcy.pl\/?p=726#blogposting","name":"Wsp\u00f3lnota, niepodleg\u0142o\u015b\u0107 i walka o punkty na meczu Zastalu -","headline":"Wsp\u00f3lnota, niepodleg\u0142o\u015b\u0107 i walka o punkty na meczu Zastalu","author":{"@id":"https:\/\/zastalowcy.pl\/?author=3#author"},"publisher":{"@id":"https:\/\/zastalowcy.pl\/#organization"},"image":{"@type":"ImageObject","url":"https:\/\/zastalowcy.pl\/wp-content\/uploads\/2025\/11\/profilowe-35.png","width":2048,"height":2048},"datePublished":"2025-11-09T13:13:23+01:00","dateModified":"2025-11-09T13:13:24+01:00","inLanguage":"pl-PL","mainEntityOfPage":{"@id":"https:\/\/zastalowcy.pl\/?p=726#webpage"},"isPartOf":{"@id":"https:\/\/zastalowcy.pl\/?p=726#webpage"},"articleSection":"Aktualno\u015bci, Sezon 2025\/2026, Wiadomo\u015bci z klubu, 11 listopada, basketzg, bia\u0142o-czerwoni, dru\u017cyna, flaga, koszykarze, koszyk\u00f3wka, Memoria\u0142 Cieja, pi\u0142karze, \u015bwi\u0119to niepodleg\u0142o\u015bci, zastal, zastal zielona g\u00f3ra, zastalowcy, zielona g\u00f3ra, zielonagora, zielonog\u00f3rska koszyk\u00f3wka"},{"@type":"BreadcrumbList","@id":"https:\/\/zastalowcy.pl\/?p=726#breadcrumblist","itemListElement":[{"@type":"ListItem","@id":"https:\/\/zastalowcy.pl#listItem","position":1,"name":"Home","item":"https:\/\/zastalowcy.pl","nextItem":{"@type":"ListItem","@id":"https:\/\/zastalowcy.pl\/?cat=8#listItem","name":"Wiadomo\u015bci z klubu"}},{"@type":"ListItem","@id":"https:\/\/zastalowcy.pl\/?cat=8#listItem","position":2,"name":"Wiadomo\u015bci z klubu","item":"https:\/\/zastalowcy.pl\/?cat=8","nextItem":{"@type":"ListItem","@id":"https:\/\/zastalowcy.pl\/?p=726#listItem","name":"Wsp\u00f3lnota, niepodleg\u0142o\u015b\u0107 i walka o punkty na meczu Zastalu"},"previousItem":{"@type":"ListItem","@id":"https:\/\/zastalowcy.pl#listItem","name":"Home"}},{"@type":"ListItem","@id":"https:\/\/zastalowcy.pl\/?p=726#listItem","position":3,"name":"Wsp\u00f3lnota, niepodleg\u0142o\u015b\u0107 i walka o punkty na meczu Zastalu","previousItem":{"@type":"ListItem","@id":"https:\/\/zastalowcy.pl\/?cat=8#listItem","name":"Wiadomo\u015bci z klubu"}}]},{"@type":"Organization","@id":"https:\/\/zastalowcy.pl\/#organization","description":"O Zastalu od kibic\u00f3w \u2013 dla kibic\u00f3w","url":"https:\/\/zastalowcy.pl\/","logo":{"@type":"ImageObject","url":"https:\/\/zastalowcy.pl\/wp-content\/uploads\/2025\/09\/cropped-logo-strony-2.png","@id":"https:\/\/zastalowcy.pl\/?p=726\/#organizationLogo","width":1862,"height":384},"image":{"@id":"https:\/\/zastalowcy.pl\/?p=726\/#organizationLogo"}},{"@type":"Person","@id":"https:\/\/zastalowcy.pl\/?author=3#author","url":"https:\/\/zastalowcy.pl\/?author=3","name":"Joanna Nawlicka","image":{"@type":"ImageObject","@id":"https:\/\/zastalowcy.pl\/?p=726#authorImage","url":"https:\/\/secure.gravatar.com\/avatar\/66fc557d97536ff5096b6295970275631b7a4673997738477642001957f5274c?s=96&d=mm&r=g","width":96,"height":96,"caption":"Joanna Nawlicka"}},{"@type":"WebPage","@id":"https:\/\/zastalowcy.pl\/?p=726#webpage","url":"https:\/\/zastalowcy.pl\/?p=726","name":"Wsp\u00f3lnota, niepodleg\u0142o\u015b\u0107 i walka o punkty na meczu Zastalu -","description":"Niedzielny mecz Zastalu Zielona G\u00f3ra z Legi\u0105 Warszawa b\u0119dzie nie tylko sportowym wydarzeniem, ale tak\u017ce okazj\u0105 do wsp\u00f3lnego \u015bwi\u0119towania i czynienia dobra. W hali CRS kibice po\u0142\u0105cz\u0105 si\u0142y, by uczci\u0107 nadchodz\u0105ce \u015awi\u0119to Niepodleg\u0142o\u015bci, wesprze\u0107 Memoria\u0142 Cieja oraz pom\u00f3c Laurze Wolniewicz w jej walce o zdrowie. Wsp\u00f3lne \u015bwi\u0119towanie niepodleg\u0142o\u015bci Klub zaprasza wszystkich kibic\u00f3w, aby na niedzielne","inLanguage":"pl-PL","isPartOf":{"@id":"https:\/\/zastalowcy.pl\/#website"},"breadcrumb":{"@id":"https:\/\/zastalowcy.pl\/?p=726#breadcrumblist"},"author":{"@id":"https:\/\/zastalowcy.pl\/?author=3#author"},"creator":{"@id":"https:\/\/zastalowcy.pl\/?author=3#author"},"image":{"@type":"ImageObject","url":"https:\/\/zastalowcy.pl\/wp-content\/uploads\/2025\/11\/profilowe-35.png","@id":"https:\/\/zastalowcy.pl\/?p=726\/#mainImage","width":2048,"height":2048},"primaryImageOfPage":{"@id":"https:\/\/zastalowcy.pl\/?p=726#mainImage"},"datePublished":"2025-11-09T13:13:23+01:00","dateModified":"2025-11-09T13:13:24+01:00"},{"@type":"WebSite","@id":"https:\/\/zastalowcy.pl\/#website","url":"https:\/\/zastalowcy.pl\/","description":"O Zastalu od kibic\u00f3w \u2013 dla kibic\u00f3w","inLanguage":"pl-PL","publisher":{"@id":"https:\/\/zastalowcy.pl\/#organization"}}]},"og:locale":"pl_PL","og:site_name":"- O Zastalu od kibic\u00f3w \u2013 dla kibic\u00f3w","og:type":"article","og:title":"Wsp\u00f3lnota, niepodleg\u0142o\u015b\u0107 i walka o punkty na meczu Zastalu -","og:description":"Niedzielny mecz Zastalu Zielona G\u00f3ra z Legi\u0105 Warszawa b\u0119dzie nie tylko sportowym wydarzeniem, ale tak\u017ce okazj\u0105 do wsp\u00f3lnego \u015bwi\u0119towania i czynienia dobra. W hali CRS kibice po\u0142\u0105cz\u0105 si\u0142y, by uczci\u0107 nadchodz\u0105ce \u015awi\u0119to Niepodleg\u0142o\u015bci, wesprze\u0107 Memoria\u0142 Cieja oraz pom\u00f3c Laurze Wolniewicz w jej walce o zdrowie. Wsp\u00f3lne \u015bwi\u0119towanie niepodleg\u0142o\u015bci Klub zaprasza wszystkich kibic\u00f3w, aby na niedzielne","og:url":"https:\/\/zastalowcy.pl\/?p=726","og:image":"https:\/\/zastalowcy.pl\/wp-content\/uploads\/2025\/09\/cropped-logo-strony-2.png","og:image:secure_url":"https:\/\/zastalowcy.pl\/wp-content\/uploads\/2025\/09\/cropped-logo-strony-2.png","og:image:width":1862,"og:image:height":384,"article:published_time":"2025-11-09T12:13:23+00:00","article:modified_time":"2025-11-09T12:13:24+00:00","twitter:card":"summary_large_image","twitter:title":"Wsp\u00f3lnota, niepodleg\u0142o\u015b\u0107 i walka o punkty na meczu Zastalu -","twitter:description":"Niedzielny mecz Zastalu Zielona G\u00f3ra z Legi\u0105 Warszawa b\u0119dzie nie tylko sportowym wydarzeniem, ale tak\u017ce okazj\u0105 do wsp\u00f3lnego \u015bwi\u0119towania i czynienia dobra. W hali CRS kibice po\u0142\u0105cz\u0105 si\u0142y, by uczci\u0107 nadchodz\u0105ce \u015awi\u0119to Niepodleg\u0142o\u015bci, wesprze\u0107 Memoria\u0142 Cieja oraz pom\u00f3c Laurze Wolniewicz w jej walce o zdrowie. Wsp\u00f3lne \u015bwi\u0119towanie niepodleg\u0142o\u015bci Klub zaprasza wszystkich kibic\u00f3w, aby na niedzielne","twitter:image":"https:\/\/zastalowcy.pl\/wp-content\/uploads\/2025\/09\/cropped-logo-strony-2.png"},"aioseo_meta_data":{"post_id":"726","title":null,"description":null,"keywords":null,"keyphrases":null,"primary_term":null,"canonical_url":null,"og_title":null,"og_description":null,"og_object_type":"default","og_image_type":"default","og_image_custom_url":null,"og_image_custom_fields":null,"og_image_url":null,"og_image_width":null,"og_image_height":null,"og_video":null,"og_custom_url":null,"og_article_section":null,"og_article_tags":null,"twitter_use_og":false,"twitter_card":"default","twitter_image_type":"default","twitter_image_custom_url":null,"twitter_image_custom_fields":null,"twitter_image_url":null,"twitter_title":null,"twitter_description":null,"schema_type":"default","schema_type_options":null,"schema":{"blockGraphs":[],"customGraphs":[],"default":{"data":{"Article":[],"Course":[],"Dataset":[],"FAQPage":[],"Movie":[],"Person":[],"Product":[],"ProductReview":[],"Car":[],"Recipe":[],"Service":[],"SoftwareApplication":[],"WebPage":[]},"graphName":"","isEnabled":true},"graphs":[]},"pillar_content":false,"robots_default":true,"robots_noindex":false,"robots_noarchive":false,"robots_nosnippet":false,"robots_nofollow":false,"robots_noimageindex":false,"robots_noodp":false,"robots_notranslate":false,"robots_max_snippet":null,"robots_max_videopreview":null,"robots_max_imagepreview":"large","priority":null,"frequency":null,"local_seo":null,"limit_modified_date":false,"ai":null,"breadcrumb_settings":null,"seo_analyzer_scan_date":null,"created":"2026-07-15 16:41:18","updated":"2026-07-15 16:41:18","focus_keyword":null,"additional_keywords":null,"truseo_locale":null},"aioseo_breadcrumb":"<div class=\"aioseo-breadcrumbs\"><span class=\"aioseo-breadcrumb\">\n\t\t\t<a href=\"https:\/\/zastalowcy.pl\" title=\"Home\">Home<\/a>\n\t\t<\/span><span class=\"aioseo-breadcrumb-separator\">&raquo;<\/span><span class=\"aioseo-breadcrumb\">\n\t\t\t<a href=\"https:\/\/zastalowcy.pl\/?cat=8\" title=\"Wiadomo\u015bci z klubu\">Wiadomo\u015bci z klubu<\/a>\n\t\t<\/span><span class=\"aioseo-breadcrumb-separator\">&raquo;<\/span><span class=\"aioseo-breadcrumb\">\n\t\t\tWsp\u00f3lnota, niepodleg\u0142o\u015b\u0107 i walka o punkty na meczu Zastalu\n\t\t<\/span><\/div>","aioseo_breadcrumb_json":[{"label":"Home","link":"https:\/\/zastalowcy.pl"},{"label":"Wiadomo\u015bci z klubu","link":"https:\/\/zastalowcy.pl\/?cat=8"},{"label":"Wsp\u00f3lnota, niepodleg\u0142o\u015b\u0107 i walka o punkty na meczu Zastalu","link":"https:\/\/zastalowcy.pl\/?p=726"}],"_links":{"self":[{"href":"https:\/\/zastalowcy.pl\/index.php?rest_route=\/wp\/v2\/posts\/726","targetHints":{"allow":["GET"]}}],"collection":[{"href":"https:\/\/zastalowcy.pl\/index.php?rest_route=\/wp\/v2\/posts"}],"about":[{"href":"https:\/\/zastalowcy.pl\/index.php?rest_route=\/wp\/v2\/types\/post"}],"author":[{"embeddable":true,"href":"https:\/\/zastalowcy.pl\/index.php?rest_route=\/wp\/v2\/users\/3"}],"replies":[{"embeddable":true,"href":"https:\/\/zastalowcy.pl\/index.php?rest_route=%2Fwp%2Fv2%2Fcomments&post=726"}],"version-history":[{"count":1,"href":"https:\/\/zastalowcy.pl\/index.php?rest_route=\/wp\/v2\/posts\/726\/revisions"}],"predecessor-version":[{"id":728,"href":"https:\/\/zastalowcy.pl\/index.php?rest_route=\/wp\/v2\/posts\/726\/revisions\/728"}],"wp:featuredmedia":[{"embeddable":true,"href":"https:\/\/zastalowcy.pl\/index.php?rest_route=\/wp\/v2\/media\/727"}],"wp:attachment":[{"href":"https:\/\/zastalowcy.pl\/index.php?rest_route=%2Fwp%2Fv2%2Fmedia&parent=726"}],"wp:term":[{"taxonomy":"category","embeddable":true,"href":"https:\/\/zastalowcy.pl\/index.php?rest_route=%2Fwp%2Fv2%2Fcategories&post=726"},{"taxonomy":"post_tag","embeddable":true,"href":"https:\/\/zastalowcy.pl\/index.php?rest_route=%2Fwp%2Fv2%2Ftags&post=726"}],"curies":[{"name":"wp","href":"https:\/\/api.w.org\/{rel}","templated":true}]}}